{"id":29691,"date":"2024-03-05T05:05:00","date_gmt":"2024-03-05T10:05:00","guid":{"rendered":"https:\/\/latamobility.com\/?p=29691"},"modified":"2024-03-05T09:37:25","modified_gmt":"2024-03-05T14:37:25","slug":"brazil-electric-vehicles-for-airport-security","status":"publish","type":"post","link":"https:\/\/latamobility.com\/en\/brazil-electric-vehicles-for-airport-security\/","title":{"rendered":"Brazil: Electric Vehicles for Airport Security"},"content":{"rendered":"\n<p>Porto Itapo\u00e1, Brasil, en colaboraci\u00f3n con la empresa de vigilancia Segurpro, <strong>adopt\u00f3 veh\u00edculos el\u00e9ctricos para realizar patrullajes de seguridad motorizados en las instalaciones de la Terminal.<\/strong><\/p>\n\n<p>El gerente de Seguridad Portuaria de Porto Itapo\u00e1, <strong>Jos\u00e9 Aur\u00e9lio Kalfeld<\/strong>, se\u00f1al\u00f3 que adem\u00e1s de los beneficios medioambientales, con la importante reducci\u00f3n de las emisiones de carbono, <strong>el veh\u00edculo 100% el\u00e9ctrico tendr\u00e1 sus bater\u00edas recargadas en las propias instalaciones del Porto, eliminando la necesidad de desplazarse a las gasolineras\u201d.<\/strong><\/p>\n\n<p><strong>\u201cEl hecho de recargar el veh\u00edculo dentro del propio puerto tiene un impacto importante en la eficiencia operativa, ya que se evitan riesgos relacionados con los desplazamientos a la gasolinera. Adem\u00e1s, no contaremos con la ausencia de un profesional de vigilancia en la Terminal, lo que ocurrir\u00eda durante el periodo de suministro\u201d,<\/strong> acot\u00f3.<\/p>\n\n<figure class=\"wp-block-image size-full is-resized\"><img fetchpriority=\"high\" decoding=\"async\" width=\"534\" height=\"297\" src=\"https:\/\/latamobility.com\/wp-content\/uploads\/2024\/03\/Captura-de-pantalla-2024-03-01-162932.png\" alt=\"\" class=\"wp-image-29684\" style=\"width:733px;height:auto\" srcset=\"https:\/\/latamobility.com\/wp-content\/uploads\/2024\/03\/Captura-de-pantalla-2024-03-01-162932.png 534w, https:\/\/latamobility.com\/wp-content\/uploads\/2024\/03\/Captura-de-pantalla-2024-03-01-162932-300x167.png 300w\" sizes=\"(max-width: 534px) 100vw, 534px\" \/><figcaption class=\"wp-element-caption\">Puerto Itapo\u00e1<\/figcaption><\/figure>\n\n<p><strong>Lee tambi\u00e9n:<\/strong> <a href=\"https:\/\/latamobility.com\/abve-y-latam-mobility-firman-acuerdo-para-impulsar-la-movilidad-sostenible\/\"><strong>ABVE y Latam Mobility firman acuerdo para impulsar la movilidad sostenible\u00a0en\u00a0Brasil<\/strong><\/a><\/p>\n\n<h2 class=\"wp-block-heading\" id=\"h-palmares\"><strong>Palmar\u00e9s<\/strong><\/h2>\n\n<p>De acuerdo con <em>Portal Portuario<\/em>, el puerto gan\u00f3 por segunda vez, en 2023, el Sello de Oro del <strong>GHG Protocol<\/strong>, programa implementado en Brasil por el <strong>Centro de Estudios de Sostenibilidad de la Fundaci\u00f3n Get\u00falio Vargas<\/strong> (FGVces) en colaboraci\u00f3n con el Ministerio del Medio Ambiente.<\/p>\n\n<p>Adem\u00e1s, adquiri\u00f3 nuevos <strong>RTG <\/strong>aut\u00f3nomos -ser\u00e1 la primera terminal de Sudam\u00e9rica en operarlos- que consumen hasta tres veces menos combustible que los convencionales. En total, en 2023 se invirtieron m\u00e1s de USD 40 millones en este equipo.<\/p>\n\n<p>Asimismo, el a\u00f1o anterior, <strong>Porto Itapo\u00e1<\/strong> cambi\u00f3 su pol\u00edtica de adquisici\u00f3n de energ\u00eda en el sistema nacional, optando por consumir, en los nuevos contratos, \u00fanicamente energ\u00eda procedente de fuentes renovables.<\/p>\n\n<p>La transacci\u00f3n est\u00e1 certificada por I-REC(e), un sistema global de seguimiento de atributos de energ\u00eda renovable dise\u00f1ado para facilitar una contabilidad confiable de la energ\u00eda renovable atribuida al consumidor.<\/p>\n\n<h2 class=\"wp-block-heading\" id=\"h-latam-mobility\"><strong>Latam Mobility<\/strong><\/h2>\n\n<p><strong>Latam Mobility,<\/strong> la comunidad de movilidad sostenible m\u00e1s grande de Am\u00e9rica Latina, llegar\u00e1 nuevamente a Brasil para su encuentro en 2024.<\/p>\n\n<p>Ser\u00e1n dos jornadas, los d\u00edas <strong>1 y 2 de julio<\/strong>, que reunir\u00e1n a los l\u00edderes de la industria m\u00e1s destacados, junto a personalidades del sector p\u00fablico, para ofrecer sus perspectivas acerca de los avances en movilidad sostenible, electromovilidad y sostenibilidad.<\/p>\n\n<p>M\u00e1s informaci\u00f3n sobre el encuentro y participaci\u00f3n <a href=\"https:\/\/live.eventtia.com\/es\/latammobilitybrasil2024\/HOME\"><strong>aqu\u00ed<\/strong><\/a><\/p>\n","protected":false},"excerpt":{"rendered":"<p>Porto Itapo\u00e1, Brasil, en colaboraci\u00f3n con la empresa de vigilancia Segurpro, adopt\u00f3 veh\u00edculos el\u00e9ctricos para realizar patrullajes de seguridad motorizados en las instalaciones de la Terminal. El gerente de Seguridad Portuaria de Porto Itapo\u00e1, Jos\u00e9 Aur\u00e9lio Kalfeld, se\u00f1al\u00f3 que adem\u00e1s de los beneficios medioambientales, con la importante reducci\u00f3n de las emisiones de carbono, el veh\u00edculo&#8230;<\/p>\n","protected":false},"author":10,"featured_media":29740,"comment_status":"open","ping_status":"closed","sticky":false,"template":"","format":"standard","meta":{"_kad_post_transparent":"","_kad_post_title":"","_kad_post_layout":"","_kad_post_sidebar_id":"","_kad_post_content_style":"","_kad_post_vertical_padding":"","_kad_post_feature":"","_kad_post_feature_position":"","_kad_post_header":false,"_kad_post_footer":false,"_kad_post_classname":"","footnotes":""},"categories":[2057],"tags":[1281,1489],"class_list":["post-29691","post","type-post","status-publish","format-standard","has-post-thumbnail","hentry","category-pubic-sector","tag-electric-mobility","tag-sustainability"],"yoast_head":"<!-- This site is optimized with the Yoast SEO Premium plugin v22.7 (Yoast SEO v27.4) - https:\/\/yoast.com\/product\/yoast-seo-premium-wordpress\/ -->\n<title>Brazil: Electric Vehicles for Airport Security - Latam Mobility<\/title>\n<meta name=\"description\" content=\"Porto Itapo\u00e1, Brazil, in partnership with the security company Segurpro, has adopted electric vehicles to carry out motorized security patrols\" \/>\n<meta name=\"robots\" content=\"index, follow, max-snippet:-1, max-image-preview:large, max-video-preview:-1\" \/>\n<link rel=\"canonical\" href=\"https:\/\/latamobility.com\/en\/brazil-electric-vehicles-for-airport-security\/\" \/>\n<meta property=\"og:locale\" content=\"en_US\" \/>\n<meta property=\"og:type\" content=\"article\" \/>\n<meta property=\"og:title\" content=\"Brazil: Electric Vehicles for Airport Security\" \/>\n<meta property=\"og:description\" content=\"Porto Itapo\u00e1, Brazil, in partnership with the security company Segurpro, has adopted electric vehicles to carry out motorized security patrols\" \/>\n<meta property=\"og:url\" content=\"https:\/\/latamobility.com\/en\/brazil-electric-vehicles-for-airport-security\/\" \/>\n<meta property=\"og:site_name\" content=\"Latam Mobility\" \/>\n<meta property=\"article:publisher\" content=\"https:\/\/www.facebook.com\/latamobility\/\" \/>\n<meta property=\"article:published_time\" content=\"2024-03-05T10:05:00+00:00\" \/>\n<meta property=\"article:modified_time\" content=\"2024-03-05T14:37:25+00:00\" \/>\n<meta property=\"og:image\" content=\"https:\/\/latamobility.com\/wp-content\/uploads\/2024\/03\/Captura-de-pantalla-2024-03-01-162905.png\" \/>\n\t<meta property=\"og:image:width\" content=\"419\" \/>\n\t<meta property=\"og:image:height\" content=\"311\" \/>\n\t<meta property=\"og:image:type\" content=\"image\/png\" \/>\n<meta name=\"author\" content=\"Antonio Vilela\" \/>\n<meta name=\"twitter:card\" content=\"summary_large_image\" \/>\n<meta name=\"twitter:title\" content=\"Brazil: Electric Vehicles for Airport Security\" \/>\n<meta name=\"twitter:description\" content=\"Porto Itapo\u00e1, Brazil, in partnership with the security company Segurpro, has adopted electric vehicles to carry out motorized security patrols\" \/>\n<meta name=\"twitter:creator\" content=\"@LataMobility\" \/>\n<meta name=\"twitter:site\" content=\"@LataMobility\" \/>\n<meta name=\"twitter:label1\" content=\"Written by\" \/>\n\t<meta name=\"twitter:data1\" content=\"Antonio Vilela\" \/>\n\t<meta name=\"twitter:label2\" content=\"Est. reading time\" \/>\n\t<meta name=\"twitter:data2\" content=\"2 minutes\" \/>\n<script type=\"application\/ld+json\" class=\"yoast-schema-graph\">{\"@context\":\"https:\\\/\\\/schema.org\",\"@graph\":[{\"@type\":\"Article\",\"@id\":\"https:\\\/\\\/latamobility.com\\\/en\\\/brazil-electric-vehicles-for-airport-security\\\/#article\",\"isPartOf\":{\"@id\":\"https:\\\/\\\/latamobility.com\\\/en\\\/brazil-electric-vehicles-for-airport-security\\\/\"},\"author\":{\"name\":\"Antonio Vilela\",\"@id\":\"https:\\\/\\\/latamobility.com\\\/#\\\/schema\\\/person\\\/fda092a2de1f87d347784282908bad1a\"},\"headline\":\"Brazil: Electric Vehicles for Airport Security\",\"datePublished\":\"2024-03-05T10:05:00+00:00\",\"dateModified\":\"2024-03-05T14:37:25+00:00\",\"mainEntityOfPage\":{\"@id\":\"https:\\\/\\\/latamobility.com\\\/en\\\/brazil-electric-vehicles-for-airport-security\\\/\"},\"wordCount\":400,\"commentCount\":0,\"publisher\":{\"@id\":\"https:\\\/\\\/latamobility.com\\\/#organization\"},\"image\":{\"@id\":\"https:\\\/\\\/latamobility.com\\\/en\\\/brazil-electric-vehicles-for-airport-security\\\/#primaryimage\"},\"thumbnailUrl\":\"https:\\\/\\\/latamobility.com\\\/wp-content\\\/uploads\\\/2024\\\/03\\\/imageedit_1_3593499836.png\",\"keywords\":[\"ELECTRIC MOBILITY\",\"Sustainability\"],\"articleSection\":[\"Public Sector\"],\"inLanguage\":\"en-US\",\"potentialAction\":[{\"@type\":\"CommentAction\",\"name\":\"Comment\",\"target\":[\"https:\\\/\\\/latamobility.com\\\/en\\\/brazil-electric-vehicles-for-airport-security\\\/#respond\"]}]},{\"@type\":\"WebPage\",\"@id\":\"https:\\\/\\\/latamobility.com\\\/en\\\/brazil-electric-vehicles-for-airport-security\\\/\",\"url\":\"https:\\\/\\\/latamobility.com\\\/en\\\/brazil-electric-vehicles-for-airport-security\\\/\",\"name\":\"Brazil: Electric Vehicles for Airport Security - Latam Mobility\",\"isPartOf\":{\"@id\":\"https:\\\/\\\/latamobility.com\\\/#website\"},\"primaryImageOfPage\":{\"@id\":\"https:\\\/\\\/latamobility.com\\\/en\\\/brazil-electric-vehicles-for-airport-security\\\/#primaryimage\"},\"image\":{\"@id\":\"https:\\\/\\\/latamobility.com\\\/en\\\/brazil-electric-vehicles-for-airport-security\\\/#primaryimage\"},\"thumbnailUrl\":\"https:\\\/\\\/latamobility.com\\\/wp-content\\\/uploads\\\/2024\\\/03\\\/imageedit_1_3593499836.png\",\"datePublished\":\"2024-03-05T10:05:00+00:00\",\"dateModified\":\"2024-03-05T14:37:25+00:00\",\"description\":\"Porto Itapo\u00e1, Brazil, in partnership with the security company Segurpro, has adopted electric vehicles to carry out motorized security patrols\",\"breadcrumb\":{\"@id\":\"https:\\\/\\\/latamobility.com\\\/en\\\/brazil-electric-vehicles-for-airport-security\\\/#breadcrumb\"},\"inLanguage\":\"en-US\",\"potentialAction\":[{\"@type\":\"ReadAction\",\"target\":[\"https:\\\/\\\/latamobility.com\\\/en\\\/brazil-electric-vehicles-for-airport-security\\\/\"]}]},{\"@type\":\"ImageObject\",\"inLanguage\":\"en-US\",\"@id\":\"https:\\\/\\\/latamobility.com\\\/en\\\/brazil-electric-vehicles-for-airport-security\\\/#primaryimage\",\"url\":\"https:\\\/\\\/latamobility.com\\\/wp-content\\\/uploads\\\/2024\\\/03\\\/imageedit_1_3593499836.png\",\"contentUrl\":\"https:\\\/\\\/latamobility.com\\\/wp-content\\\/uploads\\\/2024\\\/03\\\/imageedit_1_3593499836.png\",\"width\":1692,\"height\":1200,\"caption\":\"Porto Itapo\u00e1\"},{\"@type\":\"BreadcrumbList\",\"@id\":\"https:\\\/\\\/latamobility.com\\\/en\\\/brazil-electric-vehicles-for-airport-security\\\/#breadcrumb\",\"itemListElement\":[{\"@type\":\"ListItem\",\"position\":1,\"name\":\"Portada\",\"item\":\"https:\\\/\\\/latamobility.com\\\/\"},{\"@type\":\"ListItem\",\"position\":2,\"name\":\"Brazil: Electric Vehicles for Airport Security\"}]},{\"@type\":\"WebSite\",\"@id\":\"https:\\\/\\\/latamobility.com\\\/#website\",\"url\":\"https:\\\/\\\/latamobility.com\\\/\",\"name\":\"Latam Mobility\",\"description\":\"Summit Series to promote Sustainable Mobility and Transport in Latin America\",\"publisher\":{\"@id\":\"https:\\\/\\\/latamobility.com\\\/#organization\"},\"potentialAction\":[{\"@type\":\"SearchAction\",\"target\":{\"@type\":\"EntryPoint\",\"urlTemplate\":\"https:\\\/\\\/latamobility.com\\\/?s={search_term_string}\"},\"query-input\":{\"@type\":\"PropertyValueSpecification\",\"valueRequired\":true,\"valueName\":\"search_term_string\"}}],\"inLanguage\":\"en-US\"},{\"@type\":\"Organization\",\"@id\":\"https:\\\/\\\/latamobility.com\\\/#organization\",\"name\":\"LATAM MOBILITY\",\"url\":\"https:\\\/\\\/latamobility.com\\\/\",\"logo\":{\"@type\":\"ImageObject\",\"inLanguage\":\"en-US\",\"@id\":\"https:\\\/\\\/latamobility.com\\\/#\\\/schema\\\/logo\\\/image\\\/\",\"url\":\"https:\\\/\\\/latamobility.com\\\/wp-content\\\/uploads\\\/2025\\\/01\\\/logos-LM-LG-2025-10.png\",\"contentUrl\":\"https:\\\/\\\/latamobility.com\\\/wp-content\\\/uploads\\\/2025\\\/01\\\/logos-LM-LG-2025-10.png\",\"width\":1080,\"height\":1080,\"caption\":\"LATAM MOBILITY\"},\"image\":{\"@id\":\"https:\\\/\\\/latamobility.com\\\/#\\\/schema\\\/logo\\\/image\\\/\"},\"sameAs\":[\"https:\\\/\\\/www.facebook.com\\\/latamobility\\\/\",\"https:\\\/\\\/x.com\\\/LataMobility\",\"https:\\\/\\\/www.instagram.com\\\/latamobility\\\/\",\"https:\\\/\\\/www.linkedin.com\\\/company\\\/latamobility\\\/\",\"https:\\\/\\\/www.youtube.com\\\/channel\\\/UCtcslRCRY0vITWaOQ1X0XUA\"]},{\"@type\":\"Person\",\"@id\":\"https:\\\/\\\/latamobility.com\\\/#\\\/schema\\\/person\\\/fda092a2de1f87d347784282908bad1a\",\"name\":\"Antonio Vilela\",\"image\":{\"@type\":\"ImageObject\",\"inLanguage\":\"en-US\",\"@id\":\"https:\\\/\\\/secure.gravatar.com\\\/avatar\\\/7eee8196fd2fda180806d7b41cd517f274d5ad3b9f65d873feb3ca7e2b3a72d2?s=96&d=mm&r=g\",\"url\":\"https:\\\/\\\/secure.gravatar.com\\\/avatar\\\/7eee8196fd2fda180806d7b41cd517f274d5ad3b9f65d873feb3ca7e2b3a72d2?s=96&d=mm&r=g\",\"contentUrl\":\"https:\\\/\\\/secure.gravatar.com\\\/avatar\\\/7eee8196fd2fda180806d7b41cd517f274d5ad3b9f65d873feb3ca7e2b3a72d2?s=96&d=mm&r=g\",\"caption\":\"Antonio Vilela\"}}]}<\/script>\n<!-- \/ Yoast SEO Premium plugin. -->","yoast_head_json":{"title":"Brazil: Electric Vehicles for Airport Security - Latam Mobility","description":"Porto Itapo\u00e1, Brazil, in partnership with the security company Segurpro, has adopted electric vehicles to carry out motorized security patrols","robots":{"index":"index","follow":"follow","max-snippet":"max-snippet:-1","max-image-preview":"max-image-preview:large","max-video-preview":"max-video-preview:-1"},"canonical":"https:\/\/latamobility.com\/en\/brazil-electric-vehicles-for-airport-security\/","og_locale":"en_US","og_type":"article","og_title":"Brazil: Electric Vehicles for Airport Security","og_description":"Porto Itapo\u00e1, Brazil, in partnership with the security company Segurpro, has adopted electric vehicles to carry out motorized security patrols","og_url":"https:\/\/latamobility.com\/en\/brazil-electric-vehicles-for-airport-security\/","og_site_name":"Latam Mobility","article_publisher":"https:\/\/www.facebook.com\/latamobility\/","article_published_time":"2024-03-05T10:05:00+00:00","article_modified_time":"2024-03-05T14:37:25+00:00","og_image":[{"width":419,"height":311,"url":"https:\/\/latamobility.com\/wp-content\/uploads\/2024\/03\/Captura-de-pantalla-2024-03-01-162905.png","type":"image\/png"}],"author":"Antonio Vilela","twitter_card":"summary_large_image","twitter_title":"Brazil: Electric Vehicles for Airport Security","twitter_description":"Porto Itapo\u00e1, Brazil, in partnership with the security company Segurpro, has adopted electric vehicles to carry out motorized security patrols","twitter_creator":"@LataMobility","twitter_site":"@LataMobility","twitter_misc":{"Written by":"Antonio Vilela","Est. reading time":"2 minutes"},"schema":{"@context":"https:\/\/schema.org","@graph":[{"@type":"Article","@id":"https:\/\/latamobility.com\/en\/brazil-electric-vehicles-for-airport-security\/#article","isPartOf":{"@id":"https:\/\/latamobility.com\/en\/brazil-electric-vehicles-for-airport-security\/"},"author":{"name":"Antonio Vilela","@id":"https:\/\/latamobility.com\/#\/schema\/person\/fda092a2de1f87d347784282908bad1a"},"headline":"Brazil: Electric Vehicles for Airport Security","datePublished":"2024-03-05T10:05:00+00:00","dateModified":"2024-03-05T14:37:25+00:00","mainEntityOfPage":{"@id":"https:\/\/latamobility.com\/en\/brazil-electric-vehicles-for-airport-security\/"},"wordCount":400,"commentCount":0,"publisher":{"@id":"https:\/\/latamobility.com\/#organization"},"image":{"@id":"https:\/\/latamobility.com\/en\/brazil-electric-vehicles-for-airport-security\/#primaryimage"},"thumbnailUrl":"https:\/\/latamobility.com\/wp-content\/uploads\/2024\/03\/imageedit_1_3593499836.png","keywords":["ELECTRIC MOBILITY","Sustainability"],"articleSection":["Public Sector"],"inLanguage":"en-US","potentialAction":[{"@type":"CommentAction","name":"Comment","target":["https:\/\/latamobility.com\/en\/brazil-electric-vehicles-for-airport-security\/#respond"]}]},{"@type":"WebPage","@id":"https:\/\/latamobility.com\/en\/brazil-electric-vehicles-for-airport-security\/","url":"https:\/\/latamobility.com\/en\/brazil-electric-vehicles-for-airport-security\/","name":"Brazil: Electric Vehicles for Airport Security - Latam Mobility","isPartOf":{"@id":"https:\/\/latamobility.com\/#website"},"primaryImageOfPage":{"@id":"https:\/\/latamobility.com\/en\/brazil-electric-vehicles-for-airport-security\/#primaryimage"},"image":{"@id":"https:\/\/latamobility.com\/en\/brazil-electric-vehicles-for-airport-security\/#primaryimage"},"thumbnailUrl":"https:\/\/latamobility.com\/wp-content\/uploads\/2024\/03\/imageedit_1_3593499836.png","datePublished":"2024-03-05T10:05:00+00:00","dateModified":"2024-03-05T14:37:25+00:00","description":"Porto Itapo\u00e1, Brazil, in partnership with the security company Segurpro, has adopted electric vehicles to carry out motorized security patrols","breadcrumb":{"@id":"https:\/\/latamobility.com\/en\/brazil-electric-vehicles-for-airport-security\/#breadcrumb"},"inLanguage":"en-US","potentialAction":[{"@type":"ReadAction","target":["https:\/\/latamobility.com\/en\/brazil-electric-vehicles-for-airport-security\/"]}]},{"@type":"ImageObject","inLanguage":"en-US","@id":"https:\/\/latamobility.com\/en\/brazil-electric-vehicles-for-airport-security\/#primaryimage","url":"https:\/\/latamobility.com\/wp-content\/uploads\/2024\/03\/imageedit_1_3593499836.png","contentUrl":"https:\/\/latamobility.com\/wp-content\/uploads\/2024\/03\/imageedit_1_3593499836.png","width":1692,"height":1200,"caption":"Porto Itapo\u00e1"},{"@type":"BreadcrumbList","@id":"https:\/\/latamobility.com\/en\/brazil-electric-vehicles-for-airport-security\/#breadcrumb","itemListElement":[{"@type":"ListItem","position":1,"name":"Portada","item":"https:\/\/latamobility.com\/"},{"@type":"ListItem","position":2,"name":"Brazil: Electric Vehicles for Airport Security"}]},{"@type":"WebSite","@id":"https:\/\/latamobility.com\/#website","url":"https:\/\/latamobility.com\/","name":"Latam Mobility","description":"Summit Series to promote Sustainable Mobility and Transport in Latin America","publisher":{"@id":"https:\/\/latamobility.com\/#organization"},"potentialAction":[{"@type":"SearchAction","target":{"@type":"EntryPoint","urlTemplate":"https:\/\/latamobility.com\/?s={search_term_string}"},"query-input":{"@type":"PropertyValueSpecification","valueRequired":true,"valueName":"search_term_string"}}],"inLanguage":"en-US"},{"@type":"Organization","@id":"https:\/\/latamobility.com\/#organization","name":"LATAM MOBILITY","url":"https:\/\/latamobility.com\/","logo":{"@type":"ImageObject","inLanguage":"en-US","@id":"https:\/\/latamobility.com\/#\/schema\/logo\/image\/","url":"https:\/\/latamobility.com\/wp-content\/uploads\/2025\/01\/logos-LM-LG-2025-10.png","contentUrl":"https:\/\/latamobility.com\/wp-content\/uploads\/2025\/01\/logos-LM-LG-2025-10.png","width":1080,"height":1080,"caption":"LATAM MOBILITY"},"image":{"@id":"https:\/\/latamobility.com\/#\/schema\/logo\/image\/"},"sameAs":["https:\/\/www.facebook.com\/latamobility\/","https:\/\/x.com\/LataMobility","https:\/\/www.instagram.com\/latamobility\/","https:\/\/www.linkedin.com\/company\/latamobility\/","https:\/\/www.youtube.com\/channel\/UCtcslRCRY0vITWaOQ1X0XUA"]},{"@type":"Person","@id":"https:\/\/latamobility.com\/#\/schema\/person\/fda092a2de1f87d347784282908bad1a","name":"Antonio Vilela","image":{"@type":"ImageObject","inLanguage":"en-US","@id":"https:\/\/secure.gravatar.com\/avatar\/7eee8196fd2fda180806d7b41cd517f274d5ad3b9f65d873feb3ca7e2b3a72d2?s=96&d=mm&r=g","url":"https:\/\/secure.gravatar.com\/avatar\/7eee8196fd2fda180806d7b41cd517f274d5ad3b9f65d873feb3ca7e2b3a72d2?s=96&d=mm&r=g","contentUrl":"https:\/\/secure.gravatar.com\/avatar\/7eee8196fd2fda180806d7b41cd517f274d5ad3b9f65d873feb3ca7e2b3a72d2?s=96&d=mm&r=g","caption":"Antonio Vilela"}}]}},"_links":{"self":[{"href":"https:\/\/latamobility.com\/en\/wp-json\/wp\/v2\/posts\/29691","targetHints":{"allow":["GET"]}}],"collection":[{"href":"https:\/\/latamobility.com\/en\/wp-json\/wp\/v2\/posts"}],"about":[{"href":"https:\/\/latamobility.com\/en\/wp-json\/wp\/v2\/types\/post"}],"author":[{"embeddable":true,"href":"https:\/\/latamobility.com\/en\/wp-json\/wp\/v2\/users\/10"}],"replies":[{"embeddable":true,"href":"https:\/\/latamobility.com\/en\/wp-json\/wp\/v2\/comments?post=29691"}],"version-history":[{"count":3,"href":"https:\/\/latamobility.com\/en\/wp-json\/wp\/v2\/posts\/29691\/revisions"}],"predecessor-version":[{"id":29742,"href":"https:\/\/latamobility.com\/en\/wp-json\/wp\/v2\/posts\/29691\/revisions\/29742"}],"wp:featuredmedia":[{"embeddable":true,"href":"https:\/\/latamobility.com\/en\/wp-json\/wp\/v2\/media\/29740"}],"wp:attachment":[{"href":"https:\/\/latamobility.com\/en\/wp-json\/wp\/v2\/media?parent=29691"}],"wp:term":[{"taxonomy":"category","embeddable":true,"href":"https:\/\/latamobility.com\/en\/wp-json\/wp\/v2\/categories?post=29691"},{"taxonomy":"post_tag","embeddable":true,"href":"https:\/\/latamobility.com\/en\/wp-json\/wp\/v2\/tags?post=29691"}],"curies":[{"name":"wp","href":"https:\/\/api.w.org\/{rel}","templated":true}]}}