{"id":30833,"date":"2024-03-26T05:10:00","date_gmt":"2024-03-26T10:10:00","guid":{"rendered":"https:\/\/latamobility.com\/?p=30833"},"modified":"2024-03-26T07:18:01","modified_gmt":"2024-03-26T12:18:01","slug":"navitrans-strengthens-position-as-a-key-player-for-sustainable-mobility-in-colombia","status":"publish","type":"post","link":"https:\/\/latamobility.com\/en\/navitrans-strengthens-position-as-a-key-player-for-sustainable-mobility-in-colombia\/","title":{"rendered":"Navitrans Strengthens Position as a Key Player for Sustainable Mobility in Colombia"},"content":{"rendered":"\n<p>Only three months into 2024, <strong>Navitrans <\/strong>has already made its mark in the promotion of sustainable mobility and electromobility in Colombia. <strong>At the beginning of this year, the company delivered the first electric bus in Monter\u00eda together with ZhongTong.<\/strong><\/p>\n\n\n\n<p><strong>Navitrans <\/strong>highlights in its official website that it is <strong>a short, narrow bus that allows turning through narrow streets without any problem<\/strong> and configured with an autonomy that allows it to perform the routes it has established in the city to transport its passengers&#8221;.<\/p>\n\n\n\n<p>The delivery not only represents a leap towards<strong> electric mobility in Monteria, but also sets a precedent for nearby coastal cities such as Sincelejo, Barranquilla, Santa Marta, Valledupar and Cartagena.<\/strong><\/p>\n\n\n\n<p>The pilot project plans to gather crucial information on speed frequencies, travel times, user capacity and service demand, providing a solid basis for structuring customized mobility solutions for all of <strong>Colombia<\/strong>.<\/p>\n\n\n\n<figure class=\"wp-block-embed is-type-video is-provider-youtube wp-block-embed-youtube wp-embed-aspect-16-9 wp-has-aspect-ratio\"><div class=\"wp-block-embed__wrapper\">\n<iframe title=\"Monter\u00eda lanza prueba piloto de su primer bus el\u00e9ctrico Zhongtong\" width=\"720\" height=\"405\" src=\"https:\/\/www.youtube.com\/embed\/PN-sYwNDzUE?feature=oembed&#038;enablejsapi=1&#038;origin=https:\/\/latamobility.com\" frameborder=\"0\" allow=\"accelerometer; autoplay; clipboard-write; encrypted-media; gyroscope; picture-in-picture; web-share\" allowfullscreen><\/iframe>\n<\/div><\/figure>\n\n\n\n<p><strong>Read also: <\/strong><a href=\"https:\/\/latamobility.com\/en\/byd-and-bbva-establish-an-alliance-to-promote-sustainable-mobility\/\"><strong>BYD and BBVA Establish an Alliance to Promote Sustainable Mobility<\/strong><\/a><\/p>\n\n\n\n<h2 class=\"wp-block-heading\" id=\"h-zhongtong-euro-6-diesel-buses\"><strong>ZhongTong Euro 6 Diesel Buses<\/strong><\/h2>\n\n\n\n<p><strong>Navitrans <\/strong>is a company that has stood out for the quality of its products, as well as for its back-up capacity. With ZhongTong, in addition to electric equipment, it has added to its portfolio <strong>Euro 6 diesel buses that not only stand out for their efficiency and environmental sustainability, but also represent a profitable investment for transport operators.<\/strong><\/p>\n\n\n\n<p>These vehicles meet the most stringent emission standards, contributing significantly to the reduction of the environmental footprint and, what is even better, <strong>Navitrans <\/strong>has immediate availability of the <strong>N10D ZhongTong <\/strong>chassis.\u00a0\u00a0<\/p>\n\n\n\n<p>In addition to their environmental contribution, these buses offer operational efficiency. Equipped with <strong>Cummins<\/strong><sup>\u00ae<\/sup> diesel engines and advanced fuel management systems, <strong>ZhongTong&#8217;s Euro 6 models ensure optimum performance, reducing operating costs and maximizing profitability for operators.<\/strong><\/p>\n\n\n\n<p><strong>The alliance between ZhongTong and Navitrans allows for a wide range of options with sustainable mobility in mind<\/strong>. In the electric segment, they present the <strong>N6EV Microbus<\/strong> and the <strong>N7EV Microbus<\/strong>, options that stand out in the Colombian market due to their technical, safety and price characteristics.<\/p>\n\n\n\n<p>The diversity of the <strong>Navitrans <\/strong>portfolio, from diesel Euro 6 to electric and gas, provides integral solutions for a more sustainable mobility in <strong>Colombia<\/strong>.<\/p>\n\n\n\n<figure class=\"wp-block-image size-large\"><img fetchpriority=\"high\" decoding=\"async\" width=\"1024\" height=\"572\" src=\"https:\/\/latamobility.com\/wp-content\/uploads\/2024\/03\/LM-Colombia-1024x572.jpg\" alt=\"\" class=\"wp-image-29755\" srcset=\"https:\/\/latamobility.com\/wp-content\/uploads\/2024\/03\/LM-Colombia-1024x572.jpg 1024w, https:\/\/latamobility.com\/wp-content\/uploads\/2024\/03\/LM-Colombia-300x168.jpg 300w, https:\/\/latamobility.com\/wp-content\/uploads\/2024\/03\/LM-Colombia-768x429.jpg 768w, https:\/\/latamobility.com\/wp-content\/uploads\/2024\/03\/LM-Colombia-600x335.jpg 600w, https:\/\/latamobility.com\/wp-content\/uploads\/2024\/03\/LM-Colombia.jpg 1280w\" sizes=\"(max-width: 1024px) 100vw, 1024px\" \/><\/figure>\n\n\n\n<h2 class=\"wp-block-heading\" id=\"h-latam-mobility-en-medellin\"><strong>Latam Mobility en Medell\u00edn<\/strong><\/h2>\n\n\n\n<p><strong>Latam Mobility<\/strong>, la comunidad de movilidad sostenible m\u00e1s grande de Am\u00e9rica Latina, llegar\u00e1 nuevamente a <strong>Medell\u00edn <\/strong>para su encuentro en 2024.<\/p>\n\n\n\n<p>Ser\u00e1n dos jornadas, los <strong>d\u00edas 4 y 5 de junio<\/strong>, que reunir\u00e1n a los l\u00edderes de la industria m\u00e1s destacados, junto a personalidades del sector p\u00fablico, para ofrecer sus perspectivas acerca de los avances en movilidad sostenible, electromovilidad y sostenibilidad.<\/p>\n\n\n\n<p>M\u00e1s informaci\u00f3n sobre el encuentro y participaci\u00f3n <a href=\"https:\/\/live.eventtia.com\/es\/latammobilitycolombia2024\/HOME\"><strong>aqu\u00ed<\/strong><\/a><\/p>\n","protected":false},"excerpt":{"rendered":"<p>Only three months into 2024, Navitrans has already made its mark in the promotion of sustainable mobility and electromobility in Colombia. At the beginning of this year, the company delivered the first electric bus in Monter\u00eda together with ZhongTong. Navitrans highlights in its official website that it is a short, narrow bus that allows turning&#8230;<\/p>\n","protected":false},"author":10,"featured_media":30847,"comment_status":"open","ping_status":"closed","sticky":false,"template":"","format":"standard","meta":{"_kad_post_transparent":"","_kad_post_title":"","_kad_post_layout":"","_kad_post_sidebar_id":"","_kad_post_content_style":"","_kad_post_vertical_padding":"","_kad_post_feature":"","_kad_post_feature_position":"","_kad_post_header":false,"_kad_post_footer":false,"_kad_post_classname":"","footnotes":""},"categories":[2054],"tags":[1564,1281],"class_list":["post-30833","post","type-post","status-publish","format-standard","has-post-thumbnail","hentry","category-electric-mobility","tag-electric-cars","tag-electric-mobility"],"yoast_head":"<!-- This site is optimized with the Yoast SEO Premium plugin v22.7 (Yoast SEO v27.4) - https:\/\/yoast.com\/product\/yoast-seo-premium-wordpress\/ -->\n<title>Navitrans Strengthens Position as a Key Player for Sustainable Mobility in Colombia - Latam Mobility<\/title>\n<meta name=\"description\" content=\"Only three months into 2024, Navitrans has already made its mark in the promotion of sustainable mobility and electromobility in Colombia\" \/>\n<meta name=\"robots\" content=\"index, follow, max-snippet:-1, max-image-preview:large, max-video-preview:-1\" \/>\n<link rel=\"canonical\" href=\"https:\/\/latamobility.com\/en\/navitrans-strengthens-position-as-a-key-player-for-sustainable-mobility-in-colombia\/\" \/>\n<meta property=\"og:locale\" content=\"en_US\" \/>\n<meta property=\"og:type\" content=\"article\" \/>\n<meta property=\"og:title\" content=\"Navitrans Strengthens Position as a Key Player for Sustainable Mobility in Colombia\" \/>\n<meta property=\"og:description\" content=\"Only three months into 2024, Navitrans has already made its mark in the promotion of sustainable mobility and electromobility in Colombia\" \/>\n<meta property=\"og:url\" content=\"https:\/\/latamobility.com\/en\/navitrans-strengthens-position-as-a-key-player-for-sustainable-mobility-in-colombia\/\" \/>\n<meta property=\"og:site_name\" content=\"Latam Mobility\" \/>\n<meta property=\"article:publisher\" content=\"https:\/\/www.facebook.com\/latamobility\/\" \/>\n<meta property=\"article:published_time\" content=\"2024-03-26T10:10:00+00:00\" \/>\n<meta property=\"article:modified_time\" content=\"2024-03-26T12:18:01+00:00\" \/>\n<meta property=\"og:image\" content=\"https:\/\/latamobility.com\/wp-content\/uploads\/2024\/03\/NAVI-1.png\" \/>\n\t<meta property=\"og:image:width\" content=\"1219\" \/>\n\t<meta property=\"og:image:height\" content=\"449\" \/>\n\t<meta property=\"og:image:type\" content=\"image\/png\" \/>\n<meta name=\"author\" content=\"Antonio Vilela\" \/>\n<meta name=\"twitter:card\" content=\"summary_large_image\" \/>\n<meta name=\"twitter:title\" content=\"Navitrans Strengthens Position as a Key Player for Sustainable Mobility in Colombia\" \/>\n<meta name=\"twitter:description\" content=\"Only three months into 2024, Navitrans has already made its mark in the promotion of sustainable mobility and electromobility in Colombia\" \/>\n<meta name=\"twitter:creator\" content=\"@LataMobility\" \/>\n<meta name=\"twitter:site\" content=\"@LataMobility\" \/>\n<meta name=\"twitter:label1\" content=\"Written by\" \/>\n\t<meta name=\"twitter:data1\" content=\"Antonio Vilela\" \/>\n\t<meta name=\"twitter:label2\" content=\"Est. reading time\" \/>\n\t<meta name=\"twitter:data2\" content=\"2 minutes\" \/>\n<script type=\"application\/ld+json\" class=\"yoast-schema-graph\">{\"@context\":\"https:\\\/\\\/schema.org\",\"@graph\":[{\"@type\":\"Article\",\"@id\":\"https:\\\/\\\/latamobility.com\\\/en\\\/navitrans-strengthens-position-as-a-key-player-for-sustainable-mobility-in-colombia\\\/#article\",\"isPartOf\":{\"@id\":\"https:\\\/\\\/latamobility.com\\\/en\\\/navitrans-strengthens-position-as-a-key-player-for-sustainable-mobility-in-colombia\\\/\"},\"author\":{\"name\":\"Antonio Vilela\",\"@id\":\"https:\\\/\\\/latamobility.com\\\/#\\\/schema\\\/person\\\/fda092a2de1f87d347784282908bad1a\"},\"headline\":\"Navitrans Strengthens Position as a Key Player for Sustainable Mobility in Colombia\",\"datePublished\":\"2024-03-26T10:10:00+00:00\",\"dateModified\":\"2024-03-26T12:18:01+00:00\",\"mainEntityOfPage\":{\"@id\":\"https:\\\/\\\/latamobility.com\\\/en\\\/navitrans-strengthens-position-as-a-key-player-for-sustainable-mobility-in-colombia\\\/\"},\"wordCount\":463,\"commentCount\":0,\"publisher\":{\"@id\":\"https:\\\/\\\/latamobility.com\\\/#organization\"},\"image\":{\"@id\":\"https:\\\/\\\/latamobility.com\\\/en\\\/navitrans-strengthens-position-as-a-key-player-for-sustainable-mobility-in-colombia\\\/#primaryimage\"},\"thumbnailUrl\":\"https:\\\/\\\/latamobility.com\\\/wp-content\\\/uploads\\\/2024\\\/03\\\/Captura-de-pantalla-2024-03-25-185304.png\",\"keywords\":[\"electric cars\",\"ELECTRIC MOBILITY\"],\"articleSection\":[\"Electric Mobility\"],\"inLanguage\":\"en-US\",\"potentialAction\":[{\"@type\":\"CommentAction\",\"name\":\"Comment\",\"target\":[\"https:\\\/\\\/latamobility.com\\\/en\\\/navitrans-strengthens-position-as-a-key-player-for-sustainable-mobility-in-colombia\\\/#respond\"]}]},{\"@type\":\"WebPage\",\"@id\":\"https:\\\/\\\/latamobility.com\\\/en\\\/navitrans-strengthens-position-as-a-key-player-for-sustainable-mobility-in-colombia\\\/\",\"url\":\"https:\\\/\\\/latamobility.com\\\/en\\\/navitrans-strengthens-position-as-a-key-player-for-sustainable-mobility-in-colombia\\\/\",\"name\":\"Navitrans Strengthens Position as a Key Player for Sustainable Mobility in Colombia - Latam Mobility\",\"isPartOf\":{\"@id\":\"https:\\\/\\\/latamobility.com\\\/#website\"},\"primaryImageOfPage\":{\"@id\":\"https:\\\/\\\/latamobility.com\\\/en\\\/navitrans-strengthens-position-as-a-key-player-for-sustainable-mobility-in-colombia\\\/#primaryimage\"},\"image\":{\"@id\":\"https:\\\/\\\/latamobility.com\\\/en\\\/navitrans-strengthens-position-as-a-key-player-for-sustainable-mobility-in-colombia\\\/#primaryimage\"},\"thumbnailUrl\":\"https:\\\/\\\/latamobility.com\\\/wp-content\\\/uploads\\\/2024\\\/03\\\/Captura-de-pantalla-2024-03-25-185304.png\",\"datePublished\":\"2024-03-26T10:10:00+00:00\",\"dateModified\":\"2024-03-26T12:18:01+00:00\",\"description\":\"Only three months into 2024, Navitrans has already made its mark in the promotion of sustainable mobility and electromobility in Colombia\",\"breadcrumb\":{\"@id\":\"https:\\\/\\\/latamobility.com\\\/en\\\/navitrans-strengthens-position-as-a-key-player-for-sustainable-mobility-in-colombia\\\/#breadcrumb\"},\"inLanguage\":\"en-US\",\"potentialAction\":[{\"@type\":\"ReadAction\",\"target\":[\"https:\\\/\\\/latamobility.com\\\/en\\\/navitrans-strengthens-position-as-a-key-player-for-sustainable-mobility-in-colombia\\\/\"]}]},{\"@type\":\"ImageObject\",\"inLanguage\":\"en-US\",\"@id\":\"https:\\\/\\\/latamobility.com\\\/en\\\/navitrans-strengthens-position-as-a-key-player-for-sustainable-mobility-in-colombia\\\/#primaryimage\",\"url\":\"https:\\\/\\\/latamobility.com\\\/wp-content\\\/uploads\\\/2024\\\/03\\\/Captura-de-pantalla-2024-03-25-185304.png\",\"contentUrl\":\"https:\\\/\\\/latamobility.com\\\/wp-content\\\/uploads\\\/2024\\\/03\\\/Captura-de-pantalla-2024-03-25-185304.png\",\"width\":678,\"height\":516},{\"@type\":\"BreadcrumbList\",\"@id\":\"https:\\\/\\\/latamobility.com\\\/en\\\/navitrans-strengthens-position-as-a-key-player-for-sustainable-mobility-in-colombia\\\/#breadcrumb\",\"itemListElement\":[{\"@type\":\"ListItem\",\"position\":1,\"name\":\"Portada\",\"item\":\"https:\\\/\\\/latamobility.com\\\/\"},{\"@type\":\"ListItem\",\"position\":2,\"name\":\"Navitrans Strengthens Position as a Key Player for Sustainable Mobility in Colombia\"}]},{\"@type\":\"WebSite\",\"@id\":\"https:\\\/\\\/latamobility.com\\\/#website\",\"url\":\"https:\\\/\\\/latamobility.com\\\/\",\"name\":\"Latam Mobility\",\"description\":\"Summit Series to promote Sustainable Mobility and Transport in Latin America\",\"publisher\":{\"@id\":\"https:\\\/\\\/latamobility.com\\\/#organization\"},\"potentialAction\":[{\"@type\":\"SearchAction\",\"target\":{\"@type\":\"EntryPoint\",\"urlTemplate\":\"https:\\\/\\\/latamobility.com\\\/?s={search_term_string}\"},\"query-input\":{\"@type\":\"PropertyValueSpecification\",\"valueRequired\":true,\"valueName\":\"search_term_string\"}}],\"inLanguage\":\"en-US\"},{\"@type\":\"Organization\",\"@id\":\"https:\\\/\\\/latamobility.com\\\/#organization\",\"name\":\"LATAM MOBILITY\",\"url\":\"https:\\\/\\\/latamobility.com\\\/\",\"logo\":{\"@type\":\"ImageObject\",\"inLanguage\":\"en-US\",\"@id\":\"https:\\\/\\\/latamobility.com\\\/#\\\/schema\\\/logo\\\/image\\\/\",\"url\":\"https:\\\/\\\/latamobility.com\\\/wp-content\\\/uploads\\\/2025\\\/01\\\/logos-LM-LG-2025-10.png\",\"contentUrl\":\"https:\\\/\\\/latamobility.com\\\/wp-content\\\/uploads\\\/2025\\\/01\\\/logos-LM-LG-2025-10.png\",\"width\":1080,\"height\":1080,\"caption\":\"LATAM MOBILITY\"},\"image\":{\"@id\":\"https:\\\/\\\/latamobility.com\\\/#\\\/schema\\\/logo\\\/image\\\/\"},\"sameAs\":[\"https:\\\/\\\/www.facebook.com\\\/latamobility\\\/\",\"https:\\\/\\\/x.com\\\/LataMobility\",\"https:\\\/\\\/www.instagram.com\\\/latamobility\\\/\",\"https:\\\/\\\/www.linkedin.com\\\/company\\\/latamobility\\\/\",\"https:\\\/\\\/www.youtube.com\\\/channel\\\/UCtcslRCRY0vITWaOQ1X0XUA\"]},{\"@type\":\"Person\",\"@id\":\"https:\\\/\\\/latamobility.com\\\/#\\\/schema\\\/person\\\/fda092a2de1f87d347784282908bad1a\",\"name\":\"Antonio Vilela\",\"image\":{\"@type\":\"ImageObject\",\"inLanguage\":\"en-US\",\"@id\":\"https:\\\/\\\/secure.gravatar.com\\\/avatar\\\/7eee8196fd2fda180806d7b41cd517f274d5ad3b9f65d873feb3ca7e2b3a72d2?s=96&d=mm&r=g\",\"url\":\"https:\\\/\\\/secure.gravatar.com\\\/avatar\\\/7eee8196fd2fda180806d7b41cd517f274d5ad3b9f65d873feb3ca7e2b3a72d2?s=96&d=mm&r=g\",\"contentUrl\":\"https:\\\/\\\/secure.gravatar.com\\\/avatar\\\/7eee8196fd2fda180806d7b41cd517f274d5ad3b9f65d873feb3ca7e2b3a72d2?s=96&d=mm&r=g\",\"caption\":\"Antonio Vilela\"}}]}<\/script>\n<!-- \/ Yoast SEO Premium plugin. -->","yoast_head_json":{"title":"Navitrans Strengthens Position as a Key Player for Sustainable Mobility in Colombia - Latam Mobility","description":"Only three months into 2024, Navitrans has already made its mark in the promotion of sustainable mobility and electromobility in Colombia","robots":{"index":"index","follow":"follow","max-snippet":"max-snippet:-1","max-image-preview":"max-image-preview:large","max-video-preview":"max-video-preview:-1"},"canonical":"https:\/\/latamobility.com\/en\/navitrans-strengthens-position-as-a-key-player-for-sustainable-mobility-in-colombia\/","og_locale":"en_US","og_type":"article","og_title":"Navitrans Strengthens Position as a Key Player for Sustainable Mobility in Colombia","og_description":"Only three months into 2024, Navitrans has already made its mark in the promotion of sustainable mobility and electromobility in Colombia","og_url":"https:\/\/latamobility.com\/en\/navitrans-strengthens-position-as-a-key-player-for-sustainable-mobility-in-colombia\/","og_site_name":"Latam Mobility","article_publisher":"https:\/\/www.facebook.com\/latamobility\/","article_published_time":"2024-03-26T10:10:00+00:00","article_modified_time":"2024-03-26T12:18:01+00:00","og_image":[{"width":1219,"height":449,"url":"https:\/\/latamobility.com\/wp-content\/uploads\/2024\/03\/NAVI-1.png","type":"image\/png"}],"author":"Antonio Vilela","twitter_card":"summary_large_image","twitter_title":"Navitrans Strengthens Position as a Key Player for Sustainable Mobility in Colombia","twitter_description":"Only three months into 2024, Navitrans has already made its mark in the promotion of sustainable mobility and electromobility in Colombia","twitter_creator":"@LataMobility","twitter_site":"@LataMobility","twitter_misc":{"Written by":"Antonio Vilela","Est. reading time":"2 minutes"},"schema":{"@context":"https:\/\/schema.org","@graph":[{"@type":"Article","@id":"https:\/\/latamobility.com\/en\/navitrans-strengthens-position-as-a-key-player-for-sustainable-mobility-in-colombia\/#article","isPartOf":{"@id":"https:\/\/latamobility.com\/en\/navitrans-strengthens-position-as-a-key-player-for-sustainable-mobility-in-colombia\/"},"author":{"name":"Antonio Vilela","@id":"https:\/\/latamobility.com\/#\/schema\/person\/fda092a2de1f87d347784282908bad1a"},"headline":"Navitrans Strengthens Position as a Key Player for Sustainable Mobility in Colombia","datePublished":"2024-03-26T10:10:00+00:00","dateModified":"2024-03-26T12:18:01+00:00","mainEntityOfPage":{"@id":"https:\/\/latamobility.com\/en\/navitrans-strengthens-position-as-a-key-player-for-sustainable-mobility-in-colombia\/"},"wordCount":463,"commentCount":0,"publisher":{"@id":"https:\/\/latamobility.com\/#organization"},"image":{"@id":"https:\/\/latamobility.com\/en\/navitrans-strengthens-position-as-a-key-player-for-sustainable-mobility-in-colombia\/#primaryimage"},"thumbnailUrl":"https:\/\/latamobility.com\/wp-content\/uploads\/2024\/03\/Captura-de-pantalla-2024-03-25-185304.png","keywords":["electric cars","ELECTRIC MOBILITY"],"articleSection":["Electric Mobility"],"inLanguage":"en-US","potentialAction":[{"@type":"CommentAction","name":"Comment","target":["https:\/\/latamobility.com\/en\/navitrans-strengthens-position-as-a-key-player-for-sustainable-mobility-in-colombia\/#respond"]}]},{"@type":"WebPage","@id":"https:\/\/latamobility.com\/en\/navitrans-strengthens-position-as-a-key-player-for-sustainable-mobility-in-colombia\/","url":"https:\/\/latamobility.com\/en\/navitrans-strengthens-position-as-a-key-player-for-sustainable-mobility-in-colombia\/","name":"Navitrans Strengthens Position as a Key Player for Sustainable Mobility in Colombia - Latam Mobility","isPartOf":{"@id":"https:\/\/latamobility.com\/#website"},"primaryImageOfPage":{"@id":"https:\/\/latamobility.com\/en\/navitrans-strengthens-position-as-a-key-player-for-sustainable-mobility-in-colombia\/#primaryimage"},"image":{"@id":"https:\/\/latamobility.com\/en\/navitrans-strengthens-position-as-a-key-player-for-sustainable-mobility-in-colombia\/#primaryimage"},"thumbnailUrl":"https:\/\/latamobility.com\/wp-content\/uploads\/2024\/03\/Captura-de-pantalla-2024-03-25-185304.png","datePublished":"2024-03-26T10:10:00+00:00","dateModified":"2024-03-26T12:18:01+00:00","description":"Only three months into 2024, Navitrans has already made its mark in the promotion of sustainable mobility and electromobility in Colombia","breadcrumb":{"@id":"https:\/\/latamobility.com\/en\/navitrans-strengthens-position-as-a-key-player-for-sustainable-mobility-in-colombia\/#breadcrumb"},"inLanguage":"en-US","potentialAction":[{"@type":"ReadAction","target":["https:\/\/latamobility.com\/en\/navitrans-strengthens-position-as-a-key-player-for-sustainable-mobility-in-colombia\/"]}]},{"@type":"ImageObject","inLanguage":"en-US","@id":"https:\/\/latamobility.com\/en\/navitrans-strengthens-position-as-a-key-player-for-sustainable-mobility-in-colombia\/#primaryimage","url":"https:\/\/latamobility.com\/wp-content\/uploads\/2024\/03\/Captura-de-pantalla-2024-03-25-185304.png","contentUrl":"https:\/\/latamobility.com\/wp-content\/uploads\/2024\/03\/Captura-de-pantalla-2024-03-25-185304.png","width":678,"height":516},{"@type":"BreadcrumbList","@id":"https:\/\/latamobility.com\/en\/navitrans-strengthens-position-as-a-key-player-for-sustainable-mobility-in-colombia\/#breadcrumb","itemListElement":[{"@type":"ListItem","position":1,"name":"Portada","item":"https:\/\/latamobility.com\/"},{"@type":"ListItem","position":2,"name":"Navitrans Strengthens Position as a Key Player for Sustainable Mobility in Colombia"}]},{"@type":"WebSite","@id":"https:\/\/latamobility.com\/#website","url":"https:\/\/latamobility.com\/","name":"Latam Mobility","description":"Summit Series to promote Sustainable Mobility and Transport in Latin America","publisher":{"@id":"https:\/\/latamobility.com\/#organization"},"potentialAction":[{"@type":"SearchAction","target":{"@type":"EntryPoint","urlTemplate":"https:\/\/latamobility.com\/?s={search_term_string}"},"query-input":{"@type":"PropertyValueSpecification","valueRequired":true,"valueName":"search_term_string"}}],"inLanguage":"en-US"},{"@type":"Organization","@id":"https:\/\/latamobility.com\/#organization","name":"LATAM MOBILITY","url":"https:\/\/latamobility.com\/","logo":{"@type":"ImageObject","inLanguage":"en-US","@id":"https:\/\/latamobility.com\/#\/schema\/logo\/image\/","url":"https:\/\/latamobility.com\/wp-content\/uploads\/2025\/01\/logos-LM-LG-2025-10.png","contentUrl":"https:\/\/latamobility.com\/wp-content\/uploads\/2025\/01\/logos-LM-LG-2025-10.png","width":1080,"height":1080,"caption":"LATAM MOBILITY"},"image":{"@id":"https:\/\/latamobility.com\/#\/schema\/logo\/image\/"},"sameAs":["https:\/\/www.facebook.com\/latamobility\/","https:\/\/x.com\/LataMobility","https:\/\/www.instagram.com\/latamobility\/","https:\/\/www.linkedin.com\/company\/latamobility\/","https:\/\/www.youtube.com\/channel\/UCtcslRCRY0vITWaOQ1X0XUA"]},{"@type":"Person","@id":"https:\/\/latamobility.com\/#\/schema\/person\/fda092a2de1f87d347784282908bad1a","name":"Antonio Vilela","image":{"@type":"ImageObject","inLanguage":"en-US","@id":"https:\/\/secure.gravatar.com\/avatar\/7eee8196fd2fda180806d7b41cd517f274d5ad3b9f65d873feb3ca7e2b3a72d2?s=96&d=mm&r=g","url":"https:\/\/secure.gravatar.com\/avatar\/7eee8196fd2fda180806d7b41cd517f274d5ad3b9f65d873feb3ca7e2b3a72d2?s=96&d=mm&r=g","contentUrl":"https:\/\/secure.gravatar.com\/avatar\/7eee8196fd2fda180806d7b41cd517f274d5ad3b9f65d873feb3ca7e2b3a72d2?s=96&d=mm&r=g","caption":"Antonio Vilela"}}]}},"_links":{"self":[{"href":"https:\/\/latamobility.com\/en\/wp-json\/wp\/v2\/posts\/30833","targetHints":{"allow":["GET"]}}],"collection":[{"href":"https:\/\/latamobility.com\/en\/wp-json\/wp\/v2\/posts"}],"about":[{"href":"https:\/\/latamobility.com\/en\/wp-json\/wp\/v2\/types\/post"}],"author":[{"embeddable":true,"href":"https:\/\/latamobility.com\/en\/wp-json\/wp\/v2\/users\/10"}],"replies":[{"embeddable":true,"href":"https:\/\/latamobility.com\/en\/wp-json\/wp\/v2\/comments?post=30833"}],"version-history":[{"count":2,"href":"https:\/\/latamobility.com\/en\/wp-json\/wp\/v2\/posts\/30833\/revisions"}],"predecessor-version":[{"id":30856,"href":"https:\/\/latamobility.com\/en\/wp-json\/wp\/v2\/posts\/30833\/revisions\/30856"}],"wp:featuredmedia":[{"embeddable":true,"href":"https:\/\/latamobility.com\/en\/wp-json\/wp\/v2\/media\/30847"}],"wp:attachment":[{"href":"https:\/\/latamobility.com\/en\/wp-json\/wp\/v2\/media?parent=30833"}],"wp:term":[{"taxonomy":"category","embeddable":true,"href":"https:\/\/latamobility.com\/en\/wp-json\/wp\/v2\/categories?post=30833"},{"taxonomy":"post_tag","embeddable":true,"href":"https:\/\/latamobility.com\/en\/wp-json\/wp\/v2\/tags?post=30833"}],"curies":[{"name":"wp","href":"https:\/\/api.w.org\/{rel}","templated":true}]}}