{"id":33731,"date":"2024-06-12T05:00:00","date_gmt":"2024-06-12T10:00:00","guid":{"rendered":"https:\/\/latamobility.com\/?p=33731"},"modified":"2024-06-12T07:36:42","modified_gmt":"2024-06-12T12:36:42","slug":"colombia-first-community-electric-station-inaugurated-in-la-guajira","status":"publish","type":"post","link":"https:\/\/latamobility.com\/en\/colombia-first-community-electric-station-inaugurated-in-la-guajira\/","title":{"rendered":"Colombia: First Community Electric Station Inaugurated in La Guajira"},"content":{"rendered":"\n<p><strong>Colombia<\/strong> continues to add important milestones to promote sustainable mobility beyond the major capitals. In this sense, the <strong>community of Mingueo<\/strong>, in the township of Dibulla in La Guajira, experienced the launching of the first community electric station in the country.<\/p>\n\n\n\n<p>It is a shared <strong>solar charging station for electric motorcycles<\/strong> equipped <strong>with 12 solar panels of 6.5 kWp<\/strong>, seven 24 kWh lithium batteries and a 6 kW single-phase inverter.<\/p>\n\n\n\n<p>The achievement marks a significant step towards the <strong>adoption of renewable technologies<\/strong> in both urban and rural settings, as well as a crucial boost for the just energy transition.<\/p>\n\n\n\n<p><strong>Read also:<\/strong> <a href=\"https:\/\/latamobility.com\/en\/expansion-of-the-electromobility-ecosystem-from-blink-chargings-perspective\/\"><strong>Expansion of the Electromobility Ecosystem from Blink Charging\u2019s Perspective<\/strong><\/a><\/p>\n\n\n\n<h2 class=\"wp-block-heading\" id=\"h-partnership-goals\"><strong>Partnership Goals<\/strong><\/h2>\n\n\n\n<p>The initiative was led by <strong>the POLEN Just Transitions center<\/strong>, supported by Drive Electric Campaign&#8217;s Leapfrogging to E-mobility Acceleration Partership (LEAP) Fund and the support of the Junta de Acci\u00f3n Comunal of the San Martin neighborhood.<\/p>\n\n\n\n<p>The milestone reflects the teamwork of civil society and the <strong>Mingueo community to drive electromobility<\/strong>. The collaboration of the community was fundamental in this pioneering project, as evidenced by the cession of a space in the community house for the electric station and their participation in the installation.<\/p>\n\n\n\n<p>During the inauguration and start-up of this project on April 16, members of the <strong>POLEN Just Transitions <\/strong>team emphasized the positive impact of this initiative on local families and the job creation opportunities for the region.<\/p>\n\n\n\n<p>In addition, <strong>they highlighted the importance of this <\/strong>solar charging station as a crucial step towards a future beyond fossil fuels, prioritizing renewable energy sources for Mingueo to ensure the affordability of electric transportation.<\/p>\n\n\n\n<figure class=\"wp-block-embed is-type-video is-provider-youtube wp-block-embed-youtube wp-embed-aspect-16-9 wp-has-aspect-ratio\"><div class=\"wp-block-embed__wrapper\">\n<iframe title=\"E- Rurality\" width=\"720\" height=\"405\" src=\"https:\/\/www.youtube.com\/embed\/KnATPtAU7DY?feature=oembed\" frameborder=\"0\" allow=\"accelerometer; autoplay; clipboard-write; encrypted-media; gyroscope; picture-in-picture; web-share\" referrerpolicy=\"strict-origin-when-cross-origin\" allowfullscreen><\/iframe>\n<\/div><\/figure>\n","protected":false},"excerpt":{"rendered":"<p>Colombia continues to add important milestones to promote sustainable mobility beyond the major capitals. In this sense, the community of Mingueo, in the township of Dibulla in La Guajira, experienced the launching of the first community electric station in the country. It is a shared solar charging station for electric motorcycles equipped with 12 solar&#8230;<\/p>\n","protected":false},"author":10,"featured_media":33728,"comment_status":"open","ping_status":"closed","sticky":false,"template":"","format":"standard","meta":{"_kad_post_transparent":"","_kad_post_title":"","_kad_post_layout":"","_kad_post_sidebar_id":"","_kad_post_content_style":"","_kad_post_vertical_padding":"","_kad_post_feature":"","_kad_post_feature_position":"","_kad_post_header":false,"_kad_post_footer":false,"_kad_post_classname":"","footnotes":""},"categories":[2054],"tags":[2615,1517,1281,1489],"class_list":["post-33731","post","type-post","status-publish","format-standard","has-post-thumbnail","hentry","category-electric-mobility","tag-co","tag-colombia-2","tag-electric-mobility","tag-sustainability"],"yoast_head":"<!-- This site is optimized with the Yoast SEO Premium plugin v22.7 (Yoast SEO v27.4) - https:\/\/yoast.com\/product\/yoast-seo-premium-wordpress\/ -->\n<title>Colombia: First Community Electric Station Inaugurated in La Guajira - Latam Mobility<\/title>\n<meta name=\"description\" content=\"Colombia continues to add important milestones to promote sustainable mobility beyond the major capitals. In this sense, the community of Mingueo, in the\" \/>\n<meta name=\"robots\" content=\"index, follow, max-snippet:-1, max-image-preview:large, max-video-preview:-1\" \/>\n<link rel=\"canonical\" href=\"https:\/\/latamobility.com\/en\/colombia-first-community-electric-station-inaugurated-in-la-guajira\/\" \/>\n<meta property=\"og:locale\" content=\"en_US\" \/>\n<meta property=\"og:type\" content=\"article\" \/>\n<meta property=\"og:title\" content=\"Colombia: First Community Electric Station Inaugurated in La Guajira\" \/>\n<meta property=\"og:description\" content=\"Colombia continues to add important milestones to promote sustainable mobility beyond the major capitals. In this sense, the community of Mingueo, in the\" \/>\n<meta property=\"og:url\" content=\"https:\/\/latamobility.com\/en\/colombia-first-community-electric-station-inaugurated-in-la-guajira\/\" \/>\n<meta property=\"og:site_name\" content=\"Latam Mobility\" \/>\n<meta property=\"article:publisher\" content=\"https:\/\/www.facebook.com\/latamobility\/\" \/>\n<meta property=\"article:published_time\" content=\"2024-06-12T10:00:00+00:00\" \/>\n<meta property=\"article:modified_time\" content=\"2024-06-12T12:36:42+00:00\" \/>\n<meta property=\"og:image\" content=\"https:\/\/latamobility.com\/wp-content\/uploads\/2024\/06\/Minenergia.jpg\" \/>\n\t<meta property=\"og:image:width\" content=\"1280\" \/>\n\t<meta property=\"og:image:height\" content=\"715\" \/>\n\t<meta property=\"og:image:type\" content=\"image\/jpeg\" \/>\n<meta name=\"author\" content=\"Antonio Vilela\" \/>\n<meta name=\"twitter:card\" content=\"summary_large_image\" \/>\n<meta name=\"twitter:creator\" content=\"@LataMobility\" \/>\n<meta name=\"twitter:site\" content=\"@LataMobility\" \/>\n<meta name=\"twitter:label1\" content=\"Written by\" \/>\n\t<meta name=\"twitter:data1\" content=\"Antonio Vilela\" \/>\n\t<meta name=\"twitter:label2\" content=\"Est. reading time\" \/>\n\t<meta name=\"twitter:data2\" content=\"1 minute\" \/>\n<script type=\"application\/ld+json\" class=\"yoast-schema-graph\">{\"@context\":\"https:\\\/\\\/schema.org\",\"@graph\":[{\"@type\":\"Article\",\"@id\":\"https:\\\/\\\/latamobility.com\\\/en\\\/colombia-first-community-electric-station-inaugurated-in-la-guajira\\\/#article\",\"isPartOf\":{\"@id\":\"https:\\\/\\\/latamobility.com\\\/en\\\/colombia-first-community-electric-station-inaugurated-in-la-guajira\\\/\"},\"author\":{\"name\":\"Antonio Vilela\",\"@id\":\"https:\\\/\\\/latamobility.com\\\/#\\\/schema\\\/person\\\/fda092a2de1f87d347784282908bad1a\"},\"headline\":\"Colombia: First Community Electric Station Inaugurated in La Guajira\",\"datePublished\":\"2024-06-12T10:00:00+00:00\",\"dateModified\":\"2024-06-12T12:36:42+00:00\",\"mainEntityOfPage\":{\"@id\":\"https:\\\/\\\/latamobility.com\\\/en\\\/colombia-first-community-electric-station-inaugurated-in-la-guajira\\\/\"},\"wordCount\":282,\"commentCount\":0,\"publisher\":{\"@id\":\"https:\\\/\\\/latamobility.com\\\/#organization\"},\"image\":{\"@id\":\"https:\\\/\\\/latamobility.com\\\/en\\\/colombia-first-community-electric-station-inaugurated-in-la-guajira\\\/#primaryimage\"},\"thumbnailUrl\":\"https:\\\/\\\/latamobility.com\\\/wp-content\\\/uploads\\\/2024\\\/06\\\/Minenergia.jpg\",\"keywords\":[\"Co\",\"Colombia\",\"ELECTRIC MOBILITY\",\"Sustainability\"],\"articleSection\":[\"Electric Mobility\"],\"inLanguage\":\"en-US\",\"potentialAction\":[{\"@type\":\"CommentAction\",\"name\":\"Comment\",\"target\":[\"https:\\\/\\\/latamobility.com\\\/en\\\/colombia-first-community-electric-station-inaugurated-in-la-guajira\\\/#respond\"]}]},{\"@type\":\"WebPage\",\"@id\":\"https:\\\/\\\/latamobility.com\\\/en\\\/colombia-first-community-electric-station-inaugurated-in-la-guajira\\\/\",\"url\":\"https:\\\/\\\/latamobility.com\\\/en\\\/colombia-first-community-electric-station-inaugurated-in-la-guajira\\\/\",\"name\":\"Colombia: First Community Electric Station Inaugurated in La Guajira - Latam Mobility\",\"isPartOf\":{\"@id\":\"https:\\\/\\\/latamobility.com\\\/#website\"},\"primaryImageOfPage\":{\"@id\":\"https:\\\/\\\/latamobility.com\\\/en\\\/colombia-first-community-electric-station-inaugurated-in-la-guajira\\\/#primaryimage\"},\"image\":{\"@id\":\"https:\\\/\\\/latamobility.com\\\/en\\\/colombia-first-community-electric-station-inaugurated-in-la-guajira\\\/#primaryimage\"},\"thumbnailUrl\":\"https:\\\/\\\/latamobility.com\\\/wp-content\\\/uploads\\\/2024\\\/06\\\/Minenergia.jpg\",\"datePublished\":\"2024-06-12T10:00:00+00:00\",\"dateModified\":\"2024-06-12T12:36:42+00:00\",\"description\":\"Colombia continues to add important milestones to promote sustainable mobility beyond the major capitals. In this sense, the community of Mingueo, in the\",\"breadcrumb\":{\"@id\":\"https:\\\/\\\/latamobility.com\\\/en\\\/colombia-first-community-electric-station-inaugurated-in-la-guajira\\\/#breadcrumb\"},\"inLanguage\":\"en-US\",\"potentialAction\":[{\"@type\":\"ReadAction\",\"target\":[\"https:\\\/\\\/latamobility.com\\\/en\\\/colombia-first-community-electric-station-inaugurated-in-la-guajira\\\/\"]}]},{\"@type\":\"ImageObject\",\"inLanguage\":\"en-US\",\"@id\":\"https:\\\/\\\/latamobility.com\\\/en\\\/colombia-first-community-electric-station-inaugurated-in-la-guajira\\\/#primaryimage\",\"url\":\"https:\\\/\\\/latamobility.com\\\/wp-content\\\/uploads\\\/2024\\\/06\\\/Minenergia.jpg\",\"contentUrl\":\"https:\\\/\\\/latamobility.com\\\/wp-content\\\/uploads\\\/2024\\\/06\\\/Minenergia.jpg\",\"width\":1280,\"height\":715,\"caption\":\"estaci\u00f3n de carga compartida de veh\u00edculos el\u00e9ctricos\"},{\"@type\":\"BreadcrumbList\",\"@id\":\"https:\\\/\\\/latamobility.com\\\/en\\\/colombia-first-community-electric-station-inaugurated-in-la-guajira\\\/#breadcrumb\",\"itemListElement\":[{\"@type\":\"ListItem\",\"position\":1,\"name\":\"Portada\",\"item\":\"https:\\\/\\\/latamobility.com\\\/\"},{\"@type\":\"ListItem\",\"position\":2,\"name\":\"Colombia: First Community Electric Station Inaugurated in La Guajira\"}]},{\"@type\":\"WebSite\",\"@id\":\"https:\\\/\\\/latamobility.com\\\/#website\",\"url\":\"https:\\\/\\\/latamobility.com\\\/\",\"name\":\"Latam Mobility\",\"description\":\"Summit Series to promote Sustainable Mobility and Transport in Latin America\",\"publisher\":{\"@id\":\"https:\\\/\\\/latamobility.com\\\/#organization\"},\"potentialAction\":[{\"@type\":\"SearchAction\",\"target\":{\"@type\":\"EntryPoint\",\"urlTemplate\":\"https:\\\/\\\/latamobility.com\\\/?s={search_term_string}\"},\"query-input\":{\"@type\":\"PropertyValueSpecification\",\"valueRequired\":true,\"valueName\":\"search_term_string\"}}],\"inLanguage\":\"en-US\"},{\"@type\":\"Organization\",\"@id\":\"https:\\\/\\\/latamobility.com\\\/#organization\",\"name\":\"LATAM MOBILITY\",\"url\":\"https:\\\/\\\/latamobility.com\\\/\",\"logo\":{\"@type\":\"ImageObject\",\"inLanguage\":\"en-US\",\"@id\":\"https:\\\/\\\/latamobility.com\\\/#\\\/schema\\\/logo\\\/image\\\/\",\"url\":\"https:\\\/\\\/latamobility.com\\\/wp-content\\\/uploads\\\/2025\\\/01\\\/logos-LM-LG-2025-10.png\",\"contentUrl\":\"https:\\\/\\\/latamobility.com\\\/wp-content\\\/uploads\\\/2025\\\/01\\\/logos-LM-LG-2025-10.png\",\"width\":1080,\"height\":1080,\"caption\":\"LATAM MOBILITY\"},\"image\":{\"@id\":\"https:\\\/\\\/latamobility.com\\\/#\\\/schema\\\/logo\\\/image\\\/\"},\"sameAs\":[\"https:\\\/\\\/www.facebook.com\\\/latamobility\\\/\",\"https:\\\/\\\/x.com\\\/LataMobility\",\"https:\\\/\\\/www.instagram.com\\\/latamobility\\\/\",\"https:\\\/\\\/www.linkedin.com\\\/company\\\/latamobility\\\/\",\"https:\\\/\\\/www.youtube.com\\\/channel\\\/UCtcslRCRY0vITWaOQ1X0XUA\"]},{\"@type\":\"Person\",\"@id\":\"https:\\\/\\\/latamobility.com\\\/#\\\/schema\\\/person\\\/fda092a2de1f87d347784282908bad1a\",\"name\":\"Antonio Vilela\",\"image\":{\"@type\":\"ImageObject\",\"inLanguage\":\"en-US\",\"@id\":\"https:\\\/\\\/secure.gravatar.com\\\/avatar\\\/7eee8196fd2fda180806d7b41cd517f274d5ad3b9f65d873feb3ca7e2b3a72d2?s=96&d=mm&r=g\",\"url\":\"https:\\\/\\\/secure.gravatar.com\\\/avatar\\\/7eee8196fd2fda180806d7b41cd517f274d5ad3b9f65d873feb3ca7e2b3a72d2?s=96&d=mm&r=g\",\"contentUrl\":\"https:\\\/\\\/secure.gravatar.com\\\/avatar\\\/7eee8196fd2fda180806d7b41cd517f274d5ad3b9f65d873feb3ca7e2b3a72d2?s=96&d=mm&r=g\",\"caption\":\"Antonio Vilela\"}}]}<\/script>\n<!-- \/ Yoast SEO Premium plugin. -->","yoast_head_json":{"title":"Colombia: First Community Electric Station Inaugurated in La Guajira - Latam Mobility","description":"Colombia continues to add important milestones to promote sustainable mobility beyond the major capitals. In this sense, the community of Mingueo, in the","robots":{"index":"index","follow":"follow","max-snippet":"max-snippet:-1","max-image-preview":"max-image-preview:large","max-video-preview":"max-video-preview:-1"},"canonical":"https:\/\/latamobility.com\/en\/colombia-first-community-electric-station-inaugurated-in-la-guajira\/","og_locale":"en_US","og_type":"article","og_title":"Colombia: First Community Electric Station Inaugurated in La Guajira","og_description":"Colombia continues to add important milestones to promote sustainable mobility beyond the major capitals. In this sense, the community of Mingueo, in the","og_url":"https:\/\/latamobility.com\/en\/colombia-first-community-electric-station-inaugurated-in-la-guajira\/","og_site_name":"Latam Mobility","article_publisher":"https:\/\/www.facebook.com\/latamobility\/","article_published_time":"2024-06-12T10:00:00+00:00","article_modified_time":"2024-06-12T12:36:42+00:00","og_image":[{"width":1280,"height":715,"url":"https:\/\/latamobility.com\/wp-content\/uploads\/2024\/06\/Minenergia.jpg","type":"image\/jpeg"}],"author":"Antonio Vilela","twitter_card":"summary_large_image","twitter_creator":"@LataMobility","twitter_site":"@LataMobility","twitter_misc":{"Written by":"Antonio Vilela","Est. reading time":"1 minute"},"schema":{"@context":"https:\/\/schema.org","@graph":[{"@type":"Article","@id":"https:\/\/latamobility.com\/en\/colombia-first-community-electric-station-inaugurated-in-la-guajira\/#article","isPartOf":{"@id":"https:\/\/latamobility.com\/en\/colombia-first-community-electric-station-inaugurated-in-la-guajira\/"},"author":{"name":"Antonio Vilela","@id":"https:\/\/latamobility.com\/#\/schema\/person\/fda092a2de1f87d347784282908bad1a"},"headline":"Colombia: First Community Electric Station Inaugurated in La Guajira","datePublished":"2024-06-12T10:00:00+00:00","dateModified":"2024-06-12T12:36:42+00:00","mainEntityOfPage":{"@id":"https:\/\/latamobility.com\/en\/colombia-first-community-electric-station-inaugurated-in-la-guajira\/"},"wordCount":282,"commentCount":0,"publisher":{"@id":"https:\/\/latamobility.com\/#organization"},"image":{"@id":"https:\/\/latamobility.com\/en\/colombia-first-community-electric-station-inaugurated-in-la-guajira\/#primaryimage"},"thumbnailUrl":"https:\/\/latamobility.com\/wp-content\/uploads\/2024\/06\/Minenergia.jpg","keywords":["Co","Colombia","ELECTRIC MOBILITY","Sustainability"],"articleSection":["Electric Mobility"],"inLanguage":"en-US","potentialAction":[{"@type":"CommentAction","name":"Comment","target":["https:\/\/latamobility.com\/en\/colombia-first-community-electric-station-inaugurated-in-la-guajira\/#respond"]}]},{"@type":"WebPage","@id":"https:\/\/latamobility.com\/en\/colombia-first-community-electric-station-inaugurated-in-la-guajira\/","url":"https:\/\/latamobility.com\/en\/colombia-first-community-electric-station-inaugurated-in-la-guajira\/","name":"Colombia: First Community Electric Station Inaugurated in La Guajira - Latam Mobility","isPartOf":{"@id":"https:\/\/latamobility.com\/#website"},"primaryImageOfPage":{"@id":"https:\/\/latamobility.com\/en\/colombia-first-community-electric-station-inaugurated-in-la-guajira\/#primaryimage"},"image":{"@id":"https:\/\/latamobility.com\/en\/colombia-first-community-electric-station-inaugurated-in-la-guajira\/#primaryimage"},"thumbnailUrl":"https:\/\/latamobility.com\/wp-content\/uploads\/2024\/06\/Minenergia.jpg","datePublished":"2024-06-12T10:00:00+00:00","dateModified":"2024-06-12T12:36:42+00:00","description":"Colombia continues to add important milestones to promote sustainable mobility beyond the major capitals. In this sense, the community of Mingueo, in the","breadcrumb":{"@id":"https:\/\/latamobility.com\/en\/colombia-first-community-electric-station-inaugurated-in-la-guajira\/#breadcrumb"},"inLanguage":"en-US","potentialAction":[{"@type":"ReadAction","target":["https:\/\/latamobility.com\/en\/colombia-first-community-electric-station-inaugurated-in-la-guajira\/"]}]},{"@type":"ImageObject","inLanguage":"en-US","@id":"https:\/\/latamobility.com\/en\/colombia-first-community-electric-station-inaugurated-in-la-guajira\/#primaryimage","url":"https:\/\/latamobility.com\/wp-content\/uploads\/2024\/06\/Minenergia.jpg","contentUrl":"https:\/\/latamobility.com\/wp-content\/uploads\/2024\/06\/Minenergia.jpg","width":1280,"height":715,"caption":"estaci\u00f3n de carga compartida de veh\u00edculos el\u00e9ctricos"},{"@type":"BreadcrumbList","@id":"https:\/\/latamobility.com\/en\/colombia-first-community-electric-station-inaugurated-in-la-guajira\/#breadcrumb","itemListElement":[{"@type":"ListItem","position":1,"name":"Portada","item":"https:\/\/latamobility.com\/"},{"@type":"ListItem","position":2,"name":"Colombia: First Community Electric Station Inaugurated in La Guajira"}]},{"@type":"WebSite","@id":"https:\/\/latamobility.com\/#website","url":"https:\/\/latamobility.com\/","name":"Latam Mobility","description":"Summit Series to promote Sustainable Mobility and Transport in Latin America","publisher":{"@id":"https:\/\/latamobility.com\/#organization"},"potentialAction":[{"@type":"SearchAction","target":{"@type":"EntryPoint","urlTemplate":"https:\/\/latamobility.com\/?s={search_term_string}"},"query-input":{"@type":"PropertyValueSpecification","valueRequired":true,"valueName":"search_term_string"}}],"inLanguage":"en-US"},{"@type":"Organization","@id":"https:\/\/latamobility.com\/#organization","name":"LATAM MOBILITY","url":"https:\/\/latamobility.com\/","logo":{"@type":"ImageObject","inLanguage":"en-US","@id":"https:\/\/latamobility.com\/#\/schema\/logo\/image\/","url":"https:\/\/latamobility.com\/wp-content\/uploads\/2025\/01\/logos-LM-LG-2025-10.png","contentUrl":"https:\/\/latamobility.com\/wp-content\/uploads\/2025\/01\/logos-LM-LG-2025-10.png","width":1080,"height":1080,"caption":"LATAM MOBILITY"},"image":{"@id":"https:\/\/latamobility.com\/#\/schema\/logo\/image\/"},"sameAs":["https:\/\/www.facebook.com\/latamobility\/","https:\/\/x.com\/LataMobility","https:\/\/www.instagram.com\/latamobility\/","https:\/\/www.linkedin.com\/company\/latamobility\/","https:\/\/www.youtube.com\/channel\/UCtcslRCRY0vITWaOQ1X0XUA"]},{"@type":"Person","@id":"https:\/\/latamobility.com\/#\/schema\/person\/fda092a2de1f87d347784282908bad1a","name":"Antonio Vilela","image":{"@type":"ImageObject","inLanguage":"en-US","@id":"https:\/\/secure.gravatar.com\/avatar\/7eee8196fd2fda180806d7b41cd517f274d5ad3b9f65d873feb3ca7e2b3a72d2?s=96&d=mm&r=g","url":"https:\/\/secure.gravatar.com\/avatar\/7eee8196fd2fda180806d7b41cd517f274d5ad3b9f65d873feb3ca7e2b3a72d2?s=96&d=mm&r=g","contentUrl":"https:\/\/secure.gravatar.com\/avatar\/7eee8196fd2fda180806d7b41cd517f274d5ad3b9f65d873feb3ca7e2b3a72d2?s=96&d=mm&r=g","caption":"Antonio Vilela"}}]}},"_links":{"self":[{"href":"https:\/\/latamobility.com\/en\/wp-json\/wp\/v2\/posts\/33731","targetHints":{"allow":["GET"]}}],"collection":[{"href":"https:\/\/latamobility.com\/en\/wp-json\/wp\/v2\/posts"}],"about":[{"href":"https:\/\/latamobility.com\/en\/wp-json\/wp\/v2\/types\/post"}],"author":[{"embeddable":true,"href":"https:\/\/latamobility.com\/en\/wp-json\/wp\/v2\/users\/10"}],"replies":[{"embeddable":true,"href":"https:\/\/latamobility.com\/en\/wp-json\/wp\/v2\/comments?post=33731"}],"version-history":[{"count":3,"href":"https:\/\/latamobility.com\/en\/wp-json\/wp\/v2\/posts\/33731\/revisions"}],"predecessor-version":[{"id":33974,"href":"https:\/\/latamobility.com\/en\/wp-json\/wp\/v2\/posts\/33731\/revisions\/33974"}],"wp:featuredmedia":[{"embeddable":true,"href":"https:\/\/latamobility.com\/en\/wp-json\/wp\/v2\/media\/33728"}],"wp:attachment":[{"href":"https:\/\/latamobility.com\/en\/wp-json\/wp\/v2\/media?parent=33731"}],"wp:term":[{"taxonomy":"category","embeddable":true,"href":"https:\/\/latamobility.com\/en\/wp-json\/wp\/v2\/categories?post=33731"},{"taxonomy":"post_tag","embeddable":true,"href":"https:\/\/latamobility.com\/en\/wp-json\/wp\/v2\/tags?post=33731"}],"curies":[{"name":"wp","href":"https:\/\/api.w.org\/{rel}","templated":true}]}}