{"id":38350,"date":"2024-08-26T05:30:00","date_gmt":"2024-08-26T10:30:00","guid":{"rendered":"https:\/\/latamobility.com\/?p=38350"},"modified":"2024-08-25T10:20:09","modified_gmt":"2024-08-25T15:20:09","slug":"nexe-drives-transportation-in-chile-with-electromobility-project-in-valparaiso","status":"publish","type":"post","link":"https:\/\/latamobility.com\/en\/nexe-drives-transportation-in-chile-with-electromobility-project-in-valparaiso\/","title":{"rendered":"Nexe Drives Transportation in Chile with Electromobility Project in Valpara\u00edso"},"content":{"rendered":"\n<p><strong>Nexe<\/strong>, a trav\u00e9s de su filial <strong>Valpara\u00edso Transport Electric SpA<\/strong>, lidera la implementaci\u00f3n del primer sistema de transporte p\u00fablico el\u00e9ctrico regional en la Comuna de Valpara\u00edso. <\/p>\n\n<p>Este proyecto consiste en la <strong>operaci\u00f3n de una flota de 35 buses el\u00e9ctricos <\/strong>que cubren la ruta entre Placilla y Plaza Wheelwright, con miras hacia un transporte m\u00e1s sostenible y eficiente en la regi\u00f3n.<\/p>\n\n<p>Adem\u00e1s, <strong>Nexe tambi\u00e9n se enfoca en el dise\u00f1o<\/strong>, construcci\u00f3n, operaci\u00f3n y mantenimiento de sistemas de carga el\u00e9ctrica para veh\u00edculos de transporte mayor y menor. <\/p>\n\n<p>Actualmente, la empresa est\u00e1 desarrollando un<strong> electroterminal en Curauma,<\/strong> destinado a albergar la flota inicial de 35 buses el\u00e9ctricos que operar\u00e1n en la Regi\u00f3n de Valpara\u00edso. En su primera etapa, ser\u00e1 clave para garantizar la autonom\u00eda y eficiencia de los veh\u00edculos.<\/p>\n\n<p><strong>Contenido relacionado: <a href=\"https:\/\/latamobility.com\/descarbonizacion-del-transporte-tema-clave-a-tratar-en-el-latam-mobility-netzero-conosur-2024\/\">Descarbonizaci\u00f3n del transporte: Tema clave a tratar en el \u00abLatam Mobility &amp; NetZero: Conosur 2024\u00bb<\/a><\/strong><\/p>\n\n<figure class=\"wp-block-image size-large\"><img fetchpriority=\"high\" decoding=\"async\" width=\"1024\" height=\"572\" src=\"https:\/\/latamobility.com\/wp-content\/uploads\/2024\/08\/Nexe-3-1024x572.jpg\" alt=\"Nexe\" class=\"wp-image-38346\" srcset=\"https:\/\/latamobility.com\/wp-content\/uploads\/2024\/08\/Nexe-3-1024x572.jpg 1024w, https:\/\/latamobility.com\/wp-content\/uploads\/2024\/08\/Nexe-3-300x168.jpg 300w, https:\/\/latamobility.com\/wp-content\/uploads\/2024\/08\/Nexe-3-768x429.jpg 768w, https:\/\/latamobility.com\/wp-content\/uploads\/2024\/08\/Nexe-3.jpg 1280w\" sizes=\"(max-width: 1024px) 100vw, 1024px\" \/><\/figure>\n\n<h2 class=\"wp-block-heading\" id=\"h-nexe-comprometida-con-la-electromovilidad\">Nexe comprometida con la electromovilidad<\/h2>\n\n<p>La <strong>iniciativa de Nexe<\/strong> es importante de cara a la reducci\u00f3n de emisiones de carbono y contaminaci\u00f3n en la regi\u00f3n, colocando a Valpara\u00edso como referente en la implementaci\u00f3n de tecnolog\u00edas limpias en el transporte p\u00fablico. <\/p>\n\n<p>La empresa ha demostrado un firme compromiso con la innovaci\u00f3n y el desarrollo de soluciones sostenibles, abriendo el camino para que <strong>otras regiones de Chile<\/strong> sigan su ejemplo en la adopci\u00f3n de la electromovilidad.<\/p>\n\n<p>Finlamente, <strong>Nexe est\u00e1 posicion\u00e1ndose como un l\u00edder en el sector <\/strong>de transporte el\u00e9ctrico en Chile por medio de soluciones completas (infraestructura de carga hasta operaci\u00f3n diaria de los veh\u00edculos), para asegurar que sus proyectos sean viables, escalables y sostenibles a largo plazo.<\/p>\n\n<h2 class=\"wp-block-heading\">Latam Mobility &amp; NetZero Conosur 2024<\/h2>\n\n<p>El\u00a0<strong>\u201cLatam Mobility &amp; Conosur 2024\u201d<\/strong>\u00a0en Santiago de Chile, reunir\u00e1 a las m\u00e1s importantes empresas y l\u00edderes vinculados a la energ\u00eda, el transporte, los combustibles y la movilidad, para mostrar los avances y las perspectivas de la industria en el pa\u00eds y la regi\u00f3n.<\/p>\n\n<figure class=\"wp-block-image size-full\"><img decoding=\"async\" src=\"https:\/\/latam-green.com\/wp-content\/uploads\/2024\/03\/LM-1.jpg\" alt=\"Copex\" class=\"wp-image-26457\"\/><\/figure>\n\n<p>El summit contar\u00e1 con una serie de paneles y ponencias tem\u00e1ticas que juegan un papel estelar en el avance de la\u00a0<strong>movilidad sostenible, la descarbonizaci\u00f3n, la econom\u00eda circular, y las energ\u00edas renovables<\/strong>, como tambi\u00e9n un networking destacado para la formaci\u00f3n de alianzas clave en el camino hacia las cero emisiones.<\/p>\n\n<p>La cita es del\u00a0<strong>27 al 28 de agosto<\/strong>\u00a0en el\u00a0<strong>Hotel InterContinental<\/strong>, Santiago. Para inscribirte puedes hacer clic\u00a0<strong><a href=\"https:\/\/live.eventtia.com\/es\/latammobilityconosur2024\/HOME%E2%80%A8\" target=\"_blank\" rel=\"noreferrer noopener\">aqu\u00ed<\/a><\/strong>.<\/p>\n\n<p>Si deseas m\u00e1s informaci\u00f3n sobre c\u00f3mo participar y opciones de posicionamiento, puedes enviar un correo electr\u00f3nico a\u00a0<strong><a href=\"mailto:info@investinlatam.org\">info@investinlatam.org<\/a><\/strong>.<\/p>\n","protected":false},"excerpt":{"rendered":"<p>Nexe, a trav\u00e9s de su filial Valpara\u00edso Transport Electric SpA, lidera la implementaci\u00f3n del primer sistema de transporte p\u00fablico el\u00e9ctrico regional en la Comuna de Valpara\u00edso. Este proyecto consiste en la operaci\u00f3n de una flota de 35 buses el\u00e9ctricos que cubren la ruta entre Placilla y Plaza Wheelwright, con miras hacia un transporte m\u00e1s sostenible&#8230;<\/p>\n","protected":false},"author":10,"featured_media":38344,"comment_status":"open","ping_status":"closed","sticky":false,"template":"","format":"standard","meta":{"_kad_post_transparent":"","_kad_post_title":"","_kad_post_layout":"","_kad_post_sidebar_id":"","_kad_post_content_style":"","_kad_post_vertical_padding":"","_kad_post_feature":"","_kad_post_feature_position":"","_kad_post_header":false,"_kad_post_footer":false,"_kad_post_classname":"","footnotes":""},"categories":[2054],"tags":[1561,1281,2679],"class_list":["post-38350","post","type-post","status-publish","format-standard","has-post-thumbnail","hentry","category-electric-mobility","tag-chile-2","tag-electric-mobility","tag-nexe-2"],"yoast_head":"<!-- This site is optimized with the Yoast SEO Premium plugin v22.7 (Yoast SEO v27.4) - https:\/\/yoast.com\/product\/yoast-seo-premium-wordpress\/ -->\n<title>Nexe Drives Transportation in Chile with Electromobility Project in Valpara\u00edso - Latam Mobility<\/title>\n<meta name=\"description\" content=\"Nexe, a trav\u00e9s de su filial Valpara\u00edso Transport Electric SpA, lidera la implementaci\u00f3n del primer sistema de transporte p\u00fablico el\u00e9ctrico regional en la\" \/>\n<meta name=\"robots\" content=\"index, follow, max-snippet:-1, max-image-preview:large, max-video-preview:-1\" \/>\n<link rel=\"canonical\" href=\"https:\/\/latamobility.com\/nexe-impulsa-el-transporte-en-chile-con-proyecto-de-electromovilidad-en-valparaiso\/\" \/>\n<meta property=\"og:locale\" content=\"en_US\" \/>\n<meta property=\"og:type\" content=\"article\" \/>\n<meta property=\"og:title\" content=\"Nexe Drives Transportation in Chile with Electromobility Project in Valpara\u00edso\" \/>\n<meta property=\"og:description\" content=\"Nexe, a trav\u00e9s de su filial Valpara\u00edso Transport Electric SpA, lidera la implementaci\u00f3n del primer sistema de transporte p\u00fablico el\u00e9ctrico regional en la\" \/>\n<meta property=\"og:url\" content=\"https:\/\/latamobility.com\/nexe-impulsa-el-transporte-en-chile-con-proyecto-de-electromovilidad-en-valparaiso\/\" \/>\n<meta property=\"og:site_name\" content=\"Latam Mobility\" \/>\n<meta property=\"article:publisher\" content=\"https:\/\/www.facebook.com\/latamobility\/\" \/>\n<meta property=\"article:published_time\" content=\"2024-08-26T10:30:00+00:00\" \/>\n<meta property=\"og:image\" content=\"https:\/\/latamobility.com\/wp-content\/uploads\/2024\/08\/Nexe-2.jpg\" \/>\n\t<meta property=\"og:image:width\" content=\"1280\" \/>\n\t<meta property=\"og:image:height\" content=\"715\" \/>\n\t<meta property=\"og:image:type\" content=\"image\/jpeg\" \/>\n<meta name=\"author\" content=\"Antonio Vilela\" \/>\n<meta name=\"twitter:card\" content=\"summary_large_image\" \/>\n<meta name=\"twitter:creator\" content=\"@LataMobility\" \/>\n<meta name=\"twitter:site\" content=\"@LataMobility\" \/>\n<meta name=\"twitter:label1\" content=\"Written by\" \/>\n\t<meta name=\"twitter:data1\" content=\"Antonio Vilela\" \/>\n\t<meta name=\"twitter:label2\" content=\"Est. reading time\" \/>\n\t<meta name=\"twitter:data2\" content=\"2 minutes\" \/>\n<script type=\"application\/ld+json\" class=\"yoast-schema-graph\">{\"@context\":\"https:\\\/\\\/schema.org\",\"@graph\":[{\"@type\":\"Article\",\"@id\":\"https:\\\/\\\/latamobility.com\\\/nexe-impulsa-el-transporte-en-chile-con-proyecto-de-electromovilidad-en-valparaiso\\\/#article\",\"isPartOf\":{\"@id\":\"https:\\\/\\\/latamobility.com\\\/nexe-impulsa-el-transporte-en-chile-con-proyecto-de-electromovilidad-en-valparaiso\\\/\"},\"author\":{\"name\":\"Antonio Vilela\",\"@id\":\"https:\\\/\\\/latamobility.com\\\/#\\\/schema\\\/person\\\/fda092a2de1f87d347784282908bad1a\"},\"headline\":\"Nexe Drives Transportation in Chile with Electromobility Project in Valpara\u00edso\",\"datePublished\":\"2024-08-26T10:30:00+00:00\",\"mainEntityOfPage\":{\"@id\":\"https:\\\/\\\/latamobility.com\\\/nexe-impulsa-el-transporte-en-chile-con-proyecto-de-electromovilidad-en-valparaiso\\\/\"},\"wordCount\":456,\"commentCount\":0,\"publisher\":{\"@id\":\"https:\\\/\\\/latamobility.com\\\/#organization\"},\"image\":{\"@id\":\"https:\\\/\\\/latamobility.com\\\/nexe-impulsa-el-transporte-en-chile-con-proyecto-de-electromovilidad-en-valparaiso\\\/#primaryimage\"},\"thumbnailUrl\":\"https:\\\/\\\/latamobility.com\\\/wp-content\\\/uploads\\\/2024\\\/08\\\/Nexe-2.jpg\",\"keywords\":[\"Chile\",\"ELECTRIC MOBILITY\",\"Nexe\"],\"articleSection\":[\"Electric Mobility\"],\"inLanguage\":\"en-US\",\"potentialAction\":[{\"@type\":\"CommentAction\",\"name\":\"Comment\",\"target\":[\"https:\\\/\\\/latamobility.com\\\/nexe-impulsa-el-transporte-en-chile-con-proyecto-de-electromovilidad-en-valparaiso\\\/#respond\"]}]},{\"@type\":\"WebPage\",\"@id\":\"https:\\\/\\\/latamobility.com\\\/nexe-impulsa-el-transporte-en-chile-con-proyecto-de-electromovilidad-en-valparaiso\\\/\",\"url\":\"https:\\\/\\\/latamobility.com\\\/nexe-impulsa-el-transporte-en-chile-con-proyecto-de-electromovilidad-en-valparaiso\\\/\",\"name\":\"Nexe Drives Transportation in Chile with Electromobility Project in Valpara\u00edso - Latam Mobility\",\"isPartOf\":{\"@id\":\"https:\\\/\\\/latamobility.com\\\/#website\"},\"primaryImageOfPage\":{\"@id\":\"https:\\\/\\\/latamobility.com\\\/nexe-impulsa-el-transporte-en-chile-con-proyecto-de-electromovilidad-en-valparaiso\\\/#primaryimage\"},\"image\":{\"@id\":\"https:\\\/\\\/latamobility.com\\\/nexe-impulsa-el-transporte-en-chile-con-proyecto-de-electromovilidad-en-valparaiso\\\/#primaryimage\"},\"thumbnailUrl\":\"https:\\\/\\\/latamobility.com\\\/wp-content\\\/uploads\\\/2024\\\/08\\\/Nexe-2.jpg\",\"datePublished\":\"2024-08-26T10:30:00+00:00\",\"description\":\"Nexe, a trav\u00e9s de su filial Valpara\u00edso Transport Electric SpA, lidera la implementaci\u00f3n del primer sistema de transporte p\u00fablico el\u00e9ctrico regional en la\",\"breadcrumb\":{\"@id\":\"https:\\\/\\\/latamobility.com\\\/nexe-impulsa-el-transporte-en-chile-con-proyecto-de-electromovilidad-en-valparaiso\\\/#breadcrumb\"},\"inLanguage\":\"en-US\",\"potentialAction\":[{\"@type\":\"ReadAction\",\"target\":[\"https:\\\/\\\/latamobility.com\\\/nexe-impulsa-el-transporte-en-chile-con-proyecto-de-electromovilidad-en-valparaiso\\\/\"]}]},{\"@type\":\"ImageObject\",\"inLanguage\":\"en-US\",\"@id\":\"https:\\\/\\\/latamobility.com\\\/nexe-impulsa-el-transporte-en-chile-con-proyecto-de-electromovilidad-en-valparaiso\\\/#primaryimage\",\"url\":\"https:\\\/\\\/latamobility.com\\\/wp-content\\\/uploads\\\/2024\\\/08\\\/Nexe-2.jpg\",\"contentUrl\":\"https:\\\/\\\/latamobility.com\\\/wp-content\\\/uploads\\\/2024\\\/08\\\/Nexe-2.jpg\",\"width\":1280,\"height\":715,\"caption\":\"Nexe\"},{\"@type\":\"BreadcrumbList\",\"@id\":\"https:\\\/\\\/latamobility.com\\\/nexe-impulsa-el-transporte-en-chile-con-proyecto-de-electromovilidad-en-valparaiso\\\/#breadcrumb\",\"itemListElement\":[{\"@type\":\"ListItem\",\"position\":1,\"name\":\"Portada\",\"item\":\"https:\\\/\\\/latamobility.com\\\/\"},{\"@type\":\"ListItem\",\"position\":2,\"name\":\"Nexe Drives Transportation in Chile with Electromobility Project in Valpara\u00edso\"}]},{\"@type\":\"WebSite\",\"@id\":\"https:\\\/\\\/latamobility.com\\\/#website\",\"url\":\"https:\\\/\\\/latamobility.com\\\/\",\"name\":\"Latam Mobility\",\"description\":\"Summit Series to promote Sustainable Mobility and Transport in Latin America\",\"publisher\":{\"@id\":\"https:\\\/\\\/latamobility.com\\\/#organization\"},\"potentialAction\":[{\"@type\":\"SearchAction\",\"target\":{\"@type\":\"EntryPoint\",\"urlTemplate\":\"https:\\\/\\\/latamobility.com\\\/?s={search_term_string}\"},\"query-input\":{\"@type\":\"PropertyValueSpecification\",\"valueRequired\":true,\"valueName\":\"search_term_string\"}}],\"inLanguage\":\"en-US\"},{\"@type\":\"Organization\",\"@id\":\"https:\\\/\\\/latamobility.com\\\/#organization\",\"name\":\"LATAM MOBILITY\",\"url\":\"https:\\\/\\\/latamobility.com\\\/\",\"logo\":{\"@type\":\"ImageObject\",\"inLanguage\":\"en-US\",\"@id\":\"https:\\\/\\\/latamobility.com\\\/#\\\/schema\\\/logo\\\/image\\\/\",\"url\":\"https:\\\/\\\/latamobility.com\\\/wp-content\\\/uploads\\\/2025\\\/01\\\/logos-LM-LG-2025-10.png\",\"contentUrl\":\"https:\\\/\\\/latamobility.com\\\/wp-content\\\/uploads\\\/2025\\\/01\\\/logos-LM-LG-2025-10.png\",\"width\":1080,\"height\":1080,\"caption\":\"LATAM MOBILITY\"},\"image\":{\"@id\":\"https:\\\/\\\/latamobility.com\\\/#\\\/schema\\\/logo\\\/image\\\/\"},\"sameAs\":[\"https:\\\/\\\/www.facebook.com\\\/latamobility\\\/\",\"https:\\\/\\\/x.com\\\/LataMobility\",\"https:\\\/\\\/www.instagram.com\\\/latamobility\\\/\",\"https:\\\/\\\/www.linkedin.com\\\/company\\\/latamobility\\\/\",\"https:\\\/\\\/www.youtube.com\\\/channel\\\/UCtcslRCRY0vITWaOQ1X0XUA\"]},{\"@type\":\"Person\",\"@id\":\"https:\\\/\\\/latamobility.com\\\/#\\\/schema\\\/person\\\/fda092a2de1f87d347784282908bad1a\",\"name\":\"Antonio Vilela\",\"image\":{\"@type\":\"ImageObject\",\"inLanguage\":\"en-US\",\"@id\":\"https:\\\/\\\/secure.gravatar.com\\\/avatar\\\/7eee8196fd2fda180806d7b41cd517f274d5ad3b9f65d873feb3ca7e2b3a72d2?s=96&d=mm&r=g\",\"url\":\"https:\\\/\\\/secure.gravatar.com\\\/avatar\\\/7eee8196fd2fda180806d7b41cd517f274d5ad3b9f65d873feb3ca7e2b3a72d2?s=96&d=mm&r=g\",\"contentUrl\":\"https:\\\/\\\/secure.gravatar.com\\\/avatar\\\/7eee8196fd2fda180806d7b41cd517f274d5ad3b9f65d873feb3ca7e2b3a72d2?s=96&d=mm&r=g\",\"caption\":\"Antonio Vilela\"}}]}<\/script>\n<!-- \/ Yoast SEO Premium plugin. -->","yoast_head_json":{"title":"Nexe Drives Transportation in Chile with Electromobility Project in Valpara\u00edso - Latam Mobility","description":"Nexe, a trav\u00e9s de su filial Valpara\u00edso Transport Electric SpA, lidera la implementaci\u00f3n del primer sistema de transporte p\u00fablico el\u00e9ctrico regional en la","robots":{"index":"index","follow":"follow","max-snippet":"max-snippet:-1","max-image-preview":"max-image-preview:large","max-video-preview":"max-video-preview:-1"},"canonical":"https:\/\/latamobility.com\/nexe-impulsa-el-transporte-en-chile-con-proyecto-de-electromovilidad-en-valparaiso\/","og_locale":"en_US","og_type":"article","og_title":"Nexe Drives Transportation in Chile with Electromobility Project in Valpara\u00edso","og_description":"Nexe, a trav\u00e9s de su filial Valpara\u00edso Transport Electric SpA, lidera la implementaci\u00f3n del primer sistema de transporte p\u00fablico el\u00e9ctrico regional en la","og_url":"https:\/\/latamobility.com\/nexe-impulsa-el-transporte-en-chile-con-proyecto-de-electromovilidad-en-valparaiso\/","og_site_name":"Latam Mobility","article_publisher":"https:\/\/www.facebook.com\/latamobility\/","article_published_time":"2024-08-26T10:30:00+00:00","og_image":[{"width":1280,"height":715,"url":"https:\/\/latamobility.com\/wp-content\/uploads\/2024\/08\/Nexe-2.jpg","type":"image\/jpeg"}],"author":"Antonio Vilela","twitter_card":"summary_large_image","twitter_creator":"@LataMobility","twitter_site":"@LataMobility","twitter_misc":{"Written by":"Antonio Vilela","Est. reading time":"2 minutes"},"schema":{"@context":"https:\/\/schema.org","@graph":[{"@type":"Article","@id":"https:\/\/latamobility.com\/nexe-impulsa-el-transporte-en-chile-con-proyecto-de-electromovilidad-en-valparaiso\/#article","isPartOf":{"@id":"https:\/\/latamobility.com\/nexe-impulsa-el-transporte-en-chile-con-proyecto-de-electromovilidad-en-valparaiso\/"},"author":{"name":"Antonio Vilela","@id":"https:\/\/latamobility.com\/#\/schema\/person\/fda092a2de1f87d347784282908bad1a"},"headline":"Nexe Drives Transportation in Chile with Electromobility Project in Valpara\u00edso","datePublished":"2024-08-26T10:30:00+00:00","mainEntityOfPage":{"@id":"https:\/\/latamobility.com\/nexe-impulsa-el-transporte-en-chile-con-proyecto-de-electromovilidad-en-valparaiso\/"},"wordCount":456,"commentCount":0,"publisher":{"@id":"https:\/\/latamobility.com\/#organization"},"image":{"@id":"https:\/\/latamobility.com\/nexe-impulsa-el-transporte-en-chile-con-proyecto-de-electromovilidad-en-valparaiso\/#primaryimage"},"thumbnailUrl":"https:\/\/latamobility.com\/wp-content\/uploads\/2024\/08\/Nexe-2.jpg","keywords":["Chile","ELECTRIC MOBILITY","Nexe"],"articleSection":["Electric Mobility"],"inLanguage":"en-US","potentialAction":[{"@type":"CommentAction","name":"Comment","target":["https:\/\/latamobility.com\/nexe-impulsa-el-transporte-en-chile-con-proyecto-de-electromovilidad-en-valparaiso\/#respond"]}]},{"@type":"WebPage","@id":"https:\/\/latamobility.com\/nexe-impulsa-el-transporte-en-chile-con-proyecto-de-electromovilidad-en-valparaiso\/","url":"https:\/\/latamobility.com\/nexe-impulsa-el-transporte-en-chile-con-proyecto-de-electromovilidad-en-valparaiso\/","name":"Nexe Drives Transportation in Chile with Electromobility Project in Valpara\u00edso - Latam Mobility","isPartOf":{"@id":"https:\/\/latamobility.com\/#website"},"primaryImageOfPage":{"@id":"https:\/\/latamobility.com\/nexe-impulsa-el-transporte-en-chile-con-proyecto-de-electromovilidad-en-valparaiso\/#primaryimage"},"image":{"@id":"https:\/\/latamobility.com\/nexe-impulsa-el-transporte-en-chile-con-proyecto-de-electromovilidad-en-valparaiso\/#primaryimage"},"thumbnailUrl":"https:\/\/latamobility.com\/wp-content\/uploads\/2024\/08\/Nexe-2.jpg","datePublished":"2024-08-26T10:30:00+00:00","description":"Nexe, a trav\u00e9s de su filial Valpara\u00edso Transport Electric SpA, lidera la implementaci\u00f3n del primer sistema de transporte p\u00fablico el\u00e9ctrico regional en la","breadcrumb":{"@id":"https:\/\/latamobility.com\/nexe-impulsa-el-transporte-en-chile-con-proyecto-de-electromovilidad-en-valparaiso\/#breadcrumb"},"inLanguage":"en-US","potentialAction":[{"@type":"ReadAction","target":["https:\/\/latamobility.com\/nexe-impulsa-el-transporte-en-chile-con-proyecto-de-electromovilidad-en-valparaiso\/"]}]},{"@type":"ImageObject","inLanguage":"en-US","@id":"https:\/\/latamobility.com\/nexe-impulsa-el-transporte-en-chile-con-proyecto-de-electromovilidad-en-valparaiso\/#primaryimage","url":"https:\/\/latamobility.com\/wp-content\/uploads\/2024\/08\/Nexe-2.jpg","contentUrl":"https:\/\/latamobility.com\/wp-content\/uploads\/2024\/08\/Nexe-2.jpg","width":1280,"height":715,"caption":"Nexe"},{"@type":"BreadcrumbList","@id":"https:\/\/latamobility.com\/nexe-impulsa-el-transporte-en-chile-con-proyecto-de-electromovilidad-en-valparaiso\/#breadcrumb","itemListElement":[{"@type":"ListItem","position":1,"name":"Portada","item":"https:\/\/latamobility.com\/"},{"@type":"ListItem","position":2,"name":"Nexe Drives Transportation in Chile with Electromobility Project in Valpara\u00edso"}]},{"@type":"WebSite","@id":"https:\/\/latamobility.com\/#website","url":"https:\/\/latamobility.com\/","name":"Latam Mobility","description":"Summit Series to promote Sustainable Mobility and Transport in Latin America","publisher":{"@id":"https:\/\/latamobility.com\/#organization"},"potentialAction":[{"@type":"SearchAction","target":{"@type":"EntryPoint","urlTemplate":"https:\/\/latamobility.com\/?s={search_term_string}"},"query-input":{"@type":"PropertyValueSpecification","valueRequired":true,"valueName":"search_term_string"}}],"inLanguage":"en-US"},{"@type":"Organization","@id":"https:\/\/latamobility.com\/#organization","name":"LATAM MOBILITY","url":"https:\/\/latamobility.com\/","logo":{"@type":"ImageObject","inLanguage":"en-US","@id":"https:\/\/latamobility.com\/#\/schema\/logo\/image\/","url":"https:\/\/latamobility.com\/wp-content\/uploads\/2025\/01\/logos-LM-LG-2025-10.png","contentUrl":"https:\/\/latamobility.com\/wp-content\/uploads\/2025\/01\/logos-LM-LG-2025-10.png","width":1080,"height":1080,"caption":"LATAM MOBILITY"},"image":{"@id":"https:\/\/latamobility.com\/#\/schema\/logo\/image\/"},"sameAs":["https:\/\/www.facebook.com\/latamobility\/","https:\/\/x.com\/LataMobility","https:\/\/www.instagram.com\/latamobility\/","https:\/\/www.linkedin.com\/company\/latamobility\/","https:\/\/www.youtube.com\/channel\/UCtcslRCRY0vITWaOQ1X0XUA"]},{"@type":"Person","@id":"https:\/\/latamobility.com\/#\/schema\/person\/fda092a2de1f87d347784282908bad1a","name":"Antonio Vilela","image":{"@type":"ImageObject","inLanguage":"en-US","@id":"https:\/\/secure.gravatar.com\/avatar\/7eee8196fd2fda180806d7b41cd517f274d5ad3b9f65d873feb3ca7e2b3a72d2?s=96&d=mm&r=g","url":"https:\/\/secure.gravatar.com\/avatar\/7eee8196fd2fda180806d7b41cd517f274d5ad3b9f65d873feb3ca7e2b3a72d2?s=96&d=mm&r=g","contentUrl":"https:\/\/secure.gravatar.com\/avatar\/7eee8196fd2fda180806d7b41cd517f274d5ad3b9f65d873feb3ca7e2b3a72d2?s=96&d=mm&r=g","caption":"Antonio Vilela"}}]}},"_links":{"self":[{"href":"https:\/\/latamobility.com\/en\/wp-json\/wp\/v2\/posts\/38350","targetHints":{"allow":["GET"]}}],"collection":[{"href":"https:\/\/latamobility.com\/en\/wp-json\/wp\/v2\/posts"}],"about":[{"href":"https:\/\/latamobility.com\/en\/wp-json\/wp\/v2\/types\/post"}],"author":[{"embeddable":true,"href":"https:\/\/latamobility.com\/en\/wp-json\/wp\/v2\/users\/10"}],"replies":[{"embeddable":true,"href":"https:\/\/latamobility.com\/en\/wp-json\/wp\/v2\/comments?post=38350"}],"version-history":[{"count":4,"href":"https:\/\/latamobility.com\/en\/wp-json\/wp\/v2\/posts\/38350\/revisions"}],"predecessor-version":[{"id":38442,"href":"https:\/\/latamobility.com\/en\/wp-json\/wp\/v2\/posts\/38350\/revisions\/38442"}],"wp:featuredmedia":[{"embeddable":true,"href":"https:\/\/latamobility.com\/en\/wp-json\/wp\/v2\/media\/38344"}],"wp:attachment":[{"href":"https:\/\/latamobility.com\/en\/wp-json\/wp\/v2\/media?parent=38350"}],"wp:term":[{"taxonomy":"category","embeddable":true,"href":"https:\/\/latamobility.com\/en\/wp-json\/wp\/v2\/categories?post=38350"},{"taxonomy":"post_tag","embeddable":true,"href":"https:\/\/latamobility.com\/en\/wp-json\/wp\/v2\/tags?post=38350"}],"curies":[{"name":"wp","href":"https:\/\/api.w.org\/{rel}","templated":true}]}}