{"id":44802,"date":"2025-01-14T05:15:46","date_gmt":"2025-01-14T10:15:46","guid":{"rendered":"https:\/\/latamobility.com\/?p=44802"},"modified":"2025-01-14T05:20:55","modified_gmt":"2025-01-14T10:20:55","slug":"colombia-closed-2024-with-nearly-10000-electric-vehicles-sold","status":"publish","type":"post","link":"https:\/\/latamobility.com\/en\/colombia-closed-2024-with-nearly-10000-electric-vehicles-sold\/","title":{"rendered":"Colombia Closed 2024 with Nearly 10,000 Electric Vehicles Sold"},"content":{"rendered":"\n<p>El <strong>sector automotor<\/strong> en Colombia alcanz\u00f3 un r\u00e9cord de ventas en veh\u00edculos el\u00e9ctricos e h\u00edbridos durante 2024. Seg\u00fan el \u00faltimo informe de <strong>Fenalco<\/strong>, estos dos tipos de veh\u00edculos representaron un <strong>8%<\/strong> y un <strong>22%<\/strong>, respectivamente, del total de automotores vendidos en el pa\u00eds.<\/p>\n\n<p>El gremio detall\u00f3 que el a\u00f1o pasado se matricularon <strong>9.178 veh\u00edculos el\u00e9ctricos<\/strong>, lo que equivale a un <strong>crecimiento del 150%<\/strong> frente a las <strong>3.677 unidades<\/strong> registradas en 2023.<\/p>\n\n<p>\u201cEsto significa que en 2024 se vendieron <strong>2.5 veces m\u00e1s veh\u00edculos el\u00e9ctricos<\/strong> que en el a\u00f1o anterior\u201d, se\u00f1ala el comunicado de <strong>Fenalco<\/strong>.<\/p>\n\n<p><strong>Lee tambi\u00e9n:<\/strong> <a href=\"https:\/\/latamobility.com\/colombia-246-de-incremento-en-venta-de-vehiculos-electricos\/\">Colombia: 246% de incremento en venta de veh\u00edculos el\u00e9ctricos<\/a><\/p>\n\n<figure class=\"wp-block-image size-large\"><img fetchpriority=\"high\" decoding=\"async\" width=\"1024\" height=\"572\" src=\"https:\/\/latamobility.com\/wp-content\/uploads\/2025\/01\/Auto-1024x572.jpg\" alt=\"\" class=\"wp-image-44795\" srcset=\"https:\/\/latamobility.com\/wp-content\/uploads\/2025\/01\/Auto-1024x572.jpg 1024w, https:\/\/latamobility.com\/wp-content\/uploads\/2025\/01\/Auto-300x168.jpg 300w, https:\/\/latamobility.com\/wp-content\/uploads\/2025\/01\/Auto-768x429.jpg 768w, https:\/\/latamobility.com\/wp-content\/uploads\/2025\/01\/Auto.jpg 1280w\" sizes=\"(max-width: 1024px) 100vw, 1024px\" \/><\/figure>\n\n<h3 class=\"wp-block-heading\" id=\"h-aumento-en-hibridos\"><strong>Aumento en h\u00edbridos<\/strong><\/h3>\n\n<p>Los <strong>veh\u00edculos h\u00edbridos<\/strong> tambi\u00e9n experimentaron un notable incremento. En 2024, se matricularon <strong>42.668 unidades<\/strong>, un <strong>53,4% m\u00e1s<\/strong> que en 2023, cuando las ventas fueron de <strong>27.813 unidades<\/strong>. Este aumento indica que se vendieron aproximadamente <strong>1.5 veces m\u00e1s veh\u00edculos h\u00edbridos<\/strong> que el a\u00f1o anterior.<\/p>\n\n<p>De esta manera, <strong>diciembre del a\u00f1o anterior<\/strong> se consolid\u00f3 como el periodo de mayores ventas hist\u00f3ricas para estas tecnolog\u00edas. La venta de veh\u00edculos el\u00e9ctricos alcanz\u00f3 <strong>1.937 unidades<\/strong>, un <strong>aumento del 293%<\/strong> en comparaci\u00f3n con diciembre de 2023.<\/p>\n\n<p>En el caso de los h\u00edbridos, las ventas fueron de <strong>5.605 unidades<\/strong>, lo que representa un <strong>crecimiento del 76%<\/strong> respecto al mismo mes del a\u00f1o anterior.<\/p>\n\n<p>Los <strong>veh\u00edculos el\u00e9ctricos m\u00e1s vendidos<\/strong> en 2024 fueron los <strong>utilitarios<\/strong>, <strong>autom\u00f3viles<\/strong> y <strong>comerciales de carga<\/strong>. En cuanto a los h\u00edbridos, los <strong>utilitarios<\/strong>, <strong>autom\u00f3viles<\/strong> y <strong>pick-ups<\/strong> lideraron las preferencias de los consumidores.<\/p>\n\n<h2 class=\"wp-block-heading\" id=\"h-latam-mobility-comienza-2025-en-mexico\">Latam Mobility comienza 2025 en M\u00e9xico<\/h2>\n\n<p>El\u00a0<strong>20 de febrero de 2025<\/strong>,\u00a0<strong>Latam Mobility<\/strong>, la comunidad de movilidad sostenible m\u00e1s grande de\u00a0<strong>Am\u00e9rica Latina<\/strong>\u00a0comienza su gira en\u00a0<strong>Monterrey, M\u00e9xico<\/strong>, con la segunda edici\u00f3n del \u201c<strong>North America Mobility Summit 2025<\/strong>\u201d.<\/p>\n\n<figure class=\"wp-block-image\"><img decoding=\"async\" width=\"1024\" height=\"683\" src=\"https:\/\/latamobility.com\/wp-content\/uploads\/2025\/01\/Monterrey-1024x683.jpg\" alt=\"\" class=\"wp-image-44518\" srcset=\"https:\/\/latamobility.com\/wp-content\/uploads\/2025\/01\/Monterrey-1024x683.jpg 1024w, https:\/\/latamobility.com\/wp-content\/uploads\/2025\/01\/Monterrey-300x200.jpg 300w, https:\/\/latamobility.com\/wp-content\/uploads\/2025\/01\/Monterrey-768x512.jpg 768w, https:\/\/latamobility.com\/wp-content\/uploads\/2025\/01\/Monterrey-1536x1024.jpg 1536w, https:\/\/latamobility.com\/wp-content\/uploads\/2025\/01\/Monterrey.jpg 1800w\" sizes=\"(max-width: 1024px) 100vw, 1024px\" \/><\/figure>\n\n<p><strong>M\u00e9xico<\/strong>\u00a0se ha convertido en basti\u00f3n importante para la regi\u00f3n con la llegada de grandes marcas de la industria automotriz, con planes interesantes para instalar plantas de veh\u00edculos el\u00e9ctricos. En ese sentido,\u00a0<strong>Latam Mobility<\/strong>\u00a0se afianza como actor clave para generar\u00a0<strong>sinergia<\/strong>,\u00a0<strong>networking<\/strong>\u00a0y\u00a0<strong>alianzas<\/strong>\u00a0entre sectores p\u00fablico y privado.<\/p>\n\n<p>El \u201c<strong>North America Mobility &amp; Net Zero Summit<\/strong>\u201d en\u00a0<strong>Monterrey<\/strong>\u00a0reunir\u00e1 a las m\u00e1s importantes\u00a0<strong>empresas<\/strong>\u00a0y\u00a0<strong>l\u00edderes<\/strong>\u00a0vinculados a la\u00a0<strong>energ\u00eda<\/strong>, el\u00a0<strong>transporte<\/strong>, los\u00a0<strong>combustibles<\/strong>\u00a0y la\u00a0<strong>movilidad<\/strong>, para mostrar los avances y las perspectivas de la industria en\u00a0<strong>M\u00e9xico, Estados Unidos<\/strong>\u00a0y la regi\u00f3n.<\/p>\n\n<p>Si deseas conocer la\u00a0<strong>agenda<\/strong>\u00a0o participar como partner en la \u201c<strong>Gira 2024<\/strong>\u201d de\u00a0<strong>Latam Mobility<\/strong>\u00a0y acceder a la cartera de beneficios, escribe a\u00a0<strong><a>info@investinlatam.org<\/a><\/strong>.<\/p>\n","protected":false},"excerpt":{"rendered":"<p>El sector automotor en Colombia alcanz\u00f3 un r\u00e9cord de ventas en veh\u00edculos el\u00e9ctricos e h\u00edbridos durante 2024. Seg\u00fan el \u00faltimo informe de Fenalco, estos dos tipos de veh\u00edculos representaron un 8% y un 22%, respectivamente, del total de automotores vendidos en el pa\u00eds. El gremio detall\u00f3 que el a\u00f1o pasado se matricularon 9.178 veh\u00edculos el\u00e9ctricos,&#8230;<\/p>\n","protected":false},"author":10,"featured_media":44799,"comment_status":"open","ping_status":"closed","sticky":false,"template":"","format":"standard","meta":{"_kad_post_transparent":"","_kad_post_title":"","_kad_post_layout":"","_kad_post_sidebar_id":"","_kad_post_content_style":"","_kad_post_vertical_padding":"","_kad_post_feature":"","_kad_post_feature_position":"","_kad_post_header":false,"_kad_post_footer":false,"_kad_post_classname":"","footnotes":""},"categories":[2054],"tags":[1517,1564,1281,1489],"class_list":["post-44802","post","type-post","status-publish","format-standard","has-post-thumbnail","hentry","category-electric-mobility","tag-colombia-2","tag-electric-cars","tag-electric-mobility","tag-sustainability"],"yoast_head":"<!-- This site is optimized with the Yoast SEO Premium plugin v22.7 (Yoast SEO v27.4) - https:\/\/yoast.com\/product\/yoast-seo-premium-wordpress\/ -->\n<title>Colombia Closed 2024 with Nearly 10,000 Electric Vehicles Sold - Latam Mobility<\/title>\n<meta name=\"description\" content=\"El sector automotor en Colombia alcanz\u00f3 un r\u00e9cord de ventas en veh\u00edculos el\u00e9ctricos e h\u00edbridos durante 2024. Seg\u00fan el \u00faltimo informe de Fenalco, estos dos\" \/>\n<meta name=\"robots\" content=\"index, follow, max-snippet:-1, max-image-preview:large, max-video-preview:-1\" \/>\n<link rel=\"canonical\" href=\"https:\/\/latamobility.com\/en\/colombia-closed-2024-with-nearly-10000-electric-vehicles-sold\/\" \/>\n<meta property=\"og:locale\" content=\"en_US\" \/>\n<meta property=\"og:type\" content=\"article\" \/>\n<meta property=\"og:title\" content=\"Colombia Closed 2024 with Nearly 10,000 Electric Vehicles Sold\" \/>\n<meta property=\"og:description\" content=\"El sector automotor en Colombia alcanz\u00f3 un r\u00e9cord de ventas en veh\u00edculos el\u00e9ctricos e h\u00edbridos durante 2024. Seg\u00fan el \u00faltimo informe de Fenalco, estos dos\" \/>\n<meta property=\"og:url\" content=\"https:\/\/latamobility.com\/en\/colombia-closed-2024-with-nearly-10000-electric-vehicles-sold\/\" \/>\n<meta property=\"og:site_name\" content=\"Latam Mobility\" \/>\n<meta property=\"article:publisher\" content=\"https:\/\/www.facebook.com\/latamobility\/\" \/>\n<meta property=\"article:published_time\" content=\"2025-01-14T10:15:46+00:00\" \/>\n<meta property=\"article:modified_time\" content=\"2025-01-14T10:20:55+00:00\" \/>\n<meta property=\"og:image\" content=\"https:\/\/latamobility.com\/wp-content\/uploads\/2025\/01\/Auto-1.jpg\" \/>\n\t<meta property=\"og:image:width\" content=\"1280\" \/>\n\t<meta property=\"og:image:height\" content=\"715\" \/>\n\t<meta property=\"og:image:type\" content=\"image\/jpeg\" \/>\n<meta name=\"author\" content=\"Antonio Vilela\" \/>\n<meta name=\"twitter:card\" content=\"summary_large_image\" \/>\n<meta name=\"twitter:creator\" content=\"@LataMobility\" \/>\n<meta name=\"twitter:site\" content=\"@LataMobility\" \/>\n<meta name=\"twitter:label1\" content=\"Written by\" \/>\n\t<meta name=\"twitter:data1\" content=\"Antonio Vilela\" \/>\n\t<meta name=\"twitter:label2\" content=\"Est. reading time\" \/>\n\t<meta name=\"twitter:data2\" content=\"2 minutes\" \/>\n<script type=\"application\/ld+json\" class=\"yoast-schema-graph\">{\"@context\":\"https:\\\/\\\/schema.org\",\"@graph\":[{\"@type\":\"Article\",\"@id\":\"https:\\\/\\\/latamobility.com\\\/en\\\/colombia-closed-2024-with-nearly-10000-electric-vehicles-sold\\\/#article\",\"isPartOf\":{\"@id\":\"https:\\\/\\\/latamobility.com\\\/en\\\/colombia-closed-2024-with-nearly-10000-electric-vehicles-sold\\\/\"},\"author\":{\"name\":\"Antonio Vilela\",\"@id\":\"https:\\\/\\\/latamobility.com\\\/#\\\/schema\\\/person\\\/fda092a2de1f87d347784282908bad1a\"},\"headline\":\"Colombia Closed 2024 with Nearly 10,000 Electric Vehicles Sold\",\"datePublished\":\"2025-01-14T10:15:46+00:00\",\"dateModified\":\"2025-01-14T10:20:55+00:00\",\"mainEntityOfPage\":{\"@id\":\"https:\\\/\\\/latamobility.com\\\/en\\\/colombia-closed-2024-with-nearly-10000-electric-vehicles-sold\\\/\"},\"wordCount\":445,\"commentCount\":0,\"publisher\":{\"@id\":\"https:\\\/\\\/latamobility.com\\\/#organization\"},\"image\":{\"@id\":\"https:\\\/\\\/latamobility.com\\\/en\\\/colombia-closed-2024-with-nearly-10000-electric-vehicles-sold\\\/#primaryimage\"},\"thumbnailUrl\":\"https:\\\/\\\/latamobility.com\\\/wp-content\\\/uploads\\\/2025\\\/01\\\/Auto-1.jpg\",\"keywords\":[\"Colombia\",\"electric cars\",\"ELECTRIC MOBILITY\",\"Sustainability\"],\"articleSection\":[\"Electric Mobility\"],\"inLanguage\":\"en-US\",\"potentialAction\":[{\"@type\":\"CommentAction\",\"name\":\"Comment\",\"target\":[\"https:\\\/\\\/latamobility.com\\\/en\\\/colombia-closed-2024-with-nearly-10000-electric-vehicles-sold\\\/#respond\"]}]},{\"@type\":\"WebPage\",\"@id\":\"https:\\\/\\\/latamobility.com\\\/en\\\/colombia-closed-2024-with-nearly-10000-electric-vehicles-sold\\\/\",\"url\":\"https:\\\/\\\/latamobility.com\\\/en\\\/colombia-closed-2024-with-nearly-10000-electric-vehicles-sold\\\/\",\"name\":\"Colombia Closed 2024 with Nearly 10,000 Electric Vehicles Sold - Latam Mobility\",\"isPartOf\":{\"@id\":\"https:\\\/\\\/latamobility.com\\\/#website\"},\"primaryImageOfPage\":{\"@id\":\"https:\\\/\\\/latamobility.com\\\/en\\\/colombia-closed-2024-with-nearly-10000-electric-vehicles-sold\\\/#primaryimage\"},\"image\":{\"@id\":\"https:\\\/\\\/latamobility.com\\\/en\\\/colombia-closed-2024-with-nearly-10000-electric-vehicles-sold\\\/#primaryimage\"},\"thumbnailUrl\":\"https:\\\/\\\/latamobility.com\\\/wp-content\\\/uploads\\\/2025\\\/01\\\/Auto-1.jpg\",\"datePublished\":\"2025-01-14T10:15:46+00:00\",\"dateModified\":\"2025-01-14T10:20:55+00:00\",\"description\":\"El sector automotor en Colombia alcanz\u00f3 un r\u00e9cord de ventas en veh\u00edculos el\u00e9ctricos e h\u00edbridos durante 2024. Seg\u00fan el \u00faltimo informe de Fenalco, estos dos\",\"breadcrumb\":{\"@id\":\"https:\\\/\\\/latamobility.com\\\/en\\\/colombia-closed-2024-with-nearly-10000-electric-vehicles-sold\\\/#breadcrumb\"},\"inLanguage\":\"en-US\",\"potentialAction\":[{\"@type\":\"ReadAction\",\"target\":[\"https:\\\/\\\/latamobility.com\\\/en\\\/colombia-closed-2024-with-nearly-10000-electric-vehicles-sold\\\/\"]}]},{\"@type\":\"ImageObject\",\"inLanguage\":\"en-US\",\"@id\":\"https:\\\/\\\/latamobility.com\\\/en\\\/colombia-closed-2024-with-nearly-10000-electric-vehicles-sold\\\/#primaryimage\",\"url\":\"https:\\\/\\\/latamobility.com\\\/wp-content\\\/uploads\\\/2025\\\/01\\\/Auto-1.jpg\",\"contentUrl\":\"https:\\\/\\\/latamobility.com\\\/wp-content\\\/uploads\\\/2025\\\/01\\\/Auto-1.jpg\",\"width\":1280,\"height\":715},{\"@type\":\"BreadcrumbList\",\"@id\":\"https:\\\/\\\/latamobility.com\\\/en\\\/colombia-closed-2024-with-nearly-10000-electric-vehicles-sold\\\/#breadcrumb\",\"itemListElement\":[{\"@type\":\"ListItem\",\"position\":1,\"name\":\"Portada\",\"item\":\"https:\\\/\\\/latamobility.com\\\/\"},{\"@type\":\"ListItem\",\"position\":2,\"name\":\"Colombia Closed 2024 with Nearly 10,000 Electric Vehicles Sold\"}]},{\"@type\":\"WebSite\",\"@id\":\"https:\\\/\\\/latamobility.com\\\/#website\",\"url\":\"https:\\\/\\\/latamobility.com\\\/\",\"name\":\"Latam Mobility\",\"description\":\"Summit Series to promote Sustainable Mobility and Transport in Latin America\",\"publisher\":{\"@id\":\"https:\\\/\\\/latamobility.com\\\/#organization\"},\"potentialAction\":[{\"@type\":\"SearchAction\",\"target\":{\"@type\":\"EntryPoint\",\"urlTemplate\":\"https:\\\/\\\/latamobility.com\\\/?s={search_term_string}\"},\"query-input\":{\"@type\":\"PropertyValueSpecification\",\"valueRequired\":true,\"valueName\":\"search_term_string\"}}],\"inLanguage\":\"en-US\"},{\"@type\":\"Organization\",\"@id\":\"https:\\\/\\\/latamobility.com\\\/#organization\",\"name\":\"LATAM MOBILITY\",\"url\":\"https:\\\/\\\/latamobility.com\\\/\",\"logo\":{\"@type\":\"ImageObject\",\"inLanguage\":\"en-US\",\"@id\":\"https:\\\/\\\/latamobility.com\\\/#\\\/schema\\\/logo\\\/image\\\/\",\"url\":\"https:\\\/\\\/latamobility.com\\\/wp-content\\\/uploads\\\/2025\\\/01\\\/logos-LM-LG-2025-10.png\",\"contentUrl\":\"https:\\\/\\\/latamobility.com\\\/wp-content\\\/uploads\\\/2025\\\/01\\\/logos-LM-LG-2025-10.png\",\"width\":1080,\"height\":1080,\"caption\":\"LATAM MOBILITY\"},\"image\":{\"@id\":\"https:\\\/\\\/latamobility.com\\\/#\\\/schema\\\/logo\\\/image\\\/\"},\"sameAs\":[\"https:\\\/\\\/www.facebook.com\\\/latamobility\\\/\",\"https:\\\/\\\/x.com\\\/LataMobility\",\"https:\\\/\\\/www.instagram.com\\\/latamobility\\\/\",\"https:\\\/\\\/www.linkedin.com\\\/company\\\/latamobility\\\/\",\"https:\\\/\\\/www.youtube.com\\\/channel\\\/UCtcslRCRY0vITWaOQ1X0XUA\"]},{\"@type\":\"Person\",\"@id\":\"https:\\\/\\\/latamobility.com\\\/#\\\/schema\\\/person\\\/fda092a2de1f87d347784282908bad1a\",\"name\":\"Antonio Vilela\",\"image\":{\"@type\":\"ImageObject\",\"inLanguage\":\"en-US\",\"@id\":\"https:\\\/\\\/secure.gravatar.com\\\/avatar\\\/7eee8196fd2fda180806d7b41cd517f274d5ad3b9f65d873feb3ca7e2b3a72d2?s=96&d=mm&r=g\",\"url\":\"https:\\\/\\\/secure.gravatar.com\\\/avatar\\\/7eee8196fd2fda180806d7b41cd517f274d5ad3b9f65d873feb3ca7e2b3a72d2?s=96&d=mm&r=g\",\"contentUrl\":\"https:\\\/\\\/secure.gravatar.com\\\/avatar\\\/7eee8196fd2fda180806d7b41cd517f274d5ad3b9f65d873feb3ca7e2b3a72d2?s=96&d=mm&r=g\",\"caption\":\"Antonio Vilela\"}}]}<\/script>\n<!-- \/ Yoast SEO Premium plugin. -->","yoast_head_json":{"title":"Colombia Closed 2024 with Nearly 10,000 Electric Vehicles Sold - Latam Mobility","description":"El sector automotor en Colombia alcanz\u00f3 un r\u00e9cord de ventas en veh\u00edculos el\u00e9ctricos e h\u00edbridos durante 2024. Seg\u00fan el \u00faltimo informe de Fenalco, estos dos","robots":{"index":"index","follow":"follow","max-snippet":"max-snippet:-1","max-image-preview":"max-image-preview:large","max-video-preview":"max-video-preview:-1"},"canonical":"https:\/\/latamobility.com\/en\/colombia-closed-2024-with-nearly-10000-electric-vehicles-sold\/","og_locale":"en_US","og_type":"article","og_title":"Colombia Closed 2024 with Nearly 10,000 Electric Vehicles Sold","og_description":"El sector automotor en Colombia alcanz\u00f3 un r\u00e9cord de ventas en veh\u00edculos el\u00e9ctricos e h\u00edbridos durante 2024. Seg\u00fan el \u00faltimo informe de Fenalco, estos dos","og_url":"https:\/\/latamobility.com\/en\/colombia-closed-2024-with-nearly-10000-electric-vehicles-sold\/","og_site_name":"Latam Mobility","article_publisher":"https:\/\/www.facebook.com\/latamobility\/","article_published_time":"2025-01-14T10:15:46+00:00","article_modified_time":"2025-01-14T10:20:55+00:00","og_image":[{"width":1280,"height":715,"url":"https:\/\/latamobility.com\/wp-content\/uploads\/2025\/01\/Auto-1.jpg","type":"image\/jpeg"}],"author":"Antonio Vilela","twitter_card":"summary_large_image","twitter_creator":"@LataMobility","twitter_site":"@LataMobility","twitter_misc":{"Written by":"Antonio Vilela","Est. reading time":"2 minutes"},"schema":{"@context":"https:\/\/schema.org","@graph":[{"@type":"Article","@id":"https:\/\/latamobility.com\/en\/colombia-closed-2024-with-nearly-10000-electric-vehicles-sold\/#article","isPartOf":{"@id":"https:\/\/latamobility.com\/en\/colombia-closed-2024-with-nearly-10000-electric-vehicles-sold\/"},"author":{"name":"Antonio Vilela","@id":"https:\/\/latamobility.com\/#\/schema\/person\/fda092a2de1f87d347784282908bad1a"},"headline":"Colombia Closed 2024 with Nearly 10,000 Electric Vehicles Sold","datePublished":"2025-01-14T10:15:46+00:00","dateModified":"2025-01-14T10:20:55+00:00","mainEntityOfPage":{"@id":"https:\/\/latamobility.com\/en\/colombia-closed-2024-with-nearly-10000-electric-vehicles-sold\/"},"wordCount":445,"commentCount":0,"publisher":{"@id":"https:\/\/latamobility.com\/#organization"},"image":{"@id":"https:\/\/latamobility.com\/en\/colombia-closed-2024-with-nearly-10000-electric-vehicles-sold\/#primaryimage"},"thumbnailUrl":"https:\/\/latamobility.com\/wp-content\/uploads\/2025\/01\/Auto-1.jpg","keywords":["Colombia","electric cars","ELECTRIC MOBILITY","Sustainability"],"articleSection":["Electric Mobility"],"inLanguage":"en-US","potentialAction":[{"@type":"CommentAction","name":"Comment","target":["https:\/\/latamobility.com\/en\/colombia-closed-2024-with-nearly-10000-electric-vehicles-sold\/#respond"]}]},{"@type":"WebPage","@id":"https:\/\/latamobility.com\/en\/colombia-closed-2024-with-nearly-10000-electric-vehicles-sold\/","url":"https:\/\/latamobility.com\/en\/colombia-closed-2024-with-nearly-10000-electric-vehicles-sold\/","name":"Colombia Closed 2024 with Nearly 10,000 Electric Vehicles Sold - Latam Mobility","isPartOf":{"@id":"https:\/\/latamobility.com\/#website"},"primaryImageOfPage":{"@id":"https:\/\/latamobility.com\/en\/colombia-closed-2024-with-nearly-10000-electric-vehicles-sold\/#primaryimage"},"image":{"@id":"https:\/\/latamobility.com\/en\/colombia-closed-2024-with-nearly-10000-electric-vehicles-sold\/#primaryimage"},"thumbnailUrl":"https:\/\/latamobility.com\/wp-content\/uploads\/2025\/01\/Auto-1.jpg","datePublished":"2025-01-14T10:15:46+00:00","dateModified":"2025-01-14T10:20:55+00:00","description":"El sector automotor en Colombia alcanz\u00f3 un r\u00e9cord de ventas en veh\u00edculos el\u00e9ctricos e h\u00edbridos durante 2024. Seg\u00fan el \u00faltimo informe de Fenalco, estos dos","breadcrumb":{"@id":"https:\/\/latamobility.com\/en\/colombia-closed-2024-with-nearly-10000-electric-vehicles-sold\/#breadcrumb"},"inLanguage":"en-US","potentialAction":[{"@type":"ReadAction","target":["https:\/\/latamobility.com\/en\/colombia-closed-2024-with-nearly-10000-electric-vehicles-sold\/"]}]},{"@type":"ImageObject","inLanguage":"en-US","@id":"https:\/\/latamobility.com\/en\/colombia-closed-2024-with-nearly-10000-electric-vehicles-sold\/#primaryimage","url":"https:\/\/latamobility.com\/wp-content\/uploads\/2025\/01\/Auto-1.jpg","contentUrl":"https:\/\/latamobility.com\/wp-content\/uploads\/2025\/01\/Auto-1.jpg","width":1280,"height":715},{"@type":"BreadcrumbList","@id":"https:\/\/latamobility.com\/en\/colombia-closed-2024-with-nearly-10000-electric-vehicles-sold\/#breadcrumb","itemListElement":[{"@type":"ListItem","position":1,"name":"Portada","item":"https:\/\/latamobility.com\/"},{"@type":"ListItem","position":2,"name":"Colombia Closed 2024 with Nearly 10,000 Electric Vehicles Sold"}]},{"@type":"WebSite","@id":"https:\/\/latamobility.com\/#website","url":"https:\/\/latamobility.com\/","name":"Latam Mobility","description":"Summit Series to promote Sustainable Mobility and Transport in Latin America","publisher":{"@id":"https:\/\/latamobility.com\/#organization"},"potentialAction":[{"@type":"SearchAction","target":{"@type":"EntryPoint","urlTemplate":"https:\/\/latamobility.com\/?s={search_term_string}"},"query-input":{"@type":"PropertyValueSpecification","valueRequired":true,"valueName":"search_term_string"}}],"inLanguage":"en-US"},{"@type":"Organization","@id":"https:\/\/latamobility.com\/#organization","name":"LATAM MOBILITY","url":"https:\/\/latamobility.com\/","logo":{"@type":"ImageObject","inLanguage":"en-US","@id":"https:\/\/latamobility.com\/#\/schema\/logo\/image\/","url":"https:\/\/latamobility.com\/wp-content\/uploads\/2025\/01\/logos-LM-LG-2025-10.png","contentUrl":"https:\/\/latamobility.com\/wp-content\/uploads\/2025\/01\/logos-LM-LG-2025-10.png","width":1080,"height":1080,"caption":"LATAM MOBILITY"},"image":{"@id":"https:\/\/latamobility.com\/#\/schema\/logo\/image\/"},"sameAs":["https:\/\/www.facebook.com\/latamobility\/","https:\/\/x.com\/LataMobility","https:\/\/www.instagram.com\/latamobility\/","https:\/\/www.linkedin.com\/company\/latamobility\/","https:\/\/www.youtube.com\/channel\/UCtcslRCRY0vITWaOQ1X0XUA"]},{"@type":"Person","@id":"https:\/\/latamobility.com\/#\/schema\/person\/fda092a2de1f87d347784282908bad1a","name":"Antonio Vilela","image":{"@type":"ImageObject","inLanguage":"en-US","@id":"https:\/\/secure.gravatar.com\/avatar\/7eee8196fd2fda180806d7b41cd517f274d5ad3b9f65d873feb3ca7e2b3a72d2?s=96&d=mm&r=g","url":"https:\/\/secure.gravatar.com\/avatar\/7eee8196fd2fda180806d7b41cd517f274d5ad3b9f65d873feb3ca7e2b3a72d2?s=96&d=mm&r=g","contentUrl":"https:\/\/secure.gravatar.com\/avatar\/7eee8196fd2fda180806d7b41cd517f274d5ad3b9f65d873feb3ca7e2b3a72d2?s=96&d=mm&r=g","caption":"Antonio Vilela"}}]}},"_links":{"self":[{"href":"https:\/\/latamobility.com\/en\/wp-json\/wp\/v2\/posts\/44802","targetHints":{"allow":["GET"]}}],"collection":[{"href":"https:\/\/latamobility.com\/en\/wp-json\/wp\/v2\/posts"}],"about":[{"href":"https:\/\/latamobility.com\/en\/wp-json\/wp\/v2\/types\/post"}],"author":[{"embeddable":true,"href":"https:\/\/latamobility.com\/en\/wp-json\/wp\/v2\/users\/10"}],"replies":[{"embeddable":true,"href":"https:\/\/latamobility.com\/en\/wp-json\/wp\/v2\/comments?post=44802"}],"version-history":[{"count":5,"href":"https:\/\/latamobility.com\/en\/wp-json\/wp\/v2\/posts\/44802\/revisions"}],"predecessor-version":[{"id":44848,"href":"https:\/\/latamobility.com\/en\/wp-json\/wp\/v2\/posts\/44802\/revisions\/44848"}],"wp:featuredmedia":[{"embeddable":true,"href":"https:\/\/latamobility.com\/en\/wp-json\/wp\/v2\/media\/44799"}],"wp:attachment":[{"href":"https:\/\/latamobility.com\/en\/wp-json\/wp\/v2\/media?parent=44802"}],"wp:term":[{"taxonomy":"category","embeddable":true,"href":"https:\/\/latamobility.com\/en\/wp-json\/wp\/v2\/categories?post=44802"},{"taxonomy":"post_tag","embeddable":true,"href":"https:\/\/latamobility.com\/en\/wp-json\/wp\/v2\/tags?post=44802"}],"curies":[{"name":"wp","href":"https:\/\/api.w.org\/{rel}","templated":true}]}}