{"id":49245,"date":"2025-06-19T05:30:00","date_gmt":"2025-06-19T10:30:00","guid":{"rendered":"https:\/\/latamobility.com\/?p=49245"},"modified":"2025-06-25T05:25:38","modified_gmt":"2025-06-25T10:25:38","slug":"mexico-electric-vehicle-production-soars-and-to-surpass-250000-units","status":"publish","type":"post","link":"https:\/\/latamobility.com\/en\/mexico-electric-vehicle-production-soars-and-to-surpass-250000-units\/","title":{"rendered":"Mexico: Electric Vehicle Production Soars and to Surpass 250,000 units"},"content":{"rendered":"\n<p><strong>M\u00e9xico <\/strong>est\u00e1 redefiniendo con fuerza su posici\u00f3n en el panorama automotriz global, consolid\u00e1ndose como un <strong>epicentro estrat\u00e9gico para la electromovilidad<\/strong> en Am\u00e9rica Latina. <\/p>\n\n<p>Nuevos datos del &#8220;<strong><a href=\"https:\/\/clusterindustrial.com.mx\/cuanto-ha-crecido-la-electromovilidad-en-mexico-estas-son-las-cifras-de-2025\/\">Mapeo de Electromovilidad 2025<\/a><\/strong>&#8220;, una investigaci\u00f3n elaborada por<strong> Cluster Industrial B2B<\/strong>, revelan un crecimiento sin precedentes en la producci\u00f3n y el ecosistema de veh\u00edculos el\u00e9ctricos (EVs) en el pa\u00eds, lo que afianza su indiscutible liderazgo regional en esta industria transformadora.<\/p>\n\n<p><strong>Tambi\u00e9n te puede interesar <\/strong>| <a href=\"https:\/\/latamobility.com\/colombia-acelera-hacia-la-movilidad-electrica-acomoves-revela-los-retos-y-avances-del-sector\/\"><strong>Colombia acelera hacia la movilidad el\u00e9ctrica: ACOMOVES revela los retos y avances del sector<\/strong><\/a><\/p>\n\n<h2 class=\"wp-block-heading\" id=\"h-auge-productivo-impulsado-por-la-cadena-de-suministro\"><strong>Auge productivo impulsado por la cadena de suministro <\/strong><\/h2>\n\n<p>Los primeros meses de 2025 han sido testigos de un dinamismo en la manufactura de veh\u00edculos el\u00e9ctricos en M\u00e9xico, con un impresionante <strong>aumento del<\/strong> <strong>72,27% en la producci\u00f3n de EVs<\/strong> en comparaci\u00f3n con el mismo per\u00edodo del a\u00f1o anterior.<\/p>\n\n<p>Este crecimiento no es un fen\u00f3meno aislado; se acompa\u00f1a de una expansi\u00f3n igualmente notable en la cadena de suministro que respalda la industria. <\/p>\n\n<p>El &#8220;<strong>Mapeo de Electromovilidad 2025<\/strong>&#8221; indica que el pa\u00eds ya cuenta con <strong>m\u00e1s de 439 empresas activas<\/strong> en el sector, lo que representa un significativo incremento del <strong>37,1%<\/strong>, equivalente a m\u00e1s de 100 nuevas empresas, en tan solo siete meses.<\/p>\n\n<figure class=\"wp-block-image size-large\"><img fetchpriority=\"high\" decoding=\"async\" width=\"1024\" height=\"519\" src=\"https:\/\/latamobility.com\/wp-content\/uploads\/2025\/06\/Mexico-020625-a-1024x519.jpg\" alt=\"M&#xE9;xico\" class=\"wp-image-49228\" srcset=\"https:\/\/latamobility.com\/wp-content\/uploads\/2025\/06\/Mexico-020625-a-1024x519.jpg 1024w, https:\/\/latamobility.com\/wp-content\/uploads\/2025\/06\/Mexico-020625-a-300x152.jpg 300w, https:\/\/latamobility.com\/wp-content\/uploads\/2025\/06\/Mexico-020625-a-768x389.jpg 768w, https:\/\/latamobility.com\/wp-content\/uploads\/2025\/06\/Mexico-020625-a.jpg 1414w\" sizes=\"(max-width: 1024px) 100vw, 1024px\" \/><\/figure>\n\n<p>Esta r\u00e1pida diversificaci\u00f3n y maduraci\u00f3n del ecosistema local de electromovilidad se refleja en el impulso de subcategor\u00edas cr\u00edticas, como el <strong>tren motriz el\u00e9ctrico<\/strong>, las <strong>celdas de combustible<\/strong> y la <strong>producci\u00f3n de bater\u00edas<\/strong>, componentes esenciales que son el coraz\u00f3n de la nueva generaci\u00f3n de veh\u00edculos.<\/p>\n\n<p>Este desarrollo integral subraya la creciente capacidad de M\u00e9xico para atraer inversiones y fomentar la innovaci\u00f3n a lo largo de toda la cadena de valor de la electromovilidad.<\/p>\n\n<figure class=\"wp-block-image size-large\"><img decoding=\"async\" width=\"1024\" height=\"569\" src=\"https:\/\/latamobility.com\/wp-content\/uploads\/2025\/06\/Mexico-020625-b-1024x569.jpg\" alt=\"M&#xE9;xico\" class=\"wp-image-49231\" srcset=\"https:\/\/latamobility.com\/wp-content\/uploads\/2025\/06\/Mexico-020625-b-1024x569.jpg 1024w, https:\/\/latamobility.com\/wp-content\/uploads\/2025\/06\/Mexico-020625-b-300x167.jpg 300w, https:\/\/latamobility.com\/wp-content\/uploads\/2025\/06\/Mexico-020625-b-768x427.jpg 768w, https:\/\/latamobility.com\/wp-content\/uploads\/2025\/06\/Mexico-020625-b.jpg 1310w\" sizes=\"(max-width: 1024px) 100vw, 1024px\" \/><\/figure>\n\n<h2 class=\"wp-block-heading\" id=\"h-mexico-superara-el-cuarto-de-millon-de-evs-al-ano\"><strong>M\u00e9xico superar\u00e1 el cuarto de mill\u00f3n de EVs al a\u00f1o<\/strong><\/h2>\n\n<p>Las estimaciones para el cierre de 2025 reafirman con solidez la tendencia ascendente de M\u00e9xico en la producci\u00f3n de veh\u00edculos el\u00e9ctricos.<\/p>\n\n<p>Se proyecta que el pa\u00eds culminar\u00e1 el a\u00f1o con la fabricaci\u00f3n de <strong>m\u00e1s de 250.000 unidades el\u00e9ctricas<\/strong>, una cifra que consolidar\u00e1 su posici\u00f3n como un actor clave en la manufactura global de EVs.<\/p>\n\n<p>Este volumen de producci\u00f3n representa un sustancial incremento del <strong>21,17%<\/strong> en comparaci\u00f3n con las cifras de 2024, se\u00f1alando una trayectoria de crecimiento constante y sostenido.<\/p>\n\n<p>Este hito no solo posiciona a M\u00e9xico como un l\u00edder indiscutible en la regi\u00f3n latinoamericana en t\u00e9rminos de volumen, sino que tambi\u00e9n refuerza su atractivo como <strong>un destino privilegiado para la inversi\u00f3n extranjera directa<\/strong>, atrayendo a fabricantes globales y proveedores de componentes que buscan capitalizar la robustez de su plataforma productiva y su ubicaci\u00f3n estrat\u00e9gica.<\/p>\n\n<figure class=\"wp-block-image size-large\"><img decoding=\"async\" width=\"1024\" height=\"644\" src=\"https:\/\/latamobility.com\/wp-content\/uploads\/2025\/06\/Mexico-020625-c-1024x644.jpg\" alt=\"M&#xE9;xico\" class=\"wp-image-49234\" srcset=\"https:\/\/latamobility.com\/wp-content\/uploads\/2025\/06\/Mexico-020625-c-1024x644.jpg 1024w, https:\/\/latamobility.com\/wp-content\/uploads\/2025\/06\/Mexico-020625-c-300x189.jpg 300w, https:\/\/latamobility.com\/wp-content\/uploads\/2025\/06\/Mexico-020625-c-768x483.jpg 768w, https:\/\/latamobility.com\/wp-content\/uploads\/2025\/06\/Mexico-020625-c.jpg 1097w\" sizes=\"(max-width: 1024px) 100vw, 1024px\" \/><\/figure>\n\n<h2 class=\"wp-block-heading\" id=\"h-la-demanda-crece\"><strong>La demanda crece<\/strong><\/h2>\n\n<p>El dinamismo en la producci\u00f3n de veh\u00edculos el\u00e9ctricos se refleja directamente en el mercado interno mexicano, donde la demanda por estas tecnolog\u00edas limpias est\u00e1 en franco ascenso.<\/p>\n\n<p>Las ventas de veh\u00edculos 100% el\u00e9ctricos en M\u00e9xico han mostrado un desempe\u00f1o excepcional en los primeros meses de 2025, registrando un impresionante <strong>aumento del 72,84%<\/strong> en comparaci\u00f3n con el a\u00f1o 2023.<\/p>\n\n<p>Este incremento significativo en las ventas es un indicador claro de la creciente aceptaci\u00f3n y el entusiasmo por parte de los consumidores mexicanos hacia soluciones de transporte m\u00e1s sostenibles, eficientes y tecnol\u00f3gicamente avanzadas.<\/p>\n\n<figure class=\"wp-block-image size-large\"><img loading=\"lazy\" decoding=\"async\" width=\"1024\" height=\"632\" src=\"https:\/\/latamobility.com\/wp-content\/uploads\/2025\/06\/Mexico-020625-d-1024x632.jpg\" alt=\"\" class=\"wp-image-49237\" srcset=\"https:\/\/latamobility.com\/wp-content\/uploads\/2025\/06\/Mexico-020625-d-1024x632.jpg 1024w, https:\/\/latamobility.com\/wp-content\/uploads\/2025\/06\/Mexico-020625-d-300x185.jpg 300w, https:\/\/latamobility.com\/wp-content\/uploads\/2025\/06\/Mexico-020625-d-768x474.jpg 768w, https:\/\/latamobility.com\/wp-content\/uploads\/2025\/06\/Mexico-020625-d.jpg 1136w\" sizes=\"(max-width: 1024px) 100vw, 1024px\" \/><\/figure>\n\n<p>La confianza del consumidor en la autonom\u00eda, el rendimiento y los beneficios ambientales de los veh\u00edculos el\u00e9ctricos est\u00e1 impulsando <strong>una transformaci\u00f3n en los h\u00e1bitos de consumo<\/strong>, sentando las bases para una adopci\u00f3n masiva de la electromovilidad en el pa\u00eds.<\/p>\n\n<p>Estos datos, derivados del &#8220;<strong>Mapeo de Electromovilidad 2025<\/strong>&#8221; de <strong>Cluster Industrial B2B<\/strong>, no solo confirman la visi\u00f3n de M\u00e9xico como un <em>hub <\/em>estrat\u00e9gico para la industria automotriz del futuro, sino que tambi\u00e9n destacan su capacidad para<strong> construir un ecosistema robusto y diversificado<\/strong>.<\/p>\n\n<p>La conjunci\u00f3n de <strong>una producci\u00f3n en auge, una cadena de suministro en expansi\u00f3n y una demanda creciente por veh\u00edculos el\u00e9ctricos<\/strong>, solidifica la posici\u00f3n de M\u00e9xico como un motor fundamental para el desarrollo y la implementaci\u00f3n de la electromovilidad a largo plazo en Am\u00e9rica Latina.<\/p>\n\n<h2 class=\"wp-block-heading\" id=\"h-latam-mobility-estara-en-ciudad-de-mexico\">Latam Mobility estar\u00e1 en <strong>Ciudad de M\u00e9xico<\/strong><\/h2>\n\n<p>El 13 y 14 de octubre, el \u201c<strong>Latam Mobility M\u00e9xico 2025<\/strong>\u201d no solo mostrar\u00e1 los avances actuales, sino que definir\u00e1 la agenda de movilidad sostenible para los pr\u00f3ximos a\u00f1os en M\u00e9xico y la regi\u00f3n.<\/p>\n\n<figure class=\"wp-block-image size-large\"><img loading=\"lazy\" decoding=\"async\" width=\"1024\" height=\"576\" src=\"https:\/\/latamobility.com\/wp-content\/uploads\/2025\/06\/Banner-Latam-Mobility-Mexico-2025_logos-post-1024x576.jpg\" alt=\"Latam Mobility M&#xE9;xico 2025\" class=\"wp-image-49761\" srcset=\"https:\/\/latamobility.com\/wp-content\/uploads\/2025\/06\/Banner-Latam-Mobility-Mexico-2025_logos-post-1024x576.jpg 1024w, https:\/\/latamobility.com\/wp-content\/uploads\/2025\/06\/Banner-Latam-Mobility-Mexico-2025_logos-post-300x169.jpg 300w, https:\/\/latamobility.com\/wp-content\/uploads\/2025\/06\/Banner-Latam-Mobility-Mexico-2025_logos-post-768x432.jpg 768w, https:\/\/latamobility.com\/wp-content\/uploads\/2025\/06\/Banner-Latam-Mobility-Mexico-2025_logos-post-1536x864.jpg 1536w, https:\/\/latamobility.com\/wp-content\/uploads\/2025\/06\/Banner-Latam-Mobility-Mexico-2025_logos-post-2048x1153.jpg 2048w\" sizes=\"(max-width: 1024px) 100vw, 1024px\" \/><\/figure>\n\n<p>Para m\u00e1s informaci\u00f3n sobre c\u00f3mo participar y las opciones de posicionamiento, escriba a <a href=\"mailto:info@investinlatam.org\"><strong>info@investinlatam.org<\/strong><\/a>.<\/p>\n\n<p>Tambi\u00e9n puede contactarnos v\u00eda\u00a0<a href=\"https:\/\/lnkd.in\/eQzTYdNG\"><strong>WhatsApp<\/strong><\/a>\u00a0o adquirir su ticket en preventa para CDMX haciendo clic <strong><a href=\"https:\/\/live.eventtia.com\/es\/latammobilitymexico2025\">aqu\u00ed<\/a><\/strong>.<\/p>\n\n<p><\/p>\n","protected":false},"excerpt":{"rendered":"<p>M\u00e9xico est\u00e1 redefiniendo con fuerza su posici\u00f3n en el panorama automotriz global, consolid\u00e1ndose como un epicentro estrat\u00e9gico para la electromovilidad en Am\u00e9rica Latina. Nuevos datos del &#8220;Mapeo de Electromovilidad 2025&#8220;, una investigaci\u00f3n elaborada por Cluster Industrial B2B, revelan un crecimiento sin precedentes en la producci\u00f3n y el ecosistema de veh\u00edculos el\u00e9ctricos (EVs) en el pa\u00eds,&#8230;<\/p>\n","protected":false},"author":10,"featured_media":49241,"comment_status":"open","ping_status":"closed","sticky":false,"template":"","format":"standard","meta":{"_kad_post_transparent":"","_kad_post_title":"","_kad_post_layout":"","_kad_post_sidebar_id":"","_kad_post_content_style":"","_kad_post_vertical_padding":"","_kad_post_feature":"","_kad_post_feature_position":"","_kad_post_header":false,"_kad_post_footer":false,"_kad_post_classname":"","footnotes":""},"categories":[2054],"tags":[1618,2079],"class_list":["post-49245","post","type-post","status-publish","format-standard","has-post-thumbnail","hentry","category-electric-mobility","tag-electric-vehicles","tag-mexico-2"],"yoast_head":"<!-- This site is optimized with the Yoast SEO Premium plugin v22.7 (Yoast SEO v27.1.1) - https:\/\/yoast.com\/product\/yoast-seo-premium-wordpress\/ -->\n<title>Mexico: Electric Vehicle Production Soars and to Surpass 250,000 units - Latam Mobility<\/title>\n<meta name=\"description\" content=\"M\u00e9xico est\u00e1 redefiniendo con fuerza su posici\u00f3n en el panorama automotriz global, consolid\u00e1ndose como un epicentro estrat\u00e9gico para la electromovilidad en\" \/>\n<meta name=\"robots\" content=\"index, follow, max-snippet:-1, max-image-preview:large, max-video-preview:-1\" \/>\n<link rel=\"canonical\" href=\"https:\/\/latamobility.com\/en\/mexico-electric-vehicle-production-soars-and-to-surpass-250000-units\/\" \/>\n<meta property=\"og:locale\" content=\"en_US\" \/>\n<meta property=\"og:type\" content=\"article\" \/>\n<meta property=\"og:title\" content=\"Mexico: Electric Vehicle Production Soars and to Surpass 250,000 units\" \/>\n<meta property=\"og:description\" content=\"M\u00e9xico est\u00e1 redefiniendo con fuerza su posici\u00f3n en el panorama automotriz global, consolid\u00e1ndose como un epicentro estrat\u00e9gico para la electromovilidad en\" \/>\n<meta property=\"og:url\" content=\"https:\/\/latamobility.com\/en\/mexico-electric-vehicle-production-soars-and-to-surpass-250000-units\/\" \/>\n<meta property=\"og:site_name\" content=\"Latam Mobility\" \/>\n<meta property=\"article:publisher\" content=\"https:\/\/www.facebook.com\/latamobility\/\" \/>\n<meta property=\"article:published_time\" content=\"2025-06-19T10:30:00+00:00\" \/>\n<meta property=\"article:modified_time\" content=\"2025-06-25T10:25:38+00:00\" \/>\n<meta property=\"og:image\" content=\"https:\/\/latamobility.com\/wp-content\/uploads\/2025\/06\/Mexico-020625-e.jpg\" \/>\n\t<meta property=\"og:image:width\" content=\"1208\" \/>\n\t<meta property=\"og:image:height\" content=\"833\" \/>\n\t<meta property=\"og:image:type\" content=\"image\/jpeg\" \/>\n<meta name=\"author\" content=\"Antonio Vilela\" \/>\n<meta name=\"twitter:card\" content=\"summary_large_image\" \/>\n<meta name=\"twitter:creator\" content=\"@LataMobility\" \/>\n<meta name=\"twitter:site\" content=\"@LataMobility\" \/>\n<meta name=\"twitter:label1\" content=\"Written by\" \/>\n\t<meta name=\"twitter:data1\" content=\"Antonio Vilela\" \/>\n\t<meta name=\"twitter:label2\" content=\"Est. reading time\" \/>\n\t<meta name=\"twitter:data2\" content=\"4 minutes\" \/>\n<script type=\"application\/ld+json\" class=\"yoast-schema-graph\">{\"@context\":\"https:\/\/schema.org\",\"@graph\":[{\"@type\":\"Article\",\"@id\":\"https:\/\/latamobility.com\/en\/mexico-electric-vehicle-production-soars-and-to-surpass-250000-units\/#article\",\"isPartOf\":{\"@id\":\"https:\/\/latamobility.com\/en\/mexico-electric-vehicle-production-soars-and-to-surpass-250000-units\/\"},\"author\":{\"name\":\"Antonio Vilela\",\"@id\":\"https:\/\/latamobility.com\/#\/schema\/person\/fda092a2de1f87d347784282908bad1a\"},\"headline\":\"Mexico: Electric Vehicle Production Soars and to Surpass 250,000 units\",\"datePublished\":\"2025-06-19T10:30:00+00:00\",\"dateModified\":\"2025-06-25T10:25:38+00:00\",\"mainEntityOfPage\":{\"@id\":\"https:\/\/latamobility.com\/en\/mexico-electric-vehicle-production-soars-and-to-surpass-250000-units\/\"},\"wordCount\":800,\"commentCount\":0,\"publisher\":{\"@id\":\"https:\/\/latamobility.com\/#organization\"},\"image\":{\"@id\":\"https:\/\/latamobility.com\/en\/mexico-electric-vehicle-production-soars-and-to-surpass-250000-units\/#primaryimage\"},\"thumbnailUrl\":\"https:\/\/latamobility.com\/wp-content\/uploads\/2025\/06\/Mexico-020625-e.jpg\",\"keywords\":[\"Electric vehicles\",\"Mexico\"],\"articleSection\":[\"Electric Mobility\"],\"inLanguage\":\"en-US\",\"potentialAction\":[{\"@type\":\"CommentAction\",\"name\":\"Comment\",\"target\":[\"https:\/\/latamobility.com\/en\/mexico-electric-vehicle-production-soars-and-to-surpass-250000-units\/#respond\"]}]},{\"@type\":\"WebPage\",\"@id\":\"https:\/\/latamobility.com\/en\/mexico-electric-vehicle-production-soars-and-to-surpass-250000-units\/\",\"url\":\"https:\/\/latamobility.com\/en\/mexico-electric-vehicle-production-soars-and-to-surpass-250000-units\/\",\"name\":\"Mexico: Electric Vehicle Production Soars and to Surpass 250,000 units - Latam Mobility\",\"isPartOf\":{\"@id\":\"https:\/\/latamobility.com\/#website\"},\"primaryImageOfPage\":{\"@id\":\"https:\/\/latamobility.com\/en\/mexico-electric-vehicle-production-soars-and-to-surpass-250000-units\/#primaryimage\"},\"image\":{\"@id\":\"https:\/\/latamobility.com\/en\/mexico-electric-vehicle-production-soars-and-to-surpass-250000-units\/#primaryimage\"},\"thumbnailUrl\":\"https:\/\/latamobility.com\/wp-content\/uploads\/2025\/06\/Mexico-020625-e.jpg\",\"datePublished\":\"2025-06-19T10:30:00+00:00\",\"dateModified\":\"2025-06-25T10:25:38+00:00\",\"description\":\"M\u00e9xico est\u00e1 redefiniendo con fuerza su posici\u00f3n en el panorama automotriz global, consolid\u00e1ndose como un epicentro estrat\u00e9gico para la electromovilidad en\",\"breadcrumb\":{\"@id\":\"https:\/\/latamobility.com\/en\/mexico-electric-vehicle-production-soars-and-to-surpass-250000-units\/#breadcrumb\"},\"inLanguage\":\"en-US\",\"potentialAction\":[{\"@type\":\"ReadAction\",\"target\":[\"https:\/\/latamobility.com\/en\/mexico-electric-vehicle-production-soars-and-to-surpass-250000-units\/\"]}]},{\"@type\":\"ImageObject\",\"inLanguage\":\"en-US\",\"@id\":\"https:\/\/latamobility.com\/en\/mexico-electric-vehicle-production-soars-and-to-surpass-250000-units\/#primaryimage\",\"url\":\"https:\/\/latamobility.com\/wp-content\/uploads\/2025\/06\/Mexico-020625-e.jpg\",\"contentUrl\":\"https:\/\/latamobility.com\/wp-content\/uploads\/2025\/06\/Mexico-020625-e.jpg\",\"width\":1208,\"height\":833,\"caption\":\"M\u00e9xico\"},{\"@type\":\"BreadcrumbList\",\"@id\":\"https:\/\/latamobility.com\/en\/mexico-electric-vehicle-production-soars-and-to-surpass-250000-units\/#breadcrumb\",\"itemListElement\":[{\"@type\":\"ListItem\",\"position\":1,\"name\":\"Portada\",\"item\":\"https:\/\/latamobility.com\/\"},{\"@type\":\"ListItem\",\"position\":2,\"name\":\"Mexico: Electric Vehicle Production Soars and to Surpass 250,000 units\"}]},{\"@type\":\"WebSite\",\"@id\":\"https:\/\/latamobility.com\/#website\",\"url\":\"https:\/\/latamobility.com\/\",\"name\":\"Latam Mobility\",\"description\":\"Summit Series to promote Sustainable Mobility and Transport in Latin America\",\"publisher\":{\"@id\":\"https:\/\/latamobility.com\/#organization\"},\"potentialAction\":[{\"@type\":\"SearchAction\",\"target\":{\"@type\":\"EntryPoint\",\"urlTemplate\":\"https:\/\/latamobility.com\/?s={search_term_string}\"},\"query-input\":{\"@type\":\"PropertyValueSpecification\",\"valueRequired\":true,\"valueName\":\"search_term_string\"}}],\"inLanguage\":\"en-US\"},{\"@type\":\"Organization\",\"@id\":\"https:\/\/latamobility.com\/#organization\",\"name\":\"LATAM MOBILITY\",\"url\":\"https:\/\/latamobility.com\/\",\"logo\":{\"@type\":\"ImageObject\",\"inLanguage\":\"en-US\",\"@id\":\"https:\/\/latamobility.com\/#\/schema\/logo\/image\/\",\"url\":\"https:\/\/latamobility.com\/wp-content\/uploads\/2025\/01\/logos-LM-LG-2025-10.png\",\"contentUrl\":\"https:\/\/latamobility.com\/wp-content\/uploads\/2025\/01\/logos-LM-LG-2025-10.png\",\"width\":1080,\"height\":1080,\"caption\":\"LATAM MOBILITY\"},\"image\":{\"@id\":\"https:\/\/latamobility.com\/#\/schema\/logo\/image\/\"},\"sameAs\":[\"https:\/\/www.facebook.com\/latamobility\/\",\"https:\/\/x.com\/LataMobility\",\"https:\/\/www.instagram.com\/latamobility\/\",\"https:\/\/www.linkedin.com\/company\/latamobility\/\",\"https:\/\/www.youtube.com\/channel\/UCtcslRCRY0vITWaOQ1X0XUA\"]},{\"@type\":\"Person\",\"@id\":\"https:\/\/latamobility.com\/#\/schema\/person\/fda092a2de1f87d347784282908bad1a\",\"name\":\"Antonio Vilela\",\"image\":{\"@type\":\"ImageObject\",\"inLanguage\":\"en-US\",\"@id\":\"https:\/\/latamobility.com\/#\/schema\/person\/image\/\",\"url\":\"https:\/\/secure.gravatar.com\/avatar\/7eee8196fd2fda180806d7b41cd517f274d5ad3b9f65d873feb3ca7e2b3a72d2?s=96&d=mm&r=g\",\"contentUrl\":\"https:\/\/secure.gravatar.com\/avatar\/7eee8196fd2fda180806d7b41cd517f274d5ad3b9f65d873feb3ca7e2b3a72d2?s=96&d=mm&r=g\",\"caption\":\"Antonio Vilela\"}}]}<\/script>\n<!-- \/ Yoast SEO Premium plugin. -->","yoast_head_json":{"title":"Mexico: Electric Vehicle Production Soars and to Surpass 250,000 units - Latam Mobility","description":"M\u00e9xico est\u00e1 redefiniendo con fuerza su posici\u00f3n en el panorama automotriz global, consolid\u00e1ndose como un epicentro estrat\u00e9gico para la electromovilidad en","robots":{"index":"index","follow":"follow","max-snippet":"max-snippet:-1","max-image-preview":"max-image-preview:large","max-video-preview":"max-video-preview:-1"},"canonical":"https:\/\/latamobility.com\/en\/mexico-electric-vehicle-production-soars-and-to-surpass-250000-units\/","og_locale":"en_US","og_type":"article","og_title":"Mexico: Electric Vehicle Production Soars and to Surpass 250,000 units","og_description":"M\u00e9xico est\u00e1 redefiniendo con fuerza su posici\u00f3n en el panorama automotriz global, consolid\u00e1ndose como un epicentro estrat\u00e9gico para la electromovilidad en","og_url":"https:\/\/latamobility.com\/en\/mexico-electric-vehicle-production-soars-and-to-surpass-250000-units\/","og_site_name":"Latam Mobility","article_publisher":"https:\/\/www.facebook.com\/latamobility\/","article_published_time":"2025-06-19T10:30:00+00:00","article_modified_time":"2025-06-25T10:25:38+00:00","og_image":[{"width":1208,"height":833,"url":"https:\/\/latamobility.com\/wp-content\/uploads\/2025\/06\/Mexico-020625-e.jpg","type":"image\/jpeg"}],"author":"Antonio Vilela","twitter_card":"summary_large_image","twitter_creator":"@LataMobility","twitter_site":"@LataMobility","twitter_misc":{"Written by":"Antonio Vilela","Est. reading time":"4 minutes"},"schema":{"@context":"https:\/\/schema.org","@graph":[{"@type":"Article","@id":"https:\/\/latamobility.com\/en\/mexico-electric-vehicle-production-soars-and-to-surpass-250000-units\/#article","isPartOf":{"@id":"https:\/\/latamobility.com\/en\/mexico-electric-vehicle-production-soars-and-to-surpass-250000-units\/"},"author":{"name":"Antonio Vilela","@id":"https:\/\/latamobility.com\/#\/schema\/person\/fda092a2de1f87d347784282908bad1a"},"headline":"Mexico: Electric Vehicle Production Soars and to Surpass 250,000 units","datePublished":"2025-06-19T10:30:00+00:00","dateModified":"2025-06-25T10:25:38+00:00","mainEntityOfPage":{"@id":"https:\/\/latamobility.com\/en\/mexico-electric-vehicle-production-soars-and-to-surpass-250000-units\/"},"wordCount":800,"commentCount":0,"publisher":{"@id":"https:\/\/latamobility.com\/#organization"},"image":{"@id":"https:\/\/latamobility.com\/en\/mexico-electric-vehicle-production-soars-and-to-surpass-250000-units\/#primaryimage"},"thumbnailUrl":"https:\/\/latamobility.com\/wp-content\/uploads\/2025\/06\/Mexico-020625-e.jpg","keywords":["Electric vehicles","Mexico"],"articleSection":["Electric Mobility"],"inLanguage":"en-US","potentialAction":[{"@type":"CommentAction","name":"Comment","target":["https:\/\/latamobility.com\/en\/mexico-electric-vehicle-production-soars-and-to-surpass-250000-units\/#respond"]}]},{"@type":"WebPage","@id":"https:\/\/latamobility.com\/en\/mexico-electric-vehicle-production-soars-and-to-surpass-250000-units\/","url":"https:\/\/latamobility.com\/en\/mexico-electric-vehicle-production-soars-and-to-surpass-250000-units\/","name":"Mexico: Electric Vehicle Production Soars and to Surpass 250,000 units - Latam Mobility","isPartOf":{"@id":"https:\/\/latamobility.com\/#website"},"primaryImageOfPage":{"@id":"https:\/\/latamobility.com\/en\/mexico-electric-vehicle-production-soars-and-to-surpass-250000-units\/#primaryimage"},"image":{"@id":"https:\/\/latamobility.com\/en\/mexico-electric-vehicle-production-soars-and-to-surpass-250000-units\/#primaryimage"},"thumbnailUrl":"https:\/\/latamobility.com\/wp-content\/uploads\/2025\/06\/Mexico-020625-e.jpg","datePublished":"2025-06-19T10:30:00+00:00","dateModified":"2025-06-25T10:25:38+00:00","description":"M\u00e9xico est\u00e1 redefiniendo con fuerza su posici\u00f3n en el panorama automotriz global, consolid\u00e1ndose como un epicentro estrat\u00e9gico para la electromovilidad en","breadcrumb":{"@id":"https:\/\/latamobility.com\/en\/mexico-electric-vehicle-production-soars-and-to-surpass-250000-units\/#breadcrumb"},"inLanguage":"en-US","potentialAction":[{"@type":"ReadAction","target":["https:\/\/latamobility.com\/en\/mexico-electric-vehicle-production-soars-and-to-surpass-250000-units\/"]}]},{"@type":"ImageObject","inLanguage":"en-US","@id":"https:\/\/latamobility.com\/en\/mexico-electric-vehicle-production-soars-and-to-surpass-250000-units\/#primaryimage","url":"https:\/\/latamobility.com\/wp-content\/uploads\/2025\/06\/Mexico-020625-e.jpg","contentUrl":"https:\/\/latamobility.com\/wp-content\/uploads\/2025\/06\/Mexico-020625-e.jpg","width":1208,"height":833,"caption":"M\u00e9xico"},{"@type":"BreadcrumbList","@id":"https:\/\/latamobility.com\/en\/mexico-electric-vehicle-production-soars-and-to-surpass-250000-units\/#breadcrumb","itemListElement":[{"@type":"ListItem","position":1,"name":"Portada","item":"https:\/\/latamobility.com\/"},{"@type":"ListItem","position":2,"name":"Mexico: Electric Vehicle Production Soars and to Surpass 250,000 units"}]},{"@type":"WebSite","@id":"https:\/\/latamobility.com\/#website","url":"https:\/\/latamobility.com\/","name":"Latam Mobility","description":"Summit Series to promote Sustainable Mobility and Transport in Latin America","publisher":{"@id":"https:\/\/latamobility.com\/#organization"},"potentialAction":[{"@type":"SearchAction","target":{"@type":"EntryPoint","urlTemplate":"https:\/\/latamobility.com\/?s={search_term_string}"},"query-input":{"@type":"PropertyValueSpecification","valueRequired":true,"valueName":"search_term_string"}}],"inLanguage":"en-US"},{"@type":"Organization","@id":"https:\/\/latamobility.com\/#organization","name":"LATAM MOBILITY","url":"https:\/\/latamobility.com\/","logo":{"@type":"ImageObject","inLanguage":"en-US","@id":"https:\/\/latamobility.com\/#\/schema\/logo\/image\/","url":"https:\/\/latamobility.com\/wp-content\/uploads\/2025\/01\/logos-LM-LG-2025-10.png","contentUrl":"https:\/\/latamobility.com\/wp-content\/uploads\/2025\/01\/logos-LM-LG-2025-10.png","width":1080,"height":1080,"caption":"LATAM MOBILITY"},"image":{"@id":"https:\/\/latamobility.com\/#\/schema\/logo\/image\/"},"sameAs":["https:\/\/www.facebook.com\/latamobility\/","https:\/\/x.com\/LataMobility","https:\/\/www.instagram.com\/latamobility\/","https:\/\/www.linkedin.com\/company\/latamobility\/","https:\/\/www.youtube.com\/channel\/UCtcslRCRY0vITWaOQ1X0XUA"]},{"@type":"Person","@id":"https:\/\/latamobility.com\/#\/schema\/person\/fda092a2de1f87d347784282908bad1a","name":"Antonio Vilela","image":{"@type":"ImageObject","inLanguage":"en-US","@id":"https:\/\/latamobility.com\/#\/schema\/person\/image\/","url":"https:\/\/secure.gravatar.com\/avatar\/7eee8196fd2fda180806d7b41cd517f274d5ad3b9f65d873feb3ca7e2b3a72d2?s=96&d=mm&r=g","contentUrl":"https:\/\/secure.gravatar.com\/avatar\/7eee8196fd2fda180806d7b41cd517f274d5ad3b9f65d873feb3ca7e2b3a72d2?s=96&d=mm&r=g","caption":"Antonio Vilela"}}]}},"_links":{"self":[{"href":"https:\/\/latamobility.com\/en\/wp-json\/wp\/v2\/posts\/49245","targetHints":{"allow":["GET"]}}],"collection":[{"href":"https:\/\/latamobility.com\/en\/wp-json\/wp\/v2\/posts"}],"about":[{"href":"https:\/\/latamobility.com\/en\/wp-json\/wp\/v2\/types\/post"}],"author":[{"embeddable":true,"href":"https:\/\/latamobility.com\/en\/wp-json\/wp\/v2\/users\/10"}],"replies":[{"embeddable":true,"href":"https:\/\/latamobility.com\/en\/wp-json\/wp\/v2\/comments?post=49245"}],"version-history":[{"count":6,"href":"https:\/\/latamobility.com\/en\/wp-json\/wp\/v2\/posts\/49245\/revisions"}],"predecessor-version":[{"id":49986,"href":"https:\/\/latamobility.com\/en\/wp-json\/wp\/v2\/posts\/49245\/revisions\/49986"}],"wp:featuredmedia":[{"embeddable":true,"href":"https:\/\/latamobility.com\/en\/wp-json\/wp\/v2\/media\/49241"}],"wp:attachment":[{"href":"https:\/\/latamobility.com\/en\/wp-json\/wp\/v2\/media?parent=49245"}],"wp:term":[{"taxonomy":"category","embeddable":true,"href":"https:\/\/latamobility.com\/en\/wp-json\/wp\/v2\/categories?post=49245"},{"taxonomy":"post_tag","embeddable":true,"href":"https:\/\/latamobility.com\/en\/wp-json\/wp\/v2\/tags?post=49245"}],"curies":[{"name":"wp","href":"https:\/\/api.w.org\/{rel}","templated":true}]}}