{"id":28559,"date":"2024-02-08T05:15:00","date_gmt":"2024-02-08T10:15:00","guid":{"rendered":"https:\/\/latamobility.com\/?p=28559"},"modified":"2024-02-07T11:11:50","modified_gmt":"2024-02-07T16:11:50","slug":"marcio-stefani-e-ricardo-bacellar-confirmam-presenca-no-latam-mobility-net-zero-brazil-2024-em-sao-paulo","status":"publish","type":"post","link":"https:\/\/latamobility.com\/pt-br\/marcio-stefani-e-ricardo-bacellar-confirmam-presenca-no-latam-mobility-net-zero-brazil-2024-em-sao-paulo\/","title":{"rendered":"M\u00e1rcio St\u00e9fani e Ricardo Bacellar confirmam presen\u00e7a no &#8220;Latam Mobility &#038; Net Zero Brazil 2024&#8221;, em S\u00e3o Paulo"},"content":{"rendered":"\n<p><span lang=\"EN-US\"><strong>Latam Mobility<\/strong> tem o prazer de anunciar que sediar\u00e1 seu aguardado Summit em <strong>S\u00e3o Paulo<\/strong> nos dias <strong>2 e 3 de julho<\/strong>. O evento reunir\u00e1 l\u00edderes e especialistas do setor de mobilidade para discutir as \u00faltimas tend\u00eancias e inova\u00e7\u00f5es no mercado.<\/span><\/p>\n\n\n\n<p><span lang=\"EN-US\">\u00a0O Summit contar\u00e1 com a presen\u00e7a especial dos renomados apresentadores do canal do <em>YouTube <\/em>&#8220;<strong>Papo Da Garagem<\/strong>&#8220;, <strong>Ricardo Bacellar e M\u00e1rcio St\u00e9fani<\/strong>, que apresentar\u00e3o uma palestra interativa com o p\u00fablico. <\/span><\/p>\n\n\n\n<p><span lang=\"EN-US\">O canal \u00e9 conhecido por seu conte\u00fado informativo e envolvente sobre mobilidade e tecnologia, e a presen\u00e7a de seus anfitri\u00f5es promete trazer uma perspectiva \u00fanica e empolgante para o evento.\u00a0<\/span><\/p>\n\n\n\n<figure class=\"wp-block-image size-large\"><img fetchpriority=\"high\" decoding=\"async\" width=\"1024\" height=\"576\" src=\"https:\/\/latamobility.com\/wp-content\/uploads\/2024\/02\/yGsiylO-1024x576.jpeg\" alt=\"Brasil\" class=\"wp-image-28554\" srcset=\"https:\/\/latamobility.com\/wp-content\/uploads\/2024\/02\/yGsiylO-1024x576.jpeg 1024w, https:\/\/latamobility.com\/wp-content\/uploads\/2024\/02\/yGsiylO-300x169.jpeg 300w, https:\/\/latamobility.com\/wp-content\/uploads\/2024\/02\/yGsiylO-768x432.jpeg 768w, https:\/\/latamobility.com\/wp-content\/uploads\/2024\/02\/yGsiylO-1536x864.jpeg 1536w, https:\/\/latamobility.com\/wp-content\/uploads\/2024\/02\/yGsiylO-2048x1153.jpeg 2048w, https:\/\/latamobility.com\/wp-content\/uploads\/2024\/02\/yGsiylO-600x338.jpeg 600w\" sizes=\"(max-width: 1024px) 100vw, 1024px\" \/><\/figure>\n\n\n\n<p><span lang=\"EN-US\">&#8220;Estamos entusiasmados em receber os anfitri\u00f5es do canal &#8216;<strong>Papo Da Garagem<\/strong>&#8216; como parte do nosso Summit&#8221;, disse o porta-voz da <strong>Latam Mobility<\/strong>. &#8220;Acreditamos que sua participa\u00e7\u00e3o trar\u00e1 uma valiosa contribui\u00e7\u00e3o para as discuss\u00f5es sobre o futuro da mobilidade na Am\u00e9rica Latina.&#8221;\u00a0<\/span><\/p>\n\n\n\n<p><span lang=\"EN-US\">O evento oferecer\u00e1 uma <strong>plataforma \u00fanica para networking, aprendizado e colabora\u00e7\u00e3o entre os principais players do setor<\/strong>, promovendo o avan\u00e7o e a inova\u00e7\u00e3o na ind\u00fastria da mobilidade.\u00a0 <\/span><\/p>\n\n\n\n<p>Para mais informa\u00e7\u00f5es sobre o Latam Mobility &amp; Net Zero Brasil 2024, incluindo detalhes sobre a programa\u00e7\u00e3o, acesse nosso site <a href=\"http:\/\/www.latamobility.com\"><strong>www.latamobility.com<\/strong><\/a> e para comprar ingressos, clique <a href=\"https:\/\/live.eventtia.com\/es\/latammobilitybrasil2024\/HOME\"><strong>aqui<\/strong><\/a><\/p>\n","protected":false},"excerpt":{"rendered":"<p>Latam Mobility tem o prazer de anunciar que sediar\u00e1 seu aguardado Summit em S\u00e3o Paulo nos dias 2 e 3 de julho. O evento reunir\u00e1 l\u00edderes e especialistas do setor de mobilidade para discutir as \u00faltimas tend\u00eancias e inova\u00e7\u00f5es no mercado. \u00a0O Summit contar\u00e1 com a presen\u00e7a especial dos renomados apresentadores do canal do YouTube&#8230;<\/p>\n","protected":false},"author":10,"featured_media":28557,"comment_status":"open","ping_status":"closed","sticky":false,"template":"","format":"standard","meta":{"_kad_post_transparent":"","_kad_post_title":"","_kad_post_layout":"","_kad_post_sidebar_id":"","_kad_post_content_style":"","_kad_post_vertical_padding":"","_kad_post_feature":"","_kad_post_feature_position":"","_kad_post_header":false,"_kad_post_footer":false,"_kad_post_classname":"","footnotes":""},"categories":[2356],"tags":[2360],"class_list":["post-28559","post","type-post","status-publish","format-standard","has-post-thumbnail","hentry","category-movilidad-electrica-pt-br","tag-brasil-pt-br"],"yoast_head":"<!-- This site is optimized with the Yoast SEO Premium plugin v22.7 (Yoast SEO v27.4) - https:\/\/yoast.com\/product\/yoast-seo-premium-wordpress\/ -->\n<title>M\u00e1rcio St\u00e9fani e Ricardo Bacellar confirmam presen\u00e7a no &quot;Latam Mobility &amp; Net Zero Brazil 2024&quot;, em S\u00e3o Paulo - Latam Mobility<\/title>\n<meta name=\"description\" content=\"Latam Mobility tem o prazer de anunciar que sediar\u00e1 seu aguardado Summit em S\u00e3o Paulo nos dias 2 e 3 de julho. O evento reunir\u00e1 l\u00edderes e especialistas do\" \/>\n<meta name=\"robots\" content=\"index, follow, max-snippet:-1, max-image-preview:large, max-video-preview:-1\" \/>\n<link rel=\"canonical\" href=\"https:\/\/latamobility.com\/marcio-stefani-y-ricardo-bacellar-confirman-su-presencia-en-el-latam-mobility-net-zero-brasil-2024-en-sao-paulo\/\" \/>\n<meta property=\"og:locale\" content=\"pt_BR\" \/>\n<meta property=\"og:type\" content=\"article\" \/>\n<meta property=\"og:title\" content=\"M\u00e1rcio St\u00e9fani e Ricardo Bacellar confirmam presen\u00e7a no &quot;Latam Mobility &amp; Net Zero Brazil 2024&quot;, em S\u00e3o Paulo\" \/>\n<meta property=\"og:description\" content=\"Latam Mobility tem o prazer de anunciar que sediar\u00e1 seu aguardado Summit em S\u00e3o Paulo nos dias 2 e 3 de julho. O evento reunir\u00e1 l\u00edderes e especialistas do\" \/>\n<meta property=\"og:url\" content=\"https:\/\/latamobility.com\/marcio-stefani-y-ricardo-bacellar-confirman-su-presencia-en-el-latam-mobility-net-zero-brasil-2024-en-sao-paulo\/\" \/>\n<meta property=\"og:site_name\" content=\"Latam Mobility\" \/>\n<meta property=\"article:publisher\" content=\"https:\/\/www.facebook.com\/latamobility\/\" \/>\n<meta property=\"article:published_time\" content=\"2024-02-08T10:15:00+00:00\" \/>\n<meta property=\"og:image\" content=\"https:\/\/latamobility.com\/wp-content\/uploads\/2024\/02\/Banner-Latam-Mobility-Net-Zero-Brasil-2024-twitter-scaled.jpg\" \/>\n\t<meta property=\"og:image:width\" content=\"2560\" \/>\n\t<meta property=\"og:image:height\" content=\"1441\" \/>\n\t<meta property=\"og:image:type\" content=\"image\/jpeg\" \/>\n<meta name=\"author\" content=\"Antonio Vilela\" \/>\n<meta name=\"twitter:card\" content=\"summary_large_image\" \/>\n<meta name=\"twitter:creator\" content=\"@LataMobility\" \/>\n<meta name=\"twitter:site\" content=\"@LataMobility\" \/>\n<meta name=\"twitter:label1\" content=\"Escrito por\" \/>\n\t<meta name=\"twitter:data1\" content=\"Antonio Vilela\" \/>\n\t<meta name=\"twitter:label2\" content=\"Est. tempo de leitura\" \/>\n\t<meta name=\"twitter:data2\" content=\"1 minuto\" \/>\n<script type=\"application\/ld+json\" class=\"yoast-schema-graph\">{\"@context\":\"https:\\\/\\\/schema.org\",\"@graph\":[{\"@type\":\"Article\",\"@id\":\"https:\\\/\\\/latamobility.com\\\/marcio-stefani-y-ricardo-bacellar-confirman-su-presencia-en-el-latam-mobility-net-zero-brasil-2024-en-sao-paulo\\\/#article\",\"isPartOf\":{\"@id\":\"https:\\\/\\\/latamobility.com\\\/marcio-stefani-y-ricardo-bacellar-confirman-su-presencia-en-el-latam-mobility-net-zero-brasil-2024-en-sao-paulo\\\/\"},\"author\":{\"name\":\"Antonio Vilela\",\"@id\":\"https:\\\/\\\/latamobility.com\\\/#\\\/schema\\\/person\\\/fda092a2de1f87d347784282908bad1a\"},\"headline\":\"M\u00e1rcio St\u00e9fani e Ricardo Bacellar confirmam presen\u00e7a no &#8220;Latam Mobility &#038; Net Zero Brazil 2024&#8221;, em S\u00e3o Paulo\",\"datePublished\":\"2024-02-08T10:15:00+00:00\",\"mainEntityOfPage\":{\"@id\":\"https:\\\/\\\/latamobility.com\\\/marcio-stefani-y-ricardo-bacellar-confirman-su-presencia-en-el-latam-mobility-net-zero-brasil-2024-en-sao-paulo\\\/\"},\"wordCount\":237,\"commentCount\":0,\"publisher\":{\"@id\":\"https:\\\/\\\/latamobility.com\\\/#organization\"},\"image\":{\"@id\":\"https:\\\/\\\/latamobility.com\\\/marcio-stefani-y-ricardo-bacellar-confirman-su-presencia-en-el-latam-mobility-net-zero-brasil-2024-en-sao-paulo\\\/#primaryimage\"},\"thumbnailUrl\":\"https:\\\/\\\/latamobility.com\\\/wp-content\\\/uploads\\\/2024\\\/02\\\/Banner-Latam-Mobility-Net-Zero-Brasil-2024-twitter-scaled.jpg\",\"keywords\":[\"Brasil\"],\"articleSection\":[\"Movilidad el\u00e9ctrica\"],\"inLanguage\":\"pt-BR\",\"potentialAction\":[{\"@type\":\"CommentAction\",\"name\":\"Comment\",\"target\":[\"https:\\\/\\\/latamobility.com\\\/marcio-stefani-y-ricardo-bacellar-confirman-su-presencia-en-el-latam-mobility-net-zero-brasil-2024-en-sao-paulo\\\/#respond\"]}]},{\"@type\":\"WebPage\",\"@id\":\"https:\\\/\\\/latamobility.com\\\/marcio-stefani-y-ricardo-bacellar-confirman-su-presencia-en-el-latam-mobility-net-zero-brasil-2024-en-sao-paulo\\\/\",\"url\":\"https:\\\/\\\/latamobility.com\\\/marcio-stefani-y-ricardo-bacellar-confirman-su-presencia-en-el-latam-mobility-net-zero-brasil-2024-en-sao-paulo\\\/\",\"name\":\"M\u00e1rcio St\u00e9fani e Ricardo Bacellar confirmam presen\u00e7a no \\\"Latam Mobility & Net Zero Brazil 2024\\\", em S\u00e3o Paulo - Latam Mobility\",\"isPartOf\":{\"@id\":\"https:\\\/\\\/latamobility.com\\\/#website\"},\"primaryImageOfPage\":{\"@id\":\"https:\\\/\\\/latamobility.com\\\/marcio-stefani-y-ricardo-bacellar-confirman-su-presencia-en-el-latam-mobility-net-zero-brasil-2024-en-sao-paulo\\\/#primaryimage\"},\"image\":{\"@id\":\"https:\\\/\\\/latamobility.com\\\/marcio-stefani-y-ricardo-bacellar-confirman-su-presencia-en-el-latam-mobility-net-zero-brasil-2024-en-sao-paulo\\\/#primaryimage\"},\"thumbnailUrl\":\"https:\\\/\\\/latamobility.com\\\/wp-content\\\/uploads\\\/2024\\\/02\\\/Banner-Latam-Mobility-Net-Zero-Brasil-2024-twitter-scaled.jpg\",\"datePublished\":\"2024-02-08T10:15:00+00:00\",\"description\":\"Latam Mobility tem o prazer de anunciar que sediar\u00e1 seu aguardado Summit em S\u00e3o Paulo nos dias 2 e 3 de julho. O evento reunir\u00e1 l\u00edderes e especialistas do\",\"breadcrumb\":{\"@id\":\"https:\\\/\\\/latamobility.com\\\/marcio-stefani-y-ricardo-bacellar-confirman-su-presencia-en-el-latam-mobility-net-zero-brasil-2024-en-sao-paulo\\\/#breadcrumb\"},\"inLanguage\":\"pt-BR\",\"potentialAction\":[{\"@type\":\"ReadAction\",\"target\":[\"https:\\\/\\\/latamobility.com\\\/marcio-stefani-y-ricardo-bacellar-confirman-su-presencia-en-el-latam-mobility-net-zero-brasil-2024-en-sao-paulo\\\/\"]}]},{\"@type\":\"ImageObject\",\"inLanguage\":\"pt-BR\",\"@id\":\"https:\\\/\\\/latamobility.com\\\/marcio-stefani-y-ricardo-bacellar-confirman-su-presencia-en-el-latam-mobility-net-zero-brasil-2024-en-sao-paulo\\\/#primaryimage\",\"url\":\"https:\\\/\\\/latamobility.com\\\/wp-content\\\/uploads\\\/2024\\\/02\\\/Banner-Latam-Mobility-Net-Zero-Brasil-2024-twitter-scaled.jpg\",\"contentUrl\":\"https:\\\/\\\/latamobility.com\\\/wp-content\\\/uploads\\\/2024\\\/02\\\/Banner-Latam-Mobility-Net-Zero-Brasil-2024-twitter-scaled.jpg\",\"width\":2560,\"height\":1441,\"caption\":\"Brasil\"},{\"@type\":\"BreadcrumbList\",\"@id\":\"https:\\\/\\\/latamobility.com\\\/marcio-stefani-y-ricardo-bacellar-confirman-su-presencia-en-el-latam-mobility-net-zero-brasil-2024-en-sao-paulo\\\/#breadcrumb\",\"itemListElement\":[{\"@type\":\"ListItem\",\"position\":1,\"name\":\"Portada\",\"item\":\"https:\\\/\\\/latamobility.com\\\/pt-br\\\/\"},{\"@type\":\"ListItem\",\"position\":2,\"name\":\"M\u00e1rcio St\u00e9fani e Ricardo Bacellar confirmam presen\u00e7a no \u00abLatam Mobility &#038; Net Zero Brazil 2024\u00bb, em S\u00e3o Paulo\"}]},{\"@type\":\"WebSite\",\"@id\":\"https:\\\/\\\/latamobility.com\\\/#website\",\"url\":\"https:\\\/\\\/latamobility.com\\\/\",\"name\":\"Latam Mobility\",\"description\":\"Serie de Eventos para promover la Movilidad y Transporte sostenible en Latinoam\u00e9rica\",\"publisher\":{\"@id\":\"https:\\\/\\\/latamobility.com\\\/#organization\"},\"potentialAction\":[{\"@type\":\"SearchAction\",\"target\":{\"@type\":\"EntryPoint\",\"urlTemplate\":\"https:\\\/\\\/latamobility.com\\\/?s={search_term_string}\"},\"query-input\":{\"@type\":\"PropertyValueSpecification\",\"valueRequired\":true,\"valueName\":\"search_term_string\"}}],\"inLanguage\":\"pt-BR\"},{\"@type\":\"Organization\",\"@id\":\"https:\\\/\\\/latamobility.com\\\/#organization\",\"name\":\"LATAM MOBILITY\",\"url\":\"https:\\\/\\\/latamobility.com\\\/\",\"logo\":{\"@type\":\"ImageObject\",\"inLanguage\":\"pt-BR\",\"@id\":\"https:\\\/\\\/latamobility.com\\\/#\\\/schema\\\/logo\\\/image\\\/\",\"url\":\"https:\\\/\\\/latamobility.com\\\/wp-content\\\/uploads\\\/2025\\\/01\\\/logos-LM-LG-2025-10.png\",\"contentUrl\":\"https:\\\/\\\/latamobility.com\\\/wp-content\\\/uploads\\\/2025\\\/01\\\/logos-LM-LG-2025-10.png\",\"width\":1080,\"height\":1080,\"caption\":\"LATAM MOBILITY\"},\"image\":{\"@id\":\"https:\\\/\\\/latamobility.com\\\/#\\\/schema\\\/logo\\\/image\\\/\"},\"sameAs\":[\"https:\\\/\\\/www.facebook.com\\\/latamobility\\\/\",\"https:\\\/\\\/x.com\\\/LataMobility\",\"https:\\\/\\\/www.instagram.com\\\/latamobility\\\/\",\"https:\\\/\\\/www.linkedin.com\\\/company\\\/latamobility\\\/\",\"https:\\\/\\\/www.youtube.com\\\/channel\\\/UCtcslRCRY0vITWaOQ1X0XUA\"]},{\"@type\":\"Person\",\"@id\":\"https:\\\/\\\/latamobility.com\\\/#\\\/schema\\\/person\\\/fda092a2de1f87d347784282908bad1a\",\"name\":\"Antonio Vilela\",\"image\":{\"@type\":\"ImageObject\",\"inLanguage\":\"pt-BR\",\"@id\":\"https:\\\/\\\/secure.gravatar.com\\\/avatar\\\/7eee8196fd2fda180806d7b41cd517f274d5ad3b9f65d873feb3ca7e2b3a72d2?s=96&d=mm&r=g\",\"url\":\"https:\\\/\\\/secure.gravatar.com\\\/avatar\\\/7eee8196fd2fda180806d7b41cd517f274d5ad3b9f65d873feb3ca7e2b3a72d2?s=96&d=mm&r=g\",\"contentUrl\":\"https:\\\/\\\/secure.gravatar.com\\\/avatar\\\/7eee8196fd2fda180806d7b41cd517f274d5ad3b9f65d873feb3ca7e2b3a72d2?s=96&d=mm&r=g\",\"caption\":\"Antonio Vilela\"}}]}<\/script>\n<!-- \/ Yoast SEO Premium plugin. -->","yoast_head_json":{"title":"M\u00e1rcio St\u00e9fani e Ricardo Bacellar confirmam presen\u00e7a no \"Latam Mobility & Net Zero Brazil 2024\", em S\u00e3o Paulo - Latam Mobility","description":"Latam Mobility tem o prazer de anunciar que sediar\u00e1 seu aguardado Summit em S\u00e3o Paulo nos dias 2 e 3 de julho. O evento reunir\u00e1 l\u00edderes e especialistas do","robots":{"index":"index","follow":"follow","max-snippet":"max-snippet:-1","max-image-preview":"max-image-preview:large","max-video-preview":"max-video-preview:-1"},"canonical":"https:\/\/latamobility.com\/marcio-stefani-y-ricardo-bacellar-confirman-su-presencia-en-el-latam-mobility-net-zero-brasil-2024-en-sao-paulo\/","og_locale":"pt_BR","og_type":"article","og_title":"M\u00e1rcio St\u00e9fani e Ricardo Bacellar confirmam presen\u00e7a no \"Latam Mobility & Net Zero Brazil 2024\", em S\u00e3o Paulo","og_description":"Latam Mobility tem o prazer de anunciar que sediar\u00e1 seu aguardado Summit em S\u00e3o Paulo nos dias 2 e 3 de julho. O evento reunir\u00e1 l\u00edderes e especialistas do","og_url":"https:\/\/latamobility.com\/marcio-stefani-y-ricardo-bacellar-confirman-su-presencia-en-el-latam-mobility-net-zero-brasil-2024-en-sao-paulo\/","og_site_name":"Latam Mobility","article_publisher":"https:\/\/www.facebook.com\/latamobility\/","article_published_time":"2024-02-08T10:15:00+00:00","og_image":[{"width":2560,"height":1441,"url":"https:\/\/latamobility.com\/wp-content\/uploads\/2024\/02\/Banner-Latam-Mobility-Net-Zero-Brasil-2024-twitter-scaled.jpg","type":"image\/jpeg"}],"author":"Antonio Vilela","twitter_card":"summary_large_image","twitter_creator":"@LataMobility","twitter_site":"@LataMobility","twitter_misc":{"Escrito por":"Antonio Vilela","Est. tempo de leitura":"1 minuto"},"schema":{"@context":"https:\/\/schema.org","@graph":[{"@type":"Article","@id":"https:\/\/latamobility.com\/marcio-stefani-y-ricardo-bacellar-confirman-su-presencia-en-el-latam-mobility-net-zero-brasil-2024-en-sao-paulo\/#article","isPartOf":{"@id":"https:\/\/latamobility.com\/marcio-stefani-y-ricardo-bacellar-confirman-su-presencia-en-el-latam-mobility-net-zero-brasil-2024-en-sao-paulo\/"},"author":{"name":"Antonio Vilela","@id":"https:\/\/latamobility.com\/#\/schema\/person\/fda092a2de1f87d347784282908bad1a"},"headline":"M\u00e1rcio St\u00e9fani e Ricardo Bacellar confirmam presen\u00e7a no &#8220;Latam Mobility &#038; Net Zero Brazil 2024&#8221;, em S\u00e3o Paulo","datePublished":"2024-02-08T10:15:00+00:00","mainEntityOfPage":{"@id":"https:\/\/latamobility.com\/marcio-stefani-y-ricardo-bacellar-confirman-su-presencia-en-el-latam-mobility-net-zero-brasil-2024-en-sao-paulo\/"},"wordCount":237,"commentCount":0,"publisher":{"@id":"https:\/\/latamobility.com\/#organization"},"image":{"@id":"https:\/\/latamobility.com\/marcio-stefani-y-ricardo-bacellar-confirman-su-presencia-en-el-latam-mobility-net-zero-brasil-2024-en-sao-paulo\/#primaryimage"},"thumbnailUrl":"https:\/\/latamobility.com\/wp-content\/uploads\/2024\/02\/Banner-Latam-Mobility-Net-Zero-Brasil-2024-twitter-scaled.jpg","keywords":["Brasil"],"articleSection":["Movilidad el\u00e9ctrica"],"inLanguage":"pt-BR","potentialAction":[{"@type":"CommentAction","name":"Comment","target":["https:\/\/latamobility.com\/marcio-stefani-y-ricardo-bacellar-confirman-su-presencia-en-el-latam-mobility-net-zero-brasil-2024-en-sao-paulo\/#respond"]}]},{"@type":"WebPage","@id":"https:\/\/latamobility.com\/marcio-stefani-y-ricardo-bacellar-confirman-su-presencia-en-el-latam-mobility-net-zero-brasil-2024-en-sao-paulo\/","url":"https:\/\/latamobility.com\/marcio-stefani-y-ricardo-bacellar-confirman-su-presencia-en-el-latam-mobility-net-zero-brasil-2024-en-sao-paulo\/","name":"M\u00e1rcio St\u00e9fani e Ricardo Bacellar confirmam presen\u00e7a no \"Latam Mobility & Net Zero Brazil 2024\", em S\u00e3o Paulo - Latam Mobility","isPartOf":{"@id":"https:\/\/latamobility.com\/#website"},"primaryImageOfPage":{"@id":"https:\/\/latamobility.com\/marcio-stefani-y-ricardo-bacellar-confirman-su-presencia-en-el-latam-mobility-net-zero-brasil-2024-en-sao-paulo\/#primaryimage"},"image":{"@id":"https:\/\/latamobility.com\/marcio-stefani-y-ricardo-bacellar-confirman-su-presencia-en-el-latam-mobility-net-zero-brasil-2024-en-sao-paulo\/#primaryimage"},"thumbnailUrl":"https:\/\/latamobility.com\/wp-content\/uploads\/2024\/02\/Banner-Latam-Mobility-Net-Zero-Brasil-2024-twitter-scaled.jpg","datePublished":"2024-02-08T10:15:00+00:00","description":"Latam Mobility tem o prazer de anunciar que sediar\u00e1 seu aguardado Summit em S\u00e3o Paulo nos dias 2 e 3 de julho. O evento reunir\u00e1 l\u00edderes e especialistas do","breadcrumb":{"@id":"https:\/\/latamobility.com\/marcio-stefani-y-ricardo-bacellar-confirman-su-presencia-en-el-latam-mobility-net-zero-brasil-2024-en-sao-paulo\/#breadcrumb"},"inLanguage":"pt-BR","potentialAction":[{"@type":"ReadAction","target":["https:\/\/latamobility.com\/marcio-stefani-y-ricardo-bacellar-confirman-su-presencia-en-el-latam-mobility-net-zero-brasil-2024-en-sao-paulo\/"]}]},{"@type":"ImageObject","inLanguage":"pt-BR","@id":"https:\/\/latamobility.com\/marcio-stefani-y-ricardo-bacellar-confirman-su-presencia-en-el-latam-mobility-net-zero-brasil-2024-en-sao-paulo\/#primaryimage","url":"https:\/\/latamobility.com\/wp-content\/uploads\/2024\/02\/Banner-Latam-Mobility-Net-Zero-Brasil-2024-twitter-scaled.jpg","contentUrl":"https:\/\/latamobility.com\/wp-content\/uploads\/2024\/02\/Banner-Latam-Mobility-Net-Zero-Brasil-2024-twitter-scaled.jpg","width":2560,"height":1441,"caption":"Brasil"},{"@type":"BreadcrumbList","@id":"https:\/\/latamobility.com\/marcio-stefani-y-ricardo-bacellar-confirman-su-presencia-en-el-latam-mobility-net-zero-brasil-2024-en-sao-paulo\/#breadcrumb","itemListElement":[{"@type":"ListItem","position":1,"name":"Portada","item":"https:\/\/latamobility.com\/pt-br\/"},{"@type":"ListItem","position":2,"name":"M\u00e1rcio St\u00e9fani e Ricardo Bacellar confirmam presen\u00e7a no \u00abLatam Mobility &#038; Net Zero Brazil 2024\u00bb, em S\u00e3o Paulo"}]},{"@type":"WebSite","@id":"https:\/\/latamobility.com\/#website","url":"https:\/\/latamobility.com\/","name":"Latam Mobility","description":"Serie de Eventos para promover la Movilidad y Transporte sostenible en Latinoam\u00e9rica","publisher":{"@id":"https:\/\/latamobility.com\/#organization"},"potentialAction":[{"@type":"SearchAction","target":{"@type":"EntryPoint","urlTemplate":"https:\/\/latamobility.com\/?s={search_term_string}"},"query-input":{"@type":"PropertyValueSpecification","valueRequired":true,"valueName":"search_term_string"}}],"inLanguage":"pt-BR"},{"@type":"Organization","@id":"https:\/\/latamobility.com\/#organization","name":"LATAM MOBILITY","url":"https:\/\/latamobility.com\/","logo":{"@type":"ImageObject","inLanguage":"pt-BR","@id":"https:\/\/latamobility.com\/#\/schema\/logo\/image\/","url":"https:\/\/latamobility.com\/wp-content\/uploads\/2025\/01\/logos-LM-LG-2025-10.png","contentUrl":"https:\/\/latamobility.com\/wp-content\/uploads\/2025\/01\/logos-LM-LG-2025-10.png","width":1080,"height":1080,"caption":"LATAM MOBILITY"},"image":{"@id":"https:\/\/latamobility.com\/#\/schema\/logo\/image\/"},"sameAs":["https:\/\/www.facebook.com\/latamobility\/","https:\/\/x.com\/LataMobility","https:\/\/www.instagram.com\/latamobility\/","https:\/\/www.linkedin.com\/company\/latamobility\/","https:\/\/www.youtube.com\/channel\/UCtcslRCRY0vITWaOQ1X0XUA"]},{"@type":"Person","@id":"https:\/\/latamobility.com\/#\/schema\/person\/fda092a2de1f87d347784282908bad1a","name":"Antonio Vilela","image":{"@type":"ImageObject","inLanguage":"pt-BR","@id":"https:\/\/secure.gravatar.com\/avatar\/7eee8196fd2fda180806d7b41cd517f274d5ad3b9f65d873feb3ca7e2b3a72d2?s=96&d=mm&r=g","url":"https:\/\/secure.gravatar.com\/avatar\/7eee8196fd2fda180806d7b41cd517f274d5ad3b9f65d873feb3ca7e2b3a72d2?s=96&d=mm&r=g","contentUrl":"https:\/\/secure.gravatar.com\/avatar\/7eee8196fd2fda180806d7b41cd517f274d5ad3b9f65d873feb3ca7e2b3a72d2?s=96&d=mm&r=g","caption":"Antonio Vilela"}}]}},"_links":{"self":[{"href":"https:\/\/latamobility.com\/pt-br\/wp-json\/wp\/v2\/posts\/28559","targetHints":{"allow":["GET"]}}],"collection":[{"href":"https:\/\/latamobility.com\/pt-br\/wp-json\/wp\/v2\/posts"}],"about":[{"href":"https:\/\/latamobility.com\/pt-br\/wp-json\/wp\/v2\/types\/post"}],"author":[{"embeddable":true,"href":"https:\/\/latamobility.com\/pt-br\/wp-json\/wp\/v2\/users\/10"}],"replies":[{"embeddable":true,"href":"https:\/\/latamobility.com\/pt-br\/wp-json\/wp\/v2\/comments?post=28559"}],"version-history":[{"count":2,"href":"https:\/\/latamobility.com\/pt-br\/wp-json\/wp\/v2\/posts\/28559\/revisions"}],"predecessor-version":[{"id":28563,"href":"https:\/\/latamobility.com\/pt-br\/wp-json\/wp\/v2\/posts\/28559\/revisions\/28563"}],"wp:featuredmedia":[{"embeddable":true,"href":"https:\/\/latamobility.com\/pt-br\/wp-json\/wp\/v2\/media\/28557"}],"wp:attachment":[{"href":"https:\/\/latamobility.com\/pt-br\/wp-json\/wp\/v2\/media?parent=28559"}],"wp:term":[{"taxonomy":"category","embeddable":true,"href":"https:\/\/latamobility.com\/pt-br\/wp-json\/wp\/v2\/categories?post=28559"},{"taxonomy":"post_tag","embeddable":true,"href":"https:\/\/latamobility.com\/pt-br\/wp-json\/wp\/v2\/tags?post=28559"}],"curies":[{"name":"wp","href":"https:\/\/api.w.org\/{rel}","templated":true}]}}