{"id":29583,"date":"2024-03-11T05:00:00","date_gmt":"2024-03-11T10:00:00","guid":{"rendered":"https:\/\/latamobility.com\/?p=29583"},"modified":"2024-03-07T17:14:32","modified_gmt":"2024-03-07T22:14:32","slug":"volkswagen-fabricara-motor-hibrido-etsi-no-brasil","status":"publish","type":"post","link":"https:\/\/latamobility.com\/pt-br\/volkswagen-fabricara-motor-hibrido-etsi-no-brasil\/","title":{"rendered":"Volkswagen fabricar\u00e1 motor h\u00edbrido eTSI no Brasil"},"content":{"rendered":"\n<p>A <strong>Volkswagen<\/strong> \u00e9 uma das marcas automotivas mais reconhecidas mundialmente, portanto, sua presen\u00e7a no Brasil \u00e9 de grande impacto para o pa\u00eds e para a Am\u00e9rica Latina. Nesse sentido, tem planos de fabricar motores <strong>h\u00edbridos eTSI <\/strong>no pa\u00eds.<\/p>\n\n\n\n<p>Isso faz parte de um <strong>investimento maci\u00e7o aprovado na ordem de R$ 16 bilh\u00f5es at\u00e9 2028<\/strong> para inova\u00e7\u00e3o e desenvolvimento sustent\u00e1vel na ind\u00fastria automotiva. De fato, de acordo com relatos da <strong>m\u00eddia Terra do Brasil<\/strong>, essa nova iniciativa da Volkswagen teria como objetivo introduzir o motor 1.5 TSI, que estreou no Golf europeu em 2016, no mercado latino-americano.<\/p>\n\n\n\n<p>Esse motor, que j\u00e1 equipa v\u00e1rios ve\u00edculos da marca na Europa, contar\u00e1 com <strong>novas tecnologias exclusivas adaptadas para o contexto brasileiro.<\/strong><\/p>\n\n\n\n<p><strong>Conte\u00fado relacionado:<\/strong> <a href=\"https:\/\/latamobility.com\/pt-br\/hyundai-impulsiona-mobilidade-verde-e-inovacao-no-brasil\/\"><mark style=\"background-color:rgba(0, 0, 0, 0)\" class=\"has-inline-color has-theme-palette-1-color\"><strong>Hyundai impulsiona a mobilidade e a ecoinova\u00e7\u00e3o no Brasil<\/strong><\/mark><\/a><\/p>\n\n\n\n<h2 class=\"wp-block-heading\" id=\"h-detalhes-sobre-o-motor-da-volkswagen\"><strong>Detalhes sobre o motor da Volkswagen<\/strong><\/h2>\n\n\n\n<p>O <strong>motor eTSI<\/strong> oferecer\u00e1 variantes de pot\u00eancia que variam de <strong>130 hp e 200 Nm a 150 hp e 250 Nm<\/strong>, com a capacidade de desativar os cilindros para otimizar o consumo de combust\u00edvel. Al\u00e9m disso, ser\u00e1 inclu\u00edda <strong>a op\u00e7\u00e3o de turbocompressores de geometria vari\u00e1vel.<\/strong><\/p>\n\n\n\n<figure class=\"wp-block-image size-large\"><img fetchpriority=\"high\" decoding=\"async\" width=\"1024\" height=\"572\" src=\"https:\/\/latamobility.com\/wp-content\/uploads\/2024\/02\/Volkswagen-1-1024x572.jpg\" alt=\"\" class=\"wp-image-29533\" srcset=\"https:\/\/latamobility.com\/wp-content\/uploads\/2024\/02\/Volkswagen-1-1024x572.jpg 1024w, https:\/\/latamobility.com\/wp-content\/uploads\/2024\/02\/Volkswagen-1-300x168.jpg 300w, https:\/\/latamobility.com\/wp-content\/uploads\/2024\/02\/Volkswagen-1-768x429.jpg 768w, https:\/\/latamobility.com\/wp-content\/uploads\/2024\/02\/Volkswagen-1-600x335.jpg 600w, https:\/\/latamobility.com\/wp-content\/uploads\/2024\/02\/Volkswagen-1.jpg 1280w\" sizes=\"(max-width: 1024px) 100vw, 1024px\" \/><figcaption class=\"wp-element-caption\"><em>Volkswagen<\/em><\/figcaption><\/figure>\n\n\n\n<p>Por outro lado, a poss\u00edvel associa\u00e7\u00e3o do motor com um sistema plug-in em alguns modelos de maior valor agregado permitir\u00e1 que a <strong>Volkswagen ofere\u00e7a uma gama de ve\u00edculos<\/strong> ainda mais eficientes e ecologicamente corretos no mercado brasileiro.<\/p>\n\n\n\n<p>Al\u00e9m disso, <strong>a poss\u00edvel implementa\u00e7\u00e3o da nova plataforma MQB Hybrid<\/strong> em seus novos carros no Brasil fornecer\u00e1 a base tecnol\u00f3gica necess\u00e1ria para a integra\u00e7\u00e3o de <strong>motores h\u00edbridos eTSI<\/strong>, bem como para futuras inova\u00e7\u00f5es na eletrifica\u00e7\u00e3o da linha de produtos da marca.<\/p>\n\n\n\n<p>Finalmente, com esse importante passo, a <strong>Volkswagen<\/strong> deixa clara sua vis\u00e3o de longo prazo para o mercado latino-americano, onde busca liderar a transi\u00e7\u00e3o para uma mobilidade mais sustent\u00e1vel e eficiente.<\/p>\n","protected":false},"excerpt":{"rendered":"<p>A Volkswagen \u00e9 uma das marcas automotivas mais reconhecidas mundialmente, portanto, sua presen\u00e7a no Brasil \u00e9 de grande impacto para o pa\u00eds e para a Am\u00e9rica Latina. Nesse sentido, tem planos de fabricar motores h\u00edbridos eTSI no pa\u00eds. Isso faz parte de um investimento maci\u00e7o aprovado na ordem de R$ 16 bilh\u00f5es at\u00e9 2028 para&#8230;<\/p>\n","protected":false},"author":10,"featured_media":29532,"comment_status":"open","ping_status":"closed","sticky":false,"template":"","format":"standard","meta":{"_kad_post_transparent":"","_kad_post_title":"","_kad_post_layout":"","_kad_post_sidebar_id":"","_kad_post_content_style":"","_kad_post_vertical_padding":"","_kad_post_feature":"","_kad_post_feature_position":"","_kad_post_header":false,"_kad_post_footer":false,"_kad_post_classname":"","footnotes":""},"categories":[2356],"tags":[2360,2359],"class_list":["post-29583","post","type-post","status-publish","format-standard","has-post-thumbnail","hentry","category-movilidad-electrica-pt-br","tag-brasil-pt-br","tag-movilidad-electrica-pt-br"],"yoast_head":"<!-- This site is optimized with the Yoast SEO Premium plugin v22.7 (Yoast SEO v27.4) - https:\/\/yoast.com\/product\/yoast-seo-premium-wordpress\/ -->\n<title>Volkswagen fabricar\u00e1 motor h\u00edbrido eTSI no Brasil - Latam Mobility<\/title>\n<meta name=\"description\" content=\"A Volkswagen \u00e9 uma das marcas automotivas mais reconhecidas mundialmente, portanto, sua presen\u00e7a no Brasil \u00e9 de grande impacto para o pa\u00eds e para a\" \/>\n<meta name=\"robots\" content=\"index, follow, max-snippet:-1, max-image-preview:large, max-video-preview:-1\" \/>\n<link rel=\"canonical\" href=\"https:\/\/latamobility.com\/volkswagen-fabricara-un-motor-hibrido-etsi-en-brasil\/\" \/>\n<meta property=\"og:locale\" content=\"pt_BR\" \/>\n<meta property=\"og:type\" content=\"article\" \/>\n<meta property=\"og:title\" content=\"Volkswagen fabricar\u00e1 motor h\u00edbrido eTSI no Brasil\" \/>\n<meta property=\"og:description\" content=\"A Volkswagen \u00e9 uma das marcas automotivas mais reconhecidas mundialmente, portanto, sua presen\u00e7a no Brasil \u00e9 de grande impacto para o pa\u00eds e para a\" \/>\n<meta property=\"og:url\" content=\"https:\/\/latamobility.com\/volkswagen-fabricara-un-motor-hibrido-etsi-en-brasil\/\" \/>\n<meta property=\"og:site_name\" content=\"Latam Mobility\" \/>\n<meta property=\"article:publisher\" content=\"https:\/\/www.facebook.com\/latamobility\/\" \/>\n<meta property=\"article:published_time\" content=\"2024-03-11T10:00:00+00:00\" \/>\n<meta property=\"og:image\" content=\"https:\/\/latamobility.com\/wp-content\/uploads\/2024\/02\/Volkswagen.jpg\" \/>\n\t<meta property=\"og:image:width\" content=\"1280\" \/>\n\t<meta property=\"og:image:height\" content=\"715\" \/>\n\t<meta property=\"og:image:type\" content=\"image\/jpeg\" \/>\n<meta name=\"author\" content=\"Antonio Vilela\" \/>\n<meta name=\"twitter:card\" content=\"summary_large_image\" \/>\n<meta name=\"twitter:creator\" content=\"@LataMobility\" \/>\n<meta name=\"twitter:site\" content=\"@LataMobility\" \/>\n<meta name=\"twitter:label1\" content=\"Escrito por\" \/>\n\t<meta name=\"twitter:data1\" content=\"Antonio Vilela\" \/>\n\t<meta name=\"twitter:label2\" content=\"Est. tempo de leitura\" \/>\n\t<meta name=\"twitter:data2\" content=\"2 minutos\" \/>\n<script type=\"application\/ld+json\" class=\"yoast-schema-graph\">{\"@context\":\"https:\\\/\\\/schema.org\",\"@graph\":[{\"@type\":\"Article\",\"@id\":\"https:\\\/\\\/latamobility.com\\\/volkswagen-fabricara-un-motor-hibrido-etsi-en-brasil\\\/#article\",\"isPartOf\":{\"@id\":\"https:\\\/\\\/latamobility.com\\\/volkswagen-fabricara-un-motor-hibrido-etsi-en-brasil\\\/\"},\"author\":{\"name\":\"Antonio Vilela\",\"@id\":\"https:\\\/\\\/latamobility.com\\\/#\\\/schema\\\/person\\\/fda092a2de1f87d347784282908bad1a\"},\"headline\":\"Volkswagen fabricar\u00e1 motor h\u00edbrido eTSI no Brasil\",\"datePublished\":\"2024-03-11T10:00:00+00:00\",\"mainEntityOfPage\":{\"@id\":\"https:\\\/\\\/latamobility.com\\\/volkswagen-fabricara-un-motor-hibrido-etsi-en-brasil\\\/\"},\"wordCount\":323,\"commentCount\":0,\"publisher\":{\"@id\":\"https:\\\/\\\/latamobility.com\\\/#organization\"},\"image\":{\"@id\":\"https:\\\/\\\/latamobility.com\\\/volkswagen-fabricara-un-motor-hibrido-etsi-en-brasil\\\/#primaryimage\"},\"thumbnailUrl\":\"https:\\\/\\\/latamobility.com\\\/wp-content\\\/uploads\\\/2024\\\/02\\\/Volkswagen.jpg\",\"keywords\":[\"Brasil\",\"Movilidad el\u00e9ctrica\"],\"articleSection\":[\"Movilidad el\u00e9ctrica\"],\"inLanguage\":\"pt-BR\",\"potentialAction\":[{\"@type\":\"CommentAction\",\"name\":\"Comment\",\"target\":[\"https:\\\/\\\/latamobility.com\\\/volkswagen-fabricara-un-motor-hibrido-etsi-en-brasil\\\/#respond\"]}]},{\"@type\":\"WebPage\",\"@id\":\"https:\\\/\\\/latamobility.com\\\/volkswagen-fabricara-un-motor-hibrido-etsi-en-brasil\\\/\",\"url\":\"https:\\\/\\\/latamobility.com\\\/volkswagen-fabricara-un-motor-hibrido-etsi-en-brasil\\\/\",\"name\":\"Volkswagen fabricar\u00e1 motor h\u00edbrido eTSI no Brasil - Latam Mobility\",\"isPartOf\":{\"@id\":\"https:\\\/\\\/latamobility.com\\\/#website\"},\"primaryImageOfPage\":{\"@id\":\"https:\\\/\\\/latamobility.com\\\/volkswagen-fabricara-un-motor-hibrido-etsi-en-brasil\\\/#primaryimage\"},\"image\":{\"@id\":\"https:\\\/\\\/latamobility.com\\\/volkswagen-fabricara-un-motor-hibrido-etsi-en-brasil\\\/#primaryimage\"},\"thumbnailUrl\":\"https:\\\/\\\/latamobility.com\\\/wp-content\\\/uploads\\\/2024\\\/02\\\/Volkswagen.jpg\",\"datePublished\":\"2024-03-11T10:00:00+00:00\",\"description\":\"A Volkswagen \u00e9 uma das marcas automotivas mais reconhecidas mundialmente, portanto, sua presen\u00e7a no Brasil \u00e9 de grande impacto para o pa\u00eds e para a\",\"breadcrumb\":{\"@id\":\"https:\\\/\\\/latamobility.com\\\/volkswagen-fabricara-un-motor-hibrido-etsi-en-brasil\\\/#breadcrumb\"},\"inLanguage\":\"pt-BR\",\"potentialAction\":[{\"@type\":\"ReadAction\",\"target\":[\"https:\\\/\\\/latamobility.com\\\/volkswagen-fabricara-un-motor-hibrido-etsi-en-brasil\\\/\"]}]},{\"@type\":\"ImageObject\",\"inLanguage\":\"pt-BR\",\"@id\":\"https:\\\/\\\/latamobility.com\\\/volkswagen-fabricara-un-motor-hibrido-etsi-en-brasil\\\/#primaryimage\",\"url\":\"https:\\\/\\\/latamobility.com\\\/wp-content\\\/uploads\\\/2024\\\/02\\\/Volkswagen.jpg\",\"contentUrl\":\"https:\\\/\\\/latamobility.com\\\/wp-content\\\/uploads\\\/2024\\\/02\\\/Volkswagen.jpg\",\"width\":1280,\"height\":715,\"caption\":\"Volkswagen\"},{\"@type\":\"BreadcrumbList\",\"@id\":\"https:\\\/\\\/latamobility.com\\\/volkswagen-fabricara-un-motor-hibrido-etsi-en-brasil\\\/#breadcrumb\",\"itemListElement\":[{\"@type\":\"ListItem\",\"position\":1,\"name\":\"Portada\",\"item\":\"https:\\\/\\\/latamobility.com\\\/pt-br\\\/\"},{\"@type\":\"ListItem\",\"position\":2,\"name\":\"Volkswagen fabricar\u00e1 motor h\u00edbrido eTSI no Brasil\"}]},{\"@type\":\"WebSite\",\"@id\":\"https:\\\/\\\/latamobility.com\\\/#website\",\"url\":\"https:\\\/\\\/latamobility.com\\\/\",\"name\":\"Latam Mobility\",\"description\":\"Serie de Eventos para promover la Movilidad y Transporte sostenible en Latinoam\u00e9rica\",\"publisher\":{\"@id\":\"https:\\\/\\\/latamobility.com\\\/#organization\"},\"potentialAction\":[{\"@type\":\"SearchAction\",\"target\":{\"@type\":\"EntryPoint\",\"urlTemplate\":\"https:\\\/\\\/latamobility.com\\\/?s={search_term_string}\"},\"query-input\":{\"@type\":\"PropertyValueSpecification\",\"valueRequired\":true,\"valueName\":\"search_term_string\"}}],\"inLanguage\":\"pt-BR\"},{\"@type\":\"Organization\",\"@id\":\"https:\\\/\\\/latamobility.com\\\/#organization\",\"name\":\"LATAM MOBILITY\",\"url\":\"https:\\\/\\\/latamobility.com\\\/\",\"logo\":{\"@type\":\"ImageObject\",\"inLanguage\":\"pt-BR\",\"@id\":\"https:\\\/\\\/latamobility.com\\\/#\\\/schema\\\/logo\\\/image\\\/\",\"url\":\"https:\\\/\\\/latamobility.com\\\/wp-content\\\/uploads\\\/2025\\\/01\\\/logos-LM-LG-2025-10.png\",\"contentUrl\":\"https:\\\/\\\/latamobility.com\\\/wp-content\\\/uploads\\\/2025\\\/01\\\/logos-LM-LG-2025-10.png\",\"width\":1080,\"height\":1080,\"caption\":\"LATAM MOBILITY\"},\"image\":{\"@id\":\"https:\\\/\\\/latamobility.com\\\/#\\\/schema\\\/logo\\\/image\\\/\"},\"sameAs\":[\"https:\\\/\\\/www.facebook.com\\\/latamobility\\\/\",\"https:\\\/\\\/x.com\\\/LataMobility\",\"https:\\\/\\\/www.instagram.com\\\/latamobility\\\/\",\"https:\\\/\\\/www.linkedin.com\\\/company\\\/latamobility\\\/\",\"https:\\\/\\\/www.youtube.com\\\/channel\\\/UCtcslRCRY0vITWaOQ1X0XUA\"]},{\"@type\":\"Person\",\"@id\":\"https:\\\/\\\/latamobility.com\\\/#\\\/schema\\\/person\\\/fda092a2de1f87d347784282908bad1a\",\"name\":\"Antonio Vilela\",\"image\":{\"@type\":\"ImageObject\",\"inLanguage\":\"pt-BR\",\"@id\":\"https:\\\/\\\/secure.gravatar.com\\\/avatar\\\/7eee8196fd2fda180806d7b41cd517f274d5ad3b9f65d873feb3ca7e2b3a72d2?s=96&d=mm&r=g\",\"url\":\"https:\\\/\\\/secure.gravatar.com\\\/avatar\\\/7eee8196fd2fda180806d7b41cd517f274d5ad3b9f65d873feb3ca7e2b3a72d2?s=96&d=mm&r=g\",\"contentUrl\":\"https:\\\/\\\/secure.gravatar.com\\\/avatar\\\/7eee8196fd2fda180806d7b41cd517f274d5ad3b9f65d873feb3ca7e2b3a72d2?s=96&d=mm&r=g\",\"caption\":\"Antonio Vilela\"}}]}<\/script>\n<!-- \/ Yoast SEO Premium plugin. -->","yoast_head_json":{"title":"Volkswagen fabricar\u00e1 motor h\u00edbrido eTSI no Brasil - Latam Mobility","description":"A Volkswagen \u00e9 uma das marcas automotivas mais reconhecidas mundialmente, portanto, sua presen\u00e7a no Brasil \u00e9 de grande impacto para o pa\u00eds e para a","robots":{"index":"index","follow":"follow","max-snippet":"max-snippet:-1","max-image-preview":"max-image-preview:large","max-video-preview":"max-video-preview:-1"},"canonical":"https:\/\/latamobility.com\/volkswagen-fabricara-un-motor-hibrido-etsi-en-brasil\/","og_locale":"pt_BR","og_type":"article","og_title":"Volkswagen fabricar\u00e1 motor h\u00edbrido eTSI no Brasil","og_description":"A Volkswagen \u00e9 uma das marcas automotivas mais reconhecidas mundialmente, portanto, sua presen\u00e7a no Brasil \u00e9 de grande impacto para o pa\u00eds e para a","og_url":"https:\/\/latamobility.com\/volkswagen-fabricara-un-motor-hibrido-etsi-en-brasil\/","og_site_name":"Latam Mobility","article_publisher":"https:\/\/www.facebook.com\/latamobility\/","article_published_time":"2024-03-11T10:00:00+00:00","og_image":[{"width":1280,"height":715,"url":"https:\/\/latamobility.com\/wp-content\/uploads\/2024\/02\/Volkswagen.jpg","type":"image\/jpeg"}],"author":"Antonio Vilela","twitter_card":"summary_large_image","twitter_creator":"@LataMobility","twitter_site":"@LataMobility","twitter_misc":{"Escrito por":"Antonio Vilela","Est. tempo de leitura":"2 minutos"},"schema":{"@context":"https:\/\/schema.org","@graph":[{"@type":"Article","@id":"https:\/\/latamobility.com\/volkswagen-fabricara-un-motor-hibrido-etsi-en-brasil\/#article","isPartOf":{"@id":"https:\/\/latamobility.com\/volkswagen-fabricara-un-motor-hibrido-etsi-en-brasil\/"},"author":{"name":"Antonio Vilela","@id":"https:\/\/latamobility.com\/#\/schema\/person\/fda092a2de1f87d347784282908bad1a"},"headline":"Volkswagen fabricar\u00e1 motor h\u00edbrido eTSI no Brasil","datePublished":"2024-03-11T10:00:00+00:00","mainEntityOfPage":{"@id":"https:\/\/latamobility.com\/volkswagen-fabricara-un-motor-hibrido-etsi-en-brasil\/"},"wordCount":323,"commentCount":0,"publisher":{"@id":"https:\/\/latamobility.com\/#organization"},"image":{"@id":"https:\/\/latamobility.com\/volkswagen-fabricara-un-motor-hibrido-etsi-en-brasil\/#primaryimage"},"thumbnailUrl":"https:\/\/latamobility.com\/wp-content\/uploads\/2024\/02\/Volkswagen.jpg","keywords":["Brasil","Movilidad el\u00e9ctrica"],"articleSection":["Movilidad el\u00e9ctrica"],"inLanguage":"pt-BR","potentialAction":[{"@type":"CommentAction","name":"Comment","target":["https:\/\/latamobility.com\/volkswagen-fabricara-un-motor-hibrido-etsi-en-brasil\/#respond"]}]},{"@type":"WebPage","@id":"https:\/\/latamobility.com\/volkswagen-fabricara-un-motor-hibrido-etsi-en-brasil\/","url":"https:\/\/latamobility.com\/volkswagen-fabricara-un-motor-hibrido-etsi-en-brasil\/","name":"Volkswagen fabricar\u00e1 motor h\u00edbrido eTSI no Brasil - Latam Mobility","isPartOf":{"@id":"https:\/\/latamobility.com\/#website"},"primaryImageOfPage":{"@id":"https:\/\/latamobility.com\/volkswagen-fabricara-un-motor-hibrido-etsi-en-brasil\/#primaryimage"},"image":{"@id":"https:\/\/latamobility.com\/volkswagen-fabricara-un-motor-hibrido-etsi-en-brasil\/#primaryimage"},"thumbnailUrl":"https:\/\/latamobility.com\/wp-content\/uploads\/2024\/02\/Volkswagen.jpg","datePublished":"2024-03-11T10:00:00+00:00","description":"A Volkswagen \u00e9 uma das marcas automotivas mais reconhecidas mundialmente, portanto, sua presen\u00e7a no Brasil \u00e9 de grande impacto para o pa\u00eds e para a","breadcrumb":{"@id":"https:\/\/latamobility.com\/volkswagen-fabricara-un-motor-hibrido-etsi-en-brasil\/#breadcrumb"},"inLanguage":"pt-BR","potentialAction":[{"@type":"ReadAction","target":["https:\/\/latamobility.com\/volkswagen-fabricara-un-motor-hibrido-etsi-en-brasil\/"]}]},{"@type":"ImageObject","inLanguage":"pt-BR","@id":"https:\/\/latamobility.com\/volkswagen-fabricara-un-motor-hibrido-etsi-en-brasil\/#primaryimage","url":"https:\/\/latamobility.com\/wp-content\/uploads\/2024\/02\/Volkswagen.jpg","contentUrl":"https:\/\/latamobility.com\/wp-content\/uploads\/2024\/02\/Volkswagen.jpg","width":1280,"height":715,"caption":"Volkswagen"},{"@type":"BreadcrumbList","@id":"https:\/\/latamobility.com\/volkswagen-fabricara-un-motor-hibrido-etsi-en-brasil\/#breadcrumb","itemListElement":[{"@type":"ListItem","position":1,"name":"Portada","item":"https:\/\/latamobility.com\/pt-br\/"},{"@type":"ListItem","position":2,"name":"Volkswagen fabricar\u00e1 motor h\u00edbrido eTSI no Brasil"}]},{"@type":"WebSite","@id":"https:\/\/latamobility.com\/#website","url":"https:\/\/latamobility.com\/","name":"Latam Mobility","description":"Serie de Eventos para promover la Movilidad y Transporte sostenible en Latinoam\u00e9rica","publisher":{"@id":"https:\/\/latamobility.com\/#organization"},"potentialAction":[{"@type":"SearchAction","target":{"@type":"EntryPoint","urlTemplate":"https:\/\/latamobility.com\/?s={search_term_string}"},"query-input":{"@type":"PropertyValueSpecification","valueRequired":true,"valueName":"search_term_string"}}],"inLanguage":"pt-BR"},{"@type":"Organization","@id":"https:\/\/latamobility.com\/#organization","name":"LATAM MOBILITY","url":"https:\/\/latamobility.com\/","logo":{"@type":"ImageObject","inLanguage":"pt-BR","@id":"https:\/\/latamobility.com\/#\/schema\/logo\/image\/","url":"https:\/\/latamobility.com\/wp-content\/uploads\/2025\/01\/logos-LM-LG-2025-10.png","contentUrl":"https:\/\/latamobility.com\/wp-content\/uploads\/2025\/01\/logos-LM-LG-2025-10.png","width":1080,"height":1080,"caption":"LATAM MOBILITY"},"image":{"@id":"https:\/\/latamobility.com\/#\/schema\/logo\/image\/"},"sameAs":["https:\/\/www.facebook.com\/latamobility\/","https:\/\/x.com\/LataMobility","https:\/\/www.instagram.com\/latamobility\/","https:\/\/www.linkedin.com\/company\/latamobility\/","https:\/\/www.youtube.com\/channel\/UCtcslRCRY0vITWaOQ1X0XUA"]},{"@type":"Person","@id":"https:\/\/latamobility.com\/#\/schema\/person\/fda092a2de1f87d347784282908bad1a","name":"Antonio Vilela","image":{"@type":"ImageObject","inLanguage":"pt-BR","@id":"https:\/\/secure.gravatar.com\/avatar\/7eee8196fd2fda180806d7b41cd517f274d5ad3b9f65d873feb3ca7e2b3a72d2?s=96&d=mm&r=g","url":"https:\/\/secure.gravatar.com\/avatar\/7eee8196fd2fda180806d7b41cd517f274d5ad3b9f65d873feb3ca7e2b3a72d2?s=96&d=mm&r=g","contentUrl":"https:\/\/secure.gravatar.com\/avatar\/7eee8196fd2fda180806d7b41cd517f274d5ad3b9f65d873feb3ca7e2b3a72d2?s=96&d=mm&r=g","caption":"Antonio Vilela"}}]}},"_links":{"self":[{"href":"https:\/\/latamobility.com\/pt-br\/wp-json\/wp\/v2\/posts\/29583","targetHints":{"allow":["GET"]}}],"collection":[{"href":"https:\/\/latamobility.com\/pt-br\/wp-json\/wp\/v2\/posts"}],"about":[{"href":"https:\/\/latamobility.com\/pt-br\/wp-json\/wp\/v2\/types\/post"}],"author":[{"embeddable":true,"href":"https:\/\/latamobility.com\/pt-br\/wp-json\/wp\/v2\/users\/10"}],"replies":[{"embeddable":true,"href":"https:\/\/latamobility.com\/pt-br\/wp-json\/wp\/v2\/comments?post=29583"}],"version-history":[{"count":3,"href":"https:\/\/latamobility.com\/pt-br\/wp-json\/wp\/v2\/posts\/29583\/revisions"}],"predecessor-version":[{"id":29889,"href":"https:\/\/latamobility.com\/pt-br\/wp-json\/wp\/v2\/posts\/29583\/revisions\/29889"}],"wp:featuredmedia":[{"embeddable":true,"href":"https:\/\/latamobility.com\/pt-br\/wp-json\/wp\/v2\/media\/29532"}],"wp:attachment":[{"href":"https:\/\/latamobility.com\/pt-br\/wp-json\/wp\/v2\/media?parent=29583"}],"wp:term":[{"taxonomy":"category","embeddable":true,"href":"https:\/\/latamobility.com\/pt-br\/wp-json\/wp\/v2\/categories?post=29583"},{"taxonomy":"post_tag","embeddable":true,"href":"https:\/\/latamobility.com\/pt-br\/wp-json\/wp\/v2\/tags?post=29583"}],"curies":[{"name":"wp","href":"https:\/\/api.w.org\/{rel}","templated":true}]}}