{"id":29633,"date":"2024-02-29T18:07:49","date_gmt":"2024-02-29T23:07:49","guid":{"rendered":"https:\/\/latamobility.com\/?p=29633"},"modified":"2024-02-29T18:13:04","modified_gmt":"2024-02-29T23:13:04","slug":"abve-e-latam-mobility-assinam-acordo-para-promover-a-mobilidade-sustentavel-no-brasil-2","status":"publish","type":"post","link":"https:\/\/latamobility.com\/pt-br\/abve-e-latam-mobility-assinam-acordo-para-promover-a-mobilidade-sustentavel-no-brasil-2\/","title":{"rendered":"ABVE e Latam Mobility assinam acordo para promover a mobilidade sustent\u00e1vel no Brasil"},"content":{"rendered":"\n<p>A <strong>Latam Mobility<\/strong>, a mais importante comunidade de mobilidade sustent\u00e1vel da Am\u00e9rica Latina, assinou uma parceria com a <strong>Associa\u00e7\u00e3o Brasileira do Ve\u00edculo El\u00e9trico<\/strong> (ABVE), com o objetivo de avan\u00e7ar no caminho da descarboniza\u00e7\u00e3o do transporte e promover a eletromobilidade no <strong>Brasil<\/strong>.<\/p>\n\n\n\n<p>Com a parceria, a <strong>ABVE <\/strong>passa a fazer parte do grupo de organiza\u00e7\u00f5es aliadas que estar\u00e3o presentes no encontro \u201c<strong>Latam Mobility &amp; Net Zero Brasil 2024<\/strong>\u201c, a ser realizado no gigante sul-americano, juntamente com outros pa\u00edses latino-americanos que fazem parte do <strong>Latam Mobility 2024 Tour<\/strong>.<\/p>\n\n\n\n<p><strong>Edi Mariano<\/strong>, Country Manager da <strong>Latam Mobility no Brasil<\/strong>, e <strong>Ricardo Bastos<\/strong>, presidente da <strong>ABVE<\/strong>, foram os respons\u00e1veis pela assinatura dessa nova parceria que tem entre seus objetivos <strong>promover a cadeia produtiva do l\u00edtio e de minerais estrat\u00e9gicos; a infraestrutura de recarga; a fabrica\u00e7\u00e3o de \u00f4nibus no continente; a cria\u00e7\u00e3o de um centro regional de baterias e microprocessadores e pol\u00edticas p\u00fablicas e regulamenta\u00e7\u00f5es para o setor<\/strong>.<\/p>\n\n\n\n<p>Entre as iniciativas da associa\u00e7\u00e3o, a <strong>EvolvX<\/strong>, iniciativa de consultoria e dados da <strong>Latam Mobility<\/strong>, com o apoio da <strong>ABVE<\/strong>, desenvolver\u00e1 um relat\u00f3rio peri\u00f3dico sobre a eletromobilidade no mercado brasileiro, que ser\u00e1 publicado e distribu\u00eddo gratuitamente aos seus associados.<\/p>\n\n\n\n<figure class=\"wp-block-image\"><img fetchpriority=\"high\" decoding=\"async\" width=\"1024\" height=\"683\" src=\"https:\/\/latamobility.com\/wp-content\/uploads\/2024\/02\/Ricardo-Bastos_carros-1024x683.jpg\" alt=\"Brasil\" class=\"wp-image-29544\" srcset=\"https:\/\/latamobility.com\/wp-content\/uploads\/2024\/02\/Ricardo-Bastos_carros-1024x683.jpg 1024w, https:\/\/latamobility.com\/wp-content\/uploads\/2024\/02\/Ricardo-Bastos_carros-300x200.jpg 300w, https:\/\/latamobility.com\/wp-content\/uploads\/2024\/02\/Ricardo-Bastos_carros-768x513.jpg 768w, https:\/\/latamobility.com\/wp-content\/uploads\/2024\/02\/Ricardo-Bastos_carros-1536x1025.jpg 1536w, https:\/\/latamobility.com\/wp-content\/uploads\/2024\/02\/Ricardo-Bastos_carros-2048x1367.jpg 2048w, https:\/\/latamobility.com\/wp-content\/uploads\/2024\/02\/Ricardo-Bastos_carros-600x400.jpg 600w\" sizes=\"(max-width: 1024px) 100vw, 1024px\" \/><figcaption class=\"wp-element-caption\">Ricardo Bastos, Presidente da ABVE<\/figcaption><\/figure>\n\n\n\n<p><strong>Talvez voc\u00ea tamb\u00e9m se interesse por<\/strong>: <a href=\"https:\/\/latamobility.com\/pt-br\/hyundai-impulsiona-mobilidade-verde-e-inovacao-no-brasil\/\"><strong><mark style=\"background-color:rgba(0, 0, 0, 0)\" class=\"has-inline-color has-theme-palette-1-color\">Hyundai impulsiona mobilidade verde e inova\u00e7\u00e3o no Brasil<\/mark><\/strong><\/a><\/p>\n\n\n\n<h2 class=\"wp-block-heading\" id=\"h-sao-paulo-no-radar\"><strong>S\u00e3o Paulo no radar<\/strong><\/h2>\n\n\n\n<p>Nos dias <strong>1 e 2 de julho<\/strong>, o espa\u00e7o Villa Blue Tree em S\u00e3o Paulo, abrir\u00e1 suas portas para o \u201c<strong>Latam Mobility &amp; Net Zero Brasil 2024\u2033<\/strong>, que contar\u00e1 com a presen\u00e7a do presidente da <strong>ABVE<\/strong>, <strong>Ricardo Bastos<\/strong>, que participar\u00e1 da cerim\u00f4nia oficial de abertura do encontro no Brasil.<\/p>\n\n\n\n<p>Al\u00e9m disso, a <strong>ABVE <\/strong>ter\u00e1 uma sala exclusiva no encontro, onde receber\u00e1 seus <strong>mais de 120 associados<\/strong>, bem como empresas e entidades que desejam se conectar com a associa\u00e7\u00e3o brasileira.<\/p>\n\n\n\n<p>O <strong>Latam Mobility &amp; Net Zero Brazil 2024<\/strong> oferecer\u00e1 uma plataforma \u00fanica para networking, aprendizado e colabora\u00e7\u00e3o entre os principais players do setor, promovendo o avan\u00e7o e a inova\u00e7\u00e3o na ind\u00fastria da mobilidade.<\/p>\n\n\n\n<p>Para obter mais informa\u00e7\u00f5es sobre o <strong>Latam Mobility &amp; Net Zero Brasil 2024<\/strong>, incluindo detalhes do programa, visite nosso site <a href=\"http:\/\/www.latamobility.com\"><strong>www.latamobility.com<\/strong><\/a> e para comprar ingressos, clique <a href=\"https:\/\/live.eventtia.com\/es\/latammobilitybrasil2024\/HOME\"><strong>aqui<\/strong><\/a><\/p>\n\n\n\n<p>Para obter mais informa\u00e7\u00f5es e op\u00e7\u00f5es de posicionamento como patrocinador, contactar diretamente Edi Mariano atrav\u00e9s dos canais: <a href=\"mailto:edi.mariano@latamobility.com\"><strong><mark style=\"background-color:rgba(0, 0, 0, 0)\" class=\"has-inline-color has-theme-palette-1-color\">edi.mariano@latamobility.com<\/mark><\/strong><\/a> ou <strong>55 41 99114-2973<\/strong>.<\/p>\n","protected":false},"excerpt":{"rendered":"<p>A Latam Mobility, a mais importante comunidade de mobilidade sustent\u00e1vel da Am\u00e9rica Latina, assinou uma parceria com a Associa\u00e7\u00e3o Brasileira do Ve\u00edculo El\u00e9trico (ABVE), com o objetivo de avan\u00e7ar no caminho da descarboniza\u00e7\u00e3o do transporte e promover a eletromobilidade no Brasil. Com a parceria, a ABVE passa a fazer parte do grupo de organiza\u00e7\u00f5es aliadas&#8230;<\/p>\n","protected":false},"author":10,"featured_media":29582,"comment_status":"open","ping_status":"closed","sticky":false,"template":"","format":"standard","meta":{"_kad_post_transparent":"","_kad_post_title":"","_kad_post_layout":"","_kad_post_sidebar_id":"","_kad_post_content_style":"","_kad_post_vertical_padding":"","_kad_post_feature":"","_kad_post_feature_position":"","_kad_post_header":false,"_kad_post_footer":false,"_kad_post_classname":"","footnotes":""},"categories":[2356],"tags":[2253,2347,2360],"class_list":["post-29633","post","type-post","status-publish","format-standard","has-post-thumbnail","hentry","category-movilidad-electrica-pt-br","tag-brasil","tag-brasil-3","tag-brasil-pt-br"],"yoast_head":"<!-- This site is optimized with the Yoast SEO Premium plugin v22.7 (Yoast SEO v27.4) - https:\/\/yoast.com\/product\/yoast-seo-premium-wordpress\/ -->\n<title>ABVE e Latam Mobility assinam acordo para promover a mobilidade sustent\u00e1vel no Brasil - Latam Mobility<\/title>\n<meta name=\"description\" content=\"A Latam Mobility, a mais importante comunidade de mobilidade sustent\u00e1vel da Am\u00e9rica Latina, assinou uma parceria com a Associa\u00e7\u00e3o Brasileira do Ve\u00edculo\" \/>\n<meta name=\"robots\" content=\"index, follow, max-snippet:-1, max-image-preview:large, max-video-preview:-1\" \/>\n<link rel=\"canonical\" href=\"https:\/\/latamobility.com\/pt-br\/abve-e-latam-mobility-assinam-acordo-para-promover-a-mobilidade-sustentavel-no-brasil-2\/\" \/>\n<meta property=\"og:locale\" content=\"pt_BR\" \/>\n<meta property=\"og:type\" content=\"article\" \/>\n<meta property=\"og:title\" content=\"ABVE e Latam Mobility assinam acordo para promover a mobilidade sustent\u00e1vel no Brasil\" \/>\n<meta property=\"og:description\" content=\"A Latam Mobility, a mais importante comunidade de mobilidade sustent\u00e1vel da Am\u00e9rica Latina, assinou uma parceria com a Associa\u00e7\u00e3o Brasileira do Ve\u00edculo\" \/>\n<meta property=\"og:url\" content=\"https:\/\/latamobility.com\/pt-br\/abve-e-latam-mobility-assinam-acordo-para-promover-a-mobilidade-sustentavel-no-brasil-2\/\" \/>\n<meta property=\"og:site_name\" content=\"Latam Mobility\" \/>\n<meta property=\"article:publisher\" content=\"https:\/\/www.facebook.com\/latamobility\/\" \/>\n<meta property=\"article:published_time\" content=\"2024-02-29T23:07:49+00:00\" \/>\n<meta property=\"article:modified_time\" content=\"2024-02-29T23:13:04+00:00\" \/>\n<meta property=\"og:image\" content=\"https:\/\/latamobility.com\/wp-content\/uploads\/2024\/02\/Banner-partner-ABVE-Latam-Mobility-Net-Zero-Brasil-2024-twitter-2-scaled.jpg\" \/>\n\t<meta property=\"og:image:width\" content=\"2560\" \/>\n\t<meta property=\"og:image:height\" content=\"1441\" \/>\n\t<meta property=\"og:image:type\" content=\"image\/jpeg\" \/>\n<meta name=\"author\" content=\"Antonio Vilela\" \/>\n<meta name=\"twitter:card\" content=\"summary_large_image\" \/>\n<meta name=\"twitter:creator\" content=\"@LataMobility\" \/>\n<meta name=\"twitter:site\" content=\"@LataMobility\" \/>\n<meta name=\"twitter:label1\" content=\"Escrito por\" \/>\n\t<meta name=\"twitter:data1\" content=\"Antonio Vilela\" \/>\n\t<meta name=\"twitter:label2\" content=\"Est. tempo de leitura\" \/>\n\t<meta name=\"twitter:data2\" content=\"2 minutos\" \/>\n<script type=\"application\/ld+json\" class=\"yoast-schema-graph\">{\"@context\":\"https:\\\/\\\/schema.org\",\"@graph\":[{\"@type\":\"Article\",\"@id\":\"https:\\\/\\\/latamobility.com\\\/pt-br\\\/abve-e-latam-mobility-assinam-acordo-para-promover-a-mobilidade-sustentavel-no-brasil-2\\\/#article\",\"isPartOf\":{\"@id\":\"https:\\\/\\\/latamobility.com\\\/pt-br\\\/abve-e-latam-mobility-assinam-acordo-para-promover-a-mobilidade-sustentavel-no-brasil-2\\\/\"},\"author\":{\"name\":\"Antonio Vilela\",\"@id\":\"https:\\\/\\\/latamobility.com\\\/#\\\/schema\\\/person\\\/fda092a2de1f87d347784282908bad1a\"},\"headline\":\"ABVE e Latam Mobility assinam acordo para promover a mobilidade sustent\u00e1vel no Brasil\",\"datePublished\":\"2024-02-29T23:07:49+00:00\",\"dateModified\":\"2024-02-29T23:13:04+00:00\",\"mainEntityOfPage\":{\"@id\":\"https:\\\/\\\/latamobility.com\\\/pt-br\\\/abve-e-latam-mobility-assinam-acordo-para-promover-a-mobilidade-sustentavel-no-brasil-2\\\/\"},\"wordCount\":423,\"commentCount\":0,\"publisher\":{\"@id\":\"https:\\\/\\\/latamobility.com\\\/#organization\"},\"image\":{\"@id\":\"https:\\\/\\\/latamobility.com\\\/pt-br\\\/abve-e-latam-mobility-assinam-acordo-para-promover-a-mobilidade-sustentavel-no-brasil-2\\\/#primaryimage\"},\"thumbnailUrl\":\"https:\\\/\\\/latamobility.com\\\/wp-content\\\/uploads\\\/2024\\\/02\\\/Banner-partner-ABVE-Latam-Mobility-Net-Zero-Brasil-2024-twitter-2-scaled.jpg\",\"keywords\":[\"Brasil\",\"Brasil\",\"Brasil\"],\"articleSection\":[\"Movilidad el\u00e9ctrica\"],\"inLanguage\":\"pt-BR\",\"potentialAction\":[{\"@type\":\"CommentAction\",\"name\":\"Comment\",\"target\":[\"https:\\\/\\\/latamobility.com\\\/pt-br\\\/abve-e-latam-mobility-assinam-acordo-para-promover-a-mobilidade-sustentavel-no-brasil-2\\\/#respond\"]}]},{\"@type\":\"WebPage\",\"@id\":\"https:\\\/\\\/latamobility.com\\\/pt-br\\\/abve-e-latam-mobility-assinam-acordo-para-promover-a-mobilidade-sustentavel-no-brasil-2\\\/\",\"url\":\"https:\\\/\\\/latamobility.com\\\/pt-br\\\/abve-e-latam-mobility-assinam-acordo-para-promover-a-mobilidade-sustentavel-no-brasil-2\\\/\",\"name\":\"ABVE e Latam Mobility assinam acordo para promover a mobilidade sustent\u00e1vel no Brasil - Latam Mobility\",\"isPartOf\":{\"@id\":\"https:\\\/\\\/latamobility.com\\\/#website\"},\"primaryImageOfPage\":{\"@id\":\"https:\\\/\\\/latamobility.com\\\/pt-br\\\/abve-e-latam-mobility-assinam-acordo-para-promover-a-mobilidade-sustentavel-no-brasil-2\\\/#primaryimage\"},\"image\":{\"@id\":\"https:\\\/\\\/latamobility.com\\\/pt-br\\\/abve-e-latam-mobility-assinam-acordo-para-promover-a-mobilidade-sustentavel-no-brasil-2\\\/#primaryimage\"},\"thumbnailUrl\":\"https:\\\/\\\/latamobility.com\\\/wp-content\\\/uploads\\\/2024\\\/02\\\/Banner-partner-ABVE-Latam-Mobility-Net-Zero-Brasil-2024-twitter-2-scaled.jpg\",\"datePublished\":\"2024-02-29T23:07:49+00:00\",\"dateModified\":\"2024-02-29T23:13:04+00:00\",\"description\":\"A Latam Mobility, a mais importante comunidade de mobilidade sustent\u00e1vel da Am\u00e9rica Latina, assinou uma parceria com a Associa\u00e7\u00e3o Brasileira do Ve\u00edculo\",\"breadcrumb\":{\"@id\":\"https:\\\/\\\/latamobility.com\\\/pt-br\\\/abve-e-latam-mobility-assinam-acordo-para-promover-a-mobilidade-sustentavel-no-brasil-2\\\/#breadcrumb\"},\"inLanguage\":\"pt-BR\",\"potentialAction\":[{\"@type\":\"ReadAction\",\"target\":[\"https:\\\/\\\/latamobility.com\\\/pt-br\\\/abve-e-latam-mobility-assinam-acordo-para-promover-a-mobilidade-sustentavel-no-brasil-2\\\/\"]}]},{\"@type\":\"ImageObject\",\"inLanguage\":\"pt-BR\",\"@id\":\"https:\\\/\\\/latamobility.com\\\/pt-br\\\/abve-e-latam-mobility-assinam-acordo-para-promover-a-mobilidade-sustentavel-no-brasil-2\\\/#primaryimage\",\"url\":\"https:\\\/\\\/latamobility.com\\\/wp-content\\\/uploads\\\/2024\\\/02\\\/Banner-partner-ABVE-Latam-Mobility-Net-Zero-Brasil-2024-twitter-2-scaled.jpg\",\"contentUrl\":\"https:\\\/\\\/latamobility.com\\\/wp-content\\\/uploads\\\/2024\\\/02\\\/Banner-partner-ABVE-Latam-Mobility-Net-Zero-Brasil-2024-twitter-2-scaled.jpg\",\"width\":2560,\"height\":1441,\"caption\":\"Brasil\"},{\"@type\":\"BreadcrumbList\",\"@id\":\"https:\\\/\\\/latamobility.com\\\/pt-br\\\/abve-e-latam-mobility-assinam-acordo-para-promover-a-mobilidade-sustentavel-no-brasil-2\\\/#breadcrumb\",\"itemListElement\":[{\"@type\":\"ListItem\",\"position\":1,\"name\":\"Portada\",\"item\":\"https:\\\/\\\/latamobility.com\\\/pt-br\\\/\"},{\"@type\":\"ListItem\",\"position\":2,\"name\":\"ABVE e Latam Mobility assinam acordo para promover a mobilidade sustent\u00e1vel no Brasil\"}]},{\"@type\":\"WebSite\",\"@id\":\"https:\\\/\\\/latamobility.com\\\/#website\",\"url\":\"https:\\\/\\\/latamobility.com\\\/\",\"name\":\"Latam Mobility\",\"description\":\"Serie de Eventos para promover la Movilidad y Transporte sostenible en Latinoam\u00e9rica\",\"publisher\":{\"@id\":\"https:\\\/\\\/latamobility.com\\\/#organization\"},\"potentialAction\":[{\"@type\":\"SearchAction\",\"target\":{\"@type\":\"EntryPoint\",\"urlTemplate\":\"https:\\\/\\\/latamobility.com\\\/?s={search_term_string}\"},\"query-input\":{\"@type\":\"PropertyValueSpecification\",\"valueRequired\":true,\"valueName\":\"search_term_string\"}}],\"inLanguage\":\"pt-BR\"},{\"@type\":\"Organization\",\"@id\":\"https:\\\/\\\/latamobility.com\\\/#organization\",\"name\":\"LATAM MOBILITY\",\"url\":\"https:\\\/\\\/latamobility.com\\\/\",\"logo\":{\"@type\":\"ImageObject\",\"inLanguage\":\"pt-BR\",\"@id\":\"https:\\\/\\\/latamobility.com\\\/#\\\/schema\\\/logo\\\/image\\\/\",\"url\":\"https:\\\/\\\/latamobility.com\\\/wp-content\\\/uploads\\\/2025\\\/01\\\/logos-LM-LG-2025-10.png\",\"contentUrl\":\"https:\\\/\\\/latamobility.com\\\/wp-content\\\/uploads\\\/2025\\\/01\\\/logos-LM-LG-2025-10.png\",\"width\":1080,\"height\":1080,\"caption\":\"LATAM MOBILITY\"},\"image\":{\"@id\":\"https:\\\/\\\/latamobility.com\\\/#\\\/schema\\\/logo\\\/image\\\/\"},\"sameAs\":[\"https:\\\/\\\/www.facebook.com\\\/latamobility\\\/\",\"https:\\\/\\\/x.com\\\/LataMobility\",\"https:\\\/\\\/www.instagram.com\\\/latamobility\\\/\",\"https:\\\/\\\/www.linkedin.com\\\/company\\\/latamobility\\\/\",\"https:\\\/\\\/www.youtube.com\\\/channel\\\/UCtcslRCRY0vITWaOQ1X0XUA\"]},{\"@type\":\"Person\",\"@id\":\"https:\\\/\\\/latamobility.com\\\/#\\\/schema\\\/person\\\/fda092a2de1f87d347784282908bad1a\",\"name\":\"Antonio Vilela\",\"image\":{\"@type\":\"ImageObject\",\"inLanguage\":\"pt-BR\",\"@id\":\"https:\\\/\\\/secure.gravatar.com\\\/avatar\\\/7eee8196fd2fda180806d7b41cd517f274d5ad3b9f65d873feb3ca7e2b3a72d2?s=96&d=mm&r=g\",\"url\":\"https:\\\/\\\/secure.gravatar.com\\\/avatar\\\/7eee8196fd2fda180806d7b41cd517f274d5ad3b9f65d873feb3ca7e2b3a72d2?s=96&d=mm&r=g\",\"contentUrl\":\"https:\\\/\\\/secure.gravatar.com\\\/avatar\\\/7eee8196fd2fda180806d7b41cd517f274d5ad3b9f65d873feb3ca7e2b3a72d2?s=96&d=mm&r=g\",\"caption\":\"Antonio Vilela\"}}]}<\/script>\n<!-- \/ Yoast SEO Premium plugin. -->","yoast_head_json":{"title":"ABVE e Latam Mobility assinam acordo para promover a mobilidade sustent\u00e1vel no Brasil - Latam Mobility","description":"A Latam Mobility, a mais importante comunidade de mobilidade sustent\u00e1vel da Am\u00e9rica Latina, assinou uma parceria com a Associa\u00e7\u00e3o Brasileira do Ve\u00edculo","robots":{"index":"index","follow":"follow","max-snippet":"max-snippet:-1","max-image-preview":"max-image-preview:large","max-video-preview":"max-video-preview:-1"},"canonical":"https:\/\/latamobility.com\/pt-br\/abve-e-latam-mobility-assinam-acordo-para-promover-a-mobilidade-sustentavel-no-brasil-2\/","og_locale":"pt_BR","og_type":"article","og_title":"ABVE e Latam Mobility assinam acordo para promover a mobilidade sustent\u00e1vel no Brasil","og_description":"A Latam Mobility, a mais importante comunidade de mobilidade sustent\u00e1vel da Am\u00e9rica Latina, assinou uma parceria com a Associa\u00e7\u00e3o Brasileira do Ve\u00edculo","og_url":"https:\/\/latamobility.com\/pt-br\/abve-e-latam-mobility-assinam-acordo-para-promover-a-mobilidade-sustentavel-no-brasil-2\/","og_site_name":"Latam Mobility","article_publisher":"https:\/\/www.facebook.com\/latamobility\/","article_published_time":"2024-02-29T23:07:49+00:00","article_modified_time":"2024-02-29T23:13:04+00:00","og_image":[{"width":2560,"height":1441,"url":"https:\/\/latamobility.com\/wp-content\/uploads\/2024\/02\/Banner-partner-ABVE-Latam-Mobility-Net-Zero-Brasil-2024-twitter-2-scaled.jpg","type":"image\/jpeg"}],"author":"Antonio Vilela","twitter_card":"summary_large_image","twitter_creator":"@LataMobility","twitter_site":"@LataMobility","twitter_misc":{"Escrito por":"Antonio Vilela","Est. tempo de leitura":"2 minutos"},"schema":{"@context":"https:\/\/schema.org","@graph":[{"@type":"Article","@id":"https:\/\/latamobility.com\/pt-br\/abve-e-latam-mobility-assinam-acordo-para-promover-a-mobilidade-sustentavel-no-brasil-2\/#article","isPartOf":{"@id":"https:\/\/latamobility.com\/pt-br\/abve-e-latam-mobility-assinam-acordo-para-promover-a-mobilidade-sustentavel-no-brasil-2\/"},"author":{"name":"Antonio Vilela","@id":"https:\/\/latamobility.com\/#\/schema\/person\/fda092a2de1f87d347784282908bad1a"},"headline":"ABVE e Latam Mobility assinam acordo para promover a mobilidade sustent\u00e1vel no Brasil","datePublished":"2024-02-29T23:07:49+00:00","dateModified":"2024-02-29T23:13:04+00:00","mainEntityOfPage":{"@id":"https:\/\/latamobility.com\/pt-br\/abve-e-latam-mobility-assinam-acordo-para-promover-a-mobilidade-sustentavel-no-brasil-2\/"},"wordCount":423,"commentCount":0,"publisher":{"@id":"https:\/\/latamobility.com\/#organization"},"image":{"@id":"https:\/\/latamobility.com\/pt-br\/abve-e-latam-mobility-assinam-acordo-para-promover-a-mobilidade-sustentavel-no-brasil-2\/#primaryimage"},"thumbnailUrl":"https:\/\/latamobility.com\/wp-content\/uploads\/2024\/02\/Banner-partner-ABVE-Latam-Mobility-Net-Zero-Brasil-2024-twitter-2-scaled.jpg","keywords":["Brasil","Brasil","Brasil"],"articleSection":["Movilidad el\u00e9ctrica"],"inLanguage":"pt-BR","potentialAction":[{"@type":"CommentAction","name":"Comment","target":["https:\/\/latamobility.com\/pt-br\/abve-e-latam-mobility-assinam-acordo-para-promover-a-mobilidade-sustentavel-no-brasil-2\/#respond"]}]},{"@type":"WebPage","@id":"https:\/\/latamobility.com\/pt-br\/abve-e-latam-mobility-assinam-acordo-para-promover-a-mobilidade-sustentavel-no-brasil-2\/","url":"https:\/\/latamobility.com\/pt-br\/abve-e-latam-mobility-assinam-acordo-para-promover-a-mobilidade-sustentavel-no-brasil-2\/","name":"ABVE e Latam Mobility assinam acordo para promover a mobilidade sustent\u00e1vel no Brasil - Latam Mobility","isPartOf":{"@id":"https:\/\/latamobility.com\/#website"},"primaryImageOfPage":{"@id":"https:\/\/latamobility.com\/pt-br\/abve-e-latam-mobility-assinam-acordo-para-promover-a-mobilidade-sustentavel-no-brasil-2\/#primaryimage"},"image":{"@id":"https:\/\/latamobility.com\/pt-br\/abve-e-latam-mobility-assinam-acordo-para-promover-a-mobilidade-sustentavel-no-brasil-2\/#primaryimage"},"thumbnailUrl":"https:\/\/latamobility.com\/wp-content\/uploads\/2024\/02\/Banner-partner-ABVE-Latam-Mobility-Net-Zero-Brasil-2024-twitter-2-scaled.jpg","datePublished":"2024-02-29T23:07:49+00:00","dateModified":"2024-02-29T23:13:04+00:00","description":"A Latam Mobility, a mais importante comunidade de mobilidade sustent\u00e1vel da Am\u00e9rica Latina, assinou uma parceria com a Associa\u00e7\u00e3o Brasileira do Ve\u00edculo","breadcrumb":{"@id":"https:\/\/latamobility.com\/pt-br\/abve-e-latam-mobility-assinam-acordo-para-promover-a-mobilidade-sustentavel-no-brasil-2\/#breadcrumb"},"inLanguage":"pt-BR","potentialAction":[{"@type":"ReadAction","target":["https:\/\/latamobility.com\/pt-br\/abve-e-latam-mobility-assinam-acordo-para-promover-a-mobilidade-sustentavel-no-brasil-2\/"]}]},{"@type":"ImageObject","inLanguage":"pt-BR","@id":"https:\/\/latamobility.com\/pt-br\/abve-e-latam-mobility-assinam-acordo-para-promover-a-mobilidade-sustentavel-no-brasil-2\/#primaryimage","url":"https:\/\/latamobility.com\/wp-content\/uploads\/2024\/02\/Banner-partner-ABVE-Latam-Mobility-Net-Zero-Brasil-2024-twitter-2-scaled.jpg","contentUrl":"https:\/\/latamobility.com\/wp-content\/uploads\/2024\/02\/Banner-partner-ABVE-Latam-Mobility-Net-Zero-Brasil-2024-twitter-2-scaled.jpg","width":2560,"height":1441,"caption":"Brasil"},{"@type":"BreadcrumbList","@id":"https:\/\/latamobility.com\/pt-br\/abve-e-latam-mobility-assinam-acordo-para-promover-a-mobilidade-sustentavel-no-brasil-2\/#breadcrumb","itemListElement":[{"@type":"ListItem","position":1,"name":"Portada","item":"https:\/\/latamobility.com\/pt-br\/"},{"@type":"ListItem","position":2,"name":"ABVE e Latam Mobility assinam acordo para promover a mobilidade sustent\u00e1vel no Brasil"}]},{"@type":"WebSite","@id":"https:\/\/latamobility.com\/#website","url":"https:\/\/latamobility.com\/","name":"Latam Mobility","description":"Serie de Eventos para promover la Movilidad y Transporte sostenible en Latinoam\u00e9rica","publisher":{"@id":"https:\/\/latamobility.com\/#organization"},"potentialAction":[{"@type":"SearchAction","target":{"@type":"EntryPoint","urlTemplate":"https:\/\/latamobility.com\/?s={search_term_string}"},"query-input":{"@type":"PropertyValueSpecification","valueRequired":true,"valueName":"search_term_string"}}],"inLanguage":"pt-BR"},{"@type":"Organization","@id":"https:\/\/latamobility.com\/#organization","name":"LATAM MOBILITY","url":"https:\/\/latamobility.com\/","logo":{"@type":"ImageObject","inLanguage":"pt-BR","@id":"https:\/\/latamobility.com\/#\/schema\/logo\/image\/","url":"https:\/\/latamobility.com\/wp-content\/uploads\/2025\/01\/logos-LM-LG-2025-10.png","contentUrl":"https:\/\/latamobility.com\/wp-content\/uploads\/2025\/01\/logos-LM-LG-2025-10.png","width":1080,"height":1080,"caption":"LATAM MOBILITY"},"image":{"@id":"https:\/\/latamobility.com\/#\/schema\/logo\/image\/"},"sameAs":["https:\/\/www.facebook.com\/latamobility\/","https:\/\/x.com\/LataMobility","https:\/\/www.instagram.com\/latamobility\/","https:\/\/www.linkedin.com\/company\/latamobility\/","https:\/\/www.youtube.com\/channel\/UCtcslRCRY0vITWaOQ1X0XUA"]},{"@type":"Person","@id":"https:\/\/latamobility.com\/#\/schema\/person\/fda092a2de1f87d347784282908bad1a","name":"Antonio Vilela","image":{"@type":"ImageObject","inLanguage":"pt-BR","@id":"https:\/\/secure.gravatar.com\/avatar\/7eee8196fd2fda180806d7b41cd517f274d5ad3b9f65d873feb3ca7e2b3a72d2?s=96&d=mm&r=g","url":"https:\/\/secure.gravatar.com\/avatar\/7eee8196fd2fda180806d7b41cd517f274d5ad3b9f65d873feb3ca7e2b3a72d2?s=96&d=mm&r=g","contentUrl":"https:\/\/secure.gravatar.com\/avatar\/7eee8196fd2fda180806d7b41cd517f274d5ad3b9f65d873feb3ca7e2b3a72d2?s=96&d=mm&r=g","caption":"Antonio Vilela"}}]}},"_links":{"self":[{"href":"https:\/\/latamobility.com\/pt-br\/wp-json\/wp\/v2\/posts\/29633","targetHints":{"allow":["GET"]}}],"collection":[{"href":"https:\/\/latamobility.com\/pt-br\/wp-json\/wp\/v2\/posts"}],"about":[{"href":"https:\/\/latamobility.com\/pt-br\/wp-json\/wp\/v2\/types\/post"}],"author":[{"embeddable":true,"href":"https:\/\/latamobility.com\/pt-br\/wp-json\/wp\/v2\/users\/10"}],"replies":[{"embeddable":true,"href":"https:\/\/latamobility.com\/pt-br\/wp-json\/wp\/v2\/comments?post=29633"}],"version-history":[{"count":1,"href":"https:\/\/latamobility.com\/pt-br\/wp-json\/wp\/v2\/posts\/29633\/revisions"}],"predecessor-version":[{"id":29635,"href":"https:\/\/latamobility.com\/pt-br\/wp-json\/wp\/v2\/posts\/29633\/revisions\/29635"}],"wp:featuredmedia":[{"embeddable":true,"href":"https:\/\/latamobility.com\/pt-br\/wp-json\/wp\/v2\/media\/29582"}],"wp:attachment":[{"href":"https:\/\/latamobility.com\/pt-br\/wp-json\/wp\/v2\/media?parent=29633"}],"wp:term":[{"taxonomy":"category","embeddable":true,"href":"https:\/\/latamobility.com\/pt-br\/wp-json\/wp\/v2\/categories?post=29633"},{"taxonomy":"post_tag","embeddable":true,"href":"https:\/\/latamobility.com\/pt-br\/wp-json\/wp\/v2\/tags?post=29633"}],"curies":[{"name":"wp","href":"https:\/\/api.w.org\/{rel}","templated":true}]}}