{"id":29718,"date":"2024-03-04T05:05:00","date_gmt":"2024-03-04T10:05:00","guid":{"rendered":"https:\/\/latamobility.com\/?p=29718"},"modified":"2024-03-07T17:18:12","modified_gmt":"2024-03-07T22:18:12","slug":"os-10-carros-eletricos-mais-economicos-do-brasil","status":"publish","type":"post","link":"https:\/\/latamobility.com\/pt-br\/os-10-carros-eletricos-mais-economicos-do-brasil\/","title":{"rendered":"Os 10 carros el\u00e9tricos mais econ\u00f4micos do Brasil"},"content":{"rendered":"\n<p><strong>O Brasil<\/strong> n\u00e3o \u00e9 exce\u00e7\u00e3o <strong>no meio da revolu\u00e7\u00e3o el\u00e9trica<\/strong> na ind\u00fastria automotiva, pois o aumento da conscientiza\u00e7\u00e3o ambiental e o esfor\u00e7o para reduzir as emiss\u00f5es de carbono, colocam o pa\u00eds no centro das aten\u00e7\u00f5es quando se trata da ado\u00e7\u00e3o de carros el\u00e9tricos.<\/p>\n\n\n\n<p>Nesse sentido,<strong> os ve\u00edculos el\u00e9tricos est\u00e3o ganhando terreno<\/strong> no mercado brasileiro. No entanto, a percep\u00e7\u00e3o de que eles s\u00e3o inating\u00edveis em termos de pre\u00e7o ainda pode persistir.<\/p>\n\n\n\n<p>Aqui est\u00e3o os dez carros el\u00e9tricos mais acess\u00edveis <strong>dispon\u00edveis no Brasil,<\/strong> de acordo com o \u00faltimo relat\u00f3rio da <strong>Garagem360<\/strong>, demonstrando que a mobilidade verde pode ser uma op\u00e7\u00e3o acess\u00edvel para um p\u00fablico mais amplo.<\/p>\n\n\n\n<p><strong>Conte\u00fado relacionado: <\/strong><a href=\"https:\/\/latamobility.com\/pt-br\/abve-e-latam-mobility-assinam-acordo-para-promover-a-mobilidade-sustentavel-no-brasil-2\/\"><strong>ABVE e Latam Mobility assinam acordo para impulsionar a mobilidade sustent\u00e1vel no Brasil<\/strong><\/a><\/p>\n\n\n\n<figure class=\"wp-block-image size-large\"><img fetchpriority=\"high\" decoding=\"async\" width=\"1024\" height=\"572\" src=\"https:\/\/latamobility.com\/wp-content\/uploads\/2024\/03\/Renault-Kwid-e-Tech-1024x572.jpg\" alt=\"\" class=\"wp-image-29649\" srcset=\"https:\/\/latamobility.com\/wp-content\/uploads\/2024\/03\/Renault-Kwid-e-Tech-1024x572.jpg 1024w, https:\/\/latamobility.com\/wp-content\/uploads\/2024\/03\/Renault-Kwid-e-Tech-300x168.jpg 300w, https:\/\/latamobility.com\/wp-content\/uploads\/2024\/03\/Renault-Kwid-e-Tech-768x429.jpg 768w, https:\/\/latamobility.com\/wp-content\/uploads\/2024\/03\/Renault-Kwid-e-Tech-600x335.jpg 600w, https:\/\/latamobility.com\/wp-content\/uploads\/2024\/03\/Renault-Kwid-e-Tech.jpg 1280w\" sizes=\"(max-width: 1024px) 100vw, 1024px\" \/><figcaption class=\"wp-element-caption\"><em>Renault Kwid e-Tech (Foto: Renault)<\/em><\/figcaption><\/figure>\n\n\n\n<h2 class=\"wp-block-heading\" id=\"h-renault-kwid-e-tech-o-mais-economico-do-brasil\"><strong>Renault Kwid e-Tech: o mais econ\u00f4mico do Brasil<\/strong><\/h2>\n\n\n\n<p><strong>A partir de R$ 99.990<\/strong>, \u00e9 a escolha ideal para motoristas urbanos que buscam uma alternativa el\u00e9trica. Com um pre\u00e7o inicial competitivo, <strong>supera o BYD Dolphin Mini,<\/strong> que havia chegado ao pa\u00eds com o conceito de ser o mais econ\u00f4mico do Brasil.<\/p>\n\n\n\n<figure class=\"wp-block-image size-large\"><img decoding=\"async\" width=\"1024\" height=\"572\" src=\"https:\/\/latamobility.com\/wp-content\/uploads\/2024\/03\/BYD-Dolphin-Mini-1-1024x572.jpg\" alt=\"\" class=\"wp-image-29645\" srcset=\"https:\/\/latamobility.com\/wp-content\/uploads\/2024\/03\/BYD-Dolphin-Mini-1-1024x572.jpg 1024w, https:\/\/latamobility.com\/wp-content\/uploads\/2024\/03\/BYD-Dolphin-Mini-1-300x168.jpg 300w, https:\/\/latamobility.com\/wp-content\/uploads\/2024\/03\/BYD-Dolphin-Mini-1-768x429.jpg 768w, https:\/\/latamobility.com\/wp-content\/uploads\/2024\/03\/BYD-Dolphin-Mini-1-600x335.jpg 600w, https:\/\/latamobility.com\/wp-content\/uploads\/2024\/03\/BYD-Dolphin-Mini-1.jpg 1280w\" sizes=\"(max-width: 1024px) 100vw, 1024px\" \/><figcaption class=\"wp-element-caption\"><em>BYD Dolphin Mini (Foto: BYD)<\/em><\/figcaption><\/figure>\n\n\n\n<p>O <strong>BYD Dolphin Min<\/strong>i, com pre\u00e7o d<strong>e R$ 115.800,<\/strong> subiu para o segundo lugar, oferecendo praticidade e efici\u00eancia com tecnologia avan\u00e7ada. Em seguida, o<strong> Caoa Chery iCar<\/strong> fecha o p\u00f3dio dos carros mais econ\u00f4micos do Brasil ao custar<strong> R$ 119.990.<\/strong><\/p>\n\n\n\n<p>O <strong>Jac e-JS1<\/strong> (R$ 126.900), o <strong>BYD Dolphin<\/strong> (R$ 149.800), o <strong>GWM Ora 03<\/strong> (R$ 150.000), o <strong>Hyundai Kona EV <\/strong>(R$ 189.990), o <strong>S\u00e9rie 3<\/strong> (R$ 199.990), o <strong>Fiat 500e<\/strong> (R$ 214.990), o <strong>Peugeot e-208 GT<\/strong> (R$ 225.990) e, por fim, o <strong>Peugeot e-208 GT<\/strong>, com<strong> R$ 225.990<\/strong>, encabe\u00e7a a lista.<\/p>\n","protected":false},"excerpt":{"rendered":"<p>O Brasil n\u00e3o \u00e9 exce\u00e7\u00e3o no meio da revolu\u00e7\u00e3o el\u00e9trica na ind\u00fastria automotiva, pois o aumento da conscientiza\u00e7\u00e3o ambiental e o esfor\u00e7o para reduzir as emiss\u00f5es de carbono, colocam o pa\u00eds no centro das aten\u00e7\u00f5es quando se trata da ado\u00e7\u00e3o de carros el\u00e9tricos. Nesse sentido, os ve\u00edculos el\u00e9tricos est\u00e3o ganhando terreno no mercado brasileiro. No&#8230;<\/p>\n","protected":false},"author":10,"featured_media":29642,"comment_status":"open","ping_status":"closed","sticky":false,"template":"","format":"standard","meta":{"_kad_post_transparent":"","_kad_post_title":"","_kad_post_layout":"","_kad_post_sidebar_id":"","_kad_post_content_style":"","_kad_post_vertical_padding":"","_kad_post_feature":"","_kad_post_feature_position":"","_kad_post_header":false,"_kad_post_footer":false,"_kad_post_classname":"","footnotes":""},"categories":[2356],"tags":[2360,2359,2357],"class_list":["post-29718","post","type-post","status-publish","format-standard","has-post-thumbnail","hentry","category-movilidad-electrica-pt-br","tag-brasil-pt-br","tag-movilidad-electrica-pt-br","tag-movilidad-sostenible-pt-br"],"yoast_head":"<!-- This site is optimized with the Yoast SEO Premium plugin v22.7 (Yoast SEO v27.4) - https:\/\/yoast.com\/product\/yoast-seo-premium-wordpress\/ -->\n<title>Os 10 carros el\u00e9tricos mais econ\u00f4micos do Brasil - Latam Mobility<\/title>\n<meta name=\"description\" content=\"O Brasil n\u00e3o \u00e9 exce\u00e7\u00e3o no meio da revolu\u00e7\u00e3o el\u00e9trica na ind\u00fastria automotiva, pois o aumento da conscientiza\u00e7\u00e3o ambiental e o esfor\u00e7o para reduzir as\" \/>\n<meta name=\"robots\" content=\"index, follow, max-snippet:-1, max-image-preview:large, max-video-preview:-1\" \/>\n<link rel=\"canonical\" href=\"https:\/\/latamobility.com\/pt-br\/os-10-carros-eletricos-mais-economicos-do-brasil\/\" \/>\n<meta property=\"og:locale\" content=\"pt_BR\" \/>\n<meta property=\"og:type\" content=\"article\" \/>\n<meta property=\"og:title\" content=\"Os 10 carros el\u00e9tricos mais econ\u00f4micos do Brasil\" \/>\n<meta property=\"og:description\" content=\"O Brasil n\u00e3o \u00e9 exce\u00e7\u00e3o no meio da revolu\u00e7\u00e3o el\u00e9trica na ind\u00fastria automotiva, pois o aumento da conscientiza\u00e7\u00e3o ambiental e o esfor\u00e7o para reduzir as\" \/>\n<meta property=\"og:url\" content=\"https:\/\/latamobility.com\/pt-br\/os-10-carros-eletricos-mais-economicos-do-brasil\/\" \/>\n<meta property=\"og:site_name\" content=\"Latam Mobility\" \/>\n<meta property=\"article:publisher\" content=\"https:\/\/www.facebook.com\/latamobility\/\" \/>\n<meta property=\"article:published_time\" content=\"2024-03-04T10:05:00+00:00\" \/>\n<meta property=\"article:modified_time\" content=\"2024-03-07T22:18:12+00:00\" \/>\n<meta property=\"og:image\" content=\"https:\/\/latamobility.com\/wp-content\/uploads\/2024\/03\/BYD-Dolphin-Mini.jpg\" \/>\n\t<meta property=\"og:image:width\" content=\"1280\" \/>\n\t<meta property=\"og:image:height\" content=\"715\" \/>\n\t<meta property=\"og:image:type\" content=\"image\/jpeg\" \/>\n<meta name=\"author\" content=\"Antonio Vilela\" \/>\n<meta name=\"twitter:card\" content=\"summary_large_image\" \/>\n<meta name=\"twitter:creator\" content=\"@LataMobility\" \/>\n<meta name=\"twitter:site\" content=\"@LataMobility\" \/>\n<meta name=\"twitter:label1\" content=\"Escrito por\" \/>\n\t<meta name=\"twitter:data1\" content=\"Antonio Vilela\" \/>\n\t<meta name=\"twitter:label2\" content=\"Est. tempo de leitura\" \/>\n\t<meta name=\"twitter:data2\" content=\"1 minuto\" \/>\n<script type=\"application\/ld+json\" class=\"yoast-schema-graph\">{\"@context\":\"https:\\\/\\\/schema.org\",\"@graph\":[{\"@type\":\"Article\",\"@id\":\"https:\\\/\\\/latamobility.com\\\/pt-br\\\/os-10-carros-eletricos-mais-economicos-do-brasil\\\/#article\",\"isPartOf\":{\"@id\":\"https:\\\/\\\/latamobility.com\\\/pt-br\\\/os-10-carros-eletricos-mais-economicos-do-brasil\\\/\"},\"author\":{\"name\":\"Antonio Vilela\",\"@id\":\"https:\\\/\\\/latamobility.com\\\/#\\\/schema\\\/person\\\/fda092a2de1f87d347784282908bad1a\"},\"headline\":\"Os 10 carros el\u00e9tricos mais econ\u00f4micos do Brasil\",\"datePublished\":\"2024-03-04T10:05:00+00:00\",\"dateModified\":\"2024-03-07T22:18:12+00:00\",\"mainEntityOfPage\":{\"@id\":\"https:\\\/\\\/latamobility.com\\\/pt-br\\\/os-10-carros-eletricos-mais-economicos-do-brasil\\\/\"},\"wordCount\":305,\"commentCount\":0,\"publisher\":{\"@id\":\"https:\\\/\\\/latamobility.com\\\/#organization\"},\"image\":{\"@id\":\"https:\\\/\\\/latamobility.com\\\/pt-br\\\/os-10-carros-eletricos-mais-economicos-do-brasil\\\/#primaryimage\"},\"thumbnailUrl\":\"https:\\\/\\\/latamobility.com\\\/wp-content\\\/uploads\\\/2024\\\/03\\\/BYD-Dolphin-Mini.jpg\",\"keywords\":[\"Brasil\",\"Movilidad el\u00e9ctrica\",\"Movilidad Sostenible\"],\"articleSection\":[\"Movilidad el\u00e9ctrica\"],\"inLanguage\":\"pt-BR\",\"potentialAction\":[{\"@type\":\"CommentAction\",\"name\":\"Comment\",\"target\":[\"https:\\\/\\\/latamobility.com\\\/pt-br\\\/os-10-carros-eletricos-mais-economicos-do-brasil\\\/#respond\"]}]},{\"@type\":\"WebPage\",\"@id\":\"https:\\\/\\\/latamobility.com\\\/pt-br\\\/os-10-carros-eletricos-mais-economicos-do-brasil\\\/\",\"url\":\"https:\\\/\\\/latamobility.com\\\/pt-br\\\/os-10-carros-eletricos-mais-economicos-do-brasil\\\/\",\"name\":\"Os 10 carros el\u00e9tricos mais econ\u00f4micos do Brasil - Latam Mobility\",\"isPartOf\":{\"@id\":\"https:\\\/\\\/latamobility.com\\\/#website\"},\"primaryImageOfPage\":{\"@id\":\"https:\\\/\\\/latamobility.com\\\/pt-br\\\/os-10-carros-eletricos-mais-economicos-do-brasil\\\/#primaryimage\"},\"image\":{\"@id\":\"https:\\\/\\\/latamobility.com\\\/pt-br\\\/os-10-carros-eletricos-mais-economicos-do-brasil\\\/#primaryimage\"},\"thumbnailUrl\":\"https:\\\/\\\/latamobility.com\\\/wp-content\\\/uploads\\\/2024\\\/03\\\/BYD-Dolphin-Mini.jpg\",\"datePublished\":\"2024-03-04T10:05:00+00:00\",\"dateModified\":\"2024-03-07T22:18:12+00:00\",\"description\":\"O Brasil n\u00e3o \u00e9 exce\u00e7\u00e3o no meio da revolu\u00e7\u00e3o el\u00e9trica na ind\u00fastria automotiva, pois o aumento da conscientiza\u00e7\u00e3o ambiental e o esfor\u00e7o para reduzir as\",\"breadcrumb\":{\"@id\":\"https:\\\/\\\/latamobility.com\\\/pt-br\\\/os-10-carros-eletricos-mais-economicos-do-brasil\\\/#breadcrumb\"},\"inLanguage\":\"pt-BR\",\"potentialAction\":[{\"@type\":\"ReadAction\",\"target\":[\"https:\\\/\\\/latamobility.com\\\/pt-br\\\/os-10-carros-eletricos-mais-economicos-do-brasil\\\/\"]}]},{\"@type\":\"ImageObject\",\"inLanguage\":\"pt-BR\",\"@id\":\"https:\\\/\\\/latamobility.com\\\/pt-br\\\/os-10-carros-eletricos-mais-economicos-do-brasil\\\/#primaryimage\",\"url\":\"https:\\\/\\\/latamobility.com\\\/wp-content\\\/uploads\\\/2024\\\/03\\\/BYD-Dolphin-Mini.jpg\",\"contentUrl\":\"https:\\\/\\\/latamobility.com\\\/wp-content\\\/uploads\\\/2024\\\/03\\\/BYD-Dolphin-Mini.jpg\",\"width\":1280,\"height\":715,\"caption\":\"BYD Dolphin Mini\"},{\"@type\":\"BreadcrumbList\",\"@id\":\"https:\\\/\\\/latamobility.com\\\/pt-br\\\/os-10-carros-eletricos-mais-economicos-do-brasil\\\/#breadcrumb\",\"itemListElement\":[{\"@type\":\"ListItem\",\"position\":1,\"name\":\"Portada\",\"item\":\"https:\\\/\\\/latamobility.com\\\/pt-br\\\/\"},{\"@type\":\"ListItem\",\"position\":2,\"name\":\"Os 10 carros el\u00e9tricos mais econ\u00f4micos do Brasil\"}]},{\"@type\":\"WebSite\",\"@id\":\"https:\\\/\\\/latamobility.com\\\/#website\",\"url\":\"https:\\\/\\\/latamobility.com\\\/\",\"name\":\"Latam Mobility\",\"description\":\"Serie de Eventos para promover la Movilidad y Transporte sostenible en Latinoam\u00e9rica\",\"publisher\":{\"@id\":\"https:\\\/\\\/latamobility.com\\\/#organization\"},\"potentialAction\":[{\"@type\":\"SearchAction\",\"target\":{\"@type\":\"EntryPoint\",\"urlTemplate\":\"https:\\\/\\\/latamobility.com\\\/?s={search_term_string}\"},\"query-input\":{\"@type\":\"PropertyValueSpecification\",\"valueRequired\":true,\"valueName\":\"search_term_string\"}}],\"inLanguage\":\"pt-BR\"},{\"@type\":\"Organization\",\"@id\":\"https:\\\/\\\/latamobility.com\\\/#organization\",\"name\":\"LATAM MOBILITY\",\"url\":\"https:\\\/\\\/latamobility.com\\\/\",\"logo\":{\"@type\":\"ImageObject\",\"inLanguage\":\"pt-BR\",\"@id\":\"https:\\\/\\\/latamobility.com\\\/#\\\/schema\\\/logo\\\/image\\\/\",\"url\":\"https:\\\/\\\/latamobility.com\\\/wp-content\\\/uploads\\\/2025\\\/01\\\/logos-LM-LG-2025-10.png\",\"contentUrl\":\"https:\\\/\\\/latamobility.com\\\/wp-content\\\/uploads\\\/2025\\\/01\\\/logos-LM-LG-2025-10.png\",\"width\":1080,\"height\":1080,\"caption\":\"LATAM MOBILITY\"},\"image\":{\"@id\":\"https:\\\/\\\/latamobility.com\\\/#\\\/schema\\\/logo\\\/image\\\/\"},\"sameAs\":[\"https:\\\/\\\/www.facebook.com\\\/latamobility\\\/\",\"https:\\\/\\\/x.com\\\/LataMobility\",\"https:\\\/\\\/www.instagram.com\\\/latamobility\\\/\",\"https:\\\/\\\/www.linkedin.com\\\/company\\\/latamobility\\\/\",\"https:\\\/\\\/www.youtube.com\\\/channel\\\/UCtcslRCRY0vITWaOQ1X0XUA\"]},{\"@type\":\"Person\",\"@id\":\"https:\\\/\\\/latamobility.com\\\/#\\\/schema\\\/person\\\/fda092a2de1f87d347784282908bad1a\",\"name\":\"Antonio Vilela\",\"image\":{\"@type\":\"ImageObject\",\"inLanguage\":\"pt-BR\",\"@id\":\"https:\\\/\\\/secure.gravatar.com\\\/avatar\\\/7eee8196fd2fda180806d7b41cd517f274d5ad3b9f65d873feb3ca7e2b3a72d2?s=96&d=mm&r=g\",\"url\":\"https:\\\/\\\/secure.gravatar.com\\\/avatar\\\/7eee8196fd2fda180806d7b41cd517f274d5ad3b9f65d873feb3ca7e2b3a72d2?s=96&d=mm&r=g\",\"contentUrl\":\"https:\\\/\\\/secure.gravatar.com\\\/avatar\\\/7eee8196fd2fda180806d7b41cd517f274d5ad3b9f65d873feb3ca7e2b3a72d2?s=96&d=mm&r=g\",\"caption\":\"Antonio Vilela\"}}]}<\/script>\n<!-- \/ Yoast SEO Premium plugin. -->","yoast_head_json":{"title":"Os 10 carros el\u00e9tricos mais econ\u00f4micos do Brasil - Latam Mobility","description":"O Brasil n\u00e3o \u00e9 exce\u00e7\u00e3o no meio da revolu\u00e7\u00e3o el\u00e9trica na ind\u00fastria automotiva, pois o aumento da conscientiza\u00e7\u00e3o ambiental e o esfor\u00e7o para reduzir as","robots":{"index":"index","follow":"follow","max-snippet":"max-snippet:-1","max-image-preview":"max-image-preview:large","max-video-preview":"max-video-preview:-1"},"canonical":"https:\/\/latamobility.com\/pt-br\/os-10-carros-eletricos-mais-economicos-do-brasil\/","og_locale":"pt_BR","og_type":"article","og_title":"Os 10 carros el\u00e9tricos mais econ\u00f4micos do Brasil","og_description":"O Brasil n\u00e3o \u00e9 exce\u00e7\u00e3o no meio da revolu\u00e7\u00e3o el\u00e9trica na ind\u00fastria automotiva, pois o aumento da conscientiza\u00e7\u00e3o ambiental e o esfor\u00e7o para reduzir as","og_url":"https:\/\/latamobility.com\/pt-br\/os-10-carros-eletricos-mais-economicos-do-brasil\/","og_site_name":"Latam Mobility","article_publisher":"https:\/\/www.facebook.com\/latamobility\/","article_published_time":"2024-03-04T10:05:00+00:00","article_modified_time":"2024-03-07T22:18:12+00:00","og_image":[{"width":1280,"height":715,"url":"https:\/\/latamobility.com\/wp-content\/uploads\/2024\/03\/BYD-Dolphin-Mini.jpg","type":"image\/jpeg"}],"author":"Antonio Vilela","twitter_card":"summary_large_image","twitter_creator":"@LataMobility","twitter_site":"@LataMobility","twitter_misc":{"Escrito por":"Antonio Vilela","Est. tempo de leitura":"1 minuto"},"schema":{"@context":"https:\/\/schema.org","@graph":[{"@type":"Article","@id":"https:\/\/latamobility.com\/pt-br\/os-10-carros-eletricos-mais-economicos-do-brasil\/#article","isPartOf":{"@id":"https:\/\/latamobility.com\/pt-br\/os-10-carros-eletricos-mais-economicos-do-brasil\/"},"author":{"name":"Antonio Vilela","@id":"https:\/\/latamobility.com\/#\/schema\/person\/fda092a2de1f87d347784282908bad1a"},"headline":"Os 10 carros el\u00e9tricos mais econ\u00f4micos do Brasil","datePublished":"2024-03-04T10:05:00+00:00","dateModified":"2024-03-07T22:18:12+00:00","mainEntityOfPage":{"@id":"https:\/\/latamobility.com\/pt-br\/os-10-carros-eletricos-mais-economicos-do-brasil\/"},"wordCount":305,"commentCount":0,"publisher":{"@id":"https:\/\/latamobility.com\/#organization"},"image":{"@id":"https:\/\/latamobility.com\/pt-br\/os-10-carros-eletricos-mais-economicos-do-brasil\/#primaryimage"},"thumbnailUrl":"https:\/\/latamobility.com\/wp-content\/uploads\/2024\/03\/BYD-Dolphin-Mini.jpg","keywords":["Brasil","Movilidad el\u00e9ctrica","Movilidad Sostenible"],"articleSection":["Movilidad el\u00e9ctrica"],"inLanguage":"pt-BR","potentialAction":[{"@type":"CommentAction","name":"Comment","target":["https:\/\/latamobility.com\/pt-br\/os-10-carros-eletricos-mais-economicos-do-brasil\/#respond"]}]},{"@type":"WebPage","@id":"https:\/\/latamobility.com\/pt-br\/os-10-carros-eletricos-mais-economicos-do-brasil\/","url":"https:\/\/latamobility.com\/pt-br\/os-10-carros-eletricos-mais-economicos-do-brasil\/","name":"Os 10 carros el\u00e9tricos mais econ\u00f4micos do Brasil - Latam Mobility","isPartOf":{"@id":"https:\/\/latamobility.com\/#website"},"primaryImageOfPage":{"@id":"https:\/\/latamobility.com\/pt-br\/os-10-carros-eletricos-mais-economicos-do-brasil\/#primaryimage"},"image":{"@id":"https:\/\/latamobility.com\/pt-br\/os-10-carros-eletricos-mais-economicos-do-brasil\/#primaryimage"},"thumbnailUrl":"https:\/\/latamobility.com\/wp-content\/uploads\/2024\/03\/BYD-Dolphin-Mini.jpg","datePublished":"2024-03-04T10:05:00+00:00","dateModified":"2024-03-07T22:18:12+00:00","description":"O Brasil n\u00e3o \u00e9 exce\u00e7\u00e3o no meio da revolu\u00e7\u00e3o el\u00e9trica na ind\u00fastria automotiva, pois o aumento da conscientiza\u00e7\u00e3o ambiental e o esfor\u00e7o para reduzir as","breadcrumb":{"@id":"https:\/\/latamobility.com\/pt-br\/os-10-carros-eletricos-mais-economicos-do-brasil\/#breadcrumb"},"inLanguage":"pt-BR","potentialAction":[{"@type":"ReadAction","target":["https:\/\/latamobility.com\/pt-br\/os-10-carros-eletricos-mais-economicos-do-brasil\/"]}]},{"@type":"ImageObject","inLanguage":"pt-BR","@id":"https:\/\/latamobility.com\/pt-br\/os-10-carros-eletricos-mais-economicos-do-brasil\/#primaryimage","url":"https:\/\/latamobility.com\/wp-content\/uploads\/2024\/03\/BYD-Dolphin-Mini.jpg","contentUrl":"https:\/\/latamobility.com\/wp-content\/uploads\/2024\/03\/BYD-Dolphin-Mini.jpg","width":1280,"height":715,"caption":"BYD Dolphin Mini"},{"@type":"BreadcrumbList","@id":"https:\/\/latamobility.com\/pt-br\/os-10-carros-eletricos-mais-economicos-do-brasil\/#breadcrumb","itemListElement":[{"@type":"ListItem","position":1,"name":"Portada","item":"https:\/\/latamobility.com\/pt-br\/"},{"@type":"ListItem","position":2,"name":"Os 10 carros el\u00e9tricos mais econ\u00f4micos do Brasil"}]},{"@type":"WebSite","@id":"https:\/\/latamobility.com\/#website","url":"https:\/\/latamobility.com\/","name":"Latam Mobility","description":"Serie de Eventos para promover la Movilidad y Transporte sostenible en Latinoam\u00e9rica","publisher":{"@id":"https:\/\/latamobility.com\/#organization"},"potentialAction":[{"@type":"SearchAction","target":{"@type":"EntryPoint","urlTemplate":"https:\/\/latamobility.com\/?s={search_term_string}"},"query-input":{"@type":"PropertyValueSpecification","valueRequired":true,"valueName":"search_term_string"}}],"inLanguage":"pt-BR"},{"@type":"Organization","@id":"https:\/\/latamobility.com\/#organization","name":"LATAM MOBILITY","url":"https:\/\/latamobility.com\/","logo":{"@type":"ImageObject","inLanguage":"pt-BR","@id":"https:\/\/latamobility.com\/#\/schema\/logo\/image\/","url":"https:\/\/latamobility.com\/wp-content\/uploads\/2025\/01\/logos-LM-LG-2025-10.png","contentUrl":"https:\/\/latamobility.com\/wp-content\/uploads\/2025\/01\/logos-LM-LG-2025-10.png","width":1080,"height":1080,"caption":"LATAM MOBILITY"},"image":{"@id":"https:\/\/latamobility.com\/#\/schema\/logo\/image\/"},"sameAs":["https:\/\/www.facebook.com\/latamobility\/","https:\/\/x.com\/LataMobility","https:\/\/www.instagram.com\/latamobility\/","https:\/\/www.linkedin.com\/company\/latamobility\/","https:\/\/www.youtube.com\/channel\/UCtcslRCRY0vITWaOQ1X0XUA"]},{"@type":"Person","@id":"https:\/\/latamobility.com\/#\/schema\/person\/fda092a2de1f87d347784282908bad1a","name":"Antonio Vilela","image":{"@type":"ImageObject","inLanguage":"pt-BR","@id":"https:\/\/secure.gravatar.com\/avatar\/7eee8196fd2fda180806d7b41cd517f274d5ad3b9f65d873feb3ca7e2b3a72d2?s=96&d=mm&r=g","url":"https:\/\/secure.gravatar.com\/avatar\/7eee8196fd2fda180806d7b41cd517f274d5ad3b9f65d873feb3ca7e2b3a72d2?s=96&d=mm&r=g","contentUrl":"https:\/\/secure.gravatar.com\/avatar\/7eee8196fd2fda180806d7b41cd517f274d5ad3b9f65d873feb3ca7e2b3a72d2?s=96&d=mm&r=g","caption":"Antonio Vilela"}}]}},"_links":{"self":[{"href":"https:\/\/latamobility.com\/pt-br\/wp-json\/wp\/v2\/posts\/29718","targetHints":{"allow":["GET"]}}],"collection":[{"href":"https:\/\/latamobility.com\/pt-br\/wp-json\/wp\/v2\/posts"}],"about":[{"href":"https:\/\/latamobility.com\/pt-br\/wp-json\/wp\/v2\/types\/post"}],"author":[{"embeddable":true,"href":"https:\/\/latamobility.com\/pt-br\/wp-json\/wp\/v2\/users\/10"}],"replies":[{"embeddable":true,"href":"https:\/\/latamobility.com\/pt-br\/wp-json\/wp\/v2\/comments?post=29718"}],"version-history":[{"count":2,"href":"https:\/\/latamobility.com\/pt-br\/wp-json\/wp\/v2\/posts\/29718\/revisions"}],"predecessor-version":[{"id":29894,"href":"https:\/\/latamobility.com\/pt-br\/wp-json\/wp\/v2\/posts\/29718\/revisions\/29894"}],"wp:featuredmedia":[{"embeddable":true,"href":"https:\/\/latamobility.com\/pt-br\/wp-json\/wp\/v2\/media\/29642"}],"wp:attachment":[{"href":"https:\/\/latamobility.com\/pt-br\/wp-json\/wp\/v2\/media?parent=29718"}],"wp:term":[{"taxonomy":"category","embeddable":true,"href":"https:\/\/latamobility.com\/pt-br\/wp-json\/wp\/v2\/categories?post=29718"},{"taxonomy":"post_tag","embeddable":true,"href":"https:\/\/latamobility.com\/pt-br\/wp-json\/wp\/v2\/tags?post=29718"}],"curies":[{"name":"wp","href":"https:\/\/api.w.org\/{rel}","templated":true}]}}