{"id":29743,"date":"2024-03-05T05:05:00","date_gmt":"2024-03-05T10:05:00","guid":{"rendered":"https:\/\/latamobility.com\/?p=29743"},"modified":"2024-03-07T17:19:12","modified_gmt":"2024-03-07T22:19:12","slug":"brasil-veiculos-eletricos-sao-utilizados-na-seguranca-do-aeroporto","status":"publish","type":"post","link":"https:\/\/latamobility.com\/pt-br\/brasil-veiculos-eletricos-sao-utilizados-na-seguranca-do-aeroporto\/","title":{"rendered":"Brasil: Ve\u00edculos el\u00e9tricos s\u00e3o utilizados na seguran\u00e7a do aeroporto"},"content":{"rendered":"\n<p>O <strong>Porto Itapo\u00e1<\/strong>, Brasil, em colabora\u00e7\u00e3o com a empresa de seguran\u00e7a Segurpro, adotou <strong>ve\u00edculos el\u00e9tricos para realizar patrulhas motorizadas de seguran\u00e7a nas instala\u00e7\u00f5es do Terminal.<\/strong><\/p>\n\n\n\n<p>O Gerente de Seguran\u00e7a Portu\u00e1ria do Porto Itapo\u00e1, <strong>Jos\u00e9 Aur\u00e9lio Kalfeld<\/strong>, observou que, al\u00e9m dos benef\u00edcios ambientais, com a redu\u00e7\u00e3o significativa das emiss\u00f5es de carbono, o ve\u00edculo 100% el\u00e9trico ter\u00e1 suas baterias recarregadas nas pr\u00f3prias instala\u00e7\u00f5es do Porto, eliminando a necessidade de deslocamento at\u00e9 postos de gasolina.&#8221;<\/p>\n\n\n\n<p><strong>&#8220;O fato de recarregar o ve\u00edculo dentro do pr\u00f3prio porto tem um impacto significativo na efici\u00eancia operacional, pois evita os riscos associados \u00e0s idas ao posto de gasolina. Al\u00e9m disso, n\u00e3o teremos a aus\u00eancia de um guarda profissional no Terminal, o que ocorreria durante o per\u00edodo de reabastecimento&#8221;, <\/strong>acrescentou.<\/p>\n\n\n\n<figure class=\"wp-block-image size-full is-resized\"><img fetchpriority=\"high\" decoding=\"async\" width=\"534\" height=\"297\" src=\"https:\/\/latamobility.com\/wp-content\/uploads\/2024\/03\/Captura-de-pantalla-2024-03-01-162932.png\" alt=\"\" class=\"wp-image-29686\" style=\"width:730px;height:auto\" srcset=\"https:\/\/latamobility.com\/wp-content\/uploads\/2024\/03\/Captura-de-pantalla-2024-03-01-162932.png 534w, https:\/\/latamobility.com\/wp-content\/uploads\/2024\/03\/Captura-de-pantalla-2024-03-01-162932-300x167.png 300w\" sizes=\"(max-width: 534px) 100vw, 534px\" \/><figcaption class=\"wp-element-caption\">Puerto Itapo\u00e1<\/figcaption><\/figure>\n\n\n\n<h2 class=\"wp-block-heading\" id=\"h-historico\"><strong>Hist\u00f3rico<\/strong><\/h2>\n\n\n\n<p>Segundo o Portal Portuario, o porto conquistou pela segunda vez, em 2023, o Selo Ouro do GHG Protocol, programa implementado no Brasil pelo Centro de Estudos em Sustentabilidade da Funda\u00e7\u00e3o Get\u00falio Vargas (FGVces) em colabora\u00e7\u00e3o com o Minist\u00e9rio do Meio Ambiente.<\/p>\n\n\n\n<p>Al\u00e9m disso, adquiriu novos RTGs aut\u00f4nomos &#8211; <strong>ser\u00e1 o primeiro terminal da Am\u00e9rica do Sul a oper\u00e1-los &#8211; que consomem at\u00e9 tr\u00eas vezes menos combust\u00edvel do que os convencionais. No total, foram investidos mais de US$ 40 milh\u00f5es nesses equipamentos em 2023.<\/strong><\/p>\n\n\n\n<p>Al\u00e9m disso, no ano passado, o <strong>Porto Itapo\u00e1<\/strong> alterou sua pol\u00edtica de contrata\u00e7\u00e3o de energia no sistema nacional, optando por consumir, nos novos contratos, apenas energia proveniente de fontes renov\u00e1veis.<\/p>\n\n\n\n<p>A transa\u00e7\u00e3o \u00e9 certificada pelo I-REC(e), um sistema global de rastreamento de atributos de energia renov\u00e1vel projetado para facilitar a contabilidade confi\u00e1vel da energia renov\u00e1vel atribu\u00edda ao consumidor.<\/p>\n\n\n\n<h2 class=\"wp-block-heading\" id=\"h-mobilidade-latam\"><strong>Mobilidade Latam<\/strong><\/h2>\n\n\n\n<p>A <strong>Latam Mobility<\/strong>, a maior comunidade de mobilidade sustent\u00e1vel da Am\u00e9rica Latina, vir\u00e1 mais uma vez ao Brasil para seu encontro de 2024.<\/p>\n\n\n\n<p>O evento de dois dias, em <strong>1 e 2 de julho<\/strong>, reunir\u00e1 os principais l\u00edderes do setor, juntamente com personalidades do setor p\u00fablico, para oferecer suas perspectivas sobre os avan\u00e7os em mobilidade sustent\u00e1vel, eletromobilidade e sustentabilidade.<\/p>\n\n\n\n<p>Mais informa\u00e7\u00f5es sobre o evento e participa\u00e7\u00e3o <a href=\"https:\/\/live.eventtia.com\/es\/latammobilitybrasil2024\/HOME\"><strong>aqui<\/strong><\/a><\/p>\n","protected":false},"excerpt":{"rendered":"<p>O Porto Itapo\u00e1, Brasil, em colabora\u00e7\u00e3o com a empresa de seguran\u00e7a Segurpro, adotou ve\u00edculos el\u00e9tricos para realizar patrulhas motorizadas de seguran\u00e7a nas instala\u00e7\u00f5es do Terminal. O Gerente de Seguran\u00e7a Portu\u00e1ria do Porto Itapo\u00e1, Jos\u00e9 Aur\u00e9lio Kalfeld, observou que, al\u00e9m dos benef\u00edcios ambientais, com a redu\u00e7\u00e3o significativa das emiss\u00f5es de carbono, o ve\u00edculo 100% el\u00e9trico ter\u00e1&#8230;<\/p>\n","protected":false},"author":10,"featured_media":29741,"comment_status":"open","ping_status":"closed","sticky":false,"template":"","format":"standard","meta":{"_kad_post_transparent":"","_kad_post_title":"","_kad_post_layout":"","_kad_post_sidebar_id":"","_kad_post_content_style":"","_kad_post_vertical_padding":"","_kad_post_feature":"","_kad_post_feature_position":"","_kad_post_header":false,"_kad_post_footer":false,"_kad_post_classname":"","footnotes":""},"categories":[2356],"tags":[2347,2358,1473,2359,2357],"class_list":["post-29743","post","type-post","status-publish","format-standard","has-post-thumbnail","hentry","category-movilidad-electrica-pt-br","tag-brasil-3","tag-electromovilidad-pt-br","tag-mobilidade-sustentavel","tag-movilidad-electrica-pt-br","tag-movilidad-sostenible-pt-br"],"yoast_head":"<!-- This site is optimized with the Yoast SEO Premium plugin v22.7 (Yoast SEO v27.4) - https:\/\/yoast.com\/product\/yoast-seo-premium-wordpress\/ -->\n<title>Brasil: Ve\u00edculos el\u00e9tricos s\u00e3o utilizados na seguran\u00e7a do aeroporto - Latam Mobility<\/title>\n<meta name=\"description\" content=\"O Porto Itapo\u00e1, Brasil, em colabora\u00e7\u00e3o com a empresa de seguran\u00e7a Segurpro, adotou ve\u00edculos el\u00e9tricos para realizar patrulhas motorizadas\" \/>\n<meta name=\"robots\" content=\"index, follow, max-snippet:-1, max-image-preview:large, max-video-preview:-1\" \/>\n<link rel=\"canonical\" href=\"https:\/\/latamobility.com\/pt-br\/brasil-veiculos-eletricos-sao-utilizados-na-seguranca-do-aeroporto\/\" \/>\n<meta property=\"og:locale\" content=\"pt_BR\" \/>\n<meta property=\"og:type\" content=\"article\" \/>\n<meta property=\"og:title\" content=\"Brasil: Ve\u00edculos el\u00e9tricos s\u00e3o utilizados na seguran\u00e7a do aeroporto\" \/>\n<meta property=\"og:description\" content=\"O Porto Itapo\u00e1, Brasil, em colabora\u00e7\u00e3o com a empresa de seguran\u00e7a Segurpro, adotou ve\u00edculos el\u00e9tricos para realizar patrulhas motorizadas\" \/>\n<meta property=\"og:url\" content=\"https:\/\/latamobility.com\/pt-br\/brasil-veiculos-eletricos-sao-utilizados-na-seguranca-do-aeroporto\/\" \/>\n<meta property=\"og:site_name\" content=\"Latam Mobility\" \/>\n<meta property=\"article:publisher\" content=\"https:\/\/www.facebook.com\/latamobility\/\" \/>\n<meta property=\"article:published_time\" content=\"2024-03-05T10:05:00+00:00\" \/>\n<meta property=\"article:modified_time\" content=\"2024-03-07T22:19:12+00:00\" \/>\n<meta property=\"og:image\" content=\"https:\/\/latamobility.com\/wp-content\/uploads\/2024\/03\/imageedit_1_3593499836.png\" \/>\n\t<meta property=\"og:image:width\" content=\"1692\" \/>\n\t<meta property=\"og:image:height\" content=\"1200\" \/>\n\t<meta property=\"og:image:type\" content=\"image\/png\" \/>\n<meta name=\"author\" content=\"Antonio Vilela\" \/>\n<meta name=\"twitter:card\" content=\"summary_large_image\" \/>\n<meta name=\"twitter:title\" content=\"Brasil: Ve\u00edculos el\u00e9tricos s\u00e3o utilizados na seguran\u00e7a do aeroporto\" \/>\n<meta name=\"twitter:description\" content=\"O Porto Itapo\u00e1, Brasil, em colabora\u00e7\u00e3o com a empresa de seguran\u00e7a Segurpro, adotou ve\u00edculos el\u00e9tricos para realizar patrulhas motorizadas\" \/>\n<meta name=\"twitter:creator\" content=\"@LataMobility\" \/>\n<meta name=\"twitter:site\" content=\"@LataMobility\" \/>\n<meta name=\"twitter:label1\" content=\"Escrito por\" \/>\n\t<meta name=\"twitter:data1\" content=\"Antonio Vilela\" \/>\n\t<meta name=\"twitter:label2\" content=\"Est. tempo de leitura\" \/>\n\t<meta name=\"twitter:data2\" content=\"2 minutos\" \/>\n<script type=\"application\/ld+json\" class=\"yoast-schema-graph\">{\"@context\":\"https:\\\/\\\/schema.org\",\"@graph\":[{\"@type\":\"Article\",\"@id\":\"https:\\\/\\\/latamobility.com\\\/pt-br\\\/brasil-veiculos-eletricos-sao-utilizados-na-seguranca-do-aeroporto\\\/#article\",\"isPartOf\":{\"@id\":\"https:\\\/\\\/latamobility.com\\\/pt-br\\\/brasil-veiculos-eletricos-sao-utilizados-na-seguranca-do-aeroporto\\\/\"},\"author\":{\"name\":\"Antonio Vilela\",\"@id\":\"https:\\\/\\\/latamobility.com\\\/#\\\/schema\\\/person\\\/fda092a2de1f87d347784282908bad1a\"},\"headline\":\"Brasil: Ve\u00edculos el\u00e9tricos s\u00e3o utilizados na seguran\u00e7a do aeroporto\",\"datePublished\":\"2024-03-05T10:05:00+00:00\",\"dateModified\":\"2024-03-07T22:19:12+00:00\",\"mainEntityOfPage\":{\"@id\":\"https:\\\/\\\/latamobility.com\\\/pt-br\\\/brasil-veiculos-eletricos-sao-utilizados-na-seguranca-do-aeroporto\\\/\"},\"wordCount\":393,\"commentCount\":0,\"publisher\":{\"@id\":\"https:\\\/\\\/latamobility.com\\\/#organization\"},\"image\":{\"@id\":\"https:\\\/\\\/latamobility.com\\\/pt-br\\\/brasil-veiculos-eletricos-sao-utilizados-na-seguranca-do-aeroporto\\\/#primaryimage\"},\"thumbnailUrl\":\"https:\\\/\\\/latamobility.com\\\/wp-content\\\/uploads\\\/2024\\\/03\\\/imageedit_1_3593499836.png\",\"keywords\":[\"Brasil\",\"electromovilidad\",\"Mobilidade sustent\u00e1vel\",\"Movilidad el\u00e9ctrica\",\"Movilidad Sostenible\"],\"articleSection\":[\"Movilidad el\u00e9ctrica\"],\"inLanguage\":\"pt-BR\",\"potentialAction\":[{\"@type\":\"CommentAction\",\"name\":\"Comment\",\"target\":[\"https:\\\/\\\/latamobility.com\\\/pt-br\\\/brasil-veiculos-eletricos-sao-utilizados-na-seguranca-do-aeroporto\\\/#respond\"]}]},{\"@type\":\"WebPage\",\"@id\":\"https:\\\/\\\/latamobility.com\\\/pt-br\\\/brasil-veiculos-eletricos-sao-utilizados-na-seguranca-do-aeroporto\\\/\",\"url\":\"https:\\\/\\\/latamobility.com\\\/pt-br\\\/brasil-veiculos-eletricos-sao-utilizados-na-seguranca-do-aeroporto\\\/\",\"name\":\"Brasil: Ve\u00edculos el\u00e9tricos s\u00e3o utilizados na seguran\u00e7a do aeroporto - Latam Mobility\",\"isPartOf\":{\"@id\":\"https:\\\/\\\/latamobility.com\\\/#website\"},\"primaryImageOfPage\":{\"@id\":\"https:\\\/\\\/latamobility.com\\\/pt-br\\\/brasil-veiculos-eletricos-sao-utilizados-na-seguranca-do-aeroporto\\\/#primaryimage\"},\"image\":{\"@id\":\"https:\\\/\\\/latamobility.com\\\/pt-br\\\/brasil-veiculos-eletricos-sao-utilizados-na-seguranca-do-aeroporto\\\/#primaryimage\"},\"thumbnailUrl\":\"https:\\\/\\\/latamobility.com\\\/wp-content\\\/uploads\\\/2024\\\/03\\\/imageedit_1_3593499836.png\",\"datePublished\":\"2024-03-05T10:05:00+00:00\",\"dateModified\":\"2024-03-07T22:19:12+00:00\",\"description\":\"O Porto Itapo\u00e1, Brasil, em colabora\u00e7\u00e3o com a empresa de seguran\u00e7a Segurpro, adotou ve\u00edculos el\u00e9tricos para realizar patrulhas motorizadas\",\"breadcrumb\":{\"@id\":\"https:\\\/\\\/latamobility.com\\\/pt-br\\\/brasil-veiculos-eletricos-sao-utilizados-na-seguranca-do-aeroporto\\\/#breadcrumb\"},\"inLanguage\":\"pt-BR\",\"potentialAction\":[{\"@type\":\"ReadAction\",\"target\":[\"https:\\\/\\\/latamobility.com\\\/pt-br\\\/brasil-veiculos-eletricos-sao-utilizados-na-seguranca-do-aeroporto\\\/\"]}]},{\"@type\":\"ImageObject\",\"inLanguage\":\"pt-BR\",\"@id\":\"https:\\\/\\\/latamobility.com\\\/pt-br\\\/brasil-veiculos-eletricos-sao-utilizados-na-seguranca-do-aeroporto\\\/#primaryimage\",\"url\":\"https:\\\/\\\/latamobility.com\\\/wp-content\\\/uploads\\\/2024\\\/03\\\/imageedit_1_3593499836.png\",\"contentUrl\":\"https:\\\/\\\/latamobility.com\\\/wp-content\\\/uploads\\\/2024\\\/03\\\/imageedit_1_3593499836.png\",\"width\":1692,\"height\":1200,\"caption\":\"Porto Itapo\u00e1\"},{\"@type\":\"BreadcrumbList\",\"@id\":\"https:\\\/\\\/latamobility.com\\\/pt-br\\\/brasil-veiculos-eletricos-sao-utilizados-na-seguranca-do-aeroporto\\\/#breadcrumb\",\"itemListElement\":[{\"@type\":\"ListItem\",\"position\":1,\"name\":\"Portada\",\"item\":\"https:\\\/\\\/latamobility.com\\\/pt-br\\\/\"},{\"@type\":\"ListItem\",\"position\":2,\"name\":\"Brasil: Ve\u00edculos el\u00e9tricos s\u00e3o utilizados na seguran\u00e7a do aeroporto\"}]},{\"@type\":\"WebSite\",\"@id\":\"https:\\\/\\\/latamobility.com\\\/#website\",\"url\":\"https:\\\/\\\/latamobility.com\\\/\",\"name\":\"Latam Mobility\",\"description\":\"Serie de Eventos para promover la Movilidad y Transporte sostenible en Latinoam\u00e9rica\",\"publisher\":{\"@id\":\"https:\\\/\\\/latamobility.com\\\/#organization\"},\"potentialAction\":[{\"@type\":\"SearchAction\",\"target\":{\"@type\":\"EntryPoint\",\"urlTemplate\":\"https:\\\/\\\/latamobility.com\\\/?s={search_term_string}\"},\"query-input\":{\"@type\":\"PropertyValueSpecification\",\"valueRequired\":true,\"valueName\":\"search_term_string\"}}],\"inLanguage\":\"pt-BR\"},{\"@type\":\"Organization\",\"@id\":\"https:\\\/\\\/latamobility.com\\\/#organization\",\"name\":\"LATAM MOBILITY\",\"url\":\"https:\\\/\\\/latamobility.com\\\/\",\"logo\":{\"@type\":\"ImageObject\",\"inLanguage\":\"pt-BR\",\"@id\":\"https:\\\/\\\/latamobility.com\\\/#\\\/schema\\\/logo\\\/image\\\/\",\"url\":\"https:\\\/\\\/latamobility.com\\\/wp-content\\\/uploads\\\/2025\\\/01\\\/logos-LM-LG-2025-10.png\",\"contentUrl\":\"https:\\\/\\\/latamobility.com\\\/wp-content\\\/uploads\\\/2025\\\/01\\\/logos-LM-LG-2025-10.png\",\"width\":1080,\"height\":1080,\"caption\":\"LATAM MOBILITY\"},\"image\":{\"@id\":\"https:\\\/\\\/latamobility.com\\\/#\\\/schema\\\/logo\\\/image\\\/\"},\"sameAs\":[\"https:\\\/\\\/www.facebook.com\\\/latamobility\\\/\",\"https:\\\/\\\/x.com\\\/LataMobility\",\"https:\\\/\\\/www.instagram.com\\\/latamobility\\\/\",\"https:\\\/\\\/www.linkedin.com\\\/company\\\/latamobility\\\/\",\"https:\\\/\\\/www.youtube.com\\\/channel\\\/UCtcslRCRY0vITWaOQ1X0XUA\"]},{\"@type\":\"Person\",\"@id\":\"https:\\\/\\\/latamobility.com\\\/#\\\/schema\\\/person\\\/fda092a2de1f87d347784282908bad1a\",\"name\":\"Antonio Vilela\",\"image\":{\"@type\":\"ImageObject\",\"inLanguage\":\"pt-BR\",\"@id\":\"https:\\\/\\\/secure.gravatar.com\\\/avatar\\\/7eee8196fd2fda180806d7b41cd517f274d5ad3b9f65d873feb3ca7e2b3a72d2?s=96&d=mm&r=g\",\"url\":\"https:\\\/\\\/secure.gravatar.com\\\/avatar\\\/7eee8196fd2fda180806d7b41cd517f274d5ad3b9f65d873feb3ca7e2b3a72d2?s=96&d=mm&r=g\",\"contentUrl\":\"https:\\\/\\\/secure.gravatar.com\\\/avatar\\\/7eee8196fd2fda180806d7b41cd517f274d5ad3b9f65d873feb3ca7e2b3a72d2?s=96&d=mm&r=g\",\"caption\":\"Antonio Vilela\"}}]}<\/script>\n<!-- \/ Yoast SEO Premium plugin. -->","yoast_head_json":{"title":"Brasil: Ve\u00edculos el\u00e9tricos s\u00e3o utilizados na seguran\u00e7a do aeroporto - Latam Mobility","description":"O Porto Itapo\u00e1, Brasil, em colabora\u00e7\u00e3o com a empresa de seguran\u00e7a Segurpro, adotou ve\u00edculos el\u00e9tricos para realizar patrulhas motorizadas","robots":{"index":"index","follow":"follow","max-snippet":"max-snippet:-1","max-image-preview":"max-image-preview:large","max-video-preview":"max-video-preview:-1"},"canonical":"https:\/\/latamobility.com\/pt-br\/brasil-veiculos-eletricos-sao-utilizados-na-seguranca-do-aeroporto\/","og_locale":"pt_BR","og_type":"article","og_title":"Brasil: Ve\u00edculos el\u00e9tricos s\u00e3o utilizados na seguran\u00e7a do aeroporto","og_description":"O Porto Itapo\u00e1, Brasil, em colabora\u00e7\u00e3o com a empresa de seguran\u00e7a Segurpro, adotou ve\u00edculos el\u00e9tricos para realizar patrulhas motorizadas","og_url":"https:\/\/latamobility.com\/pt-br\/brasil-veiculos-eletricos-sao-utilizados-na-seguranca-do-aeroporto\/","og_site_name":"Latam Mobility","article_publisher":"https:\/\/www.facebook.com\/latamobility\/","article_published_time":"2024-03-05T10:05:00+00:00","article_modified_time":"2024-03-07T22:19:12+00:00","og_image":[{"width":1692,"height":1200,"url":"https:\/\/latamobility.com\/wp-content\/uploads\/2024\/03\/imageedit_1_3593499836.png","type":"image\/png"}],"author":"Antonio Vilela","twitter_card":"summary_large_image","twitter_title":"Brasil: Ve\u00edculos el\u00e9tricos s\u00e3o utilizados na seguran\u00e7a do aeroporto","twitter_description":"O Porto Itapo\u00e1, Brasil, em colabora\u00e7\u00e3o com a empresa de seguran\u00e7a Segurpro, adotou ve\u00edculos el\u00e9tricos para realizar patrulhas motorizadas","twitter_creator":"@LataMobility","twitter_site":"@LataMobility","twitter_misc":{"Escrito por":"Antonio Vilela","Est. tempo de leitura":"2 minutos"},"schema":{"@context":"https:\/\/schema.org","@graph":[{"@type":"Article","@id":"https:\/\/latamobility.com\/pt-br\/brasil-veiculos-eletricos-sao-utilizados-na-seguranca-do-aeroporto\/#article","isPartOf":{"@id":"https:\/\/latamobility.com\/pt-br\/brasil-veiculos-eletricos-sao-utilizados-na-seguranca-do-aeroporto\/"},"author":{"name":"Antonio Vilela","@id":"https:\/\/latamobility.com\/#\/schema\/person\/fda092a2de1f87d347784282908bad1a"},"headline":"Brasil: Ve\u00edculos el\u00e9tricos s\u00e3o utilizados na seguran\u00e7a do aeroporto","datePublished":"2024-03-05T10:05:00+00:00","dateModified":"2024-03-07T22:19:12+00:00","mainEntityOfPage":{"@id":"https:\/\/latamobility.com\/pt-br\/brasil-veiculos-eletricos-sao-utilizados-na-seguranca-do-aeroporto\/"},"wordCount":393,"commentCount":0,"publisher":{"@id":"https:\/\/latamobility.com\/#organization"},"image":{"@id":"https:\/\/latamobility.com\/pt-br\/brasil-veiculos-eletricos-sao-utilizados-na-seguranca-do-aeroporto\/#primaryimage"},"thumbnailUrl":"https:\/\/latamobility.com\/wp-content\/uploads\/2024\/03\/imageedit_1_3593499836.png","keywords":["Brasil","electromovilidad","Mobilidade sustent\u00e1vel","Movilidad el\u00e9ctrica","Movilidad Sostenible"],"articleSection":["Movilidad el\u00e9ctrica"],"inLanguage":"pt-BR","potentialAction":[{"@type":"CommentAction","name":"Comment","target":["https:\/\/latamobility.com\/pt-br\/brasil-veiculos-eletricos-sao-utilizados-na-seguranca-do-aeroporto\/#respond"]}]},{"@type":"WebPage","@id":"https:\/\/latamobility.com\/pt-br\/brasil-veiculos-eletricos-sao-utilizados-na-seguranca-do-aeroporto\/","url":"https:\/\/latamobility.com\/pt-br\/brasil-veiculos-eletricos-sao-utilizados-na-seguranca-do-aeroporto\/","name":"Brasil: Ve\u00edculos el\u00e9tricos s\u00e3o utilizados na seguran\u00e7a do aeroporto - Latam Mobility","isPartOf":{"@id":"https:\/\/latamobility.com\/#website"},"primaryImageOfPage":{"@id":"https:\/\/latamobility.com\/pt-br\/brasil-veiculos-eletricos-sao-utilizados-na-seguranca-do-aeroporto\/#primaryimage"},"image":{"@id":"https:\/\/latamobility.com\/pt-br\/brasil-veiculos-eletricos-sao-utilizados-na-seguranca-do-aeroporto\/#primaryimage"},"thumbnailUrl":"https:\/\/latamobility.com\/wp-content\/uploads\/2024\/03\/imageedit_1_3593499836.png","datePublished":"2024-03-05T10:05:00+00:00","dateModified":"2024-03-07T22:19:12+00:00","description":"O Porto Itapo\u00e1, Brasil, em colabora\u00e7\u00e3o com a empresa de seguran\u00e7a Segurpro, adotou ve\u00edculos el\u00e9tricos para realizar patrulhas motorizadas","breadcrumb":{"@id":"https:\/\/latamobility.com\/pt-br\/brasil-veiculos-eletricos-sao-utilizados-na-seguranca-do-aeroporto\/#breadcrumb"},"inLanguage":"pt-BR","potentialAction":[{"@type":"ReadAction","target":["https:\/\/latamobility.com\/pt-br\/brasil-veiculos-eletricos-sao-utilizados-na-seguranca-do-aeroporto\/"]}]},{"@type":"ImageObject","inLanguage":"pt-BR","@id":"https:\/\/latamobility.com\/pt-br\/brasil-veiculos-eletricos-sao-utilizados-na-seguranca-do-aeroporto\/#primaryimage","url":"https:\/\/latamobility.com\/wp-content\/uploads\/2024\/03\/imageedit_1_3593499836.png","contentUrl":"https:\/\/latamobility.com\/wp-content\/uploads\/2024\/03\/imageedit_1_3593499836.png","width":1692,"height":1200,"caption":"Porto Itapo\u00e1"},{"@type":"BreadcrumbList","@id":"https:\/\/latamobility.com\/pt-br\/brasil-veiculos-eletricos-sao-utilizados-na-seguranca-do-aeroporto\/#breadcrumb","itemListElement":[{"@type":"ListItem","position":1,"name":"Portada","item":"https:\/\/latamobility.com\/pt-br\/"},{"@type":"ListItem","position":2,"name":"Brasil: Ve\u00edculos el\u00e9tricos s\u00e3o utilizados na seguran\u00e7a do aeroporto"}]},{"@type":"WebSite","@id":"https:\/\/latamobility.com\/#website","url":"https:\/\/latamobility.com\/","name":"Latam Mobility","description":"Serie de Eventos para promover la Movilidad y Transporte sostenible en Latinoam\u00e9rica","publisher":{"@id":"https:\/\/latamobility.com\/#organization"},"potentialAction":[{"@type":"SearchAction","target":{"@type":"EntryPoint","urlTemplate":"https:\/\/latamobility.com\/?s={search_term_string}"},"query-input":{"@type":"PropertyValueSpecification","valueRequired":true,"valueName":"search_term_string"}}],"inLanguage":"pt-BR"},{"@type":"Organization","@id":"https:\/\/latamobility.com\/#organization","name":"LATAM MOBILITY","url":"https:\/\/latamobility.com\/","logo":{"@type":"ImageObject","inLanguage":"pt-BR","@id":"https:\/\/latamobility.com\/#\/schema\/logo\/image\/","url":"https:\/\/latamobility.com\/wp-content\/uploads\/2025\/01\/logos-LM-LG-2025-10.png","contentUrl":"https:\/\/latamobility.com\/wp-content\/uploads\/2025\/01\/logos-LM-LG-2025-10.png","width":1080,"height":1080,"caption":"LATAM MOBILITY"},"image":{"@id":"https:\/\/latamobility.com\/#\/schema\/logo\/image\/"},"sameAs":["https:\/\/www.facebook.com\/latamobility\/","https:\/\/x.com\/LataMobility","https:\/\/www.instagram.com\/latamobility\/","https:\/\/www.linkedin.com\/company\/latamobility\/","https:\/\/www.youtube.com\/channel\/UCtcslRCRY0vITWaOQ1X0XUA"]},{"@type":"Person","@id":"https:\/\/latamobility.com\/#\/schema\/person\/fda092a2de1f87d347784282908bad1a","name":"Antonio Vilela","image":{"@type":"ImageObject","inLanguage":"pt-BR","@id":"https:\/\/secure.gravatar.com\/avatar\/7eee8196fd2fda180806d7b41cd517f274d5ad3b9f65d873feb3ca7e2b3a72d2?s=96&d=mm&r=g","url":"https:\/\/secure.gravatar.com\/avatar\/7eee8196fd2fda180806d7b41cd517f274d5ad3b9f65d873feb3ca7e2b3a72d2?s=96&d=mm&r=g","contentUrl":"https:\/\/secure.gravatar.com\/avatar\/7eee8196fd2fda180806d7b41cd517f274d5ad3b9f65d873feb3ca7e2b3a72d2?s=96&d=mm&r=g","caption":"Antonio Vilela"}}]}},"_links":{"self":[{"href":"https:\/\/latamobility.com\/pt-br\/wp-json\/wp\/v2\/posts\/29743","targetHints":{"allow":["GET"]}}],"collection":[{"href":"https:\/\/latamobility.com\/pt-br\/wp-json\/wp\/v2\/posts"}],"about":[{"href":"https:\/\/latamobility.com\/pt-br\/wp-json\/wp\/v2\/types\/post"}],"author":[{"embeddable":true,"href":"https:\/\/latamobility.com\/pt-br\/wp-json\/wp\/v2\/users\/10"}],"replies":[{"embeddable":true,"href":"https:\/\/latamobility.com\/pt-br\/wp-json\/wp\/v2\/comments?post=29743"}],"version-history":[{"count":4,"href":"https:\/\/latamobility.com\/pt-br\/wp-json\/wp\/v2\/posts\/29743\/revisions"}],"predecessor-version":[{"id":29892,"href":"https:\/\/latamobility.com\/pt-br\/wp-json\/wp\/v2\/posts\/29743\/revisions\/29892"}],"wp:featuredmedia":[{"embeddable":true,"href":"https:\/\/latamobility.com\/pt-br\/wp-json\/wp\/v2\/media\/29741"}],"wp:attachment":[{"href":"https:\/\/latamobility.com\/pt-br\/wp-json\/wp\/v2\/media?parent=29743"}],"wp:term":[{"taxonomy":"category","embeddable":true,"href":"https:\/\/latamobility.com\/pt-br\/wp-json\/wp\/v2\/categories?post=29743"},{"taxonomy":"post_tag","embeddable":true,"href":"https:\/\/latamobility.com\/pt-br\/wp-json\/wp\/v2\/tags?post=29743"}],"curies":[{"name":"wp","href":"https:\/\/api.w.org\/{rel}","templated":true}]}}