{"id":30477,"date":"2024-03-20T05:00:00","date_gmt":"2024-03-20T10:00:00","guid":{"rendered":"https:\/\/latamobility.com\/?p=30477"},"modified":"2024-03-20T05:10:29","modified_gmt":"2024-03-20T10:10:29","slug":"byd-vai-aumentar-sua-presenca-no-brasil-com-investimento-de-r-55-bilhoes","status":"publish","type":"post","link":"https:\/\/latamobility.com\/pt-br\/byd-vai-aumentar-sua-presenca-no-brasil-com-investimento-de-r-55-bilhoes\/","title":{"rendered":"BYD vai aumentar sua presen\u00e7a no Brasil com investimento de R$ 5,5 bilh\u00f5es"},"content":{"rendered":"\n<p>El gigante chino de tecnolog\u00eda y energ\u00eda limpia, as\u00ed puede definirse a <strong><a href=\"https:\/\/www.byd.com.br\/\"><mark class=\"has-inline-color has-theme-palette-1-color\">BYD<\/mark><\/a><\/strong>, compa\u00f1\u00eda que apuesta fuertemente por el mercado automotriz de <strong>Brasil <\/strong>tras decidir aumentar su inversi\u00f3n inicial en la naci\u00f3n.<\/p>\n\n<p>De esta manera, una<strong> inversi\u00f3n adicional de R$ 2 mil millones<\/strong> eleva su compromiso total a <strong>R$ 5,5 mil millones<\/strong> a trav\u00e9s de un anuncio realizado el pasado lunes 18 en Salvador, figurando como un incremento del <strong>83% respecto a la inversi\u00f3n inicialmente planeada.<\/strong><\/p>\n\n<p>As\u00ed<strong>, BYD ve a Brasil como un mercado estrat\u00e9gic<\/strong>o clave en su expansi\u00f3n global, pues aumentar su inversi\u00f3n reafirma la confianza de la empresa en el potencial del pa\u00eds sudamericano para adoptar soluciones sostenibles y tecnolog\u00edas limpias.<\/p>\n\n<p><strong>Contenido relacionado:<\/strong> <a href=\"https:\/\/latamobility.com\/byd-pacta-con-raizen-power-para-desplegar-600-cargadores-rapidos-en-brasil\/\"><mark class=\"has-inline-color has-theme-palette-1-color\"><strong>BYD pacta con Ra\u00edzen Power para desplegar 600 cargadores r\u00e1pidos en Brasil<\/strong><\/mark><\/a><\/p>\n\n<h2 class=\"wp-block-heading\" id=\"h-impacto-de-byd-en-brasil\">Impacto de BYD en Brasil<\/h2>\n\n<p>La inversi\u00f3n adicional de <strong>BYD en Brasil<\/strong> implica un compromiso financiero, acompa\u00f1ado de la <strong>creaci\u00f3n de oportunidades de empleo<\/strong> e impulso de la <strong>infraestructura para la movilidad el\u00e9ctrica<\/strong> y las energ\u00edas renovables. <\/p>\n\n<figure class=\"wp-block-image size-large\"><img fetchpriority=\"high\" decoding=\"async\" width=\"1024\" height=\"572\" src=\"https:\/\/latamobility.com\/wp-content\/uploads\/2024\/03\/BYD-1-1024x572.jpg\" alt=\"BYD\" class=\"wp-image-30418\" srcset=\"https:\/\/latamobility.com\/wp-content\/uploads\/2024\/03\/BYD-1-1024x572.jpg 1024w, https:\/\/latamobility.com\/wp-content\/uploads\/2024\/03\/BYD-1-300x168.jpg 300w, https:\/\/latamobility.com\/wp-content\/uploads\/2024\/03\/BYD-1-768x429.jpg 768w, https:\/\/latamobility.com\/wp-content\/uploads\/2024\/03\/BYD-1-600x335.jpg 600w, https:\/\/latamobility.com\/wp-content\/uploads\/2024\/03\/BYD-1.jpg 1280w\" sizes=\"(max-width: 1024px) 100vw, 1024px\" \/><figcaption class=\"wp-element-caption\"><em>BYD<\/em><\/figcaption><\/figure>\n\n<p>&#8220;En los \u00faltimos 30 a\u00f1os, se ha invertido poco en el sector automovil\u00edstico en Brasil, pero la llegada de <strong>BYD <\/strong>sacudi\u00f3 el mercado y ahora varios otros fabricantes de autom\u00f3viles est\u00e1n anunciando inversiones a largo plazo&#8221;,<strong> coment\u00f3 Stella Li<\/strong>, CEO de <strong>BYD Americas.<\/strong><\/p>\n\n<p>\u201cEs importante destacar que nuestros 5.500 millones de rands <strong>se invertir\u00e1n en un corto espacio de tiempo<\/strong>. Queremos acelerar los trabajos para que pronto podamos tener los primeros autom\u00f3viles producidos en Bah\u00eda\u201d, prosigui\u00f3.<\/p>\n\n<p>Finalmente, el gobernador de Bah\u00eda,<strong> Jer\u00f4nimo Rodrigues,<\/strong> expres\u00f3 su satisfacci\u00f3n con el enfoque estrat\u00e9gico de <strong>BYD <\/strong>en su llegada a <strong>Brasil<\/strong>, destacando la eficacia de sus iniciativas, enfatizando la importancia de la cooperaci\u00f3n entre el gobierno estatal y la empresa para agilizar el progreso en diversos frentes.<\/p>\n\n<figure class=\"wp-block-image size-full\"><img decoding=\"async\" width=\"1024\" height=\"572\" src=\"https:\/\/latamobility.com\/wp-content\/uploads\/2024\/03\/LM1.jpg\" alt=\"\" class=\"wp-image-30422\" srcset=\"https:\/\/latamobility.com\/wp-content\/uploads\/2024\/03\/LM1.jpg 1024w, https:\/\/latamobility.com\/wp-content\/uploads\/2024\/03\/LM1-300x168.jpg 300w, https:\/\/latamobility.com\/wp-content\/uploads\/2024\/03\/LM1-768x429.jpg 768w, https:\/\/latamobility.com\/wp-content\/uploads\/2024\/03\/LM1-600x335.jpg 600w\" sizes=\"(max-width: 1024px) 100vw, 1024px\" \/><\/figure>\n\n<h2 class=\"wp-block-heading\">Latam Mobility &amp; Net Zero Brasil 2024<\/h2>\n\n<p>El<strong>\u00a0Latam Mobility &amp; Net Zero Brasil 2024\u00a0<\/strong>reunir\u00e1 a l\u00edderes de la movilidad sostenible de Am\u00e9rica Latina en un solo lugar, todo con el objetivo de mostrar los avances en materia de veh\u00edculos el\u00e9ctricos, as\u00ed como tambi\u00e9n las perspectivas del sector,infraestructuras de carga, innovaciones tecnol\u00f3gicas y mucho m\u00e1s.<\/p>\n\n<p>El mismo se efectuar\u00e1 del\u00a0<strong>1 al 2 de julio en Villa Blue Tree, Sao Paulo, Brasil,<\/strong>\u00a0como plataforma que surge como respuesta ante la creciente necesidad de promover la movilidad sostenible en Am\u00e9rica Latina con avance hacia un enfoque integral que construya una red s\u00f3lida de\u00a0<strong>veh\u00edculos electrificados en la regi\u00f3n.<\/strong><\/p>\n\n<p>Para inscribirte puedes hacer clic\u00a0<a href=\"https:\/\/live.eventtia.com\/es\/latammobilitybrasil2024\/HOME\"><strong>aqu\u00ed<\/strong>.<\/a><\/p>\n\n<p>Si deseas m\u00e1s informaci\u00f3n sobre c\u00f3mo participar y opciones de posicionamiento, puedes enviar un correo electr\u00f3nico a\u00a0<a href=\"mailto:info@investinlatam.org\"><strong>info@investinlatam.org<\/strong><\/a><\/p>\n","protected":false},"excerpt":{"rendered":"<p>El gigante chino de tecnolog\u00eda y energ\u00eda limpia, as\u00ed puede definirse a BYD, compa\u00f1\u00eda que apuesta fuertemente por el mercado automotriz de Brasil tras decidir aumentar su inversi\u00f3n inicial en la naci\u00f3n. De esta manera, una inversi\u00f3n adicional de R$ 2 mil millones eleva su compromiso total a R$ 5,5 mil millones a trav\u00e9s de&#8230;<\/p>\n","protected":false},"author":10,"featured_media":30417,"comment_status":"open","ping_status":"closed","sticky":false,"template":"","format":"standard","meta":{"_kad_post_transparent":"","_kad_post_title":"","_kad_post_layout":"","_kad_post_sidebar_id":"","_kad_post_content_style":"","_kad_post_vertical_padding":"","_kad_post_feature":"","_kad_post_feature_position":"","_kad_post_header":false,"_kad_post_footer":false,"_kad_post_classname":"","footnotes":""},"categories":[2356],"tags":[2585,2359,2357],"class_list":["post-30477","post","type-post","status-publish","format-standard","has-post-thumbnail","hentry","category-movilidad-electrica-pt-br","tag-byd-3","tag-movilidad-electrica-pt-br","tag-movilidad-sostenible-pt-br"],"yoast_head":"<!-- This site is optimized with the Yoast SEO Premium plugin v22.7 (Yoast SEO v27.4) - https:\/\/yoast.com\/product\/yoast-seo-premium-wordpress\/ -->\n<title>BYD vai aumentar sua presen\u00e7a no Brasil com investimento de R$ 5,5 bilh\u00f5es - Latam Mobility<\/title>\n<meta name=\"description\" content=\"El gigante chino de tecnolog\u00eda y energ\u00eda limpia, as\u00ed puede definirse a BYD, compa\u00f1\u00eda que apuesta fuertemente por el mercado automotriz de Brasil tras\" \/>\n<meta name=\"robots\" content=\"index, follow, max-snippet:-1, max-image-preview:large, max-video-preview:-1\" \/>\n<link rel=\"canonical\" href=\"https:\/\/latamobility.com\/pt-br\/byd-vai-aumentar-sua-presenca-no-brasil-com-investimento-de-r-55-bilhoes\/\" \/>\n<meta property=\"og:locale\" content=\"pt_BR\" \/>\n<meta property=\"og:type\" content=\"article\" \/>\n<meta property=\"og:title\" content=\"BYD vai aumentar sua presen\u00e7a no Brasil com investimento de R$ 5,5 bilh\u00f5es\" \/>\n<meta property=\"og:description\" content=\"El gigante chino de tecnolog\u00eda y energ\u00eda limpia, as\u00ed puede definirse a BYD, compa\u00f1\u00eda que apuesta fuertemente por el mercado automotriz de Brasil tras\" \/>\n<meta property=\"og:url\" content=\"https:\/\/latamobility.com\/pt-br\/byd-vai-aumentar-sua-presenca-no-brasil-com-investimento-de-r-55-bilhoes\/\" \/>\n<meta property=\"og:site_name\" content=\"Latam Mobility\" \/>\n<meta property=\"article:publisher\" content=\"https:\/\/www.facebook.com\/latamobility\/\" \/>\n<meta property=\"article:published_time\" content=\"2024-03-20T10:00:00+00:00\" \/>\n<meta property=\"article:modified_time\" content=\"2024-03-20T10:10:29+00:00\" \/>\n<meta property=\"og:image\" content=\"https:\/\/latamobility.com\/wp-content\/uploads\/2024\/03\/BYD.jpg\" \/>\n\t<meta property=\"og:image:width\" content=\"1280\" \/>\n\t<meta property=\"og:image:height\" content=\"715\" \/>\n\t<meta property=\"og:image:type\" content=\"image\/jpeg\" \/>\n<meta name=\"author\" content=\"Antonio Vilela\" \/>\n<meta name=\"twitter:card\" content=\"summary_large_image\" \/>\n<meta name=\"twitter:creator\" content=\"@LataMobility\" \/>\n<meta name=\"twitter:site\" content=\"@LataMobility\" \/>\n<meta name=\"twitter:label1\" content=\"Escrito por\" \/>\n\t<meta name=\"twitter:data1\" content=\"Antonio Vilela\" \/>\n\t<meta name=\"twitter:label2\" content=\"Est. tempo de leitura\" \/>\n\t<meta name=\"twitter:data2\" content=\"2 minutos\" \/>\n<script type=\"application\/ld+json\" class=\"yoast-schema-graph\">{\"@context\":\"https:\\\/\\\/schema.org\",\"@graph\":[{\"@type\":\"Article\",\"@id\":\"https:\\\/\\\/latamobility.com\\\/pt-br\\\/byd-vai-aumentar-sua-presenca-no-brasil-com-investimento-de-r-55-bilhoes\\\/#article\",\"isPartOf\":{\"@id\":\"https:\\\/\\\/latamobility.com\\\/pt-br\\\/byd-vai-aumentar-sua-presenca-no-brasil-com-investimento-de-r-55-bilhoes\\\/\"},\"author\":{\"name\":\"Antonio Vilela\",\"@id\":\"https:\\\/\\\/latamobility.com\\\/#\\\/schema\\\/person\\\/fda092a2de1f87d347784282908bad1a\"},\"headline\":\"BYD vai aumentar sua presen\u00e7a no Brasil com investimento de R$ 5,5 bilh\u00f5es\",\"datePublished\":\"2024-03-20T10:00:00+00:00\",\"dateModified\":\"2024-03-20T10:10:29+00:00\",\"mainEntityOfPage\":{\"@id\":\"https:\\\/\\\/latamobility.com\\\/pt-br\\\/byd-vai-aumentar-sua-presenca-no-brasil-com-investimento-de-r-55-bilhoes\\\/\"},\"wordCount\":473,\"commentCount\":0,\"publisher\":{\"@id\":\"https:\\\/\\\/latamobility.com\\\/#organization\"},\"image\":{\"@id\":\"https:\\\/\\\/latamobility.com\\\/pt-br\\\/byd-vai-aumentar-sua-presenca-no-brasil-com-investimento-de-r-55-bilhoes\\\/#primaryimage\"},\"thumbnailUrl\":\"https:\\\/\\\/latamobility.com\\\/wp-content\\\/uploads\\\/2024\\\/03\\\/BYD.jpg\",\"keywords\":[\"BYD\",\"Movilidad el\u00e9ctrica\",\"Movilidad Sostenible\"],\"articleSection\":[\"Movilidad el\u00e9ctrica\"],\"inLanguage\":\"pt-BR\",\"potentialAction\":[{\"@type\":\"CommentAction\",\"name\":\"Comment\",\"target\":[\"https:\\\/\\\/latamobility.com\\\/pt-br\\\/byd-vai-aumentar-sua-presenca-no-brasil-com-investimento-de-r-55-bilhoes\\\/#respond\"]}]},{\"@type\":\"WebPage\",\"@id\":\"https:\\\/\\\/latamobility.com\\\/pt-br\\\/byd-vai-aumentar-sua-presenca-no-brasil-com-investimento-de-r-55-bilhoes\\\/\",\"url\":\"https:\\\/\\\/latamobility.com\\\/pt-br\\\/byd-vai-aumentar-sua-presenca-no-brasil-com-investimento-de-r-55-bilhoes\\\/\",\"name\":\"BYD vai aumentar sua presen\u00e7a no Brasil com investimento de R$ 5,5 bilh\u00f5es - Latam Mobility\",\"isPartOf\":{\"@id\":\"https:\\\/\\\/latamobility.com\\\/#website\"},\"primaryImageOfPage\":{\"@id\":\"https:\\\/\\\/latamobility.com\\\/pt-br\\\/byd-vai-aumentar-sua-presenca-no-brasil-com-investimento-de-r-55-bilhoes\\\/#primaryimage\"},\"image\":{\"@id\":\"https:\\\/\\\/latamobility.com\\\/pt-br\\\/byd-vai-aumentar-sua-presenca-no-brasil-com-investimento-de-r-55-bilhoes\\\/#primaryimage\"},\"thumbnailUrl\":\"https:\\\/\\\/latamobility.com\\\/wp-content\\\/uploads\\\/2024\\\/03\\\/BYD.jpg\",\"datePublished\":\"2024-03-20T10:00:00+00:00\",\"dateModified\":\"2024-03-20T10:10:29+00:00\",\"description\":\"El gigante chino de tecnolog\u00eda y energ\u00eda limpia, as\u00ed puede definirse a BYD, compa\u00f1\u00eda que apuesta fuertemente por el mercado automotriz de Brasil tras\",\"breadcrumb\":{\"@id\":\"https:\\\/\\\/latamobility.com\\\/pt-br\\\/byd-vai-aumentar-sua-presenca-no-brasil-com-investimento-de-r-55-bilhoes\\\/#breadcrumb\"},\"inLanguage\":\"pt-BR\",\"potentialAction\":[{\"@type\":\"ReadAction\",\"target\":[\"https:\\\/\\\/latamobility.com\\\/pt-br\\\/byd-vai-aumentar-sua-presenca-no-brasil-com-investimento-de-r-55-bilhoes\\\/\"]}]},{\"@type\":\"ImageObject\",\"inLanguage\":\"pt-BR\",\"@id\":\"https:\\\/\\\/latamobility.com\\\/pt-br\\\/byd-vai-aumentar-sua-presenca-no-brasil-com-investimento-de-r-55-bilhoes\\\/#primaryimage\",\"url\":\"https:\\\/\\\/latamobility.com\\\/wp-content\\\/uploads\\\/2024\\\/03\\\/BYD.jpg\",\"contentUrl\":\"https:\\\/\\\/latamobility.com\\\/wp-content\\\/uploads\\\/2024\\\/03\\\/BYD.jpg\",\"width\":1280,\"height\":715,\"caption\":\"BYD\"},{\"@type\":\"BreadcrumbList\",\"@id\":\"https:\\\/\\\/latamobility.com\\\/pt-br\\\/byd-vai-aumentar-sua-presenca-no-brasil-com-investimento-de-r-55-bilhoes\\\/#breadcrumb\",\"itemListElement\":[{\"@type\":\"ListItem\",\"position\":1,\"name\":\"Portada\",\"item\":\"https:\\\/\\\/latamobility.com\\\/pt-br\\\/\"},{\"@type\":\"ListItem\",\"position\":2,\"name\":\"BYD vai aumentar sua presen\u00e7a no Brasil com investimento de R$ 5,5 bilh\u00f5es\"}]},{\"@type\":\"WebSite\",\"@id\":\"https:\\\/\\\/latamobility.com\\\/#website\",\"url\":\"https:\\\/\\\/latamobility.com\\\/\",\"name\":\"Latam Mobility\",\"description\":\"Serie de Eventos para promover la Movilidad y Transporte sostenible en Latinoam\u00e9rica\",\"publisher\":{\"@id\":\"https:\\\/\\\/latamobility.com\\\/#organization\"},\"potentialAction\":[{\"@type\":\"SearchAction\",\"target\":{\"@type\":\"EntryPoint\",\"urlTemplate\":\"https:\\\/\\\/latamobility.com\\\/?s={search_term_string}\"},\"query-input\":{\"@type\":\"PropertyValueSpecification\",\"valueRequired\":true,\"valueName\":\"search_term_string\"}}],\"inLanguage\":\"pt-BR\"},{\"@type\":\"Organization\",\"@id\":\"https:\\\/\\\/latamobility.com\\\/#organization\",\"name\":\"LATAM MOBILITY\",\"url\":\"https:\\\/\\\/latamobility.com\\\/\",\"logo\":{\"@type\":\"ImageObject\",\"inLanguage\":\"pt-BR\",\"@id\":\"https:\\\/\\\/latamobility.com\\\/#\\\/schema\\\/logo\\\/image\\\/\",\"url\":\"https:\\\/\\\/latamobility.com\\\/wp-content\\\/uploads\\\/2025\\\/01\\\/logos-LM-LG-2025-10.png\",\"contentUrl\":\"https:\\\/\\\/latamobility.com\\\/wp-content\\\/uploads\\\/2025\\\/01\\\/logos-LM-LG-2025-10.png\",\"width\":1080,\"height\":1080,\"caption\":\"LATAM MOBILITY\"},\"image\":{\"@id\":\"https:\\\/\\\/latamobility.com\\\/#\\\/schema\\\/logo\\\/image\\\/\"},\"sameAs\":[\"https:\\\/\\\/www.facebook.com\\\/latamobility\\\/\",\"https:\\\/\\\/x.com\\\/LataMobility\",\"https:\\\/\\\/www.instagram.com\\\/latamobility\\\/\",\"https:\\\/\\\/www.linkedin.com\\\/company\\\/latamobility\\\/\",\"https:\\\/\\\/www.youtube.com\\\/channel\\\/UCtcslRCRY0vITWaOQ1X0XUA\"]},{\"@type\":\"Person\",\"@id\":\"https:\\\/\\\/latamobility.com\\\/#\\\/schema\\\/person\\\/fda092a2de1f87d347784282908bad1a\",\"name\":\"Antonio Vilela\",\"image\":{\"@type\":\"ImageObject\",\"inLanguage\":\"pt-BR\",\"@id\":\"https:\\\/\\\/secure.gravatar.com\\\/avatar\\\/7eee8196fd2fda180806d7b41cd517f274d5ad3b9f65d873feb3ca7e2b3a72d2?s=96&d=mm&r=g\",\"url\":\"https:\\\/\\\/secure.gravatar.com\\\/avatar\\\/7eee8196fd2fda180806d7b41cd517f274d5ad3b9f65d873feb3ca7e2b3a72d2?s=96&d=mm&r=g\",\"contentUrl\":\"https:\\\/\\\/secure.gravatar.com\\\/avatar\\\/7eee8196fd2fda180806d7b41cd517f274d5ad3b9f65d873feb3ca7e2b3a72d2?s=96&d=mm&r=g\",\"caption\":\"Antonio Vilela\"}}]}<\/script>\n<!-- \/ Yoast SEO Premium plugin. -->","yoast_head_json":{"title":"BYD vai aumentar sua presen\u00e7a no Brasil com investimento de R$ 5,5 bilh\u00f5es - Latam Mobility","description":"El gigante chino de tecnolog\u00eda y energ\u00eda limpia, as\u00ed puede definirse a BYD, compa\u00f1\u00eda que apuesta fuertemente por el mercado automotriz de Brasil tras","robots":{"index":"index","follow":"follow","max-snippet":"max-snippet:-1","max-image-preview":"max-image-preview:large","max-video-preview":"max-video-preview:-1"},"canonical":"https:\/\/latamobility.com\/pt-br\/byd-vai-aumentar-sua-presenca-no-brasil-com-investimento-de-r-55-bilhoes\/","og_locale":"pt_BR","og_type":"article","og_title":"BYD vai aumentar sua presen\u00e7a no Brasil com investimento de R$ 5,5 bilh\u00f5es","og_description":"El gigante chino de tecnolog\u00eda y energ\u00eda limpia, as\u00ed puede definirse a BYD, compa\u00f1\u00eda que apuesta fuertemente por el mercado automotriz de Brasil tras","og_url":"https:\/\/latamobility.com\/pt-br\/byd-vai-aumentar-sua-presenca-no-brasil-com-investimento-de-r-55-bilhoes\/","og_site_name":"Latam Mobility","article_publisher":"https:\/\/www.facebook.com\/latamobility\/","article_published_time":"2024-03-20T10:00:00+00:00","article_modified_time":"2024-03-20T10:10:29+00:00","og_image":[{"width":1280,"height":715,"url":"https:\/\/latamobility.com\/wp-content\/uploads\/2024\/03\/BYD.jpg","type":"image\/jpeg"}],"author":"Antonio Vilela","twitter_card":"summary_large_image","twitter_creator":"@LataMobility","twitter_site":"@LataMobility","twitter_misc":{"Escrito por":"Antonio Vilela","Est. tempo de leitura":"2 minutos"},"schema":{"@context":"https:\/\/schema.org","@graph":[{"@type":"Article","@id":"https:\/\/latamobility.com\/pt-br\/byd-vai-aumentar-sua-presenca-no-brasil-com-investimento-de-r-55-bilhoes\/#article","isPartOf":{"@id":"https:\/\/latamobility.com\/pt-br\/byd-vai-aumentar-sua-presenca-no-brasil-com-investimento-de-r-55-bilhoes\/"},"author":{"name":"Antonio Vilela","@id":"https:\/\/latamobility.com\/#\/schema\/person\/fda092a2de1f87d347784282908bad1a"},"headline":"BYD vai aumentar sua presen\u00e7a no Brasil com investimento de R$ 5,5 bilh\u00f5es","datePublished":"2024-03-20T10:00:00+00:00","dateModified":"2024-03-20T10:10:29+00:00","mainEntityOfPage":{"@id":"https:\/\/latamobility.com\/pt-br\/byd-vai-aumentar-sua-presenca-no-brasil-com-investimento-de-r-55-bilhoes\/"},"wordCount":473,"commentCount":0,"publisher":{"@id":"https:\/\/latamobility.com\/#organization"},"image":{"@id":"https:\/\/latamobility.com\/pt-br\/byd-vai-aumentar-sua-presenca-no-brasil-com-investimento-de-r-55-bilhoes\/#primaryimage"},"thumbnailUrl":"https:\/\/latamobility.com\/wp-content\/uploads\/2024\/03\/BYD.jpg","keywords":["BYD","Movilidad el\u00e9ctrica","Movilidad Sostenible"],"articleSection":["Movilidad el\u00e9ctrica"],"inLanguage":"pt-BR","potentialAction":[{"@type":"CommentAction","name":"Comment","target":["https:\/\/latamobility.com\/pt-br\/byd-vai-aumentar-sua-presenca-no-brasil-com-investimento-de-r-55-bilhoes\/#respond"]}]},{"@type":"WebPage","@id":"https:\/\/latamobility.com\/pt-br\/byd-vai-aumentar-sua-presenca-no-brasil-com-investimento-de-r-55-bilhoes\/","url":"https:\/\/latamobility.com\/pt-br\/byd-vai-aumentar-sua-presenca-no-brasil-com-investimento-de-r-55-bilhoes\/","name":"BYD vai aumentar sua presen\u00e7a no Brasil com investimento de R$ 5,5 bilh\u00f5es - Latam Mobility","isPartOf":{"@id":"https:\/\/latamobility.com\/#website"},"primaryImageOfPage":{"@id":"https:\/\/latamobility.com\/pt-br\/byd-vai-aumentar-sua-presenca-no-brasil-com-investimento-de-r-55-bilhoes\/#primaryimage"},"image":{"@id":"https:\/\/latamobility.com\/pt-br\/byd-vai-aumentar-sua-presenca-no-brasil-com-investimento-de-r-55-bilhoes\/#primaryimage"},"thumbnailUrl":"https:\/\/latamobility.com\/wp-content\/uploads\/2024\/03\/BYD.jpg","datePublished":"2024-03-20T10:00:00+00:00","dateModified":"2024-03-20T10:10:29+00:00","description":"El gigante chino de tecnolog\u00eda y energ\u00eda limpia, as\u00ed puede definirse a BYD, compa\u00f1\u00eda que apuesta fuertemente por el mercado automotriz de Brasil tras","breadcrumb":{"@id":"https:\/\/latamobility.com\/pt-br\/byd-vai-aumentar-sua-presenca-no-brasil-com-investimento-de-r-55-bilhoes\/#breadcrumb"},"inLanguage":"pt-BR","potentialAction":[{"@type":"ReadAction","target":["https:\/\/latamobility.com\/pt-br\/byd-vai-aumentar-sua-presenca-no-brasil-com-investimento-de-r-55-bilhoes\/"]}]},{"@type":"ImageObject","inLanguage":"pt-BR","@id":"https:\/\/latamobility.com\/pt-br\/byd-vai-aumentar-sua-presenca-no-brasil-com-investimento-de-r-55-bilhoes\/#primaryimage","url":"https:\/\/latamobility.com\/wp-content\/uploads\/2024\/03\/BYD.jpg","contentUrl":"https:\/\/latamobility.com\/wp-content\/uploads\/2024\/03\/BYD.jpg","width":1280,"height":715,"caption":"BYD"},{"@type":"BreadcrumbList","@id":"https:\/\/latamobility.com\/pt-br\/byd-vai-aumentar-sua-presenca-no-brasil-com-investimento-de-r-55-bilhoes\/#breadcrumb","itemListElement":[{"@type":"ListItem","position":1,"name":"Portada","item":"https:\/\/latamobility.com\/pt-br\/"},{"@type":"ListItem","position":2,"name":"BYD vai aumentar sua presen\u00e7a no Brasil com investimento de R$ 5,5 bilh\u00f5es"}]},{"@type":"WebSite","@id":"https:\/\/latamobility.com\/#website","url":"https:\/\/latamobility.com\/","name":"Latam Mobility","description":"Serie de Eventos para promover la Movilidad y Transporte sostenible en Latinoam\u00e9rica","publisher":{"@id":"https:\/\/latamobility.com\/#organization"},"potentialAction":[{"@type":"SearchAction","target":{"@type":"EntryPoint","urlTemplate":"https:\/\/latamobility.com\/?s={search_term_string}"},"query-input":{"@type":"PropertyValueSpecification","valueRequired":true,"valueName":"search_term_string"}}],"inLanguage":"pt-BR"},{"@type":"Organization","@id":"https:\/\/latamobility.com\/#organization","name":"LATAM MOBILITY","url":"https:\/\/latamobility.com\/","logo":{"@type":"ImageObject","inLanguage":"pt-BR","@id":"https:\/\/latamobility.com\/#\/schema\/logo\/image\/","url":"https:\/\/latamobility.com\/wp-content\/uploads\/2025\/01\/logos-LM-LG-2025-10.png","contentUrl":"https:\/\/latamobility.com\/wp-content\/uploads\/2025\/01\/logos-LM-LG-2025-10.png","width":1080,"height":1080,"caption":"LATAM MOBILITY"},"image":{"@id":"https:\/\/latamobility.com\/#\/schema\/logo\/image\/"},"sameAs":["https:\/\/www.facebook.com\/latamobility\/","https:\/\/x.com\/LataMobility","https:\/\/www.instagram.com\/latamobility\/","https:\/\/www.linkedin.com\/company\/latamobility\/","https:\/\/www.youtube.com\/channel\/UCtcslRCRY0vITWaOQ1X0XUA"]},{"@type":"Person","@id":"https:\/\/latamobility.com\/#\/schema\/person\/fda092a2de1f87d347784282908bad1a","name":"Antonio Vilela","image":{"@type":"ImageObject","inLanguage":"pt-BR","@id":"https:\/\/secure.gravatar.com\/avatar\/7eee8196fd2fda180806d7b41cd517f274d5ad3b9f65d873feb3ca7e2b3a72d2?s=96&d=mm&r=g","url":"https:\/\/secure.gravatar.com\/avatar\/7eee8196fd2fda180806d7b41cd517f274d5ad3b9f65d873feb3ca7e2b3a72d2?s=96&d=mm&r=g","contentUrl":"https:\/\/secure.gravatar.com\/avatar\/7eee8196fd2fda180806d7b41cd517f274d5ad3b9f65d873feb3ca7e2b3a72d2?s=96&d=mm&r=g","caption":"Antonio Vilela"}}]}},"_links":{"self":[{"href":"https:\/\/latamobility.com\/pt-br\/wp-json\/wp\/v2\/posts\/30477","targetHints":{"allow":["GET"]}}],"collection":[{"href":"https:\/\/latamobility.com\/pt-br\/wp-json\/wp\/v2\/posts"}],"about":[{"href":"https:\/\/latamobility.com\/pt-br\/wp-json\/wp\/v2\/types\/post"}],"author":[{"embeddable":true,"href":"https:\/\/latamobility.com\/pt-br\/wp-json\/wp\/v2\/users\/10"}],"replies":[{"embeddable":true,"href":"https:\/\/latamobility.com\/pt-br\/wp-json\/wp\/v2\/comments?post=30477"}],"version-history":[{"count":4,"href":"https:\/\/latamobility.com\/pt-br\/wp-json\/wp\/v2\/posts\/30477\/revisions"}],"predecessor-version":[{"id":30591,"href":"https:\/\/latamobility.com\/pt-br\/wp-json\/wp\/v2\/posts\/30477\/revisions\/30591"}],"wp:featuredmedia":[{"embeddable":true,"href":"https:\/\/latamobility.com\/pt-br\/wp-json\/wp\/v2\/media\/30417"}],"wp:attachment":[{"href":"https:\/\/latamobility.com\/pt-br\/wp-json\/wp\/v2\/media?parent=30477"}],"wp:term":[{"taxonomy":"category","embeddable":true,"href":"https:\/\/latamobility.com\/pt-br\/wp-json\/wp\/v2\/categories?post=30477"},{"taxonomy":"post_tag","embeddable":true,"href":"https:\/\/latamobility.com\/pt-br\/wp-json\/wp\/v2\/tags?post=30477"}],"curies":[{"name":"wp","href":"https:\/\/api.w.org\/{rel}","templated":true}]}}