{"id":31838,"date":"2024-04-24T05:10:00","date_gmt":"2024-04-24T10:10:00","guid":{"rendered":"https:\/\/latamobility.com\/?p=31838"},"modified":"2024-04-24T07:02:56","modified_gmt":"2024-04-24T12:02:56","slug":"byd-faz-historia-no-brasil-vende-mais-de-1-600-veiculos-hibridos-e-eletricos-em-dois-dias","status":"publish","type":"post","link":"https:\/\/latamobility.com\/pt-br\/byd-faz-historia-no-brasil-vende-mais-de-1-600-veiculos-hibridos-e-eletricos-em-dois-dias\/","title":{"rendered":"BYD faz hist\u00f3ria no Brasil: vende mais de 1.600 ve\u00edculos h\u00edbridos e el\u00e9tricos em dois dias"},"content":{"rendered":"\n<p>A <strong>BYD<\/strong> entrou para a hist\u00f3ria do mercado automotivo brasileiro ao <strong>registrar a venda de 1.640 ve\u00edculos h\u00edbridos e el\u00e9tricos em apenas dois dias<\/strong>, evidenciando o interesse do p\u00fablico brasileiro por alternativas de mobilidade mais sustent\u00e1veis.<\/p>\n\n\n\n<p>Entre os ve\u00edculos vendidos nesse per\u00edodo est\u00e1 o <strong>Dolphin Mini, com 57 unidades adquiridas<\/strong>. Da mesma forma, o <strong>Song Plus DM-I<\/strong>, que se consolidou como l\u00edder entre os h\u00edbridos plug-in, registrou 417 unidades vendidas.<\/p>\n\n\n\n<p>Al\u00e9m disso, <strong>o Dolphin, com 293 ve\u00edculos<\/strong>, e outros modelos como o Dolphin Plus, Seal, Yuan e Tan tamb\u00e9m chegaram \u00e0s garagens dos consumidores brasileiros.<\/p>\n\n\n\n<p><strong>Conte\u00fado relacionado | <\/strong><a href=\"https:\/\/latamobility.com\/pt-br\/brasil-byd-se-torna-a-marca-mais-vendida\/\"><mark style=\"background-color:rgba(0, 0, 0, 0)\" class=\"has-inline-color has-theme-palette-1-color\"><strong>Brasil: BYD se torna a marca mais vendida<\/strong><\/mark><\/a><\/p>\n\n\n\n<figure class=\"wp-block-image size-large\"><img fetchpriority=\"high\" decoding=\"async\" width=\"1024\" height=\"572\" src=\"https:\/\/latamobility.com\/wp-content\/uploads\/2024\/04\/BYD-Dolphin-1-1024x572.jpg\" alt=\"BYD\" class=\"wp-image-31809\" srcset=\"https:\/\/latamobility.com\/wp-content\/uploads\/2024\/04\/BYD-Dolphin-1-1024x572.jpg 1024w, https:\/\/latamobility.com\/wp-content\/uploads\/2024\/04\/BYD-Dolphin-1-300x168.jpg 300w, https:\/\/latamobility.com\/wp-content\/uploads\/2024\/04\/BYD-Dolphin-1-768x429.jpg 768w, https:\/\/latamobility.com\/wp-content\/uploads\/2024\/04\/BYD-Dolphin-1-600x335.jpg 600w, https:\/\/latamobility.com\/wp-content\/uploads\/2024\/04\/BYD-Dolphin-1.jpg 1280w\" sizes=\"(max-width: 1024px) 100vw, 1024px\" \/><figcaption class=\"wp-element-caption\"><em>BYD Dolphin<\/em><\/figcaption><\/figure>\n\n\n\n<h2 class=\"wp-block-heading\" id=\"h-byd-consolida-sua-posicao-no-brasil\">BYD consolida sua posi\u00e7\u00e3o no Brasil<\/h2>\n\n\n\n<p><strong>Esses n\u00fameros n\u00e3o s\u00e3o um caso isolado para a BYD no Brasil,<\/strong> j\u00e1 que, durante o m\u00eas de mar\u00e7o, a empresa conseguiu vender 4.763 unidades, consolidando sua posi\u00e7\u00e3o como l\u00edder incontest\u00e1vel no mercado automotivo do pa\u00eds durante esse per\u00edodo.<\/p>\n\n\n\n<p>Embora o sucesso da BYD n\u00e3o se limite a um \u00fanico modelo, o <strong>Song Plus DM-I <\/strong>provou ser o favorito entre os consumidores gra\u00e7as \u00e0 sua efici\u00eancia energ\u00e9tica, desempenho e design. Por outro lado, olhando para o quadro geral, <strong>10.065 ve\u00edculos da BYD foram produzidos no Brasil<\/strong> nos primeiros tr\u00eas meses do ano.<\/p>\n\n\n\n<p><strong>Tudo isso fez da BYD uma refer\u00eancia na oferta de solu\u00e7\u00f5es de transporte<\/strong> que atendem aos padr\u00f5es ambientais necess\u00e1rios para a conserva\u00e7\u00e3o do planeta, al\u00e9m de proporcionar uma experi\u00eancia de dire\u00e7\u00e3o \u00e0 altura.<\/p>\n\n\n\n<figure class=\"wp-block-image size-full\"><img decoding=\"async\" width=\"1024\" height=\"572\" src=\"https:\/\/latamobility.com\/wp-content\/uploads\/2024\/03\/LM1.jpg\" alt=\"\" class=\"wp-image-30422\" srcset=\"https:\/\/latamobility.com\/wp-content\/uploads\/2024\/03\/LM1.jpg 1024w, https:\/\/latamobility.com\/wp-content\/uploads\/2024\/03\/LM1-300x168.jpg 300w, https:\/\/latamobility.com\/wp-content\/uploads\/2024\/03\/LM1-768x429.jpg 768w, https:\/\/latamobility.com\/wp-content\/uploads\/2024\/03\/LM1-600x335.jpg 600w\" sizes=\"(max-width: 1024px) 100vw, 1024px\" \/><\/figure>\n\n\n\n<h2 class=\"wp-block-heading\" id=\"h-latam-mobility-net-zero-brasil-2024\">Latam Mobility &amp; Net Zero Brasil 2024<\/h2>\n\n\n\n<p>O <strong>Latam Mobility &amp; Net Zero Brasil 2024<\/strong> reunir\u00e1 os l\u00edderes em mobilidade sustent\u00e1vel da Am\u00e9rica Latina em um s\u00f3 lugar, com o objetivo de mostrar os avan\u00e7os em ve\u00edculos el\u00e9tricos, bem como insights do setor, infraestrutura de carregamento, inova\u00e7\u00f5es tecnol\u00f3gicas e muito mais.<\/p>\n\n\n\n<p><strong>O evento ser\u00e1 realizado de 1 a 2 de julho<\/strong> na Villa Blue Tree, em <strong>S\u00e3o Paulo, Brasil,<\/strong> como uma plataforma em resposta \u00e0 crescente necessidade de promover a mobilidade sustent\u00e1vel na Am\u00e9rica Latina, avan\u00e7ando em dire\u00e7\u00e3o a uma abordagem abrangente para construir uma forte rede de ve\u00edculos eletrificados na regi\u00e3o.<\/p>\n\n\n\n<p>Para se registrar,<strong> <a href=\"https:\/\/live.eventtia.com\/es\/latammobilitybrasil2024\/HOME\"><mark style=\"background-color:rgba(0, 0, 0, 0)\" class=\"has-inline-color has-theme-palette-1-color\">clique aqui<\/mark><\/a><\/strong>. <\/p>\n\n\n\n<p>Para obter mais informa\u00e7\u00f5es sobre como participar e op\u00e7\u00f5es de posicionamento, voc\u00ea pode enviar um e-mail para <a href=\"mailto:info@investinlatam.org\"><\/a><a href=\"mailto:info@investinlatam.org\"><strong>info@investinlatam.org<\/strong><\/a>.<\/p>\n","protected":false},"excerpt":{"rendered":"<p>A BYD entrou para a hist\u00f3ria do mercado automotivo brasileiro ao registrar a venda de 1.640 ve\u00edculos h\u00edbridos e el\u00e9tricos em apenas dois dias, evidenciando o interesse do p\u00fablico brasileiro por alternativas de mobilidade mais sustent\u00e1veis. Entre os ve\u00edculos vendidos nesse per\u00edodo est\u00e1 o Dolphin Mini, com 57 unidades adquiridas. Da mesma forma, o Song&#8230;<\/p>\n","protected":false},"author":10,"featured_media":31812,"comment_status":"open","ping_status":"closed","sticky":false,"template":"","format":"standard","meta":{"_kad_post_transparent":"","_kad_post_title":"","_kad_post_layout":"","_kad_post_sidebar_id":"","_kad_post_content_style":"","_kad_post_vertical_padding":"","_kad_post_feature":"","_kad_post_feature_position":"","_kad_post_header":false,"_kad_post_footer":false,"_kad_post_classname":"","footnotes":""},"categories":[2356],"tags":[2359,2357],"class_list":["post-31838","post","type-post","status-publish","format-standard","has-post-thumbnail","hentry","category-movilidad-electrica-pt-br","tag-movilidad-electrica-pt-br","tag-movilidad-sostenible-pt-br"],"yoast_head":"<!-- This site is optimized with the Yoast SEO Premium plugin v22.7 (Yoast SEO v27.4) - https:\/\/yoast.com\/product\/yoast-seo-premium-wordpress\/ -->\n<title>BYD faz hist\u00f3ria no Brasil: vende mais de 1.600 ve\u00edculos h\u00edbridos e el\u00e9tricos em dois dias - Latam Mobility<\/title>\n<meta name=\"description\" content=\"A BYD entrou para a hist\u00f3ria do mercado automotivo brasileiro ao registrar a venda de 1.640 ve\u00edculos h\u00edbridos e el\u00e9tricos em apenas dois dias,\" \/>\n<meta name=\"robots\" content=\"index, follow, max-snippet:-1, max-image-preview:large, max-video-preview:-1\" \/>\n<link rel=\"canonical\" href=\"https:\/\/latamobility.com\/pt-br\/byd-faz-historia-no-brasil-vende-mais-de-1-600-veiculos-hibridos-e-eletricos-em-dois-dias\/\" \/>\n<meta property=\"og:locale\" content=\"pt_BR\" \/>\n<meta property=\"og:type\" content=\"article\" \/>\n<meta property=\"og:title\" content=\"BYD faz hist\u00f3ria no Brasil: vende mais de 1.600 ve\u00edculos h\u00edbridos e el\u00e9tricos em dois dias\" \/>\n<meta property=\"og:description\" content=\"A BYD entrou para a hist\u00f3ria do mercado automotivo brasileiro ao registrar a venda de 1.640 ve\u00edculos h\u00edbridos e el\u00e9tricos em apenas dois dias,\" \/>\n<meta property=\"og:url\" content=\"https:\/\/latamobility.com\/pt-br\/byd-faz-historia-no-brasil-vende-mais-de-1-600-veiculos-hibridos-e-eletricos-em-dois-dias\/\" \/>\n<meta property=\"og:site_name\" content=\"Latam Mobility\" \/>\n<meta property=\"article:publisher\" content=\"https:\/\/www.facebook.com\/latamobility\/\" \/>\n<meta property=\"article:published_time\" content=\"2024-04-24T10:10:00+00:00\" \/>\n<meta property=\"article:modified_time\" content=\"2024-04-24T12:02:56+00:00\" \/>\n<meta property=\"og:image\" content=\"https:\/\/latamobility.com\/wp-content\/uploads\/2024\/04\/BYD-1.jpg\" \/>\n\t<meta property=\"og:image:width\" content=\"1280\" \/>\n\t<meta property=\"og:image:height\" content=\"715\" \/>\n\t<meta property=\"og:image:type\" content=\"image\/jpeg\" \/>\n<meta name=\"author\" content=\"Antonio Vilela\" \/>\n<meta name=\"twitter:card\" content=\"summary_large_image\" \/>\n<meta name=\"twitter:creator\" content=\"@LataMobility\" \/>\n<meta name=\"twitter:site\" content=\"@LataMobility\" \/>\n<meta name=\"twitter:label1\" content=\"Escrito por\" \/>\n\t<meta name=\"twitter:data1\" content=\"Antonio Vilela\" \/>\n\t<meta name=\"twitter:label2\" content=\"Est. tempo de leitura\" \/>\n\t<meta name=\"twitter:data2\" content=\"2 minutos\" \/>\n<script type=\"application\/ld+json\" class=\"yoast-schema-graph\">{\"@context\":\"https:\\\/\\\/schema.org\",\"@graph\":[{\"@type\":\"Article\",\"@id\":\"https:\\\/\\\/latamobility.com\\\/pt-br\\\/byd-faz-historia-no-brasil-vende-mais-de-1-600-veiculos-hibridos-e-eletricos-em-dois-dias\\\/#article\",\"isPartOf\":{\"@id\":\"https:\\\/\\\/latamobility.com\\\/pt-br\\\/byd-faz-historia-no-brasil-vende-mais-de-1-600-veiculos-hibridos-e-eletricos-em-dois-dias\\\/\"},\"author\":{\"name\":\"Antonio Vilela\",\"@id\":\"https:\\\/\\\/latamobility.com\\\/#\\\/schema\\\/person\\\/fda092a2de1f87d347784282908bad1a\"},\"headline\":\"BYD faz hist\u00f3ria no Brasil: vende mais de 1.600 ve\u00edculos h\u00edbridos e el\u00e9tricos em dois dias\",\"datePublished\":\"2024-04-24T10:10:00+00:00\",\"dateModified\":\"2024-04-24T12:02:56+00:00\",\"mainEntityOfPage\":{\"@id\":\"https:\\\/\\\/latamobility.com\\\/pt-br\\\/byd-faz-historia-no-brasil-vende-mais-de-1-600-veiculos-hibridos-e-eletricos-em-dois-dias\\\/\"},\"wordCount\":427,\"commentCount\":0,\"publisher\":{\"@id\":\"https:\\\/\\\/latamobility.com\\\/#organization\"},\"image\":{\"@id\":\"https:\\\/\\\/latamobility.com\\\/pt-br\\\/byd-faz-historia-no-brasil-vende-mais-de-1-600-veiculos-hibridos-e-eletricos-em-dois-dias\\\/#primaryimage\"},\"thumbnailUrl\":\"https:\\\/\\\/latamobility.com\\\/wp-content\\\/uploads\\\/2024\\\/04\\\/BYD-1.jpg\",\"keywords\":[\"Movilidad el\u00e9ctrica\",\"Movilidad Sostenible\"],\"articleSection\":[\"Movilidad el\u00e9ctrica\"],\"inLanguage\":\"pt-BR\",\"potentialAction\":[{\"@type\":\"CommentAction\",\"name\":\"Comment\",\"target\":[\"https:\\\/\\\/latamobility.com\\\/pt-br\\\/byd-faz-historia-no-brasil-vende-mais-de-1-600-veiculos-hibridos-e-eletricos-em-dois-dias\\\/#respond\"]}]},{\"@type\":\"WebPage\",\"@id\":\"https:\\\/\\\/latamobility.com\\\/pt-br\\\/byd-faz-historia-no-brasil-vende-mais-de-1-600-veiculos-hibridos-e-eletricos-em-dois-dias\\\/\",\"url\":\"https:\\\/\\\/latamobility.com\\\/pt-br\\\/byd-faz-historia-no-brasil-vende-mais-de-1-600-veiculos-hibridos-e-eletricos-em-dois-dias\\\/\",\"name\":\"BYD faz hist\u00f3ria no Brasil: vende mais de 1.600 ve\u00edculos h\u00edbridos e el\u00e9tricos em dois dias - Latam Mobility\",\"isPartOf\":{\"@id\":\"https:\\\/\\\/latamobility.com\\\/#website\"},\"primaryImageOfPage\":{\"@id\":\"https:\\\/\\\/latamobility.com\\\/pt-br\\\/byd-faz-historia-no-brasil-vende-mais-de-1-600-veiculos-hibridos-e-eletricos-em-dois-dias\\\/#primaryimage\"},\"image\":{\"@id\":\"https:\\\/\\\/latamobility.com\\\/pt-br\\\/byd-faz-historia-no-brasil-vende-mais-de-1-600-veiculos-hibridos-e-eletricos-em-dois-dias\\\/#primaryimage\"},\"thumbnailUrl\":\"https:\\\/\\\/latamobility.com\\\/wp-content\\\/uploads\\\/2024\\\/04\\\/BYD-1.jpg\",\"datePublished\":\"2024-04-24T10:10:00+00:00\",\"dateModified\":\"2024-04-24T12:02:56+00:00\",\"description\":\"A BYD entrou para a hist\u00f3ria do mercado automotivo brasileiro ao registrar a venda de 1.640 ve\u00edculos h\u00edbridos e el\u00e9tricos em apenas dois dias,\",\"breadcrumb\":{\"@id\":\"https:\\\/\\\/latamobility.com\\\/pt-br\\\/byd-faz-historia-no-brasil-vende-mais-de-1-600-veiculos-hibridos-e-eletricos-em-dois-dias\\\/#breadcrumb\"},\"inLanguage\":\"pt-BR\",\"potentialAction\":[{\"@type\":\"ReadAction\",\"target\":[\"https:\\\/\\\/latamobility.com\\\/pt-br\\\/byd-faz-historia-no-brasil-vende-mais-de-1-600-veiculos-hibridos-e-eletricos-em-dois-dias\\\/\"]}]},{\"@type\":\"ImageObject\",\"inLanguage\":\"pt-BR\",\"@id\":\"https:\\\/\\\/latamobility.com\\\/pt-br\\\/byd-faz-historia-no-brasil-vende-mais-de-1-600-veiculos-hibridos-e-eletricos-em-dois-dias\\\/#primaryimage\",\"url\":\"https:\\\/\\\/latamobility.com\\\/wp-content\\\/uploads\\\/2024\\\/04\\\/BYD-1.jpg\",\"contentUrl\":\"https:\\\/\\\/latamobility.com\\\/wp-content\\\/uploads\\\/2024\\\/04\\\/BYD-1.jpg\",\"width\":1280,\"height\":715,\"caption\":\"BYD\"},{\"@type\":\"BreadcrumbList\",\"@id\":\"https:\\\/\\\/latamobility.com\\\/pt-br\\\/byd-faz-historia-no-brasil-vende-mais-de-1-600-veiculos-hibridos-e-eletricos-em-dois-dias\\\/#breadcrumb\",\"itemListElement\":[{\"@type\":\"ListItem\",\"position\":1,\"name\":\"Portada\",\"item\":\"https:\\\/\\\/latamobility.com\\\/pt-br\\\/\"},{\"@type\":\"ListItem\",\"position\":2,\"name\":\"BYD faz hist\u00f3ria no Brasil: vende mais de 1.600 ve\u00edculos h\u00edbridos e el\u00e9tricos em dois dias\"}]},{\"@type\":\"WebSite\",\"@id\":\"https:\\\/\\\/latamobility.com\\\/#website\",\"url\":\"https:\\\/\\\/latamobility.com\\\/\",\"name\":\"Latam Mobility\",\"description\":\"Serie de Eventos para promover la Movilidad y Transporte sostenible en Latinoam\u00e9rica\",\"publisher\":{\"@id\":\"https:\\\/\\\/latamobility.com\\\/#organization\"},\"potentialAction\":[{\"@type\":\"SearchAction\",\"target\":{\"@type\":\"EntryPoint\",\"urlTemplate\":\"https:\\\/\\\/latamobility.com\\\/?s={search_term_string}\"},\"query-input\":{\"@type\":\"PropertyValueSpecification\",\"valueRequired\":true,\"valueName\":\"search_term_string\"}}],\"inLanguage\":\"pt-BR\"},{\"@type\":\"Organization\",\"@id\":\"https:\\\/\\\/latamobility.com\\\/#organization\",\"name\":\"LATAM MOBILITY\",\"url\":\"https:\\\/\\\/latamobility.com\\\/\",\"logo\":{\"@type\":\"ImageObject\",\"inLanguage\":\"pt-BR\",\"@id\":\"https:\\\/\\\/latamobility.com\\\/#\\\/schema\\\/logo\\\/image\\\/\",\"url\":\"https:\\\/\\\/latamobility.com\\\/wp-content\\\/uploads\\\/2025\\\/01\\\/logos-LM-LG-2025-10.png\",\"contentUrl\":\"https:\\\/\\\/latamobility.com\\\/wp-content\\\/uploads\\\/2025\\\/01\\\/logos-LM-LG-2025-10.png\",\"width\":1080,\"height\":1080,\"caption\":\"LATAM MOBILITY\"},\"image\":{\"@id\":\"https:\\\/\\\/latamobility.com\\\/#\\\/schema\\\/logo\\\/image\\\/\"},\"sameAs\":[\"https:\\\/\\\/www.facebook.com\\\/latamobility\\\/\",\"https:\\\/\\\/x.com\\\/LataMobility\",\"https:\\\/\\\/www.instagram.com\\\/latamobility\\\/\",\"https:\\\/\\\/www.linkedin.com\\\/company\\\/latamobility\\\/\",\"https:\\\/\\\/www.youtube.com\\\/channel\\\/UCtcslRCRY0vITWaOQ1X0XUA\"]},{\"@type\":\"Person\",\"@id\":\"https:\\\/\\\/latamobility.com\\\/#\\\/schema\\\/person\\\/fda092a2de1f87d347784282908bad1a\",\"name\":\"Antonio Vilela\",\"image\":{\"@type\":\"ImageObject\",\"inLanguage\":\"pt-BR\",\"@id\":\"https:\\\/\\\/secure.gravatar.com\\\/avatar\\\/7eee8196fd2fda180806d7b41cd517f274d5ad3b9f65d873feb3ca7e2b3a72d2?s=96&d=mm&r=g\",\"url\":\"https:\\\/\\\/secure.gravatar.com\\\/avatar\\\/7eee8196fd2fda180806d7b41cd517f274d5ad3b9f65d873feb3ca7e2b3a72d2?s=96&d=mm&r=g\",\"contentUrl\":\"https:\\\/\\\/secure.gravatar.com\\\/avatar\\\/7eee8196fd2fda180806d7b41cd517f274d5ad3b9f65d873feb3ca7e2b3a72d2?s=96&d=mm&r=g\",\"caption\":\"Antonio Vilela\"}}]}<\/script>\n<!-- \/ Yoast SEO Premium plugin. -->","yoast_head_json":{"title":"BYD faz hist\u00f3ria no Brasil: vende mais de 1.600 ve\u00edculos h\u00edbridos e el\u00e9tricos em dois dias - Latam Mobility","description":"A BYD entrou para a hist\u00f3ria do mercado automotivo brasileiro ao registrar a venda de 1.640 ve\u00edculos h\u00edbridos e el\u00e9tricos em apenas dois dias,","robots":{"index":"index","follow":"follow","max-snippet":"max-snippet:-1","max-image-preview":"max-image-preview:large","max-video-preview":"max-video-preview:-1"},"canonical":"https:\/\/latamobility.com\/pt-br\/byd-faz-historia-no-brasil-vende-mais-de-1-600-veiculos-hibridos-e-eletricos-em-dois-dias\/","og_locale":"pt_BR","og_type":"article","og_title":"BYD faz hist\u00f3ria no Brasil: vende mais de 1.600 ve\u00edculos h\u00edbridos e el\u00e9tricos em dois dias","og_description":"A BYD entrou para a hist\u00f3ria do mercado automotivo brasileiro ao registrar a venda de 1.640 ve\u00edculos h\u00edbridos e el\u00e9tricos em apenas dois dias,","og_url":"https:\/\/latamobility.com\/pt-br\/byd-faz-historia-no-brasil-vende-mais-de-1-600-veiculos-hibridos-e-eletricos-em-dois-dias\/","og_site_name":"Latam Mobility","article_publisher":"https:\/\/www.facebook.com\/latamobility\/","article_published_time":"2024-04-24T10:10:00+00:00","article_modified_time":"2024-04-24T12:02:56+00:00","og_image":[{"width":1280,"height":715,"url":"https:\/\/latamobility.com\/wp-content\/uploads\/2024\/04\/BYD-1.jpg","type":"image\/jpeg"}],"author":"Antonio Vilela","twitter_card":"summary_large_image","twitter_creator":"@LataMobility","twitter_site":"@LataMobility","twitter_misc":{"Escrito por":"Antonio Vilela","Est. tempo de leitura":"2 minutos"},"schema":{"@context":"https:\/\/schema.org","@graph":[{"@type":"Article","@id":"https:\/\/latamobility.com\/pt-br\/byd-faz-historia-no-brasil-vende-mais-de-1-600-veiculos-hibridos-e-eletricos-em-dois-dias\/#article","isPartOf":{"@id":"https:\/\/latamobility.com\/pt-br\/byd-faz-historia-no-brasil-vende-mais-de-1-600-veiculos-hibridos-e-eletricos-em-dois-dias\/"},"author":{"name":"Antonio Vilela","@id":"https:\/\/latamobility.com\/#\/schema\/person\/fda092a2de1f87d347784282908bad1a"},"headline":"BYD faz hist\u00f3ria no Brasil: vende mais de 1.600 ve\u00edculos h\u00edbridos e el\u00e9tricos em dois dias","datePublished":"2024-04-24T10:10:00+00:00","dateModified":"2024-04-24T12:02:56+00:00","mainEntityOfPage":{"@id":"https:\/\/latamobility.com\/pt-br\/byd-faz-historia-no-brasil-vende-mais-de-1-600-veiculos-hibridos-e-eletricos-em-dois-dias\/"},"wordCount":427,"commentCount":0,"publisher":{"@id":"https:\/\/latamobility.com\/#organization"},"image":{"@id":"https:\/\/latamobility.com\/pt-br\/byd-faz-historia-no-brasil-vende-mais-de-1-600-veiculos-hibridos-e-eletricos-em-dois-dias\/#primaryimage"},"thumbnailUrl":"https:\/\/latamobility.com\/wp-content\/uploads\/2024\/04\/BYD-1.jpg","keywords":["Movilidad el\u00e9ctrica","Movilidad Sostenible"],"articleSection":["Movilidad el\u00e9ctrica"],"inLanguage":"pt-BR","potentialAction":[{"@type":"CommentAction","name":"Comment","target":["https:\/\/latamobility.com\/pt-br\/byd-faz-historia-no-brasil-vende-mais-de-1-600-veiculos-hibridos-e-eletricos-em-dois-dias\/#respond"]}]},{"@type":"WebPage","@id":"https:\/\/latamobility.com\/pt-br\/byd-faz-historia-no-brasil-vende-mais-de-1-600-veiculos-hibridos-e-eletricos-em-dois-dias\/","url":"https:\/\/latamobility.com\/pt-br\/byd-faz-historia-no-brasil-vende-mais-de-1-600-veiculos-hibridos-e-eletricos-em-dois-dias\/","name":"BYD faz hist\u00f3ria no Brasil: vende mais de 1.600 ve\u00edculos h\u00edbridos e el\u00e9tricos em dois dias - Latam Mobility","isPartOf":{"@id":"https:\/\/latamobility.com\/#website"},"primaryImageOfPage":{"@id":"https:\/\/latamobility.com\/pt-br\/byd-faz-historia-no-brasil-vende-mais-de-1-600-veiculos-hibridos-e-eletricos-em-dois-dias\/#primaryimage"},"image":{"@id":"https:\/\/latamobility.com\/pt-br\/byd-faz-historia-no-brasil-vende-mais-de-1-600-veiculos-hibridos-e-eletricos-em-dois-dias\/#primaryimage"},"thumbnailUrl":"https:\/\/latamobility.com\/wp-content\/uploads\/2024\/04\/BYD-1.jpg","datePublished":"2024-04-24T10:10:00+00:00","dateModified":"2024-04-24T12:02:56+00:00","description":"A BYD entrou para a hist\u00f3ria do mercado automotivo brasileiro ao registrar a venda de 1.640 ve\u00edculos h\u00edbridos e el\u00e9tricos em apenas dois dias,","breadcrumb":{"@id":"https:\/\/latamobility.com\/pt-br\/byd-faz-historia-no-brasil-vende-mais-de-1-600-veiculos-hibridos-e-eletricos-em-dois-dias\/#breadcrumb"},"inLanguage":"pt-BR","potentialAction":[{"@type":"ReadAction","target":["https:\/\/latamobility.com\/pt-br\/byd-faz-historia-no-brasil-vende-mais-de-1-600-veiculos-hibridos-e-eletricos-em-dois-dias\/"]}]},{"@type":"ImageObject","inLanguage":"pt-BR","@id":"https:\/\/latamobility.com\/pt-br\/byd-faz-historia-no-brasil-vende-mais-de-1-600-veiculos-hibridos-e-eletricos-em-dois-dias\/#primaryimage","url":"https:\/\/latamobility.com\/wp-content\/uploads\/2024\/04\/BYD-1.jpg","contentUrl":"https:\/\/latamobility.com\/wp-content\/uploads\/2024\/04\/BYD-1.jpg","width":1280,"height":715,"caption":"BYD"},{"@type":"BreadcrumbList","@id":"https:\/\/latamobility.com\/pt-br\/byd-faz-historia-no-brasil-vende-mais-de-1-600-veiculos-hibridos-e-eletricos-em-dois-dias\/#breadcrumb","itemListElement":[{"@type":"ListItem","position":1,"name":"Portada","item":"https:\/\/latamobility.com\/pt-br\/"},{"@type":"ListItem","position":2,"name":"BYD faz hist\u00f3ria no Brasil: vende mais de 1.600 ve\u00edculos h\u00edbridos e el\u00e9tricos em dois dias"}]},{"@type":"WebSite","@id":"https:\/\/latamobility.com\/#website","url":"https:\/\/latamobility.com\/","name":"Latam Mobility","description":"Serie de Eventos para promover la Movilidad y Transporte sostenible en Latinoam\u00e9rica","publisher":{"@id":"https:\/\/latamobility.com\/#organization"},"potentialAction":[{"@type":"SearchAction","target":{"@type":"EntryPoint","urlTemplate":"https:\/\/latamobility.com\/?s={search_term_string}"},"query-input":{"@type":"PropertyValueSpecification","valueRequired":true,"valueName":"search_term_string"}}],"inLanguage":"pt-BR"},{"@type":"Organization","@id":"https:\/\/latamobility.com\/#organization","name":"LATAM MOBILITY","url":"https:\/\/latamobility.com\/","logo":{"@type":"ImageObject","inLanguage":"pt-BR","@id":"https:\/\/latamobility.com\/#\/schema\/logo\/image\/","url":"https:\/\/latamobility.com\/wp-content\/uploads\/2025\/01\/logos-LM-LG-2025-10.png","contentUrl":"https:\/\/latamobility.com\/wp-content\/uploads\/2025\/01\/logos-LM-LG-2025-10.png","width":1080,"height":1080,"caption":"LATAM MOBILITY"},"image":{"@id":"https:\/\/latamobility.com\/#\/schema\/logo\/image\/"},"sameAs":["https:\/\/www.facebook.com\/latamobility\/","https:\/\/x.com\/LataMobility","https:\/\/www.instagram.com\/latamobility\/","https:\/\/www.linkedin.com\/company\/latamobility\/","https:\/\/www.youtube.com\/channel\/UCtcslRCRY0vITWaOQ1X0XUA"]},{"@type":"Person","@id":"https:\/\/latamobility.com\/#\/schema\/person\/fda092a2de1f87d347784282908bad1a","name":"Antonio Vilela","image":{"@type":"ImageObject","inLanguage":"pt-BR","@id":"https:\/\/secure.gravatar.com\/avatar\/7eee8196fd2fda180806d7b41cd517f274d5ad3b9f65d873feb3ca7e2b3a72d2?s=96&d=mm&r=g","url":"https:\/\/secure.gravatar.com\/avatar\/7eee8196fd2fda180806d7b41cd517f274d5ad3b9f65d873feb3ca7e2b3a72d2?s=96&d=mm&r=g","contentUrl":"https:\/\/secure.gravatar.com\/avatar\/7eee8196fd2fda180806d7b41cd517f274d5ad3b9f65d873feb3ca7e2b3a72d2?s=96&d=mm&r=g","caption":"Antonio Vilela"}}]}},"_links":{"self":[{"href":"https:\/\/latamobility.com\/pt-br\/wp-json\/wp\/v2\/posts\/31838","targetHints":{"allow":["GET"]}}],"collection":[{"href":"https:\/\/latamobility.com\/pt-br\/wp-json\/wp\/v2\/posts"}],"about":[{"href":"https:\/\/latamobility.com\/pt-br\/wp-json\/wp\/v2\/types\/post"}],"author":[{"embeddable":true,"href":"https:\/\/latamobility.com\/pt-br\/wp-json\/wp\/v2\/users\/10"}],"replies":[{"embeddable":true,"href":"https:\/\/latamobility.com\/pt-br\/wp-json\/wp\/v2\/comments?post=31838"}],"version-history":[{"count":2,"href":"https:\/\/latamobility.com\/pt-br\/wp-json\/wp\/v2\/posts\/31838\/revisions"}],"predecessor-version":[{"id":31857,"href":"https:\/\/latamobility.com\/pt-br\/wp-json\/wp\/v2\/posts\/31838\/revisions\/31857"}],"wp:featuredmedia":[{"embeddable":true,"href":"https:\/\/latamobility.com\/pt-br\/wp-json\/wp\/v2\/media\/31812"}],"wp:attachment":[{"href":"https:\/\/latamobility.com\/pt-br\/wp-json\/wp\/v2\/media?parent=31838"}],"wp:term":[{"taxonomy":"category","embeddable":true,"href":"https:\/\/latamobility.com\/pt-br\/wp-json\/wp\/v2\/categories?post=31838"},{"taxonomy":"post_tag","embeddable":true,"href":"https:\/\/latamobility.com\/pt-br\/wp-json\/wp\/v2\/tags?post=31838"}],"curies":[{"name":"wp","href":"https:\/\/api.w.org\/{rel}","templated":true}]}}