{"id":33377,"date":"2024-06-05T05:00:00","date_gmt":"2024-06-05T10:00:00","guid":{"rendered":"https:\/\/latamobility.com\/?p=33377"},"modified":"2024-06-05T04:54:09","modified_gmt":"2024-06-05T09:54:09","slug":"senado-do-brasil-votara-lei-para-incentivar-a-descarbonizacao-do-setor-automotivo","status":"publish","type":"post","link":"https:\/\/latamobility.com\/pt-br\/senado-do-brasil-votara-lei-para-incentivar-a-descarbonizacao-do-setor-automotivo\/","title":{"rendered":"Senado do Brasil votar\u00e1 lei para incentivar a descarboniza\u00e7\u00e3o do setor automotivo"},"content":{"rendered":"\n<p>O <strong>Senado do Brasil<\/strong> se prepara para aprovar, nesta quarta-feira, um importante projeto de lei que introduz o <strong>Programa de Mobilidade e Inova\u00e7\u00e3o Verde (Mover)<\/strong>, destinado a aumentar os requisitos de descarboniza\u00e7\u00e3o do parque automobil\u00edstico do pa\u00eds.<\/p>\n\n\n\n<p>Esta proposta foi encaminhada ao Congresso pelo <strong>presidente Luiz In\u00e1cio Lula da Silva<\/strong> em mar\u00e7o deste ano e recebeu o aval da C\u00e2mara dos Deputados na \u00faltima ter\u00e7a-feira, como um avan\u00e7o rumo \u00e0 redu\u00e7\u00e3o das emiss\u00f5es de carbono no setor de transporte.<\/p>\n\n\n\n<p>Nesse sentido,<strong> o programa Mover foi criado com o objetivo de oferecer cr\u00e9ditos financeiros<\/strong> \u00e0s empresas que investirem em tecnologias e processos voltados para a descarboniza\u00e7\u00e3o de ve\u00edculos.<\/p>\n\n\n\n<p><strong>Conte\u00fado relacionado:<\/strong> <a href=\"https:\/\/latamobility.com\/stellantis-invertira-casi-600-millones-de-dolares-en-brasil\/\">Stellantis investir\u00e1 quase 600 milh\u00f5es de d\u00f3lares no Brasil<\/a><\/p>\n\n\n\n<p><strong>A partir de 2024<\/strong>, o governo do Brasil destinar\u00e1<strong> 3,5 bilh\u00f5es de reais<\/strong> (625 milh\u00f5es de euros) a este programa, aumentando o montante anualmente at\u00e9 chegar a <strong>4,1 bilh\u00f5es de reais<\/strong> (732 milh\u00f5es de euros) <strong>em 2028<\/strong>.<\/p>\n\n\n\n<h2 class=\"wp-block-heading\" id=\"h-divisao-dos-fundos-no-brasil\">Divis\u00e3o dos fundos no Brasil<\/h2>\n\n\n\n<p>No total, <strong>ser\u00e3o investidos 19,3 bilh\u00f5es de reais <\/strong>(3,447 bilh\u00f5es de euros) em um esfor\u00e7o conjunto para transformar o setor automobil\u00edstico e diminuir sua pegada de carbono.<\/p>\n\n\n\n<p>O <strong>financiamento<\/strong>, concedido pelo <strong>Mover<\/strong>, facilitar\u00e1 que as empresas brasileiras adotem ve\u00edculos el\u00e9tricos e h\u00edbridos, al\u00e9m de melhorar a infraestrutura de carga e promover a pesquisa em novas tecnologias de transporte.<\/p>\n\n\n\n<p>Esses investimentos contribuir\u00e3o para reduzir as emiss\u00f5es de gases de efeito estufa enquanto constroem as bases para<strong> posicionar o Brasil como l\u00edder global em inova\u00e7\u00e3o <\/strong>e sustentabilidade na ind\u00fastria automobil\u00edstica.<\/p>\n\n\n\n<p>Finalmente, para que as empresas possam cumprir os requisitos obrigat\u00f3rios do programa, o Mover oferecer\u00e1 cr\u00e9ditos financeiros proporcionalmente aos investimentos em P&amp;D.<\/p>\n\n\n\n<p>Eles variar\u00e3o entre<strong> 0,50 reais e 3,20 reais<\/strong> para cada real investido, embora devam obedecer a percentuais m\u00ednimos, ainda a serem especificados no regulamento.<\/p>\n\n\n\n<figure class=\"wp-block-image size-full\"><img decoding=\"async\" src=\"https:\/\/latam-green.com\/wp-content\/uploads\/2024\/05\/LM-Colombia.jpg\" alt=\"Latam Mobility Colombia\" class=\"wp-image-27278\"\/><\/figure>\n\n\n\n<h2 class=\"wp-block-heading\" id=\"h-latam-mobility-amp-net-zero-colombia-2024\"><strong>Latam Mobility &amp; Net Zero Colombia 2024<\/strong><\/h2>\n\n\n\n<p>O &#8220;<strong>Latam Mobility &amp; Net Zero Colombia 2024<\/strong>&#8221; em Medell\u00edn reunir\u00e1 as mais importantes empresas e l\u00edderes ligados \u00e0 energia, transporte, combust\u00edveis e mobilidade, para mostrar os avan\u00e7os e perspectivas da ind\u00fastria no pa\u00eds e na regi\u00e3o.<\/p>\n\n\n\n<p>O summit contar\u00e1 com uma s\u00e9rie de pain\u00e9is e apresenta\u00e7\u00f5es tem\u00e1ticas que desempenham um papel crucial no avan\u00e7o da <strong>mobilidade sustent\u00e1vel, descarboniza\u00e7\u00e3o, economia circular e energias renov\u00e1veis, <\/strong>al\u00e9m de um networking destacado para forma\u00e7\u00e3o de alian\u00e7as chave no caminho rumo \u00e0s emiss\u00f5es zero.<\/p>\n\n\n\n<p>O evento ser\u00e1 realizado de 05 a 06 de junio no Orquideorama do Jardim Bot\u00e2nico, Medell\u00edn. Para se inscrever, clique <a href=\"https:\/\/live.eventtia.com\/es\/latammobilitycolombia2024\/HOME%E2%80%A8\">aqui<\/a>.<\/p>\n\n\n\n<p>Para mais informa\u00e7\u00f5es sobre como participar e op\u00e7\u00f5es de posicionamento, voc\u00ea pode enviar um e-mail para<strong><a href=\"mailto:info@investinlatam.org\"> info@investinlatam.org<\/a><\/strong>.<\/p>\n","protected":false},"excerpt":{"rendered":"<p>O Senado do Brasil se prepara para aprovar, nesta quarta-feira, um importante projeto de lei que introduz o Programa de Mobilidade e Inova\u00e7\u00e3o Verde (Mover), destinado a aumentar os requisitos de descarboniza\u00e7\u00e3o do parque automobil\u00edstico do pa\u00eds. Esta proposta foi encaminhada ao Congresso pelo presidente Luiz In\u00e1cio Lula da Silva em mar\u00e7o deste ano e&#8230;<\/p>\n","protected":false},"author":10,"featured_media":33371,"comment_status":"open","ping_status":"closed","sticky":false,"template":"","format":"standard","meta":{"_kad_post_transparent":"","_kad_post_title":"","_kad_post_layout":"","_kad_post_sidebar_id":"","_kad_post_content_style":"","_kad_post_vertical_padding":"","_kad_post_feature":"","_kad_post_feature_position":"","_kad_post_header":false,"_kad_post_footer":false,"_kad_post_classname":"","footnotes":""},"categories":[2356],"tags":[2253,2347],"class_list":["post-33377","post","type-post","status-publish","format-standard","has-post-thumbnail","hentry","category-movilidad-electrica-pt-br","tag-brasil","tag-brasil-3"],"yoast_head":"<!-- This site is optimized with the Yoast SEO Premium plugin v22.7 (Yoast SEO v27.4) - https:\/\/yoast.com\/product\/yoast-seo-premium-wordpress\/ -->\n<title>Senado do Brasil votar\u00e1 lei para incentivar a descarboniza\u00e7\u00e3o do setor automotivo - Latam Mobility<\/title>\n<meta name=\"description\" content=\"O Senado do Brasil se prepara para aprovar, nesta quarta-feira, um importante projeto de lei que introduz o Programa de Mobilidade e Inova\u00e7\u00e3o Verde\" \/>\n<meta name=\"robots\" content=\"index, follow, max-snippet:-1, max-image-preview:large, max-video-preview:-1\" \/>\n<link rel=\"canonical\" href=\"https:\/\/latamobility.com\/senado-de-brasil-votara-ley-para-fomentar-la-descarbonizacion-del-sector-automotriz\/\" \/>\n<meta property=\"og:locale\" content=\"pt_BR\" \/>\n<meta property=\"og:type\" content=\"article\" \/>\n<meta property=\"og:title\" content=\"Senado do Brasil votar\u00e1 lei para incentivar a descarboniza\u00e7\u00e3o do setor automotivo\" \/>\n<meta property=\"og:description\" content=\"O Senado do Brasil se prepara para aprovar, nesta quarta-feira, um importante projeto de lei que introduz o Programa de Mobilidade e Inova\u00e7\u00e3o Verde\" \/>\n<meta property=\"og:url\" content=\"https:\/\/latamobility.com\/senado-de-brasil-votara-ley-para-fomentar-la-descarbonizacion-del-sector-automotriz\/\" \/>\n<meta property=\"og:site_name\" content=\"Latam Mobility\" \/>\n<meta property=\"article:publisher\" content=\"https:\/\/www.facebook.com\/latamobility\/\" \/>\n<meta property=\"article:published_time\" content=\"2024-06-05T10:00:00+00:00\" \/>\n<meta property=\"og:image\" content=\"https:\/\/latamobility.com\/wp-content\/uploads\/2024\/06\/Brasil.jpg\" \/>\n\t<meta property=\"og:image:width\" content=\"1280\" \/>\n\t<meta property=\"og:image:height\" content=\"715\" \/>\n\t<meta property=\"og:image:type\" content=\"image\/jpeg\" \/>\n<meta name=\"author\" content=\"Antonio Vilela\" \/>\n<meta name=\"twitter:card\" content=\"summary_large_image\" \/>\n<meta name=\"twitter:creator\" content=\"@LataMobility\" \/>\n<meta name=\"twitter:site\" content=\"@LataMobility\" \/>\n<meta name=\"twitter:label1\" content=\"Escrito por\" \/>\n\t<meta name=\"twitter:data1\" content=\"Antonio Vilela\" \/>\n\t<meta name=\"twitter:label2\" content=\"Est. tempo de leitura\" \/>\n\t<meta name=\"twitter:data2\" content=\"2 minutos\" \/>\n<script type=\"application\/ld+json\" class=\"yoast-schema-graph\">{\"@context\":\"https:\\\/\\\/schema.org\",\"@graph\":[{\"@type\":\"Article\",\"@id\":\"https:\\\/\\\/latamobility.com\\\/senado-de-brasil-votara-ley-para-fomentar-la-descarbonizacion-del-sector-automotriz\\\/#article\",\"isPartOf\":{\"@id\":\"https:\\\/\\\/latamobility.com\\\/senado-de-brasil-votara-ley-para-fomentar-la-descarbonizacion-del-sector-automotriz\\\/\"},\"author\":{\"name\":\"Antonio Vilela\",\"@id\":\"https:\\\/\\\/latamobility.com\\\/#\\\/schema\\\/person\\\/fda092a2de1f87d347784282908bad1a\"},\"headline\":\"Senado do Brasil votar\u00e1 lei para incentivar a descarboniza\u00e7\u00e3o do setor automotivo\",\"datePublished\":\"2024-06-05T10:00:00+00:00\",\"mainEntityOfPage\":{\"@id\":\"https:\\\/\\\/latamobility.com\\\/senado-de-brasil-votara-ley-para-fomentar-la-descarbonizacion-del-sector-automotriz\\\/\"},\"wordCount\":483,\"commentCount\":0,\"publisher\":{\"@id\":\"https:\\\/\\\/latamobility.com\\\/#organization\"},\"image\":{\"@id\":\"https:\\\/\\\/latamobility.com\\\/senado-de-brasil-votara-ley-para-fomentar-la-descarbonizacion-del-sector-automotriz\\\/#primaryimage\"},\"thumbnailUrl\":\"https:\\\/\\\/latamobility.com\\\/wp-content\\\/uploads\\\/2024\\\/06\\\/Brasil.jpg\",\"keywords\":[\"Brasil\",\"Brasil\"],\"articleSection\":[\"Movilidad el\u00e9ctrica\"],\"inLanguage\":\"pt-BR\",\"potentialAction\":[{\"@type\":\"CommentAction\",\"name\":\"Comment\",\"target\":[\"https:\\\/\\\/latamobility.com\\\/senado-de-brasil-votara-ley-para-fomentar-la-descarbonizacion-del-sector-automotriz\\\/#respond\"]}]},{\"@type\":\"WebPage\",\"@id\":\"https:\\\/\\\/latamobility.com\\\/senado-de-brasil-votara-ley-para-fomentar-la-descarbonizacion-del-sector-automotriz\\\/\",\"url\":\"https:\\\/\\\/latamobility.com\\\/senado-de-brasil-votara-ley-para-fomentar-la-descarbonizacion-del-sector-automotriz\\\/\",\"name\":\"Senado do Brasil votar\u00e1 lei para incentivar a descarboniza\u00e7\u00e3o do setor automotivo - Latam Mobility\",\"isPartOf\":{\"@id\":\"https:\\\/\\\/latamobility.com\\\/#website\"},\"primaryImageOfPage\":{\"@id\":\"https:\\\/\\\/latamobility.com\\\/senado-de-brasil-votara-ley-para-fomentar-la-descarbonizacion-del-sector-automotriz\\\/#primaryimage\"},\"image\":{\"@id\":\"https:\\\/\\\/latamobility.com\\\/senado-de-brasil-votara-ley-para-fomentar-la-descarbonizacion-del-sector-automotriz\\\/#primaryimage\"},\"thumbnailUrl\":\"https:\\\/\\\/latamobility.com\\\/wp-content\\\/uploads\\\/2024\\\/06\\\/Brasil.jpg\",\"datePublished\":\"2024-06-05T10:00:00+00:00\",\"description\":\"O Senado do Brasil se prepara para aprovar, nesta quarta-feira, um importante projeto de lei que introduz o Programa de Mobilidade e Inova\u00e7\u00e3o Verde\",\"breadcrumb\":{\"@id\":\"https:\\\/\\\/latamobility.com\\\/senado-de-brasil-votara-ley-para-fomentar-la-descarbonizacion-del-sector-automotriz\\\/#breadcrumb\"},\"inLanguage\":\"pt-BR\",\"potentialAction\":[{\"@type\":\"ReadAction\",\"target\":[\"https:\\\/\\\/latamobility.com\\\/senado-de-brasil-votara-ley-para-fomentar-la-descarbonizacion-del-sector-automotriz\\\/\"]}]},{\"@type\":\"ImageObject\",\"inLanguage\":\"pt-BR\",\"@id\":\"https:\\\/\\\/latamobility.com\\\/senado-de-brasil-votara-ley-para-fomentar-la-descarbonizacion-del-sector-automotriz\\\/#primaryimage\",\"url\":\"https:\\\/\\\/latamobility.com\\\/wp-content\\\/uploads\\\/2024\\\/06\\\/Brasil.jpg\",\"contentUrl\":\"https:\\\/\\\/latamobility.com\\\/wp-content\\\/uploads\\\/2024\\\/06\\\/Brasil.jpg\",\"width\":1280,\"height\":715,\"caption\":\"Brasil\"},{\"@type\":\"BreadcrumbList\",\"@id\":\"https:\\\/\\\/latamobility.com\\\/senado-de-brasil-votara-ley-para-fomentar-la-descarbonizacion-del-sector-automotriz\\\/#breadcrumb\",\"itemListElement\":[{\"@type\":\"ListItem\",\"position\":1,\"name\":\"Portada\",\"item\":\"https:\\\/\\\/latamobility.com\\\/pt-br\\\/\"},{\"@type\":\"ListItem\",\"position\":2,\"name\":\"Senado do Brasil votar\u00e1 lei para incentivar a descarboniza\u00e7\u00e3o do setor automotivo\"}]},{\"@type\":\"WebSite\",\"@id\":\"https:\\\/\\\/latamobility.com\\\/#website\",\"url\":\"https:\\\/\\\/latamobility.com\\\/\",\"name\":\"Latam Mobility\",\"description\":\"Serie de Eventos para promover la Movilidad y Transporte sostenible en Latinoam\u00e9rica\",\"publisher\":{\"@id\":\"https:\\\/\\\/latamobility.com\\\/#organization\"},\"potentialAction\":[{\"@type\":\"SearchAction\",\"target\":{\"@type\":\"EntryPoint\",\"urlTemplate\":\"https:\\\/\\\/latamobility.com\\\/?s={search_term_string}\"},\"query-input\":{\"@type\":\"PropertyValueSpecification\",\"valueRequired\":true,\"valueName\":\"search_term_string\"}}],\"inLanguage\":\"pt-BR\"},{\"@type\":\"Organization\",\"@id\":\"https:\\\/\\\/latamobility.com\\\/#organization\",\"name\":\"LATAM MOBILITY\",\"url\":\"https:\\\/\\\/latamobility.com\\\/\",\"logo\":{\"@type\":\"ImageObject\",\"inLanguage\":\"pt-BR\",\"@id\":\"https:\\\/\\\/latamobility.com\\\/#\\\/schema\\\/logo\\\/image\\\/\",\"url\":\"https:\\\/\\\/latamobility.com\\\/wp-content\\\/uploads\\\/2025\\\/01\\\/logos-LM-LG-2025-10.png\",\"contentUrl\":\"https:\\\/\\\/latamobility.com\\\/wp-content\\\/uploads\\\/2025\\\/01\\\/logos-LM-LG-2025-10.png\",\"width\":1080,\"height\":1080,\"caption\":\"LATAM MOBILITY\"},\"image\":{\"@id\":\"https:\\\/\\\/latamobility.com\\\/#\\\/schema\\\/logo\\\/image\\\/\"},\"sameAs\":[\"https:\\\/\\\/www.facebook.com\\\/latamobility\\\/\",\"https:\\\/\\\/x.com\\\/LataMobility\",\"https:\\\/\\\/www.instagram.com\\\/latamobility\\\/\",\"https:\\\/\\\/www.linkedin.com\\\/company\\\/latamobility\\\/\",\"https:\\\/\\\/www.youtube.com\\\/channel\\\/UCtcslRCRY0vITWaOQ1X0XUA\"]},{\"@type\":\"Person\",\"@id\":\"https:\\\/\\\/latamobility.com\\\/#\\\/schema\\\/person\\\/fda092a2de1f87d347784282908bad1a\",\"name\":\"Antonio Vilela\",\"image\":{\"@type\":\"ImageObject\",\"inLanguage\":\"pt-BR\",\"@id\":\"https:\\\/\\\/secure.gravatar.com\\\/avatar\\\/7eee8196fd2fda180806d7b41cd517f274d5ad3b9f65d873feb3ca7e2b3a72d2?s=96&d=mm&r=g\",\"url\":\"https:\\\/\\\/secure.gravatar.com\\\/avatar\\\/7eee8196fd2fda180806d7b41cd517f274d5ad3b9f65d873feb3ca7e2b3a72d2?s=96&d=mm&r=g\",\"contentUrl\":\"https:\\\/\\\/secure.gravatar.com\\\/avatar\\\/7eee8196fd2fda180806d7b41cd517f274d5ad3b9f65d873feb3ca7e2b3a72d2?s=96&d=mm&r=g\",\"caption\":\"Antonio Vilela\"}}]}<\/script>\n<!-- \/ Yoast SEO Premium plugin. -->","yoast_head_json":{"title":"Senado do Brasil votar\u00e1 lei para incentivar a descarboniza\u00e7\u00e3o do setor automotivo - Latam Mobility","description":"O Senado do Brasil se prepara para aprovar, nesta quarta-feira, um importante projeto de lei que introduz o Programa de Mobilidade e Inova\u00e7\u00e3o Verde","robots":{"index":"index","follow":"follow","max-snippet":"max-snippet:-1","max-image-preview":"max-image-preview:large","max-video-preview":"max-video-preview:-1"},"canonical":"https:\/\/latamobility.com\/senado-de-brasil-votara-ley-para-fomentar-la-descarbonizacion-del-sector-automotriz\/","og_locale":"pt_BR","og_type":"article","og_title":"Senado do Brasil votar\u00e1 lei para incentivar a descarboniza\u00e7\u00e3o do setor automotivo","og_description":"O Senado do Brasil se prepara para aprovar, nesta quarta-feira, um importante projeto de lei que introduz o Programa de Mobilidade e Inova\u00e7\u00e3o Verde","og_url":"https:\/\/latamobility.com\/senado-de-brasil-votara-ley-para-fomentar-la-descarbonizacion-del-sector-automotriz\/","og_site_name":"Latam Mobility","article_publisher":"https:\/\/www.facebook.com\/latamobility\/","article_published_time":"2024-06-05T10:00:00+00:00","og_image":[{"width":1280,"height":715,"url":"https:\/\/latamobility.com\/wp-content\/uploads\/2024\/06\/Brasil.jpg","type":"image\/jpeg"}],"author":"Antonio Vilela","twitter_card":"summary_large_image","twitter_creator":"@LataMobility","twitter_site":"@LataMobility","twitter_misc":{"Escrito por":"Antonio Vilela","Est. tempo de leitura":"2 minutos"},"schema":{"@context":"https:\/\/schema.org","@graph":[{"@type":"Article","@id":"https:\/\/latamobility.com\/senado-de-brasil-votara-ley-para-fomentar-la-descarbonizacion-del-sector-automotriz\/#article","isPartOf":{"@id":"https:\/\/latamobility.com\/senado-de-brasil-votara-ley-para-fomentar-la-descarbonizacion-del-sector-automotriz\/"},"author":{"name":"Antonio Vilela","@id":"https:\/\/latamobility.com\/#\/schema\/person\/fda092a2de1f87d347784282908bad1a"},"headline":"Senado do Brasil votar\u00e1 lei para incentivar a descarboniza\u00e7\u00e3o do setor automotivo","datePublished":"2024-06-05T10:00:00+00:00","mainEntityOfPage":{"@id":"https:\/\/latamobility.com\/senado-de-brasil-votara-ley-para-fomentar-la-descarbonizacion-del-sector-automotriz\/"},"wordCount":483,"commentCount":0,"publisher":{"@id":"https:\/\/latamobility.com\/#organization"},"image":{"@id":"https:\/\/latamobility.com\/senado-de-brasil-votara-ley-para-fomentar-la-descarbonizacion-del-sector-automotriz\/#primaryimage"},"thumbnailUrl":"https:\/\/latamobility.com\/wp-content\/uploads\/2024\/06\/Brasil.jpg","keywords":["Brasil","Brasil"],"articleSection":["Movilidad el\u00e9ctrica"],"inLanguage":"pt-BR","potentialAction":[{"@type":"CommentAction","name":"Comment","target":["https:\/\/latamobility.com\/senado-de-brasil-votara-ley-para-fomentar-la-descarbonizacion-del-sector-automotriz\/#respond"]}]},{"@type":"WebPage","@id":"https:\/\/latamobility.com\/senado-de-brasil-votara-ley-para-fomentar-la-descarbonizacion-del-sector-automotriz\/","url":"https:\/\/latamobility.com\/senado-de-brasil-votara-ley-para-fomentar-la-descarbonizacion-del-sector-automotriz\/","name":"Senado do Brasil votar\u00e1 lei para incentivar a descarboniza\u00e7\u00e3o do setor automotivo - Latam Mobility","isPartOf":{"@id":"https:\/\/latamobility.com\/#website"},"primaryImageOfPage":{"@id":"https:\/\/latamobility.com\/senado-de-brasil-votara-ley-para-fomentar-la-descarbonizacion-del-sector-automotriz\/#primaryimage"},"image":{"@id":"https:\/\/latamobility.com\/senado-de-brasil-votara-ley-para-fomentar-la-descarbonizacion-del-sector-automotriz\/#primaryimage"},"thumbnailUrl":"https:\/\/latamobility.com\/wp-content\/uploads\/2024\/06\/Brasil.jpg","datePublished":"2024-06-05T10:00:00+00:00","description":"O Senado do Brasil se prepara para aprovar, nesta quarta-feira, um importante projeto de lei que introduz o Programa de Mobilidade e Inova\u00e7\u00e3o Verde","breadcrumb":{"@id":"https:\/\/latamobility.com\/senado-de-brasil-votara-ley-para-fomentar-la-descarbonizacion-del-sector-automotriz\/#breadcrumb"},"inLanguage":"pt-BR","potentialAction":[{"@type":"ReadAction","target":["https:\/\/latamobility.com\/senado-de-brasil-votara-ley-para-fomentar-la-descarbonizacion-del-sector-automotriz\/"]}]},{"@type":"ImageObject","inLanguage":"pt-BR","@id":"https:\/\/latamobility.com\/senado-de-brasil-votara-ley-para-fomentar-la-descarbonizacion-del-sector-automotriz\/#primaryimage","url":"https:\/\/latamobility.com\/wp-content\/uploads\/2024\/06\/Brasil.jpg","contentUrl":"https:\/\/latamobility.com\/wp-content\/uploads\/2024\/06\/Brasil.jpg","width":1280,"height":715,"caption":"Brasil"},{"@type":"BreadcrumbList","@id":"https:\/\/latamobility.com\/senado-de-brasil-votara-ley-para-fomentar-la-descarbonizacion-del-sector-automotriz\/#breadcrumb","itemListElement":[{"@type":"ListItem","position":1,"name":"Portada","item":"https:\/\/latamobility.com\/pt-br\/"},{"@type":"ListItem","position":2,"name":"Senado do Brasil votar\u00e1 lei para incentivar a descarboniza\u00e7\u00e3o do setor automotivo"}]},{"@type":"WebSite","@id":"https:\/\/latamobility.com\/#website","url":"https:\/\/latamobility.com\/","name":"Latam Mobility","description":"Serie de Eventos para promover la Movilidad y Transporte sostenible en Latinoam\u00e9rica","publisher":{"@id":"https:\/\/latamobility.com\/#organization"},"potentialAction":[{"@type":"SearchAction","target":{"@type":"EntryPoint","urlTemplate":"https:\/\/latamobility.com\/?s={search_term_string}"},"query-input":{"@type":"PropertyValueSpecification","valueRequired":true,"valueName":"search_term_string"}}],"inLanguage":"pt-BR"},{"@type":"Organization","@id":"https:\/\/latamobility.com\/#organization","name":"LATAM MOBILITY","url":"https:\/\/latamobility.com\/","logo":{"@type":"ImageObject","inLanguage":"pt-BR","@id":"https:\/\/latamobility.com\/#\/schema\/logo\/image\/","url":"https:\/\/latamobility.com\/wp-content\/uploads\/2025\/01\/logos-LM-LG-2025-10.png","contentUrl":"https:\/\/latamobility.com\/wp-content\/uploads\/2025\/01\/logos-LM-LG-2025-10.png","width":1080,"height":1080,"caption":"LATAM MOBILITY"},"image":{"@id":"https:\/\/latamobility.com\/#\/schema\/logo\/image\/"},"sameAs":["https:\/\/www.facebook.com\/latamobility\/","https:\/\/x.com\/LataMobility","https:\/\/www.instagram.com\/latamobility\/","https:\/\/www.linkedin.com\/company\/latamobility\/","https:\/\/www.youtube.com\/channel\/UCtcslRCRY0vITWaOQ1X0XUA"]},{"@type":"Person","@id":"https:\/\/latamobility.com\/#\/schema\/person\/fda092a2de1f87d347784282908bad1a","name":"Antonio Vilela","image":{"@type":"ImageObject","inLanguage":"pt-BR","@id":"https:\/\/secure.gravatar.com\/avatar\/7eee8196fd2fda180806d7b41cd517f274d5ad3b9f65d873feb3ca7e2b3a72d2?s=96&d=mm&r=g","url":"https:\/\/secure.gravatar.com\/avatar\/7eee8196fd2fda180806d7b41cd517f274d5ad3b9f65d873feb3ca7e2b3a72d2?s=96&d=mm&r=g","contentUrl":"https:\/\/secure.gravatar.com\/avatar\/7eee8196fd2fda180806d7b41cd517f274d5ad3b9f65d873feb3ca7e2b3a72d2?s=96&d=mm&r=g","caption":"Antonio Vilela"}}]}},"_links":{"self":[{"href":"https:\/\/latamobility.com\/pt-br\/wp-json\/wp\/v2\/posts\/33377","targetHints":{"allow":["GET"]}}],"collection":[{"href":"https:\/\/latamobility.com\/pt-br\/wp-json\/wp\/v2\/posts"}],"about":[{"href":"https:\/\/latamobility.com\/pt-br\/wp-json\/wp\/v2\/types\/post"}],"author":[{"embeddable":true,"href":"https:\/\/latamobility.com\/pt-br\/wp-json\/wp\/v2\/users\/10"}],"replies":[{"embeddable":true,"href":"https:\/\/latamobility.com\/pt-br\/wp-json\/wp\/v2\/comments?post=33377"}],"version-history":[{"count":1,"href":"https:\/\/latamobility.com\/pt-br\/wp-json\/wp\/v2\/posts\/33377\/revisions"}],"predecessor-version":[{"id":33379,"href":"https:\/\/latamobility.com\/pt-br\/wp-json\/wp\/v2\/posts\/33377\/revisions\/33379"}],"wp:featuredmedia":[{"embeddable":true,"href":"https:\/\/latamobility.com\/pt-br\/wp-json\/wp\/v2\/media\/33371"}],"wp:attachment":[{"href":"https:\/\/latamobility.com\/pt-br\/wp-json\/wp\/v2\/media?parent=33377"}],"wp:term":[{"taxonomy":"category","embeddable":true,"href":"https:\/\/latamobility.com\/pt-br\/wp-json\/wp\/v2\/categories?post=33377"},{"taxonomy":"post_tag","embeddable":true,"href":"https:\/\/latamobility.com\/pt-br\/wp-json\/wp\/v2\/tags?post=33377"}],"curies":[{"name":"wp","href":"https:\/\/api.w.org\/{rel}","templated":true}]}}