{"id":34911,"date":"2024-06-26T05:20:00","date_gmt":"2024-06-26T10:20:00","guid":{"rendered":"https:\/\/latamobility.com\/?p=34911"},"modified":"2024-06-25T16:23:07","modified_gmt":"2024-06-25T21:23:07","slug":"a-importancia-do-brasil-como-referencia-em-mobilidade-sustentavel-para-a-america-latina","status":"publish","type":"post","link":"https:\/\/latamobility.com\/pt-br\/a-importancia-do-brasil-como-referencia-em-mobilidade-sustentavel-para-a-america-latina\/","title":{"rendered":"A import\u00e2ncia do Brasil como refer\u00eancia em mobilidade sustent\u00e1vel para a Am\u00e9rica Latina"},"content":{"rendered":"\n<p>Como a maior economia da Am\u00e9rica Latina e uma das na\u00e7\u00f5es mais populosas do mundo, o <strong>Brasil<\/strong> pode desempenhar um papel importante <strong>na promo\u00e7\u00e3o da mobilidade sustent\u00e1vel na regi\u00e3o.<\/strong><\/p>\n\n\n\n<p>A ado\u00e7\u00e3o de pr\u00e1ticas e tecnologias sustent\u00e1veis no transporte melhora a qualidade de vida de seus cidad\u00e3os, servindo como modelo a ser seguido por outros pa\u00edses latino-americanos, <strong>liderando a transforma\u00e7\u00e3o na Am\u00e9rica Latina.<\/strong><\/p>\n\n\n\n<p>Agora, uma das principais raz\u00f5es para assumir essa lideran\u00e7a \u00e9 <strong>sua capacidade de influenciar as pol\u00edticas regionai<\/strong>s, pois as iniciativas bem-sucedidas em mobilidade sustent\u00e1vel podem ser replicadas em outras partes da Am\u00e9rica Latina.<\/p>\n\n\n\n<p><strong>Conte\u00fado relacionado: <\/strong><a href=\"https:\/\/latamobility.com\/pt-br\/brasil-emprega-experiencia-de-portugal-no-desenvolvimento-de-estradas-com-tecnologia-sustentavel\/\"><strong>Brasil emprega a experi\u00eancia de Portugal no desenvolvimento de estradas com tecnologia sustent\u00e1vel<\/strong><\/a><\/p>\n\n\n<div class=\"wp-block-image\">\n<figure class=\"aligncenter size-full\"><img fetchpriority=\"high\" decoding=\"async\" width=\"612\" height=\"408\" src=\"https:\/\/latamobility.com\/wp-content\/uploads\/2024\/06\/istockphoto-1789103042-612x612-1.jpg\" alt=\"\" class=\"wp-image-34905\" srcset=\"https:\/\/latamobility.com\/wp-content\/uploads\/2024\/06\/istockphoto-1789103042-612x612-1.jpg 612w, https:\/\/latamobility.com\/wp-content\/uploads\/2024\/06\/istockphoto-1789103042-612x612-1-300x200.jpg 300w\" sizes=\"(max-width: 612px) 100vw, 612px\" \/><\/figure>\n<\/div>\n\n\n<p>Al\u00e9m disso, <strong>o Brasil conta com um amplo repert\u00f3rio de recursos naturais e tecnol\u00f3gicos<\/strong> que facilitam a implementa\u00e7\u00e3o de solu\u00e7\u00f5es inovadoras no transporte.<\/p>\n\n\n\n<h2 class=\"wp-block-heading\" id=\"h-brasil-a-frente-da-transicao\">Brasil \u00e0 frente da transi\u00e7\u00e3o<\/h2>\n\n\n\n<p>A transi\u00e7\u00e3o para a mobilidade sustent\u00e1vel no<strong> Brasil tamb\u00e9m \u00e9 vital para reduzir as emiss\u00f5es<\/strong> de gases de efeito estufa, pois a ado\u00e7\u00e3o de ve\u00edculos el\u00e9tricos pode diminuir significativamente sua pegada de carbono.<\/p>\n\n\n\n<p>Por outro lado, esse desenvolvimento resulta na cria\u00e7\u00e3o de uma infraestrutura de mobilidade sustent\u00e1vel no Brasil que pode gerar importantes oportunidades econ\u00f4micas com empregos verdes, investimentos em novas tecnologias e<strong> fortalecimento do setor manufatureiro local.<\/strong><\/p>\n\n\n\n<p>Finalmente, a mobilidade sustent\u00e1vel no Brasil pode servir como uma ferramenta de justi\u00e7a social ao melhorar o acesso ao transporte limpo, resultando <strong>na diminui\u00e7\u00e3o das desigualdades e melhorando a qualidade de vida<\/strong> das comunidades mais vulner\u00e1veis.<\/p>\n\n\n\n<figure class=\"wp-block-image size-full\"><img decoding=\"async\" width=\"1024\" height=\"572\" src=\"https:\/\/latamobility.com\/wp-content\/uploads\/2024\/03\/LM1.jpg\" alt=\"\" class=\"wp-image-30422\" srcset=\"https:\/\/latamobility.com\/wp-content\/uploads\/2024\/03\/LM1.jpg 1024w, https:\/\/latamobility.com\/wp-content\/uploads\/2024\/03\/LM1-300x168.jpg 300w, https:\/\/latamobility.com\/wp-content\/uploads\/2024\/03\/LM1-768x429.jpg 768w, https:\/\/latamobility.com\/wp-content\/uploads\/2024\/03\/LM1-600x335.jpg 600w\" sizes=\"(max-width: 1024px) 100vw, 1024px\" \/><\/figure>\n\n\n\n<h2 class=\"wp-block-heading\" id=\"h-latam-mobility-amp-net-zero-brasil-2024\">Latam Mobility &amp; Net Zero Brasil 2024<\/h2>\n\n\n\n<p>O <strong>Latam Mobility &amp; Net Zero Brasil 2024 <\/strong>reunir\u00e1 l\u00edderes da mobilidade sustent\u00e1vel da Am\u00e9rica Latina em um s\u00f3 lugar, tudo com o objetivo de mostrar os avan\u00e7os em mat\u00e9ria de ve\u00edculos el\u00e9tricos, assim como as perspectivas do setor, infraestruturas de carregamento, inova\u00e7\u00f5es tecnol\u00f3gicas e muito mais.<\/p>\n\n\n\n<p>O evento ser\u00e1 realizado de<strong> 1 a 2 de julho em Villa Blue Tree, S\u00e3o Paulo, Brasil<\/strong>, como uma plataforma que surge como resposta \u00e0 crescente necessidade de promover a mobilidade sustent\u00e1vel na Am\u00e9rica Latina com avan\u00e7o em dire\u00e7\u00e3o a uma abordagem integral que construa uma rede s\u00f3lida de<strong> ve\u00edculos eletrificados na regi\u00e3o.<\/strong><\/p>\n\n\n\n<p>Para se inscrever, clique <strong><a href=\"https:\/\/live.eventtia.com\/es\/latammobilitybrasil2024\/HOME\">aqui<\/a><\/strong>.<\/p>\n\n\n\n<p>Se deseja mais informa\u00e7\u00f5es sobre como participar e op\u00e7\u00f5es de posicionamento, envie um e-mail para <strong><a href=\"mailto:info@investinlatam.org\">info@investinlatam.org<\/a><\/strong>.<\/p>\n","protected":false},"excerpt":{"rendered":"<p>Como a maior economia da Am\u00e9rica Latina e uma das na\u00e7\u00f5es mais populosas do mundo, o Brasil pode desempenhar um papel importante na promo\u00e7\u00e3o da mobilidade sustent\u00e1vel na regi\u00e3o. A ado\u00e7\u00e3o de pr\u00e1ticas e tecnologias sustent\u00e1veis no transporte melhora a qualidade de vida de seus cidad\u00e3os, servindo como modelo a ser seguido por outros pa\u00edses&#8230;<\/p>\n","protected":false},"author":10,"featured_media":34904,"comment_status":"open","ping_status":"closed","sticky":false,"template":"","format":"standard","meta":{"_kad_post_transparent":"","_kad_post_title":"","_kad_post_layout":"","_kad_post_sidebar_id":"","_kad_post_content_style":"","_kad_post_vertical_padding":"","_kad_post_feature":"","_kad_post_feature_position":"","_kad_post_header":false,"_kad_post_footer":false,"_kad_post_classname":"","footnotes":""},"categories":[2356],"tags":[2358,2359,2357],"class_list":["post-34911","post","type-post","status-publish","format-standard","has-post-thumbnail","hentry","category-movilidad-electrica-pt-br","tag-electromovilidad-pt-br","tag-movilidad-electrica-pt-br","tag-movilidad-sostenible-pt-br"],"yoast_head":"<!-- This site is optimized with the Yoast SEO Premium plugin v22.7 (Yoast SEO v27.4) - https:\/\/yoast.com\/product\/yoast-seo-premium-wordpress\/ -->\n<title>A import\u00e2ncia do Brasil como refer\u00eancia em mobilidade sustent\u00e1vel para a Am\u00e9rica Latina - Latam Mobility<\/title>\n<meta name=\"description\" content=\"Como a maior economia da Am\u00e9rica Latina e uma das na\u00e7\u00f5es mais populosas do mundo, o Brasil pode desempenhar um papel importante na promo\u00e7\u00e3o da mobilidade\" \/>\n<meta name=\"robots\" content=\"index, follow, max-snippet:-1, max-image-preview:large, max-video-preview:-1\" \/>\n<link rel=\"canonical\" href=\"https:\/\/latamobility.com\/importancia-de-brasil-como-referente-en-movilidad-sostenible-para-latinoamerica\/\" \/>\n<meta property=\"og:locale\" content=\"pt_BR\" \/>\n<meta property=\"og:type\" content=\"article\" \/>\n<meta property=\"og:title\" content=\"A import\u00e2ncia do Brasil como refer\u00eancia em mobilidade sustent\u00e1vel para a Am\u00e9rica Latina\" \/>\n<meta property=\"og:description\" content=\"Como a maior economia da Am\u00e9rica Latina e uma das na\u00e7\u00f5es mais populosas do mundo, o Brasil pode desempenhar um papel importante na promo\u00e7\u00e3o da mobilidade\" \/>\n<meta property=\"og:url\" content=\"https:\/\/latamobility.com\/importancia-de-brasil-como-referente-en-movilidad-sostenible-para-latinoamerica\/\" \/>\n<meta property=\"og:site_name\" content=\"Latam Mobility\" \/>\n<meta property=\"article:publisher\" content=\"https:\/\/www.facebook.com\/latamobility\/\" \/>\n<meta property=\"article:published_time\" content=\"2024-06-26T10:20:00+00:00\" \/>\n<meta property=\"og:image\" content=\"https:\/\/latamobility.com\/wp-content\/uploads\/2024\/06\/Brasil-1.jpg\" \/>\n\t<meta property=\"og:image:width\" content=\"1280\" \/>\n\t<meta property=\"og:image:height\" content=\"715\" \/>\n\t<meta property=\"og:image:type\" content=\"image\/jpeg\" \/>\n<meta name=\"author\" content=\"Antonio Vilela\" \/>\n<meta name=\"twitter:card\" content=\"summary_large_image\" \/>\n<meta name=\"twitter:creator\" content=\"@LataMobility\" \/>\n<meta name=\"twitter:site\" content=\"@LataMobility\" \/>\n<meta name=\"twitter:label1\" content=\"Escrito por\" \/>\n\t<meta name=\"twitter:data1\" content=\"Antonio Vilela\" \/>\n\t<meta name=\"twitter:label2\" content=\"Est. tempo de leitura\" \/>\n\t<meta name=\"twitter:data2\" content=\"2 minutos\" \/>\n<script type=\"application\/ld+json\" class=\"yoast-schema-graph\">{\"@context\":\"https:\\\/\\\/schema.org\",\"@graph\":[{\"@type\":\"Article\",\"@id\":\"https:\\\/\\\/latamobility.com\\\/importancia-de-brasil-como-referente-en-movilidad-sostenible-para-latinoamerica\\\/#article\",\"isPartOf\":{\"@id\":\"https:\\\/\\\/latamobility.com\\\/importancia-de-brasil-como-referente-en-movilidad-sostenible-para-latinoamerica\\\/\"},\"author\":{\"name\":\"Antonio Vilela\",\"@id\":\"https:\\\/\\\/latamobility.com\\\/#\\\/schema\\\/person\\\/fda092a2de1f87d347784282908bad1a\"},\"headline\":\"A import\u00e2ncia do Brasil como refer\u00eancia em mobilidade sustent\u00e1vel para a Am\u00e9rica Latina\",\"datePublished\":\"2024-06-26T10:20:00+00:00\",\"mainEntityOfPage\":{\"@id\":\"https:\\\/\\\/latamobility.com\\\/importancia-de-brasil-como-referente-en-movilidad-sostenible-para-latinoamerica\\\/\"},\"wordCount\":440,\"commentCount\":0,\"publisher\":{\"@id\":\"https:\\\/\\\/latamobility.com\\\/#organization\"},\"image\":{\"@id\":\"https:\\\/\\\/latamobility.com\\\/importancia-de-brasil-como-referente-en-movilidad-sostenible-para-latinoamerica\\\/#primaryimage\"},\"thumbnailUrl\":\"https:\\\/\\\/latamobility.com\\\/wp-content\\\/uploads\\\/2024\\\/06\\\/Brasil-1.jpg\",\"keywords\":[\"electromovilidad\",\"Movilidad el\u00e9ctrica\",\"Movilidad Sostenible\"],\"articleSection\":[\"Movilidad el\u00e9ctrica\"],\"inLanguage\":\"pt-BR\",\"potentialAction\":[{\"@type\":\"CommentAction\",\"name\":\"Comment\",\"target\":[\"https:\\\/\\\/latamobility.com\\\/importancia-de-brasil-como-referente-en-movilidad-sostenible-para-latinoamerica\\\/#respond\"]}]},{\"@type\":\"WebPage\",\"@id\":\"https:\\\/\\\/latamobility.com\\\/importancia-de-brasil-como-referente-en-movilidad-sostenible-para-latinoamerica\\\/\",\"url\":\"https:\\\/\\\/latamobility.com\\\/importancia-de-brasil-como-referente-en-movilidad-sostenible-para-latinoamerica\\\/\",\"name\":\"A import\u00e2ncia do Brasil como refer\u00eancia em mobilidade sustent\u00e1vel para a Am\u00e9rica Latina - Latam Mobility\",\"isPartOf\":{\"@id\":\"https:\\\/\\\/latamobility.com\\\/#website\"},\"primaryImageOfPage\":{\"@id\":\"https:\\\/\\\/latamobility.com\\\/importancia-de-brasil-como-referente-en-movilidad-sostenible-para-latinoamerica\\\/#primaryimage\"},\"image\":{\"@id\":\"https:\\\/\\\/latamobility.com\\\/importancia-de-brasil-como-referente-en-movilidad-sostenible-para-latinoamerica\\\/#primaryimage\"},\"thumbnailUrl\":\"https:\\\/\\\/latamobility.com\\\/wp-content\\\/uploads\\\/2024\\\/06\\\/Brasil-1.jpg\",\"datePublished\":\"2024-06-26T10:20:00+00:00\",\"description\":\"Como a maior economia da Am\u00e9rica Latina e uma das na\u00e7\u00f5es mais populosas do mundo, o Brasil pode desempenhar um papel importante na promo\u00e7\u00e3o da mobilidade\",\"breadcrumb\":{\"@id\":\"https:\\\/\\\/latamobility.com\\\/importancia-de-brasil-como-referente-en-movilidad-sostenible-para-latinoamerica\\\/#breadcrumb\"},\"inLanguage\":\"pt-BR\",\"potentialAction\":[{\"@type\":\"ReadAction\",\"target\":[\"https:\\\/\\\/latamobility.com\\\/importancia-de-brasil-como-referente-en-movilidad-sostenible-para-latinoamerica\\\/\"]}]},{\"@type\":\"ImageObject\",\"inLanguage\":\"pt-BR\",\"@id\":\"https:\\\/\\\/latamobility.com\\\/importancia-de-brasil-como-referente-en-movilidad-sostenible-para-latinoamerica\\\/#primaryimage\",\"url\":\"https:\\\/\\\/latamobility.com\\\/wp-content\\\/uploads\\\/2024\\\/06\\\/Brasil-1.jpg\",\"contentUrl\":\"https:\\\/\\\/latamobility.com\\\/wp-content\\\/uploads\\\/2024\\\/06\\\/Brasil-1.jpg\",\"width\":1280,\"height\":715,\"caption\":\"Brasil\"},{\"@type\":\"BreadcrumbList\",\"@id\":\"https:\\\/\\\/latamobility.com\\\/importancia-de-brasil-como-referente-en-movilidad-sostenible-para-latinoamerica\\\/#breadcrumb\",\"itemListElement\":[{\"@type\":\"ListItem\",\"position\":1,\"name\":\"Portada\",\"item\":\"https:\\\/\\\/latamobility.com\\\/pt-br\\\/\"},{\"@type\":\"ListItem\",\"position\":2,\"name\":\"A import\u00e2ncia do Brasil como refer\u00eancia em mobilidade sustent\u00e1vel para a Am\u00e9rica Latina\"}]},{\"@type\":\"WebSite\",\"@id\":\"https:\\\/\\\/latamobility.com\\\/#website\",\"url\":\"https:\\\/\\\/latamobility.com\\\/\",\"name\":\"Latam Mobility\",\"description\":\"Serie de Eventos para promover la Movilidad y Transporte sostenible en Latinoam\u00e9rica\",\"publisher\":{\"@id\":\"https:\\\/\\\/latamobility.com\\\/#organization\"},\"potentialAction\":[{\"@type\":\"SearchAction\",\"target\":{\"@type\":\"EntryPoint\",\"urlTemplate\":\"https:\\\/\\\/latamobility.com\\\/?s={search_term_string}\"},\"query-input\":{\"@type\":\"PropertyValueSpecification\",\"valueRequired\":true,\"valueName\":\"search_term_string\"}}],\"inLanguage\":\"pt-BR\"},{\"@type\":\"Organization\",\"@id\":\"https:\\\/\\\/latamobility.com\\\/#organization\",\"name\":\"LATAM MOBILITY\",\"url\":\"https:\\\/\\\/latamobility.com\\\/\",\"logo\":{\"@type\":\"ImageObject\",\"inLanguage\":\"pt-BR\",\"@id\":\"https:\\\/\\\/latamobility.com\\\/#\\\/schema\\\/logo\\\/image\\\/\",\"url\":\"https:\\\/\\\/latamobility.com\\\/wp-content\\\/uploads\\\/2025\\\/01\\\/logos-LM-LG-2025-10.png\",\"contentUrl\":\"https:\\\/\\\/latamobility.com\\\/wp-content\\\/uploads\\\/2025\\\/01\\\/logos-LM-LG-2025-10.png\",\"width\":1080,\"height\":1080,\"caption\":\"LATAM MOBILITY\"},\"image\":{\"@id\":\"https:\\\/\\\/latamobility.com\\\/#\\\/schema\\\/logo\\\/image\\\/\"},\"sameAs\":[\"https:\\\/\\\/www.facebook.com\\\/latamobility\\\/\",\"https:\\\/\\\/x.com\\\/LataMobility\",\"https:\\\/\\\/www.instagram.com\\\/latamobility\\\/\",\"https:\\\/\\\/www.linkedin.com\\\/company\\\/latamobility\\\/\",\"https:\\\/\\\/www.youtube.com\\\/channel\\\/UCtcslRCRY0vITWaOQ1X0XUA\"]},{\"@type\":\"Person\",\"@id\":\"https:\\\/\\\/latamobility.com\\\/#\\\/schema\\\/person\\\/fda092a2de1f87d347784282908bad1a\",\"name\":\"Antonio Vilela\",\"image\":{\"@type\":\"ImageObject\",\"inLanguage\":\"pt-BR\",\"@id\":\"https:\\\/\\\/secure.gravatar.com\\\/avatar\\\/7eee8196fd2fda180806d7b41cd517f274d5ad3b9f65d873feb3ca7e2b3a72d2?s=96&d=mm&r=g\",\"url\":\"https:\\\/\\\/secure.gravatar.com\\\/avatar\\\/7eee8196fd2fda180806d7b41cd517f274d5ad3b9f65d873feb3ca7e2b3a72d2?s=96&d=mm&r=g\",\"contentUrl\":\"https:\\\/\\\/secure.gravatar.com\\\/avatar\\\/7eee8196fd2fda180806d7b41cd517f274d5ad3b9f65d873feb3ca7e2b3a72d2?s=96&d=mm&r=g\",\"caption\":\"Antonio Vilela\"}}]}<\/script>\n<!-- \/ Yoast SEO Premium plugin. -->","yoast_head_json":{"title":"A import\u00e2ncia do Brasil como refer\u00eancia em mobilidade sustent\u00e1vel para a Am\u00e9rica Latina - Latam Mobility","description":"Como a maior economia da Am\u00e9rica Latina e uma das na\u00e7\u00f5es mais populosas do mundo, o Brasil pode desempenhar um papel importante na promo\u00e7\u00e3o da mobilidade","robots":{"index":"index","follow":"follow","max-snippet":"max-snippet:-1","max-image-preview":"max-image-preview:large","max-video-preview":"max-video-preview:-1"},"canonical":"https:\/\/latamobility.com\/importancia-de-brasil-como-referente-en-movilidad-sostenible-para-latinoamerica\/","og_locale":"pt_BR","og_type":"article","og_title":"A import\u00e2ncia do Brasil como refer\u00eancia em mobilidade sustent\u00e1vel para a Am\u00e9rica Latina","og_description":"Como a maior economia da Am\u00e9rica Latina e uma das na\u00e7\u00f5es mais populosas do mundo, o Brasil pode desempenhar um papel importante na promo\u00e7\u00e3o da mobilidade","og_url":"https:\/\/latamobility.com\/importancia-de-brasil-como-referente-en-movilidad-sostenible-para-latinoamerica\/","og_site_name":"Latam Mobility","article_publisher":"https:\/\/www.facebook.com\/latamobility\/","article_published_time":"2024-06-26T10:20:00+00:00","og_image":[{"width":1280,"height":715,"url":"https:\/\/latamobility.com\/wp-content\/uploads\/2024\/06\/Brasil-1.jpg","type":"image\/jpeg"}],"author":"Antonio Vilela","twitter_card":"summary_large_image","twitter_creator":"@LataMobility","twitter_site":"@LataMobility","twitter_misc":{"Escrito por":"Antonio Vilela","Est. tempo de leitura":"2 minutos"},"schema":{"@context":"https:\/\/schema.org","@graph":[{"@type":"Article","@id":"https:\/\/latamobility.com\/importancia-de-brasil-como-referente-en-movilidad-sostenible-para-latinoamerica\/#article","isPartOf":{"@id":"https:\/\/latamobility.com\/importancia-de-brasil-como-referente-en-movilidad-sostenible-para-latinoamerica\/"},"author":{"name":"Antonio Vilela","@id":"https:\/\/latamobility.com\/#\/schema\/person\/fda092a2de1f87d347784282908bad1a"},"headline":"A import\u00e2ncia do Brasil como refer\u00eancia em mobilidade sustent\u00e1vel para a Am\u00e9rica Latina","datePublished":"2024-06-26T10:20:00+00:00","mainEntityOfPage":{"@id":"https:\/\/latamobility.com\/importancia-de-brasil-como-referente-en-movilidad-sostenible-para-latinoamerica\/"},"wordCount":440,"commentCount":0,"publisher":{"@id":"https:\/\/latamobility.com\/#organization"},"image":{"@id":"https:\/\/latamobility.com\/importancia-de-brasil-como-referente-en-movilidad-sostenible-para-latinoamerica\/#primaryimage"},"thumbnailUrl":"https:\/\/latamobility.com\/wp-content\/uploads\/2024\/06\/Brasil-1.jpg","keywords":["electromovilidad","Movilidad el\u00e9ctrica","Movilidad Sostenible"],"articleSection":["Movilidad el\u00e9ctrica"],"inLanguage":"pt-BR","potentialAction":[{"@type":"CommentAction","name":"Comment","target":["https:\/\/latamobility.com\/importancia-de-brasil-como-referente-en-movilidad-sostenible-para-latinoamerica\/#respond"]}]},{"@type":"WebPage","@id":"https:\/\/latamobility.com\/importancia-de-brasil-como-referente-en-movilidad-sostenible-para-latinoamerica\/","url":"https:\/\/latamobility.com\/importancia-de-brasil-como-referente-en-movilidad-sostenible-para-latinoamerica\/","name":"A import\u00e2ncia do Brasil como refer\u00eancia em mobilidade sustent\u00e1vel para a Am\u00e9rica Latina - Latam Mobility","isPartOf":{"@id":"https:\/\/latamobility.com\/#website"},"primaryImageOfPage":{"@id":"https:\/\/latamobility.com\/importancia-de-brasil-como-referente-en-movilidad-sostenible-para-latinoamerica\/#primaryimage"},"image":{"@id":"https:\/\/latamobility.com\/importancia-de-brasil-como-referente-en-movilidad-sostenible-para-latinoamerica\/#primaryimage"},"thumbnailUrl":"https:\/\/latamobility.com\/wp-content\/uploads\/2024\/06\/Brasil-1.jpg","datePublished":"2024-06-26T10:20:00+00:00","description":"Como a maior economia da Am\u00e9rica Latina e uma das na\u00e7\u00f5es mais populosas do mundo, o Brasil pode desempenhar um papel importante na promo\u00e7\u00e3o da mobilidade","breadcrumb":{"@id":"https:\/\/latamobility.com\/importancia-de-brasil-como-referente-en-movilidad-sostenible-para-latinoamerica\/#breadcrumb"},"inLanguage":"pt-BR","potentialAction":[{"@type":"ReadAction","target":["https:\/\/latamobility.com\/importancia-de-brasil-como-referente-en-movilidad-sostenible-para-latinoamerica\/"]}]},{"@type":"ImageObject","inLanguage":"pt-BR","@id":"https:\/\/latamobility.com\/importancia-de-brasil-como-referente-en-movilidad-sostenible-para-latinoamerica\/#primaryimage","url":"https:\/\/latamobility.com\/wp-content\/uploads\/2024\/06\/Brasil-1.jpg","contentUrl":"https:\/\/latamobility.com\/wp-content\/uploads\/2024\/06\/Brasil-1.jpg","width":1280,"height":715,"caption":"Brasil"},{"@type":"BreadcrumbList","@id":"https:\/\/latamobility.com\/importancia-de-brasil-como-referente-en-movilidad-sostenible-para-latinoamerica\/#breadcrumb","itemListElement":[{"@type":"ListItem","position":1,"name":"Portada","item":"https:\/\/latamobility.com\/pt-br\/"},{"@type":"ListItem","position":2,"name":"A import\u00e2ncia do Brasil como refer\u00eancia em mobilidade sustent\u00e1vel para a Am\u00e9rica Latina"}]},{"@type":"WebSite","@id":"https:\/\/latamobility.com\/#website","url":"https:\/\/latamobility.com\/","name":"Latam Mobility","description":"Serie de Eventos para promover la Movilidad y Transporte sostenible en Latinoam\u00e9rica","publisher":{"@id":"https:\/\/latamobility.com\/#organization"},"potentialAction":[{"@type":"SearchAction","target":{"@type":"EntryPoint","urlTemplate":"https:\/\/latamobility.com\/?s={search_term_string}"},"query-input":{"@type":"PropertyValueSpecification","valueRequired":true,"valueName":"search_term_string"}}],"inLanguage":"pt-BR"},{"@type":"Organization","@id":"https:\/\/latamobility.com\/#organization","name":"LATAM MOBILITY","url":"https:\/\/latamobility.com\/","logo":{"@type":"ImageObject","inLanguage":"pt-BR","@id":"https:\/\/latamobility.com\/#\/schema\/logo\/image\/","url":"https:\/\/latamobility.com\/wp-content\/uploads\/2025\/01\/logos-LM-LG-2025-10.png","contentUrl":"https:\/\/latamobility.com\/wp-content\/uploads\/2025\/01\/logos-LM-LG-2025-10.png","width":1080,"height":1080,"caption":"LATAM MOBILITY"},"image":{"@id":"https:\/\/latamobility.com\/#\/schema\/logo\/image\/"},"sameAs":["https:\/\/www.facebook.com\/latamobility\/","https:\/\/x.com\/LataMobility","https:\/\/www.instagram.com\/latamobility\/","https:\/\/www.linkedin.com\/company\/latamobility\/","https:\/\/www.youtube.com\/channel\/UCtcslRCRY0vITWaOQ1X0XUA"]},{"@type":"Person","@id":"https:\/\/latamobility.com\/#\/schema\/person\/fda092a2de1f87d347784282908bad1a","name":"Antonio Vilela","image":{"@type":"ImageObject","inLanguage":"pt-BR","@id":"https:\/\/secure.gravatar.com\/avatar\/7eee8196fd2fda180806d7b41cd517f274d5ad3b9f65d873feb3ca7e2b3a72d2?s=96&d=mm&r=g","url":"https:\/\/secure.gravatar.com\/avatar\/7eee8196fd2fda180806d7b41cd517f274d5ad3b9f65d873feb3ca7e2b3a72d2?s=96&d=mm&r=g","contentUrl":"https:\/\/secure.gravatar.com\/avatar\/7eee8196fd2fda180806d7b41cd517f274d5ad3b9f65d873feb3ca7e2b3a72d2?s=96&d=mm&r=g","caption":"Antonio Vilela"}}]}},"_links":{"self":[{"href":"https:\/\/latamobility.com\/pt-br\/wp-json\/wp\/v2\/posts\/34911","targetHints":{"allow":["GET"]}}],"collection":[{"href":"https:\/\/latamobility.com\/pt-br\/wp-json\/wp\/v2\/posts"}],"about":[{"href":"https:\/\/latamobility.com\/pt-br\/wp-json\/wp\/v2\/types\/post"}],"author":[{"embeddable":true,"href":"https:\/\/latamobility.com\/pt-br\/wp-json\/wp\/v2\/users\/10"}],"replies":[{"embeddable":true,"href":"https:\/\/latamobility.com\/pt-br\/wp-json\/wp\/v2\/comments?post=34911"}],"version-history":[{"count":3,"href":"https:\/\/latamobility.com\/pt-br\/wp-json\/wp\/v2\/posts\/34911\/revisions"}],"predecessor-version":[{"id":35041,"href":"https:\/\/latamobility.com\/pt-br\/wp-json\/wp\/v2\/posts\/34911\/revisions\/35041"}],"wp:featuredmedia":[{"embeddable":true,"href":"https:\/\/latamobility.com\/pt-br\/wp-json\/wp\/v2\/media\/34904"}],"wp:attachment":[{"href":"https:\/\/latamobility.com\/pt-br\/wp-json\/wp\/v2\/media?parent=34911"}],"wp:term":[{"taxonomy":"category","embeddable":true,"href":"https:\/\/latamobility.com\/pt-br\/wp-json\/wp\/v2\/categories?post=34911"},{"taxonomy":"post_tag","embeddable":true,"href":"https:\/\/latamobility.com\/pt-br\/wp-json\/wp\/v2\/tags?post=34911"}],"curies":[{"name":"wp","href":"https:\/\/api.w.org\/{rel}","templated":true}]}}