{"id":34961,"date":"2024-06-25T05:10:00","date_gmt":"2024-06-25T10:10:00","guid":{"rendered":"https:\/\/latamobility.com\/?p=34961"},"modified":"2024-06-24T17:41:03","modified_gmt":"2024-06-24T22:41:03","slug":"espanha-defende-a-colaboracao-publico-privada-com-o-brasil-em-mobilidade-sustentavel","status":"publish","type":"post","link":"https:\/\/latamobility.com\/pt-br\/espanha-defende-a-colaboracao-publico-privada-com-o-brasil-em-mobilidade-sustentavel\/","title":{"rendered":"Espanha Defende a Colabora\u00e7\u00e3o P\u00fablico-Privada com o Brasil em Mobilidade Sustent\u00e1vel"},"content":{"rendered":"\n<p><strong>Espanha e Brasil <\/strong>est\u00e3o fortalecendo sua colabora\u00e7\u00e3o no campo da mobilidade sustent\u00e1vel atrav\u00e9s de parcerias p\u00fablico-privadas, como compartilhou o presidente espanhol, <strong>Pedro S\u00e1nchez,<\/strong> durante sua visita \u00e0s obras do <strong>metr\u00f4 de S\u00e3o Paulo<\/strong>, em mar\u00e7o.<\/p>\n\n\n\n<p>Esta iniciativa est\u00e1 sendo realizada pela<strong> empresa espanhola Acciona<\/strong>, onde S\u00e1nchez destacou a import\u00e2ncia dessas colabora\u00e7\u00f5es para avan\u00e7ar em dire\u00e7\u00e3o a um modelo de cidade mais sustent\u00e1vel.<\/p>\n\n\n\n<p>Assim, <strong>o metr\u00f4 de S\u00e3o Paulo<\/strong> se tornou um s\u00edmbolo da coopera\u00e7\u00e3o bem-sucedida entre os dois pa\u00edses. Segundo S\u00e1nchez, este projeto representa um avan\u00e7o em termos de infraestrutura urbana, refletindo a capacidade das empresas espanholas de oferecer solu\u00e7\u00f5es tecnol\u00f3gicas avan\u00e7adas e sustent\u00e1veis.<\/p>\n\n\n\n<p><strong>Conte\u00fado relacionado<\/strong>: <a href=\"https:\/\/latamobility.com\/pt-br\/em-julho-sao-paulo-abrira-suas-portas-para-o-latam-mobility-net-zero-day-brazil-2024\/\"><strong>Em julho, S\u00e3o Paulo abrir\u00e1 suas portas para o &#8220;Latam Mobility &amp; Net Zero Day Brasil 2024&#8221;<\/strong><\/a><\/p>\n\n\n\n<figure class=\"wp-block-image size-large\"><img fetchpriority=\"high\" decoding=\"async\" width=\"1024\" height=\"572\" src=\"https:\/\/latamobility.com\/wp-content\/uploads\/2024\/06\/Pedro-Sanchez-1-1024x572.jpg\" alt=\"\" class=\"wp-image-34955\" srcset=\"https:\/\/latamobility.com\/wp-content\/uploads\/2024\/06\/Pedro-Sanchez-1-1024x572.jpg 1024w, https:\/\/latamobility.com\/wp-content\/uploads\/2024\/06\/Pedro-Sanchez-1-300x168.jpg 300w, https:\/\/latamobility.com\/wp-content\/uploads\/2024\/06\/Pedro-Sanchez-1-768x429.jpg 768w, https:\/\/latamobility.com\/wp-content\/uploads\/2024\/06\/Pedro-Sanchez-1.jpg 1280w\" sizes=\"(max-width: 1024px) 100vw, 1024px\" \/><figcaption class=\"wp-element-caption\"><em>Pedro S\u00e1nchez (Pool Moncloa \/ Fernando Calvo)<\/em><\/figcaption><\/figure>\n\n\n\n<h2 class=\"wp-block-heading\" id=\"h-brasil-com-a-ajuda-da-espanha\">Brasil com a Ajuda da Espanha<\/h2>\n\n\n\n<p><strong>O trabalho da Acciona no Brasil,<\/strong> que remonta a 1997, demonstra a presen\u00e7a e o impacto positivo das empresas espanholas em setores-chave do desenvolvimento brasileiro. Al\u00e9m disso, S\u00e1nchez afirmou que a Espanha se posiciona como um dos parceiros econ\u00f4micos mais confi\u00e1veis e destacados do Brasil.<\/p>\n\n\n\n<p>Tudo isso deixa <strong>Espanha e Brasil lan\u00e7ando as bases <\/strong>para um futuro mais verde e eficiente, promovendo o uso de tecnologias limpas e solu\u00e7\u00f5es inovadoras na infraestrutura de transporte urbano.<\/p>\n\n\n\n<p>&#8220;Esta obra vai ser muito transformadora para a cidade de S\u00e3o Paulo, por suas dimens\u00f5es f\u00edsicas impressionantes, pela magnitude do desafio tecnol\u00f3gico que representa, mas acima de tudo por sua qualidade humana e pela melhoria de vida que vai trazer para milh\u00f5es de pessoas desta cidade&#8221;, <strong>afirmou S\u00e1nchez.<\/strong><\/p>\n\n\n\n<figure class=\"wp-block-image size-full\"><img decoding=\"async\" width=\"1024\" height=\"572\" src=\"https:\/\/latamobility.com\/wp-content\/uploads\/2024\/03\/LM1.jpg\" alt=\"Brasil\" class=\"wp-image-30422\" srcset=\"https:\/\/latamobility.com\/wp-content\/uploads\/2024\/03\/LM1.jpg 1024w, https:\/\/latamobility.com\/wp-content\/uploads\/2024\/03\/LM1-300x168.jpg 300w, https:\/\/latamobility.com\/wp-content\/uploads\/2024\/03\/LM1-768x429.jpg 768w, https:\/\/latamobility.com\/wp-content\/uploads\/2024\/03\/LM1-600x335.jpg 600w\" sizes=\"(max-width: 1024px) 100vw, 1024px\" \/><\/figure>\n\n\n\n<h2 class=\"wp-block-heading\" id=\"h-latam-mobility-amp-net-zero-brasil-2024\">Latam Mobility &amp; Net Zero Brasil 2024<\/h2>\n\n\n\n<p>O <strong>Latam Mobility &amp; Net Zero Brasil 2024 <\/strong>reunir\u00e1 l\u00edderes da mobilidade sustent\u00e1vel da Am\u00e9rica Latina em um s\u00f3 lugar, tudo com o objetivo de mostrar os avan\u00e7os em mat\u00e9ria de ve\u00edculos el\u00e9tricos, assim como as perspectivas do setor, infraestruturas de carregamento, inova\u00e7\u00f5es tecnol\u00f3gicas e muito mais.<\/p>\n\n\n\n<p>O evento ser\u00e1 realizado de<strong> 1 a 2 de julho em Villa Blue Tree, S\u00e3o Paulo, Brasil<\/strong>, como uma plataforma que surge como resposta \u00e0 crescente necessidade de promover a mobilidade sustent\u00e1vel na Am\u00e9rica Latina com avan\u00e7o em dire\u00e7\u00e3o a uma abordagem integral que construa uma rede s\u00f3lida de<strong> ve\u00edculos eletrificados na regi\u00e3o.<\/strong><\/p>\n\n\n\n<p>Para se inscrever, clique <strong><a href=\"https:\/\/live.eventtia.com\/es\/latammobilitybrasil2024\/HOME\">aqui<\/a><\/strong>.<\/p>\n\n\n\n<p>Se deseja mais informa\u00e7\u00f5es sobre como participar e op\u00e7\u00f5es de posicionamento, envie um e-mail para <strong><a href=\"mailto:info@investinlatam.org\">info@investinlatam.org<\/a><\/strong>.<\/p>\n","protected":false},"excerpt":{"rendered":"<p>Espanha e Brasil est\u00e3o fortalecendo sua colabora\u00e7\u00e3o no campo da mobilidade sustent\u00e1vel atrav\u00e9s de parcerias p\u00fablico-privadas, como compartilhou o presidente espanhol, Pedro S\u00e1nchez, durante sua visita \u00e0s obras do metr\u00f4 de S\u00e3o Paulo, em mar\u00e7o. Esta iniciativa est\u00e1 sendo realizada pela empresa espanhola Acciona, onde S\u00e1nchez destacou a import\u00e2ncia dessas colabora\u00e7\u00f5es para avan\u00e7ar em dire\u00e7\u00e3o&#8230;<\/p>\n","protected":false},"author":10,"featured_media":34953,"comment_status":"open","ping_status":"closed","sticky":false,"template":"","format":"standard","meta":{"_kad_post_transparent":"","_kad_post_title":"","_kad_post_layout":"","_kad_post_sidebar_id":"","_kad_post_content_style":"","_kad_post_vertical_padding":"","_kad_post_feature":"","_kad_post_feature_position":"","_kad_post_header":false,"_kad_post_footer":false,"_kad_post_classname":"","footnotes":""},"categories":[1],"tags":[2358,2357],"class_list":["post-34961","post","type-post","status-publish","format-standard","has-post-thumbnail","hentry","category-medios","tag-electromovilidad-pt-br","tag-movilidad-sostenible-pt-br"],"yoast_head":"<!-- This site is optimized with the Yoast SEO Premium plugin v22.7 (Yoast SEO v27.4) - https:\/\/yoast.com\/product\/yoast-seo-premium-wordpress\/ -->\n<title>Espanha Defende a Colabora\u00e7\u00e3o P\u00fablico-Privada com o Brasil em Mobilidade Sustent\u00e1vel - Latam Mobility<\/title>\n<meta name=\"description\" content=\"Espanha e Brasil est\u00e3o fortalecendo sua colabora\u00e7\u00e3o no campo da mobilidade sustent\u00e1vel atrav\u00e9s de parcerias p\u00fablico-privadas, como compartilhou o\" \/>\n<meta name=\"robots\" content=\"index, follow, max-snippet:-1, max-image-preview:large, max-video-preview:-1\" \/>\n<link rel=\"canonical\" href=\"https:\/\/latamobility.com\/?p=34948\" \/>\n<meta property=\"og:locale\" content=\"pt_BR\" \/>\n<meta property=\"og:type\" content=\"article\" \/>\n<meta property=\"og:title\" content=\"Espanha Defende a Colabora\u00e7\u00e3o P\u00fablico-Privada com o Brasil em Mobilidade Sustent\u00e1vel\" \/>\n<meta property=\"og:description\" content=\"Espanha e Brasil est\u00e3o fortalecendo sua colabora\u00e7\u00e3o no campo da mobilidade sustent\u00e1vel atrav\u00e9s de parcerias p\u00fablico-privadas, como compartilhou o\" \/>\n<meta property=\"og:url\" content=\"https:\/\/latamobility.com\/?p=34948\" \/>\n<meta property=\"og:site_name\" content=\"Latam Mobility\" \/>\n<meta property=\"article:publisher\" content=\"https:\/\/www.facebook.com\/latamobility\/\" \/>\n<meta property=\"article:published_time\" content=\"2024-06-25T10:10:00+00:00\" \/>\n<meta property=\"og:image\" content=\"https:\/\/latamobility.com\/wp-content\/uploads\/2024\/06\/Pedro-Sanchez.jpg\" \/>\n\t<meta property=\"og:image:width\" content=\"1280\" \/>\n\t<meta property=\"og:image:height\" content=\"715\" \/>\n\t<meta property=\"og:image:type\" content=\"image\/jpeg\" \/>\n<meta name=\"author\" content=\"Antonio Vilela\" \/>\n<meta name=\"twitter:card\" content=\"summary_large_image\" \/>\n<meta name=\"twitter:creator\" content=\"@LataMobility\" \/>\n<meta name=\"twitter:site\" content=\"@LataMobility\" \/>\n<meta name=\"twitter:label1\" content=\"Escrito por\" \/>\n\t<meta name=\"twitter:data1\" content=\"Antonio Vilela\" \/>\n\t<meta name=\"twitter:label2\" content=\"Est. tempo de leitura\" \/>\n\t<meta name=\"twitter:data2\" content=\"2 minutos\" \/>\n<script type=\"application\/ld+json\" class=\"yoast-schema-graph\">{\"@context\":\"https:\\\/\\\/schema.org\",\"@graph\":[{\"@type\":\"Article\",\"@id\":\"https:\\\/\\\/latamobility.com\\\/?p=34948#article\",\"isPartOf\":{\"@id\":\"https:\\\/\\\/latamobility.com\\\/?p=34948\"},\"author\":{\"name\":\"Antonio Vilela\",\"@id\":\"https:\\\/\\\/latamobility.com\\\/#\\\/schema\\\/person\\\/fda092a2de1f87d347784282908bad1a\"},\"headline\":\"Espanha Defende a Colabora\u00e7\u00e3o P\u00fablico-Privada com o Brasil em Mobilidade Sustent\u00e1vel\",\"datePublished\":\"2024-06-25T10:10:00+00:00\",\"mainEntityOfPage\":{\"@id\":\"https:\\\/\\\/latamobility.com\\\/?p=34948\"},\"wordCount\":454,\"commentCount\":0,\"publisher\":{\"@id\":\"https:\\\/\\\/latamobility.com\\\/#organization\"},\"image\":{\"@id\":\"https:\\\/\\\/latamobility.com\\\/?p=34948#primaryimage\"},\"thumbnailUrl\":\"https:\\\/\\\/latamobility.com\\\/wp-content\\\/uploads\\\/2024\\\/06\\\/Pedro-Sanchez.jpg\",\"keywords\":[\"electromovilidad\",\"Movilidad Sostenible\"],\"articleSection\":[\"\u00c1rea de medios\"],\"inLanguage\":\"pt-BR\",\"potentialAction\":[{\"@type\":\"CommentAction\",\"name\":\"Comment\",\"target\":[\"https:\\\/\\\/latamobility.com\\\/?p=34948#respond\"]}]},{\"@type\":\"WebPage\",\"@id\":\"https:\\\/\\\/latamobility.com\\\/?p=34948\",\"url\":\"https:\\\/\\\/latamobility.com\\\/?p=34948\",\"name\":\"Espanha Defende a Colabora\u00e7\u00e3o P\u00fablico-Privada com o Brasil em Mobilidade Sustent\u00e1vel - Latam Mobility\",\"isPartOf\":{\"@id\":\"https:\\\/\\\/latamobility.com\\\/#website\"},\"primaryImageOfPage\":{\"@id\":\"https:\\\/\\\/latamobility.com\\\/?p=34948#primaryimage\"},\"image\":{\"@id\":\"https:\\\/\\\/latamobility.com\\\/?p=34948#primaryimage\"},\"thumbnailUrl\":\"https:\\\/\\\/latamobility.com\\\/wp-content\\\/uploads\\\/2024\\\/06\\\/Pedro-Sanchez.jpg\",\"datePublished\":\"2024-06-25T10:10:00+00:00\",\"description\":\"Espanha e Brasil est\u00e3o fortalecendo sua colabora\u00e7\u00e3o no campo da mobilidade sustent\u00e1vel atrav\u00e9s de parcerias p\u00fablico-privadas, como compartilhou o\",\"breadcrumb\":{\"@id\":\"https:\\\/\\\/latamobility.com\\\/?p=34948#breadcrumb\"},\"inLanguage\":\"pt-BR\",\"potentialAction\":[{\"@type\":\"ReadAction\",\"target\":[\"https:\\\/\\\/latamobility.com\\\/?p=34948\"]}]},{\"@type\":\"ImageObject\",\"inLanguage\":\"pt-BR\",\"@id\":\"https:\\\/\\\/latamobility.com\\\/?p=34948#primaryimage\",\"url\":\"https:\\\/\\\/latamobility.com\\\/wp-content\\\/uploads\\\/2024\\\/06\\\/Pedro-Sanchez.jpg\",\"contentUrl\":\"https:\\\/\\\/latamobility.com\\\/wp-content\\\/uploads\\\/2024\\\/06\\\/Pedro-Sanchez.jpg\",\"width\":1280,\"height\":715,\"caption\":\"Pedro S\u00e1nchez\"},{\"@type\":\"BreadcrumbList\",\"@id\":\"https:\\\/\\\/latamobility.com\\\/?p=34948#breadcrumb\",\"itemListElement\":[{\"@type\":\"ListItem\",\"position\":1,\"name\":\"Portada\",\"item\":\"https:\\\/\\\/latamobility.com\\\/pt-br\\\/\"},{\"@type\":\"ListItem\",\"position\":2,\"name\":\"Espanha Defende a Colabora\u00e7\u00e3o P\u00fablico-Privada com o Brasil em Mobilidade Sustent\u00e1vel\"}]},{\"@type\":\"WebSite\",\"@id\":\"https:\\\/\\\/latamobility.com\\\/#website\",\"url\":\"https:\\\/\\\/latamobility.com\\\/\",\"name\":\"Latam Mobility\",\"description\":\"Serie de Eventos para promover la Movilidad y Transporte sostenible en Latinoam\u00e9rica\",\"publisher\":{\"@id\":\"https:\\\/\\\/latamobility.com\\\/#organization\"},\"potentialAction\":[{\"@type\":\"SearchAction\",\"target\":{\"@type\":\"EntryPoint\",\"urlTemplate\":\"https:\\\/\\\/latamobility.com\\\/?s={search_term_string}\"},\"query-input\":{\"@type\":\"PropertyValueSpecification\",\"valueRequired\":true,\"valueName\":\"search_term_string\"}}],\"inLanguage\":\"pt-BR\"},{\"@type\":\"Organization\",\"@id\":\"https:\\\/\\\/latamobility.com\\\/#organization\",\"name\":\"LATAM MOBILITY\",\"url\":\"https:\\\/\\\/latamobility.com\\\/\",\"logo\":{\"@type\":\"ImageObject\",\"inLanguage\":\"pt-BR\",\"@id\":\"https:\\\/\\\/latamobility.com\\\/#\\\/schema\\\/logo\\\/image\\\/\",\"url\":\"https:\\\/\\\/latamobility.com\\\/wp-content\\\/uploads\\\/2025\\\/01\\\/logos-LM-LG-2025-10.png\",\"contentUrl\":\"https:\\\/\\\/latamobility.com\\\/wp-content\\\/uploads\\\/2025\\\/01\\\/logos-LM-LG-2025-10.png\",\"width\":1080,\"height\":1080,\"caption\":\"LATAM MOBILITY\"},\"image\":{\"@id\":\"https:\\\/\\\/latamobility.com\\\/#\\\/schema\\\/logo\\\/image\\\/\"},\"sameAs\":[\"https:\\\/\\\/www.facebook.com\\\/latamobility\\\/\",\"https:\\\/\\\/x.com\\\/LataMobility\",\"https:\\\/\\\/www.instagram.com\\\/latamobility\\\/\",\"https:\\\/\\\/www.linkedin.com\\\/company\\\/latamobility\\\/\",\"https:\\\/\\\/www.youtube.com\\\/channel\\\/UCtcslRCRY0vITWaOQ1X0XUA\"]},{\"@type\":\"Person\",\"@id\":\"https:\\\/\\\/latamobility.com\\\/#\\\/schema\\\/person\\\/fda092a2de1f87d347784282908bad1a\",\"name\":\"Antonio Vilela\",\"image\":{\"@type\":\"ImageObject\",\"inLanguage\":\"pt-BR\",\"@id\":\"https:\\\/\\\/secure.gravatar.com\\\/avatar\\\/7eee8196fd2fda180806d7b41cd517f274d5ad3b9f65d873feb3ca7e2b3a72d2?s=96&d=mm&r=g\",\"url\":\"https:\\\/\\\/secure.gravatar.com\\\/avatar\\\/7eee8196fd2fda180806d7b41cd517f274d5ad3b9f65d873feb3ca7e2b3a72d2?s=96&d=mm&r=g\",\"contentUrl\":\"https:\\\/\\\/secure.gravatar.com\\\/avatar\\\/7eee8196fd2fda180806d7b41cd517f274d5ad3b9f65d873feb3ca7e2b3a72d2?s=96&d=mm&r=g\",\"caption\":\"Antonio Vilela\"}}]}<\/script>\n<!-- \/ Yoast SEO Premium plugin. -->","yoast_head_json":{"title":"Espanha Defende a Colabora\u00e7\u00e3o P\u00fablico-Privada com o Brasil em Mobilidade Sustent\u00e1vel - Latam Mobility","description":"Espanha e Brasil est\u00e3o fortalecendo sua colabora\u00e7\u00e3o no campo da mobilidade sustent\u00e1vel atrav\u00e9s de parcerias p\u00fablico-privadas, como compartilhou o","robots":{"index":"index","follow":"follow","max-snippet":"max-snippet:-1","max-image-preview":"max-image-preview:large","max-video-preview":"max-video-preview:-1"},"canonical":"https:\/\/latamobility.com\/?p=34948","og_locale":"pt_BR","og_type":"article","og_title":"Espanha Defende a Colabora\u00e7\u00e3o P\u00fablico-Privada com o Brasil em Mobilidade Sustent\u00e1vel","og_description":"Espanha e Brasil est\u00e3o fortalecendo sua colabora\u00e7\u00e3o no campo da mobilidade sustent\u00e1vel atrav\u00e9s de parcerias p\u00fablico-privadas, como compartilhou o","og_url":"https:\/\/latamobility.com\/?p=34948","og_site_name":"Latam Mobility","article_publisher":"https:\/\/www.facebook.com\/latamobility\/","article_published_time":"2024-06-25T10:10:00+00:00","og_image":[{"width":1280,"height":715,"url":"https:\/\/latamobility.com\/wp-content\/uploads\/2024\/06\/Pedro-Sanchez.jpg","type":"image\/jpeg"}],"author":"Antonio Vilela","twitter_card":"summary_large_image","twitter_creator":"@LataMobility","twitter_site":"@LataMobility","twitter_misc":{"Escrito por":"Antonio Vilela","Est. tempo de leitura":"2 minutos"},"schema":{"@context":"https:\/\/schema.org","@graph":[{"@type":"Article","@id":"https:\/\/latamobility.com\/?p=34948#article","isPartOf":{"@id":"https:\/\/latamobility.com\/?p=34948"},"author":{"name":"Antonio Vilela","@id":"https:\/\/latamobility.com\/#\/schema\/person\/fda092a2de1f87d347784282908bad1a"},"headline":"Espanha Defende a Colabora\u00e7\u00e3o P\u00fablico-Privada com o Brasil em Mobilidade Sustent\u00e1vel","datePublished":"2024-06-25T10:10:00+00:00","mainEntityOfPage":{"@id":"https:\/\/latamobility.com\/?p=34948"},"wordCount":454,"commentCount":0,"publisher":{"@id":"https:\/\/latamobility.com\/#organization"},"image":{"@id":"https:\/\/latamobility.com\/?p=34948#primaryimage"},"thumbnailUrl":"https:\/\/latamobility.com\/wp-content\/uploads\/2024\/06\/Pedro-Sanchez.jpg","keywords":["electromovilidad","Movilidad Sostenible"],"articleSection":["\u00c1rea de medios"],"inLanguage":"pt-BR","potentialAction":[{"@type":"CommentAction","name":"Comment","target":["https:\/\/latamobility.com\/?p=34948#respond"]}]},{"@type":"WebPage","@id":"https:\/\/latamobility.com\/?p=34948","url":"https:\/\/latamobility.com\/?p=34948","name":"Espanha Defende a Colabora\u00e7\u00e3o P\u00fablico-Privada com o Brasil em Mobilidade Sustent\u00e1vel - Latam Mobility","isPartOf":{"@id":"https:\/\/latamobility.com\/#website"},"primaryImageOfPage":{"@id":"https:\/\/latamobility.com\/?p=34948#primaryimage"},"image":{"@id":"https:\/\/latamobility.com\/?p=34948#primaryimage"},"thumbnailUrl":"https:\/\/latamobility.com\/wp-content\/uploads\/2024\/06\/Pedro-Sanchez.jpg","datePublished":"2024-06-25T10:10:00+00:00","description":"Espanha e Brasil est\u00e3o fortalecendo sua colabora\u00e7\u00e3o no campo da mobilidade sustent\u00e1vel atrav\u00e9s de parcerias p\u00fablico-privadas, como compartilhou o","breadcrumb":{"@id":"https:\/\/latamobility.com\/?p=34948#breadcrumb"},"inLanguage":"pt-BR","potentialAction":[{"@type":"ReadAction","target":["https:\/\/latamobility.com\/?p=34948"]}]},{"@type":"ImageObject","inLanguage":"pt-BR","@id":"https:\/\/latamobility.com\/?p=34948#primaryimage","url":"https:\/\/latamobility.com\/wp-content\/uploads\/2024\/06\/Pedro-Sanchez.jpg","contentUrl":"https:\/\/latamobility.com\/wp-content\/uploads\/2024\/06\/Pedro-Sanchez.jpg","width":1280,"height":715,"caption":"Pedro S\u00e1nchez"},{"@type":"BreadcrumbList","@id":"https:\/\/latamobility.com\/?p=34948#breadcrumb","itemListElement":[{"@type":"ListItem","position":1,"name":"Portada","item":"https:\/\/latamobility.com\/pt-br\/"},{"@type":"ListItem","position":2,"name":"Espanha Defende a Colabora\u00e7\u00e3o P\u00fablico-Privada com o Brasil em Mobilidade Sustent\u00e1vel"}]},{"@type":"WebSite","@id":"https:\/\/latamobility.com\/#website","url":"https:\/\/latamobility.com\/","name":"Latam Mobility","description":"Serie de Eventos para promover la Movilidad y Transporte sostenible en Latinoam\u00e9rica","publisher":{"@id":"https:\/\/latamobility.com\/#organization"},"potentialAction":[{"@type":"SearchAction","target":{"@type":"EntryPoint","urlTemplate":"https:\/\/latamobility.com\/?s={search_term_string}"},"query-input":{"@type":"PropertyValueSpecification","valueRequired":true,"valueName":"search_term_string"}}],"inLanguage":"pt-BR"},{"@type":"Organization","@id":"https:\/\/latamobility.com\/#organization","name":"LATAM MOBILITY","url":"https:\/\/latamobility.com\/","logo":{"@type":"ImageObject","inLanguage":"pt-BR","@id":"https:\/\/latamobility.com\/#\/schema\/logo\/image\/","url":"https:\/\/latamobility.com\/wp-content\/uploads\/2025\/01\/logos-LM-LG-2025-10.png","contentUrl":"https:\/\/latamobility.com\/wp-content\/uploads\/2025\/01\/logos-LM-LG-2025-10.png","width":1080,"height":1080,"caption":"LATAM MOBILITY"},"image":{"@id":"https:\/\/latamobility.com\/#\/schema\/logo\/image\/"},"sameAs":["https:\/\/www.facebook.com\/latamobility\/","https:\/\/x.com\/LataMobility","https:\/\/www.instagram.com\/latamobility\/","https:\/\/www.linkedin.com\/company\/latamobility\/","https:\/\/www.youtube.com\/channel\/UCtcslRCRY0vITWaOQ1X0XUA"]},{"@type":"Person","@id":"https:\/\/latamobility.com\/#\/schema\/person\/fda092a2de1f87d347784282908bad1a","name":"Antonio Vilela","image":{"@type":"ImageObject","inLanguage":"pt-BR","@id":"https:\/\/secure.gravatar.com\/avatar\/7eee8196fd2fda180806d7b41cd517f274d5ad3b9f65d873feb3ca7e2b3a72d2?s=96&d=mm&r=g","url":"https:\/\/secure.gravatar.com\/avatar\/7eee8196fd2fda180806d7b41cd517f274d5ad3b9f65d873feb3ca7e2b3a72d2?s=96&d=mm&r=g","contentUrl":"https:\/\/secure.gravatar.com\/avatar\/7eee8196fd2fda180806d7b41cd517f274d5ad3b9f65d873feb3ca7e2b3a72d2?s=96&d=mm&r=g","caption":"Antonio Vilela"}}]}},"_links":{"self":[{"href":"https:\/\/latamobility.com\/pt-br\/wp-json\/wp\/v2\/posts\/34961","targetHints":{"allow":["GET"]}}],"collection":[{"href":"https:\/\/latamobility.com\/pt-br\/wp-json\/wp\/v2\/posts"}],"about":[{"href":"https:\/\/latamobility.com\/pt-br\/wp-json\/wp\/v2\/types\/post"}],"author":[{"embeddable":true,"href":"https:\/\/latamobility.com\/pt-br\/wp-json\/wp\/v2\/users\/10"}],"replies":[{"embeddable":true,"href":"https:\/\/latamobility.com\/pt-br\/wp-json\/wp\/v2\/comments?post=34961"}],"version-history":[{"count":2,"href":"https:\/\/latamobility.com\/pt-br\/wp-json\/wp\/v2\/posts\/34961\/revisions"}],"predecessor-version":[{"id":35013,"href":"https:\/\/latamobility.com\/pt-br\/wp-json\/wp\/v2\/posts\/34961\/revisions\/35013"}],"wp:featuredmedia":[{"embeddable":true,"href":"https:\/\/latamobility.com\/pt-br\/wp-json\/wp\/v2\/media\/34953"}],"wp:attachment":[{"href":"https:\/\/latamobility.com\/pt-br\/wp-json\/wp\/v2\/media?parent=34961"}],"wp:term":[{"taxonomy":"category","embeddable":true,"href":"https:\/\/latamobility.com\/pt-br\/wp-json\/wp\/v2\/categories?post=34961"},{"taxonomy":"post_tag","embeddable":true,"href":"https:\/\/latamobility.com\/pt-br\/wp-json\/wp\/v2\/tags?post=34961"}],"curies":[{"name":"wp","href":"https:\/\/api.w.org\/{rel}","templated":true}]}}