{"id":35108,"date":"2024-06-27T05:30:00","date_gmt":"2024-06-27T10:30:00","guid":{"rendered":"https:\/\/latamobility.com\/?p=35108"},"modified":"2024-06-26T19:52:55","modified_gmt":"2024-06-27T00:52:55","slug":"eixo-sp-eletrifica-sua-frota-com-a-evolution-mobility","status":"publish","type":"post","link":"https:\/\/latamobility.com\/pt-br\/eixo-sp-eletrifica-sua-frota-com-a-evolution-mobility\/","title":{"rendered":"Eixo SP eletrifica sua frota com a EVolution Mobility"},"content":{"rendered":"\n<p>A<strong> Eixo SP<\/strong> est\u00e1 avan\u00e7ando significativamente em dire\u00e7\u00e3o \u00e0 sustentabilidade com a adi\u00e7\u00e3o de 10 caminh\u00f5es el\u00e9tricos \u00e0 sua frota, destinados a fortalecer as atividades na<strong> \u00e1rea de conserva\u00e7\u00e3o.<\/strong><\/p>\n\n\n\n<p>Esses ve\u00edculos ecol\u00f3gicos, <strong>eletrificados pela <a href=\"https:\/\/evmob.com\/\">Evolution Mobility<\/a>,<\/strong> ser\u00e3o usados para corte de hortali\u00e7as, poda de \u00e1rvores e limpeza de sinaliza\u00e7\u00e3o, em conformidade com o compromisso da empresa com os crit\u00e9rios ESG.<\/p>\n\n\n\n<p>Os caminh\u00f5es el\u00e9tricos ser\u00e3o distribu\u00eddos estrategicamente em<strong> Itirapina, S\u00e3o Pedro, Martin\u00f3polis e Adamantina<\/strong>. Eles est\u00e3o equipados com cabines auxiliares para garantir o conforto e a seguran\u00e7a dos funcion\u00e1rios, al\u00e9m de facilitar o transporte de ferramentas.<\/p>\n\n\n\n<p>&#8220;A incorpora\u00e7\u00e3o desses 10 ve\u00edculos el\u00e9tricos \u00e9 mais uma inova\u00e7\u00e3o na conserva\u00e7\u00e3o de estradas impulsionada de forma pioneira pela Eixo SP. Isso refor\u00e7a o compromisso ambiental da Concession\u00e1ria com a sociedade ao reduzir as emiss\u00f5es de carbono nos servi\u00e7os prestados&#8221;, <strong>afirmou Pedro Nogueira Jr., Superintendente de Conserva\u00e7\u00e3o da Eixo SP.<\/strong><\/p>\n\n\n\n<p>Assim, a concession\u00e1ria continua avan\u00e7ando na conserva\u00e7\u00e3o de estradas de forma sustent\u00e1vel e eficiente para construir um futuro mais verde e consciente, com o apoio da <strong>Evolution Mobility.<\/strong><\/p>\n\n\n\n<p><strong>Conte\u00fado Relacionado<\/strong>: <a href=\"https:\/\/latamobility.com\/pt-br\/a-importancia-do-brasil-como-referencia-em-mobilidade-sustentavel-para-a-america-latina\/\"><strong>A Import\u00e2ncia do Brasil como Refer\u00eancia em Mobilidade Sustent\u00e1vel para a Am\u00e9rica Latina<\/strong><\/a><\/p>\n\n\n\n<h2 class=\"wp-block-heading\" id=\"h-latam-mobility-amp-net-zero-brasil-2024\">Latam Mobility &amp; Net Zero Brasil 2024<\/h2>\n\n\n\n<figure class=\"wp-block-image size-full\"><img fetchpriority=\"high\" decoding=\"async\" width=\"1024\" height=\"572\" src=\"https:\/\/latamobility.com\/wp-content\/uploads\/2024\/03\/LM1.jpg\" alt=\"EVolution Mobility\" class=\"wp-image-30422\" srcset=\"https:\/\/latamobility.com\/wp-content\/uploads\/2024\/03\/LM1.jpg 1024w, https:\/\/latamobility.com\/wp-content\/uploads\/2024\/03\/LM1-300x168.jpg 300w, https:\/\/latamobility.com\/wp-content\/uploads\/2024\/03\/LM1-768x429.jpg 768w, https:\/\/latamobility.com\/wp-content\/uploads\/2024\/03\/LM1-600x335.jpg 600w\" sizes=\"(max-width: 1024px) 100vw, 1024px\" \/><\/figure>\n\n\n\n<p>O <strong>Latam Mobility &amp; Net Zero Brasil 2024 <\/strong>reunir\u00e1 l\u00edderes da mobilidade sustent\u00e1vel da Am\u00e9rica Latina em um s\u00f3 lugar, tudo com o objetivo de mostrar os avan\u00e7os em mat\u00e9ria de ve\u00edculos el\u00e9tricos, assim como as perspectivas do setor, infraestruturas de carregamento, inova\u00e7\u00f5es tecnol\u00f3gicas e muito mais.<\/p>\n\n\n\n<p>O evento ser\u00e1 realizado de<strong> 1 a 2 de julho em Villa Blue Tree, S\u00e3o Paulo, Brasil<\/strong>, como uma plataforma que surge como resposta \u00e0 crescente necessidade de promover a mobilidade sustent\u00e1vel na Am\u00e9rica Latina com avan\u00e7o em dire\u00e7\u00e3o a uma abordagem integral que construa uma rede s\u00f3lida de<strong> ve\u00edculos eletrificados na regi\u00e3o.<\/strong><\/p>\n\n\n\n<p>Para se inscrever, clique <strong><a href=\"https:\/\/live.eventtia.com\/es\/latammobilitybrasil2024\/HOME\">aqui<\/a><\/strong>.<\/p>\n\n\n\n<p>Se deseja mais informa\u00e7\u00f5es sobre como participar e op\u00e7\u00f5es de posicionamento, envie um e-mail para <strong><a href=\"mailto:info@investinlatam.org\">info@investinlatam.org<\/a><\/strong>.<\/p>\n","protected":false},"excerpt":{"rendered":"<p>A Eixo SP est\u00e1 avan\u00e7ando significativamente em dire\u00e7\u00e3o \u00e0 sustentabilidade com a adi\u00e7\u00e3o de 10 caminh\u00f5es el\u00e9tricos \u00e0 sua frota, destinados a fortalecer as atividades na \u00e1rea de conserva\u00e7\u00e3o. Esses ve\u00edculos ecol\u00f3gicos, eletrificados pela Evolution Mobility, ser\u00e3o usados para corte de hortali\u00e7as, poda de \u00e1rvores e limpeza de sinaliza\u00e7\u00e3o, em conformidade com o compromisso da&#8230;<\/p>\n","protected":false},"author":10,"featured_media":35101,"comment_status":"open","ping_status":"closed","sticky":false,"template":"","format":"standard","meta":{"_kad_post_transparent":"","_kad_post_title":"","_kad_post_layout":"","_kad_post_sidebar_id":"","_kad_post_content_style":"","_kad_post_vertical_padding":"","_kad_post_feature":"","_kad_post_feature_position":"","_kad_post_header":false,"_kad_post_footer":false,"_kad_post_classname":"","footnotes":""},"categories":[2356],"tags":[2360,2358,2359,2357],"class_list":["post-35108","post","type-post","status-publish","format-standard","has-post-thumbnail","hentry","category-movilidad-electrica-pt-br","tag-brasil-pt-br","tag-electromovilidad-pt-br","tag-movilidad-electrica-pt-br","tag-movilidad-sostenible-pt-br"],"yoast_head":"<!-- This site is optimized with the Yoast SEO Premium plugin v22.7 (Yoast SEO v27.4) - https:\/\/yoast.com\/product\/yoast-seo-premium-wordpress\/ -->\n<title>Eixo SP eletrifica sua frota com a EVolution Mobility - Latam Mobility<\/title>\n<meta name=\"description\" content=\"A Eixo SP est\u00e1 avan\u00e7ando significativamente em dire\u00e7\u00e3o \u00e0 sustentabilidade com a adi\u00e7\u00e3o de 10 caminh\u00f5es el\u00e9tricos \u00e0 sua frota, destinados a fortalecer as\" \/>\n<meta name=\"robots\" content=\"index, follow, max-snippet:-1, max-image-preview:large, max-video-preview:-1\" \/>\n<link rel=\"canonical\" href=\"https:\/\/latamobility.com\/eixo-sp-electrifica-su-flota-de-la-mano-de-evolution-mobility\/\" \/>\n<meta property=\"og:locale\" content=\"pt_BR\" \/>\n<meta property=\"og:type\" content=\"article\" \/>\n<meta property=\"og:title\" content=\"Eixo SP eletrifica sua frota com a EVolution Mobility\" \/>\n<meta property=\"og:description\" content=\"A Eixo SP est\u00e1 avan\u00e7ando significativamente em dire\u00e7\u00e3o \u00e0 sustentabilidade com a adi\u00e7\u00e3o de 10 caminh\u00f5es el\u00e9tricos \u00e0 sua frota, destinados a fortalecer as\" \/>\n<meta property=\"og:url\" content=\"https:\/\/latamobility.com\/eixo-sp-electrifica-su-flota-de-la-mano-de-evolution-mobility\/\" \/>\n<meta property=\"og:site_name\" content=\"Latam Mobility\" \/>\n<meta property=\"article:publisher\" content=\"https:\/\/www.facebook.com\/latamobility\/\" \/>\n<meta property=\"article:published_time\" content=\"2024-06-27T10:30:00+00:00\" \/>\n<meta property=\"og:image\" content=\"https:\/\/latamobility.com\/wp-content\/uploads\/2024\/06\/EVolution-Mobility.jpg\" \/>\n\t<meta property=\"og:image:width\" content=\"1280\" \/>\n\t<meta property=\"og:image:height\" content=\"715\" \/>\n\t<meta property=\"og:image:type\" content=\"image\/jpeg\" \/>\n<meta name=\"author\" content=\"Antonio Vilela\" \/>\n<meta name=\"twitter:card\" content=\"summary_large_image\" \/>\n<meta name=\"twitter:creator\" content=\"@LataMobility\" \/>\n<meta name=\"twitter:site\" content=\"@LataMobility\" \/>\n<meta name=\"twitter:label1\" content=\"Escrito por\" \/>\n\t<meta name=\"twitter:data1\" content=\"Antonio Vilela\" \/>\n\t<meta name=\"twitter:label2\" content=\"Est. tempo de leitura\" \/>\n\t<meta name=\"twitter:data2\" content=\"2 minutos\" \/>\n<script type=\"application\/ld+json\" class=\"yoast-schema-graph\">{\"@context\":\"https:\\\/\\\/schema.org\",\"@graph\":[{\"@type\":\"Article\",\"@id\":\"https:\\\/\\\/latamobility.com\\\/eixo-sp-electrifica-su-flota-de-la-mano-de-evolution-mobility\\\/#article\",\"isPartOf\":{\"@id\":\"https:\\\/\\\/latamobility.com\\\/eixo-sp-electrifica-su-flota-de-la-mano-de-evolution-mobility\\\/\"},\"author\":{\"name\":\"Antonio Vilela\",\"@id\":\"https:\\\/\\\/latamobility.com\\\/#\\\/schema\\\/person\\\/fda092a2de1f87d347784282908bad1a\"},\"headline\":\"Eixo SP eletrifica sua frota com a EVolution Mobility\",\"datePublished\":\"2024-06-27T10:30:00+00:00\",\"mainEntityOfPage\":{\"@id\":\"https:\\\/\\\/latamobility.com\\\/eixo-sp-electrifica-su-flota-de-la-mano-de-evolution-mobility\\\/\"},\"wordCount\":377,\"commentCount\":0,\"publisher\":{\"@id\":\"https:\\\/\\\/latamobility.com\\\/#organization\"},\"image\":{\"@id\":\"https:\\\/\\\/latamobility.com\\\/eixo-sp-electrifica-su-flota-de-la-mano-de-evolution-mobility\\\/#primaryimage\"},\"thumbnailUrl\":\"https:\\\/\\\/latamobility.com\\\/wp-content\\\/uploads\\\/2024\\\/06\\\/EVolution-Mobility.jpg\",\"keywords\":[\"Brasil\",\"electromovilidad\",\"Movilidad el\u00e9ctrica\",\"Movilidad Sostenible\"],\"articleSection\":[\"Movilidad el\u00e9ctrica\"],\"inLanguage\":\"pt-BR\",\"potentialAction\":[{\"@type\":\"CommentAction\",\"name\":\"Comment\",\"target\":[\"https:\\\/\\\/latamobility.com\\\/eixo-sp-electrifica-su-flota-de-la-mano-de-evolution-mobility\\\/#respond\"]}]},{\"@type\":\"WebPage\",\"@id\":\"https:\\\/\\\/latamobility.com\\\/eixo-sp-electrifica-su-flota-de-la-mano-de-evolution-mobility\\\/\",\"url\":\"https:\\\/\\\/latamobility.com\\\/eixo-sp-electrifica-su-flota-de-la-mano-de-evolution-mobility\\\/\",\"name\":\"Eixo SP eletrifica sua frota com a EVolution Mobility - Latam Mobility\",\"isPartOf\":{\"@id\":\"https:\\\/\\\/latamobility.com\\\/#website\"},\"primaryImageOfPage\":{\"@id\":\"https:\\\/\\\/latamobility.com\\\/eixo-sp-electrifica-su-flota-de-la-mano-de-evolution-mobility\\\/#primaryimage\"},\"image\":{\"@id\":\"https:\\\/\\\/latamobility.com\\\/eixo-sp-electrifica-su-flota-de-la-mano-de-evolution-mobility\\\/#primaryimage\"},\"thumbnailUrl\":\"https:\\\/\\\/latamobility.com\\\/wp-content\\\/uploads\\\/2024\\\/06\\\/EVolution-Mobility.jpg\",\"datePublished\":\"2024-06-27T10:30:00+00:00\",\"description\":\"A Eixo SP est\u00e1 avan\u00e7ando significativamente em dire\u00e7\u00e3o \u00e0 sustentabilidade com a adi\u00e7\u00e3o de 10 caminh\u00f5es el\u00e9tricos \u00e0 sua frota, destinados a fortalecer as\",\"breadcrumb\":{\"@id\":\"https:\\\/\\\/latamobility.com\\\/eixo-sp-electrifica-su-flota-de-la-mano-de-evolution-mobility\\\/#breadcrumb\"},\"inLanguage\":\"pt-BR\",\"potentialAction\":[{\"@type\":\"ReadAction\",\"target\":[\"https:\\\/\\\/latamobility.com\\\/eixo-sp-electrifica-su-flota-de-la-mano-de-evolution-mobility\\\/\"]}]},{\"@type\":\"ImageObject\",\"inLanguage\":\"pt-BR\",\"@id\":\"https:\\\/\\\/latamobility.com\\\/eixo-sp-electrifica-su-flota-de-la-mano-de-evolution-mobility\\\/#primaryimage\",\"url\":\"https:\\\/\\\/latamobility.com\\\/wp-content\\\/uploads\\\/2024\\\/06\\\/EVolution-Mobility.jpg\",\"contentUrl\":\"https:\\\/\\\/latamobility.com\\\/wp-content\\\/uploads\\\/2024\\\/06\\\/EVolution-Mobility.jpg\",\"width\":1280,\"height\":715,\"caption\":\"EVolution Mobility\"},{\"@type\":\"BreadcrumbList\",\"@id\":\"https:\\\/\\\/latamobility.com\\\/eixo-sp-electrifica-su-flota-de-la-mano-de-evolution-mobility\\\/#breadcrumb\",\"itemListElement\":[{\"@type\":\"ListItem\",\"position\":1,\"name\":\"Portada\",\"item\":\"https:\\\/\\\/latamobility.com\\\/pt-br\\\/\"},{\"@type\":\"ListItem\",\"position\":2,\"name\":\"Eixo SP eletrifica sua frota com a EVolution Mobility\"}]},{\"@type\":\"WebSite\",\"@id\":\"https:\\\/\\\/latamobility.com\\\/#website\",\"url\":\"https:\\\/\\\/latamobility.com\\\/\",\"name\":\"Latam Mobility\",\"description\":\"Serie de Eventos para promover la Movilidad y Transporte sostenible en Latinoam\u00e9rica\",\"publisher\":{\"@id\":\"https:\\\/\\\/latamobility.com\\\/#organization\"},\"potentialAction\":[{\"@type\":\"SearchAction\",\"target\":{\"@type\":\"EntryPoint\",\"urlTemplate\":\"https:\\\/\\\/latamobility.com\\\/?s={search_term_string}\"},\"query-input\":{\"@type\":\"PropertyValueSpecification\",\"valueRequired\":true,\"valueName\":\"search_term_string\"}}],\"inLanguage\":\"pt-BR\"},{\"@type\":\"Organization\",\"@id\":\"https:\\\/\\\/latamobility.com\\\/#organization\",\"name\":\"LATAM MOBILITY\",\"url\":\"https:\\\/\\\/latamobility.com\\\/\",\"logo\":{\"@type\":\"ImageObject\",\"inLanguage\":\"pt-BR\",\"@id\":\"https:\\\/\\\/latamobility.com\\\/#\\\/schema\\\/logo\\\/image\\\/\",\"url\":\"https:\\\/\\\/latamobility.com\\\/wp-content\\\/uploads\\\/2025\\\/01\\\/logos-LM-LG-2025-10.png\",\"contentUrl\":\"https:\\\/\\\/latamobility.com\\\/wp-content\\\/uploads\\\/2025\\\/01\\\/logos-LM-LG-2025-10.png\",\"width\":1080,\"height\":1080,\"caption\":\"LATAM MOBILITY\"},\"image\":{\"@id\":\"https:\\\/\\\/latamobility.com\\\/#\\\/schema\\\/logo\\\/image\\\/\"},\"sameAs\":[\"https:\\\/\\\/www.facebook.com\\\/latamobility\\\/\",\"https:\\\/\\\/x.com\\\/LataMobility\",\"https:\\\/\\\/www.instagram.com\\\/latamobility\\\/\",\"https:\\\/\\\/www.linkedin.com\\\/company\\\/latamobility\\\/\",\"https:\\\/\\\/www.youtube.com\\\/channel\\\/UCtcslRCRY0vITWaOQ1X0XUA\"]},{\"@type\":\"Person\",\"@id\":\"https:\\\/\\\/latamobility.com\\\/#\\\/schema\\\/person\\\/fda092a2de1f87d347784282908bad1a\",\"name\":\"Antonio Vilela\",\"image\":{\"@type\":\"ImageObject\",\"inLanguage\":\"pt-BR\",\"@id\":\"https:\\\/\\\/secure.gravatar.com\\\/avatar\\\/7eee8196fd2fda180806d7b41cd517f274d5ad3b9f65d873feb3ca7e2b3a72d2?s=96&d=mm&r=g\",\"url\":\"https:\\\/\\\/secure.gravatar.com\\\/avatar\\\/7eee8196fd2fda180806d7b41cd517f274d5ad3b9f65d873feb3ca7e2b3a72d2?s=96&d=mm&r=g\",\"contentUrl\":\"https:\\\/\\\/secure.gravatar.com\\\/avatar\\\/7eee8196fd2fda180806d7b41cd517f274d5ad3b9f65d873feb3ca7e2b3a72d2?s=96&d=mm&r=g\",\"caption\":\"Antonio Vilela\"}}]}<\/script>\n<!-- \/ Yoast SEO Premium plugin. -->","yoast_head_json":{"title":"Eixo SP eletrifica sua frota com a EVolution Mobility - Latam Mobility","description":"A Eixo SP est\u00e1 avan\u00e7ando significativamente em dire\u00e7\u00e3o \u00e0 sustentabilidade com a adi\u00e7\u00e3o de 10 caminh\u00f5es el\u00e9tricos \u00e0 sua frota, destinados a fortalecer as","robots":{"index":"index","follow":"follow","max-snippet":"max-snippet:-1","max-image-preview":"max-image-preview:large","max-video-preview":"max-video-preview:-1"},"canonical":"https:\/\/latamobility.com\/eixo-sp-electrifica-su-flota-de-la-mano-de-evolution-mobility\/","og_locale":"pt_BR","og_type":"article","og_title":"Eixo SP eletrifica sua frota com a EVolution Mobility","og_description":"A Eixo SP est\u00e1 avan\u00e7ando significativamente em dire\u00e7\u00e3o \u00e0 sustentabilidade com a adi\u00e7\u00e3o de 10 caminh\u00f5es el\u00e9tricos \u00e0 sua frota, destinados a fortalecer as","og_url":"https:\/\/latamobility.com\/eixo-sp-electrifica-su-flota-de-la-mano-de-evolution-mobility\/","og_site_name":"Latam Mobility","article_publisher":"https:\/\/www.facebook.com\/latamobility\/","article_published_time":"2024-06-27T10:30:00+00:00","og_image":[{"width":1280,"height":715,"url":"https:\/\/latamobility.com\/wp-content\/uploads\/2024\/06\/EVolution-Mobility.jpg","type":"image\/jpeg"}],"author":"Antonio Vilela","twitter_card":"summary_large_image","twitter_creator":"@LataMobility","twitter_site":"@LataMobility","twitter_misc":{"Escrito por":"Antonio Vilela","Est. tempo de leitura":"2 minutos"},"schema":{"@context":"https:\/\/schema.org","@graph":[{"@type":"Article","@id":"https:\/\/latamobility.com\/eixo-sp-electrifica-su-flota-de-la-mano-de-evolution-mobility\/#article","isPartOf":{"@id":"https:\/\/latamobility.com\/eixo-sp-electrifica-su-flota-de-la-mano-de-evolution-mobility\/"},"author":{"name":"Antonio Vilela","@id":"https:\/\/latamobility.com\/#\/schema\/person\/fda092a2de1f87d347784282908bad1a"},"headline":"Eixo SP eletrifica sua frota com a EVolution Mobility","datePublished":"2024-06-27T10:30:00+00:00","mainEntityOfPage":{"@id":"https:\/\/latamobility.com\/eixo-sp-electrifica-su-flota-de-la-mano-de-evolution-mobility\/"},"wordCount":377,"commentCount":0,"publisher":{"@id":"https:\/\/latamobility.com\/#organization"},"image":{"@id":"https:\/\/latamobility.com\/eixo-sp-electrifica-su-flota-de-la-mano-de-evolution-mobility\/#primaryimage"},"thumbnailUrl":"https:\/\/latamobility.com\/wp-content\/uploads\/2024\/06\/EVolution-Mobility.jpg","keywords":["Brasil","electromovilidad","Movilidad el\u00e9ctrica","Movilidad Sostenible"],"articleSection":["Movilidad el\u00e9ctrica"],"inLanguage":"pt-BR","potentialAction":[{"@type":"CommentAction","name":"Comment","target":["https:\/\/latamobility.com\/eixo-sp-electrifica-su-flota-de-la-mano-de-evolution-mobility\/#respond"]}]},{"@type":"WebPage","@id":"https:\/\/latamobility.com\/eixo-sp-electrifica-su-flota-de-la-mano-de-evolution-mobility\/","url":"https:\/\/latamobility.com\/eixo-sp-electrifica-su-flota-de-la-mano-de-evolution-mobility\/","name":"Eixo SP eletrifica sua frota com a EVolution Mobility - Latam Mobility","isPartOf":{"@id":"https:\/\/latamobility.com\/#website"},"primaryImageOfPage":{"@id":"https:\/\/latamobility.com\/eixo-sp-electrifica-su-flota-de-la-mano-de-evolution-mobility\/#primaryimage"},"image":{"@id":"https:\/\/latamobility.com\/eixo-sp-electrifica-su-flota-de-la-mano-de-evolution-mobility\/#primaryimage"},"thumbnailUrl":"https:\/\/latamobility.com\/wp-content\/uploads\/2024\/06\/EVolution-Mobility.jpg","datePublished":"2024-06-27T10:30:00+00:00","description":"A Eixo SP est\u00e1 avan\u00e7ando significativamente em dire\u00e7\u00e3o \u00e0 sustentabilidade com a adi\u00e7\u00e3o de 10 caminh\u00f5es el\u00e9tricos \u00e0 sua frota, destinados a fortalecer as","breadcrumb":{"@id":"https:\/\/latamobility.com\/eixo-sp-electrifica-su-flota-de-la-mano-de-evolution-mobility\/#breadcrumb"},"inLanguage":"pt-BR","potentialAction":[{"@type":"ReadAction","target":["https:\/\/latamobility.com\/eixo-sp-electrifica-su-flota-de-la-mano-de-evolution-mobility\/"]}]},{"@type":"ImageObject","inLanguage":"pt-BR","@id":"https:\/\/latamobility.com\/eixo-sp-electrifica-su-flota-de-la-mano-de-evolution-mobility\/#primaryimage","url":"https:\/\/latamobility.com\/wp-content\/uploads\/2024\/06\/EVolution-Mobility.jpg","contentUrl":"https:\/\/latamobility.com\/wp-content\/uploads\/2024\/06\/EVolution-Mobility.jpg","width":1280,"height":715,"caption":"EVolution Mobility"},{"@type":"BreadcrumbList","@id":"https:\/\/latamobility.com\/eixo-sp-electrifica-su-flota-de-la-mano-de-evolution-mobility\/#breadcrumb","itemListElement":[{"@type":"ListItem","position":1,"name":"Portada","item":"https:\/\/latamobility.com\/pt-br\/"},{"@type":"ListItem","position":2,"name":"Eixo SP eletrifica sua frota com a EVolution Mobility"}]},{"@type":"WebSite","@id":"https:\/\/latamobility.com\/#website","url":"https:\/\/latamobility.com\/","name":"Latam Mobility","description":"Serie de Eventos para promover la Movilidad y Transporte sostenible en Latinoam\u00e9rica","publisher":{"@id":"https:\/\/latamobility.com\/#organization"},"potentialAction":[{"@type":"SearchAction","target":{"@type":"EntryPoint","urlTemplate":"https:\/\/latamobility.com\/?s={search_term_string}"},"query-input":{"@type":"PropertyValueSpecification","valueRequired":true,"valueName":"search_term_string"}}],"inLanguage":"pt-BR"},{"@type":"Organization","@id":"https:\/\/latamobility.com\/#organization","name":"LATAM MOBILITY","url":"https:\/\/latamobility.com\/","logo":{"@type":"ImageObject","inLanguage":"pt-BR","@id":"https:\/\/latamobility.com\/#\/schema\/logo\/image\/","url":"https:\/\/latamobility.com\/wp-content\/uploads\/2025\/01\/logos-LM-LG-2025-10.png","contentUrl":"https:\/\/latamobility.com\/wp-content\/uploads\/2025\/01\/logos-LM-LG-2025-10.png","width":1080,"height":1080,"caption":"LATAM MOBILITY"},"image":{"@id":"https:\/\/latamobility.com\/#\/schema\/logo\/image\/"},"sameAs":["https:\/\/www.facebook.com\/latamobility\/","https:\/\/x.com\/LataMobility","https:\/\/www.instagram.com\/latamobility\/","https:\/\/www.linkedin.com\/company\/latamobility\/","https:\/\/www.youtube.com\/channel\/UCtcslRCRY0vITWaOQ1X0XUA"]},{"@type":"Person","@id":"https:\/\/latamobility.com\/#\/schema\/person\/fda092a2de1f87d347784282908bad1a","name":"Antonio Vilela","image":{"@type":"ImageObject","inLanguage":"pt-BR","@id":"https:\/\/secure.gravatar.com\/avatar\/7eee8196fd2fda180806d7b41cd517f274d5ad3b9f65d873feb3ca7e2b3a72d2?s=96&d=mm&r=g","url":"https:\/\/secure.gravatar.com\/avatar\/7eee8196fd2fda180806d7b41cd517f274d5ad3b9f65d873feb3ca7e2b3a72d2?s=96&d=mm&r=g","contentUrl":"https:\/\/secure.gravatar.com\/avatar\/7eee8196fd2fda180806d7b41cd517f274d5ad3b9f65d873feb3ca7e2b3a72d2?s=96&d=mm&r=g","caption":"Antonio Vilela"}}]}},"_links":{"self":[{"href":"https:\/\/latamobility.com\/pt-br\/wp-json\/wp\/v2\/posts\/35108","targetHints":{"allow":["GET"]}}],"collection":[{"href":"https:\/\/latamobility.com\/pt-br\/wp-json\/wp\/v2\/posts"}],"about":[{"href":"https:\/\/latamobility.com\/pt-br\/wp-json\/wp\/v2\/types\/post"}],"author":[{"embeddable":true,"href":"https:\/\/latamobility.com\/pt-br\/wp-json\/wp\/v2\/users\/10"}],"replies":[{"embeddable":true,"href":"https:\/\/latamobility.com\/pt-br\/wp-json\/wp\/v2\/comments?post=35108"}],"version-history":[{"count":4,"href":"https:\/\/latamobility.com\/pt-br\/wp-json\/wp\/v2\/posts\/35108\/revisions"}],"predecessor-version":[{"id":35141,"href":"https:\/\/latamobility.com\/pt-br\/wp-json\/wp\/v2\/posts\/35108\/revisions\/35141"}],"wp:featuredmedia":[{"embeddable":true,"href":"https:\/\/latamobility.com\/pt-br\/wp-json\/wp\/v2\/media\/35101"}],"wp:attachment":[{"href":"https:\/\/latamobility.com\/pt-br\/wp-json\/wp\/v2\/media?parent=35108"}],"wp:term":[{"taxonomy":"category","embeddable":true,"href":"https:\/\/latamobility.com\/pt-br\/wp-json\/wp\/v2\/categories?post=35108"},{"taxonomy":"post_tag","embeddable":true,"href":"https:\/\/latamobility.com\/pt-br\/wp-json\/wp\/v2\/tags?post=35108"}],"curies":[{"name":"wp","href":"https:\/\/api.w.org\/{rel}","templated":true}]}}