{"id":35442,"date":"2024-07-03T05:15:00","date_gmt":"2024-07-03T10:15:00","guid":{"rendered":"https:\/\/latamobility.com\/?p=35442"},"modified":"2024-07-03T07:51:48","modified_gmt":"2024-07-03T12:51:48","slug":"ministerio-dos-transportes-do-brasil-exigira-sustentabilidade-em-concessoes-rodoviarias","status":"publish","type":"post","link":"https:\/\/latamobility.com\/pt-br\/ministerio-dos-transportes-do-brasil-exigira-sustentabilidade-em-concessoes-rodoviarias\/","title":{"rendered":"Minist\u00e9rio dos Transportes do Brasil exigir\u00e1 sustentabilidade em concess\u00f5es rodovi\u00e1rias"},"content":{"rendered":"\n<p><strong>A relev\u00e2ncia da sustentabilidade <\/strong>e da conserva\u00e7\u00e3o do meio ambiente natural est\u00e1 crescendo no setor de transporte, e em resposta a isso, o <strong>Minist\u00e9rio dos Transportes do Brasil<\/strong> divulgou a Portaria n\u00ba 622\/2024 no Di\u00e1rio Oficial da Uni\u00e3o (DOU), que determina que <strong>pelo menos 1% da receita bruta <\/strong>proveniente de contratos de concess\u00e3o de rodovias federais seja destinado <strong>ao desenvolvimento de infraestrutura <\/strong>sustent\u00e1vel.<\/p>\n\n\n\n<p>Segundo <strong>Claves Benevides, subsecret\u00e1ria de Sustentabilidade do Minist\u00e9rio dos Transportes<\/strong>, a nova portaria \u00e9 uma iniciativa que promete mudar radicalmente o planejamento e a execu\u00e7\u00e3o de estrat\u00e9gias.<\/p>\n\n\n\n<p>Esta medida ir\u00e1 promover a resili\u00eancia, possibilitar a adapta\u00e7\u00e3o da infraestrutura de transporte terrestre e fortalecer as rela\u00e7\u00f5es com as comunidades afetadas, criando uma integra\u00e7\u00e3o mais s\u00f3lida e coesa.<\/p>\n\n\n\n<p><strong>Conte\u00fado relacionado: <\/strong><a href=\"https:\/\/latamobility.com\/pt-br\/brasil-firma-acordo-com-a-universidade-de-birmingham-para-promover-o-transporte-sustentavel-por-trem\/\"><strong>Brasil firma parceria com a Universidade de Birmingham para promover o transporte ferrovi\u00e1rio sustent\u00e1vel<\/strong><\/a><\/p>\n\n\n\n<p>Assim, os futuros projetos de concess\u00e3o de rodovias dever\u00e3o incorporar medidas sustent\u00e1veis que abordem a coleta e o gerenciamento de recursos, a prote\u00e7\u00e3o da fauna e da flora, <strong>o impulso \u00e0 efici\u00eancia energ\u00e9tica<\/strong> e o uso de energias renov\u00e1veis.<\/p>\n\n\n\n<h2 class=\"wp-block-heading\" id=\"h-brasil-detalhes-sobre-a-nova-portaria\"><strong>Brasil: Detalhes sobre a nova portaria<\/strong><\/h2>\n\n\n\n<p>Em rela\u00e7\u00e3o aos contratos vigentes, <strong>a Ag\u00eancia Nacional de Transportes Terrestres (ANTT) <\/strong>realizar\u00e1 an\u00e1lises t\u00e9cnicas para identificar \u00e1reas sens\u00edveis e avaliar medidas necess\u00e1rias para aprimorar a execu\u00e7\u00e3o dos contratos.<\/p>\n\n\n\n<p>Al\u00e9m disso, juntamente com a nova portaria, o Minist\u00e9rio dos Transportes divulga um relat\u00f3rio que destaca as amea\u00e7as clim\u00e1ticas e as principais <strong>vulnerabilidades no setor de transporte terrestre do Brasil.<\/strong><\/p>\n\n\n\n<p>Quanto aos inc\u00eandios, os trechos de estrada com maior risco devido ao impacto direto das altas temperaturas est\u00e3o localizados no interior, em todas as regi\u00f5es do Brasil.<\/p>\n\n\n\n<p>Por fim, o transporte ferrovi\u00e1rio ocupa o segundo lugar no Brasil em termos de uso para o transporte de mercadorias, ap\u00f3s o transporte rodovi\u00e1rio. Atualmente, <strong>a extens\u00e3o da rede ferrovi\u00e1ria nacional abrange 30.660 quil\u00f4metros.<\/strong><\/p>\n\n\n\n<p>Segundo o estudo, os estados com maior risco de eros\u00e3o s\u00e3o <strong>Par\u00e1, Maranh\u00e3o, Rio de Janeiro, Minas Gerais e Esp\u00edrito Santo<\/strong>. Em rela\u00e7\u00e3o a inunda\u00e7\u00f5es, a maioria das linhas ferrovi\u00e1rias apresenta n\u00edveis de risco baixos a muito baixos, exceto por alguns trechos em Par\u00e1 e Maranh\u00e3o.<\/p>\n","protected":false},"excerpt":{"rendered":"<p>A relev\u00e2ncia da sustentabilidade e da conserva\u00e7\u00e3o do meio ambiente natural est\u00e1 crescendo no setor de transporte, e em resposta a isso, o Minist\u00e9rio dos Transportes do Brasil divulgou a Portaria n\u00ba 622\/2024 no Di\u00e1rio Oficial da Uni\u00e3o (DOU), que determina que pelo menos 1% da receita bruta proveniente de contratos de concess\u00e3o de rodovias&#8230;<\/p>\n","protected":false},"author":10,"featured_media":35437,"comment_status":"open","ping_status":"closed","sticky":false,"template":"","format":"standard","meta":{"_kad_post_transparent":"","_kad_post_title":"","_kad_post_layout":"","_kad_post_sidebar_id":"","_kad_post_content_style":"","_kad_post_vertical_padding":"","_kad_post_feature":"","_kad_post_feature_position":"","_kad_post_header":false,"_kad_post_footer":false,"_kad_post_classname":"","footnotes":""},"categories":[2356],"tags":[2360,2359,2357],"class_list":["post-35442","post","type-post","status-publish","format-standard","has-post-thumbnail","hentry","category-movilidad-electrica-pt-br","tag-brasil-pt-br","tag-movilidad-electrica-pt-br","tag-movilidad-sostenible-pt-br"],"yoast_head":"<!-- This site is optimized with the Yoast SEO Premium plugin v22.7 (Yoast SEO v27.4) - https:\/\/yoast.com\/product\/yoast-seo-premium-wordpress\/ -->\n<title>Minist\u00e9rio dos Transportes do Brasil exigir\u00e1 sustentabilidade em concess\u00f5es rodovi\u00e1rias - Latam Mobility<\/title>\n<meta name=\"description\" content=\"A relev\u00e2ncia da sustentabilidade e da conserva\u00e7\u00e3o do meio ambiente natural est\u00e1 crescendo no setor de transporte, e em resposta a isso, o Minist\u00e9rio dos\" \/>\n<meta name=\"robots\" content=\"index, follow, max-snippet:-1, max-image-preview:large, max-video-preview:-1\" \/>\n<link rel=\"canonical\" href=\"https:\/\/latamobility.com\/pt-br\/ministerio-dos-transportes-do-brasil-exigira-sustentabilidade-em-concessoes-rodoviarias\/\" \/>\n<meta property=\"og:locale\" content=\"pt_BR\" \/>\n<meta property=\"og:type\" content=\"article\" \/>\n<meta property=\"og:title\" content=\"Minist\u00e9rio dos Transportes do Brasil exigir\u00e1 sustentabilidade em concess\u00f5es rodovi\u00e1rias\" \/>\n<meta property=\"og:description\" content=\"A relev\u00e2ncia da sustentabilidade e da conserva\u00e7\u00e3o do meio ambiente natural est\u00e1 crescendo no setor de transporte, e em resposta a isso, o Minist\u00e9rio dos\" \/>\n<meta property=\"og:url\" content=\"https:\/\/latamobility.com\/pt-br\/ministerio-dos-transportes-do-brasil-exigira-sustentabilidade-em-concessoes-rodoviarias\/\" \/>\n<meta property=\"og:site_name\" content=\"Latam Mobility\" \/>\n<meta property=\"article:publisher\" content=\"https:\/\/www.facebook.com\/latamobility\/\" \/>\n<meta property=\"article:published_time\" content=\"2024-07-03T10:15:00+00:00\" \/>\n<meta property=\"article:modified_time\" content=\"2024-07-03T12:51:48+00:00\" \/>\n<meta property=\"og:image\" content=\"https:\/\/latamobility.com\/wp-content\/uploads\/2024\/07\/Brasil.jpg\" \/>\n\t<meta property=\"og:image:width\" content=\"1280\" \/>\n\t<meta property=\"og:image:height\" content=\"715\" \/>\n\t<meta property=\"og:image:type\" content=\"image\/jpeg\" \/>\n<meta name=\"author\" content=\"Antonio Vilela\" \/>\n<meta name=\"twitter:card\" content=\"summary_large_image\" \/>\n<meta name=\"twitter:creator\" content=\"@LataMobility\" \/>\n<meta name=\"twitter:site\" content=\"@LataMobility\" \/>\n<meta name=\"twitter:label1\" content=\"Escrito por\" \/>\n\t<meta name=\"twitter:data1\" content=\"Antonio Vilela\" \/>\n\t<meta name=\"twitter:label2\" content=\"Est. tempo de leitura\" \/>\n\t<meta name=\"twitter:data2\" content=\"2 minutos\" \/>\n<script type=\"application\/ld+json\" class=\"yoast-schema-graph\">{\"@context\":\"https:\\\/\\\/schema.org\",\"@graph\":[{\"@type\":\"Article\",\"@id\":\"https:\\\/\\\/latamobility.com\\\/pt-br\\\/ministerio-dos-transportes-do-brasil-exigira-sustentabilidade-em-concessoes-rodoviarias\\\/#article\",\"isPartOf\":{\"@id\":\"https:\\\/\\\/latamobility.com\\\/pt-br\\\/ministerio-dos-transportes-do-brasil-exigira-sustentabilidade-em-concessoes-rodoviarias\\\/\"},\"author\":{\"name\":\"Antonio Vilela\",\"@id\":\"https:\\\/\\\/latamobility.com\\\/#\\\/schema\\\/person\\\/fda092a2de1f87d347784282908bad1a\"},\"headline\":\"Minist\u00e9rio dos Transportes do Brasil exigir\u00e1 sustentabilidade em concess\u00f5es rodovi\u00e1rias\",\"datePublished\":\"2024-07-03T10:15:00+00:00\",\"dateModified\":\"2024-07-03T12:51:48+00:00\",\"mainEntityOfPage\":{\"@id\":\"https:\\\/\\\/latamobility.com\\\/pt-br\\\/ministerio-dos-transportes-do-brasil-exigira-sustentabilidade-em-concessoes-rodoviarias\\\/\"},\"wordCount\":410,\"commentCount\":0,\"publisher\":{\"@id\":\"https:\\\/\\\/latamobility.com\\\/#organization\"},\"image\":{\"@id\":\"https:\\\/\\\/latamobility.com\\\/pt-br\\\/ministerio-dos-transportes-do-brasil-exigira-sustentabilidade-em-concessoes-rodoviarias\\\/#primaryimage\"},\"thumbnailUrl\":\"https:\\\/\\\/latamobility.com\\\/wp-content\\\/uploads\\\/2024\\\/07\\\/Brasil.jpg\",\"keywords\":[\"Brasil\",\"Movilidad el\u00e9ctrica\",\"Movilidad Sostenible\"],\"articleSection\":[\"Movilidad el\u00e9ctrica\"],\"inLanguage\":\"pt-BR\",\"potentialAction\":[{\"@type\":\"CommentAction\",\"name\":\"Comment\",\"target\":[\"https:\\\/\\\/latamobility.com\\\/pt-br\\\/ministerio-dos-transportes-do-brasil-exigira-sustentabilidade-em-concessoes-rodoviarias\\\/#respond\"]}]},{\"@type\":\"WebPage\",\"@id\":\"https:\\\/\\\/latamobility.com\\\/pt-br\\\/ministerio-dos-transportes-do-brasil-exigira-sustentabilidade-em-concessoes-rodoviarias\\\/\",\"url\":\"https:\\\/\\\/latamobility.com\\\/pt-br\\\/ministerio-dos-transportes-do-brasil-exigira-sustentabilidade-em-concessoes-rodoviarias\\\/\",\"name\":\"Minist\u00e9rio dos Transportes do Brasil exigir\u00e1 sustentabilidade em concess\u00f5es rodovi\u00e1rias - Latam Mobility\",\"isPartOf\":{\"@id\":\"https:\\\/\\\/latamobility.com\\\/#website\"},\"primaryImageOfPage\":{\"@id\":\"https:\\\/\\\/latamobility.com\\\/pt-br\\\/ministerio-dos-transportes-do-brasil-exigira-sustentabilidade-em-concessoes-rodoviarias\\\/#primaryimage\"},\"image\":{\"@id\":\"https:\\\/\\\/latamobility.com\\\/pt-br\\\/ministerio-dos-transportes-do-brasil-exigira-sustentabilidade-em-concessoes-rodoviarias\\\/#primaryimage\"},\"thumbnailUrl\":\"https:\\\/\\\/latamobility.com\\\/wp-content\\\/uploads\\\/2024\\\/07\\\/Brasil.jpg\",\"datePublished\":\"2024-07-03T10:15:00+00:00\",\"dateModified\":\"2024-07-03T12:51:48+00:00\",\"description\":\"A relev\u00e2ncia da sustentabilidade e da conserva\u00e7\u00e3o do meio ambiente natural est\u00e1 crescendo no setor de transporte, e em resposta a isso, o Minist\u00e9rio dos\",\"breadcrumb\":{\"@id\":\"https:\\\/\\\/latamobility.com\\\/pt-br\\\/ministerio-dos-transportes-do-brasil-exigira-sustentabilidade-em-concessoes-rodoviarias\\\/#breadcrumb\"},\"inLanguage\":\"pt-BR\",\"potentialAction\":[{\"@type\":\"ReadAction\",\"target\":[\"https:\\\/\\\/latamobility.com\\\/pt-br\\\/ministerio-dos-transportes-do-brasil-exigira-sustentabilidade-em-concessoes-rodoviarias\\\/\"]}]},{\"@type\":\"ImageObject\",\"inLanguage\":\"pt-BR\",\"@id\":\"https:\\\/\\\/latamobility.com\\\/pt-br\\\/ministerio-dos-transportes-do-brasil-exigira-sustentabilidade-em-concessoes-rodoviarias\\\/#primaryimage\",\"url\":\"https:\\\/\\\/latamobility.com\\\/wp-content\\\/uploads\\\/2024\\\/07\\\/Brasil.jpg\",\"contentUrl\":\"https:\\\/\\\/latamobility.com\\\/wp-content\\\/uploads\\\/2024\\\/07\\\/Brasil.jpg\",\"width\":1280,\"height\":715,\"caption\":\"Ministerio de Transporte exige sostenibilidad en concesiones viales\"},{\"@type\":\"BreadcrumbList\",\"@id\":\"https:\\\/\\\/latamobility.com\\\/pt-br\\\/ministerio-dos-transportes-do-brasil-exigira-sustentabilidade-em-concessoes-rodoviarias\\\/#breadcrumb\",\"itemListElement\":[{\"@type\":\"ListItem\",\"position\":1,\"name\":\"Portada\",\"item\":\"https:\\\/\\\/latamobility.com\\\/pt-br\\\/\"},{\"@type\":\"ListItem\",\"position\":2,\"name\":\"Minist\u00e9rio dos Transportes do Brasil exigir\u00e1 sustentabilidade em concess\u00f5es rodovi\u00e1rias\"}]},{\"@type\":\"WebSite\",\"@id\":\"https:\\\/\\\/latamobility.com\\\/#website\",\"url\":\"https:\\\/\\\/latamobility.com\\\/\",\"name\":\"Latam Mobility\",\"description\":\"Serie de Eventos para promover la Movilidad y Transporte sostenible en Latinoam\u00e9rica\",\"publisher\":{\"@id\":\"https:\\\/\\\/latamobility.com\\\/#organization\"},\"potentialAction\":[{\"@type\":\"SearchAction\",\"target\":{\"@type\":\"EntryPoint\",\"urlTemplate\":\"https:\\\/\\\/latamobility.com\\\/?s={search_term_string}\"},\"query-input\":{\"@type\":\"PropertyValueSpecification\",\"valueRequired\":true,\"valueName\":\"search_term_string\"}}],\"inLanguage\":\"pt-BR\"},{\"@type\":\"Organization\",\"@id\":\"https:\\\/\\\/latamobility.com\\\/#organization\",\"name\":\"LATAM MOBILITY\",\"url\":\"https:\\\/\\\/latamobility.com\\\/\",\"logo\":{\"@type\":\"ImageObject\",\"inLanguage\":\"pt-BR\",\"@id\":\"https:\\\/\\\/latamobility.com\\\/#\\\/schema\\\/logo\\\/image\\\/\",\"url\":\"https:\\\/\\\/latamobility.com\\\/wp-content\\\/uploads\\\/2025\\\/01\\\/logos-LM-LG-2025-10.png\",\"contentUrl\":\"https:\\\/\\\/latamobility.com\\\/wp-content\\\/uploads\\\/2025\\\/01\\\/logos-LM-LG-2025-10.png\",\"width\":1080,\"height\":1080,\"caption\":\"LATAM MOBILITY\"},\"image\":{\"@id\":\"https:\\\/\\\/latamobility.com\\\/#\\\/schema\\\/logo\\\/image\\\/\"},\"sameAs\":[\"https:\\\/\\\/www.facebook.com\\\/latamobility\\\/\",\"https:\\\/\\\/x.com\\\/LataMobility\",\"https:\\\/\\\/www.instagram.com\\\/latamobility\\\/\",\"https:\\\/\\\/www.linkedin.com\\\/company\\\/latamobility\\\/\",\"https:\\\/\\\/www.youtube.com\\\/channel\\\/UCtcslRCRY0vITWaOQ1X0XUA\"]},{\"@type\":\"Person\",\"@id\":\"https:\\\/\\\/latamobility.com\\\/#\\\/schema\\\/person\\\/fda092a2de1f87d347784282908bad1a\",\"name\":\"Antonio Vilela\",\"image\":{\"@type\":\"ImageObject\",\"inLanguage\":\"pt-BR\",\"@id\":\"https:\\\/\\\/secure.gravatar.com\\\/avatar\\\/7eee8196fd2fda180806d7b41cd517f274d5ad3b9f65d873feb3ca7e2b3a72d2?s=96&d=mm&r=g\",\"url\":\"https:\\\/\\\/secure.gravatar.com\\\/avatar\\\/7eee8196fd2fda180806d7b41cd517f274d5ad3b9f65d873feb3ca7e2b3a72d2?s=96&d=mm&r=g\",\"contentUrl\":\"https:\\\/\\\/secure.gravatar.com\\\/avatar\\\/7eee8196fd2fda180806d7b41cd517f274d5ad3b9f65d873feb3ca7e2b3a72d2?s=96&d=mm&r=g\",\"caption\":\"Antonio Vilela\"}}]}<\/script>\n<!-- \/ Yoast SEO Premium plugin. -->","yoast_head_json":{"title":"Minist\u00e9rio dos Transportes do Brasil exigir\u00e1 sustentabilidade em concess\u00f5es rodovi\u00e1rias - Latam Mobility","description":"A relev\u00e2ncia da sustentabilidade e da conserva\u00e7\u00e3o do meio ambiente natural est\u00e1 crescendo no setor de transporte, e em resposta a isso, o Minist\u00e9rio dos","robots":{"index":"index","follow":"follow","max-snippet":"max-snippet:-1","max-image-preview":"max-image-preview:large","max-video-preview":"max-video-preview:-1"},"canonical":"https:\/\/latamobility.com\/pt-br\/ministerio-dos-transportes-do-brasil-exigira-sustentabilidade-em-concessoes-rodoviarias\/","og_locale":"pt_BR","og_type":"article","og_title":"Minist\u00e9rio dos Transportes do Brasil exigir\u00e1 sustentabilidade em concess\u00f5es rodovi\u00e1rias","og_description":"A relev\u00e2ncia da sustentabilidade e da conserva\u00e7\u00e3o do meio ambiente natural est\u00e1 crescendo no setor de transporte, e em resposta a isso, o Minist\u00e9rio dos","og_url":"https:\/\/latamobility.com\/pt-br\/ministerio-dos-transportes-do-brasil-exigira-sustentabilidade-em-concessoes-rodoviarias\/","og_site_name":"Latam Mobility","article_publisher":"https:\/\/www.facebook.com\/latamobility\/","article_published_time":"2024-07-03T10:15:00+00:00","article_modified_time":"2024-07-03T12:51:48+00:00","og_image":[{"width":1280,"height":715,"url":"https:\/\/latamobility.com\/wp-content\/uploads\/2024\/07\/Brasil.jpg","type":"image\/jpeg"}],"author":"Antonio Vilela","twitter_card":"summary_large_image","twitter_creator":"@LataMobility","twitter_site":"@LataMobility","twitter_misc":{"Escrito por":"Antonio Vilela","Est. tempo de leitura":"2 minutos"},"schema":{"@context":"https:\/\/schema.org","@graph":[{"@type":"Article","@id":"https:\/\/latamobility.com\/pt-br\/ministerio-dos-transportes-do-brasil-exigira-sustentabilidade-em-concessoes-rodoviarias\/#article","isPartOf":{"@id":"https:\/\/latamobility.com\/pt-br\/ministerio-dos-transportes-do-brasil-exigira-sustentabilidade-em-concessoes-rodoviarias\/"},"author":{"name":"Antonio Vilela","@id":"https:\/\/latamobility.com\/#\/schema\/person\/fda092a2de1f87d347784282908bad1a"},"headline":"Minist\u00e9rio dos Transportes do Brasil exigir\u00e1 sustentabilidade em concess\u00f5es rodovi\u00e1rias","datePublished":"2024-07-03T10:15:00+00:00","dateModified":"2024-07-03T12:51:48+00:00","mainEntityOfPage":{"@id":"https:\/\/latamobility.com\/pt-br\/ministerio-dos-transportes-do-brasil-exigira-sustentabilidade-em-concessoes-rodoviarias\/"},"wordCount":410,"commentCount":0,"publisher":{"@id":"https:\/\/latamobility.com\/#organization"},"image":{"@id":"https:\/\/latamobility.com\/pt-br\/ministerio-dos-transportes-do-brasil-exigira-sustentabilidade-em-concessoes-rodoviarias\/#primaryimage"},"thumbnailUrl":"https:\/\/latamobility.com\/wp-content\/uploads\/2024\/07\/Brasil.jpg","keywords":["Brasil","Movilidad el\u00e9ctrica","Movilidad Sostenible"],"articleSection":["Movilidad el\u00e9ctrica"],"inLanguage":"pt-BR","potentialAction":[{"@type":"CommentAction","name":"Comment","target":["https:\/\/latamobility.com\/pt-br\/ministerio-dos-transportes-do-brasil-exigira-sustentabilidade-em-concessoes-rodoviarias\/#respond"]}]},{"@type":"WebPage","@id":"https:\/\/latamobility.com\/pt-br\/ministerio-dos-transportes-do-brasil-exigira-sustentabilidade-em-concessoes-rodoviarias\/","url":"https:\/\/latamobility.com\/pt-br\/ministerio-dos-transportes-do-brasil-exigira-sustentabilidade-em-concessoes-rodoviarias\/","name":"Minist\u00e9rio dos Transportes do Brasil exigir\u00e1 sustentabilidade em concess\u00f5es rodovi\u00e1rias - Latam Mobility","isPartOf":{"@id":"https:\/\/latamobility.com\/#website"},"primaryImageOfPage":{"@id":"https:\/\/latamobility.com\/pt-br\/ministerio-dos-transportes-do-brasil-exigira-sustentabilidade-em-concessoes-rodoviarias\/#primaryimage"},"image":{"@id":"https:\/\/latamobility.com\/pt-br\/ministerio-dos-transportes-do-brasil-exigira-sustentabilidade-em-concessoes-rodoviarias\/#primaryimage"},"thumbnailUrl":"https:\/\/latamobility.com\/wp-content\/uploads\/2024\/07\/Brasil.jpg","datePublished":"2024-07-03T10:15:00+00:00","dateModified":"2024-07-03T12:51:48+00:00","description":"A relev\u00e2ncia da sustentabilidade e da conserva\u00e7\u00e3o do meio ambiente natural est\u00e1 crescendo no setor de transporte, e em resposta a isso, o Minist\u00e9rio dos","breadcrumb":{"@id":"https:\/\/latamobility.com\/pt-br\/ministerio-dos-transportes-do-brasil-exigira-sustentabilidade-em-concessoes-rodoviarias\/#breadcrumb"},"inLanguage":"pt-BR","potentialAction":[{"@type":"ReadAction","target":["https:\/\/latamobility.com\/pt-br\/ministerio-dos-transportes-do-brasil-exigira-sustentabilidade-em-concessoes-rodoviarias\/"]}]},{"@type":"ImageObject","inLanguage":"pt-BR","@id":"https:\/\/latamobility.com\/pt-br\/ministerio-dos-transportes-do-brasil-exigira-sustentabilidade-em-concessoes-rodoviarias\/#primaryimage","url":"https:\/\/latamobility.com\/wp-content\/uploads\/2024\/07\/Brasil.jpg","contentUrl":"https:\/\/latamobility.com\/wp-content\/uploads\/2024\/07\/Brasil.jpg","width":1280,"height":715,"caption":"Ministerio de Transporte exige sostenibilidad en concesiones viales"},{"@type":"BreadcrumbList","@id":"https:\/\/latamobility.com\/pt-br\/ministerio-dos-transportes-do-brasil-exigira-sustentabilidade-em-concessoes-rodoviarias\/#breadcrumb","itemListElement":[{"@type":"ListItem","position":1,"name":"Portada","item":"https:\/\/latamobility.com\/pt-br\/"},{"@type":"ListItem","position":2,"name":"Minist\u00e9rio dos Transportes do Brasil exigir\u00e1 sustentabilidade em concess\u00f5es rodovi\u00e1rias"}]},{"@type":"WebSite","@id":"https:\/\/latamobility.com\/#website","url":"https:\/\/latamobility.com\/","name":"Latam Mobility","description":"Serie de Eventos para promover la Movilidad y Transporte sostenible en Latinoam\u00e9rica","publisher":{"@id":"https:\/\/latamobility.com\/#organization"},"potentialAction":[{"@type":"SearchAction","target":{"@type":"EntryPoint","urlTemplate":"https:\/\/latamobility.com\/?s={search_term_string}"},"query-input":{"@type":"PropertyValueSpecification","valueRequired":true,"valueName":"search_term_string"}}],"inLanguage":"pt-BR"},{"@type":"Organization","@id":"https:\/\/latamobility.com\/#organization","name":"LATAM MOBILITY","url":"https:\/\/latamobility.com\/","logo":{"@type":"ImageObject","inLanguage":"pt-BR","@id":"https:\/\/latamobility.com\/#\/schema\/logo\/image\/","url":"https:\/\/latamobility.com\/wp-content\/uploads\/2025\/01\/logos-LM-LG-2025-10.png","contentUrl":"https:\/\/latamobility.com\/wp-content\/uploads\/2025\/01\/logos-LM-LG-2025-10.png","width":1080,"height":1080,"caption":"LATAM MOBILITY"},"image":{"@id":"https:\/\/latamobility.com\/#\/schema\/logo\/image\/"},"sameAs":["https:\/\/www.facebook.com\/latamobility\/","https:\/\/x.com\/LataMobility","https:\/\/www.instagram.com\/latamobility\/","https:\/\/www.linkedin.com\/company\/latamobility\/","https:\/\/www.youtube.com\/channel\/UCtcslRCRY0vITWaOQ1X0XUA"]},{"@type":"Person","@id":"https:\/\/latamobility.com\/#\/schema\/person\/fda092a2de1f87d347784282908bad1a","name":"Antonio Vilela","image":{"@type":"ImageObject","inLanguage":"pt-BR","@id":"https:\/\/secure.gravatar.com\/avatar\/7eee8196fd2fda180806d7b41cd517f274d5ad3b9f65d873feb3ca7e2b3a72d2?s=96&d=mm&r=g","url":"https:\/\/secure.gravatar.com\/avatar\/7eee8196fd2fda180806d7b41cd517f274d5ad3b9f65d873feb3ca7e2b3a72d2?s=96&d=mm&r=g","contentUrl":"https:\/\/secure.gravatar.com\/avatar\/7eee8196fd2fda180806d7b41cd517f274d5ad3b9f65d873feb3ca7e2b3a72d2?s=96&d=mm&r=g","caption":"Antonio Vilela"}}]}},"_links":{"self":[{"href":"https:\/\/latamobility.com\/pt-br\/wp-json\/wp\/v2\/posts\/35442","targetHints":{"allow":["GET"]}}],"collection":[{"href":"https:\/\/latamobility.com\/pt-br\/wp-json\/wp\/v2\/posts"}],"about":[{"href":"https:\/\/latamobility.com\/pt-br\/wp-json\/wp\/v2\/types\/post"}],"author":[{"embeddable":true,"href":"https:\/\/latamobility.com\/pt-br\/wp-json\/wp\/v2\/users\/10"}],"replies":[{"embeddable":true,"href":"https:\/\/latamobility.com\/pt-br\/wp-json\/wp\/v2\/comments?post=35442"}],"version-history":[{"count":3,"href":"https:\/\/latamobility.com\/pt-br\/wp-json\/wp\/v2\/posts\/35442\/revisions"}],"predecessor-version":[{"id":35450,"href":"https:\/\/latamobility.com\/pt-br\/wp-json\/wp\/v2\/posts\/35442\/revisions\/35450"}],"wp:featuredmedia":[{"embeddable":true,"href":"https:\/\/latamobility.com\/pt-br\/wp-json\/wp\/v2\/media\/35437"}],"wp:attachment":[{"href":"https:\/\/latamobility.com\/pt-br\/wp-json\/wp\/v2\/media?parent=35442"}],"wp:term":[{"taxonomy":"category","embeddable":true,"href":"https:\/\/latamobility.com\/pt-br\/wp-json\/wp\/v2\/categories?post=35442"},{"taxonomy":"post_tag","embeddable":true,"href":"https:\/\/latamobility.com\/pt-br\/wp-json\/wp\/v2\/tags?post=35442"}],"curies":[{"name":"wp","href":"https:\/\/api.w.org\/{rel}","templated":true}]}}