{"id":35531,"date":"2024-07-04T05:25:00","date_gmt":"2024-07-04T10:25:00","guid":{"rendered":"https:\/\/latamobility.com\/?p=35531"},"modified":"2024-07-03T18:13:24","modified_gmt":"2024-07-03T23:13:24","slug":"santander-aposta-nas-motos-eletricas-no-brasil","status":"publish","type":"post","link":"https:\/\/latamobility.com\/pt-br\/santander-aposta-nas-motos-eletricas-no-brasil\/","title":{"rendered":"Santander aposta nas motos el\u00e9tricas no Brasil"},"content":{"rendered":"\n<p><strong>Desde 2022, o<\/strong> <strong>Santander <\/strong>apoia propostas de mobilidade sustent\u00e1vel por meio de patroc\u00ednios locais, impulsionando iniciativas que compartilham um futuro mais ecol\u00f3gico. Nesse sentido, <strong>a institui\u00e7\u00e3o conta com uma colabora\u00e7\u00e3o no Brasil <\/strong>atrav\u00e9s de um servi\u00e7o de aluguel de motos el\u00e9tricas, o qual contribui para a redu\u00e7\u00e3o anual de cerca de<strong> 20 toneladas de emiss\u00f5es de CO<sub>2<\/sub>.<\/strong><\/p>\n\n\n\n<p>Diante desse cen\u00e1rio, <strong>a Ag\u00eancia Europeia do Meio Ambiente <\/strong>aponta que <strong>mais de 70% das emiss\u00f5es <\/strong>de gases de efeito estufa do setor de transporte prov\u00eam de carros, vans, caminh\u00f5es e \u00f4nibus.<\/p>\n\n\n\n<p>Por essa raz\u00e3o, <strong>\u00e9 importante promover formas de mobilidade mais sustent\u00e1veis<\/strong> para reduzir o impacto negativo sobre o planeta. Em particular, \u00e9 essencial focar os esfor\u00e7os nas grandes cidades, que s\u00e3o as principais fontes dessas emiss\u00f5es.<\/p>\n\n\n\n<p><strong>Conte\u00fado relacionado:<\/strong> <a href=\"https:\/\/latamobility.com\/pt-br\/a-eletromobilidade-no-brasil-sob-a-perspectiva-da-abve\/\"><strong>A eletromobilidade no Brasil sob a perspectiva da ABVE<\/strong><\/a><\/p>\n\n\n\n<figure class=\"wp-block-image size-large\"><img fetchpriority=\"high\" decoding=\"async\" width=\"1024\" height=\"572\" src=\"https:\/\/latamobility.com\/wp-content\/uploads\/2024\/07\/Santander-1-1024x572.jpg\" alt=\"Santander\" class=\"wp-image-35522\" srcset=\"https:\/\/latamobility.com\/wp-content\/uploads\/2024\/07\/Santander-1-1024x572.jpg 1024w, https:\/\/latamobility.com\/wp-content\/uploads\/2024\/07\/Santander-1-300x168.jpg 300w, https:\/\/latamobility.com\/wp-content\/uploads\/2024\/07\/Santander-1-768x429.jpg 768w, https:\/\/latamobility.com\/wp-content\/uploads\/2024\/07\/Santander-1.jpg 1280w\" sizes=\"(max-width: 1024px) 100vw, 1024px\" \/><figcaption class=\"wp-element-caption\">Santander<\/figcaption><\/figure>\n\n\n\n<h2 class=\"wp-block-heading\" id=\"h-santander-a-favor-da-eletromobilidade\">Santander a favor da eletromobilidade<\/h2>\n\n\n\n<p>O <strong>Santander Brasil <\/strong>patrocina um projeto em <strong>S\u00e3o Paulo<\/strong>, onde os clientes podem acessar 50 scooters el\u00e9tricas para se deslocarem pela cidade, medida que <strong>evita a emiss\u00e3o anual de 20 toneladas de di\u00f3xido de carbono.<\/strong><\/p>\n\n\n\n<p>Al\u00e9m disso, contribui para diminuir a polui\u00e7\u00e3o sonora, j\u00e1 que os ve\u00edculos el\u00e9tricos s\u00e3o muito mais silenciosos do que os tradicionais.<\/p>\n\n\n\n<figure class=\"wp-block-image size-large\"><img decoding=\"async\" width=\"1024\" height=\"572\" src=\"https:\/\/latamobility.com\/wp-content\/uploads\/2024\/07\/Santander-2-1024x572.jpg\" alt=\"\" class=\"wp-image-35525\" srcset=\"https:\/\/latamobility.com\/wp-content\/uploads\/2024\/07\/Santander-2-1024x572.jpg 1024w, https:\/\/latamobility.com\/wp-content\/uploads\/2024\/07\/Santander-2-300x168.jpg 300w, https:\/\/latamobility.com\/wp-content\/uploads\/2024\/07\/Santander-2-768x429.jpg 768w, https:\/\/latamobility.com\/wp-content\/uploads\/2024\/07\/Santander-2.jpg 1280w\" sizes=\"(max-width: 1024px) 100vw, 1024px\" \/><figcaption class=\"wp-element-caption\">Santander<\/figcaption><\/figure>\n\n\n\n<p>&#8220;O Santander tem se dedicado cada vez mais a projetos que pretendem melhorar a vida nos grandes centros urbanos. \u00c9 o caso da nossa parceria com as motos el\u00e9tricas compartilhadas, que al\u00e9m de ajudar na mobilidade, por ser um meio de transporte acess\u00edvel para a popula\u00e7\u00e3o, melhoram o ar que respiramos&#8221;, <strong>afirmou Carolina Learth, respons\u00e1vel pela \u00e1rea de sustentabilidade do Santander Brasil.<\/strong><\/p>\n\n\n\n<p>Al\u00e9m disso, cabe destacar que o servi\u00e7o inclui um seguro de acidentes e incorpora tecnologias para rastrear os ve\u00edculos em tempo real, que t\u00eam<strong> uma velocidade m\u00e1xima de 50 km\/h.<\/strong><\/p>\n","protected":false},"excerpt":{"rendered":"<p>Desde 2022, o Santander apoia propostas de mobilidade sustent\u00e1vel por meio de patroc\u00ednios locais, impulsionando iniciativas que compartilham um futuro mais ecol\u00f3gico. Nesse sentido, a institui\u00e7\u00e3o conta com uma colabora\u00e7\u00e3o no Brasil atrav\u00e9s de um servi\u00e7o de aluguel de motos el\u00e9tricas, o qual contribui para a redu\u00e7\u00e3o anual de cerca de 20 toneladas de emiss\u00f5es&#8230;<\/p>\n","protected":false},"author":10,"featured_media":35520,"comment_status":"open","ping_status":"closed","sticky":false,"template":"","format":"standard","meta":{"_kad_post_transparent":"","_kad_post_title":"","_kad_post_layout":"","_kad_post_sidebar_id":"","_kad_post_content_style":"","_kad_post_vertical_padding":"","_kad_post_feature":"","_kad_post_feature_position":"","_kad_post_header":false,"_kad_post_footer":false,"_kad_post_classname":"","footnotes":""},"categories":[2356],"tags":[2347,2358,1473,2359,2357,2634],"class_list":["post-35531","post","type-post","status-publish","format-standard","has-post-thumbnail","hentry","category-movilidad-electrica-pt-br","tag-brasil-3","tag-electromovilidad-pt-br","tag-mobilidade-sustentavel","tag-movilidad-electrica-pt-br","tag-movilidad-sostenible-pt-br","tag-santander-2"],"yoast_head":"<!-- This site is optimized with the Yoast SEO Premium plugin v22.7 (Yoast SEO v27.4) - https:\/\/yoast.com\/product\/yoast-seo-premium-wordpress\/ -->\n<title>Santander aposta nas motos el\u00e9tricas no Brasil - Latam Mobility<\/title>\n<meta name=\"description\" content=\"Desde 2022, o Santander apoia propostas de mobilidade sustent\u00e1vel por meio de patroc\u00ednios locais, impulsionando iniciativas que compartilham um futuro\" \/>\n<meta name=\"robots\" content=\"index, follow, max-snippet:-1, max-image-preview:large, max-video-preview:-1\" \/>\n<link rel=\"canonical\" href=\"https:\/\/latamobility.com\/santander-apuesta-por-la-motos-electricas-en-brasil\/\" \/>\n<meta property=\"og:locale\" content=\"pt_BR\" \/>\n<meta property=\"og:type\" content=\"article\" \/>\n<meta property=\"og:title\" content=\"Santander aposta nas motos el\u00e9tricas no Brasil\" \/>\n<meta property=\"og:description\" content=\"Desde 2022, o Santander apoia propostas de mobilidade sustent\u00e1vel por meio de patroc\u00ednios locais, impulsionando iniciativas que compartilham um futuro\" \/>\n<meta property=\"og:url\" content=\"https:\/\/latamobility.com\/santander-apuesta-por-la-motos-electricas-en-brasil\/\" \/>\n<meta property=\"og:site_name\" content=\"Latam Mobility\" \/>\n<meta property=\"article:publisher\" content=\"https:\/\/www.facebook.com\/latamobility\/\" \/>\n<meta property=\"article:published_time\" content=\"2024-07-04T10:25:00+00:00\" \/>\n<meta property=\"og:image\" content=\"https:\/\/latamobility.com\/wp-content\/uploads\/2024\/07\/Santander.jpg\" \/>\n\t<meta property=\"og:image:width\" content=\"1280\" \/>\n\t<meta property=\"og:image:height\" content=\"715\" \/>\n\t<meta property=\"og:image:type\" content=\"image\/jpeg\" \/>\n<meta name=\"author\" content=\"Antonio Vilela\" \/>\n<meta name=\"twitter:card\" content=\"summary_large_image\" \/>\n<meta name=\"twitter:creator\" content=\"@LataMobility\" \/>\n<meta name=\"twitter:site\" content=\"@LataMobility\" \/>\n<meta name=\"twitter:label1\" content=\"Escrito por\" \/>\n\t<meta name=\"twitter:data1\" content=\"Antonio Vilela\" \/>\n\t<meta name=\"twitter:label2\" content=\"Est. tempo de leitura\" \/>\n\t<meta name=\"twitter:data2\" content=\"2 minutos\" \/>\n<script type=\"application\/ld+json\" class=\"yoast-schema-graph\">{\"@context\":\"https:\\\/\\\/schema.org\",\"@graph\":[{\"@type\":\"Article\",\"@id\":\"https:\\\/\\\/latamobility.com\\\/santander-apuesta-por-la-motos-electricas-en-brasil\\\/#article\",\"isPartOf\":{\"@id\":\"https:\\\/\\\/latamobility.com\\\/santander-apuesta-por-la-motos-electricas-en-brasil\\\/\"},\"author\":{\"name\":\"Antonio Vilela\",\"@id\":\"https:\\\/\\\/latamobility.com\\\/#\\\/schema\\\/person\\\/fda092a2de1f87d347784282908bad1a\"},\"headline\":\"Santander aposta nas motos el\u00e9tricas no Brasil\",\"datePublished\":\"2024-07-04T10:25:00+00:00\",\"mainEntityOfPage\":{\"@id\":\"https:\\\/\\\/latamobility.com\\\/santander-apuesta-por-la-motos-electricas-en-brasil\\\/\"},\"wordCount\":331,\"commentCount\":0,\"publisher\":{\"@id\":\"https:\\\/\\\/latamobility.com\\\/#organization\"},\"image\":{\"@id\":\"https:\\\/\\\/latamobility.com\\\/santander-apuesta-por-la-motos-electricas-en-brasil\\\/#primaryimage\"},\"thumbnailUrl\":\"https:\\\/\\\/latamobility.com\\\/wp-content\\\/uploads\\\/2024\\\/07\\\/Santander.jpg\",\"keywords\":[\"Brasil\",\"electromovilidad\",\"Mobilidade sustent\u00e1vel\",\"Movilidad el\u00e9ctrica\",\"Movilidad Sostenible\",\"Santander\"],\"articleSection\":[\"Movilidad el\u00e9ctrica\"],\"inLanguage\":\"pt-BR\",\"potentialAction\":[{\"@type\":\"CommentAction\",\"name\":\"Comment\",\"target\":[\"https:\\\/\\\/latamobility.com\\\/santander-apuesta-por-la-motos-electricas-en-brasil\\\/#respond\"]}]},{\"@type\":\"WebPage\",\"@id\":\"https:\\\/\\\/latamobility.com\\\/santander-apuesta-por-la-motos-electricas-en-brasil\\\/\",\"url\":\"https:\\\/\\\/latamobility.com\\\/santander-apuesta-por-la-motos-electricas-en-brasil\\\/\",\"name\":\"Santander aposta nas motos el\u00e9tricas no Brasil - Latam Mobility\",\"isPartOf\":{\"@id\":\"https:\\\/\\\/latamobility.com\\\/#website\"},\"primaryImageOfPage\":{\"@id\":\"https:\\\/\\\/latamobility.com\\\/santander-apuesta-por-la-motos-electricas-en-brasil\\\/#primaryimage\"},\"image\":{\"@id\":\"https:\\\/\\\/latamobility.com\\\/santander-apuesta-por-la-motos-electricas-en-brasil\\\/#primaryimage\"},\"thumbnailUrl\":\"https:\\\/\\\/latamobility.com\\\/wp-content\\\/uploads\\\/2024\\\/07\\\/Santander.jpg\",\"datePublished\":\"2024-07-04T10:25:00+00:00\",\"description\":\"Desde 2022, o Santander apoia propostas de mobilidade sustent\u00e1vel por meio de patroc\u00ednios locais, impulsionando iniciativas que compartilham um futuro\",\"breadcrumb\":{\"@id\":\"https:\\\/\\\/latamobility.com\\\/santander-apuesta-por-la-motos-electricas-en-brasil\\\/#breadcrumb\"},\"inLanguage\":\"pt-BR\",\"potentialAction\":[{\"@type\":\"ReadAction\",\"target\":[\"https:\\\/\\\/latamobility.com\\\/santander-apuesta-por-la-motos-electricas-en-brasil\\\/\"]}]},{\"@type\":\"ImageObject\",\"inLanguage\":\"pt-BR\",\"@id\":\"https:\\\/\\\/latamobility.com\\\/santander-apuesta-por-la-motos-electricas-en-brasil\\\/#primaryimage\",\"url\":\"https:\\\/\\\/latamobility.com\\\/wp-content\\\/uploads\\\/2024\\\/07\\\/Santander.jpg\",\"contentUrl\":\"https:\\\/\\\/latamobility.com\\\/wp-content\\\/uploads\\\/2024\\\/07\\\/Santander.jpg\",\"width\":1280,\"height\":715,\"caption\":\"Santander\"},{\"@type\":\"BreadcrumbList\",\"@id\":\"https:\\\/\\\/latamobility.com\\\/santander-apuesta-por-la-motos-electricas-en-brasil\\\/#breadcrumb\",\"itemListElement\":[{\"@type\":\"ListItem\",\"position\":1,\"name\":\"Portada\",\"item\":\"https:\\\/\\\/latamobility.com\\\/pt-br\\\/\"},{\"@type\":\"ListItem\",\"position\":2,\"name\":\"Santander aposta nas motos el\u00e9tricas no Brasil\"}]},{\"@type\":\"WebSite\",\"@id\":\"https:\\\/\\\/latamobility.com\\\/#website\",\"url\":\"https:\\\/\\\/latamobility.com\\\/\",\"name\":\"Latam Mobility\",\"description\":\"Serie de Eventos para promover la Movilidad y Transporte sostenible en Latinoam\u00e9rica\",\"publisher\":{\"@id\":\"https:\\\/\\\/latamobility.com\\\/#organization\"},\"potentialAction\":[{\"@type\":\"SearchAction\",\"target\":{\"@type\":\"EntryPoint\",\"urlTemplate\":\"https:\\\/\\\/latamobility.com\\\/?s={search_term_string}\"},\"query-input\":{\"@type\":\"PropertyValueSpecification\",\"valueRequired\":true,\"valueName\":\"search_term_string\"}}],\"inLanguage\":\"pt-BR\"},{\"@type\":\"Organization\",\"@id\":\"https:\\\/\\\/latamobility.com\\\/#organization\",\"name\":\"LATAM MOBILITY\",\"url\":\"https:\\\/\\\/latamobility.com\\\/\",\"logo\":{\"@type\":\"ImageObject\",\"inLanguage\":\"pt-BR\",\"@id\":\"https:\\\/\\\/latamobility.com\\\/#\\\/schema\\\/logo\\\/image\\\/\",\"url\":\"https:\\\/\\\/latamobility.com\\\/wp-content\\\/uploads\\\/2025\\\/01\\\/logos-LM-LG-2025-10.png\",\"contentUrl\":\"https:\\\/\\\/latamobility.com\\\/wp-content\\\/uploads\\\/2025\\\/01\\\/logos-LM-LG-2025-10.png\",\"width\":1080,\"height\":1080,\"caption\":\"LATAM MOBILITY\"},\"image\":{\"@id\":\"https:\\\/\\\/latamobility.com\\\/#\\\/schema\\\/logo\\\/image\\\/\"},\"sameAs\":[\"https:\\\/\\\/www.facebook.com\\\/latamobility\\\/\",\"https:\\\/\\\/x.com\\\/LataMobility\",\"https:\\\/\\\/www.instagram.com\\\/latamobility\\\/\",\"https:\\\/\\\/www.linkedin.com\\\/company\\\/latamobility\\\/\",\"https:\\\/\\\/www.youtube.com\\\/channel\\\/UCtcslRCRY0vITWaOQ1X0XUA\"]},{\"@type\":\"Person\",\"@id\":\"https:\\\/\\\/latamobility.com\\\/#\\\/schema\\\/person\\\/fda092a2de1f87d347784282908bad1a\",\"name\":\"Antonio Vilela\",\"image\":{\"@type\":\"ImageObject\",\"inLanguage\":\"pt-BR\",\"@id\":\"https:\\\/\\\/secure.gravatar.com\\\/avatar\\\/7eee8196fd2fda180806d7b41cd517f274d5ad3b9f65d873feb3ca7e2b3a72d2?s=96&d=mm&r=g\",\"url\":\"https:\\\/\\\/secure.gravatar.com\\\/avatar\\\/7eee8196fd2fda180806d7b41cd517f274d5ad3b9f65d873feb3ca7e2b3a72d2?s=96&d=mm&r=g\",\"contentUrl\":\"https:\\\/\\\/secure.gravatar.com\\\/avatar\\\/7eee8196fd2fda180806d7b41cd517f274d5ad3b9f65d873feb3ca7e2b3a72d2?s=96&d=mm&r=g\",\"caption\":\"Antonio Vilela\"}}]}<\/script>\n<!-- \/ Yoast SEO Premium plugin. -->","yoast_head_json":{"title":"Santander aposta nas motos el\u00e9tricas no Brasil - Latam Mobility","description":"Desde 2022, o Santander apoia propostas de mobilidade sustent\u00e1vel por meio de patroc\u00ednios locais, impulsionando iniciativas que compartilham um futuro","robots":{"index":"index","follow":"follow","max-snippet":"max-snippet:-1","max-image-preview":"max-image-preview:large","max-video-preview":"max-video-preview:-1"},"canonical":"https:\/\/latamobility.com\/santander-apuesta-por-la-motos-electricas-en-brasil\/","og_locale":"pt_BR","og_type":"article","og_title":"Santander aposta nas motos el\u00e9tricas no Brasil","og_description":"Desde 2022, o Santander apoia propostas de mobilidade sustent\u00e1vel por meio de patroc\u00ednios locais, impulsionando iniciativas que compartilham um futuro","og_url":"https:\/\/latamobility.com\/santander-apuesta-por-la-motos-electricas-en-brasil\/","og_site_name":"Latam Mobility","article_publisher":"https:\/\/www.facebook.com\/latamobility\/","article_published_time":"2024-07-04T10:25:00+00:00","og_image":[{"width":1280,"height":715,"url":"https:\/\/latamobility.com\/wp-content\/uploads\/2024\/07\/Santander.jpg","type":"image\/jpeg"}],"author":"Antonio Vilela","twitter_card":"summary_large_image","twitter_creator":"@LataMobility","twitter_site":"@LataMobility","twitter_misc":{"Escrito por":"Antonio Vilela","Est. tempo de leitura":"2 minutos"},"schema":{"@context":"https:\/\/schema.org","@graph":[{"@type":"Article","@id":"https:\/\/latamobility.com\/santander-apuesta-por-la-motos-electricas-en-brasil\/#article","isPartOf":{"@id":"https:\/\/latamobility.com\/santander-apuesta-por-la-motos-electricas-en-brasil\/"},"author":{"name":"Antonio Vilela","@id":"https:\/\/latamobility.com\/#\/schema\/person\/fda092a2de1f87d347784282908bad1a"},"headline":"Santander aposta nas motos el\u00e9tricas no Brasil","datePublished":"2024-07-04T10:25:00+00:00","mainEntityOfPage":{"@id":"https:\/\/latamobility.com\/santander-apuesta-por-la-motos-electricas-en-brasil\/"},"wordCount":331,"commentCount":0,"publisher":{"@id":"https:\/\/latamobility.com\/#organization"},"image":{"@id":"https:\/\/latamobility.com\/santander-apuesta-por-la-motos-electricas-en-brasil\/#primaryimage"},"thumbnailUrl":"https:\/\/latamobility.com\/wp-content\/uploads\/2024\/07\/Santander.jpg","keywords":["Brasil","electromovilidad","Mobilidade sustent\u00e1vel","Movilidad el\u00e9ctrica","Movilidad Sostenible","Santander"],"articleSection":["Movilidad el\u00e9ctrica"],"inLanguage":"pt-BR","potentialAction":[{"@type":"CommentAction","name":"Comment","target":["https:\/\/latamobility.com\/santander-apuesta-por-la-motos-electricas-en-brasil\/#respond"]}]},{"@type":"WebPage","@id":"https:\/\/latamobility.com\/santander-apuesta-por-la-motos-electricas-en-brasil\/","url":"https:\/\/latamobility.com\/santander-apuesta-por-la-motos-electricas-en-brasil\/","name":"Santander aposta nas motos el\u00e9tricas no Brasil - Latam Mobility","isPartOf":{"@id":"https:\/\/latamobility.com\/#website"},"primaryImageOfPage":{"@id":"https:\/\/latamobility.com\/santander-apuesta-por-la-motos-electricas-en-brasil\/#primaryimage"},"image":{"@id":"https:\/\/latamobility.com\/santander-apuesta-por-la-motos-electricas-en-brasil\/#primaryimage"},"thumbnailUrl":"https:\/\/latamobility.com\/wp-content\/uploads\/2024\/07\/Santander.jpg","datePublished":"2024-07-04T10:25:00+00:00","description":"Desde 2022, o Santander apoia propostas de mobilidade sustent\u00e1vel por meio de patroc\u00ednios locais, impulsionando iniciativas que compartilham um futuro","breadcrumb":{"@id":"https:\/\/latamobility.com\/santander-apuesta-por-la-motos-electricas-en-brasil\/#breadcrumb"},"inLanguage":"pt-BR","potentialAction":[{"@type":"ReadAction","target":["https:\/\/latamobility.com\/santander-apuesta-por-la-motos-electricas-en-brasil\/"]}]},{"@type":"ImageObject","inLanguage":"pt-BR","@id":"https:\/\/latamobility.com\/santander-apuesta-por-la-motos-electricas-en-brasil\/#primaryimage","url":"https:\/\/latamobility.com\/wp-content\/uploads\/2024\/07\/Santander.jpg","contentUrl":"https:\/\/latamobility.com\/wp-content\/uploads\/2024\/07\/Santander.jpg","width":1280,"height":715,"caption":"Santander"},{"@type":"BreadcrumbList","@id":"https:\/\/latamobility.com\/santander-apuesta-por-la-motos-electricas-en-brasil\/#breadcrumb","itemListElement":[{"@type":"ListItem","position":1,"name":"Portada","item":"https:\/\/latamobility.com\/pt-br\/"},{"@type":"ListItem","position":2,"name":"Santander aposta nas motos el\u00e9tricas no Brasil"}]},{"@type":"WebSite","@id":"https:\/\/latamobility.com\/#website","url":"https:\/\/latamobility.com\/","name":"Latam Mobility","description":"Serie de Eventos para promover la Movilidad y Transporte sostenible en Latinoam\u00e9rica","publisher":{"@id":"https:\/\/latamobility.com\/#organization"},"potentialAction":[{"@type":"SearchAction","target":{"@type":"EntryPoint","urlTemplate":"https:\/\/latamobility.com\/?s={search_term_string}"},"query-input":{"@type":"PropertyValueSpecification","valueRequired":true,"valueName":"search_term_string"}}],"inLanguage":"pt-BR"},{"@type":"Organization","@id":"https:\/\/latamobility.com\/#organization","name":"LATAM MOBILITY","url":"https:\/\/latamobility.com\/","logo":{"@type":"ImageObject","inLanguage":"pt-BR","@id":"https:\/\/latamobility.com\/#\/schema\/logo\/image\/","url":"https:\/\/latamobility.com\/wp-content\/uploads\/2025\/01\/logos-LM-LG-2025-10.png","contentUrl":"https:\/\/latamobility.com\/wp-content\/uploads\/2025\/01\/logos-LM-LG-2025-10.png","width":1080,"height":1080,"caption":"LATAM MOBILITY"},"image":{"@id":"https:\/\/latamobility.com\/#\/schema\/logo\/image\/"},"sameAs":["https:\/\/www.facebook.com\/latamobility\/","https:\/\/x.com\/LataMobility","https:\/\/www.instagram.com\/latamobility\/","https:\/\/www.linkedin.com\/company\/latamobility\/","https:\/\/www.youtube.com\/channel\/UCtcslRCRY0vITWaOQ1X0XUA"]},{"@type":"Person","@id":"https:\/\/latamobility.com\/#\/schema\/person\/fda092a2de1f87d347784282908bad1a","name":"Antonio Vilela","image":{"@type":"ImageObject","inLanguage":"pt-BR","@id":"https:\/\/secure.gravatar.com\/avatar\/7eee8196fd2fda180806d7b41cd517f274d5ad3b9f65d873feb3ca7e2b3a72d2?s=96&d=mm&r=g","url":"https:\/\/secure.gravatar.com\/avatar\/7eee8196fd2fda180806d7b41cd517f274d5ad3b9f65d873feb3ca7e2b3a72d2?s=96&d=mm&r=g","contentUrl":"https:\/\/secure.gravatar.com\/avatar\/7eee8196fd2fda180806d7b41cd517f274d5ad3b9f65d873feb3ca7e2b3a72d2?s=96&d=mm&r=g","caption":"Antonio Vilela"}}]}},"_links":{"self":[{"href":"https:\/\/latamobility.com\/pt-br\/wp-json\/wp\/v2\/posts\/35531","targetHints":{"allow":["GET"]}}],"collection":[{"href":"https:\/\/latamobility.com\/pt-br\/wp-json\/wp\/v2\/posts"}],"about":[{"href":"https:\/\/latamobility.com\/pt-br\/wp-json\/wp\/v2\/types\/post"}],"author":[{"embeddable":true,"href":"https:\/\/latamobility.com\/pt-br\/wp-json\/wp\/v2\/users\/10"}],"replies":[{"embeddable":true,"href":"https:\/\/latamobility.com\/pt-br\/wp-json\/wp\/v2\/comments?post=35531"}],"version-history":[{"count":2,"href":"https:\/\/latamobility.com\/pt-br\/wp-json\/wp\/v2\/posts\/35531\/revisions"}],"predecessor-version":[{"id":35535,"href":"https:\/\/latamobility.com\/pt-br\/wp-json\/wp\/v2\/posts\/35531\/revisions\/35535"}],"wp:featuredmedia":[{"embeddable":true,"href":"https:\/\/latamobility.com\/pt-br\/wp-json\/wp\/v2\/media\/35520"}],"wp:attachment":[{"href":"https:\/\/latamobility.com\/pt-br\/wp-json\/wp\/v2\/media?parent=35531"}],"wp:term":[{"taxonomy":"category","embeddable":true,"href":"https:\/\/latamobility.com\/pt-br\/wp-json\/wp\/v2\/categories?post=35531"},{"taxonomy":"post_tag","embeddable":true,"href":"https:\/\/latamobility.com\/pt-br\/wp-json\/wp\/v2\/tags?post=35531"}],"curies":[{"name":"wp","href":"https:\/\/api.w.org\/{rel}","templated":true}]}}