{"id":36459,"date":"2024-07-22T05:25:00","date_gmt":"2024-07-22T10:25:00","guid":{"rendered":"https:\/\/latamobility.com\/?p=36459"},"modified":"2024-07-22T07:56:23","modified_gmt":"2024-07-22T12:56:23","slug":"evolvx-relatorio-detalhado-sobre-mobilidade-sustentavel-no-brasil","status":"publish","type":"post","link":"https:\/\/latamobility.com\/pt-br\/evolvx-relatorio-detalhado-sobre-mobilidade-sustentavel-no-brasil\/","title":{"rendered":"EvolvX: Relat\u00f3rio Detalhado sobre Mobilidade Sustent\u00e1vel no Brasil"},"content":{"rendered":"\n<p>O <strong>Latam Mobility Brasil 2024<\/strong> reuniu l\u00edderes da ind\u00fastria, especialistas em mobilidade e representantes governamentais para discutir inova\u00e7\u00f5es e desafios na mobilidade sustent\u00e1vel. L\u00e1, <strong>Ronaldo Sandoval<\/strong>, diretor da <strong>EvolvX<\/strong>, compartilhou um relat\u00f3rio detalhado sobre a situa\u00e7\u00e3o atual e o futuro da mobilidade sustent\u00e1vel no pa\u00eds.<\/p>\n\n\n\n<p>Nesse sentido, integrar pr\u00e1ticas de mobilidade sustent\u00e1vel \u00e9 importante para alcan\u00e7ar benef\u00edcios ambientais, sociais e econ\u00f4micos significativos, onde foi discutida <strong>a matriz energ\u00e9tica do Brasil.<\/strong><\/p>\n\n\n\n<p>Para garantir a mobilidade el\u00e9trica, \u00e9 essencial ter uma rede de recarga robusta e integrada. No <strong>Brasil<\/strong>, a propor\u00e7\u00e3o de fontes renov\u00e1veis e n\u00e3o renov\u00e1veis \u00e9 quase igual, embora a matriz el\u00e9trica do pa\u00eds mostre uma grande participa\u00e7\u00e3o de fontes renov\u00e1veis, <strong>maior do que em muitos outros pa\u00edses.<\/strong><\/p>\n\n\n\n<figure class=\"wp-block-image size-large\"><img fetchpriority=\"high\" decoding=\"async\" width=\"1024\" height=\"572\" src=\"https:\/\/latamobility.com\/wp-content\/uploads\/2024\/07\/Ronaldo-Sandoval-1-1024x572.jpg\" alt=\"EvolvX\" class=\"wp-image-36466\" srcset=\"https:\/\/latamobility.com\/wp-content\/uploads\/2024\/07\/Ronaldo-Sandoval-1-1024x572.jpg 1024w, https:\/\/latamobility.com\/wp-content\/uploads\/2024\/07\/Ronaldo-Sandoval-1-300x168.jpg 300w, https:\/\/latamobility.com\/wp-content\/uploads\/2024\/07\/Ronaldo-Sandoval-1-768x429.jpg 768w, https:\/\/latamobility.com\/wp-content\/uploads\/2024\/07\/Ronaldo-Sandoval-1.jpg 1280w\" sizes=\"(max-width: 1024px) 100vw, 1024px\" \/><\/figure>\n\n\n\n<h2 class=\"wp-block-heading\" id=\"h-evolvx-crescimento-do-mercado-de-veiculos-eletricos\"><strong>EvolvX: Crescimento do Mercado de Ve\u00edculos El\u00e9tricos<\/strong><\/h2>\n\n\n\n<p>O relat\u00f3rio revelou dados sobre o crescimento do mercado de ve\u00edculos el\u00e9tricos, onde nos primeiros cinco meses do ano, foram vendidos quase <strong>70% mais ve\u00edculos leves eletrificados <\/strong>(h\u00edbridos, plug-in e 100% el\u00e9tricos) em compara\u00e7\u00e3o com o mesmo per\u00edodo do ano anterior.<\/p>\n\n\n\n<p>Nesse contexto, em compara\u00e7\u00e3o com outros pa\u00edses da regi\u00e3o <strong>(M\u00e9xico, Col\u00f4mbia, Chile e Panam\u00e1)<\/strong>, os n\u00fameros absolutos dessas na\u00e7\u00f5es s\u00e3o menores em compara\u00e7\u00e3o com<strong> o Brasil. <\/strong><\/p>\n\n\n\n<p>Por outro lado, em infraestrutura de recarga, o relat\u00f3rio destacou que as unidades federais com o maior n\u00famero de pontos de recarga p\u00fablicos s\u00e3o <strong>S\u00e3o Paulo, Rio de Janeiro, Santa Catarina, Paran\u00e1 e Minas Gerais.<\/strong><\/p>\n\n\n\n<p>Finalmente, apesar da alta depend\u00eancia dos combust\u00edveis f\u00f3sseis, <strong>as oportunidades s\u00e3o infinitas no Brasil, <\/strong>especialmente em tecnologia, cria\u00e7\u00e3o de novos empregos e melhoria da qualidade ambiental.<\/p>\n","protected":false},"excerpt":{"rendered":"<p>O Latam Mobility Brasil 2024 reuniu l\u00edderes da ind\u00fastria, especialistas em mobilidade e representantes governamentais para discutir inova\u00e7\u00f5es e desafios na mobilidade sustent\u00e1vel. L\u00e1, Ronaldo Sandoval, diretor da EvolvX, compartilhou um relat\u00f3rio detalhado sobre a situa\u00e7\u00e3o atual e o futuro da mobilidade sustent\u00e1vel no pa\u00eds. Nesse sentido, integrar pr\u00e1ticas de mobilidade sustent\u00e1vel \u00e9 importante para&#8230;<\/p>\n","protected":false},"author":10,"featured_media":36465,"comment_status":"open","ping_status":"closed","sticky":false,"template":"","format":"standard","meta":{"_kad_post_transparent":"","_kad_post_title":"","_kad_post_layout":"","_kad_post_sidebar_id":"","_kad_post_content_style":"","_kad_post_vertical_padding":"","_kad_post_feature":"","_kad_post_feature_position":"","_kad_post_header":false,"_kad_post_footer":false,"_kad_post_classname":"","footnotes":""},"categories":[1468],"tags":[2360,2347,2580,2359,2357],"class_list":["post-36459","post","type-post","status-publish","format-standard","has-post-thumbnail","hentry","category-nao-categorizado","tag-brasil-pt-br","tag-brasil-3","tag-evolvx-3","tag-movilidad-electrica-pt-br","tag-movilidad-sostenible-pt-br"],"yoast_head":"<!-- This site is optimized with the Yoast SEO Premium plugin v22.7 (Yoast SEO v27.4) - https:\/\/yoast.com\/product\/yoast-seo-premium-wordpress\/ -->\n<title>EvolvX: Relat\u00f3rio Detalhado sobre Mobilidade Sustent\u00e1vel no Brasil - Latam Mobility<\/title>\n<meta name=\"description\" content=\"O Latam Mobility Brasil 2024 reuniu l\u00edderes da ind\u00fastria, especialistas em mobilidade e representantes governamentais para discutir inova\u00e7\u00f5es e desafios\" \/>\n<meta name=\"robots\" content=\"index, follow, max-snippet:-1, max-image-preview:large, max-video-preview:-1\" \/>\n<link rel=\"canonical\" href=\"https:\/\/latamobility.com\/pt-br\/evolvx-relatorio-detalhado-sobre-mobilidade-sustentavel-no-brasil\/\" \/>\n<meta property=\"og:locale\" content=\"pt_BR\" \/>\n<meta property=\"og:type\" content=\"article\" \/>\n<meta property=\"og:title\" content=\"EvolvX: Relat\u00f3rio Detalhado sobre Mobilidade Sustent\u00e1vel no Brasil\" \/>\n<meta property=\"og:description\" content=\"O Latam Mobility Brasil 2024 reuniu l\u00edderes da ind\u00fastria, especialistas em mobilidade e representantes governamentais para discutir inova\u00e7\u00f5es e desafios\" \/>\n<meta property=\"og:url\" content=\"https:\/\/latamobility.com\/pt-br\/evolvx-relatorio-detalhado-sobre-mobilidade-sustentavel-no-brasil\/\" \/>\n<meta property=\"og:site_name\" content=\"Latam Mobility\" \/>\n<meta property=\"article:publisher\" content=\"https:\/\/www.facebook.com\/latamobility\/\" \/>\n<meta property=\"article:published_time\" content=\"2024-07-22T10:25:00+00:00\" \/>\n<meta property=\"article:modified_time\" content=\"2024-07-22T12:56:23+00:00\" \/>\n<meta property=\"og:image\" content=\"https:\/\/latamobility.com\/wp-content\/uploads\/2024\/07\/Ronaldo-Sandoval.jpg\" \/>\n\t<meta property=\"og:image:width\" content=\"1280\" \/>\n\t<meta property=\"og:image:height\" content=\"715\" \/>\n\t<meta property=\"og:image:type\" content=\"image\/jpeg\" \/>\n<meta name=\"author\" content=\"Antonio Vilela\" \/>\n<meta name=\"twitter:card\" content=\"summary_large_image\" \/>\n<meta name=\"twitter:creator\" content=\"@LataMobility\" \/>\n<meta name=\"twitter:site\" content=\"@LataMobility\" \/>\n<meta name=\"twitter:label1\" content=\"Escrito por\" \/>\n\t<meta name=\"twitter:data1\" content=\"Antonio Vilela\" \/>\n\t<meta name=\"twitter:label2\" content=\"Est. tempo de leitura\" \/>\n\t<meta name=\"twitter:data2\" content=\"2 minutos\" \/>\n<script type=\"application\/ld+json\" class=\"yoast-schema-graph\">{\"@context\":\"https:\\\/\\\/schema.org\",\"@graph\":[{\"@type\":\"Article\",\"@id\":\"https:\\\/\\\/latamobility.com\\\/pt-br\\\/evolvx-relatorio-detalhado-sobre-mobilidade-sustentavel-no-brasil\\\/#article\",\"isPartOf\":{\"@id\":\"https:\\\/\\\/latamobility.com\\\/pt-br\\\/evolvx-relatorio-detalhado-sobre-mobilidade-sustentavel-no-brasil\\\/\"},\"author\":{\"name\":\"Antonio Vilela\",\"@id\":\"https:\\\/\\\/latamobility.com\\\/#\\\/schema\\\/person\\\/fda092a2de1f87d347784282908bad1a\"},\"headline\":\"EvolvX: Relat\u00f3rio Detalhado sobre Mobilidade Sustent\u00e1vel no Brasil\",\"datePublished\":\"2024-07-22T10:25:00+00:00\",\"dateModified\":\"2024-07-22T12:56:23+00:00\",\"mainEntityOfPage\":{\"@id\":\"https:\\\/\\\/latamobility.com\\\/pt-br\\\/evolvx-relatorio-detalhado-sobre-mobilidade-sustentavel-no-brasil\\\/\"},\"wordCount\":310,\"commentCount\":0,\"publisher\":{\"@id\":\"https:\\\/\\\/latamobility.com\\\/#organization\"},\"image\":{\"@id\":\"https:\\\/\\\/latamobility.com\\\/pt-br\\\/evolvx-relatorio-detalhado-sobre-mobilidade-sustentavel-no-brasil\\\/#primaryimage\"},\"thumbnailUrl\":\"https:\\\/\\\/latamobility.com\\\/wp-content\\\/uploads\\\/2024\\\/07\\\/Ronaldo-Sandoval.jpg\",\"keywords\":[\"Brasil\",\"Brasil\",\"EvolvX\",\"Movilidad el\u00e9ctrica\",\"Movilidad Sostenible\"],\"articleSection\":[\"N\u00e3o categorizado\"],\"inLanguage\":\"pt-BR\",\"potentialAction\":[{\"@type\":\"CommentAction\",\"name\":\"Comment\",\"target\":[\"https:\\\/\\\/latamobility.com\\\/pt-br\\\/evolvx-relatorio-detalhado-sobre-mobilidade-sustentavel-no-brasil\\\/#respond\"]}]},{\"@type\":\"WebPage\",\"@id\":\"https:\\\/\\\/latamobility.com\\\/pt-br\\\/evolvx-relatorio-detalhado-sobre-mobilidade-sustentavel-no-brasil\\\/\",\"url\":\"https:\\\/\\\/latamobility.com\\\/pt-br\\\/evolvx-relatorio-detalhado-sobre-mobilidade-sustentavel-no-brasil\\\/\",\"name\":\"EvolvX: Relat\u00f3rio Detalhado sobre Mobilidade Sustent\u00e1vel no Brasil - Latam Mobility\",\"isPartOf\":{\"@id\":\"https:\\\/\\\/latamobility.com\\\/#website\"},\"primaryImageOfPage\":{\"@id\":\"https:\\\/\\\/latamobility.com\\\/pt-br\\\/evolvx-relatorio-detalhado-sobre-mobilidade-sustentavel-no-brasil\\\/#primaryimage\"},\"image\":{\"@id\":\"https:\\\/\\\/latamobility.com\\\/pt-br\\\/evolvx-relatorio-detalhado-sobre-mobilidade-sustentavel-no-brasil\\\/#primaryimage\"},\"thumbnailUrl\":\"https:\\\/\\\/latamobility.com\\\/wp-content\\\/uploads\\\/2024\\\/07\\\/Ronaldo-Sandoval.jpg\",\"datePublished\":\"2024-07-22T10:25:00+00:00\",\"dateModified\":\"2024-07-22T12:56:23+00:00\",\"description\":\"O Latam Mobility Brasil 2024 reuniu l\u00edderes da ind\u00fastria, especialistas em mobilidade e representantes governamentais para discutir inova\u00e7\u00f5es e desafios\",\"breadcrumb\":{\"@id\":\"https:\\\/\\\/latamobility.com\\\/pt-br\\\/evolvx-relatorio-detalhado-sobre-mobilidade-sustentavel-no-brasil\\\/#breadcrumb\"},\"inLanguage\":\"pt-BR\",\"potentialAction\":[{\"@type\":\"ReadAction\",\"target\":[\"https:\\\/\\\/latamobility.com\\\/pt-br\\\/evolvx-relatorio-detalhado-sobre-mobilidade-sustentavel-no-brasil\\\/\"]}]},{\"@type\":\"ImageObject\",\"inLanguage\":\"pt-BR\",\"@id\":\"https:\\\/\\\/latamobility.com\\\/pt-br\\\/evolvx-relatorio-detalhado-sobre-mobilidade-sustentavel-no-brasil\\\/#primaryimage\",\"url\":\"https:\\\/\\\/latamobility.com\\\/wp-content\\\/uploads\\\/2024\\\/07\\\/Ronaldo-Sandoval.jpg\",\"contentUrl\":\"https:\\\/\\\/latamobility.com\\\/wp-content\\\/uploads\\\/2024\\\/07\\\/Ronaldo-Sandoval.jpg\",\"width\":1280,\"height\":715,\"caption\":\"Ronaldo Sandoval\"},{\"@type\":\"BreadcrumbList\",\"@id\":\"https:\\\/\\\/latamobility.com\\\/pt-br\\\/evolvx-relatorio-detalhado-sobre-mobilidade-sustentavel-no-brasil\\\/#breadcrumb\",\"itemListElement\":[{\"@type\":\"ListItem\",\"position\":1,\"name\":\"Portada\",\"item\":\"https:\\\/\\\/latamobility.com\\\/pt-br\\\/\"},{\"@type\":\"ListItem\",\"position\":2,\"name\":\"EvolvX: Relat\u00f3rio Detalhado sobre Mobilidade Sustent\u00e1vel no Brasil\"}]},{\"@type\":\"WebSite\",\"@id\":\"https:\\\/\\\/latamobility.com\\\/#website\",\"url\":\"https:\\\/\\\/latamobility.com\\\/\",\"name\":\"Latam Mobility\",\"description\":\"Serie de Eventos para promover la Movilidad y Transporte sostenible en Latinoam\u00e9rica\",\"publisher\":{\"@id\":\"https:\\\/\\\/latamobility.com\\\/#organization\"},\"potentialAction\":[{\"@type\":\"SearchAction\",\"target\":{\"@type\":\"EntryPoint\",\"urlTemplate\":\"https:\\\/\\\/latamobility.com\\\/?s={search_term_string}\"},\"query-input\":{\"@type\":\"PropertyValueSpecification\",\"valueRequired\":true,\"valueName\":\"search_term_string\"}}],\"inLanguage\":\"pt-BR\"},{\"@type\":\"Organization\",\"@id\":\"https:\\\/\\\/latamobility.com\\\/#organization\",\"name\":\"LATAM MOBILITY\",\"url\":\"https:\\\/\\\/latamobility.com\\\/\",\"logo\":{\"@type\":\"ImageObject\",\"inLanguage\":\"pt-BR\",\"@id\":\"https:\\\/\\\/latamobility.com\\\/#\\\/schema\\\/logo\\\/image\\\/\",\"url\":\"https:\\\/\\\/latamobility.com\\\/wp-content\\\/uploads\\\/2025\\\/01\\\/logos-LM-LG-2025-10.png\",\"contentUrl\":\"https:\\\/\\\/latamobility.com\\\/wp-content\\\/uploads\\\/2025\\\/01\\\/logos-LM-LG-2025-10.png\",\"width\":1080,\"height\":1080,\"caption\":\"LATAM MOBILITY\"},\"image\":{\"@id\":\"https:\\\/\\\/latamobility.com\\\/#\\\/schema\\\/logo\\\/image\\\/\"},\"sameAs\":[\"https:\\\/\\\/www.facebook.com\\\/latamobility\\\/\",\"https:\\\/\\\/x.com\\\/LataMobility\",\"https:\\\/\\\/www.instagram.com\\\/latamobility\\\/\",\"https:\\\/\\\/www.linkedin.com\\\/company\\\/latamobility\\\/\",\"https:\\\/\\\/www.youtube.com\\\/channel\\\/UCtcslRCRY0vITWaOQ1X0XUA\"]},{\"@type\":\"Person\",\"@id\":\"https:\\\/\\\/latamobility.com\\\/#\\\/schema\\\/person\\\/fda092a2de1f87d347784282908bad1a\",\"name\":\"Antonio Vilela\",\"image\":{\"@type\":\"ImageObject\",\"inLanguage\":\"pt-BR\",\"@id\":\"https:\\\/\\\/secure.gravatar.com\\\/avatar\\\/7eee8196fd2fda180806d7b41cd517f274d5ad3b9f65d873feb3ca7e2b3a72d2?s=96&d=mm&r=g\",\"url\":\"https:\\\/\\\/secure.gravatar.com\\\/avatar\\\/7eee8196fd2fda180806d7b41cd517f274d5ad3b9f65d873feb3ca7e2b3a72d2?s=96&d=mm&r=g\",\"contentUrl\":\"https:\\\/\\\/secure.gravatar.com\\\/avatar\\\/7eee8196fd2fda180806d7b41cd517f274d5ad3b9f65d873feb3ca7e2b3a72d2?s=96&d=mm&r=g\",\"caption\":\"Antonio Vilela\"}}]}<\/script>\n<!-- \/ Yoast SEO Premium plugin. -->","yoast_head_json":{"title":"EvolvX: Relat\u00f3rio Detalhado sobre Mobilidade Sustent\u00e1vel no Brasil - Latam Mobility","description":"O Latam Mobility Brasil 2024 reuniu l\u00edderes da ind\u00fastria, especialistas em mobilidade e representantes governamentais para discutir inova\u00e7\u00f5es e desafios","robots":{"index":"index","follow":"follow","max-snippet":"max-snippet:-1","max-image-preview":"max-image-preview:large","max-video-preview":"max-video-preview:-1"},"canonical":"https:\/\/latamobility.com\/pt-br\/evolvx-relatorio-detalhado-sobre-mobilidade-sustentavel-no-brasil\/","og_locale":"pt_BR","og_type":"article","og_title":"EvolvX: Relat\u00f3rio Detalhado sobre Mobilidade Sustent\u00e1vel no Brasil","og_description":"O Latam Mobility Brasil 2024 reuniu l\u00edderes da ind\u00fastria, especialistas em mobilidade e representantes governamentais para discutir inova\u00e7\u00f5es e desafios","og_url":"https:\/\/latamobility.com\/pt-br\/evolvx-relatorio-detalhado-sobre-mobilidade-sustentavel-no-brasil\/","og_site_name":"Latam Mobility","article_publisher":"https:\/\/www.facebook.com\/latamobility\/","article_published_time":"2024-07-22T10:25:00+00:00","article_modified_time":"2024-07-22T12:56:23+00:00","og_image":[{"width":1280,"height":715,"url":"https:\/\/latamobility.com\/wp-content\/uploads\/2024\/07\/Ronaldo-Sandoval.jpg","type":"image\/jpeg"}],"author":"Antonio Vilela","twitter_card":"summary_large_image","twitter_creator":"@LataMobility","twitter_site":"@LataMobility","twitter_misc":{"Escrito por":"Antonio Vilela","Est. tempo de leitura":"2 minutos"},"schema":{"@context":"https:\/\/schema.org","@graph":[{"@type":"Article","@id":"https:\/\/latamobility.com\/pt-br\/evolvx-relatorio-detalhado-sobre-mobilidade-sustentavel-no-brasil\/#article","isPartOf":{"@id":"https:\/\/latamobility.com\/pt-br\/evolvx-relatorio-detalhado-sobre-mobilidade-sustentavel-no-brasil\/"},"author":{"name":"Antonio Vilela","@id":"https:\/\/latamobility.com\/#\/schema\/person\/fda092a2de1f87d347784282908bad1a"},"headline":"EvolvX: Relat\u00f3rio Detalhado sobre Mobilidade Sustent\u00e1vel no Brasil","datePublished":"2024-07-22T10:25:00+00:00","dateModified":"2024-07-22T12:56:23+00:00","mainEntityOfPage":{"@id":"https:\/\/latamobility.com\/pt-br\/evolvx-relatorio-detalhado-sobre-mobilidade-sustentavel-no-brasil\/"},"wordCount":310,"commentCount":0,"publisher":{"@id":"https:\/\/latamobility.com\/#organization"},"image":{"@id":"https:\/\/latamobility.com\/pt-br\/evolvx-relatorio-detalhado-sobre-mobilidade-sustentavel-no-brasil\/#primaryimage"},"thumbnailUrl":"https:\/\/latamobility.com\/wp-content\/uploads\/2024\/07\/Ronaldo-Sandoval.jpg","keywords":["Brasil","Brasil","EvolvX","Movilidad el\u00e9ctrica","Movilidad Sostenible"],"articleSection":["N\u00e3o categorizado"],"inLanguage":"pt-BR","potentialAction":[{"@type":"CommentAction","name":"Comment","target":["https:\/\/latamobility.com\/pt-br\/evolvx-relatorio-detalhado-sobre-mobilidade-sustentavel-no-brasil\/#respond"]}]},{"@type":"WebPage","@id":"https:\/\/latamobility.com\/pt-br\/evolvx-relatorio-detalhado-sobre-mobilidade-sustentavel-no-brasil\/","url":"https:\/\/latamobility.com\/pt-br\/evolvx-relatorio-detalhado-sobre-mobilidade-sustentavel-no-brasil\/","name":"EvolvX: Relat\u00f3rio Detalhado sobre Mobilidade Sustent\u00e1vel no Brasil - Latam Mobility","isPartOf":{"@id":"https:\/\/latamobility.com\/#website"},"primaryImageOfPage":{"@id":"https:\/\/latamobility.com\/pt-br\/evolvx-relatorio-detalhado-sobre-mobilidade-sustentavel-no-brasil\/#primaryimage"},"image":{"@id":"https:\/\/latamobility.com\/pt-br\/evolvx-relatorio-detalhado-sobre-mobilidade-sustentavel-no-brasil\/#primaryimage"},"thumbnailUrl":"https:\/\/latamobility.com\/wp-content\/uploads\/2024\/07\/Ronaldo-Sandoval.jpg","datePublished":"2024-07-22T10:25:00+00:00","dateModified":"2024-07-22T12:56:23+00:00","description":"O Latam Mobility Brasil 2024 reuniu l\u00edderes da ind\u00fastria, especialistas em mobilidade e representantes governamentais para discutir inova\u00e7\u00f5es e desafios","breadcrumb":{"@id":"https:\/\/latamobility.com\/pt-br\/evolvx-relatorio-detalhado-sobre-mobilidade-sustentavel-no-brasil\/#breadcrumb"},"inLanguage":"pt-BR","potentialAction":[{"@type":"ReadAction","target":["https:\/\/latamobility.com\/pt-br\/evolvx-relatorio-detalhado-sobre-mobilidade-sustentavel-no-brasil\/"]}]},{"@type":"ImageObject","inLanguage":"pt-BR","@id":"https:\/\/latamobility.com\/pt-br\/evolvx-relatorio-detalhado-sobre-mobilidade-sustentavel-no-brasil\/#primaryimage","url":"https:\/\/latamobility.com\/wp-content\/uploads\/2024\/07\/Ronaldo-Sandoval.jpg","contentUrl":"https:\/\/latamobility.com\/wp-content\/uploads\/2024\/07\/Ronaldo-Sandoval.jpg","width":1280,"height":715,"caption":"Ronaldo Sandoval"},{"@type":"BreadcrumbList","@id":"https:\/\/latamobility.com\/pt-br\/evolvx-relatorio-detalhado-sobre-mobilidade-sustentavel-no-brasil\/#breadcrumb","itemListElement":[{"@type":"ListItem","position":1,"name":"Portada","item":"https:\/\/latamobility.com\/pt-br\/"},{"@type":"ListItem","position":2,"name":"EvolvX: Relat\u00f3rio Detalhado sobre Mobilidade Sustent\u00e1vel no Brasil"}]},{"@type":"WebSite","@id":"https:\/\/latamobility.com\/#website","url":"https:\/\/latamobility.com\/","name":"Latam Mobility","description":"Serie de Eventos para promover la Movilidad y Transporte sostenible en Latinoam\u00e9rica","publisher":{"@id":"https:\/\/latamobility.com\/#organization"},"potentialAction":[{"@type":"SearchAction","target":{"@type":"EntryPoint","urlTemplate":"https:\/\/latamobility.com\/?s={search_term_string}"},"query-input":{"@type":"PropertyValueSpecification","valueRequired":true,"valueName":"search_term_string"}}],"inLanguage":"pt-BR"},{"@type":"Organization","@id":"https:\/\/latamobility.com\/#organization","name":"LATAM MOBILITY","url":"https:\/\/latamobility.com\/","logo":{"@type":"ImageObject","inLanguage":"pt-BR","@id":"https:\/\/latamobility.com\/#\/schema\/logo\/image\/","url":"https:\/\/latamobility.com\/wp-content\/uploads\/2025\/01\/logos-LM-LG-2025-10.png","contentUrl":"https:\/\/latamobility.com\/wp-content\/uploads\/2025\/01\/logos-LM-LG-2025-10.png","width":1080,"height":1080,"caption":"LATAM MOBILITY"},"image":{"@id":"https:\/\/latamobility.com\/#\/schema\/logo\/image\/"},"sameAs":["https:\/\/www.facebook.com\/latamobility\/","https:\/\/x.com\/LataMobility","https:\/\/www.instagram.com\/latamobility\/","https:\/\/www.linkedin.com\/company\/latamobility\/","https:\/\/www.youtube.com\/channel\/UCtcslRCRY0vITWaOQ1X0XUA"]},{"@type":"Person","@id":"https:\/\/latamobility.com\/#\/schema\/person\/fda092a2de1f87d347784282908bad1a","name":"Antonio Vilela","image":{"@type":"ImageObject","inLanguage":"pt-BR","@id":"https:\/\/secure.gravatar.com\/avatar\/7eee8196fd2fda180806d7b41cd517f274d5ad3b9f65d873feb3ca7e2b3a72d2?s=96&d=mm&r=g","url":"https:\/\/secure.gravatar.com\/avatar\/7eee8196fd2fda180806d7b41cd517f274d5ad3b9f65d873feb3ca7e2b3a72d2?s=96&d=mm&r=g","contentUrl":"https:\/\/secure.gravatar.com\/avatar\/7eee8196fd2fda180806d7b41cd517f274d5ad3b9f65d873feb3ca7e2b3a72d2?s=96&d=mm&r=g","caption":"Antonio Vilela"}}]}},"_links":{"self":[{"href":"https:\/\/latamobility.com\/pt-br\/wp-json\/wp\/v2\/posts\/36459","targetHints":{"allow":["GET"]}}],"collection":[{"href":"https:\/\/latamobility.com\/pt-br\/wp-json\/wp\/v2\/posts"}],"about":[{"href":"https:\/\/latamobility.com\/pt-br\/wp-json\/wp\/v2\/types\/post"}],"author":[{"embeddable":true,"href":"https:\/\/latamobility.com\/pt-br\/wp-json\/wp\/v2\/users\/10"}],"replies":[{"embeddable":true,"href":"https:\/\/latamobility.com\/pt-br\/wp-json\/wp\/v2\/comments?post=36459"}],"version-history":[{"count":3,"href":"https:\/\/latamobility.com\/pt-br\/wp-json\/wp\/v2\/posts\/36459\/revisions"}],"predecessor-version":[{"id":36474,"href":"https:\/\/latamobility.com\/pt-br\/wp-json\/wp\/v2\/posts\/36459\/revisions\/36474"}],"wp:featuredmedia":[{"embeddable":true,"href":"https:\/\/latamobility.com\/pt-br\/wp-json\/wp\/v2\/media\/36465"}],"wp:attachment":[{"href":"https:\/\/latamobility.com\/pt-br\/wp-json\/wp\/v2\/media?parent=36459"}],"wp:term":[{"taxonomy":"category","embeddable":true,"href":"https:\/\/latamobility.com\/pt-br\/wp-json\/wp\/v2\/categories?post=36459"},{"taxonomy":"post_tag","embeddable":true,"href":"https:\/\/latamobility.com\/pt-br\/wp-json\/wp\/v2\/tags?post=36459"}],"curies":[{"name":"wp","href":"https:\/\/api.w.org\/{rel}","templated":true}]}}