{"id":36787,"date":"2024-07-26T05:30:00","date_gmt":"2024-07-26T10:30:00","guid":{"rendered":"https:\/\/latamobility.com\/?p=36787"},"modified":"2024-07-26T07:45:00","modified_gmt":"2024-07-26T12:45:00","slug":"cicloway-driverlab-evolution-mobility-ifood-e-mercado-livre-apostam-em-transicao-sustentavel-na-gestao-de-frotas","status":"publish","type":"post","link":"https:\/\/latamobility.com\/pt-br\/cicloway-driverlab-evolution-mobility-ifood-e-mercado-livre-apostam-em-transicao-sustentavel-na-gestao-de-frotas\/","title":{"rendered":"Cicloway, DriverLab, EVolution Mobility, Ifood e Mercado Livre apostam em transi\u00e7\u00e3o sustent\u00e1vel na gest\u00e3o de frotas"},"content":{"rendered":"\n<p><strong>A gest\u00e3o de frotas e aluguel,<\/strong> aliada \u00e0 infraestrutura, tecnologia e sustentabilidade, foi um dos principais temas discutidos no painel <strong>&#8220;Latam Mobility: Brazil 2024&#8221;,<\/strong> com representantes de empresas de prest\u00edgio.<\/p>\n\n\n\n<p><strong>Lucas Zanon Arantes, CEO da EVolution Mobility<\/strong>, destacou as solu\u00e7\u00f5es inovadoras de mobilidade el\u00e9trica que a empresa oferece \u00e0s empresas.<\/p>\n\n\n\n<p>Ele detalhou que eles fazem parte do P\u00e1tria, uma plataforma de investimentos alternativos na Am\u00e9rica Latina com <strong>v\u00e1rias empresas afiliadas.<\/strong><\/p>\n\n\n\n<p>&#8220;Desenvolvemos a solu\u00e7\u00e3o completa, entregamos n\u00e3o s\u00f3 um processo de diagn\u00f3stico, mas tamb\u00e9m consultoria para mostrar qual \u00e9 o potencial de eletrifica\u00e7\u00e3o da frota adaptado a cada opera\u00e7\u00e3o e, claro, encontrar o TCO positivo&#8221;, <strong>explicou.<\/strong><\/p>\n\n\n\n<p>Ele ressaltou que o objetivo \u00e9 desenvolver os projetos encontrando a viabilidade econ\u00f4mica, um aspecto fundamental para ter escala no processo de transi\u00e7\u00e3o para a eletromobilidade.<\/p>\n\n\n\n<h2 class=\"wp-block-heading\" id=\"h-solucoes-cicloway\"><strong>Solu\u00e7\u00f5es Cicloway<\/strong><\/h2>\n\n\n\n<p><strong>Jo\u00e3o Guilherme Zurita Hannud, CEO da Cicloway<\/strong>, explicou que eles trabalham com aluguel de ve\u00edculos el\u00e9tricos com ampla experi\u00eancia no setor.<\/p>\n\n\n\n<p>&#8220;H\u00e1 sete anos come\u00e7amos a trabalhar com outras modalidades, desde scooters at\u00e9 bicicletas, passando por motocicletas e triciclos, ent\u00e3o j\u00e1 falamos muito sobre quatro rodas. Falei sobre ve\u00edculos de duas rodas e tamb\u00e9m vou falar um pouco sobre ve\u00edculos de tr\u00eas rodas, ent\u00e3o acho que \u00e9 hora de inclu\u00ed-los. <strong>Fomos praticamente pioneiros&#8221;, enfatizou.<\/strong><\/p>\n\n\n\n<p>Ele ressaltou que eles impulsionaram <strong>os ve\u00edculos de carga na jornada de entrega log\u00edstica da \u00faltima milha<\/strong>. &#8220;Pensamos muito no transporte tradicional, mas podemos resolver as coisas com diferentes modos de transporte de outras maneiras.&#8221;<\/p>\n\n\n\n<p>&#8220;Quando se trata de mobilidade, seja ela urbana ou em outras cidades que n\u00e3o t\u00eam esse recurso, temos que buscar o mesmo comportamento de saber como encontrar a solu\u00e7\u00e3o certa&#8221;, acrescentou.<\/p>\n\n\n\n<figure class=\"wp-block-image size-large\"><img fetchpriority=\"high\" decoding=\"async\" width=\"1024\" height=\"572\" src=\"https:\/\/latamobility.com\/wp-content\/uploads\/2024\/07\/LM-1-1-1024x572.jpg\" alt=\"\" class=\"wp-image-36798\" srcset=\"https:\/\/latamobility.com\/wp-content\/uploads\/2024\/07\/LM-1-1-1024x572.jpg 1024w, https:\/\/latamobility.com\/wp-content\/uploads\/2024\/07\/LM-1-1-300x168.jpg 300w, https:\/\/latamobility.com\/wp-content\/uploads\/2024\/07\/LM-1-1-768x429.jpg 768w, https:\/\/latamobility.com\/wp-content\/uploads\/2024\/07\/LM-1-1.jpg 1280w\" sizes=\"(max-width: 1024px) 100vw, 1024px\" \/><\/figure>\n\n\n\n<h2 class=\"wp-block-heading\" id=\"h-mobilidade-com-aplicativos\"><strong>Mobilidade com aplicativos<\/strong><\/h2>\n\n\n\n<p><strong>Fernando Pfeiffer, Diretor de Estrat\u00e9gia do DriverLab &#8211; 99\/Didi,<\/strong> destacou que eles atuam em tr\u00eas pilares principais no mercado brasileiro atualmente, que \u00e9 basicamente a mobilidade por app, uma fintech e uma opera\u00e7\u00e3o de delivery.<\/p>\n\n\n\n<p>&#8220;Somos o primeiro unic\u00f3rnio do mercado brasileiro, que nos \u00faltimos 10 anos teve um impacto de mais de R$ 54 milh\u00f5es no nosso PIB, e uma empresa que est\u00e1 muito antenada com os desafios e a pluralidade do nosso mercado para realmente trazer solu\u00e7\u00f5es que fa\u00e7am a jornada&#8221;, <strong>disse.<\/strong><\/p>\n\n\n\n<p>Ele garantiu que <strong>a jornada do motorista parceiro do aplicativo \u00e9 mais f\u00e1cil e d\u00e1 a ele maiores possibilidades de progresso<\/strong>. &#8220;O Driver Lab nada mais \u00e9 do que uma c\u00e9lula de inova\u00e7\u00e3o e o que fazemos \u00e9 facilitar para o motorista de aplicativo a aquisi\u00e7\u00e3o de um ve\u00edculo motorizado para prestar seu servi\u00e7o e reduzir os custos operacionais.&#8221;<\/p>\n\n\n\n<p>&nbsp;Pfeiffer detalhou que eles t\u00eam 1,5 milh\u00e3o de motoristas parceiros que atendem 50 milh\u00f5es de brasileiros e mais de 3.300 cidades.<\/p>\n\n\n\n<h2 class=\"wp-block-heading\" id=\"h-entregas-sem-emissoes\"><strong>Entregas sem emiss\u00f5es<\/strong><\/h2>\n\n\n\n<p><strong>Andr\u00e9 Borges, diretor de sustentabilidade do Ifood<\/strong>, disse que eles est\u00e3o comprometidos com a descarboniza\u00e7\u00e3o.<\/p>\n\n\n\n<p>&nbsp;&#8220;Para aumentar a porcentagem de entregas limpas que temos, estamos avan\u00e7ando nisso e temos uma boa base por causa das bicicletas, bicicletas el\u00e9tricas e agora estamos entrando em motocicletas el\u00e9tricas desde alguns anos atr\u00e1s.&#8221;<\/p>\n\n\n\n<p>Ele especificou que, atualmente, o iFood tem quase mil scooters el\u00e9tricas j\u00e1 em opera\u00e7\u00e3o. &#8220;Recentemente, entramos para a alian\u00e7a de mobilidade sustent\u00e1vel, que foi um movimento criado pela <strong>99 h\u00e1 dois<\/strong> anos. Acho que o grande desafio aqui \u00e9 como estabelecer um ecossistema.&#8221;<\/p>\n\n\n\n<h2 class=\"wp-block-heading\" id=\"h-a-experiencia-do-mercado-livre\"><strong>A experi\u00eancia do Mercado Livre<\/strong><\/h2>\n\n\n\n<p>Henrique Lacerda, Gerente de Mobilidade e Frota do Mercado Livre, destacou que tem sido um grande desafio realizar a mudan\u00e7a de paradigma no setor para fazer a transi\u00e7\u00e3o para a mobilidade sustent\u00e1vel.<\/p>\n\n\n\n<p>&#8220;Evolu\u00edmos muito na transforma\u00e7\u00e3o de toda a Am\u00e9rica Latina e, como parte dessa estrat\u00e9gia, estamos tentando liderar o caminho quando se trata de entregar principalmente a primeira e a \u00faltima milha&#8221;, <strong>disse ele.<\/strong><\/p>\n\n\n\n<p>Lacerda detalhou que <strong>em 2023 o Mercado Livre<\/strong> encerrou a opera\u00e7\u00e3o latino-americana com 2.300 ve\u00edculos el\u00e9tricos. &#8220;Aqui no Brasil estamos chegando a 1.400 e vamos terminar o ano com 2.000 ve\u00edculos el\u00e9tricos, liderando essa agenda e conseguindo construir a eletromobilidade no pa\u00eds.&#8221;<\/p>\n\n\n\n<p>&#8220;Temos uma oportunidade de construir um ecossistema, tanto na Alianzas quanto trabalhando com outras empresas, porque o nosso ecossistema de com\u00e9rcio eletr\u00f4nico est\u00e1 crescendo muito, ent\u00e3o somos l\u00edderes, estamos tentando liderar essa agenda e precisamos de mais pessoas conosco aqui&#8221;, <strong>concluiu.<\/strong><\/p>\n","protected":false},"excerpt":{"rendered":"<p>A gest\u00e3o de frotas e aluguel, aliada \u00e0 infraestrutura, tecnologia e sustentabilidade, foi um dos principais temas discutidos no painel &#8220;Latam Mobility: Brazil 2024&#8221;, com representantes de empresas de prest\u00edgio. Lucas Zanon Arantes, CEO da EVolution Mobility, destacou as solu\u00e7\u00f5es inovadoras de mobilidade el\u00e9trica que a empresa oferece \u00e0s empresas. Ele detalhou que eles fazem&#8230;<\/p>\n","protected":false},"author":10,"featured_media":36793,"comment_status":"open","ping_status":"closed","sticky":false,"template":"","format":"standard","meta":{"_kad_post_transparent":"","_kad_post_title":"","_kad_post_layout":"","_kad_post_sidebar_id":"","_kad_post_content_style":"","_kad_post_vertical_padding":"","_kad_post_feature":"","_kad_post_feature_position":"","_kad_post_header":false,"_kad_post_footer":false,"_kad_post_classname":"","footnotes":""},"categories":[2356],"tags":[2360,2347,2358,2359,2357],"class_list":["post-36787","post","type-post","status-publish","format-standard","has-post-thumbnail","hentry","category-movilidad-electrica-pt-br","tag-brasil-pt-br","tag-brasil-3","tag-electromovilidad-pt-br","tag-movilidad-electrica-pt-br","tag-movilidad-sostenible-pt-br"],"yoast_head":"<!-- This site is optimized with the Yoast SEO Premium plugin v22.7 (Yoast SEO v27.4) - https:\/\/yoast.com\/product\/yoast-seo-premium-wordpress\/ -->\n<title>Cicloway, DriverLab, EVolution Mobility, Ifood e Mercado Livre apostam em transi\u00e7\u00e3o sustent\u00e1vel na gest\u00e3o de frotas - Latam Mobility<\/title>\n<meta name=\"description\" content=\"A gest\u00e3o de frotas e aluguel, aliada \u00e0 infraestrutura, tecnologia e sustentabilidade, foi um dos principais temas discutidos no painel &quot;Latam Mobility:\" \/>\n<meta name=\"robots\" content=\"index, follow, max-snippet:-1, max-image-preview:large, max-video-preview:-1\" \/>\n<link rel=\"canonical\" href=\"https:\/\/latamobility.com\/cicloway-driverlab-evolution-mobility-ifood-y-mercado-libre-apuestan-por-la-transicion-sostenible-en-la-gestion-de-flotas\/\" \/>\n<meta property=\"og:locale\" content=\"pt_BR\" \/>\n<meta property=\"og:type\" content=\"article\" \/>\n<meta property=\"og:title\" content=\"Cicloway, DriverLab, EVolution Mobility, Ifood e Mercado Livre apostam em transi\u00e7\u00e3o sustent\u00e1vel na gest\u00e3o de frotas\" \/>\n<meta property=\"og:description\" content=\"A gest\u00e3o de frotas e aluguel, aliada \u00e0 infraestrutura, tecnologia e sustentabilidade, foi um dos principais temas discutidos no painel &quot;Latam Mobility:\" \/>\n<meta property=\"og:url\" content=\"https:\/\/latamobility.com\/cicloway-driverlab-evolution-mobility-ifood-y-mercado-libre-apuestan-por-la-transicion-sostenible-en-la-gestion-de-flotas\/\" \/>\n<meta property=\"og:site_name\" content=\"Latam Mobility\" \/>\n<meta property=\"article:publisher\" content=\"https:\/\/www.facebook.com\/latamobility\/\" \/>\n<meta property=\"article:published_time\" content=\"2024-07-26T10:30:00+00:00\" \/>\n<meta property=\"article:modified_time\" content=\"2024-07-26T12:45:00+00:00\" \/>\n<meta property=\"og:image\" content=\"https:\/\/latamobility.com\/wp-content\/uploads\/2024\/07\/LM-4.jpg\" \/>\n\t<meta property=\"og:image:width\" content=\"1280\" \/>\n\t<meta property=\"og:image:height\" content=\"715\" \/>\n\t<meta property=\"og:image:type\" content=\"image\/jpeg\" \/>\n<meta name=\"author\" content=\"Antonio Vilela\" \/>\n<meta name=\"twitter:card\" content=\"summary_large_image\" \/>\n<meta name=\"twitter:creator\" content=\"@LataMobility\" \/>\n<meta name=\"twitter:site\" content=\"@LataMobility\" \/>\n<meta name=\"twitter:label1\" content=\"Escrito por\" \/>\n\t<meta name=\"twitter:data1\" content=\"Antonio Vilela\" \/>\n\t<meta name=\"twitter:label2\" content=\"Est. tempo de leitura\" \/>\n\t<meta name=\"twitter:data2\" content=\"4 minutos\" \/>\n<script type=\"application\/ld+json\" class=\"yoast-schema-graph\">{\"@context\":\"https:\\\/\\\/schema.org\",\"@graph\":[{\"@type\":\"Article\",\"@id\":\"https:\\\/\\\/latamobility.com\\\/cicloway-driverlab-evolution-mobility-ifood-y-mercado-libre-apuestan-por-la-transicion-sostenible-en-la-gestion-de-flotas\\\/#article\",\"isPartOf\":{\"@id\":\"https:\\\/\\\/latamobility.com\\\/cicloway-driverlab-evolution-mobility-ifood-y-mercado-libre-apuestan-por-la-transicion-sostenible-en-la-gestion-de-flotas\\\/\"},\"author\":{\"name\":\"Antonio Vilela\",\"@id\":\"https:\\\/\\\/latamobility.com\\\/#\\\/schema\\\/person\\\/fda092a2de1f87d347784282908bad1a\"},\"headline\":\"Cicloway, DriverLab, EVolution Mobility, Ifood e Mercado Livre apostam em transi\u00e7\u00e3o sustent\u00e1vel na gest\u00e3o de frotas\",\"datePublished\":\"2024-07-26T10:30:00+00:00\",\"dateModified\":\"2024-07-26T12:45:00+00:00\",\"mainEntityOfPage\":{\"@id\":\"https:\\\/\\\/latamobility.com\\\/cicloway-driverlab-evolution-mobility-ifood-y-mercado-libre-apuestan-por-la-transicion-sostenible-en-la-gestion-de-flotas\\\/\"},\"wordCount\":767,\"commentCount\":0,\"publisher\":{\"@id\":\"https:\\\/\\\/latamobility.com\\\/#organization\"},\"image\":{\"@id\":\"https:\\\/\\\/latamobility.com\\\/cicloway-driverlab-evolution-mobility-ifood-y-mercado-libre-apuestan-por-la-transicion-sostenible-en-la-gestion-de-flotas\\\/#primaryimage\"},\"thumbnailUrl\":\"https:\\\/\\\/latamobility.com\\\/wp-content\\\/uploads\\\/2024\\\/07\\\/LM-4.jpg\",\"keywords\":[\"Brasil\",\"Brasil\",\"electromovilidad\",\"Movilidad el\u00e9ctrica\",\"Movilidad Sostenible\"],\"articleSection\":[\"Movilidad el\u00e9ctrica\"],\"inLanguage\":\"pt-BR\",\"potentialAction\":[{\"@type\":\"CommentAction\",\"name\":\"Comment\",\"target\":[\"https:\\\/\\\/latamobility.com\\\/cicloway-driverlab-evolution-mobility-ifood-y-mercado-libre-apuestan-por-la-transicion-sostenible-en-la-gestion-de-flotas\\\/#respond\"]}]},{\"@type\":\"WebPage\",\"@id\":\"https:\\\/\\\/latamobility.com\\\/cicloway-driverlab-evolution-mobility-ifood-y-mercado-libre-apuestan-por-la-transicion-sostenible-en-la-gestion-de-flotas\\\/\",\"url\":\"https:\\\/\\\/latamobility.com\\\/cicloway-driverlab-evolution-mobility-ifood-y-mercado-libre-apuestan-por-la-transicion-sostenible-en-la-gestion-de-flotas\\\/\",\"name\":\"Cicloway, DriverLab, EVolution Mobility, Ifood e Mercado Livre apostam em transi\u00e7\u00e3o sustent\u00e1vel na gest\u00e3o de frotas - Latam Mobility\",\"isPartOf\":{\"@id\":\"https:\\\/\\\/latamobility.com\\\/#website\"},\"primaryImageOfPage\":{\"@id\":\"https:\\\/\\\/latamobility.com\\\/cicloway-driverlab-evolution-mobility-ifood-y-mercado-libre-apuestan-por-la-transicion-sostenible-en-la-gestion-de-flotas\\\/#primaryimage\"},\"image\":{\"@id\":\"https:\\\/\\\/latamobility.com\\\/cicloway-driverlab-evolution-mobility-ifood-y-mercado-libre-apuestan-por-la-transicion-sostenible-en-la-gestion-de-flotas\\\/#primaryimage\"},\"thumbnailUrl\":\"https:\\\/\\\/latamobility.com\\\/wp-content\\\/uploads\\\/2024\\\/07\\\/LM-4.jpg\",\"datePublished\":\"2024-07-26T10:30:00+00:00\",\"dateModified\":\"2024-07-26T12:45:00+00:00\",\"description\":\"A gest\u00e3o de frotas e aluguel, aliada \u00e0 infraestrutura, tecnologia e sustentabilidade, foi um dos principais temas discutidos no painel \\\"Latam Mobility:\",\"breadcrumb\":{\"@id\":\"https:\\\/\\\/latamobility.com\\\/cicloway-driverlab-evolution-mobility-ifood-y-mercado-libre-apuestan-por-la-transicion-sostenible-en-la-gestion-de-flotas\\\/#breadcrumb\"},\"inLanguage\":\"pt-BR\",\"potentialAction\":[{\"@type\":\"ReadAction\",\"target\":[\"https:\\\/\\\/latamobility.com\\\/cicloway-driverlab-evolution-mobility-ifood-y-mercado-libre-apuestan-por-la-transicion-sostenible-en-la-gestion-de-flotas\\\/\"]}]},{\"@type\":\"ImageObject\",\"inLanguage\":\"pt-BR\",\"@id\":\"https:\\\/\\\/latamobility.com\\\/cicloway-driverlab-evolution-mobility-ifood-y-mercado-libre-apuestan-por-la-transicion-sostenible-en-la-gestion-de-flotas\\\/#primaryimage\",\"url\":\"https:\\\/\\\/latamobility.com\\\/wp-content\\\/uploads\\\/2024\\\/07\\\/LM-4.jpg\",\"contentUrl\":\"https:\\\/\\\/latamobility.com\\\/wp-content\\\/uploads\\\/2024\\\/07\\\/LM-4.jpg\",\"width\":1280,\"height\":715,\"caption\":\"LM\"},{\"@type\":\"BreadcrumbList\",\"@id\":\"https:\\\/\\\/latamobility.com\\\/cicloway-driverlab-evolution-mobility-ifood-y-mercado-libre-apuestan-por-la-transicion-sostenible-en-la-gestion-de-flotas\\\/#breadcrumb\",\"itemListElement\":[{\"@type\":\"ListItem\",\"position\":1,\"name\":\"Portada\",\"item\":\"https:\\\/\\\/latamobility.com\\\/pt-br\\\/\"},{\"@type\":\"ListItem\",\"position\":2,\"name\":\"Cicloway, DriverLab, EVolution Mobility, Ifood e Mercado Livre apostam em transi\u00e7\u00e3o sustent\u00e1vel na gest\u00e3o de frotas\"}]},{\"@type\":\"WebSite\",\"@id\":\"https:\\\/\\\/latamobility.com\\\/#website\",\"url\":\"https:\\\/\\\/latamobility.com\\\/\",\"name\":\"Latam Mobility\",\"description\":\"Serie de Eventos para promover la Movilidad y Transporte sostenible en Latinoam\u00e9rica\",\"publisher\":{\"@id\":\"https:\\\/\\\/latamobility.com\\\/#organization\"},\"potentialAction\":[{\"@type\":\"SearchAction\",\"target\":{\"@type\":\"EntryPoint\",\"urlTemplate\":\"https:\\\/\\\/latamobility.com\\\/?s={search_term_string}\"},\"query-input\":{\"@type\":\"PropertyValueSpecification\",\"valueRequired\":true,\"valueName\":\"search_term_string\"}}],\"inLanguage\":\"pt-BR\"},{\"@type\":\"Organization\",\"@id\":\"https:\\\/\\\/latamobility.com\\\/#organization\",\"name\":\"LATAM MOBILITY\",\"url\":\"https:\\\/\\\/latamobility.com\\\/\",\"logo\":{\"@type\":\"ImageObject\",\"inLanguage\":\"pt-BR\",\"@id\":\"https:\\\/\\\/latamobility.com\\\/#\\\/schema\\\/logo\\\/image\\\/\",\"url\":\"https:\\\/\\\/latamobility.com\\\/wp-content\\\/uploads\\\/2025\\\/01\\\/logos-LM-LG-2025-10.png\",\"contentUrl\":\"https:\\\/\\\/latamobility.com\\\/wp-content\\\/uploads\\\/2025\\\/01\\\/logos-LM-LG-2025-10.png\",\"width\":1080,\"height\":1080,\"caption\":\"LATAM MOBILITY\"},\"image\":{\"@id\":\"https:\\\/\\\/latamobility.com\\\/#\\\/schema\\\/logo\\\/image\\\/\"},\"sameAs\":[\"https:\\\/\\\/www.facebook.com\\\/latamobility\\\/\",\"https:\\\/\\\/x.com\\\/LataMobility\",\"https:\\\/\\\/www.instagram.com\\\/latamobility\\\/\",\"https:\\\/\\\/www.linkedin.com\\\/company\\\/latamobility\\\/\",\"https:\\\/\\\/www.youtube.com\\\/channel\\\/UCtcslRCRY0vITWaOQ1X0XUA\"]},{\"@type\":\"Person\",\"@id\":\"https:\\\/\\\/latamobility.com\\\/#\\\/schema\\\/person\\\/fda092a2de1f87d347784282908bad1a\",\"name\":\"Antonio Vilela\",\"image\":{\"@type\":\"ImageObject\",\"inLanguage\":\"pt-BR\",\"@id\":\"https:\\\/\\\/secure.gravatar.com\\\/avatar\\\/7eee8196fd2fda180806d7b41cd517f274d5ad3b9f65d873feb3ca7e2b3a72d2?s=96&d=mm&r=g\",\"url\":\"https:\\\/\\\/secure.gravatar.com\\\/avatar\\\/7eee8196fd2fda180806d7b41cd517f274d5ad3b9f65d873feb3ca7e2b3a72d2?s=96&d=mm&r=g\",\"contentUrl\":\"https:\\\/\\\/secure.gravatar.com\\\/avatar\\\/7eee8196fd2fda180806d7b41cd517f274d5ad3b9f65d873feb3ca7e2b3a72d2?s=96&d=mm&r=g\",\"caption\":\"Antonio Vilela\"}}]}<\/script>\n<!-- \/ Yoast SEO Premium plugin. -->","yoast_head_json":{"title":"Cicloway, DriverLab, EVolution Mobility, Ifood e Mercado Livre apostam em transi\u00e7\u00e3o sustent\u00e1vel na gest\u00e3o de frotas - Latam Mobility","description":"A gest\u00e3o de frotas e aluguel, aliada \u00e0 infraestrutura, tecnologia e sustentabilidade, foi um dos principais temas discutidos no painel \"Latam Mobility:","robots":{"index":"index","follow":"follow","max-snippet":"max-snippet:-1","max-image-preview":"max-image-preview:large","max-video-preview":"max-video-preview:-1"},"canonical":"https:\/\/latamobility.com\/cicloway-driverlab-evolution-mobility-ifood-y-mercado-libre-apuestan-por-la-transicion-sostenible-en-la-gestion-de-flotas\/","og_locale":"pt_BR","og_type":"article","og_title":"Cicloway, DriverLab, EVolution Mobility, Ifood e Mercado Livre apostam em transi\u00e7\u00e3o sustent\u00e1vel na gest\u00e3o de frotas","og_description":"A gest\u00e3o de frotas e aluguel, aliada \u00e0 infraestrutura, tecnologia e sustentabilidade, foi um dos principais temas discutidos no painel \"Latam Mobility:","og_url":"https:\/\/latamobility.com\/cicloway-driverlab-evolution-mobility-ifood-y-mercado-libre-apuestan-por-la-transicion-sostenible-en-la-gestion-de-flotas\/","og_site_name":"Latam Mobility","article_publisher":"https:\/\/www.facebook.com\/latamobility\/","article_published_time":"2024-07-26T10:30:00+00:00","article_modified_time":"2024-07-26T12:45:00+00:00","og_image":[{"width":1280,"height":715,"url":"https:\/\/latamobility.com\/wp-content\/uploads\/2024\/07\/LM-4.jpg","type":"image\/jpeg"}],"author":"Antonio Vilela","twitter_card":"summary_large_image","twitter_creator":"@LataMobility","twitter_site":"@LataMobility","twitter_misc":{"Escrito por":"Antonio Vilela","Est. tempo de leitura":"4 minutos"},"schema":{"@context":"https:\/\/schema.org","@graph":[{"@type":"Article","@id":"https:\/\/latamobility.com\/cicloway-driverlab-evolution-mobility-ifood-y-mercado-libre-apuestan-por-la-transicion-sostenible-en-la-gestion-de-flotas\/#article","isPartOf":{"@id":"https:\/\/latamobility.com\/cicloway-driverlab-evolution-mobility-ifood-y-mercado-libre-apuestan-por-la-transicion-sostenible-en-la-gestion-de-flotas\/"},"author":{"name":"Antonio Vilela","@id":"https:\/\/latamobility.com\/#\/schema\/person\/fda092a2de1f87d347784282908bad1a"},"headline":"Cicloway, DriverLab, EVolution Mobility, Ifood e Mercado Livre apostam em transi\u00e7\u00e3o sustent\u00e1vel na gest\u00e3o de frotas","datePublished":"2024-07-26T10:30:00+00:00","dateModified":"2024-07-26T12:45:00+00:00","mainEntityOfPage":{"@id":"https:\/\/latamobility.com\/cicloway-driverlab-evolution-mobility-ifood-y-mercado-libre-apuestan-por-la-transicion-sostenible-en-la-gestion-de-flotas\/"},"wordCount":767,"commentCount":0,"publisher":{"@id":"https:\/\/latamobility.com\/#organization"},"image":{"@id":"https:\/\/latamobility.com\/cicloway-driverlab-evolution-mobility-ifood-y-mercado-libre-apuestan-por-la-transicion-sostenible-en-la-gestion-de-flotas\/#primaryimage"},"thumbnailUrl":"https:\/\/latamobility.com\/wp-content\/uploads\/2024\/07\/LM-4.jpg","keywords":["Brasil","Brasil","electromovilidad","Movilidad el\u00e9ctrica","Movilidad Sostenible"],"articleSection":["Movilidad el\u00e9ctrica"],"inLanguage":"pt-BR","potentialAction":[{"@type":"CommentAction","name":"Comment","target":["https:\/\/latamobility.com\/cicloway-driverlab-evolution-mobility-ifood-y-mercado-libre-apuestan-por-la-transicion-sostenible-en-la-gestion-de-flotas\/#respond"]}]},{"@type":"WebPage","@id":"https:\/\/latamobility.com\/cicloway-driverlab-evolution-mobility-ifood-y-mercado-libre-apuestan-por-la-transicion-sostenible-en-la-gestion-de-flotas\/","url":"https:\/\/latamobility.com\/cicloway-driverlab-evolution-mobility-ifood-y-mercado-libre-apuestan-por-la-transicion-sostenible-en-la-gestion-de-flotas\/","name":"Cicloway, DriverLab, EVolution Mobility, Ifood e Mercado Livre apostam em transi\u00e7\u00e3o sustent\u00e1vel na gest\u00e3o de frotas - Latam Mobility","isPartOf":{"@id":"https:\/\/latamobility.com\/#website"},"primaryImageOfPage":{"@id":"https:\/\/latamobility.com\/cicloway-driverlab-evolution-mobility-ifood-y-mercado-libre-apuestan-por-la-transicion-sostenible-en-la-gestion-de-flotas\/#primaryimage"},"image":{"@id":"https:\/\/latamobility.com\/cicloway-driverlab-evolution-mobility-ifood-y-mercado-libre-apuestan-por-la-transicion-sostenible-en-la-gestion-de-flotas\/#primaryimage"},"thumbnailUrl":"https:\/\/latamobility.com\/wp-content\/uploads\/2024\/07\/LM-4.jpg","datePublished":"2024-07-26T10:30:00+00:00","dateModified":"2024-07-26T12:45:00+00:00","description":"A gest\u00e3o de frotas e aluguel, aliada \u00e0 infraestrutura, tecnologia e sustentabilidade, foi um dos principais temas discutidos no painel \"Latam Mobility:","breadcrumb":{"@id":"https:\/\/latamobility.com\/cicloway-driverlab-evolution-mobility-ifood-y-mercado-libre-apuestan-por-la-transicion-sostenible-en-la-gestion-de-flotas\/#breadcrumb"},"inLanguage":"pt-BR","potentialAction":[{"@type":"ReadAction","target":["https:\/\/latamobility.com\/cicloway-driverlab-evolution-mobility-ifood-y-mercado-libre-apuestan-por-la-transicion-sostenible-en-la-gestion-de-flotas\/"]}]},{"@type":"ImageObject","inLanguage":"pt-BR","@id":"https:\/\/latamobility.com\/cicloway-driverlab-evolution-mobility-ifood-y-mercado-libre-apuestan-por-la-transicion-sostenible-en-la-gestion-de-flotas\/#primaryimage","url":"https:\/\/latamobility.com\/wp-content\/uploads\/2024\/07\/LM-4.jpg","contentUrl":"https:\/\/latamobility.com\/wp-content\/uploads\/2024\/07\/LM-4.jpg","width":1280,"height":715,"caption":"LM"},{"@type":"BreadcrumbList","@id":"https:\/\/latamobility.com\/cicloway-driverlab-evolution-mobility-ifood-y-mercado-libre-apuestan-por-la-transicion-sostenible-en-la-gestion-de-flotas\/#breadcrumb","itemListElement":[{"@type":"ListItem","position":1,"name":"Portada","item":"https:\/\/latamobility.com\/pt-br\/"},{"@type":"ListItem","position":2,"name":"Cicloway, DriverLab, EVolution Mobility, Ifood e Mercado Livre apostam em transi\u00e7\u00e3o sustent\u00e1vel na gest\u00e3o de frotas"}]},{"@type":"WebSite","@id":"https:\/\/latamobility.com\/#website","url":"https:\/\/latamobility.com\/","name":"Latam Mobility","description":"Serie de Eventos para promover la Movilidad y Transporte sostenible en Latinoam\u00e9rica","publisher":{"@id":"https:\/\/latamobility.com\/#organization"},"potentialAction":[{"@type":"SearchAction","target":{"@type":"EntryPoint","urlTemplate":"https:\/\/latamobility.com\/?s={search_term_string}"},"query-input":{"@type":"PropertyValueSpecification","valueRequired":true,"valueName":"search_term_string"}}],"inLanguage":"pt-BR"},{"@type":"Organization","@id":"https:\/\/latamobility.com\/#organization","name":"LATAM MOBILITY","url":"https:\/\/latamobility.com\/","logo":{"@type":"ImageObject","inLanguage":"pt-BR","@id":"https:\/\/latamobility.com\/#\/schema\/logo\/image\/","url":"https:\/\/latamobility.com\/wp-content\/uploads\/2025\/01\/logos-LM-LG-2025-10.png","contentUrl":"https:\/\/latamobility.com\/wp-content\/uploads\/2025\/01\/logos-LM-LG-2025-10.png","width":1080,"height":1080,"caption":"LATAM MOBILITY"},"image":{"@id":"https:\/\/latamobility.com\/#\/schema\/logo\/image\/"},"sameAs":["https:\/\/www.facebook.com\/latamobility\/","https:\/\/x.com\/LataMobility","https:\/\/www.instagram.com\/latamobility\/","https:\/\/www.linkedin.com\/company\/latamobility\/","https:\/\/www.youtube.com\/channel\/UCtcslRCRY0vITWaOQ1X0XUA"]},{"@type":"Person","@id":"https:\/\/latamobility.com\/#\/schema\/person\/fda092a2de1f87d347784282908bad1a","name":"Antonio Vilela","image":{"@type":"ImageObject","inLanguage":"pt-BR","@id":"https:\/\/secure.gravatar.com\/avatar\/7eee8196fd2fda180806d7b41cd517f274d5ad3b9f65d873feb3ca7e2b3a72d2?s=96&d=mm&r=g","url":"https:\/\/secure.gravatar.com\/avatar\/7eee8196fd2fda180806d7b41cd517f274d5ad3b9f65d873feb3ca7e2b3a72d2?s=96&d=mm&r=g","contentUrl":"https:\/\/secure.gravatar.com\/avatar\/7eee8196fd2fda180806d7b41cd517f274d5ad3b9f65d873feb3ca7e2b3a72d2?s=96&d=mm&r=g","caption":"Antonio Vilela"}}]}},"_links":{"self":[{"href":"https:\/\/latamobility.com\/pt-br\/wp-json\/wp\/v2\/posts\/36787","targetHints":{"allow":["GET"]}}],"collection":[{"href":"https:\/\/latamobility.com\/pt-br\/wp-json\/wp\/v2\/posts"}],"about":[{"href":"https:\/\/latamobility.com\/pt-br\/wp-json\/wp\/v2\/types\/post"}],"author":[{"embeddable":true,"href":"https:\/\/latamobility.com\/pt-br\/wp-json\/wp\/v2\/users\/10"}],"replies":[{"embeddable":true,"href":"https:\/\/latamobility.com\/pt-br\/wp-json\/wp\/v2\/comments?post=36787"}],"version-history":[{"count":3,"href":"https:\/\/latamobility.com\/pt-br\/wp-json\/wp\/v2\/posts\/36787\/revisions"}],"predecessor-version":[{"id":36858,"href":"https:\/\/latamobility.com\/pt-br\/wp-json\/wp\/v2\/posts\/36787\/revisions\/36858"}],"wp:featuredmedia":[{"embeddable":true,"href":"https:\/\/latamobility.com\/pt-br\/wp-json\/wp\/v2\/media\/36793"}],"wp:attachment":[{"href":"https:\/\/latamobility.com\/pt-br\/wp-json\/wp\/v2\/media?parent=36787"}],"wp:term":[{"taxonomy":"category","embeddable":true,"href":"https:\/\/latamobility.com\/pt-br\/wp-json\/wp\/v2\/categories?post=36787"},{"taxonomy":"post_tag","embeddable":true,"href":"https:\/\/latamobility.com\/pt-br\/wp-json\/wp\/v2\/tags?post=36787"}],"curies":[{"name":"wp","href":"https:\/\/api.w.org\/{rel}","templated":true}]}}