{"id":42770,"date":"2024-11-08T05:30:43","date_gmt":"2024-11-08T10:30:43","guid":{"rendered":"https:\/\/latamobility.com\/?p=42770"},"modified":"2025-04-10T18:29:45","modified_gmt":"2025-04-10T23:29:45","slug":"pedagio-eletronico-impulsiona-mobilidade-sustentabilidade-e-economia-no-brasil","status":"publish","type":"post","link":"https:\/\/latamobility.com\/pt-br\/pedagio-eletronico-impulsiona-mobilidade-sustentabilidade-e-economia-no-brasil\/","title":{"rendered":"Ped\u00e1gio eletr\u00f4nico impulsiona mobilidade, sustentabilidade e economia no Brasil"},"content":{"rendered":"\n<p>As <strong>pra\u00e7as de ped\u00e1gio<\/strong> convencionais est\u00e3o cada vez mais pr\u00f3ximas de se tornarem coisa do passado. Espera-se que o <strong>ped\u00e1gio eletr\u00f4nico<\/strong> (ou sistema de livre fluxo) seja implementado em breve nas rodovias em todo o territ\u00f3rio <strong>nacional no Brasil<\/strong>.<\/p>\n\n\n\n<p>Essa medida foi aprovada pelo <strong>Conselho Nacional de Tr\u00e2nsito (Contran)<\/strong>. \u201cEsperamos um <strong>ped\u00e1gio mais barato, justo e equitativo<\/strong>, al\u00e9m de facilitar o acesso \u00e0 informa\u00e7\u00e3o para os cidad\u00e3os, simplificar os servi\u00e7os e promover mais <strong>mobilidade<\/strong>\u201d, afirmou <strong>Adrualdo Cat\u00e3o<\/strong>, secret\u00e1rio nacional de Tr\u00e2nsito.<\/p>\n\n\n\n<p>A partir dessa <strong>resolu\u00e7\u00e3o<\/strong> do <strong>Contran<\/strong>, ser\u00e1 criada uma <strong>portaria<\/strong> que regulamentar\u00e1 o novo modelo. Uma vez que essa portaria sobre o <strong>ped\u00e1gio eletr\u00f4nico<\/strong> seja publicada no <strong>Di\u00e1rio Oficial da Uni\u00e3o (DOU)<\/strong>, as <strong>concession\u00e1rias<\/strong> que adotarem esse modelo ter\u00e3o um prazo m\u00e1ximo de <strong>180 dias<\/strong> para cumprir os requisitos estabelecidos.<\/p>\n\n\n\n<figure class=\"wp-block-image size-large\"><img fetchpriority=\"high\" decoding=\"async\" width=\"1024\" height=\"572\" src=\"https:\/\/latamobility.com\/wp-content\/uploads\/2024\/11\/Brasil-1-1024x572.jpg\" alt=\"\" class=\"wp-image-42761\" srcset=\"https:\/\/latamobility.com\/wp-content\/uploads\/2024\/11\/Brasil-1-1024x572.jpg 1024w, https:\/\/latamobility.com\/wp-content\/uploads\/2024\/11\/Brasil-1-300x168.jpg 300w, https:\/\/latamobility.com\/wp-content\/uploads\/2024\/11\/Brasil-1-768x429.jpg 768w, https:\/\/latamobility.com\/wp-content\/uploads\/2024\/11\/Brasil-1.jpg 1280w\" sizes=\"(max-width: 1024px) 100vw, 1024px\" \/><\/figure>\n\n\n\n<p><strong>Conte\u00fado relacionado<\/strong>: <a href=\"https:\/\/latamobility.com\/pt-br\/mover-o-macroprojeto-em-favor-da-mobilidade-sustentavel-no-brasil\/\">Mover: O macroprojeto em prol da mobilidade sustent\u00e1vel no Brasil<\/a><\/p>\n\n\n\n<h2 class=\"wp-block-heading\" id=\"h-sustentabilidade-na-mobilidade\"><strong>Sustentabilidade na Mobilidade<\/strong><\/h2>\n\n\n\n<p>Uma vantagem importante desse modelo \u00e9 a <strong>sustentabilidade<\/strong>, pois ao eliminar a necessidade de parar nos ped\u00e1gios, haver\u00e1 uma <strong>redu\u00e7\u00e3o nas emiss\u00f5es de carbono<\/strong>.<\/p>\n\n\n\n<p>\u201cA medida resolver\u00e1 v\u00e1rios problemas observados em algumas implementa\u00e7\u00f5es dessa tecnologia em determinados estados, abordando diversas situa\u00e7\u00f5es que identificamos ao longo do processo de consulta p\u00fablica\u201d, declarou <strong>George Santoro<\/strong>, secret\u00e1rio executivo do Minist\u00e9rio dos Transportes.<\/p>\n\n\n\n<p>Finalmente, o novo modelo tamb\u00e9m oferece uma maior <strong>equidade tarif\u00e1ria<\/strong>, pois permite que o pagamento da tarifa seja proporcional ao <strong>trecho percorrido<\/strong>, garantindo maior <strong>justi\u00e7a<\/strong> e <strong>economia<\/strong> para os <strong>usu\u00e1rios<\/strong>.<\/p>\n\n\n\n<p>As normas sobre <strong>tarifas<\/strong> e os pontos de cobran\u00e7a ser\u00e3o definidos pelo <strong>\u00f3rg\u00e3o gestor de rodovias<\/strong>.<\/p>\n\n\n\n<h2 class=\"wp-block-heading\" id=\"h-latam-mobility-na-regiao\"><strong>Latam Mobility na Regi\u00e3o<\/strong><\/h2>\n\n\n\n<p>Ap\u00f3s uma bem-sucedida&nbsp;<strong>turn\u00ea de 2024<\/strong>, o&nbsp;<strong>Latam Mobility<\/strong>&nbsp;se consolida como a comunidade de&nbsp;<strong>mobilidade sustent\u00e1vel<\/strong>&nbsp;mais importante da&nbsp;<strong>Am\u00e9rica Latina<\/strong>, gerando sinergia entre os atores envolvidos para expandir a&nbsp;<strong>descarboniza\u00e7\u00e3o<\/strong>.<\/p>\n\n\n\n<figure class=\"wp-block-image\"><img decoding=\"async\" width=\"1024\" height=\"576\" src=\"https:\/\/latamobility.com\/wp-content\/uploads\/2024\/11\/Gira25-6.jpg\" alt=\"\" class=\"wp-image-42616\" srcset=\"https:\/\/latamobility.com\/wp-content\/uploads\/2024\/11\/Gira25-6.jpg 1024w, https:\/\/latamobility.com\/wp-content\/uploads\/2024\/11\/Gira25-6-300x169.jpg 300w, https:\/\/latamobility.com\/wp-content\/uploads\/2024\/11\/Gira25-6-768x432.jpg 768w\" sizes=\"(max-width: 1024px) 100vw, 1024px\" \/><\/figure>\n\n\n\n<p>Em&nbsp;<strong>2025<\/strong>, a rede&nbsp;<strong>Invest In Latam<\/strong>&nbsp;continuar\u00e1 seu impacto na regi\u00e3o com eventos confirmados na&nbsp;<strong>Col\u00f4mbia, Brasil, Chile e M\u00e9xico<\/strong>.<\/p>\n\n\n\n<p>Saiba mais sobre nossos eventos e torne-se um agente de mudan\u00e7a&nbsp;<a href=\"https:\/\/wa.link\/zig4g5\">aqui<\/a>.<\/p>\n","protected":false},"excerpt":{"rendered":"<p>As pra\u00e7as de ped\u00e1gio convencionais est\u00e3o cada vez mais pr\u00f3ximas de se tornarem coisa do passado. Espera-se que o ped\u00e1gio eletr\u00f4nico (ou sistema de livre fluxo) seja implementado em breve nas rodovias em todo o territ\u00f3rio nacional no Brasil. Essa medida foi aprovada pelo Conselho Nacional de Tr\u00e2nsito (Contran). \u201cEsperamos um ped\u00e1gio mais barato, justo&#8230;<\/p>\n","protected":false},"author":10,"featured_media":42766,"comment_status":"open","ping_status":"closed","sticky":false,"template":"","format":"standard","meta":{"_kad_post_transparent":"","_kad_post_title":"","_kad_post_layout":"","_kad_post_sidebar_id":"","_kad_post_content_style":"","_kad_post_vertical_padding":"","_kad_post_feature":"","_kad_post_feature_position":"","_kad_post_header":false,"_kad_post_footer":false,"_kad_post_classname":"","footnotes":""},"categories":[2356],"tags":[2347,2358,2359,2357],"class_list":["post-42770","post","type-post","status-publish","format-standard","has-post-thumbnail","hentry","category-movilidad-electrica-pt-br","tag-brasil-3","tag-electromovilidad-pt-br","tag-movilidad-electrica-pt-br","tag-movilidad-sostenible-pt-br"],"yoast_head":"<!-- This site is optimized with the Yoast SEO Premium plugin v22.7 (Yoast SEO v27.4) - https:\/\/yoast.com\/product\/yoast-seo-premium-wordpress\/ -->\n<title>Ped\u00e1gio eletr\u00f4nico impulsiona mobilidade, sustentabilidade e economia no Brasil - Latam Mobility<\/title>\n<meta name=\"description\" content=\"As pra\u00e7as de ped\u00e1gio convencionais est\u00e3o cada vez mais pr\u00f3ximas de se tornarem coisa do passado. Espera-se que o ped\u00e1gio eletr\u00f4nico (ou sistema de livre\" \/>\n<meta name=\"robots\" content=\"index, follow, max-snippet:-1, max-image-preview:large, max-video-preview:-1\" \/>\n<link rel=\"canonical\" href=\"https:\/\/latamobility.com\/pt-br\/pedagio-eletronico-impulsiona-mobilidade-sustentabilidade-e-economia-no-brasil\/\" \/>\n<meta property=\"og:locale\" content=\"pt_BR\" \/>\n<meta property=\"og:type\" content=\"article\" \/>\n<meta property=\"og:title\" content=\"Ped\u00e1gio eletr\u00f4nico impulsiona mobilidade, sustentabilidade e economia no Brasil\" \/>\n<meta property=\"og:description\" content=\"As pra\u00e7as de ped\u00e1gio convencionais est\u00e3o cada vez mais pr\u00f3ximas de se tornarem coisa do passado. Espera-se que o ped\u00e1gio eletr\u00f4nico (ou sistema de livre\" \/>\n<meta property=\"og:url\" content=\"https:\/\/latamobility.com\/pt-br\/pedagio-eletronico-impulsiona-mobilidade-sustentabilidade-e-economia-no-brasil\/\" \/>\n<meta property=\"og:site_name\" content=\"Latam Mobility\" \/>\n<meta property=\"article:publisher\" content=\"https:\/\/www.facebook.com\/latamobility\/\" \/>\n<meta property=\"article:published_time\" content=\"2024-11-08T10:30:43+00:00\" \/>\n<meta property=\"article:modified_time\" content=\"2025-04-10T23:29:45+00:00\" \/>\n<meta property=\"og:image\" content=\"https:\/\/latamobility.com\/wp-content\/uploads\/2024\/11\/Brasil-1-1.jpg\" \/>\n\t<meta property=\"og:image:width\" content=\"1280\" \/>\n\t<meta property=\"og:image:height\" content=\"715\" \/>\n\t<meta property=\"og:image:type\" content=\"image\/jpeg\" \/>\n<meta name=\"author\" content=\"Antonio Vilela\" \/>\n<meta name=\"twitter:card\" content=\"summary_large_image\" \/>\n<meta name=\"twitter:creator\" content=\"@LataMobility\" \/>\n<meta name=\"twitter:site\" content=\"@LataMobility\" \/>\n<meta name=\"twitter:label1\" content=\"Escrito por\" \/>\n\t<meta name=\"twitter:data1\" content=\"Antonio Vilela\" \/>\n\t<meta name=\"twitter:label2\" content=\"Est. tempo de leitura\" \/>\n\t<meta name=\"twitter:data2\" content=\"2 minutos\" \/>\n<script type=\"application\/ld+json\" class=\"yoast-schema-graph\">{\"@context\":\"https:\\\/\\\/schema.org\",\"@graph\":[{\"@type\":\"Article\",\"@id\":\"https:\\\/\\\/latamobility.com\\\/pt-br\\\/pedagio-eletronico-impulsiona-mobilidade-sustentabilidade-e-economia-no-brasil\\\/#article\",\"isPartOf\":{\"@id\":\"https:\\\/\\\/latamobility.com\\\/pt-br\\\/pedagio-eletronico-impulsiona-mobilidade-sustentabilidade-e-economia-no-brasil\\\/\"},\"author\":{\"name\":\"Antonio Vilela\",\"@id\":\"https:\\\/\\\/latamobility.com\\\/#\\\/schema\\\/person\\\/fda092a2de1f87d347784282908bad1a\"},\"headline\":\"Ped\u00e1gio eletr\u00f4nico impulsiona mobilidade, sustentabilidade e economia no Brasil\",\"datePublished\":\"2024-11-08T10:30:43+00:00\",\"dateModified\":\"2025-04-10T23:29:45+00:00\",\"mainEntityOfPage\":{\"@id\":\"https:\\\/\\\/latamobility.com\\\/pt-br\\\/pedagio-eletronico-impulsiona-mobilidade-sustentabilidade-e-economia-no-brasil\\\/\"},\"wordCount\":389,\"commentCount\":0,\"publisher\":{\"@id\":\"https:\\\/\\\/latamobility.com\\\/#organization\"},\"image\":{\"@id\":\"https:\\\/\\\/latamobility.com\\\/pt-br\\\/pedagio-eletronico-impulsiona-mobilidade-sustentabilidade-e-economia-no-brasil\\\/#primaryimage\"},\"thumbnailUrl\":\"https:\\\/\\\/latamobility.com\\\/wp-content\\\/uploads\\\/2024\\\/11\\\/Brasil-1-1.jpg\",\"keywords\":[\"Brasil\",\"electromovilidad\",\"Movilidad el\u00e9ctrica\",\"Movilidad Sostenible\"],\"articleSection\":[\"Movilidad el\u00e9ctrica\"],\"inLanguage\":\"pt-BR\",\"potentialAction\":[{\"@type\":\"CommentAction\",\"name\":\"Comment\",\"target\":[\"https:\\\/\\\/latamobility.com\\\/pt-br\\\/pedagio-eletronico-impulsiona-mobilidade-sustentabilidade-e-economia-no-brasil\\\/#respond\"]}]},{\"@type\":\"WebPage\",\"@id\":\"https:\\\/\\\/latamobility.com\\\/pt-br\\\/pedagio-eletronico-impulsiona-mobilidade-sustentabilidade-e-economia-no-brasil\\\/\",\"url\":\"https:\\\/\\\/latamobility.com\\\/pt-br\\\/pedagio-eletronico-impulsiona-mobilidade-sustentabilidade-e-economia-no-brasil\\\/\",\"name\":\"Ped\u00e1gio eletr\u00f4nico impulsiona mobilidade, sustentabilidade e economia no Brasil - Latam Mobility\",\"isPartOf\":{\"@id\":\"https:\\\/\\\/latamobility.com\\\/#website\"},\"primaryImageOfPage\":{\"@id\":\"https:\\\/\\\/latamobility.com\\\/pt-br\\\/pedagio-eletronico-impulsiona-mobilidade-sustentabilidade-e-economia-no-brasil\\\/#primaryimage\"},\"image\":{\"@id\":\"https:\\\/\\\/latamobility.com\\\/pt-br\\\/pedagio-eletronico-impulsiona-mobilidade-sustentabilidade-e-economia-no-brasil\\\/#primaryimage\"},\"thumbnailUrl\":\"https:\\\/\\\/latamobility.com\\\/wp-content\\\/uploads\\\/2024\\\/11\\\/Brasil-1-1.jpg\",\"datePublished\":\"2024-11-08T10:30:43+00:00\",\"dateModified\":\"2025-04-10T23:29:45+00:00\",\"description\":\"As pra\u00e7as de ped\u00e1gio convencionais est\u00e3o cada vez mais pr\u00f3ximas de se tornarem coisa do passado. Espera-se que o ped\u00e1gio eletr\u00f4nico (ou sistema de livre\",\"breadcrumb\":{\"@id\":\"https:\\\/\\\/latamobility.com\\\/pt-br\\\/pedagio-eletronico-impulsiona-mobilidade-sustentabilidade-e-economia-no-brasil\\\/#breadcrumb\"},\"inLanguage\":\"pt-BR\",\"potentialAction\":[{\"@type\":\"ReadAction\",\"target\":[\"https:\\\/\\\/latamobility.com\\\/pt-br\\\/pedagio-eletronico-impulsiona-mobilidade-sustentabilidade-e-economia-no-brasil\\\/\"]}]},{\"@type\":\"ImageObject\",\"inLanguage\":\"pt-BR\",\"@id\":\"https:\\\/\\\/latamobility.com\\\/pt-br\\\/pedagio-eletronico-impulsiona-mobilidade-sustentabilidade-e-economia-no-brasil\\\/#primaryimage\",\"url\":\"https:\\\/\\\/latamobility.com\\\/wp-content\\\/uploads\\\/2024\\\/11\\\/Brasil-1-1.jpg\",\"contentUrl\":\"https:\\\/\\\/latamobility.com\\\/wp-content\\\/uploads\\\/2024\\\/11\\\/Brasil-1-1.jpg\",\"width\":1280,\"height\":715},{\"@type\":\"BreadcrumbList\",\"@id\":\"https:\\\/\\\/latamobility.com\\\/pt-br\\\/pedagio-eletronico-impulsiona-mobilidade-sustentabilidade-e-economia-no-brasil\\\/#breadcrumb\",\"itemListElement\":[{\"@type\":\"ListItem\",\"position\":1,\"name\":\"Portada\",\"item\":\"https:\\\/\\\/latamobility.com\\\/pt-br\\\/\"},{\"@type\":\"ListItem\",\"position\":2,\"name\":\"Ped\u00e1gio eletr\u00f4nico impulsiona mobilidade, sustentabilidade e economia no Brasil\"}]},{\"@type\":\"WebSite\",\"@id\":\"https:\\\/\\\/latamobility.com\\\/#website\",\"url\":\"https:\\\/\\\/latamobility.com\\\/\",\"name\":\"Latam Mobility\",\"description\":\"Serie de Eventos para promover la Movilidad y Transporte sostenible en Latinoam\u00e9rica\",\"publisher\":{\"@id\":\"https:\\\/\\\/latamobility.com\\\/#organization\"},\"potentialAction\":[{\"@type\":\"SearchAction\",\"target\":{\"@type\":\"EntryPoint\",\"urlTemplate\":\"https:\\\/\\\/latamobility.com\\\/?s={search_term_string}\"},\"query-input\":{\"@type\":\"PropertyValueSpecification\",\"valueRequired\":true,\"valueName\":\"search_term_string\"}}],\"inLanguage\":\"pt-BR\"},{\"@type\":\"Organization\",\"@id\":\"https:\\\/\\\/latamobility.com\\\/#organization\",\"name\":\"LATAM MOBILITY\",\"url\":\"https:\\\/\\\/latamobility.com\\\/\",\"logo\":{\"@type\":\"ImageObject\",\"inLanguage\":\"pt-BR\",\"@id\":\"https:\\\/\\\/latamobility.com\\\/#\\\/schema\\\/logo\\\/image\\\/\",\"url\":\"https:\\\/\\\/latamobility.com\\\/wp-content\\\/uploads\\\/2025\\\/01\\\/logos-LM-LG-2025-10.png\",\"contentUrl\":\"https:\\\/\\\/latamobility.com\\\/wp-content\\\/uploads\\\/2025\\\/01\\\/logos-LM-LG-2025-10.png\",\"width\":1080,\"height\":1080,\"caption\":\"LATAM MOBILITY\"},\"image\":{\"@id\":\"https:\\\/\\\/latamobility.com\\\/#\\\/schema\\\/logo\\\/image\\\/\"},\"sameAs\":[\"https:\\\/\\\/www.facebook.com\\\/latamobility\\\/\",\"https:\\\/\\\/x.com\\\/LataMobility\",\"https:\\\/\\\/www.instagram.com\\\/latamobility\\\/\",\"https:\\\/\\\/www.linkedin.com\\\/company\\\/latamobility\\\/\",\"https:\\\/\\\/www.youtube.com\\\/channel\\\/UCtcslRCRY0vITWaOQ1X0XUA\"]},{\"@type\":\"Person\",\"@id\":\"https:\\\/\\\/latamobility.com\\\/#\\\/schema\\\/person\\\/fda092a2de1f87d347784282908bad1a\",\"name\":\"Antonio Vilela\",\"image\":{\"@type\":\"ImageObject\",\"inLanguage\":\"pt-BR\",\"@id\":\"https:\\\/\\\/secure.gravatar.com\\\/avatar\\\/7eee8196fd2fda180806d7b41cd517f274d5ad3b9f65d873feb3ca7e2b3a72d2?s=96&d=mm&r=g\",\"url\":\"https:\\\/\\\/secure.gravatar.com\\\/avatar\\\/7eee8196fd2fda180806d7b41cd517f274d5ad3b9f65d873feb3ca7e2b3a72d2?s=96&d=mm&r=g\",\"contentUrl\":\"https:\\\/\\\/secure.gravatar.com\\\/avatar\\\/7eee8196fd2fda180806d7b41cd517f274d5ad3b9f65d873feb3ca7e2b3a72d2?s=96&d=mm&r=g\",\"caption\":\"Antonio Vilela\"}}]}<\/script>\n<!-- \/ Yoast SEO Premium plugin. -->","yoast_head_json":{"title":"Ped\u00e1gio eletr\u00f4nico impulsiona mobilidade, sustentabilidade e economia no Brasil - Latam Mobility","description":"As pra\u00e7as de ped\u00e1gio convencionais est\u00e3o cada vez mais pr\u00f3ximas de se tornarem coisa do passado. Espera-se que o ped\u00e1gio eletr\u00f4nico (ou sistema de livre","robots":{"index":"index","follow":"follow","max-snippet":"max-snippet:-1","max-image-preview":"max-image-preview:large","max-video-preview":"max-video-preview:-1"},"canonical":"https:\/\/latamobility.com\/pt-br\/pedagio-eletronico-impulsiona-mobilidade-sustentabilidade-e-economia-no-brasil\/","og_locale":"pt_BR","og_type":"article","og_title":"Ped\u00e1gio eletr\u00f4nico impulsiona mobilidade, sustentabilidade e economia no Brasil","og_description":"As pra\u00e7as de ped\u00e1gio convencionais est\u00e3o cada vez mais pr\u00f3ximas de se tornarem coisa do passado. Espera-se que o ped\u00e1gio eletr\u00f4nico (ou sistema de livre","og_url":"https:\/\/latamobility.com\/pt-br\/pedagio-eletronico-impulsiona-mobilidade-sustentabilidade-e-economia-no-brasil\/","og_site_name":"Latam Mobility","article_publisher":"https:\/\/www.facebook.com\/latamobility\/","article_published_time":"2024-11-08T10:30:43+00:00","article_modified_time":"2025-04-10T23:29:45+00:00","og_image":[{"width":1280,"height":715,"url":"https:\/\/latamobility.com\/wp-content\/uploads\/2024\/11\/Brasil-1-1.jpg","type":"image\/jpeg"}],"author":"Antonio Vilela","twitter_card":"summary_large_image","twitter_creator":"@LataMobility","twitter_site":"@LataMobility","twitter_misc":{"Escrito por":"Antonio Vilela","Est. tempo de leitura":"2 minutos"},"schema":{"@context":"https:\/\/schema.org","@graph":[{"@type":"Article","@id":"https:\/\/latamobility.com\/pt-br\/pedagio-eletronico-impulsiona-mobilidade-sustentabilidade-e-economia-no-brasil\/#article","isPartOf":{"@id":"https:\/\/latamobility.com\/pt-br\/pedagio-eletronico-impulsiona-mobilidade-sustentabilidade-e-economia-no-brasil\/"},"author":{"name":"Antonio Vilela","@id":"https:\/\/latamobility.com\/#\/schema\/person\/fda092a2de1f87d347784282908bad1a"},"headline":"Ped\u00e1gio eletr\u00f4nico impulsiona mobilidade, sustentabilidade e economia no Brasil","datePublished":"2024-11-08T10:30:43+00:00","dateModified":"2025-04-10T23:29:45+00:00","mainEntityOfPage":{"@id":"https:\/\/latamobility.com\/pt-br\/pedagio-eletronico-impulsiona-mobilidade-sustentabilidade-e-economia-no-brasil\/"},"wordCount":389,"commentCount":0,"publisher":{"@id":"https:\/\/latamobility.com\/#organization"},"image":{"@id":"https:\/\/latamobility.com\/pt-br\/pedagio-eletronico-impulsiona-mobilidade-sustentabilidade-e-economia-no-brasil\/#primaryimage"},"thumbnailUrl":"https:\/\/latamobility.com\/wp-content\/uploads\/2024\/11\/Brasil-1-1.jpg","keywords":["Brasil","electromovilidad","Movilidad el\u00e9ctrica","Movilidad Sostenible"],"articleSection":["Movilidad el\u00e9ctrica"],"inLanguage":"pt-BR","potentialAction":[{"@type":"CommentAction","name":"Comment","target":["https:\/\/latamobility.com\/pt-br\/pedagio-eletronico-impulsiona-mobilidade-sustentabilidade-e-economia-no-brasil\/#respond"]}]},{"@type":"WebPage","@id":"https:\/\/latamobility.com\/pt-br\/pedagio-eletronico-impulsiona-mobilidade-sustentabilidade-e-economia-no-brasil\/","url":"https:\/\/latamobility.com\/pt-br\/pedagio-eletronico-impulsiona-mobilidade-sustentabilidade-e-economia-no-brasil\/","name":"Ped\u00e1gio eletr\u00f4nico impulsiona mobilidade, sustentabilidade e economia no Brasil - Latam Mobility","isPartOf":{"@id":"https:\/\/latamobility.com\/#website"},"primaryImageOfPage":{"@id":"https:\/\/latamobility.com\/pt-br\/pedagio-eletronico-impulsiona-mobilidade-sustentabilidade-e-economia-no-brasil\/#primaryimage"},"image":{"@id":"https:\/\/latamobility.com\/pt-br\/pedagio-eletronico-impulsiona-mobilidade-sustentabilidade-e-economia-no-brasil\/#primaryimage"},"thumbnailUrl":"https:\/\/latamobility.com\/wp-content\/uploads\/2024\/11\/Brasil-1-1.jpg","datePublished":"2024-11-08T10:30:43+00:00","dateModified":"2025-04-10T23:29:45+00:00","description":"As pra\u00e7as de ped\u00e1gio convencionais est\u00e3o cada vez mais pr\u00f3ximas de se tornarem coisa do passado. Espera-se que o ped\u00e1gio eletr\u00f4nico (ou sistema de livre","breadcrumb":{"@id":"https:\/\/latamobility.com\/pt-br\/pedagio-eletronico-impulsiona-mobilidade-sustentabilidade-e-economia-no-brasil\/#breadcrumb"},"inLanguage":"pt-BR","potentialAction":[{"@type":"ReadAction","target":["https:\/\/latamobility.com\/pt-br\/pedagio-eletronico-impulsiona-mobilidade-sustentabilidade-e-economia-no-brasil\/"]}]},{"@type":"ImageObject","inLanguage":"pt-BR","@id":"https:\/\/latamobility.com\/pt-br\/pedagio-eletronico-impulsiona-mobilidade-sustentabilidade-e-economia-no-brasil\/#primaryimage","url":"https:\/\/latamobility.com\/wp-content\/uploads\/2024\/11\/Brasil-1-1.jpg","contentUrl":"https:\/\/latamobility.com\/wp-content\/uploads\/2024\/11\/Brasil-1-1.jpg","width":1280,"height":715},{"@type":"BreadcrumbList","@id":"https:\/\/latamobility.com\/pt-br\/pedagio-eletronico-impulsiona-mobilidade-sustentabilidade-e-economia-no-brasil\/#breadcrumb","itemListElement":[{"@type":"ListItem","position":1,"name":"Portada","item":"https:\/\/latamobility.com\/pt-br\/"},{"@type":"ListItem","position":2,"name":"Ped\u00e1gio eletr\u00f4nico impulsiona mobilidade, sustentabilidade e economia no Brasil"}]},{"@type":"WebSite","@id":"https:\/\/latamobility.com\/#website","url":"https:\/\/latamobility.com\/","name":"Latam Mobility","description":"Serie de Eventos para promover la Movilidad y Transporte sostenible en Latinoam\u00e9rica","publisher":{"@id":"https:\/\/latamobility.com\/#organization"},"potentialAction":[{"@type":"SearchAction","target":{"@type":"EntryPoint","urlTemplate":"https:\/\/latamobility.com\/?s={search_term_string}"},"query-input":{"@type":"PropertyValueSpecification","valueRequired":true,"valueName":"search_term_string"}}],"inLanguage":"pt-BR"},{"@type":"Organization","@id":"https:\/\/latamobility.com\/#organization","name":"LATAM MOBILITY","url":"https:\/\/latamobility.com\/","logo":{"@type":"ImageObject","inLanguage":"pt-BR","@id":"https:\/\/latamobility.com\/#\/schema\/logo\/image\/","url":"https:\/\/latamobility.com\/wp-content\/uploads\/2025\/01\/logos-LM-LG-2025-10.png","contentUrl":"https:\/\/latamobility.com\/wp-content\/uploads\/2025\/01\/logos-LM-LG-2025-10.png","width":1080,"height":1080,"caption":"LATAM MOBILITY"},"image":{"@id":"https:\/\/latamobility.com\/#\/schema\/logo\/image\/"},"sameAs":["https:\/\/www.facebook.com\/latamobility\/","https:\/\/x.com\/LataMobility","https:\/\/www.instagram.com\/latamobility\/","https:\/\/www.linkedin.com\/company\/latamobility\/","https:\/\/www.youtube.com\/channel\/UCtcslRCRY0vITWaOQ1X0XUA"]},{"@type":"Person","@id":"https:\/\/latamobility.com\/#\/schema\/person\/fda092a2de1f87d347784282908bad1a","name":"Antonio Vilela","image":{"@type":"ImageObject","inLanguage":"pt-BR","@id":"https:\/\/secure.gravatar.com\/avatar\/7eee8196fd2fda180806d7b41cd517f274d5ad3b9f65d873feb3ca7e2b3a72d2?s=96&d=mm&r=g","url":"https:\/\/secure.gravatar.com\/avatar\/7eee8196fd2fda180806d7b41cd517f274d5ad3b9f65d873feb3ca7e2b3a72d2?s=96&d=mm&r=g","contentUrl":"https:\/\/secure.gravatar.com\/avatar\/7eee8196fd2fda180806d7b41cd517f274d5ad3b9f65d873feb3ca7e2b3a72d2?s=96&d=mm&r=g","caption":"Antonio Vilela"}}]}},"_links":{"self":[{"href":"https:\/\/latamobility.com\/pt-br\/wp-json\/wp\/v2\/posts\/42770","targetHints":{"allow":["GET"]}}],"collection":[{"href":"https:\/\/latamobility.com\/pt-br\/wp-json\/wp\/v2\/posts"}],"about":[{"href":"https:\/\/latamobility.com\/pt-br\/wp-json\/wp\/v2\/types\/post"}],"author":[{"embeddable":true,"href":"https:\/\/latamobility.com\/pt-br\/wp-json\/wp\/v2\/users\/10"}],"replies":[{"embeddable":true,"href":"https:\/\/latamobility.com\/pt-br\/wp-json\/wp\/v2\/comments?post=42770"}],"version-history":[{"count":1,"href":"https:\/\/latamobility.com\/pt-br\/wp-json\/wp\/v2\/posts\/42770\/revisions"}],"predecessor-version":[{"id":42771,"href":"https:\/\/latamobility.com\/pt-br\/wp-json\/wp\/v2\/posts\/42770\/revisions\/42771"}],"wp:featuredmedia":[{"embeddable":true,"href":"https:\/\/latamobility.com\/pt-br\/wp-json\/wp\/v2\/media\/42766"}],"wp:attachment":[{"href":"https:\/\/latamobility.com\/pt-br\/wp-json\/wp\/v2\/media?parent=42770"}],"wp:term":[{"taxonomy":"category","embeddable":true,"href":"https:\/\/latamobility.com\/pt-br\/wp-json\/wp\/v2\/categories?post=42770"},{"taxonomy":"post_tag","embeddable":true,"href":"https:\/\/latamobility.com\/pt-br\/wp-json\/wp\/v2\/tags?post=42770"}],"curies":[{"name":"wp","href":"https:\/\/api.w.org\/{rel}","templated":true}]}}