{"id":43700,"date":"2024-12-04T05:30:23","date_gmt":"2024-12-04T10:30:23","guid":{"rendered":"https:\/\/latamobility.com\/?p=43700"},"modified":"2024-12-03T19:11:05","modified_gmt":"2024-12-04T00:11:05","slug":"byd-produzira-veiculos-no-brasil-a-partir-de-2025","status":"publish","type":"post","link":"https:\/\/latamobility.com\/pt-br\/byd-produzira-veiculos-no-brasil-a-partir-de-2025\/","title":{"rendered":"BYD produzir\u00e1 ve\u00edculos no Brasil a partir de 2025"},"content":{"rendered":"\n<p>A <strong>empresa chinesa BYD<\/strong>, l\u00edder em mobilidade el\u00e9trica, anunciou que come\u00e7ar\u00e1 a fabricar ve\u00edculos no Brasil a partir de mar\u00e7o de 2025.<\/p>\n\n\n\n<p>A nova f\u00e1brica estar\u00e1 localizada no estado da Bahia e representar\u00e1 um investimento chave para a regi\u00e3o, com<strong> tecnologia avan\u00e7ada e sustent\u00e1vel<\/strong>, garantindo que o movimento seja parte de uma estrat\u00e9gia de expans\u00e3o global focada na Am\u00e9rica Latina.<\/p>\n\n\n\n<p>A capacidade inicial ser\u00e1 de<strong> 150.000 ve\u00edculos anuais,<\/strong> mas espera-se duplicar esse n\u00famero em 2026, alcan\u00e7ando 300.000 unidades.<\/p>\n\n\n\n<p><strong>Conte\u00fado relacionado:<\/strong> <a href=\"https:\/\/latamobility.com\/pt-br\/pedagio-eletronico-impulsiona-mobilidade-sustentabilidade-e-economia-no-brasil\/\">Ped\u00e1gio eletr\u00f4nico impulsiona mobilidade, sustentabilidade e economia no Brasil<\/a><\/p>\n\n\n\n<p>Entre os modelos a serem produzidos, destaca-se um sistema h\u00edbrido que combin<strong>a motores el\u00e9tricos,<\/strong> a gasolina e a etanol, adaptado ao mercado brasileiro e \u00e0s suas pol\u00edticas de combust\u00edveis alternativos.<\/p>\n\n\n\n<figure class=\"wp-block-image size-large\"><img fetchpriority=\"high\" decoding=\"async\" width=\"1024\" height=\"572\" src=\"https:\/\/latamobility.com\/wp-content\/uploads\/2024\/12\/BYD-1024x572.jpg\" alt=\"\" class=\"wp-image-43692\" srcset=\"https:\/\/latamobility.com\/wp-content\/uploads\/2024\/12\/BYD-1024x572.jpg 1024w, https:\/\/latamobility.com\/wp-content\/uploads\/2024\/12\/BYD-300x168.jpg 300w, https:\/\/latamobility.com\/wp-content\/uploads\/2024\/12\/BYD-768x429.jpg 768w, https:\/\/latamobility.com\/wp-content\/uploads\/2024\/12\/BYD.jpg 1280w\" sizes=\"(max-width: 1024px) 100vw, 1024px\" \/><\/figure>\n\n\n\n<h2 class=\"wp-block-heading\" id=\"h-projecoes-do-projeto\"><strong>Proje\u00e7\u00f5es do Projeto<\/strong><\/h2>\n\n\n\n<p>Este projeto dever\u00e1 gerar cerca de <strong>20.000 empregos diretos e indiretos at\u00e9 2026,<\/strong> revitalizando a economia local.<\/p>\n\n\n\n<p>A instala\u00e7\u00e3o tamb\u00e9m incluir\u00e1 pesquisa e desenvolvimento, reafirmando o<strong> compromisso da BYD com inova\u00e7\u00e3o e sustentabilidade na regi\u00e3o.<\/strong><\/p>\n\n\n\n<p>Com esse movimento, a <strong>BYD avan\u00e7a em sua posi\u00e7\u00e3o como refer\u00eancia na ind\u00fastria de ve\u00edculos el\u00e9tricos<\/strong> e sustent\u00e1veis, enquanto consolida sua presen\u00e7a em um dos mercados emergentes mais importantes do mundo.<\/p>\n\n\n\n<p>Finalmente, a produ\u00e7\u00e3o brasileira permitir\u00e1 atender \u00e0 crescente demanda regional e fortalecer a <strong>transi\u00e7\u00e3o energ\u00e9tica na Am\u00e9rica Latina.<\/strong><\/p>\n\n\n\n<h2 class=\"wp-block-heading\" id=\"h-latam-mobility-na-regiao\"><strong>Latam Mobility na Regi\u00e3o<\/strong><\/h2>\n\n\n\n<p>Ap\u00f3s uma bem-sucedida&nbsp;<strong>turn\u00ea de 2024<\/strong>, o&nbsp;<strong>Latam Mobility<\/strong>&nbsp;se consolida como a comunidade de&nbsp;<strong>mobilidade sustent\u00e1vel<\/strong>&nbsp;mais importante da&nbsp;<strong>Am\u00e9rica Latina<\/strong>, gerando sinergia entre os atores envolvidos para expandir a&nbsp;<strong>descarboniza\u00e7\u00e3o<\/strong>.<\/p>\n\n\n\n<figure class=\"wp-block-image\"><img decoding=\"async\" width=\"1024\" height=\"576\" src=\"https:\/\/latamobility.com\/wp-content\/uploads\/2024\/11\/Gira25-6.jpg\" alt=\"\" class=\"wp-image-42616\" srcset=\"https:\/\/latamobility.com\/wp-content\/uploads\/2024\/11\/Gira25-6.jpg 1024w, https:\/\/latamobility.com\/wp-content\/uploads\/2024\/11\/Gira25-6-300x169.jpg 300w, https:\/\/latamobility.com\/wp-content\/uploads\/2024\/11\/Gira25-6-768x432.jpg 768w\" sizes=\"(max-width: 1024px) 100vw, 1024px\" \/><\/figure>\n\n\n\n<p>Em&nbsp;<strong>2025<\/strong>, a rede&nbsp;<strong>Invest In Latam<\/strong>&nbsp;continuar\u00e1 seu impacto na regi\u00e3o com eventos confirmados na&nbsp;<strong>Col\u00f4mbia, Brasil, Chile e M\u00e9xico<\/strong>.<\/p>\n\n\n\n<p>Saiba mais sobre nossos eventos e torne-se um agente de mudan\u00e7a&nbsp;<a href=\"https:\/\/wa.link\/zig4g5\">aqui<\/a>.<\/p>\n","protected":false},"excerpt":{"rendered":"<p>A empresa chinesa BYD, l\u00edder em mobilidade el\u00e9trica, anunciou que come\u00e7ar\u00e1 a fabricar ve\u00edculos no Brasil a partir de mar\u00e7o de 2025. A nova f\u00e1brica estar\u00e1 localizada no estado da Bahia e representar\u00e1 um investimento chave para a regi\u00e3o, com tecnologia avan\u00e7ada e sustent\u00e1vel, garantindo que o movimento seja parte de uma estrat\u00e9gia de expans\u00e3o&#8230;<\/p>\n","protected":false},"author":10,"featured_media":43697,"comment_status":"open","ping_status":"closed","sticky":false,"template":"","format":"standard","meta":{"_kad_post_transparent":"","_kad_post_title":"","_kad_post_layout":"","_kad_post_sidebar_id":"","_kad_post_content_style":"","_kad_post_vertical_padding":"","_kad_post_feature":"","_kad_post_feature_position":"","_kad_post_header":false,"_kad_post_footer":false,"_kad_post_classname":"","footnotes":""},"categories":[2356],"tags":[2585,2358,2359,2357],"class_list":["post-43700","post","type-post","status-publish","format-standard","has-post-thumbnail","hentry","category-movilidad-electrica-pt-br","tag-byd-3","tag-electromovilidad-pt-br","tag-movilidad-electrica-pt-br","tag-movilidad-sostenible-pt-br"],"yoast_head":"<!-- This site is optimized with the Yoast SEO Premium plugin v22.7 (Yoast SEO v27.4) - https:\/\/yoast.com\/product\/yoast-seo-premium-wordpress\/ -->\n<title>BYD produzir\u00e1 ve\u00edculos no Brasil a partir de 2025 - Latam Mobility<\/title>\n<meta name=\"description\" content=\"A empresa chinesa BYD, l\u00edder em mobilidade el\u00e9trica, anunciou que come\u00e7ar\u00e1 a fabricar ve\u00edculos no Brasil a partir de mar\u00e7o de 2025. A nova f\u00e1brica estar\u00e1\" \/>\n<meta name=\"robots\" content=\"index, follow, max-snippet:-1, max-image-preview:large, max-video-preview:-1\" \/>\n<link rel=\"canonical\" href=\"https:\/\/latamobility.com\/byd-producira-vehiculos-en-brasil-a-partir-de-2025\/\" \/>\n<meta property=\"og:locale\" content=\"pt_BR\" \/>\n<meta property=\"og:type\" content=\"article\" \/>\n<meta property=\"og:title\" content=\"BYD produzir\u00e1 ve\u00edculos no Brasil a partir de 2025\" \/>\n<meta property=\"og:description\" content=\"A empresa chinesa BYD, l\u00edder em mobilidade el\u00e9trica, anunciou que come\u00e7ar\u00e1 a fabricar ve\u00edculos no Brasil a partir de mar\u00e7o de 2025. A nova f\u00e1brica estar\u00e1\" \/>\n<meta property=\"og:url\" content=\"https:\/\/latamobility.com\/byd-producira-vehiculos-en-brasil-a-partir-de-2025\/\" \/>\n<meta property=\"og:site_name\" content=\"Latam Mobility\" \/>\n<meta property=\"article:publisher\" content=\"https:\/\/www.facebook.com\/latamobility\/\" \/>\n<meta property=\"article:published_time\" content=\"2024-12-04T10:30:23+00:00\" \/>\n<meta property=\"og:image\" content=\"https:\/\/latamobility.com\/wp-content\/uploads\/2024\/12\/BYD-1.jpg\" \/>\n\t<meta property=\"og:image:width\" content=\"1280\" \/>\n\t<meta property=\"og:image:height\" content=\"715\" \/>\n\t<meta property=\"og:image:type\" content=\"image\/jpeg\" \/>\n<meta name=\"author\" content=\"Antonio Vilela\" \/>\n<meta name=\"twitter:card\" content=\"summary_large_image\" \/>\n<meta name=\"twitter:creator\" content=\"@LataMobility\" \/>\n<meta name=\"twitter:site\" content=\"@LataMobility\" \/>\n<meta name=\"twitter:label1\" content=\"Escrito por\" \/>\n\t<meta name=\"twitter:data1\" content=\"Antonio Vilela\" \/>\n\t<meta name=\"twitter:label2\" content=\"Est. tempo de leitura\" \/>\n\t<meta name=\"twitter:data2\" content=\"2 minutos\" \/>\n<script type=\"application\/ld+json\" class=\"yoast-schema-graph\">{\"@context\":\"https:\\\/\\\/schema.org\",\"@graph\":[{\"@type\":\"Article\",\"@id\":\"https:\\\/\\\/latamobility.com\\\/byd-producira-vehiculos-en-brasil-a-partir-de-2025\\\/#article\",\"isPartOf\":{\"@id\":\"https:\\\/\\\/latamobility.com\\\/byd-producira-vehiculos-en-brasil-a-partir-de-2025\\\/\"},\"author\":{\"name\":\"Antonio Vilela\",\"@id\":\"https:\\\/\\\/latamobility.com\\\/#\\\/schema\\\/person\\\/fda092a2de1f87d347784282908bad1a\"},\"headline\":\"BYD produzir\u00e1 ve\u00edculos no Brasil a partir de 2025\",\"datePublished\":\"2024-12-04T10:30:23+00:00\",\"mainEntityOfPage\":{\"@id\":\"https:\\\/\\\/latamobility.com\\\/byd-producira-vehiculos-en-brasil-a-partir-de-2025\\\/\"},\"wordCount\":335,\"commentCount\":0,\"publisher\":{\"@id\":\"https:\\\/\\\/latamobility.com\\\/#organization\"},\"image\":{\"@id\":\"https:\\\/\\\/latamobility.com\\\/byd-producira-vehiculos-en-brasil-a-partir-de-2025\\\/#primaryimage\"},\"thumbnailUrl\":\"https:\\\/\\\/latamobility.com\\\/wp-content\\\/uploads\\\/2024\\\/12\\\/BYD-1.jpg\",\"keywords\":[\"BYD\",\"electromovilidad\",\"Movilidad el\u00e9ctrica\",\"Movilidad Sostenible\"],\"articleSection\":[\"Movilidad el\u00e9ctrica\"],\"inLanguage\":\"pt-BR\",\"potentialAction\":[{\"@type\":\"CommentAction\",\"name\":\"Comment\",\"target\":[\"https:\\\/\\\/latamobility.com\\\/byd-producira-vehiculos-en-brasil-a-partir-de-2025\\\/#respond\"]}]},{\"@type\":\"WebPage\",\"@id\":\"https:\\\/\\\/latamobility.com\\\/byd-producira-vehiculos-en-brasil-a-partir-de-2025\\\/\",\"url\":\"https:\\\/\\\/latamobility.com\\\/byd-producira-vehiculos-en-brasil-a-partir-de-2025\\\/\",\"name\":\"BYD produzir\u00e1 ve\u00edculos no Brasil a partir de 2025 - Latam Mobility\",\"isPartOf\":{\"@id\":\"https:\\\/\\\/latamobility.com\\\/#website\"},\"primaryImageOfPage\":{\"@id\":\"https:\\\/\\\/latamobility.com\\\/byd-producira-vehiculos-en-brasil-a-partir-de-2025\\\/#primaryimage\"},\"image\":{\"@id\":\"https:\\\/\\\/latamobility.com\\\/byd-producira-vehiculos-en-brasil-a-partir-de-2025\\\/#primaryimage\"},\"thumbnailUrl\":\"https:\\\/\\\/latamobility.com\\\/wp-content\\\/uploads\\\/2024\\\/12\\\/BYD-1.jpg\",\"datePublished\":\"2024-12-04T10:30:23+00:00\",\"description\":\"A empresa chinesa BYD, l\u00edder em mobilidade el\u00e9trica, anunciou que come\u00e7ar\u00e1 a fabricar ve\u00edculos no Brasil a partir de mar\u00e7o de 2025. A nova f\u00e1brica estar\u00e1\",\"breadcrumb\":{\"@id\":\"https:\\\/\\\/latamobility.com\\\/byd-producira-vehiculos-en-brasil-a-partir-de-2025\\\/#breadcrumb\"},\"inLanguage\":\"pt-BR\",\"potentialAction\":[{\"@type\":\"ReadAction\",\"target\":[\"https:\\\/\\\/latamobility.com\\\/byd-producira-vehiculos-en-brasil-a-partir-de-2025\\\/\"]}]},{\"@type\":\"ImageObject\",\"inLanguage\":\"pt-BR\",\"@id\":\"https:\\\/\\\/latamobility.com\\\/byd-producira-vehiculos-en-brasil-a-partir-de-2025\\\/#primaryimage\",\"url\":\"https:\\\/\\\/latamobility.com\\\/wp-content\\\/uploads\\\/2024\\\/12\\\/BYD-1.jpg\",\"contentUrl\":\"https:\\\/\\\/latamobility.com\\\/wp-content\\\/uploads\\\/2024\\\/12\\\/BYD-1.jpg\",\"width\":1280,\"height\":715},{\"@type\":\"BreadcrumbList\",\"@id\":\"https:\\\/\\\/latamobility.com\\\/byd-producira-vehiculos-en-brasil-a-partir-de-2025\\\/#breadcrumb\",\"itemListElement\":[{\"@type\":\"ListItem\",\"position\":1,\"name\":\"Portada\",\"item\":\"https:\\\/\\\/latamobility.com\\\/pt-br\\\/\"},{\"@type\":\"ListItem\",\"position\":2,\"name\":\"BYD produzir\u00e1 ve\u00edculos no Brasil a partir de 2025\"}]},{\"@type\":\"WebSite\",\"@id\":\"https:\\\/\\\/latamobility.com\\\/#website\",\"url\":\"https:\\\/\\\/latamobility.com\\\/\",\"name\":\"Latam Mobility\",\"description\":\"Serie de Eventos para promover la Movilidad y Transporte sostenible en Latinoam\u00e9rica\",\"publisher\":{\"@id\":\"https:\\\/\\\/latamobility.com\\\/#organization\"},\"potentialAction\":[{\"@type\":\"SearchAction\",\"target\":{\"@type\":\"EntryPoint\",\"urlTemplate\":\"https:\\\/\\\/latamobility.com\\\/?s={search_term_string}\"},\"query-input\":{\"@type\":\"PropertyValueSpecification\",\"valueRequired\":true,\"valueName\":\"search_term_string\"}}],\"inLanguage\":\"pt-BR\"},{\"@type\":\"Organization\",\"@id\":\"https:\\\/\\\/latamobility.com\\\/#organization\",\"name\":\"LATAM MOBILITY\",\"url\":\"https:\\\/\\\/latamobility.com\\\/\",\"logo\":{\"@type\":\"ImageObject\",\"inLanguage\":\"pt-BR\",\"@id\":\"https:\\\/\\\/latamobility.com\\\/#\\\/schema\\\/logo\\\/image\\\/\",\"url\":\"https:\\\/\\\/latamobility.com\\\/wp-content\\\/uploads\\\/2025\\\/01\\\/logos-LM-LG-2025-10.png\",\"contentUrl\":\"https:\\\/\\\/latamobility.com\\\/wp-content\\\/uploads\\\/2025\\\/01\\\/logos-LM-LG-2025-10.png\",\"width\":1080,\"height\":1080,\"caption\":\"LATAM MOBILITY\"},\"image\":{\"@id\":\"https:\\\/\\\/latamobility.com\\\/#\\\/schema\\\/logo\\\/image\\\/\"},\"sameAs\":[\"https:\\\/\\\/www.facebook.com\\\/latamobility\\\/\",\"https:\\\/\\\/x.com\\\/LataMobility\",\"https:\\\/\\\/www.instagram.com\\\/latamobility\\\/\",\"https:\\\/\\\/www.linkedin.com\\\/company\\\/latamobility\\\/\",\"https:\\\/\\\/www.youtube.com\\\/channel\\\/UCtcslRCRY0vITWaOQ1X0XUA\"]},{\"@type\":\"Person\",\"@id\":\"https:\\\/\\\/latamobility.com\\\/#\\\/schema\\\/person\\\/fda092a2de1f87d347784282908bad1a\",\"name\":\"Antonio Vilela\",\"image\":{\"@type\":\"ImageObject\",\"inLanguage\":\"pt-BR\",\"@id\":\"https:\\\/\\\/secure.gravatar.com\\\/avatar\\\/7eee8196fd2fda180806d7b41cd517f274d5ad3b9f65d873feb3ca7e2b3a72d2?s=96&d=mm&r=g\",\"url\":\"https:\\\/\\\/secure.gravatar.com\\\/avatar\\\/7eee8196fd2fda180806d7b41cd517f274d5ad3b9f65d873feb3ca7e2b3a72d2?s=96&d=mm&r=g\",\"contentUrl\":\"https:\\\/\\\/secure.gravatar.com\\\/avatar\\\/7eee8196fd2fda180806d7b41cd517f274d5ad3b9f65d873feb3ca7e2b3a72d2?s=96&d=mm&r=g\",\"caption\":\"Antonio Vilela\"}}]}<\/script>\n<!-- \/ Yoast SEO Premium plugin. -->","yoast_head_json":{"title":"BYD produzir\u00e1 ve\u00edculos no Brasil a partir de 2025 - Latam Mobility","description":"A empresa chinesa BYD, l\u00edder em mobilidade el\u00e9trica, anunciou que come\u00e7ar\u00e1 a fabricar ve\u00edculos no Brasil a partir de mar\u00e7o de 2025. A nova f\u00e1brica estar\u00e1","robots":{"index":"index","follow":"follow","max-snippet":"max-snippet:-1","max-image-preview":"max-image-preview:large","max-video-preview":"max-video-preview:-1"},"canonical":"https:\/\/latamobility.com\/byd-producira-vehiculos-en-brasil-a-partir-de-2025\/","og_locale":"pt_BR","og_type":"article","og_title":"BYD produzir\u00e1 ve\u00edculos no Brasil a partir de 2025","og_description":"A empresa chinesa BYD, l\u00edder em mobilidade el\u00e9trica, anunciou que come\u00e7ar\u00e1 a fabricar ve\u00edculos no Brasil a partir de mar\u00e7o de 2025. A nova f\u00e1brica estar\u00e1","og_url":"https:\/\/latamobility.com\/byd-producira-vehiculos-en-brasil-a-partir-de-2025\/","og_site_name":"Latam Mobility","article_publisher":"https:\/\/www.facebook.com\/latamobility\/","article_published_time":"2024-12-04T10:30:23+00:00","og_image":[{"width":1280,"height":715,"url":"https:\/\/latamobility.com\/wp-content\/uploads\/2024\/12\/BYD-1.jpg","type":"image\/jpeg"}],"author":"Antonio Vilela","twitter_card":"summary_large_image","twitter_creator":"@LataMobility","twitter_site":"@LataMobility","twitter_misc":{"Escrito por":"Antonio Vilela","Est. tempo de leitura":"2 minutos"},"schema":{"@context":"https:\/\/schema.org","@graph":[{"@type":"Article","@id":"https:\/\/latamobility.com\/byd-producira-vehiculos-en-brasil-a-partir-de-2025\/#article","isPartOf":{"@id":"https:\/\/latamobility.com\/byd-producira-vehiculos-en-brasil-a-partir-de-2025\/"},"author":{"name":"Antonio Vilela","@id":"https:\/\/latamobility.com\/#\/schema\/person\/fda092a2de1f87d347784282908bad1a"},"headline":"BYD produzir\u00e1 ve\u00edculos no Brasil a partir de 2025","datePublished":"2024-12-04T10:30:23+00:00","mainEntityOfPage":{"@id":"https:\/\/latamobility.com\/byd-producira-vehiculos-en-brasil-a-partir-de-2025\/"},"wordCount":335,"commentCount":0,"publisher":{"@id":"https:\/\/latamobility.com\/#organization"},"image":{"@id":"https:\/\/latamobility.com\/byd-producira-vehiculos-en-brasil-a-partir-de-2025\/#primaryimage"},"thumbnailUrl":"https:\/\/latamobility.com\/wp-content\/uploads\/2024\/12\/BYD-1.jpg","keywords":["BYD","electromovilidad","Movilidad el\u00e9ctrica","Movilidad Sostenible"],"articleSection":["Movilidad el\u00e9ctrica"],"inLanguage":"pt-BR","potentialAction":[{"@type":"CommentAction","name":"Comment","target":["https:\/\/latamobility.com\/byd-producira-vehiculos-en-brasil-a-partir-de-2025\/#respond"]}]},{"@type":"WebPage","@id":"https:\/\/latamobility.com\/byd-producira-vehiculos-en-brasil-a-partir-de-2025\/","url":"https:\/\/latamobility.com\/byd-producira-vehiculos-en-brasil-a-partir-de-2025\/","name":"BYD produzir\u00e1 ve\u00edculos no Brasil a partir de 2025 - Latam Mobility","isPartOf":{"@id":"https:\/\/latamobility.com\/#website"},"primaryImageOfPage":{"@id":"https:\/\/latamobility.com\/byd-producira-vehiculos-en-brasil-a-partir-de-2025\/#primaryimage"},"image":{"@id":"https:\/\/latamobility.com\/byd-producira-vehiculos-en-brasil-a-partir-de-2025\/#primaryimage"},"thumbnailUrl":"https:\/\/latamobility.com\/wp-content\/uploads\/2024\/12\/BYD-1.jpg","datePublished":"2024-12-04T10:30:23+00:00","description":"A empresa chinesa BYD, l\u00edder em mobilidade el\u00e9trica, anunciou que come\u00e7ar\u00e1 a fabricar ve\u00edculos no Brasil a partir de mar\u00e7o de 2025. A nova f\u00e1brica estar\u00e1","breadcrumb":{"@id":"https:\/\/latamobility.com\/byd-producira-vehiculos-en-brasil-a-partir-de-2025\/#breadcrumb"},"inLanguage":"pt-BR","potentialAction":[{"@type":"ReadAction","target":["https:\/\/latamobility.com\/byd-producira-vehiculos-en-brasil-a-partir-de-2025\/"]}]},{"@type":"ImageObject","inLanguage":"pt-BR","@id":"https:\/\/latamobility.com\/byd-producira-vehiculos-en-brasil-a-partir-de-2025\/#primaryimage","url":"https:\/\/latamobility.com\/wp-content\/uploads\/2024\/12\/BYD-1.jpg","contentUrl":"https:\/\/latamobility.com\/wp-content\/uploads\/2024\/12\/BYD-1.jpg","width":1280,"height":715},{"@type":"BreadcrumbList","@id":"https:\/\/latamobility.com\/byd-producira-vehiculos-en-brasil-a-partir-de-2025\/#breadcrumb","itemListElement":[{"@type":"ListItem","position":1,"name":"Portada","item":"https:\/\/latamobility.com\/pt-br\/"},{"@type":"ListItem","position":2,"name":"BYD produzir\u00e1 ve\u00edculos no Brasil a partir de 2025"}]},{"@type":"WebSite","@id":"https:\/\/latamobility.com\/#website","url":"https:\/\/latamobility.com\/","name":"Latam Mobility","description":"Serie de Eventos para promover la Movilidad y Transporte sostenible en Latinoam\u00e9rica","publisher":{"@id":"https:\/\/latamobility.com\/#organization"},"potentialAction":[{"@type":"SearchAction","target":{"@type":"EntryPoint","urlTemplate":"https:\/\/latamobility.com\/?s={search_term_string}"},"query-input":{"@type":"PropertyValueSpecification","valueRequired":true,"valueName":"search_term_string"}}],"inLanguage":"pt-BR"},{"@type":"Organization","@id":"https:\/\/latamobility.com\/#organization","name":"LATAM MOBILITY","url":"https:\/\/latamobility.com\/","logo":{"@type":"ImageObject","inLanguage":"pt-BR","@id":"https:\/\/latamobility.com\/#\/schema\/logo\/image\/","url":"https:\/\/latamobility.com\/wp-content\/uploads\/2025\/01\/logos-LM-LG-2025-10.png","contentUrl":"https:\/\/latamobility.com\/wp-content\/uploads\/2025\/01\/logos-LM-LG-2025-10.png","width":1080,"height":1080,"caption":"LATAM MOBILITY"},"image":{"@id":"https:\/\/latamobility.com\/#\/schema\/logo\/image\/"},"sameAs":["https:\/\/www.facebook.com\/latamobility\/","https:\/\/x.com\/LataMobility","https:\/\/www.instagram.com\/latamobility\/","https:\/\/www.linkedin.com\/company\/latamobility\/","https:\/\/www.youtube.com\/channel\/UCtcslRCRY0vITWaOQ1X0XUA"]},{"@type":"Person","@id":"https:\/\/latamobility.com\/#\/schema\/person\/fda092a2de1f87d347784282908bad1a","name":"Antonio Vilela","image":{"@type":"ImageObject","inLanguage":"pt-BR","@id":"https:\/\/secure.gravatar.com\/avatar\/7eee8196fd2fda180806d7b41cd517f274d5ad3b9f65d873feb3ca7e2b3a72d2?s=96&d=mm&r=g","url":"https:\/\/secure.gravatar.com\/avatar\/7eee8196fd2fda180806d7b41cd517f274d5ad3b9f65d873feb3ca7e2b3a72d2?s=96&d=mm&r=g","contentUrl":"https:\/\/secure.gravatar.com\/avatar\/7eee8196fd2fda180806d7b41cd517f274d5ad3b9f65d873feb3ca7e2b3a72d2?s=96&d=mm&r=g","caption":"Antonio Vilela"}}]}},"_links":{"self":[{"href":"https:\/\/latamobility.com\/pt-br\/wp-json\/wp\/v2\/posts\/43700","targetHints":{"allow":["GET"]}}],"collection":[{"href":"https:\/\/latamobility.com\/pt-br\/wp-json\/wp\/v2\/posts"}],"about":[{"href":"https:\/\/latamobility.com\/pt-br\/wp-json\/wp\/v2\/types\/post"}],"author":[{"embeddable":true,"href":"https:\/\/latamobility.com\/pt-br\/wp-json\/wp\/v2\/users\/10"}],"replies":[{"embeddable":true,"href":"https:\/\/latamobility.com\/pt-br\/wp-json\/wp\/v2\/comments?post=43700"}],"version-history":[{"count":1,"href":"https:\/\/latamobility.com\/pt-br\/wp-json\/wp\/v2\/posts\/43700\/revisions"}],"predecessor-version":[{"id":43701,"href":"https:\/\/latamobility.com\/pt-br\/wp-json\/wp\/v2\/posts\/43700\/revisions\/43701"}],"wp:featuredmedia":[{"embeddable":true,"href":"https:\/\/latamobility.com\/pt-br\/wp-json\/wp\/v2\/media\/43697"}],"wp:attachment":[{"href":"https:\/\/latamobility.com\/pt-br\/wp-json\/wp\/v2\/media?parent=43700"}],"wp:term":[{"taxonomy":"category","embeddable":true,"href":"https:\/\/latamobility.com\/pt-br\/wp-json\/wp\/v2\/categories?post=43700"},{"taxonomy":"post_tag","embeddable":true,"href":"https:\/\/latamobility.com\/pt-br\/wp-json\/wp\/v2\/tags?post=43700"}],"curies":[{"name":"wp","href":"https:\/\/api.w.org\/{rel}","templated":true}]}}