{"id":47859,"date":"2025-04-25T05:30:00","date_gmt":"2025-04-25T10:30:00","guid":{"rendered":"https:\/\/latamobility.com\/?p=47859"},"modified":"2025-04-28T13:23:15","modified_gmt":"2025-04-28T18:23:15","slug":"latam-mobility-net-zero-brazil-2025-transformara-sao-paulo-na-capital-latino-americana-da-mobilidade-do-futuro","status":"publish","type":"post","link":"https:\/\/latamobility.com\/pt-br\/latam-mobility-net-zero-brazil-2025-transformara-sao-paulo-na-capital-latino-americana-da-mobilidade-do-futuro\/","title":{"rendered":"Latam Mobility &amp; Net Zero Brazil 2025 transformar\u00e1 S\u00e3o Paulo na capital latino-americana da mobilidade do futuro"},"content":{"rendered":"\n<p><em>S\u00e3o Paulo est\u00e1 pronta para se tornar, mais uma vez, o palco principal para a mobilidade sustent\u00e1vel e a descarboniza\u00e7\u00e3o na Am\u00e9rica Latina<\/em><\/p>\n\n\n\n<p><strong>Nos dias 7 e 8 de maio de 2025<\/strong>, a comunidade <strong>Latam Mobility<\/strong> reunir\u00e1 os principais participantes do setor no <strong>Latam Mobility &amp; Net Zero Brazil 2025<\/strong>, o evento mais influente sobre mobilidade e sustentabilidade na regi\u00e3o.<\/p>\n\n\n\n<p>Pelo terceiro ano consecutivo, o <strong>Invest in Latam<\/strong> est\u00e1 liderando essa iniciativa que promove a coopera\u00e7\u00e3o p\u00fablico-privada e acelera a transi\u00e7\u00e3o para uma economia mais verde.<\/p>\n\n\n\n<p>E o Brasil, com sua matriz de energia renov\u00e1vel <strong>representando 84,62% da capacidade instalada de eletricidade em 2024<\/strong>, est\u00e1 em uma posi\u00e7\u00e3o privilegiada para liderar a mudan\u00e7a.<\/p>\n\n\n\n<figure class=\"wp-block-image size-large\"><img fetchpriority=\"high\" decoding=\"async\" width=\"819\" height=\"1024\" src=\"https:\/\/latamobility.com\/wp-content\/uploads\/2025\/04\/Banner-Latam-Mobility-Net-Zero-Brasil-2025_Speaker-Logos-3-819x1024.jpg\" alt=\"Latam Mobility\" class=\"wp-image-47851\" srcset=\"https:\/\/latamobility.com\/wp-content\/uploads\/2025\/04\/Banner-Latam-Mobility-Net-Zero-Brasil-2025_Speaker-Logos-3-819x1024.jpg 819w, https:\/\/latamobility.com\/wp-content\/uploads\/2025\/04\/Banner-Latam-Mobility-Net-Zero-Brasil-2025_Speaker-Logos-3-240x300.jpg 240w, https:\/\/latamobility.com\/wp-content\/uploads\/2025\/04\/Banner-Latam-Mobility-Net-Zero-Brasil-2025_Speaker-Logos-3-768x960.jpg 768w, https:\/\/latamobility.com\/wp-content\/uploads\/2025\/04\/Banner-Latam-Mobility-Net-Zero-Brasil-2025_Speaker-Logos-3.jpg 1080w\" sizes=\"(max-width: 819px) 100vw, 819px\" \/><\/figure>\n\n\n\n<h3 class=\"wp-block-heading\" id=\"h-mobilidade-sustentavel-como-motor-do-desenvolvimento\">Mobilidade sustent\u00e1vel como motor do desenvolvimento<\/h3>\n\n\n\n<p>O<strong> Latam Mobility &amp; Net Zero Brazil 2025<\/strong> abordar\u00e1 as oportunidades e os desafios do futuro da mobilidade el\u00e9trica, dos combust\u00edveis limpos e das tecnologias de baixa emiss\u00e3o, bem como as estrat\u00e9gias que marcar\u00e3o o caminho para o cumprimento dos Objetivos de Desenvolvimento Sustent\u00e1vel da ONU.<\/p>\n\n\n\n<p>Com a presen\u00e7a de um grande n\u00famero de <strong>l\u00edderes dos setores p\u00fablico e privado<\/strong>, o encontro ser\u00e1 fundamental para consolidar parcerias e fortalecer o ecossistema de mobilidade sustent\u00e1vel no pa\u00eds.<\/p>\n\n\n\n<p>O Brasil n\u00e3o apenas lidera a produ\u00e7\u00e3o automotiva na Am\u00e9rica do Sul, mas tamb\u00e9m <strong>representa o maior e mais din\u00e2mico mercado da regi\u00e3o<\/strong>, gerando oportunidades de investimento e empregos verdes que impulsionar\u00e3o sua ind\u00fastria dom\u00e9stica.<\/p>\n\n\n\n<p>Al\u00e9m disso, o desenvolvimento da infraestrutura de mobilidade sustent\u00e1vel pode se tornar uma ferramenta de justi\u00e7a social, melhorando o acesso ao transporte limpo e reduzindo as desigualdades.<\/p>\n\n\n\n<h3 class=\"wp-block-heading\" id=\"h-uma-reuniao-estrategica-para-o-futuro-da-mobilidade\">Uma reuni\u00e3o estrat\u00e9gica para o futuro da mobilidade<\/h3>\n\n\n\n<p>A c\u00fapula faz parte do<strong> Latam Mobility&#8217;s 2025 Tour<\/strong>, com uma s\u00e9rie de pain\u00e9is especializados que exploram as principais<strong> tend\u00eancias em eletromobilidade, infraestrutura de carregamento, gerenciamento de frota, financiamento sustent\u00e1vel e novas tecnologias<\/strong>.<\/p>\n\n\n\n<p>O evento tamb\u00e9m contar\u00e1 com \u00e1reas de exposi\u00e7\u00e3o, sess\u00f5es interativas e espa\u00e7os de networking para promover a colabora\u00e7\u00e3o e a inova\u00e7\u00e3o no setor.<\/p>\n\n\n\n<p>Vale ressaltar que o Brasil tem experimentado um crescimento significativo em sua infraestrutura de carregamento de ve\u00edculos el\u00e9tricos, atingindo <strong>14.827 pontos de carregamento p\u00fablicos e semip\u00fablicos at\u00e9 fevereiro de 2025<\/strong>, representando <strong>um aumento de 22% em rela\u00e7\u00e3o a novembro de 2024<\/strong>. Esse progresso refor\u00e7a o compromisso do pa\u00eds com a eletromobilidade e a redu\u00e7\u00e3o de emiss\u00f5es.<\/p>\n\n\n\n<p>Com a participa\u00e7\u00e3o dos principais participantes da <strong>Argentina, Brasil, M\u00e9xico, Col\u00f4mbia <\/strong>e<strong> Chile<\/strong>, entre outros, o <strong>Latam Mobility &amp; Net Zero Brazil 2025<\/strong> ser\u00e1 o ponto de encontro para aqueles que est\u00e3o moldando o futuro da mobilidade na regi\u00e3o.<\/p>\n\n\n\n<h3 class=\"wp-block-heading\" id=\"h-como-participar\">Como participar?<\/h3>\n\n\n\n<p>Para obter mais informa\u00e7\u00f5es sobre o evento e op\u00e7\u00f5es de posicionamento, escreva para <a href=\"mailto:daniela.garcia@investinlatam.org\"><strong>daniela.garcia@investinlatam.org<\/strong><\/a>.<\/p>\n\n\n\n<p>Voc\u00ea tamb\u00e9m pode entrar em contato conosco via <a href=\"https:\/\/lnkd.in\/eQzTYdNG\"><strong>WhatsApp<\/strong><\/a> e comprar ingressos clicando <a href=\"https:\/\/live.eventtia.com\/es\/latammobilitybrasil2025#\"><strong>aqui<\/strong><\/a>.<\/p>\n\n\n\n<figure class=\"wp-block-image size-large\"><img decoding=\"async\" width=\"1024\" height=\"576\" src=\"https:\/\/latamobility.com\/wp-content\/uploads\/2025\/04\/Banner-logos-Latam-Mobility-Net-Zero-Brasil-2025_twitter-1-1024x576.jpg\" alt=\"Latam Mobility\" class=\"wp-image-47854\" srcset=\"https:\/\/latamobility.com\/wp-content\/uploads\/2025\/04\/Banner-logos-Latam-Mobility-Net-Zero-Brasil-2025_twitter-1-1024x576.jpg 1024w, https:\/\/latamobility.com\/wp-content\/uploads\/2025\/04\/Banner-logos-Latam-Mobility-Net-Zero-Brasil-2025_twitter-1-300x169.jpg 300w, https:\/\/latamobility.com\/wp-content\/uploads\/2025\/04\/Banner-logos-Latam-Mobility-Net-Zero-Brasil-2025_twitter-1-768x432.jpg 768w, https:\/\/latamobility.com\/wp-content\/uploads\/2025\/04\/Banner-logos-Latam-Mobility-Net-Zero-Brasil-2025_twitter-1-1536x864.jpg 1536w, https:\/\/latamobility.com\/wp-content\/uploads\/2025\/04\/Banner-logos-Latam-Mobility-Net-Zero-Brasil-2025_twitter-1-2048x1153.jpg 2048w\" sizes=\"(max-width: 1024px) 100vw, 1024px\" \/><\/figure>\n","protected":false},"excerpt":{"rendered":"<p>S\u00e3o Paulo est\u00e1 pronta para se tornar, mais uma vez, o palco principal para a mobilidade sustent\u00e1vel e a descarboniza\u00e7\u00e3o na Am\u00e9rica Latina Nos dias 7 e 8 de maio de 2025, a comunidade Latam Mobility reunir\u00e1 os principais participantes do setor no Latam Mobility &amp; Net Zero Brazil 2025, o evento mais influente sobre&#8230;<\/p>\n","protected":false},"author":10,"featured_media":47848,"comment_status":"open","ping_status":"closed","sticky":false,"template":"","format":"standard","meta":{"_kad_post_transparent":"","_kad_post_title":"","_kad_post_layout":"","_kad_post_sidebar_id":"","_kad_post_content_style":"","_kad_post_vertical_padding":"","_kad_post_feature":"","_kad_post_feature_position":"","_kad_post_header":false,"_kad_post_footer":false,"_kad_post_classname":"","footnotes":""},"categories":[2356],"tags":[2347,2897],"class_list":["post-47859","post","type-post","status-publish","format-standard","has-post-thumbnail","hentry","category-movilidad-electrica-pt-br","tag-brasil-3","tag-plan-mover-pt-br"],"yoast_head":"<!-- This site is optimized with the Yoast SEO Premium plugin v22.7 (Yoast SEO v27.4) - https:\/\/yoast.com\/product\/yoast-seo-premium-wordpress\/ -->\n<title>Latam Mobility &amp; Net Zero Brazil 2025 transformar\u00e1 S\u00e3o Paulo na capital latino-americana da mobilidade do futuro - Latam Mobility<\/title>\n<meta name=\"description\" content=\"S\u00e3o Paulo est\u00e1 pronta para se tornar, mais uma vez, o palco principal para a mobilidade sustent\u00e1vel e a descarboniza\u00e7\u00e3o na Am\u00e9rica Latina\" \/>\n<meta name=\"robots\" content=\"index, follow, max-snippet:-1, max-image-preview:large, max-video-preview:-1\" \/>\n<link rel=\"canonical\" href=\"https:\/\/latamobility.com\/pt-br\/latam-mobility-net-zero-brazil-2025-transformara-sao-paulo-na-capital-latino-americana-da-mobilidade-do-futuro\/\" \/>\n<meta property=\"og:locale\" content=\"pt_BR\" \/>\n<meta property=\"og:type\" content=\"article\" \/>\n<meta property=\"og:title\" content=\"Latam Mobility &amp; Net Zero Brazil 2025 transformar\u00e1 S\u00e3o Paulo na capital latino-americana da mobilidade do futuro\" \/>\n<meta property=\"og:description\" content=\"S\u00e3o Paulo est\u00e1 pronta para se tornar, mais uma vez, o palco principal para a mobilidade sustent\u00e1vel e a descarboniza\u00e7\u00e3o na Am\u00e9rica Latina\" \/>\n<meta property=\"og:url\" content=\"https:\/\/latamobility.com\/pt-br\/latam-mobility-net-zero-brazil-2025-transformara-sao-paulo-na-capital-latino-americana-da-mobilidade-do-futuro\/\" \/>\n<meta property=\"og:site_name\" content=\"Latam Mobility\" \/>\n<meta property=\"article:publisher\" content=\"https:\/\/www.facebook.com\/latamobility\/\" \/>\n<meta property=\"article:published_time\" content=\"2025-04-25T10:30:00+00:00\" \/>\n<meta property=\"article:modified_time\" content=\"2025-04-28T18:23:15+00:00\" \/>\n<meta property=\"og:image\" content=\"https:\/\/latamobility.com\/wp-content\/uploads\/2025\/04\/Banner-Latam-Mobility-Net-Zero-Brasil-2025.jpg\" \/>\n\t<meta property=\"og:image:width\" content=\"1080\" \/>\n\t<meta property=\"og:image:height\" content=\"620\" \/>\n\t<meta property=\"og:image:type\" content=\"image\/jpeg\" \/>\n<meta name=\"author\" content=\"Antonio Vilela\" \/>\n<meta name=\"twitter:card\" content=\"summary_large_image\" \/>\n<meta name=\"twitter:creator\" content=\"@LataMobility\" \/>\n<meta name=\"twitter:site\" content=\"@LataMobility\" \/>\n<meta name=\"twitter:label1\" content=\"Escrito por\" \/>\n\t<meta name=\"twitter:data1\" content=\"Antonio Vilela\" \/>\n\t<meta name=\"twitter:label2\" content=\"Est. tempo de leitura\" \/>\n\t<meta name=\"twitter:data2\" content=\"3 minutos\" \/>\n<script type=\"application\/ld+json\" class=\"yoast-schema-graph\">{\"@context\":\"https:\\\/\\\/schema.org\",\"@graph\":[{\"@type\":\"Article\",\"@id\":\"https:\\\/\\\/latamobility.com\\\/pt-br\\\/latam-mobility-net-zero-brazil-2025-transformara-sao-paulo-na-capital-latino-americana-da-mobilidade-do-futuro\\\/#article\",\"isPartOf\":{\"@id\":\"https:\\\/\\\/latamobility.com\\\/pt-br\\\/latam-mobility-net-zero-brazil-2025-transformara-sao-paulo-na-capital-latino-americana-da-mobilidade-do-futuro\\\/\"},\"author\":{\"name\":\"Antonio Vilela\",\"@id\":\"https:\\\/\\\/latamobility.com\\\/#\\\/schema\\\/person\\\/fda092a2de1f87d347784282908bad1a\"},\"headline\":\"Latam Mobility &amp; Net Zero Brazil 2025 transformar\u00e1 S\u00e3o Paulo na capital latino-americana da mobilidade do futuro\",\"datePublished\":\"2025-04-25T10:30:00+00:00\",\"dateModified\":\"2025-04-28T18:23:15+00:00\",\"mainEntityOfPage\":{\"@id\":\"https:\\\/\\\/latamobility.com\\\/pt-br\\\/latam-mobility-net-zero-brazil-2025-transformara-sao-paulo-na-capital-latino-americana-da-mobilidade-do-futuro\\\/\"},\"wordCount\":520,\"commentCount\":0,\"publisher\":{\"@id\":\"https:\\\/\\\/latamobility.com\\\/#organization\"},\"image\":{\"@id\":\"https:\\\/\\\/latamobility.com\\\/pt-br\\\/latam-mobility-net-zero-brazil-2025-transformara-sao-paulo-na-capital-latino-americana-da-mobilidade-do-futuro\\\/#primaryimage\"},\"thumbnailUrl\":\"https:\\\/\\\/latamobility.com\\\/wp-content\\\/uploads\\\/2025\\\/04\\\/Banner-Latam-Mobility-Net-Zero-Brasil-2025.jpg\",\"keywords\":[\"Brasil\",\"Plan MOVER\"],\"articleSection\":[\"Movilidad el\u00e9ctrica\"],\"inLanguage\":\"pt-BR\",\"potentialAction\":[{\"@type\":\"CommentAction\",\"name\":\"Comment\",\"target\":[\"https:\\\/\\\/latamobility.com\\\/pt-br\\\/latam-mobility-net-zero-brazil-2025-transformara-sao-paulo-na-capital-latino-americana-da-mobilidade-do-futuro\\\/#respond\"]}]},{\"@type\":\"WebPage\",\"@id\":\"https:\\\/\\\/latamobility.com\\\/pt-br\\\/latam-mobility-net-zero-brazil-2025-transformara-sao-paulo-na-capital-latino-americana-da-mobilidade-do-futuro\\\/\",\"url\":\"https:\\\/\\\/latamobility.com\\\/pt-br\\\/latam-mobility-net-zero-brazil-2025-transformara-sao-paulo-na-capital-latino-americana-da-mobilidade-do-futuro\\\/\",\"name\":\"Latam Mobility &amp; Net Zero Brazil 2025 transformar\u00e1 S\u00e3o Paulo na capital latino-americana da mobilidade do futuro - Latam Mobility\",\"isPartOf\":{\"@id\":\"https:\\\/\\\/latamobility.com\\\/#website\"},\"primaryImageOfPage\":{\"@id\":\"https:\\\/\\\/latamobility.com\\\/pt-br\\\/latam-mobility-net-zero-brazil-2025-transformara-sao-paulo-na-capital-latino-americana-da-mobilidade-do-futuro\\\/#primaryimage\"},\"image\":{\"@id\":\"https:\\\/\\\/latamobility.com\\\/pt-br\\\/latam-mobility-net-zero-brazil-2025-transformara-sao-paulo-na-capital-latino-americana-da-mobilidade-do-futuro\\\/#primaryimage\"},\"thumbnailUrl\":\"https:\\\/\\\/latamobility.com\\\/wp-content\\\/uploads\\\/2025\\\/04\\\/Banner-Latam-Mobility-Net-Zero-Brasil-2025.jpg\",\"datePublished\":\"2025-04-25T10:30:00+00:00\",\"dateModified\":\"2025-04-28T18:23:15+00:00\",\"description\":\"S\u00e3o Paulo est\u00e1 pronta para se tornar, mais uma vez, o palco principal para a mobilidade sustent\u00e1vel e a descarboniza\u00e7\u00e3o na Am\u00e9rica Latina\",\"breadcrumb\":{\"@id\":\"https:\\\/\\\/latamobility.com\\\/pt-br\\\/latam-mobility-net-zero-brazil-2025-transformara-sao-paulo-na-capital-latino-americana-da-mobilidade-do-futuro\\\/#breadcrumb\"},\"inLanguage\":\"pt-BR\",\"potentialAction\":[{\"@type\":\"ReadAction\",\"target\":[\"https:\\\/\\\/latamobility.com\\\/pt-br\\\/latam-mobility-net-zero-brazil-2025-transformara-sao-paulo-na-capital-latino-americana-da-mobilidade-do-futuro\\\/\"]}]},{\"@type\":\"ImageObject\",\"inLanguage\":\"pt-BR\",\"@id\":\"https:\\\/\\\/latamobility.com\\\/pt-br\\\/latam-mobility-net-zero-brazil-2025-transformara-sao-paulo-na-capital-latino-americana-da-mobilidade-do-futuro\\\/#primaryimage\",\"url\":\"https:\\\/\\\/latamobility.com\\\/wp-content\\\/uploads\\\/2025\\\/04\\\/Banner-Latam-Mobility-Net-Zero-Brasil-2025.jpg\",\"contentUrl\":\"https:\\\/\\\/latamobility.com\\\/wp-content\\\/uploads\\\/2025\\\/04\\\/Banner-Latam-Mobility-Net-Zero-Brasil-2025.jpg\",\"width\":1080,\"height\":620,\"caption\":\"Banner oficial Latam Mobility &amp; Net Zero Brasil 2025 - 1\"},{\"@type\":\"BreadcrumbList\",\"@id\":\"https:\\\/\\\/latamobility.com\\\/pt-br\\\/latam-mobility-net-zero-brazil-2025-transformara-sao-paulo-na-capital-latino-americana-da-mobilidade-do-futuro\\\/#breadcrumb\",\"itemListElement\":[{\"@type\":\"ListItem\",\"position\":1,\"name\":\"Portada\",\"item\":\"https:\\\/\\\/latamobility.com\\\/pt-br\\\/\"},{\"@type\":\"ListItem\",\"position\":2,\"name\":\"Latam Mobility &amp; Net Zero Brazil 2025 transformar\u00e1 S\u00e3o Paulo na capital latino-americana da mobilidade do futuro\"}]},{\"@type\":\"WebSite\",\"@id\":\"https:\\\/\\\/latamobility.com\\\/#website\",\"url\":\"https:\\\/\\\/latamobility.com\\\/\",\"name\":\"Latam Mobility\",\"description\":\"Serie de Eventos para promover la Movilidad y Transporte sostenible en Latinoam\u00e9rica\",\"publisher\":{\"@id\":\"https:\\\/\\\/latamobility.com\\\/#organization\"},\"potentialAction\":[{\"@type\":\"SearchAction\",\"target\":{\"@type\":\"EntryPoint\",\"urlTemplate\":\"https:\\\/\\\/latamobility.com\\\/?s={search_term_string}\"},\"query-input\":{\"@type\":\"PropertyValueSpecification\",\"valueRequired\":true,\"valueName\":\"search_term_string\"}}],\"inLanguage\":\"pt-BR\"},{\"@type\":\"Organization\",\"@id\":\"https:\\\/\\\/latamobility.com\\\/#organization\",\"name\":\"LATAM MOBILITY\",\"url\":\"https:\\\/\\\/latamobility.com\\\/\",\"logo\":{\"@type\":\"ImageObject\",\"inLanguage\":\"pt-BR\",\"@id\":\"https:\\\/\\\/latamobility.com\\\/#\\\/schema\\\/logo\\\/image\\\/\",\"url\":\"https:\\\/\\\/latamobility.com\\\/wp-content\\\/uploads\\\/2025\\\/01\\\/logos-LM-LG-2025-10.png\",\"contentUrl\":\"https:\\\/\\\/latamobility.com\\\/wp-content\\\/uploads\\\/2025\\\/01\\\/logos-LM-LG-2025-10.png\",\"width\":1080,\"height\":1080,\"caption\":\"LATAM MOBILITY\"},\"image\":{\"@id\":\"https:\\\/\\\/latamobility.com\\\/#\\\/schema\\\/logo\\\/image\\\/\"},\"sameAs\":[\"https:\\\/\\\/www.facebook.com\\\/latamobility\\\/\",\"https:\\\/\\\/x.com\\\/LataMobility\",\"https:\\\/\\\/www.instagram.com\\\/latamobility\\\/\",\"https:\\\/\\\/www.linkedin.com\\\/company\\\/latamobility\\\/\",\"https:\\\/\\\/www.youtube.com\\\/channel\\\/UCtcslRCRY0vITWaOQ1X0XUA\"]},{\"@type\":\"Person\",\"@id\":\"https:\\\/\\\/latamobility.com\\\/#\\\/schema\\\/person\\\/fda092a2de1f87d347784282908bad1a\",\"name\":\"Antonio Vilela\",\"image\":{\"@type\":\"ImageObject\",\"inLanguage\":\"pt-BR\",\"@id\":\"https:\\\/\\\/secure.gravatar.com\\\/avatar\\\/7eee8196fd2fda180806d7b41cd517f274d5ad3b9f65d873feb3ca7e2b3a72d2?s=96&d=mm&r=g\",\"url\":\"https:\\\/\\\/secure.gravatar.com\\\/avatar\\\/7eee8196fd2fda180806d7b41cd517f274d5ad3b9f65d873feb3ca7e2b3a72d2?s=96&d=mm&r=g\",\"contentUrl\":\"https:\\\/\\\/secure.gravatar.com\\\/avatar\\\/7eee8196fd2fda180806d7b41cd517f274d5ad3b9f65d873feb3ca7e2b3a72d2?s=96&d=mm&r=g\",\"caption\":\"Antonio Vilela\"}}]}<\/script>\n<!-- \/ Yoast SEO Premium plugin. -->","yoast_head_json":{"title":"Latam Mobility &amp; Net Zero Brazil 2025 transformar\u00e1 S\u00e3o Paulo na capital latino-americana da mobilidade do futuro - Latam Mobility","description":"S\u00e3o Paulo est\u00e1 pronta para se tornar, mais uma vez, o palco principal para a mobilidade sustent\u00e1vel e a descarboniza\u00e7\u00e3o na Am\u00e9rica Latina","robots":{"index":"index","follow":"follow","max-snippet":"max-snippet:-1","max-image-preview":"max-image-preview:large","max-video-preview":"max-video-preview:-1"},"canonical":"https:\/\/latamobility.com\/pt-br\/latam-mobility-net-zero-brazil-2025-transformara-sao-paulo-na-capital-latino-americana-da-mobilidade-do-futuro\/","og_locale":"pt_BR","og_type":"article","og_title":"Latam Mobility &amp; Net Zero Brazil 2025 transformar\u00e1 S\u00e3o Paulo na capital latino-americana da mobilidade do futuro","og_description":"S\u00e3o Paulo est\u00e1 pronta para se tornar, mais uma vez, o palco principal para a mobilidade sustent\u00e1vel e a descarboniza\u00e7\u00e3o na Am\u00e9rica Latina","og_url":"https:\/\/latamobility.com\/pt-br\/latam-mobility-net-zero-brazil-2025-transformara-sao-paulo-na-capital-latino-americana-da-mobilidade-do-futuro\/","og_site_name":"Latam Mobility","article_publisher":"https:\/\/www.facebook.com\/latamobility\/","article_published_time":"2025-04-25T10:30:00+00:00","article_modified_time":"2025-04-28T18:23:15+00:00","og_image":[{"width":1080,"height":620,"url":"https:\/\/latamobility.com\/wp-content\/uploads\/2025\/04\/Banner-Latam-Mobility-Net-Zero-Brasil-2025.jpg","type":"image\/jpeg"}],"author":"Antonio Vilela","twitter_card":"summary_large_image","twitter_creator":"@LataMobility","twitter_site":"@LataMobility","twitter_misc":{"Escrito por":"Antonio Vilela","Est. tempo de leitura":"3 minutos"},"schema":{"@context":"https:\/\/schema.org","@graph":[{"@type":"Article","@id":"https:\/\/latamobility.com\/pt-br\/latam-mobility-net-zero-brazil-2025-transformara-sao-paulo-na-capital-latino-americana-da-mobilidade-do-futuro\/#article","isPartOf":{"@id":"https:\/\/latamobility.com\/pt-br\/latam-mobility-net-zero-brazil-2025-transformara-sao-paulo-na-capital-latino-americana-da-mobilidade-do-futuro\/"},"author":{"name":"Antonio Vilela","@id":"https:\/\/latamobility.com\/#\/schema\/person\/fda092a2de1f87d347784282908bad1a"},"headline":"Latam Mobility &amp; Net Zero Brazil 2025 transformar\u00e1 S\u00e3o Paulo na capital latino-americana da mobilidade do futuro","datePublished":"2025-04-25T10:30:00+00:00","dateModified":"2025-04-28T18:23:15+00:00","mainEntityOfPage":{"@id":"https:\/\/latamobility.com\/pt-br\/latam-mobility-net-zero-brazil-2025-transformara-sao-paulo-na-capital-latino-americana-da-mobilidade-do-futuro\/"},"wordCount":520,"commentCount":0,"publisher":{"@id":"https:\/\/latamobility.com\/#organization"},"image":{"@id":"https:\/\/latamobility.com\/pt-br\/latam-mobility-net-zero-brazil-2025-transformara-sao-paulo-na-capital-latino-americana-da-mobilidade-do-futuro\/#primaryimage"},"thumbnailUrl":"https:\/\/latamobility.com\/wp-content\/uploads\/2025\/04\/Banner-Latam-Mobility-Net-Zero-Brasil-2025.jpg","keywords":["Brasil","Plan MOVER"],"articleSection":["Movilidad el\u00e9ctrica"],"inLanguage":"pt-BR","potentialAction":[{"@type":"CommentAction","name":"Comment","target":["https:\/\/latamobility.com\/pt-br\/latam-mobility-net-zero-brazil-2025-transformara-sao-paulo-na-capital-latino-americana-da-mobilidade-do-futuro\/#respond"]}]},{"@type":"WebPage","@id":"https:\/\/latamobility.com\/pt-br\/latam-mobility-net-zero-brazil-2025-transformara-sao-paulo-na-capital-latino-americana-da-mobilidade-do-futuro\/","url":"https:\/\/latamobility.com\/pt-br\/latam-mobility-net-zero-brazil-2025-transformara-sao-paulo-na-capital-latino-americana-da-mobilidade-do-futuro\/","name":"Latam Mobility &amp; Net Zero Brazil 2025 transformar\u00e1 S\u00e3o Paulo na capital latino-americana da mobilidade do futuro - Latam Mobility","isPartOf":{"@id":"https:\/\/latamobility.com\/#website"},"primaryImageOfPage":{"@id":"https:\/\/latamobility.com\/pt-br\/latam-mobility-net-zero-brazil-2025-transformara-sao-paulo-na-capital-latino-americana-da-mobilidade-do-futuro\/#primaryimage"},"image":{"@id":"https:\/\/latamobility.com\/pt-br\/latam-mobility-net-zero-brazil-2025-transformara-sao-paulo-na-capital-latino-americana-da-mobilidade-do-futuro\/#primaryimage"},"thumbnailUrl":"https:\/\/latamobility.com\/wp-content\/uploads\/2025\/04\/Banner-Latam-Mobility-Net-Zero-Brasil-2025.jpg","datePublished":"2025-04-25T10:30:00+00:00","dateModified":"2025-04-28T18:23:15+00:00","description":"S\u00e3o Paulo est\u00e1 pronta para se tornar, mais uma vez, o palco principal para a mobilidade sustent\u00e1vel e a descarboniza\u00e7\u00e3o na Am\u00e9rica Latina","breadcrumb":{"@id":"https:\/\/latamobility.com\/pt-br\/latam-mobility-net-zero-brazil-2025-transformara-sao-paulo-na-capital-latino-americana-da-mobilidade-do-futuro\/#breadcrumb"},"inLanguage":"pt-BR","potentialAction":[{"@type":"ReadAction","target":["https:\/\/latamobility.com\/pt-br\/latam-mobility-net-zero-brazil-2025-transformara-sao-paulo-na-capital-latino-americana-da-mobilidade-do-futuro\/"]}]},{"@type":"ImageObject","inLanguage":"pt-BR","@id":"https:\/\/latamobility.com\/pt-br\/latam-mobility-net-zero-brazil-2025-transformara-sao-paulo-na-capital-latino-americana-da-mobilidade-do-futuro\/#primaryimage","url":"https:\/\/latamobility.com\/wp-content\/uploads\/2025\/04\/Banner-Latam-Mobility-Net-Zero-Brasil-2025.jpg","contentUrl":"https:\/\/latamobility.com\/wp-content\/uploads\/2025\/04\/Banner-Latam-Mobility-Net-Zero-Brasil-2025.jpg","width":1080,"height":620,"caption":"Banner oficial Latam Mobility &amp; Net Zero Brasil 2025 - 1"},{"@type":"BreadcrumbList","@id":"https:\/\/latamobility.com\/pt-br\/latam-mobility-net-zero-brazil-2025-transformara-sao-paulo-na-capital-latino-americana-da-mobilidade-do-futuro\/#breadcrumb","itemListElement":[{"@type":"ListItem","position":1,"name":"Portada","item":"https:\/\/latamobility.com\/pt-br\/"},{"@type":"ListItem","position":2,"name":"Latam Mobility &amp; Net Zero Brazil 2025 transformar\u00e1 S\u00e3o Paulo na capital latino-americana da mobilidade do futuro"}]},{"@type":"WebSite","@id":"https:\/\/latamobility.com\/#website","url":"https:\/\/latamobility.com\/","name":"Latam Mobility","description":"Serie de Eventos para promover la Movilidad y Transporte sostenible en Latinoam\u00e9rica","publisher":{"@id":"https:\/\/latamobility.com\/#organization"},"potentialAction":[{"@type":"SearchAction","target":{"@type":"EntryPoint","urlTemplate":"https:\/\/latamobility.com\/?s={search_term_string}"},"query-input":{"@type":"PropertyValueSpecification","valueRequired":true,"valueName":"search_term_string"}}],"inLanguage":"pt-BR"},{"@type":"Organization","@id":"https:\/\/latamobility.com\/#organization","name":"LATAM MOBILITY","url":"https:\/\/latamobility.com\/","logo":{"@type":"ImageObject","inLanguage":"pt-BR","@id":"https:\/\/latamobility.com\/#\/schema\/logo\/image\/","url":"https:\/\/latamobility.com\/wp-content\/uploads\/2025\/01\/logos-LM-LG-2025-10.png","contentUrl":"https:\/\/latamobility.com\/wp-content\/uploads\/2025\/01\/logos-LM-LG-2025-10.png","width":1080,"height":1080,"caption":"LATAM MOBILITY"},"image":{"@id":"https:\/\/latamobility.com\/#\/schema\/logo\/image\/"},"sameAs":["https:\/\/www.facebook.com\/latamobility\/","https:\/\/x.com\/LataMobility","https:\/\/www.instagram.com\/latamobility\/","https:\/\/www.linkedin.com\/company\/latamobility\/","https:\/\/www.youtube.com\/channel\/UCtcslRCRY0vITWaOQ1X0XUA"]},{"@type":"Person","@id":"https:\/\/latamobility.com\/#\/schema\/person\/fda092a2de1f87d347784282908bad1a","name":"Antonio Vilela","image":{"@type":"ImageObject","inLanguage":"pt-BR","@id":"https:\/\/secure.gravatar.com\/avatar\/7eee8196fd2fda180806d7b41cd517f274d5ad3b9f65d873feb3ca7e2b3a72d2?s=96&d=mm&r=g","url":"https:\/\/secure.gravatar.com\/avatar\/7eee8196fd2fda180806d7b41cd517f274d5ad3b9f65d873feb3ca7e2b3a72d2?s=96&d=mm&r=g","contentUrl":"https:\/\/secure.gravatar.com\/avatar\/7eee8196fd2fda180806d7b41cd517f274d5ad3b9f65d873feb3ca7e2b3a72d2?s=96&d=mm&r=g","caption":"Antonio Vilela"}}]}},"_links":{"self":[{"href":"https:\/\/latamobility.com\/pt-br\/wp-json\/wp\/v2\/posts\/47859","targetHints":{"allow":["GET"]}}],"collection":[{"href":"https:\/\/latamobility.com\/pt-br\/wp-json\/wp\/v2\/posts"}],"about":[{"href":"https:\/\/latamobility.com\/pt-br\/wp-json\/wp\/v2\/types\/post"}],"author":[{"embeddable":true,"href":"https:\/\/latamobility.com\/pt-br\/wp-json\/wp\/v2\/users\/10"}],"replies":[{"embeddable":true,"href":"https:\/\/latamobility.com\/pt-br\/wp-json\/wp\/v2\/comments?post=47859"}],"version-history":[{"count":1,"href":"https:\/\/latamobility.com\/pt-br\/wp-json\/wp\/v2\/posts\/47859\/revisions"}],"predecessor-version":[{"id":47860,"href":"https:\/\/latamobility.com\/pt-br\/wp-json\/wp\/v2\/posts\/47859\/revisions\/47860"}],"wp:featuredmedia":[{"embeddable":true,"href":"https:\/\/latamobility.com\/pt-br\/wp-json\/wp\/v2\/media\/47848"}],"wp:attachment":[{"href":"https:\/\/latamobility.com\/pt-br\/wp-json\/wp\/v2\/media?parent=47859"}],"wp:term":[{"taxonomy":"category","embeddable":true,"href":"https:\/\/latamobility.com\/pt-br\/wp-json\/wp\/v2\/categories?post=47859"},{"taxonomy":"post_tag","embeddable":true,"href":"https:\/\/latamobility.com\/pt-br\/wp-json\/wp\/v2\/tags?post=47859"}],"curies":[{"name":"wp","href":"https:\/\/api.w.org\/{rel}","templated":true}]}}