{"id":48186,"date":"2025-05-06T05:25:00","date_gmt":"2025-05-06T10:25:00","guid":{"rendered":"https:\/\/latamobility.com\/?p=48186"},"modified":"2025-05-05T15:43:34","modified_gmt":"2025-05-05T20:43:34","slug":"byd-inicia-producao-de-veiculos-eletricos-no-brasil-consolidando-sua-presenca-na-america-latina","status":"publish","type":"post","link":"https:\/\/latamobility.com\/pt-br\/byd-inicia-producao-de-veiculos-eletricos-no-brasil-consolidando-sua-presenca-na-america-latina\/","title":{"rendered":"BYD inicia produ\u00e7\u00e3o de ve\u00edculos el\u00e9tricos no Brasil, consolidando sua presen\u00e7a na Am\u00e9rica Latina"},"content":{"rendered":"\n<p>A <strong>BYD<\/strong>, gigante chinesa da mobilidade el\u00e9trica, anunciou o in\u00edcio da produ\u00e7\u00e3o de seu primeiro modelo no Brasil, o <strong>Dolphin Mini<\/strong>, a partir de junho deste ano.<\/p>\n\n\n\n<p>Esse marco representa um passo estrat\u00e9gico na expans\u00e3o da empresa na Am\u00e9rica Latina e refor\u00e7a seu compromisso com a transi\u00e7\u00e3o para a mobilidade sustent\u00e1vel na regi\u00e3o.<\/p>\n\n\n\n<p>A nova f\u00e1brica da <strong>BYD <\/strong>est\u00e1 localizada em Cama\u00e7ari, no estado da Bahia, no local do antigo complexo industrial da <strong>Ford<\/strong>.<\/p>\n\n\n\n<p>Com um investimento inicial de <strong>US$ 600 milh\u00f5es<\/strong>, a f\u00e1brica come\u00e7ar\u00e1 a montar ve\u00edculos em um sistema <strong>SKD\/CKD<\/strong>, importando componentes da China para a montagem final.<\/p>\n\n\n\n<p>At\u00e9 o final de 2025, espera-se que a produ\u00e7\u00e3o integre mais conte\u00fado local, incluindo baterias e pe\u00e7as-chave.<\/p>\n\n\n\n<figure class=\"wp-block-image size-full\"><img fetchpriority=\"high\" decoding=\"async\" width=\"900\" height=\"506\" src=\"https:\/\/latamobility.com\/wp-content\/uploads\/2025\/05\/BYD-050525-b.jpg\" alt=\"BYD\" class=\"wp-image-48178\" srcset=\"https:\/\/latamobility.com\/wp-content\/uploads\/2025\/05\/BYD-050525-b.jpg 900w, https:\/\/latamobility.com\/wp-content\/uploads\/2025\/05\/BYD-050525-b-300x169.jpg 300w, https:\/\/latamobility.com\/wp-content\/uploads\/2025\/05\/BYD-050525-b-768x432.jpg 768w\" sizes=\"(max-width: 900px) 100vw, 900px\" \/><\/figure>\n\n\n\n<p><strong>Talvez voc\u00ea tamb\u00e9m se interesse por<\/strong> | <a href=\"https:\/\/latamobility.com\/pt-br\/reportagem-eletromobilidade-no-brasil-sao-paulo-lidera-o-caminho-para-um-futuro-sustentavel\/\"><strong>Eletromobilidade no Brasil: S\u00e3o Paulo lidera o caminho para um futuro sustent\u00e1vel<\/strong><\/a><\/p>\n\n\n\n<h2 class=\"wp-block-heading\" id=\"h-o-brasil-no-centro-da-estrategia\">O Brasil no centro da estrat\u00e9gia<\/h2>\n\n\n\n<p>O <strong>Dolphin Mini<\/strong>, tamb\u00e9m conhecido como <strong>Seagull<\/strong>, \u00e9 um ve\u00edculo el\u00e9trico compacto com um motor de 55 kW (75 hp) e uma bateria de at\u00e9 38,8 kWh, oferecendo uma autonomia de at\u00e9 400 quil\u00f4metros.<\/p>\n\n\n\n<p>Esse modelo ganhou destaque em v\u00e1rios mercados da Am\u00e9rica Latina devido \u00e0 sua acessibilidade e efici\u00eancia energ\u00e9tica.<\/p>\n\n\n\n<figure class=\"wp-block-image size-large\"><img decoding=\"async\" width=\"1024\" height=\"576\" src=\"https:\/\/latamobility.com\/wp-content\/uploads\/2025\/05\/BYD-050525-c-1024x576.jpg\" alt=\"BYD\" class=\"wp-image-48181\" srcset=\"https:\/\/latamobility.com\/wp-content\/uploads\/2025\/05\/BYD-050525-c-1024x576.jpg 1024w, https:\/\/latamobility.com\/wp-content\/uploads\/2025\/05\/BYD-050525-c-300x169.jpg 300w, https:\/\/latamobility.com\/wp-content\/uploads\/2025\/05\/BYD-050525-c-768x432.jpg 768w, https:\/\/latamobility.com\/wp-content\/uploads\/2025\/05\/BYD-050525-c-1536x864.jpg 1536w, https:\/\/latamobility.com\/wp-content\/uploads\/2025\/05\/BYD-050525-c-2048x1152.jpg 2048w\" sizes=\"(max-width: 1024px) 100vw, 1024px\" \/><figcaption class=\"wp-element-caption\">Dolphin Mini<\/figcaption><\/figure>\n\n\n\n<p>Al\u00e9m do <strong>Dolphin Mini<\/strong>, a <strong>BYD <\/strong>planeja fabricar o <strong>SUV h\u00edbrido Song Pro<\/strong> no Brasil, com o objetivo de diversificar sua oferta e se adaptar \u00e0s necessidades do mercado regional.<\/p>\n\n\n\n<p>A empresa planeja atingir uma produ\u00e7\u00e3o anual de 300 mil unidades at\u00e9 2026, gerando milhares de empregos diretos e indiretos no pa\u00eds.<\/p>\n\n\n\n<figure class=\"wp-block-image size-large\"><img decoding=\"async\" width=\"1024\" height=\"576\" src=\"https:\/\/latamobility.com\/wp-content\/uploads\/2025\/05\/BYD-050525-d-1024x576.jpg\" alt=\"BYD\" class=\"wp-image-48184\" srcset=\"https:\/\/latamobility.com\/wp-content\/uploads\/2025\/05\/BYD-050525-d-1024x576.jpg 1024w, https:\/\/latamobility.com\/wp-content\/uploads\/2025\/05\/BYD-050525-d-300x169.jpg 300w, https:\/\/latamobility.com\/wp-content\/uploads\/2025\/05\/BYD-050525-d-768x432.jpg 768w, https:\/\/latamobility.com\/wp-content\/uploads\/2025\/05\/BYD-050525-d-1536x864.jpg 1536w, https:\/\/latamobility.com\/wp-content\/uploads\/2025\/05\/BYD-050525-d-2048x1152.jpg 2048w\" sizes=\"(max-width: 1024px) 100vw, 1024px\" \/><figcaption class=\"wp-element-caption\">SUV hybrid Song Pro<\/figcaption><\/figure>\n\n\n\n<p>A expans\u00e3o da <strong>BYD <\/strong>no Brasil n\u00e3o apenas fortalece sua presen\u00e7a na Am\u00e9rica Latina, mas tamb\u00e9m impulsiona a economia local e a ado\u00e7\u00e3o de tecnologias limpas.<\/p>\n\n\n\n<p>Al\u00e9m disso, a empresa est\u00e1 explorando op\u00e7\u00f5es como um <strong>sistema h\u00edbrido etanol-el\u00e9trico<\/strong>, demonstrando sua abordagem flex\u00edvel para a transi\u00e7\u00e3o energ\u00e9tica na regi\u00e3o.<\/p>\n\n\n\n<p>Com essa iniciativa, a <strong>BYD <\/strong>reafirma sua lideran\u00e7a no setor de ve\u00edculos el\u00e9tricos e seu compromisso com a mobilidade sustent\u00e1vel na Am\u00e9rica Latina.<\/p>\n\n\n\n<p><\/p>\n","protected":false},"excerpt":{"rendered":"<p>A BYD, gigante chinesa da mobilidade el\u00e9trica, anunciou o in\u00edcio da produ\u00e7\u00e3o de seu primeiro modelo no Brasil, o Dolphin Mini, a partir de junho deste ano. Esse marco representa um passo estrat\u00e9gico na expans\u00e3o da empresa na Am\u00e9rica Latina e refor\u00e7a seu compromisso com a transi\u00e7\u00e3o para a mobilidade sustent\u00e1vel na regi\u00e3o. A nova&#8230;<\/p>\n","protected":false},"author":10,"featured_media":48175,"comment_status":"open","ping_status":"closed","sticky":false,"template":"","format":"standard","meta":{"_kad_post_transparent":"","_kad_post_title":"","_kad_post_layout":"","_kad_post_sidebar_id":"","_kad_post_content_style":"","_kad_post_vertical_padding":"","_kad_post_feature":"","_kad_post_feature_position":"","_kad_post_header":false,"_kad_post_footer":false,"_kad_post_classname":"","footnotes":""},"categories":[2356],"tags":[2253,2347,2585],"class_list":["post-48186","post","type-post","status-publish","format-standard","has-post-thumbnail","hentry","category-movilidad-electrica-pt-br","tag-brasil","tag-brasil-3","tag-byd-3"],"yoast_head":"<!-- This site is optimized with the Yoast SEO Premium plugin v22.7 (Yoast SEO v27.4) - https:\/\/yoast.com\/product\/yoast-seo-premium-wordpress\/ -->\n<title>BYD inicia produ\u00e7\u00e3o de ve\u00edculos el\u00e9tricos no Brasil, consolidando sua presen\u00e7a na Am\u00e9rica Latina - Latam Mobility<\/title>\n<meta name=\"description\" content=\"A BYD, gigante chinesa da mobilidade el\u00e9trica, anunciou o in\u00edcio da produ\u00e7\u00e3o de seu primeiro modelo no Brasil, o Dolphin Mini, a partir de junho deste\" \/>\n<meta name=\"robots\" content=\"index, follow, max-snippet:-1, max-image-preview:large, max-video-preview:-1\" \/>\n<link rel=\"canonical\" href=\"https:\/\/latamobility.com\/byd-inicia-produccion-de-vehiculos-electricos-en-brasil-consolidando-su-presencia-en-america-latina\/\" \/>\n<meta property=\"og:locale\" content=\"pt_BR\" \/>\n<meta property=\"og:type\" content=\"article\" \/>\n<meta property=\"og:title\" content=\"BYD inicia produ\u00e7\u00e3o de ve\u00edculos el\u00e9tricos no Brasil, consolidando sua presen\u00e7a na Am\u00e9rica Latina\" \/>\n<meta property=\"og:description\" content=\"A BYD, gigante chinesa da mobilidade el\u00e9trica, anunciou o in\u00edcio da produ\u00e7\u00e3o de seu primeiro modelo no Brasil, o Dolphin Mini, a partir de junho deste\" \/>\n<meta property=\"og:url\" content=\"https:\/\/latamobility.com\/byd-inicia-produccion-de-vehiculos-electricos-en-brasil-consolidando-su-presencia-en-america-latina\/\" \/>\n<meta property=\"og:site_name\" content=\"Latam Mobility\" \/>\n<meta property=\"article:publisher\" content=\"https:\/\/www.facebook.com\/latamobility\/\" \/>\n<meta property=\"article:published_time\" content=\"2025-05-06T10:25:00+00:00\" \/>\n<meta property=\"og:image\" content=\"https:\/\/latamobility.com\/wp-content\/uploads\/2025\/05\/BYD-050525-a.jpg\" \/>\n\t<meta property=\"og:image:width\" content=\"1920\" \/>\n\t<meta property=\"og:image:height\" content=\"1080\" \/>\n\t<meta property=\"og:image:type\" content=\"image\/jpeg\" \/>\n<meta name=\"author\" content=\"Antonio Vilela\" \/>\n<meta name=\"twitter:card\" content=\"summary_large_image\" \/>\n<meta name=\"twitter:creator\" content=\"@LataMobility\" \/>\n<meta name=\"twitter:site\" content=\"@LataMobility\" \/>\n<meta name=\"twitter:label1\" content=\"Escrito por\" \/>\n\t<meta name=\"twitter:data1\" content=\"Antonio Vilela\" \/>\n\t<meta name=\"twitter:label2\" content=\"Est. tempo de leitura\" \/>\n\t<meta name=\"twitter:data2\" content=\"2 minutos\" \/>\n<script type=\"application\/ld+json\" class=\"yoast-schema-graph\">{\"@context\":\"https:\\\/\\\/schema.org\",\"@graph\":[{\"@type\":\"Article\",\"@id\":\"https:\\\/\\\/latamobility.com\\\/byd-inicia-produccion-de-vehiculos-electricos-en-brasil-consolidando-su-presencia-en-america-latina\\\/#article\",\"isPartOf\":{\"@id\":\"https:\\\/\\\/latamobility.com\\\/byd-inicia-produccion-de-vehiculos-electricos-en-brasil-consolidando-su-presencia-en-america-latina\\\/\"},\"author\":{\"name\":\"Antonio Vilela\",\"@id\":\"https:\\\/\\\/latamobility.com\\\/#\\\/schema\\\/person\\\/fda092a2de1f87d347784282908bad1a\"},\"headline\":\"BYD inicia produ\u00e7\u00e3o de ve\u00edculos el\u00e9tricos no Brasil, consolidando sua presen\u00e7a na Am\u00e9rica Latina\",\"datePublished\":\"2025-05-06T10:25:00+00:00\",\"mainEntityOfPage\":{\"@id\":\"https:\\\/\\\/latamobility.com\\\/byd-inicia-produccion-de-vehiculos-electricos-en-brasil-consolidando-su-presencia-en-america-latina\\\/\"},\"wordCount\":385,\"commentCount\":0,\"publisher\":{\"@id\":\"https:\\\/\\\/latamobility.com\\\/#organization\"},\"image\":{\"@id\":\"https:\\\/\\\/latamobility.com\\\/byd-inicia-produccion-de-vehiculos-electricos-en-brasil-consolidando-su-presencia-en-america-latina\\\/#primaryimage\"},\"thumbnailUrl\":\"https:\\\/\\\/latamobility.com\\\/wp-content\\\/uploads\\\/2025\\\/05\\\/BYD-050525-a.jpg\",\"keywords\":[\"Brasil\",\"Brasil\",\"BYD\"],\"articleSection\":[\"Movilidad el\u00e9ctrica\"],\"inLanguage\":\"pt-BR\",\"potentialAction\":[{\"@type\":\"CommentAction\",\"name\":\"Comment\",\"target\":[\"https:\\\/\\\/latamobility.com\\\/byd-inicia-produccion-de-vehiculos-electricos-en-brasil-consolidando-su-presencia-en-america-latina\\\/#respond\"]}]},{\"@type\":\"WebPage\",\"@id\":\"https:\\\/\\\/latamobility.com\\\/byd-inicia-produccion-de-vehiculos-electricos-en-brasil-consolidando-su-presencia-en-america-latina\\\/\",\"url\":\"https:\\\/\\\/latamobility.com\\\/byd-inicia-produccion-de-vehiculos-electricos-en-brasil-consolidando-su-presencia-en-america-latina\\\/\",\"name\":\"BYD inicia produ\u00e7\u00e3o de ve\u00edculos el\u00e9tricos no Brasil, consolidando sua presen\u00e7a na Am\u00e9rica Latina - Latam Mobility\",\"isPartOf\":{\"@id\":\"https:\\\/\\\/latamobility.com\\\/#website\"},\"primaryImageOfPage\":{\"@id\":\"https:\\\/\\\/latamobility.com\\\/byd-inicia-produccion-de-vehiculos-electricos-en-brasil-consolidando-su-presencia-en-america-latina\\\/#primaryimage\"},\"image\":{\"@id\":\"https:\\\/\\\/latamobility.com\\\/byd-inicia-produccion-de-vehiculos-electricos-en-brasil-consolidando-su-presencia-en-america-latina\\\/#primaryimage\"},\"thumbnailUrl\":\"https:\\\/\\\/latamobility.com\\\/wp-content\\\/uploads\\\/2025\\\/05\\\/BYD-050525-a.jpg\",\"datePublished\":\"2025-05-06T10:25:00+00:00\",\"description\":\"A BYD, gigante chinesa da mobilidade el\u00e9trica, anunciou o in\u00edcio da produ\u00e7\u00e3o de seu primeiro modelo no Brasil, o Dolphin Mini, a partir de junho deste\",\"breadcrumb\":{\"@id\":\"https:\\\/\\\/latamobility.com\\\/byd-inicia-produccion-de-vehiculos-electricos-en-brasil-consolidando-su-presencia-en-america-latina\\\/#breadcrumb\"},\"inLanguage\":\"pt-BR\",\"potentialAction\":[{\"@type\":\"ReadAction\",\"target\":[\"https:\\\/\\\/latamobility.com\\\/byd-inicia-produccion-de-vehiculos-electricos-en-brasil-consolidando-su-presencia-en-america-latina\\\/\"]}]},{\"@type\":\"ImageObject\",\"inLanguage\":\"pt-BR\",\"@id\":\"https:\\\/\\\/latamobility.com\\\/byd-inicia-produccion-de-vehiculos-electricos-en-brasil-consolidando-su-presencia-en-america-latina\\\/#primaryimage\",\"url\":\"https:\\\/\\\/latamobility.com\\\/wp-content\\\/uploads\\\/2025\\\/05\\\/BYD-050525-a.jpg\",\"contentUrl\":\"https:\\\/\\\/latamobility.com\\\/wp-content\\\/uploads\\\/2025\\\/05\\\/BYD-050525-a.jpg\",\"width\":1920,\"height\":1080,\"caption\":\"BYD\"},{\"@type\":\"BreadcrumbList\",\"@id\":\"https:\\\/\\\/latamobility.com\\\/byd-inicia-produccion-de-vehiculos-electricos-en-brasil-consolidando-su-presencia-en-america-latina\\\/#breadcrumb\",\"itemListElement\":[{\"@type\":\"ListItem\",\"position\":1,\"name\":\"Portada\",\"item\":\"https:\\\/\\\/latamobility.com\\\/pt-br\\\/\"},{\"@type\":\"ListItem\",\"position\":2,\"name\":\"BYD inicia produ\u00e7\u00e3o de ve\u00edculos el\u00e9tricos no Brasil, consolidando sua presen\u00e7a na Am\u00e9rica Latina\"}]},{\"@type\":\"WebSite\",\"@id\":\"https:\\\/\\\/latamobility.com\\\/#website\",\"url\":\"https:\\\/\\\/latamobility.com\\\/\",\"name\":\"Latam Mobility\",\"description\":\"Serie de Eventos para promover la Movilidad y Transporte sostenible en Latinoam\u00e9rica\",\"publisher\":{\"@id\":\"https:\\\/\\\/latamobility.com\\\/#organization\"},\"potentialAction\":[{\"@type\":\"SearchAction\",\"target\":{\"@type\":\"EntryPoint\",\"urlTemplate\":\"https:\\\/\\\/latamobility.com\\\/?s={search_term_string}\"},\"query-input\":{\"@type\":\"PropertyValueSpecification\",\"valueRequired\":true,\"valueName\":\"search_term_string\"}}],\"inLanguage\":\"pt-BR\"},{\"@type\":\"Organization\",\"@id\":\"https:\\\/\\\/latamobility.com\\\/#organization\",\"name\":\"LATAM MOBILITY\",\"url\":\"https:\\\/\\\/latamobility.com\\\/\",\"logo\":{\"@type\":\"ImageObject\",\"inLanguage\":\"pt-BR\",\"@id\":\"https:\\\/\\\/latamobility.com\\\/#\\\/schema\\\/logo\\\/image\\\/\",\"url\":\"https:\\\/\\\/latamobility.com\\\/wp-content\\\/uploads\\\/2025\\\/01\\\/logos-LM-LG-2025-10.png\",\"contentUrl\":\"https:\\\/\\\/latamobility.com\\\/wp-content\\\/uploads\\\/2025\\\/01\\\/logos-LM-LG-2025-10.png\",\"width\":1080,\"height\":1080,\"caption\":\"LATAM MOBILITY\"},\"image\":{\"@id\":\"https:\\\/\\\/latamobility.com\\\/#\\\/schema\\\/logo\\\/image\\\/\"},\"sameAs\":[\"https:\\\/\\\/www.facebook.com\\\/latamobility\\\/\",\"https:\\\/\\\/x.com\\\/LataMobility\",\"https:\\\/\\\/www.instagram.com\\\/latamobility\\\/\",\"https:\\\/\\\/www.linkedin.com\\\/company\\\/latamobility\\\/\",\"https:\\\/\\\/www.youtube.com\\\/channel\\\/UCtcslRCRY0vITWaOQ1X0XUA\"]},{\"@type\":\"Person\",\"@id\":\"https:\\\/\\\/latamobility.com\\\/#\\\/schema\\\/person\\\/fda092a2de1f87d347784282908bad1a\",\"name\":\"Antonio Vilela\",\"image\":{\"@type\":\"ImageObject\",\"inLanguage\":\"pt-BR\",\"@id\":\"https:\\\/\\\/secure.gravatar.com\\\/avatar\\\/7eee8196fd2fda180806d7b41cd517f274d5ad3b9f65d873feb3ca7e2b3a72d2?s=96&d=mm&r=g\",\"url\":\"https:\\\/\\\/secure.gravatar.com\\\/avatar\\\/7eee8196fd2fda180806d7b41cd517f274d5ad3b9f65d873feb3ca7e2b3a72d2?s=96&d=mm&r=g\",\"contentUrl\":\"https:\\\/\\\/secure.gravatar.com\\\/avatar\\\/7eee8196fd2fda180806d7b41cd517f274d5ad3b9f65d873feb3ca7e2b3a72d2?s=96&d=mm&r=g\",\"caption\":\"Antonio Vilela\"}}]}<\/script>\n<!-- \/ Yoast SEO Premium plugin. -->","yoast_head_json":{"title":"BYD inicia produ\u00e7\u00e3o de ve\u00edculos el\u00e9tricos no Brasil, consolidando sua presen\u00e7a na Am\u00e9rica Latina - Latam Mobility","description":"A BYD, gigante chinesa da mobilidade el\u00e9trica, anunciou o in\u00edcio da produ\u00e7\u00e3o de seu primeiro modelo no Brasil, o Dolphin Mini, a partir de junho deste","robots":{"index":"index","follow":"follow","max-snippet":"max-snippet:-1","max-image-preview":"max-image-preview:large","max-video-preview":"max-video-preview:-1"},"canonical":"https:\/\/latamobility.com\/byd-inicia-produccion-de-vehiculos-electricos-en-brasil-consolidando-su-presencia-en-america-latina\/","og_locale":"pt_BR","og_type":"article","og_title":"BYD inicia produ\u00e7\u00e3o de ve\u00edculos el\u00e9tricos no Brasil, consolidando sua presen\u00e7a na Am\u00e9rica Latina","og_description":"A BYD, gigante chinesa da mobilidade el\u00e9trica, anunciou o in\u00edcio da produ\u00e7\u00e3o de seu primeiro modelo no Brasil, o Dolphin Mini, a partir de junho deste","og_url":"https:\/\/latamobility.com\/byd-inicia-produccion-de-vehiculos-electricos-en-brasil-consolidando-su-presencia-en-america-latina\/","og_site_name":"Latam Mobility","article_publisher":"https:\/\/www.facebook.com\/latamobility\/","article_published_time":"2025-05-06T10:25:00+00:00","og_image":[{"width":1920,"height":1080,"url":"https:\/\/latamobility.com\/wp-content\/uploads\/2025\/05\/BYD-050525-a.jpg","type":"image\/jpeg"}],"author":"Antonio Vilela","twitter_card":"summary_large_image","twitter_creator":"@LataMobility","twitter_site":"@LataMobility","twitter_misc":{"Escrito por":"Antonio Vilela","Est. tempo de leitura":"2 minutos"},"schema":{"@context":"https:\/\/schema.org","@graph":[{"@type":"Article","@id":"https:\/\/latamobility.com\/byd-inicia-produccion-de-vehiculos-electricos-en-brasil-consolidando-su-presencia-en-america-latina\/#article","isPartOf":{"@id":"https:\/\/latamobility.com\/byd-inicia-produccion-de-vehiculos-electricos-en-brasil-consolidando-su-presencia-en-america-latina\/"},"author":{"name":"Antonio Vilela","@id":"https:\/\/latamobility.com\/#\/schema\/person\/fda092a2de1f87d347784282908bad1a"},"headline":"BYD inicia produ\u00e7\u00e3o de ve\u00edculos el\u00e9tricos no Brasil, consolidando sua presen\u00e7a na Am\u00e9rica Latina","datePublished":"2025-05-06T10:25:00+00:00","mainEntityOfPage":{"@id":"https:\/\/latamobility.com\/byd-inicia-produccion-de-vehiculos-electricos-en-brasil-consolidando-su-presencia-en-america-latina\/"},"wordCount":385,"commentCount":0,"publisher":{"@id":"https:\/\/latamobility.com\/#organization"},"image":{"@id":"https:\/\/latamobility.com\/byd-inicia-produccion-de-vehiculos-electricos-en-brasil-consolidando-su-presencia-en-america-latina\/#primaryimage"},"thumbnailUrl":"https:\/\/latamobility.com\/wp-content\/uploads\/2025\/05\/BYD-050525-a.jpg","keywords":["Brasil","Brasil","BYD"],"articleSection":["Movilidad el\u00e9ctrica"],"inLanguage":"pt-BR","potentialAction":[{"@type":"CommentAction","name":"Comment","target":["https:\/\/latamobility.com\/byd-inicia-produccion-de-vehiculos-electricos-en-brasil-consolidando-su-presencia-en-america-latina\/#respond"]}]},{"@type":"WebPage","@id":"https:\/\/latamobility.com\/byd-inicia-produccion-de-vehiculos-electricos-en-brasil-consolidando-su-presencia-en-america-latina\/","url":"https:\/\/latamobility.com\/byd-inicia-produccion-de-vehiculos-electricos-en-brasil-consolidando-su-presencia-en-america-latina\/","name":"BYD inicia produ\u00e7\u00e3o de ve\u00edculos el\u00e9tricos no Brasil, consolidando sua presen\u00e7a na Am\u00e9rica Latina - Latam Mobility","isPartOf":{"@id":"https:\/\/latamobility.com\/#website"},"primaryImageOfPage":{"@id":"https:\/\/latamobility.com\/byd-inicia-produccion-de-vehiculos-electricos-en-brasil-consolidando-su-presencia-en-america-latina\/#primaryimage"},"image":{"@id":"https:\/\/latamobility.com\/byd-inicia-produccion-de-vehiculos-electricos-en-brasil-consolidando-su-presencia-en-america-latina\/#primaryimage"},"thumbnailUrl":"https:\/\/latamobility.com\/wp-content\/uploads\/2025\/05\/BYD-050525-a.jpg","datePublished":"2025-05-06T10:25:00+00:00","description":"A BYD, gigante chinesa da mobilidade el\u00e9trica, anunciou o in\u00edcio da produ\u00e7\u00e3o de seu primeiro modelo no Brasil, o Dolphin Mini, a partir de junho deste","breadcrumb":{"@id":"https:\/\/latamobility.com\/byd-inicia-produccion-de-vehiculos-electricos-en-brasil-consolidando-su-presencia-en-america-latina\/#breadcrumb"},"inLanguage":"pt-BR","potentialAction":[{"@type":"ReadAction","target":["https:\/\/latamobility.com\/byd-inicia-produccion-de-vehiculos-electricos-en-brasil-consolidando-su-presencia-en-america-latina\/"]}]},{"@type":"ImageObject","inLanguage":"pt-BR","@id":"https:\/\/latamobility.com\/byd-inicia-produccion-de-vehiculos-electricos-en-brasil-consolidando-su-presencia-en-america-latina\/#primaryimage","url":"https:\/\/latamobility.com\/wp-content\/uploads\/2025\/05\/BYD-050525-a.jpg","contentUrl":"https:\/\/latamobility.com\/wp-content\/uploads\/2025\/05\/BYD-050525-a.jpg","width":1920,"height":1080,"caption":"BYD"},{"@type":"BreadcrumbList","@id":"https:\/\/latamobility.com\/byd-inicia-produccion-de-vehiculos-electricos-en-brasil-consolidando-su-presencia-en-america-latina\/#breadcrumb","itemListElement":[{"@type":"ListItem","position":1,"name":"Portada","item":"https:\/\/latamobility.com\/pt-br\/"},{"@type":"ListItem","position":2,"name":"BYD inicia produ\u00e7\u00e3o de ve\u00edculos el\u00e9tricos no Brasil, consolidando sua presen\u00e7a na Am\u00e9rica Latina"}]},{"@type":"WebSite","@id":"https:\/\/latamobility.com\/#website","url":"https:\/\/latamobility.com\/","name":"Latam Mobility","description":"Serie de Eventos para promover la Movilidad y Transporte sostenible en Latinoam\u00e9rica","publisher":{"@id":"https:\/\/latamobility.com\/#organization"},"potentialAction":[{"@type":"SearchAction","target":{"@type":"EntryPoint","urlTemplate":"https:\/\/latamobility.com\/?s={search_term_string}"},"query-input":{"@type":"PropertyValueSpecification","valueRequired":true,"valueName":"search_term_string"}}],"inLanguage":"pt-BR"},{"@type":"Organization","@id":"https:\/\/latamobility.com\/#organization","name":"LATAM MOBILITY","url":"https:\/\/latamobility.com\/","logo":{"@type":"ImageObject","inLanguage":"pt-BR","@id":"https:\/\/latamobility.com\/#\/schema\/logo\/image\/","url":"https:\/\/latamobility.com\/wp-content\/uploads\/2025\/01\/logos-LM-LG-2025-10.png","contentUrl":"https:\/\/latamobility.com\/wp-content\/uploads\/2025\/01\/logos-LM-LG-2025-10.png","width":1080,"height":1080,"caption":"LATAM MOBILITY"},"image":{"@id":"https:\/\/latamobility.com\/#\/schema\/logo\/image\/"},"sameAs":["https:\/\/www.facebook.com\/latamobility\/","https:\/\/x.com\/LataMobility","https:\/\/www.instagram.com\/latamobility\/","https:\/\/www.linkedin.com\/company\/latamobility\/","https:\/\/www.youtube.com\/channel\/UCtcslRCRY0vITWaOQ1X0XUA"]},{"@type":"Person","@id":"https:\/\/latamobility.com\/#\/schema\/person\/fda092a2de1f87d347784282908bad1a","name":"Antonio Vilela","image":{"@type":"ImageObject","inLanguage":"pt-BR","@id":"https:\/\/secure.gravatar.com\/avatar\/7eee8196fd2fda180806d7b41cd517f274d5ad3b9f65d873feb3ca7e2b3a72d2?s=96&d=mm&r=g","url":"https:\/\/secure.gravatar.com\/avatar\/7eee8196fd2fda180806d7b41cd517f274d5ad3b9f65d873feb3ca7e2b3a72d2?s=96&d=mm&r=g","contentUrl":"https:\/\/secure.gravatar.com\/avatar\/7eee8196fd2fda180806d7b41cd517f274d5ad3b9f65d873feb3ca7e2b3a72d2?s=96&d=mm&r=g","caption":"Antonio Vilela"}}]}},"_links":{"self":[{"href":"https:\/\/latamobility.com\/pt-br\/wp-json\/wp\/v2\/posts\/48186","targetHints":{"allow":["GET"]}}],"collection":[{"href":"https:\/\/latamobility.com\/pt-br\/wp-json\/wp\/v2\/posts"}],"about":[{"href":"https:\/\/latamobility.com\/pt-br\/wp-json\/wp\/v2\/types\/post"}],"author":[{"embeddable":true,"href":"https:\/\/latamobility.com\/pt-br\/wp-json\/wp\/v2\/users\/10"}],"replies":[{"embeddable":true,"href":"https:\/\/latamobility.com\/pt-br\/wp-json\/wp\/v2\/comments?post=48186"}],"version-history":[{"count":1,"href":"https:\/\/latamobility.com\/pt-br\/wp-json\/wp\/v2\/posts\/48186\/revisions"}],"predecessor-version":[{"id":48187,"href":"https:\/\/latamobility.com\/pt-br\/wp-json\/wp\/v2\/posts\/48186\/revisions\/48187"}],"wp:featuredmedia":[{"embeddable":true,"href":"https:\/\/latamobility.com\/pt-br\/wp-json\/wp\/v2\/media\/48175"}],"wp:attachment":[{"href":"https:\/\/latamobility.com\/pt-br\/wp-json\/wp\/v2\/media?parent=48186"}],"wp:term":[{"taxonomy":"category","embeddable":true,"href":"https:\/\/latamobility.com\/pt-br\/wp-json\/wp\/v2\/categories?post=48186"},{"taxonomy":"post_tag","embeddable":true,"href":"https:\/\/latamobility.com\/pt-br\/wp-json\/wp\/v2\/tags?post=48186"}],"curies":[{"name":"wp","href":"https:\/\/api.w.org\/{rel}","templated":true}]}}