{"id":51293,"date":"2025-09-01T05:05:00","date_gmt":"2025-09-01T10:05:00","guid":{"rendered":"https:\/\/latamobility.com\/?p=51293"},"modified":"2025-08-29T11:25:03","modified_gmt":"2025-08-29T16:25:03","slug":"representantes-da-anac-gm-inchcape-sectra-e-toyota-analisam-os-freios-e-aceleradores-da-eletromobilidade-no-cone-sul","status":"publish","type":"post","link":"https:\/\/latamobility.com\/pt-br\/representantes-da-anac-gm-inchcape-sectra-e-toyota-analisam-os-freios-e-aceleradores-da-eletromobilidade-no-cone-sul\/","title":{"rendered":"Representantes da ANAC, GM, Inchcape, Sectra e Toyota analisam os freios e aceleradores da eletromobilidade no Cone Sul"},"content":{"rendered":"\n<p>No \u00e2mbito do encontro \u201c<strong>Latam Mobility Cono Sur 2025<\/strong>\u201d, foi realizado um painel dedicado \u00e0s tecnologias emergentes no setor automotivo, no qual especialistas nacionais e internacionais exploraram como as inova\u00e7\u00f5es est\u00e3o revolucionando o mercado de ve\u00edculos leves el\u00e9tricos e transformando a experi\u00eancia do usu\u00e1rio.<\/p>\n\n\n\n<p>O painel, intitulado \u201c<strong>Ecossistema de ve\u00edculos leves eletrificados no Cone Sul: desafios e solu\u00e7\u00f5es para uma transi\u00e7\u00e3o sustent\u00e1vel<\/strong>\u201d, foi moderado por <strong>Gustavo Hunter<\/strong>, chefe do Departamento de Mobilidade Sustent\u00e1vel da <strong>ANAC<\/strong>, e contou com a participa\u00e7\u00e3o de representantes da <strong>GM Chile, Inchcape Am\u00e9ricas, Toyota Chile e do Minist\u00e9rio dos Transportes e Telecomunica\u00e7\u00f5es<\/strong>.<\/p>\n\n\n\n<p><strong>Gustavo Hunter<\/strong> iniciou a sess\u00e3o contextualizando o crescimento global do mercado de ve\u00edculos el\u00e9tricos, que nos primeiros sete meses de 2025 registrou <strong>um aumento de mais de 27% em rela\u00e7\u00e3o ao ano anterior<\/strong>.<\/p>\n\n\n\n<p>Enquanto na <strong>China <\/strong>a participa\u00e7\u00e3o de mercado ultrapassa <strong>50%<\/strong> e na Europa gira em torno de <strong>24%<\/strong>, o <strong>Brasil <\/strong>(<strong>6,5%<\/strong>) e a <strong>Col\u00f4mbia <\/strong>(<strong>7,7%<\/strong>) lideram a ado\u00e7\u00e3o no sul do continente. O <strong>Chile<\/strong>, com 2,6%, evidencia um avan\u00e7o positivo, mas ainda incipiente, o que destaca a necessidade de abordar os desafios espec\u00edficos da regi\u00e3o.<\/p>\n\n\n\n<h2 class=\"wp-block-heading\" id=\"h-multiplos-atores-de-um-ecossistema-complexo\">M\u00faltiplos atores de um ecossistema complexo<\/h2>\n\n\n\n<p>Hunter enfatizou que a eletromobilidade requer a inclus\u00e3o de um ecossistema diversificado. \u201cA incorpora\u00e7\u00e3o de ve\u00edculos el\u00e9tricos inclui o trabalho de diferentes agentes: <strong>o setor energ\u00e9tico com os fornecedores de carga; os consumidores; o setor p\u00fablico com regulamenta\u00e7\u00f5es e incentivos; e o setor automotivo, com importadores e fabricantes<\/strong>\u201d, disse ele, dando in\u00edcio \u00e0s apresenta\u00e7\u00f5es dos palestrantes.<\/p>\n\n\n\n<p><strong>Patricio G\u00f3mez<\/strong>, gerente nacional da <strong>GM Chile<\/strong>, destacou o compromisso hist\u00f3rico da montadora e sua vis\u00e3o de \u201czero emiss\u00f5es, zero congestionamento\u201d, enquanto <strong>Rodrigo Medina Gonz\u00e1lez<\/strong>, chefe da Divis\u00e3o de Planejamento do Minist\u00e9rio dos Transportes e Telecomunica\u00e7\u00f5es, enfatizou o compromisso do Estado com a sustentabilidade e o papel fundamental da eletromobilidade nos planos diretores de transporte para cumprir a meta de neutralidade de carbono at\u00e9 2050.<\/p>\n\n\n\n<p>Por sua vez, <strong>Claudio Isgut<\/strong>, gerente de ESG e Assuntos P\u00fablicos da <strong>Toyota Chile<\/strong>, apresentou a estrat\u00e9gia \u201c<strong>Beyond Zero<\/strong>\u201d da marca, que busca ir al\u00e9m das emiss\u00f5es zero. \u201cEstamos muito comprometidos com a meta do pa\u00eds para 2035 e 2050 de alcan\u00e7ar a neutralidade de carbono\u201d, afirmou.<\/p>\n\n\n\n<p><strong>Jos\u00e9 Miguel Silva<\/strong>, diretor regional de Ve\u00edculos de Nova Energia da <strong>Inchcape Am\u00e9ricas<\/strong>, explicou o papel de sua empresa como distribuidora global: \u201cBuscamos ampliar a oferta e aproximar a eletromobilidade e as diferentes solu\u00e7\u00f5es dos clientes em todos os mercados em que estamos, com a gama completa: <strong>micro-h\u00edbridos, h\u00edbridos, h\u00edbridos plug-in e el\u00e9tricos<\/strong>\u201d.<\/p>\n\n\n\n<figure class=\"wp-block-image size-large\"><img fetchpriority=\"high\" decoding=\"async\" width=\"1024\" height=\"683\" src=\"https:\/\/latamobility.com\/wp-content\/uploads\/2025\/08\/Panel-4-a-1024x683.jpg\" alt=\"Chile\" class=\"wp-image-51175\" srcset=\"https:\/\/latamobility.com\/wp-content\/uploads\/2025\/08\/Panel-4-a-1024x683.jpg 1024w, https:\/\/latamobility.com\/wp-content\/uploads\/2025\/08\/Panel-4-a-300x200.jpg 300w, https:\/\/latamobility.com\/wp-content\/uploads\/2025\/08\/Panel-4-a-768x512.jpg 768w, https:\/\/latamobility.com\/wp-content\/uploads\/2025\/08\/Panel-4-a-1536x1024.jpg 1536w, https:\/\/latamobility.com\/wp-content\/uploads\/2025\/08\/Panel-4-a-2048x1366.jpg 2048w\" sizes=\"(max-width: 1024px) 100vw, 1024px\" \/><\/figure>\n\n\n\n<h2 class=\"wp-block-heading\" id=\"h-incentivos-infraestrutura-e-educacao-como-aceleradores\">Incentivos, infraestrutura e educa\u00e7\u00e3o como aceleradores<\/h2>\n\n\n\n<p>Ao abordar os desafios para a massifica\u00e7\u00e3o, <strong>Jos\u00e9 Miguel Silva<\/strong>, da Inchcape, foi categ\u00f3rico: \u201cAs raz\u00f5es do atraso relativo s\u00e3o bastante evidentes: o maior custo de acesso \u00e0s novas tecnologias e \u00e0 infraestrutura de recarga\u201d.<\/p>\n\n\n\n<p>Ele apontou que existe uma correla\u00e7\u00e3o direta entre os incentivos p\u00fablicos e a penetra\u00e7\u00e3o, citando os casos da <strong>Costa Rica<\/strong> e da <strong>Col\u00f4mbia<\/strong>. \u201cEm termos simples, se pensarmos em aceleradores, claramente isso passa por pol\u00edticas p\u00fablicas, desenvolvimento da rede de infraestrutura e, do nosso ponto de vista, <strong>educa\u00e7\u00e3o para derrubar mitos existentes<\/strong>\u201d, afirmou.<\/p>\n\n\n\n<p>Da perspectiva de um fabricante global, <strong>Claudio Isgut<\/strong>, da <strong>Toyota<\/strong>, defendeu uma transi\u00e7\u00e3o pragm\u00e1tica e diversificada. \u201cOs desafios s\u00e3o grandes e vis\u00edveis em cada regi\u00e3o. A <strong>Toyota <\/strong>precisa pensar em n\u00e3o deixar ningu\u00e9m para tr\u00e1s. Aqui, mais do que nos concentrarmos na tecnologia, acreditamos que o CO<sub>2<\/sub> \u00e9 o inimigo comum\u201d.<\/p>\n\n\n\n<p>Isgut ilustrou essa abordagem com uma met\u00e1fora poderosa: \u201cCom os materiais para fabricar um ve\u00edculo 100% el\u00e9trico, <strong>\u00e9 poss\u00edvel fazer seis h\u00edbridos plug-in ou 90 h\u00edbridos tradicionais<\/strong>. A ideia \u00e9 fazer mais com menos para reduzir as emiss\u00f5es de forma mais imediata e acess\u00edvel\u201d.<\/p>\n\n\n\n<h2 class=\"wp-block-heading\" id=\"h-preco-percepcao-e-o-papel-das-marcas\">Pre\u00e7o, percep\u00e7\u00e3o e o papel das marcas<\/h2>\n\n\n\n<p>O alto pre\u00e7o inicial foi apontado como uma barreira principal. <strong>Patricio G\u00f3mez<\/strong>, da <strong>GM Chile<\/strong>, destacou os esfor\u00e7os para aproximar produtos mais acess\u00edveis, como o novo <strong>Spark EV<\/strong>, e programas espec\u00edficos como \u201c<strong>Mi Taxi El\u00e9ctrico<\/strong>\u201d para descentralizar a eletromobilidade para al\u00e9m de Santiago.<\/p>\n\n\n\n<p>\u201cTemos que trabalhar para aproximar muito mais nossos clientes de produtos que sejam acess\u00edveis e preparar as equipes tecnicamente para que os clientes percam o medo\u201d.<\/p>\n\n\n\n<p><strong>Jos\u00e9 Miguel Silva<\/strong> complementou, apontando que o custo da tecnologia est\u00e1 caindo naturalmente e que \u00e9 vital educar o cliente sobre o \u201c<strong>custo total de propriedade<\/strong>\u201d, que inclui economias significativas em manuten\u00e7\u00e3o e opera\u00e7\u00e3o.<\/p>\n\n\n\n<p>Por sua vez, <strong>Claudio Isgut<\/strong>, da <strong>Toyota<\/strong>, concordou com a import\u00e2ncia de uma comunica\u00e7\u00e3o transparente: \u201c\u00c9 preciso explicar muito bem aos clientes; vender um ve\u00edculo a um pre\u00e7o muito competitivo que n\u00e3o \u00e9 necessariamente a tecnologia que vai servir para eles pode gerar uma experi\u00eancia ruim\u201d.<\/p>\n\n\n\n<figure class=\"wp-block-image size-large\"><img decoding=\"async\" width=\"1024\" height=\"683\" src=\"https:\/\/latamobility.com\/wp-content\/uploads\/2025\/08\/Panel-4-c-1024x683.jpg\" alt=\"Chile\" class=\"wp-image-51181\" srcset=\"https:\/\/latamobility.com\/wp-content\/uploads\/2025\/08\/Panel-4-c-1024x683.jpg 1024w, https:\/\/latamobility.com\/wp-content\/uploads\/2025\/08\/Panel-4-c-300x200.jpg 300w, https:\/\/latamobility.com\/wp-content\/uploads\/2025\/08\/Panel-4-c-768x512.jpg 768w, https:\/\/latamobility.com\/wp-content\/uploads\/2025\/08\/Panel-4-c-1536x1024.jpg 1536w, https:\/\/latamobility.com\/wp-content\/uploads\/2025\/08\/Panel-4-c-2048x1366.jpg 2048w\" sizes=\"(max-width: 1024px) 100vw, 1024px\" \/><\/figure>\n\n\n\n<h2 class=\"wp-block-heading\" id=\"h-a-micromobilidade-e-a-multimodalidade\">A micromobilidade e a multimodalidade<\/h2>\n\n\n\n<p><strong>Rodrigo Medina<\/strong>, da <strong>SECTRA<\/strong>, introduziu uma perspectiva crucial e muitas vezes esquecida no debate: a multimodalidade.<\/p>\n\n\n\n<p>\u201cQuando falamos de mobilidade sustent\u00e1vel, h\u00e1 uma dimens\u00e3o muito importante que s\u00e3o as emiss\u00f5es, mas tamb\u00e9m temos outros desafios, como o <strong>uso eficiente do espa\u00e7o<\/strong>\u201d, explicou.<\/p>\n\n\n\n<p>Ele destacou a <strong>micromobilidade el\u00e9trica<\/strong> (bicicletas, patinetes) como uma oportunidade de enorme potencial. \u201cEm <strong>Santiago<\/strong>, <strong>1,5%<\/strong> do espa\u00e7o p\u00fablico nas vias \u00e9 dedicado \u00e0 micromobilidade, <strong>mas o n\u00famero de viagens supera em muito essa porcentagem<\/strong>. O desafio est\u00e1 em criar uma infraestrutura segura\u201d.<\/p>\n\n\n\n<p>Medina esclareceu que o papel do Estado \u00e9 fundamental para criar incentivos que <strong>promovam a eletromobilidade privada com foco na descarboniza\u00e7\u00e3o<\/strong>, mas deixou claro que isso \u201cn\u00e3o necessariamente leva \u00e0 diminui\u00e7\u00e3o do congestionamento. As cidades n\u00e3o podem se mover apenas com transporte privado\u201d.<\/p>\n\n\n\n<h2 class=\"wp-block-heading\" id=\"h-reflexoes-finais-um-apelo-a-colaboracao\">Reflex\u00f5es finais: um apelo \u00e0 colabora\u00e7\u00e3o<\/h2>\n\n\n\n<p>Em suas conclus\u00f5es, os palestrantes concordaram com a necessidade de um esfor\u00e7o coletivo e pol\u00edticas de longo prazo.<\/p>\n\n\n\n<p><strong>Jos\u00e9 Miguel Silva<\/strong> (<strong>Inchcape<\/strong>) destacou como uma boa pr\u00e1tica chilena o marco de interoperabilidade de carregadores liderado pela SEC, que <strong>evita a fragmenta\u00e7\u00e3o de padr\u00f5es e facilita o desenvolvimento do ecossistema<\/strong>.<\/p>\n\n\n\n<p><strong>Patricio G\u00f3mez<\/strong> (<strong>GM Chile<\/strong>) enfatizou: \u201cSe n\u00e3o fizermos um esfor\u00e7o coletivo, ser\u00e1 dif\u00edcil avan\u00e7ar. O Estado, a ind\u00fastria, as energias, at\u00e9 mesmo os usu\u00e1rios. <strong>Todos temos que fazer esse grande esfor\u00e7o<\/strong>\u201d.<\/p>\n\n\n\n<p><strong>Claudio Isgut<\/strong> (<strong>Toyota Chile<\/strong>) convidou a \u201cn\u00e3o ter medo de sacrif\u00edcios\u201d estrat\u00e9gicos, como o que a <strong>Toyota <\/strong>fez ao deixar de vender seu modelo mais popular apenas na vers\u00e3o a combust\u00e3o, <strong>priorizando os h\u00edbridos para cumprir metas de efici\u00eancia energ\u00e9tica<\/strong> por um \u201cbem maior da sociedade\u201d.<\/p>\n\n\n\n<p><strong>Rodrigo Medina <\/strong>(<strong>SECTRA<\/strong>) encerrou com uma reflex\u00e3o importante: \u201cA eletromobilidade desempenha um papel crucial, mas se nosso objetivo \u00e9 a mobilidade sustent\u00e1vel,<strong> temos que fazer esses mesmos esfor\u00e7os em todos os modos de transporte, n\u00e3o apenas no ve\u00edculo particular<\/strong>\u201d.<\/p>\n\n\n\n<p>O painel deixou claro que a transi\u00e7\u00e3o para a mobilidade sustent\u00e1vel no Cone Sul \u00e9 um caminho multifacetado que requer <strong>uma estrat\u00e9gia pragm\u00e1tica, inclusiva e colaborativa<\/strong>, onde a diversifica\u00e7\u00e3o tecnol\u00f3gica, pol\u00edticas p\u00fablicas inteligentes e educa\u00e7\u00e3o do consumidor s\u00e3o pilares fundamentais para <strong>n\u00e3o deixar ningu\u00e9m para tr\u00e1s<\/strong>.<\/p>\n\n\n\n<figure class=\"wp-block-image\"><img decoding=\"async\" width=\"1024\" height=\"576\" src=\"https:\/\/latamobility.com\/wp-content\/uploads\/2025\/07\/Banner-Latam-Mobility-Mexico-2025_logos-twitter-3-1024x576.jpg\" alt=\"Banner Latam Mobility Mexico 2025\" class=\"wp-image-50397\" srcset=\"https:\/\/latamobility.com\/wp-content\/uploads\/2025\/07\/Banner-Latam-Mobility-Mexico-2025_logos-twitter-3-1024x576.jpg 1024w, https:\/\/latamobility.com\/wp-content\/uploads\/2025\/07\/Banner-Latam-Mobility-Mexico-2025_logos-twitter-3-300x169.jpg 300w, https:\/\/latamobility.com\/wp-content\/uploads\/2025\/07\/Banner-Latam-Mobility-Mexico-2025_logos-twitter-3-768x432.jpg 768w, https:\/\/latamobility.com\/wp-content\/uploads\/2025\/07\/Banner-Latam-Mobility-Mexico-2025_logos-twitter-3-1536x864.jpg 1536w, https:\/\/latamobility.com\/wp-content\/uploads\/2025\/07\/Banner-Latam-Mobility-Mexico-2025_logos-twitter-3-2048x1153.jpg 2048w\" sizes=\"(max-width: 1024px) 100vw, 1024px\" \/><\/figure>\n\n\n\n<h2 class=\"wp-block-heading\" id=\"h-a-latam-mobility-mexico-2025-esta-chegando\">A \u201cLatam Mobility M\u00e9xico 2025\u201d est\u00e1 chegando<\/h2>\n\n\n\n<p>O \u201c<strong>Latam Mobility M\u00e9xico 2025<\/strong>\u201d ser\u00e1 o cen\u00e1rio perfeito para conhecer em primeira m\u00e3o os avan\u00e7os, alian\u00e7as e tend\u00eancias que est\u00e3o moldando o futuro do setor.<\/p>\n\n\n\n<p>Fabricantes, autoridades, especialistas e empresas de tecnologia se reunir\u00e3o para trocar experi\u00eancias e acelerar a transi\u00e7\u00e3o para uma mobilidade mais sustent\u00e1vel na Am\u00e9rica Latina, uma oportunidade \u00fanica para o M\u00e9xico mostrar ao mundo seu papel de protagonista na revolu\u00e7\u00e3o automotiva.<\/p>\n\n\n\n<p>Para mais informa\u00e7\u00f5es sobre como participar e as op\u00e7\u00f5es de posicionamento, escreva para <a href=\"mailto:info@investinlatam.org\"><strong>info@investinlatam.org<\/strong><\/a>.<\/p>\n\n\n\n<p>Voc\u00ea tamb\u00e9m pode entrar em contato conosco pelo <strong><a href=\"https:\/\/lnkd.in\/eQzTYdNG\">WhatsApp<\/a><\/strong> ou adquirir seu ingresso na pr\u00e9-venda clicando <strong><a href=\"https:\/\/live.eventtia.com\/es\/latammobilitymexico2025\">aqui<\/a><\/strong>.<\/p>\n\n\n\n<figure class=\"wp-block-image\"><img loading=\"lazy\" decoding=\"async\" width=\"819\" height=\"1024\" src=\"https:\/\/latamobility.com\/wp-content\/uploads\/2025\/08\/LMMEX_Personas-mas-logos-819x1024.jpg\" alt=\"Latam Mobility Mexico 2025\" class=\"wp-image-50505\" srcset=\"https:\/\/latamobility.com\/wp-content\/uploads\/2025\/08\/LMMEX_Personas-mas-logos-819x1024.jpg 819w, https:\/\/latamobility.com\/wp-content\/uploads\/2025\/08\/LMMEX_Personas-mas-logos-240x300.jpg 240w, https:\/\/latamobility.com\/wp-content\/uploads\/2025\/08\/LMMEX_Personas-mas-logos-768x960.jpg 768w, https:\/\/latamobility.com\/wp-content\/uploads\/2025\/08\/LMMEX_Personas-mas-logos.jpg 1080w\" sizes=\"(max-width: 819px) 100vw, 819px\" \/><\/figure>\n","protected":false},"excerpt":{"rendered":"<p>No \u00e2mbito do encontro \u201cLatam Mobility Cono Sur 2025\u201d, foi realizado um painel dedicado \u00e0s tecnologias emergentes no setor automotivo, no qual especialistas nacionais e internacionais exploraram como as inova\u00e7\u00f5es est\u00e3o revolucionando o mercado de ve\u00edculos leves el\u00e9tricos e transformando a experi\u00eancia do usu\u00e1rio. O painel, intitulado \u201cEcossistema de ve\u00edculos leves eletrificados no Cone Sul:&#8230;<\/p>\n","protected":false},"author":10,"featured_media":51178,"comment_status":"open","ping_status":"closed","sticky":false,"template":"","format":"standard","meta":{"_kad_post_transparent":"","_kad_post_title":"","_kad_post_layout":"","_kad_post_sidebar_id":"","_kad_post_content_style":"","_kad_post_vertical_padding":"","_kad_post_feature":"","_kad_post_feature_position":"","_kad_post_header":false,"_kad_post_footer":false,"_kad_post_classname":"","footnotes":""},"categories":[2972],"tags":[3326,3324,2102,3327,3328,3325],"class_list":["post-51293","post","type-post","status-publish","format-standard","has-post-thumbnail","hentry","category-encuentros-movilidad-sostenible-pt-br","tag-chile-pt-br","tag-gm-pt-br","tag-inchcape","tag-latam-mobility-cono-sur-2025-pt-br","tag-sectra-pt-br","tag-toyota-pt-br"],"yoast_head":"<!-- This site is optimized with the Yoast SEO Premium plugin v22.7 (Yoast SEO v27.4) - https:\/\/yoast.com\/product\/yoast-seo-premium-wordpress\/ -->\n<title>Representantes da ANAC, GM, Inchcape, Sectra e Toyota analisam os freios e aceleradores da eletromobilidade no Cone Sul - Latam Mobility<\/title>\n<meta name=\"description\" content=\"No \u00e2mbito do encontro \u201cLatam Mobility Cono Sur 2025\u201d, foi realizado um painel dedicado \u00e0s tecnologias emergentes no setor automotivo, no qual\" \/>\n<meta name=\"robots\" content=\"index, follow, max-snippet:-1, max-image-preview:large, max-video-preview:-1\" \/>\n<link rel=\"canonical\" href=\"https:\/\/latamobility.com\/anac-gm-inchcape-sectra-toyota-analizan-electromovilidad-cono-sur\/\" \/>\n<meta property=\"og:locale\" content=\"pt_BR\" \/>\n<meta property=\"og:type\" content=\"article\" \/>\n<meta property=\"og:title\" content=\"Representantes da ANAC, GM, Inchcape, Sectra e Toyota analisam os freios e aceleradores da eletromobilidade no Cone Sul\" \/>\n<meta property=\"og:description\" content=\"No \u00e2mbito do encontro \u201cLatam Mobility Cono Sur 2025\u201d, foi realizado um painel dedicado \u00e0s tecnologias emergentes no setor automotivo, no qual\" \/>\n<meta property=\"og:url\" content=\"https:\/\/latamobility.com\/anac-gm-inchcape-sectra-toyota-analizan-electromovilidad-cono-sur\/\" \/>\n<meta property=\"og:site_name\" content=\"Latam Mobility\" \/>\n<meta property=\"article:publisher\" content=\"https:\/\/www.facebook.com\/latamobility\/\" \/>\n<meta property=\"article:published_time\" content=\"2025-09-01T10:05:00+00:00\" \/>\n<meta property=\"og:image\" content=\"https:\/\/latamobility.com\/wp-content\/uploads\/2025\/08\/Panel-4-b-scaled.jpg\" \/>\n\t<meta property=\"og:image:width\" content=\"2560\" \/>\n\t<meta property=\"og:image:height\" content=\"1707\" \/>\n\t<meta property=\"og:image:type\" content=\"image\/jpeg\" \/>\n<meta name=\"author\" content=\"Antonio Vilela\" \/>\n<meta name=\"twitter:card\" content=\"summary_large_image\" \/>\n<meta name=\"twitter:creator\" content=\"@LataMobility\" \/>\n<meta name=\"twitter:site\" content=\"@LataMobility\" \/>\n<meta name=\"twitter:label1\" content=\"Escrito por\" \/>\n\t<meta name=\"twitter:data1\" content=\"Antonio Vilela\" \/>\n\t<meta name=\"twitter:label2\" content=\"Est. tempo de leitura\" \/>\n\t<meta name=\"twitter:data2\" content=\"7 minutos\" \/>\n<script type=\"application\/ld+json\" class=\"yoast-schema-graph\">{\"@context\":\"https:\\\/\\\/schema.org\",\"@graph\":[{\"@type\":\"Article\",\"@id\":\"https:\\\/\\\/latamobility.com\\\/anac-gm-inchcape-sectra-toyota-analizan-electromovilidad-cono-sur\\\/#article\",\"isPartOf\":{\"@id\":\"https:\\\/\\\/latamobility.com\\\/anac-gm-inchcape-sectra-toyota-analizan-electromovilidad-cono-sur\\\/\"},\"author\":{\"name\":\"Antonio Vilela\",\"@id\":\"https:\\\/\\\/latamobility.com\\\/#\\\/schema\\\/person\\\/fda092a2de1f87d347784282908bad1a\"},\"headline\":\"Representantes da ANAC, GM, Inchcape, Sectra e Toyota analisam os freios e aceleradores da eletromobilidade no Cone Sul\",\"datePublished\":\"2025-09-01T10:05:00+00:00\",\"mainEntityOfPage\":{\"@id\":\"https:\\\/\\\/latamobility.com\\\/anac-gm-inchcape-sectra-toyota-analizan-electromovilidad-cono-sur\\\/\"},\"wordCount\":1376,\"commentCount\":0,\"publisher\":{\"@id\":\"https:\\\/\\\/latamobility.com\\\/#organization\"},\"image\":{\"@id\":\"https:\\\/\\\/latamobility.com\\\/anac-gm-inchcape-sectra-toyota-analizan-electromovilidad-cono-sur\\\/#primaryimage\"},\"thumbnailUrl\":\"https:\\\/\\\/latamobility.com\\\/wp-content\\\/uploads\\\/2025\\\/08\\\/Panel-4-b-scaled.jpg\",\"keywords\":[\"Chile\",\"GM\",\"Inchcape\",\"Latam Mobility Cono Sur 2025\",\"Sectra\",\"Toyota\"],\"articleSection\":[\"Encuentros\"],\"inLanguage\":\"pt-BR\",\"potentialAction\":[{\"@type\":\"CommentAction\",\"name\":\"Comment\",\"target\":[\"https:\\\/\\\/latamobility.com\\\/anac-gm-inchcape-sectra-toyota-analizan-electromovilidad-cono-sur\\\/#respond\"]}]},{\"@type\":\"WebPage\",\"@id\":\"https:\\\/\\\/latamobility.com\\\/anac-gm-inchcape-sectra-toyota-analizan-electromovilidad-cono-sur\\\/\",\"url\":\"https:\\\/\\\/latamobility.com\\\/anac-gm-inchcape-sectra-toyota-analizan-electromovilidad-cono-sur\\\/\",\"name\":\"Representantes da ANAC, GM, Inchcape, Sectra e Toyota analisam os freios e aceleradores da eletromobilidade no Cone Sul - Latam Mobility\",\"isPartOf\":{\"@id\":\"https:\\\/\\\/latamobility.com\\\/#website\"},\"primaryImageOfPage\":{\"@id\":\"https:\\\/\\\/latamobility.com\\\/anac-gm-inchcape-sectra-toyota-analizan-electromovilidad-cono-sur\\\/#primaryimage\"},\"image\":{\"@id\":\"https:\\\/\\\/latamobility.com\\\/anac-gm-inchcape-sectra-toyota-analizan-electromovilidad-cono-sur\\\/#primaryimage\"},\"thumbnailUrl\":\"https:\\\/\\\/latamobility.com\\\/wp-content\\\/uploads\\\/2025\\\/08\\\/Panel-4-b-scaled.jpg\",\"datePublished\":\"2025-09-01T10:05:00+00:00\",\"description\":\"No \u00e2mbito do encontro \u201cLatam Mobility Cono Sur 2025\u201d, foi realizado um painel dedicado \u00e0s tecnologias emergentes no setor automotivo, no qual\",\"breadcrumb\":{\"@id\":\"https:\\\/\\\/latamobility.com\\\/anac-gm-inchcape-sectra-toyota-analizan-electromovilidad-cono-sur\\\/#breadcrumb\"},\"inLanguage\":\"pt-BR\",\"potentialAction\":[{\"@type\":\"ReadAction\",\"target\":[\"https:\\\/\\\/latamobility.com\\\/anac-gm-inchcape-sectra-toyota-analizan-electromovilidad-cono-sur\\\/\"]}]},{\"@type\":\"ImageObject\",\"inLanguage\":\"pt-BR\",\"@id\":\"https:\\\/\\\/latamobility.com\\\/anac-gm-inchcape-sectra-toyota-analizan-electromovilidad-cono-sur\\\/#primaryimage\",\"url\":\"https:\\\/\\\/latamobility.com\\\/wp-content\\\/uploads\\\/2025\\\/08\\\/Panel-4-b-scaled.jpg\",\"contentUrl\":\"https:\\\/\\\/latamobility.com\\\/wp-content\\\/uploads\\\/2025\\\/08\\\/Panel-4-b-scaled.jpg\",\"width\":2560,\"height\":1707,\"caption\":\"Chile\"},{\"@type\":\"BreadcrumbList\",\"@id\":\"https:\\\/\\\/latamobility.com\\\/anac-gm-inchcape-sectra-toyota-analizan-electromovilidad-cono-sur\\\/#breadcrumb\",\"itemListElement\":[{\"@type\":\"ListItem\",\"position\":1,\"name\":\"Portada\",\"item\":\"https:\\\/\\\/latamobility.com\\\/pt-br\\\/\"},{\"@type\":\"ListItem\",\"position\":2,\"name\":\"Representantes da ANAC, GM, Inchcape, Sectra e Toyota analisam os freios e aceleradores da eletromobilidade no Cone Sul\"}]},{\"@type\":\"WebSite\",\"@id\":\"https:\\\/\\\/latamobility.com\\\/#website\",\"url\":\"https:\\\/\\\/latamobility.com\\\/\",\"name\":\"Latam Mobility\",\"description\":\"Serie de Eventos para promover la Movilidad y Transporte sostenible en Latinoam\u00e9rica\",\"publisher\":{\"@id\":\"https:\\\/\\\/latamobility.com\\\/#organization\"},\"potentialAction\":[{\"@type\":\"SearchAction\",\"target\":{\"@type\":\"EntryPoint\",\"urlTemplate\":\"https:\\\/\\\/latamobility.com\\\/?s={search_term_string}\"},\"query-input\":{\"@type\":\"PropertyValueSpecification\",\"valueRequired\":true,\"valueName\":\"search_term_string\"}}],\"inLanguage\":\"pt-BR\"},{\"@type\":\"Organization\",\"@id\":\"https:\\\/\\\/latamobility.com\\\/#organization\",\"name\":\"LATAM MOBILITY\",\"url\":\"https:\\\/\\\/latamobility.com\\\/\",\"logo\":{\"@type\":\"ImageObject\",\"inLanguage\":\"pt-BR\",\"@id\":\"https:\\\/\\\/latamobility.com\\\/#\\\/schema\\\/logo\\\/image\\\/\",\"url\":\"https:\\\/\\\/latamobility.com\\\/wp-content\\\/uploads\\\/2025\\\/01\\\/logos-LM-LG-2025-10.png\",\"contentUrl\":\"https:\\\/\\\/latamobility.com\\\/wp-content\\\/uploads\\\/2025\\\/01\\\/logos-LM-LG-2025-10.png\",\"width\":1080,\"height\":1080,\"caption\":\"LATAM MOBILITY\"},\"image\":{\"@id\":\"https:\\\/\\\/latamobility.com\\\/#\\\/schema\\\/logo\\\/image\\\/\"},\"sameAs\":[\"https:\\\/\\\/www.facebook.com\\\/latamobility\\\/\",\"https:\\\/\\\/x.com\\\/LataMobility\",\"https:\\\/\\\/www.instagram.com\\\/latamobility\\\/\",\"https:\\\/\\\/www.linkedin.com\\\/company\\\/latamobility\\\/\",\"https:\\\/\\\/www.youtube.com\\\/channel\\\/UCtcslRCRY0vITWaOQ1X0XUA\"]},{\"@type\":\"Person\",\"@id\":\"https:\\\/\\\/latamobility.com\\\/#\\\/schema\\\/person\\\/fda092a2de1f87d347784282908bad1a\",\"name\":\"Antonio Vilela\",\"image\":{\"@type\":\"ImageObject\",\"inLanguage\":\"pt-BR\",\"@id\":\"https:\\\/\\\/secure.gravatar.com\\\/avatar\\\/7eee8196fd2fda180806d7b41cd517f274d5ad3b9f65d873feb3ca7e2b3a72d2?s=96&d=mm&r=g\",\"url\":\"https:\\\/\\\/secure.gravatar.com\\\/avatar\\\/7eee8196fd2fda180806d7b41cd517f274d5ad3b9f65d873feb3ca7e2b3a72d2?s=96&d=mm&r=g\",\"contentUrl\":\"https:\\\/\\\/secure.gravatar.com\\\/avatar\\\/7eee8196fd2fda180806d7b41cd517f274d5ad3b9f65d873feb3ca7e2b3a72d2?s=96&d=mm&r=g\",\"caption\":\"Antonio Vilela\"}}]}<\/script>\n<!-- \/ Yoast SEO Premium plugin. -->","yoast_head_json":{"title":"Representantes da ANAC, GM, Inchcape, Sectra e Toyota analisam os freios e aceleradores da eletromobilidade no Cone Sul - Latam Mobility","description":"No \u00e2mbito do encontro \u201cLatam Mobility Cono Sur 2025\u201d, foi realizado um painel dedicado \u00e0s tecnologias emergentes no setor automotivo, no qual","robots":{"index":"index","follow":"follow","max-snippet":"max-snippet:-1","max-image-preview":"max-image-preview:large","max-video-preview":"max-video-preview:-1"},"canonical":"https:\/\/latamobility.com\/anac-gm-inchcape-sectra-toyota-analizan-electromovilidad-cono-sur\/","og_locale":"pt_BR","og_type":"article","og_title":"Representantes da ANAC, GM, Inchcape, Sectra e Toyota analisam os freios e aceleradores da eletromobilidade no Cone Sul","og_description":"No \u00e2mbito do encontro \u201cLatam Mobility Cono Sur 2025\u201d, foi realizado um painel dedicado \u00e0s tecnologias emergentes no setor automotivo, no qual","og_url":"https:\/\/latamobility.com\/anac-gm-inchcape-sectra-toyota-analizan-electromovilidad-cono-sur\/","og_site_name":"Latam Mobility","article_publisher":"https:\/\/www.facebook.com\/latamobility\/","article_published_time":"2025-09-01T10:05:00+00:00","og_image":[{"width":2560,"height":1707,"url":"https:\/\/latamobility.com\/wp-content\/uploads\/2025\/08\/Panel-4-b-scaled.jpg","type":"image\/jpeg"}],"author":"Antonio Vilela","twitter_card":"summary_large_image","twitter_creator":"@LataMobility","twitter_site":"@LataMobility","twitter_misc":{"Escrito por":"Antonio Vilela","Est. tempo de leitura":"7 minutos"},"schema":{"@context":"https:\/\/schema.org","@graph":[{"@type":"Article","@id":"https:\/\/latamobility.com\/anac-gm-inchcape-sectra-toyota-analizan-electromovilidad-cono-sur\/#article","isPartOf":{"@id":"https:\/\/latamobility.com\/anac-gm-inchcape-sectra-toyota-analizan-electromovilidad-cono-sur\/"},"author":{"name":"Antonio Vilela","@id":"https:\/\/latamobility.com\/#\/schema\/person\/fda092a2de1f87d347784282908bad1a"},"headline":"Representantes da ANAC, GM, Inchcape, Sectra e Toyota analisam os freios e aceleradores da eletromobilidade no Cone Sul","datePublished":"2025-09-01T10:05:00+00:00","mainEntityOfPage":{"@id":"https:\/\/latamobility.com\/anac-gm-inchcape-sectra-toyota-analizan-electromovilidad-cono-sur\/"},"wordCount":1376,"commentCount":0,"publisher":{"@id":"https:\/\/latamobility.com\/#organization"},"image":{"@id":"https:\/\/latamobility.com\/anac-gm-inchcape-sectra-toyota-analizan-electromovilidad-cono-sur\/#primaryimage"},"thumbnailUrl":"https:\/\/latamobility.com\/wp-content\/uploads\/2025\/08\/Panel-4-b-scaled.jpg","keywords":["Chile","GM","Inchcape","Latam Mobility Cono Sur 2025","Sectra","Toyota"],"articleSection":["Encuentros"],"inLanguage":"pt-BR","potentialAction":[{"@type":"CommentAction","name":"Comment","target":["https:\/\/latamobility.com\/anac-gm-inchcape-sectra-toyota-analizan-electromovilidad-cono-sur\/#respond"]}]},{"@type":"WebPage","@id":"https:\/\/latamobility.com\/anac-gm-inchcape-sectra-toyota-analizan-electromovilidad-cono-sur\/","url":"https:\/\/latamobility.com\/anac-gm-inchcape-sectra-toyota-analizan-electromovilidad-cono-sur\/","name":"Representantes da ANAC, GM, Inchcape, Sectra e Toyota analisam os freios e aceleradores da eletromobilidade no Cone Sul - Latam Mobility","isPartOf":{"@id":"https:\/\/latamobility.com\/#website"},"primaryImageOfPage":{"@id":"https:\/\/latamobility.com\/anac-gm-inchcape-sectra-toyota-analizan-electromovilidad-cono-sur\/#primaryimage"},"image":{"@id":"https:\/\/latamobility.com\/anac-gm-inchcape-sectra-toyota-analizan-electromovilidad-cono-sur\/#primaryimage"},"thumbnailUrl":"https:\/\/latamobility.com\/wp-content\/uploads\/2025\/08\/Panel-4-b-scaled.jpg","datePublished":"2025-09-01T10:05:00+00:00","description":"No \u00e2mbito do encontro \u201cLatam Mobility Cono Sur 2025\u201d, foi realizado um painel dedicado \u00e0s tecnologias emergentes no setor automotivo, no qual","breadcrumb":{"@id":"https:\/\/latamobility.com\/anac-gm-inchcape-sectra-toyota-analizan-electromovilidad-cono-sur\/#breadcrumb"},"inLanguage":"pt-BR","potentialAction":[{"@type":"ReadAction","target":["https:\/\/latamobility.com\/anac-gm-inchcape-sectra-toyota-analizan-electromovilidad-cono-sur\/"]}]},{"@type":"ImageObject","inLanguage":"pt-BR","@id":"https:\/\/latamobility.com\/anac-gm-inchcape-sectra-toyota-analizan-electromovilidad-cono-sur\/#primaryimage","url":"https:\/\/latamobility.com\/wp-content\/uploads\/2025\/08\/Panel-4-b-scaled.jpg","contentUrl":"https:\/\/latamobility.com\/wp-content\/uploads\/2025\/08\/Panel-4-b-scaled.jpg","width":2560,"height":1707,"caption":"Chile"},{"@type":"BreadcrumbList","@id":"https:\/\/latamobility.com\/anac-gm-inchcape-sectra-toyota-analizan-electromovilidad-cono-sur\/#breadcrumb","itemListElement":[{"@type":"ListItem","position":1,"name":"Portada","item":"https:\/\/latamobility.com\/pt-br\/"},{"@type":"ListItem","position":2,"name":"Representantes da ANAC, GM, Inchcape, Sectra e Toyota analisam os freios e aceleradores da eletromobilidade no Cone Sul"}]},{"@type":"WebSite","@id":"https:\/\/latamobility.com\/#website","url":"https:\/\/latamobility.com\/","name":"Latam Mobility","description":"Serie de Eventos para promover la Movilidad y Transporte sostenible en Latinoam\u00e9rica","publisher":{"@id":"https:\/\/latamobility.com\/#organization"},"potentialAction":[{"@type":"SearchAction","target":{"@type":"EntryPoint","urlTemplate":"https:\/\/latamobility.com\/?s={search_term_string}"},"query-input":{"@type":"PropertyValueSpecification","valueRequired":true,"valueName":"search_term_string"}}],"inLanguage":"pt-BR"},{"@type":"Organization","@id":"https:\/\/latamobility.com\/#organization","name":"LATAM MOBILITY","url":"https:\/\/latamobility.com\/","logo":{"@type":"ImageObject","inLanguage":"pt-BR","@id":"https:\/\/latamobility.com\/#\/schema\/logo\/image\/","url":"https:\/\/latamobility.com\/wp-content\/uploads\/2025\/01\/logos-LM-LG-2025-10.png","contentUrl":"https:\/\/latamobility.com\/wp-content\/uploads\/2025\/01\/logos-LM-LG-2025-10.png","width":1080,"height":1080,"caption":"LATAM MOBILITY"},"image":{"@id":"https:\/\/latamobility.com\/#\/schema\/logo\/image\/"},"sameAs":["https:\/\/www.facebook.com\/latamobility\/","https:\/\/x.com\/LataMobility","https:\/\/www.instagram.com\/latamobility\/","https:\/\/www.linkedin.com\/company\/latamobility\/","https:\/\/www.youtube.com\/channel\/UCtcslRCRY0vITWaOQ1X0XUA"]},{"@type":"Person","@id":"https:\/\/latamobility.com\/#\/schema\/person\/fda092a2de1f87d347784282908bad1a","name":"Antonio Vilela","image":{"@type":"ImageObject","inLanguage":"pt-BR","@id":"https:\/\/secure.gravatar.com\/avatar\/7eee8196fd2fda180806d7b41cd517f274d5ad3b9f65d873feb3ca7e2b3a72d2?s=96&d=mm&r=g","url":"https:\/\/secure.gravatar.com\/avatar\/7eee8196fd2fda180806d7b41cd517f274d5ad3b9f65d873feb3ca7e2b3a72d2?s=96&d=mm&r=g","contentUrl":"https:\/\/secure.gravatar.com\/avatar\/7eee8196fd2fda180806d7b41cd517f274d5ad3b9f65d873feb3ca7e2b3a72d2?s=96&d=mm&r=g","caption":"Antonio Vilela"}}]}},"_links":{"self":[{"href":"https:\/\/latamobility.com\/pt-br\/wp-json\/wp\/v2\/posts\/51293","targetHints":{"allow":["GET"]}}],"collection":[{"href":"https:\/\/latamobility.com\/pt-br\/wp-json\/wp\/v2\/posts"}],"about":[{"href":"https:\/\/latamobility.com\/pt-br\/wp-json\/wp\/v2\/types\/post"}],"author":[{"embeddable":true,"href":"https:\/\/latamobility.com\/pt-br\/wp-json\/wp\/v2\/users\/10"}],"replies":[{"embeddable":true,"href":"https:\/\/latamobility.com\/pt-br\/wp-json\/wp\/v2\/comments?post=51293"}],"version-history":[{"count":1,"href":"https:\/\/latamobility.com\/pt-br\/wp-json\/wp\/v2\/posts\/51293\/revisions"}],"predecessor-version":[{"id":51294,"href":"https:\/\/latamobility.com\/pt-br\/wp-json\/wp\/v2\/posts\/51293\/revisions\/51294"}],"wp:featuredmedia":[{"embeddable":true,"href":"https:\/\/latamobility.com\/pt-br\/wp-json\/wp\/v2\/media\/51178"}],"wp:attachment":[{"href":"https:\/\/latamobility.com\/pt-br\/wp-json\/wp\/v2\/media?parent=51293"}],"wp:term":[{"taxonomy":"category","embeddable":true,"href":"https:\/\/latamobility.com\/pt-br\/wp-json\/wp\/v2\/categories?post=51293"},{"taxonomy":"post_tag","embeddable":true,"href":"https:\/\/latamobility.com\/pt-br\/wp-json\/wp\/v2\/tags?post=51293"}],"curies":[{"name":"wp","href":"https:\/\/api.w.org\/{rel}","templated":true}]}}