{"id":51389,"date":"2025-09-04T05:05:00","date_gmt":"2025-09-04T10:05:00","guid":{"rendered":"https:\/\/latamobility.com\/?p=51389"},"modified":"2025-09-02T10:43:40","modified_gmt":"2025-09-02T15:43:40","slug":"do-cobre-e-do-litio-a-digitalizacao-setores-estrategicos-alinham-suas-agendas-para-a-mineracao-do-futuro","status":"publish","type":"post","link":"https:\/\/latamobility.com\/pt-br\/do-cobre-e-do-litio-a-digitalizacao-setores-estrategicos-alinham-suas-agendas-para-a-mineracao-do-futuro\/","title":{"rendered":"Do cobre e do l\u00edtio \u00e0 digitaliza\u00e7\u00e3o: setores estrat\u00e9gicos alinham suas agendas para a minera\u00e7\u00e3o do futuro"},"content":{"rendered":"\n<p>A transi\u00e7\u00e3o para a eletromobilidade n\u00e3o \u00e9 apenas uma meta para o transporte, mas um motor de transforma\u00e7\u00e3o para uma das ind\u00fastrias-chave da regi\u00e3o:<strong> a minera\u00e7\u00e3o<\/strong>.<\/p>\n\n\n\n<p>Este foi o tema central do painel \u201c<strong>O futuro da minera\u00e7\u00e3o no Cone Sul: Desenvolvimento do setor em eletromobilidade<\/strong>\u201d, que reuniu especialistas dos setores de <strong>minera\u00e7\u00e3o, energia e tecnologia<\/strong> para analisar os caminhos para uma minera\u00e7\u00e3o descarbonizada, inovadora e sustent\u00e1vel.<\/p>\n\n\n\n<p>O espa\u00e7o de conversa no \u201c<strong>Latam Mobility Cone Sul 2025<\/strong>\u201d foi moderado por <strong>Andrea Armijo<\/strong>, diretora t\u00e9cnica do Projeto H2 Verde da CVE Chile, e contou com a participa\u00e7\u00e3o de <strong>Ruth Rain<\/strong>, especialista em Energia e Minera\u00e7\u00e3o da <strong>CORFO<\/strong>; <strong>Francisco Medina<\/strong>, l\u00edder em Eletromobilidade da C\u00e2mara Internacional de L\u00edtio (<strong>CIL LITHIUM<\/strong>); <strong>Mar\u00eda Jos\u00e9 Ruiz-Esquide<\/strong>, diretora de Mudan\u00e7as Clim\u00e1ticas e Descarboniza\u00e7\u00e3o da <strong>CODELCO<\/strong>; e <strong>Nicol\u00e1s Arriagada Urz\u00faa<\/strong>, especialista em Descarboniza\u00e7\u00e3o da <strong>AngloAmerican<\/strong>.<\/p>\n\n\n\n<p><strong>Voc\u00ea tamb\u00e9m pode se interessar por<\/strong> | <a href=\"https:\/\/latamobility.com\/pt-br\/construindo-o-ecossistema-logistico-do-futuro-dhl-evolution-mobility-uber-e-unilever-definem-as-regras-do-jogo-no-cone-sul\/\"><strong>Construindo o ecossistema log\u00edstico do futuro: DHL, EVolution Mobility, Uber e Unilever definem as regras do jogo no Cone Sul<\/strong><\/a><\/p>\n\n\n\n<h2 class=\"wp-block-heading\" id=\"h-a-mineracao-como-facilitadora-estrategica\">A minera\u00e7\u00e3o como facilitadora estrat\u00e9gica<\/h2>\n\n\n\n<p><strong>Andrea Armijo<\/strong>, engenheira civil com mais de 20 anos de experi\u00eancia em energias renov\u00e1veis e minera\u00e7\u00e3o, iniciou o painel destacando o papel fundamental da ind\u00fastria.<\/p>\n\n\n\n<p>\u201cSabemos que a minera\u00e7\u00e3o desempenha um <strong>papel estrat\u00e9gico na transi\u00e7\u00e3o energ\u00e9tica<\/strong>, especialmente a produ\u00e7\u00e3o de cobre, l\u00edtio e outros minerais cr\u00edticos que tornam poss\u00edvel a eletromobilidade\u201d, afirmou.<\/p>\n\n\n\n<p>\u201cA eletromobilidade n\u00e3o \u00e9 apenas um desafio t\u00e9cnico, mas uma oportunidade \u00fanica para reimaginar nossa ind\u00fastria, <strong>integrando sustentabilidade, inova\u00e7\u00e3o e uma vis\u00e3o compartilhada<\/strong> que posicionar\u00e1 o <strong>Chile <\/strong>e o Cone Sul como protagonistas da transi\u00e7\u00e3o energ\u00e9tica global\u201d, afirmou Armijo.<\/p>\n\n\n\n<p>Suas palavras estabeleceram as bases para uma discuss\u00e3o profunda que abordou os desafios, oportunidades, investimentos e tecnologias necess\u00e1rias para essa evolu\u00e7\u00e3o.<\/p>\n\n\n\n<figure class=\"wp-block-image size-large\"><img fetchpriority=\"high\" decoding=\"async\" width=\"1024\" height=\"683\" src=\"https:\/\/latamobility.com\/wp-content\/uploads\/2025\/09\/Panel-8-a-1024x683.jpg\" alt=\"Latam Mobility Cono Sur 2025\" class=\"wp-image-51366\" srcset=\"https:\/\/latamobility.com\/wp-content\/uploads\/2025\/09\/Panel-8-a-1024x683.jpg 1024w, https:\/\/latamobility.com\/wp-content\/uploads\/2025\/09\/Panel-8-a-300x200.jpg 300w, https:\/\/latamobility.com\/wp-content\/uploads\/2025\/09\/Panel-8-a-768x512.jpg 768w, https:\/\/latamobility.com\/wp-content\/uploads\/2025\/09\/Panel-8-a.jpg 1280w\" sizes=\"(max-width: 1024px) 100vw, 1024px\" \/><\/figure>\n\n\n\n<h2 class=\"wp-block-heading\" id=\"h-inovacao-e-adaptacao\">Inova\u00e7\u00e3o e adapta\u00e7\u00e3o<\/h2>\n\n\n\n<p>Do ponto de vista da corpora\u00e7\u00e3o estatal, <strong>Mar\u00eda Jos\u00e9 Ruiz-Esquide<\/strong>, da <strong>CODELCO<\/strong>, destacou como a opera\u00e7\u00e3o em grande escala e em condi\u00e7\u00f5es extremas (altitude, frio e calor) serviu como <strong>um catalisador \u00fanico para o desenvolvimento de tecnologias robustas e eficientes<\/strong>.<\/p>\n\n\n\n<p>A executiva enfatizou o compromisso da empresa com a minera\u00e7\u00e3o sustent\u00e1vel e o desenvolvimento dos territ\u00f3rios onde opera. \u201cA grande escala da minera\u00e7\u00e3o tradicional <strong>nos permitiu desenvolver infraestrutura el\u00e9trica e energ\u00e9tica em n\u00edvel massivo<\/strong>. Todo o equipamento deve funcionar em condi\u00e7\u00f5es clim\u00e1ticas extremas, o que gera um grande desafio para a inova\u00e7\u00e3o e a efici\u00eancia operacional\u201d.<\/p>\n\n\n\n<p>A <strong>CODELCO <\/strong>possui a maior frota de \u00f4nibus el\u00e9tricos da minera\u00e7\u00e3o nacional, com <strong>250 unidades<\/strong> em opera\u00e7\u00e3o na <strong>Divis\u00e3o Salvador<\/strong>, onde 100% do transporte de pessoal j\u00e1 \u00e9 el\u00e9trico. Da mesma forma, na minera\u00e7\u00e3o subterr\u00e2nea, a empresa avan\u00e7a com equipamentos de ponta, como <strong>LHDs el\u00e9tricos<\/strong> a bateria e semiaut\u00f4nomos, misturadores el\u00e9tricos e caminhonetes que operam a <strong>mais de 2.000 metros de altura<\/strong>.<\/p>\n\n\n\n<p>\u201cEsses avan\u00e7os t\u00eam um impacto concreto: <strong>reduzem as emiss\u00f5es, diminuem os custos de manuten\u00e7\u00e3o e permitem opera\u00e7\u00f5es mais silenciosas, limpas e seguras<\/strong>\u201d, afirmou.<\/p>\n\n\n\n<figure class=\"wp-block-gallery has-nested-images columns-default is-cropped wp-block-gallery-1 is-layout-flex wp-block-gallery-is-layout-flex\">\n<figure class=\"wp-block-image size-large\"><img decoding=\"async\" width=\"743\" height=\"1024\" data-id=\"51384\" src=\"https:\/\/latamobility.com\/wp-content\/uploads\/2025\/09\/Panel-8-g-743x1024.jpg\" alt=\"Latam Mobility Cono Sur 2025\" class=\"wp-image-51384\" srcset=\"https:\/\/latamobility.com\/wp-content\/uploads\/2025\/09\/Panel-8-g-743x1024.jpg 743w, https:\/\/latamobility.com\/wp-content\/uploads\/2025\/09\/Panel-8-g-218x300.jpg 218w, https:\/\/latamobility.com\/wp-content\/uploads\/2025\/09\/Panel-8-g-768x1058.jpg 768w, https:\/\/latamobility.com\/wp-content\/uploads\/2025\/09\/Panel-8-g.jpg 929w\" sizes=\"(max-width: 743px) 100vw, 743px\" \/><figcaption class=\"wp-element-caption\"><strong>Mar\u00eda Jos\u00e9 Ruiz-Esquide<\/strong><\/figcaption><\/figure>\n\n\n\n<figure class=\"wp-block-image size-large\"><img decoding=\"async\" width=\"890\" height=\"1024\" data-id=\"51372\" src=\"https:\/\/latamobility.com\/wp-content\/uploads\/2025\/09\/Panel-8-c-890x1024.jpg\" alt=\"Latam Mobility Cono Sur 2025\" class=\"wp-image-51372\" srcset=\"https:\/\/latamobility.com\/wp-content\/uploads\/2025\/09\/Panel-8-c-890x1024.jpg 890w, https:\/\/latamobility.com\/wp-content\/uploads\/2025\/09\/Panel-8-c-261x300.jpg 261w, https:\/\/latamobility.com\/wp-content\/uploads\/2025\/09\/Panel-8-c-768x884.jpg 768w, https:\/\/latamobility.com\/wp-content\/uploads\/2025\/09\/Panel-8-c.jpg 1112w\" sizes=\"(max-width: 890px) 100vw, 890px\" \/><figcaption class=\"wp-element-caption\"><strong>Nicol\u00e1s Arriagada<\/strong><\/figcaption><\/figure>\n<\/figure>\n\n\n\n<h2 class=\"wp-block-heading\" id=\"h-descarbonizacao-como-imperativo\">Descarboniza\u00e7\u00e3o como imperativo<\/h2>\n\n\n\n<p><strong>Nicol\u00e1s Arriagada<\/strong>, da <strong>AngloAmerican<\/strong>, complementou a vis\u00e3o, lembrando que o objetivo final da eletromobilidade \u00e9 a descarboniza\u00e7\u00e3o. \u201cNossa meta \u00e9 sermos neutros em carbono at\u00e9 <strong>2040<\/strong>, a mais ambiciosa da ind\u00fastria de minera\u00e7\u00e3o. A eletromobilidade \u00e9 um dos caminhos mais desenvolvidos para alcan\u00e7\u00e1-la\u201d, afirmou.<\/p>\n\n\n\n<p>A <strong>AngloAmerican <\/strong>foi pioneira na opera\u00e7\u00e3o de \u00f4nibus el\u00e9tricos na minera\u00e7\u00e3o, com <strong>17 unidades<\/strong> adquiridas em <strong>2019<\/strong>, o que implicou projetar e aprender sobre infraestrutura de carga em altura, operando o \u201c<strong>electroterminal a gran altura geogr\u00e1fica mais alto del mundo<\/strong>\u201d (terminal el\u00e9trico a maior altitude geogr\u00e1fica do mundo).<\/p>\n\n\n\n<p>Arriagada destacou externalidades positivas como a <strong>redu\u00e7\u00e3o do ru\u00eddo, maior efici\u00eancia energ\u00e9tica e um desempenho das baterias \u201cmelhor do que o esperado\u201d em condi\u00e7\u00f5es extremas<\/strong>.<\/p>\n\n\n\n<p>\u201cO desafio \u00e9 entender que n\u00e3o \u00e9 uma solu\u00e7\u00e3o para todos os casos atualmente. <strong>Devemos implement\u00e1-la onde a avalia\u00e7\u00e3o t\u00e9cnica e econ\u00f4mica demonstrar que gera valor<\/strong>\u201d, enfatizou. A empresa tamb\u00e9m explora outras vias, como o hidrog\u00eanio, participando do desenvolvimento do primeiro \u00f4nibus a hidrog\u00eanio constru\u00eddo no Chile.<\/p>\n\n\n\n<h2 class=\"wp-block-heading\" id=\"h-corfo-criando-o-ecossistema-para-a-inovacao\">CORFO: criando o ecossistema para a inova\u00e7\u00e3o<\/h2>\n\n\n\n<p><strong>Ruth Rain<\/strong>, da <strong>CORFO<\/strong>, destacou o papel fundamental da institui\u00e7\u00e3o em alavancar e mitigar os riscos dessa transi\u00e7\u00e3o. \u201cTrabalhamos para criar condi\u00e7\u00f5es prop\u00edcias: <strong>capital humano, institui\u00e7\u00f5es e centros de pilotagem que favore\u00e7am a inova\u00e7\u00e3o<\/strong>\u201d, explicou.<\/p>\n\n\n\n<p>Rain enfatizou o \u201cc\u00edrculo virtuoso\u201d em que se encontra a ind\u00fastria: <strong>a crescente demanda global por minerais cr\u00edticos impulsiona uma produ\u00e7\u00e3o mineradora que deve ser sustent\u00e1vel e econ\u00f4mica<\/strong>, o que, por sua vez, requer uma eletrifica\u00e7\u00e3o em massa que depende desses mesmos minerais.<\/p>\n\n\n\n<p>\u201cVinculemos dois setores cr\u00edticos para o pa\u00eds: <strong>minera\u00e7\u00e3o e energia<\/strong>. A eletromobilidade exigir\u00e1 um fornecimento constante e sofisticado de eletricidade, o que impulsionar\u00e1 ainda mais o desenvolvimento de projetos de gera\u00e7\u00e3o renov\u00e1vel e armazenamento\u201d, projetou.<\/p>\n\n\n\n<figure class=\"wp-block-gallery has-nested-images columns-default is-cropped wp-block-gallery-2 is-layout-flex wp-block-gallery-is-layout-flex\">\n<figure class=\"wp-block-image size-large\"><img loading=\"lazy\" decoding=\"async\" width=\"730\" height=\"1024\" data-id=\"51381\" src=\"https:\/\/latamobility.com\/wp-content\/uploads\/2025\/09\/Panel-8-f-730x1024.jpg\" alt=\"Latam Mobility Cono Sur 2025\" class=\"wp-image-51381\" srcset=\"https:\/\/latamobility.com\/wp-content\/uploads\/2025\/09\/Panel-8-f-730x1024.jpg 730w, https:\/\/latamobility.com\/wp-content\/uploads\/2025\/09\/Panel-8-f-214x300.jpg 214w, https:\/\/latamobility.com\/wp-content\/uploads\/2025\/09\/Panel-8-f-768x1077.jpg 768w, https:\/\/latamobility.com\/wp-content\/uploads\/2025\/09\/Panel-8-f.jpg 913w\" sizes=\"(max-width: 730px) 100vw, 730px\" \/><figcaption class=\"wp-element-caption\"><strong>Ruth Rain<\/strong><\/figcaption><\/figure>\n\n\n\n<figure class=\"wp-block-image size-large\"><img loading=\"lazy\" decoding=\"async\" width=\"746\" height=\"1024\" data-id=\"51375\" src=\"https:\/\/latamobility.com\/wp-content\/uploads\/2025\/09\/Panel-8-d-746x1024.jpg\" alt=\"Latam Mobility Cono Sur 2025\" class=\"wp-image-51375\" srcset=\"https:\/\/latamobility.com\/wp-content\/uploads\/2025\/09\/Panel-8-d-746x1024.jpg 746w, https:\/\/latamobility.com\/wp-content\/uploads\/2025\/09\/Panel-8-d-219x300.jpg 219w, https:\/\/latamobility.com\/wp-content\/uploads\/2025\/09\/Panel-8-d-768x1054.jpg 768w, https:\/\/latamobility.com\/wp-content\/uploads\/2025\/09\/Panel-8-d.jpg 933w\" sizes=\"(max-width: 746px) 100vw, 746px\" \/><figcaption class=\"wp-element-caption\"><strong>Francisco Medina<\/strong><\/figcaption><\/figure>\n<\/figure>\n\n\n\n<h2 class=\"wp-block-heading\" id=\"h-litio-muito-mais-do-que-eletromobilidade\">L\u00edtio: muito mais do que eletromobilidade<\/h2>\n\n\n\n<p><strong>Francisco Medina<\/strong>, da<strong> C\u00e2mara Internacional do L\u00edtio<\/strong>, ampliou a perspectiva, argumentando que o protagonismo do l\u00edtio est\u00e1 longe de ter terminado.<\/p>\n\n\n\n<p>\u201cO l\u00edtio n\u00e3o \u00e9 apenas eletromobilidade; \u00e9 efici\u00eancia energ\u00e9tica e eletrifica\u00e7\u00e3o. Ele permitiu <strong>armazenar energia e mover ve\u00edculos<\/strong>, e hoje \u00e9 fundamental para a autoeconomia energ\u00e9tica e o armazenamento estacion\u00e1rio\u201d, afirmou.<\/p>\n\n\n\n<p>Medina destacou os avan\u00e7os nos m\u00e9todos de produ\u00e7\u00e3o, como a <strong>Extra\u00e7\u00e3o Direta de L\u00edtio<\/strong> (EDL), que reduz significativamente o impacto ambiental. Al\u00e9m disso, ele ressaltou a <strong>necessidade de adaptar a forma\u00e7\u00e3o acad\u00eamica e t\u00e9cnica<\/strong> para atender \u00e0s novas necessidades de manuten\u00e7\u00e3o, seguran\u00e7a e protocolos exigidos por essas tecnologias.<\/p>\n\n\n\n<p>\u201cUm ve\u00edculo el\u00e9trico \u00e9 uma bateria com rodas. Conceitos como \u2018<em>Vehicle to Grid<\/em>\u2019 (V2G), em que o carro devolve energia \u00e0 rede, j\u00e1 s\u00e3o uma realidade em desenvolvimento\u201d, afirmou.<\/p>\n\n\n\n<h2 class=\"wp-block-heading\" id=\"h-colaboracao-e-investimento-as-palavras-chave-do-futuro\">Colabora\u00e7\u00e3o e investimento, as palavras-chave do futuro<\/h2>\n\n\n\n<p>Ao encerrar o painel, os especialistas concordaram que <strong>a colabora\u00e7\u00e3o \u00e9 o pilar fundamental para o sucesso<\/strong>.<\/p>\n\n\n\n<p><strong>Mar\u00eda Jos\u00e9 Ruiz-Esquide<\/strong> ressaltou que os avan\u00e7os na descarboniza\u00e7\u00e3o s\u00f3 foram poss\u00edveis gra\u00e7as ao trabalho conjunto entre empresas de minera\u00e7\u00e3o.<\/p>\n\n\n\n<p>Por sua vez, <strong>Nicol\u00e1s Arriagada<\/strong> fez um apelo para que se compreendam as \u201cdores\u201d operacionais espec\u00edficas para que a inova\u00e7\u00e3o chegue de forma eficaz, enquanto <strong>Ruth Rain<\/strong> exortou as empresas a serem \u201cvision\u00e1rias\u201d e a correrem riscos em conjunto com sua cadeia de suprimentos.<\/p>\n\n\n\n<p>As mensagens finais foram resumidas em conceitos-chave:<\/p>\n\n\n\n<ul class=\"wp-block-list\">\n<li><strong>Francisco Medina<\/strong>: \u201cInova\u00e7\u00e3o, Colabora\u00e7\u00e3o e Investimento\u201d.<\/li>\n\n\n\n<li><strong>Nicol\u00e1s Arriagada<\/strong>: \u201cA colabora\u00e7\u00e3o \u00e9 fundamental. O desafio \u00e9 t\u00e3o grande que sozinhos n\u00e3o vamos conseguir\u201d.<\/li>\n\n\n\n<li><strong>Ruth Rain<\/strong>: \u201cSomos um pa\u00eds minerador com as capacidades humanas para ser um exemplo de descarboniza\u00e7\u00e3o\u201d.<\/li>\n\n\n\n<li><strong>Mar\u00eda Jos\u00e9 Ruiz-Esquide<\/strong>: \u201cO Chile tem a capacidade de impulsionar a tra\u00e7\u00e3o e ser um exemplo de inova\u00e7\u00e3o na minera\u00e7\u00e3o que transcenda os neg\u00f3cios e seja uma contribui\u00e7\u00e3o para o pa\u00eds\u201d.<\/li>\n<\/ul>\n\n\n\n<p>A conclus\u00e3o foi un\u00e2nime: <strong>o Chile e o Cone Sul t\u00eam a oportunidade hist\u00f3rica de converter sua tradi\u00e7\u00e3o mineradora na lideran\u00e7a de uma nova era industrial, com baixas emiss\u00f5es e alta tecnologia, colabora\u00e7\u00e3o e valor compartilhado<\/strong>.<\/p>\n\n\n\n<figure class=\"wp-block-image\"><img loading=\"lazy\" decoding=\"async\" width=\"1024\" height=\"576\" src=\"https:\/\/latamobility.com\/wp-content\/uploads\/2025\/07\/Banner-Latam-Mobility-Mexico-2025_logos-twitter-3-1024x576.jpg\" alt=\"Banner Latam Mobility Mexico 2025\" class=\"wp-image-50397\" srcset=\"https:\/\/latamobility.com\/wp-content\/uploads\/2025\/07\/Banner-Latam-Mobility-Mexico-2025_logos-twitter-3-1024x576.jpg 1024w, https:\/\/latamobility.com\/wp-content\/uploads\/2025\/07\/Banner-Latam-Mobility-Mexico-2025_logos-twitter-3-300x169.jpg 300w, https:\/\/latamobility.com\/wp-content\/uploads\/2025\/07\/Banner-Latam-Mobility-Mexico-2025_logos-twitter-3-768x432.jpg 768w, https:\/\/latamobility.com\/wp-content\/uploads\/2025\/07\/Banner-Latam-Mobility-Mexico-2025_logos-twitter-3-1536x864.jpg 1536w, https:\/\/latamobility.com\/wp-content\/uploads\/2025\/07\/Banner-Latam-Mobility-Mexico-2025_logos-twitter-3-2048x1153.jpg 2048w\" sizes=\"(max-width: 1024px) 100vw, 1024px\" \/><\/figure>\n\n\n\n<h2 class=\"wp-block-heading\" id=\"h-o-latam-mobility-mexico-2025-esta-chegando\">O \u201cLatam Mobility M\u00e9xico 2025\u201d est\u00e1 chegando<\/h2>\n\n\n\n<p>O \u201c<strong><a href=\"https:\/\/live.eventtia.com\/es\/latammobilitymexico2025\">Latam Mobility M\u00e9xico 2025<\/a><\/strong>\u201d ser\u00e1 o cen\u00e1rio perfeito para conhecer em primeira m\u00e3o os avan\u00e7os, alian\u00e7as e tend\u00eancias que est\u00e3o moldando o futuro do setor.<\/p>\n\n\n\n<p>Fabricantes, autoridades, especialistas e empresas de tecnologia se reunir\u00e3o para trocar experi\u00eancias e acelerar a transi\u00e7\u00e3o para uma mobilidade mais sustent\u00e1vel na Am\u00e9rica Latina, uma oportunidade \u00fanica para o M\u00e9xico mostrar ao mundo seu papel de protagonista na revolu\u00e7\u00e3o automotiva.<\/p>\n\n\n\n<p>Para mais informa\u00e7\u00f5es sobre como participar e as op\u00e7\u00f5es de posicionamento, escreva para <strong><a href=\"mailto:info@investinlatam.org\">info@investinlatam.org<\/a><\/strong>.<\/p>\n\n\n\n<p>Voc\u00ea tamb\u00e9m pode entrar em contato conosco pelo <strong><a href=\"https:\/\/lnkd.in\/eQzTYdNG\">WhatsApp<\/a><\/strong> ou adquirir seu ingresso na pr\u00e9-venda clicando <strong><a href=\"https:\/\/live.eventtia.com\/es\/latammobilitymexico2025\">aqui<\/a><\/strong>.<\/p>\n\n\n\n<figure class=\"wp-block-image\"><img loading=\"lazy\" decoding=\"async\" width=\"819\" height=\"1024\" src=\"https:\/\/latamobility.com\/wp-content\/uploads\/2025\/08\/LMMEX_Personas-mas-logos-819x1024.jpg\" alt=\"Latam Mobility Mexico 2025\" class=\"wp-image-50505\" srcset=\"https:\/\/latamobility.com\/wp-content\/uploads\/2025\/08\/LMMEX_Personas-mas-logos-819x1024.jpg 819w, https:\/\/latamobility.com\/wp-content\/uploads\/2025\/08\/LMMEX_Personas-mas-logos-240x300.jpg 240w, https:\/\/latamobility.com\/wp-content\/uploads\/2025\/08\/LMMEX_Personas-mas-logos-768x960.jpg 768w, https:\/\/latamobility.com\/wp-content\/uploads\/2025\/08\/LMMEX_Personas-mas-logos.jpg 1080w\" sizes=\"(max-width: 819px) 100vw, 819px\" \/><\/figure>\n","protected":false},"excerpt":{"rendered":"<p>A transi\u00e7\u00e3o para a eletromobilidade n\u00e3o \u00e9 apenas uma meta para o transporte, mas um motor de transforma\u00e7\u00e3o para uma das ind\u00fastrias-chave da regi\u00e3o: a minera\u00e7\u00e3o. Este foi o tema central do painel \u201cO futuro da minera\u00e7\u00e3o no Cone Sul: Desenvolvimento do setor em eletromobilidade\u201d, que reuniu especialistas dos setores de minera\u00e7\u00e3o, energia e tecnologia&#8230;<\/p>\n","protected":false},"author":10,"featured_media":51369,"comment_status":"open","ping_status":"closed","sticky":false,"template":"","format":"standard","meta":{"_kad_post_transparent":"","_kad_post_title":"","_kad_post_layout":"","_kad_post_sidebar_id":"","_kad_post_content_style":"","_kad_post_vertical_padding":"","_kad_post_feature":"","_kad_post_feature_position":"","_kad_post_header":false,"_kad_post_footer":false,"_kad_post_classname":"","footnotes":""},"categories":[2972],"tags":[3326,3327],"class_list":["post-51389","post","type-post","status-publish","format-standard","has-post-thumbnail","hentry","category-encuentros-movilidad-sostenible-pt-br","tag-chile-pt-br","tag-latam-mobility-cono-sur-2025-pt-br"],"yoast_head":"<!-- This site is optimized with the Yoast SEO Premium plugin v22.7 (Yoast SEO v27.4) - https:\/\/yoast.com\/product\/yoast-seo-premium-wordpress\/ -->\n<title>Do cobre e do l\u00edtio \u00e0 digitaliza\u00e7\u00e3o: setores estrat\u00e9gicos alinham suas agendas para a minera\u00e7\u00e3o do futuro - Latam Mobility<\/title>\n<meta name=\"description\" content=\"A transi\u00e7\u00e3o para a eletromobilidade n\u00e3o \u00e9 apenas uma meta para o transporte, mas um motor de transforma\u00e7\u00e3o para uma das ind\u00fastrias-chave da regi\u00e3o: a\" \/>\n<meta name=\"robots\" content=\"index, follow, max-snippet:-1, max-image-preview:large, max-video-preview:-1\" \/>\n<link rel=\"canonical\" href=\"https:\/\/latamobility.com\/?p=51358\" \/>\n<meta property=\"og:locale\" content=\"pt_BR\" \/>\n<meta property=\"og:type\" content=\"article\" \/>\n<meta property=\"og:title\" content=\"Do cobre e do l\u00edtio \u00e0 digitaliza\u00e7\u00e3o: setores estrat\u00e9gicos alinham suas agendas para a minera\u00e7\u00e3o do futuro\" \/>\n<meta property=\"og:description\" content=\"A transi\u00e7\u00e3o para a eletromobilidade n\u00e3o \u00e9 apenas uma meta para o transporte, mas um motor de transforma\u00e7\u00e3o para uma das ind\u00fastrias-chave da regi\u00e3o: a\" \/>\n<meta property=\"og:url\" content=\"https:\/\/latamobility.com\/?p=51358\" \/>\n<meta property=\"og:site_name\" content=\"Latam Mobility\" \/>\n<meta property=\"article:publisher\" content=\"https:\/\/www.facebook.com\/latamobility\/\" \/>\n<meta property=\"article:published_time\" content=\"2025-09-04T10:05:00+00:00\" \/>\n<meta property=\"og:image\" content=\"https:\/\/latamobility.com\/wp-content\/uploads\/2025\/09\/Panel-8-b.jpg\" \/>\n\t<meta property=\"og:image:width\" content=\"1280\" \/>\n\t<meta property=\"og:image:height\" content=\"854\" \/>\n\t<meta property=\"og:image:type\" content=\"image\/jpeg\" \/>\n<meta name=\"author\" content=\"Antonio Vilela\" \/>\n<meta name=\"twitter:card\" content=\"summary_large_image\" \/>\n<meta name=\"twitter:creator\" content=\"@LataMobility\" \/>\n<meta name=\"twitter:site\" content=\"@LataMobility\" \/>\n<meta name=\"twitter:label1\" content=\"Escrito por\" \/>\n\t<meta name=\"twitter:data1\" content=\"Antonio Vilela\" \/>\n\t<meta name=\"twitter:label2\" content=\"Est. tempo de leitura\" \/>\n\t<meta name=\"twitter:data2\" content=\"7 minutos\" \/>\n<script type=\"application\/ld+json\" class=\"yoast-schema-graph\">{\"@context\":\"https:\\\/\\\/schema.org\",\"@graph\":[{\"@type\":\"Article\",\"@id\":\"https:\\\/\\\/latamobility.com\\\/?p=51358#article\",\"isPartOf\":{\"@id\":\"https:\\\/\\\/latamobility.com\\\/?p=51358\"},\"author\":{\"name\":\"Antonio Vilela\",\"@id\":\"https:\\\/\\\/latamobility.com\\\/#\\\/schema\\\/person\\\/fda092a2de1f87d347784282908bad1a\"},\"headline\":\"Do cobre e do l\u00edtio \u00e0 digitaliza\u00e7\u00e3o: setores estrat\u00e9gicos alinham suas agendas para a minera\u00e7\u00e3o do futuro\",\"datePublished\":\"2025-09-04T10:05:00+00:00\",\"mainEntityOfPage\":{\"@id\":\"https:\\\/\\\/latamobility.com\\\/?p=51358\"},\"wordCount\":1409,\"commentCount\":0,\"publisher\":{\"@id\":\"https:\\\/\\\/latamobility.com\\\/#organization\"},\"image\":{\"@id\":\"https:\\\/\\\/latamobility.com\\\/?p=51358#primaryimage\"},\"thumbnailUrl\":\"https:\\\/\\\/latamobility.com\\\/wp-content\\\/uploads\\\/2025\\\/09\\\/Panel-8-b.jpg\",\"keywords\":[\"Chile\",\"Latam Mobility Cono Sur 2025\"],\"articleSection\":[\"Encuentros\"],\"inLanguage\":\"pt-BR\",\"potentialAction\":[{\"@type\":\"CommentAction\",\"name\":\"Comment\",\"target\":[\"https:\\\/\\\/latamobility.com\\\/?p=51358#respond\"]}]},{\"@type\":\"WebPage\",\"@id\":\"https:\\\/\\\/latamobility.com\\\/?p=51358\",\"url\":\"https:\\\/\\\/latamobility.com\\\/?p=51358\",\"name\":\"Do cobre e do l\u00edtio \u00e0 digitaliza\u00e7\u00e3o: setores estrat\u00e9gicos alinham suas agendas para a minera\u00e7\u00e3o do futuro - Latam Mobility\",\"isPartOf\":{\"@id\":\"https:\\\/\\\/latamobility.com\\\/#website\"},\"primaryImageOfPage\":{\"@id\":\"https:\\\/\\\/latamobility.com\\\/?p=51358#primaryimage\"},\"image\":{\"@id\":\"https:\\\/\\\/latamobility.com\\\/?p=51358#primaryimage\"},\"thumbnailUrl\":\"https:\\\/\\\/latamobility.com\\\/wp-content\\\/uploads\\\/2025\\\/09\\\/Panel-8-b.jpg\",\"datePublished\":\"2025-09-04T10:05:00+00:00\",\"description\":\"A transi\u00e7\u00e3o para a eletromobilidade n\u00e3o \u00e9 apenas uma meta para o transporte, mas um motor de transforma\u00e7\u00e3o para uma das ind\u00fastrias-chave da regi\u00e3o: a\",\"breadcrumb\":{\"@id\":\"https:\\\/\\\/latamobility.com\\\/?p=51358#breadcrumb\"},\"inLanguage\":\"pt-BR\",\"potentialAction\":[{\"@type\":\"ReadAction\",\"target\":[\"https:\\\/\\\/latamobility.com\\\/?p=51358\"]}]},{\"@type\":\"ImageObject\",\"inLanguage\":\"pt-BR\",\"@id\":\"https:\\\/\\\/latamobility.com\\\/?p=51358#primaryimage\",\"url\":\"https:\\\/\\\/latamobility.com\\\/wp-content\\\/uploads\\\/2025\\\/09\\\/Panel-8-b.jpg\",\"contentUrl\":\"https:\\\/\\\/latamobility.com\\\/wp-content\\\/uploads\\\/2025\\\/09\\\/Panel-8-b.jpg\",\"width\":1280,\"height\":854,\"caption\":\"Latam Mobility Cono Sur 2025\"},{\"@type\":\"BreadcrumbList\",\"@id\":\"https:\\\/\\\/latamobility.com\\\/?p=51358#breadcrumb\",\"itemListElement\":[{\"@type\":\"ListItem\",\"position\":1,\"name\":\"Portada\",\"item\":\"https:\\\/\\\/latamobility.com\\\/pt-br\\\/\"},{\"@type\":\"ListItem\",\"position\":2,\"name\":\"Do cobre e do l\u00edtio \u00e0 digitaliza\u00e7\u00e3o: setores estrat\u00e9gicos alinham suas agendas para a minera\u00e7\u00e3o do futuro\"}]},{\"@type\":\"WebSite\",\"@id\":\"https:\\\/\\\/latamobility.com\\\/#website\",\"url\":\"https:\\\/\\\/latamobility.com\\\/\",\"name\":\"Latam Mobility\",\"description\":\"Serie de Eventos para promover la Movilidad y Transporte sostenible en Latinoam\u00e9rica\",\"publisher\":{\"@id\":\"https:\\\/\\\/latamobility.com\\\/#organization\"},\"potentialAction\":[{\"@type\":\"SearchAction\",\"target\":{\"@type\":\"EntryPoint\",\"urlTemplate\":\"https:\\\/\\\/latamobility.com\\\/?s={search_term_string}\"},\"query-input\":{\"@type\":\"PropertyValueSpecification\",\"valueRequired\":true,\"valueName\":\"search_term_string\"}}],\"inLanguage\":\"pt-BR\"},{\"@type\":\"Organization\",\"@id\":\"https:\\\/\\\/latamobility.com\\\/#organization\",\"name\":\"LATAM MOBILITY\",\"url\":\"https:\\\/\\\/latamobility.com\\\/\",\"logo\":{\"@type\":\"ImageObject\",\"inLanguage\":\"pt-BR\",\"@id\":\"https:\\\/\\\/latamobility.com\\\/#\\\/schema\\\/logo\\\/image\\\/\",\"url\":\"https:\\\/\\\/latamobility.com\\\/wp-content\\\/uploads\\\/2025\\\/01\\\/logos-LM-LG-2025-10.png\",\"contentUrl\":\"https:\\\/\\\/latamobility.com\\\/wp-content\\\/uploads\\\/2025\\\/01\\\/logos-LM-LG-2025-10.png\",\"width\":1080,\"height\":1080,\"caption\":\"LATAM MOBILITY\"},\"image\":{\"@id\":\"https:\\\/\\\/latamobility.com\\\/#\\\/schema\\\/logo\\\/image\\\/\"},\"sameAs\":[\"https:\\\/\\\/www.facebook.com\\\/latamobility\\\/\",\"https:\\\/\\\/x.com\\\/LataMobility\",\"https:\\\/\\\/www.instagram.com\\\/latamobility\\\/\",\"https:\\\/\\\/www.linkedin.com\\\/company\\\/latamobility\\\/\",\"https:\\\/\\\/www.youtube.com\\\/channel\\\/UCtcslRCRY0vITWaOQ1X0XUA\"]},{\"@type\":\"Person\",\"@id\":\"https:\\\/\\\/latamobility.com\\\/#\\\/schema\\\/person\\\/fda092a2de1f87d347784282908bad1a\",\"name\":\"Antonio Vilela\",\"image\":{\"@type\":\"ImageObject\",\"inLanguage\":\"pt-BR\",\"@id\":\"https:\\\/\\\/secure.gravatar.com\\\/avatar\\\/7eee8196fd2fda180806d7b41cd517f274d5ad3b9f65d873feb3ca7e2b3a72d2?s=96&d=mm&r=g\",\"url\":\"https:\\\/\\\/secure.gravatar.com\\\/avatar\\\/7eee8196fd2fda180806d7b41cd517f274d5ad3b9f65d873feb3ca7e2b3a72d2?s=96&d=mm&r=g\",\"contentUrl\":\"https:\\\/\\\/secure.gravatar.com\\\/avatar\\\/7eee8196fd2fda180806d7b41cd517f274d5ad3b9f65d873feb3ca7e2b3a72d2?s=96&d=mm&r=g\",\"caption\":\"Antonio Vilela\"}}]}<\/script>\n<!-- \/ Yoast SEO Premium plugin. -->","yoast_head_json":{"title":"Do cobre e do l\u00edtio \u00e0 digitaliza\u00e7\u00e3o: setores estrat\u00e9gicos alinham suas agendas para a minera\u00e7\u00e3o do futuro - Latam Mobility","description":"A transi\u00e7\u00e3o para a eletromobilidade n\u00e3o \u00e9 apenas uma meta para o transporte, mas um motor de transforma\u00e7\u00e3o para uma das ind\u00fastrias-chave da regi\u00e3o: a","robots":{"index":"index","follow":"follow","max-snippet":"max-snippet:-1","max-image-preview":"max-image-preview:large","max-video-preview":"max-video-preview:-1"},"canonical":"https:\/\/latamobility.com\/?p=51358","og_locale":"pt_BR","og_type":"article","og_title":"Do cobre e do l\u00edtio \u00e0 digitaliza\u00e7\u00e3o: setores estrat\u00e9gicos alinham suas agendas para a minera\u00e7\u00e3o do futuro","og_description":"A transi\u00e7\u00e3o para a eletromobilidade n\u00e3o \u00e9 apenas uma meta para o transporte, mas um motor de transforma\u00e7\u00e3o para uma das ind\u00fastrias-chave da regi\u00e3o: a","og_url":"https:\/\/latamobility.com\/?p=51358","og_site_name":"Latam Mobility","article_publisher":"https:\/\/www.facebook.com\/latamobility\/","article_published_time":"2025-09-04T10:05:00+00:00","og_image":[{"width":1280,"height":854,"url":"https:\/\/latamobility.com\/wp-content\/uploads\/2025\/09\/Panel-8-b.jpg","type":"image\/jpeg"}],"author":"Antonio Vilela","twitter_card":"summary_large_image","twitter_creator":"@LataMobility","twitter_site":"@LataMobility","twitter_misc":{"Escrito por":"Antonio Vilela","Est. tempo de leitura":"7 minutos"},"schema":{"@context":"https:\/\/schema.org","@graph":[{"@type":"Article","@id":"https:\/\/latamobility.com\/?p=51358#article","isPartOf":{"@id":"https:\/\/latamobility.com\/?p=51358"},"author":{"name":"Antonio Vilela","@id":"https:\/\/latamobility.com\/#\/schema\/person\/fda092a2de1f87d347784282908bad1a"},"headline":"Do cobre e do l\u00edtio \u00e0 digitaliza\u00e7\u00e3o: setores estrat\u00e9gicos alinham suas agendas para a minera\u00e7\u00e3o do futuro","datePublished":"2025-09-04T10:05:00+00:00","mainEntityOfPage":{"@id":"https:\/\/latamobility.com\/?p=51358"},"wordCount":1409,"commentCount":0,"publisher":{"@id":"https:\/\/latamobility.com\/#organization"},"image":{"@id":"https:\/\/latamobility.com\/?p=51358#primaryimage"},"thumbnailUrl":"https:\/\/latamobility.com\/wp-content\/uploads\/2025\/09\/Panel-8-b.jpg","keywords":["Chile","Latam Mobility Cono Sur 2025"],"articleSection":["Encuentros"],"inLanguage":"pt-BR","potentialAction":[{"@type":"CommentAction","name":"Comment","target":["https:\/\/latamobility.com\/?p=51358#respond"]}]},{"@type":"WebPage","@id":"https:\/\/latamobility.com\/?p=51358","url":"https:\/\/latamobility.com\/?p=51358","name":"Do cobre e do l\u00edtio \u00e0 digitaliza\u00e7\u00e3o: setores estrat\u00e9gicos alinham suas agendas para a minera\u00e7\u00e3o do futuro - Latam Mobility","isPartOf":{"@id":"https:\/\/latamobility.com\/#website"},"primaryImageOfPage":{"@id":"https:\/\/latamobility.com\/?p=51358#primaryimage"},"image":{"@id":"https:\/\/latamobility.com\/?p=51358#primaryimage"},"thumbnailUrl":"https:\/\/latamobility.com\/wp-content\/uploads\/2025\/09\/Panel-8-b.jpg","datePublished":"2025-09-04T10:05:00+00:00","description":"A transi\u00e7\u00e3o para a eletromobilidade n\u00e3o \u00e9 apenas uma meta para o transporte, mas um motor de transforma\u00e7\u00e3o para uma das ind\u00fastrias-chave da regi\u00e3o: a","breadcrumb":{"@id":"https:\/\/latamobility.com\/?p=51358#breadcrumb"},"inLanguage":"pt-BR","potentialAction":[{"@type":"ReadAction","target":["https:\/\/latamobility.com\/?p=51358"]}]},{"@type":"ImageObject","inLanguage":"pt-BR","@id":"https:\/\/latamobility.com\/?p=51358#primaryimage","url":"https:\/\/latamobility.com\/wp-content\/uploads\/2025\/09\/Panel-8-b.jpg","contentUrl":"https:\/\/latamobility.com\/wp-content\/uploads\/2025\/09\/Panel-8-b.jpg","width":1280,"height":854,"caption":"Latam Mobility Cono Sur 2025"},{"@type":"BreadcrumbList","@id":"https:\/\/latamobility.com\/?p=51358#breadcrumb","itemListElement":[{"@type":"ListItem","position":1,"name":"Portada","item":"https:\/\/latamobility.com\/pt-br\/"},{"@type":"ListItem","position":2,"name":"Do cobre e do l\u00edtio \u00e0 digitaliza\u00e7\u00e3o: setores estrat\u00e9gicos alinham suas agendas para a minera\u00e7\u00e3o do futuro"}]},{"@type":"WebSite","@id":"https:\/\/latamobility.com\/#website","url":"https:\/\/latamobility.com\/","name":"Latam Mobility","description":"Serie de Eventos para promover la Movilidad y Transporte sostenible en Latinoam\u00e9rica","publisher":{"@id":"https:\/\/latamobility.com\/#organization"},"potentialAction":[{"@type":"SearchAction","target":{"@type":"EntryPoint","urlTemplate":"https:\/\/latamobility.com\/?s={search_term_string}"},"query-input":{"@type":"PropertyValueSpecification","valueRequired":true,"valueName":"search_term_string"}}],"inLanguage":"pt-BR"},{"@type":"Organization","@id":"https:\/\/latamobility.com\/#organization","name":"LATAM MOBILITY","url":"https:\/\/latamobility.com\/","logo":{"@type":"ImageObject","inLanguage":"pt-BR","@id":"https:\/\/latamobility.com\/#\/schema\/logo\/image\/","url":"https:\/\/latamobility.com\/wp-content\/uploads\/2025\/01\/logos-LM-LG-2025-10.png","contentUrl":"https:\/\/latamobility.com\/wp-content\/uploads\/2025\/01\/logos-LM-LG-2025-10.png","width":1080,"height":1080,"caption":"LATAM MOBILITY"},"image":{"@id":"https:\/\/latamobility.com\/#\/schema\/logo\/image\/"},"sameAs":["https:\/\/www.facebook.com\/latamobility\/","https:\/\/x.com\/LataMobility","https:\/\/www.instagram.com\/latamobility\/","https:\/\/www.linkedin.com\/company\/latamobility\/","https:\/\/www.youtube.com\/channel\/UCtcslRCRY0vITWaOQ1X0XUA"]},{"@type":"Person","@id":"https:\/\/latamobility.com\/#\/schema\/person\/fda092a2de1f87d347784282908bad1a","name":"Antonio Vilela","image":{"@type":"ImageObject","inLanguage":"pt-BR","@id":"https:\/\/secure.gravatar.com\/avatar\/7eee8196fd2fda180806d7b41cd517f274d5ad3b9f65d873feb3ca7e2b3a72d2?s=96&d=mm&r=g","url":"https:\/\/secure.gravatar.com\/avatar\/7eee8196fd2fda180806d7b41cd517f274d5ad3b9f65d873feb3ca7e2b3a72d2?s=96&d=mm&r=g","contentUrl":"https:\/\/secure.gravatar.com\/avatar\/7eee8196fd2fda180806d7b41cd517f274d5ad3b9f65d873feb3ca7e2b3a72d2?s=96&d=mm&r=g","caption":"Antonio Vilela"}}]}},"_links":{"self":[{"href":"https:\/\/latamobility.com\/pt-br\/wp-json\/wp\/v2\/posts\/51389","targetHints":{"allow":["GET"]}}],"collection":[{"href":"https:\/\/latamobility.com\/pt-br\/wp-json\/wp\/v2\/posts"}],"about":[{"href":"https:\/\/latamobility.com\/pt-br\/wp-json\/wp\/v2\/types\/post"}],"author":[{"embeddable":true,"href":"https:\/\/latamobility.com\/pt-br\/wp-json\/wp\/v2\/users\/10"}],"replies":[{"embeddable":true,"href":"https:\/\/latamobility.com\/pt-br\/wp-json\/wp\/v2\/comments?post=51389"}],"version-history":[{"count":1,"href":"https:\/\/latamobility.com\/pt-br\/wp-json\/wp\/v2\/posts\/51389\/revisions"}],"predecessor-version":[{"id":51390,"href":"https:\/\/latamobility.com\/pt-br\/wp-json\/wp\/v2\/posts\/51389\/revisions\/51390"}],"wp:featuredmedia":[{"embeddable":true,"href":"https:\/\/latamobility.com\/pt-br\/wp-json\/wp\/v2\/media\/51369"}],"wp:attachment":[{"href":"https:\/\/latamobility.com\/pt-br\/wp-json\/wp\/v2\/media?parent=51389"}],"wp:term":[{"taxonomy":"category","embeddable":true,"href":"https:\/\/latamobility.com\/pt-br\/wp-json\/wp\/v2\/categories?post=51389"},{"taxonomy":"post_tag","embeddable":true,"href":"https:\/\/latamobility.com\/pt-br\/wp-json\/wp\/v2\/tags?post=51389"}],"curies":[{"name":"wp","href":"https:\/\/api.w.org\/{rel}","templated":true}]}}