{"id":51470,"date":"2025-09-05T05:05:00","date_gmt":"2025-09-05T10:05:00","guid":{"rendered":"https:\/\/latamobility.com\/?p=51470"},"modified":"2025-09-02T15:31:53","modified_gmt":"2025-09-02T20:31:53","slug":"os-setores-publico-privado-e-academico-destacam-a-oportunidade-historica-do-cone-sul-para-liderar-a-transicao-energetica-com-valor-agregado","status":"publish","type":"post","link":"https:\/\/latamobility.com\/pt-br\/os-setores-publico-privado-e-academico-destacam-a-oportunidade-historica-do-cone-sul-para-liderar-a-transicao-energetica-com-valor-agregado\/","title":{"rendered":"Os setores p\u00fablico, privado e acad\u00eamico destacam a oportunidade hist\u00f3rica do Cone Sul para liderar a transi\u00e7\u00e3o energ\u00e9tica com valor agregado"},"content":{"rendered":"\n<p>No painel intitulado \u201c<strong>Transi\u00e7\u00e3o energ\u00e9tica no Cone Sul: hidrog\u00eanio e energias limpas para um futuro sustent\u00e1vel<\/strong>\u201d, representantes importantes dos setores p\u00fablico, privado e de fomento concordaram que a regi\u00e3o possui uma vantagem natural incompar\u00e1vel, mas alertaram que o verdadeiro sucesso depender\u00e1 de sua capacidade de gerar inova\u00e7\u00e3o, desenvolvimento industrial e cadeias produtivas locais, indo al\u00e9m da mera exporta\u00e7\u00e3o de mat\u00e9rias-primas verdes.<\/p>\n\n\n\n<p>O debate, moderado por <strong>Lorenzo Reyes<\/strong>, reitor da Faculdade de Engenharia e Neg\u00f3cios da <strong>Universidade das Am\u00e9ricas<\/strong>, explorou em profundidade os mecanismos para acelerar essa transi\u00e7\u00e3o, abordando desde fontes limpas e novas tecnologias at\u00e9 os instrumentos normativos e de financiamento necess\u00e1rios.<\/p>\n\n\n\n<p><strong>Voc\u00ea tamb\u00e9m pode se interessar por<\/strong> | <strong><a href=\"https:\/\/latamobility.com\/pt-br\/construindo-o-ecossistema-logistico-do-futuro-dhl-evolution-mobility-uber-e-unilever-definem-as-regras-do-jogo-no-cone-sul\/\">Construindo o ecossistema log\u00edstico do futuro: DHL, EVolution Mobility, Uber e Unilever definem as regras do jogo no Cone Sul<\/a><\/strong><\/p>\n\n\n\n<h2 class=\"wp-block-heading\" id=\"h-chile-um-potencial-70-vezes-maior\">Chile: um potencial 70 vezes maior<\/h2>\n\n\n\n<p>A discuss\u00e3o partiu de uma base concreta: a vantagem comparativa esmagadora da regi\u00e3o. <strong>Luis Felipe Ramos<\/strong>, ministro da Energia do Chile, destacou que o pa\u00eds tem um potencial de energias renov\u00e1veis \u201c<strong>70 vezes maior do que a capacidade instalada que temos atualmente<\/strong>\u201d.<\/p>\n\n\n\n<p>Esse potencial, disse ele, \u00e9 a base para atingir a meta de neutralidade de carbono at\u00e9 <strong>2050 <\/strong>e para desenvolver ind\u00fastrias futuras, como o <strong>hidrog\u00eanio verde<\/strong>.<\/p>\n\n\n\n<p>\u201cO <strong>Chile<\/strong>, com o cobre e o hidrog\u00eanio verde, tem uma importante oportunidade de diversificar e sofisticar nossa matriz econ\u00f4mica\u201d, afirmou Ramos, parafraseando o presidente Gabriel Boric.<\/p>\n\n\n\n<p>\u201cN\u00e3o se trata apenas de extrair recursos, <strong>mas de desenvolver uma ind\u00fastria que envolve regulamenta\u00e7\u00e3o, padr\u00f5es, infraestrutura e, crucialmente, demanda interna<\/strong>\u201d, enfatizou o ministro.<\/p>\n\n\n\n<h2 class=\"wp-block-heading\" id=\"h-a-urgencia-de-capturar-valor-local\">A urg\u00eancia de capturar valor local<\/h2>\n\n\n\n<p>Diante desse panorama, o painel abordou o risco de a regi\u00e3o se limitar a ser um exportador de energia limpa sem desenvolver sua capacidade tecnol\u00f3gica e industrial.<\/p>\n\n\n\n<p><strong>Fernando Hentzschel<\/strong>, gerente de Capacidades Tecnol\u00f3gicas da <strong>CORFO<\/strong>, foi enf\u00e1tico: \u201cO risco \u00e9 deixar passar oportunidades\u201d.<\/p>\n\n\n\n<p>Hentzschel ilustrou seu argumento com um exemplo contundente: \u201cPara um parque de 3.000 aerogeradores, estamos falando de 3.000 torres e 9.000 p\u00e1s de mais de 100 metros. <strong>Que sentido faz traz\u00ea-las da Escandin\u00e1via ou da \u00c1sia se poder\u00edamos produzi-las aqui?<\/strong>\u201d.<\/p>\n\n\n\n<p>A <strong>CORFO<\/strong>, explicou ele, j\u00e1 est\u00e1 promovendo licita\u00e7\u00f5es para instalar f\u00e1bricas locais de componentes cr\u00edticos, como torres e\u00f3licas e eletrolisadores, aproveitando a onda de transi\u00e7\u00e3o para \u201c<strong>reindustrializar com capacidade de fabrica\u00e7\u00e3o mais especializada<\/strong>\u201d o <strong>Chile<\/strong>.<\/p>\n\n\n\n<figure class=\"wp-block-gallery has-nested-images columns-default is-cropped wp-block-gallery-1 is-layout-flex wp-block-gallery-is-layout-flex\">\n<figure class=\"wp-block-image size-large\"><img fetchpriority=\"high\" decoding=\"async\" width=\"643\" height=\"1024\" data-id=\"51456\" src=\"https:\/\/latamobility.com\/wp-content\/uploads\/2025\/09\/Panel-9-b-edited-643x1024.jpg\" alt=\"Cono Sur\" class=\"wp-image-51456\" srcset=\"https:\/\/latamobility.com\/wp-content\/uploads\/2025\/09\/Panel-9-b-edited-643x1024.jpg 643w, https:\/\/latamobility.com\/wp-content\/uploads\/2025\/09\/Panel-9-b-edited-188x300.jpg 188w, https:\/\/latamobility.com\/wp-content\/uploads\/2025\/09\/Panel-9-b-edited.jpg 676w\" sizes=\"(max-width: 643px) 100vw, 643px\" \/><figcaption class=\"wp-element-caption\"><strong>Luis Felipe Ramos<\/strong><\/figcaption><\/figure>\n\n\n\n<figure class=\"wp-block-image size-large\"><img decoding=\"async\" width=\"754\" height=\"1024\" data-id=\"51453\" src=\"https:\/\/latamobility.com\/wp-content\/uploads\/2025\/09\/Panel-9-h-754x1024.jpg\" alt=\"Cono Sur\" class=\"wp-image-51453\" srcset=\"https:\/\/latamobility.com\/wp-content\/uploads\/2025\/09\/Panel-9-h-754x1024.jpg 754w, https:\/\/latamobility.com\/wp-content\/uploads\/2025\/09\/Panel-9-h-221x300.jpg 221w, https:\/\/latamobility.com\/wp-content\/uploads\/2025\/09\/Panel-9-h-768x1042.jpg 768w, https:\/\/latamobility.com\/wp-content\/uploads\/2025\/09\/Panel-9-h.jpg 943w\" sizes=\"(max-width: 754px) 100vw, 754px\" \/><figcaption class=\"wp-element-caption\"><strong>Fernando Hentzschel<\/strong><\/figcaption><\/figure>\n<\/figure>\n\n\n\n<h2 class=\"wp-block-heading\" id=\"h-competitividade-e-financiamento-como-motores\">Competitividade e financiamento como motores<\/h2>\n\n\n\n<p>Do ponto de vista das empresas, a transi\u00e7\u00e3o j\u00e1 \u00e9 uma realidade que melhora a competitividade. <strong>Alexander Decock<\/strong>, fundador da <strong>Solcor Chile<\/strong>, compartilhou sua experi\u00eancia: \u201cDesenvolvemos mais de 500 projetos fotovoltaicos. <strong>S\u00e3o 500 empresas chilenas que hoje se beneficiam de energia mais barata<\/strong>, o que torna a ind\u00fastria local diretamente mais competitiva\u201d.<\/p>\n\n\n\n<p>Decock enfatizou que a chave para esse decolagem foi a exist\u00eancia de \u201c<strong>um marco superclaro e est\u00e1vel<\/strong>\u201d que d\u00e1 confian\u00e7a aos investidores para financiar esses projetos.<\/p>\n\n\n\n<p>Por sua vez, <strong>Orlando Meneses<\/strong>, da <strong>Enel X Chile<\/strong>, complementou essa vis\u00e3o, apontando que a eletrifica\u00e7\u00e3o de diversos segmentos, desde o transporte p\u00fablico at\u00e9 a minera\u00e7\u00e3o, est\u00e1 sendo impulsionada porque \u201cera competitiva\u201d.<\/p>\n\n\n\n<p>Meneses destacou o caso de <strong>Copiap\u00f3<\/strong>, que se tornar\u00e1 <strong>a primeira cidade do mundo com transporte p\u00fablico 100% el\u00e9trico<\/strong>, e enfatizou a necessidade de se preparar para os pr\u00f3ximos passos, como a \u201csegunda vida\u201d das baterias dos \u00f4nibus el\u00e9tricos, um desafio que representa uma nova oportunidade de neg\u00f3cios e inova\u00e7\u00e3o local.<\/p>\n\n\n\n<figure class=\"wp-block-gallery has-nested-images columns-default is-cropped wp-block-gallery-2 is-layout-flex wp-block-gallery-is-layout-flex\">\n<figure class=\"wp-block-image size-large\"><img decoding=\"async\" width=\"778\" height=\"977\" data-id=\"51459\" src=\"https:\/\/latamobility.com\/wp-content\/uploads\/2025\/09\/Panel-9-a-edited.jpg\" alt=\"\" class=\"wp-image-51459\" srcset=\"https:\/\/latamobility.com\/wp-content\/uploads\/2025\/09\/Panel-9-a-edited.jpg 778w, https:\/\/latamobility.com\/wp-content\/uploads\/2025\/09\/Panel-9-a-edited-239x300.jpg 239w, https:\/\/latamobility.com\/wp-content\/uploads\/2025\/09\/Panel-9-a-edited-768x964.jpg 768w\" sizes=\"(max-width: 778px) 100vw, 778px\" \/><figcaption class=\"wp-element-caption\"><strong>Alexander Decock<\/strong><\/figcaption><\/figure>\n\n\n\n<figure class=\"wp-block-image size-large\"><img loading=\"lazy\" decoding=\"async\" width=\"683\" height=\"1024\" data-id=\"51462\" src=\"https:\/\/latamobility.com\/wp-content\/uploads\/2025\/09\/Panel-9-c-edited-683x1024.jpg\" alt=\"\" class=\"wp-image-51462\" srcset=\"https:\/\/latamobility.com\/wp-content\/uploads\/2025\/09\/Panel-9-c-edited-683x1024.jpg 683w, https:\/\/latamobility.com\/wp-content\/uploads\/2025\/09\/Panel-9-c-edited-200x300.jpg 200w, https:\/\/latamobility.com\/wp-content\/uploads\/2025\/09\/Panel-9-c-edited.jpg 742w\" sizes=\"(max-width: 683px) 100vw, 683px\" \/><figcaption class=\"wp-element-caption\"><strong>Orlando Meneses<\/strong><\/figcaption><\/figure>\n<\/figure>\n\n\n\n<h2 class=\"wp-block-heading\" id=\"h-a-chave-para-a-continuidade\">A chave para a continuidade<\/h2>\n\n\n\n<p>Um consenso un\u00e2nime entre os palestrantes do painel foi a necessidade de pol\u00edticas estatais consistentes e de longo prazo que transcendam os ciclos governamentais.<\/p>\n\n\n\n<p>O ministro Ramos explicou que o modelo do <strong>Chile <\/strong>se baseia na constru\u00e7\u00e3o de \u201c<strong>acordos amplos entre os setores p\u00fablico, privado e a sociedade civil<\/strong>\u201d para dar certeza ao mundo de que o pa\u00eds cumprir\u00e1 seus objetivos.<\/p>\n\n\n\n<p><strong>Fernando Hentzschel<\/strong>, da <strong>CORFO<\/strong>, corroborou esse ponto: \u201cEssas s\u00e3o pol\u00edticas de Estado, especialmente quando falamos de infraestrutura ou ind\u00fastrias que t\u00eam prazos muito mais longos do que um governo\u201d.<\/p>\n\n\n\n<p>Essa consist\u00eancia, argumentou ele, \u00e9 fundamental para <strong>alinhar os incentivos ao investimento e para abordar antecipadamente os desafios futuros do Cone Sul<\/strong>, como a gest\u00e3o de baterias em desuso.<\/p>\n\n\n\n<h2 class=\"wp-block-heading\" id=\"h-articulacao-e-oportunidades-locais\">Articula\u00e7\u00e3o e oportunidades locais<\/h2>\n\n\n\n<p><strong>Cristina Victoriano<\/strong>, subdiretora executiva da <strong>Ag\u00eancia de Sustentabilidade Energ\u00e9tica<\/strong> (AgenciaSE), apresentou sua vis\u00e3o sobre a implementa\u00e7\u00e3o concreta no territ\u00f3rio.<\/p>\n\n\n\n<p>\u201cNossa voca\u00e7\u00e3o \u00e9 o bom uso da energia\u201d, disse ela, explicando que seu papel \u00e9 articular atores e mobilizar a cria\u00e7\u00e3o de novos mercados.<\/p>\n\n\n\n<p>Victoriano citou o exemplo do programa \u201c<strong>Mi Taxi El\u00e9ctrico<\/strong>\u201d (Meu T\u00e1xi El\u00e9trico), que come\u00e7ou como um piloto complexo e hoje se expande para outras regi\u00f5es.<\/p>\n\n\n\n<p>\u201cEsses programas permitem que se gere todo um ecossistema ao redor: <strong>oficinas, pessoas capacitadas, seguros, cr\u00e9ditos<\/strong>. Isso se constr\u00f3i atrav\u00e9s da materializa\u00e7\u00e3o da pol\u00edtica p\u00fablica\u201d, detalhou. Seu conceito-chave para o sucesso foi a \u201ccolabora\u00e7\u00e3o entre atores\u201d.<\/p>\n\n\n\n<figure class=\"wp-block-gallery has-nested-images columns-default is-cropped wp-block-gallery-3 is-layout-flex wp-block-gallery-is-layout-flex\">\n<figure class=\"wp-block-image size-large\"><img loading=\"lazy\" decoding=\"async\" width=\"714\" height=\"1024\" data-id=\"51465\" src=\"https:\/\/latamobility.com\/wp-content\/uploads\/2025\/09\/Panel-9-d-edited-714x1024.jpg\" alt=\"\" class=\"wp-image-51465\" srcset=\"https:\/\/latamobility.com\/wp-content\/uploads\/2025\/09\/Panel-9-d-edited-714x1024.jpg 714w, https:\/\/latamobility.com\/wp-content\/uploads\/2025\/09\/Panel-9-d-edited-209x300.jpg 209w, https:\/\/latamobility.com\/wp-content\/uploads\/2025\/09\/Panel-9-d-edited.jpg 738w\" sizes=\"(max-width: 714px) 100vw, 714px\" \/><figcaption class=\"wp-element-caption\"><strong>Cristina Victoriano<\/strong><\/figcaption><\/figure>\n\n\n\n<figure class=\"wp-block-image size-large\"><img loading=\"lazy\" decoding=\"async\" width=\"960\" height=\"992\" data-id=\"51468\" src=\"https:\/\/latamobility.com\/wp-content\/uploads\/2025\/09\/Panel-9-e-edited.jpg\" alt=\"\" class=\"wp-image-51468\" srcset=\"https:\/\/latamobility.com\/wp-content\/uploads\/2025\/09\/Panel-9-e-edited.jpg 960w, https:\/\/latamobility.com\/wp-content\/uploads\/2025\/09\/Panel-9-e-edited-290x300.jpg 290w, https:\/\/latamobility.com\/wp-content\/uploads\/2025\/09\/Panel-9-e-edited-768x794.jpg 768w\" sizes=\"(max-width: 960px) 100vw, 960px\" \/><figcaption class=\"wp-element-caption\"><strong>Lorenzo Reyes<\/strong><\/figcaption><\/figure>\n<\/figure>\n\n\n\n<h2 class=\"wp-block-heading\" id=\"h-consistencia-colaboracao-e-visao-de-futuro\">Consist\u00eancia, colabora\u00e7\u00e3o e vis\u00e3o de futuro<\/h2>\n\n\n\n<p>Ao encerrar o painel, os especialistas resumiram em uma palavra cada um o conceito decisivo para que a transi\u00e7\u00e3o seja uma verdadeira oportunidade de desenvolvimento sustent\u00e1vel para o Cone Sul: <strong>Consist\u00eancia <\/strong>(Hentzschel), <strong>Competitividade <\/strong>(Meneses), <strong>Financiamento <\/strong>(Decock), <strong>Pol\u00edticas P\u00fablicas do Estado<\/strong> (Ramos) e <strong>Colabora\u00e7\u00e3o <\/strong>(Victoriano).<\/p>\n\n\n\n<p>O moderador, <strong>Lorenzo Reyes<\/strong>, concluiu sintetizando que o caminho para um futuro sustent\u00e1vel \u201cexige <strong>governan\u00e7a inclusiva, colabora\u00e7\u00e3o p\u00fablico-privada e uma vis\u00e3o de longo prazo<\/strong>\u201d.<\/p>\n\n\n\n<p>O desafio, enfatizou, \u00e9 grande, mas tamb\u00e9m o \u00e9 <strong>a oportunidade hist\u00f3rica de posicionar a regi\u00e3o n\u00e3o apenas como produtora de recursos verdes, mas como l\u00edder global em inova\u00e7\u00e3o e valor agregado dentro da economia descarbonizada do futuro<\/strong>.<\/p>\n\n\n\n<figure class=\"wp-block-image\"><img loading=\"lazy\" decoding=\"async\" width=\"1024\" height=\"576\" src=\"https:\/\/latamobility.com\/wp-content\/uploads\/2025\/07\/Banner-Latam-Mobility-Mexico-2025_logos-twitter-3-1024x576.jpg\" alt=\"Banner Latam Mobility Mexico 2025\" class=\"wp-image-50397\" srcset=\"https:\/\/latamobility.com\/wp-content\/uploads\/2025\/07\/Banner-Latam-Mobility-Mexico-2025_logos-twitter-3-1024x576.jpg 1024w, https:\/\/latamobility.com\/wp-content\/uploads\/2025\/07\/Banner-Latam-Mobility-Mexico-2025_logos-twitter-3-300x169.jpg 300w, https:\/\/latamobility.com\/wp-content\/uploads\/2025\/07\/Banner-Latam-Mobility-Mexico-2025_logos-twitter-3-768x432.jpg 768w, https:\/\/latamobility.com\/wp-content\/uploads\/2025\/07\/Banner-Latam-Mobility-Mexico-2025_logos-twitter-3-1536x864.jpg 1536w, https:\/\/latamobility.com\/wp-content\/uploads\/2025\/07\/Banner-Latam-Mobility-Mexico-2025_logos-twitter-3-2048x1153.jpg 2048w\" sizes=\"(max-width: 1024px) 100vw, 1024px\" \/><\/figure>\n\n\n\n<h2 class=\"wp-block-heading\" id=\"h-o-latam-mobility-mexico-2025-esta-chegando\">O \u201cLatam Mobility M\u00e9xico 2025\u201d est\u00e1 chegando<\/h2>\n\n\n\n<p>O \u201c<strong>Latam Mobility M\u00e9xico 2025<\/strong>\u201d ser\u00e1 o cen\u00e1rio perfeito para conhecer em primeira m\u00e3o os avan\u00e7os, alian\u00e7as e tend\u00eancias que est\u00e3o moldando o futuro do setor.<\/p>\n\n\n\n<p>Fabricantes, autoridades, especialistas e empresas de tecnologia se reunir\u00e3o para trocar experi\u00eancias e acelerar a transi\u00e7\u00e3o para uma mobilidade mais sustent\u00e1vel na Am\u00e9rica Latina, uma oportunidade \u00fanica para o M\u00e9xico mostrar ao mundo seu papel de protagonista na revolu\u00e7\u00e3o automotiva.<\/p>\n\n\n\n<p>Para mais informa\u00e7\u00f5es sobre como participar e as op\u00e7\u00f5es de posicionamento, escreva para <strong><a href=\"mailto:info@investinlatam.org\">info@investinlatam.org<\/a><\/strong>.<\/p>\n\n\n\n<p>Voc\u00ea tamb\u00e9m pode entrar em contato conosco pelo <strong><a href=\"https:\/\/lnkd.in\/eQzTYdNG\">WhatsApp<\/a> <\/strong>ou adquirir seu ingresso na pr\u00e9-venda clicando <strong><a href=\"https:\/\/live.eventtia.com\/es\/latammobilitymexico2025\">aqui<\/a><\/strong>.<\/p>\n\n\n\n<figure class=\"wp-block-image\"><img loading=\"lazy\" decoding=\"async\" width=\"819\" height=\"1024\" src=\"https:\/\/latamobility.com\/wp-content\/uploads\/2025\/08\/LMMEX_Personas-mas-logos-819x1024.jpg\" alt=\"Latam Mobility Mexico 2025\" class=\"wp-image-50505\" srcset=\"https:\/\/latamobility.com\/wp-content\/uploads\/2025\/08\/LMMEX_Personas-mas-logos-819x1024.jpg 819w, https:\/\/latamobility.com\/wp-content\/uploads\/2025\/08\/LMMEX_Personas-mas-logos-240x300.jpg 240w, https:\/\/latamobility.com\/wp-content\/uploads\/2025\/08\/LMMEX_Personas-mas-logos-768x960.jpg 768w, https:\/\/latamobility.com\/wp-content\/uploads\/2025\/08\/LMMEX_Personas-mas-logos.jpg 1080w\" sizes=\"(max-width: 819px) 100vw, 819px\" \/><\/figure>\n\n\n\n<p><br><\/p>\n","protected":false},"excerpt":{"rendered":"<p>No painel intitulado \u201cTransi\u00e7\u00e3o energ\u00e9tica no Cone Sul: hidrog\u00eanio e energias limpas para um futuro sustent\u00e1vel\u201d, representantes importantes dos setores p\u00fablico, privado e de fomento concordaram que a regi\u00e3o possui uma vantagem natural incompar\u00e1vel, mas alertaram que o verdadeiro sucesso depender\u00e1 de sua capacidade de gerar inova\u00e7\u00e3o, desenvolvimento industrial e cadeias produtivas locais, indo al\u00e9m&#8230;<\/p>\n","protected":false},"author":10,"featured_media":51450,"comment_status":"open","ping_status":"closed","sticky":false,"template":"","format":"standard","meta":{"_kad_post_transparent":"","_kad_post_title":"","_kad_post_layout":"","_kad_post_sidebar_id":"","_kad_post_content_style":"","_kad_post_vertical_padding":"","_kad_post_feature":"","_kad_post_feature_position":"","_kad_post_header":false,"_kad_post_footer":false,"_kad_post_classname":"","footnotes":""},"categories":[2972],"tags":[3326,3327],"class_list":["post-51470","post","type-post","status-publish","format-standard","has-post-thumbnail","hentry","category-encuentros-movilidad-sostenible-pt-br","tag-chile-pt-br","tag-latam-mobility-cono-sur-2025-pt-br"],"yoast_head":"<!-- This site is optimized with the Yoast SEO Premium plugin v22.7 (Yoast SEO v27.4) - https:\/\/yoast.com\/product\/yoast-seo-premium-wordpress\/ -->\n<title>Os setores p\u00fablico, privado e acad\u00eamico destacam a oportunidade hist\u00f3rica do Cone Sul para liderar a transi\u00e7\u00e3o energ\u00e9tica com valor agregado - Latam Mobility<\/title>\n<meta name=\"description\" content=\"No painel intitulado \u201cTransi\u00e7\u00e3o energ\u00e9tica no Cone Sul: hidrog\u00eanio e energias limpas para um futuro sustent\u00e1vel\u201d, representantes importantes dos setores\" \/>\n<meta name=\"robots\" content=\"index, follow, max-snippet:-1, max-image-preview:large, max-video-preview:-1\" \/>\n<link rel=\"canonical\" href=\"https:\/\/latamobility.com\/sectores-publico-privado-y-la-academia-subrayan-la-oportunidad-historica-del-cono-sur-para-liderar-la-transicion-energetica-con-valor-agregado\/\" \/>\n<meta property=\"og:locale\" content=\"pt_BR\" \/>\n<meta property=\"og:type\" content=\"article\" \/>\n<meta property=\"og:title\" content=\"Os setores p\u00fablico, privado e acad\u00eamico destacam a oportunidade hist\u00f3rica do Cone Sul para liderar a transi\u00e7\u00e3o energ\u00e9tica com valor agregado\" \/>\n<meta property=\"og:description\" content=\"No painel intitulado \u201cTransi\u00e7\u00e3o energ\u00e9tica no Cone Sul: hidrog\u00eanio e energias limpas para um futuro sustent\u00e1vel\u201d, representantes importantes dos setores\" \/>\n<meta property=\"og:url\" content=\"https:\/\/latamobility.com\/sectores-publico-privado-y-la-academia-subrayan-la-oportunidad-historica-del-cono-sur-para-liderar-la-transicion-energetica-con-valor-agregado\/\" \/>\n<meta property=\"og:site_name\" content=\"Latam Mobility\" \/>\n<meta property=\"article:publisher\" content=\"https:\/\/www.facebook.com\/latamobility\/\" \/>\n<meta property=\"article:published_time\" content=\"2025-09-05T10:05:00+00:00\" \/>\n<meta property=\"og:image\" content=\"https:\/\/latamobility.com\/wp-content\/uploads\/2025\/09\/Panel-9-g.jpg\" \/>\n\t<meta property=\"og:image:width\" content=\"1280\" \/>\n\t<meta property=\"og:image:height\" content=\"854\" \/>\n\t<meta property=\"og:image:type\" content=\"image\/jpeg\" \/>\n<meta name=\"author\" content=\"Antonio Vilela\" \/>\n<meta name=\"twitter:card\" content=\"summary_large_image\" \/>\n<meta name=\"twitter:creator\" content=\"@LataMobility\" \/>\n<meta name=\"twitter:site\" content=\"@LataMobility\" \/>\n<meta name=\"twitter:label1\" content=\"Escrito por\" \/>\n\t<meta name=\"twitter:data1\" content=\"Antonio Vilela\" \/>\n\t<meta name=\"twitter:label2\" content=\"Est. tempo de leitura\" \/>\n\t<meta name=\"twitter:data2\" content=\"6 minutos\" \/>\n<script type=\"application\/ld+json\" class=\"yoast-schema-graph\">{\"@context\":\"https:\\\/\\\/schema.org\",\"@graph\":[{\"@type\":\"NewsArticle\",\"@id\":\"https:\\\/\\\/latamobility.com\\\/sectores-publico-privado-y-la-academia-subrayan-la-oportunidad-historica-del-cono-sur-para-liderar-la-transicion-energetica-con-valor-agregado\\\/#article\",\"isPartOf\":{\"@id\":\"https:\\\/\\\/latamobility.com\\\/sectores-publico-privado-y-la-academia-subrayan-la-oportunidad-historica-del-cono-sur-para-liderar-la-transicion-energetica-con-valor-agregado\\\/\"},\"author\":{\"name\":\"Antonio Vilela\",\"@id\":\"https:\\\/\\\/latamobility.com\\\/#\\\/schema\\\/person\\\/fda092a2de1f87d347784282908bad1a\"},\"headline\":\"Os setores p\u00fablico, privado e acad\u00eamico destacam a oportunidade hist\u00f3rica do Cone Sul para liderar a transi\u00e7\u00e3o energ\u00e9tica com valor agregado\",\"datePublished\":\"2025-09-05T10:05:00+00:00\",\"mainEntityOfPage\":{\"@id\":\"https:\\\/\\\/latamobility.com\\\/sectores-publico-privado-y-la-academia-subrayan-la-oportunidad-historica-del-cono-sur-para-liderar-la-transicion-energetica-con-valor-agregado\\\/\"},\"wordCount\":1143,\"commentCount\":0,\"publisher\":{\"@id\":\"https:\\\/\\\/latamobility.com\\\/#organization\"},\"image\":{\"@id\":\"https:\\\/\\\/latamobility.com\\\/sectores-publico-privado-y-la-academia-subrayan-la-oportunidad-historica-del-cono-sur-para-liderar-la-transicion-energetica-con-valor-agregado\\\/#primaryimage\"},\"thumbnailUrl\":\"https:\\\/\\\/latamobility.com\\\/wp-content\\\/uploads\\\/2025\\\/09\\\/Panel-9-g.jpg\",\"keywords\":[\"Chile\",\"Latam Mobility Cono Sur 2025\"],\"articleSection\":[\"Encuentros\"],\"inLanguage\":\"pt-BR\",\"potentialAction\":[{\"@type\":\"CommentAction\",\"name\":\"Comment\",\"target\":[\"https:\\\/\\\/latamobility.com\\\/sectores-publico-privado-y-la-academia-subrayan-la-oportunidad-historica-del-cono-sur-para-liderar-la-transicion-energetica-con-valor-agregado\\\/#respond\"]}]},{\"@type\":\"WebPage\",\"@id\":\"https:\\\/\\\/latamobility.com\\\/sectores-publico-privado-y-la-academia-subrayan-la-oportunidad-historica-del-cono-sur-para-liderar-la-transicion-energetica-con-valor-agregado\\\/\",\"url\":\"https:\\\/\\\/latamobility.com\\\/sectores-publico-privado-y-la-academia-subrayan-la-oportunidad-historica-del-cono-sur-para-liderar-la-transicion-energetica-con-valor-agregado\\\/\",\"name\":\"Os setores p\u00fablico, privado e acad\u00eamico destacam a oportunidade hist\u00f3rica do Cone Sul para liderar a transi\u00e7\u00e3o energ\u00e9tica com valor agregado - Latam Mobility\",\"isPartOf\":{\"@id\":\"https:\\\/\\\/latamobility.com\\\/#website\"},\"primaryImageOfPage\":{\"@id\":\"https:\\\/\\\/latamobility.com\\\/sectores-publico-privado-y-la-academia-subrayan-la-oportunidad-historica-del-cono-sur-para-liderar-la-transicion-energetica-con-valor-agregado\\\/#primaryimage\"},\"image\":{\"@id\":\"https:\\\/\\\/latamobility.com\\\/sectores-publico-privado-y-la-academia-subrayan-la-oportunidad-historica-del-cono-sur-para-liderar-la-transicion-energetica-con-valor-agregado\\\/#primaryimage\"},\"thumbnailUrl\":\"https:\\\/\\\/latamobility.com\\\/wp-content\\\/uploads\\\/2025\\\/09\\\/Panel-9-g.jpg\",\"datePublished\":\"2025-09-05T10:05:00+00:00\",\"description\":\"No painel intitulado \u201cTransi\u00e7\u00e3o energ\u00e9tica no Cone Sul: hidrog\u00eanio e energias limpas para um futuro sustent\u00e1vel\u201d, representantes importantes dos setores\",\"breadcrumb\":{\"@id\":\"https:\\\/\\\/latamobility.com\\\/sectores-publico-privado-y-la-academia-subrayan-la-oportunidad-historica-del-cono-sur-para-liderar-la-transicion-energetica-con-valor-agregado\\\/#breadcrumb\"},\"inLanguage\":\"pt-BR\",\"potentialAction\":[{\"@type\":\"ReadAction\",\"target\":[\"https:\\\/\\\/latamobility.com\\\/sectores-publico-privado-y-la-academia-subrayan-la-oportunidad-historica-del-cono-sur-para-liderar-la-transicion-energetica-con-valor-agregado\\\/\"]}]},{\"@type\":\"ImageObject\",\"inLanguage\":\"pt-BR\",\"@id\":\"https:\\\/\\\/latamobility.com\\\/sectores-publico-privado-y-la-academia-subrayan-la-oportunidad-historica-del-cono-sur-para-liderar-la-transicion-energetica-con-valor-agregado\\\/#primaryimage\",\"url\":\"https:\\\/\\\/latamobility.com\\\/wp-content\\\/uploads\\\/2025\\\/09\\\/Panel-9-g.jpg\",\"contentUrl\":\"https:\\\/\\\/latamobility.com\\\/wp-content\\\/uploads\\\/2025\\\/09\\\/Panel-9-g.jpg\",\"width\":1280,\"height\":854,\"caption\":\"Latam Mobility Cono Sur 2025\"},{\"@type\":\"BreadcrumbList\",\"@id\":\"https:\\\/\\\/latamobility.com\\\/sectores-publico-privado-y-la-academia-subrayan-la-oportunidad-historica-del-cono-sur-para-liderar-la-transicion-energetica-con-valor-agregado\\\/#breadcrumb\",\"itemListElement\":[{\"@type\":\"ListItem\",\"position\":1,\"name\":\"Portada\",\"item\":\"https:\\\/\\\/latamobility.com\\\/pt-br\\\/\"},{\"@type\":\"ListItem\",\"position\":2,\"name\":\"Os setores p\u00fablico, privado e acad\u00eamico destacam a oportunidade hist\u00f3rica do Cone Sul para liderar a transi\u00e7\u00e3o energ\u00e9tica com valor agregado\"}]},{\"@type\":\"WebSite\",\"@id\":\"https:\\\/\\\/latamobility.com\\\/#website\",\"url\":\"https:\\\/\\\/latamobility.com\\\/\",\"name\":\"Latam Mobility\",\"description\":\"Serie de Eventos para promover la Movilidad y Transporte sostenible en Latinoam\u00e9rica\",\"publisher\":{\"@id\":\"https:\\\/\\\/latamobility.com\\\/#organization\"},\"potentialAction\":[{\"@type\":\"SearchAction\",\"target\":{\"@type\":\"EntryPoint\",\"urlTemplate\":\"https:\\\/\\\/latamobility.com\\\/?s={search_term_string}\"},\"query-input\":{\"@type\":\"PropertyValueSpecification\",\"valueRequired\":true,\"valueName\":\"search_term_string\"}}],\"inLanguage\":\"pt-BR\"},{\"@type\":\"Organization\",\"@id\":\"https:\\\/\\\/latamobility.com\\\/#organization\",\"name\":\"LATAM MOBILITY\",\"url\":\"https:\\\/\\\/latamobility.com\\\/\",\"logo\":{\"@type\":\"ImageObject\",\"inLanguage\":\"pt-BR\",\"@id\":\"https:\\\/\\\/latamobility.com\\\/#\\\/schema\\\/logo\\\/image\\\/\",\"url\":\"https:\\\/\\\/latamobility.com\\\/wp-content\\\/uploads\\\/2025\\\/01\\\/logos-LM-LG-2025-10.png\",\"contentUrl\":\"https:\\\/\\\/latamobility.com\\\/wp-content\\\/uploads\\\/2025\\\/01\\\/logos-LM-LG-2025-10.png\",\"width\":1080,\"height\":1080,\"caption\":\"LATAM MOBILITY\"},\"image\":{\"@id\":\"https:\\\/\\\/latamobility.com\\\/#\\\/schema\\\/logo\\\/image\\\/\"},\"sameAs\":[\"https:\\\/\\\/www.facebook.com\\\/latamobility\\\/\",\"https:\\\/\\\/x.com\\\/LataMobility\",\"https:\\\/\\\/www.instagram.com\\\/latamobility\\\/\",\"https:\\\/\\\/www.linkedin.com\\\/company\\\/latamobility\\\/\",\"https:\\\/\\\/www.youtube.com\\\/channel\\\/UCtcslRCRY0vITWaOQ1X0XUA\"]},{\"@type\":\"Person\",\"@id\":\"https:\\\/\\\/latamobility.com\\\/#\\\/schema\\\/person\\\/fda092a2de1f87d347784282908bad1a\",\"name\":\"Antonio Vilela\",\"image\":{\"@type\":\"ImageObject\",\"inLanguage\":\"pt-BR\",\"@id\":\"https:\\\/\\\/secure.gravatar.com\\\/avatar\\\/7eee8196fd2fda180806d7b41cd517f274d5ad3b9f65d873feb3ca7e2b3a72d2?s=96&d=mm&r=g\",\"url\":\"https:\\\/\\\/secure.gravatar.com\\\/avatar\\\/7eee8196fd2fda180806d7b41cd517f274d5ad3b9f65d873feb3ca7e2b3a72d2?s=96&d=mm&r=g\",\"contentUrl\":\"https:\\\/\\\/secure.gravatar.com\\\/avatar\\\/7eee8196fd2fda180806d7b41cd517f274d5ad3b9f65d873feb3ca7e2b3a72d2?s=96&d=mm&r=g\",\"caption\":\"Antonio Vilela\"}}]}<\/script>\n<!-- \/ Yoast SEO Premium plugin. -->","yoast_head_json":{"title":"Os setores p\u00fablico, privado e acad\u00eamico destacam a oportunidade hist\u00f3rica do Cone Sul para liderar a transi\u00e7\u00e3o energ\u00e9tica com valor agregado - Latam Mobility","description":"No painel intitulado \u201cTransi\u00e7\u00e3o energ\u00e9tica no Cone Sul: hidrog\u00eanio e energias limpas para um futuro sustent\u00e1vel\u201d, representantes importantes dos setores","robots":{"index":"index","follow":"follow","max-snippet":"max-snippet:-1","max-image-preview":"max-image-preview:large","max-video-preview":"max-video-preview:-1"},"canonical":"https:\/\/latamobility.com\/sectores-publico-privado-y-la-academia-subrayan-la-oportunidad-historica-del-cono-sur-para-liderar-la-transicion-energetica-con-valor-agregado\/","og_locale":"pt_BR","og_type":"article","og_title":"Os setores p\u00fablico, privado e acad\u00eamico destacam a oportunidade hist\u00f3rica do Cone Sul para liderar a transi\u00e7\u00e3o energ\u00e9tica com valor agregado","og_description":"No painel intitulado \u201cTransi\u00e7\u00e3o energ\u00e9tica no Cone Sul: hidrog\u00eanio e energias limpas para um futuro sustent\u00e1vel\u201d, representantes importantes dos setores","og_url":"https:\/\/latamobility.com\/sectores-publico-privado-y-la-academia-subrayan-la-oportunidad-historica-del-cono-sur-para-liderar-la-transicion-energetica-con-valor-agregado\/","og_site_name":"Latam Mobility","article_publisher":"https:\/\/www.facebook.com\/latamobility\/","article_published_time":"2025-09-05T10:05:00+00:00","og_image":[{"width":1280,"height":854,"url":"https:\/\/latamobility.com\/wp-content\/uploads\/2025\/09\/Panel-9-g.jpg","type":"image\/jpeg"}],"author":"Antonio Vilela","twitter_card":"summary_large_image","twitter_creator":"@LataMobility","twitter_site":"@LataMobility","twitter_misc":{"Escrito por":"Antonio Vilela","Est. tempo de leitura":"6 minutos"},"schema":{"@context":"https:\/\/schema.org","@graph":[{"@type":"NewsArticle","@id":"https:\/\/latamobility.com\/sectores-publico-privado-y-la-academia-subrayan-la-oportunidad-historica-del-cono-sur-para-liderar-la-transicion-energetica-con-valor-agregado\/#article","isPartOf":{"@id":"https:\/\/latamobility.com\/sectores-publico-privado-y-la-academia-subrayan-la-oportunidad-historica-del-cono-sur-para-liderar-la-transicion-energetica-con-valor-agregado\/"},"author":{"name":"Antonio Vilela","@id":"https:\/\/latamobility.com\/#\/schema\/person\/fda092a2de1f87d347784282908bad1a"},"headline":"Os setores p\u00fablico, privado e acad\u00eamico destacam a oportunidade hist\u00f3rica do Cone Sul para liderar a transi\u00e7\u00e3o energ\u00e9tica com valor agregado","datePublished":"2025-09-05T10:05:00+00:00","mainEntityOfPage":{"@id":"https:\/\/latamobility.com\/sectores-publico-privado-y-la-academia-subrayan-la-oportunidad-historica-del-cono-sur-para-liderar-la-transicion-energetica-con-valor-agregado\/"},"wordCount":1143,"commentCount":0,"publisher":{"@id":"https:\/\/latamobility.com\/#organization"},"image":{"@id":"https:\/\/latamobility.com\/sectores-publico-privado-y-la-academia-subrayan-la-oportunidad-historica-del-cono-sur-para-liderar-la-transicion-energetica-con-valor-agregado\/#primaryimage"},"thumbnailUrl":"https:\/\/latamobility.com\/wp-content\/uploads\/2025\/09\/Panel-9-g.jpg","keywords":["Chile","Latam Mobility Cono Sur 2025"],"articleSection":["Encuentros"],"inLanguage":"pt-BR","potentialAction":[{"@type":"CommentAction","name":"Comment","target":["https:\/\/latamobility.com\/sectores-publico-privado-y-la-academia-subrayan-la-oportunidad-historica-del-cono-sur-para-liderar-la-transicion-energetica-con-valor-agregado\/#respond"]}]},{"@type":"WebPage","@id":"https:\/\/latamobility.com\/sectores-publico-privado-y-la-academia-subrayan-la-oportunidad-historica-del-cono-sur-para-liderar-la-transicion-energetica-con-valor-agregado\/","url":"https:\/\/latamobility.com\/sectores-publico-privado-y-la-academia-subrayan-la-oportunidad-historica-del-cono-sur-para-liderar-la-transicion-energetica-con-valor-agregado\/","name":"Os setores p\u00fablico, privado e acad\u00eamico destacam a oportunidade hist\u00f3rica do Cone Sul para liderar a transi\u00e7\u00e3o energ\u00e9tica com valor agregado - Latam Mobility","isPartOf":{"@id":"https:\/\/latamobility.com\/#website"},"primaryImageOfPage":{"@id":"https:\/\/latamobility.com\/sectores-publico-privado-y-la-academia-subrayan-la-oportunidad-historica-del-cono-sur-para-liderar-la-transicion-energetica-con-valor-agregado\/#primaryimage"},"image":{"@id":"https:\/\/latamobility.com\/sectores-publico-privado-y-la-academia-subrayan-la-oportunidad-historica-del-cono-sur-para-liderar-la-transicion-energetica-con-valor-agregado\/#primaryimage"},"thumbnailUrl":"https:\/\/latamobility.com\/wp-content\/uploads\/2025\/09\/Panel-9-g.jpg","datePublished":"2025-09-05T10:05:00+00:00","description":"No painel intitulado \u201cTransi\u00e7\u00e3o energ\u00e9tica no Cone Sul: hidrog\u00eanio e energias limpas para um futuro sustent\u00e1vel\u201d, representantes importantes dos setores","breadcrumb":{"@id":"https:\/\/latamobility.com\/sectores-publico-privado-y-la-academia-subrayan-la-oportunidad-historica-del-cono-sur-para-liderar-la-transicion-energetica-con-valor-agregado\/#breadcrumb"},"inLanguage":"pt-BR","potentialAction":[{"@type":"ReadAction","target":["https:\/\/latamobility.com\/sectores-publico-privado-y-la-academia-subrayan-la-oportunidad-historica-del-cono-sur-para-liderar-la-transicion-energetica-con-valor-agregado\/"]}]},{"@type":"ImageObject","inLanguage":"pt-BR","@id":"https:\/\/latamobility.com\/sectores-publico-privado-y-la-academia-subrayan-la-oportunidad-historica-del-cono-sur-para-liderar-la-transicion-energetica-con-valor-agregado\/#primaryimage","url":"https:\/\/latamobility.com\/wp-content\/uploads\/2025\/09\/Panel-9-g.jpg","contentUrl":"https:\/\/latamobility.com\/wp-content\/uploads\/2025\/09\/Panel-9-g.jpg","width":1280,"height":854,"caption":"Latam Mobility Cono Sur 2025"},{"@type":"BreadcrumbList","@id":"https:\/\/latamobility.com\/sectores-publico-privado-y-la-academia-subrayan-la-oportunidad-historica-del-cono-sur-para-liderar-la-transicion-energetica-con-valor-agregado\/#breadcrumb","itemListElement":[{"@type":"ListItem","position":1,"name":"Portada","item":"https:\/\/latamobility.com\/pt-br\/"},{"@type":"ListItem","position":2,"name":"Os setores p\u00fablico, privado e acad\u00eamico destacam a oportunidade hist\u00f3rica do Cone Sul para liderar a transi\u00e7\u00e3o energ\u00e9tica com valor agregado"}]},{"@type":"WebSite","@id":"https:\/\/latamobility.com\/#website","url":"https:\/\/latamobility.com\/","name":"Latam Mobility","description":"Serie de Eventos para promover la Movilidad y Transporte sostenible en Latinoam\u00e9rica","publisher":{"@id":"https:\/\/latamobility.com\/#organization"},"potentialAction":[{"@type":"SearchAction","target":{"@type":"EntryPoint","urlTemplate":"https:\/\/latamobility.com\/?s={search_term_string}"},"query-input":{"@type":"PropertyValueSpecification","valueRequired":true,"valueName":"search_term_string"}}],"inLanguage":"pt-BR"},{"@type":"Organization","@id":"https:\/\/latamobility.com\/#organization","name":"LATAM MOBILITY","url":"https:\/\/latamobility.com\/","logo":{"@type":"ImageObject","inLanguage":"pt-BR","@id":"https:\/\/latamobility.com\/#\/schema\/logo\/image\/","url":"https:\/\/latamobility.com\/wp-content\/uploads\/2025\/01\/logos-LM-LG-2025-10.png","contentUrl":"https:\/\/latamobility.com\/wp-content\/uploads\/2025\/01\/logos-LM-LG-2025-10.png","width":1080,"height":1080,"caption":"LATAM MOBILITY"},"image":{"@id":"https:\/\/latamobility.com\/#\/schema\/logo\/image\/"},"sameAs":["https:\/\/www.facebook.com\/latamobility\/","https:\/\/x.com\/LataMobility","https:\/\/www.instagram.com\/latamobility\/","https:\/\/www.linkedin.com\/company\/latamobility\/","https:\/\/www.youtube.com\/channel\/UCtcslRCRY0vITWaOQ1X0XUA"]},{"@type":"Person","@id":"https:\/\/latamobility.com\/#\/schema\/person\/fda092a2de1f87d347784282908bad1a","name":"Antonio Vilela","image":{"@type":"ImageObject","inLanguage":"pt-BR","@id":"https:\/\/secure.gravatar.com\/avatar\/7eee8196fd2fda180806d7b41cd517f274d5ad3b9f65d873feb3ca7e2b3a72d2?s=96&d=mm&r=g","url":"https:\/\/secure.gravatar.com\/avatar\/7eee8196fd2fda180806d7b41cd517f274d5ad3b9f65d873feb3ca7e2b3a72d2?s=96&d=mm&r=g","contentUrl":"https:\/\/secure.gravatar.com\/avatar\/7eee8196fd2fda180806d7b41cd517f274d5ad3b9f65d873feb3ca7e2b3a72d2?s=96&d=mm&r=g","caption":"Antonio Vilela"}}]}},"_links":{"self":[{"href":"https:\/\/latamobility.com\/pt-br\/wp-json\/wp\/v2\/posts\/51470","targetHints":{"allow":["GET"]}}],"collection":[{"href":"https:\/\/latamobility.com\/pt-br\/wp-json\/wp\/v2\/posts"}],"about":[{"href":"https:\/\/latamobility.com\/pt-br\/wp-json\/wp\/v2\/types\/post"}],"author":[{"embeddable":true,"href":"https:\/\/latamobility.com\/pt-br\/wp-json\/wp\/v2\/users\/10"}],"replies":[{"embeddable":true,"href":"https:\/\/latamobility.com\/pt-br\/wp-json\/wp\/v2\/comments?post=51470"}],"version-history":[{"count":1,"href":"https:\/\/latamobility.com\/pt-br\/wp-json\/wp\/v2\/posts\/51470\/revisions"}],"predecessor-version":[{"id":51471,"href":"https:\/\/latamobility.com\/pt-br\/wp-json\/wp\/v2\/posts\/51470\/revisions\/51471"}],"wp:featuredmedia":[{"embeddable":true,"href":"https:\/\/latamobility.com\/pt-br\/wp-json\/wp\/v2\/media\/51450"}],"wp:attachment":[{"href":"https:\/\/latamobility.com\/pt-br\/wp-json\/wp\/v2\/media?parent=51470"}],"wp:term":[{"taxonomy":"category","embeddable":true,"href":"https:\/\/latamobility.com\/pt-br\/wp-json\/wp\/v2\/categories?post=51470"},{"taxonomy":"post_tag","embeddable":true,"href":"https:\/\/latamobility.com\/pt-br\/wp-json\/wp\/v2\/tags?post=51470"}],"curies":[{"name":"wp","href":"https:\/\/api.w.org\/{rel}","templated":true}]}}