{"id":51640,"date":"2025-09-09T05:00:00","date_gmt":"2025-09-09T10:00:00","guid":{"rendered":"https:\/\/latamobility.com\/?p=51640"},"modified":"2025-09-05T11:09:13","modified_gmt":"2025-09-05T16:09:13","slug":"infraestrutura-e-financiamento-os-grandes-desafios-para-as-frotas-eletricas-no-mexico-segundo-lideres-do-setor","status":"publish","type":"post","link":"https:\/\/latamobility.com\/pt-br\/infraestrutura-e-financiamento-os-grandes-desafios-para-as-frotas-eletricas-no-mexico-segundo-lideres-do-setor\/","title":{"rendered":"Infraestrutura e financiamento: os grandes desafios para as frotas el\u00e9tricas no M\u00e9xico, segundo l\u00edderes do setor"},"content":{"rendered":"\n<p>O caminho para a eletrifica\u00e7\u00e3o das frotas de transporte no <strong>M\u00e9xico <\/strong>avan\u00e7a a passos firmes, mas enfrenta desafios cruciais, como <strong>a adapta\u00e7\u00e3o das opera\u00e7\u00f5es, o desenvolvimento da infraestrutura e a cria\u00e7\u00e3o de esquemas financeiros inovadores<\/strong>.<\/p>\n\n\n\n<p>Essa foi uma das principais conclus\u00f5es do terceiro painel do webinar \u201c<strong>Frotas do futuro para l\u00edderes do transporte<\/strong>\u201d, que reuniu vozes autorizadas do setor e serviu como prel\u00fadio para o grande encontro \u201c<strong><a href=\"https:\/\/live.eventtia.com\/es\/latammobilitymexico2025\">Latam Mobility M\u00e9xico 2025<\/a><\/strong>\u201d, que ser\u00e1 realizado nos pr\u00f3ximos dias <strong>13 e 14 de outubro na capital asteca<\/strong>.<\/p>\n\n\n\n<p>O painel, moderado por <strong>Kathy Hernandez<\/strong>, gerente comercial da <strong>Invest in Latam<\/strong>, contou com as participa\u00e7\u00f5es de<strong> Julio Hern\u00e1ndez<\/strong>, diretor do <strong>Grupo Marva<\/strong>; <strong>Anel Hern\u00e1ndez Serrano<\/strong>, diretora de opera\u00e7\u00f5es do <strong>Grupo Marva<\/strong>; e <strong>Lucas Madrid Barbotto<\/strong>, gerente de desenvolvimento de neg\u00f3cios EV&#8217;s Latam da <strong> <\/strong>.<\/p>\n\n\n\n<h2 class=\"wp-block-heading\" id=\"h-entre-o-otimismo-e-a-realidade-operacional\">Entre o otimismo e a realidade operacional<\/h2>\n\n\n\n<p>O debate come\u00e7ou com um diagn\u00f3stico da oferta atual de ve\u00edculos el\u00e9tricos no <strong>M\u00e9xico<\/strong>. Os especialistas concordaram que, embora exista uma percep\u00e7\u00e3o de grande variedade de marcas e modelos, <strong>a realidade operacional para os frotistas continua apresentando limita\u00e7\u00f5es<\/strong>.<\/p>\n\n\n\n<p><strong>Anel Hern\u00e1ndez<\/strong> apontou que, apesar do crescimento, a oferta ainda n\u00e3o cobre toda a demanda em todos os segmentos, <strong>especialmente no transporte pesado<\/strong>, e que a infraestrutura de carregamento continua sendo uma barreira significativa.<\/p>\n\n\n\n<p><strong>Lucas Madrid<\/strong> complementou essa vis\u00e3o com dados contundentes: \u201cApenas <strong>0,3% das vendas <\/strong>de caminh\u00f5es pesados no ano passado foram el\u00e9tricas.<strong> 97,2% continuaram sendo a combust\u00e3o<\/strong>. H\u00e1 uma oportunidade gigantesca, mas tamb\u00e9m um enorme desafio\u201d.<\/p>\n\n\n\n<p><strong>Julio Hern\u00e1ndez<\/strong> acrescentou uma camada crucial \u00e0 an\u00e1lise: o erro de tentar transferir diretamente um modelo de opera\u00e7\u00e3o a combust\u00e3o para um el\u00e9trico. \u201cS\u00e3o duas coisas muito diferentes. <strong>O principal desafio \u00e9 a compreens\u00e3o e a redefini\u00e7\u00e3o dos processos log\u00edsticos<\/strong>\u201d, afirmou.<\/p>\n\n\n\n<p>Ele destacou que o <strong>Grupo Marva<\/strong> j\u00e1 opera <strong>108 caminh\u00f5es el\u00e9tricos classe 8<\/strong>, um marco no pa\u00eds, o que lhes permitiu aprender sobre a reengenharia necess\u00e1ria, incluindo o uso de v\u00e1rios operadores por unidade para maximizar a operacionalidade.<\/p>\n\n\n\n<h2 class=\"wp-block-heading\" id=\"h-a-ultima-milha-assume-a-lideranca\">A \u00faltima milha assume a lideran\u00e7a<\/h2>\n\n\n\n<p>Ao analisar quais segmentos apresentam maior ado\u00e7\u00e3o, os participantes do painel foram un\u00e2nimes: <strong>as vans e os ve\u00edculos leves <\/strong>(light duty) <strong>levam vantagem<\/strong>.<\/p>\n\n\n\n<p><strong>Lucas Madrid<\/strong> explicou que isso se deve a uma equa\u00e7\u00e3o financeira mais atraente. \u201cO Capex inicial, embora superior, \u00e9 mais gerenci\u00e1vel do que em ve\u00edculos pesados, e a solu\u00e7\u00e3o de carga requer um investimento menor. O <strong>TCO <\/strong>(custo total de propriedade) permite atingir <strong>o ponto de equil\u00edbrio em um prazo de 4 a 5 anos<\/strong>, gra\u00e7as \u00e0 economia em combust\u00edvel e manuten\u00e7\u00e3o\u201d.<\/p>\n\n\n\n<p><strong>Anel Hern\u00e1ndez<\/strong> relacionou esse boom diretamente com a explos\u00e3o do e-commerce p\u00f3s-pandemia. \u201c<strong>36% das vendas globais de ve\u00edculos el\u00e9tricos s\u00e3o vans<\/strong>. Suas rotas s\u00e3o mais simples, exigem menos autonomia e sua carga \u00e9 mais r\u00e1pida, o que as torna ideais para a log\u00edstica urbana\u201d, precisou.<\/p>\n\n\n\n<figure class=\"wp-block-image size-large\"><img fetchpriority=\"high\" decoding=\"async\" width=\"1024\" height=\"579\" src=\"https:\/\/latamobility.com\/wp-content\/uploads\/2025\/09\/Panel-3b-1024x579.jpg\" alt=\"\" class=\"wp-image-51631\" srcset=\"https:\/\/latamobility.com\/wp-content\/uploads\/2025\/09\/Panel-3b-1024x579.jpg 1024w, https:\/\/latamobility.com\/wp-content\/uploads\/2025\/09\/Panel-3b-300x170.jpg 300w, https:\/\/latamobility.com\/wp-content\/uploads\/2025\/09\/Panel-3b-768x434.jpg 768w, https:\/\/latamobility.com\/wp-content\/uploads\/2025\/09\/Panel-3b.jpg 1211w\" sizes=\"(max-width: 1024px) 100vw, 1024px\" \/><\/figure>\n\n\n\n<h2 class=\"wp-block-heading\" id=\"h-alem-do-preco\">Al\u00e9m do pre\u00e7o<\/h2>\n\n\n\n<p>O que leva um operador a escolher um ve\u00edculo el\u00e9trico em vez de um a combust\u00e3o? Os participantes do painel enumeraram v\u00e1rios fatores-chave que v\u00e3o al\u00e9m do pre\u00e7o de compra inicial.<\/p>\n\n\n\n<p><strong>Lucas Madrid<\/strong> destacou a import\u00e2ncia de uma an\u00e1lise minuciosa da opera\u00e7\u00e3o:<strong> dist\u00e2ncia, topografia, peso e janelas de carga<\/strong>. \u201cO valor residual do ve\u00edculo \u00e9 uma vari\u00e1vel frequentemente subestimada. J\u00e1 vi unidades com 5 anos e a bateria ainda<strong> acima de 90% de sua sa\u00fade<\/strong>, o que prolonga sua vida \u00fatil e melhora o retorno sobre o investimento\u201d.<\/p>\n\n\n\n<p><strong>Anel Hern\u00e1ndez<\/strong> acrescentou que a decis\u00e3o envolve v\u00e1rias \u00e1reas dentro de uma empresa e que a confiabilidade da marca e sua rede de p\u00f3s-venda s\u00e3o fundamentais. \u201c<strong>O cliente final decide 100% pelo servi\u00e7o p\u00f3s-venda<\/strong>. J\u00e1 tenho a unidade, onde ela ser\u00e1 atendida?\u201d.<\/p>\n\n\n\n<p><strong>Julio Hern\u00e1ndez<\/strong> enfatizou que o primeiro passo deve ser um diagn\u00f3stico da rota. \u201cNem toda rota \u00e9 eletrific\u00e1vel. \u00c9 preciso identificar quais s\u00e3o, de acordo com as dist\u00e2ncias e janelas de recarga\u201d.<\/p>\n\n\n\n<p>Ele tamb\u00e9m defendeu a implementa\u00e7\u00e3o de pilotos controlados antes de escalar, e a medi\u00e7\u00e3o e o relat\u00f3rio da redu\u00e7\u00e3o das emiss\u00f5es de CO2 para quantificar o impacto real.<\/p>\n\n\n\n<h2 class=\"wp-block-heading\" id=\"h-a-inovacao-tecnologica-visa-a-eficiencia\">A inova\u00e7\u00e3o tecnol\u00f3gica visa a efici\u00eancia<\/h2>\n\n\n\n<p>O olhar para o futuro se concentrou nas inova\u00e7\u00f5es que reduzir\u00e3o custos e melhorar\u00e3o a efici\u00eancia.<\/p>\n\n\n\n<p><strong>Julio Hern\u00e1ndez<\/strong> antecipou avan\u00e7os significativos nos <strong>pr\u00f3ximos 2 a 3 anos<\/strong>: baterias com maior densidade energ\u00e9tica, qu\u00edmica de \u00edon de s\u00f3dio para reduzir custos, esta\u00e7\u00f5es de recarga mais r\u00e1pidas e o desenvolvimento de ve\u00edculos aut\u00f4nomos para paliar o d\u00e9ficit de operadores.<\/p>\n\n\n\n<p>Al\u00e9m disso, <em>Julio Hern\u00e1ndez <\/em>mencionou o trabalho do <strong>Grupo Marva<\/strong> em um projeto h\u00edbrido de hidrog\u00eanio e baterias el\u00e9tricas.<\/p>\n\n\n\n<p>Por sua vez, <strong>Anel Hern\u00e1ndez<\/strong> destacou como <strong>a telemetria e a intelig\u00eancia artificial est\u00e3o fornecendo dados valiosos para a otimiza\u00e7\u00e3o de frotas<\/strong>.<\/p>\n\n\n\n<p><strong>Lucas Madrid<\/strong> concluiu este ponto enfatizando a import\u00e2ncia de<strong> reunir todas essas inova\u00e7\u00f5es com uma telemetria robusta<\/strong> para medir o desempenho real e n\u00e3o apenas o te\u00f3rico.<\/p>\n\n\n\n<h2 class=\"wp-block-heading\" id=\"h-rumo-ao-latam-mobility-mexico-2025\">Rumo ao \u201cLatam Mobility M\u00e9xico 2025\u201d<\/h2>\n\n\n\n<p>O webinar foi encerrado com um convite aberto a todos os atores do setor para fazer parte dessa transforma\u00e7\u00e3o, tendo como ponto de partida a pr\u00f3xima edi\u00e7\u00e3o do \u201c<strong><a href=\"https:\/\/live.eventtia.com\/es\/latammobilitymexico2025\">Latam Mobility M\u00e9xico 2025<\/a><\/strong>\u201d, o encontro mais importante de mobilidade sustent\u00e1vel da regi\u00e3o, que ser\u00e1 realizado nos dias <strong>13 e 14 de outubro no World Trade Center da Cidade do M\u00e9xico<\/strong>.<\/p>\n\n\n\n<p>A c\u00fapula reunir\u00e1 os principais atores da ind\u00fastria, desde fabricantes de ve\u00edculos e empresas de tecnologia at\u00e9 autoridades governamentais e especialistas, todos unidos por um objetivo comum: acelerar a transi\u00e7\u00e3o para sistemas de transporte mais limpos, inteligentes e eficientes.<\/p>\n\n\n\n<p>Como parte central da agenda, destacou-se o \u201c<strong><a href=\"https:\/\/tinyurl.com\/ybfrdjfx\">Fleet Management &amp; Charging Matchmaking Hub<\/a><\/strong>\u201d, o novo eixo de inova\u00e7\u00e3o e parcerias para frotas.<\/p>\n\n\n\n<figure class=\"wp-block-image size-large\"><img decoding=\"async\" width=\"819\" height=\"1024\" src=\"https:\/\/latamobility.com\/wp-content\/uploads\/2025\/09\/Fleet-Management-Charging-Matchmaking-Hub_post-819x1024.jpg\" alt=\"Flotas\" class=\"wp-image-51598\" srcset=\"https:\/\/latamobility.com\/wp-content\/uploads\/2025\/09\/Fleet-Management-Charging-Matchmaking-Hub_post-819x1024.jpg 819w, https:\/\/latamobility.com\/wp-content\/uploads\/2025\/09\/Fleet-Management-Charging-Matchmaking-Hub_post-240x300.jpg 240w, https:\/\/latamobility.com\/wp-content\/uploads\/2025\/09\/Fleet-Management-Charging-Matchmaking-Hub_post-768x960.jpg 768w, https:\/\/latamobility.com\/wp-content\/uploads\/2025\/09\/Fleet-Management-Charging-Matchmaking-Hub_post.jpg 1080w\" sizes=\"(max-width: 819px) 100vw, 819px\" \/><\/figure>\n\n\n\n<p>Este espa\u00e7o ser\u00e1 dedicado exclusivamente a conectar os l\u00edderes de frotas de transporte com os principais <strong>fornecedores de solu\u00e7\u00f5es de telem\u00e1tica, gest\u00e3o de carga, infraestrutura e ve\u00edculos el\u00e9tricos<\/strong>, facilitando as parcerias estrat\u00e9gicas necess\u00e1rias para acelerar a transi\u00e7\u00e3o.<\/p>\n\n\n\n<p>A oportunidade de construir as frotas do futuro \u00e9 agora, e o \u201c<strong><a href=\"https:\/\/live.eventtia.com\/es\/latammobilitymexico2025\">Latam Mobility M\u00e9xico 2025<\/a><\/strong>\u201d marcar\u00e1 um passo essencial para os l\u00edderes que buscam otimizar suas opera\u00e7\u00f5es, reduzir custos e liderar a transi\u00e7\u00e3o para um transporte eficiente e sustent\u00e1vel.<\/p>\n\n\n\n<p>\ud83d\udd39Para obter mais informa\u00e7\u00f5es sobre como participar do \u201c<strong><a href=\"https:\/\/live.eventtia.com\/es\/latammobilitymexico2025\">Latam Mobility Cono Sur 2025<\/a><\/strong>\u201d e as op\u00e7\u00f5es de posicionamento, escreva para info@investinlatam.org.<\/p>\n\n\n\n<p>\ud83d\udd39O contato via <strong><a href=\"https:\/\/lnkd.in\/eQzTYdNG\">WhatsApp<\/a> <\/strong>est\u00e1 dispon\u00edvel; voc\u00ea pode adquirir seus ingressos clicando <strong><a href=\"https:\/\/live.eventtia.com\/es\/latammobilitymexico2025\">aqui<\/a><\/strong> e se inscrever no \u201c<strong>Fleet Management &amp; Charging Matchmaking Hub<\/strong>\u201d <strong><a href=\"https:\/\/tinyurl.com\/ybfrdjfx\">aqui<\/a><\/strong>.<\/p>\n\n\n\n<figure class=\"wp-block-image size-large\"><img decoding=\"async\" width=\"819\" height=\"1024\" src=\"https:\/\/latamobility.com\/wp-content\/uploads\/2025\/09\/LMMEXICO--819x1024.png\" alt=\"\" class=\"wp-image-51577\" srcset=\"https:\/\/latamobility.com\/wp-content\/uploads\/2025\/09\/LMMEXICO--819x1024.png 819w, https:\/\/latamobility.com\/wp-content\/uploads\/2025\/09\/LMMEXICO--240x300.png 240w, https:\/\/latamobility.com\/wp-content\/uploads\/2025\/09\/LMMEXICO--768x960.png 768w, https:\/\/latamobility.com\/wp-content\/uploads\/2025\/09\/LMMEXICO-.png 1080w\" sizes=\"(max-width: 819px) 100vw, 819px\" \/><\/figure>\n","protected":false},"excerpt":{"rendered":"<p>O caminho para a eletrifica\u00e7\u00e3o das frotas de transporte no M\u00e9xico avan\u00e7a a passos firmes, mas enfrenta desafios cruciais, como a adapta\u00e7\u00e3o das opera\u00e7\u00f5es, o desenvolvimento da infraestrutura e a cria\u00e7\u00e3o de esquemas financeiros inovadores. Essa foi uma das principais conclus\u00f5es do terceiro painel do webinar \u201cFrotas do futuro para l\u00edderes do transporte\u201d, que reuniu&#8230;<\/p>\n","protected":false},"author":10,"featured_media":51628,"comment_status":"open","ping_status":"closed","sticky":false,"template":"","format":"standard","meta":{"_kad_post_transparent":"","_kad_post_title":"","_kad_post_layout":"","_kad_post_sidebar_id":"","_kad_post_content_style":"","_kad_post_vertical_padding":"","_kad_post_feature":"","_kad_post_feature_position":"","_kad_post_header":false,"_kad_post_footer":false,"_kad_post_classname":"","footnotes":""},"categories":[2972],"tags":[],"class_list":["post-51640","post","type-post","status-publish","format-standard","has-post-thumbnail","hentry","category-encuentros-movilidad-sostenible-pt-br"],"yoast_head":"<!-- This site is optimized with the Yoast SEO Premium plugin v22.7 (Yoast SEO v27.4) - https:\/\/yoast.com\/product\/yoast-seo-premium-wordpress\/ -->\n<title>Infraestrutura e financiamento: os grandes desafios para as frotas el\u00e9tricas no M\u00e9xico, segundo l\u00edderes do setor - Latam Mobility<\/title>\n<meta name=\"description\" content=\"O caminho para a eletrifica\u00e7\u00e3o das frotas de transporte no M\u00e9xico avan\u00e7a a passos firmes, mas enfrenta desafios cruciais, como a adapta\u00e7\u00e3o das opera\u00e7\u00f5es,\" \/>\n<meta name=\"robots\" content=\"index, follow, max-snippet:-1, max-image-preview:large, max-video-preview:-1\" \/>\n<link rel=\"canonical\" href=\"https:\/\/latamobility.com\/infraestructura-y-financiamiento-los-grandes-retos-para-las-flotas-electricas-en-mexico-segun-lideres-del-sector\/\" \/>\n<meta property=\"og:locale\" content=\"pt_BR\" \/>\n<meta property=\"og:type\" content=\"article\" \/>\n<meta property=\"og:title\" content=\"Infraestrutura e financiamento: os grandes desafios para as frotas el\u00e9tricas no M\u00e9xico, segundo l\u00edderes do setor\" \/>\n<meta property=\"og:description\" content=\"O caminho para a eletrifica\u00e7\u00e3o das frotas de transporte no M\u00e9xico avan\u00e7a a passos firmes, mas enfrenta desafios cruciais, como a adapta\u00e7\u00e3o das opera\u00e7\u00f5es,\" \/>\n<meta property=\"og:url\" content=\"https:\/\/latamobility.com\/infraestructura-y-financiamiento-los-grandes-retos-para-las-flotas-electricas-en-mexico-segun-lideres-del-sector\/\" \/>\n<meta property=\"og:site_name\" content=\"Latam Mobility\" \/>\n<meta property=\"article:publisher\" content=\"https:\/\/www.facebook.com\/latamobility\/\" \/>\n<meta property=\"article:published_time\" content=\"2025-09-09T10:00:00+00:00\" \/>\n<meta property=\"og:image\" content=\"https:\/\/latamobility.com\/wp-content\/uploads\/2025\/09\/Panel-3a.jpg\" \/>\n\t<meta property=\"og:image:width\" content=\"1215\" \/>\n\t<meta property=\"og:image:height\" content=\"682\" \/>\n\t<meta property=\"og:image:type\" content=\"image\/jpeg\" \/>\n<meta name=\"author\" content=\"Antonio Vilela\" \/>\n<meta name=\"twitter:card\" content=\"summary_large_image\" \/>\n<meta name=\"twitter:creator\" content=\"@LataMobility\" \/>\n<meta name=\"twitter:site\" content=\"@LataMobility\" \/>\n<meta name=\"twitter:label1\" content=\"Escrito por\" \/>\n\t<meta name=\"twitter:data1\" content=\"Antonio Vilela\" \/>\n\t<meta name=\"twitter:label2\" content=\"Est. tempo de leitura\" \/>\n\t<meta name=\"twitter:data2\" content=\"6 minutos\" \/>\n<script type=\"application\/ld+json\" class=\"yoast-schema-graph\">{\"@context\":\"https:\\\/\\\/schema.org\",\"@graph\":[{\"@type\":\"Article\",\"@id\":\"https:\\\/\\\/latamobility.com\\\/infraestructura-y-financiamiento-los-grandes-retos-para-las-flotas-electricas-en-mexico-segun-lideres-del-sector\\\/#article\",\"isPartOf\":{\"@id\":\"https:\\\/\\\/latamobility.com\\\/infraestructura-y-financiamiento-los-grandes-retos-para-las-flotas-electricas-en-mexico-segun-lideres-del-sector\\\/\"},\"author\":{\"name\":\"Antonio Vilela\",\"@id\":\"https:\\\/\\\/latamobility.com\\\/#\\\/schema\\\/person\\\/fda092a2de1f87d347784282908bad1a\"},\"headline\":\"Infraestrutura e financiamento: os grandes desafios para as frotas el\u00e9tricas no M\u00e9xico, segundo l\u00edderes do setor\",\"datePublished\":\"2025-09-09T10:00:00+00:00\",\"mainEntityOfPage\":{\"@id\":\"https:\\\/\\\/latamobility.com\\\/infraestructura-y-financiamiento-los-grandes-retos-para-las-flotas-electricas-en-mexico-segun-lideres-del-sector\\\/\"},\"wordCount\":1182,\"commentCount\":0,\"publisher\":{\"@id\":\"https:\\\/\\\/latamobility.com\\\/#organization\"},\"image\":{\"@id\":\"https:\\\/\\\/latamobility.com\\\/infraestructura-y-financiamiento-los-grandes-retos-para-las-flotas-electricas-en-mexico-segun-lideres-del-sector\\\/#primaryimage\"},\"thumbnailUrl\":\"https:\\\/\\\/latamobility.com\\\/wp-content\\\/uploads\\\/2025\\\/09\\\/Panel-3a.jpg\",\"articleSection\":[\"Encuentros\"],\"inLanguage\":\"pt-BR\",\"potentialAction\":[{\"@type\":\"CommentAction\",\"name\":\"Comment\",\"target\":[\"https:\\\/\\\/latamobility.com\\\/infraestructura-y-financiamiento-los-grandes-retos-para-las-flotas-electricas-en-mexico-segun-lideres-del-sector\\\/#respond\"]}]},{\"@type\":\"WebPage\",\"@id\":\"https:\\\/\\\/latamobility.com\\\/infraestructura-y-financiamiento-los-grandes-retos-para-las-flotas-electricas-en-mexico-segun-lideres-del-sector\\\/\",\"url\":\"https:\\\/\\\/latamobility.com\\\/infraestructura-y-financiamiento-los-grandes-retos-para-las-flotas-electricas-en-mexico-segun-lideres-del-sector\\\/\",\"name\":\"Infraestrutura e financiamento: os grandes desafios para as frotas el\u00e9tricas no M\u00e9xico, segundo l\u00edderes do setor - Latam Mobility\",\"isPartOf\":{\"@id\":\"https:\\\/\\\/latamobility.com\\\/#website\"},\"primaryImageOfPage\":{\"@id\":\"https:\\\/\\\/latamobility.com\\\/infraestructura-y-financiamiento-los-grandes-retos-para-las-flotas-electricas-en-mexico-segun-lideres-del-sector\\\/#primaryimage\"},\"image\":{\"@id\":\"https:\\\/\\\/latamobility.com\\\/infraestructura-y-financiamiento-los-grandes-retos-para-las-flotas-electricas-en-mexico-segun-lideres-del-sector\\\/#primaryimage\"},\"thumbnailUrl\":\"https:\\\/\\\/latamobility.com\\\/wp-content\\\/uploads\\\/2025\\\/09\\\/Panel-3a.jpg\",\"datePublished\":\"2025-09-09T10:00:00+00:00\",\"description\":\"O caminho para a eletrifica\u00e7\u00e3o das frotas de transporte no M\u00e9xico avan\u00e7a a passos firmes, mas enfrenta desafios cruciais, como a adapta\u00e7\u00e3o das opera\u00e7\u00f5es,\",\"breadcrumb\":{\"@id\":\"https:\\\/\\\/latamobility.com\\\/infraestructura-y-financiamiento-los-grandes-retos-para-las-flotas-electricas-en-mexico-segun-lideres-del-sector\\\/#breadcrumb\"},\"inLanguage\":\"pt-BR\",\"potentialAction\":[{\"@type\":\"ReadAction\",\"target\":[\"https:\\\/\\\/latamobility.com\\\/infraestructura-y-financiamiento-los-grandes-retos-para-las-flotas-electricas-en-mexico-segun-lideres-del-sector\\\/\"]}]},{\"@type\":\"ImageObject\",\"inLanguage\":\"pt-BR\",\"@id\":\"https:\\\/\\\/latamobility.com\\\/infraestructura-y-financiamiento-los-grandes-retos-para-las-flotas-electricas-en-mexico-segun-lideres-del-sector\\\/#primaryimage\",\"url\":\"https:\\\/\\\/latamobility.com\\\/wp-content\\\/uploads\\\/2025\\\/09\\\/Panel-3a.jpg\",\"contentUrl\":\"https:\\\/\\\/latamobility.com\\\/wp-content\\\/uploads\\\/2025\\\/09\\\/Panel-3a.jpg\",\"width\":1215,\"height\":682},{\"@type\":\"BreadcrumbList\",\"@id\":\"https:\\\/\\\/latamobility.com\\\/infraestructura-y-financiamiento-los-grandes-retos-para-las-flotas-electricas-en-mexico-segun-lideres-del-sector\\\/#breadcrumb\",\"itemListElement\":[{\"@type\":\"ListItem\",\"position\":1,\"name\":\"Portada\",\"item\":\"https:\\\/\\\/latamobility.com\\\/pt-br\\\/\"},{\"@type\":\"ListItem\",\"position\":2,\"name\":\"Infraestrutura e financiamento: os grandes desafios para as frotas el\u00e9tricas no M\u00e9xico, segundo l\u00edderes do setor\"}]},{\"@type\":\"WebSite\",\"@id\":\"https:\\\/\\\/latamobility.com\\\/#website\",\"url\":\"https:\\\/\\\/latamobility.com\\\/\",\"name\":\"Latam Mobility\",\"description\":\"Serie de Eventos para promover la Movilidad y Transporte sostenible en Latinoam\u00e9rica\",\"publisher\":{\"@id\":\"https:\\\/\\\/latamobility.com\\\/#organization\"},\"potentialAction\":[{\"@type\":\"SearchAction\",\"target\":{\"@type\":\"EntryPoint\",\"urlTemplate\":\"https:\\\/\\\/latamobility.com\\\/?s={search_term_string}\"},\"query-input\":{\"@type\":\"PropertyValueSpecification\",\"valueRequired\":true,\"valueName\":\"search_term_string\"}}],\"inLanguage\":\"pt-BR\"},{\"@type\":\"Organization\",\"@id\":\"https:\\\/\\\/latamobility.com\\\/#organization\",\"name\":\"LATAM MOBILITY\",\"url\":\"https:\\\/\\\/latamobility.com\\\/\",\"logo\":{\"@type\":\"ImageObject\",\"inLanguage\":\"pt-BR\",\"@id\":\"https:\\\/\\\/latamobility.com\\\/#\\\/schema\\\/logo\\\/image\\\/\",\"url\":\"https:\\\/\\\/latamobility.com\\\/wp-content\\\/uploads\\\/2025\\\/01\\\/logos-LM-LG-2025-10.png\",\"contentUrl\":\"https:\\\/\\\/latamobility.com\\\/wp-content\\\/uploads\\\/2025\\\/01\\\/logos-LM-LG-2025-10.png\",\"width\":1080,\"height\":1080,\"caption\":\"LATAM MOBILITY\"},\"image\":{\"@id\":\"https:\\\/\\\/latamobility.com\\\/#\\\/schema\\\/logo\\\/image\\\/\"},\"sameAs\":[\"https:\\\/\\\/www.facebook.com\\\/latamobility\\\/\",\"https:\\\/\\\/x.com\\\/LataMobility\",\"https:\\\/\\\/www.instagram.com\\\/latamobility\\\/\",\"https:\\\/\\\/www.linkedin.com\\\/company\\\/latamobility\\\/\",\"https:\\\/\\\/www.youtube.com\\\/channel\\\/UCtcslRCRY0vITWaOQ1X0XUA\"]},{\"@type\":\"Person\",\"@id\":\"https:\\\/\\\/latamobility.com\\\/#\\\/schema\\\/person\\\/fda092a2de1f87d347784282908bad1a\",\"name\":\"Antonio Vilela\",\"image\":{\"@type\":\"ImageObject\",\"inLanguage\":\"pt-BR\",\"@id\":\"https:\\\/\\\/secure.gravatar.com\\\/avatar\\\/7eee8196fd2fda180806d7b41cd517f274d5ad3b9f65d873feb3ca7e2b3a72d2?s=96&d=mm&r=g\",\"url\":\"https:\\\/\\\/secure.gravatar.com\\\/avatar\\\/7eee8196fd2fda180806d7b41cd517f274d5ad3b9f65d873feb3ca7e2b3a72d2?s=96&d=mm&r=g\",\"contentUrl\":\"https:\\\/\\\/secure.gravatar.com\\\/avatar\\\/7eee8196fd2fda180806d7b41cd517f274d5ad3b9f65d873feb3ca7e2b3a72d2?s=96&d=mm&r=g\",\"caption\":\"Antonio Vilela\"}}]}<\/script>\n<!-- \/ Yoast SEO Premium plugin. -->","yoast_head_json":{"title":"Infraestrutura e financiamento: os grandes desafios para as frotas el\u00e9tricas no M\u00e9xico, segundo l\u00edderes do setor - Latam Mobility","description":"O caminho para a eletrifica\u00e7\u00e3o das frotas de transporte no M\u00e9xico avan\u00e7a a passos firmes, mas enfrenta desafios cruciais, como a adapta\u00e7\u00e3o das opera\u00e7\u00f5es,","robots":{"index":"index","follow":"follow","max-snippet":"max-snippet:-1","max-image-preview":"max-image-preview:large","max-video-preview":"max-video-preview:-1"},"canonical":"https:\/\/latamobility.com\/infraestructura-y-financiamiento-los-grandes-retos-para-las-flotas-electricas-en-mexico-segun-lideres-del-sector\/","og_locale":"pt_BR","og_type":"article","og_title":"Infraestrutura e financiamento: os grandes desafios para as frotas el\u00e9tricas no M\u00e9xico, segundo l\u00edderes do setor","og_description":"O caminho para a eletrifica\u00e7\u00e3o das frotas de transporte no M\u00e9xico avan\u00e7a a passos firmes, mas enfrenta desafios cruciais, como a adapta\u00e7\u00e3o das opera\u00e7\u00f5es,","og_url":"https:\/\/latamobility.com\/infraestructura-y-financiamiento-los-grandes-retos-para-las-flotas-electricas-en-mexico-segun-lideres-del-sector\/","og_site_name":"Latam Mobility","article_publisher":"https:\/\/www.facebook.com\/latamobility\/","article_published_time":"2025-09-09T10:00:00+00:00","og_image":[{"width":1215,"height":682,"url":"https:\/\/latamobility.com\/wp-content\/uploads\/2025\/09\/Panel-3a.jpg","type":"image\/jpeg"}],"author":"Antonio Vilela","twitter_card":"summary_large_image","twitter_creator":"@LataMobility","twitter_site":"@LataMobility","twitter_misc":{"Escrito por":"Antonio Vilela","Est. tempo de leitura":"6 minutos"},"schema":{"@context":"https:\/\/schema.org","@graph":[{"@type":"Article","@id":"https:\/\/latamobility.com\/infraestructura-y-financiamiento-los-grandes-retos-para-las-flotas-electricas-en-mexico-segun-lideres-del-sector\/#article","isPartOf":{"@id":"https:\/\/latamobility.com\/infraestructura-y-financiamiento-los-grandes-retos-para-las-flotas-electricas-en-mexico-segun-lideres-del-sector\/"},"author":{"name":"Antonio Vilela","@id":"https:\/\/latamobility.com\/#\/schema\/person\/fda092a2de1f87d347784282908bad1a"},"headline":"Infraestrutura e financiamento: os grandes desafios para as frotas el\u00e9tricas no M\u00e9xico, segundo l\u00edderes do setor","datePublished":"2025-09-09T10:00:00+00:00","mainEntityOfPage":{"@id":"https:\/\/latamobility.com\/infraestructura-y-financiamiento-los-grandes-retos-para-las-flotas-electricas-en-mexico-segun-lideres-del-sector\/"},"wordCount":1182,"commentCount":0,"publisher":{"@id":"https:\/\/latamobility.com\/#organization"},"image":{"@id":"https:\/\/latamobility.com\/infraestructura-y-financiamiento-los-grandes-retos-para-las-flotas-electricas-en-mexico-segun-lideres-del-sector\/#primaryimage"},"thumbnailUrl":"https:\/\/latamobility.com\/wp-content\/uploads\/2025\/09\/Panel-3a.jpg","articleSection":["Encuentros"],"inLanguage":"pt-BR","potentialAction":[{"@type":"CommentAction","name":"Comment","target":["https:\/\/latamobility.com\/infraestructura-y-financiamiento-los-grandes-retos-para-las-flotas-electricas-en-mexico-segun-lideres-del-sector\/#respond"]}]},{"@type":"WebPage","@id":"https:\/\/latamobility.com\/infraestructura-y-financiamiento-los-grandes-retos-para-las-flotas-electricas-en-mexico-segun-lideres-del-sector\/","url":"https:\/\/latamobility.com\/infraestructura-y-financiamiento-los-grandes-retos-para-las-flotas-electricas-en-mexico-segun-lideres-del-sector\/","name":"Infraestrutura e financiamento: os grandes desafios para as frotas el\u00e9tricas no M\u00e9xico, segundo l\u00edderes do setor - Latam Mobility","isPartOf":{"@id":"https:\/\/latamobility.com\/#website"},"primaryImageOfPage":{"@id":"https:\/\/latamobility.com\/infraestructura-y-financiamiento-los-grandes-retos-para-las-flotas-electricas-en-mexico-segun-lideres-del-sector\/#primaryimage"},"image":{"@id":"https:\/\/latamobility.com\/infraestructura-y-financiamiento-los-grandes-retos-para-las-flotas-electricas-en-mexico-segun-lideres-del-sector\/#primaryimage"},"thumbnailUrl":"https:\/\/latamobility.com\/wp-content\/uploads\/2025\/09\/Panel-3a.jpg","datePublished":"2025-09-09T10:00:00+00:00","description":"O caminho para a eletrifica\u00e7\u00e3o das frotas de transporte no M\u00e9xico avan\u00e7a a passos firmes, mas enfrenta desafios cruciais, como a adapta\u00e7\u00e3o das opera\u00e7\u00f5es,","breadcrumb":{"@id":"https:\/\/latamobility.com\/infraestructura-y-financiamiento-los-grandes-retos-para-las-flotas-electricas-en-mexico-segun-lideres-del-sector\/#breadcrumb"},"inLanguage":"pt-BR","potentialAction":[{"@type":"ReadAction","target":["https:\/\/latamobility.com\/infraestructura-y-financiamiento-los-grandes-retos-para-las-flotas-electricas-en-mexico-segun-lideres-del-sector\/"]}]},{"@type":"ImageObject","inLanguage":"pt-BR","@id":"https:\/\/latamobility.com\/infraestructura-y-financiamiento-los-grandes-retos-para-las-flotas-electricas-en-mexico-segun-lideres-del-sector\/#primaryimage","url":"https:\/\/latamobility.com\/wp-content\/uploads\/2025\/09\/Panel-3a.jpg","contentUrl":"https:\/\/latamobility.com\/wp-content\/uploads\/2025\/09\/Panel-3a.jpg","width":1215,"height":682},{"@type":"BreadcrumbList","@id":"https:\/\/latamobility.com\/infraestructura-y-financiamiento-los-grandes-retos-para-las-flotas-electricas-en-mexico-segun-lideres-del-sector\/#breadcrumb","itemListElement":[{"@type":"ListItem","position":1,"name":"Portada","item":"https:\/\/latamobility.com\/pt-br\/"},{"@type":"ListItem","position":2,"name":"Infraestrutura e financiamento: os grandes desafios para as frotas el\u00e9tricas no M\u00e9xico, segundo l\u00edderes do setor"}]},{"@type":"WebSite","@id":"https:\/\/latamobility.com\/#website","url":"https:\/\/latamobility.com\/","name":"Latam Mobility","description":"Serie de Eventos para promover la Movilidad y Transporte sostenible en Latinoam\u00e9rica","publisher":{"@id":"https:\/\/latamobility.com\/#organization"},"potentialAction":[{"@type":"SearchAction","target":{"@type":"EntryPoint","urlTemplate":"https:\/\/latamobility.com\/?s={search_term_string}"},"query-input":{"@type":"PropertyValueSpecification","valueRequired":true,"valueName":"search_term_string"}}],"inLanguage":"pt-BR"},{"@type":"Organization","@id":"https:\/\/latamobility.com\/#organization","name":"LATAM MOBILITY","url":"https:\/\/latamobility.com\/","logo":{"@type":"ImageObject","inLanguage":"pt-BR","@id":"https:\/\/latamobility.com\/#\/schema\/logo\/image\/","url":"https:\/\/latamobility.com\/wp-content\/uploads\/2025\/01\/logos-LM-LG-2025-10.png","contentUrl":"https:\/\/latamobility.com\/wp-content\/uploads\/2025\/01\/logos-LM-LG-2025-10.png","width":1080,"height":1080,"caption":"LATAM MOBILITY"},"image":{"@id":"https:\/\/latamobility.com\/#\/schema\/logo\/image\/"},"sameAs":["https:\/\/www.facebook.com\/latamobility\/","https:\/\/x.com\/LataMobility","https:\/\/www.instagram.com\/latamobility\/","https:\/\/www.linkedin.com\/company\/latamobility\/","https:\/\/www.youtube.com\/channel\/UCtcslRCRY0vITWaOQ1X0XUA"]},{"@type":"Person","@id":"https:\/\/latamobility.com\/#\/schema\/person\/fda092a2de1f87d347784282908bad1a","name":"Antonio Vilela","image":{"@type":"ImageObject","inLanguage":"pt-BR","@id":"https:\/\/secure.gravatar.com\/avatar\/7eee8196fd2fda180806d7b41cd517f274d5ad3b9f65d873feb3ca7e2b3a72d2?s=96&d=mm&r=g","url":"https:\/\/secure.gravatar.com\/avatar\/7eee8196fd2fda180806d7b41cd517f274d5ad3b9f65d873feb3ca7e2b3a72d2?s=96&d=mm&r=g","contentUrl":"https:\/\/secure.gravatar.com\/avatar\/7eee8196fd2fda180806d7b41cd517f274d5ad3b9f65d873feb3ca7e2b3a72d2?s=96&d=mm&r=g","caption":"Antonio Vilela"}}]}},"_links":{"self":[{"href":"https:\/\/latamobility.com\/pt-br\/wp-json\/wp\/v2\/posts\/51640","targetHints":{"allow":["GET"]}}],"collection":[{"href":"https:\/\/latamobility.com\/pt-br\/wp-json\/wp\/v2\/posts"}],"about":[{"href":"https:\/\/latamobility.com\/pt-br\/wp-json\/wp\/v2\/types\/post"}],"author":[{"embeddable":true,"href":"https:\/\/latamobility.com\/pt-br\/wp-json\/wp\/v2\/users\/10"}],"replies":[{"embeddable":true,"href":"https:\/\/latamobility.com\/pt-br\/wp-json\/wp\/v2\/comments?post=51640"}],"version-history":[{"count":1,"href":"https:\/\/latamobility.com\/pt-br\/wp-json\/wp\/v2\/posts\/51640\/revisions"}],"predecessor-version":[{"id":51641,"href":"https:\/\/latamobility.com\/pt-br\/wp-json\/wp\/v2\/posts\/51640\/revisions\/51641"}],"wp:featuredmedia":[{"embeddable":true,"href":"https:\/\/latamobility.com\/pt-br\/wp-json\/wp\/v2\/media\/51628"}],"wp:attachment":[{"href":"https:\/\/latamobility.com\/pt-br\/wp-json\/wp\/v2\/media?parent=51640"}],"wp:term":[{"taxonomy":"category","embeddable":true,"href":"https:\/\/latamobility.com\/pt-br\/wp-json\/wp\/v2\/categories?post=51640"},{"taxonomy":"post_tag","embeddable":true,"href":"https:\/\/latamobility.com\/pt-br\/wp-json\/wp\/v2\/tags?post=51640"}],"curies":[{"name":"wp","href":"https:\/\/api.w.org\/{rel}","templated":true}]}}