{"id":51678,"date":"2025-09-12T05:00:00","date_gmt":"2025-09-12T10:00:00","guid":{"rendered":"https:\/\/latamobility.com\/?p=51678"},"modified":"2025-09-08T15:05:45","modified_gmt":"2025-09-08T20:05:45","slug":"huawei-e-a-secretaria-de-mobilidade-da-cidade-do-mexico-conversam-sobre-o-futuro-do-transporte-inteligente","status":"publish","type":"post","link":"https:\/\/latamobility.com\/pt-br\/huawei-e-a-secretaria-de-mobilidade-da-cidade-do-mexico-conversam-sobre-o-futuro-do-transporte-inteligente\/","title":{"rendered":"Huawei e a Secretaria de Mobilidade da Cidade do M\u00e9xico conversam sobre o futuro do transporte inteligente"},"content":{"rendered":"\n<p>A <strong>Huawei Am\u00e9rica Latina<\/strong> publicou o <strong><a href=\"https:\/\/youtu.be\/fZJz8BEbtOU?si=isdfrWxBRo1-UV7B\">epis\u00f3dio n\u00ba 18<\/a><\/strong> de sua s\u00e9rie \u201c<strong>Tech Talks<\/strong>\u201d no <em>YouTube<\/em>, intitulado \u201c<strong>Electromobilidade para todos<\/strong>\u201d.<\/p>\n\n\n\n<p>Nesta edi\u00e7\u00e3o, a empresa conversou com o <strong>Sr. H\u00e9ctor Ulises Garc\u00eda Nieto<\/strong>, secret\u00e1rio de Mobilidade da Cidade do M\u00e9xico, sobre como a inova\u00e7\u00e3o tecnol\u00f3gica impulsiona <strong>um sistema de transporte mais inteligente, conectado e sustent\u00e1vel<\/strong> na capital mexicana.<\/p>\n\n\n\n<p>A entrevista foi moderada por <strong>Samira Herrera<\/strong>, respons\u00e1vel por Comunica\u00e7\u00e3o e Rela\u00e7\u00f5es P\u00fablicas da <strong>Huawei M\u00e9xico<\/strong>, e se concentrou nos <strong>avan\u00e7os em intelig\u00eancia artificial<\/strong> (IA)<strong>, rastreabilidade de usu\u00e1rios e ve\u00edculos, infraestrutura de carga e a import\u00e2ncia da colabora\u00e7\u00e3o p\u00fablico-privada<\/strong> para transformar a experi\u00eancia de viagem de milh\u00f5es de cidad\u00e3os.<\/p>\n\n\n\n<p><strong>Voc\u00ea tamb\u00e9m pode se interessar por<\/strong> | <a href=\"https:\/\/latamobility.com\/pt-br\/a-dahua-technology-a-foton-e-a-motive-concordam-a-telematica-e-a-espinha-dorsal-da-gestao-inteligente-de-frotas\/\"><strong>Dahua Technology, Foton e Motive concordam: a telem\u00e1tica \u00e9 a espinha dorsal da gest\u00e3o inteligente de frotas<\/strong><\/a><\/p>\n\n\n\n<h2 class=\"wp-block-heading\" id=\"h-mobilidade-como-um-direito-inclusivo-e-sustentavel\">Mobilidade como um direito inclusivo e sustent\u00e1vel<\/h2>\n\n\n\n<p>No in\u00edcio da conversa, o Secret\u00e1rio Garc\u00eda Nieto delineou a vis\u00e3o da atual administra\u00e7\u00e3o, liderada pela Chefe do Governo, <strong>Clara Brugada<\/strong>. \u201cConsideramos isso um direito e est\u00e1 estabelecido como tal na lei\u201d, afirmou o funcion\u00e1rio em rela\u00e7\u00e3o \u00e0 mobilidade.<\/p>\n\n\n\n<p>Ele explicou que o objetivo \u00e9 oferecer <strong>um servi\u00e7o de qualidade e acelerar a transi\u00e7\u00e3o para a eletromobilidade<\/strong> iniciada em administra\u00e7\u00f5es anteriores, o que exige \u201cum transporte ecol\u00f3gico, silencioso e seguro\u201d.<\/p>\n\n\n\n<p>Essa vis\u00e3o integral tamb\u00e9m <strong>prioriza a seguran\u00e7a vi\u00e1ria para pedestres e ciclistas sob um esquema de uso compartilhado das ruas<\/strong>. \u201cHoje, estamos avan\u00e7ando nessa dire\u00e7\u00e3o, renovando a maior parte da frota de ve\u00edculos\u201d, destacou Garc\u00eda Nieto.<\/p>\n\n\n\n<figure class=\"wp-block-image size-large\"><img fetchpriority=\"high\" decoding=\"async\" width=\"1024\" height=\"572\" src=\"https:\/\/latamobility.com\/wp-content\/uploads\/2025\/09\/Huawei-080925-b-1024x572.jpg\" alt=\"Huawei\" class=\"wp-image-51673\" srcset=\"https:\/\/latamobility.com\/wp-content\/uploads\/2025\/09\/Huawei-080925-b-1024x572.jpg 1024w, https:\/\/latamobility.com\/wp-content\/uploads\/2025\/09\/Huawei-080925-b-300x167.jpg 300w, https:\/\/latamobility.com\/wp-content\/uploads\/2025\/09\/Huawei-080925-b-768x429.jpg 768w, https:\/\/latamobility.com\/wp-content\/uploads\/2025\/09\/Huawei-080925-b.jpg 1218w\" sizes=\"(max-width: 1024px) 100vw, 1024px\" \/><\/figure>\n\n\n\n<h2 class=\"wp-block-heading\" id=\"h-dados-ia-e-aplicativos-para-o-usuario\">Dados, IA e aplicativos para o usu\u00e1rio<\/h2>\n\n\n\n<p>Um dos eixos centrais da an\u00e1lise foi o uso da tecnologia como facilitador-chave. O secret\u00e1rio explicou que ela <strong>\u00e9 fundamental para a regulamenta\u00e7\u00e3o, a seguran\u00e7a vi\u00e1ria e para empoderar os usu\u00e1rios com informa\u00e7\u00f5es<\/strong>.<\/p>\n\n\n\n<p>\u201cHoje estamos trabalhando com o uso da intelig\u00eancia artificial para que, por meio de um aplicativo, seja poss\u00edvel <strong>conhecer todo o sistema de transporte, a rede de mobilidade integrada<\/strong>\u201d, anunciou.<\/p>\n\n\n\n<p>Este aplicativo em desenvolvimento permitir\u00e1 que os cidad\u00e3os<strong> relatem incidentes em tempo real<\/strong>, desde buracos e atrasos no servi\u00e7o at\u00e9 acidentes de tr\u00e2nsito ou crimes, o que for\u00e7ar\u00e1 uma resposta mais \u00e1gil do governo.<\/p>\n\n\n\n<p>Al\u00e9m disso, os dados coletados ser\u00e3o vitais para <strong>o planejamento, otimiza\u00e7\u00e3o de rotas e dosagem da frota de ve\u00edculos de acordo com a demanda<\/strong>.<\/p>\n\n\n\n<h2 class=\"wp-block-heading\" id=\"h-eletromobilidade-e-o-desafio-da-infraestrutura-de-recarga\">Eletromobilidade e o desafio da infraestrutura de recarga<\/h2>\n\n\n\n<p>Ao abordar o tema da eletromobilidade, o titular da <strong>SEMOVI <\/strong>reconheceu que a implanta\u00e7\u00e3o da infraestrutura de recarga \u00e9 um desafio global.<\/p>\n\n\n\n<p>Ele explicou que o avan\u00e7o \u00e9 gradual, pois \u201ca frota de ve\u00edculos el\u00e9tricos dispon\u00edvel n\u00e3o \u00e9 adquirida simplesmente indo ao mercado para compr\u00e1-la. At\u00e9 agora, as solu\u00e7\u00f5es t\u00eam sido muito espec\u00edficas\u201d.<\/p>\n\n\n\n<p>Para impulsionar a migra\u00e7\u00e3o em massa, n\u00e3o apenas do transporte p\u00fablico, mas tamb\u00e9m dos t\u00e1xis, est\u00e1 sendo proposto <strong>um projeto para estabelecer postos de recarga com investimento privado e esta\u00e7\u00f5es de car\u00e1ter p\u00fablico<\/strong>.<\/p>\n\n\n\n<p>\u201cEm coopera\u00e7\u00e3o com algumas das institui\u00e7\u00f5es ou empresas que existem em n\u00edvel mundial e, em particular, com a <strong>Huawei<\/strong>, estamos conversando para ver se \u00e9 poss\u00edvel fazer um projeto piloto\u201d, revelou.<\/p>\n\n\n\n<p>A ideia \u00e9 integrar centros de carregamento r\u00e1pido em locais como as <strong>UTOP\u00cdAS <\/strong>(Unidades de Transforma\u00e7\u00e3o e Organiza\u00e7\u00e3o para a Inclus\u00e3o e Harmonia Social), <strong>oferecendo um servi\u00e7o gratuito e vinculado ao bem-estar comunit\u00e1rio<\/strong>.<\/p>\n\n\n\n<figure class=\"wp-block-image size-large\"><img decoding=\"async\" width=\"1024\" height=\"571\" src=\"https:\/\/latamobility.com\/wp-content\/uploads\/2025\/09\/Huawei-080925-a-1024x571.jpg\" alt=\"Huawei\" class=\"wp-image-51670\" srcset=\"https:\/\/latamobility.com\/wp-content\/uploads\/2025\/09\/Huawei-080925-a-1024x571.jpg 1024w, https:\/\/latamobility.com\/wp-content\/uploads\/2025\/09\/Huawei-080925-a-300x167.jpg 300w, https:\/\/latamobility.com\/wp-content\/uploads\/2025\/09\/Huawei-080925-a-768x428.jpg 768w, https:\/\/latamobility.com\/wp-content\/uploads\/2025\/09\/Huawei-080925-a.jpg 1219w\" sizes=\"(max-width: 1024px) 100vw, 1024px\" \/><\/figure>\n\n\n\n<h2 class=\"wp-block-heading\" id=\"h-rastreabilidade-semaforizacao-e-prevencao\">Rastreabilidade, semaforiza\u00e7\u00e3o e preven\u00e7\u00e3o<\/h2>\n\n\n\n<p>A seguran\u00e7a foi outro pilar da discuss\u00e3o. Garc\u00eda Nieto detalhou que o <strong>cart\u00e3o de mobilidade integrado j\u00e1 permite uma rastreabilidade importante dos usu\u00e1rios<\/strong>.<\/p>\n\n\n\n<p>Da mesma forma, est\u00e1 em andamento um programa piloto para <strong>detectar e regular sistemas de micromobilidade e motocicletas<\/strong>.<\/p>\n\n\n\n<p>Em mat\u00e9ria de preven\u00e7\u00e3o de acidentes, est\u00e3o sendo exploradas inova\u00e7\u00f5es como <strong>sistemas que detectam a fadiga do motorista em unidades de transporte p\u00fablico e concessionado<\/strong>, que alertam sobre excessos de velocidade para permitir uma interven\u00e7\u00e3o precoce. \u201cA preven\u00e7\u00e3o \u00e9 um tema fundamental neste plano integral de seguran\u00e7a vi\u00e1ria\u201d, enfatizou.<\/p>\n\n\n\n<p>Um projeto de grande envergadura \u00e9 a implementa\u00e7\u00e3o de <strong>um sistema de sem\u00e1foros inteligente e adaptativo<\/strong>. \u201cQue seja resultado do fluxo veicular, que n\u00e3o seja gerenciado manualmente, mas que possa ser equilibrado para agilizar os tempos de deslocamento\u201d, explicou. <\/p>\n\n\n\n<p>Esse esfor\u00e7o \u00e9 realizado em colabora\u00e7\u00e3o com o <strong>C5<\/strong>, a <strong>Ag\u00eancia Digital de Inova\u00e7\u00e3o<\/strong> e a <strong>Secretaria de Seguran\u00e7a Cidad\u00e3<\/strong>.<\/p>\n\n\n\n<h2 class=\"wp-block-heading\" id=\"h-conectividade-e-colaboracao-com-o-setor-privado\">Conectividade e colabora\u00e7\u00e3o com o setor privado<\/h2>\n\n\n\n<p>O secret\u00e1rio afirmou que a <strong>Cidade do M\u00e9xico<\/strong> \u00e9 uma das metr\u00f3poles mais conectadas do mundo, com <strong>mais de 70.000 pontos de conex\u00e3o e uma rede de quase 90.000 c\u00e2meras que ser\u00e1 ampliada para mais de 150.000<\/strong>. Essa infraestrutura, juntamente com radares e sistemas de multas fotogr\u00e1ficas, \u00e9 fundamental para a regulamenta\u00e7\u00e3o e a seguran\u00e7a.<\/p>\n\n\n\n<p>Sobre o papel de empresas como a <strong>Huawei<\/strong>, Garc\u00eda Nieto destacou sua contribui\u00e7\u00e3o potencial em duas frentes principais: <strong>como pioneira em sistemas de comunica\u00e7\u00e3o e na constru\u00e7\u00e3o de baterias para eletromobilidade, e como aliada no desenvolvimento de solu\u00e7\u00f5es tecnol\u00f3gicas<\/strong> que tornam o transporte mais inclusivo e acess\u00edvel para todas as pessoas.<\/p>\n\n\n\n<p>Para finalizar, o secret\u00e1rio destacou os avan\u00e7os tang\u00edveis que os cidad\u00e3os j\u00e1 desfrutam, como o sistema <strong>Cableb\u00fas<\/strong>, que atualmente transporta <strong>mais de 160.000 pessoas diariamente<\/strong> em suas tr\u00eas linhas e que ser\u00e1 expandido com <strong>mais cinco linhas<\/strong>.<\/p>\n\n\n\n<p>\u201cIsso muda a hist\u00f3ria de vida das pessoas, \u00e9 uma revolu\u00e7\u00e3o no sistema de transporte\u201d, afirmou, ao <strong>reduzir viagens de 2 horas para 30 e 40 minutos<\/strong> para quem mora em \u00e1reas perif\u00e9ricas.<\/p>\n\n\n\n<p><strong>H\u00e9ctor Ulises Garc\u00eda Nieto<\/strong> concluiu com uma mensagem para os cidad\u00e3os: \u201c<strong>O esfor\u00e7o que estamos fazendo deve ser um esfor\u00e7o correspons\u00e1vel. Tamb\u00e9m precisamos ter uma cultura vi\u00e1ria para compartilhar as ruas<\/strong>\u201d.<\/p>\n\n\n\n<p>Ele fez um apelo aos pedestres, ciclistas, usu\u00e1rios do transporte p\u00fablico e motoristas para que entendam que a cidade \u00e9 um espa\u00e7o que deve ser compartilhado por todos.<\/p>\n\n\n\n<p>A seguir, o epis\u00f3dio n\u00ba 18 do <strong>Huawei Tech Talks<\/strong>:<\/p>\n\n\n\n<figure class=\"wp-block-embed is-type-video is-provider-youtube wp-block-embed-youtube wp-embed-aspect-16-9 wp-has-aspect-ratio\"><div class=\"wp-block-embed__wrapper\">\n<iframe title=\"HUAWEI TECH TALKS | EPISODIO #18: ELECTROMOVILIDAD PARA TODAS Y TODOS\" width=\"720\" height=\"405\" src=\"https:\/\/www.youtube.com\/embed\/fZJz8BEbtOU?feature=oembed\" frameborder=\"0\" allow=\"accelerometer; autoplay; clipboard-write; encrypted-media; gyroscope; picture-in-picture; web-share\" referrerpolicy=\"strict-origin-when-cross-origin\" allowfullscreen><\/iframe>\n<\/div><\/figure>\n\n\n\n<h2 class=\"wp-block-heading\" id=\"h-rumo-ao-latam-mobility-mexico-2025\">Rumo ao \u201cLatam Mobility M\u00e9xico 2025\u201d<\/h2>\n\n\n\n<p>O \u201c<strong><a href=\"https:\/\/live.eventtia.com\/es\/latammobilitymexico2025\">Latam Mobility M\u00e9xico 2025<\/a><\/strong>\u201d \u00e9 o encontro mais importante sobre mobilidade sustent\u00e1vel da regi\u00e3o e ser\u00e1 realizado nos dias <strong>13 e 14 de outubro<\/strong> no World Trade Center da <strong>Cidade do M\u00e9xico<\/strong>.<\/p>\n\n\n\n<p>A c\u00fapula reunir\u00e1 os principais atores da ind\u00fastria, <strong>desde fabricantes de ve\u00edculos e empresas de tecnologia at\u00e9 autoridades governamentais e especialistas<\/strong>, todos unidos por um objetivo comum: acelerar a transi\u00e7\u00e3o para sistemas de transporte mais limpos, inteligentes e eficientes.<\/p>\n\n\n\n<p>Como parte central da agenda, destacou-se o \u201c<strong><a href=\"https:\/\/tinyurl.com\/ybfrdjfx\">Fleet Management &amp; Charging Matchmaking Hub<\/a><\/strong>\u201d, o novo eixo de inova\u00e7\u00e3o e parcerias para frotas.<\/p>\n\n\n\n<figure class=\"wp-block-image size-large\"><img decoding=\"async\" width=\"819\" height=\"1024\" src=\"https:\/\/latamobility.com\/wp-content\/uploads\/2025\/09\/Fleet-Management-Charging-Matchmaking-Hub_post-819x1024.jpg\" alt=\"Flotas\" class=\"wp-image-51598\" srcset=\"https:\/\/latamobility.com\/wp-content\/uploads\/2025\/09\/Fleet-Management-Charging-Matchmaking-Hub_post-819x1024.jpg 819w, https:\/\/latamobility.com\/wp-content\/uploads\/2025\/09\/Fleet-Management-Charging-Matchmaking-Hub_post-240x300.jpg 240w, https:\/\/latamobility.com\/wp-content\/uploads\/2025\/09\/Fleet-Management-Charging-Matchmaking-Hub_post-768x960.jpg 768w, https:\/\/latamobility.com\/wp-content\/uploads\/2025\/09\/Fleet-Management-Charging-Matchmaking-Hub_post.jpg 1080w\" sizes=\"(max-width: 819px) 100vw, 819px\" \/><\/figure>\n\n\n\n<p>Este espa\u00e7o ser\u00e1 dedicado exclusivamente <strong>a conectar os l\u00edderes de frotas de transporte com os principais fornecedores de solu\u00e7\u00f5es de telem\u00e1tica, gest\u00e3o de carga, infraestrutura e ve\u00edculos el\u00e9tricos<\/strong>, facilitando as parcerias estrat\u00e9gicas necess\u00e1rias para acelerar a transi\u00e7\u00e3o.<\/p>\n\n\n\n<p>A oportunidade de construir as frotas do futuro \u00e9 agora, e o \u201c<strong><a href=\"https:\/\/live.eventtia.com\/es\/latammobilitymexico2025\">Latam Mobility M\u00e9xico 2025<\/a><\/strong>\u201d marcar\u00e1 um passo essencial para os l\u00edderes que buscam otimizar suas opera\u00e7\u00f5es, reduzir custos e liderar a transi\u00e7\u00e3o para um transporte eficiente e sustent\u00e1vel.<\/p>\n\n\n\n<p>\ud83d\udd39Para obter mais informa\u00e7\u00f5es sobre como participar do \u201c<strong><a href=\"https:\/\/live.eventtia.com\/es\/latammobilitymexico2025\">Latam Mobility M\u00e9xico 2025<\/a><\/strong>\u201d e as op\u00e7\u00f5es de posicionamento, escreva para info@investinlatam.org.<\/p>\n\n\n\n<p>\ud83d\udd39O contato via <strong><a href=\"https:\/\/lnkd.in\/eQzTYdNG\">WhatsApp<\/a><\/strong> est\u00e1 dispon\u00edvel; voc\u00ea pode adquirir seus ingressos clicando <strong><a href=\"https:\/\/live.eventtia.com\/es\/latammobilitymexico2025\">aqui<\/a><\/strong> e se inscrever no \u201c<strong>Fleet Management &amp; Charging Matchmaking Hub<\/strong>\u201d <strong><a href=\"https:\/\/tinyurl.com\/ybfrdjfx\">aqui<\/a><\/strong>.<\/p>\n\n\n\n<figure class=\"wp-block-image size-large\"><img loading=\"lazy\" decoding=\"async\" width=\"1024\" height=\"576\" src=\"https:\/\/latamobility.com\/wp-content\/uploads\/2025\/09\/Banner-Latam-Mobility-Mexico-2025_logos-twitter-1024x576.jpg\" alt=\"Banner Latam Mobility Mexico 2025\" class=\"wp-image-51574\" srcset=\"https:\/\/latamobility.com\/wp-content\/uploads\/2025\/09\/Banner-Latam-Mobility-Mexico-2025_logos-twitter-1024x576.jpg 1024w, https:\/\/latamobility.com\/wp-content\/uploads\/2025\/09\/Banner-Latam-Mobility-Mexico-2025_logos-twitter-300x169.jpg 300w, https:\/\/latamobility.com\/wp-content\/uploads\/2025\/09\/Banner-Latam-Mobility-Mexico-2025_logos-twitter-768x432.jpg 768w, https:\/\/latamobility.com\/wp-content\/uploads\/2025\/09\/Banner-Latam-Mobility-Mexico-2025_logos-twitter-1536x864.jpg 1536w, https:\/\/latamobility.com\/wp-content\/uploads\/2025\/09\/Banner-Latam-Mobility-Mexico-2025_logos-twitter-2048x1153.jpg 2048w\" sizes=\"(max-width: 1024px) 100vw, 1024px\" \/><\/figure>\n","protected":false},"excerpt":{"rendered":"<p>A Huawei Am\u00e9rica Latina publicou o epis\u00f3dio n\u00ba 18 de sua s\u00e9rie \u201cTech Talks\u201d no YouTube, intitulado \u201cElectromobilidade para todos\u201d. Nesta edi\u00e7\u00e3o, a empresa conversou com o Sr. H\u00e9ctor Ulises Garc\u00eda Nieto, secret\u00e1rio de Mobilidade da Cidade do M\u00e9xico, sobre como a inova\u00e7\u00e3o tecnol\u00f3gica impulsiona um sistema de transporte mais inteligente, conectado e sustent\u00e1vel na&#8230;<\/p>\n","protected":false},"author":10,"featured_media":51676,"comment_status":"open","ping_status":"closed","sticky":false,"template":"","format":"standard","meta":{"_kad_post_transparent":"","_kad_post_title":"","_kad_post_layout":"","_kad_post_sidebar_id":"","_kad_post_content_style":"","_kad_post_vertical_padding":"","_kad_post_feature":"","_kad_post_feature_position":"","_kad_post_header":false,"_kad_post_footer":false,"_kad_post_classname":"","footnotes":""},"categories":[1468],"tags":[911,2359],"class_list":["post-51678","post","type-post","status-publish","format-standard","has-post-thumbnail","hentry","category-nao-categorizado","tag-mexico","tag-movilidad-electrica-pt-br"],"yoast_head":"<!-- This site is optimized with the Yoast SEO Premium plugin v22.7 (Yoast SEO v27.1.1) - https:\/\/yoast.com\/product\/yoast-seo-premium-wordpress\/ -->\n<title>Huawei e a Secretaria de Mobilidade da Cidade do M\u00e9xico conversam sobre o futuro do transporte inteligente - Latam Mobility<\/title>\n<meta name=\"description\" content=\"A Huawei Am\u00e9rica Latina publicou o epis\u00f3dio n\u00ba 18 de sua s\u00e9rie \u201cTech Talks\u201d no YouTube, intitulado \u201cElectromobilidade para todos\u201d. Nesta edi\u00e7\u00e3o, a empresa\" \/>\n<meta name=\"robots\" content=\"index, follow, max-snippet:-1, max-image-preview:large, max-video-preview:-1\" \/>\n<link rel=\"canonical\" href=\"https:\/\/latamobility.com\/huawei-y-la-secretaria-de-movilidad-de-ciudad-de-mexico-dialogan-sobre-el-futuro-del-transporte-inteligente\/\" \/>\n<meta property=\"og:locale\" content=\"pt_BR\" \/>\n<meta property=\"og:type\" content=\"article\" \/>\n<meta property=\"og:title\" content=\"Huawei e a Secretaria de Mobilidade da Cidade do M\u00e9xico conversam sobre o futuro do transporte inteligente\" \/>\n<meta property=\"og:description\" content=\"A Huawei Am\u00e9rica Latina publicou o epis\u00f3dio n\u00ba 18 de sua s\u00e9rie \u201cTech Talks\u201d no YouTube, intitulado \u201cElectromobilidade para todos\u201d. Nesta edi\u00e7\u00e3o, a empresa\" \/>\n<meta property=\"og:url\" content=\"https:\/\/latamobility.com\/huawei-y-la-secretaria-de-movilidad-de-ciudad-de-mexico-dialogan-sobre-el-futuro-del-transporte-inteligente\/\" \/>\n<meta property=\"og:site_name\" content=\"Latam Mobility\" \/>\n<meta property=\"article:publisher\" content=\"https:\/\/www.facebook.com\/latamobility\/\" \/>\n<meta property=\"article:published_time\" content=\"2025-09-12T10:00:00+00:00\" \/>\n<meta property=\"og:image\" content=\"https:\/\/latamobility.com\/wp-content\/uploads\/2025\/09\/Huawei-080925-c.jpg\" \/>\n\t<meta property=\"og:image:width\" content=\"1600\" \/>\n\t<meta property=\"og:image:height\" content=\"900\" \/>\n\t<meta property=\"og:image:type\" content=\"image\/jpeg\" \/>\n<meta name=\"author\" content=\"Antonio Vilela\" \/>\n<meta name=\"twitter:card\" content=\"summary_large_image\" \/>\n<meta name=\"twitter:creator\" content=\"@LataMobility\" \/>\n<meta name=\"twitter:site\" content=\"@LataMobility\" \/>\n<meta name=\"twitter:label1\" content=\"Escrito por\" \/>\n\t<meta name=\"twitter:data1\" content=\"Antonio Vilela\" \/>\n\t<meta name=\"twitter:label2\" content=\"Est. tempo de leitura\" \/>\n\t<meta name=\"twitter:data2\" content=\"7 minutos\" \/>\n<script type=\"application\/ld+json\" class=\"yoast-schema-graph\">{\"@context\":\"https:\/\/schema.org\",\"@graph\":[{\"@type\":\"Article\",\"@id\":\"https:\/\/latamobility.com\/huawei-y-la-secretaria-de-movilidad-de-ciudad-de-mexico-dialogan-sobre-el-futuro-del-transporte-inteligente\/#article\",\"isPartOf\":{\"@id\":\"https:\/\/latamobility.com\/huawei-y-la-secretaria-de-movilidad-de-ciudad-de-mexico-dialogan-sobre-el-futuro-del-transporte-inteligente\/\"},\"author\":{\"name\":\"Antonio Vilela\",\"@id\":\"https:\/\/latamobility.com\/#\/schema\/person\/fda092a2de1f87d347784282908bad1a\"},\"headline\":\"Huawei e a Secretaria de Mobilidade da Cidade do M\u00e9xico conversam sobre o futuro do transporte inteligente\",\"datePublished\":\"2025-09-12T10:00:00+00:00\",\"mainEntityOfPage\":{\"@id\":\"https:\/\/latamobility.com\/huawei-y-la-secretaria-de-movilidad-de-ciudad-de-mexico-dialogan-sobre-el-futuro-del-transporte-inteligente\/\"},\"wordCount\":1336,\"commentCount\":0,\"publisher\":{\"@id\":\"https:\/\/latamobility.com\/#organization\"},\"image\":{\"@id\":\"https:\/\/latamobility.com\/huawei-y-la-secretaria-de-movilidad-de-ciudad-de-mexico-dialogan-sobre-el-futuro-del-transporte-inteligente\/#primaryimage\"},\"thumbnailUrl\":\"https:\/\/latamobility.com\/wp-content\/uploads\/2025\/09\/Huawei-080925-c.jpg\",\"keywords\":[\"M\u00e9xico\",\"Movilidad el\u00e9ctrica\"],\"articleSection\":[\"N\u00e3o categorizado\"],\"inLanguage\":\"pt-BR\",\"potentialAction\":[{\"@type\":\"CommentAction\",\"name\":\"Comment\",\"target\":[\"https:\/\/latamobility.com\/huawei-y-la-secretaria-de-movilidad-de-ciudad-de-mexico-dialogan-sobre-el-futuro-del-transporte-inteligente\/#respond\"]}]},{\"@type\":\"WebPage\",\"@id\":\"https:\/\/latamobility.com\/huawei-y-la-secretaria-de-movilidad-de-ciudad-de-mexico-dialogan-sobre-el-futuro-del-transporte-inteligente\/\",\"url\":\"https:\/\/latamobility.com\/huawei-y-la-secretaria-de-movilidad-de-ciudad-de-mexico-dialogan-sobre-el-futuro-del-transporte-inteligente\/\",\"name\":\"Huawei e a Secretaria de Mobilidade da Cidade do M\u00e9xico conversam sobre o futuro do transporte inteligente - Latam Mobility\",\"isPartOf\":{\"@id\":\"https:\/\/latamobility.com\/#website\"},\"primaryImageOfPage\":{\"@id\":\"https:\/\/latamobility.com\/huawei-y-la-secretaria-de-movilidad-de-ciudad-de-mexico-dialogan-sobre-el-futuro-del-transporte-inteligente\/#primaryimage\"},\"image\":{\"@id\":\"https:\/\/latamobility.com\/huawei-y-la-secretaria-de-movilidad-de-ciudad-de-mexico-dialogan-sobre-el-futuro-del-transporte-inteligente\/#primaryimage\"},\"thumbnailUrl\":\"https:\/\/latamobility.com\/wp-content\/uploads\/2025\/09\/Huawei-080925-c.jpg\",\"datePublished\":\"2025-09-12T10:00:00+00:00\",\"description\":\"A Huawei Am\u00e9rica Latina publicou o epis\u00f3dio n\u00ba 18 de sua s\u00e9rie \u201cTech Talks\u201d no YouTube, intitulado \u201cElectromobilidade para todos\u201d. Nesta edi\u00e7\u00e3o, a empresa\",\"breadcrumb\":{\"@id\":\"https:\/\/latamobility.com\/huawei-y-la-secretaria-de-movilidad-de-ciudad-de-mexico-dialogan-sobre-el-futuro-del-transporte-inteligente\/#breadcrumb\"},\"inLanguage\":\"pt-BR\",\"potentialAction\":[{\"@type\":\"ReadAction\",\"target\":[\"https:\/\/latamobility.com\/huawei-y-la-secretaria-de-movilidad-de-ciudad-de-mexico-dialogan-sobre-el-futuro-del-transporte-inteligente\/\"]}]},{\"@type\":\"ImageObject\",\"inLanguage\":\"pt-BR\",\"@id\":\"https:\/\/latamobility.com\/huawei-y-la-secretaria-de-movilidad-de-ciudad-de-mexico-dialogan-sobre-el-futuro-del-transporte-inteligente\/#primaryimage\",\"url\":\"https:\/\/latamobility.com\/wp-content\/uploads\/2025\/09\/Huawei-080925-c.jpg\",\"contentUrl\":\"https:\/\/latamobility.com\/wp-content\/uploads\/2025\/09\/Huawei-080925-c.jpg\",\"width\":1600,\"height\":900,\"caption\":\"Huawei\"},{\"@type\":\"BreadcrumbList\",\"@id\":\"https:\/\/latamobility.com\/huawei-y-la-secretaria-de-movilidad-de-ciudad-de-mexico-dialogan-sobre-el-futuro-del-transporte-inteligente\/#breadcrumb\",\"itemListElement\":[{\"@type\":\"ListItem\",\"position\":1,\"name\":\"Portada\",\"item\":\"https:\/\/latamobility.com\/pt-br\/\"},{\"@type\":\"ListItem\",\"position\":2,\"name\":\"Huawei e a Secretaria de Mobilidade da Cidade do M\u00e9xico conversam sobre o futuro do transporte inteligente\"}]},{\"@type\":\"WebSite\",\"@id\":\"https:\/\/latamobility.com\/#website\",\"url\":\"https:\/\/latamobility.com\/\",\"name\":\"Latam Mobility\",\"description\":\"Serie de Eventos para promover la Movilidad y Transporte sostenible en Latinoam\u00e9rica\",\"publisher\":{\"@id\":\"https:\/\/latamobility.com\/#organization\"},\"potentialAction\":[{\"@type\":\"SearchAction\",\"target\":{\"@type\":\"EntryPoint\",\"urlTemplate\":\"https:\/\/latamobility.com\/?s={search_term_string}\"},\"query-input\":{\"@type\":\"PropertyValueSpecification\",\"valueRequired\":true,\"valueName\":\"search_term_string\"}}],\"inLanguage\":\"pt-BR\"},{\"@type\":\"Organization\",\"@id\":\"https:\/\/latamobility.com\/#organization\",\"name\":\"LATAM MOBILITY\",\"url\":\"https:\/\/latamobility.com\/\",\"logo\":{\"@type\":\"ImageObject\",\"inLanguage\":\"pt-BR\",\"@id\":\"https:\/\/latamobility.com\/#\/schema\/logo\/image\/\",\"url\":\"https:\/\/latamobility.com\/wp-content\/uploads\/2025\/01\/logos-LM-LG-2025-10.png\",\"contentUrl\":\"https:\/\/latamobility.com\/wp-content\/uploads\/2025\/01\/logos-LM-LG-2025-10.png\",\"width\":1080,\"height\":1080,\"caption\":\"LATAM MOBILITY\"},\"image\":{\"@id\":\"https:\/\/latamobility.com\/#\/schema\/logo\/image\/\"},\"sameAs\":[\"https:\/\/www.facebook.com\/latamobility\/\",\"https:\/\/x.com\/LataMobility\",\"https:\/\/www.instagram.com\/latamobility\/\",\"https:\/\/www.linkedin.com\/company\/latamobility\/\",\"https:\/\/www.youtube.com\/channel\/UCtcslRCRY0vITWaOQ1X0XUA\"]},{\"@type\":\"Person\",\"@id\":\"https:\/\/latamobility.com\/#\/schema\/person\/fda092a2de1f87d347784282908bad1a\",\"name\":\"Antonio Vilela\",\"image\":{\"@type\":\"ImageObject\",\"inLanguage\":\"pt-BR\",\"@id\":\"https:\/\/latamobility.com\/#\/schema\/person\/image\/\",\"url\":\"https:\/\/secure.gravatar.com\/avatar\/7eee8196fd2fda180806d7b41cd517f274d5ad3b9f65d873feb3ca7e2b3a72d2?s=96&d=mm&r=g\",\"contentUrl\":\"https:\/\/secure.gravatar.com\/avatar\/7eee8196fd2fda180806d7b41cd517f274d5ad3b9f65d873feb3ca7e2b3a72d2?s=96&d=mm&r=g\",\"caption\":\"Antonio Vilela\"}}]}<\/script>\n<!-- \/ Yoast SEO Premium plugin. -->","yoast_head_json":{"title":"Huawei e a Secretaria de Mobilidade da Cidade do M\u00e9xico conversam sobre o futuro do transporte inteligente - Latam Mobility","description":"A Huawei Am\u00e9rica Latina publicou o epis\u00f3dio n\u00ba 18 de sua s\u00e9rie \u201cTech Talks\u201d no YouTube, intitulado \u201cElectromobilidade para todos\u201d. Nesta edi\u00e7\u00e3o, a empresa","robots":{"index":"index","follow":"follow","max-snippet":"max-snippet:-1","max-image-preview":"max-image-preview:large","max-video-preview":"max-video-preview:-1"},"canonical":"https:\/\/latamobility.com\/huawei-y-la-secretaria-de-movilidad-de-ciudad-de-mexico-dialogan-sobre-el-futuro-del-transporte-inteligente\/","og_locale":"pt_BR","og_type":"article","og_title":"Huawei e a Secretaria de Mobilidade da Cidade do M\u00e9xico conversam sobre o futuro do transporte inteligente","og_description":"A Huawei Am\u00e9rica Latina publicou o epis\u00f3dio n\u00ba 18 de sua s\u00e9rie \u201cTech Talks\u201d no YouTube, intitulado \u201cElectromobilidade para todos\u201d. Nesta edi\u00e7\u00e3o, a empresa","og_url":"https:\/\/latamobility.com\/huawei-y-la-secretaria-de-movilidad-de-ciudad-de-mexico-dialogan-sobre-el-futuro-del-transporte-inteligente\/","og_site_name":"Latam Mobility","article_publisher":"https:\/\/www.facebook.com\/latamobility\/","article_published_time":"2025-09-12T10:00:00+00:00","og_image":[{"width":1600,"height":900,"url":"https:\/\/latamobility.com\/wp-content\/uploads\/2025\/09\/Huawei-080925-c.jpg","type":"image\/jpeg"}],"author":"Antonio Vilela","twitter_card":"summary_large_image","twitter_creator":"@LataMobility","twitter_site":"@LataMobility","twitter_misc":{"Escrito por":"Antonio Vilela","Est. tempo de leitura":"7 minutos"},"schema":{"@context":"https:\/\/schema.org","@graph":[{"@type":"Article","@id":"https:\/\/latamobility.com\/huawei-y-la-secretaria-de-movilidad-de-ciudad-de-mexico-dialogan-sobre-el-futuro-del-transporte-inteligente\/#article","isPartOf":{"@id":"https:\/\/latamobility.com\/huawei-y-la-secretaria-de-movilidad-de-ciudad-de-mexico-dialogan-sobre-el-futuro-del-transporte-inteligente\/"},"author":{"name":"Antonio Vilela","@id":"https:\/\/latamobility.com\/#\/schema\/person\/fda092a2de1f87d347784282908bad1a"},"headline":"Huawei e a Secretaria de Mobilidade da Cidade do M\u00e9xico conversam sobre o futuro do transporte inteligente","datePublished":"2025-09-12T10:00:00+00:00","mainEntityOfPage":{"@id":"https:\/\/latamobility.com\/huawei-y-la-secretaria-de-movilidad-de-ciudad-de-mexico-dialogan-sobre-el-futuro-del-transporte-inteligente\/"},"wordCount":1336,"commentCount":0,"publisher":{"@id":"https:\/\/latamobility.com\/#organization"},"image":{"@id":"https:\/\/latamobility.com\/huawei-y-la-secretaria-de-movilidad-de-ciudad-de-mexico-dialogan-sobre-el-futuro-del-transporte-inteligente\/#primaryimage"},"thumbnailUrl":"https:\/\/latamobility.com\/wp-content\/uploads\/2025\/09\/Huawei-080925-c.jpg","keywords":["M\u00e9xico","Movilidad el\u00e9ctrica"],"articleSection":["N\u00e3o categorizado"],"inLanguage":"pt-BR","potentialAction":[{"@type":"CommentAction","name":"Comment","target":["https:\/\/latamobility.com\/huawei-y-la-secretaria-de-movilidad-de-ciudad-de-mexico-dialogan-sobre-el-futuro-del-transporte-inteligente\/#respond"]}]},{"@type":"WebPage","@id":"https:\/\/latamobility.com\/huawei-y-la-secretaria-de-movilidad-de-ciudad-de-mexico-dialogan-sobre-el-futuro-del-transporte-inteligente\/","url":"https:\/\/latamobility.com\/huawei-y-la-secretaria-de-movilidad-de-ciudad-de-mexico-dialogan-sobre-el-futuro-del-transporte-inteligente\/","name":"Huawei e a Secretaria de Mobilidade da Cidade do M\u00e9xico conversam sobre o futuro do transporte inteligente - Latam Mobility","isPartOf":{"@id":"https:\/\/latamobility.com\/#website"},"primaryImageOfPage":{"@id":"https:\/\/latamobility.com\/huawei-y-la-secretaria-de-movilidad-de-ciudad-de-mexico-dialogan-sobre-el-futuro-del-transporte-inteligente\/#primaryimage"},"image":{"@id":"https:\/\/latamobility.com\/huawei-y-la-secretaria-de-movilidad-de-ciudad-de-mexico-dialogan-sobre-el-futuro-del-transporte-inteligente\/#primaryimage"},"thumbnailUrl":"https:\/\/latamobility.com\/wp-content\/uploads\/2025\/09\/Huawei-080925-c.jpg","datePublished":"2025-09-12T10:00:00+00:00","description":"A Huawei Am\u00e9rica Latina publicou o epis\u00f3dio n\u00ba 18 de sua s\u00e9rie \u201cTech Talks\u201d no YouTube, intitulado \u201cElectromobilidade para todos\u201d. Nesta edi\u00e7\u00e3o, a empresa","breadcrumb":{"@id":"https:\/\/latamobility.com\/huawei-y-la-secretaria-de-movilidad-de-ciudad-de-mexico-dialogan-sobre-el-futuro-del-transporte-inteligente\/#breadcrumb"},"inLanguage":"pt-BR","potentialAction":[{"@type":"ReadAction","target":["https:\/\/latamobility.com\/huawei-y-la-secretaria-de-movilidad-de-ciudad-de-mexico-dialogan-sobre-el-futuro-del-transporte-inteligente\/"]}]},{"@type":"ImageObject","inLanguage":"pt-BR","@id":"https:\/\/latamobility.com\/huawei-y-la-secretaria-de-movilidad-de-ciudad-de-mexico-dialogan-sobre-el-futuro-del-transporte-inteligente\/#primaryimage","url":"https:\/\/latamobility.com\/wp-content\/uploads\/2025\/09\/Huawei-080925-c.jpg","contentUrl":"https:\/\/latamobility.com\/wp-content\/uploads\/2025\/09\/Huawei-080925-c.jpg","width":1600,"height":900,"caption":"Huawei"},{"@type":"BreadcrumbList","@id":"https:\/\/latamobility.com\/huawei-y-la-secretaria-de-movilidad-de-ciudad-de-mexico-dialogan-sobre-el-futuro-del-transporte-inteligente\/#breadcrumb","itemListElement":[{"@type":"ListItem","position":1,"name":"Portada","item":"https:\/\/latamobility.com\/pt-br\/"},{"@type":"ListItem","position":2,"name":"Huawei e a Secretaria de Mobilidade da Cidade do M\u00e9xico conversam sobre o futuro do transporte inteligente"}]},{"@type":"WebSite","@id":"https:\/\/latamobility.com\/#website","url":"https:\/\/latamobility.com\/","name":"Latam Mobility","description":"Serie de Eventos para promover la Movilidad y Transporte sostenible en Latinoam\u00e9rica","publisher":{"@id":"https:\/\/latamobility.com\/#organization"},"potentialAction":[{"@type":"SearchAction","target":{"@type":"EntryPoint","urlTemplate":"https:\/\/latamobility.com\/?s={search_term_string}"},"query-input":{"@type":"PropertyValueSpecification","valueRequired":true,"valueName":"search_term_string"}}],"inLanguage":"pt-BR"},{"@type":"Organization","@id":"https:\/\/latamobility.com\/#organization","name":"LATAM MOBILITY","url":"https:\/\/latamobility.com\/","logo":{"@type":"ImageObject","inLanguage":"pt-BR","@id":"https:\/\/latamobility.com\/#\/schema\/logo\/image\/","url":"https:\/\/latamobility.com\/wp-content\/uploads\/2025\/01\/logos-LM-LG-2025-10.png","contentUrl":"https:\/\/latamobility.com\/wp-content\/uploads\/2025\/01\/logos-LM-LG-2025-10.png","width":1080,"height":1080,"caption":"LATAM MOBILITY"},"image":{"@id":"https:\/\/latamobility.com\/#\/schema\/logo\/image\/"},"sameAs":["https:\/\/www.facebook.com\/latamobility\/","https:\/\/x.com\/LataMobility","https:\/\/www.instagram.com\/latamobility\/","https:\/\/www.linkedin.com\/company\/latamobility\/","https:\/\/www.youtube.com\/channel\/UCtcslRCRY0vITWaOQ1X0XUA"]},{"@type":"Person","@id":"https:\/\/latamobility.com\/#\/schema\/person\/fda092a2de1f87d347784282908bad1a","name":"Antonio Vilela","image":{"@type":"ImageObject","inLanguage":"pt-BR","@id":"https:\/\/latamobility.com\/#\/schema\/person\/image\/","url":"https:\/\/secure.gravatar.com\/avatar\/7eee8196fd2fda180806d7b41cd517f274d5ad3b9f65d873feb3ca7e2b3a72d2?s=96&d=mm&r=g","contentUrl":"https:\/\/secure.gravatar.com\/avatar\/7eee8196fd2fda180806d7b41cd517f274d5ad3b9f65d873feb3ca7e2b3a72d2?s=96&d=mm&r=g","caption":"Antonio Vilela"}}]}},"_links":{"self":[{"href":"https:\/\/latamobility.com\/pt-br\/wp-json\/wp\/v2\/posts\/51678","targetHints":{"allow":["GET"]}}],"collection":[{"href":"https:\/\/latamobility.com\/pt-br\/wp-json\/wp\/v2\/posts"}],"about":[{"href":"https:\/\/latamobility.com\/pt-br\/wp-json\/wp\/v2\/types\/post"}],"author":[{"embeddable":true,"href":"https:\/\/latamobility.com\/pt-br\/wp-json\/wp\/v2\/users\/10"}],"replies":[{"embeddable":true,"href":"https:\/\/latamobility.com\/pt-br\/wp-json\/wp\/v2\/comments?post=51678"}],"version-history":[{"count":1,"href":"https:\/\/latamobility.com\/pt-br\/wp-json\/wp\/v2\/posts\/51678\/revisions"}],"predecessor-version":[{"id":51679,"href":"https:\/\/latamobility.com\/pt-br\/wp-json\/wp\/v2\/posts\/51678\/revisions\/51679"}],"wp:featuredmedia":[{"embeddable":true,"href":"https:\/\/latamobility.com\/pt-br\/wp-json\/wp\/v2\/media\/51676"}],"wp:attachment":[{"href":"https:\/\/latamobility.com\/pt-br\/wp-json\/wp\/v2\/media?parent=51678"}],"wp:term":[{"taxonomy":"category","embeddable":true,"href":"https:\/\/latamobility.com\/pt-br\/wp-json\/wp\/v2\/categories?post=51678"},{"taxonomy":"post_tag","embeddable":true,"href":"https:\/\/latamobility.com\/pt-br\/wp-json\/wp\/v2\/tags?post=51678"}],"curies":[{"name":"wp","href":"https:\/\/api.w.org\/{rel}","templated":true}]}}