{"id":51903,"date":"2025-09-17T05:05:00","date_gmt":"2025-09-17T10:05:00","guid":{"rendered":"https:\/\/latamobility.com\/?p=51903"},"modified":"2025-09-15T09:16:47","modified_gmt":"2025-09-15T14:16:47","slug":"uber-for-business-eixo-crescimento-global-do-modelo-b2b","status":"publish","type":"post","link":"https:\/\/latamobility.com\/pt-br\/uber-for-business-eixo-crescimento-global-do-modelo-b2b\/","title":{"rendered":"Uber for Business se consolida como eixo estrat\u00e9gico no crescimento global do modelo B2B"},"content":{"rendered":"\n<p>A <strong>Uber Technologies Inc. <\/strong>foi alvo de uma nova avalia\u00e7\u00e3o financeira do <strong>Goldman Sachs<\/strong>, na qual se <strong><a href=\"https:\/\/www.investing.com\/news\/transcripts\/uber-at-goldman-sachs-conference-strategic-growth-insights-93CH-4230305\">projeta um crescimento sustentado e estrat\u00e9gico<\/a><\/strong> em suas linhas de neg\u00f3cios corporativas, com \u00eanfase na consolida\u00e7\u00e3o do <strong>Uber for Business<\/strong> como uma plataforma chave na transforma\u00e7\u00e3o digital do transporte corporativo.<\/p>\n\n\n\n<p>O relat\u00f3rio antecipa <strong>um aumento composto de 16% nas reservas brutas e de 39% no EBITDA ajustado entre 2023 e 2026<\/strong>, impulsionado pela converg\u00eancia entre mobilidade, com\u00e9rcio eletr\u00f4nico e modelos publicit\u00e1rios integrados.<\/p>\n\n\n\n<p>Embora a an\u00e1lise n\u00e3o detalhe n\u00fameros espec\u00edficos do Uber for Business, ela ressalta seu papel estrutural na migra\u00e7\u00e3o de or\u00e7amentos corporativos para solu\u00e7\u00f5es digitais de mobilidade, log\u00edstica e gest\u00e3o de viagens.<\/p>\n\n\n\n<p>Em um ambiente marcado pela<strong> automa\u00e7\u00e3o de processos, otimiza\u00e7\u00e3o de custos operacionais e a exig\u00eancia de rastreabilidade ESG<\/strong>, o <strong>Uber for Business<\/strong> conseguiu se posicionar como uma ferramenta vers\u00e1til para departamentos de recursos humanos, opera\u00e7\u00f5es e sustentabilidade em empresas de todos os portes.<\/p>\n\n\n\n<p>A plataforma permite que as organiza\u00e7\u00f5es <strong>gerenciem viagens corporativas, transporte de funcion\u00e1rios, entregas log\u00edsticas e benef\u00edcios de mobilidade urbana<\/strong> a partir de uma interface centralizada, com m\u00e9tricas em tempo real e op\u00e7\u00f5es de personaliza\u00e7\u00e3o por regi\u00e3o, unidade de neg\u00f3cio ou n\u00edvel hier\u00e1rquico.<\/p>\n\n\n\n<p><strong>Tamb\u00e9m pode te interessar |<\/strong> <strong><a href=\"https:\/\/latamobility.com\/pt-br\/as-vendas-de-veiculos-eletricos-no-brasil-atingem-recorde-em-agosto-de-2025\/\">2025: Vendas de veh\u00edculos el\u00e9tricos no Brasil batem recorde em agosto<\/a><\/strong><\/p>\n\n\n\n<h2 class=\"wp-block-heading\" id=\"h-convergencia-tecnologica-e-alcance-regional\"><strong>Converg\u00eancia tecnol\u00f3gica e alcance regional<\/strong><\/h2>\n\n\n\n<p>O relat\u00f3rio do <strong>Goldman Sachs<\/strong> destaca que o crescimento projetado da <strong>Uber <\/strong>\u00e9 apoiado na <strong>integra\u00e7\u00e3o progressiva de modelos publicit\u00e1rios, com\u00e9rcio eletr\u00f4nico e servi\u00e7os de assinatura<\/strong>, como o <strong>Uber One<\/strong>, que come\u00e7aram a gerar sinergias operacionais com as linhas B2B.<\/p>\n\n\n\n<p>Neste contexto, o <strong>Uber for Business<\/strong> se beneficia de uma infraestrutura tecnol\u00f3gica robusta, baseada em <strong>intelig\u00eancia artificial, an\u00e1lise preditiva e segmenta\u00e7\u00e3o de usu\u00e1rios<\/strong>, que permite oferecer solu\u00e7\u00f5es personalizadas a clientes corporativos com alto volume de opera\u00e7\u00f5es.<\/p>\n\n\n\n<p>Al\u00e9m disso, a plataforma come\u00e7ou a explorar novas funcionalidades vinculadas \u00e0 <strong>gest\u00e3o de emiss\u00f5es, ao planejamento de rotas sustent\u00e1veis e \u00e0 interoperabilidade com sistemas de gest\u00e3o empresarial<\/strong> (ERP), o que refor\u00e7a seu apelo para organiza\u00e7\u00f5es comprometidas com a neutralidade de carbono e a economia circular.<\/p>\n\n\n\n<figure class=\"wp-block-image size-full\"><img fetchpriority=\"high\" decoding=\"async\" width=\"1024\" height=\"512\" src=\"https:\/\/latamobility.com\/wp-content\/uploads\/2025\/09\/Uber-150925-a.jpg\" alt=\"Uber\" class=\"wp-image-51896\" srcset=\"https:\/\/latamobility.com\/wp-content\/uploads\/2025\/09\/Uber-150925-a.jpg 1024w, https:\/\/latamobility.com\/wp-content\/uploads\/2025\/09\/Uber-150925-a-300x150.jpg 300w, https:\/\/latamobility.com\/wp-content\/uploads\/2025\/09\/Uber-150925-a-768x384.jpg 768w\" sizes=\"(max-width: 1024px) 100vw, 1024px\" \/><\/figure>\n\n\n\n<p>Em mercados emergentes como a Am\u00e9rica Latina, o <strong>Uber for Business<\/strong> experimenta uma ado\u00e7\u00e3o acelerada, especialmente em cidades com alta densidade laboral e desafios estruturais de mobilidade.<\/p>\n\n\n\n<p>Em pa\u00edses como <strong>M\u00e9xico, Col\u00f4mbia e Chile<\/strong>, a plataforma \u00e9 utilizada por empresas multinacionais para garantir transporte seguro a funcion\u00e1rios, reduzir a depend\u00eancia de frotas pr\u00f3prias e melhorar a efici\u00eancia em entregas urbanas.<\/p>\n\n\n\n<p>A <strong>flexibilidade contratual, a escalabilidade operacional e a capacidade de integra\u00e7\u00e3o com pol\u00edticas internas de mobilidade<\/strong> t\u00eam sido fatores determinantes em sua expans\u00e3o regional.<\/p>\n\n\n\n<p>Embora ainda n\u00e3o tenham sido publicados n\u00fameros oficiais por pa\u00eds, analistas do setor antecipam que a <strong>Am\u00e9rica Latina<\/strong> poder\u00e1 representar um dos focos de crescimento mais din\u00e2micos para a <strong>Uber <\/strong>em seu segmento B2B durante os pr\u00f3ximos dois anos.<\/p>\n\n\n\n<h2 class=\"wp-block-heading\" id=\"h-visao-estrategica\"><strong>Vis\u00e3o estrat\u00e9gica<\/strong><\/h2>\n\n\n\n<p>A <strong>capacidade de adapta\u00e7\u00e3o<\/strong> da empresa \u00e9 chave para sua ado\u00e7\u00e3o em setores como <strong>tecnologia, sa\u00fade, varejo e servi\u00e7os financeiros<\/strong>, onde a mobilidade eficiente se tornou um componente estrat\u00e9gico da experi\u00eancia de trabalho.<\/p>\n\n\n\n<p>Em palavras de <strong>Susan Anderson<\/strong>, vice-presidente global do <strong>Uber for Business<\/strong>, \u201ca mobilidade corporativa est\u00e1 evoluindo para um ecossistema mais inteligente, inclusivo e sustent\u00e1vel. Na Uber, estamos comprometidos em oferecer solu\u00e7\u00f5es que respondam \u00e0s novas exig\u00eancias do trabalho h\u00edbrido, da efici\u00eancia operacional e da responsabilidade ambiental\u201d.<\/p>\n\n\n\n<p>A an\u00e1lise do <strong>Goldman Sachs<\/strong> refor\u00e7a a percep\u00e7\u00e3o de que o<strong> Uber for Business<\/strong> n\u00e3o \u00e9 apenas uma linha de neg\u00f3cio rent\u00e1vel, mas tamb\u00e9m uma plataforma de transforma\u00e7\u00e3o organizacional.<\/p>\n\n\n\n<p>Em um ambiente onde a mobilidade se redefine como servi\u00e7o estrat\u00e9gico, a <strong>Uber se posiciona como um ator chave na digitaliza\u00e7\u00e3o de processos corporativos<\/strong>, com capacidade de adapta\u00e7\u00e3o regional e vis\u00e3o de longo prazo.<\/p>\n\n\n\n<figure class=\"wp-block-image size-large\"><img decoding=\"async\" width=\"1024\" height=\"576\" src=\"https:\/\/latamobility.com\/wp-content\/uploads\/2025\/09\/Banner-Latam-Mobility-Mexico-2025_logos-twitter-2-1024x576.jpg\" alt=\"Latam Mobility Mexico 2025\" class=\"wp-image-51844\" srcset=\"https:\/\/latamobility.com\/wp-content\/uploads\/2025\/09\/Banner-Latam-Mobility-Mexico-2025_logos-twitter-2-1024x576.jpg 1024w, https:\/\/latamobility.com\/wp-content\/uploads\/2025\/09\/Banner-Latam-Mobility-Mexico-2025_logos-twitter-2-300x169.jpg 300w, https:\/\/latamobility.com\/wp-content\/uploads\/2025\/09\/Banner-Latam-Mobility-Mexico-2025_logos-twitter-2-768x432.jpg 768w, https:\/\/latamobility.com\/wp-content\/uploads\/2025\/09\/Banner-Latam-Mobility-Mexico-2025_logos-twitter-2-1536x864.jpg 1536w, https:\/\/latamobility.com\/wp-content\/uploads\/2025\/09\/Banner-Latam-Mobility-Mexico-2025_logos-twitter-2-2048x1153.jpg 2048w\" sizes=\"(max-width: 1024px) 100vw, 1024px\" \/><\/figure>\n\n\n\n<h2 class=\"wp-block-heading\" id=\"h-rumo-ao-latam-mobility-mexico-2025\">Rumo ao \u201cLatam Mobility M\u00e9xico 2025\u201d<\/h2>\n\n\n\n<p>A <strong>Geotab <\/strong>participar\u00e1 do \u201c<strong><a href=\"https:\/\/live.eventtia.com\/es\/latammobilityconosur2025\">Latam Mobility M\u00e9xico 2025<\/a><\/strong>\u201d, o mais importante encontro sobre mobilidade sustent\u00e1vel da regi\u00e3o, que ser\u00e1 realizado nos dias 13 e 14 de outubro no World Trade Center da Cidade do M\u00e9xico.<\/p>\n\n\n\n<p>A c\u00fapula reunir\u00e1 os principais atores da ind\u00fastria, desde <strong>fabricantes de ve\u00edculos e empresas de tecnologia at\u00e9 autoridades governamentais e especialistas<\/strong>, todos unidos por um objetivo comum: acelerar a transi\u00e7\u00e3o para sistemas de transporte mais limpos, inteligentes e eficientes.<\/p>\n\n\n\n<p>Como parte central da agenda, destaca-se o \u201c<strong>Fleet Management &amp; Charging Matchmaking Hub<\/strong>\u201d, o novo eixo de inova\u00e7\u00e3o e parcerias para frotas.<\/p>\n\n\n\n<p>Este espa\u00e7o ser\u00e1 dedicado exclusivamente a conectar os <strong>l\u00edderes de frotas de transporte com os principais fornecedores de solu\u00e7\u00f5es de telem\u00e1tica, gest\u00e3o de carga, infraestrutura e ve\u00edculos el\u00e9tricos<\/strong>, facilitando as alian\u00e7as estrat\u00e9gicas necess\u00e1rias para acelerar a transi\u00e7\u00e3o.<\/p>\n\n\n\n<p>A oportunidade de construir as frotas do futuro \u00e9 agora, e a \u201c<strong><a href=\"https:\/\/live.eventtia.com\/es\/latammobilityconosur2025\">Latam Mobility M\u00e9xico 2025<\/a><\/strong>\u201d marcar\u00e1 um passo essencial para os l\u00edderes que buscam otimizar suas opera\u00e7\u00f5es, reduzir custos e liderar a transi\u00e7\u00e3o para um transporte eficiente e sustent\u00e1vel.<\/p>\n\n\n\n<p>\ud83d\udd39Para obter mais informa\u00e7\u00f5es sobre como participar e as op\u00e7\u00f5es de posicionamento, escreva para <a href=\"mailto:info@investinlatam.org\"><strong>info@investinlatam.org<\/strong><\/a>.<\/p>\n\n\n\n<p>\ud83d\udd39O contato via <strong><a href=\"https:\/\/lnkd.in\/eQzTYdNG\">WhatsApp<\/a><\/strong> est\u00e1 dispon\u00edvel; voc\u00ea pode adquirir seus ingressos clicando aqui e se inscrever no \u201c<strong>Fleet Management &amp; Charging Matchmaking Hub<\/strong>\u201d <strong><a href=\"https:\/\/tinyurl.com\/ybfrdjfx\">aqui<\/a><\/strong>.<\/p>\n\n\n\n<figure class=\"wp-block-gallery has-nested-images columns-default is-cropped wp-block-gallery-1 is-layout-flex wp-block-gallery-is-layout-flex\">\n<figure class=\"wp-block-image size-large\"><img decoding=\"async\" width=\"819\" height=\"1024\" data-id=\"51761\" src=\"https:\/\/latamobility.com\/wp-content\/uploads\/2025\/09\/Fleet-Management-Charging-Matchmaking-Hub_post-1-819x1024.jpg\" alt=\"Latam Mobility M\u00e9xico 2025\" class=\"wp-image-51761\" srcset=\"https:\/\/latamobility.com\/wp-content\/uploads\/2025\/09\/Fleet-Management-Charging-Matchmaking-Hub_post-1-819x1024.jpg 819w, https:\/\/latamobility.com\/wp-content\/uploads\/2025\/09\/Fleet-Management-Charging-Matchmaking-Hub_post-1-240x300.jpg 240w, https:\/\/latamobility.com\/wp-content\/uploads\/2025\/09\/Fleet-Management-Charging-Matchmaking-Hub_post-1-768x960.jpg 768w, https:\/\/latamobility.com\/wp-content\/uploads\/2025\/09\/Fleet-Management-Charging-Matchmaking-Hub_post-1.jpg 1080w\" sizes=\"(max-width: 819px) 100vw, 819px\" \/><\/figure>\n\n\n\n<figure class=\"wp-block-image size-large\"><img loading=\"lazy\" decoding=\"async\" width=\"819\" height=\"1024\" data-id=\"51809\" src=\"https:\/\/latamobility.com\/wp-content\/uploads\/2025\/09\/1756907737437-819x1024.jpeg\" alt=\"Latam Mobility M\u00e9xico 2025\" class=\"wp-image-51809\" srcset=\"https:\/\/latamobility.com\/wp-content\/uploads\/2025\/09\/1756907737437-819x1024.jpeg 819w, https:\/\/latamobility.com\/wp-content\/uploads\/2025\/09\/1756907737437-240x300.jpeg 240w, https:\/\/latamobility.com\/wp-content\/uploads\/2025\/09\/1756907737437-768x960.jpeg 768w, https:\/\/latamobility.com\/wp-content\/uploads\/2025\/09\/1756907737437.jpeg 1080w\" sizes=\"(max-width: 819px) 100vw, 819px\" \/><\/figure>\n<\/figure>\n","protected":false},"excerpt":{"rendered":"<p>A Uber Technologies Inc. foi alvo de uma nova avalia\u00e7\u00e3o financeira do Goldman Sachs, na qual se projeta um crescimento sustentado e estrat\u00e9gico em suas linhas de neg\u00f3cios corporativas, com \u00eanfase na consolida\u00e7\u00e3o do Uber for Business como uma plataforma chave na transforma\u00e7\u00e3o digital do transporte corporativo. O relat\u00f3rio antecipa um aumento composto de 16%&#8230;<\/p>\n","protected":false},"author":10,"featured_media":51899,"comment_status":"open","ping_status":"closed","sticky":false,"template":"","format":"standard","meta":{"_kad_post_transparent":"","_kad_post_title":"","_kad_post_layout":"","_kad_post_sidebar_id":"","_kad_post_content_style":"","_kad_post_vertical_padding":"","_kad_post_feature":"","_kad_post_feature_position":"","_kad_post_header":false,"_kad_post_footer":false,"_kad_post_classname":"","footnotes":""},"categories":[1468],"tags":[3356,2359],"class_list":["post-51903","post","type-post","status-publish","format-standard","has-post-thumbnail","hentry","category-nao-categorizado","tag-mexico-pt-br","tag-movilidad-electrica-pt-br"],"yoast_head":"<!-- This site is optimized with the Yoast SEO Premium plugin v22.7 (Yoast SEO v27.1.1) - https:\/\/yoast.com\/product\/yoast-seo-premium-wordpress\/ -->\n<title>Uber for Business se consolida como eixo estrat\u00e9gico no crescimento global do modelo B2B - Latam Mobility<\/title>\n<meta name=\"description\" content=\"A Uber Technologies foi alvo de uma nova avalia\u00e7\u00e3o financeira do Goldman Sachs, na qual se projeta um crescimento sustentado\" \/>\n<meta name=\"robots\" content=\"index, follow, max-snippet:-1, max-image-preview:large, max-video-preview:-1\" \/>\n<link rel=\"canonical\" href=\"https:\/\/latamobility.com\/uber-para-empresas-eje-crecimiento-global-modelo-b2b\/\" \/>\n<meta property=\"og:locale\" content=\"pt_BR\" \/>\n<meta property=\"og:type\" content=\"article\" \/>\n<meta property=\"og:title\" content=\"Uber for Business se consolida como eixo estrat\u00e9gico no crescimento global do modelo B2B\" \/>\n<meta property=\"og:description\" content=\"A Uber Technologies foi alvo de uma nova avalia\u00e7\u00e3o financeira do Goldman Sachs, na qual se projeta um crescimento sustentado\" \/>\n<meta property=\"og:url\" content=\"https:\/\/latamobility.com\/uber-para-empresas-eje-crecimiento-global-modelo-b2b\/\" \/>\n<meta property=\"og:site_name\" content=\"Latam Mobility\" \/>\n<meta property=\"article:publisher\" content=\"https:\/\/www.facebook.com\/latamobility\/\" \/>\n<meta property=\"article:published_time\" content=\"2025-09-17T10:05:00+00:00\" \/>\n<meta property=\"og:image\" content=\"https:\/\/latamobility.com\/wp-content\/uploads\/2025\/09\/Uber-150925-b.jpg\" \/>\n\t<meta property=\"og:image:width\" content=\"1024\" \/>\n\t<meta property=\"og:image:height\" content=\"512\" \/>\n\t<meta property=\"og:image:type\" content=\"image\/jpeg\" \/>\n<meta name=\"author\" content=\"Antonio Vilela\" \/>\n<meta name=\"twitter:card\" content=\"summary_large_image\" \/>\n<meta name=\"twitter:description\" content=\"A Uber Technologies foi alvo de uma nova avalia\u00e7\u00e3o financeira do Goldman Sachs, na qual se projeta um crescimento sustentado\" \/>\n<meta name=\"twitter:creator\" content=\"@LataMobility\" \/>\n<meta name=\"twitter:site\" content=\"@LataMobility\" \/>\n<meta name=\"twitter:label1\" content=\"Escrito por\" \/>\n\t<meta name=\"twitter:data1\" content=\"Antonio Vilela\" \/>\n\t<meta name=\"twitter:label2\" content=\"Est. tempo de leitura\" \/>\n\t<meta name=\"twitter:data2\" content=\"5 minutos\" \/>\n<script type=\"application\/ld+json\" class=\"yoast-schema-graph\">{\"@context\":\"https:\/\/schema.org\",\"@graph\":[{\"@type\":\"NewsArticle\",\"@id\":\"https:\/\/latamobility.com\/uber-para-empresas-eje-crecimiento-global-modelo-b2b\/#article\",\"isPartOf\":{\"@id\":\"https:\/\/latamobility.com\/uber-para-empresas-eje-crecimiento-global-modelo-b2b\/\"},\"author\":{\"name\":\"Antonio Vilela\",\"@id\":\"https:\/\/latamobility.com\/#\/schema\/person\/fda092a2de1f87d347784282908bad1a\"},\"headline\":\"Uber for Business se consolida como eixo estrat\u00e9gico no crescimento global do modelo B2B\",\"datePublished\":\"2025-09-17T10:05:00+00:00\",\"mainEntityOfPage\":{\"@id\":\"https:\/\/latamobility.com\/uber-para-empresas-eje-crecimiento-global-modelo-b2b\/\"},\"wordCount\":960,\"commentCount\":0,\"publisher\":{\"@id\":\"https:\/\/latamobility.com\/#organization\"},\"image\":{\"@id\":\"https:\/\/latamobility.com\/uber-para-empresas-eje-crecimiento-global-modelo-b2b\/#primaryimage\"},\"thumbnailUrl\":\"https:\/\/latamobility.com\/wp-content\/uploads\/2025\/09\/Uber-150925-b.jpg\",\"keywords\":[\"M\u00e9xico\",\"Movilidad el\u00e9ctrica\"],\"articleSection\":[\"N\u00e3o categorizado\"],\"inLanguage\":\"pt-BR\",\"potentialAction\":[{\"@type\":\"CommentAction\",\"name\":\"Comment\",\"target\":[\"https:\/\/latamobility.com\/uber-para-empresas-eje-crecimiento-global-modelo-b2b\/#respond\"]}]},{\"@type\":\"WebPage\",\"@id\":\"https:\/\/latamobility.com\/uber-para-empresas-eje-crecimiento-global-modelo-b2b\/\",\"url\":\"https:\/\/latamobility.com\/uber-para-empresas-eje-crecimiento-global-modelo-b2b\/\",\"name\":\"Uber for Business se consolida como eixo estrat\u00e9gico no crescimento global do modelo B2B - Latam Mobility\",\"isPartOf\":{\"@id\":\"https:\/\/latamobility.com\/#website\"},\"primaryImageOfPage\":{\"@id\":\"https:\/\/latamobility.com\/uber-para-empresas-eje-crecimiento-global-modelo-b2b\/#primaryimage\"},\"image\":{\"@id\":\"https:\/\/latamobility.com\/uber-para-empresas-eje-crecimiento-global-modelo-b2b\/#primaryimage\"},\"thumbnailUrl\":\"https:\/\/latamobility.com\/wp-content\/uploads\/2025\/09\/Uber-150925-b.jpg\",\"datePublished\":\"2025-09-17T10:05:00+00:00\",\"description\":\"A Uber Technologies foi alvo de uma nova avalia\u00e7\u00e3o financeira do Goldman Sachs, na qual se projeta um crescimento sustentado\",\"breadcrumb\":{\"@id\":\"https:\/\/latamobility.com\/uber-para-empresas-eje-crecimiento-global-modelo-b2b\/#breadcrumb\"},\"inLanguage\":\"pt-BR\",\"potentialAction\":[{\"@type\":\"ReadAction\",\"target\":[\"https:\/\/latamobility.com\/uber-para-empresas-eje-crecimiento-global-modelo-b2b\/\"]}]},{\"@type\":\"ImageObject\",\"inLanguage\":\"pt-BR\",\"@id\":\"https:\/\/latamobility.com\/uber-para-empresas-eje-crecimiento-global-modelo-b2b\/#primaryimage\",\"url\":\"https:\/\/latamobility.com\/wp-content\/uploads\/2025\/09\/Uber-150925-b.jpg\",\"contentUrl\":\"https:\/\/latamobility.com\/wp-content\/uploads\/2025\/09\/Uber-150925-b.jpg\",\"width\":1024,\"height\":512,\"caption\":\"Fotos: Uber\"},{\"@type\":\"BreadcrumbList\",\"@id\":\"https:\/\/latamobility.com\/uber-para-empresas-eje-crecimiento-global-modelo-b2b\/#breadcrumb\",\"itemListElement\":[{\"@type\":\"ListItem\",\"position\":1,\"name\":\"Portada\",\"item\":\"https:\/\/latamobility.com\/pt-br\/\"},{\"@type\":\"ListItem\",\"position\":2,\"name\":\"Uber for Business se consolida como eixo estrat\u00e9gico no crescimento global do modelo B2B\"}]},{\"@type\":\"WebSite\",\"@id\":\"https:\/\/latamobility.com\/#website\",\"url\":\"https:\/\/latamobility.com\/\",\"name\":\"Latam Mobility\",\"description\":\"Serie de Eventos para promover la Movilidad y Transporte sostenible en Latinoam\u00e9rica\",\"publisher\":{\"@id\":\"https:\/\/latamobility.com\/#organization\"},\"potentialAction\":[{\"@type\":\"SearchAction\",\"target\":{\"@type\":\"EntryPoint\",\"urlTemplate\":\"https:\/\/latamobility.com\/?s={search_term_string}\"},\"query-input\":{\"@type\":\"PropertyValueSpecification\",\"valueRequired\":true,\"valueName\":\"search_term_string\"}}],\"inLanguage\":\"pt-BR\"},{\"@type\":\"Organization\",\"@id\":\"https:\/\/latamobility.com\/#organization\",\"name\":\"LATAM MOBILITY\",\"url\":\"https:\/\/latamobility.com\/\",\"logo\":{\"@type\":\"ImageObject\",\"inLanguage\":\"pt-BR\",\"@id\":\"https:\/\/latamobility.com\/#\/schema\/logo\/image\/\",\"url\":\"https:\/\/latamobility.com\/wp-content\/uploads\/2025\/01\/logos-LM-LG-2025-10.png\",\"contentUrl\":\"https:\/\/latamobility.com\/wp-content\/uploads\/2025\/01\/logos-LM-LG-2025-10.png\",\"width\":1080,\"height\":1080,\"caption\":\"LATAM MOBILITY\"},\"image\":{\"@id\":\"https:\/\/latamobility.com\/#\/schema\/logo\/image\/\"},\"sameAs\":[\"https:\/\/www.facebook.com\/latamobility\/\",\"https:\/\/x.com\/LataMobility\",\"https:\/\/www.instagram.com\/latamobility\/\",\"https:\/\/www.linkedin.com\/company\/latamobility\/\",\"https:\/\/www.youtube.com\/channel\/UCtcslRCRY0vITWaOQ1X0XUA\"]},{\"@type\":\"Person\",\"@id\":\"https:\/\/latamobility.com\/#\/schema\/person\/fda092a2de1f87d347784282908bad1a\",\"name\":\"Antonio Vilela\",\"image\":{\"@type\":\"ImageObject\",\"inLanguage\":\"pt-BR\",\"@id\":\"https:\/\/latamobility.com\/#\/schema\/person\/image\/\",\"url\":\"https:\/\/secure.gravatar.com\/avatar\/7eee8196fd2fda180806d7b41cd517f274d5ad3b9f65d873feb3ca7e2b3a72d2?s=96&d=mm&r=g\",\"contentUrl\":\"https:\/\/secure.gravatar.com\/avatar\/7eee8196fd2fda180806d7b41cd517f274d5ad3b9f65d873feb3ca7e2b3a72d2?s=96&d=mm&r=g\",\"caption\":\"Antonio Vilela\"}}]}<\/script>\n<!-- \/ Yoast SEO Premium plugin. -->","yoast_head_json":{"title":"Uber for Business se consolida como eixo estrat\u00e9gico no crescimento global do modelo B2B - Latam Mobility","description":"A Uber Technologies foi alvo de uma nova avalia\u00e7\u00e3o financeira do Goldman Sachs, na qual se projeta um crescimento sustentado","robots":{"index":"index","follow":"follow","max-snippet":"max-snippet:-1","max-image-preview":"max-image-preview:large","max-video-preview":"max-video-preview:-1"},"canonical":"https:\/\/latamobility.com\/uber-para-empresas-eje-crecimiento-global-modelo-b2b\/","og_locale":"pt_BR","og_type":"article","og_title":"Uber for Business se consolida como eixo estrat\u00e9gico no crescimento global do modelo B2B","og_description":"A Uber Technologies foi alvo de uma nova avalia\u00e7\u00e3o financeira do Goldman Sachs, na qual se projeta um crescimento sustentado","og_url":"https:\/\/latamobility.com\/uber-para-empresas-eje-crecimiento-global-modelo-b2b\/","og_site_name":"Latam Mobility","article_publisher":"https:\/\/www.facebook.com\/latamobility\/","article_published_time":"2025-09-17T10:05:00+00:00","og_image":[{"width":1024,"height":512,"url":"https:\/\/latamobility.com\/wp-content\/uploads\/2025\/09\/Uber-150925-b.jpg","type":"image\/jpeg"}],"author":"Antonio Vilela","twitter_card":"summary_large_image","twitter_description":"A Uber Technologies foi alvo de uma nova avalia\u00e7\u00e3o financeira do Goldman Sachs, na qual se projeta um crescimento sustentado","twitter_creator":"@LataMobility","twitter_site":"@LataMobility","twitter_misc":{"Escrito por":"Antonio Vilela","Est. tempo de leitura":"5 minutos"},"schema":{"@context":"https:\/\/schema.org","@graph":[{"@type":"NewsArticle","@id":"https:\/\/latamobility.com\/uber-para-empresas-eje-crecimiento-global-modelo-b2b\/#article","isPartOf":{"@id":"https:\/\/latamobility.com\/uber-para-empresas-eje-crecimiento-global-modelo-b2b\/"},"author":{"name":"Antonio Vilela","@id":"https:\/\/latamobility.com\/#\/schema\/person\/fda092a2de1f87d347784282908bad1a"},"headline":"Uber for Business se consolida como eixo estrat\u00e9gico no crescimento global do modelo B2B","datePublished":"2025-09-17T10:05:00+00:00","mainEntityOfPage":{"@id":"https:\/\/latamobility.com\/uber-para-empresas-eje-crecimiento-global-modelo-b2b\/"},"wordCount":960,"commentCount":0,"publisher":{"@id":"https:\/\/latamobility.com\/#organization"},"image":{"@id":"https:\/\/latamobility.com\/uber-para-empresas-eje-crecimiento-global-modelo-b2b\/#primaryimage"},"thumbnailUrl":"https:\/\/latamobility.com\/wp-content\/uploads\/2025\/09\/Uber-150925-b.jpg","keywords":["M\u00e9xico","Movilidad el\u00e9ctrica"],"articleSection":["N\u00e3o categorizado"],"inLanguage":"pt-BR","potentialAction":[{"@type":"CommentAction","name":"Comment","target":["https:\/\/latamobility.com\/uber-para-empresas-eje-crecimiento-global-modelo-b2b\/#respond"]}]},{"@type":"WebPage","@id":"https:\/\/latamobility.com\/uber-para-empresas-eje-crecimiento-global-modelo-b2b\/","url":"https:\/\/latamobility.com\/uber-para-empresas-eje-crecimiento-global-modelo-b2b\/","name":"Uber for Business se consolida como eixo estrat\u00e9gico no crescimento global do modelo B2B - Latam Mobility","isPartOf":{"@id":"https:\/\/latamobility.com\/#website"},"primaryImageOfPage":{"@id":"https:\/\/latamobility.com\/uber-para-empresas-eje-crecimiento-global-modelo-b2b\/#primaryimage"},"image":{"@id":"https:\/\/latamobility.com\/uber-para-empresas-eje-crecimiento-global-modelo-b2b\/#primaryimage"},"thumbnailUrl":"https:\/\/latamobility.com\/wp-content\/uploads\/2025\/09\/Uber-150925-b.jpg","datePublished":"2025-09-17T10:05:00+00:00","description":"A Uber Technologies foi alvo de uma nova avalia\u00e7\u00e3o financeira do Goldman Sachs, na qual se projeta um crescimento sustentado","breadcrumb":{"@id":"https:\/\/latamobility.com\/uber-para-empresas-eje-crecimiento-global-modelo-b2b\/#breadcrumb"},"inLanguage":"pt-BR","potentialAction":[{"@type":"ReadAction","target":["https:\/\/latamobility.com\/uber-para-empresas-eje-crecimiento-global-modelo-b2b\/"]}]},{"@type":"ImageObject","inLanguage":"pt-BR","@id":"https:\/\/latamobility.com\/uber-para-empresas-eje-crecimiento-global-modelo-b2b\/#primaryimage","url":"https:\/\/latamobility.com\/wp-content\/uploads\/2025\/09\/Uber-150925-b.jpg","contentUrl":"https:\/\/latamobility.com\/wp-content\/uploads\/2025\/09\/Uber-150925-b.jpg","width":1024,"height":512,"caption":"Fotos: Uber"},{"@type":"BreadcrumbList","@id":"https:\/\/latamobility.com\/uber-para-empresas-eje-crecimiento-global-modelo-b2b\/#breadcrumb","itemListElement":[{"@type":"ListItem","position":1,"name":"Portada","item":"https:\/\/latamobility.com\/pt-br\/"},{"@type":"ListItem","position":2,"name":"Uber for Business se consolida como eixo estrat\u00e9gico no crescimento global do modelo B2B"}]},{"@type":"WebSite","@id":"https:\/\/latamobility.com\/#website","url":"https:\/\/latamobility.com\/","name":"Latam Mobility","description":"Serie de Eventos para promover la Movilidad y Transporte sostenible en Latinoam\u00e9rica","publisher":{"@id":"https:\/\/latamobility.com\/#organization"},"potentialAction":[{"@type":"SearchAction","target":{"@type":"EntryPoint","urlTemplate":"https:\/\/latamobility.com\/?s={search_term_string}"},"query-input":{"@type":"PropertyValueSpecification","valueRequired":true,"valueName":"search_term_string"}}],"inLanguage":"pt-BR"},{"@type":"Organization","@id":"https:\/\/latamobility.com\/#organization","name":"LATAM MOBILITY","url":"https:\/\/latamobility.com\/","logo":{"@type":"ImageObject","inLanguage":"pt-BR","@id":"https:\/\/latamobility.com\/#\/schema\/logo\/image\/","url":"https:\/\/latamobility.com\/wp-content\/uploads\/2025\/01\/logos-LM-LG-2025-10.png","contentUrl":"https:\/\/latamobility.com\/wp-content\/uploads\/2025\/01\/logos-LM-LG-2025-10.png","width":1080,"height":1080,"caption":"LATAM MOBILITY"},"image":{"@id":"https:\/\/latamobility.com\/#\/schema\/logo\/image\/"},"sameAs":["https:\/\/www.facebook.com\/latamobility\/","https:\/\/x.com\/LataMobility","https:\/\/www.instagram.com\/latamobility\/","https:\/\/www.linkedin.com\/company\/latamobility\/","https:\/\/www.youtube.com\/channel\/UCtcslRCRY0vITWaOQ1X0XUA"]},{"@type":"Person","@id":"https:\/\/latamobility.com\/#\/schema\/person\/fda092a2de1f87d347784282908bad1a","name":"Antonio Vilela","image":{"@type":"ImageObject","inLanguage":"pt-BR","@id":"https:\/\/latamobility.com\/#\/schema\/person\/image\/","url":"https:\/\/secure.gravatar.com\/avatar\/7eee8196fd2fda180806d7b41cd517f274d5ad3b9f65d873feb3ca7e2b3a72d2?s=96&d=mm&r=g","contentUrl":"https:\/\/secure.gravatar.com\/avatar\/7eee8196fd2fda180806d7b41cd517f274d5ad3b9f65d873feb3ca7e2b3a72d2?s=96&d=mm&r=g","caption":"Antonio Vilela"}}]}},"_links":{"self":[{"href":"https:\/\/latamobility.com\/pt-br\/wp-json\/wp\/v2\/posts\/51903","targetHints":{"allow":["GET"]}}],"collection":[{"href":"https:\/\/latamobility.com\/pt-br\/wp-json\/wp\/v2\/posts"}],"about":[{"href":"https:\/\/latamobility.com\/pt-br\/wp-json\/wp\/v2\/types\/post"}],"author":[{"embeddable":true,"href":"https:\/\/latamobility.com\/pt-br\/wp-json\/wp\/v2\/users\/10"}],"replies":[{"embeddable":true,"href":"https:\/\/latamobility.com\/pt-br\/wp-json\/wp\/v2\/comments?post=51903"}],"version-history":[{"count":1,"href":"https:\/\/latamobility.com\/pt-br\/wp-json\/wp\/v2\/posts\/51903\/revisions"}],"predecessor-version":[{"id":51904,"href":"https:\/\/latamobility.com\/pt-br\/wp-json\/wp\/v2\/posts\/51903\/revisions\/51904"}],"wp:featuredmedia":[{"embeddable":true,"href":"https:\/\/latamobility.com\/pt-br\/wp-json\/wp\/v2\/media\/51899"}],"wp:attachment":[{"href":"https:\/\/latamobility.com\/pt-br\/wp-json\/wp\/v2\/media?parent=51903"}],"wp:term":[{"taxonomy":"category","embeddable":true,"href":"https:\/\/latamobility.com\/pt-br\/wp-json\/wp\/v2\/categories?post=51903"},{"taxonomy":"post_tag","embeddable":true,"href":"https:\/\/latamobility.com\/pt-br\/wp-json\/wp\/v2\/tags?post=51903"}],"curies":[{"name":"wp","href":"https:\/\/api.w.org\/{rel}","templated":true}]}}