{"id":51916,"date":"2025-09-18T05:05:00","date_gmt":"2025-09-18T10:05:00","guid":{"rendered":"https:\/\/latamobility.com\/?p=51916"},"modified":"2025-09-15T10:45:58","modified_gmt":"2025-09-15T15:45:58","slug":"flix-revoluciona-a-mobilidade-intermunicipal","status":"publish","type":"post","link":"https:\/\/latamobility.com\/pt-br\/flix-revoluciona-a-mobilidade-intermunicipal\/","title":{"rendered":"FLIX revoluciona a mobilidade intermunicipal com seu modelo sustent\u00e1vel"},"content":{"rendered":"\n<p>A <strong><a href=\"https:\/\/global.flixbus.com\/\">Flix<\/a><\/strong>, l\u00edder mundial em tecnologia aplicada ao transporte de passageiros, consolida seu compromisso com a mobilidade sustent\u00e1vel ap\u00f3s registrar marcos operacionais e ampliar sua presen\u00e7a internacional.<\/p>\n\n\n\n<p>A empresa, reconhecida por sua plataforma digital de reservas e gest\u00e3o de frotas, refor\u00e7a seu roteiro estrat\u00e9gico com novos mercados e parcerias que <strong>promovem alternativas de viagem acess\u00edveis e respeitosas com o meio ambiente<\/strong>.<\/p>\n\n\n\n<p>Fundada em <strong>2013 <\/strong>em Munique, a <strong>Flix <\/strong>implantou seu modelo de \u201c<em>travel-tech<\/em>\u201d em <strong>mais de 44 pa\u00edses da Europa, Am\u00e9rica do Norte e \u00c1sia<\/strong>, combinando tecnologia de ponta com parcerias locais para oferecer servi\u00e7os de \u00f4nibus e trem de longa dist\u00e2ncia.<\/p>\n\n\n\n<p>Sua plataforma <strong>permite que operadores regionais escalem opera\u00e7\u00f5es sem incorrer em altos custos de infraestrutura<\/strong>, enquanto os viajantes acessam uma experi\u00eancia digital unificada, com pre\u00e7os din\u00e2micos, informa\u00e7\u00f5es em tempo real e atendimento multil\u00edngue.<\/p>\n\n\n\n<p>Em <strong>2024<\/strong>, os <strong>usu\u00e1rios da Flix evitaram coletivamente a emiss\u00e3o de 1,5 milh\u00e3o de toneladas de CO<sub>2<\/sub><\/strong> ao optar pelo transporte coletivo em vez de carros particulares, um indicador que refor\u00e7a a lideran\u00e7a da empresa em sustentabilidade urbana.<\/p>\n\n\n\n<p><strong>Tamb\u00e9m pode te interessar |<\/strong> <strong><a href=\"https:\/\/latamobility.com\/pt-br\/inovacao-gestao-de-frotas-tecnologia-e-sustentabilidade-os-pilares-do-latam-mobility-mexico-2025-se-reunem-em-outubro\/\">Inova\u00e7\u00e3o, gest\u00e3o de frotas, tecnologia e sustentabilidade: os pilares do \u00abLatam Mobility M\u00e9xico 2025\u00bb se re\u00fanem em outubro<\/a><\/strong><\/p>\n\n\n\n<h2 class=\"wp-block-heading\" id=\"h-estreia-no-mercado-mexicano\"><strong>Estreia no mercado mexicano<\/strong><\/h2>\n\n\n\n<p>No m\u00eas de maio passado, a <strong><a href=\"https:\/\/global.flixbus.com\/\">Flix<\/a> <\/strong>anunciou oficialmente sua chegada ao <strong>M\u00e9xico<\/strong>, posicionando-se como o \u201c<strong>Uber dos \u00f4nibus<\/strong>\u201d ao lan\u00e7ar seis paradas iniciais que conectam a <strong>Cidade do M\u00e9xico e Monterrey a Torre\u00f3n, Quer\u00e9taro, San Luis Potos\u00ed e Matehuala<\/strong>.<\/p>\n\n\n\n<p>Este lan\u00e7amento foi realizado em colabora\u00e7\u00e3o com tr\u00eas parceiros locais de transporte rodovi\u00e1rio, com o objetivo de <strong>digitalizar as reservas, melhorar a experi\u00eancia do passageiro e oferecer tarifas competitivas<\/strong> em um dos maiores mercados da Am\u00e9rica Latina.<\/p>\n\n\n\n<p>O aplicativo m\u00f3vel e o portal web da <strong>Flix <\/strong>integram um motor de reservas inteligente baseado em an\u00e1lise de dados e <em>machine learning<\/em>, que ajusta os pre\u00e7os conforme a demanda e projeta tempos de viagem com alta precis\u00e3o.<\/p>\n\n\n\n<figure class=\"wp-block-image size-large\"><img fetchpriority=\"high\" decoding=\"async\" width=\"1024\" height=\"683\" src=\"https:\/\/latamobility.com\/wp-content\/uploads\/2025\/09\/Flix-150925-b-1024x683.webp\" alt=\"Flix\" class=\"wp-image-51912\" srcset=\"https:\/\/latamobility.com\/wp-content\/uploads\/2025\/09\/Flix-150925-b-1024x683.webp 1024w, https:\/\/latamobility.com\/wp-content\/uploads\/2025\/09\/Flix-150925-b-300x200.webp 300w, https:\/\/latamobility.com\/wp-content\/uploads\/2025\/09\/Flix-150925-b-768x512.webp 768w, https:\/\/latamobility.com\/wp-content\/uploads\/2025\/09\/Flix-150925-b.webp 1200w\" sizes=\"(max-width: 1024px) 100vw, 1024px\" \/><\/figure>\n\n\n\n<p>Al\u00e9m de viagens de passageiros, a empresa explora solu\u00e7\u00f5es de encomendas leves e parcerias com operadores tur\u00edsticos para ampliar seu ecossistema de mobilidade.<\/p>\n\n\n\n<p>A versatilidade de seu modelo permite integrar programas de fidelidade e servi\u00e7os de assinatura, fortalecendo o relacionamento com clientes frequentes e otimizando a ocupa\u00e7\u00e3o de cada unidade.<\/p>\n\n\n\n<h2 class=\"wp-block-heading\" id=\"h-perspectivas-de-crescimento-na-america-latina\"><strong>Perspectivas de crescimento na Am\u00e9rica Latina<\/strong><\/h2>\n\n\n\n<p>Ap\u00f3s seu in\u00edcio no M\u00e9xico, a <strong><a href=\"https:\/\/global.flixbus.com\/\">Flix<\/a> <\/strong>prepara a expans\u00e3o de rotas na Am\u00e9rica Central e Am\u00e9rica do Sul para o final de 2025, com \u00eanfase <strong>em pa\u00edses com alta densidade de deslocamentos intermunicipais<\/strong>.<\/p>\n\n\n\n<p>A empresa avalia oportunidades de <strong>colabora\u00e7\u00e3o com governos locais para impulsionar projetos de eletrifica\u00e7\u00e3o de frotas e esta\u00e7\u00f5es de carregamento<\/strong>, bem como iniciativas de transporte escolar e empresarial que atendam a necessidades espec\u00edficas de mobilidade regional.<\/p>\n\n\n\n<p>Em definitivo, a <strong>Flix <\/strong>reafirma seu compromisso com a transforma\u00e7\u00e3o da mobilidade intermunicipal, <strong>combinando tecnologia de ponta e parcerias estrat\u00e9gicas<\/strong> para oferecer viagens mais sustent\u00e1veis, acess\u00edveis e adaptadas \u00e0s necessidades de cada comunidade.<\/p>\n\n\n\n<p>Com seu modelo baseado em dados e colabora\u00e7\u00e3o local, a <strong>Flix <\/strong>se posiciona como um catalisador de mudan\u00e7a que n\u00e3o apenas conecta destinos, mas impulsiona o desenvolvimento econ\u00f4mico e social das regi\u00f5es onde atua.<\/p>\n\n\n\n<figure class=\"wp-block-image size-large\"><img decoding=\"async\" width=\"1024\" height=\"576\" src=\"https:\/\/latamobility.com\/wp-content\/uploads\/2025\/09\/Banner-Latam-Mobility-Mexico-2025_logos-twitter-2-1024x576.jpg\" alt=\"Latam Mobility Mexico 2025\" class=\"wp-image-51844\" srcset=\"https:\/\/latamobility.com\/wp-content\/uploads\/2025\/09\/Banner-Latam-Mobility-Mexico-2025_logos-twitter-2-1024x576.jpg 1024w, https:\/\/latamobility.com\/wp-content\/uploads\/2025\/09\/Banner-Latam-Mobility-Mexico-2025_logos-twitter-2-300x169.jpg 300w, https:\/\/latamobility.com\/wp-content\/uploads\/2025\/09\/Banner-Latam-Mobility-Mexico-2025_logos-twitter-2-768x432.jpg 768w, https:\/\/latamobility.com\/wp-content\/uploads\/2025\/09\/Banner-Latam-Mobility-Mexico-2025_logos-twitter-2-1536x864.jpg 1536w, https:\/\/latamobility.com\/wp-content\/uploads\/2025\/09\/Banner-Latam-Mobility-Mexico-2025_logos-twitter-2-2048x1153.jpg 2048w\" sizes=\"(max-width: 1024px) 100vw, 1024px\" \/><\/figure>\n\n\n\n<h2 class=\"wp-block-heading\" id=\"h-rumo-ao-latam-mobility-mexico-2025\">Rumo ao \u201cLatam Mobility M\u00e9xico 2025\u201d<\/h2>\n\n\n\n<p>A <strong>Geotab <\/strong>participar\u00e1 do \u201c<strong><a href=\"https:\/\/live.eventtia.com\/es\/latammobilityconosur2025\">Latam Mobility M\u00e9xico 2025<\/a><\/strong>\u201d, o mais importante encontro sobre mobilidade sustent\u00e1vel da regi\u00e3o, que ser\u00e1 realizado nos dias 13 e 14 de outubro no World Trade Center da Cidade do M\u00e9xico.<\/p>\n\n\n\n<p>A c\u00fapula reunir\u00e1 os principais atores da ind\u00fastria, desde <strong>fabricantes de ve\u00edculos e empresas de tecnologia at\u00e9 autoridades governamentais e especialistas<\/strong>, todos unidos por um objetivo comum: acelerar a transi\u00e7\u00e3o para sistemas de transporte mais limpos, inteligentes e eficientes.<\/p>\n\n\n\n<p>Como parte central da agenda, destaca-se o \u201c<strong>Fleet Management &amp; Charging Matchmaking Hub<\/strong>\u201d, o novo eixo de inova\u00e7\u00e3o e parcerias para frotas.<\/p>\n\n\n\n<p>Este espa\u00e7o ser\u00e1 dedicado exclusivamente a conectar os <strong>l\u00edderes de frotas de transporte com os principais fornecedores de solu\u00e7\u00f5es de telem\u00e1tica, gest\u00e3o de carga, infraestrutura e ve\u00edculos el\u00e9tricos<\/strong>, facilitando as alian\u00e7as estrat\u00e9gicas necess\u00e1rias para acelerar a transi\u00e7\u00e3o.<\/p>\n\n\n\n<p>A oportunidade de construir as frotas do futuro \u00e9 agora, e a \u201c<strong><a href=\"https:\/\/live.eventtia.com\/es\/latammobilityconosur2025\">Latam Mobility M\u00e9xico 2025<\/a><\/strong>\u201d marcar\u00e1 um passo essencial para os l\u00edderes que buscam otimizar suas opera\u00e7\u00f5es, reduzir custos e liderar a transi\u00e7\u00e3o para um transporte eficiente e sustent\u00e1vel.<\/p>\n\n\n\n<p>\ud83d\udd39Para obter mais informa\u00e7\u00f5es sobre como participar e as op\u00e7\u00f5es de posicionamento, escreva para <a href=\"mailto:info@investinlatam.org\"><strong>info@investinlatam.org<\/strong><\/a>.<\/p>\n\n\n\n<p>\ud83d\udd39O contato via <strong><a href=\"https:\/\/lnkd.in\/eQzTYdNG\">WhatsApp<\/a><\/strong> est\u00e1 dispon\u00edvel; voc\u00ea pode adquirir seus ingressos clicando aqui e se inscrever no \u201c<strong>Fleet Management &amp; Charging Matchmaking Hub<\/strong>\u201d <strong><a href=\"https:\/\/tinyurl.com\/ybfrdjfx\">aqui<\/a><\/strong>.<\/p>\n\n\n\n<figure class=\"wp-block-gallery has-nested-images columns-default is-cropped wp-block-gallery-1 is-layout-flex wp-block-gallery-is-layout-flex\">\n<figure class=\"wp-block-image size-large\"><img decoding=\"async\" width=\"819\" height=\"1024\" data-id=\"51761\" src=\"https:\/\/latamobility.com\/wp-content\/uploads\/2025\/09\/Fleet-Management-Charging-Matchmaking-Hub_post-1-819x1024.jpg\" alt=\"Latam Mobility M\u00e9xico 2025\" class=\"wp-image-51761\" srcset=\"https:\/\/latamobility.com\/wp-content\/uploads\/2025\/09\/Fleet-Management-Charging-Matchmaking-Hub_post-1-819x1024.jpg 819w, https:\/\/latamobility.com\/wp-content\/uploads\/2025\/09\/Fleet-Management-Charging-Matchmaking-Hub_post-1-240x300.jpg 240w, https:\/\/latamobility.com\/wp-content\/uploads\/2025\/09\/Fleet-Management-Charging-Matchmaking-Hub_post-1-768x960.jpg 768w, https:\/\/latamobility.com\/wp-content\/uploads\/2025\/09\/Fleet-Management-Charging-Matchmaking-Hub_post-1.jpg 1080w\" sizes=\"(max-width: 819px) 100vw, 819px\" \/><\/figure>\n\n\n\n<figure class=\"wp-block-image size-large\"><img loading=\"lazy\" decoding=\"async\" width=\"819\" height=\"1024\" data-id=\"51809\" src=\"https:\/\/latamobility.com\/wp-content\/uploads\/2025\/09\/1756907737437-819x1024.jpeg\" alt=\"Latam Mobility M\u00e9xico 2025\" class=\"wp-image-51809\" srcset=\"https:\/\/latamobility.com\/wp-content\/uploads\/2025\/09\/1756907737437-819x1024.jpeg 819w, https:\/\/latamobility.com\/wp-content\/uploads\/2025\/09\/1756907737437-240x300.jpeg 240w, https:\/\/latamobility.com\/wp-content\/uploads\/2025\/09\/1756907737437-768x960.jpeg 768w, https:\/\/latamobility.com\/wp-content\/uploads\/2025\/09\/1756907737437.jpeg 1080w\" sizes=\"(max-width: 819px) 100vw, 819px\" \/><\/figure>\n<\/figure>\n","protected":false},"excerpt":{"rendered":"<p>A Flix, l\u00edder mundial em tecnologia aplicada ao transporte de passageiros, consolida seu compromisso com a mobilidade sustent\u00e1vel ap\u00f3s registrar marcos operacionais e ampliar sua presen\u00e7a internacional. A empresa, reconhecida por sua plataforma digital de reservas e gest\u00e3o de frotas, refor\u00e7a seu roteiro estrat\u00e9gico com novos mercados e parcerias que promovem alternativas de viagem acess\u00edveis&#8230;<\/p>\n","protected":false},"author":10,"featured_media":51909,"comment_status":"open","ping_status":"closed","sticky":false,"template":"","format":"standard","meta":{"_kad_post_transparent":"","_kad_post_title":"","_kad_post_layout":"","_kad_post_sidebar_id":"","_kad_post_content_style":"","_kad_post_vertical_padding":"","_kad_post_feature":"","_kad_post_feature_position":"","_kad_post_header":false,"_kad_post_footer":false,"_kad_post_classname":"","footnotes":""},"categories":[1468],"tags":[3356,2357],"class_list":["post-51916","post","type-post","status-publish","format-standard","has-post-thumbnail","hentry","category-nao-categorizado","tag-mexico-pt-br","tag-movilidad-sostenible-pt-br"],"yoast_head":"<!-- This site is optimized with the Yoast SEO Premium plugin v22.7 (Yoast SEO v27.1.1) - https:\/\/yoast.com\/product\/yoast-seo-premium-wordpress\/ -->\n<title>FLIX revoluciona a mobilidade intermunicipal com seu modelo sustent\u00e1vel - Latam Mobility<\/title>\n<meta name=\"description\" content=\"A Flix consolida seu compromisso com a mobilidade sustent\u00e1vel ap\u00f3s registrar marcos operacionais e ampliar sua presen\u00e7a internacional\" \/>\n<meta name=\"robots\" content=\"index, follow, max-snippet:-1, max-image-preview:large, max-video-preview:-1\" \/>\n<link rel=\"canonical\" href=\"https:\/\/latamobility.com\/flix-revoluciona-la-movilidad-interurbana-con-su-modelo-sostenible\/\" \/>\n<meta property=\"og:locale\" content=\"pt_BR\" \/>\n<meta property=\"og:type\" content=\"article\" \/>\n<meta property=\"og:title\" content=\"FLIX revoluciona a mobilidade intermunicipal com seu modelo sustent\u00e1vel\" \/>\n<meta property=\"og:description\" content=\"A Flix consolida seu compromisso com a mobilidade sustent\u00e1vel ap\u00f3s registrar marcos operacionais e ampliar sua presen\u00e7a internacional\" \/>\n<meta property=\"og:url\" content=\"https:\/\/latamobility.com\/flix-revoluciona-la-movilidad-interurbana-con-su-modelo-sostenible\/\" \/>\n<meta property=\"og:site_name\" content=\"Latam Mobility\" \/>\n<meta property=\"article:publisher\" content=\"https:\/\/www.facebook.com\/latamobility\/\" \/>\n<meta property=\"article:published_time\" content=\"2025-09-18T10:05:00+00:00\" \/>\n<meta property=\"og:image\" content=\"https:\/\/latamobility.com\/wp-content\/uploads\/2025\/09\/Flix-150925-a.jpg\" \/>\n\t<meta property=\"og:image:width\" content=\"1529\" \/>\n\t<meta property=\"og:image:height\" content=\"1019\" \/>\n\t<meta property=\"og:image:type\" content=\"image\/jpeg\" \/>\n<meta name=\"author\" content=\"Antonio Vilela\" \/>\n<meta name=\"twitter:card\" content=\"summary_large_image\" \/>\n<meta name=\"twitter:description\" content=\"A Flix consolida seu compromisso com a mobilidade sustent\u00e1vel ap\u00f3s registrar marcos operacionais e ampliar sua presen\u00e7a internacional\" \/>\n<meta name=\"twitter:creator\" content=\"@LataMobility\" \/>\n<meta name=\"twitter:site\" content=\"@LataMobility\" \/>\n<meta name=\"twitter:label1\" content=\"Escrito por\" \/>\n\t<meta name=\"twitter:data1\" content=\"Antonio Vilela\" \/>\n\t<meta name=\"twitter:label2\" content=\"Est. tempo de leitura\" \/>\n\t<meta name=\"twitter:data2\" content=\"4 minutos\" \/>\n<script type=\"application\/ld+json\" class=\"yoast-schema-graph\">{\"@context\":\"https:\/\/schema.org\",\"@graph\":[{\"@type\":\"NewsArticle\",\"@id\":\"https:\/\/latamobility.com\/flix-revoluciona-la-movilidad-interurbana-con-su-modelo-sostenible\/#article\",\"isPartOf\":{\"@id\":\"https:\/\/latamobility.com\/flix-revoluciona-la-movilidad-interurbana-con-su-modelo-sostenible\/\"},\"author\":{\"name\":\"Antonio Vilela\",\"@id\":\"https:\/\/latamobility.com\/#\/schema\/person\/fda092a2de1f87d347784282908bad1a\"},\"headline\":\"FLIX revoluciona a mobilidade intermunicipal com seu modelo sustent\u00e1vel\",\"datePublished\":\"2025-09-18T10:05:00+00:00\",\"mainEntityOfPage\":{\"@id\":\"https:\/\/latamobility.com\/flix-revoluciona-la-movilidad-interurbana-con-su-modelo-sostenible\/\"},\"wordCount\":824,\"commentCount\":0,\"publisher\":{\"@id\":\"https:\/\/latamobility.com\/#organization\"},\"image\":{\"@id\":\"https:\/\/latamobility.com\/flix-revoluciona-la-movilidad-interurbana-con-su-modelo-sostenible\/#primaryimage\"},\"thumbnailUrl\":\"https:\/\/latamobility.com\/wp-content\/uploads\/2025\/09\/Flix-150925-a.jpg\",\"keywords\":[\"M\u00e9xico\",\"Movilidad Sostenible\"],\"articleSection\":[\"N\u00e3o categorizado\"],\"inLanguage\":\"pt-BR\",\"potentialAction\":[{\"@type\":\"CommentAction\",\"name\":\"Comment\",\"target\":[\"https:\/\/latamobility.com\/flix-revoluciona-la-movilidad-interurbana-con-su-modelo-sostenible\/#respond\"]}]},{\"@type\":\"WebPage\",\"@id\":\"https:\/\/latamobility.com\/flix-revoluciona-la-movilidad-interurbana-con-su-modelo-sostenible\/\",\"url\":\"https:\/\/latamobility.com\/flix-revoluciona-la-movilidad-interurbana-con-su-modelo-sostenible\/\",\"name\":\"FLIX revoluciona a mobilidade intermunicipal com seu modelo sustent\u00e1vel - Latam Mobility\",\"isPartOf\":{\"@id\":\"https:\/\/latamobility.com\/#website\"},\"primaryImageOfPage\":{\"@id\":\"https:\/\/latamobility.com\/flix-revoluciona-la-movilidad-interurbana-con-su-modelo-sostenible\/#primaryimage\"},\"image\":{\"@id\":\"https:\/\/latamobility.com\/flix-revoluciona-la-movilidad-interurbana-con-su-modelo-sostenible\/#primaryimage\"},\"thumbnailUrl\":\"https:\/\/latamobility.com\/wp-content\/uploads\/2025\/09\/Flix-150925-a.jpg\",\"datePublished\":\"2025-09-18T10:05:00+00:00\",\"description\":\"A Flix consolida seu compromisso com a mobilidade sustent\u00e1vel ap\u00f3s registrar marcos operacionais e ampliar sua presen\u00e7a internacional\",\"breadcrumb\":{\"@id\":\"https:\/\/latamobility.com\/flix-revoluciona-la-movilidad-interurbana-con-su-modelo-sostenible\/#breadcrumb\"},\"inLanguage\":\"pt-BR\",\"potentialAction\":[{\"@type\":\"ReadAction\",\"target\":[\"https:\/\/latamobility.com\/flix-revoluciona-la-movilidad-interurbana-con-su-modelo-sostenible\/\"]}]},{\"@type\":\"ImageObject\",\"inLanguage\":\"pt-BR\",\"@id\":\"https:\/\/latamobility.com\/flix-revoluciona-la-movilidad-interurbana-con-su-modelo-sostenible\/#primaryimage\",\"url\":\"https:\/\/latamobility.com\/wp-content\/uploads\/2025\/09\/Flix-150925-a.jpg\",\"contentUrl\":\"https:\/\/latamobility.com\/wp-content\/uploads\/2025\/09\/Flix-150925-a.jpg\",\"width\":1529,\"height\":1019,\"caption\":\"Flix\"},{\"@type\":\"BreadcrumbList\",\"@id\":\"https:\/\/latamobility.com\/flix-revoluciona-la-movilidad-interurbana-con-su-modelo-sostenible\/#breadcrumb\",\"itemListElement\":[{\"@type\":\"ListItem\",\"position\":1,\"name\":\"Portada\",\"item\":\"https:\/\/latamobility.com\/pt-br\/\"},{\"@type\":\"ListItem\",\"position\":2,\"name\":\"FLIX revoluciona a mobilidade intermunicipal com seu modelo sustent\u00e1vel\"}]},{\"@type\":\"WebSite\",\"@id\":\"https:\/\/latamobility.com\/#website\",\"url\":\"https:\/\/latamobility.com\/\",\"name\":\"Latam Mobility\",\"description\":\"Serie de Eventos para promover la Movilidad y Transporte sostenible en Latinoam\u00e9rica\",\"publisher\":{\"@id\":\"https:\/\/latamobility.com\/#organization\"},\"potentialAction\":[{\"@type\":\"SearchAction\",\"target\":{\"@type\":\"EntryPoint\",\"urlTemplate\":\"https:\/\/latamobility.com\/?s={search_term_string}\"},\"query-input\":{\"@type\":\"PropertyValueSpecification\",\"valueRequired\":true,\"valueName\":\"search_term_string\"}}],\"inLanguage\":\"pt-BR\"},{\"@type\":\"Organization\",\"@id\":\"https:\/\/latamobility.com\/#organization\",\"name\":\"LATAM MOBILITY\",\"url\":\"https:\/\/latamobility.com\/\",\"logo\":{\"@type\":\"ImageObject\",\"inLanguage\":\"pt-BR\",\"@id\":\"https:\/\/latamobility.com\/#\/schema\/logo\/image\/\",\"url\":\"https:\/\/latamobility.com\/wp-content\/uploads\/2025\/01\/logos-LM-LG-2025-10.png\",\"contentUrl\":\"https:\/\/latamobility.com\/wp-content\/uploads\/2025\/01\/logos-LM-LG-2025-10.png\",\"width\":1080,\"height\":1080,\"caption\":\"LATAM MOBILITY\"},\"image\":{\"@id\":\"https:\/\/latamobility.com\/#\/schema\/logo\/image\/\"},\"sameAs\":[\"https:\/\/www.facebook.com\/latamobility\/\",\"https:\/\/x.com\/LataMobility\",\"https:\/\/www.instagram.com\/latamobility\/\",\"https:\/\/www.linkedin.com\/company\/latamobility\/\",\"https:\/\/www.youtube.com\/channel\/UCtcslRCRY0vITWaOQ1X0XUA\"]},{\"@type\":\"Person\",\"@id\":\"https:\/\/latamobility.com\/#\/schema\/person\/fda092a2de1f87d347784282908bad1a\",\"name\":\"Antonio Vilela\",\"image\":{\"@type\":\"ImageObject\",\"inLanguage\":\"pt-BR\",\"@id\":\"https:\/\/latamobility.com\/#\/schema\/person\/image\/\",\"url\":\"https:\/\/secure.gravatar.com\/avatar\/7eee8196fd2fda180806d7b41cd517f274d5ad3b9f65d873feb3ca7e2b3a72d2?s=96&d=mm&r=g\",\"contentUrl\":\"https:\/\/secure.gravatar.com\/avatar\/7eee8196fd2fda180806d7b41cd517f274d5ad3b9f65d873feb3ca7e2b3a72d2?s=96&d=mm&r=g\",\"caption\":\"Antonio Vilela\"}}]}<\/script>\n<!-- \/ Yoast SEO Premium plugin. -->","yoast_head_json":{"title":"FLIX revoluciona a mobilidade intermunicipal com seu modelo sustent\u00e1vel - Latam Mobility","description":"A Flix consolida seu compromisso com a mobilidade sustent\u00e1vel ap\u00f3s registrar marcos operacionais e ampliar sua presen\u00e7a internacional","robots":{"index":"index","follow":"follow","max-snippet":"max-snippet:-1","max-image-preview":"max-image-preview:large","max-video-preview":"max-video-preview:-1"},"canonical":"https:\/\/latamobility.com\/flix-revoluciona-la-movilidad-interurbana-con-su-modelo-sostenible\/","og_locale":"pt_BR","og_type":"article","og_title":"FLIX revoluciona a mobilidade intermunicipal com seu modelo sustent\u00e1vel","og_description":"A Flix consolida seu compromisso com a mobilidade sustent\u00e1vel ap\u00f3s registrar marcos operacionais e ampliar sua presen\u00e7a internacional","og_url":"https:\/\/latamobility.com\/flix-revoluciona-la-movilidad-interurbana-con-su-modelo-sostenible\/","og_site_name":"Latam Mobility","article_publisher":"https:\/\/www.facebook.com\/latamobility\/","article_published_time":"2025-09-18T10:05:00+00:00","og_image":[{"width":1529,"height":1019,"url":"https:\/\/latamobility.com\/wp-content\/uploads\/2025\/09\/Flix-150925-a.jpg","type":"image\/jpeg"}],"author":"Antonio Vilela","twitter_card":"summary_large_image","twitter_description":"A Flix consolida seu compromisso com a mobilidade sustent\u00e1vel ap\u00f3s registrar marcos operacionais e ampliar sua presen\u00e7a internacional","twitter_creator":"@LataMobility","twitter_site":"@LataMobility","twitter_misc":{"Escrito por":"Antonio Vilela","Est. tempo de leitura":"4 minutos"},"schema":{"@context":"https:\/\/schema.org","@graph":[{"@type":"NewsArticle","@id":"https:\/\/latamobility.com\/flix-revoluciona-la-movilidad-interurbana-con-su-modelo-sostenible\/#article","isPartOf":{"@id":"https:\/\/latamobility.com\/flix-revoluciona-la-movilidad-interurbana-con-su-modelo-sostenible\/"},"author":{"name":"Antonio Vilela","@id":"https:\/\/latamobility.com\/#\/schema\/person\/fda092a2de1f87d347784282908bad1a"},"headline":"FLIX revoluciona a mobilidade intermunicipal com seu modelo sustent\u00e1vel","datePublished":"2025-09-18T10:05:00+00:00","mainEntityOfPage":{"@id":"https:\/\/latamobility.com\/flix-revoluciona-la-movilidad-interurbana-con-su-modelo-sostenible\/"},"wordCount":824,"commentCount":0,"publisher":{"@id":"https:\/\/latamobility.com\/#organization"},"image":{"@id":"https:\/\/latamobility.com\/flix-revoluciona-la-movilidad-interurbana-con-su-modelo-sostenible\/#primaryimage"},"thumbnailUrl":"https:\/\/latamobility.com\/wp-content\/uploads\/2025\/09\/Flix-150925-a.jpg","keywords":["M\u00e9xico","Movilidad Sostenible"],"articleSection":["N\u00e3o categorizado"],"inLanguage":"pt-BR","potentialAction":[{"@type":"CommentAction","name":"Comment","target":["https:\/\/latamobility.com\/flix-revoluciona-la-movilidad-interurbana-con-su-modelo-sostenible\/#respond"]}]},{"@type":"WebPage","@id":"https:\/\/latamobility.com\/flix-revoluciona-la-movilidad-interurbana-con-su-modelo-sostenible\/","url":"https:\/\/latamobility.com\/flix-revoluciona-la-movilidad-interurbana-con-su-modelo-sostenible\/","name":"FLIX revoluciona a mobilidade intermunicipal com seu modelo sustent\u00e1vel - Latam Mobility","isPartOf":{"@id":"https:\/\/latamobility.com\/#website"},"primaryImageOfPage":{"@id":"https:\/\/latamobility.com\/flix-revoluciona-la-movilidad-interurbana-con-su-modelo-sostenible\/#primaryimage"},"image":{"@id":"https:\/\/latamobility.com\/flix-revoluciona-la-movilidad-interurbana-con-su-modelo-sostenible\/#primaryimage"},"thumbnailUrl":"https:\/\/latamobility.com\/wp-content\/uploads\/2025\/09\/Flix-150925-a.jpg","datePublished":"2025-09-18T10:05:00+00:00","description":"A Flix consolida seu compromisso com a mobilidade sustent\u00e1vel ap\u00f3s registrar marcos operacionais e ampliar sua presen\u00e7a internacional","breadcrumb":{"@id":"https:\/\/latamobility.com\/flix-revoluciona-la-movilidad-interurbana-con-su-modelo-sostenible\/#breadcrumb"},"inLanguage":"pt-BR","potentialAction":[{"@type":"ReadAction","target":["https:\/\/latamobility.com\/flix-revoluciona-la-movilidad-interurbana-con-su-modelo-sostenible\/"]}]},{"@type":"ImageObject","inLanguage":"pt-BR","@id":"https:\/\/latamobility.com\/flix-revoluciona-la-movilidad-interurbana-con-su-modelo-sostenible\/#primaryimage","url":"https:\/\/latamobility.com\/wp-content\/uploads\/2025\/09\/Flix-150925-a.jpg","contentUrl":"https:\/\/latamobility.com\/wp-content\/uploads\/2025\/09\/Flix-150925-a.jpg","width":1529,"height":1019,"caption":"Flix"},{"@type":"BreadcrumbList","@id":"https:\/\/latamobility.com\/flix-revoluciona-la-movilidad-interurbana-con-su-modelo-sostenible\/#breadcrumb","itemListElement":[{"@type":"ListItem","position":1,"name":"Portada","item":"https:\/\/latamobility.com\/pt-br\/"},{"@type":"ListItem","position":2,"name":"FLIX revoluciona a mobilidade intermunicipal com seu modelo sustent\u00e1vel"}]},{"@type":"WebSite","@id":"https:\/\/latamobility.com\/#website","url":"https:\/\/latamobility.com\/","name":"Latam Mobility","description":"Serie de Eventos para promover la Movilidad y Transporte sostenible en Latinoam\u00e9rica","publisher":{"@id":"https:\/\/latamobility.com\/#organization"},"potentialAction":[{"@type":"SearchAction","target":{"@type":"EntryPoint","urlTemplate":"https:\/\/latamobility.com\/?s={search_term_string}"},"query-input":{"@type":"PropertyValueSpecification","valueRequired":true,"valueName":"search_term_string"}}],"inLanguage":"pt-BR"},{"@type":"Organization","@id":"https:\/\/latamobility.com\/#organization","name":"LATAM MOBILITY","url":"https:\/\/latamobility.com\/","logo":{"@type":"ImageObject","inLanguage":"pt-BR","@id":"https:\/\/latamobility.com\/#\/schema\/logo\/image\/","url":"https:\/\/latamobility.com\/wp-content\/uploads\/2025\/01\/logos-LM-LG-2025-10.png","contentUrl":"https:\/\/latamobility.com\/wp-content\/uploads\/2025\/01\/logos-LM-LG-2025-10.png","width":1080,"height":1080,"caption":"LATAM MOBILITY"},"image":{"@id":"https:\/\/latamobility.com\/#\/schema\/logo\/image\/"},"sameAs":["https:\/\/www.facebook.com\/latamobility\/","https:\/\/x.com\/LataMobility","https:\/\/www.instagram.com\/latamobility\/","https:\/\/www.linkedin.com\/company\/latamobility\/","https:\/\/www.youtube.com\/channel\/UCtcslRCRY0vITWaOQ1X0XUA"]},{"@type":"Person","@id":"https:\/\/latamobility.com\/#\/schema\/person\/fda092a2de1f87d347784282908bad1a","name":"Antonio Vilela","image":{"@type":"ImageObject","inLanguage":"pt-BR","@id":"https:\/\/latamobility.com\/#\/schema\/person\/image\/","url":"https:\/\/secure.gravatar.com\/avatar\/7eee8196fd2fda180806d7b41cd517f274d5ad3b9f65d873feb3ca7e2b3a72d2?s=96&d=mm&r=g","contentUrl":"https:\/\/secure.gravatar.com\/avatar\/7eee8196fd2fda180806d7b41cd517f274d5ad3b9f65d873feb3ca7e2b3a72d2?s=96&d=mm&r=g","caption":"Antonio Vilela"}}]}},"_links":{"self":[{"href":"https:\/\/latamobility.com\/pt-br\/wp-json\/wp\/v2\/posts\/51916","targetHints":{"allow":["GET"]}}],"collection":[{"href":"https:\/\/latamobility.com\/pt-br\/wp-json\/wp\/v2\/posts"}],"about":[{"href":"https:\/\/latamobility.com\/pt-br\/wp-json\/wp\/v2\/types\/post"}],"author":[{"embeddable":true,"href":"https:\/\/latamobility.com\/pt-br\/wp-json\/wp\/v2\/users\/10"}],"replies":[{"embeddable":true,"href":"https:\/\/latamobility.com\/pt-br\/wp-json\/wp\/v2\/comments?post=51916"}],"version-history":[{"count":3,"href":"https:\/\/latamobility.com\/pt-br\/wp-json\/wp\/v2\/posts\/51916\/revisions"}],"predecessor-version":[{"id":51919,"href":"https:\/\/latamobility.com\/pt-br\/wp-json\/wp\/v2\/posts\/51916\/revisions\/51919"}],"wp:featuredmedia":[{"embeddable":true,"href":"https:\/\/latamobility.com\/pt-br\/wp-json\/wp\/v2\/media\/51909"}],"wp:attachment":[{"href":"https:\/\/latamobility.com\/pt-br\/wp-json\/wp\/v2\/media?parent=51916"}],"wp:term":[{"taxonomy":"category","embeddable":true,"href":"https:\/\/latamobility.com\/pt-br\/wp-json\/wp\/v2\/categories?post=51916"},{"taxonomy":"post_tag","embeddable":true,"href":"https:\/\/latamobility.com\/pt-br\/wp-json\/wp\/v2\/tags?post=51916"}],"curies":[{"name":"wp","href":"https:\/\/api.w.org\/{rel}","templated":true}]}}