{"id":51948,"date":"2025-09-22T05:05:00","date_gmt":"2025-09-22T10:05:00","guid":{"rendered":"https:\/\/latamobility.com\/?p=51948"},"modified":"2025-09-22T07:36:53","modified_gmt":"2025-09-22T12:36:53","slug":"solucoes-integrais-da-latnovva-para-a-transicao-energetica-no-mexico-e-na-america-latina","status":"publish","type":"post","link":"https:\/\/latamobility.com\/pt-br\/solucoes-integrais-da-latnovva-para-a-transicao-energetica-no-mexico-e-na-america-latina\/","title":{"rendered":"Solu\u00e7\u00f5es integrais da Latnovva para a transi\u00e7\u00e3o energ\u00e9tica no M\u00e9xico e na Am\u00e9rica Latina"},"content":{"rendered":"\n<p>A <strong><a href=\"https:\/\/www.latnovva.com\/\">Latnovva<\/a><\/strong>, empresa mexicana especializada em engenharia el\u00e9trica e solu\u00e7\u00f5es de energia renov\u00e1vel, consolida sua lideran\u00e7a regional atrav\u00e9s da execu\u00e7\u00e3o de <strong>projetos de grande escala que integram inova\u00e7\u00e3o tecnol\u00f3gica, sustentabilidade e efici\u00eancia operacional<\/strong>.<\/p>\n\n\n\n<p>Com presen\u00e7a no <strong>M\u00e9xico, Chile, Col\u00f4mbia, Rep\u00fablica Dominicana e Estados Unidos<\/strong>, a empresa oferece servi\u00e7os integrais em energias renov\u00e1veis, convencionais, instala\u00e7\u00f5es mec\u00e2nicas e el\u00e9tricas, manuten\u00e7\u00e3o, coloca\u00e7\u00e3o em funcionamento e constru\u00e7\u00e3o para os setores industrial, hospitalar e hoteleiro.<\/p>\n\n\n\n<p>Desde a sua funda\u00e7\u00e3o, a <strong>Latnovva <\/strong>desenvolveu um portf\u00f3lio diversificado de iniciativas para clientes industriais, comerciais e governamentais, aplicando metodologias de gest\u00e3o baseadas em padr\u00f5es internacionais.<\/p>\n\n\n\n<figure class=\"wp-block-image size-large\"><img fetchpriority=\"high\" decoding=\"async\" width=\"1024\" height=\"532\" src=\"https:\/\/latamobility.com\/wp-content\/uploads\/2025\/09\/Latnovva-150925-a-1024x532.jpg\" alt=\"Latnovva\" class=\"wp-image-51941\" srcset=\"https:\/\/latamobility.com\/wp-content\/uploads\/2025\/09\/Latnovva-150925-a-1024x532.jpg 1024w, https:\/\/latamobility.com\/wp-content\/uploads\/2025\/09\/Latnovva-150925-a-300x156.jpg 300w, https:\/\/latamobility.com\/wp-content\/uploads\/2025\/09\/Latnovva-150925-a-768x399.jpg 768w, https:\/\/latamobility.com\/wp-content\/uploads\/2025\/09\/Latnovva-150925-a.jpg 1300w\" sizes=\"(max-width: 1024px) 100vw, 1024px\" \/><\/figure>\n\n\n\n<p><strong>Voc\u00ea tamb\u00e9m pode se interessar por<\/strong> | <strong><a href=\"https:\/\/latamobility.com\/pt-br\/inovacao-gestao-de-frotas-tecnologia-e-sustentabilidade-os-pilares-do-latam-mobility-mexico-2025-se-reunem-em-outubro\/\">Inova\u00e7\u00e3o, gest\u00e3o de frotas, tecnologia e sustentabilidade: os pilares da \u201cLatam Mobility M\u00e9xico 2025\u201d se re\u00fanem em outubro<\/a><\/strong><\/p>\n\n\n\n<h2 class=\"wp-block-heading\" id=\"h-adaptabilidade-em-projetos\">Adaptabilidade em projetos<\/h2>\n\n\n\n<p>A <strong><a href=\"https:\/\/www.latnovva.com\/\">Latnovva <\/a><\/strong>se destaca por sua versatilidade e capacidade de adapta\u00e7\u00e3o a padr\u00f5es de qualidade espec\u00edficos, implementando <strong>metodologias de gest\u00e3o que otimizam tempos de execu\u00e7\u00e3o, custos e produtividade<\/strong>.<\/p>\n\n\n\n<p>A empresa integra <strong>tecnologias de monitoramento em tempo real<\/strong> para garantir a rastreabilidade de cada projeto e o cumprimento dos protocolos de seguran\u00e7a e meio ambiente, alinhando-se \u00e0s melhores pr\u00e1ticas internacionais em engenharia e constru\u00e7\u00e3o.<\/p>\n\n\n\n<p>Em agosto de 2024, a <strong>Latnovva <\/strong>concluiu <strong>em tempo recorde a instala\u00e7\u00e3o de 25 carregadores de alta pot\u00eancia destinados a alimentar 50 \u00f4nibus el\u00e9tricos da marca Yutong na Cidade do M\u00e9xico<\/strong>.<\/p>\n\n\n\n<p>O desafio incluiu a gest\u00e3o de licen\u00e7as com a <strong>Comiss\u00e3o Federal de Eletricidade<\/strong>, a engenharia da obra aprovada e a aquisi\u00e7\u00e3o de equipamentos em um prazo de tr\u00eas meses, reduzindo significativamente os tempos habituais de implementa\u00e7\u00e3o sem comprometer a qualidade ou a seguran\u00e7a operacional.<\/p>\n\n\n\n<figure class=\"wp-block-image size-full\"><img decoding=\"async\" width=\"591\" height=\"592\" src=\"https:\/\/latamobility.com\/wp-content\/uploads\/2025\/09\/Latnovva-150925-b.jpg\" alt=\"Latnovva\" class=\"wp-image-51944\" srcset=\"https:\/\/latamobility.com\/wp-content\/uploads\/2025\/09\/Latnovva-150925-b.jpg 591w, https:\/\/latamobility.com\/wp-content\/uploads\/2025\/09\/Latnovva-150925-b-300x300.jpg 300w, https:\/\/latamobility.com\/wp-content\/uploads\/2025\/09\/Latnovva-150925-b-150x150.jpg 150w\" sizes=\"(max-width: 591px) 100vw, 591px\" \/><\/figure>\n\n\n\n<h2 class=\"wp-block-heading\" id=\"h-metodologia-e-perspectivas\">Metodologia e perspectivas<\/h2>\n\n\n\n<p>A empresa aplica <strong>processos flex\u00edveis que combinam a prepara\u00e7\u00e3o detalhada da engenharia, a automa\u00e7\u00e3o de testes e o uso de ferramentas digitais de monitoramento<\/strong>.<\/p>\n\n\n\n<p>Essa abordagem permite <strong>antecipar e resolver conting\u00eancias antes da obra<\/strong>, bem como facilitar relat\u00f3rios anal\u00edticos que sustentam decis\u00f5es de otimiza\u00e7\u00e3o de recursos e contribuem para o alcance de objetivos ESG em projetos de diversas escalas.<\/p>\n\n\n\n<p>De olho em 2026, a <strong>Latnovva <\/strong>pretende ampliar seu portf\u00f3lio em eletromobilidade urbana e carga de frotas para transporte p\u00fablico e privado, bem como na constru\u00e7\u00e3o de novos parques de energia solar e sistemas de gest\u00e3o de energia em plantas industriais.<\/p>\n\n\n\n<p>Sua estrutura internacional permite <strong>replicar modelos de sucesso e estabelecer parcerias p\u00fablico-privadas <\/strong>que impulsionem a transi\u00e7\u00e3o energ\u00e9tica na Am\u00e9rica Latina.<\/p>\n\n\n\n<figure class=\"wp-block-image size-large\"><img decoding=\"async\" width=\"1024\" height=\"576\" src=\"https:\/\/latamobility.com\/wp-content\/uploads\/2025\/09\/Banner-Latam-Mobility-Mexico-2025_logos-twitter-3-1024x576.jpg\" alt=\"Latam Mobility Mexico 2025\" class=\"wp-image-51930\" srcset=\"https:\/\/latamobility.com\/wp-content\/uploads\/2025\/09\/Banner-Latam-Mobility-Mexico-2025_logos-twitter-3-1024x576.jpg 1024w, https:\/\/latamobility.com\/wp-content\/uploads\/2025\/09\/Banner-Latam-Mobility-Mexico-2025_logos-twitter-3-300x169.jpg 300w, https:\/\/latamobility.com\/wp-content\/uploads\/2025\/09\/Banner-Latam-Mobility-Mexico-2025_logos-twitter-3-768x432.jpg 768w, https:\/\/latamobility.com\/wp-content\/uploads\/2025\/09\/Banner-Latam-Mobility-Mexico-2025_logos-twitter-3-1536x864.jpg 1536w, https:\/\/latamobility.com\/wp-content\/uploads\/2025\/09\/Banner-Latam-Mobility-Mexico-2025_logos-twitter-3-2048x1153.jpg 2048w\" sizes=\"(max-width: 1024px) 100vw, 1024px\" \/><\/figure>\n\n\n\n<h2 class=\"wp-block-heading\" id=\"h-rumo-ao-latam-mobility-mexico-2025\">Rumo ao \u201cLatam Mobility M\u00e9xico 2025\u201d<\/h2>\n\n\n\n<p>A <strong><a href=\"https:\/\/www.latnovva.com\/\">Latnovva<\/a> <\/strong>participar\u00e1 do \u201c<strong><a href=\"https:\/\/live.eventtia.com\/es\/latammobilityconosur2025\">Latam Mobility M\u00e9xico 2025<\/a><\/strong>\u201d, o mais importante encontro sobre mobilidade sustent\u00e1vel da regi\u00e3o, que ser\u00e1 realizado nos dias <strong>13 e 14 de outubro<\/strong> no World Trade Center da Cidade do M\u00e9xico.<\/p>\n\n\n\n<p>A c\u00fapula reunir\u00e1 os principais atores da ind\u00fastria, desde <strong>fabricantes de ve\u00edculos e empresas de tecnologia at\u00e9 autoridades governamentais e especialistas<\/strong>, todos unidos por um objetivo comum: acelerar a transi\u00e7\u00e3o para sistemas de transporte mais limpos, inteligentes e eficientes.<\/p>\n\n\n\n<p>Como parte central da agenda, destaca-se o \u201c<strong>Fleet Management &amp; Charging Matchmaking Hub<\/strong>\u201d, o novo eixo de inova\u00e7\u00e3o e parcerias para frotas.<\/p>\n\n\n\n<p>Este espa\u00e7o ser\u00e1 dedicado exclusivamente a conectar os <strong>l\u00edderes de frotas de transporte com os principais fornecedores de solu\u00e7\u00f5es de telem\u00e1tica, gest\u00e3o de carga, infraestrutura e ve\u00edculos el\u00e9tricos<\/strong>, facilitando as alian\u00e7as estrat\u00e9gicas necess\u00e1rias para acelerar a transi\u00e7\u00e3o.<\/p>\n\n\n\n<p>A oportunidade de construir as frotas do futuro \u00e9 agora, e a \u201c<strong><a href=\"https:\/\/live.eventtia.com\/es\/latammobilityconosur2025\">Latam Mobility M\u00e9xico 2025<\/a><\/strong>\u201d marcar\u00e1 um passo essencial para os l\u00edderes que buscam otimizar suas opera\u00e7\u00f5es, reduzir custos e liderar a transi\u00e7\u00e3o para um transporte eficiente e sustent\u00e1vel.<\/p>\n\n\n\n<p>\ud83d\udd39Para obter mais informa\u00e7\u00f5es sobre como participar e as op\u00e7\u00f5es de posicionamento, escreva para <a href=\"mailto:info@investinlatam.org\"><strong>info@investinlatam.org<\/strong><\/a>.<\/p>\n\n\n\n<p>\ud83d\udd39O contato via <strong><a href=\"https:\/\/lnkd.in\/eQzTYdNG\">WhatsApp<\/a><\/strong> est\u00e1 dispon\u00edvel; voc\u00ea pode adquirir seus ingressos clicando aqui e se inscrever no \u201c<strong>Fleet Management &amp; Charging Matchmaking Hub<\/strong>\u201d <strong><a href=\"https:\/\/tinyurl.com\/ybfrdjfx\">aqui<\/a><\/strong>.<\/p>\n\n\n\n<figure class=\"wp-block-gallery has-nested-images columns-default is-cropped wp-block-gallery-1 is-layout-flex wp-block-gallery-is-layout-flex\">\n<figure class=\"wp-block-image size-large\"><img loading=\"lazy\" decoding=\"async\" width=\"819\" height=\"1024\" data-id=\"51761\" src=\"https:\/\/latamobility.com\/wp-content\/uploads\/2025\/09\/Fleet-Management-Charging-Matchmaking-Hub_post-1-819x1024.jpg\" alt=\"Latam Mobility M\u00e9xico 2025\" class=\"wp-image-51761\" srcset=\"https:\/\/latamobility.com\/wp-content\/uploads\/2025\/09\/Fleet-Management-Charging-Matchmaking-Hub_post-1-819x1024.jpg 819w, https:\/\/latamobility.com\/wp-content\/uploads\/2025\/09\/Fleet-Management-Charging-Matchmaking-Hub_post-1-240x300.jpg 240w, https:\/\/latamobility.com\/wp-content\/uploads\/2025\/09\/Fleet-Management-Charging-Matchmaking-Hub_post-1-768x960.jpg 768w, https:\/\/latamobility.com\/wp-content\/uploads\/2025\/09\/Fleet-Management-Charging-Matchmaking-Hub_post-1.jpg 1080w\" sizes=\"(max-width: 819px) 100vw, 819px\" \/><\/figure>\n\n\n\n<figure class=\"wp-block-image size-large\"><img loading=\"lazy\" decoding=\"async\" width=\"819\" height=\"1024\" data-id=\"51809\" src=\"https:\/\/latamobility.com\/wp-content\/uploads\/2025\/09\/1756907737437-819x1024.jpeg\" alt=\"Latam Mobility M\u00e9xico 2025\" class=\"wp-image-51809\" srcset=\"https:\/\/latamobility.com\/wp-content\/uploads\/2025\/09\/1756907737437-819x1024.jpeg 819w, https:\/\/latamobility.com\/wp-content\/uploads\/2025\/09\/1756907737437-240x300.jpeg 240w, https:\/\/latamobility.com\/wp-content\/uploads\/2025\/09\/1756907737437-768x960.jpeg 768w, https:\/\/latamobility.com\/wp-content\/uploads\/2025\/09\/1756907737437.jpeg 1080w\" sizes=\"(max-width: 819px) 100vw, 819px\" \/><\/figure>\n<\/figure>\n","protected":false},"excerpt":{"rendered":"<p>A Latnovva, empresa mexicana especializada em engenharia el\u00e9trica e solu\u00e7\u00f5es de energia renov\u00e1vel, consolida sua lideran\u00e7a regional atrav\u00e9s da execu\u00e7\u00e3o de projetos de grande escala que integram inova\u00e7\u00e3o tecnol\u00f3gica, sustentabilidade e efici\u00eancia operacional. Com presen\u00e7a no M\u00e9xico, Chile, Col\u00f4mbia, Rep\u00fablica Dominicana e Estados Unidos, a empresa oferece servi\u00e7os integrais em energias renov\u00e1veis, convencionais, instala\u00e7\u00f5es mec\u00e2nicas&#8230;<\/p>\n","protected":false},"author":10,"featured_media":51937,"comment_status":"open","ping_status":"closed","sticky":false,"template":"","format":"standard","meta":{"_kad_post_transparent":"","_kad_post_title":"","_kad_post_layout":"","_kad_post_sidebar_id":"","_kad_post_content_style":"","_kad_post_vertical_padding":"","_kad_post_feature":"","_kad_post_feature_position":"","_kad_post_header":false,"_kad_post_footer":false,"_kad_post_classname":"","footnotes":""},"categories":[2356],"tags":[3359,3356,2974],"class_list":["post-51948","post","type-post","status-publish","format-standard","has-post-thumbnail","hentry","category-movilidad-electrica-pt-br","tag-latnovva-pt-br","tag-mexico-pt-br","tag-sostenibilidad-pt-br"],"yoast_head":"<!-- This site is optimized with the Yoast SEO Premium plugin v22.7 (Yoast SEO v27.1.1) - https:\/\/yoast.com\/product\/yoast-seo-premium-wordpress\/ -->\n<title>Solu\u00e7\u00f5es integrais da Latnovva para a transi\u00e7\u00e3o energ\u00e9tica no M\u00e9xico e na Am\u00e9rica Latina - Latam Mobility<\/title>\n<meta name=\"description\" content=\"A Latnovva consolida sua lideran\u00e7a regional atrav\u00e9s de projetos que integram inova\u00e7\u00e3o tecnol\u00f3gica, sustentabilidade e efici\u00eancia operacional\" \/>\n<meta name=\"robots\" content=\"index, follow, max-snippet:-1, max-image-preview:large, max-video-preview:-1\" \/>\n<link rel=\"canonical\" href=\"https:\/\/latamobility.com\/pt-br\/solucoes-integrais-da-latnovva-para-a-transicao-energetica-no-mexico-e-na-america-latina\/\" \/>\n<meta property=\"og:locale\" content=\"pt_BR\" \/>\n<meta property=\"og:type\" content=\"article\" \/>\n<meta property=\"og:title\" content=\"Solu\u00e7\u00f5es integrais da Latnovva para a transi\u00e7\u00e3o energ\u00e9tica no M\u00e9xico e na Am\u00e9rica Latina\" \/>\n<meta property=\"og:description\" content=\"A Latnovva consolida sua lideran\u00e7a regional atrav\u00e9s de projetos que integram inova\u00e7\u00e3o tecnol\u00f3gica, sustentabilidade e efici\u00eancia operacional\" \/>\n<meta property=\"og:url\" content=\"https:\/\/latamobility.com\/pt-br\/solucoes-integrais-da-latnovva-para-a-transicao-energetica-no-mexico-e-na-america-latina\/\" \/>\n<meta property=\"og:site_name\" content=\"Latam Mobility\" \/>\n<meta property=\"article:publisher\" content=\"https:\/\/www.facebook.com\/latamobility\/\" \/>\n<meta property=\"article:published_time\" content=\"2025-09-22T10:05:00+00:00\" \/>\n<meta property=\"article:modified_time\" content=\"2025-09-22T12:36:53+00:00\" \/>\n<meta property=\"og:image\" content=\"https:\/\/latamobility.com\/wp-content\/uploads\/2025\/09\/Latnovva-150925-c.jpg\" \/>\n\t<meta property=\"og:image:width\" content=\"960\" \/>\n\t<meta property=\"og:image:height\" content=\"355\" \/>\n\t<meta property=\"og:image:type\" content=\"image\/jpeg\" \/>\n<meta name=\"author\" content=\"Antonio Vilela\" \/>\n<meta name=\"twitter:card\" content=\"summary_large_image\" \/>\n<meta name=\"twitter:description\" content=\"A Latnovva consolida sua lideran\u00e7a regional atrav\u00e9s de projetos que integram inova\u00e7\u00e3o tecnol\u00f3gica, sustentabilidade e efici\u00eancia operacional\" \/>\n<meta name=\"twitter:creator\" content=\"@LataMobility\" \/>\n<meta name=\"twitter:site\" content=\"@LataMobility\" \/>\n<meta name=\"twitter:label1\" content=\"Escrito por\" \/>\n\t<meta name=\"twitter:data1\" content=\"Antonio Vilela\" \/>\n\t<meta name=\"twitter:label2\" content=\"Est. tempo de leitura\" \/>\n\t<meta name=\"twitter:data2\" content=\"3 minutos\" \/>\n<script type=\"application\/ld+json\" class=\"yoast-schema-graph\">{\"@context\":\"https:\/\/schema.org\",\"@graph\":[{\"@type\":\"NewsArticle\",\"@id\":\"https:\/\/latamobility.com\/pt-br\/solucoes-integrais-da-latnovva-para-a-transicao-energetica-no-mexico-e-na-america-latina\/#article\",\"isPartOf\":{\"@id\":\"https:\/\/latamobility.com\/pt-br\/solucoes-integrais-da-latnovva-para-a-transicao-energetica-no-mexico-e-na-america-latina\/\"},\"author\":{\"name\":\"Antonio Vilela\",\"@id\":\"https:\/\/latamobility.com\/#\/schema\/person\/fda092a2de1f87d347784282908bad1a\"},\"headline\":\"Solu\u00e7\u00f5es integrais da Latnovva para a transi\u00e7\u00e3o energ\u00e9tica no M\u00e9xico e na Am\u00e9rica Latina\",\"datePublished\":\"2025-09-22T10:05:00+00:00\",\"dateModified\":\"2025-09-22T12:36:53+00:00\",\"mainEntityOfPage\":{\"@id\":\"https:\/\/latamobility.com\/pt-br\/solucoes-integrais-da-latnovva-para-a-transicao-energetica-no-mexico-e-na-america-latina\/\"},\"wordCount\":706,\"commentCount\":0,\"publisher\":{\"@id\":\"https:\/\/latamobility.com\/#organization\"},\"image\":{\"@id\":\"https:\/\/latamobility.com\/pt-br\/solucoes-integrais-da-latnovva-para-a-transicao-energetica-no-mexico-e-na-america-latina\/#primaryimage\"},\"thumbnailUrl\":\"https:\/\/latamobility.com\/wp-content\/uploads\/2025\/09\/Latnovva-150925-c.jpg\",\"keywords\":[\"Latnovva\",\"M\u00e9xico\",\"Sostenibilidad\"],\"articleSection\":[\"Movilidad el\u00e9ctrica\"],\"inLanguage\":\"pt-BR\",\"potentialAction\":[{\"@type\":\"CommentAction\",\"name\":\"Comment\",\"target\":[\"https:\/\/latamobility.com\/pt-br\/solucoes-integrais-da-latnovva-para-a-transicao-energetica-no-mexico-e-na-america-latina\/#respond\"]}]},{\"@type\":\"WebPage\",\"@id\":\"https:\/\/latamobility.com\/pt-br\/solucoes-integrais-da-latnovva-para-a-transicao-energetica-no-mexico-e-na-america-latina\/\",\"url\":\"https:\/\/latamobility.com\/pt-br\/solucoes-integrais-da-latnovva-para-a-transicao-energetica-no-mexico-e-na-america-latina\/\",\"name\":\"Solu\u00e7\u00f5es integrais da Latnovva para a transi\u00e7\u00e3o energ\u00e9tica no M\u00e9xico e na Am\u00e9rica Latina - Latam Mobility\",\"isPartOf\":{\"@id\":\"https:\/\/latamobility.com\/#website\"},\"primaryImageOfPage\":{\"@id\":\"https:\/\/latamobility.com\/pt-br\/solucoes-integrais-da-latnovva-para-a-transicao-energetica-no-mexico-e-na-america-latina\/#primaryimage\"},\"image\":{\"@id\":\"https:\/\/latamobility.com\/pt-br\/solucoes-integrais-da-latnovva-para-a-transicao-energetica-no-mexico-e-na-america-latina\/#primaryimage\"},\"thumbnailUrl\":\"https:\/\/latamobility.com\/wp-content\/uploads\/2025\/09\/Latnovva-150925-c.jpg\",\"datePublished\":\"2025-09-22T10:05:00+00:00\",\"dateModified\":\"2025-09-22T12:36:53+00:00\",\"description\":\"A Latnovva consolida sua lideran\u00e7a regional atrav\u00e9s de projetos que integram inova\u00e7\u00e3o tecnol\u00f3gica, sustentabilidade e efici\u00eancia operacional\",\"breadcrumb\":{\"@id\":\"https:\/\/latamobility.com\/pt-br\/solucoes-integrais-da-latnovva-para-a-transicao-energetica-no-mexico-e-na-america-latina\/#breadcrumb\"},\"inLanguage\":\"pt-BR\",\"potentialAction\":[{\"@type\":\"ReadAction\",\"target\":[\"https:\/\/latamobility.com\/pt-br\/solucoes-integrais-da-latnovva-para-a-transicao-energetica-no-mexico-e-na-america-latina\/\"]}]},{\"@type\":\"ImageObject\",\"inLanguage\":\"pt-BR\",\"@id\":\"https:\/\/latamobility.com\/pt-br\/solucoes-integrais-da-latnovva-para-a-transicao-energetica-no-mexico-e-na-america-latina\/#primaryimage\",\"url\":\"https:\/\/latamobility.com\/wp-content\/uploads\/2025\/09\/Latnovva-150925-c.jpg\",\"contentUrl\":\"https:\/\/latamobility.com\/wp-content\/uploads\/2025\/09\/Latnovva-150925-c.jpg\",\"width\":960,\"height\":355,\"caption\":\"Latnovva\"},{\"@type\":\"BreadcrumbList\",\"@id\":\"https:\/\/latamobility.com\/pt-br\/solucoes-integrais-da-latnovva-para-a-transicao-energetica-no-mexico-e-na-america-latina\/#breadcrumb\",\"itemListElement\":[{\"@type\":\"ListItem\",\"position\":1,\"name\":\"Portada\",\"item\":\"https:\/\/latamobility.com\/pt-br\/\"},{\"@type\":\"ListItem\",\"position\":2,\"name\":\"Solu\u00e7\u00f5es integrais da Latnovva para a transi\u00e7\u00e3o energ\u00e9tica no M\u00e9xico e na Am\u00e9rica Latina\"}]},{\"@type\":\"WebSite\",\"@id\":\"https:\/\/latamobility.com\/#website\",\"url\":\"https:\/\/latamobility.com\/\",\"name\":\"Latam Mobility\",\"description\":\"Serie de Eventos para promover la Movilidad y Transporte sostenible en Latinoam\u00e9rica\",\"publisher\":{\"@id\":\"https:\/\/latamobility.com\/#organization\"},\"potentialAction\":[{\"@type\":\"SearchAction\",\"target\":{\"@type\":\"EntryPoint\",\"urlTemplate\":\"https:\/\/latamobility.com\/?s={search_term_string}\"},\"query-input\":{\"@type\":\"PropertyValueSpecification\",\"valueRequired\":true,\"valueName\":\"search_term_string\"}}],\"inLanguage\":\"pt-BR\"},{\"@type\":\"Organization\",\"@id\":\"https:\/\/latamobility.com\/#organization\",\"name\":\"LATAM MOBILITY\",\"url\":\"https:\/\/latamobility.com\/\",\"logo\":{\"@type\":\"ImageObject\",\"inLanguage\":\"pt-BR\",\"@id\":\"https:\/\/latamobility.com\/#\/schema\/logo\/image\/\",\"url\":\"https:\/\/latamobility.com\/wp-content\/uploads\/2025\/01\/logos-LM-LG-2025-10.png\",\"contentUrl\":\"https:\/\/latamobility.com\/wp-content\/uploads\/2025\/01\/logos-LM-LG-2025-10.png\",\"width\":1080,\"height\":1080,\"caption\":\"LATAM MOBILITY\"},\"image\":{\"@id\":\"https:\/\/latamobility.com\/#\/schema\/logo\/image\/\"},\"sameAs\":[\"https:\/\/www.facebook.com\/latamobility\/\",\"https:\/\/x.com\/LataMobility\",\"https:\/\/www.instagram.com\/latamobility\/\",\"https:\/\/www.linkedin.com\/company\/latamobility\/\",\"https:\/\/www.youtube.com\/channel\/UCtcslRCRY0vITWaOQ1X0XUA\"]},{\"@type\":\"Person\",\"@id\":\"https:\/\/latamobility.com\/#\/schema\/person\/fda092a2de1f87d347784282908bad1a\",\"name\":\"Antonio Vilela\",\"image\":{\"@type\":\"ImageObject\",\"inLanguage\":\"pt-BR\",\"@id\":\"https:\/\/latamobility.com\/#\/schema\/person\/image\/\",\"url\":\"https:\/\/secure.gravatar.com\/avatar\/7eee8196fd2fda180806d7b41cd517f274d5ad3b9f65d873feb3ca7e2b3a72d2?s=96&d=mm&r=g\",\"contentUrl\":\"https:\/\/secure.gravatar.com\/avatar\/7eee8196fd2fda180806d7b41cd517f274d5ad3b9f65d873feb3ca7e2b3a72d2?s=96&d=mm&r=g\",\"caption\":\"Antonio Vilela\"}}]}<\/script>\n<!-- \/ Yoast SEO Premium plugin. -->","yoast_head_json":{"title":"Solu\u00e7\u00f5es integrais da Latnovva para a transi\u00e7\u00e3o energ\u00e9tica no M\u00e9xico e na Am\u00e9rica Latina - Latam Mobility","description":"A Latnovva consolida sua lideran\u00e7a regional atrav\u00e9s de projetos que integram inova\u00e7\u00e3o tecnol\u00f3gica, sustentabilidade e efici\u00eancia operacional","robots":{"index":"index","follow":"follow","max-snippet":"max-snippet:-1","max-image-preview":"max-image-preview:large","max-video-preview":"max-video-preview:-1"},"canonical":"https:\/\/latamobility.com\/pt-br\/solucoes-integrais-da-latnovva-para-a-transicao-energetica-no-mexico-e-na-america-latina\/","og_locale":"pt_BR","og_type":"article","og_title":"Solu\u00e7\u00f5es integrais da Latnovva para a transi\u00e7\u00e3o energ\u00e9tica no M\u00e9xico e na Am\u00e9rica Latina","og_description":"A Latnovva consolida sua lideran\u00e7a regional atrav\u00e9s de projetos que integram inova\u00e7\u00e3o tecnol\u00f3gica, sustentabilidade e efici\u00eancia operacional","og_url":"https:\/\/latamobility.com\/pt-br\/solucoes-integrais-da-latnovva-para-a-transicao-energetica-no-mexico-e-na-america-latina\/","og_site_name":"Latam Mobility","article_publisher":"https:\/\/www.facebook.com\/latamobility\/","article_published_time":"2025-09-22T10:05:00+00:00","article_modified_time":"2025-09-22T12:36:53+00:00","og_image":[{"width":960,"height":355,"url":"https:\/\/latamobility.com\/wp-content\/uploads\/2025\/09\/Latnovva-150925-c.jpg","type":"image\/jpeg"}],"author":"Antonio Vilela","twitter_card":"summary_large_image","twitter_description":"A Latnovva consolida sua lideran\u00e7a regional atrav\u00e9s de projetos que integram inova\u00e7\u00e3o tecnol\u00f3gica, sustentabilidade e efici\u00eancia operacional","twitter_creator":"@LataMobility","twitter_site":"@LataMobility","twitter_misc":{"Escrito por":"Antonio Vilela","Est. tempo de leitura":"3 minutos"},"schema":{"@context":"https:\/\/schema.org","@graph":[{"@type":"NewsArticle","@id":"https:\/\/latamobility.com\/pt-br\/solucoes-integrais-da-latnovva-para-a-transicao-energetica-no-mexico-e-na-america-latina\/#article","isPartOf":{"@id":"https:\/\/latamobility.com\/pt-br\/solucoes-integrais-da-latnovva-para-a-transicao-energetica-no-mexico-e-na-america-latina\/"},"author":{"name":"Antonio Vilela","@id":"https:\/\/latamobility.com\/#\/schema\/person\/fda092a2de1f87d347784282908bad1a"},"headline":"Solu\u00e7\u00f5es integrais da Latnovva para a transi\u00e7\u00e3o energ\u00e9tica no M\u00e9xico e na Am\u00e9rica Latina","datePublished":"2025-09-22T10:05:00+00:00","dateModified":"2025-09-22T12:36:53+00:00","mainEntityOfPage":{"@id":"https:\/\/latamobility.com\/pt-br\/solucoes-integrais-da-latnovva-para-a-transicao-energetica-no-mexico-e-na-america-latina\/"},"wordCount":706,"commentCount":0,"publisher":{"@id":"https:\/\/latamobility.com\/#organization"},"image":{"@id":"https:\/\/latamobility.com\/pt-br\/solucoes-integrais-da-latnovva-para-a-transicao-energetica-no-mexico-e-na-america-latina\/#primaryimage"},"thumbnailUrl":"https:\/\/latamobility.com\/wp-content\/uploads\/2025\/09\/Latnovva-150925-c.jpg","keywords":["Latnovva","M\u00e9xico","Sostenibilidad"],"articleSection":["Movilidad el\u00e9ctrica"],"inLanguage":"pt-BR","potentialAction":[{"@type":"CommentAction","name":"Comment","target":["https:\/\/latamobility.com\/pt-br\/solucoes-integrais-da-latnovva-para-a-transicao-energetica-no-mexico-e-na-america-latina\/#respond"]}]},{"@type":"WebPage","@id":"https:\/\/latamobility.com\/pt-br\/solucoes-integrais-da-latnovva-para-a-transicao-energetica-no-mexico-e-na-america-latina\/","url":"https:\/\/latamobility.com\/pt-br\/solucoes-integrais-da-latnovva-para-a-transicao-energetica-no-mexico-e-na-america-latina\/","name":"Solu\u00e7\u00f5es integrais da Latnovva para a transi\u00e7\u00e3o energ\u00e9tica no M\u00e9xico e na Am\u00e9rica Latina - Latam Mobility","isPartOf":{"@id":"https:\/\/latamobility.com\/#website"},"primaryImageOfPage":{"@id":"https:\/\/latamobility.com\/pt-br\/solucoes-integrais-da-latnovva-para-a-transicao-energetica-no-mexico-e-na-america-latina\/#primaryimage"},"image":{"@id":"https:\/\/latamobility.com\/pt-br\/solucoes-integrais-da-latnovva-para-a-transicao-energetica-no-mexico-e-na-america-latina\/#primaryimage"},"thumbnailUrl":"https:\/\/latamobility.com\/wp-content\/uploads\/2025\/09\/Latnovva-150925-c.jpg","datePublished":"2025-09-22T10:05:00+00:00","dateModified":"2025-09-22T12:36:53+00:00","description":"A Latnovva consolida sua lideran\u00e7a regional atrav\u00e9s de projetos que integram inova\u00e7\u00e3o tecnol\u00f3gica, sustentabilidade e efici\u00eancia operacional","breadcrumb":{"@id":"https:\/\/latamobility.com\/pt-br\/solucoes-integrais-da-latnovva-para-a-transicao-energetica-no-mexico-e-na-america-latina\/#breadcrumb"},"inLanguage":"pt-BR","potentialAction":[{"@type":"ReadAction","target":["https:\/\/latamobility.com\/pt-br\/solucoes-integrais-da-latnovva-para-a-transicao-energetica-no-mexico-e-na-america-latina\/"]}]},{"@type":"ImageObject","inLanguage":"pt-BR","@id":"https:\/\/latamobility.com\/pt-br\/solucoes-integrais-da-latnovva-para-a-transicao-energetica-no-mexico-e-na-america-latina\/#primaryimage","url":"https:\/\/latamobility.com\/wp-content\/uploads\/2025\/09\/Latnovva-150925-c.jpg","contentUrl":"https:\/\/latamobility.com\/wp-content\/uploads\/2025\/09\/Latnovva-150925-c.jpg","width":960,"height":355,"caption":"Latnovva"},{"@type":"BreadcrumbList","@id":"https:\/\/latamobility.com\/pt-br\/solucoes-integrais-da-latnovva-para-a-transicao-energetica-no-mexico-e-na-america-latina\/#breadcrumb","itemListElement":[{"@type":"ListItem","position":1,"name":"Portada","item":"https:\/\/latamobility.com\/pt-br\/"},{"@type":"ListItem","position":2,"name":"Solu\u00e7\u00f5es integrais da Latnovva para a transi\u00e7\u00e3o energ\u00e9tica no M\u00e9xico e na Am\u00e9rica Latina"}]},{"@type":"WebSite","@id":"https:\/\/latamobility.com\/#website","url":"https:\/\/latamobility.com\/","name":"Latam Mobility","description":"Serie de Eventos para promover la Movilidad y Transporte sostenible en Latinoam\u00e9rica","publisher":{"@id":"https:\/\/latamobility.com\/#organization"},"potentialAction":[{"@type":"SearchAction","target":{"@type":"EntryPoint","urlTemplate":"https:\/\/latamobility.com\/?s={search_term_string}"},"query-input":{"@type":"PropertyValueSpecification","valueRequired":true,"valueName":"search_term_string"}}],"inLanguage":"pt-BR"},{"@type":"Organization","@id":"https:\/\/latamobility.com\/#organization","name":"LATAM MOBILITY","url":"https:\/\/latamobility.com\/","logo":{"@type":"ImageObject","inLanguage":"pt-BR","@id":"https:\/\/latamobility.com\/#\/schema\/logo\/image\/","url":"https:\/\/latamobility.com\/wp-content\/uploads\/2025\/01\/logos-LM-LG-2025-10.png","contentUrl":"https:\/\/latamobility.com\/wp-content\/uploads\/2025\/01\/logos-LM-LG-2025-10.png","width":1080,"height":1080,"caption":"LATAM MOBILITY"},"image":{"@id":"https:\/\/latamobility.com\/#\/schema\/logo\/image\/"},"sameAs":["https:\/\/www.facebook.com\/latamobility\/","https:\/\/x.com\/LataMobility","https:\/\/www.instagram.com\/latamobility\/","https:\/\/www.linkedin.com\/company\/latamobility\/","https:\/\/www.youtube.com\/channel\/UCtcslRCRY0vITWaOQ1X0XUA"]},{"@type":"Person","@id":"https:\/\/latamobility.com\/#\/schema\/person\/fda092a2de1f87d347784282908bad1a","name":"Antonio Vilela","image":{"@type":"ImageObject","inLanguage":"pt-BR","@id":"https:\/\/latamobility.com\/#\/schema\/person\/image\/","url":"https:\/\/secure.gravatar.com\/avatar\/7eee8196fd2fda180806d7b41cd517f274d5ad3b9f65d873feb3ca7e2b3a72d2?s=96&d=mm&r=g","contentUrl":"https:\/\/secure.gravatar.com\/avatar\/7eee8196fd2fda180806d7b41cd517f274d5ad3b9f65d873feb3ca7e2b3a72d2?s=96&d=mm&r=g","caption":"Antonio Vilela"}}]}},"_links":{"self":[{"href":"https:\/\/latamobility.com\/pt-br\/wp-json\/wp\/v2\/posts\/51948","targetHints":{"allow":["GET"]}}],"collection":[{"href":"https:\/\/latamobility.com\/pt-br\/wp-json\/wp\/v2\/posts"}],"about":[{"href":"https:\/\/latamobility.com\/pt-br\/wp-json\/wp\/v2\/types\/post"}],"author":[{"embeddable":true,"href":"https:\/\/latamobility.com\/pt-br\/wp-json\/wp\/v2\/users\/10"}],"replies":[{"embeddable":true,"href":"https:\/\/latamobility.com\/pt-br\/wp-json\/wp\/v2\/comments?post=51948"}],"version-history":[{"count":1,"href":"https:\/\/latamobility.com\/pt-br\/wp-json\/wp\/v2\/posts\/51948\/revisions"}],"predecessor-version":[{"id":51949,"href":"https:\/\/latamobility.com\/pt-br\/wp-json\/wp\/v2\/posts\/51948\/revisions\/51949"}],"wp:featuredmedia":[{"embeddable":true,"href":"https:\/\/latamobility.com\/pt-br\/wp-json\/wp\/v2\/media\/51937"}],"wp:attachment":[{"href":"https:\/\/latamobility.com\/pt-br\/wp-json\/wp\/v2\/media?parent=51948"}],"wp:term":[{"taxonomy":"category","embeddable":true,"href":"https:\/\/latamobility.com\/pt-br\/wp-json\/wp\/v2\/categories?post=51948"},{"taxonomy":"post_tag","embeddable":true,"href":"https:\/\/latamobility.com\/pt-br\/wp-json\/wp\/v2\/tags?post=51948"}],"curies":[{"name":"wp","href":"https:\/\/api.w.org\/{rel}","templated":true}]}}