{"id":51965,"date":"2025-09-18T05:00:00","date_gmt":"2025-09-18T10:00:00","guid":{"rendered":"https:\/\/latamobility.com\/?p=51965"},"modified":"2025-09-15T15:43:06","modified_gmt":"2025-09-15T20:43:06","slug":"bridgestone-lanca-o-turanza-ev-para-veiculos-eletricos-na-america-latina","status":"publish","type":"post","link":"https:\/\/latamobility.com\/pt-br\/bridgestone-lanca-o-turanza-ev-para-veiculos-eletricos-na-america-latina\/","title":{"rendered":"Bridgestone lan\u00e7a o Turanza EV para ve\u00edculos el\u00e9tricos na Am\u00e9rica Latina"},"content":{"rendered":"\n<p>A <strong>Bridgestone <\/strong>apresentou recentemente nas principais capitais da Am\u00e9rica Latina seu novo pneu <strong><a href=\"https:\/\/www.bridgestone.com.mx\/llantas\/turanza-ev\/235-40R19\/#\">Turanza EV<\/a><\/strong>, concebido especificamente para atender \u00e0s exig\u00eancias dos ve\u00edculos el\u00e9tricos de \u00faltima gera\u00e7\u00e3o.<\/p>\n\n\n\n<p>Este lan\u00e7amento marca um marco na oferta de solu\u00e7\u00f5es de mobilidade de baixas emiss\u00f5es da empresa, ao <strong>integrar tecnologias de ponta e uma abordagem de ciclo de vida completo<\/strong>, desde o design at\u00e9 a reciclagem.<\/p>\n\n\n\n<p>O <strong>Turanza EV<\/strong> inclui a plataforma <strong>ENLITEN<sup>\u00ae<\/sup><\/strong>, desenvolvida pela <strong>Bridgestone <\/strong>para otimizar a resist\u00eancia ao rolamento sem sacrificar a durabilidade.<\/p>\n\n\n\n<p>Gra\u00e7as a um composto de pol\u00edmeros de baixo atrito e refor\u00e7os internos de alta rigidez, este pneu <strong>permite uma redu\u00e7\u00e3o de at\u00e9 15% no consumo de energia das baterias dos ve\u00edculos el\u00e9tricos<\/strong>, estendendo sua autonomia real em condi\u00e7\u00f5es de condu\u00e7\u00e3o urbana e rodovi\u00e1ria.<\/p>\n\n\n\n<figure class=\"wp-block-image size-full\"><img fetchpriority=\"high\" decoding=\"async\" width=\"2560\" height=\"1708\" src=\"https:\/\/latamobility.com\/wp-content\/uploads\/2025\/09\/Bridgestone-150925-b.jpeg\" alt=\"Bridgestone\" class=\"wp-image-51957\" srcset=\"https:\/\/latamobility.com\/wp-content\/uploads\/2025\/09\/Bridgestone-150925-b.jpeg 2560w, https:\/\/latamobility.com\/wp-content\/uploads\/2025\/09\/Bridgestone-150925-b-300x200.jpeg 300w, https:\/\/latamobility.com\/wp-content\/uploads\/2025\/09\/Bridgestone-150925-b-1024x683.jpeg 1024w, https:\/\/latamobility.com\/wp-content\/uploads\/2025\/09\/Bridgestone-150925-b-768x512.jpeg 768w, https:\/\/latamobility.com\/wp-content\/uploads\/2025\/09\/Bridgestone-150925-b-1536x1025.jpeg 1536w, https:\/\/latamobility.com\/wp-content\/uploads\/2025\/09\/Bridgestone-150925-b-2048x1366.jpeg 2048w\" sizes=\"(max-width: 2560px) 100vw, 2560px\" \/><\/figure>\n\n\n\n<p><strong>Voc\u00ea tamb\u00e9m pode se interessar por<\/strong> | <strong><a href=\"https:\/\/latamobility.com\/pt-br\/inovacao-gestao-de-frotas-tecnologia-e-sustentabilidade-os-pilares-do-latam-mobility-mexico-2025-se-reunem-em-outubro\/\">Inova\u00e7\u00e3o, gest\u00e3o de frotas, tecnologia e sustentabilidade: os pilares da \u201cLatam Mobility M\u00e9xico 2025\u201d se re\u00fanem em outubro<\/a><\/strong><\/p>\n\n\n\n<h2 class=\"wp-block-heading\" id=\"h-quiettrack-viagem-silenciosa-e-sustentavel\">QuietTrack: viagem silenciosa e sustent\u00e1vel<\/h2>\n\n\n\n<p>Com a tecnologia <strong>SilentTrack<\/strong>, comercializada sob a marca <strong>QuietTrack<sup>\u00ae<\/sup><\/strong> da <strong>Bridgestone<\/strong>, o novo <strong>Turanza EV<\/strong> minimiza a transmiss\u00e3o de ru\u00eddo do asfalto para o interior da cabine.<\/p>\n\n\n\n<p>Um padr\u00e3o de banda de rodagem otimizado e canais de evacua\u00e7\u00e3o de \u00e1gua redesenhados geram uma experi\u00eancia de condu\u00e7\u00e3o notavelmente mais silenciosa, <strong>sem comprometer a ader\u00eancia em piso molhado ou a estabilidade em alta velocidade<\/strong>.<\/p>\n\n\n\n<p>Em linha com seu compromisso com a economia circular, a <strong>Bridgestone <\/strong>conseguiu incorporar <strong>na carca\u00e7a e na banda de rodagem do <a href=\"https:\/\/www.bridgestone.com.mx\/llantas\/turanza-ev\/235-40R19\/#\">Turanza EV<\/a> at\u00e9 50% de materiais de origem renov\u00e1vel<\/strong> ou provenientes de pneus usados recuperados.<\/p>\n\n\n\n<p>Este conte\u00fado inclui <strong>borracha derivada de \u00f3leos vegetais, s\u00edlica extra\u00edda de fontes de baixo impacto e fibras t\u00eaxteis recicladas<\/strong>, reduzindo significativamente a pegada de carbono de cada unidade durante a sua fase de produ\u00e7\u00e3o.<\/p>\n\n\n\n<figure class=\"wp-block-image size-large\"><img decoding=\"async\" width=\"1024\" height=\"702\" src=\"https:\/\/latamobility.com\/wp-content\/uploads\/2025\/09\/Bridgestone-150925-c-1024x702.png\" alt=\"Bridgestone\" class=\"wp-image-51967\" srcset=\"https:\/\/latamobility.com\/wp-content\/uploads\/2025\/09\/Bridgestone-150925-c-1024x702.png 1024w, https:\/\/latamobility.com\/wp-content\/uploads\/2025\/09\/Bridgestone-150925-c-300x206.png 300w, https:\/\/latamobility.com\/wp-content\/uploads\/2025\/09\/Bridgestone-150925-c-768x527.png 768w, https:\/\/latamobility.com\/wp-content\/uploads\/2025\/09\/Bridgestone-150925-c.png 1473w\" sizes=\"(max-width: 1024px) 100vw, 1024px\" \/><\/figure>\n\n\n\n<h2 class=\"wp-block-heading\" id=\"h-disponibilidade-e-proximos-passos\">Disponibilidade e pr\u00f3ximos passos<\/h2>\n\n\n\n<p>A partir de outubro deste ano, o pneu <strong><a href=\"https:\/\/www.bridgestone.com.mx\/llantas\/turanza-ev\/235-40R19\/#\">Turanza EV<\/a><\/strong> estar\u00e1 dispon\u00edvel em pontos de venda autorizados e distribuidores oficiais da <strong>Bridgestone <\/strong>no <strong>M\u00e9xico, Col\u00f4mbia, Chile, Argentina e Brasil<\/strong>.<\/p>\n\n\n\n<p>A marca planeja estender a oferta ao restante dos mercados latino-americanos <strong>antes do final do ano<\/strong>, acompanhada de uma campanha promocional focada em frotas corporativas e operadores de servi\u00e7os de mobilidade compartilhada.<\/p>\n\n\n\n<p>Com este lan\u00e7amento, a <strong>Bridgestone <\/strong>reafirma seu papel como promotora da mobilidade el\u00e9trica e de solu\u00e7\u00f5es circulares, contribuindo com inova\u00e7\u00e3o tecnol\u00f3gica e redu\u00e7\u00e3o de emiss\u00f5es em toda a regi\u00e3o.<\/p>\n\n\n\n<figure class=\"wp-block-image size-large\"><img decoding=\"async\" width=\"1024\" height=\"576\" src=\"https:\/\/latamobility.com\/wp-content\/uploads\/2025\/09\/Banner-Latam-Mobility-Mexico-2025_logos-twitter-3-1024x576.jpg\" alt=\"Latam Mobility Mexico 2025\" class=\"wp-image-51930\" srcset=\"https:\/\/latamobility.com\/wp-content\/uploads\/2025\/09\/Banner-Latam-Mobility-Mexico-2025_logos-twitter-3-1024x576.jpg 1024w, https:\/\/latamobility.com\/wp-content\/uploads\/2025\/09\/Banner-Latam-Mobility-Mexico-2025_logos-twitter-3-300x169.jpg 300w, https:\/\/latamobility.com\/wp-content\/uploads\/2025\/09\/Banner-Latam-Mobility-Mexico-2025_logos-twitter-3-768x432.jpg 768w, https:\/\/latamobility.com\/wp-content\/uploads\/2025\/09\/Banner-Latam-Mobility-Mexico-2025_logos-twitter-3-1536x864.jpg 1536w, https:\/\/latamobility.com\/wp-content\/uploads\/2025\/09\/Banner-Latam-Mobility-Mexico-2025_logos-twitter-3-2048x1153.jpg 2048w\" sizes=\"(max-width: 1024px) 100vw, 1024px\" \/><\/figure>\n\n\n\n<h2 class=\"wp-block-heading\" id=\"h-rumo-ao-latam-mobility-mexico-2025\">Rumo ao \u201cLatam Mobility M\u00e9xico 2025\u201d<\/h2>\n\n\n\n<p>O \u201c<strong><a href=\"https:\/\/live.eventtia.com\/es\/latammobilitymexico2025\">Latam Mobility M\u00e9xico 2025<\/a><\/strong>\u201d \u00e9 o encontro mais importante sobre mobilidade sustent\u00e1vel da regi\u00e3o e ser\u00e1 realizado nos dias <strong>13 e 14 de outubro<\/strong> no World Trade Center da <strong>Cidade do M\u00e9xico<\/strong>.<\/p>\n\n\n\n<p>A c\u00fapula reunir\u00e1 os principais atores da ind\u00fastria, <strong>desde fabricantes de ve\u00edculos e empresas de tecnologia at\u00e9 autoridades governamentais e especialistas<\/strong>, todos unidos por um objetivo comum: acelerar a transi\u00e7\u00e3o para sistemas de transporte mais limpos, inteligentes e eficientes.<\/p>\n\n\n\n<p>Como parte central da agenda, destacou-se o \u201c<strong><a href=\"https:\/\/tinyurl.com\/ybfrdjfx\">Fleet Management &amp; Charging Matchmaking Hub<\/a><\/strong>\u201d, o novo eixo de inova\u00e7\u00e3o e parcerias para frotas.<\/p>\n\n\n\n<p>Este espa\u00e7o ser\u00e1 dedicado exclusivamente <strong>a conectar os l\u00edderes de frotas de transporte com os principais fornecedores de solu\u00e7\u00f5es de telem\u00e1tica, gest\u00e3o de carga, infraestrutura e ve\u00edculos el\u00e9tricos<\/strong>, facilitando as parcerias estrat\u00e9gicas necess\u00e1rias para acelerar a transi\u00e7\u00e3o.<\/p>\n\n\n\n<p>A oportunidade de construir as frotas do futuro \u00e9 agora, e o \u201c<strong><a href=\"https:\/\/live.eventtia.com\/es\/latammobilitymexico2025\">Latam Mobility M\u00e9xico 2025<\/a><\/strong>\u201d marcar\u00e1 um passo essencial para os l\u00edderes que buscam otimizar suas opera\u00e7\u00f5es, reduzir custos e liderar a transi\u00e7\u00e3o para um transporte eficiente e sustent\u00e1vel.<\/p>\n\n\n\n<p>\ud83d\udd39Para obter mais informa\u00e7\u00f5es sobre como participar do \u201c<strong><a href=\"https:\/\/live.eventtia.com\/es\/latammobilitymexico2025\">Latam Mobility M\u00e9xico 2025<\/a><\/strong>\u201d e as op\u00e7\u00f5es de posicionamento, escreva para info@investinlatam.org.<\/p>\n\n\n\n<p>\ud83d\udd39O contato via <strong><a href=\"https:\/\/lnkd.in\/eQzTYdNG\">WhatsApp<\/a><\/strong> est\u00e1 dispon\u00edvel; voc\u00ea pode adquirir seus ingressos clicando <strong><a href=\"https:\/\/live.eventtia.com\/es\/latammobilitymexico2025\">aqui<\/a><\/strong> e se inscrever no \u201c<strong>Fleet Management &amp; Charging Matchmaking Hub<\/strong>\u201d <strong><a href=\"https:\/\/tinyurl.com\/ybfrdjfx\">aqui<\/a><\/strong>.<\/p>\n\n\n\n<figure class=\"wp-block-gallery has-nested-images columns-default is-cropped wp-block-gallery-1 is-layout-flex wp-block-gallery-is-layout-flex\">\n<figure class=\"wp-block-image size-large\"><img loading=\"lazy\" decoding=\"async\" width=\"819\" height=\"1024\" data-id=\"51761\" src=\"https:\/\/latamobility.com\/wp-content\/uploads\/2025\/09\/Fleet-Management-Charging-Matchmaking-Hub_post-1-819x1024.jpg\" alt=\"Latam Mobility M\u00e9xico 2025\" class=\"wp-image-51761\" srcset=\"https:\/\/latamobility.com\/wp-content\/uploads\/2025\/09\/Fleet-Management-Charging-Matchmaking-Hub_post-1-819x1024.jpg 819w, https:\/\/latamobility.com\/wp-content\/uploads\/2025\/09\/Fleet-Management-Charging-Matchmaking-Hub_post-1-240x300.jpg 240w, https:\/\/latamobility.com\/wp-content\/uploads\/2025\/09\/Fleet-Management-Charging-Matchmaking-Hub_post-1-768x960.jpg 768w, https:\/\/latamobility.com\/wp-content\/uploads\/2025\/09\/Fleet-Management-Charging-Matchmaking-Hub_post-1.jpg 1080w\" sizes=\"(max-width: 819px) 100vw, 819px\" \/><\/figure>\n\n\n\n<figure class=\"wp-block-image size-large\"><img loading=\"lazy\" decoding=\"async\" width=\"819\" height=\"1024\" data-id=\"51809\" src=\"https:\/\/latamobility.com\/wp-content\/uploads\/2025\/09\/1756907737437-819x1024.jpeg\" alt=\"Latam Mobility M\u00e9xico 2025\" class=\"wp-image-51809\" srcset=\"https:\/\/latamobility.com\/wp-content\/uploads\/2025\/09\/1756907737437-819x1024.jpeg 819w, https:\/\/latamobility.com\/wp-content\/uploads\/2025\/09\/1756907737437-240x300.jpeg 240w, https:\/\/latamobility.com\/wp-content\/uploads\/2025\/09\/1756907737437-768x960.jpeg 768w, https:\/\/latamobility.com\/wp-content\/uploads\/2025\/09\/1756907737437.jpeg 1080w\" sizes=\"(max-width: 819px) 100vw, 819px\" \/><\/figure>\n<\/figure>\n","protected":false},"excerpt":{"rendered":"<p>A Bridgestone apresentou recentemente nas principais capitais da Am\u00e9rica Latina seu novo pneu Turanza EV, concebido especificamente para atender \u00e0s exig\u00eancias dos ve\u00edculos el\u00e9tricos de \u00faltima gera\u00e7\u00e3o. Este lan\u00e7amento marca um marco na oferta de solu\u00e7\u00f5es de mobilidade de baixas emiss\u00f5es da empresa, ao integrar tecnologias de ponta e uma abordagem de ciclo de vida&#8230;<\/p>\n","protected":false},"author":10,"featured_media":51963,"comment_status":"open","ping_status":"closed","sticky":false,"template":"","format":"standard","meta":{"_kad_post_transparent":"","_kad_post_title":"","_kad_post_layout":"","_kad_post_sidebar_id":"","_kad_post_content_style":"","_kad_post_vertical_padding":"","_kad_post_feature":"","_kad_post_feature_position":"","_kad_post_header":false,"_kad_post_footer":false,"_kad_post_classname":"","footnotes":""},"categories":[2356],"tags":[3360,3356,2359],"class_list":["post-51965","post","type-post","status-publish","format-standard","has-post-thumbnail","hentry","category-movilidad-electrica-pt-br","tag-bridgestone-3","tag-mexico-pt-br","tag-movilidad-electrica-pt-br"],"yoast_head":"<!-- This site is optimized with the Yoast SEO Premium plugin v22.7 (Yoast SEO v27.1.1) - https:\/\/yoast.com\/product\/yoast-seo-premium-wordpress\/ -->\n<title>Bridgestone lan\u00e7a o Turanza EV para ve\u00edculos el\u00e9tricos na Am\u00e9rica Latina - Latam Mobility<\/title>\n<meta name=\"description\" content=\"A Bridgestone apresentou seu novo pneu Turanza EV, concebido para atender \u00e0s exig\u00eancias dos ve\u00edculos el\u00e9tricos de \u00faltima gera\u00e7\u00e3o\" \/>\n<meta name=\"robots\" content=\"index, follow, max-snippet:-1, max-image-preview:large, max-video-preview:-1\" \/>\n<link rel=\"canonical\" href=\"https:\/\/latamobility.com\/bridgestone-lanza-el-turanza-ev-para-vehiculos-electricos-en-latinoamerica\/\" \/>\n<meta property=\"og:locale\" content=\"pt_BR\" \/>\n<meta property=\"og:type\" content=\"article\" \/>\n<meta property=\"og:title\" content=\"Bridgestone lan\u00e7a o Turanza EV para ve\u00edculos el\u00e9tricos na Am\u00e9rica Latina\" \/>\n<meta property=\"og:description\" content=\"A Bridgestone apresentou seu novo pneu Turanza EV, concebido para atender \u00e0s exig\u00eancias dos ve\u00edculos el\u00e9tricos de \u00faltima gera\u00e7\u00e3o\" \/>\n<meta property=\"og:url\" content=\"https:\/\/latamobility.com\/bridgestone-lanza-el-turanza-ev-para-vehiculos-electricos-en-latinoamerica\/\" \/>\n<meta property=\"og:site_name\" content=\"Latam Mobility\" \/>\n<meta property=\"article:publisher\" content=\"https:\/\/www.facebook.com\/latamobility\/\" \/>\n<meta property=\"article:published_time\" content=\"2025-09-18T10:00:00+00:00\" \/>\n<meta property=\"og:image\" content=\"https:\/\/latamobility.com\/wp-content\/uploads\/2025\/09\/Bridgestone-150925-a-1.jpg\" \/>\n\t<meta property=\"og:image:width\" content=\"832\" \/>\n\t<meta property=\"og:image:height\" content=\"558\" \/>\n\t<meta property=\"og:image:type\" content=\"image\/jpeg\" \/>\n<meta name=\"author\" content=\"Antonio Vilela\" \/>\n<meta name=\"twitter:card\" content=\"summary_large_image\" \/>\n<meta name=\"twitter:description\" content=\"A Bridgestone apresentou seu novo pneu Turanza EV, concebido para atender \u00e0s exig\u00eancias dos ve\u00edculos el\u00e9tricos de \u00faltima gera\u00e7\u00e3o\" \/>\n<meta name=\"twitter:creator\" content=\"@LataMobility\" \/>\n<meta name=\"twitter:site\" content=\"@LataMobility\" \/>\n<meta name=\"twitter:label1\" content=\"Escrito por\" \/>\n\t<meta name=\"twitter:data1\" content=\"Antonio Vilela\" \/>\n\t<meta name=\"twitter:label2\" content=\"Est. tempo de leitura\" \/>\n\t<meta name=\"twitter:data2\" content=\"3 minutos\" \/>\n<script type=\"application\/ld+json\" class=\"yoast-schema-graph\">{\"@context\":\"https:\/\/schema.org\",\"@graph\":[{\"@type\":\"NewsArticle\",\"@id\":\"https:\/\/latamobility.com\/bridgestone-lanza-el-turanza-ev-para-vehiculos-electricos-en-latinoamerica\/#article\",\"isPartOf\":{\"@id\":\"https:\/\/latamobility.com\/bridgestone-lanza-el-turanza-ev-para-vehiculos-electricos-en-latinoamerica\/\"},\"author\":{\"name\":\"Antonio Vilela\",\"@id\":\"https:\/\/latamobility.com\/#\/schema\/person\/fda092a2de1f87d347784282908bad1a\"},\"headline\":\"Bridgestone lan\u00e7a o Turanza EV para ve\u00edculos el\u00e9tricos na Am\u00e9rica Latina\",\"datePublished\":\"2025-09-18T10:00:00+00:00\",\"mainEntityOfPage\":{\"@id\":\"https:\/\/latamobility.com\/bridgestone-lanza-el-turanza-ev-para-vehiculos-electricos-en-latinoamerica\/\"},\"wordCount\":687,\"commentCount\":0,\"publisher\":{\"@id\":\"https:\/\/latamobility.com\/#organization\"},\"image\":{\"@id\":\"https:\/\/latamobility.com\/bridgestone-lanza-el-turanza-ev-para-vehiculos-electricos-en-latinoamerica\/#primaryimage\"},\"thumbnailUrl\":\"https:\/\/latamobility.com\/wp-content\/uploads\/2025\/09\/Bridgestone-150925-a-1.jpg\",\"keywords\":[\"Bridgestone\",\"M\u00e9xico\",\"Movilidad el\u00e9ctrica\"],\"articleSection\":[\"Movilidad el\u00e9ctrica\"],\"inLanguage\":\"pt-BR\",\"potentialAction\":[{\"@type\":\"CommentAction\",\"name\":\"Comment\",\"target\":[\"https:\/\/latamobility.com\/bridgestone-lanza-el-turanza-ev-para-vehiculos-electricos-en-latinoamerica\/#respond\"]}]},{\"@type\":\"WebPage\",\"@id\":\"https:\/\/latamobility.com\/bridgestone-lanza-el-turanza-ev-para-vehiculos-electricos-en-latinoamerica\/\",\"url\":\"https:\/\/latamobility.com\/bridgestone-lanza-el-turanza-ev-para-vehiculos-electricos-en-latinoamerica\/\",\"name\":\"Bridgestone lan\u00e7a o Turanza EV para ve\u00edculos el\u00e9tricos na Am\u00e9rica Latina - Latam Mobility\",\"isPartOf\":{\"@id\":\"https:\/\/latamobility.com\/#website\"},\"primaryImageOfPage\":{\"@id\":\"https:\/\/latamobility.com\/bridgestone-lanza-el-turanza-ev-para-vehiculos-electricos-en-latinoamerica\/#primaryimage\"},\"image\":{\"@id\":\"https:\/\/latamobility.com\/bridgestone-lanza-el-turanza-ev-para-vehiculos-electricos-en-latinoamerica\/#primaryimage\"},\"thumbnailUrl\":\"https:\/\/latamobility.com\/wp-content\/uploads\/2025\/09\/Bridgestone-150925-a-1.jpg\",\"datePublished\":\"2025-09-18T10:00:00+00:00\",\"description\":\"A Bridgestone apresentou seu novo pneu Turanza EV, concebido para atender \u00e0s exig\u00eancias dos ve\u00edculos el\u00e9tricos de \u00faltima gera\u00e7\u00e3o\",\"breadcrumb\":{\"@id\":\"https:\/\/latamobility.com\/bridgestone-lanza-el-turanza-ev-para-vehiculos-electricos-en-latinoamerica\/#breadcrumb\"},\"inLanguage\":\"pt-BR\",\"potentialAction\":[{\"@type\":\"ReadAction\",\"target\":[\"https:\/\/latamobility.com\/bridgestone-lanza-el-turanza-ev-para-vehiculos-electricos-en-latinoamerica\/\"]}]},{\"@type\":\"ImageObject\",\"inLanguage\":\"pt-BR\",\"@id\":\"https:\/\/latamobility.com\/bridgestone-lanza-el-turanza-ev-para-vehiculos-electricos-en-latinoamerica\/#primaryimage\",\"url\":\"https:\/\/latamobility.com\/wp-content\/uploads\/2025\/09\/Bridgestone-150925-a-1.jpg\",\"contentUrl\":\"https:\/\/latamobility.com\/wp-content\/uploads\/2025\/09\/Bridgestone-150925-a-1.jpg\",\"width\":832,\"height\":558,\"caption\":\"Bridgestone\"},{\"@type\":\"BreadcrumbList\",\"@id\":\"https:\/\/latamobility.com\/bridgestone-lanza-el-turanza-ev-para-vehiculos-electricos-en-latinoamerica\/#breadcrumb\",\"itemListElement\":[{\"@type\":\"ListItem\",\"position\":1,\"name\":\"Portada\",\"item\":\"https:\/\/latamobility.com\/pt-br\/\"},{\"@type\":\"ListItem\",\"position\":2,\"name\":\"Bridgestone lan\u00e7a o Turanza EV para ve\u00edculos el\u00e9tricos na Am\u00e9rica Latina\"}]},{\"@type\":\"WebSite\",\"@id\":\"https:\/\/latamobility.com\/#website\",\"url\":\"https:\/\/latamobility.com\/\",\"name\":\"Latam Mobility\",\"description\":\"Serie de Eventos para promover la Movilidad y Transporte sostenible en Latinoam\u00e9rica\",\"publisher\":{\"@id\":\"https:\/\/latamobility.com\/#organization\"},\"potentialAction\":[{\"@type\":\"SearchAction\",\"target\":{\"@type\":\"EntryPoint\",\"urlTemplate\":\"https:\/\/latamobility.com\/?s={search_term_string}\"},\"query-input\":{\"@type\":\"PropertyValueSpecification\",\"valueRequired\":true,\"valueName\":\"search_term_string\"}}],\"inLanguage\":\"pt-BR\"},{\"@type\":\"Organization\",\"@id\":\"https:\/\/latamobility.com\/#organization\",\"name\":\"LATAM MOBILITY\",\"url\":\"https:\/\/latamobility.com\/\",\"logo\":{\"@type\":\"ImageObject\",\"inLanguage\":\"pt-BR\",\"@id\":\"https:\/\/latamobility.com\/#\/schema\/logo\/image\/\",\"url\":\"https:\/\/latamobility.com\/wp-content\/uploads\/2025\/01\/logos-LM-LG-2025-10.png\",\"contentUrl\":\"https:\/\/latamobility.com\/wp-content\/uploads\/2025\/01\/logos-LM-LG-2025-10.png\",\"width\":1080,\"height\":1080,\"caption\":\"LATAM MOBILITY\"},\"image\":{\"@id\":\"https:\/\/latamobility.com\/#\/schema\/logo\/image\/\"},\"sameAs\":[\"https:\/\/www.facebook.com\/latamobility\/\",\"https:\/\/x.com\/LataMobility\",\"https:\/\/www.instagram.com\/latamobility\/\",\"https:\/\/www.linkedin.com\/company\/latamobility\/\",\"https:\/\/www.youtube.com\/channel\/UCtcslRCRY0vITWaOQ1X0XUA\"]},{\"@type\":\"Person\",\"@id\":\"https:\/\/latamobility.com\/#\/schema\/person\/fda092a2de1f87d347784282908bad1a\",\"name\":\"Antonio Vilela\",\"image\":{\"@type\":\"ImageObject\",\"inLanguage\":\"pt-BR\",\"@id\":\"https:\/\/latamobility.com\/#\/schema\/person\/image\/\",\"url\":\"https:\/\/secure.gravatar.com\/avatar\/7eee8196fd2fda180806d7b41cd517f274d5ad3b9f65d873feb3ca7e2b3a72d2?s=96&d=mm&r=g\",\"contentUrl\":\"https:\/\/secure.gravatar.com\/avatar\/7eee8196fd2fda180806d7b41cd517f274d5ad3b9f65d873feb3ca7e2b3a72d2?s=96&d=mm&r=g\",\"caption\":\"Antonio Vilela\"}}]}<\/script>\n<!-- \/ Yoast SEO Premium plugin. -->","yoast_head_json":{"title":"Bridgestone lan\u00e7a o Turanza EV para ve\u00edculos el\u00e9tricos na Am\u00e9rica Latina - Latam Mobility","description":"A Bridgestone apresentou seu novo pneu Turanza EV, concebido para atender \u00e0s exig\u00eancias dos ve\u00edculos el\u00e9tricos de \u00faltima gera\u00e7\u00e3o","robots":{"index":"index","follow":"follow","max-snippet":"max-snippet:-1","max-image-preview":"max-image-preview:large","max-video-preview":"max-video-preview:-1"},"canonical":"https:\/\/latamobility.com\/bridgestone-lanza-el-turanza-ev-para-vehiculos-electricos-en-latinoamerica\/","og_locale":"pt_BR","og_type":"article","og_title":"Bridgestone lan\u00e7a o Turanza EV para ve\u00edculos el\u00e9tricos na Am\u00e9rica Latina","og_description":"A Bridgestone apresentou seu novo pneu Turanza EV, concebido para atender \u00e0s exig\u00eancias dos ve\u00edculos el\u00e9tricos de \u00faltima gera\u00e7\u00e3o","og_url":"https:\/\/latamobility.com\/bridgestone-lanza-el-turanza-ev-para-vehiculos-electricos-en-latinoamerica\/","og_site_name":"Latam Mobility","article_publisher":"https:\/\/www.facebook.com\/latamobility\/","article_published_time":"2025-09-18T10:00:00+00:00","og_image":[{"width":832,"height":558,"url":"https:\/\/latamobility.com\/wp-content\/uploads\/2025\/09\/Bridgestone-150925-a-1.jpg","type":"image\/jpeg"}],"author":"Antonio Vilela","twitter_card":"summary_large_image","twitter_description":"A Bridgestone apresentou seu novo pneu Turanza EV, concebido para atender \u00e0s exig\u00eancias dos ve\u00edculos el\u00e9tricos de \u00faltima gera\u00e7\u00e3o","twitter_creator":"@LataMobility","twitter_site":"@LataMobility","twitter_misc":{"Escrito por":"Antonio Vilela","Est. tempo de leitura":"3 minutos"},"schema":{"@context":"https:\/\/schema.org","@graph":[{"@type":"NewsArticle","@id":"https:\/\/latamobility.com\/bridgestone-lanza-el-turanza-ev-para-vehiculos-electricos-en-latinoamerica\/#article","isPartOf":{"@id":"https:\/\/latamobility.com\/bridgestone-lanza-el-turanza-ev-para-vehiculos-electricos-en-latinoamerica\/"},"author":{"name":"Antonio Vilela","@id":"https:\/\/latamobility.com\/#\/schema\/person\/fda092a2de1f87d347784282908bad1a"},"headline":"Bridgestone lan\u00e7a o Turanza EV para ve\u00edculos el\u00e9tricos na Am\u00e9rica Latina","datePublished":"2025-09-18T10:00:00+00:00","mainEntityOfPage":{"@id":"https:\/\/latamobility.com\/bridgestone-lanza-el-turanza-ev-para-vehiculos-electricos-en-latinoamerica\/"},"wordCount":687,"commentCount":0,"publisher":{"@id":"https:\/\/latamobility.com\/#organization"},"image":{"@id":"https:\/\/latamobility.com\/bridgestone-lanza-el-turanza-ev-para-vehiculos-electricos-en-latinoamerica\/#primaryimage"},"thumbnailUrl":"https:\/\/latamobility.com\/wp-content\/uploads\/2025\/09\/Bridgestone-150925-a-1.jpg","keywords":["Bridgestone","M\u00e9xico","Movilidad el\u00e9ctrica"],"articleSection":["Movilidad el\u00e9ctrica"],"inLanguage":"pt-BR","potentialAction":[{"@type":"CommentAction","name":"Comment","target":["https:\/\/latamobility.com\/bridgestone-lanza-el-turanza-ev-para-vehiculos-electricos-en-latinoamerica\/#respond"]}]},{"@type":"WebPage","@id":"https:\/\/latamobility.com\/bridgestone-lanza-el-turanza-ev-para-vehiculos-electricos-en-latinoamerica\/","url":"https:\/\/latamobility.com\/bridgestone-lanza-el-turanza-ev-para-vehiculos-electricos-en-latinoamerica\/","name":"Bridgestone lan\u00e7a o Turanza EV para ve\u00edculos el\u00e9tricos na Am\u00e9rica Latina - Latam Mobility","isPartOf":{"@id":"https:\/\/latamobility.com\/#website"},"primaryImageOfPage":{"@id":"https:\/\/latamobility.com\/bridgestone-lanza-el-turanza-ev-para-vehiculos-electricos-en-latinoamerica\/#primaryimage"},"image":{"@id":"https:\/\/latamobility.com\/bridgestone-lanza-el-turanza-ev-para-vehiculos-electricos-en-latinoamerica\/#primaryimage"},"thumbnailUrl":"https:\/\/latamobility.com\/wp-content\/uploads\/2025\/09\/Bridgestone-150925-a-1.jpg","datePublished":"2025-09-18T10:00:00+00:00","description":"A Bridgestone apresentou seu novo pneu Turanza EV, concebido para atender \u00e0s exig\u00eancias dos ve\u00edculos el\u00e9tricos de \u00faltima gera\u00e7\u00e3o","breadcrumb":{"@id":"https:\/\/latamobility.com\/bridgestone-lanza-el-turanza-ev-para-vehiculos-electricos-en-latinoamerica\/#breadcrumb"},"inLanguage":"pt-BR","potentialAction":[{"@type":"ReadAction","target":["https:\/\/latamobility.com\/bridgestone-lanza-el-turanza-ev-para-vehiculos-electricos-en-latinoamerica\/"]}]},{"@type":"ImageObject","inLanguage":"pt-BR","@id":"https:\/\/latamobility.com\/bridgestone-lanza-el-turanza-ev-para-vehiculos-electricos-en-latinoamerica\/#primaryimage","url":"https:\/\/latamobility.com\/wp-content\/uploads\/2025\/09\/Bridgestone-150925-a-1.jpg","contentUrl":"https:\/\/latamobility.com\/wp-content\/uploads\/2025\/09\/Bridgestone-150925-a-1.jpg","width":832,"height":558,"caption":"Bridgestone"},{"@type":"BreadcrumbList","@id":"https:\/\/latamobility.com\/bridgestone-lanza-el-turanza-ev-para-vehiculos-electricos-en-latinoamerica\/#breadcrumb","itemListElement":[{"@type":"ListItem","position":1,"name":"Portada","item":"https:\/\/latamobility.com\/pt-br\/"},{"@type":"ListItem","position":2,"name":"Bridgestone lan\u00e7a o Turanza EV para ve\u00edculos el\u00e9tricos na Am\u00e9rica Latina"}]},{"@type":"WebSite","@id":"https:\/\/latamobility.com\/#website","url":"https:\/\/latamobility.com\/","name":"Latam Mobility","description":"Serie de Eventos para promover la Movilidad y Transporte sostenible en Latinoam\u00e9rica","publisher":{"@id":"https:\/\/latamobility.com\/#organization"},"potentialAction":[{"@type":"SearchAction","target":{"@type":"EntryPoint","urlTemplate":"https:\/\/latamobility.com\/?s={search_term_string}"},"query-input":{"@type":"PropertyValueSpecification","valueRequired":true,"valueName":"search_term_string"}}],"inLanguage":"pt-BR"},{"@type":"Organization","@id":"https:\/\/latamobility.com\/#organization","name":"LATAM MOBILITY","url":"https:\/\/latamobility.com\/","logo":{"@type":"ImageObject","inLanguage":"pt-BR","@id":"https:\/\/latamobility.com\/#\/schema\/logo\/image\/","url":"https:\/\/latamobility.com\/wp-content\/uploads\/2025\/01\/logos-LM-LG-2025-10.png","contentUrl":"https:\/\/latamobility.com\/wp-content\/uploads\/2025\/01\/logos-LM-LG-2025-10.png","width":1080,"height":1080,"caption":"LATAM MOBILITY"},"image":{"@id":"https:\/\/latamobility.com\/#\/schema\/logo\/image\/"},"sameAs":["https:\/\/www.facebook.com\/latamobility\/","https:\/\/x.com\/LataMobility","https:\/\/www.instagram.com\/latamobility\/","https:\/\/www.linkedin.com\/company\/latamobility\/","https:\/\/www.youtube.com\/channel\/UCtcslRCRY0vITWaOQ1X0XUA"]},{"@type":"Person","@id":"https:\/\/latamobility.com\/#\/schema\/person\/fda092a2de1f87d347784282908bad1a","name":"Antonio Vilela","image":{"@type":"ImageObject","inLanguage":"pt-BR","@id":"https:\/\/latamobility.com\/#\/schema\/person\/image\/","url":"https:\/\/secure.gravatar.com\/avatar\/7eee8196fd2fda180806d7b41cd517f274d5ad3b9f65d873feb3ca7e2b3a72d2?s=96&d=mm&r=g","contentUrl":"https:\/\/secure.gravatar.com\/avatar\/7eee8196fd2fda180806d7b41cd517f274d5ad3b9f65d873feb3ca7e2b3a72d2?s=96&d=mm&r=g","caption":"Antonio Vilela"}}]}},"_links":{"self":[{"href":"https:\/\/latamobility.com\/pt-br\/wp-json\/wp\/v2\/posts\/51965","targetHints":{"allow":["GET"]}}],"collection":[{"href":"https:\/\/latamobility.com\/pt-br\/wp-json\/wp\/v2\/posts"}],"about":[{"href":"https:\/\/latamobility.com\/pt-br\/wp-json\/wp\/v2\/types\/post"}],"author":[{"embeddable":true,"href":"https:\/\/latamobility.com\/pt-br\/wp-json\/wp\/v2\/users\/10"}],"replies":[{"embeddable":true,"href":"https:\/\/latamobility.com\/pt-br\/wp-json\/wp\/v2\/comments?post=51965"}],"version-history":[{"count":5,"href":"https:\/\/latamobility.com\/pt-br\/wp-json\/wp\/v2\/posts\/51965\/revisions"}],"predecessor-version":[{"id":51976,"href":"https:\/\/latamobility.com\/pt-br\/wp-json\/wp\/v2\/posts\/51965\/revisions\/51976"}],"wp:featuredmedia":[{"embeddable":true,"href":"https:\/\/latamobility.com\/pt-br\/wp-json\/wp\/v2\/media\/51963"}],"wp:attachment":[{"href":"https:\/\/latamobility.com\/pt-br\/wp-json\/wp\/v2\/media?parent=51965"}],"wp:term":[{"taxonomy":"category","embeddable":true,"href":"https:\/\/latamobility.com\/pt-br\/wp-json\/wp\/v2\/categories?post=51965"},{"taxonomy":"post_tag","embeddable":true,"href":"https:\/\/latamobility.com\/pt-br\/wp-json\/wp\/v2\/tags?post=51965"}],"curies":[{"name":"wp","href":"https:\/\/api.w.org\/{rel}","templated":true}]}}