{"id":52061,"date":"2025-09-30T05:05:00","date_gmt":"2025-09-30T10:05:00","guid":{"rendered":"https:\/\/latamobility.com\/?p=52061"},"modified":"2025-09-22T10:04:32","modified_gmt":"2025-09-22T15:04:32","slug":"geotab-revela-o-valor-oculto-dos-dados-das-frotas-comerciais-para-postos-de-combustivel","status":"publish","type":"post","link":"https:\/\/latamobility.com\/pt-br\/geotab-revela-o-valor-oculto-dos-dados-das-frotas-comerciais-para-postos-de-combustivel\/","title":{"rendered":"Geotab revela o valor oculto dos dados das frotas comerciais para postos de combust\u00edvel"},"content":{"rendered":"\n<p>Um novo relat\u00f3rio da <strong><a href=\"https:\/\/altitude.geotab.com\/insights-and-customer-stories\/fuel-retailer-industry-report\/\">Altitude by Geotab<\/a><\/strong> demonstra que <strong>os varejistas de combust\u00edvel est\u00e3o perdendo uma oportunidade significativa<\/strong> de receita ao n\u00e3o aproveitar os dados de mobilidade dos ve\u00edculos comerciais para orientar a sele\u00e7\u00e3o de locais de abastecimento.<\/p>\n\n\n\n<p>O estudo, baseado em dados granulares de mobilidade de frotas reais, apresenta uma estrutura inovadora que permite <strong>identificar corredores e paradas de alto valor, otimizar a rentabilidade e atender aos h\u00e1bitos de consumo fora dos hor\u00e1rios de pico<\/strong>.<\/p>\n\n\n\n<p>A an\u00e1lise se baseia em milh\u00f5es de trajetos agregados anonimamente de ve\u00edculos comerciais que operam com dispositivos <strong>Geotab<\/strong>.<\/p>\n\n\n\n<p>Ao contr\u00e1rio das ferramentas tradicionais de planejamento, como contagens de tr\u00e1fego, dados gen\u00e9ricos de cart\u00f5es de cr\u00e9dito de consumidores ou modelos de \u00e1rea de capta\u00e7\u00e3o, essa abordagem <strong>captura os padr\u00f5es operacionais \u00fanicos das frotas<\/strong>, sua demanda previs\u00edvel e sua contribui\u00e7\u00e3o econ\u00f4mica espec\u00edfica para os postos de combust\u00edvel.<\/p>\n\n\n\n<p><strong>Voc\u00ea tamb\u00e9m pode se interessar por<\/strong> | <strong><a href=\"https:\/\/latamobility.com\/pt-br\/inovacao-gestao-de-frotas-tecnologia-e-sustentabilidade-os-pilares-do-latam-mobility-mexico-2025-se-reunem-em-outubro\/\">Inova\u00e7\u00e3o, gest\u00e3o de frotas, tecnologia e sustentabilidade: os pilares da \u201cLatam Mobility M\u00e9xico 2025\u201d se re\u00fanem em outubro<\/a><\/strong><\/p>\n\n\n\n<h2 class=\"wp-block-heading\" id=\"h-principais-conclusoes-da-geotab\">Principais conclus\u00f5es da Geotab<\/h2>\n\n\n\n<p>De acordo com dados da <strong>NATSO <\/strong>citados no relat\u00f3rio, os caminh\u00f5es de grande tonelagem <strong>consomem mais de 20% do combust\u00edvel utilizado no transporte nos Estados Unidos<\/strong>.<\/p>\n\n\n\n<p>O documento revela que uma \u00fanica parada de caminh\u00e3o pesado pode gerar entre<strong> oito e dez vezes mais volume de combust\u00edvel<\/strong> do que um ve\u00edculo de passageiros t\u00edpico.<\/p>\n\n\n\n<p>Al\u00e9m disso, os motoristas de frotas comerciais gastam, em m\u00e9dia, <strong>o dobro ou at\u00e9 o triplo em produtos da loja por visita<\/strong>, o que aumenta significativamente a receita auxiliar dos postos de combust\u00edvel.<\/p>\n\n\n\n<p><strong>Outra descoberta relevante \u00e9 a const\u00e2ncia do tr\u00e1fego comercial ao longo do dia<\/strong>, em contraste com os picos das horas de ponta dos viajantes particulares.<\/p>\n\n\n\n<p>Essas descobertas sugerem que os<strong> varejistas de combust\u00edvel podem melhorar a rentabilidade de suas redes se priorizarem os locais que concentram alto volume de tr\u00e1fego de frotas<\/strong>.<\/p>\n\n\n\n<p>O relat\u00f3rio oferece uma estrutura para <strong>identificar sa\u00eddas de rodovias, parques industriais e centros de carga log\u00edstica desatendidos<\/strong>, de modo que os novos postos se alinhem com a demanda real de transporte de mercadorias e maximizem tanto o volume de vendas de combust\u00edvel quanto os gastos na loja.<\/p>\n\n\n\n<h2 class=\"wp-block-heading\" id=\"h-oportunidades-de-crescimento\">Oportunidades de crescimento<\/h2>\n\n\n\n<p>O relat\u00f3rio destaca que, ap\u00f3s d\u00e9cadas assumindo que \u201c<strong>mais tr\u00e1fego equivale a mais receita<\/strong>\u201d, os postos de combust\u00edvel que identificarem o verdadeiro valor de cada tipo de usu\u00e1rio conseguir\u00e3o se diferenciar e capturar fluxos de demanda mais lucrativos.<\/p>\n\n\n\n<p>De acordo com a pesquisa da <strong>Altitude by Geotab<\/strong>, um \u00fanico caminh\u00e3o comercial pode contribuir com o equivalente em volume de combust\u00edvel de mais de dez autom\u00f3veis de passageiros em uma \u00fanica parada, portanto, ignorar esses dados significa deixar uma parte substancial da receita na mesa.<\/p>\n\n\n\n<p>\u201cO objetivo \u00e9 ajudar os varejistas de combust\u00edvel a tomar decis\u00f5es mais inteligentes com base em dados\u201d, acrescentou <strong>Nate Veeh<\/strong>, vice-presidente adjunto de Desenvolvimento Comercial da Altitude by <strong>Geotab<\/strong>.<\/p>\n\n\n\n<p>\u201cEm vez de simplesmente adivinhar quais s\u00e3o os locais ideais, agora eles podem ver exatamente <strong>por onde circulam seus clientes mais valiosos e criar uma rede para atend\u00ea-los<\/strong>. Ao usar as informa\u00e7\u00f5es agregadas dos dados de movimento de ve\u00edculos comerciais, os varejistas de combust\u00edvel podem identificar corredores e regi\u00f5es mal atendidos com alta concentra\u00e7\u00e3o de atividade de frotas\u201d, acrescentou.<\/p>\n\n\n\n<p>A implementa\u00e7\u00e3o do<strong> AssetTrac, StealthNet <\/strong>e<strong> SolarNet<\/strong> promete transformar a gest\u00e3o de ativos. Ao combinar hardware resistente, conectividade adapt\u00e1vel e an\u00e1lise preditiva, as empresas poder\u00e3o antecipar falhas, evitar perdas por roubo e otimizar a log\u00edstica em \u00e1reas remotas da Am\u00e9rica Latina, onde o controle de ativos representa um fator cr\u00edtico de competitividade.<\/p>\n\n\n\n<figure class=\"wp-block-gallery has-nested-images columns-default is-cropped wp-block-gallery-1 is-layout-flex wp-block-gallery-is-layout-flex\">\n<figure class=\"wp-block-image size-large\"><img fetchpriority=\"high\" decoding=\"async\" width=\"819\" height=\"1024\" data-id=\"51761\" src=\"https:\/\/latamobility.com\/wp-content\/uploads\/2025\/09\/Fleet-Management-Charging-Matchmaking-Hub_post-1-819x1024.jpg\" alt=\"Latam Mobility M\u00e9xico 2025\" class=\"wp-image-51761\" srcset=\"https:\/\/latamobility.com\/wp-content\/uploads\/2025\/09\/Fleet-Management-Charging-Matchmaking-Hub_post-1-819x1024.jpg 819w, https:\/\/latamobility.com\/wp-content\/uploads\/2025\/09\/Fleet-Management-Charging-Matchmaking-Hub_post-1-240x300.jpg 240w, https:\/\/latamobility.com\/wp-content\/uploads\/2025\/09\/Fleet-Management-Charging-Matchmaking-Hub_post-1-768x960.jpg 768w, https:\/\/latamobility.com\/wp-content\/uploads\/2025\/09\/Fleet-Management-Charging-Matchmaking-Hub_post-1.jpg 1080w\" sizes=\"(max-width: 819px) 100vw, 819px\" \/><\/figure>\n\n\n\n<figure class=\"wp-block-image size-large\"><img decoding=\"async\" width=\"819\" height=\"1024\" data-id=\"51809\" src=\"https:\/\/latamobility.com\/wp-content\/uploads\/2025\/09\/1756907737437-819x1024.jpeg\" alt=\"Latam Mobility M\u00e9xico 2025\" class=\"wp-image-51809\" srcset=\"https:\/\/latamobility.com\/wp-content\/uploads\/2025\/09\/1756907737437-819x1024.jpeg 819w, https:\/\/latamobility.com\/wp-content\/uploads\/2025\/09\/1756907737437-240x300.jpeg 240w, https:\/\/latamobility.com\/wp-content\/uploads\/2025\/09\/1756907737437-768x960.jpeg 768w, https:\/\/latamobility.com\/wp-content\/uploads\/2025\/09\/1756907737437.jpeg 1080w\" sizes=\"(max-width: 819px) 100vw, 819px\" \/><\/figure>\n<\/figure>\n\n\n\n<h2 class=\"wp-block-heading\" id=\"h-rumo-ao-latam-mobility-mexico-2025\">Rumo ao \u201cLatam Mobility M\u00e9xico 2025\u201d<\/h2>\n\n\n\n<p>A <strong>Geotab <\/strong>participar\u00e1 do \u201c<strong><a href=\"https:\/\/live.eventtia.com\/es\/latammobilityconosur2025\">Latam Mobility M\u00e9xico 2025<\/a><\/strong>\u201d, o mais importante encontro sobre mobilidade sustent\u00e1vel da regi\u00e3o, que ser\u00e1 realizado nos dias 13 e 14 de outubro no World Trade Center da Cidade do M\u00e9xico.<\/p>\n\n\n\n<p>A c\u00fapula reunir\u00e1 os principais atores da ind\u00fastria, desde <strong>fabricantes de ve\u00edculos e empresas de tecnologia at\u00e9 autoridades governamentais e especialistas<\/strong>, todos unidos por um objetivo comum: acelerar a transi\u00e7\u00e3o para sistemas de transporte mais limpos, inteligentes e eficientes.<\/p>\n\n\n\n<p>Como parte central da agenda, destaca-se o \u201c<strong>Fleet Management &amp; Charging Matchmaking Hub<\/strong>\u201d, o novo eixo de inova\u00e7\u00e3o e parcerias para frotas.<\/p>\n\n\n\n<p>Este espa\u00e7o ser\u00e1 dedicado exclusivamente a conectar os <strong>l\u00edderes de frotas de transporte com os principais fornecedores de solu\u00e7\u00f5es de telem\u00e1tica, gest\u00e3o de carga, infraestrutura e ve\u00edculos el\u00e9tricos<\/strong>, facilitando as alian\u00e7as estrat\u00e9gicas necess\u00e1rias para acelerar a transi\u00e7\u00e3o.<\/p>\n\n\n\n<p>A oportunidade de construir as frotas do futuro \u00e9 agora, e a \u201c<strong><a href=\"https:\/\/live.eventtia.com\/es\/latammobilityconosur2025\">Latam Mobility M\u00e9xico 2025<\/a><\/strong>\u201d marcar\u00e1 um passo essencial para os l\u00edderes que buscam otimizar suas opera\u00e7\u00f5es, reduzir custos e liderar a transi\u00e7\u00e3o para um transporte eficiente e sustent\u00e1vel.<\/p>\n\n\n\n<p>\ud83d\udd39Para obter mais informa\u00e7\u00f5es sobre como participar e as op\u00e7\u00f5es de posicionamento, escreva para <a href=\"mailto:info@investinlatam.org\"><strong>info@investinlatam.org<\/strong><\/a>.<\/p>\n\n\n\n<p>\ud83d\udd39O contato via <strong><a href=\"https:\/\/lnkd.in\/eQzTYdNG\">WhatsApp<\/a><\/strong> est\u00e1 dispon\u00edvel; voc\u00ea pode adquirir seus ingressos clicando aqui e se inscrever no \u201c<strong>Fleet Management &amp; Charging Matchmaking Hub<\/strong>\u201d <strong><a href=\"https:\/\/tinyurl.com\/ybfrdjfx\">aqui<\/a><\/strong>.<\/p>\n\n\n\n<figure class=\"wp-block-image\"><img decoding=\"async\" width=\"1024\" height=\"576\" src=\"https:\/\/latamobility.com\/wp-content\/uploads\/2025\/09\/Banner-Latam-Mobility-Mexico-2025_logos-twitter-1024x576.jpg\" alt=\"Banner Latam Mobility Mexico 2025\" class=\"wp-image-51572\" srcset=\"https:\/\/latamobility.com\/wp-content\/uploads\/2025\/09\/Banner-Latam-Mobility-Mexico-2025_logos-twitter-1024x576.jpg 1024w, https:\/\/latamobility.com\/wp-content\/uploads\/2025\/09\/Banner-Latam-Mobility-Mexico-2025_logos-twitter-300x169.jpg 300w, https:\/\/latamobility.com\/wp-content\/uploads\/2025\/09\/Banner-Latam-Mobility-Mexico-2025_logos-twitter-768x432.jpg 768w, https:\/\/latamobility.com\/wp-content\/uploads\/2025\/09\/Banner-Latam-Mobility-Mexico-2025_logos-twitter-1536x864.jpg 1536w, https:\/\/latamobility.com\/wp-content\/uploads\/2025\/09\/Banner-Latam-Mobility-Mexico-2025_logos-twitter-2048x1153.jpg 2048w\" sizes=\"(max-width: 1024px) 100vw, 1024px\" \/><\/figure>\n","protected":false},"excerpt":{"rendered":"<p>Um novo relat\u00f3rio da Altitude by Geotab demonstra que os varejistas de combust\u00edvel est\u00e3o perdendo uma oportunidade significativa de receita ao n\u00e3o aproveitar os dados de mobilidade dos ve\u00edculos comerciais para orientar a sele\u00e7\u00e3o de locais de abastecimento. O estudo, baseado em dados granulares de mobilidade de frotas reais, apresenta uma estrutura inovadora que permite&#8230;<\/p>\n","protected":false},"author":10,"featured_media":52058,"comment_status":"open","ping_status":"closed","sticky":false,"template":"","format":"standard","meta":{"_kad_post_transparent":"","_kad_post_title":"","_kad_post_layout":"","_kad_post_sidebar_id":"","_kad_post_content_style":"","_kad_post_vertical_padding":"","_kad_post_feature":"","_kad_post_feature_position":"","_kad_post_header":false,"_kad_post_footer":false,"_kad_post_classname":"","footnotes":""},"categories":[2356],"tags":[3364,3353,2359],"class_list":["post-52061","post","type-post","status-publish","format-standard","has-post-thumbnail","hentry","category-movilidad-electrica-pt-br","tag-flotas-2","tag-geotab-pt-br","tag-movilidad-electrica-pt-br"],"yoast_head":"<!-- This site is optimized with the Yoast SEO Premium plugin v22.7 (Yoast SEO v27.1.1) - https:\/\/yoast.com\/product\/yoast-seo-premium-wordpress\/ -->\n<title>Geotab revela o valor oculto dos dados das frotas comerciais para postos de combust\u00edvel - Latam Mobility<\/title>\n<meta name=\"description\" content=\"Um novo relat\u00f3rio da Altitude by Geotab demonstra que os varejistas de combust\u00edvel est\u00e3o perdendo uma oportunidade significativa\" \/>\n<meta name=\"robots\" content=\"index, follow, max-snippet:-1, max-image-preview:large, max-video-preview:-1\" \/>\n<link rel=\"canonical\" href=\"https:\/\/latamobility.com\/geotab-datos-flotas-comerciales-para-estaciones-de-servicio\/\" \/>\n<meta property=\"og:locale\" content=\"pt_BR\" \/>\n<meta property=\"og:type\" content=\"article\" \/>\n<meta property=\"og:title\" content=\"Geotab revela o valor oculto dos dados das frotas comerciais para postos de combust\u00edvel\" \/>\n<meta property=\"og:description\" content=\"Um novo relat\u00f3rio da Altitude by Geotab demonstra que os varejistas de combust\u00edvel est\u00e3o perdendo uma oportunidade significativa\" \/>\n<meta property=\"og:url\" content=\"https:\/\/latamobility.com\/geotab-datos-flotas-comerciales-para-estaciones-de-servicio\/\" \/>\n<meta property=\"og:site_name\" content=\"Latam Mobility\" \/>\n<meta property=\"article:publisher\" content=\"https:\/\/www.facebook.com\/latamobility\/\" \/>\n<meta property=\"article:published_time\" content=\"2025-09-30T10:05:00+00:00\" \/>\n<meta property=\"og:image\" content=\"https:\/\/latamobility.com\/wp-content\/uploads\/2025\/09\/Geotab-220925-a.jpg\" \/>\n\t<meta property=\"og:image:width\" content=\"1558\" \/>\n\t<meta property=\"og:image:height\" content=\"836\" \/>\n\t<meta property=\"og:image:type\" content=\"image\/jpeg\" \/>\n<meta name=\"author\" content=\"Antonio Vilela\" \/>\n<meta name=\"twitter:card\" content=\"summary_large_image\" \/>\n<meta name=\"twitter:description\" content=\"Um novo relat\u00f3rio da Altitude by Geotab demonstra que os varejistas de combust\u00edvel est\u00e3o perdendo uma oportunidade significativa\" \/>\n<meta name=\"twitter:creator\" content=\"@LataMobility\" \/>\n<meta name=\"twitter:site\" content=\"@LataMobility\" \/>\n<meta name=\"twitter:label1\" content=\"Escrito por\" \/>\n\t<meta name=\"twitter:data1\" content=\"Antonio Vilela\" \/>\n\t<meta name=\"twitter:label2\" content=\"Est. tempo de leitura\" \/>\n\t<meta name=\"twitter:data2\" content=\"4 minutos\" \/>\n<script type=\"application\/ld+json\" class=\"yoast-schema-graph\">{\"@context\":\"https:\/\/schema.org\",\"@graph\":[{\"@type\":\"NewsArticle\",\"@id\":\"https:\/\/latamobility.com\/geotab-datos-flotas-comerciales-para-estaciones-de-servicio\/#article\",\"isPartOf\":{\"@id\":\"https:\/\/latamobility.com\/geotab-datos-flotas-comerciales-para-estaciones-de-servicio\/\"},\"author\":{\"name\":\"Antonio Vilela\",\"@id\":\"https:\/\/latamobility.com\/#\/schema\/person\/fda092a2de1f87d347784282908bad1a\"},\"headline\":\"Geotab revela o valor oculto dos dados das frotas comerciais para postos de combust\u00edvel\",\"datePublished\":\"2025-09-30T10:05:00+00:00\",\"mainEntityOfPage\":{\"@id\":\"https:\/\/latamobility.com\/geotab-datos-flotas-comerciales-para-estaciones-de-servicio\/\"},\"wordCount\":911,\"commentCount\":0,\"publisher\":{\"@id\":\"https:\/\/latamobility.com\/#organization\"},\"image\":{\"@id\":\"https:\/\/latamobility.com\/geotab-datos-flotas-comerciales-para-estaciones-de-servicio\/#primaryimage\"},\"thumbnailUrl\":\"https:\/\/latamobility.com\/wp-content\/uploads\/2025\/09\/Geotab-220925-a.jpg\",\"keywords\":[\"Flotas\",\"Geotab\",\"Movilidad el\u00e9ctrica\"],\"articleSection\":[\"Movilidad el\u00e9ctrica\"],\"inLanguage\":\"pt-BR\",\"potentialAction\":[{\"@type\":\"CommentAction\",\"name\":\"Comment\",\"target\":[\"https:\/\/latamobility.com\/geotab-datos-flotas-comerciales-para-estaciones-de-servicio\/#respond\"]}]},{\"@type\":\"WebPage\",\"@id\":\"https:\/\/latamobility.com\/geotab-datos-flotas-comerciales-para-estaciones-de-servicio\/\",\"url\":\"https:\/\/latamobility.com\/geotab-datos-flotas-comerciales-para-estaciones-de-servicio\/\",\"name\":\"Geotab revela o valor oculto dos dados das frotas comerciais para postos de combust\u00edvel - Latam Mobility\",\"isPartOf\":{\"@id\":\"https:\/\/latamobility.com\/#website\"},\"primaryImageOfPage\":{\"@id\":\"https:\/\/latamobility.com\/geotab-datos-flotas-comerciales-para-estaciones-de-servicio\/#primaryimage\"},\"image\":{\"@id\":\"https:\/\/latamobility.com\/geotab-datos-flotas-comerciales-para-estaciones-de-servicio\/#primaryimage\"},\"thumbnailUrl\":\"https:\/\/latamobility.com\/wp-content\/uploads\/2025\/09\/Geotab-220925-a.jpg\",\"datePublished\":\"2025-09-30T10:05:00+00:00\",\"description\":\"Um novo relat\u00f3rio da Altitude by Geotab demonstra que os varejistas de combust\u00edvel est\u00e3o perdendo uma oportunidade significativa\",\"breadcrumb\":{\"@id\":\"https:\/\/latamobility.com\/geotab-datos-flotas-comerciales-para-estaciones-de-servicio\/#breadcrumb\"},\"inLanguage\":\"pt-BR\",\"potentialAction\":[{\"@type\":\"ReadAction\",\"target\":[\"https:\/\/latamobility.com\/geotab-datos-flotas-comerciales-para-estaciones-de-servicio\/\"]}]},{\"@type\":\"ImageObject\",\"inLanguage\":\"pt-BR\",\"@id\":\"https:\/\/latamobility.com\/geotab-datos-flotas-comerciales-para-estaciones-de-servicio\/#primaryimage\",\"url\":\"https:\/\/latamobility.com\/wp-content\/uploads\/2025\/09\/Geotab-220925-a.jpg\",\"contentUrl\":\"https:\/\/latamobility.com\/wp-content\/uploads\/2025\/09\/Geotab-220925-a.jpg\",\"width\":1558,\"height\":836,\"caption\":\"Geotab\"},{\"@type\":\"BreadcrumbList\",\"@id\":\"https:\/\/latamobility.com\/geotab-datos-flotas-comerciales-para-estaciones-de-servicio\/#breadcrumb\",\"itemListElement\":[{\"@type\":\"ListItem\",\"position\":1,\"name\":\"Portada\",\"item\":\"https:\/\/latamobility.com\/pt-br\/\"},{\"@type\":\"ListItem\",\"position\":2,\"name\":\"Geotab revela o valor oculto dos dados das frotas comerciais para postos de combust\u00edvel\"}]},{\"@type\":\"WebSite\",\"@id\":\"https:\/\/latamobility.com\/#website\",\"url\":\"https:\/\/latamobility.com\/\",\"name\":\"Latam Mobility\",\"description\":\"Serie de Eventos para promover la Movilidad y Transporte sostenible en Latinoam\u00e9rica\",\"publisher\":{\"@id\":\"https:\/\/latamobility.com\/#organization\"},\"potentialAction\":[{\"@type\":\"SearchAction\",\"target\":{\"@type\":\"EntryPoint\",\"urlTemplate\":\"https:\/\/latamobility.com\/?s={search_term_string}\"},\"query-input\":{\"@type\":\"PropertyValueSpecification\",\"valueRequired\":true,\"valueName\":\"search_term_string\"}}],\"inLanguage\":\"pt-BR\"},{\"@type\":\"Organization\",\"@id\":\"https:\/\/latamobility.com\/#organization\",\"name\":\"LATAM MOBILITY\",\"url\":\"https:\/\/latamobility.com\/\",\"logo\":{\"@type\":\"ImageObject\",\"inLanguage\":\"pt-BR\",\"@id\":\"https:\/\/latamobility.com\/#\/schema\/logo\/image\/\",\"url\":\"https:\/\/latamobility.com\/wp-content\/uploads\/2025\/01\/logos-LM-LG-2025-10.png\",\"contentUrl\":\"https:\/\/latamobility.com\/wp-content\/uploads\/2025\/01\/logos-LM-LG-2025-10.png\",\"width\":1080,\"height\":1080,\"caption\":\"LATAM MOBILITY\"},\"image\":{\"@id\":\"https:\/\/latamobility.com\/#\/schema\/logo\/image\/\"},\"sameAs\":[\"https:\/\/www.facebook.com\/latamobility\/\",\"https:\/\/x.com\/LataMobility\",\"https:\/\/www.instagram.com\/latamobility\/\",\"https:\/\/www.linkedin.com\/company\/latamobility\/\",\"https:\/\/www.youtube.com\/channel\/UCtcslRCRY0vITWaOQ1X0XUA\"]},{\"@type\":\"Person\",\"@id\":\"https:\/\/latamobility.com\/#\/schema\/person\/fda092a2de1f87d347784282908bad1a\",\"name\":\"Antonio Vilela\",\"image\":{\"@type\":\"ImageObject\",\"inLanguage\":\"pt-BR\",\"@id\":\"https:\/\/latamobility.com\/#\/schema\/person\/image\/\",\"url\":\"https:\/\/secure.gravatar.com\/avatar\/7eee8196fd2fda180806d7b41cd517f274d5ad3b9f65d873feb3ca7e2b3a72d2?s=96&d=mm&r=g\",\"contentUrl\":\"https:\/\/secure.gravatar.com\/avatar\/7eee8196fd2fda180806d7b41cd517f274d5ad3b9f65d873feb3ca7e2b3a72d2?s=96&d=mm&r=g\",\"caption\":\"Antonio Vilela\"}}]}<\/script>\n<!-- \/ Yoast SEO Premium plugin. -->","yoast_head_json":{"title":"Geotab revela o valor oculto dos dados das frotas comerciais para postos de combust\u00edvel - Latam Mobility","description":"Um novo relat\u00f3rio da Altitude by Geotab demonstra que os varejistas de combust\u00edvel est\u00e3o perdendo uma oportunidade significativa","robots":{"index":"index","follow":"follow","max-snippet":"max-snippet:-1","max-image-preview":"max-image-preview:large","max-video-preview":"max-video-preview:-1"},"canonical":"https:\/\/latamobility.com\/geotab-datos-flotas-comerciales-para-estaciones-de-servicio\/","og_locale":"pt_BR","og_type":"article","og_title":"Geotab revela o valor oculto dos dados das frotas comerciais para postos de combust\u00edvel","og_description":"Um novo relat\u00f3rio da Altitude by Geotab demonstra que os varejistas de combust\u00edvel est\u00e3o perdendo uma oportunidade significativa","og_url":"https:\/\/latamobility.com\/geotab-datos-flotas-comerciales-para-estaciones-de-servicio\/","og_site_name":"Latam Mobility","article_publisher":"https:\/\/www.facebook.com\/latamobility\/","article_published_time":"2025-09-30T10:05:00+00:00","og_image":[{"width":1558,"height":836,"url":"https:\/\/latamobility.com\/wp-content\/uploads\/2025\/09\/Geotab-220925-a.jpg","type":"image\/jpeg"}],"author":"Antonio Vilela","twitter_card":"summary_large_image","twitter_description":"Um novo relat\u00f3rio da Altitude by Geotab demonstra que os varejistas de combust\u00edvel est\u00e3o perdendo uma oportunidade significativa","twitter_creator":"@LataMobility","twitter_site":"@LataMobility","twitter_misc":{"Escrito por":"Antonio Vilela","Est. tempo de leitura":"4 minutos"},"schema":{"@context":"https:\/\/schema.org","@graph":[{"@type":"NewsArticle","@id":"https:\/\/latamobility.com\/geotab-datos-flotas-comerciales-para-estaciones-de-servicio\/#article","isPartOf":{"@id":"https:\/\/latamobility.com\/geotab-datos-flotas-comerciales-para-estaciones-de-servicio\/"},"author":{"name":"Antonio Vilela","@id":"https:\/\/latamobility.com\/#\/schema\/person\/fda092a2de1f87d347784282908bad1a"},"headline":"Geotab revela o valor oculto dos dados das frotas comerciais para postos de combust\u00edvel","datePublished":"2025-09-30T10:05:00+00:00","mainEntityOfPage":{"@id":"https:\/\/latamobility.com\/geotab-datos-flotas-comerciales-para-estaciones-de-servicio\/"},"wordCount":911,"commentCount":0,"publisher":{"@id":"https:\/\/latamobility.com\/#organization"},"image":{"@id":"https:\/\/latamobility.com\/geotab-datos-flotas-comerciales-para-estaciones-de-servicio\/#primaryimage"},"thumbnailUrl":"https:\/\/latamobility.com\/wp-content\/uploads\/2025\/09\/Geotab-220925-a.jpg","keywords":["Flotas","Geotab","Movilidad el\u00e9ctrica"],"articleSection":["Movilidad el\u00e9ctrica"],"inLanguage":"pt-BR","potentialAction":[{"@type":"CommentAction","name":"Comment","target":["https:\/\/latamobility.com\/geotab-datos-flotas-comerciales-para-estaciones-de-servicio\/#respond"]}]},{"@type":"WebPage","@id":"https:\/\/latamobility.com\/geotab-datos-flotas-comerciales-para-estaciones-de-servicio\/","url":"https:\/\/latamobility.com\/geotab-datos-flotas-comerciales-para-estaciones-de-servicio\/","name":"Geotab revela o valor oculto dos dados das frotas comerciais para postos de combust\u00edvel - Latam Mobility","isPartOf":{"@id":"https:\/\/latamobility.com\/#website"},"primaryImageOfPage":{"@id":"https:\/\/latamobility.com\/geotab-datos-flotas-comerciales-para-estaciones-de-servicio\/#primaryimage"},"image":{"@id":"https:\/\/latamobility.com\/geotab-datos-flotas-comerciales-para-estaciones-de-servicio\/#primaryimage"},"thumbnailUrl":"https:\/\/latamobility.com\/wp-content\/uploads\/2025\/09\/Geotab-220925-a.jpg","datePublished":"2025-09-30T10:05:00+00:00","description":"Um novo relat\u00f3rio da Altitude by Geotab demonstra que os varejistas de combust\u00edvel est\u00e3o perdendo uma oportunidade significativa","breadcrumb":{"@id":"https:\/\/latamobility.com\/geotab-datos-flotas-comerciales-para-estaciones-de-servicio\/#breadcrumb"},"inLanguage":"pt-BR","potentialAction":[{"@type":"ReadAction","target":["https:\/\/latamobility.com\/geotab-datos-flotas-comerciales-para-estaciones-de-servicio\/"]}]},{"@type":"ImageObject","inLanguage":"pt-BR","@id":"https:\/\/latamobility.com\/geotab-datos-flotas-comerciales-para-estaciones-de-servicio\/#primaryimage","url":"https:\/\/latamobility.com\/wp-content\/uploads\/2025\/09\/Geotab-220925-a.jpg","contentUrl":"https:\/\/latamobility.com\/wp-content\/uploads\/2025\/09\/Geotab-220925-a.jpg","width":1558,"height":836,"caption":"Geotab"},{"@type":"BreadcrumbList","@id":"https:\/\/latamobility.com\/geotab-datos-flotas-comerciales-para-estaciones-de-servicio\/#breadcrumb","itemListElement":[{"@type":"ListItem","position":1,"name":"Portada","item":"https:\/\/latamobility.com\/pt-br\/"},{"@type":"ListItem","position":2,"name":"Geotab revela o valor oculto dos dados das frotas comerciais para postos de combust\u00edvel"}]},{"@type":"WebSite","@id":"https:\/\/latamobility.com\/#website","url":"https:\/\/latamobility.com\/","name":"Latam Mobility","description":"Serie de Eventos para promover la Movilidad y Transporte sostenible en Latinoam\u00e9rica","publisher":{"@id":"https:\/\/latamobility.com\/#organization"},"potentialAction":[{"@type":"SearchAction","target":{"@type":"EntryPoint","urlTemplate":"https:\/\/latamobility.com\/?s={search_term_string}"},"query-input":{"@type":"PropertyValueSpecification","valueRequired":true,"valueName":"search_term_string"}}],"inLanguage":"pt-BR"},{"@type":"Organization","@id":"https:\/\/latamobility.com\/#organization","name":"LATAM MOBILITY","url":"https:\/\/latamobility.com\/","logo":{"@type":"ImageObject","inLanguage":"pt-BR","@id":"https:\/\/latamobility.com\/#\/schema\/logo\/image\/","url":"https:\/\/latamobility.com\/wp-content\/uploads\/2025\/01\/logos-LM-LG-2025-10.png","contentUrl":"https:\/\/latamobility.com\/wp-content\/uploads\/2025\/01\/logos-LM-LG-2025-10.png","width":1080,"height":1080,"caption":"LATAM MOBILITY"},"image":{"@id":"https:\/\/latamobility.com\/#\/schema\/logo\/image\/"},"sameAs":["https:\/\/www.facebook.com\/latamobility\/","https:\/\/x.com\/LataMobility","https:\/\/www.instagram.com\/latamobility\/","https:\/\/www.linkedin.com\/company\/latamobility\/","https:\/\/www.youtube.com\/channel\/UCtcslRCRY0vITWaOQ1X0XUA"]},{"@type":"Person","@id":"https:\/\/latamobility.com\/#\/schema\/person\/fda092a2de1f87d347784282908bad1a","name":"Antonio Vilela","image":{"@type":"ImageObject","inLanguage":"pt-BR","@id":"https:\/\/latamobility.com\/#\/schema\/person\/image\/","url":"https:\/\/secure.gravatar.com\/avatar\/7eee8196fd2fda180806d7b41cd517f274d5ad3b9f65d873feb3ca7e2b3a72d2?s=96&d=mm&r=g","contentUrl":"https:\/\/secure.gravatar.com\/avatar\/7eee8196fd2fda180806d7b41cd517f274d5ad3b9f65d873feb3ca7e2b3a72d2?s=96&d=mm&r=g","caption":"Antonio Vilela"}}]}},"_links":{"self":[{"href":"https:\/\/latamobility.com\/pt-br\/wp-json\/wp\/v2\/posts\/52061","targetHints":{"allow":["GET"]}}],"collection":[{"href":"https:\/\/latamobility.com\/pt-br\/wp-json\/wp\/v2\/posts"}],"about":[{"href":"https:\/\/latamobility.com\/pt-br\/wp-json\/wp\/v2\/types\/post"}],"author":[{"embeddable":true,"href":"https:\/\/latamobility.com\/pt-br\/wp-json\/wp\/v2\/users\/10"}],"replies":[{"embeddable":true,"href":"https:\/\/latamobility.com\/pt-br\/wp-json\/wp\/v2\/comments?post=52061"}],"version-history":[{"count":1,"href":"https:\/\/latamobility.com\/pt-br\/wp-json\/wp\/v2\/posts\/52061\/revisions"}],"predecessor-version":[{"id":52062,"href":"https:\/\/latamobility.com\/pt-br\/wp-json\/wp\/v2\/posts\/52061\/revisions\/52062"}],"wp:featuredmedia":[{"embeddable":true,"href":"https:\/\/latamobility.com\/pt-br\/wp-json\/wp\/v2\/media\/52058"}],"wp:attachment":[{"href":"https:\/\/latamobility.com\/pt-br\/wp-json\/wp\/v2\/media?parent=52061"}],"wp:term":[{"taxonomy":"category","embeddable":true,"href":"https:\/\/latamobility.com\/pt-br\/wp-json\/wp\/v2\/categories?post=52061"},{"taxonomy":"post_tag","embeddable":true,"href":"https:\/\/latamobility.com\/pt-br\/wp-json\/wp\/v2\/tags?post=52061"}],"curies":[{"name":"wp","href":"https:\/\/api.w.org\/{rel}","templated":true}]}}