{"id":52136,"date":"2025-09-26T05:00:00","date_gmt":"2025-09-26T10:00:00","guid":{"rendered":"https:\/\/latamobility.com\/?p=52136"},"modified":"2025-09-26T08:23:39","modified_gmt":"2025-09-26T13:23:39","slug":"byd-brasil-obtem-certificacao-i-rec-e-garante-energia-100-eolica-em-seu-complexo-de-camacari","status":"publish","type":"post","link":"https:\/\/latamobility.com\/pt-br\/byd-brasil-obtem-certificacao-i-rec-e-garante-energia-100-eolica-em-seu-complexo-de-camacari\/","title":{"rendered":"BYD Brasil obt\u00e9m certifica\u00e7\u00e3o I-REC e garante energia 100% e\u00f3lica em seu complexo de Cama\u00e7ari"},"content":{"rendered":"\n<p>Recentemente, a <strong>BYD Brasil<\/strong> anunciou que seu complexo industrial de Cama\u00e7ari, no estado da Bahia, recebeu a certifica\u00e7\u00e3o <strong>I-REC<\/strong> (<em>International Renewable Energy Certificates<\/em>), que confirma o <strong>abastecimento integral da f\u00e1brica com energia e\u00f3lica<\/strong>.<\/p>\n\n\n\n<p>A auditoria, realizada pelo <strong>Instituto Totum<\/strong> em S\u00e3o Paulo, validou que, entre outubro de 2024 e agosto de 2025, todas as opera\u00e7\u00f5es produtivas do local,<strong> incluindo os processos de estampagem, pintura e montagem<\/strong>, foram suportadas com eletricidade proveniente exclusivamente de parques e\u00f3licos com <strong>Garantia de Origem I-REC<\/strong>.<\/p>\n\n\n\n<p>De acordo com o relat\u00f3rio de certifica\u00e7\u00e3o, o consumo total de energia em Cama\u00e7ari durante esse per\u00edodo foi de <strong>21.250 MWh<\/strong>, o que significou <strong>evitar a emiss\u00e3o de aproximadamente 470 toneladas de CO<sub>2<\/sub><\/strong>.<\/p>\n\n\n\n<p>Essa economia equivale \u00e0 <strong>captura anual de carbono de 3.300 \u00e1rvores maduras<\/strong>, de acordo com os fatores de absor\u00e7\u00e3o da <strong>Ag\u00eancia Nacional de Energia El\u00e9trica do Brasil<\/strong> (ANEEL) para florestas de reflorestamento tropical.<\/p>\n\n\n\n<p>Com essa conquista, a <strong>BYD <\/strong>refor\u00e7a seu compromisso com a neutralidade de carbono at\u00e9 2030, acelerando a redu\u00e7\u00e3o de emiss\u00f5es em sua cadeia de valor.<\/p>\n\n\n\n<p><strong>Voc\u00ea tamb\u00e9m pode se interessar por<\/strong> | <a href=\"https:\/\/latamobility.com\/pt-br\/inovacao-gestao-de-frotas-tecnologia-e-sustentabilidade-os-pilares-do-latam-mobility-mexico-2025-se-reunem-em-outubro\/\"><strong>Inova\u00e7\u00e3o, gest\u00e3o de frotas, tecnologia e sustentabilidade: os pilares da \u201cLatam Mobility M\u00e9xico 2025\u201d se re\u00fanem em outubro<\/strong><\/a><\/p>\n\n\n\n<h2 class=\"wp-block-heading\" id=\"h-capacidade-de-producao-e-sustentabilidade-operacional\">Capacidade de produ\u00e7\u00e3o e sustentabilidade operacional<\/h2>\n\n\n\n<p>O complexo de Cama\u00e7ari, inaugurado em 2022 com um investimento de <strong>US$ 230 milh\u00f5es<\/strong>, tem capacidade de fabrica\u00e7\u00e3o de <strong>16.000 unidades por ano<\/strong>, com foco em \u00f4nibus el\u00e9tricos da s\u00e9rie <strong>BYD eBus<\/strong> e em plataformas de ve\u00edculos comerciais leves.<\/p>\n\n\n\n<p>A transi\u00e7\u00e3o para o <strong>uso de energia 100% renov\u00e1vel<\/strong> n\u00e3o apenas reduz a pegada de carbono por <strong>ve\u00edculo produzido em 85%<\/strong>, mas tamb\u00e9m gera economias de at\u00e9 <strong>20%<\/strong> nos custos operacionais de eletricidade, permitindo um reinvestimento em pesquisa e desenvolvimento de novas tecnologias de mobilidade el\u00e9trica.<\/p>\n\n\n\n<p>A certifica\u00e7\u00e3o <strong>I-REC<\/strong> no <strong>Brasil <\/strong>faz parte da estrat\u00e9gia global da <strong>BYD<\/strong>, que busca que todas as suas f\u00e1bricas utilizem apenas energia renov\u00e1vel at\u00e9 2027.<\/p>\n\n\n\n<p>Em seu <strong>Relat\u00f3rio ESG 2024<\/strong>, a empresa informa que <strong>mais de 60% da energia consumida em seus nove centros de produ\u00e7\u00e3o na China, Europa e Am\u00e9rica<\/strong> \u00e9 respaldada por contratos de energia limpa e certifica\u00e7\u00f5es de origem, consolidando um modelo replic\u00e1vel e escal\u00e1vel em mercados emergentes e desenvolvidos.<\/p>\n\n\n\n<figure class=\"wp-block-image size-large\"><img fetchpriority=\"high\" decoding=\"async\" width=\"1024\" height=\"576\" src=\"https:\/\/latamobility.com\/wp-content\/uploads\/2025\/09\/BYD-220925-a-1024x576.webp\" alt=\"BYD\" class=\"wp-image-52130\" srcset=\"https:\/\/latamobility.com\/wp-content\/uploads\/2025\/09\/BYD-220925-a-1024x576.webp 1024w, https:\/\/latamobility.com\/wp-content\/uploads\/2025\/09\/BYD-220925-a-300x169.webp 300w, https:\/\/latamobility.com\/wp-content\/uploads\/2025\/09\/BYD-220925-a-768x432.webp 768w, https:\/\/latamobility.com\/wp-content\/uploads\/2025\/09\/BYD-220925-a-1536x864.webp 1536w, https:\/\/latamobility.com\/wp-content\/uploads\/2025\/09\/BYD-220925-a.webp 1920w\" sizes=\"(max-width: 1024px) 100vw, 1024px\" \/><\/figure>\n\n\n\n<h2 class=\"wp-block-heading\" id=\"h-aliancas-e-projetos-renovaveis\">Alian\u00e7as e projetos renov\u00e1veis<\/h2>\n\n\n\n<p>Para garantir o fornecimento cont\u00ednuo de energia e\u00f3lica na Bahia, a <strong>BYD <\/strong>assinou contratos de compra de energia (PPA) de <strong>15 anos<\/strong> com dois parques e\u00f3licos localizados no litoral norte do estado.<\/p>\n\n\n\n<p>Esses acordos foram facilitados pela <strong>Ag\u00eancia de Desenvolvimento da Bahia<\/strong> (Desenbahia) e contemplam o financiamento compartilhado da linha de transmiss\u00e3o que conecta as turbinas diretamente \u00e0 subesta\u00e7\u00e3o do complexo de Cama\u00e7ari.<\/p>\n\n\n\n<p>Essa infraestrutura \u00e9 gerenciada em parceria com a concession\u00e1ria local <strong>Neoenergia<\/strong>, o que garante estabilidade nos pre\u00e7os e volumes contratados at\u00e9 <strong>2040<\/strong>.<\/p>\n\n\n\n<p>Com a obten\u00e7\u00e3o da certifica\u00e7\u00e3o <strong>I-REC<\/strong>, a <strong>BYD Brasil<\/strong> fortalece seu posicionamento como refer\u00eancia em sustentabilidade no setor automotivo latino-americano.<\/p>\n\n\n\n<p>A empresa planeja replicar esse modelo em suas futuras f\u00e1bricas no <strong>Uruguai <\/strong>e no <strong>M\u00e9xico<\/strong>, onde j\u00e1 est\u00e3o em estudo iniciativas de integra\u00e7\u00e3o de parques solares e baterias de armazenamento para <strong>cobrir at\u00e9 100% da demanda energ\u00e9tica<\/strong>.<\/p>\n\n\n\n<p>Esses projetos fazem parte da meta da <strong>BYD <\/strong>de <strong>reduzir em mais de 1,2 milh\u00e3o de toneladas anuais suas emiss\u00f5es de CO<sub>2<\/sub> equivalentes at\u00e9 2030<\/strong>, tanto na produ\u00e7\u00e3o quanto na opera\u00e7\u00e3o de sua rede de recarga r\u00e1pida na regi\u00e3o.<\/p>\n\n\n\n<h2 class=\"wp-block-heading\" id=\"h-rumo-ao-latam-mobility-mexico-2025\">Rumo ao \u201cLatam Mobility M\u00e9xico 2025\u201d<\/h2>\n\n\n\n<p>O \u201c<strong><a href=\"https:\/\/live.eventtia.com\/es\/latammobilitymexico2025\">Latam Mobility M\u00e9xico 2025<\/a><\/strong>\u201d \u00e9 o encontro mais importante sobre mobilidade sustent\u00e1vel da regi\u00e3o e ser\u00e1 realizado nos dias <strong>13 e 14 de outubro<\/strong> no World Trade Center da <strong>Cidade do M\u00e9xico<\/strong>.<\/p>\n\n\n\n<p>A c\u00fapula reunir\u00e1 os principais atores da ind\u00fastria, <strong>desde fabricantes de ve\u00edculos e empresas de tecnologia at\u00e9 autoridades governamentais e especialistas<\/strong>, todos unidos por um objetivo comum: acelerar a transi\u00e7\u00e3o para sistemas de transporte mais limpos, inteligentes e eficientes.<\/p>\n\n\n\n<p>Como parte central da agenda, destacou-se o \u201c<strong><a href=\"https:\/\/tinyurl.com\/ybfrdjfx\">Fleet Management &amp; Charging Matchmaking Hub<\/a><\/strong>\u201d, o novo eixo de inova\u00e7\u00e3o e parcerias para frotas.<\/p>\n\n\n\n<figure class=\"wp-block-gallery has-nested-images columns-default is-cropped wp-block-gallery-1 is-layout-flex wp-block-gallery-is-layout-flex\">\n<figure class=\"wp-block-image size-large\"><img decoding=\"async\" width=\"819\" height=\"1024\" data-id=\"51761\" src=\"https:\/\/latamobility.com\/wp-content\/uploads\/2025\/09\/Fleet-Management-Charging-Matchmaking-Hub_post-1-819x1024.jpg\" alt=\"Latam Mobility M\u00e9xico 2025\" class=\"wp-image-51761\" srcset=\"https:\/\/latamobility.com\/wp-content\/uploads\/2025\/09\/Fleet-Management-Charging-Matchmaking-Hub_post-1-819x1024.jpg 819w, https:\/\/latamobility.com\/wp-content\/uploads\/2025\/09\/Fleet-Management-Charging-Matchmaking-Hub_post-1-240x300.jpg 240w, https:\/\/latamobility.com\/wp-content\/uploads\/2025\/09\/Fleet-Management-Charging-Matchmaking-Hub_post-1-768x960.jpg 768w, https:\/\/latamobility.com\/wp-content\/uploads\/2025\/09\/Fleet-Management-Charging-Matchmaking-Hub_post-1.jpg 1080w\" sizes=\"(max-width: 819px) 100vw, 819px\" \/><\/figure>\n\n\n\n<figure class=\"wp-block-image size-large\"><img decoding=\"async\" width=\"819\" height=\"1024\" data-id=\"51809\" src=\"https:\/\/latamobility.com\/wp-content\/uploads\/2025\/09\/1756907737437-819x1024.jpeg\" alt=\"Latam Mobility M\u00e9xico 2025\" class=\"wp-image-51809\" srcset=\"https:\/\/latamobility.com\/wp-content\/uploads\/2025\/09\/1756907737437-819x1024.jpeg 819w, https:\/\/latamobility.com\/wp-content\/uploads\/2025\/09\/1756907737437-240x300.jpeg 240w, https:\/\/latamobility.com\/wp-content\/uploads\/2025\/09\/1756907737437-768x960.jpeg 768w, https:\/\/latamobility.com\/wp-content\/uploads\/2025\/09\/1756907737437.jpeg 1080w\" sizes=\"(max-width: 819px) 100vw, 819px\" \/><\/figure>\n<\/figure>\n\n\n\n<p>Este espa\u00e7o ser\u00e1 dedicado exclusivamente <strong>a conectar os l\u00edderes de frotas de transporte com os principais fornecedores de solu\u00e7\u00f5es de telem\u00e1tica, gest\u00e3o de carga, infraestrutura e ve\u00edculos el\u00e9tricos<\/strong>, facilitando as parcerias estrat\u00e9gicas necess\u00e1rias para acelerar a transi\u00e7\u00e3o.<\/p>\n\n\n\n<p>A oportunidade de construir as frotas do futuro \u00e9 agora, e o \u201c<strong><a href=\"https:\/\/live.eventtia.com\/es\/latammobilitymexico2025\">Latam Mobility M\u00e9xico 2025<\/a><\/strong>\u201d marcar\u00e1 um passo essencial para os l\u00edderes que buscam otimizar suas opera\u00e7\u00f5es, reduzir custos e liderar a transi\u00e7\u00e3o para um transporte eficiente e sustent\u00e1vel.<\/p>\n\n\n\n<p>\ud83d\udd39Para obter mais informa\u00e7\u00f5es sobre como participar do \u201c<strong><a href=\"https:\/\/live.eventtia.com\/es\/latammobilitymexico2025\">Latam Mobility M\u00e9xico 2025<\/a><\/strong>\u201d e as op\u00e7\u00f5es de posicionamento, escreva para info@investinlatam.org.<\/p>\n\n\n\n<p>\ud83d\udd39O contato via <strong><a href=\"https:\/\/lnkd.in\/eQzTYdNG\">WhatsApp<\/a><\/strong> est\u00e1 dispon\u00edvel; voc\u00ea pode adquirir seus ingressos clicando <strong><a href=\"https:\/\/live.eventtia.com\/es\/latammobilitymexico2025\">aqui<\/a><\/strong> e se inscrever no \u201c<strong>Fleet Management &amp; Charging Matchmaking Hub<\/strong>\u201d <strong><a href=\"https:\/\/tinyurl.com\/ybfrdjfx\">aqui<\/a><\/strong>.<\/p>\n\n\n\n<figure class=\"wp-block-image size-large\"><img loading=\"lazy\" decoding=\"async\" width=\"1024\" height=\"576\" src=\"https:\/\/latamobility.com\/wp-content\/uploads\/2025\/09\/Banner-Latam-Mobility-Mexico-2025_logos-twitter-4-1024x576.jpg\" alt=\"Latam Mobility Mexico 2025\" class=\"wp-image-52084\" srcset=\"https:\/\/latamobility.com\/wp-content\/uploads\/2025\/09\/Banner-Latam-Mobility-Mexico-2025_logos-twitter-4-1024x576.jpg 1024w, https:\/\/latamobility.com\/wp-content\/uploads\/2025\/09\/Banner-Latam-Mobility-Mexico-2025_logos-twitter-4-300x169.jpg 300w, https:\/\/latamobility.com\/wp-content\/uploads\/2025\/09\/Banner-Latam-Mobility-Mexico-2025_logos-twitter-4-768x432.jpg 768w, https:\/\/latamobility.com\/wp-content\/uploads\/2025\/09\/Banner-Latam-Mobility-Mexico-2025_logos-twitter-4-1536x864.jpg 1536w, https:\/\/latamobility.com\/wp-content\/uploads\/2025\/09\/Banner-Latam-Mobility-Mexico-2025_logos-twitter-4-2048x1153.jpg 2048w\" sizes=\"(max-width: 1024px) 100vw, 1024px\" \/><\/figure>\n","protected":false},"excerpt":{"rendered":"<p>Recentemente, a BYD Brasil anunciou que seu complexo industrial de Cama\u00e7ari, no estado da Bahia, recebeu a certifica\u00e7\u00e3o I-REC (International Renewable Energy Certificates), que confirma o abastecimento integral da f\u00e1brica com energia e\u00f3lica. A auditoria, realizada pelo Instituto Totum em S\u00e3o Paulo, validou que, entre outubro de 2024 e agosto de 2025, todas as opera\u00e7\u00f5es&#8230;<\/p>\n","protected":false},"author":10,"featured_media":52133,"comment_status":"open","ping_status":"closed","sticky":false,"template":"","format":"standard","meta":{"_kad_post_transparent":"","_kad_post_title":"","_kad_post_layout":"","_kad_post_sidebar_id":"","_kad_post_content_style":"","_kad_post_vertical_padding":"","_kad_post_feature":"","_kad_post_feature_position":"","_kad_post_header":false,"_kad_post_footer":false,"_kad_post_classname":"","footnotes":""},"categories":[2356],"tags":[2347,2585],"class_list":["post-52136","post","type-post","status-publish","format-standard","has-post-thumbnail","hentry","category-movilidad-electrica-pt-br","tag-brasil-3","tag-byd-3"],"yoast_head":"<!-- This site is optimized with the Yoast SEO Premium plugin v22.7 (Yoast SEO v27.4) - https:\/\/yoast.com\/product\/yoast-seo-premium-wordpress\/ -->\n<title>BYD Brasil obt\u00e9m certifica\u00e7\u00e3o I-REC e garante energia 100% e\u00f3lica em seu complexo de Cama\u00e7ari - Latam Mobility<\/title>\n<meta name=\"description\" content=\"BYD Brasil anunciou que seu complexo industrial de Cama\u00e7ari recebeu a certifica\u00e7\u00e3o I-REC (International Renewable Energy Certificates)\" \/>\n<meta name=\"robots\" content=\"index, follow, max-snippet:-1, max-image-preview:large, max-video-preview:-1\" \/>\n<link rel=\"canonical\" href=\"https:\/\/latamobility.com\/pt-br\/byd-brasil-obtem-certificacao-i-rec-e-garante-energia-100-eolica-em-seu-complexo-de-camacari\/\" \/>\n<meta property=\"og:locale\" content=\"pt_BR\" \/>\n<meta property=\"og:type\" content=\"article\" \/>\n<meta property=\"og:title\" content=\"BYD Brasil obt\u00e9m certifica\u00e7\u00e3o I-REC e garante energia 100% e\u00f3lica em seu complexo de Cama\u00e7ari\" \/>\n<meta property=\"og:description\" content=\"BYD Brasil anunciou que seu complexo industrial de Cama\u00e7ari recebeu a certifica\u00e7\u00e3o I-REC (International Renewable Energy Certificates)\" \/>\n<meta property=\"og:url\" content=\"https:\/\/latamobility.com\/pt-br\/byd-brasil-obtem-certificacao-i-rec-e-garante-energia-100-eolica-em-seu-complexo-de-camacari\/\" \/>\n<meta property=\"og:site_name\" content=\"Latam Mobility\" \/>\n<meta property=\"article:publisher\" content=\"https:\/\/www.facebook.com\/latamobility\/\" \/>\n<meta property=\"article:published_time\" content=\"2025-09-26T10:00:00+00:00\" \/>\n<meta property=\"article:modified_time\" content=\"2025-09-26T13:23:39+00:00\" \/>\n<meta property=\"og:image\" content=\"https:\/\/latamobility.com\/wp-content\/uploads\/2025\/09\/BYD-220925-b-scaled.jpg\" \/>\n\t<meta property=\"og:image:width\" content=\"2560\" \/>\n\t<meta property=\"og:image:height\" content=\"1707\" \/>\n\t<meta property=\"og:image:type\" content=\"image\/jpeg\" \/>\n<meta name=\"author\" content=\"Antonio Vilela\" \/>\n<meta name=\"twitter:card\" content=\"summary_large_image\" \/>\n<meta name=\"twitter:description\" content=\"BYD Brasil anunciou que seu complexo industrial de Cama\u00e7ari recebeu a certifica\u00e7\u00e3o I-REC (International Renewable Energy Certificates)\" \/>\n<meta name=\"twitter:creator\" content=\"@LataMobility\" \/>\n<meta name=\"twitter:site\" content=\"@LataMobility\" \/>\n<meta name=\"twitter:label1\" content=\"Escrito por\" \/>\n\t<meta name=\"twitter:data1\" content=\"Antonio Vilela\" \/>\n\t<meta name=\"twitter:label2\" content=\"Est. tempo de leitura\" \/>\n\t<meta name=\"twitter:data2\" content=\"4 minutos\" \/>\n<script type=\"application\/ld+json\" class=\"yoast-schema-graph\">{\"@context\":\"https:\\\/\\\/schema.org\",\"@graph\":[{\"@type\":\"NewsArticle\",\"@id\":\"https:\\\/\\\/latamobility.com\\\/pt-br\\\/byd-brasil-obtem-certificacao-i-rec-e-garante-energia-100-eolica-em-seu-complexo-de-camacari\\\/#article\",\"isPartOf\":{\"@id\":\"https:\\\/\\\/latamobility.com\\\/pt-br\\\/byd-brasil-obtem-certificacao-i-rec-e-garante-energia-100-eolica-em-seu-complexo-de-camacari\\\/\"},\"author\":{\"name\":\"Antonio Vilela\",\"@id\":\"https:\\\/\\\/latamobility.com\\\/#\\\/schema\\\/person\\\/fda092a2de1f87d347784282908bad1a\"},\"headline\":\"BYD Brasil obt\u00e9m certifica\u00e7\u00e3o I-REC e garante energia 100% e\u00f3lica em seu complexo de Cama\u00e7ari\",\"datePublished\":\"2025-09-26T10:00:00+00:00\",\"dateModified\":\"2025-09-26T13:23:39+00:00\",\"mainEntityOfPage\":{\"@id\":\"https:\\\/\\\/latamobility.com\\\/pt-br\\\/byd-brasil-obtem-certificacao-i-rec-e-garante-energia-100-eolica-em-seu-complexo-de-camacari\\\/\"},\"wordCount\":852,\"commentCount\":0,\"publisher\":{\"@id\":\"https:\\\/\\\/latamobility.com\\\/#organization\"},\"image\":{\"@id\":\"https:\\\/\\\/latamobility.com\\\/pt-br\\\/byd-brasil-obtem-certificacao-i-rec-e-garante-energia-100-eolica-em-seu-complexo-de-camacari\\\/#primaryimage\"},\"thumbnailUrl\":\"https:\\\/\\\/latamobility.com\\\/wp-content\\\/uploads\\\/2025\\\/09\\\/BYD-220925-b-scaled.jpg\",\"keywords\":[\"Brasil\",\"BYD\"],\"articleSection\":[\"Movilidad el\u00e9ctrica\"],\"inLanguage\":\"pt-BR\",\"potentialAction\":[{\"@type\":\"CommentAction\",\"name\":\"Comment\",\"target\":[\"https:\\\/\\\/latamobility.com\\\/pt-br\\\/byd-brasil-obtem-certificacao-i-rec-e-garante-energia-100-eolica-em-seu-complexo-de-camacari\\\/#respond\"]}]},{\"@type\":\"WebPage\",\"@id\":\"https:\\\/\\\/latamobility.com\\\/pt-br\\\/byd-brasil-obtem-certificacao-i-rec-e-garante-energia-100-eolica-em-seu-complexo-de-camacari\\\/\",\"url\":\"https:\\\/\\\/latamobility.com\\\/pt-br\\\/byd-brasil-obtem-certificacao-i-rec-e-garante-energia-100-eolica-em-seu-complexo-de-camacari\\\/\",\"name\":\"BYD Brasil obt\u00e9m certifica\u00e7\u00e3o I-REC e garante energia 100% e\u00f3lica em seu complexo de Cama\u00e7ari - Latam Mobility\",\"isPartOf\":{\"@id\":\"https:\\\/\\\/latamobility.com\\\/#website\"},\"primaryImageOfPage\":{\"@id\":\"https:\\\/\\\/latamobility.com\\\/pt-br\\\/byd-brasil-obtem-certificacao-i-rec-e-garante-energia-100-eolica-em-seu-complexo-de-camacari\\\/#primaryimage\"},\"image\":{\"@id\":\"https:\\\/\\\/latamobility.com\\\/pt-br\\\/byd-brasil-obtem-certificacao-i-rec-e-garante-energia-100-eolica-em-seu-complexo-de-camacari\\\/#primaryimage\"},\"thumbnailUrl\":\"https:\\\/\\\/latamobility.com\\\/wp-content\\\/uploads\\\/2025\\\/09\\\/BYD-220925-b-scaled.jpg\",\"datePublished\":\"2025-09-26T10:00:00+00:00\",\"dateModified\":\"2025-09-26T13:23:39+00:00\",\"description\":\"BYD Brasil anunciou que seu complexo industrial de Cama\u00e7ari recebeu a certifica\u00e7\u00e3o I-REC (International Renewable Energy Certificates)\",\"breadcrumb\":{\"@id\":\"https:\\\/\\\/latamobility.com\\\/pt-br\\\/byd-brasil-obtem-certificacao-i-rec-e-garante-energia-100-eolica-em-seu-complexo-de-camacari\\\/#breadcrumb\"},\"inLanguage\":\"pt-BR\",\"potentialAction\":[{\"@type\":\"ReadAction\",\"target\":[\"https:\\\/\\\/latamobility.com\\\/pt-br\\\/byd-brasil-obtem-certificacao-i-rec-e-garante-energia-100-eolica-em-seu-complexo-de-camacari\\\/\"]}]},{\"@type\":\"ImageObject\",\"inLanguage\":\"pt-BR\",\"@id\":\"https:\\\/\\\/latamobility.com\\\/pt-br\\\/byd-brasil-obtem-certificacao-i-rec-e-garante-energia-100-eolica-em-seu-complexo-de-camacari\\\/#primaryimage\",\"url\":\"https:\\\/\\\/latamobility.com\\\/wp-content\\\/uploads\\\/2025\\\/09\\\/BYD-220925-b-scaled.jpg\",\"contentUrl\":\"https:\\\/\\\/latamobility.com\\\/wp-content\\\/uploads\\\/2025\\\/09\\\/BYD-220925-b-scaled.jpg\",\"width\":2560,\"height\":1707,\"caption\":\"BYD\"},{\"@type\":\"BreadcrumbList\",\"@id\":\"https:\\\/\\\/latamobility.com\\\/pt-br\\\/byd-brasil-obtem-certificacao-i-rec-e-garante-energia-100-eolica-em-seu-complexo-de-camacari\\\/#breadcrumb\",\"itemListElement\":[{\"@type\":\"ListItem\",\"position\":1,\"name\":\"Portada\",\"item\":\"https:\\\/\\\/latamobility.com\\\/pt-br\\\/\"},{\"@type\":\"ListItem\",\"position\":2,\"name\":\"BYD Brasil obt\u00e9m certifica\u00e7\u00e3o I-REC e garante energia 100% e\u00f3lica em seu complexo de Cama\u00e7ari\"}]},{\"@type\":\"WebSite\",\"@id\":\"https:\\\/\\\/latamobility.com\\\/#website\",\"url\":\"https:\\\/\\\/latamobility.com\\\/\",\"name\":\"Latam Mobility\",\"description\":\"Serie de Eventos para promover la Movilidad y Transporte sostenible en Latinoam\u00e9rica\",\"publisher\":{\"@id\":\"https:\\\/\\\/latamobility.com\\\/#organization\"},\"potentialAction\":[{\"@type\":\"SearchAction\",\"target\":{\"@type\":\"EntryPoint\",\"urlTemplate\":\"https:\\\/\\\/latamobility.com\\\/?s={search_term_string}\"},\"query-input\":{\"@type\":\"PropertyValueSpecification\",\"valueRequired\":true,\"valueName\":\"search_term_string\"}}],\"inLanguage\":\"pt-BR\"},{\"@type\":\"Organization\",\"@id\":\"https:\\\/\\\/latamobility.com\\\/#organization\",\"name\":\"LATAM MOBILITY\",\"url\":\"https:\\\/\\\/latamobility.com\\\/\",\"logo\":{\"@type\":\"ImageObject\",\"inLanguage\":\"pt-BR\",\"@id\":\"https:\\\/\\\/latamobility.com\\\/#\\\/schema\\\/logo\\\/image\\\/\",\"url\":\"https:\\\/\\\/latamobility.com\\\/wp-content\\\/uploads\\\/2025\\\/01\\\/logos-LM-LG-2025-10.png\",\"contentUrl\":\"https:\\\/\\\/latamobility.com\\\/wp-content\\\/uploads\\\/2025\\\/01\\\/logos-LM-LG-2025-10.png\",\"width\":1080,\"height\":1080,\"caption\":\"LATAM MOBILITY\"},\"image\":{\"@id\":\"https:\\\/\\\/latamobility.com\\\/#\\\/schema\\\/logo\\\/image\\\/\"},\"sameAs\":[\"https:\\\/\\\/www.facebook.com\\\/latamobility\\\/\",\"https:\\\/\\\/x.com\\\/LataMobility\",\"https:\\\/\\\/www.instagram.com\\\/latamobility\\\/\",\"https:\\\/\\\/www.linkedin.com\\\/company\\\/latamobility\\\/\",\"https:\\\/\\\/www.youtube.com\\\/channel\\\/UCtcslRCRY0vITWaOQ1X0XUA\"]},{\"@type\":\"Person\",\"@id\":\"https:\\\/\\\/latamobility.com\\\/#\\\/schema\\\/person\\\/fda092a2de1f87d347784282908bad1a\",\"name\":\"Antonio Vilela\",\"image\":{\"@type\":\"ImageObject\",\"inLanguage\":\"pt-BR\",\"@id\":\"https:\\\/\\\/secure.gravatar.com\\\/avatar\\\/7eee8196fd2fda180806d7b41cd517f274d5ad3b9f65d873feb3ca7e2b3a72d2?s=96&d=mm&r=g\",\"url\":\"https:\\\/\\\/secure.gravatar.com\\\/avatar\\\/7eee8196fd2fda180806d7b41cd517f274d5ad3b9f65d873feb3ca7e2b3a72d2?s=96&d=mm&r=g\",\"contentUrl\":\"https:\\\/\\\/secure.gravatar.com\\\/avatar\\\/7eee8196fd2fda180806d7b41cd517f274d5ad3b9f65d873feb3ca7e2b3a72d2?s=96&d=mm&r=g\",\"caption\":\"Antonio Vilela\"}}]}<\/script>\n<!-- \/ Yoast SEO Premium plugin. -->","yoast_head_json":{"title":"BYD Brasil obt\u00e9m certifica\u00e7\u00e3o I-REC e garante energia 100% e\u00f3lica em seu complexo de Cama\u00e7ari - Latam Mobility","description":"BYD Brasil anunciou que seu complexo industrial de Cama\u00e7ari recebeu a certifica\u00e7\u00e3o I-REC (International Renewable Energy Certificates)","robots":{"index":"index","follow":"follow","max-snippet":"max-snippet:-1","max-image-preview":"max-image-preview:large","max-video-preview":"max-video-preview:-1"},"canonical":"https:\/\/latamobility.com\/pt-br\/byd-brasil-obtem-certificacao-i-rec-e-garante-energia-100-eolica-em-seu-complexo-de-camacari\/","og_locale":"pt_BR","og_type":"article","og_title":"BYD Brasil obt\u00e9m certifica\u00e7\u00e3o I-REC e garante energia 100% e\u00f3lica em seu complexo de Cama\u00e7ari","og_description":"BYD Brasil anunciou que seu complexo industrial de Cama\u00e7ari recebeu a certifica\u00e7\u00e3o I-REC (International Renewable Energy Certificates)","og_url":"https:\/\/latamobility.com\/pt-br\/byd-brasil-obtem-certificacao-i-rec-e-garante-energia-100-eolica-em-seu-complexo-de-camacari\/","og_site_name":"Latam Mobility","article_publisher":"https:\/\/www.facebook.com\/latamobility\/","article_published_time":"2025-09-26T10:00:00+00:00","article_modified_time":"2025-09-26T13:23:39+00:00","og_image":[{"width":2560,"height":1707,"url":"https:\/\/latamobility.com\/wp-content\/uploads\/2025\/09\/BYD-220925-b-scaled.jpg","type":"image\/jpeg"}],"author":"Antonio Vilela","twitter_card":"summary_large_image","twitter_description":"BYD Brasil anunciou que seu complexo industrial de Cama\u00e7ari recebeu a certifica\u00e7\u00e3o I-REC (International Renewable Energy Certificates)","twitter_creator":"@LataMobility","twitter_site":"@LataMobility","twitter_misc":{"Escrito por":"Antonio Vilela","Est. tempo de leitura":"4 minutos"},"schema":{"@context":"https:\/\/schema.org","@graph":[{"@type":"NewsArticle","@id":"https:\/\/latamobility.com\/pt-br\/byd-brasil-obtem-certificacao-i-rec-e-garante-energia-100-eolica-em-seu-complexo-de-camacari\/#article","isPartOf":{"@id":"https:\/\/latamobility.com\/pt-br\/byd-brasil-obtem-certificacao-i-rec-e-garante-energia-100-eolica-em-seu-complexo-de-camacari\/"},"author":{"name":"Antonio Vilela","@id":"https:\/\/latamobility.com\/#\/schema\/person\/fda092a2de1f87d347784282908bad1a"},"headline":"BYD Brasil obt\u00e9m certifica\u00e7\u00e3o I-REC e garante energia 100% e\u00f3lica em seu complexo de Cama\u00e7ari","datePublished":"2025-09-26T10:00:00+00:00","dateModified":"2025-09-26T13:23:39+00:00","mainEntityOfPage":{"@id":"https:\/\/latamobility.com\/pt-br\/byd-brasil-obtem-certificacao-i-rec-e-garante-energia-100-eolica-em-seu-complexo-de-camacari\/"},"wordCount":852,"commentCount":0,"publisher":{"@id":"https:\/\/latamobility.com\/#organization"},"image":{"@id":"https:\/\/latamobility.com\/pt-br\/byd-brasil-obtem-certificacao-i-rec-e-garante-energia-100-eolica-em-seu-complexo-de-camacari\/#primaryimage"},"thumbnailUrl":"https:\/\/latamobility.com\/wp-content\/uploads\/2025\/09\/BYD-220925-b-scaled.jpg","keywords":["Brasil","BYD"],"articleSection":["Movilidad el\u00e9ctrica"],"inLanguage":"pt-BR","potentialAction":[{"@type":"CommentAction","name":"Comment","target":["https:\/\/latamobility.com\/pt-br\/byd-brasil-obtem-certificacao-i-rec-e-garante-energia-100-eolica-em-seu-complexo-de-camacari\/#respond"]}]},{"@type":"WebPage","@id":"https:\/\/latamobility.com\/pt-br\/byd-brasil-obtem-certificacao-i-rec-e-garante-energia-100-eolica-em-seu-complexo-de-camacari\/","url":"https:\/\/latamobility.com\/pt-br\/byd-brasil-obtem-certificacao-i-rec-e-garante-energia-100-eolica-em-seu-complexo-de-camacari\/","name":"BYD Brasil obt\u00e9m certifica\u00e7\u00e3o I-REC e garante energia 100% e\u00f3lica em seu complexo de Cama\u00e7ari - Latam Mobility","isPartOf":{"@id":"https:\/\/latamobility.com\/#website"},"primaryImageOfPage":{"@id":"https:\/\/latamobility.com\/pt-br\/byd-brasil-obtem-certificacao-i-rec-e-garante-energia-100-eolica-em-seu-complexo-de-camacari\/#primaryimage"},"image":{"@id":"https:\/\/latamobility.com\/pt-br\/byd-brasil-obtem-certificacao-i-rec-e-garante-energia-100-eolica-em-seu-complexo-de-camacari\/#primaryimage"},"thumbnailUrl":"https:\/\/latamobility.com\/wp-content\/uploads\/2025\/09\/BYD-220925-b-scaled.jpg","datePublished":"2025-09-26T10:00:00+00:00","dateModified":"2025-09-26T13:23:39+00:00","description":"BYD Brasil anunciou que seu complexo industrial de Cama\u00e7ari recebeu a certifica\u00e7\u00e3o I-REC (International Renewable Energy Certificates)","breadcrumb":{"@id":"https:\/\/latamobility.com\/pt-br\/byd-brasil-obtem-certificacao-i-rec-e-garante-energia-100-eolica-em-seu-complexo-de-camacari\/#breadcrumb"},"inLanguage":"pt-BR","potentialAction":[{"@type":"ReadAction","target":["https:\/\/latamobility.com\/pt-br\/byd-brasil-obtem-certificacao-i-rec-e-garante-energia-100-eolica-em-seu-complexo-de-camacari\/"]}]},{"@type":"ImageObject","inLanguage":"pt-BR","@id":"https:\/\/latamobility.com\/pt-br\/byd-brasil-obtem-certificacao-i-rec-e-garante-energia-100-eolica-em-seu-complexo-de-camacari\/#primaryimage","url":"https:\/\/latamobility.com\/wp-content\/uploads\/2025\/09\/BYD-220925-b-scaled.jpg","contentUrl":"https:\/\/latamobility.com\/wp-content\/uploads\/2025\/09\/BYD-220925-b-scaled.jpg","width":2560,"height":1707,"caption":"BYD"},{"@type":"BreadcrumbList","@id":"https:\/\/latamobility.com\/pt-br\/byd-brasil-obtem-certificacao-i-rec-e-garante-energia-100-eolica-em-seu-complexo-de-camacari\/#breadcrumb","itemListElement":[{"@type":"ListItem","position":1,"name":"Portada","item":"https:\/\/latamobility.com\/pt-br\/"},{"@type":"ListItem","position":2,"name":"BYD Brasil obt\u00e9m certifica\u00e7\u00e3o I-REC e garante energia 100% e\u00f3lica em seu complexo de Cama\u00e7ari"}]},{"@type":"WebSite","@id":"https:\/\/latamobility.com\/#website","url":"https:\/\/latamobility.com\/","name":"Latam Mobility","description":"Serie de Eventos para promover la Movilidad y Transporte sostenible en Latinoam\u00e9rica","publisher":{"@id":"https:\/\/latamobility.com\/#organization"},"potentialAction":[{"@type":"SearchAction","target":{"@type":"EntryPoint","urlTemplate":"https:\/\/latamobility.com\/?s={search_term_string}"},"query-input":{"@type":"PropertyValueSpecification","valueRequired":true,"valueName":"search_term_string"}}],"inLanguage":"pt-BR"},{"@type":"Organization","@id":"https:\/\/latamobility.com\/#organization","name":"LATAM MOBILITY","url":"https:\/\/latamobility.com\/","logo":{"@type":"ImageObject","inLanguage":"pt-BR","@id":"https:\/\/latamobility.com\/#\/schema\/logo\/image\/","url":"https:\/\/latamobility.com\/wp-content\/uploads\/2025\/01\/logos-LM-LG-2025-10.png","contentUrl":"https:\/\/latamobility.com\/wp-content\/uploads\/2025\/01\/logos-LM-LG-2025-10.png","width":1080,"height":1080,"caption":"LATAM MOBILITY"},"image":{"@id":"https:\/\/latamobility.com\/#\/schema\/logo\/image\/"},"sameAs":["https:\/\/www.facebook.com\/latamobility\/","https:\/\/x.com\/LataMobility","https:\/\/www.instagram.com\/latamobility\/","https:\/\/www.linkedin.com\/company\/latamobility\/","https:\/\/www.youtube.com\/channel\/UCtcslRCRY0vITWaOQ1X0XUA"]},{"@type":"Person","@id":"https:\/\/latamobility.com\/#\/schema\/person\/fda092a2de1f87d347784282908bad1a","name":"Antonio Vilela","image":{"@type":"ImageObject","inLanguage":"pt-BR","@id":"https:\/\/secure.gravatar.com\/avatar\/7eee8196fd2fda180806d7b41cd517f274d5ad3b9f65d873feb3ca7e2b3a72d2?s=96&d=mm&r=g","url":"https:\/\/secure.gravatar.com\/avatar\/7eee8196fd2fda180806d7b41cd517f274d5ad3b9f65d873feb3ca7e2b3a72d2?s=96&d=mm&r=g","contentUrl":"https:\/\/secure.gravatar.com\/avatar\/7eee8196fd2fda180806d7b41cd517f274d5ad3b9f65d873feb3ca7e2b3a72d2?s=96&d=mm&r=g","caption":"Antonio Vilela"}}]}},"_links":{"self":[{"href":"https:\/\/latamobility.com\/pt-br\/wp-json\/wp\/v2\/posts\/52136","targetHints":{"allow":["GET"]}}],"collection":[{"href":"https:\/\/latamobility.com\/pt-br\/wp-json\/wp\/v2\/posts"}],"about":[{"href":"https:\/\/latamobility.com\/pt-br\/wp-json\/wp\/v2\/types\/post"}],"author":[{"embeddable":true,"href":"https:\/\/latamobility.com\/pt-br\/wp-json\/wp\/v2\/users\/10"}],"replies":[{"embeddable":true,"href":"https:\/\/latamobility.com\/pt-br\/wp-json\/wp\/v2\/comments?post=52136"}],"version-history":[{"count":1,"href":"https:\/\/latamobility.com\/pt-br\/wp-json\/wp\/v2\/posts\/52136\/revisions"}],"predecessor-version":[{"id":52137,"href":"https:\/\/latamobility.com\/pt-br\/wp-json\/wp\/v2\/posts\/52136\/revisions\/52137"}],"wp:featuredmedia":[{"embeddable":true,"href":"https:\/\/latamobility.com\/pt-br\/wp-json\/wp\/v2\/media\/52133"}],"wp:attachment":[{"href":"https:\/\/latamobility.com\/pt-br\/wp-json\/wp\/v2\/media?parent=52136"}],"wp:term":[{"taxonomy":"category","embeddable":true,"href":"https:\/\/latamobility.com\/pt-br\/wp-json\/wp\/v2\/categories?post=52136"},{"taxonomy":"post_tag","embeddable":true,"href":"https:\/\/latamobility.com\/pt-br\/wp-json\/wp\/v2\/tags?post=52136"}],"curies":[{"name":"wp","href":"https:\/\/api.w.org\/{rel}","templated":true}]}}