{"id":52163,"date":"2025-09-29T05:00:00","date_gmt":"2025-09-29T10:00:00","guid":{"rendered":"https:\/\/latamobility.com\/?p=52163"},"modified":"2025-09-26T08:24:00","modified_gmt":"2025-09-26T13:24:00","slug":"yangwang-u9-xtreme-bate-recorde-mundial-de-velocidade-para-veiculos-eletricos-de-producao","status":"publish","type":"post","link":"https:\/\/latamobility.com\/pt-br\/yangwang-u9-xtreme-bate-recorde-mundial-de-velocidade-para-veiculos-eletricos-de-producao\/","title":{"rendered":"Yangwang U9 Xtreme bate recorde mundial de velocidade para ve\u00edculos el\u00e9tricos de produ\u00e7\u00e3o"},"content":{"rendered":"\n<p><strong>Yangwang<\/strong>, a submarca de luxo da <strong>BYD<\/strong>, estabeleceu um <strong><a href=\"https:\/\/www.byd.com\/es-es\/news-list\/byd-yangwang-u9-xtreme-coche-de-serie-mas-rapido-del-mundo\">novo marco<\/a><\/strong> na hist\u00f3ria da eletromobilidade ao atingir <strong>496,22 km\/h<\/strong> na pista de testes ATP de Papenburg.<\/p>\n\n\n\n<p>Este recorde torna o <strong>U9 Xtreme<\/strong> o ve\u00edculo el\u00e9trico de produ\u00e7\u00e3o <strong>mais r\u00e1pido do planeta<\/strong>, superando em <strong>5,22 km\/h<\/strong> o recorde anterior homologado para ve\u00edculos com emiss\u00f5es zero.<\/p>\n\n\n\n<p>O teste foi realizado em condi\u00e7\u00f5es controladas e com a supervis\u00e3o de organismos independentes que verificaram a precis\u00e3o dos instrumentos de medi\u00e7\u00e3o e garantiram a seguran\u00e7a do protocolo.<br>Yangwang<\/p>\n\n\n\n<figure class=\"wp-block-image size-full\"><img fetchpriority=\"high\" decoding=\"async\" width=\"1024\" height=\"576\" src=\"https:\/\/latamobility.com\/wp-content\/uploads\/2025\/09\/Yangwang-230925-a.webp\" alt=\"Yangwang\" class=\"wp-image-52145\" srcset=\"https:\/\/latamobility.com\/wp-content\/uploads\/2025\/09\/Yangwang-230925-a.webp 1024w, https:\/\/latamobility.com\/wp-content\/uploads\/2025\/09\/Yangwang-230925-a-300x169.webp 300w, https:\/\/latamobility.com\/wp-content\/uploads\/2025\/09\/Yangwang-230925-a-768x432.webp 768w\" sizes=\"(max-width: 1024px) 100vw, 1024px\" \/><\/figure>\n\n\n\n<p>Ao volante estava o piloto profissional <strong>Marc Basseng<\/strong>, cuja experi\u00eancia em corridas de alta velocidade foi fundamental para explorar ao m\u00e1ximo o potencial do <strong>U9 Xtreme<\/strong>.<\/p>\n\n\n\n<p>Esta conquista n\u00e3o s\u00f3 refor\u00e7a a reputa\u00e7\u00e3o da <strong>BYD <\/strong>em inova\u00e7\u00e3o, como tamb\u00e9m coloca a <strong>China <\/strong>na vanguarda mundial da automotividade el\u00e9trica de alto desempenho.<\/p>\n\n\n\n<p><strong>Tamb\u00e9m pode interessar-lhe<\/strong> | <strong><a href=\"https:\/\/latamobility.com\/pt-br\/inovacao-gestao-de-frotas-tecnologia-e-sustentabilidade-os-pilares-do-latam-mobility-mexico-2025-se-reunem-em-outubro\/\">Inova\u00e7\u00e3o, gest\u00e3o de frotas, tecnologia e sustentabilidade: os pilares da \u201cLatam Mobility M\u00e9xico 2025\u201d re\u00fanem-se em outubro<\/a><\/strong><\/p>\n\n\n\n<h2 class=\"wp-block-heading\" id=\"h-arquitetura-energetica-e-potencia-sem-precedentes\">Arquitetura energ\u00e9tica e pot\u00eancia sem precedentes<\/h2>\n\n\n\n<p>O cora\u00e7\u00e3o do <strong>U9 Xtreme<\/strong> \u00e9 sua bateria <strong>Blade <\/strong>de fosfato de ferro e l\u00edtio (LFP) equipada com a nova tecnologia <strong>NP 3.0<\/strong>, capaz de conter um vazamento t\u00e9rmico sem gerar fogo ou fuma\u00e7a.<\/p>\n\n\n\n<p>Este pacote de alta tens\u00e3o, operando a <strong>1.200 V<\/strong>, alimenta <strong>quatro motores el\u00e9tricos<\/strong> que, juntos, fornecem <strong>mais de 3.000 CV<\/strong> e um torque instant\u00e2neo que leva o ve\u00edculo de 0 a 100 km\/h em um tempo equivalente ao de supercarros a combust\u00e3o.<\/p>\n\n\n\n<p>A estrutura da bateria \u00e9 integrada de forma \u201c<em>Cell-to-Chassis<\/em>\u201d, refor\u00e7ando a rigidez do chassi e <strong>melhorando a distribui\u00e7\u00e3o de massas<\/strong> para manter a estabilidade em velocidades extremas.<\/p>\n\n\n\n<p><strong>O sistema de refrigera\u00e7\u00e3o utiliza canais internos de alta condutividade<\/strong> que evacuam o calor gerado durante a acelera\u00e7\u00e3o e durante as medi\u00e7\u00f5es de velocidade m\u00e1xima, garantindo um desempenho constante ao longo de todo o teste.<\/p>\n\n\n\n<figure class=\"wp-block-image size-large\"><img decoding=\"async\" width=\"1024\" height=\"576\" src=\"https:\/\/latamobility.com\/wp-content\/uploads\/2025\/09\/Yangwang-230925-c-1024x576.jpg\" alt=\"Yangwang\" class=\"wp-image-52151\" srcset=\"https:\/\/latamobility.com\/wp-content\/uploads\/2025\/09\/Yangwang-230925-c-1024x576.jpg 1024w, https:\/\/latamobility.com\/wp-content\/uploads\/2025\/09\/Yangwang-230925-c-300x169.jpg 300w, https:\/\/latamobility.com\/wp-content\/uploads\/2025\/09\/Yangwang-230925-c-768x432.jpg 768w, https:\/\/latamobility.com\/wp-content\/uploads\/2025\/09\/Yangwang-230925-c-1536x864.jpg 1536w, https:\/\/latamobility.com\/wp-content\/uploads\/2025\/09\/Yangwang-230925-c.jpg 1920w\" sizes=\"(max-width: 1024px) 100vw, 1024px\" \/><\/figure>\n\n\n\n<h2 class=\"wp-block-heading\" id=\"h-design-exclusivo\">Design exclusivo<\/h2>\n\n\n\n<p>A <strong>Yangwang <\/strong>confirmou que produzir\u00e1 apenas <strong>30 unidades do U9 Xtreme<\/strong>, destinadas a colecionadores e entusiastas da alta velocidade.<\/p>\n\n\n\n<p>Cada ve\u00edculo incluir\u00e1 um programa de personaliza\u00e7\u00e3o integral: <strong>escolha de materiais em fibra de carbono, combina\u00e7\u00f5es de couro e Alc\u00e2ntara para o interior<\/strong>, bem como detalhes em metais nobres adaptados ao gosto do cliente.<\/p>\n\n\n\n<p>O pacote de aquisi\u00e7\u00e3o inclui um plano de manuten\u00e7\u00e3o especializado, visitas aos centros de servi\u00e7o da <strong>BYD <\/strong>na Europa e treinamento com pilotos profissionais para aproveitar ao m\u00e1ximo o desempenho do autom\u00f3vel.<\/p>\n\n\n\n<p>As entregas est\u00e3o previstas para o <strong>final de 2025<\/strong>, com um processo de homologa\u00e7\u00e3o individual em cada pa\u00eds de destino, garantindo a conformidade com as normas locais e oferecendo suporte log\u00edstico completo aos seus propriet\u00e1rios.<\/p>\n\n\n\n<figure class=\"wp-block-image size-large\"><img decoding=\"async\" width=\"1024\" height=\"576\" src=\"https:\/\/latamobility.com\/wp-content\/uploads\/2025\/09\/Yangwang-230925-d-1024x576.jpg\" alt=\"Yangwang\" class=\"wp-image-52154\" srcset=\"https:\/\/latamobility.com\/wp-content\/uploads\/2025\/09\/Yangwang-230925-d-1024x576.jpg 1024w, https:\/\/latamobility.com\/wp-content\/uploads\/2025\/09\/Yangwang-230925-d-300x169.jpg 300w, https:\/\/latamobility.com\/wp-content\/uploads\/2025\/09\/Yangwang-230925-d-768x432.jpg 768w, https:\/\/latamobility.com\/wp-content\/uploads\/2025\/09\/Yangwang-230925-d-1536x864.jpg 1536w, https:\/\/latamobility.com\/wp-content\/uploads\/2025\/09\/Yangwang-230925-d.jpg 1920w\" sizes=\"(max-width: 1024px) 100vw, 1024px\" \/><\/figure>\n\n\n\n<h2 class=\"wp-block-heading\" id=\"h-impulso-a-industria\">Impulso \u00e0 ind\u00fastria<\/h2>\n\n\n\n<p>O recorde do <strong>U9 Xtreme<\/strong> da <strong>Yangwang <\/strong>refor\u00e7a a competitividade da ind\u00fastria chinesa em rela\u00e7\u00e3o aos seus hom\u00f3logos europeus e norte-americanos, impulsionando um efeito nos centros de P&amp;D para acelerar a evolu\u00e7\u00e3o da tecnologia el\u00e9trica de alto desempenho.<\/p>\n\n\n\n<p>Este acontecimento abre as portas a <strong>novas colabora\u00e7\u00f5es p\u00fablico-privadas dedicadas ao desenvolvimento de baterias ultrarr\u00e1pidas, sistemas avan\u00e7ados de gest\u00e3o t\u00e9rmica e plataformas modulares eletrificadas<\/strong>.<\/p>\n\n\n\n<p>Os analistas do setor concordam que a marca alcan\u00e7ada pela <strong>Yangwang <\/strong>marcar\u00e1 um antes e um depois na perce\u00e7\u00e3o dos ve\u00edculos el\u00e9tricos como plataformas capazes de competir com os superdesportivos a gasolina em termos de velocidade e dinamismo.<\/p>\n\n\n\n<p>A curto prazo, prev\u00ea-se que este avan\u00e7o desencadeie <strong>uma corrida tecnol\u00f3gica para voltagens ainda maiores, materiais mais leves e processos de fabrica\u00e7\u00e3o que reduzam o peso e aumentem a efici\u00eancia<\/strong> energ\u00e9tica das pr\u00f3ximas gera\u00e7\u00f5es de ve\u00edculos com emiss\u00f5es zero.<\/p>\n\n\n\n<figure class=\"wp-block-embed is-type-video is-provider-youtube wp-block-embed-youtube wp-embed-aspect-16-9 wp-has-aspect-ratio\"><div class=\"wp-block-embed__wrapper\">\n<iframe title=\"YANGWANG U9 Xtreme | 496.22 km\/h Top Speed Run\" width=\"720\" height=\"405\" src=\"https:\/\/www.youtube.com\/embed\/t5Ojlq7yxXw?feature=oembed&#038;enablejsapi=1&#038;origin=https:\/\/latamobility.com\" frameborder=\"0\" allow=\"accelerometer; autoplay; clipboard-write; encrypted-media; gyroscope; picture-in-picture; web-share\" referrerpolicy=\"strict-origin-when-cross-origin\" allowfullscreen><\/iframe>\n<\/div><\/figure>\n\n\n\n<h2 class=\"wp-block-heading\" id=\"h-rumo-ao-latam-mobility-mexico-2025\">Rumo ao \u201cLatam Mobility M\u00e9xico 2025\u201d<\/h2>\n\n\n\n<p>O \u201c<strong><a href=\"https:\/\/live.eventtia.com\/es\/latammobilitymexico2025\">Latam Mobility M\u00e9xico 2025<\/a><\/strong>\u201d \u00e9 o encontro mais importante sobre mobilidade sustent\u00e1vel da regi\u00e3o e ser\u00e1 realizado nos dias <strong>13 e 14 de outubro<\/strong> no World Trade Center da <strong>Cidade do M\u00e9xico<\/strong>.<\/p>\n\n\n\n<p>A c\u00fapula reunir\u00e1 os principais atores da ind\u00fastria, <strong>desde fabricantes de ve\u00edculos e empresas de tecnologia at\u00e9 autoridades governamentais e especialistas<\/strong>, todos unidos por um objetivo comum: acelerar a transi\u00e7\u00e3o para sistemas de transporte mais limpos, inteligentes e eficientes.<\/p>\n\n\n\n<p>Como parte central da agenda, destacou-se o \u201c<strong><a href=\"https:\/\/tinyurl.com\/ybfrdjfx\">Fleet Management &amp; Charging Matchmaking Hub<\/a><\/strong>\u201d, o novo eixo de inova\u00e7\u00e3o e parcerias para frotas.<\/p>\n\n\n\n<figure class=\"wp-block-gallery has-nested-images columns-default is-cropped wp-block-gallery-1 is-layout-flex wp-block-gallery-is-layout-flex\">\n<figure class=\"wp-block-image size-large\"><img loading=\"lazy\" decoding=\"async\" width=\"819\" height=\"1024\" data-id=\"51761\" src=\"https:\/\/latamobility.com\/wp-content\/uploads\/2025\/09\/Fleet-Management-Charging-Matchmaking-Hub_post-1-819x1024.jpg\" alt=\"Latam Mobility M\u00e9xico 2025\" class=\"wp-image-51761\" srcset=\"https:\/\/latamobility.com\/wp-content\/uploads\/2025\/09\/Fleet-Management-Charging-Matchmaking-Hub_post-1-819x1024.jpg 819w, https:\/\/latamobility.com\/wp-content\/uploads\/2025\/09\/Fleet-Management-Charging-Matchmaking-Hub_post-1-240x300.jpg 240w, https:\/\/latamobility.com\/wp-content\/uploads\/2025\/09\/Fleet-Management-Charging-Matchmaking-Hub_post-1-768x960.jpg 768w, https:\/\/latamobility.com\/wp-content\/uploads\/2025\/09\/Fleet-Management-Charging-Matchmaking-Hub_post-1.jpg 1080w\" sizes=\"(max-width: 819px) 100vw, 819px\" \/><\/figure>\n\n\n\n<figure class=\"wp-block-image size-large\"><img loading=\"lazy\" decoding=\"async\" width=\"819\" height=\"1024\" data-id=\"51809\" src=\"https:\/\/latamobility.com\/wp-content\/uploads\/2025\/09\/1756907737437-819x1024.jpeg\" alt=\"Latam Mobility M\u00e9xico 2025\" class=\"wp-image-51809\" srcset=\"https:\/\/latamobility.com\/wp-content\/uploads\/2025\/09\/1756907737437-819x1024.jpeg 819w, https:\/\/latamobility.com\/wp-content\/uploads\/2025\/09\/1756907737437-240x300.jpeg 240w, https:\/\/latamobility.com\/wp-content\/uploads\/2025\/09\/1756907737437-768x960.jpeg 768w, https:\/\/latamobility.com\/wp-content\/uploads\/2025\/09\/1756907737437.jpeg 1080w\" sizes=\"(max-width: 819px) 100vw, 819px\" \/><\/figure>\n<\/figure>\n\n\n\n<p>Este espa\u00e7o ser\u00e1 dedicado exclusivamente <strong>a conectar os l\u00edderes de frotas de transporte com os principais fornecedores de solu\u00e7\u00f5es de telem\u00e1tica, gest\u00e3o de carga, infraestrutura e ve\u00edculos el\u00e9tricos<\/strong>, facilitando as parcerias estrat\u00e9gicas necess\u00e1rias para acelerar a transi\u00e7\u00e3o.<\/p>\n\n\n\n<p>A oportunidade de construir as frotas do futuro \u00e9 agora, e o \u201c<strong><a href=\"https:\/\/live.eventtia.com\/es\/latammobilitymexico2025\">Latam Mobility M\u00e9xico 2025<\/a><\/strong>\u201d marcar\u00e1 um passo essencial para os l\u00edderes que buscam otimizar suas opera\u00e7\u00f5es, reduzir custos e liderar a transi\u00e7\u00e3o para um transporte eficiente e sustent\u00e1vel.<\/p>\n\n\n\n<p>\ud83d\udd39Para obter mais informa\u00e7\u00f5es sobre como participar do \u201c<strong><a href=\"https:\/\/live.eventtia.com\/es\/latammobilitymexico2025\">Latam Mobility M\u00e9xico 2025<\/a><\/strong>\u201d e as op\u00e7\u00f5es de posicionamento, escreva para info@investinlatam.org.<\/p>\n\n\n\n<p>\ud83d\udd39O contato via <strong><a href=\"https:\/\/lnkd.in\/eQzTYdNG\">WhatsApp<\/a><\/strong> est\u00e1 dispon\u00edvel; voc\u00ea pode adquirir seus ingressos clicando <strong><a href=\"https:\/\/live.eventtia.com\/es\/latammobilitymexico2025\">aqui<\/a><\/strong> e se inscrever no \u201c<strong>Fleet Management &amp; Charging Matchmaking Hub<\/strong>\u201d <strong><a href=\"https:\/\/tinyurl.com\/ybfrdjfx\">aqui<\/a><\/strong>.<\/p>\n\n\n\n<figure class=\"wp-block-image size-large\"><img loading=\"lazy\" decoding=\"async\" width=\"1024\" height=\"576\" src=\"https:\/\/latamobility.com\/wp-content\/uploads\/2025\/09\/Banner-Latam-Mobility-Mexico-2025_logos-twitter-4-1024x576.jpg\" alt=\"Latam Mobility Mexico 2025\" class=\"wp-image-52084\" srcset=\"https:\/\/latamobility.com\/wp-content\/uploads\/2025\/09\/Banner-Latam-Mobility-Mexico-2025_logos-twitter-4-1024x576.jpg 1024w, https:\/\/latamobility.com\/wp-content\/uploads\/2025\/09\/Banner-Latam-Mobility-Mexico-2025_logos-twitter-4-300x169.jpg 300w, https:\/\/latamobility.com\/wp-content\/uploads\/2025\/09\/Banner-Latam-Mobility-Mexico-2025_logos-twitter-4-768x432.jpg 768w, https:\/\/latamobility.com\/wp-content\/uploads\/2025\/09\/Banner-Latam-Mobility-Mexico-2025_logos-twitter-4-1536x864.jpg 1536w, https:\/\/latamobility.com\/wp-content\/uploads\/2025\/09\/Banner-Latam-Mobility-Mexico-2025_logos-twitter-4-2048x1153.jpg 2048w\" sizes=\"(max-width: 1024px) 100vw, 1024px\" \/><\/figure>\n","protected":false},"excerpt":{"rendered":"<p>Yangwang, a submarca de luxo da BYD, estabeleceu um novo marco na hist\u00f3ria da eletromobilidade ao atingir 496,22 km\/h na pista de testes ATP de Papenburg. Este recorde torna o U9 Xtreme o ve\u00edculo el\u00e9trico de produ\u00e7\u00e3o mais r\u00e1pido do planeta, superando em 5,22 km\/h o recorde anterior homologado para ve\u00edculos com emiss\u00f5es zero. O&#8230;<\/p>\n","protected":false},"author":10,"featured_media":52148,"comment_status":"open","ping_status":"closed","sticky":false,"template":"","format":"standard","meta":{"_kad_post_transparent":"","_kad_post_title":"","_kad_post_layout":"","_kad_post_sidebar_id":"","_kad_post_content_style":"","_kad_post_vertical_padding":"","_kad_post_feature":"","_kad_post_feature_position":"","_kad_post_header":false,"_kad_post_footer":false,"_kad_post_classname":"","footnotes":""},"categories":[2356],"tags":[2585,2359,3371],"class_list":["post-52163","post","type-post","status-publish","format-standard","has-post-thumbnail","hentry","category-movilidad-electrica-pt-br","tag-byd-3","tag-movilidad-electrica-pt-br","tag-yangwang-pt-br"],"yoast_head":"<!-- This site is optimized with the Yoast SEO Premium plugin v22.7 (Yoast SEO v27.4) - https:\/\/yoast.com\/product\/yoast-seo-premium-wordpress\/ -->\n<title>Yangwang U9 Xtreme bate recorde mundial de velocidade para ve\u00edculos el\u00e9tricos de produ\u00e7\u00e3o - Latam Mobility<\/title>\n<meta name=\"description\" content=\"Yangwang da BYD estabeleceu um novo marco na hist\u00f3ria da eletromobilidade ao atingir 496,22 km\/h na pista de testes ATP de Papenburg\" \/>\n<meta name=\"robots\" content=\"index, follow, max-snippet:-1, max-image-preview:large, max-video-preview:-1\" \/>\n<link rel=\"canonical\" href=\"https:\/\/latamobility.com\/yangwang-u9-xtreme-record-mundial-de-velocidad-vehiculo-electrico\/\" \/>\n<meta property=\"og:locale\" content=\"pt_BR\" \/>\n<meta property=\"og:type\" content=\"article\" \/>\n<meta property=\"og:title\" content=\"Yangwang U9 Xtreme bate recorde mundial de velocidade para ve\u00edculos el\u00e9tricos de produ\u00e7\u00e3o\" \/>\n<meta property=\"og:description\" content=\"Yangwang da BYD estabeleceu um novo marco na hist\u00f3ria da eletromobilidade ao atingir 496,22 km\/h na pista de testes ATP de Papenburg\" \/>\n<meta property=\"og:url\" content=\"https:\/\/latamobility.com\/yangwang-u9-xtreme-record-mundial-de-velocidad-vehiculo-electrico\/\" \/>\n<meta property=\"og:site_name\" content=\"Latam Mobility\" \/>\n<meta property=\"article:publisher\" content=\"https:\/\/www.facebook.com\/latamobility\/\" \/>\n<meta property=\"article:published_time\" content=\"2025-09-29T10:00:00+00:00\" \/>\n<meta property=\"og:image\" content=\"https:\/\/latamobility.com\/wp-content\/uploads\/2025\/09\/Yangwang-230925-b.jpg\" \/>\n\t<meta property=\"og:image:width\" content=\"1920\" \/>\n\t<meta property=\"og:image:height\" content=\"1080\" \/>\n\t<meta property=\"og:image:type\" content=\"image\/jpeg\" \/>\n<meta name=\"author\" content=\"Antonio Vilela\" \/>\n<meta name=\"twitter:card\" content=\"summary_large_image\" \/>\n<meta name=\"twitter:description\" content=\"Yangwang da BYD estabeleceu um novo marco na hist\u00f3ria da eletromobilidade ao atingir 496,22 km\/h na pista de testes ATP de Papenburg\" \/>\n<meta name=\"twitter:creator\" content=\"@LataMobility\" \/>\n<meta name=\"twitter:site\" content=\"@LataMobility\" \/>\n<meta name=\"twitter:label1\" content=\"Escrito por\" \/>\n\t<meta name=\"twitter:data1\" content=\"Antonio Vilela\" \/>\n\t<meta name=\"twitter:label2\" content=\"Est. tempo de leitura\" \/>\n\t<meta name=\"twitter:data2\" content=\"4 minutos\" \/>\n<script type=\"application\/ld+json\" class=\"yoast-schema-graph\">{\"@context\":\"https:\\\/\\\/schema.org\",\"@graph\":[{\"@type\":\"NewsArticle\",\"@id\":\"https:\\\/\\\/latamobility.com\\\/yangwang-u9-xtreme-record-mundial-de-velocidad-vehiculo-electrico\\\/#article\",\"isPartOf\":{\"@id\":\"https:\\\/\\\/latamobility.com\\\/yangwang-u9-xtreme-record-mundial-de-velocidad-vehiculo-electrico\\\/\"},\"author\":{\"name\":\"Antonio Vilela\",\"@id\":\"https:\\\/\\\/latamobility.com\\\/#\\\/schema\\\/person\\\/fda092a2de1f87d347784282908bad1a\"},\"headline\":\"Yangwang U9 Xtreme bate recorde mundial de velocidade para ve\u00edculos el\u00e9tricos de produ\u00e7\u00e3o\",\"datePublished\":\"2025-09-29T10:00:00+00:00\",\"mainEntityOfPage\":{\"@id\":\"https:\\\/\\\/latamobility.com\\\/yangwang-u9-xtreme-record-mundial-de-velocidad-vehiculo-electrico\\\/\"},\"wordCount\":908,\"commentCount\":0,\"publisher\":{\"@id\":\"https:\\\/\\\/latamobility.com\\\/#organization\"},\"image\":{\"@id\":\"https:\\\/\\\/latamobility.com\\\/yangwang-u9-xtreme-record-mundial-de-velocidad-vehiculo-electrico\\\/#primaryimage\"},\"thumbnailUrl\":\"https:\\\/\\\/latamobility.com\\\/wp-content\\\/uploads\\\/2025\\\/09\\\/Yangwang-230925-b.jpg\",\"keywords\":[\"BYD\",\"Movilidad el\u00e9ctrica\",\"Yangwang\"],\"articleSection\":[\"Movilidad el\u00e9ctrica\"],\"inLanguage\":\"pt-BR\",\"potentialAction\":[{\"@type\":\"CommentAction\",\"name\":\"Comment\",\"target\":[\"https:\\\/\\\/latamobility.com\\\/yangwang-u9-xtreme-record-mundial-de-velocidad-vehiculo-electrico\\\/#respond\"]}]},{\"@type\":\"WebPage\",\"@id\":\"https:\\\/\\\/latamobility.com\\\/yangwang-u9-xtreme-record-mundial-de-velocidad-vehiculo-electrico\\\/\",\"url\":\"https:\\\/\\\/latamobility.com\\\/yangwang-u9-xtreme-record-mundial-de-velocidad-vehiculo-electrico\\\/\",\"name\":\"Yangwang U9 Xtreme bate recorde mundial de velocidade para ve\u00edculos el\u00e9tricos de produ\u00e7\u00e3o - Latam Mobility\",\"isPartOf\":{\"@id\":\"https:\\\/\\\/latamobility.com\\\/#website\"},\"primaryImageOfPage\":{\"@id\":\"https:\\\/\\\/latamobility.com\\\/yangwang-u9-xtreme-record-mundial-de-velocidad-vehiculo-electrico\\\/#primaryimage\"},\"image\":{\"@id\":\"https:\\\/\\\/latamobility.com\\\/yangwang-u9-xtreme-record-mundial-de-velocidad-vehiculo-electrico\\\/#primaryimage\"},\"thumbnailUrl\":\"https:\\\/\\\/latamobility.com\\\/wp-content\\\/uploads\\\/2025\\\/09\\\/Yangwang-230925-b.jpg\",\"datePublished\":\"2025-09-29T10:00:00+00:00\",\"description\":\"Yangwang da BYD estabeleceu um novo marco na hist\u00f3ria da eletromobilidade ao atingir 496,22 km\\\/h na pista de testes ATP de Papenburg\",\"breadcrumb\":{\"@id\":\"https:\\\/\\\/latamobility.com\\\/yangwang-u9-xtreme-record-mundial-de-velocidad-vehiculo-electrico\\\/#breadcrumb\"},\"inLanguage\":\"pt-BR\",\"potentialAction\":[{\"@type\":\"ReadAction\",\"target\":[\"https:\\\/\\\/latamobility.com\\\/yangwang-u9-xtreme-record-mundial-de-velocidad-vehiculo-electrico\\\/\"]}]},{\"@type\":\"ImageObject\",\"inLanguage\":\"pt-BR\",\"@id\":\"https:\\\/\\\/latamobility.com\\\/yangwang-u9-xtreme-record-mundial-de-velocidad-vehiculo-electrico\\\/#primaryimage\",\"url\":\"https:\\\/\\\/latamobility.com\\\/wp-content\\\/uploads\\\/2025\\\/09\\\/Yangwang-230925-b.jpg\",\"contentUrl\":\"https:\\\/\\\/latamobility.com\\\/wp-content\\\/uploads\\\/2025\\\/09\\\/Yangwang-230925-b.jpg\",\"width\":1920,\"height\":1080,\"caption\":\"Yangwang\"},{\"@type\":\"BreadcrumbList\",\"@id\":\"https:\\\/\\\/latamobility.com\\\/yangwang-u9-xtreme-record-mundial-de-velocidad-vehiculo-electrico\\\/#breadcrumb\",\"itemListElement\":[{\"@type\":\"ListItem\",\"position\":1,\"name\":\"Portada\",\"item\":\"https:\\\/\\\/latamobility.com\\\/pt-br\\\/\"},{\"@type\":\"ListItem\",\"position\":2,\"name\":\"Yangwang U9 Xtreme bate recorde mundial de velocidade para ve\u00edculos el\u00e9tricos de produ\u00e7\u00e3o\"}]},{\"@type\":\"WebSite\",\"@id\":\"https:\\\/\\\/latamobility.com\\\/#website\",\"url\":\"https:\\\/\\\/latamobility.com\\\/\",\"name\":\"Latam Mobility\",\"description\":\"Serie de Eventos para promover la Movilidad y Transporte sostenible en Latinoam\u00e9rica\",\"publisher\":{\"@id\":\"https:\\\/\\\/latamobility.com\\\/#organization\"},\"potentialAction\":[{\"@type\":\"SearchAction\",\"target\":{\"@type\":\"EntryPoint\",\"urlTemplate\":\"https:\\\/\\\/latamobility.com\\\/?s={search_term_string}\"},\"query-input\":{\"@type\":\"PropertyValueSpecification\",\"valueRequired\":true,\"valueName\":\"search_term_string\"}}],\"inLanguage\":\"pt-BR\"},{\"@type\":\"Organization\",\"@id\":\"https:\\\/\\\/latamobility.com\\\/#organization\",\"name\":\"LATAM MOBILITY\",\"url\":\"https:\\\/\\\/latamobility.com\\\/\",\"logo\":{\"@type\":\"ImageObject\",\"inLanguage\":\"pt-BR\",\"@id\":\"https:\\\/\\\/latamobility.com\\\/#\\\/schema\\\/logo\\\/image\\\/\",\"url\":\"https:\\\/\\\/latamobility.com\\\/wp-content\\\/uploads\\\/2025\\\/01\\\/logos-LM-LG-2025-10.png\",\"contentUrl\":\"https:\\\/\\\/latamobility.com\\\/wp-content\\\/uploads\\\/2025\\\/01\\\/logos-LM-LG-2025-10.png\",\"width\":1080,\"height\":1080,\"caption\":\"LATAM MOBILITY\"},\"image\":{\"@id\":\"https:\\\/\\\/latamobility.com\\\/#\\\/schema\\\/logo\\\/image\\\/\"},\"sameAs\":[\"https:\\\/\\\/www.facebook.com\\\/latamobility\\\/\",\"https:\\\/\\\/x.com\\\/LataMobility\",\"https:\\\/\\\/www.instagram.com\\\/latamobility\\\/\",\"https:\\\/\\\/www.linkedin.com\\\/company\\\/latamobility\\\/\",\"https:\\\/\\\/www.youtube.com\\\/channel\\\/UCtcslRCRY0vITWaOQ1X0XUA\"]},{\"@type\":\"Person\",\"@id\":\"https:\\\/\\\/latamobility.com\\\/#\\\/schema\\\/person\\\/fda092a2de1f87d347784282908bad1a\",\"name\":\"Antonio Vilela\",\"image\":{\"@type\":\"ImageObject\",\"inLanguage\":\"pt-BR\",\"@id\":\"https:\\\/\\\/secure.gravatar.com\\\/avatar\\\/7eee8196fd2fda180806d7b41cd517f274d5ad3b9f65d873feb3ca7e2b3a72d2?s=96&d=mm&r=g\",\"url\":\"https:\\\/\\\/secure.gravatar.com\\\/avatar\\\/7eee8196fd2fda180806d7b41cd517f274d5ad3b9f65d873feb3ca7e2b3a72d2?s=96&d=mm&r=g\",\"contentUrl\":\"https:\\\/\\\/secure.gravatar.com\\\/avatar\\\/7eee8196fd2fda180806d7b41cd517f274d5ad3b9f65d873feb3ca7e2b3a72d2?s=96&d=mm&r=g\",\"caption\":\"Antonio Vilela\"}}]}<\/script>\n<!-- \/ Yoast SEO Premium plugin. -->","yoast_head_json":{"title":"Yangwang U9 Xtreme bate recorde mundial de velocidade para ve\u00edculos el\u00e9tricos de produ\u00e7\u00e3o - Latam Mobility","description":"Yangwang da BYD estabeleceu um novo marco na hist\u00f3ria da eletromobilidade ao atingir 496,22 km\/h na pista de testes ATP de Papenburg","robots":{"index":"index","follow":"follow","max-snippet":"max-snippet:-1","max-image-preview":"max-image-preview:large","max-video-preview":"max-video-preview:-1"},"canonical":"https:\/\/latamobility.com\/yangwang-u9-xtreme-record-mundial-de-velocidad-vehiculo-electrico\/","og_locale":"pt_BR","og_type":"article","og_title":"Yangwang U9 Xtreme bate recorde mundial de velocidade para ve\u00edculos el\u00e9tricos de produ\u00e7\u00e3o","og_description":"Yangwang da BYD estabeleceu um novo marco na hist\u00f3ria da eletromobilidade ao atingir 496,22 km\/h na pista de testes ATP de Papenburg","og_url":"https:\/\/latamobility.com\/yangwang-u9-xtreme-record-mundial-de-velocidad-vehiculo-electrico\/","og_site_name":"Latam Mobility","article_publisher":"https:\/\/www.facebook.com\/latamobility\/","article_published_time":"2025-09-29T10:00:00+00:00","og_image":[{"width":1920,"height":1080,"url":"https:\/\/latamobility.com\/wp-content\/uploads\/2025\/09\/Yangwang-230925-b.jpg","type":"image\/jpeg"}],"author":"Antonio Vilela","twitter_card":"summary_large_image","twitter_description":"Yangwang da BYD estabeleceu um novo marco na hist\u00f3ria da eletromobilidade ao atingir 496,22 km\/h na pista de testes ATP de Papenburg","twitter_creator":"@LataMobility","twitter_site":"@LataMobility","twitter_misc":{"Escrito por":"Antonio Vilela","Est. tempo de leitura":"4 minutos"},"schema":{"@context":"https:\/\/schema.org","@graph":[{"@type":"NewsArticle","@id":"https:\/\/latamobility.com\/yangwang-u9-xtreme-record-mundial-de-velocidad-vehiculo-electrico\/#article","isPartOf":{"@id":"https:\/\/latamobility.com\/yangwang-u9-xtreme-record-mundial-de-velocidad-vehiculo-electrico\/"},"author":{"name":"Antonio Vilela","@id":"https:\/\/latamobility.com\/#\/schema\/person\/fda092a2de1f87d347784282908bad1a"},"headline":"Yangwang U9 Xtreme bate recorde mundial de velocidade para ve\u00edculos el\u00e9tricos de produ\u00e7\u00e3o","datePublished":"2025-09-29T10:00:00+00:00","mainEntityOfPage":{"@id":"https:\/\/latamobility.com\/yangwang-u9-xtreme-record-mundial-de-velocidad-vehiculo-electrico\/"},"wordCount":908,"commentCount":0,"publisher":{"@id":"https:\/\/latamobility.com\/#organization"},"image":{"@id":"https:\/\/latamobility.com\/yangwang-u9-xtreme-record-mundial-de-velocidad-vehiculo-electrico\/#primaryimage"},"thumbnailUrl":"https:\/\/latamobility.com\/wp-content\/uploads\/2025\/09\/Yangwang-230925-b.jpg","keywords":["BYD","Movilidad el\u00e9ctrica","Yangwang"],"articleSection":["Movilidad el\u00e9ctrica"],"inLanguage":"pt-BR","potentialAction":[{"@type":"CommentAction","name":"Comment","target":["https:\/\/latamobility.com\/yangwang-u9-xtreme-record-mundial-de-velocidad-vehiculo-electrico\/#respond"]}]},{"@type":"WebPage","@id":"https:\/\/latamobility.com\/yangwang-u9-xtreme-record-mundial-de-velocidad-vehiculo-electrico\/","url":"https:\/\/latamobility.com\/yangwang-u9-xtreme-record-mundial-de-velocidad-vehiculo-electrico\/","name":"Yangwang U9 Xtreme bate recorde mundial de velocidade para ve\u00edculos el\u00e9tricos de produ\u00e7\u00e3o - Latam Mobility","isPartOf":{"@id":"https:\/\/latamobility.com\/#website"},"primaryImageOfPage":{"@id":"https:\/\/latamobility.com\/yangwang-u9-xtreme-record-mundial-de-velocidad-vehiculo-electrico\/#primaryimage"},"image":{"@id":"https:\/\/latamobility.com\/yangwang-u9-xtreme-record-mundial-de-velocidad-vehiculo-electrico\/#primaryimage"},"thumbnailUrl":"https:\/\/latamobility.com\/wp-content\/uploads\/2025\/09\/Yangwang-230925-b.jpg","datePublished":"2025-09-29T10:00:00+00:00","description":"Yangwang da BYD estabeleceu um novo marco na hist\u00f3ria da eletromobilidade ao atingir 496,22 km\/h na pista de testes ATP de Papenburg","breadcrumb":{"@id":"https:\/\/latamobility.com\/yangwang-u9-xtreme-record-mundial-de-velocidad-vehiculo-electrico\/#breadcrumb"},"inLanguage":"pt-BR","potentialAction":[{"@type":"ReadAction","target":["https:\/\/latamobility.com\/yangwang-u9-xtreme-record-mundial-de-velocidad-vehiculo-electrico\/"]}]},{"@type":"ImageObject","inLanguage":"pt-BR","@id":"https:\/\/latamobility.com\/yangwang-u9-xtreme-record-mundial-de-velocidad-vehiculo-electrico\/#primaryimage","url":"https:\/\/latamobility.com\/wp-content\/uploads\/2025\/09\/Yangwang-230925-b.jpg","contentUrl":"https:\/\/latamobility.com\/wp-content\/uploads\/2025\/09\/Yangwang-230925-b.jpg","width":1920,"height":1080,"caption":"Yangwang"},{"@type":"BreadcrumbList","@id":"https:\/\/latamobility.com\/yangwang-u9-xtreme-record-mundial-de-velocidad-vehiculo-electrico\/#breadcrumb","itemListElement":[{"@type":"ListItem","position":1,"name":"Portada","item":"https:\/\/latamobility.com\/pt-br\/"},{"@type":"ListItem","position":2,"name":"Yangwang U9 Xtreme bate recorde mundial de velocidade para ve\u00edculos el\u00e9tricos de produ\u00e7\u00e3o"}]},{"@type":"WebSite","@id":"https:\/\/latamobility.com\/#website","url":"https:\/\/latamobility.com\/","name":"Latam Mobility","description":"Serie de Eventos para promover la Movilidad y Transporte sostenible en Latinoam\u00e9rica","publisher":{"@id":"https:\/\/latamobility.com\/#organization"},"potentialAction":[{"@type":"SearchAction","target":{"@type":"EntryPoint","urlTemplate":"https:\/\/latamobility.com\/?s={search_term_string}"},"query-input":{"@type":"PropertyValueSpecification","valueRequired":true,"valueName":"search_term_string"}}],"inLanguage":"pt-BR"},{"@type":"Organization","@id":"https:\/\/latamobility.com\/#organization","name":"LATAM MOBILITY","url":"https:\/\/latamobility.com\/","logo":{"@type":"ImageObject","inLanguage":"pt-BR","@id":"https:\/\/latamobility.com\/#\/schema\/logo\/image\/","url":"https:\/\/latamobility.com\/wp-content\/uploads\/2025\/01\/logos-LM-LG-2025-10.png","contentUrl":"https:\/\/latamobility.com\/wp-content\/uploads\/2025\/01\/logos-LM-LG-2025-10.png","width":1080,"height":1080,"caption":"LATAM MOBILITY"},"image":{"@id":"https:\/\/latamobility.com\/#\/schema\/logo\/image\/"},"sameAs":["https:\/\/www.facebook.com\/latamobility\/","https:\/\/x.com\/LataMobility","https:\/\/www.instagram.com\/latamobility\/","https:\/\/www.linkedin.com\/company\/latamobility\/","https:\/\/www.youtube.com\/channel\/UCtcslRCRY0vITWaOQ1X0XUA"]},{"@type":"Person","@id":"https:\/\/latamobility.com\/#\/schema\/person\/fda092a2de1f87d347784282908bad1a","name":"Antonio Vilela","image":{"@type":"ImageObject","inLanguage":"pt-BR","@id":"https:\/\/secure.gravatar.com\/avatar\/7eee8196fd2fda180806d7b41cd517f274d5ad3b9f65d873feb3ca7e2b3a72d2?s=96&d=mm&r=g","url":"https:\/\/secure.gravatar.com\/avatar\/7eee8196fd2fda180806d7b41cd517f274d5ad3b9f65d873feb3ca7e2b3a72d2?s=96&d=mm&r=g","contentUrl":"https:\/\/secure.gravatar.com\/avatar\/7eee8196fd2fda180806d7b41cd517f274d5ad3b9f65d873feb3ca7e2b3a72d2?s=96&d=mm&r=g","caption":"Antonio Vilela"}}]}},"_links":{"self":[{"href":"https:\/\/latamobility.com\/pt-br\/wp-json\/wp\/v2\/posts\/52163","targetHints":{"allow":["GET"]}}],"collection":[{"href":"https:\/\/latamobility.com\/pt-br\/wp-json\/wp\/v2\/posts"}],"about":[{"href":"https:\/\/latamobility.com\/pt-br\/wp-json\/wp\/v2\/types\/post"}],"author":[{"embeddable":true,"href":"https:\/\/latamobility.com\/pt-br\/wp-json\/wp\/v2\/users\/10"}],"replies":[{"embeddable":true,"href":"https:\/\/latamobility.com\/pt-br\/wp-json\/wp\/v2\/comments?post=52163"}],"version-history":[{"count":3,"href":"https:\/\/latamobility.com\/pt-br\/wp-json\/wp\/v2\/posts\/52163\/revisions"}],"predecessor-version":[{"id":52167,"href":"https:\/\/latamobility.com\/pt-br\/wp-json\/wp\/v2\/posts\/52163\/revisions\/52167"}],"wp:featuredmedia":[{"embeddable":true,"href":"https:\/\/latamobility.com\/pt-br\/wp-json\/wp\/v2\/media\/52148"}],"wp:attachment":[{"href":"https:\/\/latamobility.com\/pt-br\/wp-json\/wp\/v2\/media?parent=52163"}],"wp:term":[{"taxonomy":"category","embeddable":true,"href":"https:\/\/latamobility.com\/pt-br\/wp-json\/wp\/v2\/categories?post=52163"},{"taxonomy":"post_tag","embeddable":true,"href":"https:\/\/latamobility.com\/pt-br\/wp-json\/wp\/v2\/tags?post=52163"}],"curies":[{"name":"wp","href":"https:\/\/api.w.org\/{rel}","templated":true}]}}