{"id":52235,"date":"2025-10-02T05:05:00","date_gmt":"2025-10-02T10:05:00","guid":{"rendered":"https:\/\/latamobility.com\/?p=52235"},"modified":"2025-09-29T11:56:08","modified_gmt":"2025-09-29T16:56:08","slug":"geely-acelera-sua-expansao-na-america-latina-crescimento-recorde-e-novas-filiais-no-mexico-e-no-brasil","status":"publish","type":"post","link":"https:\/\/latamobility.com\/pt-br\/geely-acelera-sua-expansao-na-america-latina-crescimento-recorde-e-novas-filiais-no-mexico-e-no-brasil\/","title":{"rendered":"Geely acelera sua expans\u00e3o na Am\u00e9rica Latina: crescimento recorde e novas filiais no M\u00e9xico e no Brasil"},"content":{"rendered":"\n<p>A <strong><a href=\"https:\/\/global.geely.com\/\">Geely Auto<\/a><\/strong> consolida sua posi\u00e7\u00e3o internacional com uma ofensiva estrat\u00e9gica na Am\u00e9rica Latina que combina expans\u00e3o territorial, alian\u00e7as comerciais e um crescimento sem precedentes no segmento de ve\u00edculos el\u00e9tricos.<\/p>\n\n\n\n<p>No primeiro semestre de 2025, a empresa registrou vendas globais de <strong>1,409 milh\u00e3o de unidades<\/strong>, o que representa um <strong>aumento anual de 47%<\/strong>.<\/p>\n\n\n\n<p>Este impulso \u00e9 impulsionado pelo desempenho de seus ve\u00edculos de energia nova (NEV), que atingiram <strong>725.000 unidades vendidas<\/strong> (+126%), e por um <strong>salto exponencial de 307%<\/strong> nas exporta\u00e7\u00f5es de modelos el\u00e9tricos.<\/p>\n\n\n\n<p><strong>Voc\u00ea tamb\u00e9m pode se interessar por<\/strong> | <strong><a href=\"https:\/\/latamobility.com\/pt-br\/inovacao-gestao-de-frotas-tecnologia-e-sustentabilidade-os-pilares-do-latam-mobility-mexico-2025-se-reunem-em-outubro\/\">Inova\u00e7\u00e3o, gest\u00e3o de frotas, tecnologia e sustentabilidade: os pilares da \u201cLatam Mobility M\u00e9xico 2025\u201d se re\u00fanem em outubro<\/a><\/strong><\/p>\n\n\n\n<h2 class=\"wp-block-heading\" id=\"h-mexico-se-junta-a-expansao-regional\">M\u00e9xico se junta \u00e0 expans\u00e3o regional<\/h2>\n\n\n\n<p>A <strong>Geely <\/strong>confirmou sua entrada oficial no mercado mexicano com o pr\u00f3ximo lan\u00e7amento do SUV el\u00e9trico <strong>EX5<\/strong>, modelo emblem\u00e1tico da fam\u00edlia <strong>Galaxy<\/strong>.<\/p>\n\n\n\n<p>Este ve\u00edculo, que j\u00e1 foi premiado com cinco estrelas nos testes <strong>Euro NCAP<\/strong>, vir\u00e1 equipado com bateria <em>Short Blade<\/em> de nova gera\u00e7\u00e3o, <strong>autonomia estimada de 470 km<\/strong> por carga e dire\u00e7\u00e3o semiaut\u00f4noma de n\u00edvel 2.<\/p>\n\n\n\n<figure class=\"wp-block-image size-large\"><img fetchpriority=\"high\" decoding=\"async\" width=\"1024\" height=\"611\" src=\"https:\/\/latamobility.com\/wp-content\/uploads\/2025\/09\/Geely-290925-c-1024x611.webp\" alt=\"Geely\" class=\"wp-image-52225\" srcset=\"https:\/\/latamobility.com\/wp-content\/uploads\/2025\/09\/Geely-290925-c-1024x611.webp 1024w, https:\/\/latamobility.com\/wp-content\/uploads\/2025\/09\/Geely-290925-c-300x179.webp 300w, https:\/\/latamobility.com\/wp-content\/uploads\/2025\/09\/Geely-290925-c-768x458.webp 768w, https:\/\/latamobility.com\/wp-content\/uploads\/2025\/09\/Geely-290925-c.webp 1207w\" sizes=\"(max-width: 1024px) 100vw, 1024px\" \/><\/figure>\n\n\n\n<p>A expans\u00e3o mexicana faz parte das oito novas filiais internacionais que a <strong>Geely <\/strong>inaugurou em 2025, em linha com sua estrat\u00e9gia de coordena\u00e7\u00e3o regional e penetra\u00e7\u00e3o em mercados emergentes.<\/p>\n\n\n\n<p>O <strong>EX5 <\/strong>posiciona-se como uma alternativa de alta gama no segmento SUV compacto, com design aerodin\u00e2mico, conjunto de assist\u00eancias avan\u00e7adas, compatibilidade com<em> Apple CarPlay<\/em> sem fios, ecr\u00e3 central de 15,4 polegadas e sistema de \u00e1udio premium.<\/p>\n\n\n\n<figure class=\"wp-block-image size-large\"><img decoding=\"async\" width=\"1024\" height=\"554\" src=\"https:\/\/latamobility.com\/wp-content\/uploads\/2025\/09\/Geely-290925-b-1024x554.jpg\" alt=\"Geely\" class=\"wp-image-52222\" srcset=\"https:\/\/latamobility.com\/wp-content\/uploads\/2025\/09\/Geely-290925-b-1024x554.jpg 1024w, https:\/\/latamobility.com\/wp-content\/uploads\/2025\/09\/Geely-290925-b-300x162.jpg 300w, https:\/\/latamobility.com\/wp-content\/uploads\/2025\/09\/Geely-290925-b-768x415.jpg 768w, https:\/\/latamobility.com\/wp-content\/uploads\/2025\/09\/Geely-290925-b-1536x830.jpg 1536w, https:\/\/latamobility.com\/wp-content\/uploads\/2025\/09\/Geely-290925-b.jpg 1796w\" sizes=\"(max-width: 1024px) 100vw, 1024px\" \/><\/figure>\n\n\n\n<p>Embora ainda n\u00e3o tenham sido revelados pre\u00e7os oficiais nem a data exata de lan\u00e7amento, a marca confirmou que o M\u00e9xico ser\u00e1 um dos primeiros pa\u00edses latino-americanos a receber este modelo, juntamente com o Brasil.<\/p>\n\n\n\n<h2 class=\"wp-block-heading\" id=\"h-brasil-alianca-com-a-renault-e-implantacao-em-23-cidades\">Brasil: alian\u00e7a com a Renault e implanta\u00e7\u00e3o em 23 cidades<\/h2>\n\n\n\n<p>No <strong>Brasil<\/strong>, a <strong>Geely iniciou suas opera\u00e7\u00f5es formais em julho de 2025<\/strong> com o lan\u00e7amento do <strong>EX5 <\/strong>como parte de uma alian\u00e7a estrat\u00e9gica com o <strong>Grupo Renault<\/strong>.<\/p>\n\n\n\n<p>A primeira concession\u00e1ria,<strong> Globo Geely<\/strong>, foi inaugurada em<strong> S\u00e3o Jos\u00e9 dos Pinhais, Paran\u00e1<\/strong>, e a rede deve chegar a 23 unidades em sua primeira fase.<\/p>\n\n\n\n<p>A estrat\u00e9gia brasileira inclui exposi\u00e7\u00f5es do <strong>EX5 <\/strong>em 22 shopping centers, uma campanha de pr\u00e9-venda com condi\u00e7\u00f5es exclusivas para as primeiras 300 unidades e cobertura nacional de p\u00f3s-venda e pe\u00e7as de reposi\u00e7\u00e3o.<\/p>\n\n\n\n<figure class=\"wp-block-image size-large\"><img decoding=\"async\" width=\"1024\" height=\"681\" src=\"https:\/\/latamobility.com\/wp-content\/uploads\/2025\/09\/Geely-290925-d-1024x681.jpg\" alt=\"Geely\" class=\"wp-image-52228\" srcset=\"https:\/\/latamobility.com\/wp-content\/uploads\/2025\/09\/Geely-290925-d-1024x681.jpg 1024w, https:\/\/latamobility.com\/wp-content\/uploads\/2025\/09\/Geely-290925-d-300x200.jpg 300w, https:\/\/latamobility.com\/wp-content\/uploads\/2025\/09\/Geely-290925-d-768x511.jpg 768w, https:\/\/latamobility.com\/wp-content\/uploads\/2025\/09\/Geely-290925-d.jpg 1469w\" sizes=\"(max-width: 1024px) 100vw, 1024px\" \/><\/figure>\n\n\n\n<p>O modelo foi adaptado para atender \u00e0s regulamenta\u00e7\u00f5es de <strong>mais de 90 pa\u00edses<\/strong>, e seu design foi desenvolvido nos centros globais da Geely localizados em <strong>Gotemburgo, Xangai, Coventry e Mil\u00e3o<\/strong>.<\/p>\n\n\n\n<h2 class=\"wp-block-heading\" id=\"h-crescimento-global-e-lideranca-em-eletrificacao\">Crescimento global e lideran\u00e7a em eletrifica\u00e7\u00e3o<\/h2>\n\n\n\n<p>O desempenho comercial da <strong>Geely <\/strong>em 2025 reflete uma acelera\u00e7\u00e3o sustentada em sua transi\u00e7\u00e3o para a eletrifica\u00e7\u00e3o.<\/p>\n\n\n\n<p>Com presen\u00e7a em quase <strong>90 mercados<\/strong> e uma rede de <strong>mais de 1.000 concession\u00e1rias<\/strong>, o grupo investiu mais de <strong>US$ 28 bilh\u00f5es<\/strong> em pesquisa e desenvolvimento, gerando cerca de <strong>30.000 inova\u00e7\u00f5es tecnol\u00f3gicas<\/strong>.<\/p>\n\n\n\n<p>As marcas do grupo, incluindo <strong>Volvo, Polestar, Lotus e PROTON<\/strong>, venderam mais de <strong>2,17 milh\u00f5es de unidades em 2024<\/strong>, e as exporta\u00e7\u00f5es ultrapassaram <strong>403.000 ve\u00edculos<\/strong>.<\/p>\n\n\n\n<p>A expans\u00e3o na Am\u00e9rica Latina, liderada pelo <strong>M\u00e9xico <\/strong>e pelo <strong>Brasil<\/strong>, se enquadra nessa vis\u00e3o global de eletrifica\u00e7\u00e3o inclusiva, com produtos de alto valor tecnol\u00f3gico adaptados \u00e0s necessidades locais.<\/p>\n\n\n\n<p>A <strong>Geely <\/strong>aposta em consolidar sua presen\u00e7a na regi\u00e3o com modelos como o <strong>EX5<\/strong>, que combinam efici\u00eancia energ\u00e9tica, design inteligente e conectividade avan\u00e7ada.<\/p>\n\n\n\n<h2 class=\"wp-block-heading\" id=\"h-rumo-ao-latam-mobility-mexico-2025\">Rumo ao \u201cLatam Mobility M\u00e9xico 2025\u201d<\/h2>\n\n\n\n<p>A <strong>Geely Auto<\/strong> far\u00e1 parte do \u201c<strong><a href=\"https:\/\/live.eventtia.com\/es\/latammobilitymexico2025\">Latam Mobility M\u00e9xico 2025<\/a><\/strong>\u201d, o encontro mais importante de mobilidade sustent\u00e1vel da regi\u00e3o, que ser\u00e1 realizado nos <strong>dias 13 e 14 de outubro<\/strong> no World Trade Center da Cidade do M\u00e9xico.<\/p>\n\n\n\n<p>A c\u00fapula reunir\u00e1 os principais atores da ind\u00fastria, desde <strong>fabricantes de ve\u00edculos e empresas de tecnologia at\u00e9 autoridades governamentais e especialistas<\/strong>, todos unidos por um objetivo comum: acelerar a transi\u00e7\u00e3o para sistemas de transporte mais limpos, inteligentes e eficientes.<\/p>\n\n\n\n<p>Como parte central da agenda, destaca-se o \u201c<strong>Fleet Management &amp; Charging Matchmaking Hub<\/strong>\u201d, o novo eixo de inova\u00e7\u00e3o e parcerias para frotas.<\/p>\n\n\n\n<figure class=\"wp-block-gallery has-nested-images columns-default is-cropped wp-block-gallery-1 is-layout-flex wp-block-gallery-is-layout-flex\">\n<figure class=\"wp-block-image size-large\"><img loading=\"lazy\" decoding=\"async\" width=\"819\" height=\"1024\" data-id=\"51761\" src=\"https:\/\/latamobility.com\/wp-content\/uploads\/2025\/09\/Fleet-Management-Charging-Matchmaking-Hub_post-1-819x1024.jpg\" alt=\"Latam Mobility M\u00e9xico 2025\" class=\"wp-image-51761\" srcset=\"https:\/\/latamobility.com\/wp-content\/uploads\/2025\/09\/Fleet-Management-Charging-Matchmaking-Hub_post-1-819x1024.jpg 819w, https:\/\/latamobility.com\/wp-content\/uploads\/2025\/09\/Fleet-Management-Charging-Matchmaking-Hub_post-1-240x300.jpg 240w, https:\/\/latamobility.com\/wp-content\/uploads\/2025\/09\/Fleet-Management-Charging-Matchmaking-Hub_post-1-768x960.jpg 768w, https:\/\/latamobility.com\/wp-content\/uploads\/2025\/09\/Fleet-Management-Charging-Matchmaking-Hub_post-1.jpg 1080w\" sizes=\"(max-width: 819px) 100vw, 819px\" \/><\/figure>\n\n\n\n<figure class=\"wp-block-image size-large\"><img loading=\"lazy\" decoding=\"async\" width=\"819\" height=\"1024\" data-id=\"51809\" src=\"https:\/\/latamobility.com\/wp-content\/uploads\/2025\/09\/1756907737437-819x1024.jpeg\" alt=\"Latam Mobility M\u00e9xico 2025\" class=\"wp-image-51809\" srcset=\"https:\/\/latamobility.com\/wp-content\/uploads\/2025\/09\/1756907737437-819x1024.jpeg 819w, https:\/\/latamobility.com\/wp-content\/uploads\/2025\/09\/1756907737437-240x300.jpeg 240w, https:\/\/latamobility.com\/wp-content\/uploads\/2025\/09\/1756907737437-768x960.jpeg 768w, https:\/\/latamobility.com\/wp-content\/uploads\/2025\/09\/1756907737437.jpeg 1080w\" sizes=\"(max-width: 819px) 100vw, 819px\" \/><\/figure>\n<\/figure>\n\n\n\n<p>Este espa\u00e7o ser\u00e1 dedicado exclusivamente a conectar os <strong>l\u00edderes de frotas de transporte com os principais fornecedores de solu\u00e7\u00f5es de telem\u00e1tica, gest\u00e3o de carga, infraestrutura e ve\u00edculos el\u00e9tricos<\/strong>, facilitando as alian\u00e7as estrat\u00e9gicas necess\u00e1rias para acelerar a transi\u00e7\u00e3o.<\/p>\n\n\n\n<p>A oportunidade de construir as frotas do futuro \u00e9 agora, e a \u201c<strong><a href=\"https:\/\/live.eventtia.com\/es\/latammobilityconosur2025\">Latam Mobility M\u00e9xico 2025<\/a><\/strong>\u201d marcar\u00e1 um passo essencial para os l\u00edderes que buscam otimizar suas opera\u00e7\u00f5es, reduzir custos e liderar a transi\u00e7\u00e3o para um transporte eficiente e sustent\u00e1vel.<\/p>\n\n\n\n<p>\ud83d\udd39Para obter mais informa\u00e7\u00f5es sobre como participar e as op\u00e7\u00f5es de posicionamento, escreva para <a href=\"mailto:info@investinlatam.org\"><strong>info@investinlatam.org<\/strong><\/a>.<\/p>\n\n\n\n<p>\ud83d\udd39O contato via <strong><a href=\"https:\/\/lnkd.in\/eQzTYdNG\">WhatsApp<\/a><\/strong> est\u00e1 dispon\u00edvel; voc\u00ea pode adquirir seus ingressos clicando aqui e se inscrever no \u201c<strong>Fleet Management &amp; Charging Matchmaking Hub<\/strong>\u201d <strong><a href=\"https:\/\/tinyurl.com\/ybfrdjfx\">aqui<\/a><\/strong>.<\/p>\n\n\n\n<figure class=\"wp-block-image size-large\"><img loading=\"lazy\" decoding=\"async\" width=\"1024\" height=\"576\" src=\"https:\/\/latamobility.com\/wp-content\/uploads\/2025\/09\/Banner-Latam-Mobility-Mexico-2025_logos-twitter-5-1024x576.jpg\" alt=\"Latam Mobility Mexico 2025\" class=\"wp-image-52216\" srcset=\"https:\/\/latamobility.com\/wp-content\/uploads\/2025\/09\/Banner-Latam-Mobility-Mexico-2025_logos-twitter-5-1024x576.jpg 1024w, https:\/\/latamobility.com\/wp-content\/uploads\/2025\/09\/Banner-Latam-Mobility-Mexico-2025_logos-twitter-5-300x169.jpg 300w, https:\/\/latamobility.com\/wp-content\/uploads\/2025\/09\/Banner-Latam-Mobility-Mexico-2025_logos-twitter-5-768x432.jpg 768w, https:\/\/latamobility.com\/wp-content\/uploads\/2025\/09\/Banner-Latam-Mobility-Mexico-2025_logos-twitter-5-1536x864.jpg 1536w, https:\/\/latamobility.com\/wp-content\/uploads\/2025\/09\/Banner-Latam-Mobility-Mexico-2025_logos-twitter-5-2048x1153.jpg 2048w\" sizes=\"(max-width: 1024px) 100vw, 1024px\" \/><\/figure>\n","protected":false},"excerpt":{"rendered":"<p>A Geely Auto consolida sua posi\u00e7\u00e3o internacional com uma ofensiva estrat\u00e9gica na Am\u00e9rica Latina que combina expans\u00e3o territorial, alian\u00e7as comerciais e um crescimento sem precedentes no segmento de ve\u00edculos el\u00e9tricos. No primeiro semestre de 2025, a empresa registrou vendas globais de 1,409 milh\u00e3o de unidades, o que representa um aumento anual de 47%. Este impulso&#8230;<\/p>\n","protected":false},"author":10,"featured_media":52219,"comment_status":"open","ping_status":"closed","sticky":false,"template":"","format":"standard","meta":{"_kad_post_transparent":"","_kad_post_title":"","_kad_post_layout":"","_kad_post_sidebar_id":"","_kad_post_content_style":"","_kad_post_vertical_padding":"","_kad_post_feature":"","_kad_post_feature_position":"","_kad_post_header":false,"_kad_post_footer":false,"_kad_post_classname":"","footnotes":""},"categories":[2356],"tags":[2347,2360,3375,3356,2359],"class_list":["post-52235","post","type-post","status-publish","format-standard","has-post-thumbnail","hentry","category-movilidad-electrica-pt-br","tag-brasil-3","tag-brasil-pt-br","tag-geely-3","tag-mexico-pt-br","tag-movilidad-electrica-pt-br"],"yoast_head":"<!-- This site is optimized with the Yoast SEO Premium plugin v22.7 (Yoast SEO v27.1.1) - https:\/\/yoast.com\/product\/yoast-seo-premium-wordpress\/ -->\n<title>Geely acelera sua expans\u00e3o na Am\u00e9rica Latina: crescimento recorde e novas filiais no M\u00e9xico e no Brasil - Latam Mobility<\/title>\n<meta name=\"description\" content=\"A Geely Auto consolida sua posi\u00e7\u00e3o internacional com uma ofensiva que combina expans\u00e3o, alian\u00e7as e crescimento sem precedentes\" \/>\n<meta name=\"robots\" content=\"index, follow, max-snippet:-1, max-image-preview:large, max-video-preview:-1\" \/>\n<link rel=\"canonical\" href=\"https:\/\/latamobility.com\/?p=52210\" \/>\n<meta property=\"og:locale\" content=\"pt_BR\" \/>\n<meta property=\"og:type\" content=\"article\" \/>\n<meta property=\"og:title\" content=\"Geely acelera sua expans\u00e3o na Am\u00e9rica Latina: crescimento recorde e novas filiais no M\u00e9xico e no Brasil\" \/>\n<meta property=\"og:description\" content=\"A Geely Auto consolida sua posi\u00e7\u00e3o internacional com uma ofensiva que combina expans\u00e3o, alian\u00e7as e crescimento sem precedentes\" \/>\n<meta property=\"og:url\" content=\"https:\/\/latamobility.com\/?p=52210\" \/>\n<meta property=\"og:site_name\" content=\"Latam Mobility\" \/>\n<meta property=\"article:publisher\" content=\"https:\/\/www.facebook.com\/latamobility\/\" \/>\n<meta property=\"article:published_time\" content=\"2025-10-02T10:05:00+00:00\" \/>\n<meta property=\"og:image\" content=\"https:\/\/latamobility.com\/wp-content\/uploads\/2025\/09\/Geely-290925-a.jpg\" \/>\n\t<meta property=\"og:image:width\" content=\"1200\" \/>\n\t<meta property=\"og:image:height\" content=\"900\" \/>\n\t<meta property=\"og:image:type\" content=\"image\/jpeg\" \/>\n<meta name=\"author\" content=\"Antonio Vilela\" \/>\n<meta name=\"twitter:card\" content=\"summary_large_image\" \/>\n<meta name=\"twitter:description\" content=\"A Geely Auto consolida sua posi\u00e7\u00e3o internacional com uma ofensiva que combina expans\u00e3o, alian\u00e7as e crescimento sem precedentes\" \/>\n<meta name=\"twitter:creator\" content=\"@LataMobility\" \/>\n<meta name=\"twitter:site\" content=\"@LataMobility\" \/>\n<meta name=\"twitter:label1\" content=\"Escrito por\" \/>\n\t<meta name=\"twitter:data1\" content=\"Antonio Vilela\" \/>\n\t<meta name=\"twitter:label2\" content=\"Est. tempo de leitura\" \/>\n\t<meta name=\"twitter:data2\" content=\"4 minutos\" \/>\n<script type=\"application\/ld+json\" class=\"yoast-schema-graph\">{\"@context\":\"https:\/\/schema.org\",\"@graph\":[{\"@type\":\"NewsArticle\",\"@id\":\"https:\/\/latamobility.com\/?p=52210#article\",\"isPartOf\":{\"@id\":\"https:\/\/latamobility.com\/?p=52210\"},\"author\":{\"name\":\"Antonio Vilela\",\"@id\":\"https:\/\/latamobility.com\/#\/schema\/person\/fda092a2de1f87d347784282908bad1a\"},\"headline\":\"Geely acelera sua expans\u00e3o na Am\u00e9rica Latina: crescimento recorde e novas filiais no M\u00e9xico e no Brasil\",\"datePublished\":\"2025-10-02T10:05:00+00:00\",\"mainEntityOfPage\":{\"@id\":\"https:\/\/latamobility.com\/?p=52210\"},\"wordCount\":846,\"commentCount\":0,\"publisher\":{\"@id\":\"https:\/\/latamobility.com\/#organization\"},\"image\":{\"@id\":\"https:\/\/latamobility.com\/?p=52210#primaryimage\"},\"thumbnailUrl\":\"https:\/\/latamobility.com\/wp-content\/uploads\/2025\/09\/Geely-290925-a.jpg\",\"keywords\":[\"Brasil\",\"Brasil\",\"Geely\",\"M\u00e9xico\",\"Movilidad el\u00e9ctrica\"],\"articleSection\":[\"Movilidad el\u00e9ctrica\"],\"inLanguage\":\"pt-BR\",\"potentialAction\":[{\"@type\":\"CommentAction\",\"name\":\"Comment\",\"target\":[\"https:\/\/latamobility.com\/?p=52210#respond\"]}]},{\"@type\":\"WebPage\",\"@id\":\"https:\/\/latamobility.com\/?p=52210\",\"url\":\"https:\/\/latamobility.com\/?p=52210\",\"name\":\"Geely acelera sua expans\u00e3o na Am\u00e9rica Latina: crescimento recorde e novas filiais no M\u00e9xico e no Brasil - Latam Mobility\",\"isPartOf\":{\"@id\":\"https:\/\/latamobility.com\/#website\"},\"primaryImageOfPage\":{\"@id\":\"https:\/\/latamobility.com\/?p=52210#primaryimage\"},\"image\":{\"@id\":\"https:\/\/latamobility.com\/?p=52210#primaryimage\"},\"thumbnailUrl\":\"https:\/\/latamobility.com\/wp-content\/uploads\/2025\/09\/Geely-290925-a.jpg\",\"datePublished\":\"2025-10-02T10:05:00+00:00\",\"description\":\"A Geely Auto consolida sua posi\u00e7\u00e3o internacional com uma ofensiva que combina expans\u00e3o, alian\u00e7as e crescimento sem precedentes\",\"breadcrumb\":{\"@id\":\"https:\/\/latamobility.com\/?p=52210#breadcrumb\"},\"inLanguage\":\"pt-BR\",\"potentialAction\":[{\"@type\":\"ReadAction\",\"target\":[\"https:\/\/latamobility.com\/?p=52210\"]}]},{\"@type\":\"ImageObject\",\"inLanguage\":\"pt-BR\",\"@id\":\"https:\/\/latamobility.com\/?p=52210#primaryimage\",\"url\":\"https:\/\/latamobility.com\/wp-content\/uploads\/2025\/09\/Geely-290925-a.jpg\",\"contentUrl\":\"https:\/\/latamobility.com\/wp-content\/uploads\/2025\/09\/Geely-290925-a.jpg\",\"width\":1200,\"height\":900,\"caption\":\"Geely\"},{\"@type\":\"BreadcrumbList\",\"@id\":\"https:\/\/latamobility.com\/?p=52210#breadcrumb\",\"itemListElement\":[{\"@type\":\"ListItem\",\"position\":1,\"name\":\"Portada\",\"item\":\"https:\/\/latamobility.com\/pt-br\/\"},{\"@type\":\"ListItem\",\"position\":2,\"name\":\"Geely acelera sua expans\u00e3o na Am\u00e9rica Latina: crescimento recorde e novas filiais no M\u00e9xico e no Brasil\"}]},{\"@type\":\"WebSite\",\"@id\":\"https:\/\/latamobility.com\/#website\",\"url\":\"https:\/\/latamobility.com\/\",\"name\":\"Latam Mobility\",\"description\":\"Serie de Eventos para promover la Movilidad y Transporte sostenible en Latinoam\u00e9rica\",\"publisher\":{\"@id\":\"https:\/\/latamobility.com\/#organization\"},\"potentialAction\":[{\"@type\":\"SearchAction\",\"target\":{\"@type\":\"EntryPoint\",\"urlTemplate\":\"https:\/\/latamobility.com\/?s={search_term_string}\"},\"query-input\":{\"@type\":\"PropertyValueSpecification\",\"valueRequired\":true,\"valueName\":\"search_term_string\"}}],\"inLanguage\":\"pt-BR\"},{\"@type\":\"Organization\",\"@id\":\"https:\/\/latamobility.com\/#organization\",\"name\":\"LATAM MOBILITY\",\"url\":\"https:\/\/latamobility.com\/\",\"logo\":{\"@type\":\"ImageObject\",\"inLanguage\":\"pt-BR\",\"@id\":\"https:\/\/latamobility.com\/#\/schema\/logo\/image\/\",\"url\":\"https:\/\/latamobility.com\/wp-content\/uploads\/2025\/01\/logos-LM-LG-2025-10.png\",\"contentUrl\":\"https:\/\/latamobility.com\/wp-content\/uploads\/2025\/01\/logos-LM-LG-2025-10.png\",\"width\":1080,\"height\":1080,\"caption\":\"LATAM MOBILITY\"},\"image\":{\"@id\":\"https:\/\/latamobility.com\/#\/schema\/logo\/image\/\"},\"sameAs\":[\"https:\/\/www.facebook.com\/latamobility\/\",\"https:\/\/x.com\/LataMobility\",\"https:\/\/www.instagram.com\/latamobility\/\",\"https:\/\/www.linkedin.com\/company\/latamobility\/\",\"https:\/\/www.youtube.com\/channel\/UCtcslRCRY0vITWaOQ1X0XUA\"]},{\"@type\":\"Person\",\"@id\":\"https:\/\/latamobility.com\/#\/schema\/person\/fda092a2de1f87d347784282908bad1a\",\"name\":\"Antonio Vilela\",\"image\":{\"@type\":\"ImageObject\",\"inLanguage\":\"pt-BR\",\"@id\":\"https:\/\/latamobility.com\/#\/schema\/person\/image\/\",\"url\":\"https:\/\/secure.gravatar.com\/avatar\/7eee8196fd2fda180806d7b41cd517f274d5ad3b9f65d873feb3ca7e2b3a72d2?s=96&d=mm&r=g\",\"contentUrl\":\"https:\/\/secure.gravatar.com\/avatar\/7eee8196fd2fda180806d7b41cd517f274d5ad3b9f65d873feb3ca7e2b3a72d2?s=96&d=mm&r=g\",\"caption\":\"Antonio Vilela\"}}]}<\/script>\n<!-- \/ Yoast SEO Premium plugin. -->","yoast_head_json":{"title":"Geely acelera sua expans\u00e3o na Am\u00e9rica Latina: crescimento recorde e novas filiais no M\u00e9xico e no Brasil - Latam Mobility","description":"A Geely Auto consolida sua posi\u00e7\u00e3o internacional com uma ofensiva que combina expans\u00e3o, alian\u00e7as e crescimento sem precedentes","robots":{"index":"index","follow":"follow","max-snippet":"max-snippet:-1","max-image-preview":"max-image-preview:large","max-video-preview":"max-video-preview:-1"},"canonical":"https:\/\/latamobility.com\/?p=52210","og_locale":"pt_BR","og_type":"article","og_title":"Geely acelera sua expans\u00e3o na Am\u00e9rica Latina: crescimento recorde e novas filiais no M\u00e9xico e no Brasil","og_description":"A Geely Auto consolida sua posi\u00e7\u00e3o internacional com uma ofensiva que combina expans\u00e3o, alian\u00e7as e crescimento sem precedentes","og_url":"https:\/\/latamobility.com\/?p=52210","og_site_name":"Latam Mobility","article_publisher":"https:\/\/www.facebook.com\/latamobility\/","article_published_time":"2025-10-02T10:05:00+00:00","og_image":[{"width":1200,"height":900,"url":"https:\/\/latamobility.com\/wp-content\/uploads\/2025\/09\/Geely-290925-a.jpg","type":"image\/jpeg"}],"author":"Antonio Vilela","twitter_card":"summary_large_image","twitter_description":"A Geely Auto consolida sua posi\u00e7\u00e3o internacional com uma ofensiva que combina expans\u00e3o, alian\u00e7as e crescimento sem precedentes","twitter_creator":"@LataMobility","twitter_site":"@LataMobility","twitter_misc":{"Escrito por":"Antonio Vilela","Est. tempo de leitura":"4 minutos"},"schema":{"@context":"https:\/\/schema.org","@graph":[{"@type":"NewsArticle","@id":"https:\/\/latamobility.com\/?p=52210#article","isPartOf":{"@id":"https:\/\/latamobility.com\/?p=52210"},"author":{"name":"Antonio Vilela","@id":"https:\/\/latamobility.com\/#\/schema\/person\/fda092a2de1f87d347784282908bad1a"},"headline":"Geely acelera sua expans\u00e3o na Am\u00e9rica Latina: crescimento recorde e novas filiais no M\u00e9xico e no Brasil","datePublished":"2025-10-02T10:05:00+00:00","mainEntityOfPage":{"@id":"https:\/\/latamobility.com\/?p=52210"},"wordCount":846,"commentCount":0,"publisher":{"@id":"https:\/\/latamobility.com\/#organization"},"image":{"@id":"https:\/\/latamobility.com\/?p=52210#primaryimage"},"thumbnailUrl":"https:\/\/latamobility.com\/wp-content\/uploads\/2025\/09\/Geely-290925-a.jpg","keywords":["Brasil","Brasil","Geely","M\u00e9xico","Movilidad el\u00e9ctrica"],"articleSection":["Movilidad el\u00e9ctrica"],"inLanguage":"pt-BR","potentialAction":[{"@type":"CommentAction","name":"Comment","target":["https:\/\/latamobility.com\/?p=52210#respond"]}]},{"@type":"WebPage","@id":"https:\/\/latamobility.com\/?p=52210","url":"https:\/\/latamobility.com\/?p=52210","name":"Geely acelera sua expans\u00e3o na Am\u00e9rica Latina: crescimento recorde e novas filiais no M\u00e9xico e no Brasil - Latam Mobility","isPartOf":{"@id":"https:\/\/latamobility.com\/#website"},"primaryImageOfPage":{"@id":"https:\/\/latamobility.com\/?p=52210#primaryimage"},"image":{"@id":"https:\/\/latamobility.com\/?p=52210#primaryimage"},"thumbnailUrl":"https:\/\/latamobility.com\/wp-content\/uploads\/2025\/09\/Geely-290925-a.jpg","datePublished":"2025-10-02T10:05:00+00:00","description":"A Geely Auto consolida sua posi\u00e7\u00e3o internacional com uma ofensiva que combina expans\u00e3o, alian\u00e7as e crescimento sem precedentes","breadcrumb":{"@id":"https:\/\/latamobility.com\/?p=52210#breadcrumb"},"inLanguage":"pt-BR","potentialAction":[{"@type":"ReadAction","target":["https:\/\/latamobility.com\/?p=52210"]}]},{"@type":"ImageObject","inLanguage":"pt-BR","@id":"https:\/\/latamobility.com\/?p=52210#primaryimage","url":"https:\/\/latamobility.com\/wp-content\/uploads\/2025\/09\/Geely-290925-a.jpg","contentUrl":"https:\/\/latamobility.com\/wp-content\/uploads\/2025\/09\/Geely-290925-a.jpg","width":1200,"height":900,"caption":"Geely"},{"@type":"BreadcrumbList","@id":"https:\/\/latamobility.com\/?p=52210#breadcrumb","itemListElement":[{"@type":"ListItem","position":1,"name":"Portada","item":"https:\/\/latamobility.com\/pt-br\/"},{"@type":"ListItem","position":2,"name":"Geely acelera sua expans\u00e3o na Am\u00e9rica Latina: crescimento recorde e novas filiais no M\u00e9xico e no Brasil"}]},{"@type":"WebSite","@id":"https:\/\/latamobility.com\/#website","url":"https:\/\/latamobility.com\/","name":"Latam Mobility","description":"Serie de Eventos para promover la Movilidad y Transporte sostenible en Latinoam\u00e9rica","publisher":{"@id":"https:\/\/latamobility.com\/#organization"},"potentialAction":[{"@type":"SearchAction","target":{"@type":"EntryPoint","urlTemplate":"https:\/\/latamobility.com\/?s={search_term_string}"},"query-input":{"@type":"PropertyValueSpecification","valueRequired":true,"valueName":"search_term_string"}}],"inLanguage":"pt-BR"},{"@type":"Organization","@id":"https:\/\/latamobility.com\/#organization","name":"LATAM MOBILITY","url":"https:\/\/latamobility.com\/","logo":{"@type":"ImageObject","inLanguage":"pt-BR","@id":"https:\/\/latamobility.com\/#\/schema\/logo\/image\/","url":"https:\/\/latamobility.com\/wp-content\/uploads\/2025\/01\/logos-LM-LG-2025-10.png","contentUrl":"https:\/\/latamobility.com\/wp-content\/uploads\/2025\/01\/logos-LM-LG-2025-10.png","width":1080,"height":1080,"caption":"LATAM MOBILITY"},"image":{"@id":"https:\/\/latamobility.com\/#\/schema\/logo\/image\/"},"sameAs":["https:\/\/www.facebook.com\/latamobility\/","https:\/\/x.com\/LataMobility","https:\/\/www.instagram.com\/latamobility\/","https:\/\/www.linkedin.com\/company\/latamobility\/","https:\/\/www.youtube.com\/channel\/UCtcslRCRY0vITWaOQ1X0XUA"]},{"@type":"Person","@id":"https:\/\/latamobility.com\/#\/schema\/person\/fda092a2de1f87d347784282908bad1a","name":"Antonio Vilela","image":{"@type":"ImageObject","inLanguage":"pt-BR","@id":"https:\/\/latamobility.com\/#\/schema\/person\/image\/","url":"https:\/\/secure.gravatar.com\/avatar\/7eee8196fd2fda180806d7b41cd517f274d5ad3b9f65d873feb3ca7e2b3a72d2?s=96&d=mm&r=g","contentUrl":"https:\/\/secure.gravatar.com\/avatar\/7eee8196fd2fda180806d7b41cd517f274d5ad3b9f65d873feb3ca7e2b3a72d2?s=96&d=mm&r=g","caption":"Antonio Vilela"}}]}},"_links":{"self":[{"href":"https:\/\/latamobility.com\/pt-br\/wp-json\/wp\/v2\/posts\/52235","targetHints":{"allow":["GET"]}}],"collection":[{"href":"https:\/\/latamobility.com\/pt-br\/wp-json\/wp\/v2\/posts"}],"about":[{"href":"https:\/\/latamobility.com\/pt-br\/wp-json\/wp\/v2\/types\/post"}],"author":[{"embeddable":true,"href":"https:\/\/latamobility.com\/pt-br\/wp-json\/wp\/v2\/users\/10"}],"replies":[{"embeddable":true,"href":"https:\/\/latamobility.com\/pt-br\/wp-json\/wp\/v2\/comments?post=52235"}],"version-history":[{"count":1,"href":"https:\/\/latamobility.com\/pt-br\/wp-json\/wp\/v2\/posts\/52235\/revisions"}],"predecessor-version":[{"id":52239,"href":"https:\/\/latamobility.com\/pt-br\/wp-json\/wp\/v2\/posts\/52235\/revisions\/52239"}],"wp:featuredmedia":[{"embeddable":true,"href":"https:\/\/latamobility.com\/pt-br\/wp-json\/wp\/v2\/media\/52219"}],"wp:attachment":[{"href":"https:\/\/latamobility.com\/pt-br\/wp-json\/wp\/v2\/media?parent=52235"}],"wp:term":[{"taxonomy":"category","embeddable":true,"href":"https:\/\/latamobility.com\/pt-br\/wp-json\/wp\/v2\/categories?post=52235"},{"taxonomy":"post_tag","embeddable":true,"href":"https:\/\/latamobility.com\/pt-br\/wp-json\/wp\/v2\/tags?post=52235"}],"curies":[{"name":"wp","href":"https:\/\/api.w.org\/{rel}","templated":true}]}}