{"id":52296,"date":"2025-10-13T05:10:00","date_gmt":"2025-10-13T10:10:00","guid":{"rendered":"https:\/\/latamobility.com\/?p=52296"},"modified":"2025-10-06T15:38:30","modified_gmt":"2025-10-06T20:38:30","slug":"analise-em-tempo-real-e-gestao-de-frotas-a-aposta-da-sermex-em-cidades-conectadas","status":"publish","type":"post","link":"https:\/\/latamobility.com\/pt-br\/analise-em-tempo-real-e-gestao-de-frotas-a-aposta-da-sermex-em-cidades-conectadas\/","title":{"rendered":"An\u00e1lise em tempo real e gest\u00e3o de frotas: a aposta da Sermex em cidades conectadas"},"content":{"rendered":"\n<p>A <strong><a href=\"https:\/\/sermex.mx\/\">Sermex<\/a> <\/strong>do M\u00e9xico consolidou um portf\u00f3lio especializado em sistemas de videovigil\u00e2ncia que integram an\u00e1lise de v\u00eddeo baseada em intelig\u00eancia artificial.<\/p>\n\n\n\n<p>Essas plataformas permitem <strong>detectar padr\u00f5es de circula\u00e7\u00e3o, anomalias em tempo real e eventos de risco sem interven\u00e7\u00e3o manual<\/strong>, o que otimiza a rea\u00e7\u00e3o das for\u00e7as de seguran\u00e7a e dos operadores de infraestrutura rodovi\u00e1ria.<\/p>\n\n\n\n<p>A tecnologia da <strong>Sermex <\/strong>tamb\u00e9m permite <strong>gerar relat\u00f3rios autom\u00e1ticos sobre o n\u00famero de ve\u00edculos e zonas de alta incid\u00eancia<\/strong>, facilitando a tomada de decis\u00f5es pelas autoridades de mobilidade e planejamento urbano.<\/p>\n\n\n\n<p><strong>Voc\u00ea tamb\u00e9m pode se interessar por<\/strong> | <strong><a href=\"https:\/\/latamobility.com\/pt-br\/inovacao-gestao-de-frotas-tecnologia-e-sustentabilidade-os-pilares-do-latam-mobility-mexico-2025-se-reunem-em-outubro\/\">Inova\u00e7\u00e3o, gest\u00e3o de frotas, tecnologia e sustentabilidade: os pilares da \u201cLatam Mobility M\u00e9xico 2025\u201d se re\u00fanem em outubro<\/a><\/strong><\/p>\n\n\n\n<h2 class=\"wp-block-heading\" id=\"h-gestao-de-trafego-e-monitoramento-de-frotas\">Gest\u00e3o de tr\u00e1fego e monitoramento de frotas<\/h2>\n\n\n\n<p>Complementando sua oferta, a <strong>Sermex <\/strong>desenvolveu solu\u00e7\u00f5es de IoT para a <strong>supervis\u00e3o e controle de frotas de transporte p\u00fablico e privado<\/strong>.<\/p>\n\n\n\n<p>Por meio de sensores instalados em ve\u00edculos e pontos estrat\u00e9gicos da via, a empresa oferece <strong>um painel de controle centralizado que visualiza a posi\u00e7\u00e3o, velocidade e consumo de energia<\/strong> das unidades em tempo real.<\/p>\n\n\n\n<p>Esta ferramenta apoia a programa\u00e7\u00e3o de <strong>rotas mais eficientes, reduz tempos mortos e contribui para a redu\u00e7\u00e3o de emiss\u00f5es poluentes<\/strong>, evitando congestionamentos.<\/p>\n\n\n\n<figure class=\"wp-block-image size-full\"><img fetchpriority=\"high\" decoding=\"async\" width=\"1000\" height=\"800\" src=\"https:\/\/latamobility.com\/wp-content\/uploads\/2025\/09\/Sermex-290925-b.jpg\" alt=\"Sermex\" class=\"wp-image-52289\" srcset=\"https:\/\/latamobility.com\/wp-content\/uploads\/2025\/09\/Sermex-290925-b.jpg 1000w, https:\/\/latamobility.com\/wp-content\/uploads\/2025\/09\/Sermex-290925-b-300x240.jpg 300w, https:\/\/latamobility.com\/wp-content\/uploads\/2025\/09\/Sermex-290925-b-768x614.jpg 768w\" sizes=\"(max-width: 1000px) 100vw, 1000px\" \/><\/figure>\n\n\n\n<h2 class=\"wp-block-heading\" id=\"h-arquiteturas-convergentes\">Arquiteturas convergentes<\/h2>\n\n\n\n<p>No \u00e2mbito da infraestrutura, a <strong>Sermex <\/strong>utiliza <strong>arquiteturas convergentes que combinam controle de acesso f\u00edsico com autentica\u00e7\u00e3o digital<\/strong>.<\/p>\n\n\n\n<p>Essas solu\u00e7\u00f5es, voltadas para <strong>estacionamentos p\u00fablicos, centros de recarga de ve\u00edculos el\u00e9tricos e rodovias com ped\u00e1gio<\/strong>, garantem a interoperabilidade de dispositivos e protocolos de comunica\u00e7\u00e3o.<\/p>\n\n\n\n<p>Gra\u00e7as \u00e0 plataforma \u00fanica da <strong>Sermex<\/strong>, os operadores podem centralizar <strong>permiss\u00f5es de acesso, gerar alertas em caso de uso n\u00e3o autorizado e manter hist\u00f3ricos de atividades<\/strong> com rastreabilidade completa.<\/p>\n\n\n\n<figure class=\"wp-block-embed is-type-video is-provider-youtube wp-block-embed-youtube wp-embed-aspect-16-9 wp-has-aspect-ratio\"><div class=\"wp-block-embed__wrapper\">\n<iframe title=\"Milesight Sistema de reconocimiento de matr\u00edculas solar 4G fuera de la red para estacionamiento.\" width=\"720\" height=\"405\" src=\"https:\/\/www.youtube.com\/embed\/-xWXBw6WVMo?feature=oembed\" frameborder=\"0\" allow=\"accelerometer; autoplay; clipboard-write; encrypted-media; gyroscope; picture-in-picture; web-share\" referrerpolicy=\"strict-origin-when-cross-origin\" allowfullscreen><\/iframe>\n<\/div><\/figure>\n\n\n\n<h2 class=\"wp-block-heading\" id=\"h-cidades-seguras-e-sustentaveis\">Cidades seguras e sustent\u00e1veis<\/h2>\n\n\n\n<p>A estrat\u00e9gia da <strong>Sermex <\/strong>busca transformar ambientes urbanos por meio da converg\u00eancia de dados, conectividade e an\u00e1lise avan\u00e7ada.<\/p>\n\n\n\n<p>Ao <strong>reduzir os tempos de resposta a incidentes, otimizar os fluxos de transporte e garantir o acesso seguro em pontos cr\u00edticos<\/strong>, a empresa contribui para a cria\u00e7\u00e3o de cidades mais resilientes, eficientes e com menores \u00edndices de polui\u00e7\u00e3o.<\/p>\n\n\n\n<p>Sua abordagem contempla a<strong> incorpora\u00e7\u00e3o de padr\u00f5es abertos e a colabora\u00e7\u00e3o com autoridades municipais e operadores privados<\/strong>.<\/p>\n\n\n\n<p>Al\u00e9m de seus produtos, a <strong>Sermex <\/strong>oferece servi\u00e7os de consultoria para o projeto e implementa\u00e7\u00e3o de projetos de mobilidade inteligente.<\/p>\n\n\n\n<p>Sua equipe acompanha os clientes nas etapas de planejamento, testes de campo e escalonamento, garantindo a integra\u00e7\u00e3o dos equipamentos com as infraestruturas existentes, juntamente com suporte t\u00e9cnico, mesas de ajuda e pessoal de campo dispon\u00edvel em todo o <strong>M\u00e9xico<\/strong>.<\/p>\n\n\n\n<h2 class=\"wp-block-heading\" id=\"h-participacao-na-latam-mobility-mexico-2025\">Participa\u00e7\u00e3o na Latam Mobility M\u00e9xico 2025<\/h2>\n\n\n\n<p>A <a href=\"https:\/\/sermex.mx\/\"><strong>Sermex<\/strong><\/a> far\u00e1 parte da \u201c<strong>Latam Mobility M\u00e9xico 2025<\/strong>\u201d, o encontro mais importante de mobilidade sustent\u00e1vel da regi\u00e3o, que ser\u00e1 realizado nos dias <strong>13 e 14 de outubro<\/strong> no World Trade Center da Cidade do M\u00e9xico.<\/p>\n\n\n\n<p>A c\u00fapula reunir\u00e1 os principais atores da ind\u00fastria, desde <strong>fabricantes de ve\u00edculos e empresas de tecnologia at\u00e9 autoridades governamentais e especialistas<\/strong>, todos unidos por um objetivo comum: acelerar a transi\u00e7\u00e3o para sistemas de transporte mais limpos, inteligentes e eficientes.<\/p>\n\n\n\n<p>Como parte central da agenda, destaca-se o \u201c<strong>Fleet Management &amp; Charging Matchmaking Hub<\/strong>\u201d, o novo eixo de inova\u00e7\u00e3o e parcerias para frotas.<\/p>\n\n\n\n<figure class=\"wp-block-gallery has-nested-images columns-default is-cropped wp-block-gallery-1 is-layout-flex wp-block-gallery-is-layout-flex\">\n<figure class=\"wp-block-image size-large\"><img decoding=\"async\" width=\"819\" height=\"1024\" data-id=\"51761\" src=\"https:\/\/latamobility.com\/wp-content\/uploads\/2025\/09\/Fleet-Management-Charging-Matchmaking-Hub_post-1-819x1024.jpg\" alt=\"Latam Mobility M\u00e9xico 2025\" class=\"wp-image-51761\" srcset=\"https:\/\/latamobility.com\/wp-content\/uploads\/2025\/09\/Fleet-Management-Charging-Matchmaking-Hub_post-1-819x1024.jpg 819w, https:\/\/latamobility.com\/wp-content\/uploads\/2025\/09\/Fleet-Management-Charging-Matchmaking-Hub_post-1-240x300.jpg 240w, https:\/\/latamobility.com\/wp-content\/uploads\/2025\/09\/Fleet-Management-Charging-Matchmaking-Hub_post-1-768x960.jpg 768w, https:\/\/latamobility.com\/wp-content\/uploads\/2025\/09\/Fleet-Management-Charging-Matchmaking-Hub_post-1.jpg 1080w\" sizes=\"(max-width: 819px) 100vw, 819px\" \/><\/figure>\n\n\n\n<figure class=\"wp-block-image size-large\"><img decoding=\"async\" width=\"819\" height=\"1024\" data-id=\"51809\" src=\"https:\/\/latamobility.com\/wp-content\/uploads\/2025\/09\/1756907737437-819x1024.jpeg\" alt=\"Latam Mobility M\u00e9xico 2025\" class=\"wp-image-51809\" srcset=\"https:\/\/latamobility.com\/wp-content\/uploads\/2025\/09\/1756907737437-819x1024.jpeg 819w, https:\/\/latamobility.com\/wp-content\/uploads\/2025\/09\/1756907737437-240x300.jpeg 240w, https:\/\/latamobility.com\/wp-content\/uploads\/2025\/09\/1756907737437-768x960.jpeg 768w, https:\/\/latamobility.com\/wp-content\/uploads\/2025\/09\/1756907737437.jpeg 1080w\" sizes=\"(max-width: 819px) 100vw, 819px\" \/><\/figure>\n<\/figure>\n\n\n\n<p>Este espa\u00e7o ser\u00e1 dedicado exclusivamente a conectar os <strong>l\u00edderes de frotas de transporte com os principais fornecedores de solu\u00e7\u00f5es de telem\u00e1tica, gest\u00e3o de carga, infraestrutura e ve\u00edculos el\u00e9tricos<\/strong>, facilitando as alian\u00e7as estrat\u00e9gicas necess\u00e1rias para acelerar a transi\u00e7\u00e3o.<\/p>\n\n\n\n<p>A oportunidade de construir as frotas do futuro \u00e9 agora, e a \u201c<strong><a href=\"https:\/\/live.eventtia.com\/es\/latammobilityconosur2025\">Latam Mobility M\u00e9xico 2025<\/a><\/strong>\u201d marcar\u00e1 um passo essencial para os l\u00edderes que buscam otimizar suas opera\u00e7\u00f5es, reduzir custos e liderar a transi\u00e7\u00e3o para um transporte eficiente e sustent\u00e1vel.<\/p>\n\n\n\n<p>\ud83d\udd39Para obter mais informa\u00e7\u00f5es sobre como participar e as op\u00e7\u00f5es de posicionamento, escreva para <a href=\"mailto:info@investinlatam.org\"><strong>info@investinlatam.org<\/strong><\/a>.<\/p>\n\n\n\n<p>\ud83d\udd39O contato via <strong><a href=\"https:\/\/lnkd.in\/eQzTYdNG\">WhatsApp<\/a><\/strong> est\u00e1 dispon\u00edvel; voc\u00ea pode adquirir seus ingressos clicando aqui e se inscrever no \u201c<strong>Fleet Management &amp; Charging Matchmaking Hub<\/strong>\u201d <strong><a href=\"https:\/\/tinyurl.com\/ybfrdjfx\">aqui<\/a><\/strong>.<\/p>\n\n\n\n<figure class=\"wp-block-image size-large\"><img loading=\"lazy\" decoding=\"async\" width=\"1024\" height=\"576\" src=\"https:\/\/latamobility.com\/wp-content\/uploads\/2025\/09\/Banner-Latam-Mobility-Mexico-2025_logos-twitter-5-1024x576.jpg\" alt=\"Latam Mobility Mexico 2025\" class=\"wp-image-52216\" srcset=\"https:\/\/latamobility.com\/wp-content\/uploads\/2025\/09\/Banner-Latam-Mobility-Mexico-2025_logos-twitter-5-1024x576.jpg 1024w, https:\/\/latamobility.com\/wp-content\/uploads\/2025\/09\/Banner-Latam-Mobility-Mexico-2025_logos-twitter-5-300x169.jpg 300w, https:\/\/latamobility.com\/wp-content\/uploads\/2025\/09\/Banner-Latam-Mobility-Mexico-2025_logos-twitter-5-768x432.jpg 768w, https:\/\/latamobility.com\/wp-content\/uploads\/2025\/09\/Banner-Latam-Mobility-Mexico-2025_logos-twitter-5-1536x864.jpg 1536w, https:\/\/latamobility.com\/wp-content\/uploads\/2025\/09\/Banner-Latam-Mobility-Mexico-2025_logos-twitter-5-2048x1153.jpg 2048w\" sizes=\"(max-width: 1024px) 100vw, 1024px\" \/><\/figure>\n","protected":false},"excerpt":{"rendered":"<p>A Sermex do M\u00e9xico consolidou um portf\u00f3lio especializado em sistemas de videovigil\u00e2ncia que integram an\u00e1lise de v\u00eddeo baseada em intelig\u00eancia artificial. Essas plataformas permitem detectar padr\u00f5es de circula\u00e7\u00e3o, anomalias em tempo real e eventos de risco sem interven\u00e7\u00e3o manual, o que otimiza a rea\u00e7\u00e3o das for\u00e7as de seguran\u00e7a e dos operadores de infraestrutura rodovi\u00e1ria. A&#8230;<\/p>\n","protected":false},"author":10,"featured_media":52292,"comment_status":"open","ping_status":"closed","sticky":false,"template":"","format":"standard","meta":{"_kad_post_transparent":"","_kad_post_title":"","_kad_post_layout":"","_kad_post_sidebar_id":"","_kad_post_content_style":"","_kad_post_vertical_padding":"","_kad_post_feature":"","_kad_post_feature_position":"","_kad_post_header":false,"_kad_post_footer":false,"_kad_post_classname":"","footnotes":""},"categories":[2356],"tags":[3356,3381],"class_list":["post-52296","post","type-post","status-publish","format-standard","has-post-thumbnail","hentry","category-movilidad-electrica-pt-br","tag-mexico-pt-br","tag-sermex-2"],"yoast_head":"<!-- This site is optimized with the Yoast SEO Premium plugin v22.7 (Yoast SEO v27.4) - https:\/\/yoast.com\/product\/yoast-seo-premium-wordpress\/ -->\n<title>An\u00e1lise em tempo real e gest\u00e3o de frotas: a aposta da Sermex em cidades conectadas - Latam Mobility<\/title>\n<meta name=\"description\" content=\"Sermex de M\u00e9xico ha consolidado un portafolio especializado en sistemas que integran anal\u00edtica de video basada en inteligencia artificial\" \/>\n<meta name=\"robots\" content=\"index, follow, max-snippet:-1, max-image-preview:large, max-video-preview:-1\" \/>\n<link rel=\"canonical\" href=\"https:\/\/latamobility.com\/?p=52285\" \/>\n<meta property=\"og:locale\" content=\"pt_BR\" \/>\n<meta property=\"og:type\" content=\"article\" \/>\n<meta property=\"og:title\" content=\"An\u00e1lise em tempo real e gest\u00e3o de frotas: a aposta da Sermex em cidades conectadas\" \/>\n<meta property=\"og:description\" content=\"Sermex de M\u00e9xico ha consolidado un portafolio especializado en sistemas que integran anal\u00edtica de video basada en inteligencia artificial\" \/>\n<meta property=\"og:url\" content=\"https:\/\/latamobility.com\/?p=52285\" \/>\n<meta property=\"og:site_name\" content=\"Latam Mobility\" \/>\n<meta property=\"article:publisher\" content=\"https:\/\/www.facebook.com\/latamobility\/\" \/>\n<meta property=\"article:published_time\" content=\"2025-10-13T10:10:00+00:00\" \/>\n<meta property=\"og:image\" content=\"https:\/\/latamobility.com\/wp-content\/uploads\/2025\/09\/Sermex-290925-d.jpg\" \/>\n\t<meta property=\"og:image:width\" content=\"826\" \/>\n\t<meta property=\"og:image:height\" content=\"461\" \/>\n\t<meta property=\"og:image:type\" content=\"image\/jpeg\" \/>\n<meta name=\"author\" content=\"Antonio Vilela\" \/>\n<meta name=\"twitter:card\" content=\"summary_large_image\" \/>\n<meta name=\"twitter:description\" content=\"Sermex de M\u00e9xico ha consolidado un portafolio especializado en sistemas que integran anal\u00edtica de video basada en inteligencia artificial\" \/>\n<meta name=\"twitter:creator\" content=\"@LataMobility\" \/>\n<meta name=\"twitter:site\" content=\"@LataMobility\" \/>\n<meta name=\"twitter:label1\" content=\"Escrito por\" \/>\n\t<meta name=\"twitter:data1\" content=\"Antonio Vilela\" \/>\n\t<meta name=\"twitter:label2\" content=\"Est. tempo de leitura\" \/>\n\t<meta name=\"twitter:data2\" content=\"4 minutos\" \/>\n<script type=\"application\/ld+json\" class=\"yoast-schema-graph\">{\"@context\":\"https:\\\/\\\/schema.org\",\"@graph\":[{\"@type\":\"NewsArticle\",\"@id\":\"https:\\\/\\\/latamobility.com\\\/?p=52285#article\",\"isPartOf\":{\"@id\":\"https:\\\/\\\/latamobility.com\\\/?p=52285\"},\"author\":{\"name\":\"Antonio Vilela\",\"@id\":\"https:\\\/\\\/latamobility.com\\\/#\\\/schema\\\/person\\\/fda092a2de1f87d347784282908bad1a\"},\"headline\":\"An\u00e1lise em tempo real e gest\u00e3o de frotas: a aposta da Sermex em cidades conectadas\",\"datePublished\":\"2025-10-13T10:10:00+00:00\",\"mainEntityOfPage\":{\"@id\":\"https:\\\/\\\/latamobility.com\\\/?p=52285\"},\"wordCount\":734,\"commentCount\":0,\"publisher\":{\"@id\":\"https:\\\/\\\/latamobility.com\\\/#organization\"},\"image\":{\"@id\":\"https:\\\/\\\/latamobility.com\\\/?p=52285#primaryimage\"},\"thumbnailUrl\":\"https:\\\/\\\/latamobility.com\\\/wp-content\\\/uploads\\\/2025\\\/09\\\/Sermex-290925-d.jpg\",\"keywords\":[\"M\u00e9xico\",\"Sermex\"],\"articleSection\":[\"Movilidad el\u00e9ctrica\"],\"inLanguage\":\"pt-BR\",\"potentialAction\":[{\"@type\":\"CommentAction\",\"name\":\"Comment\",\"target\":[\"https:\\\/\\\/latamobility.com\\\/?p=52285#respond\"]}]},{\"@type\":\"WebPage\",\"@id\":\"https:\\\/\\\/latamobility.com\\\/?p=52285\",\"url\":\"https:\\\/\\\/latamobility.com\\\/?p=52285\",\"name\":\"An\u00e1lise em tempo real e gest\u00e3o de frotas: a aposta da Sermex em cidades conectadas - Latam Mobility\",\"isPartOf\":{\"@id\":\"https:\\\/\\\/latamobility.com\\\/#website\"},\"primaryImageOfPage\":{\"@id\":\"https:\\\/\\\/latamobility.com\\\/?p=52285#primaryimage\"},\"image\":{\"@id\":\"https:\\\/\\\/latamobility.com\\\/?p=52285#primaryimage\"},\"thumbnailUrl\":\"https:\\\/\\\/latamobility.com\\\/wp-content\\\/uploads\\\/2025\\\/09\\\/Sermex-290925-d.jpg\",\"datePublished\":\"2025-10-13T10:10:00+00:00\",\"description\":\"Sermex de M\u00e9xico ha consolidado un portafolio especializado en sistemas que integran anal\u00edtica de video basada en inteligencia artificial\",\"breadcrumb\":{\"@id\":\"https:\\\/\\\/latamobility.com\\\/?p=52285#breadcrumb\"},\"inLanguage\":\"pt-BR\",\"potentialAction\":[{\"@type\":\"ReadAction\",\"target\":[\"https:\\\/\\\/latamobility.com\\\/?p=52285\"]}]},{\"@type\":\"ImageObject\",\"inLanguage\":\"pt-BR\",\"@id\":\"https:\\\/\\\/latamobility.com\\\/?p=52285#primaryimage\",\"url\":\"https:\\\/\\\/latamobility.com\\\/wp-content\\\/uploads\\\/2025\\\/09\\\/Sermex-290925-d.jpg\",\"contentUrl\":\"https:\\\/\\\/latamobility.com\\\/wp-content\\\/uploads\\\/2025\\\/09\\\/Sermex-290925-d.jpg\",\"width\":826,\"height\":461,\"caption\":\"Sermex\"},{\"@type\":\"BreadcrumbList\",\"@id\":\"https:\\\/\\\/latamobility.com\\\/?p=52285#breadcrumb\",\"itemListElement\":[{\"@type\":\"ListItem\",\"position\":1,\"name\":\"Portada\",\"item\":\"https:\\\/\\\/latamobility.com\\\/pt-br\\\/\"},{\"@type\":\"ListItem\",\"position\":2,\"name\":\"An\u00e1lise em tempo real e gest\u00e3o de frotas: a aposta da Sermex em cidades conectadas\"}]},{\"@type\":\"WebSite\",\"@id\":\"https:\\\/\\\/latamobility.com\\\/#website\",\"url\":\"https:\\\/\\\/latamobility.com\\\/\",\"name\":\"Latam Mobility\",\"description\":\"Serie de Eventos para promover la Movilidad y Transporte sostenible en Latinoam\u00e9rica\",\"publisher\":{\"@id\":\"https:\\\/\\\/latamobility.com\\\/#organization\"},\"potentialAction\":[{\"@type\":\"SearchAction\",\"target\":{\"@type\":\"EntryPoint\",\"urlTemplate\":\"https:\\\/\\\/latamobility.com\\\/?s={search_term_string}\"},\"query-input\":{\"@type\":\"PropertyValueSpecification\",\"valueRequired\":true,\"valueName\":\"search_term_string\"}}],\"inLanguage\":\"pt-BR\"},{\"@type\":\"Organization\",\"@id\":\"https:\\\/\\\/latamobility.com\\\/#organization\",\"name\":\"LATAM MOBILITY\",\"url\":\"https:\\\/\\\/latamobility.com\\\/\",\"logo\":{\"@type\":\"ImageObject\",\"inLanguage\":\"pt-BR\",\"@id\":\"https:\\\/\\\/latamobility.com\\\/#\\\/schema\\\/logo\\\/image\\\/\",\"url\":\"https:\\\/\\\/latamobility.com\\\/wp-content\\\/uploads\\\/2025\\\/01\\\/logos-LM-LG-2025-10.png\",\"contentUrl\":\"https:\\\/\\\/latamobility.com\\\/wp-content\\\/uploads\\\/2025\\\/01\\\/logos-LM-LG-2025-10.png\",\"width\":1080,\"height\":1080,\"caption\":\"LATAM MOBILITY\"},\"image\":{\"@id\":\"https:\\\/\\\/latamobility.com\\\/#\\\/schema\\\/logo\\\/image\\\/\"},\"sameAs\":[\"https:\\\/\\\/www.facebook.com\\\/latamobility\\\/\",\"https:\\\/\\\/x.com\\\/LataMobility\",\"https:\\\/\\\/www.instagram.com\\\/latamobility\\\/\",\"https:\\\/\\\/www.linkedin.com\\\/company\\\/latamobility\\\/\",\"https:\\\/\\\/www.youtube.com\\\/channel\\\/UCtcslRCRY0vITWaOQ1X0XUA\"]},{\"@type\":\"Person\",\"@id\":\"https:\\\/\\\/latamobility.com\\\/#\\\/schema\\\/person\\\/fda092a2de1f87d347784282908bad1a\",\"name\":\"Antonio Vilela\",\"image\":{\"@type\":\"ImageObject\",\"inLanguage\":\"pt-BR\",\"@id\":\"https:\\\/\\\/secure.gravatar.com\\\/avatar\\\/7eee8196fd2fda180806d7b41cd517f274d5ad3b9f65d873feb3ca7e2b3a72d2?s=96&d=mm&r=g\",\"url\":\"https:\\\/\\\/secure.gravatar.com\\\/avatar\\\/7eee8196fd2fda180806d7b41cd517f274d5ad3b9f65d873feb3ca7e2b3a72d2?s=96&d=mm&r=g\",\"contentUrl\":\"https:\\\/\\\/secure.gravatar.com\\\/avatar\\\/7eee8196fd2fda180806d7b41cd517f274d5ad3b9f65d873feb3ca7e2b3a72d2?s=96&d=mm&r=g\",\"caption\":\"Antonio Vilela\"}}]}<\/script>\n<!-- \/ Yoast SEO Premium plugin. -->","yoast_head_json":{"title":"An\u00e1lise em tempo real e gest\u00e3o de frotas: a aposta da Sermex em cidades conectadas - Latam Mobility","description":"Sermex de M\u00e9xico ha consolidado un portafolio especializado en sistemas que integran anal\u00edtica de video basada en inteligencia artificial","robots":{"index":"index","follow":"follow","max-snippet":"max-snippet:-1","max-image-preview":"max-image-preview:large","max-video-preview":"max-video-preview:-1"},"canonical":"https:\/\/latamobility.com\/?p=52285","og_locale":"pt_BR","og_type":"article","og_title":"An\u00e1lise em tempo real e gest\u00e3o de frotas: a aposta da Sermex em cidades conectadas","og_description":"Sermex de M\u00e9xico ha consolidado un portafolio especializado en sistemas que integran anal\u00edtica de video basada en inteligencia artificial","og_url":"https:\/\/latamobility.com\/?p=52285","og_site_name":"Latam Mobility","article_publisher":"https:\/\/www.facebook.com\/latamobility\/","article_published_time":"2025-10-13T10:10:00+00:00","og_image":[{"width":826,"height":461,"url":"https:\/\/latamobility.com\/wp-content\/uploads\/2025\/09\/Sermex-290925-d.jpg","type":"image\/jpeg"}],"author":"Antonio Vilela","twitter_card":"summary_large_image","twitter_description":"Sermex de M\u00e9xico ha consolidado un portafolio especializado en sistemas que integran anal\u00edtica de video basada en inteligencia artificial","twitter_creator":"@LataMobility","twitter_site":"@LataMobility","twitter_misc":{"Escrito por":"Antonio Vilela","Est. tempo de leitura":"4 minutos"},"schema":{"@context":"https:\/\/schema.org","@graph":[{"@type":"NewsArticle","@id":"https:\/\/latamobility.com\/?p=52285#article","isPartOf":{"@id":"https:\/\/latamobility.com\/?p=52285"},"author":{"name":"Antonio Vilela","@id":"https:\/\/latamobility.com\/#\/schema\/person\/fda092a2de1f87d347784282908bad1a"},"headline":"An\u00e1lise em tempo real e gest\u00e3o de frotas: a aposta da Sermex em cidades conectadas","datePublished":"2025-10-13T10:10:00+00:00","mainEntityOfPage":{"@id":"https:\/\/latamobility.com\/?p=52285"},"wordCount":734,"commentCount":0,"publisher":{"@id":"https:\/\/latamobility.com\/#organization"},"image":{"@id":"https:\/\/latamobility.com\/?p=52285#primaryimage"},"thumbnailUrl":"https:\/\/latamobility.com\/wp-content\/uploads\/2025\/09\/Sermex-290925-d.jpg","keywords":["M\u00e9xico","Sermex"],"articleSection":["Movilidad el\u00e9ctrica"],"inLanguage":"pt-BR","potentialAction":[{"@type":"CommentAction","name":"Comment","target":["https:\/\/latamobility.com\/?p=52285#respond"]}]},{"@type":"WebPage","@id":"https:\/\/latamobility.com\/?p=52285","url":"https:\/\/latamobility.com\/?p=52285","name":"An\u00e1lise em tempo real e gest\u00e3o de frotas: a aposta da Sermex em cidades conectadas - Latam Mobility","isPartOf":{"@id":"https:\/\/latamobility.com\/#website"},"primaryImageOfPage":{"@id":"https:\/\/latamobility.com\/?p=52285#primaryimage"},"image":{"@id":"https:\/\/latamobility.com\/?p=52285#primaryimage"},"thumbnailUrl":"https:\/\/latamobility.com\/wp-content\/uploads\/2025\/09\/Sermex-290925-d.jpg","datePublished":"2025-10-13T10:10:00+00:00","description":"Sermex de M\u00e9xico ha consolidado un portafolio especializado en sistemas que integran anal\u00edtica de video basada en inteligencia artificial","breadcrumb":{"@id":"https:\/\/latamobility.com\/?p=52285#breadcrumb"},"inLanguage":"pt-BR","potentialAction":[{"@type":"ReadAction","target":["https:\/\/latamobility.com\/?p=52285"]}]},{"@type":"ImageObject","inLanguage":"pt-BR","@id":"https:\/\/latamobility.com\/?p=52285#primaryimage","url":"https:\/\/latamobility.com\/wp-content\/uploads\/2025\/09\/Sermex-290925-d.jpg","contentUrl":"https:\/\/latamobility.com\/wp-content\/uploads\/2025\/09\/Sermex-290925-d.jpg","width":826,"height":461,"caption":"Sermex"},{"@type":"BreadcrumbList","@id":"https:\/\/latamobility.com\/?p=52285#breadcrumb","itemListElement":[{"@type":"ListItem","position":1,"name":"Portada","item":"https:\/\/latamobility.com\/pt-br\/"},{"@type":"ListItem","position":2,"name":"An\u00e1lise em tempo real e gest\u00e3o de frotas: a aposta da Sermex em cidades conectadas"}]},{"@type":"WebSite","@id":"https:\/\/latamobility.com\/#website","url":"https:\/\/latamobility.com\/","name":"Latam Mobility","description":"Serie de Eventos para promover la Movilidad y Transporte sostenible en Latinoam\u00e9rica","publisher":{"@id":"https:\/\/latamobility.com\/#organization"},"potentialAction":[{"@type":"SearchAction","target":{"@type":"EntryPoint","urlTemplate":"https:\/\/latamobility.com\/?s={search_term_string}"},"query-input":{"@type":"PropertyValueSpecification","valueRequired":true,"valueName":"search_term_string"}}],"inLanguage":"pt-BR"},{"@type":"Organization","@id":"https:\/\/latamobility.com\/#organization","name":"LATAM MOBILITY","url":"https:\/\/latamobility.com\/","logo":{"@type":"ImageObject","inLanguage":"pt-BR","@id":"https:\/\/latamobility.com\/#\/schema\/logo\/image\/","url":"https:\/\/latamobility.com\/wp-content\/uploads\/2025\/01\/logos-LM-LG-2025-10.png","contentUrl":"https:\/\/latamobility.com\/wp-content\/uploads\/2025\/01\/logos-LM-LG-2025-10.png","width":1080,"height":1080,"caption":"LATAM MOBILITY"},"image":{"@id":"https:\/\/latamobility.com\/#\/schema\/logo\/image\/"},"sameAs":["https:\/\/www.facebook.com\/latamobility\/","https:\/\/x.com\/LataMobility","https:\/\/www.instagram.com\/latamobility\/","https:\/\/www.linkedin.com\/company\/latamobility\/","https:\/\/www.youtube.com\/channel\/UCtcslRCRY0vITWaOQ1X0XUA"]},{"@type":"Person","@id":"https:\/\/latamobility.com\/#\/schema\/person\/fda092a2de1f87d347784282908bad1a","name":"Antonio Vilela","image":{"@type":"ImageObject","inLanguage":"pt-BR","@id":"https:\/\/secure.gravatar.com\/avatar\/7eee8196fd2fda180806d7b41cd517f274d5ad3b9f65d873feb3ca7e2b3a72d2?s=96&d=mm&r=g","url":"https:\/\/secure.gravatar.com\/avatar\/7eee8196fd2fda180806d7b41cd517f274d5ad3b9f65d873feb3ca7e2b3a72d2?s=96&d=mm&r=g","contentUrl":"https:\/\/secure.gravatar.com\/avatar\/7eee8196fd2fda180806d7b41cd517f274d5ad3b9f65d873feb3ca7e2b3a72d2?s=96&d=mm&r=g","caption":"Antonio Vilela"}}]}},"_links":{"self":[{"href":"https:\/\/latamobility.com\/pt-br\/wp-json\/wp\/v2\/posts\/52296","targetHints":{"allow":["GET"]}}],"collection":[{"href":"https:\/\/latamobility.com\/pt-br\/wp-json\/wp\/v2\/posts"}],"about":[{"href":"https:\/\/latamobility.com\/pt-br\/wp-json\/wp\/v2\/types\/post"}],"author":[{"embeddable":true,"href":"https:\/\/latamobility.com\/pt-br\/wp-json\/wp\/v2\/users\/10"}],"replies":[{"embeddable":true,"href":"https:\/\/latamobility.com\/pt-br\/wp-json\/wp\/v2\/comments?post=52296"}],"version-history":[{"count":1,"href":"https:\/\/latamobility.com\/pt-br\/wp-json\/wp\/v2\/posts\/52296\/revisions"}],"predecessor-version":[{"id":52297,"href":"https:\/\/latamobility.com\/pt-br\/wp-json\/wp\/v2\/posts\/52296\/revisions\/52297"}],"wp:featuredmedia":[{"embeddable":true,"href":"https:\/\/latamobility.com\/pt-br\/wp-json\/wp\/v2\/media\/52292"}],"wp:attachment":[{"href":"https:\/\/latamobility.com\/pt-br\/wp-json\/wp\/v2\/media?parent=52296"}],"wp:term":[{"taxonomy":"category","embeddable":true,"href":"https:\/\/latamobility.com\/pt-br\/wp-json\/wp\/v2\/categories?post=52296"},{"taxonomy":"post_tag","embeddable":true,"href":"https:\/\/latamobility.com\/pt-br\/wp-json\/wp\/v2\/tags?post=52296"}],"curies":[{"name":"wp","href":"https:\/\/api.w.org\/{rel}","templated":true}]}}