{"id":52304,"date":"2025-10-01T05:05:00","date_gmt":"2025-10-01T10:05:00","guid":{"rendered":"https:\/\/latamobility.com\/?p=52304"},"modified":"2025-09-30T12:43:46","modified_gmt":"2025-09-30T17:43:46","slug":"general-motors-mexico-liderando-o-futuro-eletrico-com-visao-tecnologia-e-compromisso","status":"publish","type":"post","link":"https:\/\/latamobility.com\/pt-br\/general-motors-mexico-liderando-o-futuro-eletrico-com-visao-tecnologia-e-compromisso\/","title":{"rendered":"General Motors M\u00e9xico: Liderando o futuro el\u00e9trico com Vis\u00e3o, Tecnologia e Compromisso"},"content":{"rendered":"\n<p>Em um momento crucial para a ind\u00fastria automotiva, a <strong>General Motors M\u00e9xico<\/strong> tra\u00e7ou um caminho claro e ambicioso rumo \u00e0 eletrifica\u00e7\u00e3o, consolidando-se como um ator estrat\u00e9gico na transforma\u00e7\u00e3o da mobilidade no pa\u00eds.<\/p>\n\n\n\n<p>Sua vis\u00e3o de um futuro com <strong>Zero Emiss\u00f5es, Zero Acidentes e Zero Congestionamentos<\/strong> n\u00e3o \u00e9 apenas um ideal, mas um roteiro apoiado por a\u00e7\u00f5es concretas, tecnologia de ponta e um firme compromisso com seus clientes.<\/p>\n\n\n\n<p>A estrat\u00e9gia de eletromobilidade da <strong>GM M\u00e9xico <\/strong>se baseia em quatro pilares fundamentais: <strong>desenvolvimento de produtos, fabrica\u00e7\u00e3o, comercializa\u00e7\u00e3o e infraestrutura de recarga<\/strong>.<\/p>\n\n\n\n<p>Desde seu <strong>Centro Regional de Engenharia<\/strong>, <strong>mais de 700 engenheiros mexicanos<\/strong> contribuem para o projeto e aprimoramento de componentes essenciais para ve\u00edculos el\u00e9tricos, enquanto o <strong>Complexo de Ramos Arizpe<\/strong> se tornou uma refer\u00eancia continental ao produzir v\u00e1rios modelos el\u00e9tricos para a <strong>Chevrolet<\/strong>.<\/p>\n\n\n\n<p><strong>Voc\u00ea tamb\u00e9m pode se interessar por<\/strong> | <strong><a href=\"https:\/\/latamobility.com\/pt-br\/inovacao-gestao-de-frotas-tecnologia-e-sustentabilidade-os-pilares-do-latam-mobility-mexico-2025-se-reunem-em-outubro\/\">Inova\u00e7\u00e3o, gest\u00e3o de frotas, tecnologia e sustentabilidade: os pilares da \u201cLatam Mobility M\u00e9xico 2025\u201d se re\u00fanem em outubro<\/a><\/strong><\/p>\n\n\n\n<h2 class=\"wp-block-heading\" id=\"h-varias-solucoes\">V\u00e1rias solu\u00e7\u00f5es<\/h2>\n\n\n\n<p>No panorama comercial, a <strong>Chevrolet <\/strong>projetou um portf\u00f3lio robusto e diversificado de ve\u00edculos el\u00e9tricos, que inclui solu\u00e7\u00f5es tanto para consumidores particulares quanto para empresas, destacando a inova\u00e7\u00e3o com a <strong>BrightDrop <\/strong>no setor de transporte comercial e o <strong>Spark EUV<\/strong> como uma op\u00e7\u00e3o acess\u00edvel no segmento de ve\u00edculos el\u00e9tricos urbanos.<\/p>\n\n\n\n<figure class=\"wp-block-image size-large is-resized\"><img fetchpriority=\"high\" decoding=\"async\" width=\"1024\" height=\"682\" src=\"https:\/\/latamobility.com\/wp-content\/uploads\/2025\/10\/Chevrolet-BrightDrop600-1024x682.jpg\" alt=\"General Motors\" class=\"wp-image-52300\" style=\"width:730px;height:auto\" srcset=\"https:\/\/latamobility.com\/wp-content\/uploads\/2025\/10\/Chevrolet-BrightDrop600-1024x682.jpg 1024w, https:\/\/latamobility.com\/wp-content\/uploads\/2025\/10\/Chevrolet-BrightDrop600-300x200.jpg 300w, https:\/\/latamobility.com\/wp-content\/uploads\/2025\/10\/Chevrolet-BrightDrop600-768x512.jpg 768w, https:\/\/latamobility.com\/wp-content\/uploads\/2025\/10\/Chevrolet-BrightDrop600.jpg 1280w\" sizes=\"(max-width: 1024px) 100vw, 1024px\" \/><figcaption class=\"wp-element-caption\">Chevrolet BrightDrop<\/figcaption><\/figure>\n\n\n\n<p>Al\u00e9m disso, a <strong>Chevrolet <\/strong>continua ampliando seu compromisso com a eletrifica\u00e7\u00e3o, oferecendo um <strong>conjunto completo de ferramentas digitais e solu\u00e7\u00f5es integrais<\/strong> que facilitam a transi\u00e7\u00e3o para uma mobilidade mais sustent\u00e1vel e acess\u00edvel para todos os consumidores.<\/p>\n\n\n\n<p>Um dos elementos mais inovadores dessa estrat\u00e9gia \u00e9 o ecossistema de recarga. Todos os ve\u00edculos el\u00e9tricos da <strong>GM <\/strong>incluem <strong>um carregador port\u00e1til duplo e o servi\u00e7o de instala\u00e7\u00e3o residencial gratuito<\/strong> por meio de seus parceiros em infraestrutura <strong>VEMO <\/strong>e <strong>Evergo<\/strong>.<\/p>\n\n\n\n<p>Al\u00e9m disso, os clientes t\u00eam acesso a <strong>mais de 1.000 esta\u00e7\u00f5es de recarga p\u00fablicas<\/strong>, muitas delas com tecnologia de recarga r\u00e1pida, e programas de saldo a favor para incentivar seu uso.<\/p>\n\n\n\n<figure class=\"wp-block-image size-large\"><img decoding=\"async\" width=\"1024\" height=\"764\" src=\"https:\/\/latamobility.com\/wp-content\/uploads\/2025\/09\/Chevrolet-2-1024x764.jpg\" alt=\"General Motors\" class=\"wp-image-52193\" srcset=\"https:\/\/latamobility.com\/wp-content\/uploads\/2025\/09\/Chevrolet-2-1024x764.jpg 1024w, https:\/\/latamobility.com\/wp-content\/uploads\/2025\/09\/Chevrolet-2-300x224.jpg 300w, https:\/\/latamobility.com\/wp-content\/uploads\/2025\/09\/Chevrolet-2-768x573.jpg 768w, https:\/\/latamobility.com\/wp-content\/uploads\/2025\/09\/Chevrolet-2.jpg 1280w\" sizes=\"(max-width: 1024px) 100vw, 1024px\" \/><figcaption class=\"wp-element-caption\">Spark EUV<\/figcaption><\/figure>\n\n\n\n<h2 class=\"wp-block-heading\" id=\"h-a-tecnologia-como-eixo-central\">A tecnologia como eixo central<\/h2>\n\n\n\n<p>A tecnologia tamb\u00e9m desempenha um papel central. A plataforma de baterias desenvolvida pela GM, utilizada em modelos como os da <strong>Chevrolet<\/strong>, permite <strong>um carregamento mais r\u00e1pido, maior autonomia e conectividade avan\u00e7ada<\/strong>.<\/p>\n\n\n\n<p>Essa arquitetura n\u00e3o apenas otimiza o desempenho energ\u00e9tico, mas tamb\u00e9m habilita fun\u00e7\u00f5es inteligentes, como <strong>atualiza\u00e7\u00f5es remotas, monitoramento em tempo real e experi\u00eancias de dire\u00e7\u00e3o personalizadas<\/strong>.<\/p>\n\n\n\n<p>Al\u00e9m da inova\u00e7\u00e3o tecnol\u00f3gica, a <strong>Chevrolet M\u00e9xico<\/strong> tem demonstrado um profundo compromisso com seus clientes. Desde garantias estendidas e servi\u00e7os p\u00f3s-venda especializados at\u00e9 conectividade total por meio do <strong>OnStar <\/strong>e aplicativos m\u00f3veis, a empresa busca oferecer <strong>uma experi\u00eancia sem atritos, segura e adaptada \u00e0s novas necessidades de mobilidade<\/strong>.<\/p>\n\n\n\n<p>Em resumo, a <strong>Chevrolet<\/strong>, com base na estrat\u00e9gia da <strong>General Motors M\u00e9xico<\/strong>, n\u00e3o est\u00e1 apenas lan\u00e7ando ve\u00edculos el\u00e9tricos, mas <strong>construindo um ecossistema completo<\/strong> que impulsiona a mudan\u00e7a para uma mobilidade mais limpa, eficiente e conectada.<\/p>\n\n\n\n<p>Com a contribui\u00e7\u00e3o de suas marcas, sua vis\u00e3o, tecnologia e foco no cliente, a <strong>GM <\/strong>se posiciona como <strong>l\u00edder no caminho rumo ao futuro el\u00e9trico do pa\u00eds<\/strong>.<\/p>\n\n\n\n<h2 class=\"wp-block-heading\" id=\"h-rumo-ao-latam-mobility-mexico-2025\">Rumo ao \u201cLatam Mobility M\u00e9xico 2025\u201d<\/h2>\n\n\n\n<p>A <strong>General Motors M\u00e9xico<\/strong> e sua marca <strong>Chevrolet <\/strong>far\u00e3o parte do \u201c<strong><a href=\"https:\/\/live.eventtia.com\/es\/latammobilitymexico2025\">Latam Mobility M\u00e9xico 2025<\/a><\/strong>\u201d, o encontro mais importante de mobilidade sustent\u00e1vel da regi\u00e3o, que ser\u00e1 realizado nos dias <strong>13 e 14 de outubro<\/strong> no World Trade Center da Cidade do M\u00e9xico.<\/p>\n\n\n\n<p>A c\u00fapula reunir\u00e1 os principais atores da ind\u00fastria, desde <strong>fabricantes de ve\u00edculos e empresas de tecnologia at\u00e9 autoridades governamentais e especialistas<\/strong>, todos unidos por um objetivo comum: acelerar a transi\u00e7\u00e3o para sistemas de transporte mais limpos, inteligentes e eficientes.<\/p>\n\n\n\n<p>Como parte central da agenda, destaca-se o \u201c<strong>Fleet Management &amp; Charging Matchmaking Hub<\/strong>\u201d, o novo eixo de inova\u00e7\u00e3o e parcerias para frotas.<\/p>\n\n\n\n<figure class=\"wp-block-gallery has-nested-images columns-default is-cropped wp-block-gallery-1 is-layout-flex wp-block-gallery-is-layout-flex\">\n<figure class=\"wp-block-image size-large\"><img decoding=\"async\" width=\"819\" height=\"1024\" data-id=\"51761\" src=\"https:\/\/latamobility.com\/wp-content\/uploads\/2025\/09\/Fleet-Management-Charging-Matchmaking-Hub_post-1-819x1024.jpg\" alt=\"Latam Mobility M\u00e9xico 2025\" class=\"wp-image-51761\" srcset=\"https:\/\/latamobility.com\/wp-content\/uploads\/2025\/09\/Fleet-Management-Charging-Matchmaking-Hub_post-1-819x1024.jpg 819w, https:\/\/latamobility.com\/wp-content\/uploads\/2025\/09\/Fleet-Management-Charging-Matchmaking-Hub_post-1-240x300.jpg 240w, https:\/\/latamobility.com\/wp-content\/uploads\/2025\/09\/Fleet-Management-Charging-Matchmaking-Hub_post-1-768x960.jpg 768w, https:\/\/latamobility.com\/wp-content\/uploads\/2025\/09\/Fleet-Management-Charging-Matchmaking-Hub_post-1.jpg 1080w\" sizes=\"(max-width: 819px) 100vw, 819px\" \/><\/figure>\n\n\n\n<figure class=\"wp-block-image size-large\"><img loading=\"lazy\" decoding=\"async\" width=\"819\" height=\"1024\" data-id=\"51809\" src=\"https:\/\/latamobility.com\/wp-content\/uploads\/2025\/09\/1756907737437-819x1024.jpeg\" alt=\"Latam Mobility M\u00e9xico 2025\" class=\"wp-image-51809\" srcset=\"https:\/\/latamobility.com\/wp-content\/uploads\/2025\/09\/1756907737437-819x1024.jpeg 819w, https:\/\/latamobility.com\/wp-content\/uploads\/2025\/09\/1756907737437-240x300.jpeg 240w, https:\/\/latamobility.com\/wp-content\/uploads\/2025\/09\/1756907737437-768x960.jpeg 768w, https:\/\/latamobility.com\/wp-content\/uploads\/2025\/09\/1756907737437.jpeg 1080w\" sizes=\"(max-width: 819px) 100vw, 819px\" \/><\/figure>\n<\/figure>\n\n\n\n<p>Este espa\u00e7o ser\u00e1 dedicado exclusivamente a conectar os <strong>l\u00edderes de frotas de transporte com os principais fornecedores de solu\u00e7\u00f5es de telem\u00e1tica, gest\u00e3o de carga, infraestrutura e ve\u00edculos el\u00e9tricos<\/strong>, facilitando as alian\u00e7as estrat\u00e9gicas necess\u00e1rias para acelerar a transi\u00e7\u00e3o.<\/p>\n\n\n\n<p>A oportunidade de construir as frotas do futuro \u00e9 agora, e a \u201c<strong><a href=\"https:\/\/live.eventtia.com\/es\/latammobilityconosur2025\">Latam Mobility M\u00e9xico 2025<\/a><\/strong>\u201d marcar\u00e1 um passo essencial para os l\u00edderes que buscam otimizar suas opera\u00e7\u00f5es, reduzir custos e liderar a transi\u00e7\u00e3o para um transporte eficiente e sustent\u00e1vel.<\/p>\n\n\n\n<p>\ud83d\udd39Para obter mais informa\u00e7\u00f5es sobre como participar e as op\u00e7\u00f5es de posicionamento, escreva para <a href=\"mailto:info@investinlatam.org\"><strong>info@investinlatam.org<\/strong><\/a>.<\/p>\n\n\n\n<p>\ud83d\udd39O contato via <strong><a href=\"https:\/\/lnkd.in\/eQzTYdNG\">WhatsApp<\/a><\/strong> est\u00e1 dispon\u00edvel; voc\u00ea pode adquirir seus ingressos clicando aqui e se inscrever no \u201c<strong>Fleet Management &amp; Charging Matchmaking Hub<\/strong>\u201d <strong><a href=\"https:\/\/tinyurl.com\/ybfrdjfx\">aqui<\/a><\/strong>.<\/p>\n\n\n\n<figure class=\"wp-block-image size-large\"><img loading=\"lazy\" decoding=\"async\" width=\"1024\" height=\"576\" src=\"https:\/\/latamobility.com\/wp-content\/uploads\/2025\/09\/Banner-Latam-Mobility-Mexico-2025_logos-twitter-5-1024x576.jpg\" alt=\"Latam Mobility Mexico 2025\" class=\"wp-image-52216\" srcset=\"https:\/\/latamobility.com\/wp-content\/uploads\/2025\/09\/Banner-Latam-Mobility-Mexico-2025_logos-twitter-5-1024x576.jpg 1024w, https:\/\/latamobility.com\/wp-content\/uploads\/2025\/09\/Banner-Latam-Mobility-Mexico-2025_logos-twitter-5-300x169.jpg 300w, https:\/\/latamobility.com\/wp-content\/uploads\/2025\/09\/Banner-Latam-Mobility-Mexico-2025_logos-twitter-5-768x432.jpg 768w, https:\/\/latamobility.com\/wp-content\/uploads\/2025\/09\/Banner-Latam-Mobility-Mexico-2025_logos-twitter-5-1536x864.jpg 1536w, https:\/\/latamobility.com\/wp-content\/uploads\/2025\/09\/Banner-Latam-Mobility-Mexico-2025_logos-twitter-5-2048x1153.jpg 2048w\" sizes=\"(max-width: 1024px) 100vw, 1024px\" \/><\/figure>\n","protected":false},"excerpt":{"rendered":"<p>Em um momento crucial para a ind\u00fastria automotiva, a General Motors M\u00e9xico tra\u00e7ou um caminho claro e ambicioso rumo \u00e0 eletrifica\u00e7\u00e3o, consolidando-se como um ator estrat\u00e9gico na transforma\u00e7\u00e3o da mobilidade no pa\u00eds. Sua vis\u00e3o de um futuro com Zero Emiss\u00f5es, Zero Acidentes e Zero Congestionamentos n\u00e3o \u00e9 apenas um ideal, mas um roteiro apoiado por&#8230;<\/p>\n","protected":false},"author":10,"featured_media":52199,"comment_status":"open","ping_status":"closed","sticky":false,"template":"","format":"standard","meta":{"_kad_post_transparent":"","_kad_post_title":"","_kad_post_layout":"","_kad_post_sidebar_id":"","_kad_post_content_style":"","_kad_post_vertical_padding":"","_kad_post_feature":"","_kad_post_feature_position":"","_kad_post_header":false,"_kad_post_footer":false,"_kad_post_classname":"","footnotes":""},"categories":[2356],"tags":[3382,2568,3356],"class_list":["post-52304","post","type-post","status-publish","format-standard","has-post-thumbnail","hentry","category-movilidad-electrica-pt-br","tag-chevrolet-3","tag-general-motors-3","tag-mexico-pt-br"],"yoast_head":"<!-- This site is optimized with the Yoast SEO Premium plugin v22.7 (Yoast SEO v27.1.1) - https:\/\/yoast.com\/product\/yoast-seo-premium-wordpress\/ -->\n<title>General Motors M\u00e9xico: Liderando o futuro el\u00e9trico com Vis\u00e3o, Tecnologia e Compromisso - Latam Mobility<\/title>\n<meta name=\"description\" content=\"General Motors M\u00e9xico tra\u00e7ou um caminho claro e ambicioso rumo \u00e0 eletrifica\u00e7\u00e3o, consolidando-se como um ator estrat\u00e9gico na transforma\u00e7\u00e3o\" \/>\n<meta name=\"robots\" content=\"index, follow, max-snippet:-1, max-image-preview:large, max-video-preview:-1\" \/>\n<link rel=\"canonical\" href=\"https:\/\/latamobility.com\/general-motors-mexico-liderando-el-futuro-electrico\/\" \/>\n<meta property=\"og:locale\" content=\"pt_BR\" \/>\n<meta property=\"og:type\" content=\"article\" \/>\n<meta property=\"og:title\" content=\"General Motors M\u00e9xico: Liderando o futuro el\u00e9trico com Vis\u00e3o, Tecnologia e Compromisso\" \/>\n<meta property=\"og:description\" content=\"General Motors M\u00e9xico tra\u00e7ou um caminho claro e ambicioso rumo \u00e0 eletrifica\u00e7\u00e3o, consolidando-se como um ator estrat\u00e9gico na transforma\u00e7\u00e3o\" \/>\n<meta property=\"og:url\" content=\"https:\/\/latamobility.com\/general-motors-mexico-liderando-el-futuro-electrico\/\" \/>\n<meta property=\"og:site_name\" content=\"Latam Mobility\" \/>\n<meta property=\"article:publisher\" content=\"https:\/\/www.facebook.com\/latamobility\/\" \/>\n<meta property=\"article:published_time\" content=\"2025-10-01T10:05:00+00:00\" \/>\n<meta property=\"og:image\" content=\"https:\/\/latamobility.com\/wp-content\/uploads\/2025\/09\/Chevrolet.jpg\" \/>\n\t<meta property=\"og:image:width\" content=\"1280\" \/>\n\t<meta property=\"og:image:height\" content=\"693\" \/>\n\t<meta property=\"og:image:type\" content=\"image\/jpeg\" \/>\n<meta name=\"author\" content=\"Antonio Vilela\" \/>\n<meta name=\"twitter:card\" content=\"summary_large_image\" \/>\n<meta name=\"twitter:description\" content=\"General Motors M\u00e9xico tra\u00e7ou um caminho claro e ambicioso rumo \u00e0 eletrifica\u00e7\u00e3o, consolidando-se como um ator estrat\u00e9gico na transforma\u00e7\u00e3o\" \/>\n<meta name=\"twitter:creator\" content=\"@LataMobility\" \/>\n<meta name=\"twitter:site\" content=\"@LataMobility\" \/>\n<meta name=\"twitter:label1\" content=\"Escrito por\" \/>\n\t<meta name=\"twitter:data1\" content=\"Antonio Vilela\" \/>\n\t<meta name=\"twitter:label2\" content=\"Est. tempo de leitura\" \/>\n\t<meta name=\"twitter:data2\" content=\"4 minutos\" \/>\n<script type=\"application\/ld+json\" class=\"yoast-schema-graph\">{\"@context\":\"https:\/\/schema.org\",\"@graph\":[{\"@type\":\"NewsArticle\",\"@id\":\"https:\/\/latamobility.com\/general-motors-mexico-liderando-el-futuro-electrico\/#article\",\"isPartOf\":{\"@id\":\"https:\/\/latamobility.com\/general-motors-mexico-liderando-el-futuro-electrico\/\"},\"author\":{\"name\":\"Antonio Vilela\",\"@id\":\"https:\/\/latamobility.com\/#\/schema\/person\/fda092a2de1f87d347784282908bad1a\"},\"headline\":\"General Motors M\u00e9xico: Liderando o futuro el\u00e9trico com Vis\u00e3o, Tecnologia e Compromisso\",\"datePublished\":\"2025-10-01T10:05:00+00:00\",\"mainEntityOfPage\":{\"@id\":\"https:\/\/latamobility.com\/general-motors-mexico-liderando-el-futuro-electrico\/\"},\"wordCount\":832,\"commentCount\":0,\"publisher\":{\"@id\":\"https:\/\/latamobility.com\/#organization\"},\"image\":{\"@id\":\"https:\/\/latamobility.com\/general-motors-mexico-liderando-el-futuro-electrico\/#primaryimage\"},\"thumbnailUrl\":\"https:\/\/latamobility.com\/wp-content\/uploads\/2025\/09\/Chevrolet.jpg\",\"keywords\":[\"Chevrolet\",\"General Motors\",\"M\u00e9xico\"],\"articleSection\":[\"Movilidad el\u00e9ctrica\"],\"inLanguage\":\"pt-BR\",\"potentialAction\":[{\"@type\":\"CommentAction\",\"name\":\"Comment\",\"target\":[\"https:\/\/latamobility.com\/general-motors-mexico-liderando-el-futuro-electrico\/#respond\"]}]},{\"@type\":\"WebPage\",\"@id\":\"https:\/\/latamobility.com\/general-motors-mexico-liderando-el-futuro-electrico\/\",\"url\":\"https:\/\/latamobility.com\/general-motors-mexico-liderando-el-futuro-electrico\/\",\"name\":\"General Motors M\u00e9xico: Liderando o futuro el\u00e9trico com Vis\u00e3o, Tecnologia e Compromisso - Latam Mobility\",\"isPartOf\":{\"@id\":\"https:\/\/latamobility.com\/#website\"},\"primaryImageOfPage\":{\"@id\":\"https:\/\/latamobility.com\/general-motors-mexico-liderando-el-futuro-electrico\/#primaryimage\"},\"image\":{\"@id\":\"https:\/\/latamobility.com\/general-motors-mexico-liderando-el-futuro-electrico\/#primaryimage\"},\"thumbnailUrl\":\"https:\/\/latamobility.com\/wp-content\/uploads\/2025\/09\/Chevrolet.jpg\",\"datePublished\":\"2025-10-01T10:05:00+00:00\",\"description\":\"General Motors M\u00e9xico tra\u00e7ou um caminho claro e ambicioso rumo \u00e0 eletrifica\u00e7\u00e3o, consolidando-se como um ator estrat\u00e9gico na transforma\u00e7\u00e3o\",\"breadcrumb\":{\"@id\":\"https:\/\/latamobility.com\/general-motors-mexico-liderando-el-futuro-electrico\/#breadcrumb\"},\"inLanguage\":\"pt-BR\",\"potentialAction\":[{\"@type\":\"ReadAction\",\"target\":[\"https:\/\/latamobility.com\/general-motors-mexico-liderando-el-futuro-electrico\/\"]}]},{\"@type\":\"ImageObject\",\"inLanguage\":\"pt-BR\",\"@id\":\"https:\/\/latamobility.com\/general-motors-mexico-liderando-el-futuro-electrico\/#primaryimage\",\"url\":\"https:\/\/latamobility.com\/wp-content\/uploads\/2025\/09\/Chevrolet.jpg\",\"contentUrl\":\"https:\/\/latamobility.com\/wp-content\/uploads\/2025\/09\/Chevrolet.jpg\",\"width\":1280,\"height\":693,\"caption\":\"General Motors\"},{\"@type\":\"BreadcrumbList\",\"@id\":\"https:\/\/latamobility.com\/general-motors-mexico-liderando-el-futuro-electrico\/#breadcrumb\",\"itemListElement\":[{\"@type\":\"ListItem\",\"position\":1,\"name\":\"Portada\",\"item\":\"https:\/\/latamobility.com\/pt-br\/\"},{\"@type\":\"ListItem\",\"position\":2,\"name\":\"General Motors M\u00e9xico: Liderando o futuro el\u00e9trico com Vis\u00e3o, Tecnologia e Compromisso\"}]},{\"@type\":\"WebSite\",\"@id\":\"https:\/\/latamobility.com\/#website\",\"url\":\"https:\/\/latamobility.com\/\",\"name\":\"Latam Mobility\",\"description\":\"Serie de Eventos para promover la Movilidad y Transporte sostenible en Latinoam\u00e9rica\",\"publisher\":{\"@id\":\"https:\/\/latamobility.com\/#organization\"},\"potentialAction\":[{\"@type\":\"SearchAction\",\"target\":{\"@type\":\"EntryPoint\",\"urlTemplate\":\"https:\/\/latamobility.com\/?s={search_term_string}\"},\"query-input\":{\"@type\":\"PropertyValueSpecification\",\"valueRequired\":true,\"valueName\":\"search_term_string\"}}],\"inLanguage\":\"pt-BR\"},{\"@type\":\"Organization\",\"@id\":\"https:\/\/latamobility.com\/#organization\",\"name\":\"LATAM MOBILITY\",\"url\":\"https:\/\/latamobility.com\/\",\"logo\":{\"@type\":\"ImageObject\",\"inLanguage\":\"pt-BR\",\"@id\":\"https:\/\/latamobility.com\/#\/schema\/logo\/image\/\",\"url\":\"https:\/\/latamobility.com\/wp-content\/uploads\/2025\/01\/logos-LM-LG-2025-10.png\",\"contentUrl\":\"https:\/\/latamobility.com\/wp-content\/uploads\/2025\/01\/logos-LM-LG-2025-10.png\",\"width\":1080,\"height\":1080,\"caption\":\"LATAM MOBILITY\"},\"image\":{\"@id\":\"https:\/\/latamobility.com\/#\/schema\/logo\/image\/\"},\"sameAs\":[\"https:\/\/www.facebook.com\/latamobility\/\",\"https:\/\/x.com\/LataMobility\",\"https:\/\/www.instagram.com\/latamobility\/\",\"https:\/\/www.linkedin.com\/company\/latamobility\/\",\"https:\/\/www.youtube.com\/channel\/UCtcslRCRY0vITWaOQ1X0XUA\"]},{\"@type\":\"Person\",\"@id\":\"https:\/\/latamobility.com\/#\/schema\/person\/fda092a2de1f87d347784282908bad1a\",\"name\":\"Antonio Vilela\",\"image\":{\"@type\":\"ImageObject\",\"inLanguage\":\"pt-BR\",\"@id\":\"https:\/\/latamobility.com\/#\/schema\/person\/image\/\",\"url\":\"https:\/\/secure.gravatar.com\/avatar\/7eee8196fd2fda180806d7b41cd517f274d5ad3b9f65d873feb3ca7e2b3a72d2?s=96&d=mm&r=g\",\"contentUrl\":\"https:\/\/secure.gravatar.com\/avatar\/7eee8196fd2fda180806d7b41cd517f274d5ad3b9f65d873feb3ca7e2b3a72d2?s=96&d=mm&r=g\",\"caption\":\"Antonio Vilela\"}}]}<\/script>\n<!-- \/ Yoast SEO Premium plugin. -->","yoast_head_json":{"title":"General Motors M\u00e9xico: Liderando o futuro el\u00e9trico com Vis\u00e3o, Tecnologia e Compromisso - Latam Mobility","description":"General Motors M\u00e9xico tra\u00e7ou um caminho claro e ambicioso rumo \u00e0 eletrifica\u00e7\u00e3o, consolidando-se como um ator estrat\u00e9gico na transforma\u00e7\u00e3o","robots":{"index":"index","follow":"follow","max-snippet":"max-snippet:-1","max-image-preview":"max-image-preview:large","max-video-preview":"max-video-preview:-1"},"canonical":"https:\/\/latamobility.com\/general-motors-mexico-liderando-el-futuro-electrico\/","og_locale":"pt_BR","og_type":"article","og_title":"General Motors M\u00e9xico: Liderando o futuro el\u00e9trico com Vis\u00e3o, Tecnologia e Compromisso","og_description":"General Motors M\u00e9xico tra\u00e7ou um caminho claro e ambicioso rumo \u00e0 eletrifica\u00e7\u00e3o, consolidando-se como um ator estrat\u00e9gico na transforma\u00e7\u00e3o","og_url":"https:\/\/latamobility.com\/general-motors-mexico-liderando-el-futuro-electrico\/","og_site_name":"Latam Mobility","article_publisher":"https:\/\/www.facebook.com\/latamobility\/","article_published_time":"2025-10-01T10:05:00+00:00","og_image":[{"width":1280,"height":693,"url":"https:\/\/latamobility.com\/wp-content\/uploads\/2025\/09\/Chevrolet.jpg","type":"image\/jpeg"}],"author":"Antonio Vilela","twitter_card":"summary_large_image","twitter_description":"General Motors M\u00e9xico tra\u00e7ou um caminho claro e ambicioso rumo \u00e0 eletrifica\u00e7\u00e3o, consolidando-se como um ator estrat\u00e9gico na transforma\u00e7\u00e3o","twitter_creator":"@LataMobility","twitter_site":"@LataMobility","twitter_misc":{"Escrito por":"Antonio Vilela","Est. tempo de leitura":"4 minutos"},"schema":{"@context":"https:\/\/schema.org","@graph":[{"@type":"NewsArticle","@id":"https:\/\/latamobility.com\/general-motors-mexico-liderando-el-futuro-electrico\/#article","isPartOf":{"@id":"https:\/\/latamobility.com\/general-motors-mexico-liderando-el-futuro-electrico\/"},"author":{"name":"Antonio Vilela","@id":"https:\/\/latamobility.com\/#\/schema\/person\/fda092a2de1f87d347784282908bad1a"},"headline":"General Motors M\u00e9xico: Liderando o futuro el\u00e9trico com Vis\u00e3o, Tecnologia e Compromisso","datePublished":"2025-10-01T10:05:00+00:00","mainEntityOfPage":{"@id":"https:\/\/latamobility.com\/general-motors-mexico-liderando-el-futuro-electrico\/"},"wordCount":832,"commentCount":0,"publisher":{"@id":"https:\/\/latamobility.com\/#organization"},"image":{"@id":"https:\/\/latamobility.com\/general-motors-mexico-liderando-el-futuro-electrico\/#primaryimage"},"thumbnailUrl":"https:\/\/latamobility.com\/wp-content\/uploads\/2025\/09\/Chevrolet.jpg","keywords":["Chevrolet","General Motors","M\u00e9xico"],"articleSection":["Movilidad el\u00e9ctrica"],"inLanguage":"pt-BR","potentialAction":[{"@type":"CommentAction","name":"Comment","target":["https:\/\/latamobility.com\/general-motors-mexico-liderando-el-futuro-electrico\/#respond"]}]},{"@type":"WebPage","@id":"https:\/\/latamobility.com\/general-motors-mexico-liderando-el-futuro-electrico\/","url":"https:\/\/latamobility.com\/general-motors-mexico-liderando-el-futuro-electrico\/","name":"General Motors M\u00e9xico: Liderando o futuro el\u00e9trico com Vis\u00e3o, Tecnologia e Compromisso - Latam Mobility","isPartOf":{"@id":"https:\/\/latamobility.com\/#website"},"primaryImageOfPage":{"@id":"https:\/\/latamobility.com\/general-motors-mexico-liderando-el-futuro-electrico\/#primaryimage"},"image":{"@id":"https:\/\/latamobility.com\/general-motors-mexico-liderando-el-futuro-electrico\/#primaryimage"},"thumbnailUrl":"https:\/\/latamobility.com\/wp-content\/uploads\/2025\/09\/Chevrolet.jpg","datePublished":"2025-10-01T10:05:00+00:00","description":"General Motors M\u00e9xico tra\u00e7ou um caminho claro e ambicioso rumo \u00e0 eletrifica\u00e7\u00e3o, consolidando-se como um ator estrat\u00e9gico na transforma\u00e7\u00e3o","breadcrumb":{"@id":"https:\/\/latamobility.com\/general-motors-mexico-liderando-el-futuro-electrico\/#breadcrumb"},"inLanguage":"pt-BR","potentialAction":[{"@type":"ReadAction","target":["https:\/\/latamobility.com\/general-motors-mexico-liderando-el-futuro-electrico\/"]}]},{"@type":"ImageObject","inLanguage":"pt-BR","@id":"https:\/\/latamobility.com\/general-motors-mexico-liderando-el-futuro-electrico\/#primaryimage","url":"https:\/\/latamobility.com\/wp-content\/uploads\/2025\/09\/Chevrolet.jpg","contentUrl":"https:\/\/latamobility.com\/wp-content\/uploads\/2025\/09\/Chevrolet.jpg","width":1280,"height":693,"caption":"General Motors"},{"@type":"BreadcrumbList","@id":"https:\/\/latamobility.com\/general-motors-mexico-liderando-el-futuro-electrico\/#breadcrumb","itemListElement":[{"@type":"ListItem","position":1,"name":"Portada","item":"https:\/\/latamobility.com\/pt-br\/"},{"@type":"ListItem","position":2,"name":"General Motors M\u00e9xico: Liderando o futuro el\u00e9trico com Vis\u00e3o, Tecnologia e Compromisso"}]},{"@type":"WebSite","@id":"https:\/\/latamobility.com\/#website","url":"https:\/\/latamobility.com\/","name":"Latam Mobility","description":"Serie de Eventos para promover la Movilidad y Transporte sostenible en Latinoam\u00e9rica","publisher":{"@id":"https:\/\/latamobility.com\/#organization"},"potentialAction":[{"@type":"SearchAction","target":{"@type":"EntryPoint","urlTemplate":"https:\/\/latamobility.com\/?s={search_term_string}"},"query-input":{"@type":"PropertyValueSpecification","valueRequired":true,"valueName":"search_term_string"}}],"inLanguage":"pt-BR"},{"@type":"Organization","@id":"https:\/\/latamobility.com\/#organization","name":"LATAM MOBILITY","url":"https:\/\/latamobility.com\/","logo":{"@type":"ImageObject","inLanguage":"pt-BR","@id":"https:\/\/latamobility.com\/#\/schema\/logo\/image\/","url":"https:\/\/latamobility.com\/wp-content\/uploads\/2025\/01\/logos-LM-LG-2025-10.png","contentUrl":"https:\/\/latamobility.com\/wp-content\/uploads\/2025\/01\/logos-LM-LG-2025-10.png","width":1080,"height":1080,"caption":"LATAM MOBILITY"},"image":{"@id":"https:\/\/latamobility.com\/#\/schema\/logo\/image\/"},"sameAs":["https:\/\/www.facebook.com\/latamobility\/","https:\/\/x.com\/LataMobility","https:\/\/www.instagram.com\/latamobility\/","https:\/\/www.linkedin.com\/company\/latamobility\/","https:\/\/www.youtube.com\/channel\/UCtcslRCRY0vITWaOQ1X0XUA"]},{"@type":"Person","@id":"https:\/\/latamobility.com\/#\/schema\/person\/fda092a2de1f87d347784282908bad1a","name":"Antonio Vilela","image":{"@type":"ImageObject","inLanguage":"pt-BR","@id":"https:\/\/latamobility.com\/#\/schema\/person\/image\/","url":"https:\/\/secure.gravatar.com\/avatar\/7eee8196fd2fda180806d7b41cd517f274d5ad3b9f65d873feb3ca7e2b3a72d2?s=96&d=mm&r=g","contentUrl":"https:\/\/secure.gravatar.com\/avatar\/7eee8196fd2fda180806d7b41cd517f274d5ad3b9f65d873feb3ca7e2b3a72d2?s=96&d=mm&r=g","caption":"Antonio Vilela"}}]}},"_links":{"self":[{"href":"https:\/\/latamobility.com\/pt-br\/wp-json\/wp\/v2\/posts\/52304","targetHints":{"allow":["GET"]}}],"collection":[{"href":"https:\/\/latamobility.com\/pt-br\/wp-json\/wp\/v2\/posts"}],"about":[{"href":"https:\/\/latamobility.com\/pt-br\/wp-json\/wp\/v2\/types\/post"}],"author":[{"embeddable":true,"href":"https:\/\/latamobility.com\/pt-br\/wp-json\/wp\/v2\/users\/10"}],"replies":[{"embeddable":true,"href":"https:\/\/latamobility.com\/pt-br\/wp-json\/wp\/v2\/comments?post=52304"}],"version-history":[{"count":3,"href":"https:\/\/latamobility.com\/pt-br\/wp-json\/wp\/v2\/posts\/52304\/revisions"}],"predecessor-version":[{"id":52367,"href":"https:\/\/latamobility.com\/pt-br\/wp-json\/wp\/v2\/posts\/52304\/revisions\/52367"}],"wp:featuredmedia":[{"embeddable":true,"href":"https:\/\/latamobility.com\/pt-br\/wp-json\/wp\/v2\/media\/52199"}],"wp:attachment":[{"href":"https:\/\/latamobility.com\/pt-br\/wp-json\/wp\/v2\/media?parent=52304"}],"wp:term":[{"taxonomy":"category","embeddable":true,"href":"https:\/\/latamobility.com\/pt-br\/wp-json\/wp\/v2\/categories?post=52304"},{"taxonomy":"post_tag","embeddable":true,"href":"https:\/\/latamobility.com\/pt-br\/wp-json\/wp\/v2\/tags?post=52304"}],"curies":[{"name":"wp","href":"https:\/\/api.w.org\/{rel}","templated":true}]}}