{"id":52551,"date":"2025-10-14T05:05:00","date_gmt":"2025-10-14T10:05:00","guid":{"rendered":"https:\/\/latamobility.com\/?p=52551"},"modified":"2025-10-13T19:31:21","modified_gmt":"2025-10-14T00:31:21","slug":"latam-mobility-mexico-2025-governos-subnacionais-analisam-as-necessidades-para-implementar-planos-de-eletromobilidade-no-transporte","status":"publish","type":"post","link":"https:\/\/latamobility.com\/pt-br\/latam-mobility-mexico-2025-governos-subnacionais-analisam-as-necessidades-para-implementar-planos-de-eletromobilidade-no-transporte\/","title":{"rendered":"Latam Mobility M\u00e9xico 2025: governos subnacionais analisam as necessidades para implementar planos de eletromobilidade no transporte"},"content":{"rendered":"\n<p>As discuss\u00f5es e an\u00e1lises no \u00e2mbito da \u201c<strong>Latam Mobility M\u00e9xico 2025<\/strong>\u201d tiveram in\u00edcio com o painel \u201c<strong>Plano de a\u00e7\u00e3o diante do novo cen\u00e1rio de descarboniza\u00e7\u00e3o na Mobilidade Sustent\u00e1vel no M\u00e9xico<\/strong>\u201d, um di\u00e1logo de alto n\u00edvel que reuniu secret\u00e1rios de estado e representantes internacionais para analisar o marco regulat\u00f3rio e as pol\u00edticas p\u00fablicas necess\u00e1rias para impulsionar uma transi\u00e7\u00e3o eficaz do transporte.<\/p>\n\n\n\n<p>O debate, moderado por <strong>Adriana de Almeida Lobo<\/strong>, diretora-gerente do <strong>World Resources Institute<\/strong> (WRI), contou com a participa\u00e7\u00e3o de <strong>Daniel Sibaja<\/strong>, secret\u00e1rio de Mobilidade do Estado do M\u00e9xico; <strong>H\u00e9ctor Ulises Garc\u00eda<\/strong>, secret\u00e1rio de Mobilidade da Cidade do M\u00e9xico; <strong>Manuel Herrera<\/strong>, secret\u00e1rio de Desenvolvimento Energ\u00e9tico Sustent\u00e1vel de Jalisco; e <strong>Gabriela de la Torre<\/strong>, chefe de Ve\u00edculos com Emiss\u00e3o Zero na LATAM para <strong>C40 Cities<\/strong>.<\/p>\n\n\n\n<p><strong>Voc\u00ea tamb\u00e9m pode se interessar por<\/strong> | <strong><a href=\"https:\/\/latamobility.com\/pt-br\/micromobilidade-na-capital-asteca-novas-regras-velhos-desafios-de-infraestrutura\/\">Micromobilidade na Cidade do M\u00e9xico: novas regras, velhos desafios de infraestrutura<\/a><\/strong><\/p>\n\n\n\n<h2 class=\"wp-block-heading\" id=\"h-da-coordenacao-a-integracao-metropolitana\">Da coordena\u00e7\u00e3o \u00e0 integra\u00e7\u00e3o metropolitana<\/h2>\n\n\n\n<p>A sess\u00e3o come\u00e7ou com uma an\u00e1lise sobre a necessidade de uma vis\u00e3o de mobilidade que transcenda a eletromobilidade e aborde um ecossistema diversificado.<\/p>\n\n\n\n<p>A esse respeito, <strong>Daniel Sibaja<\/strong> destacou a urg\u00eancia de entender a Zona Metropolitana do Vale do M\u00e9xico como uma grande metr\u00f3pole. \u201cO Estado do M\u00e9xico deve copiar as boas pr\u00e1ticas da Cidade do M\u00e9xico. <strong>Temos um atraso de 35 ou 40 anos<\/strong>, o que vemos como uma oportunidade para implementar sistemas de mobilidade em curto prazo\u201d, afirmou.<\/p>\n\n\n\n<p>Sibaja apresentou o sistema \u201c<strong>Movimix<\/strong>\u201d do Estado do M\u00e9xico, baseado na intermodalidade, na gratuidade das baldea\u00e7\u00f5es e na integra\u00e7\u00e3o tarif\u00e1ria. Ele destacou marcos como a conex\u00e3o em <strong>Indios Verdes<\/strong>, onde os usu\u00e1rios podem utilizar o cart\u00e3o de mobilidade da CDMX em sistemas como o metr\u00f4, o Metrob\u00fas, o Mexib\u00fas e o Cableb\u00fas.<\/p>\n\n\n\n<p>\u201cA mobilidade come\u00e7a a ser uma mobilidade metropolitana interconectada e a\u00ed est\u00e1 o grande desafio\u201d, disse ele, anunciando um investimento de cerca de 10 bilh\u00f5es de pesos em tr\u00eas novas linhas de <strong>BRT <\/strong>(<em>Bus Rapid Transit<\/em>) para o estado.<\/p>\n\n\n\n<p>Por sua vez, <strong>H\u00e9ctor Ulises Garc\u00eda<\/strong> prop\u00f4s <strong>evoluir do conceito de coordena\u00e7\u00e3o metropolitana<\/strong> para um de integra\u00e7\u00e3o em uma \u201cgrande megal\u00f3pole\u201d. Ele enfatizou que a vis\u00e3o da Cidade do M\u00e9xico se concentra em <strong>fortalecer o transporte p\u00fablico, renovar a frota de ve\u00edculos para el\u00e9tricos e promover a micromobilidade<\/strong> com uma expans\u00e3o significativa das ciclovias.<\/p>\n\n\n\n<p>\u201cNossa proposta \u00e9 se \u00e9 necess\u00e1rio avan\u00e7ar al\u00e9m da coordena\u00e7\u00e3o para uma integra\u00e7\u00e3o. <strong>Hoje n\u00e3o existem mais barreiras f\u00edsicas ou territoriais porque a mobilidade as ultrapassa<\/strong>\u201d, afirmou.<\/p>\n\n\n\n<p>Garc\u00eda detalhou projetos-chave como a <strong>constru\u00e7\u00e3o de cinco novas linhas de Cableb\u00fas, a renova\u00e7\u00e3o das linhas de tr\u00f3lebus, a duplica\u00e7\u00e3o da capacidade do Trem Leve e a moderniza\u00e7\u00e3o do Metr\u00f4<\/strong>, com o objetivo de criar uma \u201cmobilidade inteligente\u201d que inclua semaforiza\u00e7\u00e3o adaptativa e uso de dados para um planejamento flex\u00edvel.<\/p>\n\n\n\n<h2 class=\"wp-block-heading\" id=\"h-garantir-o-fornecimento-para-a-eletromobilidade\">Garantir o fornecimento para a eletromobilidade<\/h2>\n\n\n\n<p>O painel tamb\u00e9m abordou um dos maiores gargalos para a transi\u00e7\u00e3o: a<strong> infraestrutura energ\u00e9tica<\/strong>.<\/p>\n\n\n\n<p><strong>Manuel Herrera<\/strong>, representante de Jalisco, explicou que a demanda energ\u00e9tica disparou globalmente, tornando-se um fator decisivo para atrair investimentos. \u201cHoje, a primeira pergunta dos investidores para chegar a uma cidade \u00e9 se h\u00e1 energia e se h\u00e1 \u00e1gua\u201d, afirmou.<\/p>\n\n\n\n<p>Herrera exp\u00f4s os tr\u00eas objetivos da nova Secretaria de Desenvolvimento Energ\u00e9tico Sustent\u00e1vel de Jalisco: <strong>garantir o fornecimento de energia, aumentar a competitividade com energias renov\u00e1veis e acelerar a transi\u00e7\u00e3o<\/strong> para reduzir as emiss\u00f5es.<\/p>\n\n\n\n<p>Ele anunciou que as novas linhas do <strong>Trem Leve em Guadalajara<\/strong> (Linha 4 e a futura Linha 5 para o aeroporto) operar\u00e3o com energia renov\u00e1vel e 100% el\u00e9trica, respectivamente.<\/p>\n\n\n\n<p>Al\u00e9m disso, destacou <strong>o potencial da gera\u00e7\u00e3o distribu\u00edda e do autoconsumo<\/strong>, permitidos pela nova legisla\u00e7\u00e3o, para impulsionar a infraestrutura de carga. \u201cTemos que garantir o abastecimento para a eletromobilidade. As linhas de transmiss\u00e3o est\u00e3o ficando saturadas\u201d, alertou.<\/p>\n\n\n\n<figure class=\"wp-block-image size-large\"><img fetchpriority=\"high\" decoding=\"async\" width=\"1024\" height=\"682\" src=\"https:\/\/latamobility.com\/wp-content\/uploads\/2025\/10\/Panel-1c-1024x682.jpg\" alt=\"M\u00e9xico\" class=\"wp-image-52600\" srcset=\"https:\/\/latamobility.com\/wp-content\/uploads\/2025\/10\/Panel-1c-1024x682.jpg 1024w, https:\/\/latamobility.com\/wp-content\/uploads\/2025\/10\/Panel-1c-300x200.jpg 300w, https:\/\/latamobility.com\/wp-content\/uploads\/2025\/10\/Panel-1c-768x512.jpg 768w, https:\/\/latamobility.com\/wp-content\/uploads\/2025\/10\/Panel-1c.jpg 1280w\" sizes=\"(max-width: 1024px) 100vw, 1024px\" \/><\/figure>\n\n\n\n<h2 class=\"wp-block-heading\" id=\"h-oportunidades-climaticas-e-economicas\">Oportunidades clim\u00e1ticas e econ\u00f4micas<\/h2>\n\n\n\n<p><strong>Gabriela de la Torre<\/strong>, representante da rede <strong>C40 Cities<\/strong>, contribuiu com uma perspectiva regional e destacou que a <strong>eletromobilidade deve ser um meio<\/strong>, n\u00e3o um fim, dentro de uma vis\u00e3o de cidade centrada nas pessoas.<\/p>\n\n\n\n<p>\u201cPrecisamos dessa vis\u00e3o de cidade centrada nas pessoas. E para que seja centrada nas pessoas, ela precisa ser responsiva \u00e0s necessidades\u201d, afirmou.<\/p>\n\n\n\n<p>Ela enfatizou que a transi\u00e7\u00e3o representa <strong>uma oportunidade para a formaliza\u00e7\u00e3o do setor de transportes<\/strong>, <strong>a gera\u00e7\u00e3o de empregos verdes e o desenvolvimento econ\u00f4mico<\/strong>.<\/p>\n\n\n\n<p>Ele citou como exemplos os programas do <strong>Brasil <\/strong>e da <strong>Col\u00f4mbia<\/strong>, onde os governos federais estabeleceram <strong>mecanismos de cofinanciamento e metas ambiciosas para a descarboniza\u00e7\u00e3o do transporte p\u00fablico e de carga<\/strong>.<\/p>\n\n\n\n<p>\u201cA eletromobilidade \u00e9 uma grande oportunidade que o setor de transportes tem para sua formaliza\u00e7\u00e3o. Isso implica uma transi\u00e7\u00e3o completa institucional, pol\u00edtica e de sua governan\u00e7a\u201d, afirmou.<\/p>\n\n\n\n<figure class=\"wp-block-image size-large\"><img decoding=\"async\" width=\"1024\" height=\"682\" src=\"https:\/\/latamobility.com\/wp-content\/uploads\/2025\/10\/panel_1d-1024x682.jpg\" alt=\"M\u00e9xico\" class=\"wp-image-52603\" srcset=\"https:\/\/latamobility.com\/wp-content\/uploads\/2025\/10\/panel_1d-1024x682.jpg 1024w, https:\/\/latamobility.com\/wp-content\/uploads\/2025\/10\/panel_1d-300x200.jpg 300w, https:\/\/latamobility.com\/wp-content\/uploads\/2025\/10\/panel_1d-768x512.jpg 768w, https:\/\/latamobility.com\/wp-content\/uploads\/2025\/10\/panel_1d.jpg 1280w\" sizes=\"(max-width: 1024px) 100vw, 1024px\" \/><figcaption class=\"wp-element-caption\">H\u00e9ctor Garc\u00eda, Gabriela de la Torre, Adriana de Almeida, Manuel Herrera y Daniel Sibaja <\/figcaption><\/figure>\n\n\n\n<h2 class=\"wp-block-heading\" id=\"h-abordagens-para-o-futuro\">Abordagens para o futuro<\/h2>\n\n\n\n<p>Na rodada de encerramento, os palestrantes concordaram com a necessidade de aumentar a ambi\u00e7\u00e3o e a colabora\u00e7\u00e3o.<\/p>\n\n\n\n<p><strong>Daniel Sibaja<\/strong> reiterou a disposi\u00e7\u00e3o do Estado do M\u00e9xico em aprender com as boas pr\u00e1ticas e construir um modelo de gest\u00e3o bem-sucedido, enquanto <strong>H\u00e9ctor Ulises Garc\u00eda<\/strong> destacou que o foco deve estar na transforma\u00e7\u00e3o das <strong>mais de 34,7 milh\u00f5es de viagens di\u00e1rias<\/strong> na metr\u00f3pole por meio de uma mobilidade inteligente e integrada.<\/p>\n\n\n\n<p>Por sua vez, <strong>Manuel Herrera<\/strong> destacou os quatro eixos de Jalisco: <strong>garantir que a eletromobilidade use energia limpa, promover a reconvers\u00e3o veicular, migrar as frotas governamentais e aproveitar o ecossistema tecnol\u00f3gico local<\/strong> para gerar inova\u00e7\u00e3o e emprego.<\/p>\n\n\n\n<p>Por fim, <strong>Gabriela de la Torre<\/strong> fez um apelo para pensar a mobilidade com uma \u201clente clim\u00e1tica\u201d: \u201cTemos que ser <strong>muito mais ambiciosos e apostar em tecnologias 100% zero emiss\u00f5es<\/strong>. O objetivo \u00e9 que as pessoas tenham um ar mais limpo, cidades menos congestionadas e sistemas de transporte mais eficientes\u201d.<\/p>\n\n\n\n<p>O painel foi encerrado com uma mensagem un\u00e2nime: <strong>a descarboniza\u00e7\u00e3o do transporte no M\u00e9xico \u00e9 um imperativo clim\u00e1tico<\/strong> e uma poderosa alavanca para melhorar a qualidade de vida das pessoas, a competitividade econ\u00f4mica e a justi\u00e7a social, exigindo uma a\u00e7\u00e3o concertada e ousada entre todos os n\u00edveis do governo e o setor privado.<\/p>\n","protected":false},"excerpt":{"rendered":"<p>As discuss\u00f5es e an\u00e1lises no \u00e2mbito da \u201cLatam Mobility M\u00e9xico 2025\u201d tiveram in\u00edcio com o painel \u201cPlano de a\u00e7\u00e3o diante do novo cen\u00e1rio de descarboniza\u00e7\u00e3o na Mobilidade Sustent\u00e1vel no M\u00e9xico\u201d, um di\u00e1logo de alto n\u00edvel que reuniu secret\u00e1rios de estado e representantes internacionais para analisar o marco regulat\u00f3rio e as pol\u00edticas p\u00fablicas necess\u00e1rias para impulsionar&#8230;<\/p>\n","protected":false},"author":10,"featured_media":52597,"comment_status":"open","ping_status":"closed","sticky":false,"template":"","format":"standard","meta":{"_kad_post_transparent":"","_kad_post_title":"","_kad_post_layout":"","_kad_post_sidebar_id":"","_kad_post_content_style":"","_kad_post_vertical_padding":"","_kad_post_feature":"","_kad_post_feature_position":"","_kad_post_header":false,"_kad_post_footer":false,"_kad_post_classname":"","footnotes":""},"categories":[2972],"tags":[3399,3356,2359],"class_list":["post-52551","post","type-post","status-publish","format-standard","has-post-thumbnail","hentry","category-encuentros-movilidad-sostenible-pt-br","tag-latam-mobility-mexico-2025-4","tag-mexico-pt-br","tag-movilidad-electrica-pt-br"],"yoast_head":"<!-- This site is optimized with the Yoast SEO Premium plugin v22.7 (Yoast SEO v27.4) - https:\/\/yoast.com\/product\/yoast-seo-premium-wordpress\/ -->\n<title>Latam Mobility M\u00e9xico 2025: governos subnacionais analisam as necessidades para implementar planos de eletromobilidade no transporte - Latam Mobility<\/title>\n<meta name=\"description\" content=\"As discuss\u00f5es come\u00e7aram com o painel \u201cPlano de a\u00e7\u00e3o diante do novo cen\u00e1rio de descarboniza\u00e7\u00e3o na Mobilidade Sustent\u00e1vel no M\u00e9xico\u201d\" \/>\n<meta name=\"robots\" content=\"index, follow, max-snippet:-1, max-image-preview:large, max-video-preview:-1\" \/>\n<link rel=\"canonical\" href=\"https:\/\/latamobility.com\/latam-mobility-mexico-2025-gobiernos-analizan-necesidades-planes-electromovilidad-transporte\/\" \/>\n<meta property=\"og:locale\" content=\"pt_BR\" \/>\n<meta property=\"og:type\" content=\"article\" \/>\n<meta property=\"og:title\" content=\"Latam Mobility M\u00e9xico 2025: governos subnacionais analisam as necessidades para implementar planos de eletromobilidade no transporte\" \/>\n<meta property=\"og:description\" content=\"As discuss\u00f5es come\u00e7aram com o painel \u201cPlano de a\u00e7\u00e3o diante do novo cen\u00e1rio de descarboniza\u00e7\u00e3o na Mobilidade Sustent\u00e1vel no M\u00e9xico\u201d\" \/>\n<meta property=\"og:url\" content=\"https:\/\/latamobility.com\/latam-mobility-mexico-2025-gobiernos-analizan-necesidades-planes-electromovilidad-transporte\/\" \/>\n<meta property=\"og:site_name\" content=\"Latam Mobility\" \/>\n<meta property=\"article:publisher\" content=\"https:\/\/www.facebook.com\/latamobility\/\" \/>\n<meta property=\"article:published_time\" content=\"2025-10-14T10:05:00+00:00\" \/>\n<meta property=\"og:image\" content=\"https:\/\/latamobility.com\/wp-content\/uploads\/2025\/10\/Panel-1b.jpg\" \/>\n\t<meta property=\"og:image:width\" content=\"1280\" \/>\n\t<meta property=\"og:image:height\" content=\"853\" \/>\n\t<meta property=\"og:image:type\" content=\"image\/jpeg\" \/>\n<meta name=\"author\" content=\"Antonio Vilela\" \/>\n<meta name=\"twitter:card\" content=\"summary_large_image\" \/>\n<meta name=\"twitter:description\" content=\"As discuss\u00f5es come\u00e7aram com o painel \u201cPlano de a\u00e7\u00e3o diante do novo cen\u00e1rio de descarboniza\u00e7\u00e3o na Mobilidade Sustent\u00e1vel no M\u00e9xico\u201d\" \/>\n<meta name=\"twitter:creator\" content=\"@LataMobility\" \/>\n<meta name=\"twitter:site\" content=\"@LataMobility\" \/>\n<meta name=\"twitter:label1\" content=\"Escrito por\" \/>\n\t<meta name=\"twitter:data1\" content=\"Antonio Vilela\" \/>\n\t<meta name=\"twitter:label2\" content=\"Est. tempo de leitura\" \/>\n\t<meta name=\"twitter:data2\" content=\"6 minutos\" \/>\n<script type=\"application\/ld+json\" class=\"yoast-schema-graph\">{\"@context\":\"https:\\\/\\\/schema.org\",\"@graph\":[{\"@type\":\"NewsArticle\",\"@id\":\"https:\\\/\\\/latamobility.com\\\/latam-mobility-mexico-2025-gobiernos-analizan-necesidades-planes-electromovilidad-transporte\\\/#article\",\"isPartOf\":{\"@id\":\"https:\\\/\\\/latamobility.com\\\/latam-mobility-mexico-2025-gobiernos-analizan-necesidades-planes-electromovilidad-transporte\\\/\"},\"author\":{\"name\":\"Antonio Vilela\",\"@id\":\"https:\\\/\\\/latamobility.com\\\/#\\\/schema\\\/person\\\/fda092a2de1f87d347784282908bad1a\"},\"headline\":\"Latam Mobility M\u00e9xico 2025: governos subnacionais analisam as necessidades para implementar planos de eletromobilidade no transporte\",\"datePublished\":\"2025-10-14T10:05:00+00:00\",\"mainEntityOfPage\":{\"@id\":\"https:\\\/\\\/latamobility.com\\\/latam-mobility-mexico-2025-gobiernos-analizan-necesidades-planes-electromovilidad-transporte\\\/\"},\"wordCount\":1122,\"commentCount\":0,\"publisher\":{\"@id\":\"https:\\\/\\\/latamobility.com\\\/#organization\"},\"image\":{\"@id\":\"https:\\\/\\\/latamobility.com\\\/latam-mobility-mexico-2025-gobiernos-analizan-necesidades-planes-electromovilidad-transporte\\\/#primaryimage\"},\"thumbnailUrl\":\"https:\\\/\\\/latamobility.com\\\/wp-content\\\/uploads\\\/2025\\\/10\\\/Panel-1b.jpg\",\"keywords\":[\"Latam Mobility M\u00e9xico 2025\",\"M\u00e9xico\",\"Movilidad el\u00e9ctrica\"],\"articleSection\":[\"Encuentros\"],\"inLanguage\":\"pt-BR\",\"potentialAction\":[{\"@type\":\"CommentAction\",\"name\":\"Comment\",\"target\":[\"https:\\\/\\\/latamobility.com\\\/latam-mobility-mexico-2025-gobiernos-analizan-necesidades-planes-electromovilidad-transporte\\\/#respond\"]}]},{\"@type\":\"WebPage\",\"@id\":\"https:\\\/\\\/latamobility.com\\\/latam-mobility-mexico-2025-gobiernos-analizan-necesidades-planes-electromovilidad-transporte\\\/\",\"url\":\"https:\\\/\\\/latamobility.com\\\/latam-mobility-mexico-2025-gobiernos-analizan-necesidades-planes-electromovilidad-transporte\\\/\",\"name\":\"Latam Mobility M\u00e9xico 2025: governos subnacionais analisam as necessidades para implementar planos de eletromobilidade no transporte - Latam Mobility\",\"isPartOf\":{\"@id\":\"https:\\\/\\\/latamobility.com\\\/#website\"},\"primaryImageOfPage\":{\"@id\":\"https:\\\/\\\/latamobility.com\\\/latam-mobility-mexico-2025-gobiernos-analizan-necesidades-planes-electromovilidad-transporte\\\/#primaryimage\"},\"image\":{\"@id\":\"https:\\\/\\\/latamobility.com\\\/latam-mobility-mexico-2025-gobiernos-analizan-necesidades-planes-electromovilidad-transporte\\\/#primaryimage\"},\"thumbnailUrl\":\"https:\\\/\\\/latamobility.com\\\/wp-content\\\/uploads\\\/2025\\\/10\\\/Panel-1b.jpg\",\"datePublished\":\"2025-10-14T10:05:00+00:00\",\"description\":\"As discuss\u00f5es come\u00e7aram com o painel \u201cPlano de a\u00e7\u00e3o diante do novo cen\u00e1rio de descarboniza\u00e7\u00e3o na Mobilidade Sustent\u00e1vel no M\u00e9xico\u201d\",\"breadcrumb\":{\"@id\":\"https:\\\/\\\/latamobility.com\\\/latam-mobility-mexico-2025-gobiernos-analizan-necesidades-planes-electromovilidad-transporte\\\/#breadcrumb\"},\"inLanguage\":\"pt-BR\",\"potentialAction\":[{\"@type\":\"ReadAction\",\"target\":[\"https:\\\/\\\/latamobility.com\\\/latam-mobility-mexico-2025-gobiernos-analizan-necesidades-planes-electromovilidad-transporte\\\/\"]}]},{\"@type\":\"ImageObject\",\"inLanguage\":\"pt-BR\",\"@id\":\"https:\\\/\\\/latamobility.com\\\/latam-mobility-mexico-2025-gobiernos-analizan-necesidades-planes-electromovilidad-transporte\\\/#primaryimage\",\"url\":\"https:\\\/\\\/latamobility.com\\\/wp-content\\\/uploads\\\/2025\\\/10\\\/Panel-1b.jpg\",\"contentUrl\":\"https:\\\/\\\/latamobility.com\\\/wp-content\\\/uploads\\\/2025\\\/10\\\/Panel-1b.jpg\",\"width\":1280,\"height\":853,\"caption\":\"M\u00e9xico\"},{\"@type\":\"BreadcrumbList\",\"@id\":\"https:\\\/\\\/latamobility.com\\\/latam-mobility-mexico-2025-gobiernos-analizan-necesidades-planes-electromovilidad-transporte\\\/#breadcrumb\",\"itemListElement\":[{\"@type\":\"ListItem\",\"position\":1,\"name\":\"Portada\",\"item\":\"https:\\\/\\\/latamobility.com\\\/pt-br\\\/\"},{\"@type\":\"ListItem\",\"position\":2,\"name\":\"Latam Mobility M\u00e9xico 2025: governos subnacionais analisam as necessidades para implementar planos de eletromobilidade no transporte\"}]},{\"@type\":\"WebSite\",\"@id\":\"https:\\\/\\\/latamobility.com\\\/#website\",\"url\":\"https:\\\/\\\/latamobility.com\\\/\",\"name\":\"Latam Mobility\",\"description\":\"Serie de Eventos para promover la Movilidad y Transporte sostenible en Latinoam\u00e9rica\",\"publisher\":{\"@id\":\"https:\\\/\\\/latamobility.com\\\/#organization\"},\"potentialAction\":[{\"@type\":\"SearchAction\",\"target\":{\"@type\":\"EntryPoint\",\"urlTemplate\":\"https:\\\/\\\/latamobility.com\\\/?s={search_term_string}\"},\"query-input\":{\"@type\":\"PropertyValueSpecification\",\"valueRequired\":true,\"valueName\":\"search_term_string\"}}],\"inLanguage\":\"pt-BR\"},{\"@type\":\"Organization\",\"@id\":\"https:\\\/\\\/latamobility.com\\\/#organization\",\"name\":\"LATAM MOBILITY\",\"url\":\"https:\\\/\\\/latamobility.com\\\/\",\"logo\":{\"@type\":\"ImageObject\",\"inLanguage\":\"pt-BR\",\"@id\":\"https:\\\/\\\/latamobility.com\\\/#\\\/schema\\\/logo\\\/image\\\/\",\"url\":\"https:\\\/\\\/latamobility.com\\\/wp-content\\\/uploads\\\/2025\\\/01\\\/logos-LM-LG-2025-10.png\",\"contentUrl\":\"https:\\\/\\\/latamobility.com\\\/wp-content\\\/uploads\\\/2025\\\/01\\\/logos-LM-LG-2025-10.png\",\"width\":1080,\"height\":1080,\"caption\":\"LATAM MOBILITY\"},\"image\":{\"@id\":\"https:\\\/\\\/latamobility.com\\\/#\\\/schema\\\/logo\\\/image\\\/\"},\"sameAs\":[\"https:\\\/\\\/www.facebook.com\\\/latamobility\\\/\",\"https:\\\/\\\/x.com\\\/LataMobility\",\"https:\\\/\\\/www.instagram.com\\\/latamobility\\\/\",\"https:\\\/\\\/www.linkedin.com\\\/company\\\/latamobility\\\/\",\"https:\\\/\\\/www.youtube.com\\\/channel\\\/UCtcslRCRY0vITWaOQ1X0XUA\"]},{\"@type\":\"Person\",\"@id\":\"https:\\\/\\\/latamobility.com\\\/#\\\/schema\\\/person\\\/fda092a2de1f87d347784282908bad1a\",\"name\":\"Antonio Vilela\",\"image\":{\"@type\":\"ImageObject\",\"inLanguage\":\"pt-BR\",\"@id\":\"https:\\\/\\\/secure.gravatar.com\\\/avatar\\\/7eee8196fd2fda180806d7b41cd517f274d5ad3b9f65d873feb3ca7e2b3a72d2?s=96&d=mm&r=g\",\"url\":\"https:\\\/\\\/secure.gravatar.com\\\/avatar\\\/7eee8196fd2fda180806d7b41cd517f274d5ad3b9f65d873feb3ca7e2b3a72d2?s=96&d=mm&r=g\",\"contentUrl\":\"https:\\\/\\\/secure.gravatar.com\\\/avatar\\\/7eee8196fd2fda180806d7b41cd517f274d5ad3b9f65d873feb3ca7e2b3a72d2?s=96&d=mm&r=g\",\"caption\":\"Antonio Vilela\"}}]}<\/script>\n<!-- \/ Yoast SEO Premium plugin. -->","yoast_head_json":{"title":"Latam Mobility M\u00e9xico 2025: governos subnacionais analisam as necessidades para implementar planos de eletromobilidade no transporte - Latam Mobility","description":"As discuss\u00f5es come\u00e7aram com o painel \u201cPlano de a\u00e7\u00e3o diante do novo cen\u00e1rio de descarboniza\u00e7\u00e3o na Mobilidade Sustent\u00e1vel no M\u00e9xico\u201d","robots":{"index":"index","follow":"follow","max-snippet":"max-snippet:-1","max-image-preview":"max-image-preview:large","max-video-preview":"max-video-preview:-1"},"canonical":"https:\/\/latamobility.com\/latam-mobility-mexico-2025-gobiernos-analizan-necesidades-planes-electromovilidad-transporte\/","og_locale":"pt_BR","og_type":"article","og_title":"Latam Mobility M\u00e9xico 2025: governos subnacionais analisam as necessidades para implementar planos de eletromobilidade no transporte","og_description":"As discuss\u00f5es come\u00e7aram com o painel \u201cPlano de a\u00e7\u00e3o diante do novo cen\u00e1rio de descarboniza\u00e7\u00e3o na Mobilidade Sustent\u00e1vel no M\u00e9xico\u201d","og_url":"https:\/\/latamobility.com\/latam-mobility-mexico-2025-gobiernos-analizan-necesidades-planes-electromovilidad-transporte\/","og_site_name":"Latam Mobility","article_publisher":"https:\/\/www.facebook.com\/latamobility\/","article_published_time":"2025-10-14T10:05:00+00:00","og_image":[{"width":1280,"height":853,"url":"https:\/\/latamobility.com\/wp-content\/uploads\/2025\/10\/Panel-1b.jpg","type":"image\/jpeg"}],"author":"Antonio Vilela","twitter_card":"summary_large_image","twitter_description":"As discuss\u00f5es come\u00e7aram com o painel \u201cPlano de a\u00e7\u00e3o diante do novo cen\u00e1rio de descarboniza\u00e7\u00e3o na Mobilidade Sustent\u00e1vel no M\u00e9xico\u201d","twitter_creator":"@LataMobility","twitter_site":"@LataMobility","twitter_misc":{"Escrito por":"Antonio Vilela","Est. tempo de leitura":"6 minutos"},"schema":{"@context":"https:\/\/schema.org","@graph":[{"@type":"NewsArticle","@id":"https:\/\/latamobility.com\/latam-mobility-mexico-2025-gobiernos-analizan-necesidades-planes-electromovilidad-transporte\/#article","isPartOf":{"@id":"https:\/\/latamobility.com\/latam-mobility-mexico-2025-gobiernos-analizan-necesidades-planes-electromovilidad-transporte\/"},"author":{"name":"Antonio Vilela","@id":"https:\/\/latamobility.com\/#\/schema\/person\/fda092a2de1f87d347784282908bad1a"},"headline":"Latam Mobility M\u00e9xico 2025: governos subnacionais analisam as necessidades para implementar planos de eletromobilidade no transporte","datePublished":"2025-10-14T10:05:00+00:00","mainEntityOfPage":{"@id":"https:\/\/latamobility.com\/latam-mobility-mexico-2025-gobiernos-analizan-necesidades-planes-electromovilidad-transporte\/"},"wordCount":1122,"commentCount":0,"publisher":{"@id":"https:\/\/latamobility.com\/#organization"},"image":{"@id":"https:\/\/latamobility.com\/latam-mobility-mexico-2025-gobiernos-analizan-necesidades-planes-electromovilidad-transporte\/#primaryimage"},"thumbnailUrl":"https:\/\/latamobility.com\/wp-content\/uploads\/2025\/10\/Panel-1b.jpg","keywords":["Latam Mobility M\u00e9xico 2025","M\u00e9xico","Movilidad el\u00e9ctrica"],"articleSection":["Encuentros"],"inLanguage":"pt-BR","potentialAction":[{"@type":"CommentAction","name":"Comment","target":["https:\/\/latamobility.com\/latam-mobility-mexico-2025-gobiernos-analizan-necesidades-planes-electromovilidad-transporte\/#respond"]}]},{"@type":"WebPage","@id":"https:\/\/latamobility.com\/latam-mobility-mexico-2025-gobiernos-analizan-necesidades-planes-electromovilidad-transporte\/","url":"https:\/\/latamobility.com\/latam-mobility-mexico-2025-gobiernos-analizan-necesidades-planes-electromovilidad-transporte\/","name":"Latam Mobility M\u00e9xico 2025: governos subnacionais analisam as necessidades para implementar planos de eletromobilidade no transporte - Latam Mobility","isPartOf":{"@id":"https:\/\/latamobility.com\/#website"},"primaryImageOfPage":{"@id":"https:\/\/latamobility.com\/latam-mobility-mexico-2025-gobiernos-analizan-necesidades-planes-electromovilidad-transporte\/#primaryimage"},"image":{"@id":"https:\/\/latamobility.com\/latam-mobility-mexico-2025-gobiernos-analizan-necesidades-planes-electromovilidad-transporte\/#primaryimage"},"thumbnailUrl":"https:\/\/latamobility.com\/wp-content\/uploads\/2025\/10\/Panel-1b.jpg","datePublished":"2025-10-14T10:05:00+00:00","description":"As discuss\u00f5es come\u00e7aram com o painel \u201cPlano de a\u00e7\u00e3o diante do novo cen\u00e1rio de descarboniza\u00e7\u00e3o na Mobilidade Sustent\u00e1vel no M\u00e9xico\u201d","breadcrumb":{"@id":"https:\/\/latamobility.com\/latam-mobility-mexico-2025-gobiernos-analizan-necesidades-planes-electromovilidad-transporte\/#breadcrumb"},"inLanguage":"pt-BR","potentialAction":[{"@type":"ReadAction","target":["https:\/\/latamobility.com\/latam-mobility-mexico-2025-gobiernos-analizan-necesidades-planes-electromovilidad-transporte\/"]}]},{"@type":"ImageObject","inLanguage":"pt-BR","@id":"https:\/\/latamobility.com\/latam-mobility-mexico-2025-gobiernos-analizan-necesidades-planes-electromovilidad-transporte\/#primaryimage","url":"https:\/\/latamobility.com\/wp-content\/uploads\/2025\/10\/Panel-1b.jpg","contentUrl":"https:\/\/latamobility.com\/wp-content\/uploads\/2025\/10\/Panel-1b.jpg","width":1280,"height":853,"caption":"M\u00e9xico"},{"@type":"BreadcrumbList","@id":"https:\/\/latamobility.com\/latam-mobility-mexico-2025-gobiernos-analizan-necesidades-planes-electromovilidad-transporte\/#breadcrumb","itemListElement":[{"@type":"ListItem","position":1,"name":"Portada","item":"https:\/\/latamobility.com\/pt-br\/"},{"@type":"ListItem","position":2,"name":"Latam Mobility M\u00e9xico 2025: governos subnacionais analisam as necessidades para implementar planos de eletromobilidade no transporte"}]},{"@type":"WebSite","@id":"https:\/\/latamobility.com\/#website","url":"https:\/\/latamobility.com\/","name":"Latam Mobility","description":"Serie de Eventos para promover la Movilidad y Transporte sostenible en Latinoam\u00e9rica","publisher":{"@id":"https:\/\/latamobility.com\/#organization"},"potentialAction":[{"@type":"SearchAction","target":{"@type":"EntryPoint","urlTemplate":"https:\/\/latamobility.com\/?s={search_term_string}"},"query-input":{"@type":"PropertyValueSpecification","valueRequired":true,"valueName":"search_term_string"}}],"inLanguage":"pt-BR"},{"@type":"Organization","@id":"https:\/\/latamobility.com\/#organization","name":"LATAM MOBILITY","url":"https:\/\/latamobility.com\/","logo":{"@type":"ImageObject","inLanguage":"pt-BR","@id":"https:\/\/latamobility.com\/#\/schema\/logo\/image\/","url":"https:\/\/latamobility.com\/wp-content\/uploads\/2025\/01\/logos-LM-LG-2025-10.png","contentUrl":"https:\/\/latamobility.com\/wp-content\/uploads\/2025\/01\/logos-LM-LG-2025-10.png","width":1080,"height":1080,"caption":"LATAM MOBILITY"},"image":{"@id":"https:\/\/latamobility.com\/#\/schema\/logo\/image\/"},"sameAs":["https:\/\/www.facebook.com\/latamobility\/","https:\/\/x.com\/LataMobility","https:\/\/www.instagram.com\/latamobility\/","https:\/\/www.linkedin.com\/company\/latamobility\/","https:\/\/www.youtube.com\/channel\/UCtcslRCRY0vITWaOQ1X0XUA"]},{"@type":"Person","@id":"https:\/\/latamobility.com\/#\/schema\/person\/fda092a2de1f87d347784282908bad1a","name":"Antonio Vilela","image":{"@type":"ImageObject","inLanguage":"pt-BR","@id":"https:\/\/secure.gravatar.com\/avatar\/7eee8196fd2fda180806d7b41cd517f274d5ad3b9f65d873feb3ca7e2b3a72d2?s=96&d=mm&r=g","url":"https:\/\/secure.gravatar.com\/avatar\/7eee8196fd2fda180806d7b41cd517f274d5ad3b9f65d873feb3ca7e2b3a72d2?s=96&d=mm&r=g","contentUrl":"https:\/\/secure.gravatar.com\/avatar\/7eee8196fd2fda180806d7b41cd517f274d5ad3b9f65d873feb3ca7e2b3a72d2?s=96&d=mm&r=g","caption":"Antonio Vilela"}}]}},"_links":{"self":[{"href":"https:\/\/latamobility.com\/pt-br\/wp-json\/wp\/v2\/posts\/52551","targetHints":{"allow":["GET"]}}],"collection":[{"href":"https:\/\/latamobility.com\/pt-br\/wp-json\/wp\/v2\/posts"}],"about":[{"href":"https:\/\/latamobility.com\/pt-br\/wp-json\/wp\/v2\/types\/post"}],"author":[{"embeddable":true,"href":"https:\/\/latamobility.com\/pt-br\/wp-json\/wp\/v2\/users\/10"}],"replies":[{"embeddable":true,"href":"https:\/\/latamobility.com\/pt-br\/wp-json\/wp\/v2\/comments?post=52551"}],"version-history":[{"count":2,"href":"https:\/\/latamobility.com\/pt-br\/wp-json\/wp\/v2\/posts\/52551\/revisions"}],"predecessor-version":[{"id":52605,"href":"https:\/\/latamobility.com\/pt-br\/wp-json\/wp\/v2\/posts\/52551\/revisions\/52605"}],"wp:featuredmedia":[{"embeddable":true,"href":"https:\/\/latamobility.com\/pt-br\/wp-json\/wp\/v2\/media\/52597"}],"wp:attachment":[{"href":"https:\/\/latamobility.com\/pt-br\/wp-json\/wp\/v2\/media?parent=52551"}],"wp:term":[{"taxonomy":"category","embeddable":true,"href":"https:\/\/latamobility.com\/pt-br\/wp-json\/wp\/v2\/categories?post=52551"},{"taxonomy":"post_tag","embeddable":true,"href":"https:\/\/latamobility.com\/pt-br\/wp-json\/wp\/v2\/tags?post=52551"}],"curies":[{"name":"wp","href":"https:\/\/api.w.org\/{rel}","templated":true}]}}