{"id":53005,"date":"2025-10-24T05:00:00","date_gmt":"2025-10-24T10:00:00","guid":{"rendered":"https:\/\/latamobility.com\/?p=53005"},"modified":"2025-10-21T15:02:47","modified_gmt":"2025-10-21T20:02:47","slug":"latam-mobility-mexico-2025-mobilidade-com-zero-emissoes","status":"publish","type":"post","link":"https:\/\/latamobility.com\/pt-br\/latam-mobility-mexico-2025-mobilidade-com-zero-emissoes\/","title":{"rendered":"Do di\u00e1logo \u00e0 acelera\u00e7\u00e3o: \u201cLatam Mobility M\u00e9xico 2025\u201d impulsiona a colabora\u00e7\u00e3o regional para uma mobilidade com zero emiss\u00f5es"},"content":{"rendered":"\n<p>Com a participa\u00e7\u00e3o de <strong>mais de 1.500 participantes, 55 parceiros e aliados estrat\u00e9gicos e a presen\u00e7a de mais de 35 estandes<\/strong>, o encontro \u201c<strong>Latam Mobility M\u00e9xico 2025<\/strong>\u201d encerrou com sucesso retumbante no World Trade Center da <strong>Cidade do M\u00e9xico<\/strong>, consolidando-se como a plataforma mais importante para a transi\u00e7\u00e3o para um transporte limpo e inteligente na regi\u00e3o.<\/p>\n\n\n\n<p>A c\u00fapula foi um <strong>ecossistema completo<\/strong>, onde o di\u00e1logo de alto n\u00edvel foi complementado por uma impressionante exposi\u00e7\u00e3o tecnol\u00f3gica.<\/p>\n\n\n\n<p>Os estandes se tornaram um ponto focal, mostrando uma ampla gama de inova\u00e7\u00f5es: desde os \u00faltimos modelos de ve\u00edculos el\u00e9tricos, \u00f4nibus de transporte p\u00fablico e solu\u00e7\u00f5es de \u00faltima milha, at\u00e9 tecnologia de ponta para infraestrutura de recarga, software de gest\u00e3o de frotas e propostas disruptivas de startups.<\/p>\n\n\n\n<figure class=\"wp-block-gallery has-nested-images columns-default is-cropped wp-block-gallery-1 is-layout-flex wp-block-gallery-is-layout-flex\">\n<figure class=\"wp-block-image size-large\"><img fetchpriority=\"high\" decoding=\"async\" width=\"1024\" height=\"682\" data-id=\"52582\" src=\"https:\/\/latamobility.com\/wp-content\/uploads\/2025\/10\/DSC9845-1-1024x682.jpg\" alt=\"M\u00e9xico\" class=\"wp-image-52582\" srcset=\"https:\/\/latamobility.com\/wp-content\/uploads\/2025\/10\/DSC9845-1-1024x682.jpg 1024w, https:\/\/latamobility.com\/wp-content\/uploads\/2025\/10\/DSC9845-1-300x200.jpg 300w, https:\/\/latamobility.com\/wp-content\/uploads\/2025\/10\/DSC9845-1-768x512.jpg 768w, https:\/\/latamobility.com\/wp-content\/uploads\/2025\/10\/DSC9845-1.jpg 1280w\" sizes=\"(max-width: 1024px) 100vw, 1024px\" \/><\/figure>\n\n\n\n<figure class=\"wp-block-image size-large\"><img decoding=\"async\" width=\"1024\" height=\"757\" data-id=\"52585\" src=\"https:\/\/latamobility.com\/wp-content\/uploads\/2025\/10\/Inauguracion-a-1024x757.jpg\" alt=\"M\u00e9xico\" class=\"wp-image-52585\" srcset=\"https:\/\/latamobility.com\/wp-content\/uploads\/2025\/10\/Inauguracion-a-1024x757.jpg 1024w, https:\/\/latamobility.com\/wp-content\/uploads\/2025\/10\/Inauguracion-a-300x222.jpg 300w, https:\/\/latamobility.com\/wp-content\/uploads\/2025\/10\/Inauguracion-a-768x568.jpg 768w, https:\/\/latamobility.com\/wp-content\/uploads\/2025\/10\/Inauguracion-a.jpg 1280w\" sizes=\"(max-width: 1024px) 100vw, 1024px\" \/><\/figure>\n<\/figure>\n\n\n\n<p><strong>Voc\u00ea tamb\u00e9m pode se interessar por<\/strong> | <strong><a href=\"https:\/\/latamobility.com\/pt-br\/a-revolucao-do-megawatt-chega-ao-mexico-a-huawei-anuncia-a-recarga-que-transformara-a-logistica\/\">A \u201cRevolu\u00e7\u00e3o do Megawatt\u201d chega ao M\u00e9xico: Huawei anuncia o carregamento que transformar\u00e1 a log\u00edstica<\/a><\/strong><\/p>\n\n\n\n<h2 class=\"wp-block-heading\" id=\"h-descarbonizacao-e-colaboracao-eixos-do-dialogo\">Descarboniza\u00e7\u00e3o e colabora\u00e7\u00e3o: eixos do di\u00e1logo<\/h2>\n\n\n\n<p>Os pain\u00e9is de debate estabeleceram um roteiro claro. Destacou-se a necessidade urgente de um marco regulat\u00f3rio s\u00f3lido que acelere a descarboniza\u00e7\u00e3o do transporte no M\u00e9xico, aprendendo com pol\u00edticas internacionais bem-sucedidas.<\/p>\n\n\n\n<p>A inova\u00e7\u00e3o tecnol\u00f3gica em <strong>infraestrutura de recarga<\/strong> posicionou-se como a <strong>espinha dorsal <\/strong>dessa transi\u00e7\u00e3o, com an\u00e1lises profundas sobre sua escalabilidade e rentabilidade.<\/p>\n\n\n\n<figure class=\"wp-block-gallery has-nested-images columns-default is-cropped wp-block-gallery-2 is-layout-flex wp-block-gallery-is-layout-flex\">\n<figure class=\"wp-block-image size-large\"><img decoding=\"async\" width=\"1024\" height=\"682\" data-id=\"52600\" src=\"https:\/\/latamobility.com\/wp-content\/uploads\/2025\/10\/Panel-1c-1024x682.jpg\" alt=\"M\u00e9xico\" class=\"wp-image-52600\" srcset=\"https:\/\/latamobility.com\/wp-content\/uploads\/2025\/10\/Panel-1c-1024x682.jpg 1024w, https:\/\/latamobility.com\/wp-content\/uploads\/2025\/10\/Panel-1c-300x200.jpg 300w, https:\/\/latamobility.com\/wp-content\/uploads\/2025\/10\/Panel-1c-768x512.jpg 768w, https:\/\/latamobility.com\/wp-content\/uploads\/2025\/10\/Panel-1c.jpg 1280w\" sizes=\"(max-width: 1024px) 100vw, 1024px\" \/><\/figure>\n\n\n\n<figure class=\"wp-block-image size-large\"><img loading=\"lazy\" decoding=\"async\" width=\"1024\" height=\"518\" data-id=\"52656\" src=\"https:\/\/latamobility.com\/wp-content\/uploads\/2025\/10\/Ponencia-SynergEV-a-1024x518.jpg\" alt=\"SynergEV\" class=\"wp-image-52656\" srcset=\"https:\/\/latamobility.com\/wp-content\/uploads\/2025\/10\/Ponencia-SynergEV-a-1024x518.jpg 1024w, https:\/\/latamobility.com\/wp-content\/uploads\/2025\/10\/Ponencia-SynergEV-a-300x152.jpg 300w, https:\/\/latamobility.com\/wp-content\/uploads\/2025\/10\/Ponencia-SynergEV-a-768x389.jpg 768w, https:\/\/latamobility.com\/wp-content\/uploads\/2025\/10\/Ponencia-SynergEV-a.jpg 1280w\" sizes=\"(max-width: 1024px) 100vw, 1024px\" \/><\/figure>\n<\/figure>\n\n\n\n<p>A transforma\u00e7\u00e3o do transporte de carga e das frotas corporativas foi outro pilar fundamental. Foram exploradas estrat\u00e9gias para a eletrifica\u00e7\u00e3o de frotas, apoiadas por ferramentas de intelig\u00eancia artificial para otimizar sua opera\u00e7\u00e3o.<\/p>\n\n\n\n<p>Paralelamente, foi analisada <strong>a reinven\u00e7\u00e3o da ind\u00fastria automotiva local e o desenvolvimento de cadeias de suprimentos log\u00edsticas mais resilientes<\/strong> e sustent\u00e1veis para enfrentar a volatilidade global.<\/p>\n\n\n\n<figure class=\"wp-block-gallery has-nested-images columns-default is-cropped wp-block-gallery-3 is-layout-flex wp-block-gallery-is-layout-flex\">\n<figure class=\"wp-block-image size-large\"><img loading=\"lazy\" decoding=\"async\" width=\"1024\" height=\"768\" data-id=\"52931\" src=\"https:\/\/latamobility.com\/wp-content\/uploads\/2025\/10\/Ponencia-Huawei-b-edited-1024x768.jpg\" alt=\"\" class=\"wp-image-52931\" srcset=\"https:\/\/latamobility.com\/wp-content\/uploads\/2025\/10\/Ponencia-Huawei-b-edited-1024x768.jpg 1024w, https:\/\/latamobility.com\/wp-content\/uploads\/2025\/10\/Ponencia-Huawei-b-edited-300x225.jpg 300w, https:\/\/latamobility.com\/wp-content\/uploads\/2025\/10\/Ponencia-Huawei-b-edited-768x576.jpg 768w, https:\/\/latamobility.com\/wp-content\/uploads\/2025\/10\/Ponencia-Huawei-b-edited.jpg 1137w\" sizes=\"(max-width: 1024px) 100vw, 1024px\" \/><\/figure>\n\n\n\n<figure class=\"wp-block-image size-large\"><img loading=\"lazy\" decoding=\"async\" width=\"1024\" height=\"492\" data-id=\"52644\" src=\"https:\/\/latamobility.com\/wp-content\/uploads\/2025\/10\/Panel-3-a-1024x492.jpg\" alt=\"SynergEV\" class=\"wp-image-52644\" srcset=\"https:\/\/latamobility.com\/wp-content\/uploads\/2025\/10\/Panel-3-a-1024x492.jpg 1024w, https:\/\/latamobility.com\/wp-content\/uploads\/2025\/10\/Panel-3-a-300x144.jpg 300w, https:\/\/latamobility.com\/wp-content\/uploads\/2025\/10\/Panel-3-a-768x369.jpg 768w, https:\/\/latamobility.com\/wp-content\/uploads\/2025\/10\/Panel-3-a.jpg 1280w\" sizes=\"(max-width: 1024px) 100vw, 1024px\" \/><\/figure>\n<\/figure>\n\n\n\n<h2 class=\"wp-block-heading\" id=\"h-ecossistema-de-inovacao\">Ecossistema de inova\u00e7\u00e3o<\/h2>\n\n\n\n<p>Al\u00e9m das salas de confer\u00eancias, o <strong>Fleet Management &amp; Charging Matchmaking Hub<\/strong> ofereceu workshops pr\u00e1ticos sobre financiamento, gest\u00e3o de dados e seguran\u00e7a para frotas el\u00e9tricas.<\/p>\n\n\n\n<p>Simultaneamente, a <strong>Open Speaker Arena<\/strong> deu voz \u00e0 vanguarda, com apresenta\u00e7\u00f5es sobre a aplica\u00e7\u00e3o do hidrog\u00eanio verde, intelig\u00eancia artificial, economia circular e o papel crucial da academia na forma\u00e7\u00e3o de talentos para a mobilidade do futuro.<\/p>\n\n\n\n<figure class=\"wp-block-gallery has-nested-images columns-default is-cropped wp-block-gallery-4 is-layout-flex wp-block-gallery-is-layout-flex\">\n<figure class=\"wp-block-image size-large\"><img loading=\"lazy\" decoding=\"async\" width=\"1024\" height=\"683\" data-id=\"52946\" src=\"https:\/\/latamobility.com\/wp-content\/uploads\/2025\/10\/54859402348_178d82a473_k-1024x683.jpg\" alt=\"\" class=\"wp-image-52946\" srcset=\"https:\/\/latamobility.com\/wp-content\/uploads\/2025\/10\/54859402348_178d82a473_k-1024x683.jpg 1024w, https:\/\/latamobility.com\/wp-content\/uploads\/2025\/10\/54859402348_178d82a473_k-300x200.jpg 300w, https:\/\/latamobility.com\/wp-content\/uploads\/2025\/10\/54859402348_178d82a473_k-768x512.jpg 768w, https:\/\/latamobility.com\/wp-content\/uploads\/2025\/10\/54859402348_178d82a473_k-1536x1024.jpg 1536w, https:\/\/latamobility.com\/wp-content\/uploads\/2025\/10\/54859402348_178d82a473_k.jpg 2048w\" sizes=\"(max-width: 1024px) 100vw, 1024px\" \/><\/figure>\n\n\n\n<figure class=\"wp-block-image size-large\"><img loading=\"lazy\" decoding=\"async\" width=\"1024\" height=\"683\" data-id=\"52943\" src=\"https:\/\/latamobility.com\/wp-content\/uploads\/2025\/10\/54858290952_a194da940a_k-1024x683.jpg\" alt=\"\" class=\"wp-image-52943\" srcset=\"https:\/\/latamobility.com\/wp-content\/uploads\/2025\/10\/54858290952_a194da940a_k-1024x683.jpg 1024w, https:\/\/latamobility.com\/wp-content\/uploads\/2025\/10\/54858290952_a194da940a_k-300x200.jpg 300w, https:\/\/latamobility.com\/wp-content\/uploads\/2025\/10\/54858290952_a194da940a_k-768x512.jpg 768w, https:\/\/latamobility.com\/wp-content\/uploads\/2025\/10\/54858290952_a194da940a_k-1536x1024.jpg 1536w, https:\/\/latamobility.com\/wp-content\/uploads\/2025\/10\/54858290952_a194da940a_k.jpg 2048w\" sizes=\"(max-width: 1024px) 100vw, 1024px\" \/><\/figure>\n\n\n\n<figure class=\"wp-block-image size-large\"><img loading=\"lazy\" decoding=\"async\" width=\"1024\" height=\"683\" data-id=\"52940\" src=\"https:\/\/latamobility.com\/wp-content\/uploads\/2025\/10\/54853367826_62f8511d70_k-1024x683.jpg\" alt=\"\" class=\"wp-image-52940\" srcset=\"https:\/\/latamobility.com\/wp-content\/uploads\/2025\/10\/54853367826_62f8511d70_k-1024x683.jpg 1024w, https:\/\/latamobility.com\/wp-content\/uploads\/2025\/10\/54853367826_62f8511d70_k-300x200.jpg 300w, https:\/\/latamobility.com\/wp-content\/uploads\/2025\/10\/54853367826_62f8511d70_k-768x512.jpg 768w, https:\/\/latamobility.com\/wp-content\/uploads\/2025\/10\/54853367826_62f8511d70_k-1536x1024.jpg 1536w, https:\/\/latamobility.com\/wp-content\/uploads\/2025\/10\/54853367826_62f8511d70_k.jpg 2048w\" sizes=\"(max-width: 1024px) 100vw, 1024px\" \/><\/figure>\n\n\n\n<figure class=\"wp-block-image size-large\"><img loading=\"lazy\" decoding=\"async\" width=\"1024\" height=\"683\" data-id=\"52959\" src=\"https:\/\/latamobility.com\/wp-content\/uploads\/2025\/10\/54866588323_5f728a8924_k-1024x683.jpg\" alt=\"M\u00e9xico\" class=\"wp-image-52959\" srcset=\"https:\/\/latamobility.com\/wp-content\/uploads\/2025\/10\/54866588323_5f728a8924_k-1024x683.jpg 1024w, https:\/\/latamobility.com\/wp-content\/uploads\/2025\/10\/54866588323_5f728a8924_k-300x200.jpg 300w, https:\/\/latamobility.com\/wp-content\/uploads\/2025\/10\/54866588323_5f728a8924_k-768x512.jpg 768w, https:\/\/latamobility.com\/wp-content\/uploads\/2025\/10\/54866588323_5f728a8924_k-1536x1024.jpg 1536w, https:\/\/latamobility.com\/wp-content\/uploads\/2025\/10\/54866588323_5f728a8924_k.jpg 2048w\" sizes=\"(max-width: 1024px) 100vw, 1024px\" \/><\/figure>\n<\/figure>\n\n\n\n<p>A vis\u00e3o integral foi completada com debates sobre o desenvolvimento de <strong>cidades inteligentes<\/strong>, onde a mobilidade sustent\u00e1vel deve ser integrada a uma <strong>estrat\u00e9gia de crescimento urbano<\/strong>, e a import\u00e2ncia das parcerias p\u00fablico-privadas para garantir uma transi\u00e7\u00e3o ordenada e segura, apoiada por normas e padr\u00f5es t\u00e9cnicos robustos.<\/p>\n\n\n\n<h2 class=\"wp-block-heading\" id=\"h-forum-da-economia-climatica-ampliando-o-horizonte\">F\u00f3rum da Economia Clim\u00e1tica: ampliando o horizonte<\/h2>\n\n\n\n<p>Como parte fundamental da agenda paralela, o <strong>Climate Economy Forum M\u00e9xico 2025<\/strong> surgiu como o espa\u00e7o para conectar a mobilidade sustent\u00e1vel com a macroeconomia clim\u00e1tica.<\/p>\n\n\n\n<p>Com a participa\u00e7\u00e3o de <strong>mais de 500 delegados do setor p\u00fablico, organismos multilaterais e corporativos<\/strong>, este f\u00f3rum explorou as interse\u00e7\u00f5es cr\u00edticas entre clima, finan\u00e7as e sociedade.<\/p>\n\n\n\n<figure class=\"wp-block-gallery has-nested-images columns-default is-cropped wp-block-gallery-5 is-layout-flex wp-block-gallery-is-layout-flex\">\n<figure class=\"wp-block-image size-large\"><img loading=\"lazy\" decoding=\"async\" width=\"1024\" height=\"682\" data-id=\"52965\" src=\"https:\/\/latamobility.com\/wp-content\/uploads\/2025\/10\/Panel-6e-1-1024x682.jpg\" alt=\"\" class=\"wp-image-52965\" srcset=\"https:\/\/latamobility.com\/wp-content\/uploads\/2025\/10\/Panel-6e-1-1024x682.jpg 1024w, https:\/\/latamobility.com\/wp-content\/uploads\/2025\/10\/Panel-6e-1-300x200.jpg 300w, https:\/\/latamobility.com\/wp-content\/uploads\/2025\/10\/Panel-6e-1-768x512.jpg 768w, https:\/\/latamobility.com\/wp-content\/uploads\/2025\/10\/Panel-6e-1.jpg 1280w\" sizes=\"(max-width: 1024px) 100vw, 1024px\" \/><\/figure>\n\n\n\n<figure class=\"wp-block-image size-large\"><img loading=\"lazy\" decoding=\"async\" width=\"1024\" height=\"682\" data-id=\"52968\" src=\"https:\/\/latamobility.com\/wp-content\/uploads\/2025\/10\/Panel-6d-1-1024x682.jpg\" alt=\"M\u00e9xico\" class=\"wp-image-52968\" srcset=\"https:\/\/latamobility.com\/wp-content\/uploads\/2025\/10\/Panel-6d-1-1024x682.jpg 1024w, https:\/\/latamobility.com\/wp-content\/uploads\/2025\/10\/Panel-6d-1-300x200.jpg 300w, https:\/\/latamobility.com\/wp-content\/uploads\/2025\/10\/Panel-6d-1-768x512.jpg 768w, https:\/\/latamobility.com\/wp-content\/uploads\/2025\/10\/Panel-6d-1.jpg 1280w\" sizes=\"(max-width: 1024px) 100vw, 1024px\" \/><\/figure>\n<\/figure>\n\n\n\n<p>Por meio de pain\u00e9is e palestras, foram aprofundados temas-chave como lideran\u00e7a empresarial em sustentabilidade, transforma\u00e7\u00e3o da matriz energ\u00e9tica, economia circular, pol\u00edticas p\u00fablicas facilitadoras e seguran\u00e7a h\u00eddrica.<\/p>\n\n\n\n<p>A presen\u00e7a de empresas l\u00edderes e fundos de investimento especializados permitiu compartilhar casos de sucesso e <strong>modelar oportunidades concretas de colabora\u00e7\u00e3o<\/strong>, com foco em fechar a lacuna financeira clim\u00e1tica e canalizar investimentos para projetos de alto impacto ambiental e social.<\/p>\n\n\n\n<figure class=\"wp-block-image size-large\"><img loading=\"lazy\" decoding=\"async\" width=\"1024\" height=\"529\" src=\"https:\/\/latamobility.com\/wp-content\/uploads\/2025\/10\/DSC02577-edited-1024x529.jpg\" alt=\"M\u00e9xico\" class=\"wp-image-53002\" srcset=\"https:\/\/latamobility.com\/wp-content\/uploads\/2025\/10\/DSC02577-edited-1024x529.jpg 1024w, https:\/\/latamobility.com\/wp-content\/uploads\/2025\/10\/DSC02577-edited-300x155.jpg 300w, https:\/\/latamobility.com\/wp-content\/uploads\/2025\/10\/DSC02577-edited-768x397.jpg 768w, https:\/\/latamobility.com\/wp-content\/uploads\/2025\/10\/DSC02577-edited.jpg 1103w\" sizes=\"(max-width: 1024px) 100vw, 1024px\" \/><\/figure>\n\n\n\n<h2 class=\"wp-block-heading\" id=\"h-um-mercado-em-expansao-e-cooperacao\">Um mercado em expans\u00e3o e coopera\u00e7\u00e3o<\/h2>\n\n\n\n<p>O \u201c<strong>Latam Mobility M\u00e9xico 2025<\/strong>\u201d, juntamente com seus eventos paralelos especializados, demonstrou, com seus mais de 1.500 participantes e sua extensa \u00e1rea de exposi\u00e7\u00e3o, que <strong>o ecossistema de sustentabilidade na regi\u00e3o est\u00e1 mais vivo do que nunca<\/strong>.<\/p>\n\n\n\n<p>O evento n\u00e3o s\u00f3 facilitou o <strong>networking <\/strong>de alto n\u00edvel e mostrou de forma tang\u00edvel a tecnologia do futuro, como tamb\u00e9m teceu uma vis\u00e3o integral onde <strong>a mobilidade limpa \u00e9 um componente insepar\u00e1vel de uma economia descarbonizada<\/strong>.<\/p>\n\n\n\n<figure class=\"wp-block-gallery has-nested-images columns-default is-cropped wp-block-gallery-6 is-layout-flex wp-block-gallery-is-layout-flex\">\n<figure class=\"wp-block-image size-large\"><img loading=\"lazy\" decoding=\"async\" width=\"1024\" height=\"683\" data-id=\"52974\" src=\"https:\/\/latamobility.com\/wp-content\/uploads\/2025\/10\/54859145891_64c13a10da_k-1024x683.jpg\" alt=\"\" class=\"wp-image-52974\" srcset=\"https:\/\/latamobility.com\/wp-content\/uploads\/2025\/10\/54859145891_64c13a10da_k-1024x683.jpg 1024w, https:\/\/latamobility.com\/wp-content\/uploads\/2025\/10\/54859145891_64c13a10da_k-300x200.jpg 300w, https:\/\/latamobility.com\/wp-content\/uploads\/2025\/10\/54859145891_64c13a10da_k-768x512.jpg 768w, https:\/\/latamobility.com\/wp-content\/uploads\/2025\/10\/54859145891_64c13a10da_k-1536x1024.jpg 1536w, https:\/\/latamobility.com\/wp-content\/uploads\/2025\/10\/54859145891_64c13a10da_k.jpg 2048w\" sizes=\"(max-width: 1024px) 100vw, 1024px\" \/><\/figure>\n\n\n\n<figure class=\"wp-block-image size-large\"><img loading=\"lazy\" decoding=\"async\" width=\"1024\" height=\"683\" data-id=\"52977\" src=\"https:\/\/latamobility.com\/wp-content\/uploads\/2025\/10\/54859402133_b928fd80a1_k-1024x683.jpg\" alt=\"\" class=\"wp-image-52977\" srcset=\"https:\/\/latamobility.com\/wp-content\/uploads\/2025\/10\/54859402133_b928fd80a1_k-1024x683.jpg 1024w, https:\/\/latamobility.com\/wp-content\/uploads\/2025\/10\/54859402133_b928fd80a1_k-300x200.jpg 300w, https:\/\/latamobility.com\/wp-content\/uploads\/2025\/10\/54859402133_b928fd80a1_k-768x512.jpg 768w, https:\/\/latamobility.com\/wp-content\/uploads\/2025\/10\/54859402133_b928fd80a1_k-1536x1024.jpg 1536w, https:\/\/latamobility.com\/wp-content\/uploads\/2025\/10\/54859402133_b928fd80a1_k.jpg 2048w\" sizes=\"(max-width: 1024px) 100vw, 1024px\" \/><\/figure>\n\n\n\n<figure class=\"wp-block-image size-large\"><img loading=\"lazy\" decoding=\"async\" width=\"1024\" height=\"615\" data-id=\"52980\" src=\"https:\/\/latamobility.com\/wp-content\/uploads\/2025\/10\/54859453930_d4d3b2f68e_k-1024x615.jpg\" alt=\"\" class=\"wp-image-52980\" srcset=\"https:\/\/latamobility.com\/wp-content\/uploads\/2025\/10\/54859453930_d4d3b2f68e_k-1024x615.jpg 1024w, https:\/\/latamobility.com\/wp-content\/uploads\/2025\/10\/54859453930_d4d3b2f68e_k-300x180.jpg 300w, https:\/\/latamobility.com\/wp-content\/uploads\/2025\/10\/54859453930_d4d3b2f68e_k-768x461.jpg 768w, https:\/\/latamobility.com\/wp-content\/uploads\/2025\/10\/54859453930_d4d3b2f68e_k-1536x923.jpg 1536w, https:\/\/latamobility.com\/wp-content\/uploads\/2025\/10\/54859453930_d4d3b2f68e_k.jpg 2048w\" sizes=\"(max-width: 1024px) 100vw, 1024px\" \/><\/figure>\n\n\n\n<figure class=\"wp-block-image size-large\"><img loading=\"lazy\" decoding=\"async\" width=\"1024\" height=\"683\" data-id=\"52983\" src=\"https:\/\/latamobility.com\/wp-content\/uploads\/2025\/10\/54865477787_cafe8cdf2c_k-1-1024x683.jpg\" alt=\"\" class=\"wp-image-52983\" srcset=\"https:\/\/latamobility.com\/wp-content\/uploads\/2025\/10\/54865477787_cafe8cdf2c_k-1-1024x683.jpg 1024w, https:\/\/latamobility.com\/wp-content\/uploads\/2025\/10\/54865477787_cafe8cdf2c_k-1-300x200.jpg 300w, https:\/\/latamobility.com\/wp-content\/uploads\/2025\/10\/54865477787_cafe8cdf2c_k-1-768x512.jpg 768w, https:\/\/latamobility.com\/wp-content\/uploads\/2025\/10\/54865477787_cafe8cdf2c_k-1-1536x1024.jpg 1536w, https:\/\/latamobility.com\/wp-content\/uploads\/2025\/10\/54865477787_cafe8cdf2c_k-1.jpg 2048w\" sizes=\"(max-width: 1024px) 100vw, 1024px\" \/><\/figure>\n\n\n\n<figure class=\"wp-block-image size-large\"><img loading=\"lazy\" decoding=\"async\" width=\"1024\" height=\"683\" data-id=\"52986\" src=\"https:\/\/latamobility.com\/wp-content\/uploads\/2025\/10\/54866324696_e12348bee4_k-1024x683.jpg\" alt=\"\" class=\"wp-image-52986\" srcset=\"https:\/\/latamobility.com\/wp-content\/uploads\/2025\/10\/54866324696_e12348bee4_k-1024x683.jpg 1024w, https:\/\/latamobility.com\/wp-content\/uploads\/2025\/10\/54866324696_e12348bee4_k-300x200.jpg 300w, https:\/\/latamobility.com\/wp-content\/uploads\/2025\/10\/54866324696_e12348bee4_k-768x512.jpg 768w, https:\/\/latamobility.com\/wp-content\/uploads\/2025\/10\/54866324696_e12348bee4_k-1536x1024.jpg 1536w, https:\/\/latamobility.com\/wp-content\/uploads\/2025\/10\/54866324696_e12348bee4_k.jpg 2048w\" sizes=\"(max-width: 1024px) 100vw, 1024px\" \/><\/figure>\n\n\n\n<figure class=\"wp-block-image size-large\"><img loading=\"lazy\" decoding=\"async\" width=\"1024\" height=\"683\" data-id=\"52989\" src=\"https:\/\/latamobility.com\/wp-content\/uploads\/2025\/10\/54866575894_98c461b42f_k-1024x683.jpg\" alt=\"\" class=\"wp-image-52989\" srcset=\"https:\/\/latamobility.com\/wp-content\/uploads\/2025\/10\/54866575894_98c461b42f_k-1024x683.jpg 1024w, https:\/\/latamobility.com\/wp-content\/uploads\/2025\/10\/54866575894_98c461b42f_k-300x200.jpg 300w, https:\/\/latamobility.com\/wp-content\/uploads\/2025\/10\/54866575894_98c461b42f_k-768x512.jpg 768w, https:\/\/latamobility.com\/wp-content\/uploads\/2025\/10\/54866575894_98c461b42f_k-1536x1024.jpg 1536w, https:\/\/latamobility.com\/wp-content\/uploads\/2025\/10\/54866575894_98c461b42f_k.jpg 2048w\" sizes=\"(max-width: 1024px) 100vw, 1024px\" \/><\/figure>\n\n\n\n<figure class=\"wp-block-image size-large\"><img loading=\"lazy\" decoding=\"async\" width=\"1024\" height=\"683\" data-id=\"52992\" src=\"https:\/\/latamobility.com\/wp-content\/uploads\/2025\/10\/54868641684_d64bf0eafc_k-1024x683.jpg\" alt=\"\" class=\"wp-image-52992\" srcset=\"https:\/\/latamobility.com\/wp-content\/uploads\/2025\/10\/54868641684_d64bf0eafc_k-1024x683.jpg 1024w, https:\/\/latamobility.com\/wp-content\/uploads\/2025\/10\/54868641684_d64bf0eafc_k-300x200.jpg 300w, https:\/\/latamobility.com\/wp-content\/uploads\/2025\/10\/54868641684_d64bf0eafc_k-768x512.jpg 768w, https:\/\/latamobility.com\/wp-content\/uploads\/2025\/10\/54868641684_d64bf0eafc_k-1536x1024.jpg 1536w, https:\/\/latamobility.com\/wp-content\/uploads\/2025\/10\/54868641684_d64bf0eafc_k.jpg 2048w\" sizes=\"(max-width: 1024px) 100vw, 1024px\" \/><\/figure>\n\n\n\n<figure class=\"wp-block-image size-large\"><img loading=\"lazy\" decoding=\"async\" width=\"1024\" height=\"683\" data-id=\"52995\" src=\"https:\/\/latamobility.com\/wp-content\/uploads\/2025\/10\/54868683495_90ba88383b_k-1024x683.jpg\" alt=\"M\u00e9xico\" class=\"wp-image-52995\" srcset=\"https:\/\/latamobility.com\/wp-content\/uploads\/2025\/10\/54868683495_90ba88383b_k-1024x683.jpg 1024w, https:\/\/latamobility.com\/wp-content\/uploads\/2025\/10\/54868683495_90ba88383b_k-300x200.jpg 300w, https:\/\/latamobility.com\/wp-content\/uploads\/2025\/10\/54868683495_90ba88383b_k-768x512.jpg 768w, https:\/\/latamobility.com\/wp-content\/uploads\/2025\/10\/54868683495_90ba88383b_k-1536x1024.jpg 1536w, https:\/\/latamobility.com\/wp-content\/uploads\/2025\/10\/54868683495_90ba88383b_k.jpg 2048w\" sizes=\"(max-width: 1024px) 100vw, 1024px\" \/><\/figure>\n<\/figure>\n\n\n\n<p>A conclus\u00e3o un\u00e2nime refor\u00e7a que a colabora\u00e7\u00e3o entre governo, ind\u00fastria e investimentos \u00e9 o combust\u00edvel indispens\u00e1vel para transitar de forma acelerada e eficiente para um futuro pr\u00f3spero e com zero emiss\u00f5es.<\/p>\n\n\n\n<p>O sucesso da turn\u00ea 2025 da <strong>Latam Mobility<\/strong> n\u00e3o \u00e9 um ponto final, mas o lan\u00e7amento de um impulso regional impar\u00e1vel, no qual as conversas, as alian\u00e7as e as tecnologias apresentadas demonstraram que a <strong>Am\u00e9rica Latina est\u00e1 pronta para acelerar<\/strong>.<\/p>\n\n\n\n<p>Para manter essa energia em movimento, a turn\u00ea \u201c<strong>Latam Mobility 2026<\/strong>\u201d j\u00e1 est\u00e1 em andamento. Convidamos voc\u00ea a fazer parte dessa pr\u00f3xima etapa e a se juntar a n\u00f3s nas pr\u00f3ximas paradas para continuarmos construindo, coletivamente, o futuro da mobilidade sustent\u00e1vel na regi\u00e3o.<\/p>\n\n\n\n<p><strong>Esperamos voc\u00ea em 2026 para continuarmos impulsionando juntos essa revolu\u00e7\u00e3o!<\/strong><\/p>\n\n\n\n<figure class=\"wp-block-image size-large\"><img loading=\"lazy\" decoding=\"async\" width=\"1024\" height=\"576\" src=\"https:\/\/latamobility.com\/wp-content\/uploads\/2025\/10\/Gira-2026-1024x576.jpg\" alt=\"M\u00e9xico\" class=\"wp-image-52935\" srcset=\"https:\/\/latamobility.com\/wp-content\/uploads\/2025\/10\/Gira-2026-1024x576.jpg 1024w, https:\/\/latamobility.com\/wp-content\/uploads\/2025\/10\/Gira-2026-300x169.jpg 300w, https:\/\/latamobility.com\/wp-content\/uploads\/2025\/10\/Gira-2026-768x432.jpg 768w, https:\/\/latamobility.com\/wp-content\/uploads\/2025\/10\/Gira-2026-1536x864.jpg 1536w, https:\/\/latamobility.com\/wp-content\/uploads\/2025\/10\/Gira-2026.jpg 1920w\" sizes=\"(max-width: 1024px) 100vw, 1024px\" \/><\/figure>\n","protected":false},"excerpt":{"rendered":"<p>Com a participa\u00e7\u00e3o de mais de 1.500 participantes, 55 parceiros e aliados estrat\u00e9gicos e a presen\u00e7a de mais de 35 estandes, o encontro \u201cLatam Mobility M\u00e9xico 2025\u201d encerrou com sucesso retumbante no World Trade Center da Cidade do M\u00e9xico, consolidando-se como a plataforma mais importante para a transi\u00e7\u00e3o para um transporte limpo e inteligente na&#8230;<\/p>\n","protected":false},"author":10,"featured_media":52608,"comment_status":"open","ping_status":"closed","sticky":false,"template":"","format":"standard","meta":{"_kad_post_transparent":"","_kad_post_title":"","_kad_post_layout":"","_kad_post_sidebar_id":"","_kad_post_content_style":"","_kad_post_vertical_padding":"","_kad_post_feature":"","_kad_post_feature_position":"","_kad_post_header":false,"_kad_post_footer":false,"_kad_post_classname":"","footnotes":""},"categories":[2972],"tags":[3356,2359],"class_list":["post-53005","post","type-post","status-publish","format-standard","has-post-thumbnail","hentry","category-encuentros-movilidad-sostenible-pt-br","tag-mexico-pt-br","tag-movilidad-electrica-pt-br"],"yoast_head":"<!-- This site is optimized with the Yoast SEO Premium plugin v22.7 (Yoast SEO v27.4) - https:\/\/yoast.com\/product\/yoast-seo-premium-wordpress\/ -->\n<title>Do di\u00e1logo \u00e0 acelera\u00e7\u00e3o: \u201cLatam Mobility M\u00e9xico 2025\u201d impulsiona a colabora\u00e7\u00e3o regional para uma mobilidade com zero emiss\u00f5es - Latam Mobility<\/title>\n<meta name=\"description\" content=\"Com a participa\u00e7\u00e3o de mais de 1.500 participantes, 55 parceiros e aliados estrat\u00e9gicos e a presen\u00e7a de mais de 35 estandes, o encontro \u201cLatam Mobility\" \/>\n<meta name=\"robots\" content=\"index, follow, max-snippet:-1, max-image-preview:large, max-video-preview:-1\" \/>\n<link rel=\"canonical\" href=\"https:\/\/latamobility.com\/latam-mobility-mexico-2025-movilidad-cero-emisiones\/\" \/>\n<meta property=\"og:locale\" content=\"pt_BR\" \/>\n<meta property=\"og:type\" content=\"article\" \/>\n<meta property=\"og:title\" content=\"Do di\u00e1logo \u00e0 acelera\u00e7\u00e3o: \u201cLatam Mobility M\u00e9xico 2025\u201d impulsiona a colabora\u00e7\u00e3o regional para uma mobilidade com zero emiss\u00f5es\" \/>\n<meta property=\"og:description\" content=\"Com a participa\u00e7\u00e3o de mais de 1.500 participantes, 55 parceiros e aliados estrat\u00e9gicos e a presen\u00e7a de mais de 35 estandes, o encontro \u201cLatam Mobility\" \/>\n<meta property=\"og:url\" content=\"https:\/\/latamobility.com\/latam-mobility-mexico-2025-movilidad-cero-emisiones\/\" \/>\n<meta property=\"og:site_name\" content=\"Latam Mobility\" \/>\n<meta property=\"article:publisher\" content=\"https:\/\/www.facebook.com\/latamobility\/\" \/>\n<meta property=\"article:published_time\" content=\"2025-10-24T10:00:00+00:00\" \/>\n<meta property=\"og:image\" content=\"https:\/\/latamobility.com\/wp-content\/uploads\/2025\/10\/Panel-1.jpg\" \/>\n\t<meta property=\"og:image:width\" content=\"1600\" \/>\n\t<meta property=\"og:image:height\" content=\"1200\" \/>\n\t<meta property=\"og:image:type\" content=\"image\/jpeg\" \/>\n<meta name=\"author\" content=\"Antonio Vilela\" \/>\n<meta name=\"twitter:card\" content=\"summary_large_image\" \/>\n<meta name=\"twitter:creator\" content=\"@LataMobility\" \/>\n<meta name=\"twitter:site\" content=\"@LataMobility\" \/>\n<meta name=\"twitter:label1\" content=\"Escrito por\" \/>\n\t<meta name=\"twitter:data1\" content=\"Antonio Vilela\" \/>\n\t<meta name=\"twitter:label2\" content=\"Est. tempo de leitura\" \/>\n\t<meta name=\"twitter:data2\" content=\"4 minutos\" \/>\n<script type=\"application\/ld+json\" class=\"yoast-schema-graph\">{\"@context\":\"https:\\\/\\\/schema.org\",\"@graph\":[{\"@type\":\"Article\",\"@id\":\"https:\\\/\\\/latamobility.com\\\/latam-mobility-mexico-2025-movilidad-cero-emisiones\\\/#article\",\"isPartOf\":{\"@id\":\"https:\\\/\\\/latamobility.com\\\/latam-mobility-mexico-2025-movilidad-cero-emisiones\\\/\"},\"author\":{\"name\":\"Antonio Vilela\",\"@id\":\"https:\\\/\\\/latamobility.com\\\/#\\\/schema\\\/person\\\/fda092a2de1f87d347784282908bad1a\"},\"headline\":\"Do di\u00e1logo \u00e0 acelera\u00e7\u00e3o: \u201cLatam Mobility M\u00e9xico 2025\u201d impulsiona a colabora\u00e7\u00e3o regional para uma mobilidade com zero emiss\u00f5es\",\"datePublished\":\"2025-10-24T10:00:00+00:00\",\"mainEntityOfPage\":{\"@id\":\"https:\\\/\\\/latamobility.com\\\/latam-mobility-mexico-2025-movilidad-cero-emisiones\\\/\"},\"wordCount\":822,\"commentCount\":0,\"publisher\":{\"@id\":\"https:\\\/\\\/latamobility.com\\\/#organization\"},\"image\":{\"@id\":\"https:\\\/\\\/latamobility.com\\\/latam-mobility-mexico-2025-movilidad-cero-emisiones\\\/#primaryimage\"},\"thumbnailUrl\":\"https:\\\/\\\/latamobility.com\\\/wp-content\\\/uploads\\\/2025\\\/10\\\/Panel-1.jpg\",\"keywords\":[\"M\u00e9xico\",\"Movilidad el\u00e9ctrica\"],\"articleSection\":[\"Encuentros\"],\"inLanguage\":\"pt-BR\",\"potentialAction\":[{\"@type\":\"CommentAction\",\"name\":\"Comment\",\"target\":[\"https:\\\/\\\/latamobility.com\\\/latam-mobility-mexico-2025-movilidad-cero-emisiones\\\/#respond\"]}]},{\"@type\":\"WebPage\",\"@id\":\"https:\\\/\\\/latamobility.com\\\/latam-mobility-mexico-2025-movilidad-cero-emisiones\\\/\",\"url\":\"https:\\\/\\\/latamobility.com\\\/latam-mobility-mexico-2025-movilidad-cero-emisiones\\\/\",\"name\":\"Do di\u00e1logo \u00e0 acelera\u00e7\u00e3o: \u201cLatam Mobility M\u00e9xico 2025\u201d impulsiona a colabora\u00e7\u00e3o regional para uma mobilidade com zero emiss\u00f5es - Latam Mobility\",\"isPartOf\":{\"@id\":\"https:\\\/\\\/latamobility.com\\\/#website\"},\"primaryImageOfPage\":{\"@id\":\"https:\\\/\\\/latamobility.com\\\/latam-mobility-mexico-2025-movilidad-cero-emisiones\\\/#primaryimage\"},\"image\":{\"@id\":\"https:\\\/\\\/latamobility.com\\\/latam-mobility-mexico-2025-movilidad-cero-emisiones\\\/#primaryimage\"},\"thumbnailUrl\":\"https:\\\/\\\/latamobility.com\\\/wp-content\\\/uploads\\\/2025\\\/10\\\/Panel-1.jpg\",\"datePublished\":\"2025-10-24T10:00:00+00:00\",\"description\":\"Com a participa\u00e7\u00e3o de mais de 1.500 participantes, 55 parceiros e aliados estrat\u00e9gicos e a presen\u00e7a de mais de 35 estandes, o encontro \u201cLatam Mobility\",\"breadcrumb\":{\"@id\":\"https:\\\/\\\/latamobility.com\\\/latam-mobility-mexico-2025-movilidad-cero-emisiones\\\/#breadcrumb\"},\"inLanguage\":\"pt-BR\",\"potentialAction\":[{\"@type\":\"ReadAction\",\"target\":[\"https:\\\/\\\/latamobility.com\\\/latam-mobility-mexico-2025-movilidad-cero-emisiones\\\/\"]}]},{\"@type\":\"ImageObject\",\"inLanguage\":\"pt-BR\",\"@id\":\"https:\\\/\\\/latamobility.com\\\/latam-mobility-mexico-2025-movilidad-cero-emisiones\\\/#primaryimage\",\"url\":\"https:\\\/\\\/latamobility.com\\\/wp-content\\\/uploads\\\/2025\\\/10\\\/Panel-1.jpg\",\"contentUrl\":\"https:\\\/\\\/latamobility.com\\\/wp-content\\\/uploads\\\/2025\\\/10\\\/Panel-1.jpg\",\"width\":1600,\"height\":1200,\"caption\":\"M\u00e9xico\"},{\"@type\":\"BreadcrumbList\",\"@id\":\"https:\\\/\\\/latamobility.com\\\/latam-mobility-mexico-2025-movilidad-cero-emisiones\\\/#breadcrumb\",\"itemListElement\":[{\"@type\":\"ListItem\",\"position\":1,\"name\":\"Portada\",\"item\":\"https:\\\/\\\/latamobility.com\\\/pt-br\\\/\"},{\"@type\":\"ListItem\",\"position\":2,\"name\":\"Do di\u00e1logo \u00e0 acelera\u00e7\u00e3o: \u201cLatam Mobility M\u00e9xico 2025\u201d impulsiona a colabora\u00e7\u00e3o regional para uma mobilidade com zero emiss\u00f5es\"}]},{\"@type\":\"WebSite\",\"@id\":\"https:\\\/\\\/latamobility.com\\\/#website\",\"url\":\"https:\\\/\\\/latamobility.com\\\/\",\"name\":\"Latam Mobility\",\"description\":\"Serie de Eventos para promover la Movilidad y Transporte sostenible en Latinoam\u00e9rica\",\"publisher\":{\"@id\":\"https:\\\/\\\/latamobility.com\\\/#organization\"},\"potentialAction\":[{\"@type\":\"SearchAction\",\"target\":{\"@type\":\"EntryPoint\",\"urlTemplate\":\"https:\\\/\\\/latamobility.com\\\/?s={search_term_string}\"},\"query-input\":{\"@type\":\"PropertyValueSpecification\",\"valueRequired\":true,\"valueName\":\"search_term_string\"}}],\"inLanguage\":\"pt-BR\"},{\"@type\":\"Organization\",\"@id\":\"https:\\\/\\\/latamobility.com\\\/#organization\",\"name\":\"LATAM MOBILITY\",\"url\":\"https:\\\/\\\/latamobility.com\\\/\",\"logo\":{\"@type\":\"ImageObject\",\"inLanguage\":\"pt-BR\",\"@id\":\"https:\\\/\\\/latamobility.com\\\/#\\\/schema\\\/logo\\\/image\\\/\",\"url\":\"https:\\\/\\\/latamobility.com\\\/wp-content\\\/uploads\\\/2025\\\/01\\\/logos-LM-LG-2025-10.png\",\"contentUrl\":\"https:\\\/\\\/latamobility.com\\\/wp-content\\\/uploads\\\/2025\\\/01\\\/logos-LM-LG-2025-10.png\",\"width\":1080,\"height\":1080,\"caption\":\"LATAM MOBILITY\"},\"image\":{\"@id\":\"https:\\\/\\\/latamobility.com\\\/#\\\/schema\\\/logo\\\/image\\\/\"},\"sameAs\":[\"https:\\\/\\\/www.facebook.com\\\/latamobility\\\/\",\"https:\\\/\\\/x.com\\\/LataMobility\",\"https:\\\/\\\/www.instagram.com\\\/latamobility\\\/\",\"https:\\\/\\\/www.linkedin.com\\\/company\\\/latamobility\\\/\",\"https:\\\/\\\/www.youtube.com\\\/channel\\\/UCtcslRCRY0vITWaOQ1X0XUA\"]},{\"@type\":\"Person\",\"@id\":\"https:\\\/\\\/latamobility.com\\\/#\\\/schema\\\/person\\\/fda092a2de1f87d347784282908bad1a\",\"name\":\"Antonio Vilela\",\"image\":{\"@type\":\"ImageObject\",\"inLanguage\":\"pt-BR\",\"@id\":\"https:\\\/\\\/secure.gravatar.com\\\/avatar\\\/7eee8196fd2fda180806d7b41cd517f274d5ad3b9f65d873feb3ca7e2b3a72d2?s=96&d=mm&r=g\",\"url\":\"https:\\\/\\\/secure.gravatar.com\\\/avatar\\\/7eee8196fd2fda180806d7b41cd517f274d5ad3b9f65d873feb3ca7e2b3a72d2?s=96&d=mm&r=g\",\"contentUrl\":\"https:\\\/\\\/secure.gravatar.com\\\/avatar\\\/7eee8196fd2fda180806d7b41cd517f274d5ad3b9f65d873feb3ca7e2b3a72d2?s=96&d=mm&r=g\",\"caption\":\"Antonio Vilela\"}}]}<\/script>\n<!-- \/ Yoast SEO Premium plugin. -->","yoast_head_json":{"title":"Do di\u00e1logo \u00e0 acelera\u00e7\u00e3o: \u201cLatam Mobility M\u00e9xico 2025\u201d impulsiona a colabora\u00e7\u00e3o regional para uma mobilidade com zero emiss\u00f5es - Latam Mobility","description":"Com a participa\u00e7\u00e3o de mais de 1.500 participantes, 55 parceiros e aliados estrat\u00e9gicos e a presen\u00e7a de mais de 35 estandes, o encontro \u201cLatam Mobility","robots":{"index":"index","follow":"follow","max-snippet":"max-snippet:-1","max-image-preview":"max-image-preview:large","max-video-preview":"max-video-preview:-1"},"canonical":"https:\/\/latamobility.com\/latam-mobility-mexico-2025-movilidad-cero-emisiones\/","og_locale":"pt_BR","og_type":"article","og_title":"Do di\u00e1logo \u00e0 acelera\u00e7\u00e3o: \u201cLatam Mobility M\u00e9xico 2025\u201d impulsiona a colabora\u00e7\u00e3o regional para uma mobilidade com zero emiss\u00f5es","og_description":"Com a participa\u00e7\u00e3o de mais de 1.500 participantes, 55 parceiros e aliados estrat\u00e9gicos e a presen\u00e7a de mais de 35 estandes, o encontro \u201cLatam Mobility","og_url":"https:\/\/latamobility.com\/latam-mobility-mexico-2025-movilidad-cero-emisiones\/","og_site_name":"Latam Mobility","article_publisher":"https:\/\/www.facebook.com\/latamobility\/","article_published_time":"2025-10-24T10:00:00+00:00","og_image":[{"width":1600,"height":1200,"url":"https:\/\/latamobility.com\/wp-content\/uploads\/2025\/10\/Panel-1.jpg","type":"image\/jpeg"}],"author":"Antonio Vilela","twitter_card":"summary_large_image","twitter_creator":"@LataMobility","twitter_site":"@LataMobility","twitter_misc":{"Escrito por":"Antonio Vilela","Est. tempo de leitura":"4 minutos"},"schema":{"@context":"https:\/\/schema.org","@graph":[{"@type":"Article","@id":"https:\/\/latamobility.com\/latam-mobility-mexico-2025-movilidad-cero-emisiones\/#article","isPartOf":{"@id":"https:\/\/latamobility.com\/latam-mobility-mexico-2025-movilidad-cero-emisiones\/"},"author":{"name":"Antonio Vilela","@id":"https:\/\/latamobility.com\/#\/schema\/person\/fda092a2de1f87d347784282908bad1a"},"headline":"Do di\u00e1logo \u00e0 acelera\u00e7\u00e3o: \u201cLatam Mobility M\u00e9xico 2025\u201d impulsiona a colabora\u00e7\u00e3o regional para uma mobilidade com zero emiss\u00f5es","datePublished":"2025-10-24T10:00:00+00:00","mainEntityOfPage":{"@id":"https:\/\/latamobility.com\/latam-mobility-mexico-2025-movilidad-cero-emisiones\/"},"wordCount":822,"commentCount":0,"publisher":{"@id":"https:\/\/latamobility.com\/#organization"},"image":{"@id":"https:\/\/latamobility.com\/latam-mobility-mexico-2025-movilidad-cero-emisiones\/#primaryimage"},"thumbnailUrl":"https:\/\/latamobility.com\/wp-content\/uploads\/2025\/10\/Panel-1.jpg","keywords":["M\u00e9xico","Movilidad el\u00e9ctrica"],"articleSection":["Encuentros"],"inLanguage":"pt-BR","potentialAction":[{"@type":"CommentAction","name":"Comment","target":["https:\/\/latamobility.com\/latam-mobility-mexico-2025-movilidad-cero-emisiones\/#respond"]}]},{"@type":"WebPage","@id":"https:\/\/latamobility.com\/latam-mobility-mexico-2025-movilidad-cero-emisiones\/","url":"https:\/\/latamobility.com\/latam-mobility-mexico-2025-movilidad-cero-emisiones\/","name":"Do di\u00e1logo \u00e0 acelera\u00e7\u00e3o: \u201cLatam Mobility M\u00e9xico 2025\u201d impulsiona a colabora\u00e7\u00e3o regional para uma mobilidade com zero emiss\u00f5es - Latam Mobility","isPartOf":{"@id":"https:\/\/latamobility.com\/#website"},"primaryImageOfPage":{"@id":"https:\/\/latamobility.com\/latam-mobility-mexico-2025-movilidad-cero-emisiones\/#primaryimage"},"image":{"@id":"https:\/\/latamobility.com\/latam-mobility-mexico-2025-movilidad-cero-emisiones\/#primaryimage"},"thumbnailUrl":"https:\/\/latamobility.com\/wp-content\/uploads\/2025\/10\/Panel-1.jpg","datePublished":"2025-10-24T10:00:00+00:00","description":"Com a participa\u00e7\u00e3o de mais de 1.500 participantes, 55 parceiros e aliados estrat\u00e9gicos e a presen\u00e7a de mais de 35 estandes, o encontro \u201cLatam Mobility","breadcrumb":{"@id":"https:\/\/latamobility.com\/latam-mobility-mexico-2025-movilidad-cero-emisiones\/#breadcrumb"},"inLanguage":"pt-BR","potentialAction":[{"@type":"ReadAction","target":["https:\/\/latamobility.com\/latam-mobility-mexico-2025-movilidad-cero-emisiones\/"]}]},{"@type":"ImageObject","inLanguage":"pt-BR","@id":"https:\/\/latamobility.com\/latam-mobility-mexico-2025-movilidad-cero-emisiones\/#primaryimage","url":"https:\/\/latamobility.com\/wp-content\/uploads\/2025\/10\/Panel-1.jpg","contentUrl":"https:\/\/latamobility.com\/wp-content\/uploads\/2025\/10\/Panel-1.jpg","width":1600,"height":1200,"caption":"M\u00e9xico"},{"@type":"BreadcrumbList","@id":"https:\/\/latamobility.com\/latam-mobility-mexico-2025-movilidad-cero-emisiones\/#breadcrumb","itemListElement":[{"@type":"ListItem","position":1,"name":"Portada","item":"https:\/\/latamobility.com\/pt-br\/"},{"@type":"ListItem","position":2,"name":"Do di\u00e1logo \u00e0 acelera\u00e7\u00e3o: \u201cLatam Mobility M\u00e9xico 2025\u201d impulsiona a colabora\u00e7\u00e3o regional para uma mobilidade com zero emiss\u00f5es"}]},{"@type":"WebSite","@id":"https:\/\/latamobility.com\/#website","url":"https:\/\/latamobility.com\/","name":"Latam Mobility","description":"Serie de Eventos para promover la Movilidad y Transporte sostenible en Latinoam\u00e9rica","publisher":{"@id":"https:\/\/latamobility.com\/#organization"},"potentialAction":[{"@type":"SearchAction","target":{"@type":"EntryPoint","urlTemplate":"https:\/\/latamobility.com\/?s={search_term_string}"},"query-input":{"@type":"PropertyValueSpecification","valueRequired":true,"valueName":"search_term_string"}}],"inLanguage":"pt-BR"},{"@type":"Organization","@id":"https:\/\/latamobility.com\/#organization","name":"LATAM MOBILITY","url":"https:\/\/latamobility.com\/","logo":{"@type":"ImageObject","inLanguage":"pt-BR","@id":"https:\/\/latamobility.com\/#\/schema\/logo\/image\/","url":"https:\/\/latamobility.com\/wp-content\/uploads\/2025\/01\/logos-LM-LG-2025-10.png","contentUrl":"https:\/\/latamobility.com\/wp-content\/uploads\/2025\/01\/logos-LM-LG-2025-10.png","width":1080,"height":1080,"caption":"LATAM MOBILITY"},"image":{"@id":"https:\/\/latamobility.com\/#\/schema\/logo\/image\/"},"sameAs":["https:\/\/www.facebook.com\/latamobility\/","https:\/\/x.com\/LataMobility","https:\/\/www.instagram.com\/latamobility\/","https:\/\/www.linkedin.com\/company\/latamobility\/","https:\/\/www.youtube.com\/channel\/UCtcslRCRY0vITWaOQ1X0XUA"]},{"@type":"Person","@id":"https:\/\/latamobility.com\/#\/schema\/person\/fda092a2de1f87d347784282908bad1a","name":"Antonio Vilela","image":{"@type":"ImageObject","inLanguage":"pt-BR","@id":"https:\/\/secure.gravatar.com\/avatar\/7eee8196fd2fda180806d7b41cd517f274d5ad3b9f65d873feb3ca7e2b3a72d2?s=96&d=mm&r=g","url":"https:\/\/secure.gravatar.com\/avatar\/7eee8196fd2fda180806d7b41cd517f274d5ad3b9f65d873feb3ca7e2b3a72d2?s=96&d=mm&r=g","contentUrl":"https:\/\/secure.gravatar.com\/avatar\/7eee8196fd2fda180806d7b41cd517f274d5ad3b9f65d873feb3ca7e2b3a72d2?s=96&d=mm&r=g","caption":"Antonio Vilela"}}]}},"_links":{"self":[{"href":"https:\/\/latamobility.com\/pt-br\/wp-json\/wp\/v2\/posts\/53005","targetHints":{"allow":["GET"]}}],"collection":[{"href":"https:\/\/latamobility.com\/pt-br\/wp-json\/wp\/v2\/posts"}],"about":[{"href":"https:\/\/latamobility.com\/pt-br\/wp-json\/wp\/v2\/types\/post"}],"author":[{"embeddable":true,"href":"https:\/\/latamobility.com\/pt-br\/wp-json\/wp\/v2\/users\/10"}],"replies":[{"embeddable":true,"href":"https:\/\/latamobility.com\/pt-br\/wp-json\/wp\/v2\/comments?post=53005"}],"version-history":[{"count":1,"href":"https:\/\/latamobility.com\/pt-br\/wp-json\/wp\/v2\/posts\/53005\/revisions"}],"predecessor-version":[{"id":53006,"href":"https:\/\/latamobility.com\/pt-br\/wp-json\/wp\/v2\/posts\/53005\/revisions\/53006"}],"wp:featuredmedia":[{"embeddable":true,"href":"https:\/\/latamobility.com\/pt-br\/wp-json\/wp\/v2\/media\/52608"}],"wp:attachment":[{"href":"https:\/\/latamobility.com\/pt-br\/wp-json\/wp\/v2\/media?parent=53005"}],"wp:term":[{"taxonomy":"category","embeddable":true,"href":"https:\/\/latamobility.com\/pt-br\/wp-json\/wp\/v2\/categories?post=53005"},{"taxonomy":"post_tag","embeddable":true,"href":"https:\/\/latamobility.com\/pt-br\/wp-json\/wp\/v2\/tags?post=53005"}],"curies":[{"name":"wp","href":"https:\/\/api.w.org\/{rel}","templated":true}]}}