{"id":53066,"date":"2025-10-30T05:00:00","date_gmt":"2025-10-30T10:00:00","guid":{"rendered":"https:\/\/latamobility.com\/?p=53066"},"modified":"2025-10-27T09:51:37","modified_gmt":"2025-10-27T14:51:37","slug":"novo-marco-da-byd-lanca-oficialmente-seus-veiculos-eletricos-na-argentina","status":"publish","type":"post","link":"https:\/\/latamobility.com\/pt-br\/novo-marco-da-byd-lanca-oficialmente-seus-veiculos-eletricos-na-argentina\/","title":{"rendered":"Novo marco da BYD: lan\u00e7a oficialmente seus ve\u00edculos el\u00e9tricos na Argentina"},"content":{"rendered":"\n<p>A montadora chinesa <strong>BYD <\/strong>(<em>Build Your Dreams<\/em>) <strong><a href=\"https:\/\/www.byd.com\/ar\">iniciou<\/a><\/strong> oficialmente as vendas de seus ve\u00edculos el\u00e9tricos e h\u00edbridos na <strong>Argentina<\/strong>, consolidando sua presen\u00e7a na Am\u00e9rica Latina.<\/p>\n\n\n\n<p>Este lan\u00e7amento se enquadra na nova pol\u00edtica do governo argentino que permite a importa\u00e7\u00e3o sem tarifas de at\u00e9 <strong>50.000 ve\u00edculos el\u00e9tricos e h\u00edbridos durante o ano de 2026<\/strong>, uma medida que busca impulsionar a transi\u00e7\u00e3o para uma mobilidade mais limpa e acess\u00edvel.<\/p>\n\n\n\n<p><strong>Voc\u00ea tamb\u00e9m pode se interessar por<\/strong> | <strong><a href=\"https:\/\/latamobility.com\/pt-br\/alem-do-veiculo-avl-changan-gac-motor-geely-general-motors-e-toyota-abordam-a-verticalidade-do-negocio-eletrico-no-mexico\/\">Al\u00e9m do ve\u00edculo: General Motors, Changan, Geely, Toyota, GAC Motor e AVL abordam a verticalidade do neg\u00f3cio el\u00e9trico no M\u00e9xico<\/a><\/strong><\/p>\n\n\n\n<h2 class=\"wp-block-heading\" id=\"h-modelos-disponiveis-e-precos-competitivos\">Modelos dispon\u00edveis e pre\u00e7os competitivos<\/h2>\n\n\n\n<p>A <strong>BYD <\/strong>lan\u00e7ou tr\u00eas modelos no mercado argentino: o SUV el\u00e9trico <strong>Yuan Pro<\/strong>, o SUV h\u00edbrido plug-in <strong>Song Pro DM-i<\/strong> e o <em>hatchback <\/em>el\u00e9trico urbano <strong>Dolphin Mini<\/strong>.<\/p>\n\n\n\n<p>Todos eles s\u00e3o oferecidos com <strong>um pre\u00e7o base inferior a US$ 16.000<\/strong> antes dos impostos, aproveitando o regime de importa\u00e7\u00e3o sem tarifas:<\/p>\n\n\n\n<ul class=\"wp-block-list\">\n<li><strong>Yuan Pro<\/strong>: SUV el\u00e9trico com vers\u00f5es GL e GS. O pre\u00e7o da vers\u00e3o GL \u00e9 de <strong>US$ 29.990<\/strong> e da vers\u00e3o GS \u00e9 de <strong>US$ 30.990<\/strong>.<\/li>\n\n\n\n<li><strong>Song Pro DM-i<\/strong>: SUV h\u00edbrido plug-in com vers\u00f5es GL e GS. O pre\u00e7o da vers\u00e3o GL \u00e9 de <strong>US$ 15.990<\/strong> e da vers\u00e3o GS \u00e9 de <strong>US$ 16.990<\/strong>.<\/li>\n\n\n\n<li><strong>Dolphin Mini<\/strong>: hatchback el\u00e9trico urbano com vers\u00f5es GL e GS. O pre\u00e7o da vers\u00e3o GL \u00e9 de <strong>US$ 22.990<\/strong> e da vers\u00e3o GS \u00e9 de <strong>US$ 23.990<\/strong><\/li>\n<\/ul>\n\n\n\n<p>Essa estrat\u00e9gia posiciona a <strong>BYD <\/strong>como uma op\u00e7\u00e3o atraente para os consumidores argentinos interessados em ve\u00edculos de energia nova com pre\u00e7os acess\u00edveis.<\/p>\n\n\n\n<figure class=\"wp-block-image size-large\"><img fetchpriority=\"high\" decoding=\"async\" width=\"1024\" height=\"576\" src=\"https:\/\/latamobility.com\/wp-content\/uploads\/2025\/10\/BYD-271025-a-1024x576.jpg\" alt=\"BYD\" class=\"wp-image-53052\" srcset=\"https:\/\/latamobility.com\/wp-content\/uploads\/2025\/10\/BYD-271025-a-1024x576.jpg 1024w, https:\/\/latamobility.com\/wp-content\/uploads\/2025\/10\/BYD-271025-a-300x169.jpg 300w, https:\/\/latamobility.com\/wp-content\/uploads\/2025\/10\/BYD-271025-a-768x432.jpg 768w, https:\/\/latamobility.com\/wp-content\/uploads\/2025\/10\/BYD-271025-a-1536x864.jpg 1536w, https:\/\/latamobility.com\/wp-content\/uploads\/2025\/10\/BYD-271025-a-2048x1152.jpg 2048w\" sizes=\"(max-width: 1024px) 100vw, 1024px\" \/><\/figure>\n\n\n\n<h2 class=\"wp-block-heading\" id=\"h-potencial-de-mercado\">Potencial de mercado<\/h2>\n\n\n\n<p>A Argentina, o segundo maior mercado automotivo da Am\u00e9rica do Sul, tem experimentado uma penetra\u00e7\u00e3o limitada de ve\u00edculos el\u00e9tricos.<\/p>\n\n\n\n<p>De acordo com dados de 2025, nos primeiros oito meses do ano <strong>foram vendidos apenas 486 ve\u00edculos el\u00e9tricos de um total de 421.000 unidades<\/strong> comercializadas.<\/p>\n\n\n\n<p>No entanto, a recente elimina\u00e7\u00e3o de tarifas e a melhoria nas linhas de cr\u00e9dito geraram u<strong>m aumento de 60,4% nas matr\u00edculas de ve\u00edculos<\/strong>, o que augura um panorama favor\u00e1vel para o crescimento da eletromobilidade no pa\u00eds.<\/p>\n\n\n\n<p><strong>Stephen Deng<\/strong>, gerente geral da <strong>BYD Argentina<\/strong>, afirmou: \u201cVemos um grande potencial de longo prazo para o desenvolvimento da eletromobilidade na Argentina. Esta nova pol\u00edtica representa uma oportunidade tremenda para oferecer solu\u00e7\u00f5es de mobilidade mais limpas e eficientes aos consumidores argentinos\u201d.<\/p>\n\n\n\n<p>Al\u00e9m disso, ele destacou que a empresa tem uma cota para <strong>importar aproximadamente 7.800 ve\u00edculos<\/strong> sob este regime, o que demonstra o compromisso da <strong>BYD <\/strong>com o mercado local.<\/p>\n\n\n\n<figure class=\"wp-block-image size-large\"><img decoding=\"async\" width=\"1024\" height=\"576\" src=\"https:\/\/latamobility.com\/wp-content\/uploads\/2025\/10\/BYD-271025-c-1024x576.jpg\" alt=\"BYD\" class=\"wp-image-53058\" srcset=\"https:\/\/latamobility.com\/wp-content\/uploads\/2025\/10\/BYD-271025-c-1024x576.jpg 1024w, https:\/\/latamobility.com\/wp-content\/uploads\/2025\/10\/BYD-271025-c-300x169.jpg 300w, https:\/\/latamobility.com\/wp-content\/uploads\/2025\/10\/BYD-271025-c-768x432.jpg 768w, https:\/\/latamobility.com\/wp-content\/uploads\/2025\/10\/BYD-271025-c-1536x864.jpg 1536w, https:\/\/latamobility.com\/wp-content\/uploads\/2025\/10\/BYD-271025-c-2048x1152.jpg 2048w\" sizes=\"(max-width: 1024px) 100vw, 1024px\" \/><\/figure>\n\n\n\n<h2 class=\"wp-block-heading\" id=\"h-desafios-e-perspectivas\">Desafios e perspectivas<\/h2>\n\n\n\n<p>Apesar do otimismo gerado pela nova pol\u00edtica, a <strong>BYD <\/strong>enfrenta desafios no mercado argentino, como a concorr\u00eancia de outros fabricantes chineses e as preocupa\u00e7\u00f5es no <strong>Brasil <\/strong>sobre o impacto das importa\u00e7\u00f5es na ind\u00fastria automotiva local.<\/p>\n\n\n\n<p>No entanto, a empresa continua expandindo sua presen\u00e7a na Am\u00e9rica Latina e est\u00e1 confiante de que a demanda por ve\u00edculos el\u00e9tricos aumentar\u00e1 significativamente nos pr\u00f3ximos anos.<\/p>\n\n\n\n<p>Da mesma forma, o lan\u00e7amento da <strong>BYD <\/strong>na <strong>Argentina <\/strong>representa um passo significativo para a consolida\u00e7\u00e3o da mobilidade el\u00e9trica na Am\u00e9rica Latina.<\/p>\n\n\n\n<p>Com modelos acess\u00edveis, tecnologia de ponta e uma estrat\u00e9gia alinhada com as pol\u00edticas governamentais, a BYD se posiciona como <strong>um ator-chave na transforma\u00e7\u00e3o do setor automotivo regional rumo a um futuro mais sustent\u00e1vel<\/strong>.<\/p>\n\n\n\n<figure class=\"wp-block-image size-large\"><img decoding=\"async\" width=\"1024\" height=\"576\" src=\"https:\/\/latamobility.com\/wp-content\/uploads\/2025\/10\/BYD-271025-b-1024x576.jpg\" alt=\"BYD\" class=\"wp-image-53055\" srcset=\"https:\/\/latamobility.com\/wp-content\/uploads\/2025\/10\/BYD-271025-b-1024x576.jpg 1024w, https:\/\/latamobility.com\/wp-content\/uploads\/2025\/10\/BYD-271025-b-300x169.jpg 300w, https:\/\/latamobility.com\/wp-content\/uploads\/2025\/10\/BYD-271025-b-768x432.jpg 768w, https:\/\/latamobility.com\/wp-content\/uploads\/2025\/10\/BYD-271025-b-1536x864.jpg 1536w, https:\/\/latamobility.com\/wp-content\/uploads\/2025\/10\/BYD-271025-b-2048x1152.jpg 2048w\" sizes=\"(max-width: 1024px) 100vw, 1024px\" \/><\/figure>\n","protected":false},"excerpt":{"rendered":"<p>A montadora chinesa BYD (Build Your Dreams) iniciou oficialmente as vendas de seus ve\u00edculos el\u00e9tricos e h\u00edbridos na Argentina, consolidando sua presen\u00e7a na Am\u00e9rica Latina. Este lan\u00e7amento se enquadra na nova pol\u00edtica do governo argentino que permite a importa\u00e7\u00e3o sem tarifas de at\u00e9 50.000 ve\u00edculos el\u00e9tricos e h\u00edbridos durante o ano de 2026, uma medida&#8230;<\/p>\n","protected":false},"author":10,"featured_media":53061,"comment_status":"open","ping_status":"closed","sticky":false,"template":"","format":"standard","meta":{"_kad_post_transparent":"","_kad_post_title":"","_kad_post_layout":"","_kad_post_sidebar_id":"","_kad_post_content_style":"","_kad_post_vertical_padding":"","_kad_post_feature":"","_kad_post_feature_position":"","_kad_post_header":false,"_kad_post_footer":false,"_kad_post_classname":"","footnotes":""},"categories":[2356],"tags":[3433,2585,2359],"class_list":["post-53066","post","type-post","status-publish","format-standard","has-post-thumbnail","hentry","category-movilidad-electrica-pt-br","tag-argentina-3","tag-byd-3","tag-movilidad-electrica-pt-br"],"yoast_head":"<!-- This site is optimized with the Yoast SEO Premium plugin v22.7 (Yoast SEO v27.4) - https:\/\/yoast.com\/product\/yoast-seo-premium-wordpress\/ -->\n<title>Novo marco da BYD: lan\u00e7a oficialmente seus ve\u00edculos el\u00e9tricos na Argentina - Latam Mobility<\/title>\n<meta name=\"description\" content=\"BYD iniciou oficialmente as vendas de seus ve\u00edculos el\u00e9tricos e h\u00edbridos na Argentina, consolidando sua presen\u00e7a na Am\u00e9rica Latina\" \/>\n<meta name=\"robots\" content=\"index, follow, max-snippet:-1, max-image-preview:large, max-video-preview:-1\" \/>\n<link rel=\"canonical\" href=\"https:\/\/latamobility.com\/nuevo-hito-de-byd-lanza-oficialmente-sus-vehiculos-electricos-en-argentina\/\" \/>\n<meta property=\"og:locale\" content=\"pt_BR\" \/>\n<meta property=\"og:type\" content=\"article\" \/>\n<meta property=\"og:title\" content=\"Novo marco da BYD: lan\u00e7a oficialmente seus ve\u00edculos el\u00e9tricos na Argentina\" \/>\n<meta property=\"og:description\" content=\"BYD iniciou oficialmente as vendas de seus ve\u00edculos el\u00e9tricos e h\u00edbridos na Argentina, consolidando sua presen\u00e7a na Am\u00e9rica Latina\" \/>\n<meta property=\"og:url\" content=\"https:\/\/latamobility.com\/nuevo-hito-de-byd-lanza-oficialmente-sus-vehiculos-electricos-en-argentina\/\" \/>\n<meta property=\"og:site_name\" content=\"Latam Mobility\" \/>\n<meta property=\"article:publisher\" content=\"https:\/\/www.facebook.com\/latamobility\/\" \/>\n<meta property=\"article:published_time\" content=\"2025-10-30T10:00:00+00:00\" \/>\n<meta property=\"og:image\" content=\"https:\/\/latamobility.com\/wp-content\/uploads\/2025\/10\/BYD-271025-d.webp\" \/>\n\t<meta property=\"og:image:width\" content=\"1280\" \/>\n\t<meta property=\"og:image:height\" content=\"720\" \/>\n\t<meta property=\"og:image:type\" content=\"image\/webp\" \/>\n<meta name=\"author\" content=\"Antonio Vilela\" \/>\n<meta name=\"twitter:card\" content=\"summary_large_image\" \/>\n<meta name=\"twitter:description\" content=\"BYD iniciou oficialmente as vendas de seus ve\u00edculos el\u00e9tricos e h\u00edbridos na Argentina, consolidando sua presen\u00e7a na Am\u00e9rica Latina\" \/>\n<meta name=\"twitter:creator\" content=\"@LataMobility\" \/>\n<meta name=\"twitter:site\" content=\"@LataMobility\" \/>\n<meta name=\"twitter:label1\" content=\"Escrito por\" \/>\n\t<meta name=\"twitter:data1\" content=\"Antonio Vilela\" \/>\n\t<meta name=\"twitter:label2\" content=\"Est. tempo de leitura\" \/>\n\t<meta name=\"twitter:data2\" content=\"3 minutos\" \/>\n<script type=\"application\/ld+json\" class=\"yoast-schema-graph\">{\"@context\":\"https:\\\/\\\/schema.org\",\"@graph\":[{\"@type\":\"NewsArticle\",\"@id\":\"https:\\\/\\\/latamobility.com\\\/nuevo-hito-de-byd-lanza-oficialmente-sus-vehiculos-electricos-en-argentina\\\/#article\",\"isPartOf\":{\"@id\":\"https:\\\/\\\/latamobility.com\\\/nuevo-hito-de-byd-lanza-oficialmente-sus-vehiculos-electricos-en-argentina\\\/\"},\"author\":{\"name\":\"Antonio Vilela\",\"@id\":\"https:\\\/\\\/latamobility.com\\\/#\\\/schema\\\/person\\\/fda092a2de1f87d347784282908bad1a\"},\"headline\":\"Novo marco da BYD: lan\u00e7a oficialmente seus ve\u00edculos el\u00e9tricos na Argentina\",\"datePublished\":\"2025-10-30T10:00:00+00:00\",\"mainEntityOfPage\":{\"@id\":\"https:\\\/\\\/latamobility.com\\\/nuevo-hito-de-byd-lanza-oficialmente-sus-vehiculos-electricos-en-argentina\\\/\"},\"wordCount\":600,\"commentCount\":0,\"publisher\":{\"@id\":\"https:\\\/\\\/latamobility.com\\\/#organization\"},\"image\":{\"@id\":\"https:\\\/\\\/latamobility.com\\\/nuevo-hito-de-byd-lanza-oficialmente-sus-vehiculos-electricos-en-argentina\\\/#primaryimage\"},\"thumbnailUrl\":\"https:\\\/\\\/latamobility.com\\\/wp-content\\\/uploads\\\/2025\\\/10\\\/BYD-271025-d.webp\",\"keywords\":[\"Argentina\",\"BYD\",\"Movilidad el\u00e9ctrica\"],\"articleSection\":[\"Movilidad el\u00e9ctrica\"],\"inLanguage\":\"pt-BR\",\"potentialAction\":[{\"@type\":\"CommentAction\",\"name\":\"Comment\",\"target\":[\"https:\\\/\\\/latamobility.com\\\/nuevo-hito-de-byd-lanza-oficialmente-sus-vehiculos-electricos-en-argentina\\\/#respond\"]}]},{\"@type\":\"WebPage\",\"@id\":\"https:\\\/\\\/latamobility.com\\\/nuevo-hito-de-byd-lanza-oficialmente-sus-vehiculos-electricos-en-argentina\\\/\",\"url\":\"https:\\\/\\\/latamobility.com\\\/nuevo-hito-de-byd-lanza-oficialmente-sus-vehiculos-electricos-en-argentina\\\/\",\"name\":\"Novo marco da BYD: lan\u00e7a oficialmente seus ve\u00edculos el\u00e9tricos na Argentina - Latam Mobility\",\"isPartOf\":{\"@id\":\"https:\\\/\\\/latamobility.com\\\/#website\"},\"primaryImageOfPage\":{\"@id\":\"https:\\\/\\\/latamobility.com\\\/nuevo-hito-de-byd-lanza-oficialmente-sus-vehiculos-electricos-en-argentina\\\/#primaryimage\"},\"image\":{\"@id\":\"https:\\\/\\\/latamobility.com\\\/nuevo-hito-de-byd-lanza-oficialmente-sus-vehiculos-electricos-en-argentina\\\/#primaryimage\"},\"thumbnailUrl\":\"https:\\\/\\\/latamobility.com\\\/wp-content\\\/uploads\\\/2025\\\/10\\\/BYD-271025-d.webp\",\"datePublished\":\"2025-10-30T10:00:00+00:00\",\"description\":\"BYD iniciou oficialmente as vendas de seus ve\u00edculos el\u00e9tricos e h\u00edbridos na Argentina, consolidando sua presen\u00e7a na Am\u00e9rica Latina\",\"breadcrumb\":{\"@id\":\"https:\\\/\\\/latamobility.com\\\/nuevo-hito-de-byd-lanza-oficialmente-sus-vehiculos-electricos-en-argentina\\\/#breadcrumb\"},\"inLanguage\":\"pt-BR\",\"potentialAction\":[{\"@type\":\"ReadAction\",\"target\":[\"https:\\\/\\\/latamobility.com\\\/nuevo-hito-de-byd-lanza-oficialmente-sus-vehiculos-electricos-en-argentina\\\/\"]}]},{\"@type\":\"ImageObject\",\"inLanguage\":\"pt-BR\",\"@id\":\"https:\\\/\\\/latamobility.com\\\/nuevo-hito-de-byd-lanza-oficialmente-sus-vehiculos-electricos-en-argentina\\\/#primaryimage\",\"url\":\"https:\\\/\\\/latamobility.com\\\/wp-content\\\/uploads\\\/2025\\\/10\\\/BYD-271025-d.webp\",\"contentUrl\":\"https:\\\/\\\/latamobility.com\\\/wp-content\\\/uploads\\\/2025\\\/10\\\/BYD-271025-d.webp\",\"width\":1280,\"height\":720,\"caption\":\"BYD\"},{\"@type\":\"BreadcrumbList\",\"@id\":\"https:\\\/\\\/latamobility.com\\\/nuevo-hito-de-byd-lanza-oficialmente-sus-vehiculos-electricos-en-argentina\\\/#breadcrumb\",\"itemListElement\":[{\"@type\":\"ListItem\",\"position\":1,\"name\":\"Portada\",\"item\":\"https:\\\/\\\/latamobility.com\\\/pt-br\\\/\"},{\"@type\":\"ListItem\",\"position\":2,\"name\":\"Novo marco da BYD: lan\u00e7a oficialmente seus ve\u00edculos el\u00e9tricos na Argentina\"}]},{\"@type\":\"WebSite\",\"@id\":\"https:\\\/\\\/latamobility.com\\\/#website\",\"url\":\"https:\\\/\\\/latamobility.com\\\/\",\"name\":\"Latam Mobility\",\"description\":\"Serie de Eventos para promover la Movilidad y Transporte sostenible en Latinoam\u00e9rica\",\"publisher\":{\"@id\":\"https:\\\/\\\/latamobility.com\\\/#organization\"},\"potentialAction\":[{\"@type\":\"SearchAction\",\"target\":{\"@type\":\"EntryPoint\",\"urlTemplate\":\"https:\\\/\\\/latamobility.com\\\/?s={search_term_string}\"},\"query-input\":{\"@type\":\"PropertyValueSpecification\",\"valueRequired\":true,\"valueName\":\"search_term_string\"}}],\"inLanguage\":\"pt-BR\"},{\"@type\":\"Organization\",\"@id\":\"https:\\\/\\\/latamobility.com\\\/#organization\",\"name\":\"LATAM MOBILITY\",\"url\":\"https:\\\/\\\/latamobility.com\\\/\",\"logo\":{\"@type\":\"ImageObject\",\"inLanguage\":\"pt-BR\",\"@id\":\"https:\\\/\\\/latamobility.com\\\/#\\\/schema\\\/logo\\\/image\\\/\",\"url\":\"https:\\\/\\\/latamobility.com\\\/wp-content\\\/uploads\\\/2025\\\/01\\\/logos-LM-LG-2025-10.png\",\"contentUrl\":\"https:\\\/\\\/latamobility.com\\\/wp-content\\\/uploads\\\/2025\\\/01\\\/logos-LM-LG-2025-10.png\",\"width\":1080,\"height\":1080,\"caption\":\"LATAM MOBILITY\"},\"image\":{\"@id\":\"https:\\\/\\\/latamobility.com\\\/#\\\/schema\\\/logo\\\/image\\\/\"},\"sameAs\":[\"https:\\\/\\\/www.facebook.com\\\/latamobility\\\/\",\"https:\\\/\\\/x.com\\\/LataMobility\",\"https:\\\/\\\/www.instagram.com\\\/latamobility\\\/\",\"https:\\\/\\\/www.linkedin.com\\\/company\\\/latamobility\\\/\",\"https:\\\/\\\/www.youtube.com\\\/channel\\\/UCtcslRCRY0vITWaOQ1X0XUA\"]},{\"@type\":\"Person\",\"@id\":\"https:\\\/\\\/latamobility.com\\\/#\\\/schema\\\/person\\\/fda092a2de1f87d347784282908bad1a\",\"name\":\"Antonio Vilela\",\"image\":{\"@type\":\"ImageObject\",\"inLanguage\":\"pt-BR\",\"@id\":\"https:\\\/\\\/secure.gravatar.com\\\/avatar\\\/7eee8196fd2fda180806d7b41cd517f274d5ad3b9f65d873feb3ca7e2b3a72d2?s=96&d=mm&r=g\",\"url\":\"https:\\\/\\\/secure.gravatar.com\\\/avatar\\\/7eee8196fd2fda180806d7b41cd517f274d5ad3b9f65d873feb3ca7e2b3a72d2?s=96&d=mm&r=g\",\"contentUrl\":\"https:\\\/\\\/secure.gravatar.com\\\/avatar\\\/7eee8196fd2fda180806d7b41cd517f274d5ad3b9f65d873feb3ca7e2b3a72d2?s=96&d=mm&r=g\",\"caption\":\"Antonio Vilela\"}}]}<\/script>\n<!-- \/ Yoast SEO Premium plugin. -->","yoast_head_json":{"title":"Novo marco da BYD: lan\u00e7a oficialmente seus ve\u00edculos el\u00e9tricos na Argentina - Latam Mobility","description":"BYD iniciou oficialmente as vendas de seus ve\u00edculos el\u00e9tricos e h\u00edbridos na Argentina, consolidando sua presen\u00e7a na Am\u00e9rica Latina","robots":{"index":"index","follow":"follow","max-snippet":"max-snippet:-1","max-image-preview":"max-image-preview:large","max-video-preview":"max-video-preview:-1"},"canonical":"https:\/\/latamobility.com\/nuevo-hito-de-byd-lanza-oficialmente-sus-vehiculos-electricos-en-argentina\/","og_locale":"pt_BR","og_type":"article","og_title":"Novo marco da BYD: lan\u00e7a oficialmente seus ve\u00edculos el\u00e9tricos na Argentina","og_description":"BYD iniciou oficialmente as vendas de seus ve\u00edculos el\u00e9tricos e h\u00edbridos na Argentina, consolidando sua presen\u00e7a na Am\u00e9rica Latina","og_url":"https:\/\/latamobility.com\/nuevo-hito-de-byd-lanza-oficialmente-sus-vehiculos-electricos-en-argentina\/","og_site_name":"Latam Mobility","article_publisher":"https:\/\/www.facebook.com\/latamobility\/","article_published_time":"2025-10-30T10:00:00+00:00","og_image":[{"width":1280,"height":720,"url":"https:\/\/latamobility.com\/wp-content\/uploads\/2025\/10\/BYD-271025-d.webp","type":"image\/webp"}],"author":"Antonio Vilela","twitter_card":"summary_large_image","twitter_description":"BYD iniciou oficialmente as vendas de seus ve\u00edculos el\u00e9tricos e h\u00edbridos na Argentina, consolidando sua presen\u00e7a na Am\u00e9rica Latina","twitter_creator":"@LataMobility","twitter_site":"@LataMobility","twitter_misc":{"Escrito por":"Antonio Vilela","Est. tempo de leitura":"3 minutos"},"schema":{"@context":"https:\/\/schema.org","@graph":[{"@type":"NewsArticle","@id":"https:\/\/latamobility.com\/nuevo-hito-de-byd-lanza-oficialmente-sus-vehiculos-electricos-en-argentina\/#article","isPartOf":{"@id":"https:\/\/latamobility.com\/nuevo-hito-de-byd-lanza-oficialmente-sus-vehiculos-electricos-en-argentina\/"},"author":{"name":"Antonio Vilela","@id":"https:\/\/latamobility.com\/#\/schema\/person\/fda092a2de1f87d347784282908bad1a"},"headline":"Novo marco da BYD: lan\u00e7a oficialmente seus ve\u00edculos el\u00e9tricos na Argentina","datePublished":"2025-10-30T10:00:00+00:00","mainEntityOfPage":{"@id":"https:\/\/latamobility.com\/nuevo-hito-de-byd-lanza-oficialmente-sus-vehiculos-electricos-en-argentina\/"},"wordCount":600,"commentCount":0,"publisher":{"@id":"https:\/\/latamobility.com\/#organization"},"image":{"@id":"https:\/\/latamobility.com\/nuevo-hito-de-byd-lanza-oficialmente-sus-vehiculos-electricos-en-argentina\/#primaryimage"},"thumbnailUrl":"https:\/\/latamobility.com\/wp-content\/uploads\/2025\/10\/BYD-271025-d.webp","keywords":["Argentina","BYD","Movilidad el\u00e9ctrica"],"articleSection":["Movilidad el\u00e9ctrica"],"inLanguage":"pt-BR","potentialAction":[{"@type":"CommentAction","name":"Comment","target":["https:\/\/latamobility.com\/nuevo-hito-de-byd-lanza-oficialmente-sus-vehiculos-electricos-en-argentina\/#respond"]}]},{"@type":"WebPage","@id":"https:\/\/latamobility.com\/nuevo-hito-de-byd-lanza-oficialmente-sus-vehiculos-electricos-en-argentina\/","url":"https:\/\/latamobility.com\/nuevo-hito-de-byd-lanza-oficialmente-sus-vehiculos-electricos-en-argentina\/","name":"Novo marco da BYD: lan\u00e7a oficialmente seus ve\u00edculos el\u00e9tricos na Argentina - Latam Mobility","isPartOf":{"@id":"https:\/\/latamobility.com\/#website"},"primaryImageOfPage":{"@id":"https:\/\/latamobility.com\/nuevo-hito-de-byd-lanza-oficialmente-sus-vehiculos-electricos-en-argentina\/#primaryimage"},"image":{"@id":"https:\/\/latamobility.com\/nuevo-hito-de-byd-lanza-oficialmente-sus-vehiculos-electricos-en-argentina\/#primaryimage"},"thumbnailUrl":"https:\/\/latamobility.com\/wp-content\/uploads\/2025\/10\/BYD-271025-d.webp","datePublished":"2025-10-30T10:00:00+00:00","description":"BYD iniciou oficialmente as vendas de seus ve\u00edculos el\u00e9tricos e h\u00edbridos na Argentina, consolidando sua presen\u00e7a na Am\u00e9rica Latina","breadcrumb":{"@id":"https:\/\/latamobility.com\/nuevo-hito-de-byd-lanza-oficialmente-sus-vehiculos-electricos-en-argentina\/#breadcrumb"},"inLanguage":"pt-BR","potentialAction":[{"@type":"ReadAction","target":["https:\/\/latamobility.com\/nuevo-hito-de-byd-lanza-oficialmente-sus-vehiculos-electricos-en-argentina\/"]}]},{"@type":"ImageObject","inLanguage":"pt-BR","@id":"https:\/\/latamobility.com\/nuevo-hito-de-byd-lanza-oficialmente-sus-vehiculos-electricos-en-argentina\/#primaryimage","url":"https:\/\/latamobility.com\/wp-content\/uploads\/2025\/10\/BYD-271025-d.webp","contentUrl":"https:\/\/latamobility.com\/wp-content\/uploads\/2025\/10\/BYD-271025-d.webp","width":1280,"height":720,"caption":"BYD"},{"@type":"BreadcrumbList","@id":"https:\/\/latamobility.com\/nuevo-hito-de-byd-lanza-oficialmente-sus-vehiculos-electricos-en-argentina\/#breadcrumb","itemListElement":[{"@type":"ListItem","position":1,"name":"Portada","item":"https:\/\/latamobility.com\/pt-br\/"},{"@type":"ListItem","position":2,"name":"Novo marco da BYD: lan\u00e7a oficialmente seus ve\u00edculos el\u00e9tricos na Argentina"}]},{"@type":"WebSite","@id":"https:\/\/latamobility.com\/#website","url":"https:\/\/latamobility.com\/","name":"Latam Mobility","description":"Serie de Eventos para promover la Movilidad y Transporte sostenible en Latinoam\u00e9rica","publisher":{"@id":"https:\/\/latamobility.com\/#organization"},"potentialAction":[{"@type":"SearchAction","target":{"@type":"EntryPoint","urlTemplate":"https:\/\/latamobility.com\/?s={search_term_string}"},"query-input":{"@type":"PropertyValueSpecification","valueRequired":true,"valueName":"search_term_string"}}],"inLanguage":"pt-BR"},{"@type":"Organization","@id":"https:\/\/latamobility.com\/#organization","name":"LATAM MOBILITY","url":"https:\/\/latamobility.com\/","logo":{"@type":"ImageObject","inLanguage":"pt-BR","@id":"https:\/\/latamobility.com\/#\/schema\/logo\/image\/","url":"https:\/\/latamobility.com\/wp-content\/uploads\/2025\/01\/logos-LM-LG-2025-10.png","contentUrl":"https:\/\/latamobility.com\/wp-content\/uploads\/2025\/01\/logos-LM-LG-2025-10.png","width":1080,"height":1080,"caption":"LATAM MOBILITY"},"image":{"@id":"https:\/\/latamobility.com\/#\/schema\/logo\/image\/"},"sameAs":["https:\/\/www.facebook.com\/latamobility\/","https:\/\/x.com\/LataMobility","https:\/\/www.instagram.com\/latamobility\/","https:\/\/www.linkedin.com\/company\/latamobility\/","https:\/\/www.youtube.com\/channel\/UCtcslRCRY0vITWaOQ1X0XUA"]},{"@type":"Person","@id":"https:\/\/latamobility.com\/#\/schema\/person\/fda092a2de1f87d347784282908bad1a","name":"Antonio Vilela","image":{"@type":"ImageObject","inLanguage":"pt-BR","@id":"https:\/\/secure.gravatar.com\/avatar\/7eee8196fd2fda180806d7b41cd517f274d5ad3b9f65d873feb3ca7e2b3a72d2?s=96&d=mm&r=g","url":"https:\/\/secure.gravatar.com\/avatar\/7eee8196fd2fda180806d7b41cd517f274d5ad3b9f65d873feb3ca7e2b3a72d2?s=96&d=mm&r=g","contentUrl":"https:\/\/secure.gravatar.com\/avatar\/7eee8196fd2fda180806d7b41cd517f274d5ad3b9f65d873feb3ca7e2b3a72d2?s=96&d=mm&r=g","caption":"Antonio Vilela"}}]}},"_links":{"self":[{"href":"https:\/\/latamobility.com\/pt-br\/wp-json\/wp\/v2\/posts\/53066","targetHints":{"allow":["GET"]}}],"collection":[{"href":"https:\/\/latamobility.com\/pt-br\/wp-json\/wp\/v2\/posts"}],"about":[{"href":"https:\/\/latamobility.com\/pt-br\/wp-json\/wp\/v2\/types\/post"}],"author":[{"embeddable":true,"href":"https:\/\/latamobility.com\/pt-br\/wp-json\/wp\/v2\/users\/10"}],"replies":[{"embeddable":true,"href":"https:\/\/latamobility.com\/pt-br\/wp-json\/wp\/v2\/comments?post=53066"}],"version-history":[{"count":2,"href":"https:\/\/latamobility.com\/pt-br\/wp-json\/wp\/v2\/posts\/53066\/revisions"}],"predecessor-version":[{"id":53068,"href":"https:\/\/latamobility.com\/pt-br\/wp-json\/wp\/v2\/posts\/53066\/revisions\/53068"}],"wp:featuredmedia":[{"embeddable":true,"href":"https:\/\/latamobility.com\/pt-br\/wp-json\/wp\/v2\/media\/53061"}],"wp:attachment":[{"href":"https:\/\/latamobility.com\/pt-br\/wp-json\/wp\/v2\/media?parent=53066"}],"wp:term":[{"taxonomy":"category","embeddable":true,"href":"https:\/\/latamobility.com\/pt-br\/wp-json\/wp\/v2\/categories?post=53066"},{"taxonomy":"post_tag","embeddable":true,"href":"https:\/\/latamobility.com\/pt-br\/wp-json\/wp\/v2\/tags?post=53066"}],"curies":[{"name":"wp","href":"https:\/\/api.w.org\/{rel}","templated":true}]}}