{"id":53966,"date":"2025-11-20T05:00:00","date_gmt":"2025-11-20T10:00:00","guid":{"rendered":"https:\/\/latamobility.com\/?p=53966"},"modified":"2025-11-21T10:32:39","modified_gmt":"2025-11-21T15:32:39","slug":"insitra-keysight-technologies-voltrelli-mobilidade-eletrica-2026","status":"publish","type":"post","link":"https:\/\/latamobility.com\/pt-br\/insitra-keysight-technologies-voltrelli-mobilidade-eletrica-2026\/","title":{"rendered":"Insitra, Keysight Technologies e Voltrelli concordam: a colabora\u00e7\u00e3o p\u00fablico-privada e a regulamenta\u00e7\u00e3o marcar\u00e3o a mobilidade el\u00e9trica em 2026"},"content":{"rendered":"\n<p>No \u00e2mbito do webinar \u201c<strong>Por que 2026 \u00e9 o ano da mobilidade sustent\u00e1vel?<\/strong>\u201d, o primeiro painel, intitulado \u201c<strong>Resultados e reflex\u00f5es de 2025<\/strong>\u201d, reuniu tr\u00eas vozes autorizadas do setor: <strong>Mar\u00eda Elena Espinosa<\/strong>, CEO da <strong><a href=\"https:\/\/insitra.com.mx\/\">Insitra<\/a><\/strong>; <strong>Pablo Bernal<\/strong>, engenheiro de solu\u00e7\u00f5es automotivas e energ\u00e9ticas da <strong><a href=\"https:\/\/www.keysight.com\/us\/en\/home.html\">Keysight Technologies<\/a><\/strong>; e <strong>Carlos Morales<\/strong>, CEO da <strong><a href=\"https:\/\/voltrelli.com\/\">Voltrelli<\/a><\/strong>.<\/p>\n\n\n\n<p>O espa\u00e7o serviu para fazer um diagn\u00f3stico do estado da mobilidade limpa na Am\u00e9rica Latina, analisando os marcos mais significativos do ano que termina e projetando com otimismo os desafios e oportunidades de 2026.<\/p>\n\n\n\n<p>A conversa, moderada por <strong>Andr\u00e9s Garc\u00eda<\/strong>, diretor de mobilidade da<strong> Latam Mobility<\/strong>, destacou a crescente maturidade do mercado, a evolu\u00e7\u00e3o dos modelos de neg\u00f3cios e a colabora\u00e7\u00e3o p\u00fablico-privada como for\u00e7as motrizes.<\/p>\n\n\n\n<p><strong>Voc\u00ea tamb\u00e9m pode se interessar por<\/strong> | <strong><a href=\"https:\/\/latamobility.com\/pt-br\/chile-latam-mobility-agenciase-acordo-historico-eletromobilidade\/\">Chile: Latam Mobility se une ao Minist\u00e9rio da Energia e \u00e0 AgenciaSE em um pacto hist\u00f3rico de 196 organiza\u00e7\u00f5es pela eletromobilidade<\/a><\/strong><\/p>\n\n\n\n<h2 class=\"wp-block-heading\" id=\"h-maturidade-e-dinamismo-como-sinais\">Maturidade e dinamismo como sinais<\/h2>\n\n\n\n<p>Ao analisar os avan\u00e7os concretos de 2025, os participantes do painel concordaram em identificar uma acelera\u00e7\u00e3o not\u00e1vel. <strong>Carlos Morales<\/strong> destacou a din\u00e2mica positiva da ind\u00fastria automotiva, observando que \u201co mestre \u00e9 o ve\u00edculo e o carregador faz o que se segue\u201d.<\/p>\n\n\n\n<p>Ele destacou o crescimento exponencial nas vendas de ve\u00edculos el\u00e9tricos em pa\u00edses como <strong>Col\u00f4mbia, Uruguai, Equador e Peru<\/strong>, impulsionado pela chegada de novas marcas e modelos.<\/p>\n\n\n\n<p>Al\u00e9m disso, enfatizou o alinhamento bem-sucedido de incentivos entre governos e o setor privado, especialmente no transporte p\u00fablico da <strong>Col\u00f4mbia, Chile e M\u00e9xico<\/strong>, e a evolu\u00e7\u00e3o dos modelos de neg\u00f3cios em torno da infraestrutura de carregamento.<\/p>\n\n\n\n<p><strong>Mar\u00eda Elena Espinosa<\/strong> enfatizou a colabora\u00e7\u00e3o entre os setores p\u00fablico e privado como um fator-chave. Ela destacou a import\u00e2ncia de projetos como a convers\u00e3o total da frota do <strong>Metrob\u00fas <\/strong>para el\u00e9trica at\u00e9 2030 e ressaltou a necessidade de uma regulamenta\u00e7\u00e3o mais madura e linhas claras para orientar a transi\u00e7\u00e3o de maneira eficaz. \u201cAs transi\u00e7\u00f5es s\u00e3o feitas, <strong>mas o importante \u00e9 como elas s\u00e3o feitas<\/strong>\u201d, refletiu.<\/p>\n\n\n\n<figure class=\"wp-block-image size-large\"><img fetchpriority=\"high\" decoding=\"async\" width=\"1024\" height=\"588\" src=\"https:\/\/latamobility.com\/wp-content\/uploads\/2025\/11\/Webinar_LM-1024x588.jpg\" alt=\"Keysight\" class=\"wp-image-53963\" srcset=\"https:\/\/latamobility.com\/wp-content\/uploads\/2025\/11\/Webinar_LM-1024x588.jpg 1024w, https:\/\/latamobility.com\/wp-content\/uploads\/2025\/11\/Webinar_LM-300x172.jpg 300w, https:\/\/latamobility.com\/wp-content\/uploads\/2025\/11\/Webinar_LM-768x441.jpg 768w, https:\/\/latamobility.com\/wp-content\/uploads\/2025\/11\/Webinar_LM.jpg 1212w\" sizes=\"(max-width: 1024px) 100vw, 1024px\" \/><\/figure>\n\n\n\n<p><strong>Pablo Bernal<\/strong>, com sua experi\u00eancia em testes e regulamenta\u00e7\u00f5es, trouxe uma perspectiva t\u00e9cnica fundamental. Ele revelou que 2025 testemunhou a cria\u00e7\u00e3o e capacita\u00e7\u00e3o dos primeiros laborat\u00f3rios na regi\u00e3o, como o do <strong>IPN <\/strong>em Puebla (M\u00e9xico) e um em Medell\u00edn (Col\u00f4mbia), dedicados a verificar se ve\u00edculos, baterias e carregadores cumprem os padr\u00f5es internacionais de seguran\u00e7a e desempenho.<\/p>\n\n\n\n<p>\u201cEmbora [a regulamenta\u00e7\u00e3o] esteja suspensa no momento, as normas internacionais j\u00e1 existem e ser\u00e3o feitas adapta\u00e7\u00f5es\u201d, explicou, apontando para um investimento antecipado e proativo do setor.<\/p>\n\n\n\n<h2 class=\"wp-block-heading\" id=\"h-o-terreno-se-torna-fertil\">O terreno se torna f\u00e9rtil<\/h2>\n\n\n\n<p>Embora os participantes do painel tenham mantido em segredo v\u00e1rios projetos a serem anunciados, eles compartilharam alguns casos emblem\u00e1ticos. <strong>Pablo Bernal<\/strong>, da <strong>Keysight<\/strong>, citou a instala\u00e7\u00e3o e o in\u00edcio das atividades dos laborat\u00f3rios no <strong>Tecnol\u00f3gico de Monterrey<\/strong> e na <strong>Universidade de Antioquia<\/strong> como exemplos p\u00fablicos da prepara\u00e7\u00e3o do ecossistema.<\/p>\n\n\n\n<p><strong>Carlos Morales<\/strong>, por sua vez, referiu-se ao mercado em geral como um \u201cterreno muito f\u00e9rtil para fazer neg\u00f3cios\u201d, destacando a grande quantidade de conversas e oportunidades que est\u00e3o sendo geradas em eventos e encontros setoriais.<\/p>\n\n\n\n<p><strong>Mar\u00eda Elena Espinosa<\/strong> mencionou o surgimento de modelos inovadores como o \u201c<strong>carregamento colaborativo<\/strong>\u201d, que permite o uso compartilhado de esta\u00e7\u00f5es, e os avan\u00e7os da <strong>Insitra <\/strong>na otimiza\u00e7\u00e3o de rotas para frotas el\u00e9tricas por meio de telemetria e intelig\u00eancia artificial, com base na an\u00e1lise de dados de consumo e custos.<\/p>\n\n\n\n<figure class=\"wp-block-gallery has-nested-images columns-default is-cropped wp-block-gallery-1 is-layout-flex wp-block-gallery-is-layout-flex\">\n<figure class=\"wp-block-image size-large\"><img decoding=\"async\" width=\"819\" height=\"1024\" data-id=\"53915\" src=\"https:\/\/latamobility.com\/wp-content\/uploads\/2025\/11\/Webinar_LM-Maria-Elena-Espinosa-819x1024.jpg\" alt=\"\" class=\"wp-image-53915\" srcset=\"https:\/\/latamobility.com\/wp-content\/uploads\/2025\/11\/Webinar_LM-Maria-Elena-Espinosa-819x1024.jpg 819w, https:\/\/latamobility.com\/wp-content\/uploads\/2025\/11\/Webinar_LM-Maria-Elena-Espinosa-240x300.jpg 240w, https:\/\/latamobility.com\/wp-content\/uploads\/2025\/11\/Webinar_LM-Maria-Elena-Espinosa-768x960.jpg 768w, https:\/\/latamobility.com\/wp-content\/uploads\/2025\/11\/Webinar_LM-Maria-Elena-Espinosa.jpg 1080w\" sizes=\"(max-width: 819px) 100vw, 819px\" \/><\/figure>\n\n\n\n<figure class=\"wp-block-image size-large\"><img decoding=\"async\" width=\"819\" height=\"1024\" data-id=\"53894\" src=\"https:\/\/latamobility.com\/wp-content\/uploads\/2025\/11\/Webinar_LM-Carlos-Morales-819x1024.jpg\" alt=\"Latam Mobility\" class=\"wp-image-53894\" srcset=\"https:\/\/latamobility.com\/wp-content\/uploads\/2025\/11\/Webinar_LM-Carlos-Morales-819x1024.jpg 819w, https:\/\/latamobility.com\/wp-content\/uploads\/2025\/11\/Webinar_LM-Carlos-Morales-240x300.jpg 240w, https:\/\/latamobility.com\/wp-content\/uploads\/2025\/11\/Webinar_LM-Carlos-Morales-768x960.jpg 768w, https:\/\/latamobility.com\/wp-content\/uploads\/2025\/11\/Webinar_LM-Carlos-Morales.jpg 1080w\" sizes=\"(max-width: 819px) 100vw, 819px\" \/><\/figure>\n\n\n\n<figure class=\"wp-block-image size-large\"><img loading=\"lazy\" decoding=\"async\" width=\"819\" height=\"1024\" data-id=\"53900\" src=\"https:\/\/latamobility.com\/wp-content\/uploads\/2025\/11\/Webinar_LM-Pablo-Bernal-819x1024.jpg\" alt=\"Latam Mobility\" class=\"wp-image-53900\" srcset=\"https:\/\/latamobility.com\/wp-content\/uploads\/2025\/11\/Webinar_LM-Pablo-Bernal-819x1024.jpg 819w, https:\/\/latamobility.com\/wp-content\/uploads\/2025\/11\/Webinar_LM-Pablo-Bernal-240x300.jpg 240w, https:\/\/latamobility.com\/wp-content\/uploads\/2025\/11\/Webinar_LM-Pablo-Bernal-768x960.jpg 768w, https:\/\/latamobility.com\/wp-content\/uploads\/2025\/11\/Webinar_LM-Pablo-Bernal.jpg 1080w\" sizes=\"(max-width: 819px) 100vw, 819px\" \/><\/figure>\n<\/figure>\n\n\n\n<h2 class=\"wp-block-heading\" id=\"h-perspectivas-para-2026\">Perspectivas para 2026<\/h2>\n\n\n\n<p>Ao projetar o que <strong>2026 <\/strong>nos reserva, os especialistas delinearam os fatores cr\u00edticos para consolidar o boom da mobilidade sustent\u00e1vel.<\/p>\n\n\n\n<p><strong>Mar\u00eda Elena Espinosa<\/strong> foi enf\u00e1tica na necessidade de uma \u201c<strong>regulamenta\u00e7\u00e3o mais madura<\/strong>\u201d e de continuar desenvolvendo o talento especializado dentro das empresas. \u201cPara que seja uma transi\u00e7\u00e3o bem feita, precisamos justamente ter todas essas pol\u00edticas bem maduras\u201d, afirmou.<\/p>\n\n\n\n<p><strong>Carlos Morales<\/strong> abordou o tema crucial da padroniza\u00e7\u00e3o dos conectores de carga, um ponto de confus\u00e3o atual em mercados como o da <strong>Col\u00f4mbia<\/strong>, com a poss\u00edvel entrada da <strong>Tesla<\/strong>. \u201cSe a regulamenta\u00e7\u00e3o n\u00e3o se organizar um pouco e os atores do mercado n\u00e3o se organizarem, ser\u00e1 mais dif\u00edcil investir\u201d, alertou.<\/p>\n\n\n\n<p>Ele tamb\u00e9m vislumbrou uma maior exig\u00eancia na qualidade do servi\u00e7o, ilustrando-o com um caso de sucesso da Voltrelli: um carregador de 60 kW no <strong>Aeroporto Jorge Ch\u00e1vez<\/strong>, em Lima, para ve\u00edculos de apoio em terra, onde a confiabilidade \u00e9 fundamental.<\/p>\n\n\n\n<p><strong>Pablo Bernal <\/strong>aprofundou o desafio t\u00e9cnico dos m\u00faltiplos padr\u00f5es e adaptadores, alertando sobre os riscos de seguran\u00e7a se normas rigorosas n\u00e3o forem cumpridas.<\/p>\n\n\n\n<p>Para impulsionar a ado\u00e7\u00e3o em massa em n\u00edvel individual em 2026, Bernal destacou a import\u00e2ncia do sucesso dos projetos de mobilidade econ\u00f4mica e a chegada potencial de ve\u00edculos com <strong>baterias de \u00edons de s\u00f3dio<\/strong>. \u201cAcredito que, no final de 2026, j\u00e1 veremos alguns modelos com essa tecnologia\u201d, previu, o que reduziria os custos e melhoraria a seguran\u00e7a.<\/p>\n\n\n\n<h2 class=\"wp-block-heading\" id=\"h-avancar-com-trabalho-colaborativo\">Avan\u00e7ar com trabalho colaborativo<\/h2>\n\n\n\n<p>O painel foi encerrado com uma mensagem de claro otimismo e um convite para se juntar ao setor.<\/p>\n\n\n\n<p>Os tr\u00eas l\u00edderes concordaram que o ecossistema amadureceu significativamente, passando de um \u201cterreno a ser cultivado\u201d para <strong>um campo f\u00e9rtil para investimentos e inova\u00e7\u00e3o<\/strong>.<\/p>\n\n\n\n<p>A combina\u00e7\u00e3o de uma frota automotiva em crescimento, uma infraestrutura de carregamento em evolu\u00e7\u00e3o, o surgimento de capacidades locais de teste e uma crescente colabora\u00e7\u00e3o entre todos os atores estabelece as bases para que 2026 se consolide como o ano da mobilidade sustent\u00e1vel na Am\u00e9rica Latina.<\/p>\n\n\n\n<p>Como exortou <strong>Mar\u00eda Elena Espinosa<\/strong>: \u201cAvante, sem medo, vamos em frente\u201d.<\/p>\n\n\n\n<figure class=\"wp-block-image size-large\"><img loading=\"lazy\" decoding=\"async\" width=\"1024\" height=\"576\" src=\"https:\/\/latamobility.com\/wp-content\/uploads\/2025\/11\/Portugues-Brasil_20251121_112719_0000-1024x576.jpg\" alt=\"\" class=\"wp-image-54147\" srcset=\"https:\/\/latamobility.com\/wp-content\/uploads\/2025\/11\/Portugues-Brasil_20251121_112719_0000-1024x576.jpg 1024w, https:\/\/latamobility.com\/wp-content\/uploads\/2025\/11\/Portugues-Brasil_20251121_112719_0000-300x169.jpg 300w, https:\/\/latamobility.com\/wp-content\/uploads\/2025\/11\/Portugues-Brasil_20251121_112719_0000-768x432.jpg 768w, https:\/\/latamobility.com\/wp-content\/uploads\/2025\/11\/Portugues-Brasil_20251121_112719_0000-1536x864.jpg 1536w, https:\/\/latamobility.com\/wp-content\/uploads\/2025\/11\/Portugues-Brasil_20251121_112719_0000.jpg 1920w\" sizes=\"(max-width: 1024px) 100vw, 1024px\" \/><\/figure>\n\n\n\n<h2 class=\"wp-block-heading\" id=\"h-latam-mobility-2026-impulsionando-a-transformacao\">Latam Mobility 2026, impulsionando a transforma\u00e7\u00e3o<\/h2>\n\n\n\n<p>A <strong>Latam Mobility<\/strong> inicia em 2026 uma nova s\u00e9rie de encontros que reunir\u00e1 l\u00edderes dos setores p\u00fablico e privado, empresas de tecnologia, fabricantes, operadores de transporte e especialistas em sustentabilidade.<\/p>\n\n\n\n<p>Do <strong>M\u00e9xico a Santiago do Chile<\/strong>, passando por <strong>S\u00e3o Paulo e Medell\u00edn<\/strong>, essas c\u00fapulas ser\u00e3o o ponto de encontro mais importante da regi\u00e3o para debater, aprender e construir solu\u00e7\u00f5es em torno da mobilidade el\u00e9trica, baixas emiss\u00f5es e inova\u00e7\u00e3o urbana.<\/p>\n\n\n\n<p>Cada evento oferecer\u00e1 <strong>um espa\u00e7o \u00fanico para analisar os avan\u00e7os em infraestrutura de recarga, gest\u00e3o de frotas el\u00e9tricas, log\u00edstica de \u00faltima milha e desenvolvimento de cidades inteligentes<\/strong>, com o apoio de um ecossistema cada vez mais robusto de parceiros estrat\u00e9gicos e aliados internacionais.<\/p>\n\n\n\n<p>A turn\u00ea <strong>2026 <\/strong>promete n\u00e3o apenas conte\u00fado de alto n\u00edvel, mas tamb\u00e9m uma plataforma ideal para impulsionar alian\u00e7as de neg\u00f3cios, troca de experi\u00eancias e colabora\u00e7\u00e3o multissetorial.<\/p>\n\n\n\n<p>Com um enfoque que combina tecnologia, sustentabilidade e vis\u00e3o de futuro, a <strong>Latam Mobility 2026<\/strong> convida todos os atores da cadeia de valor a participar desta jornada que marcar\u00e1 a agenda regional da mobilidade limpa. Participe dos encontros no <strong>M\u00e9xico, S\u00e3o Paulo, Medell\u00edn, Santiago e Cidade do M\u00e9xico<\/strong> e fa\u00e7a parte do movimento que acelera a transforma\u00e7\u00e3o energ\u00e9tica e urbana da Am\u00e9rica Latina.<\/p>\n\n\n\n<p>Mais informa\u00e7\u00f5es em breve.<\/p>\n","protected":false},"excerpt":{"rendered":"<p>No \u00e2mbito do webinar \u201cPor que 2026 \u00e9 o ano da mobilidade sustent\u00e1vel?\u201d, o primeiro painel, intitulado \u201cResultados e reflex\u00f5es de 2025\u201d, reuniu tr\u00eas vozes autorizadas do setor: Mar\u00eda Elena Espinosa, CEO da Insitra; Pablo Bernal, engenheiro de solu\u00e7\u00f5es automotivas e energ\u00e9ticas da Keysight Technologies; e Carlos Morales, CEO da Voltrelli. O espa\u00e7o serviu para&#8230;<\/p>\n","protected":false},"author":10,"featured_media":53960,"comment_status":"open","ping_status":"closed","sticky":false,"template":"","format":"standard","meta":{"_kad_post_transparent":"","_kad_post_title":"","_kad_post_layout":"","_kad_post_sidebar_id":"","_kad_post_content_style":"","_kad_post_vertical_padding":"","_kad_post_feature":"","_kad_post_feature_position":"","_kad_post_header":false,"_kad_post_footer":false,"_kad_post_classname":"","footnotes":""},"categories":[2972],"tags":[3397,3452,2359,3453,3451],"class_list":["post-53966","post","type-post","status-publish","format-standard","has-post-thumbnail","hentry","category-encuentros-movilidad-sostenible-pt-br","tag-insitra-2","tag-keysight-technologies","tag-movilidad-electrica-pt-br","tag-voltrelli","tag-webinar"],"yoast_head":"<!-- This site is optimized with the Yoast SEO Premium plugin v22.7 (Yoast SEO v27.4) - https:\/\/yoast.com\/product\/yoast-seo-premium-wordpress\/ -->\n<title>Insitra, Keysight Technologies e Voltrelli concordam: a colabora\u00e7\u00e3o p\u00fablico-privada e a regulamenta\u00e7\u00e3o marcar\u00e3o a mobilidade el\u00e9trica em 2026 - Latam Mobility<\/title>\n<meta name=\"description\" content=\"O webinar \u201cPor que 2026 \u00e9 o ano da mobilidade sustent\u00e1vel?\u201d reuniu representantes da Insitra, Keysight Technologies e Voltrelli\" \/>\n<meta name=\"robots\" content=\"index, follow, max-snippet:-1, max-image-preview:large, max-video-preview:-1\" \/>\n<link rel=\"canonical\" href=\"https:\/\/latamobility.com\/pt-br\/insitra-keysight-technologies-voltrelli-mobilidade-eletrica-2026\/\" \/>\n<meta property=\"og:locale\" content=\"pt_BR\" \/>\n<meta property=\"og:type\" content=\"article\" \/>\n<meta property=\"og:title\" content=\"Insitra, Keysight Technologies e Voltrelli concordam: a colabora\u00e7\u00e3o p\u00fablico-privada e a regulamenta\u00e7\u00e3o marcar\u00e3o a mobilidade el\u00e9trica em 2026\" \/>\n<meta property=\"og:description\" content=\"O webinar \u201cPor que 2026 \u00e9 o ano da mobilidade sustent\u00e1vel?\u201d reuniu representantes da Insitra, Keysight Technologies e Voltrelli\" \/>\n<meta property=\"og:url\" content=\"https:\/\/latamobility.com\/pt-br\/insitra-keysight-technologies-voltrelli-mobilidade-eletrica-2026\/\" \/>\n<meta property=\"og:site_name\" content=\"Latam Mobility\" \/>\n<meta property=\"article:publisher\" content=\"https:\/\/www.facebook.com\/latamobility\/\" \/>\n<meta property=\"article:published_time\" content=\"2025-11-20T10:00:00+00:00\" \/>\n<meta property=\"article:modified_time\" content=\"2025-11-21T15:32:39+00:00\" \/>\n<meta property=\"og:image\" content=\"https:\/\/latamobility.com\/wp-content\/uploads\/2025\/11\/2.jpg\" \/>\n\t<meta property=\"og:image:width\" content=\"1080\" \/>\n\t<meta property=\"og:image:height\" content=\"720\" \/>\n\t<meta property=\"og:image:type\" content=\"image\/jpeg\" \/>\n<meta name=\"author\" content=\"Antonio Vilela\" \/>\n<meta name=\"twitter:card\" content=\"summary_large_image\" \/>\n<meta name=\"twitter:creator\" content=\"@LataMobility\" \/>\n<meta name=\"twitter:site\" content=\"@LataMobility\" \/>\n<meta name=\"twitter:label1\" content=\"Escrito por\" \/>\n\t<meta name=\"twitter:data1\" content=\"Antonio Vilela\" \/>\n\t<meta name=\"twitter:label2\" content=\"Est. tempo de leitura\" \/>\n\t<meta name=\"twitter:data2\" content=\"6 minutos\" \/>\n<script type=\"application\/ld+json\" class=\"yoast-schema-graph\">{\"@context\":\"https:\\\/\\\/schema.org\",\"@graph\":[{\"@type\":\"Article\",\"@id\":\"https:\\\/\\\/latamobility.com\\\/pt-br\\\/insitra-keysight-technologies-voltrelli-mobilidade-eletrica-2026\\\/#article\",\"isPartOf\":{\"@id\":\"https:\\\/\\\/latamobility.com\\\/pt-br\\\/insitra-keysight-technologies-voltrelli-mobilidade-eletrica-2026\\\/\"},\"author\":{\"name\":\"Antonio Vilela\",\"@id\":\"https:\\\/\\\/latamobility.com\\\/#\\\/schema\\\/person\\\/fda092a2de1f87d347784282908bad1a\"},\"headline\":\"Insitra, Keysight Technologies e Voltrelli concordam: a colabora\u00e7\u00e3o p\u00fablico-privada e a regulamenta\u00e7\u00e3o marcar\u00e3o a mobilidade el\u00e9trica em 2026\",\"datePublished\":\"2025-11-20T10:00:00+00:00\",\"dateModified\":\"2025-11-21T15:32:39+00:00\",\"mainEntityOfPage\":{\"@id\":\"https:\\\/\\\/latamobility.com\\\/pt-br\\\/insitra-keysight-technologies-voltrelli-mobilidade-eletrica-2026\\\/\"},\"wordCount\":1245,\"commentCount\":0,\"publisher\":{\"@id\":\"https:\\\/\\\/latamobility.com\\\/#organization\"},\"image\":{\"@id\":\"https:\\\/\\\/latamobility.com\\\/pt-br\\\/insitra-keysight-technologies-voltrelli-mobilidade-eletrica-2026\\\/#primaryimage\"},\"thumbnailUrl\":\"https:\\\/\\\/latamobility.com\\\/wp-content\\\/uploads\\\/2025\\\/11\\\/2.jpg\",\"keywords\":[\"Insitra\",\"Keysight Technologies\",\"Movilidad el\u00e9ctrica\",\"Voltrelli\",\"Webinar\"],\"articleSection\":[\"Encuentros\"],\"inLanguage\":\"pt-BR\",\"potentialAction\":[{\"@type\":\"CommentAction\",\"name\":\"Comment\",\"target\":[\"https:\\\/\\\/latamobility.com\\\/pt-br\\\/insitra-keysight-technologies-voltrelli-mobilidade-eletrica-2026\\\/#respond\"]}]},{\"@type\":\"WebPage\",\"@id\":\"https:\\\/\\\/latamobility.com\\\/pt-br\\\/insitra-keysight-technologies-voltrelli-mobilidade-eletrica-2026\\\/\",\"url\":\"https:\\\/\\\/latamobility.com\\\/pt-br\\\/insitra-keysight-technologies-voltrelli-mobilidade-eletrica-2026\\\/\",\"name\":\"Insitra, Keysight Technologies e Voltrelli concordam: a colabora\u00e7\u00e3o p\u00fablico-privada e a regulamenta\u00e7\u00e3o marcar\u00e3o a mobilidade el\u00e9trica em 2026 - Latam Mobility\",\"isPartOf\":{\"@id\":\"https:\\\/\\\/latamobility.com\\\/#website\"},\"primaryImageOfPage\":{\"@id\":\"https:\\\/\\\/latamobility.com\\\/pt-br\\\/insitra-keysight-technologies-voltrelli-mobilidade-eletrica-2026\\\/#primaryimage\"},\"image\":{\"@id\":\"https:\\\/\\\/latamobility.com\\\/pt-br\\\/insitra-keysight-technologies-voltrelli-mobilidade-eletrica-2026\\\/#primaryimage\"},\"thumbnailUrl\":\"https:\\\/\\\/latamobility.com\\\/wp-content\\\/uploads\\\/2025\\\/11\\\/2.jpg\",\"datePublished\":\"2025-11-20T10:00:00+00:00\",\"dateModified\":\"2025-11-21T15:32:39+00:00\",\"description\":\"O webinar \u201cPor que 2026 \u00e9 o ano da mobilidade sustent\u00e1vel?\u201d reuniu representantes da Insitra, Keysight Technologies e Voltrelli\",\"breadcrumb\":{\"@id\":\"https:\\\/\\\/latamobility.com\\\/pt-br\\\/insitra-keysight-technologies-voltrelli-mobilidade-eletrica-2026\\\/#breadcrumb\"},\"inLanguage\":\"pt-BR\",\"potentialAction\":[{\"@type\":\"ReadAction\",\"target\":[\"https:\\\/\\\/latamobility.com\\\/pt-br\\\/insitra-keysight-technologies-voltrelli-mobilidade-eletrica-2026\\\/\"]}]},{\"@type\":\"ImageObject\",\"inLanguage\":\"pt-BR\",\"@id\":\"https:\\\/\\\/latamobility.com\\\/pt-br\\\/insitra-keysight-technologies-voltrelli-mobilidade-eletrica-2026\\\/#primaryimage\",\"url\":\"https:\\\/\\\/latamobility.com\\\/wp-content\\\/uploads\\\/2025\\\/11\\\/2.jpg\",\"contentUrl\":\"https:\\\/\\\/latamobility.com\\\/wp-content\\\/uploads\\\/2025\\\/11\\\/2.jpg\",\"width\":1080,\"height\":720,\"caption\":\"Keysight\"},{\"@type\":\"BreadcrumbList\",\"@id\":\"https:\\\/\\\/latamobility.com\\\/pt-br\\\/insitra-keysight-technologies-voltrelli-mobilidade-eletrica-2026\\\/#breadcrumb\",\"itemListElement\":[{\"@type\":\"ListItem\",\"position\":1,\"name\":\"Portada\",\"item\":\"https:\\\/\\\/latamobility.com\\\/pt-br\\\/\"},{\"@type\":\"ListItem\",\"position\":2,\"name\":\"Insitra, Keysight Technologies e Voltrelli concordam: a colabora\u00e7\u00e3o p\u00fablico-privada e a regulamenta\u00e7\u00e3o marcar\u00e3o a mobilidade el\u00e9trica em 2026\"}]},{\"@type\":\"WebSite\",\"@id\":\"https:\\\/\\\/latamobility.com\\\/#website\",\"url\":\"https:\\\/\\\/latamobility.com\\\/\",\"name\":\"Latam Mobility\",\"description\":\"Serie de Eventos para promover la Movilidad y Transporte sostenible en Latinoam\u00e9rica\",\"publisher\":{\"@id\":\"https:\\\/\\\/latamobility.com\\\/#organization\"},\"potentialAction\":[{\"@type\":\"SearchAction\",\"target\":{\"@type\":\"EntryPoint\",\"urlTemplate\":\"https:\\\/\\\/latamobility.com\\\/?s={search_term_string}\"},\"query-input\":{\"@type\":\"PropertyValueSpecification\",\"valueRequired\":true,\"valueName\":\"search_term_string\"}}],\"inLanguage\":\"pt-BR\"},{\"@type\":\"Organization\",\"@id\":\"https:\\\/\\\/latamobility.com\\\/#organization\",\"name\":\"LATAM MOBILITY\",\"url\":\"https:\\\/\\\/latamobility.com\\\/\",\"logo\":{\"@type\":\"ImageObject\",\"inLanguage\":\"pt-BR\",\"@id\":\"https:\\\/\\\/latamobility.com\\\/#\\\/schema\\\/logo\\\/image\\\/\",\"url\":\"https:\\\/\\\/latamobility.com\\\/wp-content\\\/uploads\\\/2025\\\/01\\\/logos-LM-LG-2025-10.png\",\"contentUrl\":\"https:\\\/\\\/latamobility.com\\\/wp-content\\\/uploads\\\/2025\\\/01\\\/logos-LM-LG-2025-10.png\",\"width\":1080,\"height\":1080,\"caption\":\"LATAM MOBILITY\"},\"image\":{\"@id\":\"https:\\\/\\\/latamobility.com\\\/#\\\/schema\\\/logo\\\/image\\\/\"},\"sameAs\":[\"https:\\\/\\\/www.facebook.com\\\/latamobility\\\/\",\"https:\\\/\\\/x.com\\\/LataMobility\",\"https:\\\/\\\/www.instagram.com\\\/latamobility\\\/\",\"https:\\\/\\\/www.linkedin.com\\\/company\\\/latamobility\\\/\",\"https:\\\/\\\/www.youtube.com\\\/channel\\\/UCtcslRCRY0vITWaOQ1X0XUA\"]},{\"@type\":\"Person\",\"@id\":\"https:\\\/\\\/latamobility.com\\\/#\\\/schema\\\/person\\\/fda092a2de1f87d347784282908bad1a\",\"name\":\"Antonio Vilela\",\"image\":{\"@type\":\"ImageObject\",\"inLanguage\":\"pt-BR\",\"@id\":\"https:\\\/\\\/secure.gravatar.com\\\/avatar\\\/7eee8196fd2fda180806d7b41cd517f274d5ad3b9f65d873feb3ca7e2b3a72d2?s=96&d=mm&r=g\",\"url\":\"https:\\\/\\\/secure.gravatar.com\\\/avatar\\\/7eee8196fd2fda180806d7b41cd517f274d5ad3b9f65d873feb3ca7e2b3a72d2?s=96&d=mm&r=g\",\"contentUrl\":\"https:\\\/\\\/secure.gravatar.com\\\/avatar\\\/7eee8196fd2fda180806d7b41cd517f274d5ad3b9f65d873feb3ca7e2b3a72d2?s=96&d=mm&r=g\",\"caption\":\"Antonio Vilela\"}}]}<\/script>\n<!-- \/ Yoast SEO Premium plugin. -->","yoast_head_json":{"title":"Insitra, Keysight Technologies e Voltrelli concordam: a colabora\u00e7\u00e3o p\u00fablico-privada e a regulamenta\u00e7\u00e3o marcar\u00e3o a mobilidade el\u00e9trica em 2026 - Latam Mobility","description":"O webinar \u201cPor que 2026 \u00e9 o ano da mobilidade sustent\u00e1vel?\u201d reuniu representantes da Insitra, Keysight Technologies e Voltrelli","robots":{"index":"index","follow":"follow","max-snippet":"max-snippet:-1","max-image-preview":"max-image-preview:large","max-video-preview":"max-video-preview:-1"},"canonical":"https:\/\/latamobility.com\/pt-br\/insitra-keysight-technologies-voltrelli-mobilidade-eletrica-2026\/","og_locale":"pt_BR","og_type":"article","og_title":"Insitra, Keysight Technologies e Voltrelli concordam: a colabora\u00e7\u00e3o p\u00fablico-privada e a regulamenta\u00e7\u00e3o marcar\u00e3o a mobilidade el\u00e9trica em 2026","og_description":"O webinar \u201cPor que 2026 \u00e9 o ano da mobilidade sustent\u00e1vel?\u201d reuniu representantes da Insitra, Keysight Technologies e Voltrelli","og_url":"https:\/\/latamobility.com\/pt-br\/insitra-keysight-technologies-voltrelli-mobilidade-eletrica-2026\/","og_site_name":"Latam Mobility","article_publisher":"https:\/\/www.facebook.com\/latamobility\/","article_published_time":"2025-11-20T10:00:00+00:00","article_modified_time":"2025-11-21T15:32:39+00:00","og_image":[{"width":1080,"height":720,"url":"https:\/\/latamobility.com\/wp-content\/uploads\/2025\/11\/2.jpg","type":"image\/jpeg"}],"author":"Antonio Vilela","twitter_card":"summary_large_image","twitter_creator":"@LataMobility","twitter_site":"@LataMobility","twitter_misc":{"Escrito por":"Antonio Vilela","Est. tempo de leitura":"6 minutos"},"schema":{"@context":"https:\/\/schema.org","@graph":[{"@type":"Article","@id":"https:\/\/latamobility.com\/pt-br\/insitra-keysight-technologies-voltrelli-mobilidade-eletrica-2026\/#article","isPartOf":{"@id":"https:\/\/latamobility.com\/pt-br\/insitra-keysight-technologies-voltrelli-mobilidade-eletrica-2026\/"},"author":{"name":"Antonio Vilela","@id":"https:\/\/latamobility.com\/#\/schema\/person\/fda092a2de1f87d347784282908bad1a"},"headline":"Insitra, Keysight Technologies e Voltrelli concordam: a colabora\u00e7\u00e3o p\u00fablico-privada e a regulamenta\u00e7\u00e3o marcar\u00e3o a mobilidade el\u00e9trica em 2026","datePublished":"2025-11-20T10:00:00+00:00","dateModified":"2025-11-21T15:32:39+00:00","mainEntityOfPage":{"@id":"https:\/\/latamobility.com\/pt-br\/insitra-keysight-technologies-voltrelli-mobilidade-eletrica-2026\/"},"wordCount":1245,"commentCount":0,"publisher":{"@id":"https:\/\/latamobility.com\/#organization"},"image":{"@id":"https:\/\/latamobility.com\/pt-br\/insitra-keysight-technologies-voltrelli-mobilidade-eletrica-2026\/#primaryimage"},"thumbnailUrl":"https:\/\/latamobility.com\/wp-content\/uploads\/2025\/11\/2.jpg","keywords":["Insitra","Keysight Technologies","Movilidad el\u00e9ctrica","Voltrelli","Webinar"],"articleSection":["Encuentros"],"inLanguage":"pt-BR","potentialAction":[{"@type":"CommentAction","name":"Comment","target":["https:\/\/latamobility.com\/pt-br\/insitra-keysight-technologies-voltrelli-mobilidade-eletrica-2026\/#respond"]}]},{"@type":"WebPage","@id":"https:\/\/latamobility.com\/pt-br\/insitra-keysight-technologies-voltrelli-mobilidade-eletrica-2026\/","url":"https:\/\/latamobility.com\/pt-br\/insitra-keysight-technologies-voltrelli-mobilidade-eletrica-2026\/","name":"Insitra, Keysight Technologies e Voltrelli concordam: a colabora\u00e7\u00e3o p\u00fablico-privada e a regulamenta\u00e7\u00e3o marcar\u00e3o a mobilidade el\u00e9trica em 2026 - Latam Mobility","isPartOf":{"@id":"https:\/\/latamobility.com\/#website"},"primaryImageOfPage":{"@id":"https:\/\/latamobility.com\/pt-br\/insitra-keysight-technologies-voltrelli-mobilidade-eletrica-2026\/#primaryimage"},"image":{"@id":"https:\/\/latamobility.com\/pt-br\/insitra-keysight-technologies-voltrelli-mobilidade-eletrica-2026\/#primaryimage"},"thumbnailUrl":"https:\/\/latamobility.com\/wp-content\/uploads\/2025\/11\/2.jpg","datePublished":"2025-11-20T10:00:00+00:00","dateModified":"2025-11-21T15:32:39+00:00","description":"O webinar \u201cPor que 2026 \u00e9 o ano da mobilidade sustent\u00e1vel?\u201d reuniu representantes da Insitra, Keysight Technologies e Voltrelli","breadcrumb":{"@id":"https:\/\/latamobility.com\/pt-br\/insitra-keysight-technologies-voltrelli-mobilidade-eletrica-2026\/#breadcrumb"},"inLanguage":"pt-BR","potentialAction":[{"@type":"ReadAction","target":["https:\/\/latamobility.com\/pt-br\/insitra-keysight-technologies-voltrelli-mobilidade-eletrica-2026\/"]}]},{"@type":"ImageObject","inLanguage":"pt-BR","@id":"https:\/\/latamobility.com\/pt-br\/insitra-keysight-technologies-voltrelli-mobilidade-eletrica-2026\/#primaryimage","url":"https:\/\/latamobility.com\/wp-content\/uploads\/2025\/11\/2.jpg","contentUrl":"https:\/\/latamobility.com\/wp-content\/uploads\/2025\/11\/2.jpg","width":1080,"height":720,"caption":"Keysight"},{"@type":"BreadcrumbList","@id":"https:\/\/latamobility.com\/pt-br\/insitra-keysight-technologies-voltrelli-mobilidade-eletrica-2026\/#breadcrumb","itemListElement":[{"@type":"ListItem","position":1,"name":"Portada","item":"https:\/\/latamobility.com\/pt-br\/"},{"@type":"ListItem","position":2,"name":"Insitra, Keysight Technologies e Voltrelli concordam: a colabora\u00e7\u00e3o p\u00fablico-privada e a regulamenta\u00e7\u00e3o marcar\u00e3o a mobilidade el\u00e9trica em 2026"}]},{"@type":"WebSite","@id":"https:\/\/latamobility.com\/#website","url":"https:\/\/latamobility.com\/","name":"Latam Mobility","description":"Serie de Eventos para promover la Movilidad y Transporte sostenible en Latinoam\u00e9rica","publisher":{"@id":"https:\/\/latamobility.com\/#organization"},"potentialAction":[{"@type":"SearchAction","target":{"@type":"EntryPoint","urlTemplate":"https:\/\/latamobility.com\/?s={search_term_string}"},"query-input":{"@type":"PropertyValueSpecification","valueRequired":true,"valueName":"search_term_string"}}],"inLanguage":"pt-BR"},{"@type":"Organization","@id":"https:\/\/latamobility.com\/#organization","name":"LATAM MOBILITY","url":"https:\/\/latamobility.com\/","logo":{"@type":"ImageObject","inLanguage":"pt-BR","@id":"https:\/\/latamobility.com\/#\/schema\/logo\/image\/","url":"https:\/\/latamobility.com\/wp-content\/uploads\/2025\/01\/logos-LM-LG-2025-10.png","contentUrl":"https:\/\/latamobility.com\/wp-content\/uploads\/2025\/01\/logos-LM-LG-2025-10.png","width":1080,"height":1080,"caption":"LATAM MOBILITY"},"image":{"@id":"https:\/\/latamobility.com\/#\/schema\/logo\/image\/"},"sameAs":["https:\/\/www.facebook.com\/latamobility\/","https:\/\/x.com\/LataMobility","https:\/\/www.instagram.com\/latamobility\/","https:\/\/www.linkedin.com\/company\/latamobility\/","https:\/\/www.youtube.com\/channel\/UCtcslRCRY0vITWaOQ1X0XUA"]},{"@type":"Person","@id":"https:\/\/latamobility.com\/#\/schema\/person\/fda092a2de1f87d347784282908bad1a","name":"Antonio Vilela","image":{"@type":"ImageObject","inLanguage":"pt-BR","@id":"https:\/\/secure.gravatar.com\/avatar\/7eee8196fd2fda180806d7b41cd517f274d5ad3b9f65d873feb3ca7e2b3a72d2?s=96&d=mm&r=g","url":"https:\/\/secure.gravatar.com\/avatar\/7eee8196fd2fda180806d7b41cd517f274d5ad3b9f65d873feb3ca7e2b3a72d2?s=96&d=mm&r=g","contentUrl":"https:\/\/secure.gravatar.com\/avatar\/7eee8196fd2fda180806d7b41cd517f274d5ad3b9f65d873feb3ca7e2b3a72d2?s=96&d=mm&r=g","caption":"Antonio Vilela"}}]}},"_links":{"self":[{"href":"https:\/\/latamobility.com\/pt-br\/wp-json\/wp\/v2\/posts\/53966","targetHints":{"allow":["GET"]}}],"collection":[{"href":"https:\/\/latamobility.com\/pt-br\/wp-json\/wp\/v2\/posts"}],"about":[{"href":"https:\/\/latamobility.com\/pt-br\/wp-json\/wp\/v2\/types\/post"}],"author":[{"embeddable":true,"href":"https:\/\/latamobility.com\/pt-br\/wp-json\/wp\/v2\/users\/10"}],"replies":[{"embeddable":true,"href":"https:\/\/latamobility.com\/pt-br\/wp-json\/wp\/v2\/comments?post=53966"}],"version-history":[{"count":2,"href":"https:\/\/latamobility.com\/pt-br\/wp-json\/wp\/v2\/posts\/53966\/revisions"}],"predecessor-version":[{"id":54150,"href":"https:\/\/latamobility.com\/pt-br\/wp-json\/wp\/v2\/posts\/53966\/revisions\/54150"}],"wp:featuredmedia":[{"embeddable":true,"href":"https:\/\/latamobility.com\/pt-br\/wp-json\/wp\/v2\/media\/53960"}],"wp:attachment":[{"href":"https:\/\/latamobility.com\/pt-br\/wp-json\/wp\/v2\/media?parent=53966"}],"wp:term":[{"taxonomy":"category","embeddable":true,"href":"https:\/\/latamobility.com\/pt-br\/wp-json\/wp\/v2\/categories?post=53966"},{"taxonomy":"post_tag","embeddable":true,"href":"https:\/\/latamobility.com\/pt-br\/wp-json\/wp\/v2\/tags?post=53966"}],"curies":[{"name":"wp","href":"https:\/\/api.w.org\/{rel}","templated":true}]}}