{"id":53981,"date":"2025-11-21T05:00:00","date_gmt":"2025-11-21T10:00:00","guid":{"rendered":"https:\/\/latamobility.com\/?p=53981"},"modified":"2025-11-21T10:33:16","modified_gmt":"2025-11-21T15:33:16","slug":"a-visao-convergente-da-c40-cities-city-energy-geotab-e-synergev-impulsionara-os-corredores-verdes-na-america-latina","status":"publish","type":"post","link":"https:\/\/latamobility.com\/pt-br\/a-visao-convergente-da-c40-cities-city-energy-geotab-e-synergev-impulsionara-os-corredores-verdes-na-america-latina\/","title":{"rendered":"A vis\u00e3o convergente da C40 Cities, City Energy, Geotab e SynergEV impulsionar\u00e1 os corredores verdes na Am\u00e9rica Latina"},"content":{"rendered":"\n<p>O ano de <strong>2026 <\/strong>se perfila como o ano da consolida\u00e7\u00e3o da mobilidade sustent\u00e1vel na Am\u00e9rica Latina, impulsionado pela maturidade do mercado, pela expans\u00e3o da infraestrutura, pela colabora\u00e7\u00e3o p\u00fablico-privada e por eventos globais catalisadores.<\/p>\n\n\n\n<p>Essa foi a conclus\u00e3o un\u00e2nime do painel \u201c<strong>Perspectivas e oportunidades<\/strong>\u201d, realizado durante o webinar \u201c<strong>Por que 2026 \u00e9 o ano da mobilidade sustent\u00e1vel?<\/strong>\u201d, organizado pela <strong>Latam Mobility<\/strong>, a comunidade mais importante de mobilidade e sustentabilidade da Am\u00e9rica Latina.<\/p>\n\n\n\n<p>O debate, moderado por <strong>Andr\u00e9s Garc\u00eda<\/strong>, diretor de Mobilidade da <strong>Latam Mobility<\/strong>, contou com as vis\u00f5es estrat\u00e9gicas de <strong>Thiago Vieira<\/strong>, da <strong>C40 Cities<\/strong>, <strong>Pedro Giraldo<\/strong>, da <strong>Geotab<\/strong>, <strong>Patricia Baires<\/strong>, da <strong>SynergEV<\/strong>, e <strong>Diego Romano<\/strong>, da <strong>City Energy<\/strong>, que ofereceram um diagn\u00f3stico regional e anteciparam seus principais projetos para o pr\u00f3ximo ano.<\/p>\n\n\n\n<p><strong>Voc\u00ea tamb\u00e9m pode se interessar por<\/strong> | <strong><a href=\"https:\/\/latamobility.com\/pt-br\/chile-latam-mobility-agenciase-acordo-historico-eletromobilidade\/\">Chile: Latam Mobility se une ao Minist\u00e9rio da Energia e \u00e0 AgenciaSE em um pacto hist\u00f3rico de 196 organiza\u00e7\u00f5es pela eletromobilidade<\/a><\/strong><\/p>\n\n\n\n<h2 class=\"wp-block-heading\" id=\"h-a-confluencia-perfeita\">A conflu\u00eancia perfeita<\/h2>\n\n\n\n<p>Os especialistas identificaram uma conflu\u00eancia de fatores que acelerar\u00e3o a transi\u00e7\u00e3o energ\u00e9tica no transporte. Para <strong>Diego Romano<\/strong>, da <strong>City Energy<\/strong>, um catalisador fundamental no M\u00e9xico ser\u00e1 a Copa do Mundo da <strong>FIFA<\/strong>.<\/p>\n\n\n\n<p>\u201cAs autoridades est\u00e3o promovendo a renova\u00e7\u00e3o dos t\u00e1xis com um programa de sucateamento, o que exige solu\u00e7\u00f5es de carregamento r\u00e1pido e em massa. Instalar 10.000 carregadores em resid\u00eancias \u00e9 invi\u00e1vel; a tend\u00eancia ser\u00e1 a cria\u00e7\u00e3o de <strong>\u2018hubs\u2019 de carregamento com 20 a 25 carregadores r\u00e1pidos que ofere\u00e7am um servi\u00e7o em 30 a 40 minutos<\/strong>\u201d, explicou. Romano destacou o crescimento em <strong>Guadalajara, Monterrey, Cidade do M\u00e9xico, Tijuana e M\u00e9rida<\/strong>.<\/p>\n\n\n\n<p><strong>Thiago Vieira<\/strong>, da <strong>C40 Cities<\/strong>, enfatizou a crescente<strong> integra\u00e7\u00e3o entre governos locais e nacionais<\/strong>. \u201cEstamos passando de a\u00e7\u00f5es isoladas para uma sinergia real. N\u00e3o basta apenas as cidades impulsionarem esse tema; \u00e9 preciso unir for\u00e7as com os governos nacionais, especialmente em quest\u00f5es cr\u00edticas como o fornecimento de energia e a expans\u00e3o da rede el\u00e9trica\u201d.<\/p>\n\n\n\n<p>Vieira destacou que a colabora\u00e7\u00e3o \u00e9 fundamental para desbloquear mecanismos de financiamento e escalar projetos-piloto.<\/p>\n\n\n\n<figure class=\"wp-block-gallery has-nested-images columns-default is-cropped wp-block-gallery-1 is-layout-flex wp-block-gallery-is-layout-flex\">\n<figure class=\"wp-block-image size-large\"><img fetchpriority=\"high\" decoding=\"async\" width=\"819\" height=\"1024\" data-id=\"53906\" src=\"https:\/\/latamobility.com\/wp-content\/uploads\/2025\/11\/Webinar_LM-Thiago-Vieira-819x1024.jpg\" alt=\"\" class=\"wp-image-53906\" srcset=\"https:\/\/latamobility.com\/wp-content\/uploads\/2025\/11\/Webinar_LM-Thiago-Vieira-819x1024.jpg 819w, https:\/\/latamobility.com\/wp-content\/uploads\/2025\/11\/Webinar_LM-Thiago-Vieira-240x300.jpg 240w, https:\/\/latamobility.com\/wp-content\/uploads\/2025\/11\/Webinar_LM-Thiago-Vieira-768x960.jpg 768w, https:\/\/latamobility.com\/wp-content\/uploads\/2025\/11\/Webinar_LM-Thiago-Vieira.jpg 1080w\" sizes=\"(max-width: 819px) 100vw, 819px\" \/><\/figure>\n\n\n\n<figure class=\"wp-block-image size-large\"><img decoding=\"async\" width=\"819\" height=\"1024\" data-id=\"53897\" src=\"https:\/\/latamobility.com\/wp-content\/uploads\/2025\/11\/Webinar_LM-Diego-Gonzalez-819x1024.jpg\" alt=\"\" class=\"wp-image-53897\" srcset=\"https:\/\/latamobility.com\/wp-content\/uploads\/2025\/11\/Webinar_LM-Diego-Gonzalez-819x1024.jpg 819w, https:\/\/latamobility.com\/wp-content\/uploads\/2025\/11\/Webinar_LM-Diego-Gonzalez-240x300.jpg 240w, https:\/\/latamobility.com\/wp-content\/uploads\/2025\/11\/Webinar_LM-Diego-Gonzalez-768x960.jpg 768w, https:\/\/latamobility.com\/wp-content\/uploads\/2025\/11\/Webinar_LM-Diego-Gonzalez.jpg 1080w\" sizes=\"(max-width: 819px) 100vw, 819px\" \/><\/figure>\n<\/figure>\n\n\n\n<p>De uma perspectiva tecnol\u00f3gica e de dados, <strong>Pedro Giraldo<\/strong>, da <strong>Geotab<\/strong>, apontou a <strong>maturidade regulat\u00f3ria e econ\u00f4mica<\/strong>, acrescentando que <strong>o boom do carregamento inteligente e da gest\u00e3o energ\u00e9tica ser\u00e3o pilares da implanta\u00e7\u00e3o em massa<\/strong>.<\/p>\n\n\n\n<p>\u201c<strong>2026 <\/strong>ser\u00e1 um ano de emerg\u00eancia, em que a maturidade tecnol\u00f3gica colidir\u00e1 com a realidade econ\u00f4mica das frotas. J\u00e1 temos paridade no custo total de propriedade para muitos ve\u00edculos comerciais, os casos de uso s\u00e3o comprovados e a certeza regulat\u00f3ria em pa\u00edses como <strong>Chile e Col\u00f4mbia <\/strong>\u00e9 maior\u201d.<\/p>\n\n\n\n<p><strong>Patricia Baires<\/strong>, da <strong>SynergEV<\/strong>, concordou que a maturidade do mercado permitir\u00e1 concretizar conceitos que at\u00e9 agora eram te\u00f3ricos.<\/p>\n\n\n\n<p>\u201cDeixaremos de falar em teoria sobre recargas colaborativas.<strong> O mercado est\u00e1 maduro o suficiente para que v\u00e1rias empresas se unam<\/strong>, planejem projetos de infraestrutura em conjunto, reduzam custos de investimento e obtenham taxas de retorno mais r\u00e1pidas\u201d.<\/p>\n\n\n\n<figure class=\"wp-block-gallery has-nested-images columns-default is-cropped wp-block-gallery-2 is-layout-flex wp-block-gallery-is-layout-flex\">\n<figure class=\"wp-block-image size-large\"><img decoding=\"async\" width=\"819\" height=\"1024\" data-id=\"53912\" src=\"https:\/\/latamobility.com\/wp-content\/uploads\/2025\/11\/Webinar_LM_Patricia_Baires1-819x1024.jpg\" alt=\"Latam Mobility\" class=\"wp-image-53912\" srcset=\"https:\/\/latamobility.com\/wp-content\/uploads\/2025\/11\/Webinar_LM_Patricia_Baires1-819x1024.jpg 819w, https:\/\/latamobility.com\/wp-content\/uploads\/2025\/11\/Webinar_LM_Patricia_Baires1-240x300.jpg 240w, https:\/\/latamobility.com\/wp-content\/uploads\/2025\/11\/Webinar_LM_Patricia_Baires1-768x960.jpg 768w, https:\/\/latamobility.com\/wp-content\/uploads\/2025\/11\/Webinar_LM_Patricia_Baires1.jpg 1080w\" sizes=\"(max-width: 819px) 100vw, 819px\" \/><\/figure>\n\n\n\n<figure class=\"wp-block-image size-large\"><img loading=\"lazy\" decoding=\"async\" width=\"819\" height=\"1024\" data-id=\"53903\" src=\"https:\/\/latamobility.com\/wp-content\/uploads\/2025\/11\/Webinar_LM-Pedro-819x1024.jpg\" alt=\"\" class=\"wp-image-53903\" srcset=\"https:\/\/latamobility.com\/wp-content\/uploads\/2025\/11\/Webinar_LM-Pedro-819x1024.jpg 819w, https:\/\/latamobility.com\/wp-content\/uploads\/2025\/11\/Webinar_LM-Pedro-240x300.jpg 240w, https:\/\/latamobility.com\/wp-content\/uploads\/2025\/11\/Webinar_LM-Pedro-768x960.jpg 768w, https:\/\/latamobility.com\/wp-content\/uploads\/2025\/11\/Webinar_LM-Pedro.jpg 1080w\" sizes=\"(max-width: 819px) 100vw, 819px\" \/><\/figure>\n<\/figure>\n\n\n\n<h2 class=\"wp-block-heading\" id=\"h-tendencias-que-moldarao-o-ecossistema\">Tend\u00eancias que moldar\u00e3o o ecossistema<\/h2>\n\n\n\n<p>O painel identificou v\u00e1rias tend\u00eancias-chave que dominar\u00e3o a conversa no pr\u00f3ximo ano:<\/p>\n\n\n\n<p><strong>Modelos flex\u00edveis de financiamento e servi\u00e7o<\/strong>: Pedro Giraldo destacou o boom dos modelos \u201cFrota como Servi\u00e7o\u201d (Fleet-as-a-Service) ou leasing operacional total.<\/p>\n\n\n\n<p>\u201cO alto investimento inicial \u00e9 a principal barreira. Esse modelo, em que se paga uma mensalidade que inclui ve\u00edculo, manuten\u00e7\u00e3o e, \u00e0s vezes, at\u00e9 mesmo a infraestrutura, ser\u00e1 dominante porque <strong>mitiga o risco e se adapta \u00e0 realidade econ\u00f4mica da regi\u00e3o<\/strong>\u201d.<\/p>\n\n\n\n<p><strong>Hubs de carga p\u00fablica em grande escala<\/strong>: <strong>Diego Romano<\/strong> enfatizou que a carga em resid\u00eancias se tornar\u00e1 insuficiente. \u201cA tend\u00eancia \u00e9 migrar para esta\u00e7\u00f5es de carga p\u00fablica muito maiores e mais potentes. O pr\u00f3ximo passo \u00e9 resolver como alimentar esses \u2018hubs\u2019 de maneira eficiente, integrando armazenamento de energia e participando do mercado atacadista de eletricidade para reduzir custos\u201d.<\/p>\n\n\n\n<p><strong>Corredores Log\u00edsticos Verdes e Carga Inteligente<\/strong>:<strong> Thiago Vieira<\/strong> anunciou que a <strong>C40 Cities<\/strong> concentrar\u00e1 seus esfor\u00e7os nos corredores log\u00edsticos de m\u00e9dia e longa dist\u00e2ncia. \u201cO potencial de redu\u00e7\u00e3o de carbono de um caminh\u00e3o pesado equivale ao de 10 ve\u00edculos leves. \u00c9 um desafio maior, mas estamos trabalhando em modelos de \u2018financiamento misto\u2019 e b\u00f4nus de sucateamento para desbloquear esses investimentos\u201d.<\/p>\n\n\n\n<p>Al\u00e9m disso, <strong>Pedro Giraldo<\/strong> mencionou que ser\u00e3o vistos os primeiros pilotos da tecnologia <strong>Vehicle-to-Grid<\/strong> (V2G) na regi\u00e3o, onde os ve\u00edculos devolvem energia \u00e0 rede.<\/p>\n\n\n\n<p><strong>Recarga colaborativa e alian\u00e7as estrat\u00e9gicas<\/strong>: <strong>Patricia Baires<\/strong> destacou que a colabora\u00e7\u00e3o ser\u00e1 a norma. \u201cN\u00e3o se trata apenas de usar esta\u00e7\u00f5es p\u00fablicas existentes, mas de<strong> criar redes de recarga desde o planejamento dos projetos<\/strong>. As alian\u00e7as estrat\u00e9gicas entre diferentes participantes do ecossistema ser\u00e3o essenciais para impulsionar implementa\u00e7\u00f5es r\u00e1pidas e ordenadas\u201d.<\/p>\n\n\n\n<figure class=\"wp-block-image size-large\"><img loading=\"lazy\" decoding=\"async\" width=\"1024\" height=\"572\" src=\"https:\/\/latamobility.com\/wp-content\/uploads\/2025\/11\/Webinar_LMb-1024x572.jpg\" alt=\"\" class=\"wp-image-53976\" srcset=\"https:\/\/latamobility.com\/wp-content\/uploads\/2025\/11\/Webinar_LMb-1024x572.jpg 1024w, https:\/\/latamobility.com\/wp-content\/uploads\/2025\/11\/Webinar_LMb-300x168.jpg 300w, https:\/\/latamobility.com\/wp-content\/uploads\/2025\/11\/Webinar_LMb-768x429.jpg 768w, https:\/\/latamobility.com\/wp-content\/uploads\/2025\/11\/Webinar_LMb.jpg 1232w\" sizes=\"(max-width: 1024px) 100vw, 1024px\" \/><\/figure>\n\n\n\n<h2 class=\"wp-block-heading\" id=\"h-projetos-e-expansoes-anunciados-para-2026\">Projetos e expans\u00f5es anunciados para 2026<\/h2>\n\n\n\n<p>Os participantes do painel anteciparam algumas de suas iniciativas mais importantes para o pr\u00f3ximo ano:<\/p>\n\n\n\n<ul class=\"wp-block-list\">\n<li><strong>C40 Cities (Thiago Vieira)<\/strong>: Anunciou planos de escalabilidade para \u201ccentros de recarga\u201d em cidades como Rio de Janeiro, que passar\u00e1 de projetos-piloto para 15 centros, e Curitiba, que est\u00e1 mapeando terrenos p\u00fablicos para esse fim. \u201cVamos continuar com a cria\u00e7\u00e3o de corredores verdes e o plano de escalabilidade de hubs de recarga r\u00e1pida\u201d.<\/li>\n\n\n\n<li><strong>SynergEV (Patricia Baires)<\/strong>: Revelou um \u201cplano de investimento muito agressivo\u201d para o M\u00e9xico e sua expans\u00e3o na Am\u00e9rica Latina. \u201cV\u00eam a\u00ed alian\u00e7as estrat\u00e9gicas e projetos de implementa\u00e7\u00e3o no primeiro trimestre de 2026. Criaremos nosso pr\u00f3prio ecossistema para disponibiliz\u00e1-lo ao mercado e reduzir custos\u201d.<\/li>\n\n\n\n<li><strong>Geotab (Pedro Giraldo)<\/strong>: Focar\u00e1 em escalar suas ferramentas de an\u00e1lise de dados. \u201cIntegraremos machine learning para estudos de adequa\u00e7\u00e3o de frotas e desenvolveremos ferramentas para analisar a carga necess\u00e1ria em novos centros de opera\u00e7\u00e3o. Tamb\u00e9m avan\u00e7aremos em projetos de carga inteligente e V2G\u201d.<\/li>\n\n\n\n<li><strong>City Energy (Diego Romano)<\/strong>: Confirmou a abertura de hubs em Guadalajara e Monterrey para o in\u00edcio de 2026, com planos de expans\u00e3o para M\u00e9rida, Tijuana e a costa de Jalisco. \u201cHaver\u00e1 a integra\u00e7\u00e3o de sistemas de armazenamento e maior efici\u00eancia energ\u00e9tica. As alian\u00e7as com \u2018gestores de frotas\u2019 s\u00e3o fundamentais para a viabilidade dos trabalhos de carga\u201d.<\/li>\n<\/ul>\n\n\n\n<h2 class=\"wp-block-heading\" id=\"h-encerramento-e-lancamento\">Encerramento e lan\u00e7amento<\/h2>\n\n\n\n<p><strong>Andr\u00e9s Garc\u00eda<\/strong>, moderador do painel, encerrou a sess\u00e3o agradecendo aos especialistas por suas vis\u00f5es e anunciando a pr\u00f3xima <strong>Latam Mobility Tour 2026<\/strong>.<\/p>\n\n\n\n<p>\u201cEssas conversas s\u00e3o a base para desenvolver um ecossistema robusto no pr\u00f3ximo ano. Tenham certeza de que todas essas tend\u00eancias e projetos se refletir\u00e3o nos pain\u00e9is, debates e oportunidades de networking que teremos em nossa turn\u00ea\u201d, concluiu.<\/p>\n\n\n\n<p>A<strong> Latam Mobility Tour 2026<\/strong> se posiciona como o ponto de encontro fundamental para todos os atores que buscam capitalizar o ano decisivo da mobilidade sustent\u00e1vel na Am\u00e9rica Latina.<\/p>\n\n\n\n<figure class=\"wp-block-image size-large\"><img loading=\"lazy\" decoding=\"async\" width=\"1024\" height=\"576\" src=\"https:\/\/latamobility.com\/wp-content\/uploads\/2025\/11\/Portugues-Brasil_20251121_112719_0000-1024x576.jpg\" alt=\"\" class=\"wp-image-54147\" srcset=\"https:\/\/latamobility.com\/wp-content\/uploads\/2025\/11\/Portugues-Brasil_20251121_112719_0000-1024x576.jpg 1024w, https:\/\/latamobility.com\/wp-content\/uploads\/2025\/11\/Portugues-Brasil_20251121_112719_0000-300x169.jpg 300w, https:\/\/latamobility.com\/wp-content\/uploads\/2025\/11\/Portugues-Brasil_20251121_112719_0000-768x432.jpg 768w, https:\/\/latamobility.com\/wp-content\/uploads\/2025\/11\/Portugues-Brasil_20251121_112719_0000-1536x864.jpg 1536w, https:\/\/latamobility.com\/wp-content\/uploads\/2025\/11\/Portugues-Brasil_20251121_112719_0000.jpg 1920w\" sizes=\"(max-width: 1024px) 100vw, 1024px\" \/><\/figure>\n\n\n\n<h2 class=\"wp-block-heading\" id=\"h-latam-mobility-2026-impulsionando-a-transformacao\">Latam Mobility 2026, impulsionando a transforma\u00e7\u00e3o<\/h2>\n\n\n\n<p>A <strong>Latam Mobility<\/strong> inicia em 2026 uma nova s\u00e9rie de encontros que reunir\u00e1 l\u00edderes dos setores p\u00fablico e privado, empresas de tecnologia, fabricantes, operadores de transporte e especialistas em sustentabilidade.<\/p>\n\n\n\n<p>Do <strong>M\u00e9xico a Santiago do Chile<\/strong>, passando por <strong>S\u00e3o Paulo e Medell\u00edn<\/strong>, essas c\u00fapulas ser\u00e3o o ponto de encontro mais importante da regi\u00e3o para debater, aprender e construir solu\u00e7\u00f5es em torno da mobilidade el\u00e9trica, baixas emiss\u00f5es e inova\u00e7\u00e3o urbana.<\/p>\n\n\n\n<p>Cada evento oferecer\u00e1 <strong>um espa\u00e7o \u00fanico para analisar os avan\u00e7os em infraestrutura de recarga, gest\u00e3o de frotas el\u00e9tricas, log\u00edstica de \u00faltima milha e desenvolvimento de cidades inteligentes<\/strong>, com o apoio de um ecossistema cada vez mais robusto de parceiros estrat\u00e9gicos e aliados internacionais.<\/p>\n\n\n\n<p>A turn\u00ea <strong>2026 <\/strong>promete n\u00e3o apenas conte\u00fado de alto n\u00edvel, mas tamb\u00e9m uma plataforma ideal para impulsionar alian\u00e7as de neg\u00f3cios, troca de experi\u00eancias e colabora\u00e7\u00e3o multissetorial.<\/p>\n\n\n\n<p>Com um enfoque que combina tecnologia, sustentabilidade e vis\u00e3o de futuro, a <strong>Latam Mobility 2026<\/strong> convida todos os atores da cadeia de valor a participar desta jornada que marcar\u00e1 a agenda regional da mobilidade limpa. Participe dos encontros no <strong>M\u00e9xico, S\u00e3o Paulo, Medell\u00edn, Santiago e Cidade do M\u00e9xico<\/strong> e fa\u00e7a parte do movimento que acelera a transforma\u00e7\u00e3o energ\u00e9tica e urbana da Am\u00e9rica Latina.<\/p>\n\n\n\n<p>Mais informa\u00e7\u00f5es em breve.<\/p>\n","protected":false},"excerpt":{"rendered":"<p>O ano de 2026 se perfila como o ano da consolida\u00e7\u00e3o da mobilidade sustent\u00e1vel na Am\u00e9rica Latina, impulsionado pela maturidade do mercado, pela expans\u00e3o da infraestrutura, pela colabora\u00e7\u00e3o p\u00fablico-privada e por eventos globais catalisadores. Essa foi a conclus\u00e3o un\u00e2nime do painel \u201cPerspectivas e oportunidades\u201d, realizado durante o webinar \u201cPor que 2026 \u00e9 o ano da&#8230;<\/p>\n","protected":false},"author":10,"featured_media":53972,"comment_status":"open","ping_status":"closed","sticky":false,"template":"","format":"standard","meta":{"_kad_post_transparent":"","_kad_post_title":"","_kad_post_layout":"","_kad_post_sidebar_id":"","_kad_post_content_style":"","_kad_post_vertical_padding":"","_kad_post_feature":"","_kad_post_feature_position":"","_kad_post_header":false,"_kad_post_footer":false,"_kad_post_classname":"","footnotes":""},"categories":[2972],"tags":[3353,2357],"class_list":["post-53981","post","type-post","status-publish","format-standard","has-post-thumbnail","hentry","category-encuentros-movilidad-sostenible-pt-br","tag-geotab-pt-br","tag-movilidad-sostenible-pt-br"],"yoast_head":"<!-- This site is optimized with the Yoast SEO Premium plugin v22.7 (Yoast SEO v27.1.1) - https:\/\/yoast.com\/product\/yoast-seo-premium-wordpress\/ -->\n<title>A vis\u00e3o convergente da C40 Cities, City Energy, Geotab e SynergEV impulsionar\u00e1 os corredores verdes na Am\u00e9rica Latina - Latam Mobility<\/title>\n<meta name=\"description\" content=\"O debate da Latam Mobility contou com as vis\u00f5es estrat\u00e9gicas da C40 Cities, Geotab, SynergEV e City Energy\" \/>\n<meta name=\"robots\" content=\"index, follow, max-snippet:-1, max-image-preview:large, max-video-preview:-1\" \/>\n<link rel=\"canonical\" href=\"https:\/\/latamobility.com\/pt-br\/a-visao-convergente-da-c40-cities-city-energy-geotab-e-synergev-impulsionara-os-corredores-verdes-na-america-latina\/\" \/>\n<meta property=\"og:locale\" content=\"pt_BR\" \/>\n<meta property=\"og:type\" content=\"article\" \/>\n<meta property=\"og:title\" content=\"A vis\u00e3o convergente da C40 Cities, City Energy, Geotab e SynergEV impulsionar\u00e1 os corredores verdes na Am\u00e9rica Latina\" \/>\n<meta property=\"og:description\" content=\"O debate da Latam Mobility contou com as vis\u00f5es estrat\u00e9gicas da C40 Cities, Geotab, SynergEV e City Energy\" \/>\n<meta property=\"og:url\" content=\"https:\/\/latamobility.com\/pt-br\/a-visao-convergente-da-c40-cities-city-energy-geotab-e-synergev-impulsionara-os-corredores-verdes-na-america-latina\/\" \/>\n<meta property=\"og:site_name\" content=\"Latam Mobility\" \/>\n<meta property=\"article:publisher\" content=\"https:\/\/www.facebook.com\/latamobility\/\" \/>\n<meta property=\"article:published_time\" content=\"2025-11-21T10:00:00+00:00\" \/>\n<meta property=\"article:modified_time\" content=\"2025-11-21T15:33:16+00:00\" \/>\n<meta property=\"og:image\" content=\"https:\/\/latamobility.com\/wp-content\/uploads\/2025\/11\/2-1.jpg\" \/>\n\t<meta property=\"og:image:width\" content=\"1080\" \/>\n\t<meta property=\"og:image:height\" content=\"720\" \/>\n\t<meta property=\"og:image:type\" content=\"image\/jpeg\" \/>\n<meta name=\"author\" content=\"Antonio Vilela\" \/>\n<meta name=\"twitter:card\" content=\"summary_large_image\" \/>\n<meta name=\"twitter:description\" content=\"O debate da Latam Mobility contou com as vis\u00f5es estrat\u00e9gicas da C40 Cities, Geotab, SynergEV e City Energy\" \/>\n<meta name=\"twitter:creator\" content=\"@LataMobility\" \/>\n<meta name=\"twitter:site\" content=\"@LataMobility\" \/>\n<meta name=\"twitter:label1\" content=\"Escrito por\" \/>\n\t<meta name=\"twitter:data1\" content=\"Antonio Vilela\" \/>\n\t<meta name=\"twitter:label2\" content=\"Est. tempo de leitura\" \/>\n\t<meta name=\"twitter:data2\" content=\"7 minutos\" \/>\n<script type=\"application\/ld+json\" class=\"yoast-schema-graph\">{\"@context\":\"https:\/\/schema.org\",\"@graph\":[{\"@type\":\"NewsArticle\",\"@id\":\"https:\/\/latamobility.com\/pt-br\/a-visao-convergente-da-c40-cities-city-energy-geotab-e-synergev-impulsionara-os-corredores-verdes-na-america-latina\/#article\",\"isPartOf\":{\"@id\":\"https:\/\/latamobility.com\/pt-br\/a-visao-convergente-da-c40-cities-city-energy-geotab-e-synergev-impulsionara-os-corredores-verdes-na-america-latina\/\"},\"author\":{\"name\":\"Antonio Vilela\",\"@id\":\"https:\/\/latamobility.com\/#\/schema\/person\/fda092a2de1f87d347784282908bad1a\"},\"headline\":\"A vis\u00e3o convergente da C40 Cities, City Energy, Geotab e SynergEV impulsionar\u00e1 os corredores verdes na Am\u00e9rica Latina\",\"datePublished\":\"2025-11-21T10:00:00+00:00\",\"dateModified\":\"2025-11-21T15:33:16+00:00\",\"mainEntityOfPage\":{\"@id\":\"https:\/\/latamobility.com\/pt-br\/a-visao-convergente-da-c40-cities-city-energy-geotab-e-synergev-impulsionara-os-corredores-verdes-na-america-latina\/\"},\"wordCount\":1427,\"commentCount\":0,\"publisher\":{\"@id\":\"https:\/\/latamobility.com\/#organization\"},\"image\":{\"@id\":\"https:\/\/latamobility.com\/pt-br\/a-visao-convergente-da-c40-cities-city-energy-geotab-e-synergev-impulsionara-os-corredores-verdes-na-america-latina\/#primaryimage\"},\"thumbnailUrl\":\"https:\/\/latamobility.com\/wp-content\/uploads\/2025\/11\/2-1.jpg\",\"keywords\":[\"Geotab\",\"Movilidad Sostenible\"],\"articleSection\":[\"Encuentros\"],\"inLanguage\":\"pt-BR\",\"potentialAction\":[{\"@type\":\"CommentAction\",\"name\":\"Comment\",\"target\":[\"https:\/\/latamobility.com\/pt-br\/a-visao-convergente-da-c40-cities-city-energy-geotab-e-synergev-impulsionara-os-corredores-verdes-na-america-latina\/#respond\"]}]},{\"@type\":\"WebPage\",\"@id\":\"https:\/\/latamobility.com\/pt-br\/a-visao-convergente-da-c40-cities-city-energy-geotab-e-synergev-impulsionara-os-corredores-verdes-na-america-latina\/\",\"url\":\"https:\/\/latamobility.com\/pt-br\/a-visao-convergente-da-c40-cities-city-energy-geotab-e-synergev-impulsionara-os-corredores-verdes-na-america-latina\/\",\"name\":\"A vis\u00e3o convergente da C40 Cities, City Energy, Geotab e SynergEV impulsionar\u00e1 os corredores verdes na Am\u00e9rica Latina - Latam Mobility\",\"isPartOf\":{\"@id\":\"https:\/\/latamobility.com\/#website\"},\"primaryImageOfPage\":{\"@id\":\"https:\/\/latamobility.com\/pt-br\/a-visao-convergente-da-c40-cities-city-energy-geotab-e-synergev-impulsionara-os-corredores-verdes-na-america-latina\/#primaryimage\"},\"image\":{\"@id\":\"https:\/\/latamobility.com\/pt-br\/a-visao-convergente-da-c40-cities-city-energy-geotab-e-synergev-impulsionara-os-corredores-verdes-na-america-latina\/#primaryimage\"},\"thumbnailUrl\":\"https:\/\/latamobility.com\/wp-content\/uploads\/2025\/11\/2-1.jpg\",\"datePublished\":\"2025-11-21T10:00:00+00:00\",\"dateModified\":\"2025-11-21T15:33:16+00:00\",\"description\":\"O debate da Latam Mobility contou com as vis\u00f5es estrat\u00e9gicas da C40 Cities, Geotab, SynergEV e City Energy\",\"breadcrumb\":{\"@id\":\"https:\/\/latamobility.com\/pt-br\/a-visao-convergente-da-c40-cities-city-energy-geotab-e-synergev-impulsionara-os-corredores-verdes-na-america-latina\/#breadcrumb\"},\"inLanguage\":\"pt-BR\",\"potentialAction\":[{\"@type\":\"ReadAction\",\"target\":[\"https:\/\/latamobility.com\/pt-br\/a-visao-convergente-da-c40-cities-city-energy-geotab-e-synergev-impulsionara-os-corredores-verdes-na-america-latina\/\"]}]},{\"@type\":\"ImageObject\",\"inLanguage\":\"pt-BR\",\"@id\":\"https:\/\/latamobility.com\/pt-br\/a-visao-convergente-da-c40-cities-city-energy-geotab-e-synergev-impulsionara-os-corredores-verdes-na-america-latina\/#primaryimage\",\"url\":\"https:\/\/latamobility.com\/wp-content\/uploads\/2025\/11\/2-1.jpg\",\"contentUrl\":\"https:\/\/latamobility.com\/wp-content\/uploads\/2025\/11\/2-1.jpg\",\"width\":1080,\"height\":720,\"caption\":\"LM\"},{\"@type\":\"BreadcrumbList\",\"@id\":\"https:\/\/latamobility.com\/pt-br\/a-visao-convergente-da-c40-cities-city-energy-geotab-e-synergev-impulsionara-os-corredores-verdes-na-america-latina\/#breadcrumb\",\"itemListElement\":[{\"@type\":\"ListItem\",\"position\":1,\"name\":\"Portada\",\"item\":\"https:\/\/latamobility.com\/pt-br\/\"},{\"@type\":\"ListItem\",\"position\":2,\"name\":\"A vis\u00e3o convergente da C40 Cities, City Energy, Geotab e SynergEV impulsionar\u00e1 os corredores verdes na Am\u00e9rica Latina\"}]},{\"@type\":\"WebSite\",\"@id\":\"https:\/\/latamobility.com\/#website\",\"url\":\"https:\/\/latamobility.com\/\",\"name\":\"Latam Mobility\",\"description\":\"Serie de Eventos para promover la Movilidad y Transporte sostenible en Latinoam\u00e9rica\",\"publisher\":{\"@id\":\"https:\/\/latamobility.com\/#organization\"},\"potentialAction\":[{\"@type\":\"SearchAction\",\"target\":{\"@type\":\"EntryPoint\",\"urlTemplate\":\"https:\/\/latamobility.com\/?s={search_term_string}\"},\"query-input\":{\"@type\":\"PropertyValueSpecification\",\"valueRequired\":true,\"valueName\":\"search_term_string\"}}],\"inLanguage\":\"pt-BR\"},{\"@type\":\"Organization\",\"@id\":\"https:\/\/latamobility.com\/#organization\",\"name\":\"LATAM MOBILITY\",\"url\":\"https:\/\/latamobility.com\/\",\"logo\":{\"@type\":\"ImageObject\",\"inLanguage\":\"pt-BR\",\"@id\":\"https:\/\/latamobility.com\/#\/schema\/logo\/image\/\",\"url\":\"https:\/\/latamobility.com\/wp-content\/uploads\/2025\/01\/logos-LM-LG-2025-10.png\",\"contentUrl\":\"https:\/\/latamobility.com\/wp-content\/uploads\/2025\/01\/logos-LM-LG-2025-10.png\",\"width\":1080,\"height\":1080,\"caption\":\"LATAM MOBILITY\"},\"image\":{\"@id\":\"https:\/\/latamobility.com\/#\/schema\/logo\/image\/\"},\"sameAs\":[\"https:\/\/www.facebook.com\/latamobility\/\",\"https:\/\/x.com\/LataMobility\",\"https:\/\/www.instagram.com\/latamobility\/\",\"https:\/\/www.linkedin.com\/company\/latamobility\/\",\"https:\/\/www.youtube.com\/channel\/UCtcslRCRY0vITWaOQ1X0XUA\"]},{\"@type\":\"Person\",\"@id\":\"https:\/\/latamobility.com\/#\/schema\/person\/fda092a2de1f87d347784282908bad1a\",\"name\":\"Antonio Vilela\",\"image\":{\"@type\":\"ImageObject\",\"inLanguage\":\"pt-BR\",\"@id\":\"https:\/\/latamobility.com\/#\/schema\/person\/image\/\",\"url\":\"https:\/\/secure.gravatar.com\/avatar\/7eee8196fd2fda180806d7b41cd517f274d5ad3b9f65d873feb3ca7e2b3a72d2?s=96&d=mm&r=g\",\"contentUrl\":\"https:\/\/secure.gravatar.com\/avatar\/7eee8196fd2fda180806d7b41cd517f274d5ad3b9f65d873feb3ca7e2b3a72d2?s=96&d=mm&r=g\",\"caption\":\"Antonio Vilela\"}}]}<\/script>\n<!-- \/ Yoast SEO Premium plugin. -->","yoast_head_json":{"title":"A vis\u00e3o convergente da C40 Cities, City Energy, Geotab e SynergEV impulsionar\u00e1 os corredores verdes na Am\u00e9rica Latina - Latam Mobility","description":"O debate da Latam Mobility contou com as vis\u00f5es estrat\u00e9gicas da C40 Cities, Geotab, SynergEV e City Energy","robots":{"index":"index","follow":"follow","max-snippet":"max-snippet:-1","max-image-preview":"max-image-preview:large","max-video-preview":"max-video-preview:-1"},"canonical":"https:\/\/latamobility.com\/pt-br\/a-visao-convergente-da-c40-cities-city-energy-geotab-e-synergev-impulsionara-os-corredores-verdes-na-america-latina\/","og_locale":"pt_BR","og_type":"article","og_title":"A vis\u00e3o convergente da C40 Cities, City Energy, Geotab e SynergEV impulsionar\u00e1 os corredores verdes na Am\u00e9rica Latina","og_description":"O debate da Latam Mobility contou com as vis\u00f5es estrat\u00e9gicas da C40 Cities, Geotab, SynergEV e City Energy","og_url":"https:\/\/latamobility.com\/pt-br\/a-visao-convergente-da-c40-cities-city-energy-geotab-e-synergev-impulsionara-os-corredores-verdes-na-america-latina\/","og_site_name":"Latam Mobility","article_publisher":"https:\/\/www.facebook.com\/latamobility\/","article_published_time":"2025-11-21T10:00:00+00:00","article_modified_time":"2025-11-21T15:33:16+00:00","og_image":[{"width":1080,"height":720,"url":"https:\/\/latamobility.com\/wp-content\/uploads\/2025\/11\/2-1.jpg","type":"image\/jpeg"}],"author":"Antonio Vilela","twitter_card":"summary_large_image","twitter_description":"O debate da Latam Mobility contou com as vis\u00f5es estrat\u00e9gicas da C40 Cities, Geotab, SynergEV e City Energy","twitter_creator":"@LataMobility","twitter_site":"@LataMobility","twitter_misc":{"Escrito por":"Antonio Vilela","Est. tempo de leitura":"7 minutos"},"schema":{"@context":"https:\/\/schema.org","@graph":[{"@type":"NewsArticle","@id":"https:\/\/latamobility.com\/pt-br\/a-visao-convergente-da-c40-cities-city-energy-geotab-e-synergev-impulsionara-os-corredores-verdes-na-america-latina\/#article","isPartOf":{"@id":"https:\/\/latamobility.com\/pt-br\/a-visao-convergente-da-c40-cities-city-energy-geotab-e-synergev-impulsionara-os-corredores-verdes-na-america-latina\/"},"author":{"name":"Antonio Vilela","@id":"https:\/\/latamobility.com\/#\/schema\/person\/fda092a2de1f87d347784282908bad1a"},"headline":"A vis\u00e3o convergente da C40 Cities, City Energy, Geotab e SynergEV impulsionar\u00e1 os corredores verdes na Am\u00e9rica Latina","datePublished":"2025-11-21T10:00:00+00:00","dateModified":"2025-11-21T15:33:16+00:00","mainEntityOfPage":{"@id":"https:\/\/latamobility.com\/pt-br\/a-visao-convergente-da-c40-cities-city-energy-geotab-e-synergev-impulsionara-os-corredores-verdes-na-america-latina\/"},"wordCount":1427,"commentCount":0,"publisher":{"@id":"https:\/\/latamobility.com\/#organization"},"image":{"@id":"https:\/\/latamobility.com\/pt-br\/a-visao-convergente-da-c40-cities-city-energy-geotab-e-synergev-impulsionara-os-corredores-verdes-na-america-latina\/#primaryimage"},"thumbnailUrl":"https:\/\/latamobility.com\/wp-content\/uploads\/2025\/11\/2-1.jpg","keywords":["Geotab","Movilidad Sostenible"],"articleSection":["Encuentros"],"inLanguage":"pt-BR","potentialAction":[{"@type":"CommentAction","name":"Comment","target":["https:\/\/latamobility.com\/pt-br\/a-visao-convergente-da-c40-cities-city-energy-geotab-e-synergev-impulsionara-os-corredores-verdes-na-america-latina\/#respond"]}]},{"@type":"WebPage","@id":"https:\/\/latamobility.com\/pt-br\/a-visao-convergente-da-c40-cities-city-energy-geotab-e-synergev-impulsionara-os-corredores-verdes-na-america-latina\/","url":"https:\/\/latamobility.com\/pt-br\/a-visao-convergente-da-c40-cities-city-energy-geotab-e-synergev-impulsionara-os-corredores-verdes-na-america-latina\/","name":"A vis\u00e3o convergente da C40 Cities, City Energy, Geotab e SynergEV impulsionar\u00e1 os corredores verdes na Am\u00e9rica Latina - Latam Mobility","isPartOf":{"@id":"https:\/\/latamobility.com\/#website"},"primaryImageOfPage":{"@id":"https:\/\/latamobility.com\/pt-br\/a-visao-convergente-da-c40-cities-city-energy-geotab-e-synergev-impulsionara-os-corredores-verdes-na-america-latina\/#primaryimage"},"image":{"@id":"https:\/\/latamobility.com\/pt-br\/a-visao-convergente-da-c40-cities-city-energy-geotab-e-synergev-impulsionara-os-corredores-verdes-na-america-latina\/#primaryimage"},"thumbnailUrl":"https:\/\/latamobility.com\/wp-content\/uploads\/2025\/11\/2-1.jpg","datePublished":"2025-11-21T10:00:00+00:00","dateModified":"2025-11-21T15:33:16+00:00","description":"O debate da Latam Mobility contou com as vis\u00f5es estrat\u00e9gicas da C40 Cities, Geotab, SynergEV e City Energy","breadcrumb":{"@id":"https:\/\/latamobility.com\/pt-br\/a-visao-convergente-da-c40-cities-city-energy-geotab-e-synergev-impulsionara-os-corredores-verdes-na-america-latina\/#breadcrumb"},"inLanguage":"pt-BR","potentialAction":[{"@type":"ReadAction","target":["https:\/\/latamobility.com\/pt-br\/a-visao-convergente-da-c40-cities-city-energy-geotab-e-synergev-impulsionara-os-corredores-verdes-na-america-latina\/"]}]},{"@type":"ImageObject","inLanguage":"pt-BR","@id":"https:\/\/latamobility.com\/pt-br\/a-visao-convergente-da-c40-cities-city-energy-geotab-e-synergev-impulsionara-os-corredores-verdes-na-america-latina\/#primaryimage","url":"https:\/\/latamobility.com\/wp-content\/uploads\/2025\/11\/2-1.jpg","contentUrl":"https:\/\/latamobility.com\/wp-content\/uploads\/2025\/11\/2-1.jpg","width":1080,"height":720,"caption":"LM"},{"@type":"BreadcrumbList","@id":"https:\/\/latamobility.com\/pt-br\/a-visao-convergente-da-c40-cities-city-energy-geotab-e-synergev-impulsionara-os-corredores-verdes-na-america-latina\/#breadcrumb","itemListElement":[{"@type":"ListItem","position":1,"name":"Portada","item":"https:\/\/latamobility.com\/pt-br\/"},{"@type":"ListItem","position":2,"name":"A vis\u00e3o convergente da C40 Cities, City Energy, Geotab e SynergEV impulsionar\u00e1 os corredores verdes na Am\u00e9rica Latina"}]},{"@type":"WebSite","@id":"https:\/\/latamobility.com\/#website","url":"https:\/\/latamobility.com\/","name":"Latam Mobility","description":"Serie de Eventos para promover la Movilidad y Transporte sostenible en Latinoam\u00e9rica","publisher":{"@id":"https:\/\/latamobility.com\/#organization"},"potentialAction":[{"@type":"SearchAction","target":{"@type":"EntryPoint","urlTemplate":"https:\/\/latamobility.com\/?s={search_term_string}"},"query-input":{"@type":"PropertyValueSpecification","valueRequired":true,"valueName":"search_term_string"}}],"inLanguage":"pt-BR"},{"@type":"Organization","@id":"https:\/\/latamobility.com\/#organization","name":"LATAM MOBILITY","url":"https:\/\/latamobility.com\/","logo":{"@type":"ImageObject","inLanguage":"pt-BR","@id":"https:\/\/latamobility.com\/#\/schema\/logo\/image\/","url":"https:\/\/latamobility.com\/wp-content\/uploads\/2025\/01\/logos-LM-LG-2025-10.png","contentUrl":"https:\/\/latamobility.com\/wp-content\/uploads\/2025\/01\/logos-LM-LG-2025-10.png","width":1080,"height":1080,"caption":"LATAM MOBILITY"},"image":{"@id":"https:\/\/latamobility.com\/#\/schema\/logo\/image\/"},"sameAs":["https:\/\/www.facebook.com\/latamobility\/","https:\/\/x.com\/LataMobility","https:\/\/www.instagram.com\/latamobility\/","https:\/\/www.linkedin.com\/company\/latamobility\/","https:\/\/www.youtube.com\/channel\/UCtcslRCRY0vITWaOQ1X0XUA"]},{"@type":"Person","@id":"https:\/\/latamobility.com\/#\/schema\/person\/fda092a2de1f87d347784282908bad1a","name":"Antonio Vilela","image":{"@type":"ImageObject","inLanguage":"pt-BR","@id":"https:\/\/latamobility.com\/#\/schema\/person\/image\/","url":"https:\/\/secure.gravatar.com\/avatar\/7eee8196fd2fda180806d7b41cd517f274d5ad3b9f65d873feb3ca7e2b3a72d2?s=96&d=mm&r=g","contentUrl":"https:\/\/secure.gravatar.com\/avatar\/7eee8196fd2fda180806d7b41cd517f274d5ad3b9f65d873feb3ca7e2b3a72d2?s=96&d=mm&r=g","caption":"Antonio Vilela"}}]}},"_links":{"self":[{"href":"https:\/\/latamobility.com\/pt-br\/wp-json\/wp\/v2\/posts\/53981","targetHints":{"allow":["GET"]}}],"collection":[{"href":"https:\/\/latamobility.com\/pt-br\/wp-json\/wp\/v2\/posts"}],"about":[{"href":"https:\/\/latamobility.com\/pt-br\/wp-json\/wp\/v2\/types\/post"}],"author":[{"embeddable":true,"href":"https:\/\/latamobility.com\/pt-br\/wp-json\/wp\/v2\/users\/10"}],"replies":[{"embeddable":true,"href":"https:\/\/latamobility.com\/pt-br\/wp-json\/wp\/v2\/comments?post=53981"}],"version-history":[{"count":2,"href":"https:\/\/latamobility.com\/pt-br\/wp-json\/wp\/v2\/posts\/53981\/revisions"}],"predecessor-version":[{"id":54151,"href":"https:\/\/latamobility.com\/pt-br\/wp-json\/wp\/v2\/posts\/53981\/revisions\/54151"}],"wp:featuredmedia":[{"embeddable":true,"href":"https:\/\/latamobility.com\/pt-br\/wp-json\/wp\/v2\/media\/53972"}],"wp:attachment":[{"href":"https:\/\/latamobility.com\/pt-br\/wp-json\/wp\/v2\/media?parent=53981"}],"wp:term":[{"taxonomy":"category","embeddable":true,"href":"https:\/\/latamobility.com\/pt-br\/wp-json\/wp\/v2\/categories?post=53981"},{"taxonomy":"post_tag","embeddable":true,"href":"https:\/\/latamobility.com\/pt-br\/wp-json\/wp\/v2\/tags?post=53981"}],"curies":[{"name":"wp","href":"https:\/\/api.w.org\/{rel}","templated":true}]}}