{"id":54349,"date":"2025-11-27T05:00:00","date_gmt":"2025-11-27T10:00:00","guid":{"rendered":"https:\/\/latamobility.com\/?p=54349"},"modified":"2025-11-28T06:44:00","modified_gmt":"2025-11-28T11:44:00","slug":"brasil-veiculos-eletricos-plug-in-dominam-mais-de-80-do-mercado-e-consolidam-uma-nova-fase-da-mobilidade","status":"publish","type":"post","link":"https:\/\/latamobility.com\/pt-br\/brasil-veiculos-eletricos-plug-in-dominam-mais-de-80-do-mercado-e-consolidam-uma-nova-fase-da-mobilidade\/","title":{"rendered":"Brasil: ve\u00edculos el\u00e9tricos plug-in dominam mais de 80% do mercado e consolidam uma nova fase da mobilidade"},"content":{"rendered":"\n<p>O mercado de ve\u00edculos el\u00e9tricos leves no <strong>Brasil <\/strong>est\u00e1 passando por uma transforma\u00e7\u00e3o sem precedentes.<\/p>\n\n\n\n<p>De acordo com <strong><a href=\"https:\/\/abve.org.br\/bi-geral\/\">dados<\/a><\/strong> da <strong>ABVE Data<\/strong>, os ve\u00edculos el\u00e9tricos plug-in, ou totalmente el\u00e9tricos (BEV) e h\u00edbridos plug-in (PHEV), representam <strong>81,6% das vendas de ve\u00edculos el\u00e9tricos<\/strong> leves entre janeiro e outubro de 2025.<\/p>\n\n\n\n<p>Essa porcentagem representa um <strong>salto de 10,6 pontos percentuais<\/strong> em rela\u00e7\u00e3o ao mesmo per\u00edodo do ano anterior, o que evidencia uma <strong>migra\u00e7\u00e3o acelerada para tecnologias de recarga externa<\/strong>.<\/p>\n\n\n\n<p>Nesses 10 meses, foram comercializadas <strong>168.798 unidades<\/strong> de ve\u00edculos el\u00e9tricos, das quais <strong>138.088<\/strong> correspondem a ve\u00edculos que podem ser recarregados externamente.<\/p>\n\n\n\n<p>Para muitos analistas, esses n\u00fameros refletem a<strong> crescente maturidade do ecossistema da eletromobilidade no Brasil<\/strong> e sua consolida\u00e7\u00e3o como uma alternativa real de mobilidade sustent\u00e1vel.<\/p>\n\n\n\n<p><strong>Voc\u00ea tamb\u00e9m pode se interessar por<\/strong> | <strong><a href=\"https:\/\/latamobility.com\/pt-br\/a-visao-convergente-da-c40-cities-city-energy-geotab-e-synergev-impulsionara-os-corredores-verdes-na-america-latina\/\">A vis\u00e3o convergente da C40 Cities, City Energy, Geotab e SynergEV impulsionar\u00e1 os corredores verdes na Am\u00e9rica Latina<\/a><\/strong><\/p>\n\n\n\n<h2 class=\"wp-block-heading\" id=\"h-cresce-a-infraestrutura-de-recarga\">Cresce a infraestrutura de recarga<\/h2>\n\n\n\n<p>Um pilar fundamental que sustenta essa transi\u00e7\u00e3o \u00e9 o not\u00e1vel crescimento da rede de recarga p\u00fablica e semip\u00fablica no pa\u00eds.<\/p>\n\n\n\n<p>Dados coletados pela<strong> Tupi Movilidad<\/strong> em colabora\u00e7\u00e3o com a <strong>ABVE <\/strong>revelam que, em agosto de 2025, o <strong>Brasil <\/strong>contava com <strong>16.880 pontos de recarga<\/strong>, o que representa <strong>um aumento de 14%<\/strong> em rela\u00e7\u00e3o \u00e0 pesquisa realizada em fevereiro do mesmo ano, quando foram relatadas <strong>14.827 esta\u00e7\u00f5es<\/strong>.<\/p>\n\n\n\n<p>Dentro dessa rede, os carregadores r\u00e1pidos em corrente cont\u00ednua (CC) apresentaram um crescimento significativo: <strong>de 2.430 unidades em fevereiro para 3.855 em agosto<\/strong>, o que representa um aumento de <strong>59%<\/strong> em apenas seis meses.<\/p>\n\n\n\n<p>Por sua vez, os carregadores lentos (CA) tamb\u00e9m cresceram, embora de forma mais moderada, <strong>passando de 12.397 para 13.025<\/strong> no mesmo per\u00edodo.<\/p>\n\n\n\n<p>Al\u00e9m disso, a expans\u00e3o territorial \u00e9 clara: <strong>1.499 munic\u00edpios<\/strong> j\u00e1 contam com pelo menos um ponto de recarga p\u00fablico ou semip\u00fablico, o que representa <strong>um aumento de 10%<\/strong> em rela\u00e7\u00e3o a fevereiro de 2025.<\/p>\n\n\n\n<p>Essa implanta\u00e7\u00e3o n\u00e3o apenas melhora a cobertura, mas tamb\u00e9m refor\u00e7a a confian\u00e7a do consumidor: <strong>com mais esta\u00e7\u00f5es dispon\u00edveis, os ve\u00edculos plug-in tornam-se mais pr\u00e1ticos para viagens urbanas<\/strong>, intermunicipais e at\u00e9 interestaduais.<\/p>\n\n\n\n<figure class=\"wp-block-image size-large\"><img fetchpriority=\"high\" decoding=\"async\" width=\"1024\" height=\"585\" src=\"https:\/\/latamobility.com\/wp-content\/uploads\/2025\/11\/Brasil-241125-b-1024x585.jpg\" alt=\"Brasil\" class=\"wp-image-54345\" srcset=\"https:\/\/latamobility.com\/wp-content\/uploads\/2025\/11\/Brasil-241125-b-1024x585.jpg 1024w, https:\/\/latamobility.com\/wp-content\/uploads\/2025\/11\/Brasil-241125-b-300x171.jpg 300w, https:\/\/latamobility.com\/wp-content\/uploads\/2025\/11\/Brasil-241125-b-768x438.jpg 768w, https:\/\/latamobility.com\/wp-content\/uploads\/2025\/11\/Brasil-241125-b.jpg 1326w\" sizes=\"(max-width: 1024px) 100vw, 1024px\" \/><\/figure>\n\n\n\n<h2 class=\"wp-block-heading\" id=\"h-inovacao-tecnologica-e-variedade-de-modelos\">Inova\u00e7\u00e3o tecnol\u00f3gica e variedade de modelos<\/h2>\n\n\n\n<p>O fortalecimento do mercado de ve\u00edculos plug-in tamb\u00e9m \u00e9 impulsionado por <strong>avan\u00e7os tecnol\u00f3gicos e uma oferta cada vez mais diversificada<\/strong>.<\/p>\n\n\n\n<p>As baterias melhoraram sua capacidade e efici\u00eancia, a autonomia real dos BEV aumentou e os sistemas de conectividade e gest\u00e3o de energia est\u00e3o cada vez mais integrados aos ve\u00edculos.<\/p>\n\n\n\n<p>Este conjunto de melhorias permite que os carros el\u00e9tricos n\u00e3o sejam apenas uma alternativa ecol\u00f3gica, mas tamb\u00e9m <strong>competitiva em termos de usabilidade<\/strong>.<\/p>\n\n\n\n<p>Al\u00e9m disso, a gama de modelos dispon\u00edveis foi consideravelmente ampliada, incluindo op\u00e7\u00f5es importadas e nacionais, com diferentes perfis de pre\u00e7o e desempenho. Esse dinamismo facilitou o acesso de um n\u00famero crescente de consumidores \u00e0 eletrifica\u00e7\u00e3o.<\/p>\n\n\n\n<p>Apesar do forte aumento dos ve\u00edculos plug-in, os ve\u00edculos el\u00e9tricos como um grupo, incluindo micro-h\u00edbridos, h\u00edbridos tradicionais, <strong>PHEV <\/strong>e <strong>BEV<\/strong>, mant\u00eam uma participa\u00e7\u00e3o est\u00e1vel no mercado total de ve\u00edculos leves, rondando aproximadamente <strong>8% das vendas<\/strong>.<\/p>\n\n\n\n<h2 class=\"wp-block-heading\" id=\"h-mais-um-mes-de-recordes\">Mais um m\u00eas de recordes<\/h2>\n\n\n\n<p>O m\u00eas de outubro reafirmou o impulso da eletromobilidade. Foram matriculados <strong>21.369 ve\u00edculos el\u00e9tricos<\/strong>, praticamente o mesmo volume que em setembro (20.342), e um <strong>crescimento de 33%<\/strong> em rela\u00e7\u00e3o a outubro de 2024, quando foram registradas <strong>16.033 unidades<\/strong>.<\/p>\n\n\n\n<p>A quota de mercado dos ve\u00edculos el\u00e9tricos em rela\u00e7\u00e3o aos ve\u00edculos ligeiros <strong>atingiu 8,6%<\/strong>, em compara\u00e7\u00e3o com 6,4% no mesmo m\u00eas do ano anterior.<\/p>\n\n\n\n<p>Desse total, <em>81,7%<\/em> (17.444 unidades) eram plug-in. Entre estes, os <strong>PHEV <\/strong>destacaram-se com 9.458 unidades, o que representa <strong>um crescimento de 58,7%<\/strong> em rela\u00e7\u00e3o a outubro de 2024, e os <strong>BEV <\/strong>atingiram <strong>7.986 unidades<\/strong>, com <strong>um aumento de 30,7%<\/strong> no mesmo per\u00edodo.<\/p>\n\n\n\n<p>Por outro lado, os h\u00edbridos n\u00e3o plug-in (HEV e HEV Flex) representaram <strong>18,3% do total<\/strong>, com <strong>3.925 unidades<\/strong>, enquanto os micro-h\u00edbridos (MHEV) tamb\u00e9m apresentaram um crescimento recente, <strong>com 6.381 unidades<\/strong>, o que representa uma melhora de <strong>10,4%<\/strong> em rela\u00e7\u00e3o ao m\u00eas anterior.<\/p>\n\n\n\n<h2 class=\"wp-block-heading\" id=\"h-transporte-publico-tambem-se-eletrifica\">Transporte p\u00fablico: tamb\u00e9m se eletrifica<\/h2>\n\n\n\n<p>A revolu\u00e7\u00e3o el\u00e9trica n\u00e3o se limita aos ve\u00edculos leves particulares: o transporte p\u00fablico no <strong>Brasil <\/strong>tamb\u00e9m acelera sua transi\u00e7\u00e3o energ\u00e9tica.<\/p>\n\n\n\n<p>Em outubro de 2025, foram registrados<strong> 87 novos \u00f4nibus el\u00e9tricos matriculados<\/strong>, o que implica um aumento de <strong>107%<\/strong> em rela\u00e7\u00e3o a setembro e <strong>um salto de 67%<\/strong> em compara\u00e7\u00e3o com outubro de 2024.<\/p>\n\n\n\n<p>No acumulado de janeiro a outubro, j\u00e1 foram registrados <strong>636 \u00f4nibus el\u00e9tricos<\/strong>, o que representa um crescimento anual de <strong>145%<\/strong> em rela\u00e7\u00e3o a 2024.<\/p>\n\n\n\n<p>Este dado demonstra que as frotas de transporte p\u00fablico tamb\u00e9m est\u00e3o adotando de forma mais intensiva a tecnologia el\u00e9trica.<\/p>\n\n\n\n<p>Embora alguns dados difiram de acordo com as fontes, um relat\u00f3rio da <strong>ABVE <\/strong>indica que, at\u00e9 abril de 2025, j\u00e1 havia <strong>642 \u00f4nibus el\u00e9tricos registrados<\/strong> desde 2022, com <strong>81%<\/strong> deles operando em <strong>S\u00e3o Paulo<\/strong>.<\/p>\n\n\n\n<h2 class=\"wp-block-heading\" id=\"h-distribuicao-do-crescimento\">Distribui\u00e7\u00e3o do crescimento<\/h2>\n\n\n\n<p>O mapa da eletromobilidade no <strong>Brasil <\/strong>mostra uma distribui\u00e7\u00e3o que reflete tanto concentra\u00e7\u00e3o quanto dispers\u00e3o.<\/p>\n\n\n\n<p>A regi\u00e3o Sudeste continua sendo a l\u00edder absoluta em vendas de ve\u00edculos eletrificados, com <strong>45% do total<\/strong>, impulsionada pela forte presen\u00e7a de <strong>S\u00e3o Paulo<\/strong> e do <strong>Distrito Federal.<\/strong><\/p>\n\n\n\n<p>Seguem-se o Sul (<strong>18,6%<\/strong>) e o Nordeste (<strong>16%<\/strong>), que mant\u00e9m um ritmo de crescimento significativo e j\u00e1 \u00e9 a terceira regi\u00e3o mais relevante em volume. <\/p>\n\n\n\n<p>O Centro-Oeste contribui com <strong>15,9%<\/strong> e o Norte com <strong>4,5%<\/strong>, consolidando um panorama nacional onde a presen\u00e7a de ve\u00edculos el\u00e9tricos j\u00e1 se distribui de forma mais equilibrada entre as diferentes regi\u00f5es do pa\u00eds.<\/p>\n\n\n\n<p>Por estados, <strong>S\u00e3o Paulo ocupa o primeiro lugar com 29,8% das vendas<\/strong>, seguido pelo <strong>Distrito Federal <\/strong>(10,5%) e <strong>Paran\u00e1 <\/strong>(6,8%). Entre as cidades, as mais destacadas s\u00e3o <strong>S\u00e3o Paulo<\/strong> (11,6%), <strong>Bras\u00edlia <\/strong>(10,5%) e <strong>Belo Horizonte<\/strong> (3,7%).<\/p>\n\n\n\n<p>Essa dispers\u00e3o regional \u00e9 animadora: n\u00e3o apenas as \u00e1reas tradicionalmente mais desenvolvidas est\u00e3o adotando a eletromobilidade, mas tamb\u00e9m <strong>regi\u00f5es emergentes do Brasil est\u00e3o aderindo \u00e0 mudan\u00e7a<\/strong>.<\/p>\n\n\n\n<h2 class=\"wp-block-heading\" id=\"h-descarbonizacao-e-futuro-do-mercado\">Descarboniza\u00e7\u00e3o e futuro do mercado<\/h2>\n\n\n\n<p>Os n\u00fameros atuais indicam que o <strong>Brasil <\/strong>n\u00e3o est\u00e1 apenas passando por uma fase de transi\u00e7\u00e3o, mas entrou em uma nova fase estrutural de sua mobilidade.<\/p>\n\n\n\n<p>O dom\u00ednio dos ve\u00edculos plug-in no segmento eletrificado sugere que os consumidores e a ind\u00fastria adotaram uma vis\u00e3o de longo prazo: n\u00e3o se trata apenas de eletrificar os carros, mas de <strong>construir um ecossistema robusto, com infraestrutura, inova\u00e7\u00e3o, escala e confian\u00e7a<\/strong>.<\/p>\n\n\n\n<p>A amplia\u00e7\u00e3o da rede de recarga, a queda progressiva dos custos dos equipamentos e a maior autonomia dos ve\u00edculos contribuem para esse cen\u00e1rio.<\/p>\n\n\n\n<p>Ao mesmo tempo, o <strong>apoio de pol\u00edticas p\u00fablicas, o planejamento de frotas p\u00fablicas<\/strong> (como \u00f4nibus) e a <strong>diversifica\u00e7\u00e3o de fabricantes<\/strong> refor\u00e7am a cadeia produtiva.<\/p>\n\n\n\n<p>O crescimento dos ve\u00edculos plug-in n\u00e3o \u00e9 apenas uma tend\u00eancia passageira: \u00e9 um sinal de que a transi\u00e7\u00e3o energ\u00e9tica sobre rodas se consolida no <strong>Brasil<\/strong>, e a eletromobilidade deixa de ser uma exce\u00e7\u00e3o ou uma promessa e se torna uma realidade competitiva, massiva e estrat\u00e9gica para o pa\u00eds.<\/p>\n\n\n\n<figure class=\"wp-block-image\"><img decoding=\"async\" width=\"1024\" height=\"576\" src=\"https:\/\/latamobility.com\/wp-content\/uploads\/2025\/11\/Portugues-Brasil_20251121_112719_0000-1024x576.jpg\" alt=\"\" class=\"wp-image-54147\" srcset=\"https:\/\/latamobility.com\/wp-content\/uploads\/2025\/11\/Portugues-Brasil_20251121_112719_0000-1024x576.jpg 1024w, https:\/\/latamobility.com\/wp-content\/uploads\/2025\/11\/Portugues-Brasil_20251121_112719_0000-300x169.jpg 300w, https:\/\/latamobility.com\/wp-content\/uploads\/2025\/11\/Portugues-Brasil_20251121_112719_0000-768x432.jpg 768w, https:\/\/latamobility.com\/wp-content\/uploads\/2025\/11\/Portugues-Brasil_20251121_112719_0000-1536x864.jpg 1536w, https:\/\/latamobility.com\/wp-content\/uploads\/2025\/11\/Portugues-Brasil_20251121_112719_0000.jpg 1920w\" sizes=\"(max-width: 1024px) 100vw, 1024px\" \/><\/figure>\n\n\n\n<h2 class=\"wp-block-heading\" id=\"h-latam-mobility-2026-impulsionando-a-transformacao\">Latam Mobility 2026, impulsionando a transforma\u00e7\u00e3o<\/h2>\n\n\n\n<p>A <strong>Latam Mobility<\/strong> inicia em 2026 uma nova s\u00e9rie de encontros que reunir\u00e1 l\u00edderes dos setores p\u00fablico e privado, empresas de tecnologia, fabricantes, operadores de transporte e especialistas em sustentabilidade.<\/p>\n\n\n\n<p>Do <strong>M\u00e9xico a Santiago do Chile<\/strong>, passando por <strong>S\u00e3o Paulo e Medell\u00edn<\/strong>, essas c\u00fapulas ser\u00e3o o ponto de encontro mais importante da regi\u00e3o para debater, aprender e construir solu\u00e7\u00f5es em torno da mobilidade el\u00e9trica, baixas emiss\u00f5es e inova\u00e7\u00e3o urbana.<\/p>\n\n\n\n<p>Cada evento oferecer\u00e1 <strong>um espa\u00e7o \u00fanico para analisar os avan\u00e7os em infraestrutura de recarga, gest\u00e3o de frotas el\u00e9tricas, log\u00edstica de \u00faltima milha e desenvolvimento de cidades inteligentes<\/strong>, com o apoio de um ecossistema cada vez mais robusto de parceiros estrat\u00e9gicos e aliados internacionais.<\/p>\n\n\n\n<p>A turn\u00ea <strong>2026 <\/strong>promete n\u00e3o apenas conte\u00fado de alto n\u00edvel, mas tamb\u00e9m uma plataforma ideal para impulsionar alian\u00e7as de neg\u00f3cios, troca de experi\u00eancias e colabora\u00e7\u00e3o multissetorial.<\/p>\n\n\n\n<p>Com um enfoque que combina tecnologia, sustentabilidade e vis\u00e3o de futuro, a <strong>Latam Mobility 2026<\/strong> convida todos os atores da cadeia de valor a participar desta jornada que marcar\u00e1 a agenda regional da mobilidade limpa. Participe dos encontros no <strong>M\u00e9xico, S\u00e3o Paulo, Medell\u00edn, Santiago e Cidade do M\u00e9xico<\/strong> e fa\u00e7a parte do movimento que acelera a transforma\u00e7\u00e3o energ\u00e9tica e urbana da Am\u00e9rica Latina.<\/p>\n\n\n\n<p>Mais informa\u00e7\u00f5es em breve.<\/p>\n","protected":false},"excerpt":{"rendered":"<p>O mercado de ve\u00edculos el\u00e9tricos leves no Brasil est\u00e1 passando por uma transforma\u00e7\u00e3o sem precedentes. De acordo com dados da ABVE Data, os ve\u00edculos el\u00e9tricos plug-in, ou totalmente el\u00e9tricos (BEV) e h\u00edbridos plug-in (PHEV), representam 81,6% das vendas de ve\u00edculos el\u00e9tricos leves entre janeiro e outubro de 2025. Essa porcentagem representa um salto de 10,6&#8230;<\/p>\n","protected":false},"author":10,"featured_media":54342,"comment_status":"open","ping_status":"closed","sticky":false,"template":"","format":"standard","meta":{"_kad_post_transparent":"","_kad_post_title":"","_kad_post_layout":"","_kad_post_sidebar_id":"","_kad_post_content_style":"","_kad_post_vertical_padding":"","_kad_post_feature":"","_kad_post_feature_position":"","_kad_post_header":false,"_kad_post_footer":false,"_kad_post_classname":"","footnotes":""},"categories":[2356],"tags":[2347],"class_list":["post-54349","post","type-post","status-publish","format-standard","has-post-thumbnail","hentry","category-movilidad-electrica-pt-br","tag-brasil-3"],"yoast_head":"<!-- This site is optimized with the Yoast SEO Premium plugin v22.7 (Yoast SEO v27.1.1) - https:\/\/yoast.com\/product\/yoast-seo-premium-wordpress\/ -->\n<title>Brasil: ve\u00edculos el\u00e9tricos plug-in dominam mais de 80% do mercado e consolidam uma nova fase da mobilidade - Latam Mobility<\/title>\n<meta name=\"description\" content=\"De acordo com a ABVE, os ve\u00edculos el\u00e9tricos recarreg\u00e1veis representam 81,6% das vendas entre janeiro e outubro de 2025 no Brasil\" \/>\n<meta name=\"robots\" content=\"index, follow, max-snippet:-1, max-image-preview:large, max-video-preview:-1\" \/>\n<link rel=\"canonical\" href=\"https:\/\/latamobility.com\/pt-br\/brasil-veiculos-eletricos-plug-in-dominam-mais-de-80-do-mercado-e-consolidam-uma-nova-fase-da-mobilidade\/\" \/>\n<meta property=\"og:locale\" content=\"pt_BR\" \/>\n<meta property=\"og:type\" content=\"article\" \/>\n<meta property=\"og:title\" content=\"Brasil: ve\u00edculos el\u00e9tricos plug-in dominam mais de 80% do mercado e consolidam uma nova fase da mobilidade\" \/>\n<meta property=\"og:description\" content=\"De acordo com a ABVE, os ve\u00edculos el\u00e9tricos recarreg\u00e1veis representam 81,6% das vendas entre janeiro e outubro de 2025 no Brasil\" \/>\n<meta property=\"og:url\" content=\"https:\/\/latamobility.com\/pt-br\/brasil-veiculos-eletricos-plug-in-dominam-mais-de-80-do-mercado-e-consolidam-uma-nova-fase-da-mobilidade\/\" \/>\n<meta property=\"og:site_name\" content=\"Latam Mobility\" \/>\n<meta property=\"article:publisher\" content=\"https:\/\/www.facebook.com\/latamobility\/\" \/>\n<meta property=\"article:published_time\" content=\"2025-11-27T10:00:00+00:00\" \/>\n<meta property=\"article:modified_time\" content=\"2025-11-28T11:44:00+00:00\" \/>\n<meta property=\"og:image\" content=\"https:\/\/latamobility.com\/wp-content\/uploads\/2025\/11\/Brasil-241125-a.jpg\" \/>\n\t<meta property=\"og:image:width\" content=\"1280\" \/>\n\t<meta property=\"og:image:height\" content=\"720\" \/>\n\t<meta property=\"og:image:type\" content=\"image\/jpeg\" \/>\n<meta name=\"author\" content=\"Antonio Vilela\" \/>\n<meta name=\"twitter:card\" content=\"summary_large_image\" \/>\n<meta name=\"twitter:creator\" content=\"@LataMobility\" \/>\n<meta name=\"twitter:site\" content=\"@LataMobility\" \/>\n<meta name=\"twitter:label1\" content=\"Escrito por\" \/>\n\t<meta name=\"twitter:data1\" content=\"Antonio Vilela\" \/>\n\t<meta name=\"twitter:label2\" content=\"Est. tempo de leitura\" \/>\n\t<meta name=\"twitter:data2\" content=\"7 minutos\" \/>\n<script type=\"application\/ld+json\" class=\"yoast-schema-graph\">{\"@context\":\"https:\/\/schema.org\",\"@graph\":[{\"@type\":\"Article\",\"@id\":\"https:\/\/latamobility.com\/pt-br\/brasil-veiculos-eletricos-plug-in-dominam-mais-de-80-do-mercado-e-consolidam-uma-nova-fase-da-mobilidade\/#article\",\"isPartOf\":{\"@id\":\"https:\/\/latamobility.com\/pt-br\/brasil-veiculos-eletricos-plug-in-dominam-mais-de-80-do-mercado-e-consolidam-uma-nova-fase-da-mobilidade\/\"},\"author\":{\"name\":\"Antonio Vilela\",\"@id\":\"https:\/\/latamobility.com\/#\/schema\/person\/fda092a2de1f87d347784282908bad1a\"},\"headline\":\"Brasil: ve\u00edculos el\u00e9tricos plug-in dominam mais de 80% do mercado e consolidam uma nova fase da mobilidade\",\"datePublished\":\"2025-11-27T10:00:00+00:00\",\"dateModified\":\"2025-11-28T11:44:00+00:00\",\"mainEntityOfPage\":{\"@id\":\"https:\/\/latamobility.com\/pt-br\/brasil-veiculos-eletricos-plug-in-dominam-mais-de-80-do-mercado-e-consolidam-uma-nova-fase-da-mobilidade\/\"},\"wordCount\":1469,\"commentCount\":0,\"publisher\":{\"@id\":\"https:\/\/latamobility.com\/#organization\"},\"image\":{\"@id\":\"https:\/\/latamobility.com\/pt-br\/brasil-veiculos-eletricos-plug-in-dominam-mais-de-80-do-mercado-e-consolidam-uma-nova-fase-da-mobilidade\/#primaryimage\"},\"thumbnailUrl\":\"https:\/\/latamobility.com\/wp-content\/uploads\/2025\/11\/Brasil-241125-a.jpg\",\"keywords\":[\"Brasil\"],\"articleSection\":[\"Movilidad el\u00e9ctrica\"],\"inLanguage\":\"pt-BR\",\"potentialAction\":[{\"@type\":\"CommentAction\",\"name\":\"Comment\",\"target\":[\"https:\/\/latamobility.com\/pt-br\/brasil-veiculos-eletricos-plug-in-dominam-mais-de-80-do-mercado-e-consolidam-uma-nova-fase-da-mobilidade\/#respond\"]}]},{\"@type\":\"WebPage\",\"@id\":\"https:\/\/latamobility.com\/pt-br\/brasil-veiculos-eletricos-plug-in-dominam-mais-de-80-do-mercado-e-consolidam-uma-nova-fase-da-mobilidade\/\",\"url\":\"https:\/\/latamobility.com\/pt-br\/brasil-veiculos-eletricos-plug-in-dominam-mais-de-80-do-mercado-e-consolidam-uma-nova-fase-da-mobilidade\/\",\"name\":\"Brasil: ve\u00edculos el\u00e9tricos plug-in dominam mais de 80% do mercado e consolidam uma nova fase da mobilidade - Latam Mobility\",\"isPartOf\":{\"@id\":\"https:\/\/latamobility.com\/#website\"},\"primaryImageOfPage\":{\"@id\":\"https:\/\/latamobility.com\/pt-br\/brasil-veiculos-eletricos-plug-in-dominam-mais-de-80-do-mercado-e-consolidam-uma-nova-fase-da-mobilidade\/#primaryimage\"},\"image\":{\"@id\":\"https:\/\/latamobility.com\/pt-br\/brasil-veiculos-eletricos-plug-in-dominam-mais-de-80-do-mercado-e-consolidam-uma-nova-fase-da-mobilidade\/#primaryimage\"},\"thumbnailUrl\":\"https:\/\/latamobility.com\/wp-content\/uploads\/2025\/11\/Brasil-241125-a.jpg\",\"datePublished\":\"2025-11-27T10:00:00+00:00\",\"dateModified\":\"2025-11-28T11:44:00+00:00\",\"description\":\"De acordo com a ABVE, os ve\u00edculos el\u00e9tricos recarreg\u00e1veis representam 81,6% das vendas entre janeiro e outubro de 2025 no Brasil\",\"breadcrumb\":{\"@id\":\"https:\/\/latamobility.com\/pt-br\/brasil-veiculos-eletricos-plug-in-dominam-mais-de-80-do-mercado-e-consolidam-uma-nova-fase-da-mobilidade\/#breadcrumb\"},\"inLanguage\":\"pt-BR\",\"potentialAction\":[{\"@type\":\"ReadAction\",\"target\":[\"https:\/\/latamobility.com\/pt-br\/brasil-veiculos-eletricos-plug-in-dominam-mais-de-80-do-mercado-e-consolidam-uma-nova-fase-da-mobilidade\/\"]}]},{\"@type\":\"ImageObject\",\"inLanguage\":\"pt-BR\",\"@id\":\"https:\/\/latamobility.com\/pt-br\/brasil-veiculos-eletricos-plug-in-dominam-mais-de-80-do-mercado-e-consolidam-uma-nova-fase-da-mobilidade\/#primaryimage\",\"url\":\"https:\/\/latamobility.com\/wp-content\/uploads\/2025\/11\/Brasil-241125-a.jpg\",\"contentUrl\":\"https:\/\/latamobility.com\/wp-content\/uploads\/2025\/11\/Brasil-241125-a.jpg\",\"width\":1280,\"height\":720,\"caption\":\"Brasil\"},{\"@type\":\"BreadcrumbList\",\"@id\":\"https:\/\/latamobility.com\/pt-br\/brasil-veiculos-eletricos-plug-in-dominam-mais-de-80-do-mercado-e-consolidam-uma-nova-fase-da-mobilidade\/#breadcrumb\",\"itemListElement\":[{\"@type\":\"ListItem\",\"position\":1,\"name\":\"Portada\",\"item\":\"https:\/\/latamobility.com\/pt-br\/\"},{\"@type\":\"ListItem\",\"position\":2,\"name\":\"Brasil: ve\u00edculos el\u00e9tricos plug-in dominam mais de 80% do mercado e consolidam uma nova fase da mobilidade\"}]},{\"@type\":\"WebSite\",\"@id\":\"https:\/\/latamobility.com\/#website\",\"url\":\"https:\/\/latamobility.com\/\",\"name\":\"Latam Mobility\",\"description\":\"Serie de Eventos para promover la Movilidad y Transporte sostenible en Latinoam\u00e9rica\",\"publisher\":{\"@id\":\"https:\/\/latamobility.com\/#organization\"},\"potentialAction\":[{\"@type\":\"SearchAction\",\"target\":{\"@type\":\"EntryPoint\",\"urlTemplate\":\"https:\/\/latamobility.com\/?s={search_term_string}\"},\"query-input\":{\"@type\":\"PropertyValueSpecification\",\"valueRequired\":true,\"valueName\":\"search_term_string\"}}],\"inLanguage\":\"pt-BR\"},{\"@type\":\"Organization\",\"@id\":\"https:\/\/latamobility.com\/#organization\",\"name\":\"LATAM MOBILITY\",\"url\":\"https:\/\/latamobility.com\/\",\"logo\":{\"@type\":\"ImageObject\",\"inLanguage\":\"pt-BR\",\"@id\":\"https:\/\/latamobility.com\/#\/schema\/logo\/image\/\",\"url\":\"https:\/\/latamobility.com\/wp-content\/uploads\/2025\/01\/logos-LM-LG-2025-10.png\",\"contentUrl\":\"https:\/\/latamobility.com\/wp-content\/uploads\/2025\/01\/logos-LM-LG-2025-10.png\",\"width\":1080,\"height\":1080,\"caption\":\"LATAM MOBILITY\"},\"image\":{\"@id\":\"https:\/\/latamobility.com\/#\/schema\/logo\/image\/\"},\"sameAs\":[\"https:\/\/www.facebook.com\/latamobility\/\",\"https:\/\/x.com\/LataMobility\",\"https:\/\/www.instagram.com\/latamobility\/\",\"https:\/\/www.linkedin.com\/company\/latamobility\/\",\"https:\/\/www.youtube.com\/channel\/UCtcslRCRY0vITWaOQ1X0XUA\"]},{\"@type\":\"Person\",\"@id\":\"https:\/\/latamobility.com\/#\/schema\/person\/fda092a2de1f87d347784282908bad1a\",\"name\":\"Antonio Vilela\",\"image\":{\"@type\":\"ImageObject\",\"inLanguage\":\"pt-BR\",\"@id\":\"https:\/\/latamobility.com\/#\/schema\/person\/image\/\",\"url\":\"https:\/\/secure.gravatar.com\/avatar\/7eee8196fd2fda180806d7b41cd517f274d5ad3b9f65d873feb3ca7e2b3a72d2?s=96&d=mm&r=g\",\"contentUrl\":\"https:\/\/secure.gravatar.com\/avatar\/7eee8196fd2fda180806d7b41cd517f274d5ad3b9f65d873feb3ca7e2b3a72d2?s=96&d=mm&r=g\",\"caption\":\"Antonio Vilela\"}}]}<\/script>\n<!-- \/ Yoast SEO Premium plugin. -->","yoast_head_json":{"title":"Brasil: ve\u00edculos el\u00e9tricos plug-in dominam mais de 80% do mercado e consolidam uma nova fase da mobilidade - Latam Mobility","description":"De acordo com a ABVE, os ve\u00edculos el\u00e9tricos recarreg\u00e1veis representam 81,6% das vendas entre janeiro e outubro de 2025 no Brasil","robots":{"index":"index","follow":"follow","max-snippet":"max-snippet:-1","max-image-preview":"max-image-preview:large","max-video-preview":"max-video-preview:-1"},"canonical":"https:\/\/latamobility.com\/pt-br\/brasil-veiculos-eletricos-plug-in-dominam-mais-de-80-do-mercado-e-consolidam-uma-nova-fase-da-mobilidade\/","og_locale":"pt_BR","og_type":"article","og_title":"Brasil: ve\u00edculos el\u00e9tricos plug-in dominam mais de 80% do mercado e consolidam uma nova fase da mobilidade","og_description":"De acordo com a ABVE, os ve\u00edculos el\u00e9tricos recarreg\u00e1veis representam 81,6% das vendas entre janeiro e outubro de 2025 no Brasil","og_url":"https:\/\/latamobility.com\/pt-br\/brasil-veiculos-eletricos-plug-in-dominam-mais-de-80-do-mercado-e-consolidam-uma-nova-fase-da-mobilidade\/","og_site_name":"Latam Mobility","article_publisher":"https:\/\/www.facebook.com\/latamobility\/","article_published_time":"2025-11-27T10:00:00+00:00","article_modified_time":"2025-11-28T11:44:00+00:00","og_image":[{"width":1280,"height":720,"url":"https:\/\/latamobility.com\/wp-content\/uploads\/2025\/11\/Brasil-241125-a.jpg","type":"image\/jpeg"}],"author":"Antonio Vilela","twitter_card":"summary_large_image","twitter_creator":"@LataMobility","twitter_site":"@LataMobility","twitter_misc":{"Escrito por":"Antonio Vilela","Est. tempo de leitura":"7 minutos"},"schema":{"@context":"https:\/\/schema.org","@graph":[{"@type":"Article","@id":"https:\/\/latamobility.com\/pt-br\/brasil-veiculos-eletricos-plug-in-dominam-mais-de-80-do-mercado-e-consolidam-uma-nova-fase-da-mobilidade\/#article","isPartOf":{"@id":"https:\/\/latamobility.com\/pt-br\/brasil-veiculos-eletricos-plug-in-dominam-mais-de-80-do-mercado-e-consolidam-uma-nova-fase-da-mobilidade\/"},"author":{"name":"Antonio Vilela","@id":"https:\/\/latamobility.com\/#\/schema\/person\/fda092a2de1f87d347784282908bad1a"},"headline":"Brasil: ve\u00edculos el\u00e9tricos plug-in dominam mais de 80% do mercado e consolidam uma nova fase da mobilidade","datePublished":"2025-11-27T10:00:00+00:00","dateModified":"2025-11-28T11:44:00+00:00","mainEntityOfPage":{"@id":"https:\/\/latamobility.com\/pt-br\/brasil-veiculos-eletricos-plug-in-dominam-mais-de-80-do-mercado-e-consolidam-uma-nova-fase-da-mobilidade\/"},"wordCount":1469,"commentCount":0,"publisher":{"@id":"https:\/\/latamobility.com\/#organization"},"image":{"@id":"https:\/\/latamobility.com\/pt-br\/brasil-veiculos-eletricos-plug-in-dominam-mais-de-80-do-mercado-e-consolidam-uma-nova-fase-da-mobilidade\/#primaryimage"},"thumbnailUrl":"https:\/\/latamobility.com\/wp-content\/uploads\/2025\/11\/Brasil-241125-a.jpg","keywords":["Brasil"],"articleSection":["Movilidad el\u00e9ctrica"],"inLanguage":"pt-BR","potentialAction":[{"@type":"CommentAction","name":"Comment","target":["https:\/\/latamobility.com\/pt-br\/brasil-veiculos-eletricos-plug-in-dominam-mais-de-80-do-mercado-e-consolidam-uma-nova-fase-da-mobilidade\/#respond"]}]},{"@type":"WebPage","@id":"https:\/\/latamobility.com\/pt-br\/brasil-veiculos-eletricos-plug-in-dominam-mais-de-80-do-mercado-e-consolidam-uma-nova-fase-da-mobilidade\/","url":"https:\/\/latamobility.com\/pt-br\/brasil-veiculos-eletricos-plug-in-dominam-mais-de-80-do-mercado-e-consolidam-uma-nova-fase-da-mobilidade\/","name":"Brasil: ve\u00edculos el\u00e9tricos plug-in dominam mais de 80% do mercado e consolidam uma nova fase da mobilidade - Latam Mobility","isPartOf":{"@id":"https:\/\/latamobility.com\/#website"},"primaryImageOfPage":{"@id":"https:\/\/latamobility.com\/pt-br\/brasil-veiculos-eletricos-plug-in-dominam-mais-de-80-do-mercado-e-consolidam-uma-nova-fase-da-mobilidade\/#primaryimage"},"image":{"@id":"https:\/\/latamobility.com\/pt-br\/brasil-veiculos-eletricos-plug-in-dominam-mais-de-80-do-mercado-e-consolidam-uma-nova-fase-da-mobilidade\/#primaryimage"},"thumbnailUrl":"https:\/\/latamobility.com\/wp-content\/uploads\/2025\/11\/Brasil-241125-a.jpg","datePublished":"2025-11-27T10:00:00+00:00","dateModified":"2025-11-28T11:44:00+00:00","description":"De acordo com a ABVE, os ve\u00edculos el\u00e9tricos recarreg\u00e1veis representam 81,6% das vendas entre janeiro e outubro de 2025 no Brasil","breadcrumb":{"@id":"https:\/\/latamobility.com\/pt-br\/brasil-veiculos-eletricos-plug-in-dominam-mais-de-80-do-mercado-e-consolidam-uma-nova-fase-da-mobilidade\/#breadcrumb"},"inLanguage":"pt-BR","potentialAction":[{"@type":"ReadAction","target":["https:\/\/latamobility.com\/pt-br\/brasil-veiculos-eletricos-plug-in-dominam-mais-de-80-do-mercado-e-consolidam-uma-nova-fase-da-mobilidade\/"]}]},{"@type":"ImageObject","inLanguage":"pt-BR","@id":"https:\/\/latamobility.com\/pt-br\/brasil-veiculos-eletricos-plug-in-dominam-mais-de-80-do-mercado-e-consolidam-uma-nova-fase-da-mobilidade\/#primaryimage","url":"https:\/\/latamobility.com\/wp-content\/uploads\/2025\/11\/Brasil-241125-a.jpg","contentUrl":"https:\/\/latamobility.com\/wp-content\/uploads\/2025\/11\/Brasil-241125-a.jpg","width":1280,"height":720,"caption":"Brasil"},{"@type":"BreadcrumbList","@id":"https:\/\/latamobility.com\/pt-br\/brasil-veiculos-eletricos-plug-in-dominam-mais-de-80-do-mercado-e-consolidam-uma-nova-fase-da-mobilidade\/#breadcrumb","itemListElement":[{"@type":"ListItem","position":1,"name":"Portada","item":"https:\/\/latamobility.com\/pt-br\/"},{"@type":"ListItem","position":2,"name":"Brasil: ve\u00edculos el\u00e9tricos plug-in dominam mais de 80% do mercado e consolidam uma nova fase da mobilidade"}]},{"@type":"WebSite","@id":"https:\/\/latamobility.com\/#website","url":"https:\/\/latamobility.com\/","name":"Latam Mobility","description":"Serie de Eventos para promover la Movilidad y Transporte sostenible en Latinoam\u00e9rica","publisher":{"@id":"https:\/\/latamobility.com\/#organization"},"potentialAction":[{"@type":"SearchAction","target":{"@type":"EntryPoint","urlTemplate":"https:\/\/latamobility.com\/?s={search_term_string}"},"query-input":{"@type":"PropertyValueSpecification","valueRequired":true,"valueName":"search_term_string"}}],"inLanguage":"pt-BR"},{"@type":"Organization","@id":"https:\/\/latamobility.com\/#organization","name":"LATAM MOBILITY","url":"https:\/\/latamobility.com\/","logo":{"@type":"ImageObject","inLanguage":"pt-BR","@id":"https:\/\/latamobility.com\/#\/schema\/logo\/image\/","url":"https:\/\/latamobility.com\/wp-content\/uploads\/2025\/01\/logos-LM-LG-2025-10.png","contentUrl":"https:\/\/latamobility.com\/wp-content\/uploads\/2025\/01\/logos-LM-LG-2025-10.png","width":1080,"height":1080,"caption":"LATAM MOBILITY"},"image":{"@id":"https:\/\/latamobility.com\/#\/schema\/logo\/image\/"},"sameAs":["https:\/\/www.facebook.com\/latamobility\/","https:\/\/x.com\/LataMobility","https:\/\/www.instagram.com\/latamobility\/","https:\/\/www.linkedin.com\/company\/latamobility\/","https:\/\/www.youtube.com\/channel\/UCtcslRCRY0vITWaOQ1X0XUA"]},{"@type":"Person","@id":"https:\/\/latamobility.com\/#\/schema\/person\/fda092a2de1f87d347784282908bad1a","name":"Antonio Vilela","image":{"@type":"ImageObject","inLanguage":"pt-BR","@id":"https:\/\/latamobility.com\/#\/schema\/person\/image\/","url":"https:\/\/secure.gravatar.com\/avatar\/7eee8196fd2fda180806d7b41cd517f274d5ad3b9f65d873feb3ca7e2b3a72d2?s=96&d=mm&r=g","contentUrl":"https:\/\/secure.gravatar.com\/avatar\/7eee8196fd2fda180806d7b41cd517f274d5ad3b9f65d873feb3ca7e2b3a72d2?s=96&d=mm&r=g","caption":"Antonio Vilela"}}]}},"_links":{"self":[{"href":"https:\/\/latamobility.com\/pt-br\/wp-json\/wp\/v2\/posts\/54349","targetHints":{"allow":["GET"]}}],"collection":[{"href":"https:\/\/latamobility.com\/pt-br\/wp-json\/wp\/v2\/posts"}],"about":[{"href":"https:\/\/latamobility.com\/pt-br\/wp-json\/wp\/v2\/types\/post"}],"author":[{"embeddable":true,"href":"https:\/\/latamobility.com\/pt-br\/wp-json\/wp\/v2\/users\/10"}],"replies":[{"embeddable":true,"href":"https:\/\/latamobility.com\/pt-br\/wp-json\/wp\/v2\/comments?post=54349"}],"version-history":[{"count":2,"href":"https:\/\/latamobility.com\/pt-br\/wp-json\/wp\/v2\/posts\/54349\/revisions"}],"predecessor-version":[{"id":54351,"href":"https:\/\/latamobility.com\/pt-br\/wp-json\/wp\/v2\/posts\/54349\/revisions\/54351"}],"wp:featuredmedia":[{"embeddable":true,"href":"https:\/\/latamobility.com\/pt-br\/wp-json\/wp\/v2\/media\/54342"}],"wp:attachment":[{"href":"https:\/\/latamobility.com\/pt-br\/wp-json\/wp\/v2\/media?parent=54349"}],"wp:term":[{"taxonomy":"category","embeddable":true,"href":"https:\/\/latamobility.com\/pt-br\/wp-json\/wp\/v2\/categories?post=54349"},{"taxonomy":"post_tag","embeddable":true,"href":"https:\/\/latamobility.com\/pt-br\/wp-json\/wp\/v2\/tags?post=54349"}],"curies":[{"name":"wp","href":"https:\/\/api.w.org\/{rel}","templated":true}]}}