{"id":5522,"date":"2021-08-06T20:34:47","date_gmt":"2021-08-07T01:34:47","guid":{"rendered":"https:\/\/latam.imagina.cloud\/?p=5522"},"modified":"2021-08-20T07:51:26","modified_gmt":"2021-08-20T12:51:26","slug":"21-de-julho-a-10a-cupula-latino-americana-de-mobilidade-sustentavel-reunira-os-mais-altos-representantes-do-setor-na-america-do-sul","status":"publish","type":"post","link":"https:\/\/latamobility.com\/pt-br\/21-de-julho-a-10a-cupula-latino-americana-de-mobilidade-sustentavel-reunira-os-mais-altos-representantes-do-setor-na-america-do-sul\/","title":{"rendered":"A 10\u00aa C\u00fapula Latino-Americana de Mobilidade Sustent\u00e1vel reunir\u00e1 os mais altos representantes do setor na Am\u00e9rica do Sul"},"content":{"rendered":"\n<ul class=\"wp-block-list\"><li><span class=\"has-inline-color has-vivid-cyan-blue-color\">Latam Mobility continua com sua agenda para promover a mobilidade sustent\u00e1vel na Am\u00e9rica Latina com a d\u00e9cima c\u00fapula em n\u00edvel regional e a terceira em 2021 em formato virtual.<\/span><\/li><\/ul>\n\n\n\n<ul class=\"wp-block-list\"><li><span class=\"has-inline-color has-vivid-cyan-blue-color\">O encontro ter\u00e1 3 dias focados nos principais mercados da Am\u00e9rica do Sul, com destaque para o territ\u00f3rio Brasileiro, al\u00e9m de um terceiro dia dedicado \u00e0 promo\u00e7\u00e3o do esporte motorizado de emiss\u00e3o zero.<\/span><\/li><\/ul>\n\n\n\n<p><br>A comunidade regional de mobilidade sustent\u00e1vel da Am\u00e9rica Latina, Latam Mobility, organiza sua terceira c\u00fapula virtual do ano com a participa\u00e7\u00e3o das maiores refer\u00eancias do setor p\u00fablico e privado da regi\u00e3o, estendendo seus horizontes em tr\u00eas dias, cada um planejado em uma L\u00edngua diferente.<\/p>\n\n\n\n<p><\/p>\n\n\n\n<p>Durante os dias 6, 7 e 8 de Outubro, milhares de executivos da Am\u00e9rica Latina e de diferentes partes do mundo ter\u00e3o a oportunidade de conhecer gratuitamente os avan\u00e7os e planos futuros em termos de pol\u00edticas p\u00fablicas para promover a mobilidade sustent\u00e1vel, infraestrutura de carga, eletrifica\u00e7\u00e3o do transporte p\u00fablico, avan\u00e7os na mobilidade como servi\u00e7o, desafios para fabricantes de ve\u00edculos el\u00e9tricos e outros temas de grande interesse, por meio de pain\u00e9is de alto n\u00edvel compostos por ministros, gestores e presidentes das principais empresas do setor.<\/p>\n\n\n\n<p><\/p>\n\n\n\n<p>O primeiro dia do encontro ser\u00e1 dedicado \u00e0 Argentina, Chile, Uruguai e Peru, quatro pa\u00edses com grande potencial que nos \u00faltimos meses avan\u00e7aram significativamente em normas e leis que permitir\u00e3o lan\u00e7ar as bases para uma mobilidade mais sustent\u00e1vel.<\/p>\n\n\n\n<p><\/p>\n\n\n\n<p>O Peru aprovou recentemente regulamentos para a instala\u00e7\u00e3o e opera\u00e7\u00e3o de infraestrutura de carga de mobilidade el\u00e9trica, enquanto o Chile continua a expandir suas frotas de transporte p\u00fablico com unidades livres de carbono em todo o pa\u00eds.<\/p>\n\n\n\n<p><\/p>\n\n\n\n<p>Ao mesmo tempo, a Argentina aumenta seu potencial em termos de uso e extra\u00e7\u00e3o de l\u00edtio para seu consumo interno e exporta\u00e7\u00e3o; Por outro lado, o Uruguai constr\u00f3i um planejamento urbano voltado para a mobilidade sustent\u00e1vel e promove incentivos para a mobilidade el\u00e9trica.<\/p>\n\n\n\n<p><\/p>\n\n\n\n<p>Na Quinta-Feira, 7 de Outubro, o Brasil ser\u00e1 o foco da C\u00fapula. Os principais atores da na\u00e7\u00e3o v\u00e3o reunir-se para, em uma sess\u00e3o realizada em Portugu\u00eas, promover um rico debate sobre mobilidade sustent\u00e1vel num dos principais mercados do continente americano. O encontro contar\u00e1 com a participa\u00e7\u00e3o dos principais \u00f3rg\u00e3os p\u00fablicos, fabricantes, solu\u00e7\u00f5es e prestadores de servi\u00e7os na \u00e1rea da mobilidade sustent\u00e1vel.<\/p>\n\n\n\n<p><\/p>\n\n\n\n<h2 class=\"wp-block-heading\">A Vez dos Esportes de Zero Emiss\u00e3o<\/h2>\n\n\n\n<p><\/p>\n\n\n\n<p>Os esportes motorizados desempenham um papel fundamental no desenvolvimento da mobilidade. Nos \u00faltimos dez anos, nasceram novas e incr\u00edveis categorias de ve\u00edculos de zero emiss\u00f5es que, al\u00e9m de levar emo\u00e7\u00e3o e entretenimento a todos os cantos do nosso planeta, funcionam como verdadeiros centros de pesquisa para a cria\u00e7\u00e3o de meios de transporte do futuro.<\/p>\n\n\n\n<p><\/p>\n\n\n\n<p>Assim, a agenda deste grande encontro culminar\u00e1 na sexta-feira dia 8 com o segundo Green Racing Virtual Summit, um espa\u00e7o em ingl\u00eas dedicado aos esportes motorizados de zero emiss\u00f5es, que est\u00e3o a vivenciar um crescimento exponencial gra\u00e7as \u00e0 sua diversidade, visto que atualmente podem apreciar a corridas de ve\u00edculos el\u00e9tricos nos lugares mais in\u00f3spitos do mundo, bem como nos ambientes mar\u00edtimo e a\u00e9reo.<\/p>\n\n\n\n<p><\/p>\n\n\n\n<p>Esta ser\u00e1 a 5\u00aa C\u00fapula Virtual organizada pela Latam Mobility, uma iniciativa da Invest in Latam que nos \u00faltimos anos e apesar da crise global causada pela Covid-19, reuniu os maiores expoentes da mobilidade sustent\u00e1vel, incluindo presidentes, ministros, secret\u00e1rios e CEOs das empresas mais relevantes do setor, oferecendo conte\u00fados gratuitos e de qualidade com o objetivo de promover a transforma\u00e7\u00e3o regional, a cria\u00e7\u00e3o de empregos e oportunidades relacionadas com a mobilidade sustent\u00e1vel.<\/p>\n\n\n\n<p><\/p>\n\n\n\n<p>Cabe destacar que a \u00faltima c\u00fapula da organiza\u00e7\u00e3o foi realizada em Junho passado, que contou com a destacada participa\u00e7\u00e3o dos atuais presidentes da Col\u00f4mbia e da Costa Rica, reunindo mais de 18.000 espectadores e dezenas de meios de comunica\u00e7\u00e3o interessados \u200b\u200bno evento.<\/p>\n\n\n\n<p><\/p>\n\n\n\n<p>Registro gr\u00e1tis: <a rel=\"noreferrer noopener\" href=\"https:\/\/www.latamobilitysummit.com\/\" data-type=\"URL\" data-id=\"https:\/\/www.latamobilitysummit.com\/\" target=\"_blank\"><span class=\"has-inline-color has-vivid-cyan-blue-color\">www.latamobilitysummit.com<\/span><\/a><\/p>\n","protected":false},"excerpt":{"rendered":"<p>Latam Mobility continua com sua agenda para promover a mobilidade sustent\u00e1vel na Am\u00e9rica Latina com a d\u00e9cima c\u00fapula em n\u00edvel regional e a terceira em 2021 em formato virtual. O encontro ter\u00e1 3 dias focados nos principais mercados da Am\u00e9rica do Sul, com destaque para o territ\u00f3rio Brasileiro, al\u00e9m de um terceiro dia dedicado \u00e0&#8230;<\/p>\n","protected":false},"author":10,"featured_media":5680,"comment_status":"open","ping_status":"closed","sticky":false,"template":"","format":"standard","meta":{"_kad_post_transparent":"","_kad_post_title":"","_kad_post_layout":"","_kad_post_sidebar_id":"","_kad_post_content_style":"","_kad_post_vertical_padding":"","_kad_post_feature":"","_kad_post_feature_position":"","_kad_post_header":false,"_kad_post_footer":false,"_kad_post_classname":"","footnotes":""},"categories":[1468],"tags":[1474,1472,1473],"class_list":["post-5522","post","type-post","status-publish","format-standard","has-post-thumbnail","hentry","category-nao-categorizado","tag-invest-in-latam","tag-latam-mobility-3","tag-mobilidade-sustentavel"],"yoast_head":"<!-- This site is optimized with the Yoast SEO Premium plugin v22.7 (Yoast SEO v27.4) - https:\/\/yoast.com\/product\/yoast-seo-premium-wordpress\/ -->\n<title>A 10\u00aa C\u00fapula Latino-Americana de Mobilidade Sustent\u00e1vel reunir\u00e1 os mais altos representantes do setor na Am\u00e9rica do Sul - Latam Mobility<\/title>\n<meta name=\"description\" content=\"Latam Mobility continua com sua agenda para promover a mobilidade sustent\u00e1vel na Am\u00e9rica Latina com a d\u00e9cima c\u00fapula em n\u00edvel regional e a terceira em 2021\" \/>\n<meta name=\"robots\" content=\"index, follow, max-snippet:-1, max-image-preview:large, max-video-preview:-1\" \/>\n<link rel=\"canonical\" href=\"https:\/\/latamobility.com\/pt-br\/21-de-julho-a-10a-cupula-latino-americana-de-mobilidade-sustentavel-reunira-os-mais-altos-representantes-do-setor-na-america-do-sul\/\" \/>\n<meta property=\"og:locale\" content=\"pt_BR\" \/>\n<meta property=\"og:type\" content=\"article\" \/>\n<meta property=\"og:title\" content=\"A 10\u00aa C\u00fapula Latino-Americana de Mobilidade Sustent\u00e1vel reunir\u00e1 os mais altos representantes do setor na Am\u00e9rica do Sul\" \/>\n<meta property=\"og:description\" content=\"A comunidade regional de mobilidade sustent\u00e1vel da Am\u00e9rica Latina, Latam Mobility, organiza sua terceira c\u00fapula virtual do ano com a participa\u00e7\u00e3o das maiores refer\u00eancias do setor p\u00fablico e privado da regi\u00e3o, estendendo seus horizontes em tr\u00eas dias, cada um planejado em uma L\u00edngua diferente.\" \/>\n<meta property=\"og:url\" content=\"https:\/\/latamobility.com\/pt-br\/21-de-julho-a-10a-cupula-latino-americana-de-mobilidade-sustentavel-reunira-os-mais-altos-representantes-do-setor-na-america-do-sul\/\" \/>\n<meta property=\"og:site_name\" content=\"Latam Mobility\" \/>\n<meta property=\"article:publisher\" content=\"https:\/\/www.facebook.com\/latamobility\/\" \/>\n<meta property=\"article:published_time\" content=\"2021-08-07T01:34:47+00:00\" \/>\n<meta property=\"article:modified_time\" content=\"2021-08-20T12:51:26+00:00\" \/>\n<meta property=\"og:image\" content=\"https:\/\/latamobility.com\/wp-content\/uploads\/2021\/07\/Banner.png\" \/>\n\t<meta property=\"og:image:width\" content=\"2668\" \/>\n\t<meta property=\"og:image:height\" content=\"1503\" \/>\n\t<meta property=\"og:image:type\" content=\"image\/png\" \/>\n<meta name=\"author\" content=\"Antonio Vilela\" \/>\n<meta name=\"twitter:card\" content=\"summary_large_image\" \/>\n<meta name=\"twitter:title\" content=\"A 10\u00aa C\u00fapula Latino-Americana de Mobilidade Sustent\u00e1vel reunir\u00e1 os mais altos representantes do setor na Am\u00e9rica do Sul\" \/>\n<meta name=\"twitter:description\" content=\"A comunidade regional de mobilidade sustent\u00e1vel da Am\u00e9rica Latina, Latam Mobility, organiza sua terceira c\u00fapula virtual do ano com a participa\u00e7\u00e3o das maiores refer\u00eancias do setor p\u00fablico e privado da regi\u00e3o, estendendo seus horizontes em tr\u00eas dias, cada um planejado em uma L\u00edngua diferente.\" \/>\n<meta name=\"twitter:image\" content=\"https:\/\/latamobility.com\/wp-content\/uploads\/2021\/07\/Banner.png\" \/>\n<meta name=\"twitter:creator\" content=\"@LataMobility\" \/>\n<meta name=\"twitter:site\" content=\"@LataMobility\" \/>\n<meta name=\"twitter:label1\" content=\"Escrito por\" \/>\n\t<meta name=\"twitter:data1\" content=\"Antonio Vilela\" \/>\n\t<meta name=\"twitter:label2\" content=\"Est. tempo de leitura\" \/>\n\t<meta name=\"twitter:data2\" content=\"3 minutos\" \/>\n<script type=\"application\/ld+json\" class=\"yoast-schema-graph\">{\"@context\":\"https:\\\/\\\/schema.org\",\"@graph\":[{\"@type\":\"Article\",\"@id\":\"https:\\\/\\\/latamobility.com\\\/pt-br\\\/21-de-julho-a-10a-cupula-latino-americana-de-mobilidade-sustentavel-reunira-os-mais-altos-representantes-do-setor-na-america-do-sul\\\/#article\",\"isPartOf\":{\"@id\":\"https:\\\/\\\/latamobility.com\\\/pt-br\\\/21-de-julho-a-10a-cupula-latino-americana-de-mobilidade-sustentavel-reunira-os-mais-altos-representantes-do-setor-na-america-do-sul\\\/\"},\"author\":{\"name\":\"Antonio Vilela\",\"@id\":\"https:\\\/\\\/latamobility.com\\\/#\\\/schema\\\/person\\\/fda092a2de1f87d347784282908bad1a\"},\"headline\":\"A 10\u00aa C\u00fapula Latino-Americana de Mobilidade Sustent\u00e1vel reunir\u00e1 os mais altos representantes do setor na Am\u00e9rica do Sul\",\"datePublished\":\"2021-08-07T01:34:47+00:00\",\"dateModified\":\"2021-08-20T12:51:26+00:00\",\"mainEntityOfPage\":{\"@id\":\"https:\\\/\\\/latamobility.com\\\/pt-br\\\/21-de-julho-a-10a-cupula-latino-americana-de-mobilidade-sustentavel-reunira-os-mais-altos-representantes-do-setor-na-america-do-sul\\\/\"},\"wordCount\":711,\"commentCount\":0,\"publisher\":{\"@id\":\"https:\\\/\\\/latamobility.com\\\/#organization\"},\"image\":{\"@id\":\"https:\\\/\\\/latamobility.com\\\/pt-br\\\/21-de-julho-a-10a-cupula-latino-americana-de-mobilidade-sustentavel-reunira-os-mais-altos-representantes-do-setor-na-america-do-sul\\\/#primaryimage\"},\"thumbnailUrl\":\"https:\\\/\\\/latamobility.com\\\/wp-content\\\/uploads\\\/2021\\\/07\\\/Banner.png\",\"keywords\":[\"Invest in Latam\",\"Latam Mobility\",\"Mobilidade sustent\u00e1vel\"],\"articleSection\":[\"N\u00e3o categorizado\"],\"inLanguage\":\"pt-BR\",\"potentialAction\":[{\"@type\":\"CommentAction\",\"name\":\"Comment\",\"target\":[\"https:\\\/\\\/latamobility.com\\\/pt-br\\\/21-de-julho-a-10a-cupula-latino-americana-de-mobilidade-sustentavel-reunira-os-mais-altos-representantes-do-setor-na-america-do-sul\\\/#respond\"]}]},{\"@type\":\"WebPage\",\"@id\":\"https:\\\/\\\/latamobility.com\\\/pt-br\\\/21-de-julho-a-10a-cupula-latino-americana-de-mobilidade-sustentavel-reunira-os-mais-altos-representantes-do-setor-na-america-do-sul\\\/\",\"url\":\"https:\\\/\\\/latamobility.com\\\/pt-br\\\/21-de-julho-a-10a-cupula-latino-americana-de-mobilidade-sustentavel-reunira-os-mais-altos-representantes-do-setor-na-america-do-sul\\\/\",\"name\":\"A 10\u00aa C\u00fapula Latino-Americana de Mobilidade Sustent\u00e1vel reunir\u00e1 os mais altos representantes do setor na Am\u00e9rica do Sul - Latam Mobility\",\"isPartOf\":{\"@id\":\"https:\\\/\\\/latamobility.com\\\/#website\"},\"primaryImageOfPage\":{\"@id\":\"https:\\\/\\\/latamobility.com\\\/pt-br\\\/21-de-julho-a-10a-cupula-latino-americana-de-mobilidade-sustentavel-reunira-os-mais-altos-representantes-do-setor-na-america-do-sul\\\/#primaryimage\"},\"image\":{\"@id\":\"https:\\\/\\\/latamobility.com\\\/pt-br\\\/21-de-julho-a-10a-cupula-latino-americana-de-mobilidade-sustentavel-reunira-os-mais-altos-representantes-do-setor-na-america-do-sul\\\/#primaryimage\"},\"thumbnailUrl\":\"https:\\\/\\\/latamobility.com\\\/wp-content\\\/uploads\\\/2021\\\/07\\\/Banner.png\",\"datePublished\":\"2021-08-07T01:34:47+00:00\",\"dateModified\":\"2021-08-20T12:51:26+00:00\",\"description\":\"Latam Mobility continua com sua agenda para promover a mobilidade sustent\u00e1vel na Am\u00e9rica Latina com a d\u00e9cima c\u00fapula em n\u00edvel regional e a terceira em 2021\",\"breadcrumb\":{\"@id\":\"https:\\\/\\\/latamobility.com\\\/pt-br\\\/21-de-julho-a-10a-cupula-latino-americana-de-mobilidade-sustentavel-reunira-os-mais-altos-representantes-do-setor-na-america-do-sul\\\/#breadcrumb\"},\"inLanguage\":\"pt-BR\",\"potentialAction\":[{\"@type\":\"ReadAction\",\"target\":[\"https:\\\/\\\/latamobility.com\\\/pt-br\\\/21-de-julho-a-10a-cupula-latino-americana-de-mobilidade-sustentavel-reunira-os-mais-altos-representantes-do-setor-na-america-do-sul\\\/\"]}]},{\"@type\":\"ImageObject\",\"inLanguage\":\"pt-BR\",\"@id\":\"https:\\\/\\\/latamobility.com\\\/pt-br\\\/21-de-julho-a-10a-cupula-latino-americana-de-mobilidade-sustentavel-reunira-os-mais-altos-representantes-do-setor-na-america-do-sul\\\/#primaryimage\",\"url\":\"https:\\\/\\\/latamobility.com\\\/wp-content\\\/uploads\\\/2021\\\/07\\\/Banner.png\",\"contentUrl\":\"https:\\\/\\\/latamobility.com\\\/wp-content\\\/uploads\\\/2021\\\/07\\\/Banner.png\",\"width\":2668,\"height\":1503},{\"@type\":\"BreadcrumbList\",\"@id\":\"https:\\\/\\\/latamobility.com\\\/pt-br\\\/21-de-julho-a-10a-cupula-latino-americana-de-mobilidade-sustentavel-reunira-os-mais-altos-representantes-do-setor-na-america-do-sul\\\/#breadcrumb\",\"itemListElement\":[{\"@type\":\"ListItem\",\"position\":1,\"name\":\"Portada\",\"item\":\"https:\\\/\\\/latamobility.com\\\/pt-br\\\/\"},{\"@type\":\"ListItem\",\"position\":2,\"name\":\"A 10\u00aa C\u00fapula Latino-Americana de Mobilidade Sustent\u00e1vel reunir\u00e1 os mais altos representantes do setor na Am\u00e9rica do Sul\"}]},{\"@type\":\"WebSite\",\"@id\":\"https:\\\/\\\/latamobility.com\\\/#website\",\"url\":\"https:\\\/\\\/latamobility.com\\\/\",\"name\":\"Latam Mobility\",\"description\":\"Serie de Eventos para promover la Movilidad y Transporte sostenible en Latinoam\u00e9rica\",\"publisher\":{\"@id\":\"https:\\\/\\\/latamobility.com\\\/#organization\"},\"potentialAction\":[{\"@type\":\"SearchAction\",\"target\":{\"@type\":\"EntryPoint\",\"urlTemplate\":\"https:\\\/\\\/latamobility.com\\\/?s={search_term_string}\"},\"query-input\":{\"@type\":\"PropertyValueSpecification\",\"valueRequired\":true,\"valueName\":\"search_term_string\"}}],\"inLanguage\":\"pt-BR\"},{\"@type\":\"Organization\",\"@id\":\"https:\\\/\\\/latamobility.com\\\/#organization\",\"name\":\"LATAM MOBILITY\",\"url\":\"https:\\\/\\\/latamobility.com\\\/\",\"logo\":{\"@type\":\"ImageObject\",\"inLanguage\":\"pt-BR\",\"@id\":\"https:\\\/\\\/latamobility.com\\\/#\\\/schema\\\/logo\\\/image\\\/\",\"url\":\"https:\\\/\\\/latamobility.com\\\/wp-content\\\/uploads\\\/2025\\\/01\\\/logos-LM-LG-2025-10.png\",\"contentUrl\":\"https:\\\/\\\/latamobility.com\\\/wp-content\\\/uploads\\\/2025\\\/01\\\/logos-LM-LG-2025-10.png\",\"width\":1080,\"height\":1080,\"caption\":\"LATAM MOBILITY\"},\"image\":{\"@id\":\"https:\\\/\\\/latamobility.com\\\/#\\\/schema\\\/logo\\\/image\\\/\"},\"sameAs\":[\"https:\\\/\\\/www.facebook.com\\\/latamobility\\\/\",\"https:\\\/\\\/x.com\\\/LataMobility\",\"https:\\\/\\\/www.instagram.com\\\/latamobility\\\/\",\"https:\\\/\\\/www.linkedin.com\\\/company\\\/latamobility\\\/\",\"https:\\\/\\\/www.youtube.com\\\/channel\\\/UCtcslRCRY0vITWaOQ1X0XUA\"]},{\"@type\":\"Person\",\"@id\":\"https:\\\/\\\/latamobility.com\\\/#\\\/schema\\\/person\\\/fda092a2de1f87d347784282908bad1a\",\"name\":\"Antonio Vilela\",\"image\":{\"@type\":\"ImageObject\",\"inLanguage\":\"pt-BR\",\"@id\":\"https:\\\/\\\/secure.gravatar.com\\\/avatar\\\/7eee8196fd2fda180806d7b41cd517f274d5ad3b9f65d873feb3ca7e2b3a72d2?s=96&d=mm&r=g\",\"url\":\"https:\\\/\\\/secure.gravatar.com\\\/avatar\\\/7eee8196fd2fda180806d7b41cd517f274d5ad3b9f65d873feb3ca7e2b3a72d2?s=96&d=mm&r=g\",\"contentUrl\":\"https:\\\/\\\/secure.gravatar.com\\\/avatar\\\/7eee8196fd2fda180806d7b41cd517f274d5ad3b9f65d873feb3ca7e2b3a72d2?s=96&d=mm&r=g\",\"caption\":\"Antonio Vilela\"}}]}<\/script>\n<!-- \/ Yoast SEO Premium plugin. -->","yoast_head_json":{"title":"A 10\u00aa C\u00fapula Latino-Americana de Mobilidade Sustent\u00e1vel reunir\u00e1 os mais altos representantes do setor na Am\u00e9rica do Sul - Latam Mobility","description":"Latam Mobility continua com sua agenda para promover a mobilidade sustent\u00e1vel na Am\u00e9rica Latina com a d\u00e9cima c\u00fapula em n\u00edvel regional e a terceira em 2021","robots":{"index":"index","follow":"follow","max-snippet":"max-snippet:-1","max-image-preview":"max-image-preview:large","max-video-preview":"max-video-preview:-1"},"canonical":"https:\/\/latamobility.com\/pt-br\/21-de-julho-a-10a-cupula-latino-americana-de-mobilidade-sustentavel-reunira-os-mais-altos-representantes-do-setor-na-america-do-sul\/","og_locale":"pt_BR","og_type":"article","og_title":"A 10\u00aa C\u00fapula Latino-Americana de Mobilidade Sustent\u00e1vel reunir\u00e1 os mais altos representantes do setor na Am\u00e9rica do Sul","og_description":"A comunidade regional de mobilidade sustent\u00e1vel da Am\u00e9rica Latina, Latam Mobility, organiza sua terceira c\u00fapula virtual do ano com a participa\u00e7\u00e3o das maiores refer\u00eancias do setor p\u00fablico e privado da regi\u00e3o, estendendo seus horizontes em tr\u00eas dias, cada um planejado em uma L\u00edngua diferente.","og_url":"https:\/\/latamobility.com\/pt-br\/21-de-julho-a-10a-cupula-latino-americana-de-mobilidade-sustentavel-reunira-os-mais-altos-representantes-do-setor-na-america-do-sul\/","og_site_name":"Latam Mobility","article_publisher":"https:\/\/www.facebook.com\/latamobility\/","article_published_time":"2021-08-07T01:34:47+00:00","article_modified_time":"2021-08-20T12:51:26+00:00","og_image":[{"width":2668,"height":1503,"url":"https:\/\/latamobility.com\/wp-content\/uploads\/2021\/07\/Banner.png","type":"image\/png"}],"author":"Antonio Vilela","twitter_card":"summary_large_image","twitter_title":"A 10\u00aa C\u00fapula Latino-Americana de Mobilidade Sustent\u00e1vel reunir\u00e1 os mais altos representantes do setor na Am\u00e9rica do Sul","twitter_description":"A comunidade regional de mobilidade sustent\u00e1vel da Am\u00e9rica Latina, Latam Mobility, organiza sua terceira c\u00fapula virtual do ano com a participa\u00e7\u00e3o das maiores refer\u00eancias do setor p\u00fablico e privado da regi\u00e3o, estendendo seus horizontes em tr\u00eas dias, cada um planejado em uma L\u00edngua diferente.","twitter_image":"https:\/\/latamobility.com\/wp-content\/uploads\/2021\/07\/Banner.png","twitter_creator":"@LataMobility","twitter_site":"@LataMobility","twitter_misc":{"Escrito por":"Antonio Vilela","Est. tempo de leitura":"3 minutos"},"schema":{"@context":"https:\/\/schema.org","@graph":[{"@type":"Article","@id":"https:\/\/latamobility.com\/pt-br\/21-de-julho-a-10a-cupula-latino-americana-de-mobilidade-sustentavel-reunira-os-mais-altos-representantes-do-setor-na-america-do-sul\/#article","isPartOf":{"@id":"https:\/\/latamobility.com\/pt-br\/21-de-julho-a-10a-cupula-latino-americana-de-mobilidade-sustentavel-reunira-os-mais-altos-representantes-do-setor-na-america-do-sul\/"},"author":{"name":"Antonio Vilela","@id":"https:\/\/latamobility.com\/#\/schema\/person\/fda092a2de1f87d347784282908bad1a"},"headline":"A 10\u00aa C\u00fapula Latino-Americana de Mobilidade Sustent\u00e1vel reunir\u00e1 os mais altos representantes do setor na Am\u00e9rica do Sul","datePublished":"2021-08-07T01:34:47+00:00","dateModified":"2021-08-20T12:51:26+00:00","mainEntityOfPage":{"@id":"https:\/\/latamobility.com\/pt-br\/21-de-julho-a-10a-cupula-latino-americana-de-mobilidade-sustentavel-reunira-os-mais-altos-representantes-do-setor-na-america-do-sul\/"},"wordCount":711,"commentCount":0,"publisher":{"@id":"https:\/\/latamobility.com\/#organization"},"image":{"@id":"https:\/\/latamobility.com\/pt-br\/21-de-julho-a-10a-cupula-latino-americana-de-mobilidade-sustentavel-reunira-os-mais-altos-representantes-do-setor-na-america-do-sul\/#primaryimage"},"thumbnailUrl":"https:\/\/latamobility.com\/wp-content\/uploads\/2021\/07\/Banner.png","keywords":["Invest in Latam","Latam Mobility","Mobilidade sustent\u00e1vel"],"articleSection":["N\u00e3o categorizado"],"inLanguage":"pt-BR","potentialAction":[{"@type":"CommentAction","name":"Comment","target":["https:\/\/latamobility.com\/pt-br\/21-de-julho-a-10a-cupula-latino-americana-de-mobilidade-sustentavel-reunira-os-mais-altos-representantes-do-setor-na-america-do-sul\/#respond"]}]},{"@type":"WebPage","@id":"https:\/\/latamobility.com\/pt-br\/21-de-julho-a-10a-cupula-latino-americana-de-mobilidade-sustentavel-reunira-os-mais-altos-representantes-do-setor-na-america-do-sul\/","url":"https:\/\/latamobility.com\/pt-br\/21-de-julho-a-10a-cupula-latino-americana-de-mobilidade-sustentavel-reunira-os-mais-altos-representantes-do-setor-na-america-do-sul\/","name":"A 10\u00aa C\u00fapula Latino-Americana de Mobilidade Sustent\u00e1vel reunir\u00e1 os mais altos representantes do setor na Am\u00e9rica do Sul - Latam Mobility","isPartOf":{"@id":"https:\/\/latamobility.com\/#website"},"primaryImageOfPage":{"@id":"https:\/\/latamobility.com\/pt-br\/21-de-julho-a-10a-cupula-latino-americana-de-mobilidade-sustentavel-reunira-os-mais-altos-representantes-do-setor-na-america-do-sul\/#primaryimage"},"image":{"@id":"https:\/\/latamobility.com\/pt-br\/21-de-julho-a-10a-cupula-latino-americana-de-mobilidade-sustentavel-reunira-os-mais-altos-representantes-do-setor-na-america-do-sul\/#primaryimage"},"thumbnailUrl":"https:\/\/latamobility.com\/wp-content\/uploads\/2021\/07\/Banner.png","datePublished":"2021-08-07T01:34:47+00:00","dateModified":"2021-08-20T12:51:26+00:00","description":"Latam Mobility continua com sua agenda para promover a mobilidade sustent\u00e1vel na Am\u00e9rica Latina com a d\u00e9cima c\u00fapula em n\u00edvel regional e a terceira em 2021","breadcrumb":{"@id":"https:\/\/latamobility.com\/pt-br\/21-de-julho-a-10a-cupula-latino-americana-de-mobilidade-sustentavel-reunira-os-mais-altos-representantes-do-setor-na-america-do-sul\/#breadcrumb"},"inLanguage":"pt-BR","potentialAction":[{"@type":"ReadAction","target":["https:\/\/latamobility.com\/pt-br\/21-de-julho-a-10a-cupula-latino-americana-de-mobilidade-sustentavel-reunira-os-mais-altos-representantes-do-setor-na-america-do-sul\/"]}]},{"@type":"ImageObject","inLanguage":"pt-BR","@id":"https:\/\/latamobility.com\/pt-br\/21-de-julho-a-10a-cupula-latino-americana-de-mobilidade-sustentavel-reunira-os-mais-altos-representantes-do-setor-na-america-do-sul\/#primaryimage","url":"https:\/\/latamobility.com\/wp-content\/uploads\/2021\/07\/Banner.png","contentUrl":"https:\/\/latamobility.com\/wp-content\/uploads\/2021\/07\/Banner.png","width":2668,"height":1503},{"@type":"BreadcrumbList","@id":"https:\/\/latamobility.com\/pt-br\/21-de-julho-a-10a-cupula-latino-americana-de-mobilidade-sustentavel-reunira-os-mais-altos-representantes-do-setor-na-america-do-sul\/#breadcrumb","itemListElement":[{"@type":"ListItem","position":1,"name":"Portada","item":"https:\/\/latamobility.com\/pt-br\/"},{"@type":"ListItem","position":2,"name":"A 10\u00aa C\u00fapula Latino-Americana de Mobilidade Sustent\u00e1vel reunir\u00e1 os mais altos representantes do setor na Am\u00e9rica do Sul"}]},{"@type":"WebSite","@id":"https:\/\/latamobility.com\/#website","url":"https:\/\/latamobility.com\/","name":"Latam Mobility","description":"Serie de Eventos para promover la Movilidad y Transporte sostenible en Latinoam\u00e9rica","publisher":{"@id":"https:\/\/latamobility.com\/#organization"},"potentialAction":[{"@type":"SearchAction","target":{"@type":"EntryPoint","urlTemplate":"https:\/\/latamobility.com\/?s={search_term_string}"},"query-input":{"@type":"PropertyValueSpecification","valueRequired":true,"valueName":"search_term_string"}}],"inLanguage":"pt-BR"},{"@type":"Organization","@id":"https:\/\/latamobility.com\/#organization","name":"LATAM MOBILITY","url":"https:\/\/latamobility.com\/","logo":{"@type":"ImageObject","inLanguage":"pt-BR","@id":"https:\/\/latamobility.com\/#\/schema\/logo\/image\/","url":"https:\/\/latamobility.com\/wp-content\/uploads\/2025\/01\/logos-LM-LG-2025-10.png","contentUrl":"https:\/\/latamobility.com\/wp-content\/uploads\/2025\/01\/logos-LM-LG-2025-10.png","width":1080,"height":1080,"caption":"LATAM MOBILITY"},"image":{"@id":"https:\/\/latamobility.com\/#\/schema\/logo\/image\/"},"sameAs":["https:\/\/www.facebook.com\/latamobility\/","https:\/\/x.com\/LataMobility","https:\/\/www.instagram.com\/latamobility\/","https:\/\/www.linkedin.com\/company\/latamobility\/","https:\/\/www.youtube.com\/channel\/UCtcslRCRY0vITWaOQ1X0XUA"]},{"@type":"Person","@id":"https:\/\/latamobility.com\/#\/schema\/person\/fda092a2de1f87d347784282908bad1a","name":"Antonio Vilela","image":{"@type":"ImageObject","inLanguage":"pt-BR","@id":"https:\/\/secure.gravatar.com\/avatar\/7eee8196fd2fda180806d7b41cd517f274d5ad3b9f65d873feb3ca7e2b3a72d2?s=96&d=mm&r=g","url":"https:\/\/secure.gravatar.com\/avatar\/7eee8196fd2fda180806d7b41cd517f274d5ad3b9f65d873feb3ca7e2b3a72d2?s=96&d=mm&r=g","contentUrl":"https:\/\/secure.gravatar.com\/avatar\/7eee8196fd2fda180806d7b41cd517f274d5ad3b9f65d873feb3ca7e2b3a72d2?s=96&d=mm&r=g","caption":"Antonio Vilela"}}]}},"_links":{"self":[{"href":"https:\/\/latamobility.com\/pt-br\/wp-json\/wp\/v2\/posts\/5522","targetHints":{"allow":["GET"]}}],"collection":[{"href":"https:\/\/latamobility.com\/pt-br\/wp-json\/wp\/v2\/posts"}],"about":[{"href":"https:\/\/latamobility.com\/pt-br\/wp-json\/wp\/v2\/types\/post"}],"author":[{"embeddable":true,"href":"https:\/\/latamobility.com\/pt-br\/wp-json\/wp\/v2\/users\/10"}],"replies":[{"embeddable":true,"href":"https:\/\/latamobility.com\/pt-br\/wp-json\/wp\/v2\/comments?post=5522"}],"version-history":[{"count":0,"href":"https:\/\/latamobility.com\/pt-br\/wp-json\/wp\/v2\/posts\/5522\/revisions"}],"wp:featuredmedia":[{"embeddable":true,"href":"https:\/\/latamobility.com\/pt-br\/wp-json\/wp\/v2\/media\/5680"}],"wp:attachment":[{"href":"https:\/\/latamobility.com\/pt-br\/wp-json\/wp\/v2\/media?parent=5522"}],"wp:term":[{"taxonomy":"category","embeddable":true,"href":"https:\/\/latamobility.com\/pt-br\/wp-json\/wp\/v2\/categories?post=5522"},{"taxonomy":"post_tag","embeddable":true,"href":"https:\/\/latamobility.com\/pt-br\/wp-json\/wp\/v2\/tags?post=5522"}],"curies":[{"name":"wp","href":"https:\/\/api.w.org\/{rel}","templated":true}]}}