{"id":5534,"date":"2021-08-07T08:56:00","date_gmt":"2021-08-07T13:56:00","guid":{"rendered":"https:\/\/latam.imagina.cloud\/?p=5534"},"modified":"2021-08-09T11:17:50","modified_gmt":"2021-08-09T16:17:50","slug":"directora-de-abve-importacion-de-vehiculos-ligeros-crecio-1-120-entre-2017-y-2019","status":"publish","type":"post","link":"https:\/\/latamobility.com\/pt-br\/directora-de-abve-importacion-de-vehiculos-ligeros-crecio-1-120-entre-2017-y-2019\/","title":{"rendered":"Diretora da ABVE: \u201cImporta\u00e7\u00e3o de ve\u00edculos leves cresceu 1.709% entre 2016 e 2020&#8243;"},"content":{"rendered":"\n<p>S\u00edlvia Barcik, diretora de mobilidade da Associa\u00e7\u00e3o Brasileira de Ve\u00edculos El\u00e9tricos (ABVE), conversou com a equipe Latam Mobility e Latam Green sobre os objetivos e avan\u00e7os do Brasil para se projetar como um dos pa\u00edses l\u00edderes no desenvolvimento da mobilidade el\u00e9trica.<\/p>\n\n\n\n<p><\/p>\n\n\n\n<p>A representante revelou ainda os n\u00fameros que a ABVE trata sobre a importa\u00e7\u00e3o de ve\u00edculos que comp\u00f5em a micromobilidade e como a crise provocada pela Covid-19 afetou os planos de expans\u00e3o da mobilidade sustent\u00e1vel no Brasil.<\/p>\n\n\n\n<p><\/p>\n\n\n\n<p>A seguir, voc\u00ea poder\u00e1 conhecer a atualidade e o futuro do setor no Brasil, pela m\u00e3o de uma das mulheres mais influentes em mobilidade do Brasil e do mundo em 2019, segundo a VULOG.<\/p>\n\n\n\n<p><\/p>\n\n\n\n<p>Silvia far\u00e1 parte do Latam Mobility South America Summit nos dias 6 e 7 de outubro. Inscreva-se gratuitamente aqui: <a rel=\"noreferrer noopener\" href=\"https:\/\/www.latamobilitysummit.com\/\" data-type=\"URL\" data-id=\"https:\/\/www.latamobilitysummit.com\/\" target=\"_blank\"><span class=\"has-inline-color has-vivid-cyan-blue-color\">www.latamobilitysummit.com.<\/span><\/a><\/p>\n\n\n\n<h2 class=\"wp-block-heading\">1.- Quais as diretrizes da ABVE para promover a mobilidade el\u00e9trica no Brasil?<\/h2>\n\n\n\n<p><\/p>\n\n\n\n<p><strong>R-<\/strong> O principal desafio da ABVE \u00e9 colocar a eletromobilidade no centro das prioridades das pol\u00edticas de transporte entre os gestores p\u00fablicos brasileiros, entre os l\u00edderes pol\u00edticos e entre os pr\u00f3prios empres\u00e1rios do setor. No Congresso Nacional e no governo federal, persiste a ilus\u00e3o que o pa\u00eds, por ser l\u00edder na produ\u00e7\u00e3o de ve\u00edculos a etanol, j\u00e1 faz a sua parte no esfor\u00e7o global de reduzir as emiss\u00f5es de poluentes. \u00c9 um engano. O ve\u00edculo flex n\u00e3o \u00e9 uma alternativa ao ve\u00edculo el\u00e9trico. Ao contr\u00e1rio, entendemos que a tecnologia flex tem de caminhar em conjunto com a eletromobilidade, sob pena de o Brasil ficar para tr\u00e1s na corrida tecnol\u00f3gica mundial. Uma atitude imobilista nesse tema reduz a competitividade da economia brasileira, condena as ind\u00fastrias do pa\u00eds \u00e0 obsolesc\u00eancia tecnol\u00f3gica e impede as novas gera\u00e7\u00f5es de terem acesso a empregos de qualidade. <\/p>\n\n\n\n<p><\/p>\n\n\n\n<p>O Brasil n\u00e3o tem um plano nacional de eletromobilidade. Essa \u00e9 nossa maior prioridade: defender um alinhamento de vontades entre todos os n\u00edveis decis\u00f3rios de governo e organizar um plano coerente e de longo prazo na tomada de decis\u00f5es dos agentes p\u00fablicos, dos empres\u00e1rios, dois t\u00e9cnicos e dos cientistas. Mas o que temos hoje, infelizmente, s\u00e3o apenas iniciativas isoladas de estados e munic\u00edpios em defesa do transporte limpo, que ainda n\u00e3o d\u00e3o seguran\u00e7a nem aos investidores e nem aos usu\u00e1rios e consumidores.<\/p>\n\n\n\n<h2 class=\"wp-block-heading\">2- Como est\u00e1 projetado o mercado de ve\u00edculos el\u00e9tricos no Brasil desde o in\u00edcio de 2021?<\/h2>\n\n\n\n<p><\/p>\n\n\n\n<p><strong>R-<\/strong> O mercado de autom\u00f3veis e comerciais leves eletrificados no Brasil (que incluem os BEVS, PHEVs e HEVs) tem tido um crescimento expressivo nos \u00faltimos anos. Em 2016, o pa\u00eds registrou 1.091 ve\u00edculos eletrificados. Em 2017, foram 3.296. Em 2019, 11.858. Em 2020, apesar da Covid-19, esse n\u00famero subiu para 19.745. No primeiro semestre de 2021, j\u00e1 atingiu 13.899. A ABVE prev\u00ea passar de 30 mil at\u00e9 o final do ano, o que significar\u00e1 um crescimento entre 50% e 60% sobre 2020. <\/p>\n\n\n\n<p><\/p>\n\n\n\n<p>A frota eletrificada total dever\u00e1 terminar o ano com mais de 70 mil ve\u00edculos em circula\u00e7\u00e3o. Ainda assim, s\u00e3o n\u00fameros pouco expressivos em rela\u00e7\u00e3o ao total da frota nacional. Em maio \u00faltimo, os eletrificados corresponderam a um market share de 1,6% das vendas totais para o mercado interno (a m\u00e9dia mundial \u00e9 de 4,6%), e puxados principalmente pelos h\u00edbridos n\u00e3o plug-in (HEVs). Os ve\u00edculos totalmente el\u00e9tricos (BEV) respondem por pouco mais de 5% do mercado de eletrificados e por apenas 0,04% das vendas totais. Portanto, temos muito trabalho pela frente para acelerar a eletromobilidade no Brasil.<\/p>\n\n\n\n<figure class=\"wp-block-image size-large\"><img fetchpriority=\"high\" decoding=\"async\" width=\"702\" height=\"1024\" src=\"https:\/\/latamobility.com\/wp-content\/uploads\/2021\/08\/silvia-barkin-702x1024-1.jpg\" alt=\"\" class=\"wp-image-5537\" srcset=\"https:\/\/latamobility.com\/wp-content\/uploads\/2021\/08\/silvia-barkin-702x1024-1.jpg 702w, https:\/\/latamobility.com\/wp-content\/uploads\/2021\/08\/silvia-barkin-702x1024-1-206x300.jpg 206w, https:\/\/latamobility.com\/wp-content\/uploads\/2021\/08\/silvia-barkin-702x1024-1-700x1021.jpg 700w, https:\/\/latamobility.com\/wp-content\/uploads\/2021\/08\/silvia-barkin-702x1024-1-600x875.jpg 600w\" sizes=\"(max-width: 702px) 100vw, 702px\" \/><figcaption>S\u00edlvia Barcik, diretora de mobilidade da Associa\u00e7\u00e3o Brasileira de Ve\u00edculos El\u00e9tricos (ABVE)<br><\/figcaption><\/figure>\n\n\n\n<h2 class=\"wp-block-heading\">3 &#8211; Como est\u00e3o os avan\u00e7os no campo da micromobilidade el\u00e9trica no Brasil?<\/h2>\n\n\n\n<p><br><strong>R-<\/strong> O ve\u00edculos el\u00e9tricos lev\u00edssimos (micromobilidade) tiveram um crescimento excepcional nos \u00faltimos quatro anos. Uma pesquisa in\u00e9dita da ABVE indicou que as importa\u00e7\u00f5es desses produtos saltaram de 10.372 unidades em 2017 para 126.619 em 2019, um crescimento de 1.120% no per\u00edodo. Em 2020, a pandemia afetou o mercado brasileiro, que depende inteiramente de produtos importados, mas ainda assim as vendas ficaram em torno de 96 mil. Cidades como S\u00e3o Paulo, Rio de Janeiro e outras se acostumaram com o fato de que ve\u00edculos el\u00e9tricos como patinetes, e-bikes, citycocos e at\u00e9 monociclos n\u00e3o s\u00e3o mais brinquedos. Eles j\u00e1 fazem parte da matriz de transporte individual dos grandes centros urbanos.&nbsp;<\/p>\n\n\n\n<h2 class=\"wp-block-heading\">4 &#8211; A crise de sa\u00fade da Covid-19 afetou o avan\u00e7o da eletrifica\u00e7\u00e3o de ve\u00edculos no Brasil? Por qu\u00ea?<\/h2>\n\n\n\n<p>\u00a0<\/p>\n\n\n\n<p>R- De modo geral, a Covid-19 favoreceu a eletromobilidade no Brasil, pois mostrou a import\u00e2ncia do transporte de baixa emiss\u00e3o para a qualidade de vida nas cidades e para reduzir os riscos de contamina\u00e7\u00e3o. Como vimos, o mercado de ve\u00edculos eletrificados leves (autos + comerciais leves) cresceu 66% em 2020 sobre 2019, enquanto o mercado total teve queda de 26% no mesmo per\u00edodo. O mercado de lev\u00edssimos s\u00f3 n\u00e3o cresceu mais do que em 2019 por fatores externos \u00e0 Covid \u2013 menos produtos dispon\u00edveis no mercado externo e problemas administrativos com algumas empresas de compartilhamento no mercado interno, anteriores \u00e0 pandemia. <\/p>\n\n\n\n<p><\/p>\n\n\n\n<p>Os mercados de eletropostos e de gera\u00e7\u00e3o distribu\u00edda tamb\u00e9m cresceram. V\u00e1rios projetos de corredores el\u00e9tricos em estradas brasileiras sa\u00edram do papel ou se consolidaram, e hoje temos mais de 700 pontos de recarga p\u00fablicos e semip\u00fablicos no pa\u00eds, um n\u00famero razo\u00e1vel para o tamanho total da frota de el\u00e9tricos plug-in. A eletrifica\u00e7\u00e3o do transporte urbano de carga tamb\u00e9m n\u00e3o parou. Nas \u00faltimas semanas, tivemos o lan\u00e7amento do primeiro caminh\u00e3o el\u00e9trico de transporte de valores do mundo \u2013 um projeto conjunto da Protege, Eletra e WEG, todas empresas brasileiras \u2013 e o in\u00edcio de produ\u00e7\u00e3o do e-Delivery, o primeiro caminh\u00e3o el\u00e9trico mundial da Volkwagen \u2013 ali\u00e1s, outro projeto totalmente concebido no Brasil, com tecnologia nacional.<\/p>\n\n\n\n<p><\/p>\n\n\n\n<p>A pandemia afetou, sim, a eletrifica\u00e7\u00e3o do transporte p\u00fablico, devido \u00e0 forte retra\u00e7\u00e3o do n\u00famero de passageiros nos \u00f4nibus. Isso descapitalizou as empresas de transporte e adiou todos os planos de convers\u00e3o dos ve\u00edculos a diesel para ve\u00edculos de baixa emiss\u00e3o. Foi o que aconteceu em S\u00e3o Paulo, que tem a maior frota de \u00f4nibus urbanos do Ocidente. Em mar\u00e7o do ano passado, o ent\u00e3o prefeito Bruno Covas teve de suspender os efeitos de uma lei de 2018 que fixava um cronograma obrigat\u00f3rio de convers\u00e3o dos 14 mil \u00f4nibus da frota para ve\u00edculos n\u00e3o poluentes.<\/p>\n","protected":false},"excerpt":{"rendered":"<p>S\u00edlvia Barcik, diretora de mobilidade da Associa\u00e7\u00e3o Brasileira de Ve\u00edculos El\u00e9tricos (ABVE), conversou com a equipe Latam Mobility e Latam Green sobre os objetivos e avan\u00e7os do Brasil para se projetar como um dos pa\u00edses l\u00edderes no desenvolvimento da mobilidade el\u00e9trica. A representante revelou ainda os n\u00fameros que a ABVE trata sobre a importa\u00e7\u00e3o de&#8230;<\/p>\n","protected":false},"author":10,"featured_media":5546,"comment_status":"open","ping_status":"closed","sticky":false,"template":"","format":"standard","meta":{"_kad_post_transparent":"","_kad_post_title":"","_kad_post_layout":"","_kad_post_sidebar_id":"","_kad_post_content_style":"","_kad_post_vertical_padding":"","_kad_post_feature":"","_kad_post_feature_position":"","_kad_post_header":false,"_kad_post_footer":false,"_kad_post_classname":"","footnotes":""},"categories":[1468],"tags":[1479,1478],"class_list":["post-5534","post","type-post","status-publish","format-standard","has-post-thumbnail","hentry","category-nao-categorizado","tag-abve","tag-associacao-brasileira-de-veiculos-eletricos"],"yoast_head":"<!-- This site is optimized with the Yoast SEO Premium plugin v22.7 (Yoast SEO v27.4) - https:\/\/yoast.com\/product\/yoast-seo-premium-wordpress\/ -->\n<title>Diretora da ABVE: \u201cImporta\u00e7\u00e3o de ve\u00edculos leves cresceu 1.709% entre 2016 e 2020&quot; - Latam Mobility<\/title>\n<meta name=\"description\" content=\"S\u00edlvia Barcik, diretora de mobilidade da Associa\u00e7\u00e3o Brasileira de Ve\u00edculos El\u00e9tricos (ABVE), conversou com a equipe Latam Mobility e Latam Green sobre os\" \/>\n<meta name=\"robots\" content=\"index, follow, max-snippet:-1, max-image-preview:large, max-video-preview:-1\" \/>\n<link rel=\"canonical\" href=\"https:\/\/latamobility.com\/pt-br\/directora-de-abve-importacion-de-vehiculos-ligeros-crecio-1-120-entre-2017-y-2019\/\" \/>\n<meta property=\"og:locale\" content=\"pt_BR\" \/>\n<meta property=\"og:type\" content=\"article\" \/>\n<meta property=\"og:title\" content=\"Diretora da ABVE: \u201cImporta\u00e7\u00e3o de ve\u00edculos leves cresceu 1.709% entre 2016 e 2020&quot;\" \/>\n<meta property=\"og:description\" content=\"S\u00edlvia Barcik, diretora de mobilidade da Associa\u00e7\u00e3o Brasileira de Ve\u00edculos El\u00e9tricos (ABVE), conversou com a equipe Latam Mobility e Latam Green sobre os objetivos e avan\u00e7os do Brasil para se projetar como um dos pa\u00edses l\u00edderes no desenvolvimento da mobilidade el\u00e9trica.\" \/>\n<meta property=\"og:url\" content=\"https:\/\/latamobility.com\/pt-br\/directora-de-abve-importacion-de-vehiculos-ligeros-crecio-1-120-entre-2017-y-2019\/\" \/>\n<meta property=\"og:site_name\" content=\"Latam Mobility\" \/>\n<meta property=\"article:publisher\" content=\"https:\/\/www.facebook.com\/latamobility\/\" \/>\n<meta property=\"article:published_time\" content=\"2021-08-07T13:56:00+00:00\" \/>\n<meta property=\"article:modified_time\" content=\"2021-08-09T16:17:50+00:00\" \/>\n<meta property=\"og:image\" content=\"https:\/\/latamobility.com\/wp-content\/uploads\/2021\/08\/Silvia-1.jpeg\" \/>\n\t<meta property=\"og:image:width\" content=\"1200\" \/>\n\t<meta property=\"og:image:height\" content=\"801\" \/>\n\t<meta property=\"og:image:type\" content=\"image\/jpeg\" \/>\n<meta name=\"author\" content=\"Antonio Vilela\" \/>\n<meta name=\"twitter:card\" content=\"summary_large_image\" \/>\n<meta name=\"twitter:title\" content=\"Diretora da ABVE: \u201cImporta\u00e7\u00e3o de ve\u00edculos leves cresceu 1.709% entre 2016 e 2020&quot;\" \/>\n<meta name=\"twitter:description\" content=\"S\u00edlvia Barcik, diretora de mobilidade da Associa\u00e7\u00e3o Brasileira de Ve\u00edculos El\u00e9tricos (ABVE), conversou com a equipe Latam Mobility e Latam Green sobre os objetivos e avan\u00e7os do Brasil para se projetar como um dos pa\u00edses l\u00edderes no desenvolvimento da mobilidade el\u00e9trica.\" \/>\n<meta name=\"twitter:image\" content=\"https:\/\/latamobility.com\/wp-content\/uploads\/2021\/08\/Silvia-1.jpeg\" \/>\n<meta name=\"twitter:creator\" content=\"@LataMobility\" \/>\n<meta name=\"twitter:site\" content=\"@LataMobility\" \/>\n<meta name=\"twitter:label1\" content=\"Escrito por\" \/>\n\t<meta name=\"twitter:data1\" content=\"Antonio Vilela\" \/>\n\t<meta name=\"twitter:label2\" content=\"Est. tempo de leitura\" \/>\n\t<meta name=\"twitter:data2\" content=\"6 minutos\" \/>\n<script type=\"application\/ld+json\" class=\"yoast-schema-graph\">{\"@context\":\"https:\\\/\\\/schema.org\",\"@graph\":[{\"@type\":\"Article\",\"@id\":\"https:\\\/\\\/latamobility.com\\\/pt-br\\\/directora-de-abve-importacion-de-vehiculos-ligeros-crecio-1-120-entre-2017-y-2019\\\/#article\",\"isPartOf\":{\"@id\":\"https:\\\/\\\/latamobility.com\\\/pt-br\\\/directora-de-abve-importacion-de-vehiculos-ligeros-crecio-1-120-entre-2017-y-2019\\\/\"},\"author\":{\"name\":\"Antonio Vilela\",\"@id\":\"https:\\\/\\\/latamobility.com\\\/#\\\/schema\\\/person\\\/fda092a2de1f87d347784282908bad1a\"},\"headline\":\"Diretora da ABVE: \u201cImporta\u00e7\u00e3o de ve\u00edculos leves cresceu 1.709% entre 2016 e 2020&#8243;\",\"datePublished\":\"2021-08-07T13:56:00+00:00\",\"dateModified\":\"2021-08-09T16:17:50+00:00\",\"mainEntityOfPage\":{\"@id\":\"https:\\\/\\\/latamobility.com\\\/pt-br\\\/directora-de-abve-importacion-de-vehiculos-ligeros-crecio-1-120-entre-2017-y-2019\\\/\"},\"wordCount\":1123,\"commentCount\":0,\"publisher\":{\"@id\":\"https:\\\/\\\/latamobility.com\\\/#organization\"},\"image\":{\"@id\":\"https:\\\/\\\/latamobility.com\\\/pt-br\\\/directora-de-abve-importacion-de-vehiculos-ligeros-crecio-1-120-entre-2017-y-2019\\\/#primaryimage\"},\"thumbnailUrl\":\"https:\\\/\\\/latamobility.com\\\/wp-content\\\/uploads\\\/2021\\\/08\\\/Silvia.jpeg\",\"keywords\":[\"ABVE\",\"Associa\u00e7\u00e3o Brasileira de Ve\u00edculos El\u00e9tricos\"],\"articleSection\":[\"N\u00e3o categorizado\"],\"inLanguage\":\"pt-BR\",\"potentialAction\":[{\"@type\":\"CommentAction\",\"name\":\"Comment\",\"target\":[\"https:\\\/\\\/latamobility.com\\\/pt-br\\\/directora-de-abve-importacion-de-vehiculos-ligeros-crecio-1-120-entre-2017-y-2019\\\/#respond\"]}]},{\"@type\":\"WebPage\",\"@id\":\"https:\\\/\\\/latamobility.com\\\/pt-br\\\/directora-de-abve-importacion-de-vehiculos-ligeros-crecio-1-120-entre-2017-y-2019\\\/\",\"url\":\"https:\\\/\\\/latamobility.com\\\/pt-br\\\/directora-de-abve-importacion-de-vehiculos-ligeros-crecio-1-120-entre-2017-y-2019\\\/\",\"name\":\"Diretora da ABVE: \u201cImporta\u00e7\u00e3o de ve\u00edculos leves cresceu 1.709% entre 2016 e 2020\\\" - Latam Mobility\",\"isPartOf\":{\"@id\":\"https:\\\/\\\/latamobility.com\\\/#website\"},\"primaryImageOfPage\":{\"@id\":\"https:\\\/\\\/latamobility.com\\\/pt-br\\\/directora-de-abve-importacion-de-vehiculos-ligeros-crecio-1-120-entre-2017-y-2019\\\/#primaryimage\"},\"image\":{\"@id\":\"https:\\\/\\\/latamobility.com\\\/pt-br\\\/directora-de-abve-importacion-de-vehiculos-ligeros-crecio-1-120-entre-2017-y-2019\\\/#primaryimage\"},\"thumbnailUrl\":\"https:\\\/\\\/latamobility.com\\\/wp-content\\\/uploads\\\/2021\\\/08\\\/Silvia.jpeg\",\"datePublished\":\"2021-08-07T13:56:00+00:00\",\"dateModified\":\"2021-08-09T16:17:50+00:00\",\"description\":\"S\u00edlvia Barcik, diretora de mobilidade da Associa\u00e7\u00e3o Brasileira de Ve\u00edculos El\u00e9tricos (ABVE), conversou com a equipe Latam Mobility e Latam Green sobre os\",\"breadcrumb\":{\"@id\":\"https:\\\/\\\/latamobility.com\\\/pt-br\\\/directora-de-abve-importacion-de-vehiculos-ligeros-crecio-1-120-entre-2017-y-2019\\\/#breadcrumb\"},\"inLanguage\":\"pt-BR\",\"potentialAction\":[{\"@type\":\"ReadAction\",\"target\":[\"https:\\\/\\\/latamobility.com\\\/pt-br\\\/directora-de-abve-importacion-de-vehiculos-ligeros-crecio-1-120-entre-2017-y-2019\\\/\"]}]},{\"@type\":\"ImageObject\",\"inLanguage\":\"pt-BR\",\"@id\":\"https:\\\/\\\/latamobility.com\\\/pt-br\\\/directora-de-abve-importacion-de-vehiculos-ligeros-crecio-1-120-entre-2017-y-2019\\\/#primaryimage\",\"url\":\"https:\\\/\\\/latamobility.com\\\/wp-content\\\/uploads\\\/2021\\\/08\\\/Silvia.jpeg\",\"contentUrl\":\"https:\\\/\\\/latamobility.com\\\/wp-content\\\/uploads\\\/2021\\\/08\\\/Silvia.jpeg\",\"width\":1200,\"height\":801},{\"@type\":\"BreadcrumbList\",\"@id\":\"https:\\\/\\\/latamobility.com\\\/pt-br\\\/directora-de-abve-importacion-de-vehiculos-ligeros-crecio-1-120-entre-2017-y-2019\\\/#breadcrumb\",\"itemListElement\":[{\"@type\":\"ListItem\",\"position\":1,\"name\":\"Portada\",\"item\":\"https:\\\/\\\/latamobility.com\\\/pt-br\\\/\"},{\"@type\":\"ListItem\",\"position\":2,\"name\":\"Diretora da ABVE: \u201cImporta\u00e7\u00e3o de ve\u00edculos leves cresceu 1.709% entre 2016 e 2020&#8243;\"}]},{\"@type\":\"WebSite\",\"@id\":\"https:\\\/\\\/latamobility.com\\\/#website\",\"url\":\"https:\\\/\\\/latamobility.com\\\/\",\"name\":\"Latam Mobility\",\"description\":\"Serie de Eventos para promover la Movilidad y Transporte sostenible en Latinoam\u00e9rica\",\"publisher\":{\"@id\":\"https:\\\/\\\/latamobility.com\\\/#organization\"},\"potentialAction\":[{\"@type\":\"SearchAction\",\"target\":{\"@type\":\"EntryPoint\",\"urlTemplate\":\"https:\\\/\\\/latamobility.com\\\/?s={search_term_string}\"},\"query-input\":{\"@type\":\"PropertyValueSpecification\",\"valueRequired\":true,\"valueName\":\"search_term_string\"}}],\"inLanguage\":\"pt-BR\"},{\"@type\":\"Organization\",\"@id\":\"https:\\\/\\\/latamobility.com\\\/#organization\",\"name\":\"LATAM MOBILITY\",\"url\":\"https:\\\/\\\/latamobility.com\\\/\",\"logo\":{\"@type\":\"ImageObject\",\"inLanguage\":\"pt-BR\",\"@id\":\"https:\\\/\\\/latamobility.com\\\/#\\\/schema\\\/logo\\\/image\\\/\",\"url\":\"https:\\\/\\\/latamobility.com\\\/wp-content\\\/uploads\\\/2025\\\/01\\\/logos-LM-LG-2025-10.png\",\"contentUrl\":\"https:\\\/\\\/latamobility.com\\\/wp-content\\\/uploads\\\/2025\\\/01\\\/logos-LM-LG-2025-10.png\",\"width\":1080,\"height\":1080,\"caption\":\"LATAM MOBILITY\"},\"image\":{\"@id\":\"https:\\\/\\\/latamobility.com\\\/#\\\/schema\\\/logo\\\/image\\\/\"},\"sameAs\":[\"https:\\\/\\\/www.facebook.com\\\/latamobility\\\/\",\"https:\\\/\\\/x.com\\\/LataMobility\",\"https:\\\/\\\/www.instagram.com\\\/latamobility\\\/\",\"https:\\\/\\\/www.linkedin.com\\\/company\\\/latamobility\\\/\",\"https:\\\/\\\/www.youtube.com\\\/channel\\\/UCtcslRCRY0vITWaOQ1X0XUA\"]},{\"@type\":\"Person\",\"@id\":\"https:\\\/\\\/latamobility.com\\\/#\\\/schema\\\/person\\\/fda092a2de1f87d347784282908bad1a\",\"name\":\"Antonio Vilela\",\"image\":{\"@type\":\"ImageObject\",\"inLanguage\":\"pt-BR\",\"@id\":\"https:\\\/\\\/secure.gravatar.com\\\/avatar\\\/7eee8196fd2fda180806d7b41cd517f274d5ad3b9f65d873feb3ca7e2b3a72d2?s=96&d=mm&r=g\",\"url\":\"https:\\\/\\\/secure.gravatar.com\\\/avatar\\\/7eee8196fd2fda180806d7b41cd517f274d5ad3b9f65d873feb3ca7e2b3a72d2?s=96&d=mm&r=g\",\"contentUrl\":\"https:\\\/\\\/secure.gravatar.com\\\/avatar\\\/7eee8196fd2fda180806d7b41cd517f274d5ad3b9f65d873feb3ca7e2b3a72d2?s=96&d=mm&r=g\",\"caption\":\"Antonio Vilela\"}}]}<\/script>\n<!-- \/ Yoast SEO Premium plugin. -->","yoast_head_json":{"title":"Diretora da ABVE: \u201cImporta\u00e7\u00e3o de ve\u00edculos leves cresceu 1.709% entre 2016 e 2020\" - Latam Mobility","description":"S\u00edlvia Barcik, diretora de mobilidade da Associa\u00e7\u00e3o Brasileira de Ve\u00edculos El\u00e9tricos (ABVE), conversou com a equipe Latam Mobility e Latam Green sobre os","robots":{"index":"index","follow":"follow","max-snippet":"max-snippet:-1","max-image-preview":"max-image-preview:large","max-video-preview":"max-video-preview:-1"},"canonical":"https:\/\/latamobility.com\/pt-br\/directora-de-abve-importacion-de-vehiculos-ligeros-crecio-1-120-entre-2017-y-2019\/","og_locale":"pt_BR","og_type":"article","og_title":"Diretora da ABVE: \u201cImporta\u00e7\u00e3o de ve\u00edculos leves cresceu 1.709% entre 2016 e 2020\"","og_description":"S\u00edlvia Barcik, diretora de mobilidade da Associa\u00e7\u00e3o Brasileira de Ve\u00edculos El\u00e9tricos (ABVE), conversou com a equipe Latam Mobility e Latam Green sobre os objetivos e avan\u00e7os do Brasil para se projetar como um dos pa\u00edses l\u00edderes no desenvolvimento da mobilidade el\u00e9trica.","og_url":"https:\/\/latamobility.com\/pt-br\/directora-de-abve-importacion-de-vehiculos-ligeros-crecio-1-120-entre-2017-y-2019\/","og_site_name":"Latam Mobility","article_publisher":"https:\/\/www.facebook.com\/latamobility\/","article_published_time":"2021-08-07T13:56:00+00:00","article_modified_time":"2021-08-09T16:17:50+00:00","og_image":[{"width":1200,"height":801,"url":"https:\/\/latamobility.com\/wp-content\/uploads\/2021\/08\/Silvia-1.jpeg","type":"image\/jpeg"}],"author":"Antonio Vilela","twitter_card":"summary_large_image","twitter_title":"Diretora da ABVE: \u201cImporta\u00e7\u00e3o de ve\u00edculos leves cresceu 1.709% entre 2016 e 2020\"","twitter_description":"S\u00edlvia Barcik, diretora de mobilidade da Associa\u00e7\u00e3o Brasileira de Ve\u00edculos El\u00e9tricos (ABVE), conversou com a equipe Latam Mobility e Latam Green sobre os objetivos e avan\u00e7os do Brasil para se projetar como um dos pa\u00edses l\u00edderes no desenvolvimento da mobilidade el\u00e9trica.","twitter_image":"https:\/\/latamobility.com\/wp-content\/uploads\/2021\/08\/Silvia-1.jpeg","twitter_creator":"@LataMobility","twitter_site":"@LataMobility","twitter_misc":{"Escrito por":"Antonio Vilela","Est. tempo de leitura":"6 minutos"},"schema":{"@context":"https:\/\/schema.org","@graph":[{"@type":"Article","@id":"https:\/\/latamobility.com\/pt-br\/directora-de-abve-importacion-de-vehiculos-ligeros-crecio-1-120-entre-2017-y-2019\/#article","isPartOf":{"@id":"https:\/\/latamobility.com\/pt-br\/directora-de-abve-importacion-de-vehiculos-ligeros-crecio-1-120-entre-2017-y-2019\/"},"author":{"name":"Antonio Vilela","@id":"https:\/\/latamobility.com\/#\/schema\/person\/fda092a2de1f87d347784282908bad1a"},"headline":"Diretora da ABVE: \u201cImporta\u00e7\u00e3o de ve\u00edculos leves cresceu 1.709% entre 2016 e 2020&#8243;","datePublished":"2021-08-07T13:56:00+00:00","dateModified":"2021-08-09T16:17:50+00:00","mainEntityOfPage":{"@id":"https:\/\/latamobility.com\/pt-br\/directora-de-abve-importacion-de-vehiculos-ligeros-crecio-1-120-entre-2017-y-2019\/"},"wordCount":1123,"commentCount":0,"publisher":{"@id":"https:\/\/latamobility.com\/#organization"},"image":{"@id":"https:\/\/latamobility.com\/pt-br\/directora-de-abve-importacion-de-vehiculos-ligeros-crecio-1-120-entre-2017-y-2019\/#primaryimage"},"thumbnailUrl":"https:\/\/latamobility.com\/wp-content\/uploads\/2021\/08\/Silvia.jpeg","keywords":["ABVE","Associa\u00e7\u00e3o Brasileira de Ve\u00edculos El\u00e9tricos"],"articleSection":["N\u00e3o categorizado"],"inLanguage":"pt-BR","potentialAction":[{"@type":"CommentAction","name":"Comment","target":["https:\/\/latamobility.com\/pt-br\/directora-de-abve-importacion-de-vehiculos-ligeros-crecio-1-120-entre-2017-y-2019\/#respond"]}]},{"@type":"WebPage","@id":"https:\/\/latamobility.com\/pt-br\/directora-de-abve-importacion-de-vehiculos-ligeros-crecio-1-120-entre-2017-y-2019\/","url":"https:\/\/latamobility.com\/pt-br\/directora-de-abve-importacion-de-vehiculos-ligeros-crecio-1-120-entre-2017-y-2019\/","name":"Diretora da ABVE: \u201cImporta\u00e7\u00e3o de ve\u00edculos leves cresceu 1.709% entre 2016 e 2020\" - Latam Mobility","isPartOf":{"@id":"https:\/\/latamobility.com\/#website"},"primaryImageOfPage":{"@id":"https:\/\/latamobility.com\/pt-br\/directora-de-abve-importacion-de-vehiculos-ligeros-crecio-1-120-entre-2017-y-2019\/#primaryimage"},"image":{"@id":"https:\/\/latamobility.com\/pt-br\/directora-de-abve-importacion-de-vehiculos-ligeros-crecio-1-120-entre-2017-y-2019\/#primaryimage"},"thumbnailUrl":"https:\/\/latamobility.com\/wp-content\/uploads\/2021\/08\/Silvia.jpeg","datePublished":"2021-08-07T13:56:00+00:00","dateModified":"2021-08-09T16:17:50+00:00","description":"S\u00edlvia Barcik, diretora de mobilidade da Associa\u00e7\u00e3o Brasileira de Ve\u00edculos El\u00e9tricos (ABVE), conversou com a equipe Latam Mobility e Latam Green sobre os","breadcrumb":{"@id":"https:\/\/latamobility.com\/pt-br\/directora-de-abve-importacion-de-vehiculos-ligeros-crecio-1-120-entre-2017-y-2019\/#breadcrumb"},"inLanguage":"pt-BR","potentialAction":[{"@type":"ReadAction","target":["https:\/\/latamobility.com\/pt-br\/directora-de-abve-importacion-de-vehiculos-ligeros-crecio-1-120-entre-2017-y-2019\/"]}]},{"@type":"ImageObject","inLanguage":"pt-BR","@id":"https:\/\/latamobility.com\/pt-br\/directora-de-abve-importacion-de-vehiculos-ligeros-crecio-1-120-entre-2017-y-2019\/#primaryimage","url":"https:\/\/latamobility.com\/wp-content\/uploads\/2021\/08\/Silvia.jpeg","contentUrl":"https:\/\/latamobility.com\/wp-content\/uploads\/2021\/08\/Silvia.jpeg","width":1200,"height":801},{"@type":"BreadcrumbList","@id":"https:\/\/latamobility.com\/pt-br\/directora-de-abve-importacion-de-vehiculos-ligeros-crecio-1-120-entre-2017-y-2019\/#breadcrumb","itemListElement":[{"@type":"ListItem","position":1,"name":"Portada","item":"https:\/\/latamobility.com\/pt-br\/"},{"@type":"ListItem","position":2,"name":"Diretora da ABVE: \u201cImporta\u00e7\u00e3o de ve\u00edculos leves cresceu 1.709% entre 2016 e 2020&#8243;"}]},{"@type":"WebSite","@id":"https:\/\/latamobility.com\/#website","url":"https:\/\/latamobility.com\/","name":"Latam Mobility","description":"Serie de Eventos para promover la Movilidad y Transporte sostenible en Latinoam\u00e9rica","publisher":{"@id":"https:\/\/latamobility.com\/#organization"},"potentialAction":[{"@type":"SearchAction","target":{"@type":"EntryPoint","urlTemplate":"https:\/\/latamobility.com\/?s={search_term_string}"},"query-input":{"@type":"PropertyValueSpecification","valueRequired":true,"valueName":"search_term_string"}}],"inLanguage":"pt-BR"},{"@type":"Organization","@id":"https:\/\/latamobility.com\/#organization","name":"LATAM MOBILITY","url":"https:\/\/latamobility.com\/","logo":{"@type":"ImageObject","inLanguage":"pt-BR","@id":"https:\/\/latamobility.com\/#\/schema\/logo\/image\/","url":"https:\/\/latamobility.com\/wp-content\/uploads\/2025\/01\/logos-LM-LG-2025-10.png","contentUrl":"https:\/\/latamobility.com\/wp-content\/uploads\/2025\/01\/logos-LM-LG-2025-10.png","width":1080,"height":1080,"caption":"LATAM MOBILITY"},"image":{"@id":"https:\/\/latamobility.com\/#\/schema\/logo\/image\/"},"sameAs":["https:\/\/www.facebook.com\/latamobility\/","https:\/\/x.com\/LataMobility","https:\/\/www.instagram.com\/latamobility\/","https:\/\/www.linkedin.com\/company\/latamobility\/","https:\/\/www.youtube.com\/channel\/UCtcslRCRY0vITWaOQ1X0XUA"]},{"@type":"Person","@id":"https:\/\/latamobility.com\/#\/schema\/person\/fda092a2de1f87d347784282908bad1a","name":"Antonio Vilela","image":{"@type":"ImageObject","inLanguage":"pt-BR","@id":"https:\/\/secure.gravatar.com\/avatar\/7eee8196fd2fda180806d7b41cd517f274d5ad3b9f65d873feb3ca7e2b3a72d2?s=96&d=mm&r=g","url":"https:\/\/secure.gravatar.com\/avatar\/7eee8196fd2fda180806d7b41cd517f274d5ad3b9f65d873feb3ca7e2b3a72d2?s=96&d=mm&r=g","contentUrl":"https:\/\/secure.gravatar.com\/avatar\/7eee8196fd2fda180806d7b41cd517f274d5ad3b9f65d873feb3ca7e2b3a72d2?s=96&d=mm&r=g","caption":"Antonio Vilela"}}]}},"_links":{"self":[{"href":"https:\/\/latamobility.com\/pt-br\/wp-json\/wp\/v2\/posts\/5534","targetHints":{"allow":["GET"]}}],"collection":[{"href":"https:\/\/latamobility.com\/pt-br\/wp-json\/wp\/v2\/posts"}],"about":[{"href":"https:\/\/latamobility.com\/pt-br\/wp-json\/wp\/v2\/types\/post"}],"author":[{"embeddable":true,"href":"https:\/\/latamobility.com\/pt-br\/wp-json\/wp\/v2\/users\/10"}],"replies":[{"embeddable":true,"href":"https:\/\/latamobility.com\/pt-br\/wp-json\/wp\/v2\/comments?post=5534"}],"version-history":[{"count":0,"href":"https:\/\/latamobility.com\/pt-br\/wp-json\/wp\/v2\/posts\/5534\/revisions"}],"wp:featuredmedia":[{"embeddable":true,"href":"https:\/\/latamobility.com\/pt-br\/wp-json\/wp\/v2\/media\/5546"}],"wp:attachment":[{"href":"https:\/\/latamobility.com\/pt-br\/wp-json\/wp\/v2\/media?parent=5534"}],"wp:term":[{"taxonomy":"category","embeddable":true,"href":"https:\/\/latamobility.com\/pt-br\/wp-json\/wp\/v2\/categories?post=5534"},{"taxonomy":"post_tag","embeddable":true,"href":"https:\/\/latamobility.com\/pt-br\/wp-json\/wp\/v2\/tags?post=5534"}],"curies":[{"name":"wp","href":"https:\/\/api.w.org\/{rel}","templated":true}]}}