{"id":56059,"date":"2025-12-18T05:00:00","date_gmt":"2025-12-18T10:00:00","guid":{"rendered":"https:\/\/latamobility.com\/?p=56059"},"modified":"2025-12-18T08:59:30","modified_gmt":"2025-12-18T13:59:30","slug":"turne-2025-da-latam-mobility-mobilidade-limpa","status":"publish","type":"post","link":"https:\/\/latamobility.com\/pt-br\/turne-2025-da-latam-mobility-mobilidade-limpa\/","title":{"rendered":"Da conversa \u00e0 a\u00e7\u00e3o: a \u201cTurn\u00ea 2025\u201d da Latam Mobility conectou os principais atores da mobilidade limpa"},"content":{"rendered":"\n<p>A <strong>Turn\u00ea 2025<\/strong> da <strong>Latam Mobility<\/strong> marcou um ponto de inflex\u00e3o para a transi\u00e7\u00e3o rumo \u00e0 mobilidade sustent\u00e1vel na Am\u00e9rica Latina, consolidando-se como <strong>a principal plataforma regional de encontro, articula\u00e7\u00e3o e a\u00e7\u00e3o para avan\u00e7ar em dire\u00e7\u00e3o a um transporte com emiss\u00f5es zero<\/strong>.<\/p>\n\n\n\n<p>Ao longo do ano, a turn\u00ea percorreu mercados importantes como <strong>M\u00e9xico, Brasil, Col\u00f4mbia <\/strong>e<strong> Chile<\/strong>, conectando os principais atores do ecossistema de mobilidade limpa em uma agenda comum voltada para a colabora\u00e7\u00e3o e a implementa\u00e7\u00e3o.<\/p>\n\n\n\n<figure class=\"wp-block-gallery has-nested-images columns-default is-cropped wp-block-gallery-1 is-layout-flex wp-block-gallery-is-layout-flex\">\n<figure class=\"wp-block-image size-large\"><img fetchpriority=\"high\" decoding=\"async\" width=\"1023\" height=\"682\" data-id=\"55946\" src=\"https:\/\/latamobility.com\/wp-content\/uploads\/2025\/12\/54339755866_a870cd660e_b.jpg\" alt=\"\" class=\"wp-image-55946\" srcset=\"https:\/\/latamobility.com\/wp-content\/uploads\/2025\/12\/54339755866_a870cd660e_b.jpg 1023w, https:\/\/latamobility.com\/wp-content\/uploads\/2025\/12\/54339755866_a870cd660e_b-300x200.jpg 300w, https:\/\/latamobility.com\/wp-content\/uploads\/2025\/12\/54339755866_a870cd660e_b-768x512.jpg 768w, https:\/\/latamobility.com\/wp-content\/uploads\/2025\/12\/54339755866_a870cd660e_b-600x400.jpg 600w\" sizes=\"(max-width: 1023px) 100vw, 1023px\" \/><\/figure>\n\n\n\n<figure class=\"wp-block-image size-large\"><img decoding=\"async\" width=\"1024\" height=\"683\" data-id=\"55949\" src=\"https:\/\/latamobility.com\/wp-content\/uploads\/2025\/12\/54340047556_1a7f6ad910_k-1024x683.jpg\" alt=\"\" class=\"wp-image-55949\" srcset=\"https:\/\/latamobility.com\/wp-content\/uploads\/2025\/12\/54340047556_1a7f6ad910_k-1024x683.jpg 1024w, https:\/\/latamobility.com\/wp-content\/uploads\/2025\/12\/54340047556_1a7f6ad910_k-300x200.jpg 300w, https:\/\/latamobility.com\/wp-content\/uploads\/2025\/12\/54340047556_1a7f6ad910_k-768x512.jpg 768w, https:\/\/latamobility.com\/wp-content\/uploads\/2025\/12\/54340047556_1a7f6ad910_k-1536x1024.jpg 1536w, https:\/\/latamobility.com\/wp-content\/uploads\/2025\/12\/54340047556_1a7f6ad910_k-600x400.jpg 600w, https:\/\/latamobility.com\/wp-content\/uploads\/2025\/12\/54340047556_1a7f6ad910_k.jpg 2048w\" sizes=\"(max-width: 1024px) 100vw, 1024px\" \/><\/figure>\n<\/figure>\n\n\n\n<figure class=\"wp-block-gallery has-nested-images columns-default is-cropped wp-block-gallery-2 is-layout-flex wp-block-gallery-is-layout-flex\">\n<figure class=\"wp-block-image size-large\"><img decoding=\"async\" width=\"1024\" height=\"683\" data-id=\"55952\" src=\"https:\/\/latamobility.com\/wp-content\/uploads\/2025\/12\/54340584274_996f45d560_k-1024x683.jpg\" alt=\"\" class=\"wp-image-55952\" srcset=\"https:\/\/latamobility.com\/wp-content\/uploads\/2025\/12\/54340584274_996f45d560_k-1024x683.jpg 1024w, https:\/\/latamobility.com\/wp-content\/uploads\/2025\/12\/54340584274_996f45d560_k-300x200.jpg 300w, https:\/\/latamobility.com\/wp-content\/uploads\/2025\/12\/54340584274_996f45d560_k-768x512.jpg 768w, https:\/\/latamobility.com\/wp-content\/uploads\/2025\/12\/54340584274_996f45d560_k-1536x1024.jpg 1536w, https:\/\/latamobility.com\/wp-content\/uploads\/2025\/12\/54340584274_996f45d560_k-600x400.jpg 600w, https:\/\/latamobility.com\/wp-content\/uploads\/2025\/12\/54340584274_996f45d560_k.jpg 2048w\" sizes=\"(max-width: 1024px) 100vw, 1024px\" \/><figcaption class=\"wp-element-caption\"><strong>Monterrey 2025<\/strong><\/figcaption><\/figure>\n\n\n\n<figure class=\"wp-block-image size-large\"><img loading=\"lazy\" decoding=\"async\" width=\"1024\" height=\"683\" data-id=\"55955\" src=\"https:\/\/latamobility.com\/wp-content\/uploads\/2025\/12\/54340584289_9e510f6e8b_k-1024x683.jpg\" alt=\"\" class=\"wp-image-55955\" srcset=\"https:\/\/latamobility.com\/wp-content\/uploads\/2025\/12\/54340584289_9e510f6e8b_k-1024x683.jpg 1024w, https:\/\/latamobility.com\/wp-content\/uploads\/2025\/12\/54340584289_9e510f6e8b_k-300x200.jpg 300w, https:\/\/latamobility.com\/wp-content\/uploads\/2025\/12\/54340584289_9e510f6e8b_k-768x512.jpg 768w, https:\/\/latamobility.com\/wp-content\/uploads\/2025\/12\/54340584289_9e510f6e8b_k-1536x1024.jpg 1536w, https:\/\/latamobility.com\/wp-content\/uploads\/2025\/12\/54340584289_9e510f6e8b_k-600x400.jpg 600w, https:\/\/latamobility.com\/wp-content\/uploads\/2025\/12\/54340584289_9e510f6e8b_k.jpg 2048w\" sizes=\"(max-width: 1024px) 100vw, 1024px\" \/><\/figure>\n<\/figure>\n\n\n\n<p>Com milhares de participantes acumulados, dezenas de empresas participantes, aliados estrat\u00e9gicos, palestrantes e uma ampla \u00e1rea de exposi\u00e7\u00e3o tecnol\u00f3gica em cada parada, a <strong>Turn\u00ea 2025<\/strong> da <strong>Latam Mobility<\/strong> demonstrou que a regi\u00e3o n\u00e3o est\u00e1 mais em uma fase explorat\u00f3ria, mas em <strong>um processo ativo de acelera\u00e7\u00e3o em dire\u00e7\u00e3o a modelos de transporte mais eficientes, resilientes e com baixas emiss\u00f5es de carbono<\/strong>.<\/p>\n\n\n\n<p><strong>Voc\u00ea tamb\u00e9m pode se interessar por<\/strong> | <strong><a href=\"https:\/\/latamobility.com\/pt-br\/olade-relatorio-com-o-roteiro-para-a-transicao-energetica-na-america-latina\/\">OLADE publica relat\u00f3rio com o roteiro para a transi\u00e7\u00e3o energ\u00e9tica na Am\u00e9rica Latina<\/a><\/strong><\/p>\n\n\n\n<h2 class=\"wp-block-heading\" id=\"h-conexao-de-ecossistemas-e-realidades-locais\">Conex\u00e3o de ecossistemas e realidades locais<\/h2>\n\n\n\n<p>Cada edi\u00e7\u00e3o da turn\u00ea respondeu \u00e0s particularidades de seu contexto local, mas manteve <strong>uma vis\u00e3o regional integrada<\/strong>.<\/p>\n\n\n\n<p>Desde o impulso \u00e0 eletromobilidade urbana e \u00e0 eletrifica\u00e7\u00e3o do transporte p\u00fablico at\u00e9 a transforma\u00e7\u00e3o da log\u00edstica, das frotas corporativas e da \u00faltima milha, os encontros permitiram <strong>o interc\u00e2mbio de experi\u00eancias, aprendizados e desafios comuns<\/strong> entre pa\u00edses que avan\u00e7am em ritmos diferentes, mas com objetivos compartilhados.<\/p>\n\n\n\n<figure class=\"wp-block-gallery has-nested-images columns-default is-cropped wp-block-gallery-3 is-layout-flex wp-block-gallery-is-layout-flex\">\n<figure class=\"wp-block-image size-large\"><img loading=\"lazy\" decoding=\"async\" width=\"1024\" height=\"1024\" data-id=\"55967\" src=\"https:\/\/latamobility.com\/wp-content\/uploads\/2025\/12\/SE2-edited-1024x1024.jpg\" alt=\"\" class=\"wp-image-55967\" srcset=\"https:\/\/latamobility.com\/wp-content\/uploads\/2025\/12\/SE2-edited-1024x1024.jpg 1024w, https:\/\/latamobility.com\/wp-content\/uploads\/2025\/12\/SE2-edited-300x300.jpg 300w, https:\/\/latamobility.com\/wp-content\/uploads\/2025\/12\/SE2-edited-150x150.jpg 150w, https:\/\/latamobility.com\/wp-content\/uploads\/2025\/12\/SE2-edited-768x768.jpg 768w, https:\/\/latamobility.com\/wp-content\/uploads\/2025\/12\/SE2-edited-700x700.jpg 700w, https:\/\/latamobility.com\/wp-content\/uploads\/2025\/12\/SE2-edited-600x600.jpg 600w, https:\/\/latamobility.com\/wp-content\/uploads\/2025\/12\/SE2-edited-100x100.jpg 100w, https:\/\/latamobility.com\/wp-content\/uploads\/2025\/12\/SE2-edited.jpg 1200w\" sizes=\"(max-width: 1024px) 100vw, 1024px\" \/><figcaption class=\"wp-element-caption\"><strong>Monterrey 2025<\/strong><\/figcaption><\/figure>\n\n\n\n<figure class=\"wp-block-image size-large\"><img loading=\"lazy\" decoding=\"async\" width=\"1024\" height=\"1024\" data-id=\"55970\" src=\"https:\/\/latamobility.com\/wp-content\/uploads\/2025\/12\/SE3-edited-1024x1024.jpg\" alt=\"\" class=\"wp-image-55970\" srcset=\"https:\/\/latamobility.com\/wp-content\/uploads\/2025\/12\/SE3-edited-1024x1024.jpg 1024w, https:\/\/latamobility.com\/wp-content\/uploads\/2025\/12\/SE3-edited-300x300.jpg 300w, https:\/\/latamobility.com\/wp-content\/uploads\/2025\/12\/SE3-edited-150x150.jpg 150w, https:\/\/latamobility.com\/wp-content\/uploads\/2025\/12\/SE3-edited-768x768.jpg 768w, https:\/\/latamobility.com\/wp-content\/uploads\/2025\/12\/SE3-edited-700x700.jpg 700w, https:\/\/latamobility.com\/wp-content\/uploads\/2025\/12\/SE3-edited-600x600.jpg 600w, https:\/\/latamobility.com\/wp-content\/uploads\/2025\/12\/SE3-edited-100x100.jpg 100w, https:\/\/latamobility.com\/wp-content\/uploads\/2025\/12\/SE3-edited.jpg 1200w\" sizes=\"(max-width: 1024px) 100vw, 1024px\" \/><\/figure>\n<\/figure>\n\n\n\n<p>A presen\u00e7a de autoridades p\u00fablicas, operadores de transporte, fabricantes, fornecedores de infraestrutura, empresas de energia, tecnologia e financeiras facilitou um <strong>di\u00e1logo multissetorial<\/strong> que permitiu alinhar estrat\u00e9gias e gerar novas oportunidades de coopera\u00e7\u00e3o regional.<\/p>\n\n\n\n<figure class=\"wp-block-gallery has-nested-images columns-default is-cropped wp-block-gallery-4 is-layout-flex wp-block-gallery-is-layout-flex\">\n<figure class=\"wp-block-image size-large\"><img loading=\"lazy\" decoding=\"async\" width=\"1024\" height=\"683\" data-id=\"55976\" src=\"https:\/\/latamobility.com\/wp-content\/uploads\/2025\/12\/54505875355_e6dd7e3039_k-1024x683.jpg\" alt=\"\" class=\"wp-image-55976\" srcset=\"https:\/\/latamobility.com\/wp-content\/uploads\/2025\/12\/54505875355_e6dd7e3039_k-1024x683.jpg 1024w, https:\/\/latamobility.com\/wp-content\/uploads\/2025\/12\/54505875355_e6dd7e3039_k-300x200.jpg 300w, https:\/\/latamobility.com\/wp-content\/uploads\/2025\/12\/54505875355_e6dd7e3039_k-768x512.jpg 768w, https:\/\/latamobility.com\/wp-content\/uploads\/2025\/12\/54505875355_e6dd7e3039_k-1536x1024.jpg 1536w, https:\/\/latamobility.com\/wp-content\/uploads\/2025\/12\/54505875355_e6dd7e3039_k-600x400.jpg 600w, https:\/\/latamobility.com\/wp-content\/uploads\/2025\/12\/54505875355_e6dd7e3039_k.jpg 2048w\" sizes=\"(max-width: 1024px) 100vw, 1024px\" \/><figcaption class=\"wp-element-caption\"><strong>Brasil 2025<\/strong><\/figcaption><\/figure>\n\n\n\n<figure class=\"wp-block-image size-large\"><img loading=\"lazy\" decoding=\"async\" width=\"1024\" height=\"683\" data-id=\"55985\" src=\"https:\/\/latamobility.com\/wp-content\/uploads\/2025\/12\/54505408825_2376bb84b4_k-1024x683.jpg\" alt=\"\" class=\"wp-image-55985\" srcset=\"https:\/\/latamobility.com\/wp-content\/uploads\/2025\/12\/54505408825_2376bb84b4_k-1024x683.jpg 1024w, https:\/\/latamobility.com\/wp-content\/uploads\/2025\/12\/54505408825_2376bb84b4_k-300x200.jpg 300w, https:\/\/latamobility.com\/wp-content\/uploads\/2025\/12\/54505408825_2376bb84b4_k-768x512.jpg 768w, https:\/\/latamobility.com\/wp-content\/uploads\/2025\/12\/54505408825_2376bb84b4_k-1536x1024.jpg 1536w, https:\/\/latamobility.com\/wp-content\/uploads\/2025\/12\/54505408825_2376bb84b4_k-600x400.jpg 600w, https:\/\/latamobility.com\/wp-content\/uploads\/2025\/12\/54505408825_2376bb84b4_k.jpg 2048w\" sizes=\"(max-width: 1024px) 100vw, 1024px\" \/><figcaption class=\"wp-element-caption\"><strong>Brasil 2025<\/strong><\/figcaption><\/figure>\n<\/figure>\n\n\n\n<p>Um dos eixos transversais da turn\u00ea foi a exibi\u00e7\u00e3o e discuss\u00e3o de <strong>solu\u00e7\u00f5es tecnol\u00f3gicas aplicadas \u00e0 mobilidade sustent\u00e1vel<\/strong>.<\/p>\n\n\n\n<p>Os espa\u00e7os de exposi\u00e7\u00e3o se transformaram em <strong>verdadeiros laborat\u00f3rios de inova\u00e7\u00e3o<\/strong>, onde foram apresentados ve\u00edculos el\u00e9tricos, \u00f4nibus de transporte p\u00fablico, solu\u00e7\u00f5es para micromobilidade, sistemas de recarga inteligente, plataformas de gest\u00e3o de frotas, ferramentas baseadas em intelig\u00eancia artificial e modelos de neg\u00f3cios orientados para a efici\u00eancia operacional.<\/p>\n\n\n\n<figure class=\"wp-block-gallery has-nested-images columns-default is-cropped wp-block-gallery-5 is-layout-flex wp-block-gallery-is-layout-flex\">\n<figure class=\"wp-block-image size-large\"><img loading=\"lazy\" decoding=\"async\" width=\"1024\" height=\"683\" data-id=\"55991\" src=\"https:\/\/latamobility.com\/wp-content\/uploads\/2025\/12\/54505915220_e3170a7b9c_k-1024x683.jpg\" alt=\"\" class=\"wp-image-55991\" srcset=\"https:\/\/latamobility.com\/wp-content\/uploads\/2025\/12\/54505915220_e3170a7b9c_k-1024x683.jpg 1024w, https:\/\/latamobility.com\/wp-content\/uploads\/2025\/12\/54505915220_e3170a7b9c_k-300x200.jpg 300w, https:\/\/latamobility.com\/wp-content\/uploads\/2025\/12\/54505915220_e3170a7b9c_k-768x512.jpg 768w, https:\/\/latamobility.com\/wp-content\/uploads\/2025\/12\/54505915220_e3170a7b9c_k-1536x1024.jpg 1536w, https:\/\/latamobility.com\/wp-content\/uploads\/2025\/12\/54505915220_e3170a7b9c_k-600x400.jpg 600w, https:\/\/latamobility.com\/wp-content\/uploads\/2025\/12\/54505915220_e3170a7b9c_k.jpg 2048w\" sizes=\"(max-width: 1024px) 100vw, 1024px\" \/><\/figure>\n\n\n\n<figure class=\"wp-block-image size-large\"><img loading=\"lazy\" decoding=\"async\" width=\"1024\" height=\"683\" data-id=\"55982\" src=\"https:\/\/latamobility.com\/wp-content\/uploads\/2025\/12\/Metro-4-1024x683.jpg\" alt=\"\" class=\"wp-image-55982\" srcset=\"https:\/\/latamobility.com\/wp-content\/uploads\/2025\/12\/Metro-4-1024x683.jpg 1024w, https:\/\/latamobility.com\/wp-content\/uploads\/2025\/12\/Metro-4-300x200.jpg 300w, https:\/\/latamobility.com\/wp-content\/uploads\/2025\/12\/Metro-4-768x512.jpg 768w, https:\/\/latamobility.com\/wp-content\/uploads\/2025\/12\/Metro-4-1536x1024.jpg 1536w, https:\/\/latamobility.com\/wp-content\/uploads\/2025\/12\/Metro-4-2048x1366.jpg 2048w, https:\/\/latamobility.com\/wp-content\/uploads\/2025\/12\/Metro-4-600x400.jpg 600w\" sizes=\"(max-width: 1024px) 100vw, 1024px\" \/><\/figure>\n<\/figure>\n\n\n\n<figure class=\"wp-block-gallery has-nested-images columns-default is-cropped wp-block-gallery-6 is-layout-flex wp-block-gallery-is-layout-flex\">\n<figure class=\"wp-block-image size-large\"><img loading=\"lazy\" decoding=\"async\" width=\"1024\" height=\"683\" data-id=\"55997\" src=\"https:\/\/latamobility.com\/wp-content\/uploads\/2025\/12\/Panel-3-a-1024x683.jpg\" alt=\"\" class=\"wp-image-55997\" srcset=\"https:\/\/latamobility.com\/wp-content\/uploads\/2025\/12\/Panel-3-a-1024x683.jpg 1024w, https:\/\/latamobility.com\/wp-content\/uploads\/2025\/12\/Panel-3-a-300x200.jpg 300w, https:\/\/latamobility.com\/wp-content\/uploads\/2025\/12\/Panel-3-a-768x512.jpg 768w, https:\/\/latamobility.com\/wp-content\/uploads\/2025\/12\/Panel-3-a-1536x1024.jpg 1536w, https:\/\/latamobility.com\/wp-content\/uploads\/2025\/12\/Panel-3-a-600x400.jpg 600w, https:\/\/latamobility.com\/wp-content\/uploads\/2025\/12\/Panel-3-a.jpg 2048w\" sizes=\"(max-width: 1024px) 100vw, 1024px\" \/><figcaption class=\"wp-element-caption\"><strong>Brasil 2025<\/strong><\/figcaption><\/figure>\n\n\n\n<figure class=\"wp-block-image size-large\"><img loading=\"lazy\" decoding=\"async\" width=\"1024\" height=\"683\" data-id=\"55994\" src=\"https:\/\/latamobility.com\/wp-content\/uploads\/2025\/12\/54519166918_51df5a33af_k-1024x683.jpg\" alt=\"\" class=\"wp-image-55994\" srcset=\"https:\/\/latamobility.com\/wp-content\/uploads\/2025\/12\/54519166918_51df5a33af_k-1024x683.jpg 1024w, https:\/\/latamobility.com\/wp-content\/uploads\/2025\/12\/54519166918_51df5a33af_k-300x200.jpg 300w, https:\/\/latamobility.com\/wp-content\/uploads\/2025\/12\/54519166918_51df5a33af_k-768x512.jpg 768w, https:\/\/latamobility.com\/wp-content\/uploads\/2025\/12\/54519166918_51df5a33af_k-1536x1024.jpg 1536w, https:\/\/latamobility.com\/wp-content\/uploads\/2025\/12\/54519166918_51df5a33af_k-600x400.jpg 600w, https:\/\/latamobility.com\/wp-content\/uploads\/2025\/12\/54519166918_51df5a33af_k.jpg 2048w\" sizes=\"(max-width: 1024px) 100vw, 1024px\" \/><\/figure>\n<\/figure>\n\n\n\n<p>Essas demonstra\u00e7\u00f5es permitiram passar <strong>do conceito \u00e0 pr\u00e1tica<\/strong>, mostrando que a tecnologia necess\u00e1ria para descarbonizar o transporte j\u00e1 est\u00e1 dispon\u00edvel e que sua escalabilidade depende, em grande medida, de <strong>condi\u00e7\u00f5es facilitadoras, como regulamenta\u00e7\u00e3o, financiamento e planejamento integrado<\/strong>.<\/p>\n\n\n\n<h2 class=\"wp-block-heading\" id=\"h-descarbonizacao-e-transformacao\">Descarboniza\u00e7\u00e3o e transforma\u00e7\u00e3o<\/h2>\n\n\n\n<p><strong>A eletrifica\u00e7\u00e3o do transporte de carga, das frotas corporativas e do transporte urbano<\/strong> foi outro dos pilares centrais da agenda.<\/p>\n\n\n\n<figure class=\"wp-block-gallery has-nested-images columns-default is-cropped wp-block-gallery-7 is-layout-flex wp-block-gallery-is-layout-flex\">\n<figure class=\"wp-block-image size-large\"><img loading=\"lazy\" decoding=\"async\" width=\"1024\" height=\"683\" data-id=\"56003\" src=\"https:\/\/latamobility.com\/wp-content\/uploads\/2025\/12\/Panel-3c-1024x683.jpg\" alt=\"\" class=\"wp-image-56003\" srcset=\"https:\/\/latamobility.com\/wp-content\/uploads\/2025\/12\/Panel-3c-1024x683.jpg 1024w, https:\/\/latamobility.com\/wp-content\/uploads\/2025\/12\/Panel-3c-300x200.jpg 300w, https:\/\/latamobility.com\/wp-content\/uploads\/2025\/12\/Panel-3c-768x512.jpg 768w, https:\/\/latamobility.com\/wp-content\/uploads\/2025\/12\/Panel-3c-1536x1024.jpg 1536w, https:\/\/latamobility.com\/wp-content\/uploads\/2025\/12\/Panel-3c-600x400.jpg 600w, https:\/\/latamobility.com\/wp-content\/uploads\/2025\/12\/Panel-3c.jpg 2048w\" sizes=\"(max-width: 1024px) 100vw, 1024px\" \/><\/figure>\n\n\n\n<figure class=\"wp-block-image size-large\"><img loading=\"lazy\" decoding=\"async\" width=\"1024\" height=\"683\" data-id=\"56000\" src=\"https:\/\/latamobility.com\/wp-content\/uploads\/2025\/12\/54567495238_72393ccc52_k-1024x683.jpg\" alt=\"\" class=\"wp-image-56000\" srcset=\"https:\/\/latamobility.com\/wp-content\/uploads\/2025\/12\/54567495238_72393ccc52_k-1024x683.jpg 1024w, https:\/\/latamobility.com\/wp-content\/uploads\/2025\/12\/54567495238_72393ccc52_k-300x200.jpg 300w, https:\/\/latamobility.com\/wp-content\/uploads\/2025\/12\/54567495238_72393ccc52_k-768x512.jpg 768w, https:\/\/latamobility.com\/wp-content\/uploads\/2025\/12\/54567495238_72393ccc52_k-1536x1024.jpg 1536w, https:\/\/latamobility.com\/wp-content\/uploads\/2025\/12\/54567495238_72393ccc52_k-600x400.jpg 600w, https:\/\/latamobility.com\/wp-content\/uploads\/2025\/12\/54567495238_72393ccc52_k.jpg 2048w\" sizes=\"(max-width: 1024px) 100vw, 1024px\" \/><\/figure>\n<\/figure>\n\n\n\n<figure class=\"wp-block-gallery has-nested-images columns-default is-cropped wp-block-gallery-8 is-layout-flex wp-block-gallery-is-layout-flex\">\n<figure class=\"wp-block-image size-large\"><img loading=\"lazy\" decoding=\"async\" width=\"1024\" height=\"683\" data-id=\"56009\" src=\"https:\/\/latamobility.com\/wp-content\/uploads\/2025\/12\/54568245863_78539b0522_k-1024x683.jpg\" alt=\"\" class=\"wp-image-56009\" srcset=\"https:\/\/latamobility.com\/wp-content\/uploads\/2025\/12\/54568245863_78539b0522_k-1024x683.jpg 1024w, https:\/\/latamobility.com\/wp-content\/uploads\/2025\/12\/54568245863_78539b0522_k-300x200.jpg 300w, https:\/\/latamobility.com\/wp-content\/uploads\/2025\/12\/54568245863_78539b0522_k-768x512.jpg 768w, https:\/\/latamobility.com\/wp-content\/uploads\/2025\/12\/54568245863_78539b0522_k-1536x1024.jpg 1536w, https:\/\/latamobility.com\/wp-content\/uploads\/2025\/12\/54568245863_78539b0522_k-600x400.jpg 600w, https:\/\/latamobility.com\/wp-content\/uploads\/2025\/12\/54568245863_78539b0522_k.jpg 2048w\" sizes=\"(max-width: 1024px) 100vw, 1024px\" \/><figcaption class=\"wp-element-caption\"><strong>Col\u00f4mbia 2025<\/strong><\/figcaption><\/figure>\n\n\n\n<figure class=\"wp-block-image size-large\"><img loading=\"lazy\" decoding=\"async\" width=\"1024\" height=\"683\" data-id=\"56006\" src=\"https:\/\/latamobility.com\/wp-content\/uploads\/2025\/12\/54568178269_e28ea37c86_k-1024x683.jpg\" alt=\"\" class=\"wp-image-56006\" srcset=\"https:\/\/latamobility.com\/wp-content\/uploads\/2025\/12\/54568178269_e28ea37c86_k-1024x683.jpg 1024w, https:\/\/latamobility.com\/wp-content\/uploads\/2025\/12\/54568178269_e28ea37c86_k-300x200.jpg 300w, https:\/\/latamobility.com\/wp-content\/uploads\/2025\/12\/54568178269_e28ea37c86_k-768x512.jpg 768w, https:\/\/latamobility.com\/wp-content\/uploads\/2025\/12\/54568178269_e28ea37c86_k-1536x1024.jpg 1536w, https:\/\/latamobility.com\/wp-content\/uploads\/2025\/12\/54568178269_e28ea37c86_k-600x400.jpg 600w, https:\/\/latamobility.com\/wp-content\/uploads\/2025\/12\/54568178269_e28ea37c86_k.jpg 2048w\" sizes=\"(max-width: 1024px) 100vw, 1024px\" \/><\/figure>\n<\/figure>\n\n\n\n<p>Ao longo da turn\u00ea, foram analisadas <strong>estrat\u00e9gias para acelerar a ado\u00e7\u00e3o de ve\u00edculos el\u00e9tricos<\/strong>, otimizar a opera\u00e7\u00e3o por meio de an\u00e1lise de dados e intelig\u00eancia artificial e reduzir os custos totais de propriedade por meio de modelos inovadores de financiamento e servi\u00e7os.<\/p>\n\n\n\n<figure class=\"wp-block-gallery has-nested-images columns-default is-cropped wp-block-gallery-9 is-layout-flex wp-block-gallery-is-layout-flex\">\n<figure class=\"wp-block-image size-large\"><img loading=\"lazy\" decoding=\"async\" width=\"1024\" height=\"683\" data-id=\"56012\" src=\"https:\/\/latamobility.com\/wp-content\/uploads\/2025\/12\/54569890650_001eb69980_k-1024x683.jpg\" alt=\"\" class=\"wp-image-56012\" srcset=\"https:\/\/latamobility.com\/wp-content\/uploads\/2025\/12\/54569890650_001eb69980_k-1024x683.jpg 1024w, https:\/\/latamobility.com\/wp-content\/uploads\/2025\/12\/54569890650_001eb69980_k-300x200.jpg 300w, https:\/\/latamobility.com\/wp-content\/uploads\/2025\/12\/54569890650_001eb69980_k-768x512.jpg 768w, https:\/\/latamobility.com\/wp-content\/uploads\/2025\/12\/54569890650_001eb69980_k-1536x1024.jpg 1536w, https:\/\/latamobility.com\/wp-content\/uploads\/2025\/12\/54569890650_001eb69980_k-600x400.jpg 600w, https:\/\/latamobility.com\/wp-content\/uploads\/2025\/12\/54569890650_001eb69980_k.jpg 2048w\" sizes=\"(max-width: 1024px) 100vw, 1024px\" \/><figcaption class=\"wp-element-caption\"><strong>Col\u00f4mbia 2025<\/strong><\/figcaption><\/figure>\n\n\n\n<figure class=\"wp-block-image size-large\"><img loading=\"lazy\" decoding=\"async\" width=\"1024\" height=\"683\" data-id=\"56015\" src=\"https:\/\/latamobility.com\/wp-content\/uploads\/2025\/12\/54569891205_e72a30fa0c_k-1024x683.jpg\" alt=\"\" class=\"wp-image-56015\" srcset=\"https:\/\/latamobility.com\/wp-content\/uploads\/2025\/12\/54569891205_e72a30fa0c_k-1024x683.jpg 1024w, https:\/\/latamobility.com\/wp-content\/uploads\/2025\/12\/54569891205_e72a30fa0c_k-300x200.jpg 300w, https:\/\/latamobility.com\/wp-content\/uploads\/2025\/12\/54569891205_e72a30fa0c_k-768x512.jpg 768w, https:\/\/latamobility.com\/wp-content\/uploads\/2025\/12\/54569891205_e72a30fa0c_k-1536x1024.jpg 1536w, https:\/\/latamobility.com\/wp-content\/uploads\/2025\/12\/54569891205_e72a30fa0c_k-600x400.jpg 600w, https:\/\/latamobility.com\/wp-content\/uploads\/2025\/12\/54569891205_e72a30fa0c_k.jpg 2048w\" sizes=\"(max-width: 1024px) 100vw, 1024px\" \/><\/figure>\n<\/figure>\n\n\n\n<p>Da mesma forma, foi debatido<strong> o papel da ind\u00fastria automotiva regional<\/strong> e a necessidade de fortalecer cadeias de abastecimento mais resilientes e sustent\u00e1veis, capazes de responder \u00e0 volatilidade global e aproveitar as oportunidades oferecidas pela transi\u00e7\u00e3o energ\u00e9tica.<\/p>\n\n\n\n<p>Al\u00e9m dos cen\u00e1rios principais, a <strong>Turn\u00ea 2025<\/strong> da <strong>Latam Mobility<\/strong> incorporou espa\u00e7os projetados para a intera\u00e7\u00e3o pr\u00e1tica e o desenvolvimento de capacidades.<\/p>\n\n\n\n<figure class=\"wp-block-gallery has-nested-images columns-default is-cropped wp-block-gallery-10 is-layout-flex wp-block-gallery-is-layout-flex\">\n<figure class=\"wp-block-image size-large\"><img loading=\"lazy\" decoding=\"async\" width=\"1024\" height=\"683\" data-id=\"56018\" src=\"https:\/\/latamobility.com\/wp-content\/uploads\/2025\/12\/IMG_7994-1024x683.jpg\" alt=\"\" class=\"wp-image-56018\" srcset=\"https:\/\/latamobility.com\/wp-content\/uploads\/2025\/12\/IMG_7994-1024x683.jpg 1024w, https:\/\/latamobility.com\/wp-content\/uploads\/2025\/12\/IMG_7994-300x200.jpg 300w, https:\/\/latamobility.com\/wp-content\/uploads\/2025\/12\/IMG_7994-768x512.jpg 768w, https:\/\/latamobility.com\/wp-content\/uploads\/2025\/12\/IMG_7994-600x400.jpg 600w, https:\/\/latamobility.com\/wp-content\/uploads\/2025\/12\/IMG_7994.jpg 1280w\" sizes=\"(max-width: 1024px) 100vw, 1024px\" \/><\/figure>\n\n\n\n<figure class=\"wp-block-image size-large\"><img loading=\"lazy\" decoding=\"async\" width=\"1024\" height=\"682\" data-id=\"56021\" src=\"https:\/\/latamobility.com\/wp-content\/uploads\/2025\/12\/IMG-20250826-WA0032-1024x682.jpg\" alt=\"\" class=\"wp-image-56021\" srcset=\"https:\/\/latamobility.com\/wp-content\/uploads\/2025\/12\/IMG-20250826-WA0032-1024x682.jpg 1024w, https:\/\/latamobility.com\/wp-content\/uploads\/2025\/12\/IMG-20250826-WA0032-300x200.jpg 300w, https:\/\/latamobility.com\/wp-content\/uploads\/2025\/12\/IMG-20250826-WA0032-768x512.jpg 768w, https:\/\/latamobility.com\/wp-content\/uploads\/2025\/12\/IMG-20250826-WA0032-600x400.jpg 600w, https:\/\/latamobility.com\/wp-content\/uploads\/2025\/12\/IMG-20250826-WA0032.jpg 1280w\" sizes=\"(max-width: 1024px) 100vw, 1024px\" \/><\/figure>\n<\/figure>\n\n\n\n<figure class=\"wp-block-gallery has-nested-images columns-default is-cropped wp-block-gallery-11 is-layout-flex wp-block-gallery-is-layout-flex\">\n<figure class=\"wp-block-image size-large\"><img loading=\"lazy\" decoding=\"async\" width=\"1024\" height=\"682\" data-id=\"56024\" src=\"https:\/\/latamobility.com\/wp-content\/uploads\/2025\/12\/IMG-20250826-WA0031-1024x682.jpg\" alt=\"\" class=\"wp-image-56024\" srcset=\"https:\/\/latamobility.com\/wp-content\/uploads\/2025\/12\/IMG-20250826-WA0031-1024x682.jpg 1024w, https:\/\/latamobility.com\/wp-content\/uploads\/2025\/12\/IMG-20250826-WA0031-300x200.jpg 300w, https:\/\/latamobility.com\/wp-content\/uploads\/2025\/12\/IMG-20250826-WA0031-768x512.jpg 768w, https:\/\/latamobility.com\/wp-content\/uploads\/2025\/12\/IMG-20250826-WA0031-600x400.jpg 600w, https:\/\/latamobility.com\/wp-content\/uploads\/2025\/12\/IMG-20250826-WA0031.jpg 1280w\" sizes=\"(max-width: 1024px) 100vw, 1024px\" \/><figcaption class=\"wp-element-caption\"><strong>Cono Sur 2025<\/strong><\/figcaption><\/figure>\n\n\n\n<figure class=\"wp-block-image size-large\"><img loading=\"lazy\" decoding=\"async\" width=\"1024\" height=\"683\" data-id=\"56027\" src=\"https:\/\/latamobility.com\/wp-content\/uploads\/2025\/12\/Panel-1-e-1024x683.jpg\" alt=\"\" class=\"wp-image-56027\" srcset=\"https:\/\/latamobility.com\/wp-content\/uploads\/2025\/12\/Panel-1-e-1024x683.jpg 1024w, https:\/\/latamobility.com\/wp-content\/uploads\/2025\/12\/Panel-1-e-300x200.jpg 300w, https:\/\/latamobility.com\/wp-content\/uploads\/2025\/12\/Panel-1-e-768x512.jpg 768w, https:\/\/latamobility.com\/wp-content\/uploads\/2025\/12\/Panel-1-e-600x400.jpg 600w, https:\/\/latamobility.com\/wp-content\/uploads\/2025\/12\/Panel-1-e.jpg 1280w\" sizes=\"(max-width: 1024px) 100vw, 1024px\" \/><\/figure>\n<\/figure>\n\n\n\n<p>Oficinas especializadas, sess\u00f5es de matchmaking e arenas de conte\u00fado aberto facilitaram <strong>a troca de conhecimentos sobre financiamento, gest\u00e3o de dados, seguran\u00e7a, opera\u00e7\u00e3o de frotas el\u00e9tricas e novas tecnologias emergentes<\/strong>.<\/p>\n\n\n\n<p>Esses espa\u00e7os tamb\u00e9m deram visibilidade a temas como <strong>hidrog\u00eanio verde, economia circular, uso de intelig\u00eancia artificial em mobilidade, o papel da academia na forma\u00e7\u00e3o de talentos e a import\u00e2ncia de integrar a mobilidade sustent\u00e1vel em estrat\u00e9gias mais amplas de desenvolvimento urbano e cidades inteligentes<\/strong>.<\/p>\n\n\n\n<h2 class=\"wp-block-heading\" id=\"h-aliancas-para-uma-transicao-ordenada\">Alian\u00e7as para uma transi\u00e7\u00e3o ordenada<\/h2>\n\n\n\n<p>Uma mensagem recorrente ao longo da turn\u00ea foi <strong>a necessidade de fortalecer as alian\u00e7as entre governos, empresas e investidores<\/strong> para garantir uma transi\u00e7\u00e3o ordenada, segura e em grande escala.<\/p>\n\n\n\n<p>A mobilidade sustent\u00e1vel foi abordada como <strong>um componente-chave do desenvolvimento econ\u00f4mico<\/strong>, da competitividade regional e da qualidade de vida nas cidades, apoiada por normas t\u00e9cnicas, padr\u00f5es comuns e pol\u00edticas p\u00fablicas facilitadoras.<\/p>\n\n\n\n<figure class=\"wp-block-gallery has-nested-images columns-default is-cropped wp-block-gallery-12 is-layout-flex wp-block-gallery-is-layout-flex\">\n<figure class=\"wp-block-image size-large\"><img loading=\"lazy\" decoding=\"async\" width=\"1024\" height=\"682\" data-id=\"56030\" src=\"https:\/\/latamobility.com\/wp-content\/uploads\/2025\/12\/DSC9845-1-1024x682.jpg\" alt=\"\" class=\"wp-image-56030\" srcset=\"https:\/\/latamobility.com\/wp-content\/uploads\/2025\/12\/DSC9845-1-1024x682.jpg 1024w, https:\/\/latamobility.com\/wp-content\/uploads\/2025\/12\/DSC9845-1-300x200.jpg 300w, https:\/\/latamobility.com\/wp-content\/uploads\/2025\/12\/DSC9845-1-768x512.jpg 768w, https:\/\/latamobility.com\/wp-content\/uploads\/2025\/12\/DSC9845-1-600x400.jpg 600w, https:\/\/latamobility.com\/wp-content\/uploads\/2025\/12\/DSC9845-1.jpg 1280w\" sizes=\"(max-width: 1024px) 100vw, 1024px\" \/><\/figure>\n\n\n\n<figure class=\"wp-block-image size-large\"><img loading=\"lazy\" decoding=\"async\" width=\"1024\" height=\"682\" data-id=\"56033\" src=\"https:\/\/latamobility.com\/wp-content\/uploads\/2025\/12\/Panel-1c-1024x682.jpg\" alt=\"\" class=\"wp-image-56033\" srcset=\"https:\/\/latamobility.com\/wp-content\/uploads\/2025\/12\/Panel-1c-1024x682.jpg 1024w, https:\/\/latamobility.com\/wp-content\/uploads\/2025\/12\/Panel-1c-300x200.jpg 300w, https:\/\/latamobility.com\/wp-content\/uploads\/2025\/12\/Panel-1c-768x512.jpg 768w, https:\/\/latamobility.com\/wp-content\/uploads\/2025\/12\/Panel-1c-600x400.jpg 600w, https:\/\/latamobility.com\/wp-content\/uploads\/2025\/12\/Panel-1c.jpg 1280w\" sizes=\"(max-width: 1024px) 100vw, 1024px\" \/><\/figure>\n<\/figure>\n\n\n\n<figure class=\"wp-block-gallery has-nested-images columns-default is-cropped wp-block-gallery-13 is-layout-flex wp-block-gallery-is-layout-flex\">\n<figure class=\"wp-block-image size-large\"><img loading=\"lazy\" decoding=\"async\" width=\"1024\" height=\"683\" data-id=\"56036\" src=\"https:\/\/latamobility.com\/wp-content\/uploads\/2025\/12\/54859145891_64c13a10da_k-1024x683.jpg\" alt=\"\" class=\"wp-image-56036\" srcset=\"https:\/\/latamobility.com\/wp-content\/uploads\/2025\/12\/54859145891_64c13a10da_k-1024x683.jpg 1024w, https:\/\/latamobility.com\/wp-content\/uploads\/2025\/12\/54859145891_64c13a10da_k-300x200.jpg 300w, https:\/\/latamobility.com\/wp-content\/uploads\/2025\/12\/54859145891_64c13a10da_k-768x512.jpg 768w, https:\/\/latamobility.com\/wp-content\/uploads\/2025\/12\/54859145891_64c13a10da_k-1536x1024.jpg 1536w, https:\/\/latamobility.com\/wp-content\/uploads\/2025\/12\/54859145891_64c13a10da_k-600x400.jpg 600w, https:\/\/latamobility.com\/wp-content\/uploads\/2025\/12\/54859145891_64c13a10da_k.jpg 2048w\" sizes=\"(max-width: 1024px) 100vw, 1024px\" \/><figcaption class=\"wp-element-caption\"><strong>Cidade do M\u00e9xico, 2025<\/strong><\/figcaption><\/figure>\n\n\n\n<figure class=\"wp-block-image size-large\"><img loading=\"lazy\" decoding=\"async\" width=\"1024\" height=\"683\" data-id=\"56039\" src=\"https:\/\/latamobility.com\/wp-content\/uploads\/2025\/12\/54866324696_e12348bee4_k-1024x683.jpg\" alt=\"\" class=\"wp-image-56039\" srcset=\"https:\/\/latamobility.com\/wp-content\/uploads\/2025\/12\/54866324696_e12348bee4_k-1024x683.jpg 1024w, https:\/\/latamobility.com\/wp-content\/uploads\/2025\/12\/54866324696_e12348bee4_k-300x200.jpg 300w, https:\/\/latamobility.com\/wp-content\/uploads\/2025\/12\/54866324696_e12348bee4_k-768x512.jpg 768w, https:\/\/latamobility.com\/wp-content\/uploads\/2025\/12\/54866324696_e12348bee4_k-1536x1024.jpg 1536w, https:\/\/latamobility.com\/wp-content\/uploads\/2025\/12\/54866324696_e12348bee4_k-600x400.jpg 600w, https:\/\/latamobility.com\/wp-content\/uploads\/2025\/12\/54866324696_e12348bee4_k.jpg 2048w\" sizes=\"(max-width: 1024px) 100vw, 1024px\" \/><\/figure>\n<\/figure>\n\n\n\n<p><strong>A coopera\u00e7\u00e3o regional surgiu como um fator estrat\u00e9gico<\/strong> para acelerar o aprendizado, reduzir riscos e multiplicar o impacto dos investimentos em mobilidade limpa.<\/p>\n\n\n\n<figure class=\"wp-block-gallery has-nested-images columns-default is-cropped wp-block-gallery-14 is-layout-flex wp-block-gallery-is-layout-flex\">\n<figure class=\"wp-block-image size-large\"><img loading=\"lazy\" decoding=\"async\" width=\"1024\" height=\"683\" data-id=\"56042\" src=\"https:\/\/latamobility.com\/wp-content\/uploads\/2025\/12\/54867427390_74c204c2ad_k-1024x683.jpg\" alt=\"\" class=\"wp-image-56042\" srcset=\"https:\/\/latamobility.com\/wp-content\/uploads\/2025\/12\/54867427390_74c204c2ad_k-1024x683.jpg 1024w, https:\/\/latamobility.com\/wp-content\/uploads\/2025\/12\/54867427390_74c204c2ad_k-300x200.jpg 300w, https:\/\/latamobility.com\/wp-content\/uploads\/2025\/12\/54867427390_74c204c2ad_k-768x512.jpg 768w, https:\/\/latamobility.com\/wp-content\/uploads\/2025\/12\/54867427390_74c204c2ad_k-1536x1024.jpg 1536w, https:\/\/latamobility.com\/wp-content\/uploads\/2025\/12\/54867427390_74c204c2ad_k-600x400.jpg 600w, https:\/\/latamobility.com\/wp-content\/uploads\/2025\/12\/54867427390_74c204c2ad_k.jpg 2048w\" sizes=\"(max-width: 1024px) 100vw, 1024px\" \/><figcaption class=\"wp-element-caption\"><strong>Cidade do M\u00e9xico, 2025<\/strong><\/figcaption><\/figure>\n\n\n\n<figure class=\"wp-block-image size-large\"><img loading=\"lazy\" decoding=\"async\" width=\"1024\" height=\"683\" data-id=\"56045\" src=\"https:\/\/latamobility.com\/wp-content\/uploads\/2025\/12\/54868641684_d64bf0eafc_k-1024x683.jpg\" alt=\"\" class=\"wp-image-56045\" srcset=\"https:\/\/latamobility.com\/wp-content\/uploads\/2025\/12\/54868641684_d64bf0eafc_k-1024x683.jpg 1024w, https:\/\/latamobility.com\/wp-content\/uploads\/2025\/12\/54868641684_d64bf0eafc_k-300x200.jpg 300w, https:\/\/latamobility.com\/wp-content\/uploads\/2025\/12\/54868641684_d64bf0eafc_k-768x512.jpg 768w, https:\/\/latamobility.com\/wp-content\/uploads\/2025\/12\/54868641684_d64bf0eafc_k-1536x1024.jpg 1536w, https:\/\/latamobility.com\/wp-content\/uploads\/2025\/12\/54868641684_d64bf0eafc_k-600x400.jpg 600w, https:\/\/latamobility.com\/wp-content\/uploads\/2025\/12\/54868641684_d64bf0eafc_k.jpg 2048w\" sizes=\"(max-width: 1024px) 100vw, 1024px\" \/><\/figure>\n<\/figure>\n\n\n\n<p>A <strong>Latam Mobility Tour 2025<\/strong>, juntamente com seus encontros especializados e \u00e1reas de exposi\u00e7\u00e3o, evidenciou que o <strong>ecossistema de mobilidade sustent\u00e1vel na Am\u00e9rica Latina est\u00e1 em plena expans\u00e3o<\/strong>.<\/p>\n\n\n\n<p>O alto n\u00edvel de participa\u00e7\u00e3o, a qualidade do di\u00e1logo e a maturidade das solu\u00e7\u00f5es apresentadas refletem uma regi\u00e3o cada vez mais preparada para avan\u00e7ar em dire\u00e7\u00e3o a modelos de transporte descarbonizados.<\/p>\n\n\n\n<figure class=\"wp-block-image size-large\"><img loading=\"lazy\" decoding=\"async\" width=\"1024\" height=\"551\" src=\"https:\/\/latamobility.com\/wp-content\/uploads\/2025\/12\/54852987876_e22d7a2455_k-1024x551.jpg\" alt=\"\" class=\"wp-image-56048\" srcset=\"https:\/\/latamobility.com\/wp-content\/uploads\/2025\/12\/54852987876_e22d7a2455_k-1024x551.jpg 1024w, https:\/\/latamobility.com\/wp-content\/uploads\/2025\/12\/54852987876_e22d7a2455_k-300x161.jpg 300w, https:\/\/latamobility.com\/wp-content\/uploads\/2025\/12\/54852987876_e22d7a2455_k-768x413.jpg 768w, https:\/\/latamobility.com\/wp-content\/uploads\/2025\/12\/54852987876_e22d7a2455_k-1536x826.jpg 1536w, https:\/\/latamobility.com\/wp-content\/uploads\/2025\/12\/54852987876_e22d7a2455_k-600x323.jpg 600w, https:\/\/latamobility.com\/wp-content\/uploads\/2025\/12\/54852987876_e22d7a2455_k.jpg 2047w\" sizes=\"(max-width: 1024px) 100vw, 1024px\" \/><\/figure>\n\n\n\n<p>Mais do que um espa\u00e7o de conversa, a <strong>Latam Mobility atuou como um catalisador de alian\u00e7as, projetos e decis\u00f5es concretas<\/strong>, refor\u00e7ando a ideia de que a mobilidade limpa \u00e9 um pilar insepar\u00e1vel de uma economia de baixo carbono.<\/p>\n\n\n\n<h2 class=\"wp-block-heading\" id=\"h-acelerando-rumo-a-2026\">Acelerando rumo a 2026<\/h2>\n\n\n\n<p>O sucesso da <strong>Latam Mobility Tour 2025<\/strong> n\u00e3o representa um ponto final, mas o in\u00edcio de uma nova etapa de crescimento e consolida\u00e7\u00e3o regional.<\/p>\n\n\n\n<p>As alian\u00e7as constru\u00eddas, as conversas mantidas e as tecnologias apresentadas ao longo do ano confirmaram que a <strong>Am\u00e9rica Latina est\u00e1 pronta para acelerar de forma coordenada rumo a um futuro de emiss\u00f5es zero<\/strong>.<\/p>\n\n\n\n<p>A <strong>Latam Mobility<\/strong> agradece especialmente \u00e0s empresas participantes, parceiros estrat\u00e9gicos, palestrantes, aliados institucionais e a todos os participantes que tornaram poss\u00edvel esta turn\u00ea regional: seu compromisso e colabora\u00e7\u00e3o foram o verdadeiro motor deste impulso coletivo.<\/p>\n\n\n\n<p>Com os olhos voltados para o futuro, a <strong><a href=\"https:\/\/wa.link\/ekvh7n\">Turn\u00ea 2026<\/a><\/strong> da <strong>Latam Mobility<\/strong> j\u00e1 est\u00e1 em andamento. Convidamos todo o ecossistema a se juntar a esta pr\u00f3xima edi\u00e7\u00e3o e <strong>continuar construindo juntos o futuro da mobilidade sustent\u00e1vel na Am\u00e9rica Latina<\/strong>.<\/p>\n\n\n\n<p><strong>Esperamos por voc\u00eas para continuarmos impulsionando juntos esta revolu\u00e7\u00e3o<\/strong>!<\/p>\n\n\n\n<p>Para mais informa\u00e7\u00f5es sobre como participar, clique <strong><a href=\"https:\/\/wa.link\/ekvh7n\">aqui<\/a><\/strong>.<\/p>\n\n\n\n<figure class=\"wp-block-image size-large\"><img loading=\"lazy\" decoding=\"async\" width=\"1024\" height=\"576\" src=\"https:\/\/latamobility.com\/wp-content\/uploads\/2025\/12\/Gira_2026-1024x576.jpg\" alt=\"Gira 2026\" class=\"wp-image-55940\" srcset=\"https:\/\/latamobility.com\/wp-content\/uploads\/2025\/12\/Gira_2026-1024x576.jpg 1024w, https:\/\/latamobility.com\/wp-content\/uploads\/2025\/12\/Gira_2026-300x169.jpg 300w, https:\/\/latamobility.com\/wp-content\/uploads\/2025\/12\/Gira_2026-768x432.jpg 768w, https:\/\/latamobility.com\/wp-content\/uploads\/2025\/12\/Gira_2026-1536x864.jpg 1536w, https:\/\/latamobility.com\/wp-content\/uploads\/2025\/12\/Gira_2026-2048x1153.jpg 2048w, https:\/\/latamobility.com\/wp-content\/uploads\/2025\/12\/Gira_2026-600x338.jpg 600w\" sizes=\"(max-width: 1024px) 100vw, 1024px\" \/><\/figure>\n","protected":false},"excerpt":{"rendered":"<p>A Turn\u00ea 2025 da Latam Mobility marcou um ponto de inflex\u00e3o para a transi\u00e7\u00e3o rumo \u00e0 mobilidade sustent\u00e1vel na Am\u00e9rica Latina, consolidando-se como a principal plataforma regional de encontro, articula\u00e7\u00e3o e a\u00e7\u00e3o para avan\u00e7ar em dire\u00e7\u00e3o a um transporte com emiss\u00f5es zero. Ao longo do ano, a turn\u00ea percorreu mercados importantes como M\u00e9xico, Brasil, Col\u00f4mbia&#8230;<\/p>\n","protected":false},"author":10,"featured_media":56068,"comment_status":"open","ping_status":"closed","sticky":false,"template":"","format":"standard","meta":{"_kad_post_transparent":"","_kad_post_title":"","_kad_post_layout":"","_kad_post_sidebar_id":"","_kad_post_content_style":"","_kad_post_vertical_padding":"","_kad_post_feature":"","_kad_post_feature_position":"","_kad_post_header":false,"_kad_post_footer":false,"_kad_post_classname":"","footnotes":""},"categories":[2972],"tags":[2360,3326,3431,3356,2357],"class_list":["post-56059","post","type-post","status-publish","format-standard","has-post-thumbnail","hentry","category-encuentros-movilidad-sostenible-pt-br","tag-brasil-pt-br","tag-chile-pt-br","tag-colombia-pt-br","tag-mexico-pt-br","tag-movilidad-sostenible-pt-br"],"yoast_head":"<!-- This site is optimized with the Yoast SEO Premium plugin v22.7 (Yoast SEO v27.4) - https:\/\/yoast.com\/product\/yoast-seo-premium-wordpress\/ -->\n<title>Da conversa \u00e0 a\u00e7\u00e3o: a \u201cTurn\u00ea 2025\u201d da Latam Mobility conectou os principais atores da mobilidade limpa - Latam Mobility<\/title>\n<meta name=\"description\" content=\"A Turn\u00ea 2025 da Latam Mobility marcou um ponto de inflex\u00e3o para a transi\u00e7\u00e3o rumo \u00e0 mobilidade sustent\u00e1vel na Am\u00e9rica Latina\" \/>\n<meta name=\"robots\" content=\"index, follow, max-snippet:-1, max-image-preview:large, max-video-preview:-1\" \/>\n<link rel=\"canonical\" href=\"https:\/\/latamobility.com\/pt-br\/turne-2025-da-latam-mobility-mobilidade-limpa\/\" \/>\n<meta property=\"og:locale\" content=\"pt_BR\" \/>\n<meta property=\"og:type\" content=\"article\" \/>\n<meta property=\"og:title\" content=\"Da conversa \u00e0 a\u00e7\u00e3o: a \u201cTurn\u00ea 2025\u201d da Latam Mobility conectou os principais atores da mobilidade limpa\" \/>\n<meta property=\"og:description\" content=\"A Turn\u00ea 2025 da Latam Mobility marcou um ponto de inflex\u00e3o para a transi\u00e7\u00e3o rumo \u00e0 mobilidade sustent\u00e1vel na Am\u00e9rica Latina\" \/>\n<meta property=\"og:url\" content=\"https:\/\/latamobility.com\/pt-br\/turne-2025-da-latam-mobility-mobilidade-limpa\/\" \/>\n<meta property=\"og:site_name\" content=\"Latam Mobility\" \/>\n<meta property=\"article:publisher\" content=\"https:\/\/www.facebook.com\/latamobility\/\" \/>\n<meta property=\"article:published_time\" content=\"2025-12-18T10:00:00+00:00\" \/>\n<meta property=\"article:modified_time\" content=\"2025-12-18T13:59:30+00:00\" \/>\n<meta property=\"og:image\" content=\"https:\/\/latamobility.com\/wp-content\/uploads\/2025\/12\/54859148256_f0751edfa9_k.jpg\" \/>\n\t<meta property=\"og:image:width\" content=\"2048\" \/>\n\t<meta property=\"og:image:height\" content=\"1251\" \/>\n\t<meta property=\"og:image:type\" content=\"image\/jpeg\" \/>\n<meta name=\"author\" content=\"Antonio Vilela\" \/>\n<meta name=\"twitter:card\" content=\"summary_large_image\" \/>\n<meta name=\"twitter:description\" content=\"A Turn\u00ea 2025 da Latam Mobility marcou um ponto de inflex\u00e3o para a transi\u00e7\u00e3o rumo \u00e0 mobilidade sustent\u00e1vel na Am\u00e9rica Latina\" \/>\n<meta name=\"twitter:creator\" content=\"@LataMobility\" \/>\n<meta name=\"twitter:site\" content=\"@LataMobility\" \/>\n<meta name=\"twitter:label1\" content=\"Escrito por\" \/>\n\t<meta name=\"twitter:data1\" content=\"Antonio Vilela\" \/>\n\t<meta name=\"twitter:label2\" content=\"Est. tempo de leitura\" \/>\n\t<meta name=\"twitter:data2\" content=\"5 minutos\" \/>\n<script type=\"application\/ld+json\" class=\"yoast-schema-graph\">{\"@context\":\"https:\\\/\\\/schema.org\",\"@graph\":[{\"@type\":\"NewsArticle\",\"@id\":\"https:\\\/\\\/latamobility.com\\\/pt-br\\\/turne-2025-da-latam-mobility-mobilidade-limpa\\\/#article\",\"isPartOf\":{\"@id\":\"https:\\\/\\\/latamobility.com\\\/pt-br\\\/turne-2025-da-latam-mobility-mobilidade-limpa\\\/\"},\"author\":{\"name\":\"Antonio Vilela\",\"@id\":\"https:\\\/\\\/latamobility.com\\\/#\\\/schema\\\/person\\\/fda092a2de1f87d347784282908bad1a\"},\"headline\":\"Da conversa \u00e0 a\u00e7\u00e3o: a \u201cTurn\u00ea 2025\u201d da Latam Mobility conectou os principais atores da mobilidade limpa\",\"datePublished\":\"2025-12-18T10:00:00+00:00\",\"dateModified\":\"2025-12-18T13:59:30+00:00\",\"mainEntityOfPage\":{\"@id\":\"https:\\\/\\\/latamobility.com\\\/pt-br\\\/turne-2025-da-latam-mobility-mobilidade-limpa\\\/\"},\"wordCount\":1061,\"commentCount\":0,\"publisher\":{\"@id\":\"https:\\\/\\\/latamobility.com\\\/#organization\"},\"image\":{\"@id\":\"https:\\\/\\\/latamobility.com\\\/pt-br\\\/turne-2025-da-latam-mobility-mobilidade-limpa\\\/#primaryimage\"},\"thumbnailUrl\":\"https:\\\/\\\/latamobility.com\\\/wp-content\\\/uploads\\\/2025\\\/12\\\/54859148256_f0751edfa9_k.jpg\",\"keywords\":[\"Brasil\",\"Chile\",\"Colombia\",\"M\u00e9xico\",\"Movilidad Sostenible\"],\"articleSection\":[\"Encuentros\"],\"inLanguage\":\"pt-BR\",\"potentialAction\":[{\"@type\":\"CommentAction\",\"name\":\"Comment\",\"target\":[\"https:\\\/\\\/latamobility.com\\\/pt-br\\\/turne-2025-da-latam-mobility-mobilidade-limpa\\\/#respond\"]}]},{\"@type\":\"WebPage\",\"@id\":\"https:\\\/\\\/latamobility.com\\\/pt-br\\\/turne-2025-da-latam-mobility-mobilidade-limpa\\\/\",\"url\":\"https:\\\/\\\/latamobility.com\\\/pt-br\\\/turne-2025-da-latam-mobility-mobilidade-limpa\\\/\",\"name\":\"Da conversa \u00e0 a\u00e7\u00e3o: a \u201cTurn\u00ea 2025\u201d da Latam Mobility conectou os principais atores da mobilidade limpa - Latam Mobility\",\"isPartOf\":{\"@id\":\"https:\\\/\\\/latamobility.com\\\/#website\"},\"primaryImageOfPage\":{\"@id\":\"https:\\\/\\\/latamobility.com\\\/pt-br\\\/turne-2025-da-latam-mobility-mobilidade-limpa\\\/#primaryimage\"},\"image\":{\"@id\":\"https:\\\/\\\/latamobility.com\\\/pt-br\\\/turne-2025-da-latam-mobility-mobilidade-limpa\\\/#primaryimage\"},\"thumbnailUrl\":\"https:\\\/\\\/latamobility.com\\\/wp-content\\\/uploads\\\/2025\\\/12\\\/54859148256_f0751edfa9_k.jpg\",\"datePublished\":\"2025-12-18T10:00:00+00:00\",\"dateModified\":\"2025-12-18T13:59:30+00:00\",\"description\":\"A Turn\u00ea 2025 da Latam Mobility marcou um ponto de inflex\u00e3o para a transi\u00e7\u00e3o rumo \u00e0 mobilidade sustent\u00e1vel na Am\u00e9rica Latina\",\"breadcrumb\":{\"@id\":\"https:\\\/\\\/latamobility.com\\\/pt-br\\\/turne-2025-da-latam-mobility-mobilidade-limpa\\\/#breadcrumb\"},\"inLanguage\":\"pt-BR\",\"potentialAction\":[{\"@type\":\"ReadAction\",\"target\":[\"https:\\\/\\\/latamobility.com\\\/pt-br\\\/turne-2025-da-latam-mobility-mobilidade-limpa\\\/\"]}]},{\"@type\":\"ImageObject\",\"inLanguage\":\"pt-BR\",\"@id\":\"https:\\\/\\\/latamobility.com\\\/pt-br\\\/turne-2025-da-latam-mobility-mobilidade-limpa\\\/#primaryimage\",\"url\":\"https:\\\/\\\/latamobility.com\\\/wp-content\\\/uploads\\\/2025\\\/12\\\/54859148256_f0751edfa9_k.jpg\",\"contentUrl\":\"https:\\\/\\\/latamobility.com\\\/wp-content\\\/uploads\\\/2025\\\/12\\\/54859148256_f0751edfa9_k.jpg\",\"width\":2048,\"height\":1251},{\"@type\":\"BreadcrumbList\",\"@id\":\"https:\\\/\\\/latamobility.com\\\/pt-br\\\/turne-2025-da-latam-mobility-mobilidade-limpa\\\/#breadcrumb\",\"itemListElement\":[{\"@type\":\"ListItem\",\"position\":1,\"name\":\"Portada\",\"item\":\"https:\\\/\\\/latamobility.com\\\/pt-br\\\/\"},{\"@type\":\"ListItem\",\"position\":2,\"name\":\"Da conversa \u00e0 a\u00e7\u00e3o: a \u201cTurn\u00ea 2025\u201d da Latam Mobility conectou os principais atores da mobilidade limpa\"}]},{\"@type\":\"WebSite\",\"@id\":\"https:\\\/\\\/latamobility.com\\\/#website\",\"url\":\"https:\\\/\\\/latamobility.com\\\/\",\"name\":\"Latam Mobility\",\"description\":\"Serie de Eventos para promover la Movilidad y Transporte sostenible en Latinoam\u00e9rica\",\"publisher\":{\"@id\":\"https:\\\/\\\/latamobility.com\\\/#organization\"},\"potentialAction\":[{\"@type\":\"SearchAction\",\"target\":{\"@type\":\"EntryPoint\",\"urlTemplate\":\"https:\\\/\\\/latamobility.com\\\/?s={search_term_string}\"},\"query-input\":{\"@type\":\"PropertyValueSpecification\",\"valueRequired\":true,\"valueName\":\"search_term_string\"}}],\"inLanguage\":\"pt-BR\"},{\"@type\":\"Organization\",\"@id\":\"https:\\\/\\\/latamobility.com\\\/#organization\",\"name\":\"LATAM MOBILITY\",\"url\":\"https:\\\/\\\/latamobility.com\\\/\",\"logo\":{\"@type\":\"ImageObject\",\"inLanguage\":\"pt-BR\",\"@id\":\"https:\\\/\\\/latamobility.com\\\/#\\\/schema\\\/logo\\\/image\\\/\",\"url\":\"https:\\\/\\\/latamobility.com\\\/wp-content\\\/uploads\\\/2025\\\/01\\\/logos-LM-LG-2025-10.png\",\"contentUrl\":\"https:\\\/\\\/latamobility.com\\\/wp-content\\\/uploads\\\/2025\\\/01\\\/logos-LM-LG-2025-10.png\",\"width\":1080,\"height\":1080,\"caption\":\"LATAM MOBILITY\"},\"image\":{\"@id\":\"https:\\\/\\\/latamobility.com\\\/#\\\/schema\\\/logo\\\/image\\\/\"},\"sameAs\":[\"https:\\\/\\\/www.facebook.com\\\/latamobility\\\/\",\"https:\\\/\\\/x.com\\\/LataMobility\",\"https:\\\/\\\/www.instagram.com\\\/latamobility\\\/\",\"https:\\\/\\\/www.linkedin.com\\\/company\\\/latamobility\\\/\",\"https:\\\/\\\/www.youtube.com\\\/channel\\\/UCtcslRCRY0vITWaOQ1X0XUA\"]},{\"@type\":\"Person\",\"@id\":\"https:\\\/\\\/latamobility.com\\\/#\\\/schema\\\/person\\\/fda092a2de1f87d347784282908bad1a\",\"name\":\"Antonio Vilela\",\"image\":{\"@type\":\"ImageObject\",\"inLanguage\":\"pt-BR\",\"@id\":\"https:\\\/\\\/secure.gravatar.com\\\/avatar\\\/7eee8196fd2fda180806d7b41cd517f274d5ad3b9f65d873feb3ca7e2b3a72d2?s=96&d=mm&r=g\",\"url\":\"https:\\\/\\\/secure.gravatar.com\\\/avatar\\\/7eee8196fd2fda180806d7b41cd517f274d5ad3b9f65d873feb3ca7e2b3a72d2?s=96&d=mm&r=g\",\"contentUrl\":\"https:\\\/\\\/secure.gravatar.com\\\/avatar\\\/7eee8196fd2fda180806d7b41cd517f274d5ad3b9f65d873feb3ca7e2b3a72d2?s=96&d=mm&r=g\",\"caption\":\"Antonio Vilela\"}}]}<\/script>\n<!-- \/ Yoast SEO Premium plugin. -->","yoast_head_json":{"title":"Da conversa \u00e0 a\u00e7\u00e3o: a \u201cTurn\u00ea 2025\u201d da Latam Mobility conectou os principais atores da mobilidade limpa - Latam Mobility","description":"A Turn\u00ea 2025 da Latam Mobility marcou um ponto de inflex\u00e3o para a transi\u00e7\u00e3o rumo \u00e0 mobilidade sustent\u00e1vel na Am\u00e9rica Latina","robots":{"index":"index","follow":"follow","max-snippet":"max-snippet:-1","max-image-preview":"max-image-preview:large","max-video-preview":"max-video-preview:-1"},"canonical":"https:\/\/latamobility.com\/pt-br\/turne-2025-da-latam-mobility-mobilidade-limpa\/","og_locale":"pt_BR","og_type":"article","og_title":"Da conversa \u00e0 a\u00e7\u00e3o: a \u201cTurn\u00ea 2025\u201d da Latam Mobility conectou os principais atores da mobilidade limpa","og_description":"A Turn\u00ea 2025 da Latam Mobility marcou um ponto de inflex\u00e3o para a transi\u00e7\u00e3o rumo \u00e0 mobilidade sustent\u00e1vel na Am\u00e9rica Latina","og_url":"https:\/\/latamobility.com\/pt-br\/turne-2025-da-latam-mobility-mobilidade-limpa\/","og_site_name":"Latam Mobility","article_publisher":"https:\/\/www.facebook.com\/latamobility\/","article_published_time":"2025-12-18T10:00:00+00:00","article_modified_time":"2025-12-18T13:59:30+00:00","og_image":[{"width":2048,"height":1251,"url":"https:\/\/latamobility.com\/wp-content\/uploads\/2025\/12\/54859148256_f0751edfa9_k.jpg","type":"image\/jpeg"}],"author":"Antonio Vilela","twitter_card":"summary_large_image","twitter_description":"A Turn\u00ea 2025 da Latam Mobility marcou um ponto de inflex\u00e3o para a transi\u00e7\u00e3o rumo \u00e0 mobilidade sustent\u00e1vel na Am\u00e9rica Latina","twitter_creator":"@LataMobility","twitter_site":"@LataMobility","twitter_misc":{"Escrito por":"Antonio Vilela","Est. tempo de leitura":"5 minutos"},"schema":{"@context":"https:\/\/schema.org","@graph":[{"@type":"NewsArticle","@id":"https:\/\/latamobility.com\/pt-br\/turne-2025-da-latam-mobility-mobilidade-limpa\/#article","isPartOf":{"@id":"https:\/\/latamobility.com\/pt-br\/turne-2025-da-latam-mobility-mobilidade-limpa\/"},"author":{"name":"Antonio Vilela","@id":"https:\/\/latamobility.com\/#\/schema\/person\/fda092a2de1f87d347784282908bad1a"},"headline":"Da conversa \u00e0 a\u00e7\u00e3o: a \u201cTurn\u00ea 2025\u201d da Latam Mobility conectou os principais atores da mobilidade limpa","datePublished":"2025-12-18T10:00:00+00:00","dateModified":"2025-12-18T13:59:30+00:00","mainEntityOfPage":{"@id":"https:\/\/latamobility.com\/pt-br\/turne-2025-da-latam-mobility-mobilidade-limpa\/"},"wordCount":1061,"commentCount":0,"publisher":{"@id":"https:\/\/latamobility.com\/#organization"},"image":{"@id":"https:\/\/latamobility.com\/pt-br\/turne-2025-da-latam-mobility-mobilidade-limpa\/#primaryimage"},"thumbnailUrl":"https:\/\/latamobility.com\/wp-content\/uploads\/2025\/12\/54859148256_f0751edfa9_k.jpg","keywords":["Brasil","Chile","Colombia","M\u00e9xico","Movilidad Sostenible"],"articleSection":["Encuentros"],"inLanguage":"pt-BR","potentialAction":[{"@type":"CommentAction","name":"Comment","target":["https:\/\/latamobility.com\/pt-br\/turne-2025-da-latam-mobility-mobilidade-limpa\/#respond"]}]},{"@type":"WebPage","@id":"https:\/\/latamobility.com\/pt-br\/turne-2025-da-latam-mobility-mobilidade-limpa\/","url":"https:\/\/latamobility.com\/pt-br\/turne-2025-da-latam-mobility-mobilidade-limpa\/","name":"Da conversa \u00e0 a\u00e7\u00e3o: a \u201cTurn\u00ea 2025\u201d da Latam Mobility conectou os principais atores da mobilidade limpa - Latam Mobility","isPartOf":{"@id":"https:\/\/latamobility.com\/#website"},"primaryImageOfPage":{"@id":"https:\/\/latamobility.com\/pt-br\/turne-2025-da-latam-mobility-mobilidade-limpa\/#primaryimage"},"image":{"@id":"https:\/\/latamobility.com\/pt-br\/turne-2025-da-latam-mobility-mobilidade-limpa\/#primaryimage"},"thumbnailUrl":"https:\/\/latamobility.com\/wp-content\/uploads\/2025\/12\/54859148256_f0751edfa9_k.jpg","datePublished":"2025-12-18T10:00:00+00:00","dateModified":"2025-12-18T13:59:30+00:00","description":"A Turn\u00ea 2025 da Latam Mobility marcou um ponto de inflex\u00e3o para a transi\u00e7\u00e3o rumo \u00e0 mobilidade sustent\u00e1vel na Am\u00e9rica Latina","breadcrumb":{"@id":"https:\/\/latamobility.com\/pt-br\/turne-2025-da-latam-mobility-mobilidade-limpa\/#breadcrumb"},"inLanguage":"pt-BR","potentialAction":[{"@type":"ReadAction","target":["https:\/\/latamobility.com\/pt-br\/turne-2025-da-latam-mobility-mobilidade-limpa\/"]}]},{"@type":"ImageObject","inLanguage":"pt-BR","@id":"https:\/\/latamobility.com\/pt-br\/turne-2025-da-latam-mobility-mobilidade-limpa\/#primaryimage","url":"https:\/\/latamobility.com\/wp-content\/uploads\/2025\/12\/54859148256_f0751edfa9_k.jpg","contentUrl":"https:\/\/latamobility.com\/wp-content\/uploads\/2025\/12\/54859148256_f0751edfa9_k.jpg","width":2048,"height":1251},{"@type":"BreadcrumbList","@id":"https:\/\/latamobility.com\/pt-br\/turne-2025-da-latam-mobility-mobilidade-limpa\/#breadcrumb","itemListElement":[{"@type":"ListItem","position":1,"name":"Portada","item":"https:\/\/latamobility.com\/pt-br\/"},{"@type":"ListItem","position":2,"name":"Da conversa \u00e0 a\u00e7\u00e3o: a \u201cTurn\u00ea 2025\u201d da Latam Mobility conectou os principais atores da mobilidade limpa"}]},{"@type":"WebSite","@id":"https:\/\/latamobility.com\/#website","url":"https:\/\/latamobility.com\/","name":"Latam Mobility","description":"Serie de Eventos para promover la Movilidad y Transporte sostenible en Latinoam\u00e9rica","publisher":{"@id":"https:\/\/latamobility.com\/#organization"},"potentialAction":[{"@type":"SearchAction","target":{"@type":"EntryPoint","urlTemplate":"https:\/\/latamobility.com\/?s={search_term_string}"},"query-input":{"@type":"PropertyValueSpecification","valueRequired":true,"valueName":"search_term_string"}}],"inLanguage":"pt-BR"},{"@type":"Organization","@id":"https:\/\/latamobility.com\/#organization","name":"LATAM MOBILITY","url":"https:\/\/latamobility.com\/","logo":{"@type":"ImageObject","inLanguage":"pt-BR","@id":"https:\/\/latamobility.com\/#\/schema\/logo\/image\/","url":"https:\/\/latamobility.com\/wp-content\/uploads\/2025\/01\/logos-LM-LG-2025-10.png","contentUrl":"https:\/\/latamobility.com\/wp-content\/uploads\/2025\/01\/logos-LM-LG-2025-10.png","width":1080,"height":1080,"caption":"LATAM MOBILITY"},"image":{"@id":"https:\/\/latamobility.com\/#\/schema\/logo\/image\/"},"sameAs":["https:\/\/www.facebook.com\/latamobility\/","https:\/\/x.com\/LataMobility","https:\/\/www.instagram.com\/latamobility\/","https:\/\/www.linkedin.com\/company\/latamobility\/","https:\/\/www.youtube.com\/channel\/UCtcslRCRY0vITWaOQ1X0XUA"]},{"@type":"Person","@id":"https:\/\/latamobility.com\/#\/schema\/person\/fda092a2de1f87d347784282908bad1a","name":"Antonio Vilela","image":{"@type":"ImageObject","inLanguage":"pt-BR","@id":"https:\/\/secure.gravatar.com\/avatar\/7eee8196fd2fda180806d7b41cd517f274d5ad3b9f65d873feb3ca7e2b3a72d2?s=96&d=mm&r=g","url":"https:\/\/secure.gravatar.com\/avatar\/7eee8196fd2fda180806d7b41cd517f274d5ad3b9f65d873feb3ca7e2b3a72d2?s=96&d=mm&r=g","contentUrl":"https:\/\/secure.gravatar.com\/avatar\/7eee8196fd2fda180806d7b41cd517f274d5ad3b9f65d873feb3ca7e2b3a72d2?s=96&d=mm&r=g","caption":"Antonio Vilela"}}]}},"_links":{"self":[{"href":"https:\/\/latamobility.com\/pt-br\/wp-json\/wp\/v2\/posts\/56059","targetHints":{"allow":["GET"]}}],"collection":[{"href":"https:\/\/latamobility.com\/pt-br\/wp-json\/wp\/v2\/posts"}],"about":[{"href":"https:\/\/latamobility.com\/pt-br\/wp-json\/wp\/v2\/types\/post"}],"author":[{"embeddable":true,"href":"https:\/\/latamobility.com\/pt-br\/wp-json\/wp\/v2\/users\/10"}],"replies":[{"embeddable":true,"href":"https:\/\/latamobility.com\/pt-br\/wp-json\/wp\/v2\/comments?post=56059"}],"version-history":[{"count":1,"href":"https:\/\/latamobility.com\/pt-br\/wp-json\/wp\/v2\/posts\/56059\/revisions"}],"predecessor-version":[{"id":56061,"href":"https:\/\/latamobility.com\/pt-br\/wp-json\/wp\/v2\/posts\/56059\/revisions\/56061"}],"wp:featuredmedia":[{"embeddable":true,"href":"https:\/\/latamobility.com\/pt-br\/wp-json\/wp\/v2\/media\/56068"}],"wp:attachment":[{"href":"https:\/\/latamobility.com\/pt-br\/wp-json\/wp\/v2\/media?parent=56059"}],"wp:term":[{"taxonomy":"category","embeddable":true,"href":"https:\/\/latamobility.com\/pt-br\/wp-json\/wp\/v2\/categories?post=56059"},{"taxonomy":"post_tag","embeddable":true,"href":"https:\/\/latamobility.com\/pt-br\/wp-json\/wp\/v2\/tags?post=56059"}],"curies":[{"name":"wp","href":"https:\/\/api.w.org\/{rel}","templated":true}]}}