{"id":56987,"date":"2026-01-22T05:00:00","date_gmt":"2026-01-22T10:00:00","guid":{"rendered":"https:\/\/latamobility.com\/?p=56987"},"modified":"2026-01-19T08:49:32","modified_gmt":"2026-01-19T13:49:32","slug":"brasil-chevrolet-veiculos-hibridos-eletricos-2026","status":"publish","type":"post","link":"https:\/\/latamobility.com\/pt-br\/brasil-chevrolet-veiculos-hibridos-eletricos-2026\/","title":{"rendered":"Brasil: Chevrolet refor\u00e7a sua estrat\u00e9gia de eletrifica\u00e7\u00e3o com uma ampla oferta de ve\u00edculos h\u00edbridos e el\u00e9tricos em 2026"},"content":{"rendered":"\n<p>A <strong>Chevrolet<\/strong>, marca global da <strong>General Motors<\/strong>, confirma uma expans\u00e3o significativa de sua estrat\u00e9gia de eletrifica\u00e7\u00e3o no mercado brasileiro durante <strong>2026<\/strong>, com <strong>uma agenda de lan\u00e7amentos que abrange modelos el\u00e9tricos e h\u00edbridos<\/strong> voltados para consolidar sua presen\u00e7a no segmento de mobilidade sustent\u00e1vel e aproximar os consumidores brasileiros de tecnologias mais eficientes e menos poluentes.<\/p>\n\n\n\n<p>De acordo com informa\u00e7\u00f5es divulgadas pela subsidi\u00e1ria da <strong>GM<\/strong> no <strong>Brasil<\/strong>, a marca antecipa que a maioria de seus lan\u00e7amentos previstos para 2026 incluir\u00e1 <strong>op\u00e7\u00f5es eletrificadas,<\/strong> refletindo uma aposta estrat\u00e9gica em solu\u00e7\u00f5es mais eficientes em rela\u00e7\u00e3o \u00e0s tradicionais de combust\u00e3o interna.<\/p>\n\n\n\n<p>Essa mudan\u00e7a responde ao <strong>crescimento din\u00e2mico da demanda por ve\u00edculos eletrificados<\/strong> <strong>no pa\u00eds<\/strong> e ao desenvolvimento de tecnologias que reduzem os custos das baterias e melhoram o acesso dos consumidores a modelos mais sustent\u00e1veis.<\/p>\n\n\n\n<p>De acordo com a <strong>Chevrolet Brasil<\/strong>, \u201ca categoria de ve\u00edculos eletrificados \u00e9 a que mais cresce no pa\u00eds, impulsionada pela maior disponibilidade de produtos e pela redu\u00e7\u00e3o nos custos dos sistemas de propuls\u00e3o el\u00e9trica\u201d.<\/p>\n\n\n\n<p>\u201cIsso refor\u00e7a a estrat\u00e9gia da <strong>Chevrolet <\/strong>de tornar a eletrifica\u00e7\u00e3o acess\u00edvel e democr\u00e1tica, com a confian\u00e7a de uma empresa com mais de 100 anos de hist\u00f3ria no Brasil, oferecendo inova\u00e7\u00e3o, seguran\u00e7a e uma ampla rede de assist\u00eancia em todo o territ\u00f3rio nacional\u201d, acrescentou a empresa.<\/p>\n\n\n\n<p><strong>Voc\u00ea tamb\u00e9m pode se interessar por<\/strong> | <strong><a href=\"https:\/\/latamobility.com\/pt-br\/kodiak-bosch-tecnologia-caminhoes-autonomos\/\">Alian\u00e7a Kodiak\u2013Bosch acelera a produ\u00e7\u00e3o de tecnologia para caminh\u00f5es aut\u00f4nomos<\/a><\/strong><\/p>\n\n\n\n<h2 class=\"wp-block-heading\" id=\"h-modelos-eletrificados-que-marcarao-2026\">Modelos eletrificados que marcar\u00e3o 2026<\/h2>\n\n\n\n<p>Dentro do plano de expans\u00e3o da eletrifica\u00e7\u00e3o, a <strong>Chevrolet <\/strong>prev\u00ea apresentar cerca de quatro modelos com trens eletrificados no mercado brasileiro este ano. Entre eles, destacam-se:<\/p>\n\n\n\n<p>O <strong>Chevrolet Captiva PHEV<\/strong> (h\u00edbrido plug-in), que complementar\u00e1<strong> a vers\u00e3o 100% el\u00e9trica do SUV Captiva<\/strong>, j\u00e1 anunciada para o mercado local. Este novo ve\u00edculo combina motor a combust\u00e3o com propuls\u00e3o el\u00e9trica plug-in, oferecendo uma vers\u00e3o h\u00edbrida plug-in que pode percorrer at\u00e9 <strong>1.100 km com um \u00fanico ciclo de opera\u00e7\u00e3o<\/strong> antes de precisar recarga ou combust\u00edvel, de acordo com a m\u00eddia especializada.<\/p>\n\n\n\n<p>O <strong>Captiva<\/strong>, que retorna ao portf\u00f3lio da <strong>Chevrolet <\/strong>ap\u00f3s anos de aus\u00eancia no <strong>Brasil<\/strong>, foi antecipado em vers\u00f5es h\u00edbridas e el\u00e9tricas para 2026 e faz parte de uma concorr\u00eancia direta com outros SUVs el\u00e9tricos, como o <strong>BYD Song Plus<\/strong> e o <strong>Haval H6<\/strong>, que j\u00e1 circulam na regi\u00e3o com tecnologias semelhantes.<\/p>\n\n\n\n<figure class=\"wp-block-image size-large\"><img fetchpriority=\"high\" decoding=\"async\" width=\"1024\" height=\"682\" src=\"https:\/\/latamobility.com\/wp-content\/uploads\/2026\/01\/Chevrolet-190126-b-1024x682.jpg\" alt=\"Chevrolet\" class=\"wp-image-56974\" srcset=\"https:\/\/latamobility.com\/wp-content\/uploads\/2026\/01\/Chevrolet-190126-b-1024x682.jpg 1024w, https:\/\/latamobility.com\/wp-content\/uploads\/2026\/01\/Chevrolet-190126-b-300x200.jpg 300w, https:\/\/latamobility.com\/wp-content\/uploads\/2026\/01\/Chevrolet-190126-b-768x512.jpg 768w, https:\/\/latamobility.com\/wp-content\/uploads\/2026\/01\/Chevrolet-190126-b-1536x1024.jpg 1536w, https:\/\/latamobility.com\/wp-content\/uploads\/2026\/01\/Chevrolet-190126-b-600x400.jpg 600w, https:\/\/latamobility.com\/wp-content\/uploads\/2026\/01\/Chevrolet-190126-b.jpg 2000w\" sizes=\"(max-width: 1024px) 100vw, 1024px\" \/><figcaption class=\"wp-element-caption\">Chevrolet Captiva PHEV<\/figcaption><\/figure>\n\n\n\n<p>Al\u00e9m do <strong>Captiva PHEV<\/strong>, a <strong>Chevrolet <\/strong>planeja introduzir variantes h\u00edbridas de modelos muito conhecidos pelo p\u00fablico brasileiro. Entre eles, reportagens da imprensa apontam que vers\u00f5es h\u00edbridas do <strong>Tracker <\/strong>e do <strong>Montana <\/strong>est\u00e3o em desenvolvimento com data de chegada prevista para este ano, como parte de um pacote mais amplo de eletrifica\u00e7\u00e3o dentro do portf\u00f3lio da marca.<\/p>\n\n\n\n<p>Embora a<strong> GM Brasil<\/strong> ainda n\u00e3o tenha publicado especifica\u00e7\u00f5es t\u00e9cnicas detalhadas sobre esses motores h\u00edbridos, fontes do setor indicam que <strong>os novos produtos incorporar\u00e3o solu\u00e7\u00f5es mild-hybrid e PHEV<\/strong>, o que permitir\u00e1 reduzir o consumo de combust\u00edvel e as emiss\u00f5es sem sacrificar o desempenho e a usabilidade cotidiana esperados pelos consumidores brasileiros.<\/p>\n\n\n\n<figure class=\"wp-block-image size-large\"><img decoding=\"async\" width=\"1024\" height=\"640\" src=\"https:\/\/latamobility.com\/wp-content\/uploads\/2026\/01\/Chevrolet-190126-d-1024x640.jpg\" alt=\"Chevrolet\" class=\"wp-image-56979\" srcset=\"https:\/\/latamobility.com\/wp-content\/uploads\/2026\/01\/Chevrolet-190126-d-1024x640.jpg 1024w, https:\/\/latamobility.com\/wp-content\/uploads\/2026\/01\/Chevrolet-190126-d-300x187.jpg 300w, https:\/\/latamobility.com\/wp-content\/uploads\/2026\/01\/Chevrolet-190126-d-768x480.jpg 768w, https:\/\/latamobility.com\/wp-content\/uploads\/2026\/01\/Chevrolet-190126-d-1536x959.jpg 1536w, https:\/\/latamobility.com\/wp-content\/uploads\/2026\/01\/Chevrolet-190126-d-2048x1279.jpg 2048w, https:\/\/latamobility.com\/wp-content\/uploads\/2026\/01\/Chevrolet-190126-d-600x375.jpg 600w\" sizes=\"(max-width: 1024px) 100vw, 1024px\" \/><figcaption class=\"wp-element-caption\">Chevrolet Tracker 2026<\/figcaption><\/figure>\n\n\n\n<h2 class=\"wp-block-heading\" id=\"h-producao-local-e-fortalecimento-industrial\">Produ\u00e7\u00e3o local e fortalecimento industrial<\/h2>\n\n\n\n<p>A <strong>Chevrolet <\/strong>tamb\u00e9m tra\u00e7ou uma estrat\u00e9gia para fortalecer a produ\u00e7\u00e3o local de ve\u00edculos el\u00e9tricos no <strong>Brasil<\/strong>.<\/p>\n\n\n\n<p>No final de 2025, a marca iniciou a montagem do <strong>Chevrolet Spark EUV<\/strong> el\u00e9trico na f\u00e1brica da <strong>Comexport PACE<\/strong> no Cear\u00e1, marcando um marco importante na produ\u00e7\u00e3o nacional de ve\u00edculos el\u00e9tricos e estabelecendo as bases para futuras linhas de produ\u00e7\u00e3o de modelos como o <strong>Captiva EV<\/strong> e suas variantes eletrificadas.<\/p>\n\n\n\n<p>Esse impulso industrial inclui n\u00e3o apenas a <strong>amplia\u00e7\u00e3o das instala\u00e7\u00f5es, mas tamb\u00e9m a capacita\u00e7\u00e3o de fornecedores locais<\/strong> e a gera\u00e7\u00e3o de empregos em torno de uma ind\u00fastria automotiva mais voltada para a inova\u00e7\u00e3o e a sustentabilidade.<\/p>\n\n\n\n<p>A decis\u00e3o de eletrificar grande parte de sua linha no Brasil responde a tend\u00eancias globais e locais, onde o segmento de ve\u00edculos eletrificados continua se expandindo com for\u00e7a.<\/p>\n\n\n\n<figure class=\"wp-block-image size-large\"><img decoding=\"async\" width=\"1024\" height=\"682\" src=\"https:\/\/latamobility.com\/wp-content\/uploads\/2026\/01\/Chevrolet-190126-e-1024x682.jpg\" alt=\"Chevrolet\" class=\"wp-image-56982\" srcset=\"https:\/\/latamobility.com\/wp-content\/uploads\/2026\/01\/Chevrolet-190126-e-1024x682.jpg 1024w, https:\/\/latamobility.com\/wp-content\/uploads\/2026\/01\/Chevrolet-190126-e-300x200.jpg 300w, https:\/\/latamobility.com\/wp-content\/uploads\/2026\/01\/Chevrolet-190126-e-768x512.jpg 768w, https:\/\/latamobility.com\/wp-content\/uploads\/2026\/01\/Chevrolet-190126-e-1536x1024.jpg 1536w, https:\/\/latamobility.com\/wp-content\/uploads\/2026\/01\/Chevrolet-190126-e-600x400.jpg 600w, https:\/\/latamobility.com\/wp-content\/uploads\/2026\/01\/Chevrolet-190126-e.jpg 2000w\" sizes=\"(max-width: 1024px) 100vw, 1024px\" \/><figcaption class=\"wp-element-caption\">Chevrolet Spark EUV<\/figcaption><\/figure>\n\n\n\n<p>Com essa iniciativa, a <strong>Chevrolet <\/strong>busca se posicionar n\u00e3o apenas como uma marca relevante para o consumidor tradicional, mas tamb\u00e9m como um ator-chave na transi\u00e7\u00e3o para uma mobilidade mais limpa e eficiente, adapt\u00e1vel tanto \u00e0s cidades quanto \u00e0s extensas rodovias do pa\u00eds.<\/p>\n\n\n\n<p>Com essas medidas, a <strong>Chevrolet<\/strong> refor\u00e7a <strong>seu compromisso com o futuro da mobilidade no Brasil e na Am\u00e9rica Latina<\/strong>, integrando tecnologias que combinam efici\u00eancia energ\u00e9tica, conectividade e acessibilidade, sem perder de vista a adapta\u00e7\u00e3o de sua oferta \u00e0s necessidades de um mercado em constante transforma\u00e7\u00e3o.<\/p>\n\n\n\n<h2 class=\"wp-block-heading\" id=\"h-plataforma-para-a-mobilidade-do-futuro\">Plataforma para a mobilidade do futuro<\/h2>\n\n\n\n<p>Com a <strong>Turn\u00ea 2026<\/strong>, a <strong>Latam Mobility<\/strong> reafirma seu compromisso de construir uma agenda regional que conecte vis\u00e3o, pol\u00edtica p\u00fablica, inova\u00e7\u00e3o e mercado.<\/p>\n\n\n\n<p>Atrav\u00e9s de suas paradas em <strong><a href=\"https:\/\/latamobility.com\/pt-br\/summit\/latam-mobility-monterrey-2026-pt-br\/\">Monterrey<\/a><\/strong> e <strong><a href=\"https:\/\/latamobility.com\/pt-br\/summit\/latam-mobility-mexico-2026\/\">Cidade do M\u00e9xico<\/a><\/strong>, <strong><a href=\"https:\/\/latamobility.com\/pt-br\/summit\/latam-mobility-netzero-brazil-2026\/\">Brasil<\/a><\/strong>, <strong><a href=\"https:\/\/latamobility.com\/pt-br\/summit\/latam-mobility-colombia-2026\/\">Col\u00f4mbia<\/a><\/strong> e <strong><a href=\"https:\/\/latamobility.com\/pt-br\/summit\/latam-mobility-conosur-2026\/\">Chile<\/a><\/strong>, a plataforma continuar\u00e1 promovendo uma abordagem colaborativa para <strong>acelerar a transi\u00e7\u00e3o para sistemas de transporte mais limpos, eficientes e inclusivos<\/strong>, posicionando a Am\u00e9rica Latina como um ator relevante na mobilidade sustent\u00e1vel em n\u00edvel global.<\/p>\n\n\n\n<p>Fa\u00e7a parte do movimento que acelera a transforma\u00e7\u00e3o energ\u00e9tica e urbana da Am\u00e9rica Latina. Se voc\u00ea quiser saber mais detalhes sobre como participar e op\u00e7\u00f5es de posicionamento, clique <strong><a href=\"https:\/\/wa.link\/ekvh7n\">aqui<\/a><\/strong>.<\/p>\n\n\n\n<figure class=\"wp-block-image\"><a href=\"https:\/\/wa.link\/ekvh7n\"><img loading=\"lazy\" decoding=\"async\" width=\"1024\" height=\"576\" src=\"https:\/\/latamobility.com\/wp-content\/uploads\/2023\/10\/IMG_5101-1024x576.jpg\" alt=\"Eletromobilidade\" class=\"wp-image-56262\" srcset=\"https:\/\/latamobility.com\/wp-content\/uploads\/2023\/10\/IMG_5101-1024x576.jpg 1024w, https:\/\/latamobility.com\/wp-content\/uploads\/2023\/10\/IMG_5101-300x169.jpg 300w, https:\/\/latamobility.com\/wp-content\/uploads\/2023\/10\/IMG_5101-768x432.jpg 768w, https:\/\/latamobility.com\/wp-content\/uploads\/2023\/10\/IMG_5101-1536x864.jpg 1536w, https:\/\/latamobility.com\/wp-content\/uploads\/2023\/10\/IMG_5101-2048x1153.jpg 2048w, https:\/\/latamobility.com\/wp-content\/uploads\/2023\/10\/IMG_5101-600x338.jpg 600w\" sizes=\"(max-width: 1024px) 100vw, 1024px\" \/><\/a><\/figure>\n","protected":false},"excerpt":{"rendered":"<p>A Chevrolet, marca global da General Motors, confirma uma expans\u00e3o significativa de sua estrat\u00e9gia de eletrifica\u00e7\u00e3o no mercado brasileiro durante 2026, com uma agenda de lan\u00e7amentos que abrange modelos el\u00e9tricos e h\u00edbridos voltados para consolidar sua presen\u00e7a no segmento de mobilidade sustent\u00e1vel e aproximar os consumidores brasileiros de tecnologias mais eficientes e menos poluentes. De&#8230;<\/p>\n","protected":false},"author":10,"featured_media":56971,"comment_status":"open","ping_status":"closed","sticky":false,"template":"","format":"standard","meta":{"_kad_post_transparent":"","_kad_post_title":"","_kad_post_layout":"","_kad_post_sidebar_id":"","_kad_post_content_style":"","_kad_post_vertical_padding":"","_kad_post_feature":"","_kad_post_feature_position":"","_kad_post_header":false,"_kad_post_footer":false,"_kad_post_classname":"","footnotes":""},"categories":[2356],"tags":[2360,3382,2568],"class_list":["post-56987","post","type-post","status-publish","format-standard","has-post-thumbnail","hentry","category-movilidad-electrica-pt-br","tag-brasil-pt-br","tag-chevrolet-3","tag-general-motors-3"],"yoast_head":"<!-- This site is optimized with the Yoast SEO Premium plugin v22.7 (Yoast SEO v27.1.1) - https:\/\/yoast.com\/product\/yoast-seo-premium-wordpress\/ -->\n<title>Brasil: Chevrolet refor\u00e7a sua estrat\u00e9gia de eletrifica\u00e7\u00e3o com uma ampla oferta de ve\u00edculos h\u00edbridos e el\u00e9tricos em 2026 - Latam Mobility<\/title>\n<meta name=\"description\" content=\"A Chevrolet, marca global da General Motors, confirma uma expans\u00e3o de sua estrat\u00e9gia de eletrifica\u00e7\u00e3o no mercado brasileiro durante 2026\" \/>\n<meta name=\"robots\" content=\"index, follow, max-snippet:-1, max-image-preview:large, max-video-preview:-1\" \/>\n<link rel=\"canonical\" href=\"https:\/\/latamobility.com\/brasil-chevrolet-estrategia-oferta-vehiculos-hibridos-electricos-2026\/\" \/>\n<meta property=\"og:locale\" content=\"pt_BR\" \/>\n<meta property=\"og:type\" content=\"article\" \/>\n<meta property=\"og:title\" content=\"Brasil: Chevrolet refor\u00e7a sua estrat\u00e9gia de eletrifica\u00e7\u00e3o com uma ampla oferta de ve\u00edculos h\u00edbridos e el\u00e9tricos em 2026\" \/>\n<meta property=\"og:description\" content=\"A Chevrolet, marca global da General Motors, confirma uma expans\u00e3o de sua estrat\u00e9gia de eletrifica\u00e7\u00e3o no mercado brasileiro durante 2026\" \/>\n<meta property=\"og:url\" content=\"https:\/\/latamobility.com\/brasil-chevrolet-estrategia-oferta-vehiculos-hibridos-electricos-2026\/\" \/>\n<meta property=\"og:site_name\" content=\"Latam Mobility\" \/>\n<meta property=\"article:publisher\" content=\"https:\/\/www.facebook.com\/latamobility\/\" \/>\n<meta property=\"article:published_time\" content=\"2026-01-22T10:00:00+00:00\" \/>\n<meta property=\"og:image\" content=\"https:\/\/latamobility.com\/wp-content\/uploads\/2026\/01\/Chevrolet-190126-a.jpg\" \/>\n\t<meta property=\"og:image:width\" content=\"1268\" \/>\n\t<meta property=\"og:image:height\" content=\"634\" \/>\n\t<meta property=\"og:image:type\" content=\"image\/jpeg\" \/>\n<meta name=\"author\" content=\"Antonio Vilela\" \/>\n<meta name=\"twitter:card\" content=\"summary_large_image\" \/>\n<meta name=\"twitter:description\" content=\"A Chevrolet, marca global da General Motors, confirma uma expans\u00e3o de sua estrat\u00e9gia de eletrifica\u00e7\u00e3o no mercado brasileiro durante 2026\" \/>\n<meta name=\"twitter:creator\" content=\"@LataMobility\" \/>\n<meta name=\"twitter:site\" content=\"@LataMobility\" \/>\n<meta name=\"twitter:label1\" content=\"Escrito por\" \/>\n\t<meta name=\"twitter:data1\" content=\"Antonio Vilela\" \/>\n\t<meta name=\"twitter:label2\" content=\"Est. tempo de leitura\" \/>\n\t<meta name=\"twitter:data2\" content=\"5 minutos\" \/>\n<script type=\"application\/ld+json\" class=\"yoast-schema-graph\">{\"@context\":\"https:\/\/schema.org\",\"@graph\":[{\"@type\":\"NewsArticle\",\"@id\":\"https:\/\/latamobility.com\/brasil-chevrolet-estrategia-oferta-vehiculos-hibridos-electricos-2026\/#article\",\"isPartOf\":{\"@id\":\"https:\/\/latamobility.com\/brasil-chevrolet-estrategia-oferta-vehiculos-hibridos-electricos-2026\/\"},\"author\":{\"name\":\"Antonio Vilela\",\"@id\":\"https:\/\/latamobility.com\/#\/schema\/person\/fda092a2de1f87d347784282908bad1a\"},\"headline\":\"Brasil: Chevrolet refor\u00e7a sua estrat\u00e9gia de eletrifica\u00e7\u00e3o com uma ampla oferta de ve\u00edculos h\u00edbridos e el\u00e9tricos em 2026\",\"datePublished\":\"2026-01-22T10:00:00+00:00\",\"mainEntityOfPage\":{\"@id\":\"https:\/\/latamobility.com\/brasil-chevrolet-estrategia-oferta-vehiculos-hibridos-electricos-2026\/\"},\"wordCount\":958,\"commentCount\":0,\"publisher\":{\"@id\":\"https:\/\/latamobility.com\/#organization\"},\"image\":{\"@id\":\"https:\/\/latamobility.com\/brasil-chevrolet-estrategia-oferta-vehiculos-hibridos-electricos-2026\/#primaryimage\"},\"thumbnailUrl\":\"https:\/\/latamobility.com\/wp-content\/uploads\/2026\/01\/Chevrolet-190126-a.jpg\",\"keywords\":[\"Brasil\",\"Chevrolet\",\"General Motors\"],\"articleSection\":[\"Movilidad el\u00e9ctrica\"],\"inLanguage\":\"pt-BR\",\"potentialAction\":[{\"@type\":\"CommentAction\",\"name\":\"Comment\",\"target\":[\"https:\/\/latamobility.com\/brasil-chevrolet-estrategia-oferta-vehiculos-hibridos-electricos-2026\/#respond\"]}]},{\"@type\":\"WebPage\",\"@id\":\"https:\/\/latamobility.com\/brasil-chevrolet-estrategia-oferta-vehiculos-hibridos-electricos-2026\/\",\"url\":\"https:\/\/latamobility.com\/brasil-chevrolet-estrategia-oferta-vehiculos-hibridos-electricos-2026\/\",\"name\":\"Brasil: Chevrolet refor\u00e7a sua estrat\u00e9gia de eletrifica\u00e7\u00e3o com uma ampla oferta de ve\u00edculos h\u00edbridos e el\u00e9tricos em 2026 - Latam Mobility\",\"isPartOf\":{\"@id\":\"https:\/\/latamobility.com\/#website\"},\"primaryImageOfPage\":{\"@id\":\"https:\/\/latamobility.com\/brasil-chevrolet-estrategia-oferta-vehiculos-hibridos-electricos-2026\/#primaryimage\"},\"image\":{\"@id\":\"https:\/\/latamobility.com\/brasil-chevrolet-estrategia-oferta-vehiculos-hibridos-electricos-2026\/#primaryimage\"},\"thumbnailUrl\":\"https:\/\/latamobility.com\/wp-content\/uploads\/2026\/01\/Chevrolet-190126-a.jpg\",\"datePublished\":\"2026-01-22T10:00:00+00:00\",\"description\":\"A Chevrolet, marca global da General Motors, confirma uma expans\u00e3o de sua estrat\u00e9gia de eletrifica\u00e7\u00e3o no mercado brasileiro durante 2026\",\"breadcrumb\":{\"@id\":\"https:\/\/latamobility.com\/brasil-chevrolet-estrategia-oferta-vehiculos-hibridos-electricos-2026\/#breadcrumb\"},\"inLanguage\":\"pt-BR\",\"potentialAction\":[{\"@type\":\"ReadAction\",\"target\":[\"https:\/\/latamobility.com\/brasil-chevrolet-estrategia-oferta-vehiculos-hibridos-electricos-2026\/\"]}]},{\"@type\":\"ImageObject\",\"inLanguage\":\"pt-BR\",\"@id\":\"https:\/\/latamobility.com\/brasil-chevrolet-estrategia-oferta-vehiculos-hibridos-electricos-2026\/#primaryimage\",\"url\":\"https:\/\/latamobility.com\/wp-content\/uploads\/2026\/01\/Chevrolet-190126-a.jpg\",\"contentUrl\":\"https:\/\/latamobility.com\/wp-content\/uploads\/2026\/01\/Chevrolet-190126-a.jpg\",\"width\":1268,\"height\":634,\"caption\":\"Chevrolet\"},{\"@type\":\"BreadcrumbList\",\"@id\":\"https:\/\/latamobility.com\/brasil-chevrolet-estrategia-oferta-vehiculos-hibridos-electricos-2026\/#breadcrumb\",\"itemListElement\":[{\"@type\":\"ListItem\",\"position\":1,\"name\":\"Portada\",\"item\":\"https:\/\/latamobility.com\/pt-br\/\"},{\"@type\":\"ListItem\",\"position\":2,\"name\":\"Brasil: Chevrolet refor\u00e7a sua estrat\u00e9gia de eletrifica\u00e7\u00e3o com uma ampla oferta de ve\u00edculos h\u00edbridos e el\u00e9tricos em 2026\"}]},{\"@type\":\"WebSite\",\"@id\":\"https:\/\/latamobility.com\/#website\",\"url\":\"https:\/\/latamobility.com\/\",\"name\":\"Latam Mobility\",\"description\":\"Serie de Eventos para promover la Movilidad y Transporte sostenible en Latinoam\u00e9rica\",\"publisher\":{\"@id\":\"https:\/\/latamobility.com\/#organization\"},\"potentialAction\":[{\"@type\":\"SearchAction\",\"target\":{\"@type\":\"EntryPoint\",\"urlTemplate\":\"https:\/\/latamobility.com\/?s={search_term_string}\"},\"query-input\":{\"@type\":\"PropertyValueSpecification\",\"valueRequired\":true,\"valueName\":\"search_term_string\"}}],\"inLanguage\":\"pt-BR\"},{\"@type\":\"Organization\",\"@id\":\"https:\/\/latamobility.com\/#organization\",\"name\":\"LATAM MOBILITY\",\"url\":\"https:\/\/latamobility.com\/\",\"logo\":{\"@type\":\"ImageObject\",\"inLanguage\":\"pt-BR\",\"@id\":\"https:\/\/latamobility.com\/#\/schema\/logo\/image\/\",\"url\":\"https:\/\/latamobility.com\/wp-content\/uploads\/2025\/01\/logos-LM-LG-2025-10.png\",\"contentUrl\":\"https:\/\/latamobility.com\/wp-content\/uploads\/2025\/01\/logos-LM-LG-2025-10.png\",\"width\":1080,\"height\":1080,\"caption\":\"LATAM MOBILITY\"},\"image\":{\"@id\":\"https:\/\/latamobility.com\/#\/schema\/logo\/image\/\"},\"sameAs\":[\"https:\/\/www.facebook.com\/latamobility\/\",\"https:\/\/x.com\/LataMobility\",\"https:\/\/www.instagram.com\/latamobility\/\",\"https:\/\/www.linkedin.com\/company\/latamobility\/\",\"https:\/\/www.youtube.com\/channel\/UCtcslRCRY0vITWaOQ1X0XUA\"]},{\"@type\":\"Person\",\"@id\":\"https:\/\/latamobility.com\/#\/schema\/person\/fda092a2de1f87d347784282908bad1a\",\"name\":\"Antonio Vilela\",\"image\":{\"@type\":\"ImageObject\",\"inLanguage\":\"pt-BR\",\"@id\":\"https:\/\/latamobility.com\/#\/schema\/person\/image\/\",\"url\":\"https:\/\/secure.gravatar.com\/avatar\/7eee8196fd2fda180806d7b41cd517f274d5ad3b9f65d873feb3ca7e2b3a72d2?s=96&d=mm&r=g\",\"contentUrl\":\"https:\/\/secure.gravatar.com\/avatar\/7eee8196fd2fda180806d7b41cd517f274d5ad3b9f65d873feb3ca7e2b3a72d2?s=96&d=mm&r=g\",\"caption\":\"Antonio Vilela\"}}]}<\/script>\n<!-- \/ Yoast SEO Premium plugin. -->","yoast_head_json":{"title":"Brasil: Chevrolet refor\u00e7a sua estrat\u00e9gia de eletrifica\u00e7\u00e3o com uma ampla oferta de ve\u00edculos h\u00edbridos e el\u00e9tricos em 2026 - Latam Mobility","description":"A Chevrolet, marca global da General Motors, confirma uma expans\u00e3o de sua estrat\u00e9gia de eletrifica\u00e7\u00e3o no mercado brasileiro durante 2026","robots":{"index":"index","follow":"follow","max-snippet":"max-snippet:-1","max-image-preview":"max-image-preview:large","max-video-preview":"max-video-preview:-1"},"canonical":"https:\/\/latamobility.com\/brasil-chevrolet-estrategia-oferta-vehiculos-hibridos-electricos-2026\/","og_locale":"pt_BR","og_type":"article","og_title":"Brasil: Chevrolet refor\u00e7a sua estrat\u00e9gia de eletrifica\u00e7\u00e3o com uma ampla oferta de ve\u00edculos h\u00edbridos e el\u00e9tricos em 2026","og_description":"A Chevrolet, marca global da General Motors, confirma uma expans\u00e3o de sua estrat\u00e9gia de eletrifica\u00e7\u00e3o no mercado brasileiro durante 2026","og_url":"https:\/\/latamobility.com\/brasil-chevrolet-estrategia-oferta-vehiculos-hibridos-electricos-2026\/","og_site_name":"Latam Mobility","article_publisher":"https:\/\/www.facebook.com\/latamobility\/","article_published_time":"2026-01-22T10:00:00+00:00","og_image":[{"width":1268,"height":634,"url":"https:\/\/latamobility.com\/wp-content\/uploads\/2026\/01\/Chevrolet-190126-a.jpg","type":"image\/jpeg"}],"author":"Antonio Vilela","twitter_card":"summary_large_image","twitter_description":"A Chevrolet, marca global da General Motors, confirma uma expans\u00e3o de sua estrat\u00e9gia de eletrifica\u00e7\u00e3o no mercado brasileiro durante 2026","twitter_creator":"@LataMobility","twitter_site":"@LataMobility","twitter_misc":{"Escrito por":"Antonio Vilela","Est. tempo de leitura":"5 minutos"},"schema":{"@context":"https:\/\/schema.org","@graph":[{"@type":"NewsArticle","@id":"https:\/\/latamobility.com\/brasil-chevrolet-estrategia-oferta-vehiculos-hibridos-electricos-2026\/#article","isPartOf":{"@id":"https:\/\/latamobility.com\/brasil-chevrolet-estrategia-oferta-vehiculos-hibridos-electricos-2026\/"},"author":{"name":"Antonio Vilela","@id":"https:\/\/latamobility.com\/#\/schema\/person\/fda092a2de1f87d347784282908bad1a"},"headline":"Brasil: Chevrolet refor\u00e7a sua estrat\u00e9gia de eletrifica\u00e7\u00e3o com uma ampla oferta de ve\u00edculos h\u00edbridos e el\u00e9tricos em 2026","datePublished":"2026-01-22T10:00:00+00:00","mainEntityOfPage":{"@id":"https:\/\/latamobility.com\/brasil-chevrolet-estrategia-oferta-vehiculos-hibridos-electricos-2026\/"},"wordCount":958,"commentCount":0,"publisher":{"@id":"https:\/\/latamobility.com\/#organization"},"image":{"@id":"https:\/\/latamobility.com\/brasil-chevrolet-estrategia-oferta-vehiculos-hibridos-electricos-2026\/#primaryimage"},"thumbnailUrl":"https:\/\/latamobility.com\/wp-content\/uploads\/2026\/01\/Chevrolet-190126-a.jpg","keywords":["Brasil","Chevrolet","General Motors"],"articleSection":["Movilidad el\u00e9ctrica"],"inLanguage":"pt-BR","potentialAction":[{"@type":"CommentAction","name":"Comment","target":["https:\/\/latamobility.com\/brasil-chevrolet-estrategia-oferta-vehiculos-hibridos-electricos-2026\/#respond"]}]},{"@type":"WebPage","@id":"https:\/\/latamobility.com\/brasil-chevrolet-estrategia-oferta-vehiculos-hibridos-electricos-2026\/","url":"https:\/\/latamobility.com\/brasil-chevrolet-estrategia-oferta-vehiculos-hibridos-electricos-2026\/","name":"Brasil: Chevrolet refor\u00e7a sua estrat\u00e9gia de eletrifica\u00e7\u00e3o com uma ampla oferta de ve\u00edculos h\u00edbridos e el\u00e9tricos em 2026 - Latam Mobility","isPartOf":{"@id":"https:\/\/latamobility.com\/#website"},"primaryImageOfPage":{"@id":"https:\/\/latamobility.com\/brasil-chevrolet-estrategia-oferta-vehiculos-hibridos-electricos-2026\/#primaryimage"},"image":{"@id":"https:\/\/latamobility.com\/brasil-chevrolet-estrategia-oferta-vehiculos-hibridos-electricos-2026\/#primaryimage"},"thumbnailUrl":"https:\/\/latamobility.com\/wp-content\/uploads\/2026\/01\/Chevrolet-190126-a.jpg","datePublished":"2026-01-22T10:00:00+00:00","description":"A Chevrolet, marca global da General Motors, confirma uma expans\u00e3o de sua estrat\u00e9gia de eletrifica\u00e7\u00e3o no mercado brasileiro durante 2026","breadcrumb":{"@id":"https:\/\/latamobility.com\/brasil-chevrolet-estrategia-oferta-vehiculos-hibridos-electricos-2026\/#breadcrumb"},"inLanguage":"pt-BR","potentialAction":[{"@type":"ReadAction","target":["https:\/\/latamobility.com\/brasil-chevrolet-estrategia-oferta-vehiculos-hibridos-electricos-2026\/"]}]},{"@type":"ImageObject","inLanguage":"pt-BR","@id":"https:\/\/latamobility.com\/brasil-chevrolet-estrategia-oferta-vehiculos-hibridos-electricos-2026\/#primaryimage","url":"https:\/\/latamobility.com\/wp-content\/uploads\/2026\/01\/Chevrolet-190126-a.jpg","contentUrl":"https:\/\/latamobility.com\/wp-content\/uploads\/2026\/01\/Chevrolet-190126-a.jpg","width":1268,"height":634,"caption":"Chevrolet"},{"@type":"BreadcrumbList","@id":"https:\/\/latamobility.com\/brasil-chevrolet-estrategia-oferta-vehiculos-hibridos-electricos-2026\/#breadcrumb","itemListElement":[{"@type":"ListItem","position":1,"name":"Portada","item":"https:\/\/latamobility.com\/pt-br\/"},{"@type":"ListItem","position":2,"name":"Brasil: Chevrolet refor\u00e7a sua estrat\u00e9gia de eletrifica\u00e7\u00e3o com uma ampla oferta de ve\u00edculos h\u00edbridos e el\u00e9tricos em 2026"}]},{"@type":"WebSite","@id":"https:\/\/latamobility.com\/#website","url":"https:\/\/latamobility.com\/","name":"Latam Mobility","description":"Serie de Eventos para promover la Movilidad y Transporte sostenible en Latinoam\u00e9rica","publisher":{"@id":"https:\/\/latamobility.com\/#organization"},"potentialAction":[{"@type":"SearchAction","target":{"@type":"EntryPoint","urlTemplate":"https:\/\/latamobility.com\/?s={search_term_string}"},"query-input":{"@type":"PropertyValueSpecification","valueRequired":true,"valueName":"search_term_string"}}],"inLanguage":"pt-BR"},{"@type":"Organization","@id":"https:\/\/latamobility.com\/#organization","name":"LATAM MOBILITY","url":"https:\/\/latamobility.com\/","logo":{"@type":"ImageObject","inLanguage":"pt-BR","@id":"https:\/\/latamobility.com\/#\/schema\/logo\/image\/","url":"https:\/\/latamobility.com\/wp-content\/uploads\/2025\/01\/logos-LM-LG-2025-10.png","contentUrl":"https:\/\/latamobility.com\/wp-content\/uploads\/2025\/01\/logos-LM-LG-2025-10.png","width":1080,"height":1080,"caption":"LATAM MOBILITY"},"image":{"@id":"https:\/\/latamobility.com\/#\/schema\/logo\/image\/"},"sameAs":["https:\/\/www.facebook.com\/latamobility\/","https:\/\/x.com\/LataMobility","https:\/\/www.instagram.com\/latamobility\/","https:\/\/www.linkedin.com\/company\/latamobility\/","https:\/\/www.youtube.com\/channel\/UCtcslRCRY0vITWaOQ1X0XUA"]},{"@type":"Person","@id":"https:\/\/latamobility.com\/#\/schema\/person\/fda092a2de1f87d347784282908bad1a","name":"Antonio Vilela","image":{"@type":"ImageObject","inLanguage":"pt-BR","@id":"https:\/\/latamobility.com\/#\/schema\/person\/image\/","url":"https:\/\/secure.gravatar.com\/avatar\/7eee8196fd2fda180806d7b41cd517f274d5ad3b9f65d873feb3ca7e2b3a72d2?s=96&d=mm&r=g","contentUrl":"https:\/\/secure.gravatar.com\/avatar\/7eee8196fd2fda180806d7b41cd517f274d5ad3b9f65d873feb3ca7e2b3a72d2?s=96&d=mm&r=g","caption":"Antonio Vilela"}}]}},"_links":{"self":[{"href":"https:\/\/latamobility.com\/pt-br\/wp-json\/wp\/v2\/posts\/56987","targetHints":{"allow":["GET"]}}],"collection":[{"href":"https:\/\/latamobility.com\/pt-br\/wp-json\/wp\/v2\/posts"}],"about":[{"href":"https:\/\/latamobility.com\/pt-br\/wp-json\/wp\/v2\/types\/post"}],"author":[{"embeddable":true,"href":"https:\/\/latamobility.com\/pt-br\/wp-json\/wp\/v2\/users\/10"}],"replies":[{"embeddable":true,"href":"https:\/\/latamobility.com\/pt-br\/wp-json\/wp\/v2\/comments?post=56987"}],"version-history":[{"count":1,"href":"https:\/\/latamobility.com\/pt-br\/wp-json\/wp\/v2\/posts\/56987\/revisions"}],"predecessor-version":[{"id":56988,"href":"https:\/\/latamobility.com\/pt-br\/wp-json\/wp\/v2\/posts\/56987\/revisions\/56988"}],"wp:featuredmedia":[{"embeddable":true,"href":"https:\/\/latamobility.com\/pt-br\/wp-json\/wp\/v2\/media\/56971"}],"wp:attachment":[{"href":"https:\/\/latamobility.com\/pt-br\/wp-json\/wp\/v2\/media?parent=56987"}],"wp:term":[{"taxonomy":"category","embeddable":true,"href":"https:\/\/latamobility.com\/pt-br\/wp-json\/wp\/v2\/categories?post=56987"},{"taxonomy":"post_tag","embeddable":true,"href":"https:\/\/latamobility.com\/pt-br\/wp-json\/wp\/v2\/tags?post=56987"}],"curies":[{"name":"wp","href":"https:\/\/api.w.org\/{rel}","templated":true}]}}